{"id":28325,"date":"2023-09-13T14:15:41","date_gmt":"2023-09-13T14:15:41","guid":{"rendered":"https:\/\/dmsjuridica.com\/buscador_20179478954\/salapenalcronologico20230723\/2023\/09\/13\/ap2694-201443737\/"},"modified":"2023-09-13T14:15:41","modified_gmt":"2023-09-13T14:15:41","slug":"ap2694-201443737","status":"publish","type":"post","link":"https:\/\/dmsjuridica.com\/buscador_20179478954\/salapenalcronologico20230723\/2023\/09\/13\/ap2694-201443737\/","title":{"rendered":"AP2694-2014(43737)"},"content":{"rendered":"\n<p>\u00a0 \u00a0 CORTE SUPREMA DE JUSTICIA \u00a0<\/p>\n<p>SALA DE CASACI\u00d3N PENAL \u00a0<\/p>\n<p>LUIS GUILLERMO SALAZAR OTERO \u00a0<\/p>\n<p>Magistrado ponente \u00a0<\/p>\n<p>AP2694-2014 \u00a0<\/p>\n<p>Radicaci\u00f3n n\u00b0 43737 \u00a0<\/p>\n<p>(Aprobado Acta No. 155) \u00a0<\/p>\n<p>Bogot\u00e1, D.C., veintid\u00f3s (22) de mayo de dos \u00a0mil catorce (2014) \u00a0\u00a0<\/p>\n<p>ASUNTO \u00a0<\/p>\n<p>Decide \u00a0la \u00a0Sala \u00a0la \u00a0solicitud \u00a0de cambio de radicaci\u00f3n elevada por la representante de la Fiscal\u00eda \u00a0General \u00a0de \u00a0la \u00a0Naci\u00f3n, \u00a0dentro \u00a0de \u00a0la \u00a0actuaci\u00f3n \u00a0que \u00a0se \u00a0adelanta \u00a0contra \u00a0Jairo Alberto Ruiz Rojas por \u00a0los \u00a0delitos \u00a0de \u00a0desaparici\u00f3n \u00a0forzada, \u00a0homicidio \u00a0agravado \u00a0y concierto para \u00a0delinquir. \u00a0\u00a0<\/p>\n<p>ANTECEDENTES \u00a0\u00a0<\/p>\n<p>\u00a0 \u00a0\u00a0 \u00a0\u00a0 \u00a0Mediante \u00a0pronunciamiento \u00a0del \u00a028 de febrero de 2013, la Fiscal\u00eda \u00a0101 \u00a0 Especializada \u00a0de \u00a0la \u00a0Unidad \u00a0Nacional \u00a0de \u00a0Derechos \u00a0Humanos \u00a0y \u00a0Derecho \u00a0Internacional \u00a0 Humanitario \u00a0 profiri\u00f3 \u00a0 Resoluci\u00f3n \u00a0 de \u00a0 Acusaci\u00f3n \u00a0 contra \u00a0Jairo \u00a0 \u00a0 Alberto \u00a0 \u00a0Ruiz \u00a0 \u00a0Rojas \u00a0 \u00a0como \u00a0presunto \u00a0coautor \u00a0de \u00a0los punibles de desaparici\u00f3n forzada, \u00a0homicidio \u00a0 \u00a0 \u00a0agravado \u00a0 \u00a0 \u00a0y \u00a0 \u00a0 \u00a0concierto \u00a0 \u00a0 para \u00a0 \u00a0 delinquir, \u00a0del \u00a0que \u00a0fueron \u00a0v\u00edctimas \u00a0Gildardo \u00a0Alfonso \u00a0D\u00edaz L\u00f3pez, Hernando Agudelo Pati\u00f1o, Andr\u00e9s Quintero Alzate, Sandra \u00a0Milena \u00a0Herrera Gonz\u00e1lez, Nelson Agudelo, Alexander Quintero Alzate y Alejandro \u00a0Posada \u00a0Calle, \u00a0acorde \u00a0con los hechos ocurridos el 1\u00b0 de septiembre de 2003 en \u00a0el municipio de Sevilla (Valle del Cauca). \u00a0\u00a0<\/p>\n<p>FUNDAMENTOS\u00a0 \u00a0 \u00a0DE\u00a0 \u00a0 LA\u00a0 \u00a0PETICI\u00d3N \u00a0\u00a0<\/p>\n<p>\u00a0 \u00a0\u00a0 \u00a0\u00a0 \u00a0La \u00a0representante \u00a0de la Fiscal\u00eda General de la Naci\u00f3n aduce como \u00a0fundamento \u00a0de su solicitud la necesidad de garantizar la seguridad e integridad \u00a0de \u00a0los sujetos procesales, de los funcionarios judiciales, de los testigos y de \u00a0las \u00a0v\u00edctimas, en cuanto el \u00a0Bloque \u00a0Calima \u00a0de \u00a0las \u00a0Autodefensas \u00a0Unidas \u00a0de Colombia al que pertenec\u00eda el \u00a0acusado, \u00a0ejerce \u00a0su \u00a0influencia en el Distrito Judicial del Valle del Cauca, lo \u00a0cual \u00a0genera \u00a0un \u00a0serio \u00a0riesgo \u00a0para la comparecencia al Juzgado, especialmente \u00a0para las v\u00edctimas y los testigos. \u00a0\u00a0<\/p>\n<p>\u00a0 \u00a0\u00a0 \u00a0\u00a0 \u00a0Se \u00a0refiere \u00a0al \u00a0caso \u00a0espec\u00edfico \u00a0de la testigo Luz Mary Quintero \u00a0Alzate, \u00a0quien se encuentra incluida en el programa de protecci\u00f3n a v\u00edctimas y \u00a0testigos \u00a0de \u00a0la \u00a0Fiscal\u00eda \u00a0General \u00a0de \u00a0la Naci\u00f3n, debido a que muchos de los \u00a0integrantes \u00a0 \u00a0del \u00a0 \u00a0grupo \u00a0 \u00a0al \u00a0 \u00a0cual \u00a0 \u00a0pertenec\u00edan \u00a0 \u00a0los \u00a0 \u00a0autores \u00a0 de \u00a0los \u00a0delitos \u00a0no \u00a0se \u00a0han \u00a0desmovilizado \u00a0y \u00a0siguen \u00a0delinquiendo como integrantes de las bandas criminales \u00a0emergentes. \u00a0\u00a0<\/p>\n<p>\u00a0 \u00a0\u00a0 \u00a0\u00a0 \u00a0En \u00a0apoyo \u00a0de \u00a0su \u00a0argumentaci\u00f3n transcribe pronunciamientos de la \u00a0Corte \u00a0Suprema \u00a0respecto a la estructura y \u00e1rea de influencia del Bloque Calima \u00a0de \u00a0las \u00a0Autodefensas \u00a0y de la Defensor\u00eda del Pueblo en torno a la vigencia del \u00a0accionar delictivo de algunos de sus integrantes. \u00a0\u00a0<\/p>\n<p>\u00a0 \u00a0\u00a0 \u00a0\u00a0 \u00a0Sostiene \u00a0 que \u00a0 el \u00a0 hecho \u00a0que \u00a0los \u00a0familiares \u00a0desaparecidos \u00a0y \u00a0asesinados \u00a0de Luz Mary Quintero Alzate fueran considerados como auxiliadores de \u00a0la \u00a0guerrilla \u00a0y \u00a0presuntos \u00a0part\u00edcipes \u00a0en \u00a0el \u00a0secuestro de Alejandro Cadavid \u00a0Alzate, \u00a0aumenta \u00a0el \u00a0riesgo \u00a0de \u00a0aquella \u00a0para \u00a0comparecer \u00a0a \u00a0las \u00a0diligencias \u00a0programadas por el Juzgado. \u00a0\u00a0<\/p>\n<p>\u00a0 \u00a0\u00a0 \u00a0\u00a0 \u00a0De \u00a0otra \u00a0parte,\u00a0 \u00a0Quintero \u00a0Alzate \u00a0no podr\u00eda concurrir a la \u00a0actuaci\u00f3n \u00a0en \u00a0calidad \u00a0de \u00a0v\u00edctima \u00a0sino \u00a0\u00fanicamente como testigo, pues ello \u00a0implicar\u00eda \u00a0exponer \u00a0su vida e integridad personal, pues una de las condiciones \u00a0del \u00a0Programa \u00a0de \u00a0Protecci\u00f3n \u00a0es \u00a0no \u00a0trasladarla \u00a0a \u00a0un \u00a0lugar \u00a0donde \u00a0se vea \u00a0expuesta. \u00a0\u00a0<\/p>\n<p>\u00a0 \u00a0\u00a0 \u00a0\u00a0 \u00a0Se\u00f1al\u00f3 \u00a0igualmente como circunstancias que constituyen un peligro \u00a0para \u00a0la \u00a0testigo, \u00a0que \u00a0el acusado Jairo Alberto Ruiz \u00a0Rojas \u00a0se \u00a0encuentra pr\u00f3fugo de la justicia y que el \u00a0primer abogado defensor fue asesinado. \u00a0\u00a0<\/p>\n<p>\u00a0 \u00a0\u00a0 \u00a0\u00a0 \u00a0Concluye \u00a0que \u00a0trat\u00e1ndose \u00a0de un proceso tan delicado, el Distrito \u00a0Judicial \u00a0del \u00a0Valle \u00a0del \u00a0Cauca no cuenta con las condiciones de seguridad para \u00a0adelantar \u00a0 la \u00a0etapa \u00a0de \u00a0juzgamiento, \u00a0por \u00a0lo \u00a0que \u00a0solicit\u00f3 \u00a0el \u00a0cambio \u00a0de \u00a0radicaci\u00f3n del proceso. \u00a0\u00a0<\/p>\n<p>CONSIDERACIONES DE LA CORTE \u00a0<\/p>\n<p>\u00a0 \u00a0\u00a0 \u00a0\u00a0 \u00a0\u00a0La \u00a0Corte \u00a0es \u00a0competente \u00a0para conocer de la solicitud de cambio de \u00a0radicaci\u00f3n \u00a0formulada \u00a0por \u00a0la \u00a0representante \u00a0de la \u00a0Fiscal\u00eda \u00a0 General \u00a0de \u00a0la \u00a0Naci\u00f3n, \u00a0acorde \u00a0con \u00a0lo \u00a0previsto \u00a0en \u00a0el \u00a0numeral 8\u00ba, art\u00edculo 75, de la Ley \u00a0600 \u00a0de \u00a02000, \u00a0en tanto este sujeto procesal solicita \u00a0asignar \u00a0el \u00a0diligenciamiento \u00a0a \u00a0un \u00a0Juzgado perteneciente a \u201c\u2026otro \u00a0 \u00a0 \u00a0Distrito \u00a0 \u00a0 Judicial\u2026\u201d. \u00a0\u00a0<\/p>\n<p>En \u00a0relaci\u00f3n \u00a0con \u00a0el tema, se tiene que el \u00a0art\u00edculo \u00a085 de la Ley 600 de 2000 dispone que el cambio de radicaci\u00f3n procede \u00a0cuando \u00a0en \u00a0el \u00a0territorio \u00a0donde \u00a0se \u00a0est\u00e9 adelantando la actuaci\u00f3n procesal, \u00a0existan \u00a0circunstancias \u00a0que \u00a0puedan afectar el orden p\u00fablico, la imparcialidad \u00a0de \u00a0la administraci\u00f3n de justicia, las garant\u00edas procesales, la publicidad del \u00a0juzgamiento, \u00a0la \u00a0seguridad e integridad personal de los sujetos procesales o de \u00a0los funcionarios judiciales. \u00a0\u00a0<\/p>\n<p>\u00a0 \u00a0\u00a0 \u00a0\u00a0 \u00a0\u00a0Ha \u00a0 \u00a0 resaltado \u00a0 \u00a0 la \u00a0 \u00a0 Corte \u00a0 \u00a0el \u00a0 \u00a0car\u00e1cter \u00a0 \u00a0extraordinario \u00a0del cambio de radicaci\u00f3n, \u00a0en \u00a0cuanto \u00a0busca \u00a0proteger \u00a0el \u00a0proceso \u00a0de \u00a0agentes \u00a0externos que puedan llegar a trastornar su desarrollo. \u00a0\u00a0<\/p>\n<p>\u00a0 \u00a0\u00a0 \u00a0\u00a0 \u00a0Su \u00a0finalidad \u00a0se \u00a0concreta, \u00a0entonces, \u00a0en \u00a0lograr que el fallo se \u00a0profiera \u00a0por \u00a0un \u00a0Juez \u00a0ajeno a circunstancias que influyan en su ecuanimidad o \u00a0que \u00a0se \u00a0conviertan \u00a0en \u00a0obst\u00e1culo \u00a0para dispensar una recta, cumplida y eficaz \u00a0administraci\u00f3n de justicia. \u00a0\u00a0<\/p>\n<p>De \u00a0otra parte, no se puede perder de vista \u00a0que \u00a0el \u00a0cambio \u00a0de radicaci\u00f3n, en cuanto implica una \u00a0excepci\u00f3n \u00a0a las reglas de competencia por el factor territorial, es una medida \u00a0residual \u00a0y \u00a0extrema \u00a0que \u00a0procede \u00a0\u00fanicamente \u00a0cuando \u00a0no \u00a0existan \u00a0mecanismos \u00a0jur\u00eddicos \u00a0alternativos \u00a0destinados \u00a0a neutralizar las causas que lo generan, o \u00a0cuando, \u00a0no \u00a0obstante \u00a0haber \u00a0acudido \u00a0a \u00a0otras formas de prevenir o remediar el \u00a0conflicto \u00a0latente \u00a0y \u00a0extra\u00f1o \u00a0al \u00a0proceso \u00a0penal, no se hubieren obtenido los \u00a0resultados esperados. \u00a0\u00a0<\/p>\n<p>En \u00a0 raz\u00f3n \u00a0 de \u00a0 lo \u00a0 anterior, \u00a0resulta \u00a0indispensable \u00a0que \u00a0los \u00a0motivos \u00a0que \u00a0determinan \u00a0la \u00a0solicitud \u00a0de \u00a0cambio \u00a0de \u00a0radicaci\u00f3n \u00a0se \u00a0encuentren \u00a0debidamente \u00a0acreditados \u00a0o en posibilidad de poder \u00a0comprobarse \u00a0en la actuaci\u00f3n, de manera que objetivamente conduzcan a demostrar \u00a0que \u00a0en \u00a0el \u00a0territorio \u00a0donde \u00a0debe \u00a0adelantarse \u00a0\u00edntegramente \u00a0el \u00a0juicio, se \u00a0presentan \u00a0circunstancias \u00a0externas \u00a0que \u00a0atentan \u00a0contra su normal desarrollo y \u00a0contra el ejercicio integral de la administraci\u00f3n de justicia. \u00a0\u00a0<\/p>\n<p>En \u00a0el evento objeto de an\u00e1lisis, argumenta \u00a0la \u00a0representante \u00a0de \u00a0la \u00a0Fiscal\u00eda \u00a0General \u00a0de \u00a0la \u00a0Naci\u00f3n \u00a0que \u00a0no \u00a0existen \u00a0en \u00a0el Distrito Judicial de \u00a0Valle \u00a0del \u00a0Cauca las garant\u00edas de seguridad suficientes para que las v\u00edctimas \u00a0comparezcan \u00a0al \u00a0proceso, \u00a0por \u00a0cuanto \u00a0los \u00a0acusados \u00a0hac\u00edan \u00a0parte del Bloque Calima de las Autodefensas Unidas de Colombia, quienes \u00a0adelantaban \u00a0su \u00a0accionar \u00a0delictivo en el territorio donde se va a adelantar el \u00a0juicio. \u00a0\u00a0<\/p>\n<p>Sin embargo, dicho planteamiento se trata de \u00a0una \u00a0simple especulaci\u00f3n de la peticionaria, quien no respalda con elementos de \u00a0juicio \u00a0diferentes \u00a0a \u00a0su \u00a0propio \u00a0criterio \u00a0la \u00a0efectiva \u00a0configuraci\u00f3n de las \u00a0circunstancias a las que hace menci\u00f3n. \u00a0\u00a0<\/p>\n<p>Lo \u00a0anterior \u00a0en \u00a0cuanto \u00a0no \u00a0acredita \u00a0que \u00a0efectivamente \u00a0 quienes \u00a0participaron \u00a0en \u00a0la \u00a0desaparici\u00f3n \u00a0y \u00a0muerte \u00a0de \u00a0los \u00a0familiares \u00a0de \u00a0la \u00a0testigo \u00a0Luz Mary Quintero Alzate \u00a0correspondan \u00a0a \u00a0aquellos \u00a0integrantes del Bloque Calima de las Autodefensas que \u00a0decidieron \u00a0formar parte de las bandas criminales emergentes, y por consiguiente \u00a0que \u00a0se \u00a0genere un riesgo efectivo para las v\u00edctimas y \u00a0testigos \u00a0del caso, en cuanto simplemente hace referencia gen\u00e9rica, abstracta e \u00a0indefinida a un hipot\u00e9tico peligro inminente. \u00a0\u00a0<\/p>\n<p>De \u00a0otra \u00a0parte, pas\u00f3 por alto la \u00a0representante \u00a0de \u00a0la \u00a0Fiscal\u00eda \u00a0que \u00a0existen \u00a0mecanismos jur\u00eddicos alternativos que permiten neutralizar un eventual \u00a0peligro \u00a0para \u00a0la \u00a0testigo, \u00a0en \u00a0cuanto es claro que dentro de los deberes de la \u00a0Fiscal\u00eda \u00a0General \u00a0de \u00a0la \u00a0Naci\u00f3n \u00a0se \u00a0encuentra no s\u00f3lo la de investigar los \u00a0hechos \u00a0denunciados, \u00a0sino \u00a0adem\u00e1s el de prestar asistencia y protecci\u00f3n a las \u00a0v\u00edctimas \u00a0y \u00a0testigos, quienes si bien es cierto han sido afectadas por sucesos \u00a0lamentables, \u00a0 ello \u00a0 aisladamente \u00a0considerado \u00a0y \u00a0sin \u00a0medios \u00a0de \u00a0convicci\u00f3n \u00a0determinantes \u00a0 no \u00a0 faculta \u00a0 el \u00a0 que \u00a0 se \u00a0 traslade \u00a0 a \u00a0 otra \u00a0 ciudad \u00a0 el \u00a0juzgamiento. \u00a0\u00a0<\/p>\n<p>Precisamente en raz\u00f3n de tal circunstancia, \u00a0como \u00a0lo \u00a0informa la peticionaria, Quintero Alzate fue \u00a0incluida \u00a0en \u00a0el \u00a0programa de protecci\u00f3n a v\u00edctimas y testigos de la Fiscal\u00eda \u00a0General \u00a0de la Naci\u00f3n, mecanismo jur\u00eddico alternativo \u00a0destinado a neutralizar cualquier amenaza o riesgo para la testigo. \u00a0\u00a0<\/p>\n<p>Tampoco explica las razones que permitieron a \u00a0la \u00a0 \u00a0testigo \u00a0 \u00a0aludida \u00a0concurrir \u00a0en \u00a0la etapa de instrucci\u00f3n a las ciudades de Buga y Tulu\u00e1 a rendir \u00a0declaraci\u00f3n \u00a0en \u00a0\u00e9poca \u00a0en \u00a0que \u00a0todav\u00eda \u00a0no \u00a0estaba \u00a0vinculada \u00a0al \u00a0programa \u00a0referido, \u00a0 sin \u00a0que \u00a0su \u00a0seguridad e integridad personal se vieran afectadas. \u00a0\u00a0<\/p>\n<p>Adem\u00e1s, no se indica c\u00f3mo el simple cambio \u00a0de \u00a0radicaci\u00f3n \u00a0evitar\u00eda \u00a0el \u00a0despliegue de eventuales actividades hostiles en \u00a0contra \u00a0de \u00a0la testigo por parte de integrantes de las \u00a0bandas \u00a0criminales \u00a0emergentes, \u00a0cuando es bien sabido \u00a0que \u00a0el \u00a0departamento \u00a0del \u00a0Valle del Cauca no es la \u00fanica parte del territorio \u00a0colombiano en que hacen presencia los mismos. \u00a0\u00a0<\/p>\n<p>Si \u00a0bien \u00a0menciona \u00a0el asesinato del abogado \u00a0Hern\u00e1n \u00a0Dar\u00edo \u00a0Escobar, \u00a0omiti\u00f3 \u00a0referirse \u00a0a \u00a0que \u00a0de \u00a0conformidad \u00a0con \u00a0las \u00a0respectivas \u00a0indagaciones, \u00a0los \u00a0hechos que motivaron tal acontecimiento ninguna \u00a0relaci\u00f3n guardan con esta actuaci\u00f3n.\u00a0 \u00a0\u00a0<\/p>\n<p>En \u00a0estas \u00a0condiciones, \u00a0la \u00a0peticionaria no \u00a0acredita \u00a0en \u00a0debida \u00a0forma \u00a0la \u00a0procedencia \u00a0del \u00a0cambio de radicaci\u00f3n, al ser \u00a0gen\u00e9rica \u00a0la menci\u00f3n de falta de garant\u00edas procesales para los testigos, como \u00a0quiera \u00a0que limita su reclamo a rese\u00f1ar una serie de posibles frentes desde los \u00a0cuales \u00a0se podr\u00eda originar un riesgo para su integridad personal, existiendo de \u00a0todos \u00a0modos en la etapa de juzgamiento mecanismos legales diversos al cambio de \u00a0radicaci\u00f3n \u00a0para \u00a0superar situaciones de este tipo, tales como la intervenci\u00f3n \u00a0de \u00a0la \u00a0Fiscal\u00eda General de la Naci\u00f3n para ofrecer protecci\u00f3n a las v\u00edctimas \u00a0y testigos. \u00a0\u00a0<\/p>\n<p>\u00a0 \u00a0\u00a0 \u00a0\u00a0 \u00a0As\u00ed \u00a0 las \u00a0 cosas, \u00a0no \u00a0se \u00a0acceder\u00e1 \u00a0al \u00a0cambio \u00a0de \u00a0radicaci\u00f3n \u00a0solicitado. \u00a0\u00a0<\/p>\n<p>En \u00a0m\u00e9rito de lo expuesto, la Corte Suprema \u00a0de Justicia, Sala de Casaci\u00f3n Penal, \u00a0\u00a0<\/p>\n<p>RESUELVE \u00a0<\/p>\n<p>\u00a0 \u00a0\u00a0 \u00a0\u00a0 \u00a0NO \u00a0ACCEDER \u00a0a la solicitud de cambio de \u00a0radicaci\u00f3n \u00a0del \u00a0proceso \u00a0elevada \u00a0por \u00a0la representante de la Fiscal\u00eda General \u00a0de la Naci\u00f3n. \u00a0\u00a0<\/p>\n<p>\u00a0 \u00a0\u00a0 \u00a0\u00a0 \u00a0Comun\u00edquese \u00a0lo \u00a0aqu\u00ed resuelto al Juez Tercero Penal del Circuito \u00a0Especializado \u00a0 \u00a0de \u00a0 \u00a0Buga \u00a0 (Valle \u00a0 del \u00a0 Cauca), \u00a0 para \u00a0 que \u00a0 proceda \u00a0 de \u00a0conformidad. \u00a0\u00a0<\/p>\n<p>\u00a0 \u00a0\u00a0 \u00a0\u00a0 \u00a0Contra \u00a0esta decisi\u00f3n no procede recurso \u00a0alguno. \u00a0\u00a0<\/p>\n<p>Comun\u00edquese y c\u00famplase \u00a0<\/p>\n<p>FERNANDO ALBERTO CASTRO CABALLERO \u00a0<\/p>\n<p>JOS\u00c9 LUIS BARCEL\u00d3 CAMACHO \u00a0<\/p>\n<p>JOS\u00c9 LEONIDAS BUSTOS MART\u00cdNEZ \u00a0<\/p>\n<p>EUGENIO FERN\u00c1NDEZ CARLIER \u00a0<\/p>\n<p>MAR\u00cdA DEL ROSARIO GONZ\u00c1LEZ M. \u00a0<\/p>\n<p>GUSTAVO ENRIQUE MALO FERN\u00c1NDEZ \u00a0<\/p>\n<p>EYDER PATI\u00d1O CABRERA \u00a0<\/p>\n<p>PATRICIA SALAZAR CUELLAR \u00a0<\/p>\n<p>LUIS GUILLERMO SALAZAR OTERO \u00a0<\/p>\n<p>Nubia Yolanda Nova Garc\u00eda \u00a0<\/p>\n<p>Secretaria \u00a0<\/p>\n<p>\u00a0 \u00a0\u00a0<\/p>\n<p><\/p>\n","protected":false},"excerpt":{"rendered":"<p>\u00a0 \u00a0 CORTE SUPREMA DE JUSTICIA \u00a0 SALA DE CASACI\u00d3N PENAL \u00a0 LUIS GUILLERMO SALAZAR OTERO \u00a0 Magistrado ponente \u00a0 AP2694-2014 \u00a0 Radicaci\u00f3n n\u00b0 43737 \u00a0 (Aprobado Acta No. 155) \u00a0 Bogot\u00e1, D.C., veintid\u00f3s (22) de mayo de dos \u00a0mil catorce (2014) \u00a0\u00a0 ASUNTO \u00a0 Decide \u00a0la \u00a0Sala \u00a0la \u00a0solicitud \u00a0de cambio de radicaci\u00f3n elevada [&hellip;]<\/p>\n","protected":false},"author":1,"featured_media":0,"comment_status":"open","ping_status":"open","sticky":false,"template":"","format":"standard","meta":{"footnotes":""},"categories":[22],"tags":[],"class_list":["post-28325","post","type-post","status-publish","format-standard","hentry","category-22"],"_links":{"self":[{"href":"https:\/\/dmsjuridica.com\/buscador_20179478954\/salapenalcronologico20230723\/wp-json\/wp\/v2\/posts\/28325","targetHints":{"allow":["GET"]}}],"collection":[{"href":"https:\/\/dmsjuridica.com\/buscador_20179478954\/salapenalcronologico20230723\/wp-json\/wp\/v2\/posts"}],"about":[{"href":"https:\/\/dmsjuridica.com\/buscador_20179478954\/salapenalcronologico20230723\/wp-json\/wp\/v2\/types\/post"}],"author":[{"embeddable":true,"href":"https:\/\/dmsjuridica.com\/buscador_20179478954\/salapenalcronologico20230723\/wp-json\/wp\/v2\/users\/1"}],"replies":[{"embeddable":true,"href":"https:\/\/dmsjuridica.com\/buscador_20179478954\/salapenalcronologico20230723\/wp-json\/wp\/v2\/comments?post=28325"}],"version-history":[{"count":0,"href":"https:\/\/dmsjuridica.com\/buscador_20179478954\/salapenalcronologico20230723\/wp-json\/wp\/v2\/posts\/28325\/revisions"}],"wp:attachment":[{"href":"https:\/\/dmsjuridica.com\/buscador_20179478954\/salapenalcronologico20230723\/wp-json\/wp\/v2\/media?parent=28325"}],"wp:term":[{"taxonomy":"category","embeddable":true,"href":"https:\/\/dmsjuridica.com\/buscador_20179478954\/salapenalcronologico20230723\/wp-json\/wp\/v2\/categories?post=28325"},{"taxonomy":"post_tag","embeddable":true,"href":"https:\/\/dmsjuridica.com\/buscador_20179478954\/salapenalcronologico20230723\/wp-json\/wp\/v2\/tags?post=28325"}],"curies":[{"name":"wp","href":"https:\/\/api.w.org\/{rel}","templated":true}]}}