{"id":28239,"date":"2023-09-13T14:15:37","date_gmt":"2023-09-13T14:15:37","guid":{"rendered":"https:\/\/dmsjuridica.com\/buscador_20179478954\/salapenalcronologico20230723\/2023\/09\/13\/ap2298-201438445\/"},"modified":"2023-09-13T14:15:37","modified_gmt":"2023-09-13T14:15:37","slug":"ap2298-201438445","status":"publish","type":"post","link":"https:\/\/dmsjuridica.com\/buscador_20179478954\/salapenalcronologico20230723\/2023\/09\/13\/ap2298-201438445\/","title":{"rendered":"AP2298-2014(38445)"},"content":{"rendered":"\n<p>\u00a0 \u00a0 CORTE SUPREMA DE JUSTICIA \u00a0<\/p>\n<p>SALA DE CASACI\u00d3N PENAL \u00a0<\/p>\n<p>LUIS GUILLERMO SALAZAR OTERO \u00a0<\/p>\n<p>Magistrado Ponente \u00a0<\/p>\n<p>AP2298-2014 \u00a0<\/p>\n<p>Radicaci\u00f3n n\u00b0 38445 \u00a0<\/p>\n<p>(Aprobado Acta No. 158) \u00a0<\/p>\n<p>Bogot\u00e1, D.C., veintid\u00f3s (22) de mayo de dos \u00a0mil catorce (2014) \u00a0\u00a0<\/p>\n<p>ASUNTO \u00a0<\/p>\n<p>Se pronuncia la Sala acerca de las peticiones \u00a0elevadas \u00a0por \u00a0la \u00a0defensa del condenado LEONARDO ALEXANDER SANCHEZ GUTIERREZ, y \u00a0la \u00a0Procuradur\u00eda \u00a0General \u00a0de la Naci\u00f3n, en la acci\u00f3n de revisi\u00f3n instaurada \u00a0por el primero de los mencionados. \u00a0\u00a0<\/p>\n<p>ANTECEDENTES \u00a0<\/p>\n<p>\u00a0 \u00a0\u00a0 \u00a0\u00a0 \u00a0\u00a01- \u00a0El \u00a012 \u00a0de \u00a0abril \u00a0de \u00a02007 los se\u00f1ores Ra\u00fal Oswaldo Cifuentes \u00a0Montenegro \u00a0 y \u00a0 Eric \u00a0 Armin \u00a0 Perilla \u00a0Acosta \u00a0se \u00a0desplazaban \u00a0de \u00a0Bogot\u00e1 \u00a0a \u00a0Villavicencio, \u00a0vereda \u00a0Vegas \u00a0del \u00a0Guayuriba, \u00a0en \u00a0los veh\u00edculos Nissan Sentra \u00a0color \u00a0vino tinto de placas BDP 248 y Chevrolet Sprint color verde de placas MQB \u00a0440, \u00a0respectivamente, \u00a0cuando \u00a0fueron \u00a0interceptados \u00a0por \u00a0una camioneta Toyota \u00a0donde \u00a0se \u00a0transportaban varias personas, que luego de golpearlos, ultrajarlos y \u00a0amarrarlos, \u00a0los obligaron a caminar por m\u00e1s de una hora, para finalmente segar \u00a0la \u00a0vida \u00a0de \u00a0Cifuentes Montenegro, hecho que no ocurri\u00f3 respecto de Eric Armin \u00a0Perilla Acosta, quien logr\u00f3 huir.\u00a0 \u00a0\u00a0<\/p>\n<p>\u00a0 \u00a0\u00a0 \u00a0\u00a0 \u00a0\u00a02- \u00a0Dentro \u00a0del \u00a0proceso penal adelantado por estos hechos, el 13 de \u00a0mayo \u00a0de \u00a02007 \u00a0en \u00a0audiencia \u00a0celebrada \u00a0por \u00a0el \u00a0Juez \u00a01\u00ba Penal Municipal con \u00a0funciones \u00a0de \u00a0control \u00a0de garant\u00edas, se legaliz\u00f3 la captura de JUAN DE JES\u00daS \u00a0RUIZ \u00a0VERA \u00a0y \u00a0LEONARDO \u00a0ALEXANDER \u00a0S\u00c1NCHEZ \u00a0GUTIERR\u00c9Z, \u00a0con \u00a0fundamento en la \u00a0formulaci\u00f3n \u00a0 imputaci\u00f3n \u00a0efectuada \u00a0por \u00a0la \u00a0fiscal\u00eda \u00a0por \u00a0los \u00a0delitos \u00a0de \u00a0homicidio \u00a0agravado, \u00a0secuestro \u00a0simple \u00a0agravado, \u00a0hurto agravado y calificado, \u00a0lesiones \u00a0personales \u00a0y porte ilegal de armas de defensa personal, en su calidad \u00a0de \u00a0coautores. \u00a0El \u00a026 de mayo siguiente la fiscal\u00eda adicion\u00f3 a la imputaci\u00f3n \u00a0los delitos de concierto para delinquir y tortura. \u00a0\u00a0<\/p>\n<p>\u00a0 \u00a0\u00a0 \u00a0\u00a0 \u00a0\u00a03- \u00a0El \u00a019 \u00a0de \u00a0junio \u00a0de \u00a02007 \u00a0el \u00a0Juez \u00a02\u00ba \u00a0Penal \u00a0del \u00a0Circuito \u00a0Especializado \u00a0 de \u00a0 Villavicencio, \u00a0con \u00a0funciones \u00a0de \u00a0conocimiento, \u00a0celebr\u00f3 \u00a0audiencia \u00a0de \u00a0formulaci\u00f3n \u00a0de \u00a0acusaci\u00f3n; \u00a0el \u00a012 de diciembre del mismo a\u00f1o \u00a0llev\u00f3 \u00a0a \u00a0cabo \u00a0audiencia \u00a0preparatoria, \u00a0y \u00a0el \u00a023 \u00a0y \u00a024 \u00a0de enero de 2008 el \u00a0juicio. \u00a0\u00a0<\/p>\n<p>4- \u00a0El \u00a021 \u00a0de \u00a0mayo \u00a0del 2008 la\u00a0 misma \u00a0autoridad \u00a0conden\u00f3 \u00a0a \u00a0JUAN \u00a0DE \u00a0JES\u00daS \u00a0RUIZ VERA y LEONARDO ALEXANDER SANCHEZ \u00a0GUTI\u00c9RREZ \u00a0a \u00a0700 \u00a0meses \u00a0de \u00a0prisi\u00f3n, \u00a0multa \u00a0equivalente \u00a0a 1.066.6 smlmlv e \u00a0inhabilitaci\u00f3n \u00a0en \u00a0el \u00a0ejercicio \u00a0de \u00a0derechos \u00a0y \u00a0funciones \u00a0p\u00fablicas por el \u00a0t\u00e9rmino \u00a0de \u00a020 a\u00f1os, como coautores penalmente responsables de los delitos de \u00a0homicidio \u00a0agravado, \u00a0en \u00a0concurso \u00a0material \u00a0heterog\u00e9neo \u00a0con los il\u00edcitos de \u00a0secuestro \u00a0simple \u00a0agravado, hurto calificado y agravado y porte ilegal de armas \u00a0de defensa personal. \u00a0\u00a0<\/p>\n<p>5- En sede de segunda instancia la Sala Penal \u00a0del \u00a0Tribunal \u00a0Superior \u00a0del Distrito Judicial de Villavicencio, confirm\u00f3 en su \u00a0integridad \u00a0 la \u00a0 sentencia\u00a0 \u00a0 recurrida \u00a0 por \u00a0 los \u00a0 apoderados \u00a0 de \u00a0los \u00a0procesados. \u00a0\u00a0<\/p>\n<p>6- Esta Corporaci\u00f3n cas\u00f3 de oficio el 22 de \u00a0julio \u00a0de \u00a02009, la sentencia de segunda instancia, en el sentido de disminuir a \u00a0650 \u00a0meses de prisi\u00f3n la pena que deben purgar los acusados JUAN DE JES\u00daS RUIZ \u00a0VERA y LEONARDO ALEXANDER SANCHEZ GUTIERREZ. \u00a0\u00a0<\/p>\n<p>\u00a0 \u00a0\u00a0 \u00a0\u00a0 \u00a0\u00a07- \u00a0Contra dicho fallo, el condenado SANCHEZ GUTIERR\u00c9Z a trav\u00e9s de \u00a0apoderado, \u00a0interpuso \u00a0demanda \u00a0de revisi\u00f3n alegando la causal tercera referida \u00a0en \u00a0 el \u00a0 art\u00edculo \u00a0192 \u00a0de \u00a0la \u00a0Ley \u00a0906 \u00a0de \u00a020041. \u00a0\u00a0<\/p>\n<p>\u00a0 \u00a0\u00a0 \u00a0\u00a0 \u00a0\u00a08. \u00a0Admitida \u00a0la \u00a0demanda, \u00a0la \u00a0Sala \u00a0dispuso \u00a0oficiar requerir a la \u00a0autoridad \u00a0judicial para que allegara la actuaci\u00f3n surtida con ocasi\u00f3n de este \u00a0caso. \u00a0\u00a0<\/p>\n<p>PETICIONES \u00a0<\/p>\n<p>1-Tanto \u00a0la \u00a0defensa \u00a0como \u00a0el \u00a0Ministerio \u00a0P\u00fablico solicitan las siguientes pruebas testimoniales: \u00a0\u00a0<\/p>\n<p>1.1- \u00a0Escuchar \u00a0a \u00a0Oswaldo \u00a0Manuel \u00a0Simanca \u00a0Flores, \u00a0recluido \u00a0en \u00a0la \u00a0C\u00e1rcel de m\u00e1xima seguridad de C\u00f3mbita \u2013 \u00a0Boyac\u00e1, \u00a0presunto autor responsable \u00a0del homicidio de Ra\u00fal Oswaldo Cifuentes Montenegro. \u00a0\u00a0<\/p>\n<p>\u00a0 \u00a0 \u00a0 \u00a0 \u00a0<\/p>\n<p>1.2- O\u00edr a Jos\u00e9 Jerem\u00edas Ladino Largo, por \u00a0ser \u00a0la\u00a0 \u00a0persona \u00a0que \u00a0realiz\u00f3 \u00a0la \u00a0entrevista \u00a0al se\u00f1or Oswaldo Simanca \u00a0Fl\u00f3rez, anexada con la demanda de revisi\u00f3n. \u00a0\u00a0<\/p>\n<p>\u00a0 \u00a0\u00a0 \u00a0\u00a0 \u00a0\u00a0El representante del Ministerio P\u00fablico, \u00a0por \u00a0 su \u00a0parte, \u00a0se\u00f1ala \u00a0que \u00a0la \u00a0finalidad \u00a0de \u00a0este \u00a0medio \u00a0es \u00a0conocer \u00a0las \u00a0circunstancias \u00a0de \u00a0tiempo, \u00a0modo \u00a0y \u00a0lugar \u00a0en \u00a0que \u00a0ladino \u00a0Largo \u00a0realiz\u00f3 la \u00a0investigaci\u00f3n privada. \u00a0\u00a0<\/p>\n<p>\u00a0 \u00a0\u00a0 \u00a0\u00a0 \u00a0\u00a02- \u00a0 Solicita \u00a0 el \u00a0 demandante, \u00a0 tambi\u00e9n, \u00a0 tener \u00a0 como \u00a0pruebas \u00a0documentales \u00a0el \u00a0CD \u00a0que \u00a0anexa \u00a0a \u00a0la \u00a0demanda, \u00a0donde se encuentran las fotos \u00a0tomadas \u00a0 por \u00a0 el \u00a0 se\u00f1or \u00a0Jos\u00e9 \u00a0Jerem\u00edas \u00a0Ladino \u00a0Largo \u00a0al \u00a0lugar \u00a0de \u00a0los \u00a0hechos.\u00a0 \u00a0\u00a0<\/p>\n<p>CONSIDERACIONES \u00a0<\/p>\n<p>Reiterando \u00a0la posici\u00f3n jurisprudencial de \u00a0la\u00a0 \u00a0Corte, el periodo probatorio en la acci\u00f3n de \u00a0revisi\u00f3n \u00a0tiene \u00a0por \u00a0objetivo\u00a0 \u00a0demostrar \u00a0el \u00a0fundamento \u00a0de \u00a0la \u00a0causal \u00a0invocada, \u00a0de \u00a0modo \u00a0que \u00a0las pruebas a decretar sean conducentes, pertinentes y \u00a0\u00fatiles \u00a0en \u00a0relaci\u00f3n \u00a0con la causal escogida. En tal sentido la Sala ha dicho: \u00a0\u00a0<\/p>\n<p>el \u00a0 periodo \u00a0probatorio \u00a0 \u00a0de \u00a0 \u00a0la \u00a0 \u00a0acci\u00f3n \u00a0 de \u00a0 revisi\u00f3n \u00a0 tiene \u00a0 como \u00a0 finalidad \u00a0demostrar \u00a0los \u00a0supuestos sobre los cuales se fundamenta \u00a0la \u00a0causal \u00a0invocada, de manera que la conducencia de \u00a0una \u00a0prueba \u00a0est\u00e1 marcada por la naturaleza de esa causal; y su pertinencia por \u00a0la \u00a0eficacia \u00a0que \u00a0pueda tener para comprobar la circunstancia que ha servido de \u00a0sustento \u00a0a la postulaci\u00f3n; conducencia y pertinencia que el actor debe allegar \u00a0respecto \u00a0 de \u00a0 cada \u00a0 elemento \u00a0 de \u00a0 juicio \u00a0que \u00a0pretenda \u00a0se \u00a0allegue \u00a0a \u00a0la \u00a0actuaci\u00f3n.(CSJ SP, 23 abr. \u00a02003, \u00a0Rad. \u00a018453, \u00a0reiterado \u00a0en \u00a0los Rad. \u00a023059, \u00a05 \u00a0 de \u00a0 agto. \u00a0 \u00a02008 \u00a0 \u00a0y \u00a0 \u00a029075 \u00a0 \u00a019 \u00a0 \u00a0de \u00a0 \u00a0mayo \u00a0 \u00a0de \u00a0 \u00a02010.) \u00a0\u00a0<\/p>\n<p>Con esta premisa la \u00a0Corte dispone: \u00a0\u00a0<\/p>\n<p>1- Acoger la solicitud probatoria presentada \u00a0por \u00a0la \u00a0defensa \u00a0del \u00a0condenado \u00a0y \u00a0la representaci\u00f3n del Ministerio P\u00fablico, \u00a0atinente \u00a0 \u00a0a \u00a0 \u00a0escuchar \u00a0 \u00a0en \u00a0 \u00a0declaraci\u00f3n \u00a0 a \u00a0 Oswaldo \u00a0 Manuel \u00a0 Simanca \u00a0Fl\u00f3rez. \u00a0\u00a0<\/p>\n<p>\u00a0 \u00a0\u00a0 \u00a0\u00a0 \u00a0\u00a02- \u00a0Negar \u00a0el \u00a0testimonio \u00a0del \u00a0investigador \u00a0privado Jos\u00e9 Jeremias \u00a0Ladino \u00a0Largo, por cuanto esta persona no tiene relaci\u00f3n alguna con los sucesos \u00a0que \u00a0originaron \u00a0el \u00a0proceso \u00a0penal adelantado contra LEONARDO ALEXANDER SANCHEZ \u00a0GUTIERREZ, \u00a0de \u00a0all\u00ed que tal actuaci\u00f3n no contribuya \u00a0a acreditar los elementos de la causal de revisi\u00f3n invocada. \u00a0\u00a0<\/p>\n<p>3- Igual determinaci\u00f3n procede con las fotos \u00a0tomadas \u00a0por \u00a0el investigador privado Jos\u00e9 Jerem\u00edas Ladino Largo, toda vez que \u00a0su \u00a0 \u00a0creaci\u00f3n \u00a0 se \u00a0 produjo \u00a0 con \u00a0 posterioridad \u00a0 al \u00a0 acontecer \u00a0 f\u00e1ctico \u00a0investigado. \u00a0\u00a0<\/p>\n<p>Agr\u00e9guese \u00a0que \u00a0en el expediente obra\u00a0 \u00a0video \u00a0que \u00a0registra \u00a0el \u00a0lugar de los acontecimientos, motivo por el cual dicho \u00a0elemento \u00a0de \u00a0juicio \u00a0no \u00a0va dirigido a demostrar la causal alegada, torn\u00e1ndose \u00a0impertinente e inconducente. \u00a0\u00a0<\/p>\n<p>\u00a0 \u00a0 \u00a0 \u00a0 \u00a0<\/p>\n<p>Sin \u00a0 m\u00e1s \u00a0consideraciones, \u00a0la \u00a0Sala \u00a0de \u00a0Casaci\u00f3n Penal de la Corte Suprema de Justicia, \u00a0\u00a0<\/p>\n<p>RESUELVE \u00a0<\/p>\n<p>1- \u00a0 Ordenar \u00a0la \u00a0prueba \u00a0rese\u00f1ada \u00a0en \u00a0el \u00a0numeral 1\u00ba de la parte \u00a0considerativa de esta providencia. \u00a0\u00a0<\/p>\n<p>2. Negar \u00a0los \u00a0medios probatorios relacionados en los numerales 2\u00ba y 3\u00ba de \u00a0este auto. \u00a0\u00a0<\/p>\n<p>El recurso de reposici\u00f3n procede \u00fanicamente \u00a0contra el numeral 2\u00ba de esta decisi\u00f3n. \u00a0\u00a0<\/p>\n<p>Notif\u00edquese y c\u00famplase \u00a0<\/p>\n<p>JOS\u00c9 LUIS BARCEL\u00d3 \u00a0CAMACHO\u00a0 \u00a0 FERNANDO \u00a0ALBERTO \u00a0 \u00a0 CASTRO \u00a0CABALLERO\u00a0\u00a0\u00a0\u00a0\u00a0\u00a0\u00a0\u00a0\u00a0\u00a0\u00a0\u00a0\u00a0\u00a0\u00a0\u00a0\u00a0\u00a0\u00a0\u00a0\u00a0\u00a0\u00a0\u00a0\u00a0\u00a0\u00a0\u00a0\u00a0\u00a0\u00a0\u00a0\u00a0\u00a0\u00a0\u00a0\u00a0\u00a0\u00a0\u00a0\u00a0\u00a0\u00a0\u00a0\u00a0\u00a0\u00a0\u00a0\u00a0\u00a0\u00a0 \u00a0\u00a0<\/p>\n<p>\u00a0\u00a0\u00a0\u00a0\u00a0\u00a0\u00a0\u00a0\u00a0\u00a0\u00a0 \u00a0Magistrado\u00a0\u00a0\u00a0\u00a0\u00a0\u00a0\u00a0\u00a0\u00a0\u00a0\u00a0\u00a0\u00a0\u00a0\u00a0\u00a0\u00a0\u00a0\u00a0\u00a0\u00a0\u00a0\u00a0\u00a0\u00a0\u00a0\u00a0\u00a0\u00a0\u00a0\u00a0\u00a0\u00a0\u00a0\u00a0\u00a0\u00a0\u00a0\u00a0\u00a0\u00a0\u00a0\u00a0\u00a0\u00a0\u00a0\u00a0\u00a0\u00a0\u00a0\u00a0\u00a0\u00a0\u00a0\u00a0 \u00a0Magistrado \u00a0\u00a0<\/p>\n<p>EUGENIO FERN\u00c1NDEZ \u00a0CARLIER\u00a0\u00a0\u00a0\u00a0\u00a0\u00a0\u00a0\u00a0\u00a0\u00a0\u00a0 \u00a0GUSTAVO \u00a0 E. \u00a0 \u00a0 MALO \u00a0 \u00a0FERN\u00c1NDEZ\u00a0\u00a0\u00a0\u00a0\u00a0\u00a0\u00a0\u00a0\u00a0\u00a0\u00a0 \u00a0\u00a0<\/p>\n<p>\u00a0\u00a0\u00a0\u00a0\u00a0\u00a0\u00a0\u00a0\u00a0\u00a0\u00a0\u00a0\u00a0 \u00a0Magistrado\u00a0\u00a0\u00a0\u00a0\u00a0\u00a0\u00a0\u00a0\u00a0\u00a0\u00a0\u00a0\u00a0\u00a0\u00a0\u00a0\u00a0\u00a0\u00a0\u00a0\u00a0\u00a0\u00a0\u00a0\u00a0\u00a0\u00a0\u00a0\u00a0\u00a0\u00a0\u00a0\u00a0\u00a0\u00a0\u00a0\u00a0\u00a0\u00a0\u00a0\u00a0\u00a0 \u00a0Magistrado\u00a0\u00a0\u00a0\u00a0\u00a0 \u00a0\u00a0<\/p>\n<p>EYDER \u00a0 \u00a0 \u00a0 \u00a0 \u00a0 \u00a0PATI\u00d1O \u00a0CABRERA\u00a0\u00a0\u00a0\u00a0\u00a0\u00a0\u00a0\u00a0\u00a0\u00a0\u00a0\u00a0\u00a0\u00a0\u00a0\u00a0\u00a0\u00a0\u00a0\u00a0\u00a0\u00a0\u00a0 \u00a0PATRICIA \u00a0 \u00a0 SALAZAR \u00a0 \u00a0 CUELLAR\u00a0\u00a0\u00a0\u00a0\u00a0\u00a0\u00a0\u00a0\u00a0\u00a0\u00a0\u00a0\u00a0\u00a0\u00a0\u00a0\u00a0\u00a0\u00a0 \u00a0\u00a0<\/p>\n<p>\u00a0\u00a0\u00a0\u00a0\u00a0\u00a0\u00a0\u00a0 Magistrado\u00a0\u00a0\u00a0\u00a0\u00a0\u00a0\u00a0\u00a0\u00a0\u00a0\u00a0\u00a0\u00a0\u00a0\u00a0\u00a0\u00a0\u00a0\u00a0\u00a0\u00a0\u00a0\u00a0\u00a0\u00a0\u00a0\u00a0\u00a0\u00a0\u00a0\u00a0\u00a0\u00a0\u00a0\u00a0\u00a0\u00a0\u00a0\u00a0\u00a0\u00a0\u00a0\u00a0\u00a0\u00a0\u00a0\u00a0\u00a0\u00a0\u00a0\u00a0\u00a0\u00a0\u00a0\u00a0\u00a0\u00a0\u00a0\u00a0 \u00a0Magistrada \u00a0\u00a0<\/p>\n<p>LUISGUILLERMOSALAZAROTERO\u00a0\u00a0\u00a0 \u00a0 \u00a0 \u00a0CARLOS \u00a0ROBERTO \u00a0SOLORZANO G.\u00a0\u00a0\u00a0\u00a0\u00a0\u00a0\u00a0 \u00a0\u00a0<\/p>\n<p>\u00a0\u00a0\u00a0\u00a0\u00a0\u00a0\u00a0\u00a0\u00a0\u00a0\u00a0\u00a0\u00a0\u00a0\u00a0 \u00a0Magistrado\u00a0\u00a0\u00a0\u00a0\u00a0\u00a0\u00a0\u00a0\u00a0\u00a0\u00a0\u00a0\u00a0\u00a0\u00a0\u00a0\u00a0\u00a0\u00a0\u00a0\u00a0\u00a0\u00a0\u00a0\u00a0\u00a0\u00a0\u00a0\u00a0\u00a0\u00a0\u00a0\u00a0\u00a0\u00a0\u00a0\u00a0\u00a0\u00a0\u00a0\u00a0\u00a0\u00a0\u00a0\u00a0\u00a0\u00a0\u00a0\u00a0\u00a0 \u00a0Conjuez \u00a0\u00a0<\/p>\n<p>LUIS \u00a0 \u00a0 GONZALO \u00a0 \u00a0 VEL\u00c1SQUEZ POSADA \u00a0\u00a0<\/p>\n<p>\u00a0\u00a0\u00a0\u00a0\u00a0\u00a0\u00a0\u00a0\u00a0\u00a0\u00a0\u00a0\u00a0\u00a0\u00a0\u00a0\u00a0\u00a0\u00a0\u00a0\u00a0\u00a0\u00a0\u00a0\u00a0\u00a0\u00a0\u00a0\u00a0\u00a0\u00a0\u00a0\u00a0\u00a0\u00a0\u00a0\u00a0\u00a0\u00a0\u00a0\u00a0\u00a0\u00a0\u00a0\u00a0\u00a0\u00a0\u00a0\u00a0\u00a0\u00a0\u00a0\u00a0\u00a0\u00a0\u00a0\u00a0\u00a0\u00a0\u00a0\u00a0 \u00a0Conjuez \u00a0\u00a0<\/p>\n<p>Nubia \u00a0Yolanda Nova \u00a0Garc\u00eda \u00a0\u00a0<\/p>\n<p>Secretaria \u00a0 \u00a0<\/p>\n<p>1 \u00a0: \u00a0\u201cCuando \u00a0despu\u00e9s \u00a0de \u00a0la \u00a0sentencia \u00a0condenatoria \u00a0aparezcan \u00a0hechos \u00a0nuevos \u00a0o surjan pruebas nuevas no conocidas al tiempo de los \u00a0debates, \u00a0 \u00a0que \u00a0 \u00a0establezcan \u00a0 \u00a0la \u00a0 \u00a0inocencia \u00a0 \u00a0del \u00a0 \u00a0condenado \u00a0 \u00a0o \u00a0 \u00a0su \u00a0inimputabilidad\u201d. \u00a0 \u00a0\u00a0<\/p>\n<p><\/p>\n","protected":false},"excerpt":{"rendered":"<p>\u00a0 \u00a0 CORTE SUPREMA DE JUSTICIA \u00a0 SALA DE CASACI\u00d3N PENAL \u00a0 LUIS GUILLERMO SALAZAR OTERO \u00a0 Magistrado Ponente \u00a0 AP2298-2014 \u00a0 Radicaci\u00f3n n\u00b0 38445 \u00a0 (Aprobado Acta No. 158) \u00a0 Bogot\u00e1, D.C., veintid\u00f3s (22) de mayo de dos \u00a0mil catorce (2014) \u00a0\u00a0 ASUNTO \u00a0 Se pronuncia la Sala acerca de las peticiones \u00a0elevadas \u00a0por [&hellip;]<\/p>\n","protected":false},"author":1,"featured_media":0,"comment_status":"open","ping_status":"open","sticky":false,"template":"","format":"standard","meta":{"footnotes":""},"categories":[22],"tags":[],"class_list":["post-28239","post","type-post","status-publish","format-standard","hentry","category-22"],"_links":{"self":[{"href":"https:\/\/dmsjuridica.com\/buscador_20179478954\/salapenalcronologico20230723\/wp-json\/wp\/v2\/posts\/28239","targetHints":{"allow":["GET"]}}],"collection":[{"href":"https:\/\/dmsjuridica.com\/buscador_20179478954\/salapenalcronologico20230723\/wp-json\/wp\/v2\/posts"}],"about":[{"href":"https:\/\/dmsjuridica.com\/buscador_20179478954\/salapenalcronologico20230723\/wp-json\/wp\/v2\/types\/post"}],"author":[{"embeddable":true,"href":"https:\/\/dmsjuridica.com\/buscador_20179478954\/salapenalcronologico20230723\/wp-json\/wp\/v2\/users\/1"}],"replies":[{"embeddable":true,"href":"https:\/\/dmsjuridica.com\/buscador_20179478954\/salapenalcronologico20230723\/wp-json\/wp\/v2\/comments?post=28239"}],"version-history":[{"count":0,"href":"https:\/\/dmsjuridica.com\/buscador_20179478954\/salapenalcronologico20230723\/wp-json\/wp\/v2\/posts\/28239\/revisions"}],"wp:attachment":[{"href":"https:\/\/dmsjuridica.com\/buscador_20179478954\/salapenalcronologico20230723\/wp-json\/wp\/v2\/media?parent=28239"}],"wp:term":[{"taxonomy":"category","embeddable":true,"href":"https:\/\/dmsjuridica.com\/buscador_20179478954\/salapenalcronologico20230723\/wp-json\/wp\/v2\/categories?post=28239"},{"taxonomy":"post_tag","embeddable":true,"href":"https:\/\/dmsjuridica.com\/buscador_20179478954\/salapenalcronologico20230723\/wp-json\/wp\/v2\/tags?post=28239"}],"curies":[{"name":"wp","href":"https:\/\/api.w.org\/{rel}","templated":true}]}}