{"id":28133,"date":"2023-09-13T14:12:14","date_gmt":"2023-09-13T14:12:14","guid":{"rendered":"https:\/\/dmsjuridica.com\/buscador_20179478954\/salapenalcronologico20230723\/2023\/09\/13\/ap2005-201443548\/"},"modified":"2023-09-13T14:12:14","modified_gmt":"2023-09-13T14:12:14","slug":"ap2005-201443548","status":"publish","type":"post","link":"https:\/\/dmsjuridica.com\/buscador_20179478954\/salapenalcronologico20230723\/2023\/09\/13\/ap2005-201443548\/","title":{"rendered":"AP2005-2014(43548)"},"content":{"rendered":"\n<p>\u00a0 \u00a0 CORTE SUPREMA DE JUSTICIA \u00a0<\/p>\n<p>SALA DE CASACI\u00d3N PENAL \u00a0<\/p>\n<p>JOS\u00c9 LEONIDAS BUSTOS MART\u00cdNEZ \u00a0<\/p>\n<p>Magistrado ponente \u00a0<\/p>\n<p>AP 2005-2014 \u00a0<\/p>\n<p>Radicaci\u00f3n n\u00b0 43548 \u00a0<\/p>\n<p>(Aprobado \u00a0Acta No. \u00a0111) \u00a0\u00a0<\/p>\n<p>Bogot\u00e1 \u00a0D.C., \u00a0veintitr\u00e9s de abril\u00a0 de \u00a0dos mil catorce (2014). \u00a0\u00a0<\/p>\n<p>La \u00a0Sala \u00a0se \u00a0ocupa \u00a0de \u00a0la \u00a0definici\u00f3n \u00a0de \u00a0competencia\u00a0 \u00a0formulada por el defensor de EDUAR ANTONIO D\u00cdAZ D\u00cdAZ dentro \u00a0de \u00a0la \u00a0audiencia \u00a0de \u00a0formulaci\u00f3n de la acusaci\u00f3n que se adelanta en el curso \u00a0del \u00a0proceso \u00a0que se le sigue por el delito de fabricaci\u00f3n, tr\u00e1fico y porte de \u00a0armas \u00a0de \u00a0fuego \u00a0o municiones;\u00a0 ya que considera que el Juez Primero Penal \u00a0del \u00a0 Circuito \u00a0 de \u00a0 Sincelejo, \u00a0 no \u00a0 es \u00a0 el \u00a0 llamado \u00a0 a \u00a0 presidir \u00a0 dicho \u00a0juicio. \u00a0\u00a0<\/p>\n<p>\u00a0 \u00a0 \u00a0<\/p>\n<p>I. ANTECEDENTES \u00a0 \u00a0\u00a0<\/p>\n<p>De acuerdo con el relato vertido en el escrito \u00a0de \u00a0acusaci\u00f3n, \u00a0se \u00a0puede \u00a0extractar \u00a0que \u00a0en \u00a0el \u00a0curso \u00a0de \u00a0una diligencia de \u00a0allanamiento \u00a0y \u00a0registro realizada el 26 de septiembre de 2013 en la residencia \u00a0del \u00a0se\u00f1or \u00a0EDUAR \u00a0ANTONIO \u00a0D\u00cdAZ \u00a0D\u00cdAZ, \u00a0ubicada \u00a0en \u00a0la finca \u201cNo hay como \u00a0Dios\u201d \u00a0de \u00a0la \u00a0vereda \u00a0Ceja \u00a0del Mango en el municipio de Sampu\u00e9s (Sucre), le \u00a0fueron \u00a0 halladas \u00a0dos\u00a0 \u00a0armas \u00a0de \u00a0fuego, \u00a0tipo \u00a0pistola, \u00a0marca \u00a0\u201cLlama \u00a0Martial\u201d \u00a0para \u00a0cuya \u00a0tenencia \u00a0no \u00a0ten\u00eda \u00a0permiso, \u00a0motivo por el cual se le \u00a0imput\u00f3 el delito descrito en el art\u00edculo 365 del C\u00f3digo Penal. \u00a0\u00a0<\/p>\n<p>En el curso de la correspondiente audiencia de \u00a0formulaci\u00f3n \u00a0oral \u00a0de \u00a0la \u00a0acusaci\u00f3n \u00a0presidida \u00a0por el Juez Primero Penal del \u00a0Circuito \u00a0de \u00a0Sincelejo,\u00a0 el defensor propuso la definici\u00f3n de competencia \u00a0que \u00a0ahora \u00a0se resuelve, aduciendo que la finca en la que se realiz\u00f3 el mentado \u00a0hallazgo \u00a0no \u00a0pertenece \u00a0al municipio de Sampu\u00e9s como se ha venido manifestando \u00a0en \u00a0las \u00a0diligencias, \u00a0sino a\u00a0<\/p>\n<p>Chin\u00fa (C\u00f3rdoba), lo \u00a0cual acredit\u00f3 documentalmente. \u00a0\u00a0<\/p>\n<p>\u00a0 \u00a0 \u00a0<\/p>\n<p>I. CONSIDERACIONES \u00a0 \u00a0\u00a0<\/p>\n<p>A \u00a0este Corporaci\u00f3n le corresponde ocuparse \u00a0de \u00a0la \u00a0definici\u00f3n \u00a0de \u00a0competencia \u00a0de \u00a0la \u00a0referencia, \u00a0de conformidad con lo \u00a0normado en los art\u00edculos 32.4, 54 y 341 de la Ley 906 de 2004. \u00a0\u00a0<\/p>\n<p>La definici\u00f3n de competencia es el mecanismo \u00a0previsto \u00a0por \u00a0la \u00a0Ley \u00a0906 de 2004 para precisar, en caso de duda, cu\u00e1l de los \u00a0distintos \u00a0jueces\u00a0 \u00a0o \u00a0magistrados \u00a0es el indicado para conocer de un\u00a0 \u00a0juzgamiento o para ocuparse de determinados asuntos. \u00a0\u00a0<\/p>\n<p>El problema jur\u00eddico que subyace en el fondo \u00a0del \u00a0asunto \u00a0es, \u00a0en qu\u00e9 municipio est\u00e1 ubicada la finca en la que se realiz\u00f3 \u00a0la \u00a0diligencia \u00a0de \u00a0registro \u00a0y allanamiento dentro del asunto de la referencia, \u00a0para \u00a0determinar \u00a0as\u00ed \u00a0cu\u00e1l \u00a0es \u00a0el juez llamado a presidir el correspondiente \u00a0juicio. \u00a0\u00a0<\/p>\n<p>A efectos de resolver el asunto en cuesti\u00f3n, \u00a0para \u00a0la \u00a0Sala \u00a0es \u00a0claro que no haya discusi\u00f3n en relaci\u00f3n con que la mentada \u00a0diligencia, \u00a0as\u00ed \u00a0como el supuesto hallazgo, se realizaron en el inmueble rural \u00a0denominado, \u00a0\u201cNo \u00a0hay \u00a0como \u00a0Dios\u201d; \u00a0por \u00a0lo cual corresponde determinar, de \u00a0acuerdo \u00a0con \u00a0el \u00a0aporte \u00a0documental \u00a0hecho \u00a0en \u00a0la audiencia de formulaci\u00f3n de \u00a0acusaci\u00f3n, \u00a0si \u00a0dicha \u00a0finca \u00a0pertenece al municipio de Sampu\u00e9s Sucre o Chin\u00fa \u00a0C\u00f3rdoba, ambos colindantes. \u00a0\u00a0<\/p>\n<p>De \u00a0acuerdo con el numeral 3\u00ba del Literal D \u00a0de \u00a0la \u00a0escritura \u00a0p\u00fablica \u00a01146 \u00a0de \u00a020 \u00a0de \u00a0noviembre \u00a0de 2002 otorgada en la \u00a0Notar\u00eda \u00a0\u00danica \u00a0de \u00a0Sahag\u00fan, \u00a0mediante \u00a0la cual se realizan dos transacciones \u00a0\u2013una \u00a0 cancelaci\u00f3n \u00a0de \u00a0hipoteca \u00a0y \u00a0una \u00a0compraventa- \u00a0sobre \u00a0un \u00a0predio rural ubicado en Chin\u00fa,\u00a0 \u00a0hasta \u00a0entonces \u00a0denominado \u00a0\u201cLa \u00a0Esperanza\u201d, \u00a0con \u00a0una cabida de 44.5\u00a0 \u00a0hect\u00e1reas, \u00a0inscrito \u00a0al \u00a0folio \u00a0de \u00a0matr\u00edcula \u00a0inmobiliaria \u00a0144-0012278, \u00a0se \u00a0declara \u00a0que \u00a0en \u00a0adelante \u00a0la \u00a0finca \u00a0en \u00a0cuesti\u00f3n \u00a0se llamar\u00e1 \u201cNo hay como \u00a0Dios\u201d.\u00a0 \u00a0\u00a0<\/p>\n<p>Tambi\u00e9n obra en el expediente el certificado \u00a0de \u00a0tradici\u00f3n \u00a0del \u00a0bien inscrito en el folio 144-12278 expedido por la Oficina \u00a0de \u00a0Registro \u00a0de \u00a0Instrumentos P\u00fablicos de Chin\u00fa, mediante el cual se constata \u00a0la \u00a0inscripci\u00f3n \u00a0de \u00a0las \u00a0dos transacciones realizadas en la escritura p\u00fablica \u00a0antes \u00a0 mencionada, \u00a0 sobre \u00a0un \u00a0predio \u00a0de \u00a044.5 \u00a0hect\u00e1reas, \u00a0con \u00a0las \u00a0mismas \u00a0especificaciones y ubicaci\u00f3n. \u00a0\u00a0<\/p>\n<p>As\u00ed, \u00a0la \u00a0finca \u00a0\u201cNo hay como Dios, est\u00e1 \u00a0ubicada \u00a0en \u00a0el municipio de Chin\u00fa\u00a0 y por tanto el juez llamado a presidir \u00a0el \u00a0juicio dentro del asunto de la referencia es el Promiscuo Penal del Circuito \u00a0de dicha ciudad. \u00a0\u00a0<\/p>\n<p>\u00a0 \u00a0 \u00a0<\/p>\n<p>I. DECISI\u00d3N \u00a0 \u00a0\u00a0<\/p>\n<p>En \u00a0m\u00e9rito \u00a0de \u00a0lo \u00a0expuesto \u00a0la \u00a0Sala \u00a0de \u00a0Casaci\u00f3n Penal de la Corte Suprema de Justicia, \u00a0\u00a0<\/p>\n<p>RESUELVE \u00a0<\/p>\n<p>DISPONER \u00a0que \u00a0el \u00a0competente \u00a0para \u00a0conocer \u00a0del juicio en contra de EDUAR ANTONIO D\u00cdAZ D\u00cdAZ por \u00a0el \u00a0delito \u00a0contra \u00a0la \u00a0seguridad p\u00fablica, es el Juez Promiscuo del Circuito de \u00a0Chin\u00fa a donde se remitir\u00e1 el expediente. \u00a0\u00a0<\/p>\n<p>COMUN\u00cdQUESE \u00a0esta \u00a0decisi\u00f3n \u00a0al \u00a0Juzgado \u00a0Primero \u00a0Penal \u00a0del \u00a0Circuito de Sincelejo remiti\u00e9ndole \u00a0copia de la misma. \u00a0\u00a0<\/p>\n<p>Contra \u00a0esta \u00a0decisi\u00f3n \u00a0no \u00a0procede recurso \u00a0alguno. \u00a0\u00a0<\/p>\n<p>Comun\u00edquese y c\u00famplase. \u00a0<\/p>\n<p>FERNANDO ALBERTO CASTRO CABALLERO \u00a0<\/p>\n<p>JOS\u00c9 LUIS BARCEL\u00d3 CAMACHO \u00a0<\/p>\n<p>JOS\u00c9 LEONIDAS BUSTOS MART\u00cdNEZ \u00a0<\/p>\n<p>EUGENIO FERN\u00c1NDEZ CARLIER \u00a0<\/p>\n<p>MAR\u00cdA DEL ROSARIO GONZ\u00c1LEZ MU\u00d1OZ \u00a0<\/p>\n<p>GUSTAVO ENRIQUE MALO FERN\u00c1NDEZ \u00a0<\/p>\n<p>EYDER PATI\u00d1O CABRERA \u00a0<\/p>\n<p>PATRICIA SALAZAR CU\u00c9LLAR \u00a0<\/p>\n<p>LUIS GUILLERMO SALAZAR OTERO \u00a0<\/p>\n<p>NUBIA YOLANDA NOVA GARC\u00cdA \u00a0<\/p>\n<p>Secretaria \u00a0<\/p>\n<p>\u00a0 \u00a0\u00a0<\/p>\n<p><\/p>\n","protected":false},"excerpt":{"rendered":"<p>\u00a0 \u00a0 CORTE SUPREMA DE JUSTICIA \u00a0 SALA DE CASACI\u00d3N PENAL \u00a0 JOS\u00c9 LEONIDAS BUSTOS MART\u00cdNEZ \u00a0 Magistrado ponente \u00a0 AP 2005-2014 \u00a0 Radicaci\u00f3n n\u00b0 43548 \u00a0 (Aprobado \u00a0Acta No. \u00a0111) \u00a0\u00a0 Bogot\u00e1 \u00a0D.C., \u00a0veintitr\u00e9s de abril\u00a0 de \u00a0dos mil catorce (2014). \u00a0\u00a0 La \u00a0Sala \u00a0se \u00a0ocupa \u00a0de \u00a0la \u00a0definici\u00f3n \u00a0de \u00a0competencia\u00a0 \u00a0formulada por el [&hellip;]<\/p>\n","protected":false},"author":1,"featured_media":0,"comment_status":"open","ping_status":"open","sticky":false,"template":"","format":"standard","meta":{"footnotes":""},"categories":[22],"tags":[],"class_list":["post-28133","post","type-post","status-publish","format-standard","hentry","category-22"],"_links":{"self":[{"href":"https:\/\/dmsjuridica.com\/buscador_20179478954\/salapenalcronologico20230723\/wp-json\/wp\/v2\/posts\/28133","targetHints":{"allow":["GET"]}}],"collection":[{"href":"https:\/\/dmsjuridica.com\/buscador_20179478954\/salapenalcronologico20230723\/wp-json\/wp\/v2\/posts"}],"about":[{"href":"https:\/\/dmsjuridica.com\/buscador_20179478954\/salapenalcronologico20230723\/wp-json\/wp\/v2\/types\/post"}],"author":[{"embeddable":true,"href":"https:\/\/dmsjuridica.com\/buscador_20179478954\/salapenalcronologico20230723\/wp-json\/wp\/v2\/users\/1"}],"replies":[{"embeddable":true,"href":"https:\/\/dmsjuridica.com\/buscador_20179478954\/salapenalcronologico20230723\/wp-json\/wp\/v2\/comments?post=28133"}],"version-history":[{"count":0,"href":"https:\/\/dmsjuridica.com\/buscador_20179478954\/salapenalcronologico20230723\/wp-json\/wp\/v2\/posts\/28133\/revisions"}],"wp:attachment":[{"href":"https:\/\/dmsjuridica.com\/buscador_20179478954\/salapenalcronologico20230723\/wp-json\/wp\/v2\/media?parent=28133"}],"wp:term":[{"taxonomy":"category","embeddable":true,"href":"https:\/\/dmsjuridica.com\/buscador_20179478954\/salapenalcronologico20230723\/wp-json\/wp\/v2\/categories?post=28133"},{"taxonomy":"post_tag","embeddable":true,"href":"https:\/\/dmsjuridica.com\/buscador_20179478954\/salapenalcronologico20230723\/wp-json\/wp\/v2\/tags?post=28133"}],"curies":[{"name":"wp","href":"https:\/\/api.w.org\/{rel}","templated":true}]}}