{"id":28129,"date":"2023-09-13T14:12:14","date_gmt":"2023-09-13T14:12:14","guid":{"rendered":"https:\/\/dmsjuridica.com\/buscador_20179478954\/salapenalcronologico20230723\/2023\/09\/13\/ap1980-201443584\/"},"modified":"2023-09-13T14:12:14","modified_gmt":"2023-09-13T14:12:14","slug":"ap1980-201443584","status":"publish","type":"post","link":"https:\/\/dmsjuridica.com\/buscador_20179478954\/salapenalcronologico20230723\/2023\/09\/13\/ap1980-201443584\/","title":{"rendered":"AP1980-2014(43584)"},"content":{"rendered":"\n<p>\u00a0 \u00a0 \u00a0\u00a0<\/p>\n<p>Rep\u00fablica de Colombia \u00a0 \u00a0\u00a0<\/p>\n<p>Corte Suprema de Justicia \u00a0<\/p>\n<p>CORTE SUPREMA DE JUSTICIA \u00a0<\/p>\n<p>SALA DE CASACION PENAL \u00a0<\/p>\n<p>EUGENIO FERNANDEZ CARLIER \u00a0<\/p>\n<p>Magistrado Ponente \u00a0<\/p>\n<p>AP1980-2014 \u00a0<\/p>\n<p>Radicado \u00a0 \u00a0 \u00a0 \u00a0 43.584 \u00a0\u00a0<\/p>\n<p>\u00a0 \u00a0\u00a0 \u00a0\u00a0 \u00a0Aprobado \u00a0acta \u00a0n\u00famero 109 \u00a0 \u00a0 \u00a0\u00a0 \u00a0 \u00a0\u00a0<\/p>\n<p>Bogot\u00e1, \u00a0D.C, veintid\u00f3s (22) abril de dos \u00a0mil catorce (2014). \u00a0\u00a0<\/p>\n<p>Define \u00a0la \u00a0Sala \u00a0la \u00a0competencia \u00a0en \u00a0este \u00a0asunto, \u00a0en \u00a0el \u00a0cual, previa solicitud de la defensa, el Juez Primero Penal del \u00a0Circuito \u00a0Especializado \u00a0de \u00a0Cundinamarca con funci\u00f3n de conocimiento, aduce no \u00a0ser \u00a0competente \u00a0para \u00a0tramitar el juicio contra HOLBER \u00a0PUENTES TORRES. \u00a0\u00a0<\/p>\n<p>ANTECEDENTES PROCESALES \u00a0<\/p>\n<p>1.- \u00a0La Fiscal\u00eda \u00a0Segunda \u00a0Especializada \u00a0radic\u00f3 \u00a0el \u00a0d\u00eda \u00a031 \u00a0de enero de 2014, en el Centro de \u00a0Servicios \u00a0Administrativos \u00a0de \u00a0los \u00a0Juzgados \u00a0de \u00a0Cundinamarca, \u00a0el \u00a0escrito de \u00a0acusaci\u00f3n \u00a0 \u00a0en \u00a0 \u00a0contra \u00a0 \u00a0de \u00a0 \u00a0HOLBER \u00a0 PUENTES \u00a0TORRES, \u00a0a quien se le imputa la comisi\u00f3n del delito \u00a0de \u00a0Concierto \u00a0para delinquir con fines de homicidio (numeral 2\u00ba, del art\u00edculo \u00a0340 de la Ley 599 de 2000). \u00a0\u00a0<\/p>\n<p>2.- \u00a0El proceso le \u00a0correspondi\u00f3 \u00a0 en \u00a0reparto \u00a0al \u00a0Juzgado \u00a0Primero \u00a0Penal del Circuito Especializado de Cundinamarca, despacho \u00a0que \u00a0el \u00a0d\u00eda 7 de abril del presente a\u00f1o instal\u00f3 la audiencia de formulaci\u00f3n \u00a0de \u00a0acusaci\u00f3n, \u00a0diligencia \u00a0en la cual la defensa manifest\u00f3 que, atendiendo el \u00a0factor \u00a0territorial, el Juzgado carec\u00eda de competencia para conocer del proceso \u00a0contra \u00a0 \u00a0 HOLBER \u00a0 \u00a0 PUENTES \u00a0 \u00a0TORRES, \u00a0pues \u00a0los \u00a0hechos \u00a0que \u00a0se imputan al procesado ocurrieron en el \u00a0municipio \u00a0 \u00a0de \u00a0 \u00a0Villanueva, \u00a0 Departamento \u00a0 de \u00a0 Casanare.\u00a0 \u00a0\u00a0<\/p>\n<p>3.- \u00a0El \u00a0Juez del \u00a0despacho \u00a0indicado, \u00a0conforme \u00a0a lo manifestado por la defensa y a lo consignado \u00a0en \u00a0el \u00a0escrito \u00a0de \u00a0acusaci\u00f3n, decidi\u00f3 que no era competente para tramitar el \u00a0juicio, \u00a0pues \u00a0en los fundamento f\u00e1cticos de la acusaci\u00f3n se hace referencia a \u00a0la \u00a0comisi\u00f3n \u00a0de \u00a0un \u00a0delito \u00a0de \u00a0concierto \u00a0para delinquir que posiblemente se \u00a0concret\u00f3 \u00a0 \u00a0en \u00a0 \u00a0el \u00a0 \u00a0municipio \u00a0 \u00a0de \u00a0 \u00a0Villanueva, \u00a0 Casanare \u00a0 y \u00a0 no \u00a0 en \u00a0Cundinamarca. \u00a0\u00a0<\/p>\n<p>Adujo \u00a0que los art\u00edculos 42 y 43 de la Ley \u00a0906 \u00a0de 2004 disponen que es competente para conocer del juzgamiento el juez del \u00a0lugar \u00a0donde \u00a0ocurri\u00f3 \u00a0el \u00a0delito, de manera que si el concierto para delinquir \u00a0tuvo \u00a0 su \u00a0 origen \u00a0 en \u00a0el \u00a0municipio \u00a0de \u00a0Villanueva, \u00a0Casanare, \u00a0es \u00a0el \u00a0Juez \u00a0especializado de ese lugar quien debe tramitar el juzgamiento. \u00a0\u00a0<\/p>\n<p>La \u00a0Fiscal\u00eda manifest\u00f3 que de acuerdo con \u00a0el \u00a0art\u00edculo \u00a043 \u00a0de \u00a0la \u00a0Ley \u00a0906 de 2004, cuando el hecho se realiza en lugar \u00a0incierto \u00a0o en varios lugares, la competencia se determina por el lugar donde se \u00a0formule \u00a0la \u00a0acusaci\u00f3n, \u00a0la \u00a0cual \u00a0se \u00a0debe \u00a0presentar \u00a0en el sitio en donde se \u00a0encuentren \u00a0los \u00a0elementos fundamentales de la acusaci\u00f3n. De manera que como el \u00a0imputado \u00a0perteneci\u00f3 \u00a0a \u00a0una \u00a0banda criminal que, seg\u00fan su criterio, oper\u00f3 en \u00a0varias \u00a0partes \u00a0del \u00a0pa\u00eds, \u00a0la Fiscal\u00eda pod\u00eda presentar la acusaci\u00f3n ante el \u00a0Juzgado \u00a0del \u00a0lugar \u00a0donde \u00a0se \u00a0encuentran \u00a0los \u00a0elementos \u00a0fundamentales \u00a0de la \u00a0acusaci\u00f3n, en este caso, en Cundinamarca. \u00a0\u00a0<\/p>\n<p>CONSIDERACIONES DE LA CORTE \u00a0<\/p>\n<p>Primero. \u00a0 La \u00a0definici\u00f3n \u00a0de \u00a0competencia es el procedimiento que dise\u00f1\u00f3 el Legislador para \u00a0determinar, \u00a0en \u00a0aquellos \u00a0casos \u00a0en que se suscita tal discusi\u00f3n, qui\u00e9n es el \u00a0juez \u00a0competente \u00a0para \u00a0conocer \u00a0de \u00a0un \u00a0asunto \u00a0que \u00a0un funcionario judicial se \u00a0reh\u00fasa \u00a0conocer.\u00a0 \u00a0Con ello se busca desarrollar el principio de legalidad \u00a0del \u00a0delito, \u00a0de \u00a0la \u00a0pena \u00a0y del procedimiento, as\u00ed como del Juez natural, que \u00a0encuentra \u00a0 su \u00a0 fundamento \u00a0 en \u00a0 el \u00a0 art\u00edculo \u00a0 29 \u00a0 de \u00a0 la \u00a0 Constituci\u00f3n \u00a0Pol\u00edtica. \u00a0\u00a0<\/p>\n<p>En \u00a0ese \u00a0prop\u00f3sito, \u00a0el \u00a0numeral \u00a04\u00ba \u00a0del \u00a0art\u00edculo \u00a032 \u00a0de \u00a0la \u00a0Ley \u00a0906 \u00a0de 2004 dispone que la Corte es competente para \u00a0definir \u00a0el \u00a0asunto, trat\u00e1ndose de un Juez penal de Circuito Especializado, que \u00a0considera \u00a0que \u00a0el \u00a0proceso \u00a0le \u00a0corresponde a un Juez con las mismas funciones, \u00a0pero \u00a0de otro Distrito Judicial, con el argumento de que los hechos imputados al \u00a0procesado \u00a0fueron cometidos en jurisdicci\u00f3n del Distrito Judicial de Casanare y \u00a0no en el de Cundinamarca. \u00a0\u00a0<\/p>\n<p>Segundo. \u00a0En \u00a0el \u00a0escrito \u00a0 \u00a0de \u00a0 acusaci\u00f3n \u00a0 la \u00a0 fiscal\u00eda \u00a0 se\u00f1al\u00f3 \u00a0 que \u00a0 el \u00a0 HOLBER \u00a0PUENTES \u00a0TORRES, \u00a0junto \u00a0a \u00a0otras \u00a0personas \u00a0al \u00a0mando \u00a0de alias \u201cPijarvey\u201d, jefe de un ala disidente del grupo \u00a0armado \u00a0al \u00a0margen \u00a0de \u00a0la ley \u201cERPAC\u201d, se concert\u00f3 con el fin de ultimar a \u00a0comerciantes, \u00a0 prestamistas, \u00a0 viciosos \u00a0y \u00a0ladrones, \u00a0homicidios \u00a0que \u00a0deb\u00edan \u00a0ejecutarse en el municipio de Villanueva, Casanare. \u00a0\u00a0<\/p>\n<p>Pues bien: \u00a0<\/p>\n<p>El concierto para delinquir, como delito de \u00a0peligro, \u00a0se \u00a0estructura \u00a0cuando \u00a0varias \u00a0personas \u00a0se \u00a0conciertan \u00a0para cometer \u00a0delitos \u00a0indeterminados \u00a0(Art\u00edculo 340 de la Ley 599 de 2000, modificado por el \u00a0art\u00edculo \u00a08 \u00a0de la Ley 733 de 2002); y se agrava cuando el acuerdo ilegal tiene \u00a0por \u00a0finalidad \u00a0la comisi\u00f3n, entre otros, de delitos de homicidio (art\u00edculo 19 \u00a0de la Ley 1121 de 2006). \u00a0\u00a0<\/p>\n<p>Si \u00a0bien \u00a0esta \u00a0modalidad \u00a0de tipos penales \u00a0anticipan \u00a0la barrera de protecci\u00f3n penal en la medida que sancionan el acuerdo \u00a0de \u00a0voluntades \u00a0dirigido \u00a0a cometer delitos del m\u00e1s variado acento, no por ello \u00a0se \u00a0puede \u00a0afirmar, en este caso y sin mayor fundamento, que es indeterminado el \u00a0lugar \u00a0de \u00a0comisi\u00f3n \u00a0del \u00a0delito, \u00a0como \u00a0lo \u00a0sugiere \u00a0la \u00a0Fiscal\u00eda \u00a0sin \u00a0mayor \u00a0reflexi\u00f3n \u00a0y \u00a0en \u00a0desmedro \u00a0incluso \u00a0de \u00a0lo \u00a0que \u00a0expres\u00f3 \u00a0en \u00a0el \u00a0escrito \u00a0de \u00a0acusaci\u00f3n. \u00a0\u00a0<\/p>\n<p>De \u00a0acuerdo con la acusaci\u00f3n, el concierto \u00a0se \u00a0plasm\u00f3 \u00a0en \u00a0el \u00a0municipio de Villanueva en el Departamento de Casanare y en \u00a0ese \u00a0lugar deb\u00edan ejecutarse las conductas que dieron origen al acuerdo ilegal. \u00a0Por \u00a0 lo \u00a0tanto, \u00a0sin \u00a0mayor \u00a0esfuerzo \u00a0hay \u00a0que \u00a0concluir \u00a0que \u00a0el \u00a0Juez \u00a0Penal \u00a0Especializado \u00a0del \u00a0Circuito \u00a0de \u00a0Yopal \u00a0es \u00a0a quien le corresponde adelantar el \u00a0juicio \u00a0 contra \u00a0 HOLBER \u00a0PUENTES \u00a0TORRES \u00a0y \u00a0no \u00a0al \u00a0Juez \u00a0de \u00a0la \u00a0misma \u00a0categor\u00eda \u00a0del \u00a0Departamento \u00a0de \u00a0Cundinamarca, \u00a0como \u00a0lo \u00a0pretende \u00a0la \u00a0fiscal\u00eda \u00a0con \u00a0el \u00a0argumento \u00a0de \u00a0que el \u00a0concierto \u00a0se \u00a0celebr\u00f3 \u00a0en \u00a0un \u00a0lugar \u00a0incierto, \u00a0afirmaci\u00f3n \u00a0que por supuesto \u00a0desconoce abiertamente lo consignado en el expediente. \u00a0\u00a0<\/p>\n<p>Tampoco se puede admitir la insistencia para \u00a0que \u00a0 el \u00a0 juicio \u00a0 lo \u00a0 tramite \u00a0un \u00a0Juez \u00a0Especializado \u00a0del \u00a0Departamento \u00a0de \u00a0Cundinamarca, \u00a0con el pretexto de que la banda criminal oper\u00f3 en todo el pa\u00eds, \u00a0pues \u00a0la \u00a0fiscal\u00eda \u00a0es \u00a0enf\u00e1tica \u00a0en \u00a0se\u00f1alar que el concierto para delinquir \u00a0naci\u00f3 \u00a0para \u00a0ejecutarse \u00a0en \u00a0el \u00a0municipio \u00a0de \u00a0Villanueva, \u00a0lugar en donde los \u00a0integrantes \u00a0del \u00a0grupo \u00a0ilegal \u00a0\u201cLibertadores del Vichada\u201d hacen presencia, \u00a0\u201cportan \u00a0 armas \u00a0 de \u00a0 fuego \u00a0y \u00a0se \u00a0movilizan \u00a0en \u00a0motocicletas \u00a0 nuevas \u00a0sin \u00a0placas \u00a0y \u00a0veh\u00edculos \u00a0de \u00a0alta \u00a0gama\u201d. \u00a0\u00a0<\/p>\n<p>De \u00a0 manera \u00a0que \u00a0como \u00a0para \u00a0efectos \u00a0de \u00a0determinar \u00a0la competencia, el art\u00edculo 42 de la Ley 906 de 2004 se\u00f1ala que el \u00a0territorio \u00a0nacional \u00a0se \u00a0divide \u00a0en \u00a0distritos, \u00a0circuitos \u00a0y \u00a0municipios, y el \u00a0art\u00edculo \u00a0 43 \u00a0 de \u00a0 la \u00a0 misma \u00a0 normatividad, \u00a0 dispone \u00a0que \u00a0\u201ces \u00a0competente para conocer del juzgamiento el juez del lugar donde \u00a0ocurri\u00f3 \u00a0el delito\u201d, se definir\u00e1 la competencia en \u00a0el \u00a0sentido \u00a0de \u00a0se\u00f1alar \u00a0que \u00a0es \u00a0el \u00a0Juez Penal del Circuito Especializado de \u00a0Yopal, \u00a0 Casanare, \u00a0 distrito \u00a0 judicial \u00a0 del \u00a0 lugar \u00a0 en \u00a0donde \u00a0ocurri\u00f3 \u00a0el \u00a0delito. \u00a0\u00a0<\/p>\n<p>En \u00a0m\u00e9rito \u00a0de \u00a0lo \u00a0expuesto \u00a0la \u00a0Sala \u00a0de \u00a0Casaci\u00f3n Penal de la Corte Suprema de Justicia, \u00a0\u00a0<\/p>\n<p>RESUELVE \u00a0<\/p>\n<p>Definir que el Juez \u00a0Penal \u00a0del \u00a0Circuito \u00a0Especializado \u00a0de \u00a0Yopal, \u00a0Casanare, es el competente para \u00a0conocer \u00a0 del \u00a0 juicio \u00a0que \u00a0debe \u00a0adelantarse \u00a0el \u00a0juicio \u00a0contra \u00a0HOLBER \u00a0PUENTES \u00a0TORRES, \u00a0acusado \u00a0de \u00a0la \u00a0comisi\u00f3n \u00a0 del \u00a0 delito \u00a0 de \u00a0 concierto \u00a0para \u00a0delinquir \u00a0agravado. \u00a0\u00a0<\/p>\n<p>\u00a0 \u00a0\u00a0 \u00a0\u00a0 \u00a0Rem\u00edtase \u00a0el \u00a0expediente \u00a0a la autoridad indicada. Al INPEC y a la \u00a0autoridad \u00a0indicada \u00a0se \u00a0le \u00a0har\u00e1 \u00a0saber \u00a0que \u00a0el \u00a0acusado, \u00a0quien se encuentra \u00a0recluido en la C\u00e1rcel Nacional Modelo, queda a su disposici\u00f3n. \u00a0\u00a0<\/p>\n<p>Contra \u00a0esta \u00a0decisi\u00f3n \u00a0no procede recurso \u00a0alguno. \u00a0\u00a0<\/p>\n<p>Comun\u00edquese y c\u00famplase. \u00a0<\/p>\n<p>FERNANDO ALBERTO CASTRO CABALLERO \u00a0<\/p>\n<p>JOS\u00c9 LUIS BARCEL\u00d3 CAMACHO \u00a0<\/p>\n<p>JOS\u00c9 LEONIDAS BUSTOS MART\u00cdNEZ \u00a0<\/p>\n<p>EUGENIO FERN\u00c1NDEZ CARLIER \u00a0<\/p>\n<p>MAR\u00cdA \u00a0 \u00a0DEL \u00a0 \u00a0ROSARIO \u00a0 \u00a0GONZ\u00c1LEZ \u00a0MU\u00d1OZ \u00a0\u00a0<\/p>\n<p>GUSTAVO ENRIQUE MALO FERN\u00c1NDEZ \u00a0<\/p>\n<p>EYDER PATI\u00d1O CABRERA \u00a0<\/p>\n<p>PATRICIA SALAZAR CUELLAR \u00a0<\/p>\n<p>LUIS GUILLERMO SALAZAR OTERO \u00a0<\/p>\n<p>NUBIA YOLANDA NOVA GARC\u00cdA \u00a0<\/p>\n<p>Secretaria \u00a0<\/p>\n<p>\u00a0 \u00a0\u00a0<\/p>\n<p><\/p>\n","protected":false},"excerpt":{"rendered":"<p>\u00a0 \u00a0 \u00a0\u00a0 Rep\u00fablica de Colombia \u00a0 \u00a0\u00a0 Corte Suprema de Justicia \u00a0 CORTE SUPREMA DE JUSTICIA \u00a0 SALA DE CASACION PENAL \u00a0 EUGENIO FERNANDEZ CARLIER \u00a0 Magistrado Ponente \u00a0 AP1980-2014 \u00a0 Radicado \u00a0 \u00a0 \u00a0 \u00a0 43.584 \u00a0\u00a0 \u00a0 \u00a0\u00a0 \u00a0\u00a0 \u00a0Aprobado \u00a0acta \u00a0n\u00famero 109 \u00a0 \u00a0 \u00a0\u00a0 \u00a0 \u00a0\u00a0 Bogot\u00e1, \u00a0D.C, veintid\u00f3s (22) [&hellip;]<\/p>\n","protected":false},"author":1,"featured_media":0,"comment_status":"open","ping_status":"open","sticky":false,"template":"","format":"standard","meta":{"footnotes":""},"categories":[22],"tags":[],"class_list":["post-28129","post","type-post","status-publish","format-standard","hentry","category-22"],"_links":{"self":[{"href":"https:\/\/dmsjuridica.com\/buscador_20179478954\/salapenalcronologico20230723\/wp-json\/wp\/v2\/posts\/28129","targetHints":{"allow":["GET"]}}],"collection":[{"href":"https:\/\/dmsjuridica.com\/buscador_20179478954\/salapenalcronologico20230723\/wp-json\/wp\/v2\/posts"}],"about":[{"href":"https:\/\/dmsjuridica.com\/buscador_20179478954\/salapenalcronologico20230723\/wp-json\/wp\/v2\/types\/post"}],"author":[{"embeddable":true,"href":"https:\/\/dmsjuridica.com\/buscador_20179478954\/salapenalcronologico20230723\/wp-json\/wp\/v2\/users\/1"}],"replies":[{"embeddable":true,"href":"https:\/\/dmsjuridica.com\/buscador_20179478954\/salapenalcronologico20230723\/wp-json\/wp\/v2\/comments?post=28129"}],"version-history":[{"count":0,"href":"https:\/\/dmsjuridica.com\/buscador_20179478954\/salapenalcronologico20230723\/wp-json\/wp\/v2\/posts\/28129\/revisions"}],"wp:attachment":[{"href":"https:\/\/dmsjuridica.com\/buscador_20179478954\/salapenalcronologico20230723\/wp-json\/wp\/v2\/media?parent=28129"}],"wp:term":[{"taxonomy":"category","embeddable":true,"href":"https:\/\/dmsjuridica.com\/buscador_20179478954\/salapenalcronologico20230723\/wp-json\/wp\/v2\/categories?post=28129"},{"taxonomy":"post_tag","embeddable":true,"href":"https:\/\/dmsjuridica.com\/buscador_20179478954\/salapenalcronologico20230723\/wp-json\/wp\/v2\/tags?post=28129"}],"curies":[{"name":"wp","href":"https:\/\/api.w.org\/{rel}","templated":true}]}}