{"id":28079,"date":"2023-09-13T14:12:11","date_gmt":"2023-09-13T14:12:11","guid":{"rendered":"https:\/\/dmsjuridica.com\/buscador_20179478954\/salapenalcronologico20230723\/2023\/09\/13\/ap1701-201443476\/"},"modified":"2023-09-13T14:12:11","modified_gmt":"2023-09-13T14:12:11","slug":"ap1701-201443476","status":"publish","type":"post","link":"https:\/\/dmsjuridica.com\/buscador_20179478954\/salapenalcronologico20230723\/2023\/09\/13\/ap1701-201443476\/","title":{"rendered":"AP1701-2014(43476)"},"content":{"rendered":"\n<p>\u00a0 \u00a0 CORTE SUPREMA DE JUSTICIA \u00a0<\/p>\n<p>SALA DE CASACI\u00d3N PENAL \u00a0<\/p>\n<p>PATRICIA SALAZAR CU\u00c9LLAR \u00a0<\/p>\n<p>Magistrada ponente \u00a0<\/p>\n<p>AP1701-2014 \u00a0<\/p>\n<p>Radicaci\u00f3n N\u00b0 43476 \u00a0<\/p>\n<p>Aprobado Acta No.93 \u00a0<\/p>\n<p>Bogot\u00e1 \u00a0D.C., \u00a0dos \u00a0(2) \u00a0de marzo de dos mil \u00a0catorce (2014). \u00a0\u00a0<\/p>\n<p>Procede \u00a0la \u00a0Sala \u00a0a resolver el incidente de \u00a0definici\u00f3n \u00a0de competencia propuesta por el defensor de Eliana Patricia Mac\u00edas \u00a0Hern\u00e1ndez, \u00a0para \u00a0que \u00a0la \u00a0Jueza \u00a0Cuarta \u00a0Penal \u00a0del \u00a0Circuito Especializado de \u00a0Medell\u00edn, no conozca del juicio, en raz\u00f3n del factor territorial. \u00a0\u00a0<\/p>\n<p>ANTECEDENTES \u00a0\u00a0<\/p>\n<p>La \u00a0investigaci\u00f3n \u00a0tiene \u00a0como \u00a0g\u00e9nesis \u00a0la \u00a0misiva \u00a0remitida por la Administraci\u00f3n para el Control de Drogas -DEA- con sede \u00a0en \u00a0 Bogot\u00e1, \u00a0 al \u00a0 Jefe \u00a0de \u00a0la \u00a0Unidad \u00a0Control \u00a0Hero\u00edna \u00a0de \u00a0la \u00a0Direcci\u00f3n \u00a0Antinarc\u00f3ticos, \u00a0en \u00a0la \u00a0cual \u00a0informa \u00a0de \u00a0la \u00a0existencia \u00a0de una presunta red \u00a0dedicada \u00a0al \u00a0tr\u00e1fico \u00a0de \u00a0sustancias \u00a0estupefacientes desde Colombia hacia los \u00a0Estados \u00a0Unidos \u00a0de \u00a0Norteam\u00e9rica, \u00a0as\u00ed \u00a0mismo, \u00a0allega \u00a0el \u00a0n\u00famero \u00a0de cinco \u00a0abonados \u00a0celulares \u00a0por \u00a0medio \u00a0de \u00a0los \u00a0cuales \u00a0las \u00a0personas \u00a0coordinaban sus \u00a0actividades. \u00a0\u00a0<\/p>\n<p>\u00a0 \u00a0\u00a0 \u00a0\u00a0 \u00a0\u00a0La \u00a0Fiscal\u00eda \u00a0General \u00a0de \u00a0la Naci\u00f3n, de acuerdo con los elementos \u00a0probatorios, \u00a0evidencias \u00a0f\u00edsicas \u00a0e \u00a0informaci\u00f3n \u00a0legalmente \u00a0obtenida, \u00a0pudo \u00a0establecer: \u00a0\u00a0<\/p>\n<p>(i) \u00a0 Los \u00a0 integrantes \u00a0 de \u00a0 la \u00a0presunta \u00a0organizaci\u00f3n \u00a0criminal, entre ellos, Eliana Patricia Mac\u00edas Hern\u00e1ndez y Mario \u00a0Alejandro Ni\u00f1o Garc\u00eda. \u00a0\u00a0<\/p>\n<p>(ii) El \u00e1rea de operaciones las delimit\u00f3 a \u00a0las \u00a0ciudades de Medell\u00edn \u2013 \u00a0Antioquia \u00a0\u2013, \u00a0Riohacha \u00a0y \u00a0Maicao \u00a0 \u00a0\u2013 \u00a0 \u00a0Guajira \u00a0\u2013, \u00a0AguaChica \u2013 \u00a0 \u00a0 \u00a0 \u00a0Cesar \u00a0 \u00a0 \u00a0 \u00a0\u2013 \u00a0 \u00a0y \u00a0 \u00a0Santa \u00a0 Marta \u00a0 \u2013 \u00a0 \u00a0 \u00a0 Magdalena \u00a0 \u00a0 \u00a0\u2013. \u00a0\u00a0<\/p>\n<p>(iii)\u00a0 \u00a0En relaci\u00f3n con el tr\u00e1fico de \u00a0estupefacientes, \u00a0determinaron \u00a0las rutas para transportar coca\u00edna, as\u00ed: desde \u00a0Santa \u00a0Marta \u00a0a \u00a0Riohacha, \u00a0de \u00a0Aguachica \u00a0a \u00a0Riohacha y de all\u00ed a Maicao, para \u00a0terminar \u00a0la \u00a0traves\u00eda \u00a0en \u00a0la \u00a0Alta \u00a0Guajira, \u00a0lugar de env\u00edo del alcaloide a \u00a0Centro America. \u00a0\u00a0<\/p>\n<p>Tambi\u00e9n \u00a0 coordinaron \u00a0el \u00a0transporte \u00a0de \u00a0marihuana \u201cCREEPY\u201d desde Cal\u00ed hasta Medell\u00edn. \u00a0\u00a0<\/p>\n<p>(iv) \u00a0El 14 de febrero de 2012, capturaron a \u00a0Mario \u00a0Alejandro \u00a0Ni\u00f1o \u00a0y \u00a0dos \u00a0personas m\u00e1s, cuando transportaban armas desde \u00a0Medell\u00edn \u00a0a \u00a0Riohacha \u00a0en un bus de servicio p\u00fablico, en el cual se encontr\u00f3: \u00a0(1) \u00a0fusil marca Kruger 5.56, (4) pistolas Pietro Beretta, (38) proveedores para \u00a0pistola, \u00a0(30) \u00a0cartuchos \u00a05.56, \u00a0(500) cartuchos 9mm, (10) chalecos de asalto y \u00a0(7) porta proveedores para pistola. \u00a0\u00a0<\/p>\n<p>ACTUACI\u00d3N PROCESAL \u00a0<\/p>\n<p>1. En las audiencias preliminares realizadas \u00a0ante \u00a0el \u00a0Juez \u00a0Quinto \u00a0Penal Municipal con funci\u00f3n de control de garant\u00edas de \u00a0Medell\u00edn, \u00a0se \u00a0legaliz\u00f3, \u00a0el \u00a0allanamiento \u00a0y \u00a0la \u00a0captura \u00a0de Eliana Patricia \u00a0Mac\u00edas \u00a0Hern\u00e1ndez \u00a0como \u00a0de\u00a0 \u00a0Mario Alejandro Ni\u00f1o Garc\u00eda. La Fiscal\u00eda \u00a0General \u00a0de \u00a0la \u00a0Naci\u00f3n \u00a0le imput\u00f3 a Mac\u00edas Hern\u00e1ndez el delito de tr\u00e1fico, \u00a0fabricaci\u00f3n, \u00a0tr\u00e1fico \u00a0o \u00a0porte \u00a0de estupefacientes agravado y a Ni\u00f1o Garc\u00eda \u00a0los \u00a0delitos \u00a0de \u00a0concierto \u00a0para \u00a0delinquir \u00a0agravado, tr\u00e1fico, fabricaci\u00f3n o \u00a0porte \u00a0de \u00a0estupefacientes \u00a0agravado, fabricaci\u00f3n, tr\u00e1fico y porte de armas de \u00a0fuego \u00a0o \u00a0municiones \u00a0y \u00a0fabricaci\u00f3n, tr\u00e1fico y porte de armas y municiones de \u00a0uso \u00a0restringido, \u00a0de \u00a0uso \u00a0privativo \u00a0de \u00a0las fuerzas armadas o explosivos. Por \u00a0\u00faltimo, \u00a0el \u00a0juzgador \u00a0accedi\u00f3 \u00a0a \u00a0la solicitud de imposici\u00f3n de la medida de \u00a0aseguramiento \u00a0 consistente \u00a0 en \u00a0 detenci\u00f3n \u00a0 preventiva \u00a0 en \u00a0establecimiento \u00a0carcelario. \u00a0\u00a0<\/p>\n<p>2. \u00a0El \u00a020 \u00a0de \u00a0enero \u00a0de los corrientes, la \u00a0delegada \u00a0Fiscal present\u00f3 escrito de acusaci\u00f3n en contra de los imputados, por \u00a0los mismos delitos. \u00a0\u00a0<\/p>\n<p>3. \u00a0El \u00a012 \u00a0de febrero 2014, la Jueza Cuarta \u00a0Penal \u00a0 del \u00a0Circuito \u00a0Especializado \u00a0de \u00a0Medell\u00edn \u00a0instal\u00f3 \u00a0la \u00a0audiencia \u00a0de \u00a0formulaci\u00f3n \u00a0de \u00a0acusaci\u00f3n. El defensor de Eliana Patricia Mac\u00edas Hern\u00e1ndez, \u00a0en \u00a0el traslado del inciso 1\u00ba del art\u00edculo 339 de la Ley 906 de 2004, impugn\u00f3 \u00a0la competencia y adujo como razones: \u00a0\u00a0<\/p>\n<p>a. La noticia criminal fue presentada por un \u00a0Agente \u00a0de \u00a0la \u00a0DEA \u00a0en \u00a0Bogot\u00e1, \u00a0y \u00a0es \u00a0en esa ciudad donde se adelantaron las \u00a0investigaciones.\u00a0 \u00a0\u00a0<\/p>\n<p>b. \u00a0El \u00a0tr\u00e1fico \u00a0de \u00a0estupefacientes \u00a0tuvo \u00a0ocurrencia \u00a0en \u00a0Monter\u00eda, \u00a0la \u00a0Guajira, Barranquilla, Cartagena y Magdalena, es \u00a0decir, en jurisdicci\u00f3n diferente a la de Antioquia. \u00a0\u00a0<\/p>\n<p>c. \u00a0 Termina \u00a0 afirmando, \u00a0 que \u00a0 ante \u00a0la \u00a0inexistencia \u00a0de \u00a0un \u00a0fundamento \u00a0para \u00a0acusar \u00a0en \u00a0Medell\u00edn, \u00a0el \u00a0juicio \u00a0debe \u00a0adelantarse \u00a0en Bogot\u00e1 o en los juzgados especializados de la Costa Atl\u00e1ntica. \u00a0\u00a0<\/p>\n<p>4. \u00a0Por su parte, la Fiscal se opuso a dicha \u00a0pretensi\u00f3n \u00a0de \u00a0la \u00a0defensa, \u00a0manifestando \u00a0que \u00a0en \u00a0Medell\u00edn \u00a0se \u00a0encontraron \u00a0elementos \u00a0materiales \u00a0probatorios \u00a0fundamentales \u00a0y \u00a0es \u00a0prerrogativa \u00a0del Ente \u00a0Acusador, \u00a0determinar \u00a0el \u00a0lugar de acusaci\u00f3n cuando la conducta punible abarca \u00a0varios lugares o es realizada en el exterior. \u00a0\u00a0<\/p>\n<p>5. \u00a0A \u00a0su \u00a0turno, \u00a0el \u00a0Ministerio \u00a0P\u00fablico \u00a0coadyuv\u00f3 el razonamiento de la Fiscal\u00eda. \u00a0\u00a0<\/p>\n<p>CONSIDERACIONES \u00a0<\/p>\n<p>1. \u00a0El art\u00edculo 32, numeral 4 de la Ley 906 \u00a0del \u00a02004, \u00a0dispone \u00a0que \u00a0la \u00a0Corte \u00a0conoce \u00a0de \u00a0\u00abla \u00a0definici\u00f3n \u00a0de \u00a0competencia \u00a0cuando \u00a0se \u00a0trate \u00a0de \u00a0aforados constitucionales y \u00a0legales, \u00a0o \u00a0de \u00a0tribunales, o de juzgados de diferentes distritos\u00bb; \u00a0hip\u00f3tesis \u00a0a \u00a0la \u00a0cual \u00a0se acomoda la \u00a0situaci\u00f3n planteada en este asunto.\u00a0 \u00a0\u00a0<\/p>\n<p>2. El art\u00edculo 42 de la Ley 906 de 2004 hace \u00a0referencia \u00a0a la competencia territorial y se\u00f1ala que el territorio nacional se \u00a0divide \u00a0 \u00a0para \u00a0 \u00a0efectos \u00a0 \u00a0de \u00a0 \u00a0juzgamiento \u00a0 en \u00a0 distritos, \u00a0 circuitos \u00a0 y \u00a0municipios. \u00a0\u00a0<\/p>\n<p>Por \u00a0su \u00a0parte \u00a0el \u00a0art\u00edculo 43 de la misma \u00a0normatividad procesal, indica: \u00a0\u00a0<\/p>\n<p>\u00abEs competente para conocer del juzgamiento \u00a0el juez del lugar donde ocurri\u00f3 el delito. \u00a0\u00a0<\/p>\n<p>Cuando no fuere posible determinar el lugar \u00a0de \u00a0ocurrencia \u00a0del hecho, este se hubiere realizado en varios lugares, o en uno \u00a0incierto \u00a0o \u00a0en \u00a0el \u00a0extranjero, la competencia del juez de conocimiento se fija \u00a0por \u00a0el \u00a0lugar \u00a0donde se formule acusaci\u00f3n por parte de la Fiscal\u00eda General de \u00a0la \u00a0Naci\u00f3n, lo cual har\u00e1 donde se encuentren los elementos fundamentales de la \u00a0acusaci\u00f3n\u00bb. \u00a0\u00a0<\/p>\n<p>3. \u00a0En \u00a0ese \u00a0orden \u00a0de \u00a0ideas, \u00a0es necesario \u00a0advertir, \u00a0que \u00a0la \u00a0impugnaci\u00f3n de la competencia propuesta, se ofrece, no solo \u00a0innecesaria, \u00a0 \u00a0sino \u00a0 \u00a0contraria \u00a0 a \u00a0 claros \u00a0 principios \u00a0 de \u00a0 celeridad \u00a0 y \u00a0eficacia. \u00a0\u00a0<\/p>\n<p>La \u00a0Corte \u00a0ha \u00a0venido \u00a0repitiendo \u00a0de manera \u00a0infatigable, \u00a0y \u00a0lo reafirma una vez m\u00e1s, que en trat\u00e1ndose del inciso 2\u00ba del \u00a0art\u00edculo \u00a043 \u00a0de la Ley 906 de 2004, es la Fiscal\u00eda quien tiene la potestad de \u00a0escoger \u00a0el \u00a0juez \u00a0de conocimiento, decisi\u00f3n que \u00abno \u00a0es \u00a0arbitraria \u00a0ni \u00a0omn\u00edmoda sino que tal elecci\u00f3n est\u00e1 limitada por el lugar \u00a0de \u00a0ubicaci\u00f3n \u00a0de \u00a0la mayor cantidad y calidad de los &#8211; elementos fundamentales \u00a0de \u00a0la \u00a0acusaci\u00f3n \u00a0\u2013 CSJ \u00a0AP, \u00a0 \u00a0 15 \u00a0 \u00a0 de \u00a0 \u00a0julio \u00a0 \u00a0de \u00a0 \u00a02008, \u00a0 \u00a0rad \u00a0 \u00a0No. \u00a0 \u00a030152 \u00a0 \u00a0\u2013\u00bb. \u00a0\u00a0<\/p>\n<p>4. \u00a0Descendiendo \u00a0al \u00a0caso \u00a0que \u00a0ocupa \u00a0la \u00a0atenci\u00f3n \u00a0de la Sala, es palmario que el escrito de acusaci\u00f3n se\u00f1ala a Eliana \u00a0Patricia \u00a0Mac\u00edas \u00a0Hern\u00e1ndez \u00a0y \u00a0Mario \u00a0Alejandro Ni\u00f1o Garc\u00eda, como presuntos \u00a0integrantes \u00a0 de \u00a0 una \u00a0 probable \u00a0 banda \u00a0 criminal \u00a0dedicada \u00a0al \u00a0tr\u00e1fico \u00a0de \u00a0estupefacientes, \u00a0con \u00a0m\u00faltiples \u00a0tent\u00e1culos, \u00a0donde \u00a0sus \u00a0vasos \u00a0comunicantes \u00a0entrelazaban \u00a0varias ciudades, empero, el centro de operaciones lo determin\u00f3 la \u00a0Fiscal\u00eda \u00a0en \u00a0Medell\u00edn \u00a0\u2013 \u00a0Antioquia \u00a0 \u2013, \u00a0Aguachica \u00a0\u2013 \u00a0 Cesar \u00a0 \u2013, \u00a0 \u00a0 Santa \u00a0 \u00a0Marta \u00a0 \u00a0\u2013 \u00a0 \u00a0 \u00a0 Magdalena \u00a0 \u00a0 \u00a0\u2013, \u00a0 \u00a0Riohacha \u00a0 \u00a0y \u00a0 Maicao \u00a0 en \u00a0 la \u00a0Guajira. \u00a0\u00a0<\/p>\n<p>Por \u00a0lo \u00a0tanto, \u00a0ante \u00a0la \u00a0imposibilidad \u00a0de \u00a0establecer \u00a0 un \u00a0sitio \u00a0espec\u00edfico \u00a0de \u00a0recaudo \u00a0de \u00a0los \u00a0elementos \u00a0materiales \u00a0probatorios, \u00a0le \u00a0corresponde \u00a0a \u00a0la \u00a0Fiscal\u00eda \u00a0General de la Naci\u00f3n, armar el \u00a0rompecabezas \u00a0de \u00a0los \u00a0elementos \u00a0suasorios \u00a0y determinar de acuerdo a ellos, el \u00a0distrito judicial en el cual va a adelantar el juicio. \u00a0\u00a0<\/p>\n<p>5. \u00a0En \u00a0ese \u00a0orden \u00a0de \u00a0ideas, al momento de \u00a0presentar \u00a0la \u00a0Fiscal\u00eda \u00a0General \u00a0de \u00a0la \u00a0Naci\u00f3n \u00a0el escrito de acusaci\u00f3n, ya \u00a0est\u00e1n \u00a0en \u00a0manos \u00a0del \u00a0Fiscal delegado los elementos materiales probatorios que \u00a0har\u00e1 \u00a0valer \u00a0en \u00a0juicio, por lo tanto, cuestionar donde fueron recaudados o por \u00a0qui\u00e9n \u00a0se \u00a0recolectaron, \u00a0ninguna \u00a0incidencia \u00a0tiene frente a la escogencia del \u00a0Juez que adelantar\u00e1 el juicio. \u00a0\u00a0<\/p>\n<p>Por \u00a0ende, si la Fiscal encargada del asunto \u00a0present\u00f3 \u00a0el \u00a0escrito de acusaci\u00f3n ante uno de los jueces que, por competencia \u00a0a \u00a0prevenci\u00f3n, \u00a0tienen \u00a0plena legitimidad para conocer de lo solicitado, y ello \u00a0deviene \u00a0de su facultad de definir d\u00f3nde se hallan m\u00e1s a la mano los elementos \u00a0probatorios, \u00a0mal \u00a0puede \u00a0la defensa de Mac\u00edas Hern\u00e1ndez modificar la definida \u00a0intervenci\u00f3n \u00a0de \u00a0la \u00a0justicia, \u00a0pretextando sin raz\u00f3n, que los hechos por los \u00a0cuales \u00a0 se \u00a0 acusa \u00a0 a \u00a0su \u00a0defendida \u00a0no \u00a0tuvieron \u00a0ocurrencia \u00a0en \u00a0Medell\u00edn. \u00a0\u00a0<\/p>\n<p>Por \u00a0lo \u00a0expuesto, la Sala dispondr\u00e1 que la \u00a0competencia \u00a0para \u00a0conocer de la audiencia de acusaci\u00f3n, sea la Jueza Penal del \u00a0Circuito Especializado de Medell\u00edn. \u00a0\u00a0<\/p>\n<p>En \u00a0m\u00e9rito \u00a0de \u00a0lo \u00a0expuesto, \u00a0la \u00a0Sala \u00a0de \u00a0Casaci\u00f3n Penal de la Corte Suprema de Justicia, \u00a0\u00a0<\/p>\n<p>\u00a0 RESUELVE \u00a0\u00a0<\/p>\n<p>Declarar \u00a0que la competencia para conocer de \u00a0la \u00a0audiencia \u00a0de \u00a0acusaci\u00f3n \u00a0en contra de Eliana Patricia Mac\u00edas Hern\u00e1ndez y \u00a0Mario \u00a0Alejandro \u00a0Ni\u00f1o \u00a0Garc\u00eda, \u00a0le \u00a0corresponde \u00a0al \u00a0Juzgado Cuarto Penal del \u00a0Circuito \u00a0Especializado \u00a0de \u00a0Medell\u00edn, \u00a0a \u00a0quien \u00a0se \u00a0remitir\u00e1 \u00a0el expediente. \u00a0\u00a0<\/p>\n<p>Contra \u00a0esa \u00a0decisi\u00f3n \u00a0no \u00a0procede \u00a0recurso \u00a0alguno. \u00a0\u00a0<\/p>\n<p>Comun\u00edquese y c\u00famplase. \u00a0<\/p>\n<p>FERNANDO ALBERTO CASTRO CABALLERO \u00a0<\/p>\n<p>JOS\u00c9 LUIS BARCEL\u00d3 CAMACHO \u00a0<\/p>\n<p>JOS\u00c9 LEONIDAS BUSTOS MART\u00cdNEZ \u00a0<\/p>\n<p>EUGENIO FERN\u00c1NDEZ CARLIER \u00a0<\/p>\n<p>MAR\u00cdA DEL ROSARIO GONZ\u00c1LEZ MU\u00d1OZ \u00a0<\/p>\n<p>GUSTAVO ENRIQUE MALO FERN\u00c1NDEZ \u00a0<\/p>\n<p>EYDER PATI\u00d1O CABRERA \u00a0<\/p>\n<p>PATRICIA SALAZAR CU\u00c9LLAR \u00a0<\/p>\n<p>LUIS GUILLERMO SALAZAR OTERO \u00a0<\/p>\n<p>NUBIA YOLANDA NOVA GARC\u00cdA \u00a0<\/p>\n<p>Secretaria \u00a0 \u00a0<\/p>\n<p><\/p>\n","protected":false},"excerpt":{"rendered":"<p>\u00a0 \u00a0 CORTE SUPREMA DE JUSTICIA \u00a0 SALA DE CASACI\u00d3N PENAL \u00a0 PATRICIA SALAZAR CU\u00c9LLAR \u00a0 Magistrada ponente \u00a0 AP1701-2014 \u00a0 Radicaci\u00f3n N\u00b0 43476 \u00a0 Aprobado Acta No.93 \u00a0 Bogot\u00e1 \u00a0D.C., \u00a0dos \u00a0(2) \u00a0de marzo de dos mil \u00a0catorce (2014). \u00a0\u00a0 Procede \u00a0la \u00a0Sala \u00a0a resolver el incidente de \u00a0definici\u00f3n \u00a0de competencia propuesta por el [&hellip;]<\/p>\n","protected":false},"author":1,"featured_media":0,"comment_status":"open","ping_status":"open","sticky":false,"template":"","format":"standard","meta":{"footnotes":""},"categories":[22],"tags":[],"class_list":["post-28079","post","type-post","status-publish","format-standard","hentry","category-22"],"_links":{"self":[{"href":"https:\/\/dmsjuridica.com\/buscador_20179478954\/salapenalcronologico20230723\/wp-json\/wp\/v2\/posts\/28079","targetHints":{"allow":["GET"]}}],"collection":[{"href":"https:\/\/dmsjuridica.com\/buscador_20179478954\/salapenalcronologico20230723\/wp-json\/wp\/v2\/posts"}],"about":[{"href":"https:\/\/dmsjuridica.com\/buscador_20179478954\/salapenalcronologico20230723\/wp-json\/wp\/v2\/types\/post"}],"author":[{"embeddable":true,"href":"https:\/\/dmsjuridica.com\/buscador_20179478954\/salapenalcronologico20230723\/wp-json\/wp\/v2\/users\/1"}],"replies":[{"embeddable":true,"href":"https:\/\/dmsjuridica.com\/buscador_20179478954\/salapenalcronologico20230723\/wp-json\/wp\/v2\/comments?post=28079"}],"version-history":[{"count":0,"href":"https:\/\/dmsjuridica.com\/buscador_20179478954\/salapenalcronologico20230723\/wp-json\/wp\/v2\/posts\/28079\/revisions"}],"wp:attachment":[{"href":"https:\/\/dmsjuridica.com\/buscador_20179478954\/salapenalcronologico20230723\/wp-json\/wp\/v2\/media?parent=28079"}],"wp:term":[{"taxonomy":"category","embeddable":true,"href":"https:\/\/dmsjuridica.com\/buscador_20179478954\/salapenalcronologico20230723\/wp-json\/wp\/v2\/categories?post=28079"},{"taxonomy":"post_tag","embeddable":true,"href":"https:\/\/dmsjuridica.com\/buscador_20179478954\/salapenalcronologico20230723\/wp-json\/wp\/v2\/tags?post=28079"}],"curies":[{"name":"wp","href":"https:\/\/api.w.org\/{rel}","templated":true}]}}