{"id":28077,"date":"2023-09-13T14:12:11","date_gmt":"2023-09-13T14:12:11","guid":{"rendered":"https:\/\/dmsjuridica.com\/buscador_20179478954\/salapenalcronologico20230723\/2023\/09\/13\/ap1685-201442253\/"},"modified":"2023-09-13T14:12:11","modified_gmt":"2023-09-13T14:12:11","slug":"ap1685-201442253","status":"publish","type":"post","link":"https:\/\/dmsjuridica.com\/buscador_20179478954\/salapenalcronologico20230723\/2023\/09\/13\/ap1685-201442253\/","title":{"rendered":"AP1685-2014(42253)"},"content":{"rendered":"\n<p>\u00a0 \u00a0 CORTE SUPREMA DE JUSTICIA \u00a0<\/p>\n<p>SALA DE CASACI\u00d3N PENAL \u00a0<\/p>\n<p>EYDER PATI\u00d1O CABRERA \u00a0<\/p>\n<p>Magistrado ponente \u00a0<\/p>\n<p>AP1685-2014 \u00a0<\/p>\n<p>Radicaci\u00f3n n\u00b0 42253 \u00a0<\/p>\n<p>(Aprobado \u00a0Acta No. \u00a093) \u00a0\u00a0<\/p>\n<p>Bogot\u00e1 \u00a0D.C.,\u00a0 \u00a0dos (2) de abril de dos \u00a0mil catorce (2014). \u00a0\u00a0<\/p>\n<p>V \u00a0 \u00a0I \u00a0 \u00a0S \u00a0 T \u00a0 O \u00a0S \u00a0\u00a0<\/p>\n<p>Procede la Sala a considerar la viabilidad de \u00a0precluir \u00a0el \u00a0procedimiento \u00a0y \u00a0consecuentemente \u00a0archivar la actuaci\u00f3n, por la \u00a0muerte \u00a0 \u00a0del \u00a0 \u00a0procesado \u00a0 \u00a0Milton \u00a0 Yecibt \u00a0 Perea \u00a0Mosquera. \u00a0\u00a0<\/p>\n<p>ANTECEDENTES Y CONSIDERACIONES \u00a0<\/p>\n<p>1.- \u00a0Ante \u00a0el \u00a0Juzgado Civil del Circuito de \u00a0Itsmina \u00a0\u2013 Choc\u00f3, a cargo \u00a0del \u00a0doctor \u00a0Milton \u00a0Yecibt Perea Mosquera, \u00a0 Sunandmoon \u00a0Olave \u00a0Lozano, \u00a0abogada \u00a0y \u00a0endosataria de cheques de varios beneficiarios, cuyo \u00a0importe \u00a0ascend\u00eda \u00a0a \u00a0la \u00a0suma de $174\u00b4305.144.oo, present\u00f3 demanda ejecutiva \u00a0civil \u00a0de \u00a0menor \u00a0cuant\u00eda, \u00a0contra \u00a0el \u00a0municipio de Alto Baud\u00f3, que gir\u00f3 los \u00a0respectivos \u00a0t\u00edtulos valores, en el lapso corrido entre octubre de 2007 y enero \u00a0del \u00a0siguiente \u00a0a\u00f1o, \u00a0por \u00a0lo \u00a0que \u00a0el \u00a014 \u00a0de \u00a0febrero de 2008, el titular del \u00a0despacho \u00a0judicial, \u00a0libr\u00f3 \u00a0mandamiento de pago por el indicado valor, m\u00e1s los \u00a0intereses \u00a0moratorios \u00a0causados desde que la obligaci\u00f3n se hizo exigible, hasta \u00a0la \u00a0cancelaci\u00f3n total de la misma. Posteriormente, es decir, el 17 de abril del \u00a0mismo \u00a0 \u00a0a\u00f1o, \u00a0 \u00a0emiti\u00f3 \u00a0 \u00a0fallo \u00a0 \u00a0y \u00a0 dispuso \u00a0 seguir \u00a0 adelante \u00a0 con \u00a0 la \u00a0ejecuci\u00f3n. \u00a0\u00a0<\/p>\n<p>El \u00a010 \u00a0de junio de 2008, la profesional del \u00a0derecho, \u00a0radic\u00f3 la liquidaci\u00f3n del cr\u00e9dito por cuant\u00eda de $277\u00b4109.487.oo, \u00a0a \u00a0la \u00a0vez \u00a0que pidi\u00f3 la ampliaci\u00f3n de la medida cautelar, y durante los meses \u00a0de \u00a0 \u00a0agosto, \u00a0 \u00a0octubre \u00a0 \u00a0y \u00a0 \u00a0diciembre \u00a0 \u00a0de \u00a0 aquel \u00a0 a\u00f1o, \u00a0 present\u00f3 \u00a0 3 \u00a0solicitudes. \u00a0\u00a0<\/p>\n<p>El \u00a0implicado Perea \u00a0Mosquera, \u00a0con fechas del 3 de agosto, 30 de octubre y \u00a015 \u00a0de diciembre de 2009, decret\u00f3, embargos y retenciones, cada una por la suma \u00a0de \u00a0$1.006.484.739, \u00a0de los dineros del citado municipio, en diferentes cuentas, \u00a0entre \u00a0 las \u00a0 que \u00a0 obran \u00a0 la \u00a0 de \u00a0predial \u00a0ind\u00edgena \u00a0y \u00a0prop\u00f3sito \u00a0general, \u00a0determinaciones \u00a0que \u00a0la \u00a0secretaria del Juzgado formaliz\u00f3 ante los gerentes de \u00a0las \u00a0respectivas \u00a0entidades \u00a0bancarias \u00a0y \u00a0que aluden a montos que superaban con \u00a0creces \u00a0el \u00a0relativo \u00a0al \u00a0del \u00a0mandamiento \u00a0de \u00a0pago \u00a0que \u00a0se \u00a0dispuso \u00a0en dicho \u00a0diligenciamiento. \u00a0\u00a0<\/p>\n<p>2.- \u00a0El \u00a018 \u00a0de mayo de 2011, se le formul\u00f3 \u00a0imputaci\u00f3n \u00a0 \u00a0al \u00a0 \u00a0doctor \u00a0 Milton \u00a0 Yecibt \u00a0 Perea \u00a0Mosquera, \u00a0Juez \u00a0Civil \u00a0del \u00a0Circuito de Istmina y fue \u00a0acusado \u00a0el \u00a026 de julio siguiente, por los delitos de prevaricato por acci\u00f3n y \u00a0tentativa de peculado por apropiaci\u00f3n. \u00a0\u00a0<\/p>\n<p>El \u00a0Tribunal \u00a0Superior \u00a0de \u00a0Quibd\u00f3, en Sala \u00a0\u00danica \u00a0y \u00a0mediante sentencia del 4 de julio de 2013, lo conden\u00f3 a las penas de \u00a060 \u00a0meses \u00a0de \u00a0prisi\u00f3n \u00a0y multa de 95.875 salarios m\u00ednimos legales mensuales e \u00a0inhabilitaci\u00f3n \u00a0para el ejercicio de derechos y funciones p\u00fablicas, durante 88 \u00a0meses, \u00a0por \u00a0la \u00a0conducta \u00a0prevaricadora, mientras que lo absolvi\u00f3 del peculado \u00a0por \u00a0el que se le acus\u00f3. Adicionalmente, le neg\u00f3 los subrogados, raz\u00f3n por la \u00a0cual \u00a0pidi\u00f3 \u00a0al \u00a0juez \u00a0de \u00a0ejecuci\u00f3n \u00a0de \u00a0penas y medidas de seguridad, que lo \u00a0dejara \u00a0a \u00a0disposici\u00f3n \u00a0de \u00a0este \u00a0proceso, \u00a0en cuanto cesaran las causas que lo \u00a0tienen en aflicci\u00f3n corporal por cuenta de otro. \u00a0\u00a0<\/p>\n<p>3.- Contra la anterior decisi\u00f3n, el defensor \u00a0interpuso \u00a0el \u00a0recurso \u00a0de \u00a0apelaci\u00f3n, \u00a0que \u00a0corresponder\u00eda \u00a0resolver \u00a0a \u00a0esta \u00a0Corporaci\u00f3n, \u00a0de \u00a0no \u00a0ser porque se alleg\u00f3 el informe secretarial con el anexo \u00a0correspondiente \u00a0al \u00a0registro \u00a0de \u00a0defunci\u00f3n del procesado, que da cuenta de la \u00a0muerte \u00a0de \u00a0\u00e9ste, \u00a0ocurrida \u00a0el 7 de octubre de 2013, episodio que imposibilita \u00a0continuar \u00a0con \u00a0el \u00a0ejercicio de la persecuci\u00f3n penal y hace imperioso decretar \u00a0la \u00a0preclusi\u00f3n, \u00a0al \u00a0traducirse \u00a0en causal objetiva de extinci\u00f3n de la acci\u00f3n \u00a0penal, \u00a0conforme \u00a0al \u00a0art\u00edculo \u00a082.1 \u00a0del Estatuto punitivo, en armon\u00eda con el \u00a0332.1 de la Ley 906 de 2004. \u00a0\u00a0<\/p>\n<p>Al \u00a0 efecto, \u00a0 se \u00a0dispondr\u00e1 \u00a0el \u00a0archivo \u00a0definitivo \u00a0de la actuaci\u00f3n y su devoluci\u00f3n al Tribunal de origen, en donde se \u00a0deber\u00e1n realizar las anotaciones y cancelaciones que correspondan. \u00a0\u00a0<\/p>\n<p>En \u00a0m\u00e9rito \u00a0de \u00a0lo \u00a0expuesto, \u00a0la \u00a0Sala \u00a0de \u00a0Casaci\u00f3n Penal de la Corte Suprema de Justicia, \u00a0\u00a0<\/p>\n<p>RESUELVE \u00a0<\/p>\n<p>Precluir \u00a0el presente procedimiento, dada la \u00a0muerte \u00a0 \u00a0del \u00a0 \u00a0doctor \u00a0 \u00a0Milton \u00a0 \u00a0Yecibt \u00a0 \u00a0Perea \u00a0Mosquera \u00a0y \u00a0archivarlo \u00a0de manera definitiva, previas \u00a0anotaciones \u00a0y cancelaciones de rigor, por parte del Tribunal de origen, a donde \u00a0se remitir\u00e1 la actuaci\u00f3n. \u00a0\u00a0<\/p>\n<p>Notif\u00edquese y c\u00famplase \u00a0<\/p>\n<p>FERNANDO ALBERTO CASTRO CABALLERO \u00a0<\/p>\n<p>JOS\u00c9 LUIS BARCEL\u00d3 CAMACHO \u00a0<\/p>\n<p>JOS\u00c9 LEONIDAS BUSTOS MART\u00cdNEZ \u00a0<\/p>\n<p>EUGENIO FERN\u00c1NDEZ CARLIER \u00a0<\/p>\n<p>MAR\u00cdA \u00a0 \u00a0DEL \u00a0 \u00a0ROSARIO \u00a0 G\u00d3NZALEZ \u00a0 \u00a0 \u00a0 \u00a0 \u00a0 \u00a0MU\u00d1\u00d3Z \u00a0\u00a0<\/p>\n<p>GUSTAVO ENRIQUE MALO FERN\u00c1NDEZ \u00a0<\/p>\n<p>EYDER PATI\u00d1O CABRERA \u00a0<\/p>\n<p>PATRICIA SALAZAR CUELLAR \u00a0<\/p>\n<p>LUIS GUILLERMO SALAZAR OTERO \u00a0<\/p>\n<p>NUBIA YOLANDA NOVA GARC\u00cdA \u00a0<\/p>\n<p>Secretaria \u00a0<\/p>\n<p>\u00a0 \u00a0\u00a0<\/p>\n<p><\/p>\n","protected":false},"excerpt":{"rendered":"<p>\u00a0 \u00a0 CORTE SUPREMA DE JUSTICIA \u00a0 SALA DE CASACI\u00d3N PENAL \u00a0 EYDER PATI\u00d1O CABRERA \u00a0 Magistrado ponente \u00a0 AP1685-2014 \u00a0 Radicaci\u00f3n n\u00b0 42253 \u00a0 (Aprobado \u00a0Acta No. \u00a093) \u00a0\u00a0 Bogot\u00e1 \u00a0D.C.,\u00a0 \u00a0dos (2) de abril de dos \u00a0mil catorce (2014). \u00a0\u00a0 V \u00a0 \u00a0I \u00a0 \u00a0S \u00a0 T \u00a0 O \u00a0S \u00a0\u00a0 Procede la [&hellip;]<\/p>\n","protected":false},"author":1,"featured_media":0,"comment_status":"open","ping_status":"open","sticky":false,"template":"","format":"standard","meta":{"footnotes":""},"categories":[22],"tags":[],"class_list":["post-28077","post","type-post","status-publish","format-standard","hentry","category-22"],"_links":{"self":[{"href":"https:\/\/dmsjuridica.com\/buscador_20179478954\/salapenalcronologico20230723\/wp-json\/wp\/v2\/posts\/28077","targetHints":{"allow":["GET"]}}],"collection":[{"href":"https:\/\/dmsjuridica.com\/buscador_20179478954\/salapenalcronologico20230723\/wp-json\/wp\/v2\/posts"}],"about":[{"href":"https:\/\/dmsjuridica.com\/buscador_20179478954\/salapenalcronologico20230723\/wp-json\/wp\/v2\/types\/post"}],"author":[{"embeddable":true,"href":"https:\/\/dmsjuridica.com\/buscador_20179478954\/salapenalcronologico20230723\/wp-json\/wp\/v2\/users\/1"}],"replies":[{"embeddable":true,"href":"https:\/\/dmsjuridica.com\/buscador_20179478954\/salapenalcronologico20230723\/wp-json\/wp\/v2\/comments?post=28077"}],"version-history":[{"count":0,"href":"https:\/\/dmsjuridica.com\/buscador_20179478954\/salapenalcronologico20230723\/wp-json\/wp\/v2\/posts\/28077\/revisions"}],"wp:attachment":[{"href":"https:\/\/dmsjuridica.com\/buscador_20179478954\/salapenalcronologico20230723\/wp-json\/wp\/v2\/media?parent=28077"}],"wp:term":[{"taxonomy":"category","embeddable":true,"href":"https:\/\/dmsjuridica.com\/buscador_20179478954\/salapenalcronologico20230723\/wp-json\/wp\/v2\/categories?post=28077"},{"taxonomy":"post_tag","embeddable":true,"href":"https:\/\/dmsjuridica.com\/buscador_20179478954\/salapenalcronologico20230723\/wp-json\/wp\/v2\/tags?post=28077"}],"curies":[{"name":"wp","href":"https:\/\/api.w.org\/{rel}","templated":true}]}}