{"id":27915,"date":"2023-09-13T14:12:01","date_gmt":"2023-09-13T14:12:01","guid":{"rendered":"https:\/\/dmsjuridica.com\/buscador_20179478954\/salapenalcronologico20230723\/2023\/09\/13\/ap1026-201441657\/"},"modified":"2023-09-13T14:12:01","modified_gmt":"2023-09-13T14:12:01","slug":"ap1026-201441657","status":"publish","type":"post","link":"https:\/\/dmsjuridica.com\/buscador_20179478954\/salapenalcronologico20230723\/2023\/09\/13\/ap1026-201441657\/","title":{"rendered":"AP1026-2014(41657)"},"content":{"rendered":"\n<p>\u00a0 \u00a0 CORTE SUPREMA DE JUSTICIA \u00a0<\/p>\n<p>SALA DE CASACI\u00d3N PENAL \u00a0<\/p>\n<p>JOS\u00c9 LUIS BARCEL\u00d3 CAMACHO \u00a0<\/p>\n<p>Magistrado Ponente \u00a0<\/p>\n<p>AP1026-2014 \u00a0<\/p>\n<p>Radicaci\u00f3n N\u00b0 41.657 \u00a0<\/p>\n<p>Aprobado acta N\u00b0 061 \u00a0<\/p>\n<p>Bogot\u00e1, \u00a0D. \u00a0C., cinco (05) de marzo de dos \u00a0mil catorce (2014). \u00a0\u00a0<\/p>\n<p>MOTIVO DE LA DECISI\u00d3N \u00a0<\/p>\n<p>La \u00a0Sala \u00a0se \u00a0pronuncia sobre el impedimento \u00a0que, \u00a0para \u00a0conocer \u00a0la acci\u00f3n de revisi\u00f3n interpuesta a favor de Kennedy \u00a0Castro S\u00e1nchez, formula el se\u00f1or \u00a0magistrado Eugenio Fern\u00e1ndez Carlier. \u00a0\u00a0<\/p>\n<p>CONSIDERACIONES DE LA CORTE \u00a0<\/p>\n<p>En \u00a0audiencia \u00a0del \u00a0pasado \u00a017 \u00a0de \u00a0febrero, \u00a0prevista \u00a0para que se presentaran los alegatos dentro de la revisi\u00f3n instaurada \u00a0a \u00a0favor del se\u00f1or Kennedy Castro S\u00e1nchez, \u00a0el \u00a0se\u00f1or \u00a0magistrado \u00a0Eugenio \u00a0Fern\u00e1ndez \u00a0Carlier \u00a0se declar\u00f3 \u00a0impedido \u00a0para \u00a0conocer \u00a0del asunto, por cuanto fue uno de los integrantes de la \u00a0Sala \u00a0de \u00a0Decisi\u00f3n \u00a0Penal \u00a0del \u00a0Tribunal Superior de Bucaramanga que adopt\u00f3 la \u00a0sentencia \u00a0 \u00a0condenatoria \u00a0 \u00a0de \u00a0 segunda \u00a0 instancia, \u00a0 objeto \u00a0 del \u00a0 presente \u00a0tr\u00e1mite. \u00a0\u00a0<\/p>\n<p>En \u00a0 esas \u00a0 condiciones, \u00a0se \u00a0cumplen \u00a0las \u00a0exigencias \u00a0del \u00a0impedimento \u00a0especial de que trata el art\u00edculo 197 del C\u00f3digo \u00a0de \u00a0Procedimiento \u00a0Penal, \u00a0por cuanto el doctor Fern\u00e1ndez Carlier suscribi\u00f3 la \u00a0decisi\u00f3n objeto de la acci\u00f3n de revisi\u00f3n. \u00a0\u00a0<\/p>\n<p>En consecuencia, se aceptar\u00e1 el impedimento \u00a0y \u00a0el \u00a0funcionario \u00a0no \u00a0intervendr\u00e1 \u00a0en \u00a0el \u00a0tr\u00e1mite \u00a0y decisi\u00f3n que le ponga \u00a0fin. \u00a0\u00a0<\/p>\n<p>Consecuente con lo expuesto, la Sala \u00a0de Casaci\u00f3n Penal de la Corte Suprema de Justicia, \u00a0\u00a0<\/p>\n<p>RESUELVE \u00a0<\/p>\n<p>Aceptar \u00a0 \u00a0el \u00a0impedimento \u00a0 formulado \u00a0por \u00a0el \u00a0magistrado,\u00a0 \u00a0doctor \u00a0Eugenio \u00a0Fern\u00e1ndez \u00a0Carlier. \u00a0\u00a0<\/p>\n<p>En consecuencia, el mismo no intervendr\u00e1 en \u00a0el \u00a0tr\u00e1mite \u00a0y \u00a0decisi\u00f3n \u00a0de \u00a0la \u00a0acci\u00f3n \u00a0de revisi\u00f3n instaurada en favor de \u00a0Kennedy \u00a0 \u00a0 \u00a0 \u00a0Castro \u00a0 \u00a0 \u00a0 S\u00e1nchez. \u00a0\u00a0<\/p>\n<p>Notif\u00edquese y c\u00famplase. \u00a0<\/p>\n<p>FERNANDO ALBERTO CASTRO CABALLERO \u00a0<\/p>\n<p>JOS\u00c9 LUIS BARCEL\u00d3 CAMACHO \u00a0<\/p>\n<p>JOS\u00c9 LEONIDAS BUSTOS MART\u00cdNEZ \u00a0<\/p>\n<p>MAR\u00cdA \u00a0 \u00a0 DEL \u00a0 \u00a0ROSARIO \u00a0 \u00a0GONZ\u00c1LEZ \u00a0MU\u00d1OZ \u00a0\u00a0<\/p>\n<p>GUSTAVO ENRIQUE MALO FERN\u00c1NDEZ \u00a0<\/p>\n<p>EYDER PATI\u00d1O CABRERA \u00a0<\/p>\n<p>LUIS GUILLERMO SALAZAR OTERO \u00a0<\/p>\n<p>NUBIA YOLANDA NOVA GARC\u00cdA \u00a0<\/p>\n<p>Secretaria \u00a0<\/p>\n<p>\u00a0 \u00a0\u00a0<\/p>\n<p><\/p>\n","protected":false},"excerpt":{"rendered":"<p>\u00a0 \u00a0 CORTE SUPREMA DE JUSTICIA \u00a0 SALA DE CASACI\u00d3N PENAL \u00a0 JOS\u00c9 LUIS BARCEL\u00d3 CAMACHO \u00a0 Magistrado Ponente \u00a0 AP1026-2014 \u00a0 Radicaci\u00f3n N\u00b0 41.657 \u00a0 Aprobado acta N\u00b0 061 \u00a0 Bogot\u00e1, \u00a0D. \u00a0C., cinco (05) de marzo de dos \u00a0mil catorce (2014). \u00a0\u00a0 MOTIVO DE LA DECISI\u00d3N \u00a0 La \u00a0Sala \u00a0se \u00a0pronuncia sobre el [&hellip;]<\/p>\n","protected":false},"author":1,"featured_media":0,"comment_status":"open","ping_status":"open","sticky":false,"template":"","format":"standard","meta":{"footnotes":""},"categories":[22],"tags":[],"class_list":["post-27915","post","type-post","status-publish","format-standard","hentry","category-22"],"_links":{"self":[{"href":"https:\/\/dmsjuridica.com\/buscador_20179478954\/salapenalcronologico20230723\/wp-json\/wp\/v2\/posts\/27915","targetHints":{"allow":["GET"]}}],"collection":[{"href":"https:\/\/dmsjuridica.com\/buscador_20179478954\/salapenalcronologico20230723\/wp-json\/wp\/v2\/posts"}],"about":[{"href":"https:\/\/dmsjuridica.com\/buscador_20179478954\/salapenalcronologico20230723\/wp-json\/wp\/v2\/types\/post"}],"author":[{"embeddable":true,"href":"https:\/\/dmsjuridica.com\/buscador_20179478954\/salapenalcronologico20230723\/wp-json\/wp\/v2\/users\/1"}],"replies":[{"embeddable":true,"href":"https:\/\/dmsjuridica.com\/buscador_20179478954\/salapenalcronologico20230723\/wp-json\/wp\/v2\/comments?post=27915"}],"version-history":[{"count":0,"href":"https:\/\/dmsjuridica.com\/buscador_20179478954\/salapenalcronologico20230723\/wp-json\/wp\/v2\/posts\/27915\/revisions"}],"wp:attachment":[{"href":"https:\/\/dmsjuridica.com\/buscador_20179478954\/salapenalcronologico20230723\/wp-json\/wp\/v2\/media?parent=27915"}],"wp:term":[{"taxonomy":"category","embeddable":true,"href":"https:\/\/dmsjuridica.com\/buscador_20179478954\/salapenalcronologico20230723\/wp-json\/wp\/v2\/categories?post=27915"},{"taxonomy":"post_tag","embeddable":true,"href":"https:\/\/dmsjuridica.com\/buscador_20179478954\/salapenalcronologico20230723\/wp-json\/wp\/v2\/tags?post=27915"}],"curies":[{"name":"wp","href":"https:\/\/api.w.org\/{rel}","templated":true}]}}