{"id":27827,"date":"2023-09-13T14:11:56","date_gmt":"2023-09-13T14:11:56","guid":{"rendered":"https:\/\/dmsjuridica.com\/buscador_20179478954\/salapenalcronologico20230723\/2023\/09\/13\/ahp4153-201444242\/"},"modified":"2023-09-13T14:11:56","modified_gmt":"2023-09-13T14:11:56","slug":"ahp4153-201444242","status":"publish","type":"post","link":"https:\/\/dmsjuridica.com\/buscador_20179478954\/salapenalcronologico20230723\/2023\/09\/13\/ahp4153-201444242\/","title":{"rendered":"AHP4153-2014(44242)"},"content":{"rendered":"\n<p>\u00a0 \u00a0 CORTE SUPREMA DE JUSTICIA \u00a0<\/p>\n<p>SALA DE CASACI\u00d3N PENAL \u00a0<\/p>\n<p>Radicaci\u00f3n 44242 \u00a0<\/p>\n<p>Bogot\u00e1 \u00a0D.C., \u00a0julio veinticinco (25) de dos \u00a0mil catorce (2014). \u00a0\u00a0<\/p>\n<p>AHP4153-2014 \u00a0<\/p>\n<p>VISTOS: \u00a0<\/p>\n<p>Se \u00a0resuelve la impugnaci\u00f3n interpuesta por \u00a0el \u00a0procesado \u00a0JUAN \u00a0CAMILO \u00a0CABRERA \u00a0OSORIO, \u00a0privado \u00a0de \u00a0su \u00a0libertad \u00a0en \u00a0la \u00a0Penitenciar\u00eda \u00a0Nacional \u00a0de \u00a0Picale\u00f1a, \u00a0contra \u00a0el \u00a0auto \u00a0de \u00a0julio 8 de 2014, \u00a0mediante \u00a0el \u00a0cual \u00a0un \u00a0Magistrado \u00a0de \u00a0la \u00a0Sala \u00a0Penal del Tribunal Superior de \u00a0Ibagu\u00e9 \u00a0declar\u00f3 \u00a0improcedente \u00a0la \u00a0acci\u00f3n \u00a0de \u00a0h\u00e1beas corpus instaurada a su \u00a0nombre por el abogado Gonzalo Mart\u00ednez Villalobos. \u00a0\u00a0<\/p>\n<p>ANTECEDENTES Y CONSIDERACIONES: \u00a0<\/p>\n<p>1. \u00a0Se\u00f1al\u00f3 \u00a0el \u00a0accionante \u00a0que \u00a0CABRERA \u00a0OSORIO, \u00a0en \u00a0relaci\u00f3n \u00a0con \u00a0hechos \u00a0ocurridos el 3 de \u00a0septiembre \u00a0de \u00a02011, fue condenado el 29 de marzo de 2012, por hurto calificado \u00a0y \u00a0agravado, \u00a0a \u00a036 meses de prisi\u00f3n. Se encuentra privado de la libertad desde \u00a0el 4 de septiembre de 2011. \u00a0\u00a0<\/p>\n<p>El \u00a03 \u00a0de junio de 2014 la oficina jur\u00eddica \u00a0del \u00a0establecimiento \u00a0carcelario \u00a0en el cual permanece recluido, le solicit\u00f3 al \u00a0Juzgado \u00a02\u00ba \u00a0de \u00a0Ejecuci\u00f3n \u00a0de \u00a0Penas \u00a0y \u00a0Medidas \u00a0de \u00a0Seguridad de Ibagu\u00e9 su \u00a0libertad \u00a0 \u00a0 condicional, \u00a0 \u00a0 previa \u00a0 \u00a0la \u00a0 \u00a0correspondiente \u00a0 \u00a0\u201credenci\u00f3n \u00a0de \u00a0penas\u201d. \u00a0Para cuando fue \u00a0presentada \u00a0la \u00a0acci\u00f3n \u00a0de \u00a0h\u00e1beas corpus el 8 de julio siguiente ese despacho \u00a0judicial \u00a0no \u00a0le hab\u00eda notificado al sentenciado la decisi\u00f3n correspondiente y \u00a0bajo \u00a0esa circunstancia, teniendo en cuenta que \u00e9ste, con descuento de pena por \u00a0estudio, \u00a0hab\u00eda \u00a0purgado \u00a039 \u00a0meses \u00a0de \u00a0prisi\u00f3n, procede ordenar su libertad. \u00a0\u00a0<\/p>\n<p>2. \u00a0El Tribunal de \u00a0primera \u00a0 instancia \u00a0 dispuso \u00a0 \u201cnegar \u00a0la \u00a0acci\u00f3n \u00a0constitucional\u201d. \u00a0 \u00a0Fundamentalmente \u00a0 porque \u00a0 se \u00a0comprob\u00f3 \u00a0 en \u00a0 el \u00a0 tr\u00e1mite \u00a0 que \u00a0 la \u00a0 petici\u00f3n \u00a0de \u00a0libertad \u00a0condicional \u00a0\u201cfue \u00a0resuelta \u00a0de \u00a0fondo \u00a0por parte de la autoridad \u00a0judicial competente\u201d. \u00a0\u00a0<\/p>\n<p>En \u00a0 contra \u00a0 de \u00a0la \u00a0providencia \u00a0de \u00a0esa \u00a0Corporaci\u00f3n \u00a0judicial \u00a0el \u00a0condenado \u00a0interpuso \u00a0el \u00a0recurso de apelaci\u00f3n y no \u00a0present\u00f3 sustentaci\u00f3n. \u00a0\u00a0<\/p>\n<p>3. Para la Corte es \u00a0infundada \u00a0la \u00a0solicitud \u00a0de \u00a0h\u00e1beas \u00a0corpus. \u00a0Como \u00a0correspond\u00eda, el despacho \u00a0judicial \u00a0a cargo de la ejecuci\u00f3n de la pena de prisi\u00f3n impuesta a JUAN CAMILO \u00a0CABRERA \u00a0OSORIO \u00a0resolvi\u00f3 \u00a0adversamente \u00a0la \u00a0solicitud \u00a0de libertad condicional \u00a0realizada \u00a0a \u00a0su nombre el 3 de junio de 2014. Con ello desapareci\u00f3 la omisi\u00f3n \u00a0judicial \u00a0con \u00a0sustento \u00a0en \u00a0la \u00a0cual \u00a0el actor demand\u00f3 del Juez constitucional \u00a0resolver \u00a0la \u00a0solicitud \u00a0de \u00a0libertad \u00a0\u2013concedi\u00e9ndola\u2014 \u00a0y surgi\u00f3 la posibilidad para el sentenciado de impugnar a trav\u00e9s \u00a0de \u00a0los \u00a0recursos ordinarios el pronunciamiento que le neg\u00f3 el subrogado penal. \u00a0En \u00a0consecuencia, \u00a0son esos los mecanismos a su disposici\u00f3n para insistir en su \u00a0pretensi\u00f3n y no la acci\u00f3n de h\u00e1beas corpus. \u00a0\u00a0<\/p>\n<p>Ning\u00fan \u00a0reproche, \u00a0en \u00a0conclusi\u00f3n, \u00a0cabe \u00a0formularle \u00a0a \u00a0la \u00a0decisi\u00f3n \u00a0de \u00a0la \u00a0primera \u00a0instancia. Por ende, SE \u00a0DISPONE \u00a0su \u00a0confirmaci\u00f3n y\u00a0 el retorno de la actuaci\u00f3n a \u00a0la oficina de origen. \u00a0\u00a0<\/p>\n<p>Notif\u00edquese y c\u00famplase \u00a0<\/p>\n<p>PATRICIA \u00a0 SALAZAR \u00a0CU\u00c8LLAR \u00a0\u00a0<\/p>\n<p>Magistrada \u00a0<\/p>\n<p>NUBIA YOLANDA NOVA GARC\u00cdA \u00a0<\/p>\n<p>Secretaria \u00a0 \u00a0<\/p>\n<p><\/p>\n","protected":false},"excerpt":{"rendered":"<p>\u00a0 \u00a0 CORTE SUPREMA DE JUSTICIA \u00a0 SALA DE CASACI\u00d3N PENAL \u00a0 Radicaci\u00f3n 44242 \u00a0 Bogot\u00e1 \u00a0D.C., \u00a0julio veinticinco (25) de dos \u00a0mil catorce (2014). \u00a0\u00a0 AHP4153-2014 \u00a0 VISTOS: \u00a0 Se \u00a0resuelve la impugnaci\u00f3n interpuesta por \u00a0el \u00a0procesado \u00a0JUAN \u00a0CAMILO \u00a0CABRERA \u00a0OSORIO, \u00a0privado \u00a0de \u00a0su \u00a0libertad \u00a0en \u00a0la \u00a0Penitenciar\u00eda \u00a0Nacional \u00a0de \u00a0Picale\u00f1a, \u00a0contra \u00a0el \u00a0auto [&hellip;]<\/p>\n","protected":false},"author":1,"featured_media":0,"comment_status":"open","ping_status":"open","sticky":false,"template":"","format":"standard","meta":{"footnotes":""},"categories":[22],"tags":[],"class_list":["post-27827","post","type-post","status-publish","format-standard","hentry","category-22"],"_links":{"self":[{"href":"https:\/\/dmsjuridica.com\/buscador_20179478954\/salapenalcronologico20230723\/wp-json\/wp\/v2\/posts\/27827","targetHints":{"allow":["GET"]}}],"collection":[{"href":"https:\/\/dmsjuridica.com\/buscador_20179478954\/salapenalcronologico20230723\/wp-json\/wp\/v2\/posts"}],"about":[{"href":"https:\/\/dmsjuridica.com\/buscador_20179478954\/salapenalcronologico20230723\/wp-json\/wp\/v2\/types\/post"}],"author":[{"embeddable":true,"href":"https:\/\/dmsjuridica.com\/buscador_20179478954\/salapenalcronologico20230723\/wp-json\/wp\/v2\/users\/1"}],"replies":[{"embeddable":true,"href":"https:\/\/dmsjuridica.com\/buscador_20179478954\/salapenalcronologico20230723\/wp-json\/wp\/v2\/comments?post=27827"}],"version-history":[{"count":0,"href":"https:\/\/dmsjuridica.com\/buscador_20179478954\/salapenalcronologico20230723\/wp-json\/wp\/v2\/posts\/27827\/revisions"}],"wp:attachment":[{"href":"https:\/\/dmsjuridica.com\/buscador_20179478954\/salapenalcronologico20230723\/wp-json\/wp\/v2\/media?parent=27827"}],"wp:term":[{"taxonomy":"category","embeddable":true,"href":"https:\/\/dmsjuridica.com\/buscador_20179478954\/salapenalcronologico20230723\/wp-json\/wp\/v2\/categories?post=27827"},{"taxonomy":"post_tag","embeddable":true,"href":"https:\/\/dmsjuridica.com\/buscador_20179478954\/salapenalcronologico20230723\/wp-json\/wp\/v2\/tags?post=27827"}],"curies":[{"name":"wp","href":"https:\/\/api.w.org\/{rel}","templated":true}]}}