{"id":27643,"date":"2023-09-12T19:54:42","date_gmt":"2023-09-12T19:54:42","guid":{"rendered":"https:\/\/dmsjuridica.com\/buscador_20179478954\/salapenalcronologico20230723\/2023\/09\/12\/4269820-11-13\/"},"modified":"2023-09-12T19:54:42","modified_gmt":"2023-09-12T19:54:42","slug":"4269820-11-13","status":"publish","type":"post","link":"https:\/\/dmsjuridica.com\/buscador_20179478954\/salapenalcronologico20230723\/2023\/09\/12\/4269820-11-13\/","title":{"rendered":"42698(20-11-13)"},"content":{"rendered":"\n<p>\u00a0 \u00a0 CORTE SUPREMA DE JUSTICIA \u00a0<\/p>\n<p>SALA DE CASACI\u00d3N PENAL \u00a0<\/p>\n<p>Magistrado Ponente \u00a0<\/p>\n<p>JOS\u00c9 LUIS BARCEL\u00d3 CAMACHO \u00a0<\/p>\n<p>Aprobado \u00a0 acta \u00a0 N\u00b0 \u00a0386 \u00a0\u00a0<\/p>\n<p>Bogot\u00e1, \u00a0D. \u00a0C., \u00a0veinte \u00a0 \u00a0(20) \u00a0 \u00a0 \u00a0 \u00a0de \u00a0 \u00a0 \u00a0 \u00a0noviembre \u00a0de \u00a0dos \u00a0 \u00a0 mil \u00a0 \u00a0 trece \u00a0(2013) \u00a0\u00a0<\/p>\n<p>V \u00a0 \u00a0I \u00a0 S \u00a0 T \u00a0 O \u00a0S \u00a0\u00a0<\/p>\n<p>Procede \u00a0la \u00a0Sala a resolver el impedimento \u00a0manifestado \u00a0por el Magistrado del Tribunal Superior Militar, Capit\u00e1n de Nav\u00edo \u00a0\u00ae \u00a0 \u00a0Carlos \u00a0 Alberto \u00a0 Dulce \u00a0 Pereira, \u00a0dentro \u00a0del \u00a0tr\u00e1mite \u00a0que \u00a0se adelanta en contra de \u00a0 \u00a0 \u00a0 LILIANA \u00a0 \u00a0 \u00a0 MAR\u00cdA \u00a0 \u00a0 \u00a0 FL\u00d3REZ \u00a0 \u00a0 \u00a0 BOL\u00cdVAR. \u00a0\u00a0<\/p>\n<p>ANTECEDENTES \u00a0PROCESALES \u00a0RELEVANTES \u00a0\u00a0<\/p>\n<p>1. \u00a0El \u00a0Capit\u00e1n \u00a0de \u00a0Nav\u00edo Mart\u00edn Alonso \u00a0Qui\u00f1ones \u00a0Pacheco, \u00a0Coordinador \u00a0de \u00a0la \u00a0Justicia \u00a0Penal \u00a0Militar \u00a0de la Armada \u00a0Nacional, \u00a0denunci\u00f3 \u00a0penalmente, \u00a0el \u00a011 \u00a0de \u00a0junio \u00a0de \u00a02013, a la Capitana de \u00a0Corbeta \u00a0LILIANA \u00a0MAR\u00cdA \u00a0FL\u00d3REZ BOL\u00cdVAR \u00a0por \u00a0presuntas \u00a0irregularidades \u00a0cometidas \u00a0durante su desempe\u00f1o \u00a0como \u00a0Juez \u00a0105 \u00a0de \u00a0Instrucci\u00f3n \u00a0Penal Militar, espec\u00edficamente en el proceso \u00a02853 \u00a0seguido \u00a0en \u00a0contra del CN. N\u00e9stor Alfonso Segura Mora y relacionadas con \u00a0una \u00a0constancia \u00a0aportada \u00a0a \u00a0dicha \u00a0actuaci\u00f3n, \u00a0calendada \u00a0el \u00a019 \u00a0de julio de \u00a02011.1 \u00a0\u00a0<\/p>\n<p>2. \u00a0Bajo las preceptivas contempladas en el \u00a0art\u00edculo \u00a0451 \u00a0de \u00a0la \u00a0Ley 522 de 1999, la Teniente Coronel \u00ae Jacqueline Rubio \u00a0Barrera, \u00a0Magistrada \u00a0del \u00a0Tribunal Superior Militar y competente para adelantar \u00a0la \u00a0 correspondiente \u00a0 investigaci\u00f3n, \u00a0 atendiendo \u00a0 la \u00a0calidad \u00a0foral \u00a0de \u00a0la \u00a0denunciada, \u00a0orden\u00f3, \u00a0con \u00a0auto \u00a0del \u00a026 \u00a0de \u00a0junio \u00a0de \u00a02013, \u00a0la \u00a0apertura de \u00a0indagaci\u00f3n \u00a0 preliminar \u00a0y \u00a0la \u00a0pr\u00e1ctica \u00a0de \u00a0varias \u00a0pruebas, \u00a0para \u00a0lo \u00a0cual \u00a0comision\u00f3 \u00a0 al \u00a0 Juzgado \u00a0 76 \u00a0 de \u00a0 Instrucci\u00f3n \u00a0 Penal \u00a0Militar.2 \u00a0\u00a0<\/p>\n<p>3. \u00a0Con \u00a0auto del 18 de octubre de 2013, el \u00a0despacho \u00a0 en \u00a0 cita, \u00a0 una \u00a0 vez \u00a0 cumplida \u00a0la \u00a0comisi\u00f3n \u00a0aludida3, \u00a0devolvi\u00f3 \u00a0las \u00a0diligencias al Tribunal Superior Militar siendo asignado su conocimiento al \u00a0Capit\u00e1n \u00a0 de \u00a0 Nav\u00edo \u00a0 \u00ae \u00a0 Carlos \u00a0 Alberto \u00a0Dulce \u00a0Pereira, \u00a0quien, \u00a0el \u00a08 \u00a0de \u00a0noviembre \u00a0siguiente, se \u00a0declar\u00f3 \u00a0impedido \u00a0para \u00a0asumir \u00a0el tr\u00e1mite invocando la causal prevista en la \u00a0Ley \u00a01407 \u00a0de \u00a02010, \u00a0art\u00edculo 231, numeral 5\u00b0, por raz\u00f3n de la existencia de \u00a0amistad \u00a0 \u00edntima \u00a0 que, \u00a0 sostiene, \u00a0 lo \u00a0 vincula \u00a0 en \u00a0 grado \u00a0 sumo \u00a0con \u00a0el \u00a0denunciante.4 \u00a0\u00a0<\/p>\n<p>De \u00a0esta manera, al tenor de lo preceptuado \u00a0en \u00a0el \u00a0art\u00edculo \u00a0242 \u00a0del \u00a0C\u00f3digo \u00a0Penal \u00a0Militar, \u00a0dispuso \u00a0el \u00a0env\u00edo de la \u00a0actuaci\u00f3n \u00a0a \u00a0la \u00a0Corte \u00a0para \u00a0lo \u00a0de su cargo.\u00a0 \u00a0\u00a0<\/p>\n<p>CONSIDERACIONES\u00a0 \u00a0 DE\u00a0 \u00a0LA\u00a0 \u00a0CORTE \u00a0\u00a0<\/p>\n<p>1. \u00a0Previo a entrar en materia es necesario \u00a0precisar \u00a0que la normatividad aplicable en este evento, conforme con la fecha de \u00a0comisi\u00f3n \u00a0de \u00a0los hechos investigados y el momento en que inici\u00f3 la actuaci\u00f3n \u00a0procesal, \u00a0en \u00a0las condiciones puntualizadas en la manifestaci\u00f3n de impedimento \u00a0que \u00a0ocupa \u00a0a la Sala, es la Ley 1407 de 2010, de acuerdo con el mandato expreso \u00a0contemplado \u00a0 \u00a0 \u00a0en \u00a0 \u00a0 su \u00a0 \u00a0 art\u00edculo \u00a0 \u00a0 6285. \u00a0En \u00a0ese \u00a0orden \u00a0de \u00a0ideas, \u00a0acatando \u00a0los art\u00edculos 199, numeral 5\u00b0, y 242 ib\u00eddem, corresponde a la Corte \u00a0resolver \u00a0 \u00a0 \u00a0 sobre \u00a0 \u00a0 \u00a0 el \u00a0 \u00a0 \u00a0 particular.6 \u00a0\u00a0<\/p>\n<p>2. \u00a0Hecha \u00a0esta \u00a0salvedad, se tiene que los \u00a0motivos \u00a0espec\u00edficos \u00a0constitutivos \u00a0de \u00a0impedimento \u00a0o \u00a0recusaci\u00f3n \u00a0han \u00a0sido \u00a0instituidos \u00a0en \u00a0desarrollo \u00a0del \u00a0principio \u00a0de \u00a0imparcialidad, \u00a0con \u00a0el \u00a0fin de \u00a0garantizar \u00a0al \u00a0conglomerado \u00a0social \u00a0que \u00a0la \u00a0persona \u00a0llamada \u00a0a \u00a0resolver \u00a0el \u00a0conflicto \u00a0jur\u00eddico \u00a0es \u00a0ajena \u00a0a \u00a0cualquier \u00a0inter\u00e9s \u00a0distinto al de la recta \u00a0administraci\u00f3n de justicia. \u00a0\u00a0<\/p>\n<p>Por \u00a0tal \u00a0motivo, \u00a0la \u00a0manifestaci\u00f3n \u00a0de \u00a0impedimento \u00a0debe \u00a0ser \u00a0un \u00a0acto \u00a0unilateral, voluntario, oficioso y obligatorio \u00a0ante \u00a0la \u00a0convergencia \u00a0de \u00a0cualquiera \u00a0de \u00a0las \u00a0causales \u00a0que \u00a0de modo taxativo \u00a0contempla \u00a0la \u00a0ley para que un servidor p\u00fablico deba separarse del conocimiento \u00a0de \u00a0un \u00a0determinado \u00a0asunto \u00a0y, por lo mismo, debe estar soportada dentro de los \u00a0cauces \u00a0del \u00a0postulado \u00a0de \u00a0la buena fe, pues este instituto no debe servir para \u00a0entorpecer \u00a0o \u00a0dilatar el transcurso normal del proceso penal o para sustraerse, \u00a0indebidamente, de la obligaci\u00f3n de decidir. \u00a0\u00a0<\/p>\n<p>2. En el \u00a0caso concreto, se tiene que la causal \u00a0invocada \u00a0por \u00a0el mencionado \u00a0Magistrado \u00a0del Tribunal Superior Militar \u00a0se encuentra \u00a0consagrada \u00a0en el art\u00edculo \u00a0231 \u00a0 de \u00a0la \u00a0Ley \u00a01407 \u00a0de \u00a02010, \u00a0de \u00a0la \u00a0siguiente \u00a0forma: \u00a0\u00a0<\/p>\n<p>\u201cART. \u00a0231. \u00a0CAUSALES \u00a0DE \u00a0IMPEDIMENTO. \u00a0Son \u00a0causales \u00a0de \u00a0impedimento\u2026 \u00a0\u00a0<\/p>\n<p>\u20265. Que exista amistad \u00edntima o enemistad \u00a0grave \u00a0entre \u00a0alguna \u00a0de \u00a0las \u00a0partes, \u00a0denunciante, v\u00edctima o perjudicado y el \u00a0funcionario judicial\u201d. \u00a0\u00a0<\/p>\n<p>Ahora \u00a0bien, \u00a0en \u00a0aras \u00a0de \u00a0sustentar \u00a0la \u00a0concurrencia \u00a0en este asunto \u00a0de \u00a0 dicha \u00a0hip\u00f3tesis \u00a0 \u00a0 \u00a0normativa, \u00a0 \u00a0 \u00a0el \u00a0 \u00a0 \u00a0Magistrado \u00a0 \u00a0 Dulce \u00a0 \u00a0Pereira \u00a0 se\u00f1al\u00f3: \u00a0\u00a0<\/p>\n<p>[\u2026] \u00a0 \u00a0 Profeso \u00a0 \u00a0 una \u00a0 \u00a0estrecha \u00a0amistad \u00a0 \u00a0desde \u00a0 hace \u00a0 20 \u00a0 a\u00f1os \u00a0 con \u00a0el \u00a0denunciante, se\u00f1or Capit\u00e1n de \u00a0Nav\u00edo \u00a0Mart\u00edn \u00a0Alonso Qui\u00f1ones Pacheco, la cual est\u00e1 fundada en sentimientos \u00a0de \u00a0 afecto, \u00a0 respeto, \u00a0 consideraci\u00f3n, \u00a0aprecio \u00a0e \u00a0infinita \u00a0gratitud, \u00a0amen \u00a0de su indeclinable lealtad hacia mi, los cuales hemos \u00a0compartido \u00a0desde \u00a0nuestro v\u00ednculo institucional en la Armada Nacional y que se \u00a0han \u00a0conservado \u00a0con \u00a0el \u00a0transcurrir \u00a0del \u00a0tiempo, \u00a0al \u00a0punto \u00a0de \u00a0mantener una \u00a0comunicaci\u00f3n \u00a0 y \u00a0 v\u00ednculo \u00a0 permanente \u00a0en \u00a0lo \u00a0personal, \u00a0profesional \u00a0y \u00a0en \u00a0actividades \u00a0tanto \u00a0institucionales \u00a0como \u00a0personales, \u00a0compartiendo hoy d\u00eda el \u00a0se\u00f1or \u00a0Oficial \u00a0las \u00a0vicisitudes \u00a0de \u00a0su \u00a0oficina \u00a0y \u00a0algunos \u00a0de los problemas \u00a0que ha tenido que afrontar en el cargo de Coordinador \u00a0de \u00a0 la \u00a0 Justicia \u00a0 Penal \u00a0Militar \u00a0de \u00a0la \u00a0Armada \u00a0Nacional, \u00a0incluso \u00a0de \u00a0los \u00a0inconvenientes \u00a0que \u00a0afront\u00f3 con el Juzgado 105 de Instrucci\u00f3n Penal Militar y \u00a0de \u00a0la \u00a0denuncia \u00a0que \u00a0hab\u00eda \u00a0formulado \u00a0ante \u00a0esta \u00a0Corporaci\u00f3n \u00a0en contra de \u00a0la \u00a0 \u00a0se\u00f1ora \u00a0 \u00a0Oficial \u00a0 \u00a0investigada\u2026 \u00a0Se \u00a0suma a lo anterior, el hecho que adem\u00e1s yo hab\u00eda ocupado \u00a0ese \u00a0mismo \u00a0cargo \u00a0antes \u00a0de \u00a0mi \u00a0nombramiento \u00a0en esta Corporaci\u00f3n, \u00a0 lo \u00a0 que \u00a0gener\u00f3 \u00a0una \u00a0comunicaci\u00f3n \u00a0fluida \u00a0y \u00a0de \u00a0confianza \u00a0rec\u00edproca \u00a0 por \u00a0la \u00a0amistad \u00a0aludida\u201d7. \u00a0\u00a0<\/p>\n<p>3. Respecto de la \u00a0causal \u00a0en \u00a0planteada, \u00a0ha \u00a0dicho \u00a0 \u00a0 \u00a0la \u00a0 \u00a0 \u00a0jurisprudencia \u00a0 \u00a0 que \u00a0obedece a \u00a0sentimientos \u00a0 subjetivos \u00a0 integrantes \u00a0del \u00a0fuero \u00a0interno del individuo, por lo \u00a0que \u00a0no \u00a0es \u00a0necesario \u00a0acompa\u00f1arla con elementos de \u00a0prueba \u00a0que \u00a0respalden su configuraci\u00f3n. No obstante, \u00a0tambi\u00e9n \u00a0 \u00a0 se \u00a0 \u00a0 ha \u00a0 \u00a0 precisado \u00a0 \u00a0 que \u00a0 \u00a0 es \u00a0insoslayable, para \u00a0 \u00a0 \u00a0 \u00a0auscultar \u00a0 \u00a0 \u00a0 su \u00a0 \u00a0 \u00a0 eventual \u00a0 \u00a0 \u00a0 concurrencia, \u00a0la \u00a0 presentaci\u00f3n \u00a0 de \u00a0 argumentos \u00a0 consistentes \u00a0 que \u00a0 permitan \u00a0 advertir \u00a0 que \u00a0 el \u00a0 v\u00ednculo \u00a0 de \u00a0amistad -o enemistad de ser \u00a0el \u00a0caso-, \u00a0cuenta con una \u00a0entidad \u00a0tal \u00a0que perturba \u00a0el \u00a0\u00e1nimo \u00a0del \u00a0funcionario \u00a0judicial \u00a0para \u00a0 decidir \u00a0 de \u00a0manera \u00a0imparcial \u00a0el \u00a0 asunto \u00a0 \u00a0 \u00a0 \u00a0sometido \u00a0 \u00a0 \u00a0 \u00a0a \u00a0 \u00a0 \u00a0 \u00a0su \u00a0 \u00a0 \u00a0 conocimiento, \u00a0 \u00a0en \u00a0atenci\u00f3n \u00a0a \u00a0circunstancias \u00a0emocionales propias al \u00a0ser \u00a0humano \u00a0y aptas para \u00a0enervar \u00a0 \u00a0 \u00a0 \u00a0su \u00a0 \u00a0 \u00a0 ecuanimidad.\u00a0 \u00a0\u00a0<\/p>\n<p>En \u00a0estas \u00a0condiciones, los planteamientos \u00a0esbozados \u00a0por \u00a0el Se\u00f1or \u00a0Capit\u00e1n \u00a0de \u00a0Nav\u00edo \u00a0\u00ae \u00a0Dulce \u00a0 \u00a0 Pereira \u00a0con dicha finalidad, son v\u00e1lidos para vislumbrar la \u00a0confluencia \u00a0 de \u00a0 una \u00a0 situaci\u00f3n \u00a0 id\u00f3nea \u00a0 para \u00a0 pregonar \u00a0 un \u00a0trato con el denunciante capaz \u00a0de \u00a0alterar \u00a0su \u00a0templanza \u00a0a \u00a0la \u00a0hora \u00a0de asumir estas \u00a0diligencias. Lo anterior, \u00a0toda \u00a0 vez \u00a0 que \u00a0 describe \u00a0 variables \u00a0 que \u00a0hacen \u00a0entrever \u00a0 \u00a0 \u00a0 \u00a0 \u00a0 un \u00a0 \u00a0 \u00a0 \u00a0 \u00a0nexo \u00a0 \u00a0 \u00a0 \u00a0fraternal \u00a0 que \u00a0 ha \u00a0 perdurado \u00a0durante \u00a0un \u00a0considerable \u00a0tiempo, en \u00a0el \u00a0 cual \u00a0han \u00a0 participado \u00a0 de \u00a0 espacios \u00a0 \u00a0y \u00a0 \u00a0experiencias \u00a0 \u00a0que \u00a0 trascienden \u00a0 el \u00a0ejercicio \u00a0de \u00a0sus \u00a0labores funcionales en la Armada Nacional y \u00a0que \u00a0 \u00a0 \u00a0 \u00a0se \u00a0 \u00a0 \u00a0 \u00a0ha \u00a0 \u00a0 \u00a0 visto \u00a0 \u00a0 \u00a0 \u00a0 \u00a0 \u00a0 acentuado \u00a0por \u00a0 \u00a0la \u00a0 coyuntura \u00a0 entra\u00f1able \u00a0 en \u00a0la que \u00a0dice \u00a0 han \u00a0compartido \u00a0diversas \u00a0 vivencias, \u00a0 entre \u00a0ellas, \u00a0la \u00a0 \u00a0expectativa \u00a0 \u00a0generada \u00a0 \u00a0con \u00a0la \u00a0denuncia \u00a0penal \u00a0que \u00a0dio \u00a0origen \u00a0al presente tr\u00e1mite. \u00a0\u00a0<\/p>\n<p>Por \u00a0 \u00a0 ende, \u00a0 \u00a0 es \u00a0 \u00a0palmario \u00a0 \u00a0 \u00a0que \u00a0 \u00a0 en \u00a0 el \u00a0 sub \u00a0 examine \u00a0la \u00a0manifestaci\u00f3n \u00a0de impedimento no responde a un simple acto de \u00a0cortes\u00eda \u00a0 \u00a0 \u00a0 \u00a0 \u00a0 \u00a0 \u00a0 \u00a0profesional, \u00a0 \u00a0personal \u00a0o social sino a la exteriorizaci\u00f3n de un contexto en el cual la \u00a0transparencia \u00a0 aneja \u00a0 al \u00a0 ejercicio \u00a0 de \u00a0 la \u00a0 misi\u00f3n \u00a0p\u00fablica \u00a0puede \u00a0verse \u00a0comprometida \u00a0por \u00a0los \u00a0lazos \u00a0de \u00a0solidaridad que \u00a0han \u00a0edificado \u00a0la \u00a0relaci\u00f3n \u00a0entre los oficiales \u00a0mencionados \u00a0y que, por la \u00a0naturaleza \u00a0jer\u00e1rquica \u00a0de \u00a0la instituci\u00f3n a la que \u00a0pertenecen, \u00a0 \u00a0 \u00a0virtualmente \u00a0 \u00a0 son de p\u00fablico conocimiento dentro de \u00a0ella, \u00a0 por \u00a0lo \u00a0que \u00a0podr\u00eda \u00a0verse \u00a0 \u00a0con \u00a0 \u00a0recelo \u00a0 \u00a0la \u00a0 cercan\u00eda \u00a0 que \u00a0el \u00a0funcionario \u00a0instructor \u00a0 de \u00a0 la \u00a0investigaci\u00f3n \u00a0ostenta \u00a0hacia \u00a0el \u00a0 \u00a0denunciante \u00a0 y \u00a0que \u00a0 va \u00a0 m\u00e1s \u00a0 all\u00e1 \u00a0del \u00a0entorno \u00a0laboral \u00a0 o \u00a0institucional \u00a0ordinario, \u00a0proximidad \u00a0que \u00a0no \u00a0ha \u00a0sido suscitada por fuerza de \u00a0los \u00a0 \u00a0acontecimientos \u00a0 o \u00a0circunscrita \u00a0al \u00a0mutuo \u00a0 \u00a0 \u00a0 \u00a0 \u00a0 \u00a0 \u00a0 \u00a0 \u00a0reconocimiento. \u00a0\u00a0<\/p>\n<p>De \u00a0 \u00a0 \u00a0 esta \u00a0 \u00a0 \u00a0 forma, \u00a0se \u00a0vislumbra \u00a0 \u00a0 \u00a0la \u00a0 \u00a0 \u00a0efectiva \u00a0 \u00a0 configuraci\u00f3n \u00a0 \u00a0 del \u00a0 \u00a0 supuesto \u00a0normativo \u00a0 objeto \u00a0de \u00a0an\u00e1lisis \u00a0 \u00a0y, \u00a0 por \u00a0tanto, \u00a0 tiene \u00a0cabida separar del conocimiento \u00a0del \u00a0asunto \u00a0al Magistrado \u00a0impedido \u00a0 ante \u00a0 la \u00a0 presencia \u00a0de \u00a0un \u00a0 escenario \u00a0 con \u00a0 la \u00a0 facultad \u00a0de \u00a0permear \u00a0 \u00a0 \u00a0 \u00a0 \u00a0 la \u00a0 \u00a0 \u00a0 \u00a0 \u00a0 neutralidad \u00a0 \u00a0 e \u00a0 \u00a0 irrestricta \u00a0 \u00a0 aplicaci\u00f3n \u00a0 \u00a0 del \u00a0ordenamiento jur\u00eddico. \u00a0\u00a0<\/p>\n<p>4. \u00a0Deviene \u00a0de \u00a0lo \u00a0anterior \u00a0que la Corte \u00a0declarar\u00e1 \u00a0fundado \u00a0el \u00a0impedimento. As\u00ed, al tenor del art\u00edculo 241 de la Ley \u00a01407 \u00a0de \u00a02010, \u00a0se remitir\u00e1n las diligencias al Tribunal Superior Militar para \u00a0que \u00a0designe \u00a0como \u00a0Magistrado Instructor al funcionario que por reparto le siga \u00a0en \u00a0 turno \u00a0al \u00a0Magistrado \u00a0Dulce \u00a0Pereira, \u00a0con el prop\u00f3sito de que avoque el conocimiento de la actuaci\u00f3n \u00a0y \u00a0determine \u00a0lo \u00a0que \u00a0en \u00a0derecho \u00a0corresponda, \u00a0bajo \u00a0las preceptivas de dicha \u00a0codificaci\u00f3n. \u00a0\u00a0<\/p>\n<p>En \u00a0m\u00e9rito de lo expuesto, la CORTE \u00a0SUPREMA \u00a0DE \u00a0JUSTICIA, SALA DE CASACI\u00d3N PENAL, \u00a0\u00a0<\/p>\n<p>\u00a0 \u00a0 \u00a0 \u00a0 \u00a0<\/p>\n<p>R \u00a0 E \u00a0 S \u00a0U \u00a0E \u00a0L \u00a0V \u00a0E \u00a0\u00a0<\/p>\n<p>PRIMERO: \u00a0 \u00a0 \u00a0 \u00a0 \u00a0 \u00a0 DECLARAR \u00a0 \u00a0FUNDADO \u00a0 \u00a0el \u00a0 impedimento \u00a0manifestado \u00a0por \u00a0el \u00a0Capit\u00e1n \u00a0 de \u00a0 Nav\u00edo \u00a0 \u00ae \u00a0 Carlos \u00a0 Alberto \u00a0Dulce \u00a0Pereira, \u00a0 Magistrado \u00a0del \u00a0Tribunal \u00a0Superior Militar. En consecuencia, se le \u00a0separa \u00a0del \u00a0conocimiento de este proceso. \u00a0\u00a0<\/p>\n<p>SEGUNDO: Devolver \u00a0la \u00a0actuaci\u00f3n \u00a0al \u00a0Tribunal Superior Militar para que designe al funcionario de \u00a0esa \u00a0Corporaci\u00f3n que habr\u00e1 de continuar este tr\u00e1mite, conforme lo expuesto en \u00a0la parte considerativa de esta providencia. \u00a0\u00a0<\/p>\n<p>TERCERO: \u00a0Contra \u00a0esta decisi\u00f3n no procede recurso alguno. \u00a0\u00a0<\/p>\n<p>Comun\u00edquese y c\u00famplase. \u00a0<\/p>\n<p>JOS\u00c9 LEONIDAS BUSTOS MART\u00cdNEZ \u00a0<\/p>\n<p>JOS\u00c9 \u00a0 \u00a0 \u00a0 LUIS \u00a0 \u00a0 \u00a0 BARCEL\u00d3 \u00a0CAMACHO\u00a0\u00a0\u00a0\u00a0\u00a0\u00a0\u00a0\u00a0\u00a0\u00a0\u00a0\u00a0\u00a0\u00a0\u00a0 \u00a0FERNANDO ALBERTO CASTRO CABALLERO \u00a0\u00a0<\/p>\n<p>EUGENIO \u00a0FERN\u00c1NDEZ \u00a0CARLIER \u00a0 \u00a0 \u00a0 \u00a0\u00a0 \u00a0 \u00a0 \u00a0 \u00a0\u00a0 \u00a0 \u00a0 \u00a0 \u00a0 \u00a0 \u00a0 \u00a0 \u00a0\u00a0\u00a0 \u00a0 \u00a0\u00a0 \u00a0\u00a0 \u00a0\u00a0 \u00a0\u00a0\u00a0\u00a0\u00a0\u00a0 \u00a0MAR\u00cdA \u00a0DEL \u00a0ROSARIO \u00a0GONZ\u00c1LEZ \u00a0 \u00a0 MU\u00d1OZ \u00a0 \u00a0\u00a0 \u00a0 \u00a0\u00a0 \u00a0 \u00a0\u00a0 \u00a0\u00a0\u00a0\u00a0\u00a0\u00a0\u00a0\u00a0 \u00a0\u00a0<\/p>\n<p>GUSTAVO ENRIQUE MALO FERN\u00c1NDEZ \u00a0 \u00a0 \u00a0 \u00a0\u00a0 \u00a0 \u00a0 \u00a0 \u00a0\u00a0 \u00a0 \u00a0 \u00a0 \u00a0 \u00a0 \u00a0 \u00a0 \u00a0\u00a0\u00a0\u00a0\u00a0\u00a0\u00a0 \u00a0 \u00a0\u00a0 \u00a0\u00a0 \u00a0\u00a0 \u00a0\u00a0 \u00a0\u00a0 \u00a0 \u00a0 \u00a0\u00a0EYDER \u00a0 \u00a0 \u00a0 \u00a0 \u00a0 \u00a0 \u00a0 \u00a0 \u00a0PATI\u00d1O \u00a0CABRERA\u00a0\u00a0\u00a0\u00a0\u00a0 \u00a0\u00a0<\/p>\n<p>LUIS GUILLERMO SALAZAR OTERO \u00a0<\/p>\n<p>NUBIA YOLANDA NOVA GARC\u00cdA \u00a0<\/p>\n<p>Secretaria \u00a0 \u00a0<\/p>\n<p>1 \u00a0Cfr. Fl. 76 cuaderno original 1 \u00a0\u00a0<\/p>\n<p>2 \u00a0Fl. 83 c.o 1 \u00a0\u00a0<\/p>\n<p>3 \u00a0Fl. 495 c.o 3 \u00a0\u00a0<\/p>\n<p>4 \u00a0Fl. 512 c.o 3 \u00a0\u00a0<\/p>\n<p>5 \u00a0Legislaci\u00f3n \u00a0que \u00a0empez\u00f3 a regir el 17 de agosto de \u00a02010, \u00a0seg\u00fan \u00a0lo \u00a0indic\u00f3 \u00a0la \u00a0Corte \u00a0Constitucional \u00a0en \u00a0la sentencia C-444 de \u00a02011. \u00a0\u00a0<\/p>\n<p>6 \u00a0Cfr. \u00a0 Rad. \u00a0 38401, \u00a0 auto \u00a0 de \u00a0 7 \u00a0 de \u00a0marzo \u00a0de \u00a02012 \u00a0\u00a0<\/p>\n<p>7 \u00a0Cfr. Fl. 513 c.o 3 \u00a0 \u00a0\u00a0<\/p>\n<p><\/p>\n","protected":false},"excerpt":{"rendered":"<p>\u00a0 \u00a0 CORTE SUPREMA DE JUSTICIA \u00a0 SALA DE CASACI\u00d3N PENAL \u00a0 Magistrado Ponente \u00a0 JOS\u00c9 LUIS BARCEL\u00d3 CAMACHO \u00a0 Aprobado \u00a0 acta \u00a0 N\u00b0 \u00a0386 \u00a0\u00a0 Bogot\u00e1, \u00a0D. \u00a0C., \u00a0veinte \u00a0 \u00a0(20) \u00a0 \u00a0 \u00a0 \u00a0de \u00a0 \u00a0 \u00a0 \u00a0noviembre \u00a0de \u00a0dos \u00a0 \u00a0 mil \u00a0 \u00a0 trece \u00a0(2013) \u00a0\u00a0 V \u00a0 \u00a0I \u00a0 [&hellip;]<\/p>\n","protected":false},"author":1,"featured_media":0,"comment_status":"open","ping_status":"open","sticky":false,"template":"","format":"standard","meta":{"footnotes":""},"categories":[21],"tags":[],"class_list":["post-27643","post","type-post","status-publish","format-standard","hentry","category-21"],"_links":{"self":[{"href":"https:\/\/dmsjuridica.com\/buscador_20179478954\/salapenalcronologico20230723\/wp-json\/wp\/v2\/posts\/27643","targetHints":{"allow":["GET"]}}],"collection":[{"href":"https:\/\/dmsjuridica.com\/buscador_20179478954\/salapenalcronologico20230723\/wp-json\/wp\/v2\/posts"}],"about":[{"href":"https:\/\/dmsjuridica.com\/buscador_20179478954\/salapenalcronologico20230723\/wp-json\/wp\/v2\/types\/post"}],"author":[{"embeddable":true,"href":"https:\/\/dmsjuridica.com\/buscador_20179478954\/salapenalcronologico20230723\/wp-json\/wp\/v2\/users\/1"}],"replies":[{"embeddable":true,"href":"https:\/\/dmsjuridica.com\/buscador_20179478954\/salapenalcronologico20230723\/wp-json\/wp\/v2\/comments?post=27643"}],"version-history":[{"count":0,"href":"https:\/\/dmsjuridica.com\/buscador_20179478954\/salapenalcronologico20230723\/wp-json\/wp\/v2\/posts\/27643\/revisions"}],"wp:attachment":[{"href":"https:\/\/dmsjuridica.com\/buscador_20179478954\/salapenalcronologico20230723\/wp-json\/wp\/v2\/media?parent=27643"}],"wp:term":[{"taxonomy":"category","embeddable":true,"href":"https:\/\/dmsjuridica.com\/buscador_20179478954\/salapenalcronologico20230723\/wp-json\/wp\/v2\/categories?post=27643"},{"taxonomy":"post_tag","embeddable":true,"href":"https:\/\/dmsjuridica.com\/buscador_20179478954\/salapenalcronologico20230723\/wp-json\/wp\/v2\/tags?post=27643"}],"curies":[{"name":"wp","href":"https:\/\/api.w.org\/{rel}","templated":true}]}}