{"id":27484,"date":"2023-09-12T19:54:33","date_gmt":"2023-09-12T19:54:33","guid":{"rendered":"https:\/\/dmsjuridica.com\/buscador_20179478954\/salapenalcronologico20230723\/2023\/09\/12\/4229020-11-13\/"},"modified":"2023-09-12T19:54:33","modified_gmt":"2023-09-12T19:54:33","slug":"4229020-11-13","status":"publish","type":"post","link":"https:\/\/dmsjuridica.com\/buscador_20179478954\/salapenalcronologico20230723\/2023\/09\/12\/4229020-11-13\/","title":{"rendered":"42290(20-11-13)"},"content":{"rendered":"\n<p>\u00a0 \u00a0 \u00a0\u00a0<\/p>\n<p>CORTE SUPREMA DE JUSTICIA \u00a0<\/p>\n<p>SALA DE CASACI\u00d3N PENAL \u00a0<\/p>\n<p>Magistrado Ponente: \u00a0<\/p>\n<p>GUSTAVO ENRIQUE MALO FERN\u00c1NDEZ \u00a0<\/p>\n<p>Aprobado Acta N\u00b0 386. \u00a0<\/p>\n<p>Bogot\u00e1, D.C., veinte (20) de noviembre de dos \u00a0mil trece (2013). \u00a0\u00a0<\/p>\n<p>V I S T O S \u00a0<\/p>\n<p>De \u00a0conformidad \u00a0con \u00a0lo \u00a0preceptuado \u00a0en el \u00a0art\u00edculo \u00a070 \u00a0de \u00a0la \u00a0Ley \u00a01453 \u00a0de 2011, le \u00a0corresponde \u00a0a \u00a0la \u00a0Corte \u00a0emitir concepto sobre la solicitud de \u00a0extradici\u00f3n \u00a0formulada \u00a0por \u00a0el \u00a0gobierno \u00a0de \u00a0los \u00a0Estados \u00a0Unidos de Am\u00e9rica \u00a0respecto \u00a0del \u00a0ciudadano \u00a0colombiano \u00a0JOHN \u00a0JAIRO \u00a0LA\u00d1AS \u00a0LLANOS, \u00a0quien elev\u00f3 \u00a0petici\u00f3n de tr\u00e1mite simplificado. \u00a0\u00a0<\/p>\n<p>A N T E C E D E N T E S \u00a0<\/p>\n<p>1. Mediante la nota verbal N\u00b0 0744 del 24 de \u00a0abril \u00a0de \u00a02013, \u00a0la \u00a0Embajada \u00a0de \u00a0Estados \u00a0Unidos \u00a0en \u00a0Colombia \u00a0solicit\u00f3 \u00a0la \u00a0detenci\u00f3n \u00a0provisional \u00a0con fines de extradici\u00f3n del ciudadano colombiano JOHN \u00a0JAIRO \u00a0LA\u00d1AS \u00a0LLANOS, toda vez que en ese pa\u00eds fue formulada la acusaci\u00f3n N\u00b0 \u00a012 \u00a0Cr. \u00a0970, \u00a0proferida el 20 de diciembre de 2012 en la Corte Distrital de los \u00a0Estados \u00a0Unidos \u00a0para \u00a0el \u00a0Distrito \u00a0Sur de Nueva York, por delitos federales de \u00a0narc\u00f3ticos \u00a0cometidos \u00a0entre \u00a0los \u00a0meses de enero y julio de 2011 (folios 164 y \u00a0168, carpeta). \u00a0\u00a0<\/p>\n<p>2. \u00a0Con resoluci\u00f3n del 14 de junio de 2013, \u00a0el \u00a0se\u00f1or Fiscal General de la Naci\u00f3n orden\u00f3 la captura de LA\u00d1AS LLANOS para \u00a0los \u00a0fines \u00a0mencionados, \u00a0la \u00a0cual se obtuvo el 8 de julio siguiente (folios 2 y \u00a0149 a 162, carpeta). \u00a0\u00a0<\/p>\n<p>3. \u00a0Con \u00a0la \u00a0nota \u00a0verbal \u00a0N\u00b0 1837 del 4 de \u00a0septiembre \u00a0del \u00a0mismo \u00a0a\u00f1o, la referida representaci\u00f3n diplom\u00e1tica formaliza \u00a0la \u00a0petici\u00f3n \u00a0de \u00a0extradici\u00f3n \u00a0de \u00a0LA\u00d1AS LLANOS, en la cual reitera que \u00e9ste \u00a0ciudadano \u00a0es objeto de la acusaci\u00f3n N\u00b0 12 Cr. 970, dictada el 20 de diciembre \u00a0de \u00a02012 \u00a0en \u00a0la \u00a0Corte \u00a0Distrital de los Estados Unidos para el Distrito Sur de \u00a0Nueva York, en la que se le formulan los siguientes cargos: \u00a0\u00a0<\/p>\n<p>\u201cCargo \u00a0Uno: \u00a0Concierto \u00a0para distribuir y \u00a0poseer \u00a0con \u00a0la intenci\u00f3n de distribuir, un kilogramo, o m\u00e1s, de una sustancia \u00a0controlada \u00a0(hero\u00edna), \u00a0en \u00a0violaci\u00f3n \u00a0del T\u00edtulo 21, Secciones 846, 812, 841 \u00a0(a)(1) y 841 (b)(1)(A) del C\u00f3digo de los Estados Unidos; y \u00a0\u00a0<\/p>\n<p>Cargo \u00a0Dos: \u00a0Concierto \u00a0para \u00a0importar \u00a0un \u00a0kilogramo, \u00a0o m\u00e1s, de una sustancia controlada (hero\u00edna), a los Estados Unidos \u00a0desde \u00a0un \u00a0lugar \u00a0fuera \u00a0de los Estados Unidos, lo cual es en contra del T\u00edtulo \u00a021, \u00a0Secci\u00f3n \u00a0952 \u00a0(a) \u00a0del \u00a0C\u00f3digo \u00a0de \u00a0los Estados Unidos, en violaci\u00f3n del \u00a0T\u00edtulo \u00a021, \u00a0Secciones 963 y 960 (b)(1)(A) del C\u00f3digo de los Estados Unidos, y \u00a0el \u00a0T\u00edtulo \u00a018, \u00a0Secci\u00f3n \u00a02 \u00a0del C\u00f3digo de los Estados Unidos\u201d (folios 21 y 26, carpeta). \u00a0\u00a0<\/p>\n<p>4. \u00a0El \u00a0Ministerio de Relaciones Exteriores, \u00a0anotando \u00a0 que \u00a0 \u201cse \u00a0encuentra \u00a0vigente \u00a0entre \u00a0la \u00a0Rep\u00fablica \u00a0de \u00a0Colombia \u00a0y \u00a0los \u00a0Estados \u00a0Unidos \u00a0de \u00a0Am\u00e9rica \u00a0la \u2018Convenci\u00f3n \u00a0de Naciones Unidas contra \u00a0el \u00a0tr\u00e1fico il\u00edcito de estupefacientes y sustancias psicotr\u00f3picas\u2019, suscrita en Viena el 20 de diciembre \u00a0de \u00a01988\u201d, asi como que en los aspectos no regulados \u00a0por \u00a0el \u00a0tratado \u00a0\u201cse \u00a0regir\u00e1 por lo previsto en el \u00a0ordenamiento \u00a0 jur\u00eddico \u00a0colombiano\u201d, \u00a0remiti\u00f3 \u00a0la \u00a0mencionada \u00a0nota \u00a0verbal \u00a0y \u00a0los documentos anexos al de Justicia y del Derecho, \u00a0Oficina \u00a0 de \u00a0 Asuntos \u00a0 Internacionales, \u00a0entidad \u00a0que \u00a0a \u00a0su \u00a0vez \u00a0envi\u00f3 \u00a0tal \u00a0documentaci\u00f3n \u00a0a \u00a0esta \u00a0Sala, \u00a0en donde el requerido, con la aquiescencia de su \u00a0defensor \u00a0de \u00a0confianza, \u00a0alleg\u00f3 \u00a0memorial \u00a0en el que solicit\u00f3 la extradici\u00f3n \u00a0simplificada, \u00a0apoyado \u00a0en \u00a0la \u00a0Ley \u00a01453 \u00a0de 2011 (folios 6 y 19, carpeta, y 1, \u00a0c.o.). \u00a0\u00a0<\/p>\n<p>5. \u00a0Mediante auto del 21 de octubre de 2013, \u00a0la \u00a0Corte orden\u00f3 correr traslado de la petici\u00f3n de extradici\u00f3n simplificada a \u00a0la \u00a0Procuradur\u00eda \u00a0General \u00a0de \u00a0la \u00a0Naci\u00f3n, cuya Delegada Tercera ante la misma \u00a0alleg\u00f3 \u00a0escrito \u00a0coadyuvando la solicitud y conceptuando de manera favorable al \u00a0pedido \u00a0de \u00a0extradici\u00f3n, \u00a0tras \u00a0verificar \u00a0que \u00a0se \u00a0trata \u00a0de \u00a0un \u00a0acto libre y \u00a0voluntario \u00a0del \u00a0reclamado y por considerar reunidos los requisitos previstos en \u00a0el art\u00edculo 70 de la Ley 1453 de 2011 (folios 23 y 28, c.o.). \u00a0\u00a0<\/p>\n<p>CONCEPTO DE LA CORTE \u00a0<\/p>\n<p>1. Aspectos generales. \u00a0<\/p>\n<p>A \u00a0pesar \u00a0de \u00a0que \u00a0en \u00a0este evento se elev\u00f3 \u00a0petici\u00f3n \u00a0de \u00a0extradici\u00f3n \u00a0simplificada, la competencia de la Corte dentro del \u00a0tr\u00e1mite \u00a0permanece \u00a0inc\u00f3lume, \u00a0es decir, est\u00e1 enfocada a expresar un concepto \u00a0sobre \u00a0la \u00a0procedencia \u00a0de \u00a0entregar \u00a0o \u00a0no a la persona solicitada por un pa\u00eds \u00a0extranjero, \u00a0despu\u00e9s \u00a0de \u00a0examinar los puntos a que se refiere el art\u00edculo 502 \u00a0de \u00a0la \u00a0Ley \u00a0906 \u00a0de \u00a02004, \u00a0sin \u00a0dejar \u00a0de considerar que el art\u00edculo 35 de la \u00a0Constituci\u00f3n \u00a0Pol\u00edtica en su inciso 2\u00ba, reformado por el Acto Legislativo N\u00b0 \u00a01 \u00a0de \u00a01997, \u00a0autoriza \u00a0la extradici\u00f3n de colombianos por nacimiento cuando son \u00a0reclamados \u00a0por \u00a0delitos \u00a0cometidos \u00a0en \u00a0el \u00a0exterior \u00a0y \u00a0las \u00a0conductas que los \u00a0originan \u00a0 \u00a0as\u00ed \u00a0 \u00a0tambi\u00e9n \u00a0 \u00a0se \u00a0 consideren \u00a0 en \u00a0 la \u00a0 legislaci\u00f3n \u00a0 penal \u00a0colombiana. \u00a0\u00a0<\/p>\n<p>Sobre \u00a0este \u00faltimo aspecto, debe observarse \u00a0que \u00a0de \u00a0acuerdo \u00a0con la resoluci\u00f3n de acusaci\u00f3n N\u00b0 12 Cr 970 proferida en la \u00a0Corte \u00a0Distrital \u00a0de los Estados Unidos para el Distrito Sur de Nueva York el 20 \u00a0de \u00a0diciembre \u00a0de \u00a02012, \u00a0la \u00a0imputaci\u00f3n que se le formul\u00f3 a JOHN JAIRO LA\u00d1AS \u00a0LLANOS \u00a0corresponde \u00a0a \u00a0delitos \u00a0relacionados con el tr\u00e1fico de estupefacientes \u00a0llevados \u00a0a \u00a0cabo entre los meses de enero y julio del a\u00f1o 2011, en los Estados \u00a0Unidos, \u00a0donde \u00a0las conductas que se le endilgan tuvieron incidencia material, a \u00a0pesar \u00a0de \u00a0fraguarse \u00a0en \u00a0este pa\u00eds la conspiraci\u00f3n para exportar y distribuir \u00a0hero\u00edna. \u00a0\u00a0<\/p>\n<p>Significa \u00a0lo anterior que no aparece motivo \u00a0constitucional impediente de la extradici\u00f3n. \u00a0\u00a0<\/p>\n<p>2. \u00a0Validez \u00a0formal \u00a0de \u00a0la \u00a0documentaci\u00f3n \u00a0presentada. \u00a0\u00a0<\/p>\n<p>La \u00a0Vice-C\u00f3nsul \u00a0de \u00a0Colombia en Washington \u00a0autentic\u00f3 \u00a0los \u00a0documentos \u00a0aportados \u00a0en apoyo de la solicitud de extradici\u00f3n \u00a0del \u00a0ciudadano \u00a0colombiano \u00a0JOHN \u00a0JAIRO \u00a0LA\u00d1AS \u00a0LLANOS, \u00a0de \u00a0conformidad con el \u00a0art\u00edculo \u00a0259 \u00a0del C\u00f3digo de Procedimiento Civil, as\u00ed como con los art\u00edculos \u00a04 \u00a0y 5 de la Resoluci\u00f3n 2.201 de 1997, expedida por el Ministerio de Relaciones \u00a0Exteriores (folio 32, carpeta). \u00a0\u00a0<\/p>\n<p>En \u00a0tal \u00a0forma, \u00a0la \u00a0mencionada \u00a0funcionaria \u00a0certifica \u00a0la \u00a0firma \u00a0del Auxiliar de Autenticaciones del Departamento de Estado \u00a0de \u00a0los \u00a0Estados \u00a0Unidos \u00a0de Am\u00e9rica, quien a su vez avala la del Secretario de \u00a0Estado, \u00a0John \u00a0F. \u00a0Kerry, \u00a0y \u00a0est\u00e1 \u00a0la \u00a0r\u00fabrica de Eric H. Holder, Jr., Fiscal \u00a0General, \u00a0quien certifica la de Jason E. Carter, Director Asociado de la Oficina \u00a0de \u00a0Asuntos Internacionales, Divisi\u00f3n de lo Penal, del Departamento de Justicia \u00a0de \u00a0los \u00a0Estados \u00a0Unidos, \u00a0encargado \u00a0de \u00a0dar \u00a0cuenta \u00a0de la autenticidad de las \u00a0declaraciones \u00a0juradas de Serrin Turner, fiscal auxiliar de ese pa\u00eds, y Michael \u00a0O\u2019Neill, \u00a0agente especial \u00a0de \u00a0investigaciones \u00a0del Departamento de Seguridad Nacional (folios 33 a 37, 105 \u00a0y 106, carpeta). \u00a0\u00a0<\/p>\n<p>Adicionalmente, el Jefe de Legalizaciones del \u00a0Ministerio \u00a0de Relaciones Exteriores abon\u00f3 la firma de la agente consular, el 9 \u00a0de \u00a0mayo \u00a0de \u00a02013, \u00a0como \u00a0consta \u00a0en el documento suscrito por \u00e9ste (folio 32, \u00a0carpeta). \u00a0\u00a0<\/p>\n<p>Como \u00a0soporte documental anexo y debidamente \u00a0traducido, \u00a0aparece \u00a0la \u00a0acusaci\u00f3n N\u00b0 12 Cr 970, presentada el 20 de diciembre \u00a0de \u00a02012 \u00a0en \u00a0la \u00a0Corte \u00a0Distrital de los Estados Unidos para el Distrito Sur de \u00a0Nueva \u00a0York \u00a0contra \u00a0JOHN \u00a0JAIRO \u00a0LA\u00d1AS \u00a0LLANOS \u00a0y otros, as\u00ed como la orden de \u00a0arresto librada por esa Corte (folios 64, 72, 129 y 135, carpeta). \u00a0\u00a0<\/p>\n<p>Del \u00a0 mismo \u00a0 modo, \u00a0figuran \u00a0las \u00a0copias, \u00a0traducidas \u00a0en \u00a0debida \u00a0forma, \u00a0de \u00a0las disposiciones penales del C\u00f3digo de los \u00a0Estados \u00a0 Unidos \u00a0 aplicables \u00a0 al \u00a0 caso \u00a0 (folios \u00a0 50 \u00a0a \u00a061 \u00a0y \u00a0116 \u00a0a \u00a0127, \u00a0carpeta). \u00a0\u00a0<\/p>\n<p>De acuerdo con lo anterior, la documentaci\u00f3n \u00a0presentada \u00a0en \u00a0respaldo \u00a0del pedido de extradici\u00f3n de JOHN JAIRO LA\u00d1AS LLANOS \u00a0es formalmente v\u00e1lida. \u00a0\u00a0<\/p>\n<p>3. \u00a0 Identidad \u00a0plena \u00a0del \u00a0solicitado \u00a0en \u00a0extradici\u00f3n. \u00a0\u00a0<\/p>\n<p>De \u00a0conformidad \u00a0con las notas diplom\u00e1ticas \u00a0Nos. \u00a00744 \u00a0y \u00a01837 \u00a0ya \u00a0rese\u00f1adas, \u00a0JOHN \u00a0JAIRO \u00a0LA\u00d1AS \u00a0LLANOS \u00a0es \u00a0ciudadano \u00a0colombiano, \u00a0 \u00a0 se \u00a0 \u00a0le \u00a0 \u00a0conoce \u00a0 \u00a0con \u00a0 \u00a0los \u00a0 \u00a0apodos \u00a0 \u00a0de \u00a0 \u00a0\u201csobrino\u201d \u00a0 \u00a0 \u00a0y \u00a0 \u00a0 \u00a0\u201cMart\u00edn \u00a0Herrera\u201d, \u00a0naci\u00f3 \u00a0el \u00a04 \u00a0de \u00a0julio \u00a0 de \u00a0 1987 \u00a0 y \u00a0 es \u00a0 titular \u00a0 de \u00a0 la \u00a0 c\u00e9dula \u00a0 de \u00a0 ciudadan\u00eda \u00a0N\u00b0 \u00a01.130.600.384. \u00a0\u00a0<\/p>\n<p>Al momento de ser aprehendido, LA\u00d1AS LLANOS \u00a0se \u00a0 identific\u00f3 \u00a0con \u00a0ese \u00a0documento, \u00a0cuyo \u00a0n\u00famero \u00a0qued\u00f3 \u00a0estampado \u00a0en \u00a0la \u00a0diligencia \u00a0de \u00a0notificaci\u00f3n \u00a0de la resoluci\u00f3n que orden\u00f3 su captura, el acta \u00a0de \u00a0derechos \u00a0del capturado, la constancia de buen trato, el poder que confiri\u00f3 \u00a0a \u00a0abogado \u00a0titulado \u00a0para \u00a0que \u00a0la \u00a0representara \u00a0en el presente tr\u00e1mite y los \u00a0diferentes \u00a0memoriales \u00a0que \u00a0alleg\u00f3 en el curso del mismo; adem\u00e1s, se realiz\u00f3 \u00a0cotejo \u00a0dactilosc\u00f3pico \u00a0y \u00a0en \u00a0este asunto no se puso en cuesti\u00f3n la identidad \u00a0del \u00a0requerido, \u00a0por \u00a0manera que el requisito de su plena identidad se encuentra \u00a0satisfecho. \u00a0\u00a0<\/p>\n<p>4. \u00a0Equivalencia de la providencia proferida \u00a0en el extranjero. \u00a0\u00a0<\/p>\n<p>Como \u00a0 lo \u00a0 ha \u00a0 reiterado \u00a0 en \u00a0 diversas \u00a0oportunidades \u00a0la \u00a0Sala \u00a0de \u00a0Casaci\u00f3n Penal de la Corte Suprema de Justicia, se \u00a0cumple \u00a0con \u00a0el requisito en menci\u00f3n acatando lo previsto en el art\u00edculo 493-1 \u00a0de \u00a0la \u00a0Ley \u00a0906 \u00a0de \u00a02004: \u00a0que \u00a0por \u00a0lo \u00a0menos \u00a0se haya dictado en el exterior \u00a0resoluci\u00f3n de acusaci\u00f3n o su equivalente. \u00a0\u00a0<\/p>\n<p>En el presente evento, el 20 de diciembre de \u00a02012 \u00a0el \u00a0Gran \u00a0Jurado \u00a0del \u00a0Tribunal \u00a0de Distrito de los Estados Unidos para el \u00a0Distrito \u00a0Sur \u00a0de \u00a0Nueva \u00a0York \u00a0profiri\u00f3 \u00a0la \u00a0acusaci\u00f3n \u00a0formal o indictment \u00a0No. \u00a012 \u00a0Cr \u00a0970, \u00a0con \u00a0base \u00a0en \u00a0los \u00a0delitos \u00a0se\u00f1alados \u00a0anteriormente, \u00a0acto \u00a0procesal \u00a0que \u00a0equivale \u00a0a \u00a0la \u00a0resoluci\u00f3n \u00a0de acusaci\u00f3n \u00a0prevista \u00a0en \u00a0el \u00a0sistema \u00a0procesal \u00a0penal \u00a0colombiano \u00a0-tanto la regulada en el \u00a0art\u00edculo \u00a0398 \u00a0de \u00a0la Ley 600 de 2000, como el escrito acusatorio del art\u00edculo \u00a0337 \u00a0de \u00a0la \u00a0Ley \u00a0906 \u00a0de \u00a02004-. Tales providencias, si bien no son id\u00e9nticas, \u00a0guardan \u00a0similitudes que las tornan equivalentes, con lo cual el requisito legal \u00a0en estudio se estima acreditado. \u00a0\u00a0<\/p>\n<p>En \u00a0efecto, \u00a0dichas \u00a0decisiones \u00a0judiciales \u00a0contienen \u00a0un \u00a0pliego \u00a0de \u00a0cargos, \u00a0de los cuales se debe defender el acusado en \u00a0juicio. \u00a0A \u00a0su \u00a0vez, \u00a0constituyen presupuesto procesal para la iniciaci\u00f3n de la \u00a0etapa \u00a0de \u00a0juzgamiento, que culmina con el respectivo fallo de m\u00e9rito. En ellas \u00a0se \u00a0consigna \u00a0una \u00a0relaci\u00f3n \u00a0detallada de los hechos con especificaci\u00f3n de las \u00a0circunstancias \u00a0de \u00a0tiempo, \u00a0modo \u00a0y lugar en que ocurrieron, y la calificaci\u00f3n \u00a0jur\u00eddica \u00a0de \u00a0la \u00a0conducta, \u00a0con \u00a0indicaci\u00f3n de las disposiciones sustanciales \u00a0aplicables. \u00a0\u00a0<\/p>\n<p>Por \u00a0 lo \u00a0 anterior, \u00a0 se \u00a0 reitera, \u00a0este \u00a0requerimiento tambi\u00e9n se cumple a cabalidad. \u00a0\u00a0<\/p>\n<p>5. \u00a0 \u00a0El \u00a0 \u00a0principio \u00a0 \u00a0de \u00a0 la \u00a0 doble \u00a0incriminaci\u00f3n. \u00a0\u00a0<\/p>\n<p>De \u00a0acuerdo con el numeral 1\u00b0 del art\u00edculo \u00a0493 \u00a0del \u00a0C\u00f3digo \u00a0de \u00a0Procedimiento \u00a0Penal, la doble incriminaci\u00f3n se presenta \u00a0cuando \u00a0el hecho que es motivo de la extradici\u00f3n est\u00e1 \u00a0\u201cprevisto \u00a0como \u00a0delito \u00a0en Colombia y reprimido con una sanci\u00f3n privativa de \u00a0la \u00a0libertad \u00a0cuyo \u00a0m\u00ednimo \u00a0no \u00a0sea \u00a0inferior \u00a0a \u00a0cuatro \u00a0(4) a\u00f1os\u201d. \u00a0\u00a0<\/p>\n<p>La \u00a0Corte tiene dicho que para establecer si \u00a0la \u00a0conducta \u00a0que \u00a0se \u00a0le \u00a0imputa \u00a0al \u00a0requerido \u00a0en \u00a0el \u00a0pa\u00eds \u00a0solicitante \u00a0es \u00a0considerada \u00a0como \u00a0delito \u00a0en \u00a0Colombia, debe hacerse una comparaci\u00f3n entre las \u00a0normas \u00a0que \u00a0all\u00ed \u00a0sustentan \u00a0la \u00a0sindicaci\u00f3n, \u00a0con \u00a0las de orden interno para \u00a0establecer \u00a0si \u00a0\u00e9stas \u00a0tambi\u00e9n \u00a0recogen los comportamientos contenidos en cada \u00a0uno de los cargos. \u00a0\u00a0<\/p>\n<p>Tal \u00a0 confrontaci\u00f3n \u00a0 se \u00a0 hace \u00a0 con \u00a0la \u00a0normatividad \u00a0que est\u00e1 en vigor al momento de rendir el concepto, puesto que lo \u00a0emite \u00a0dentro del tr\u00e1mite de un mecanismo de cooperaci\u00f3n internacional, raz\u00f3n \u00a0por \u00a0la cual la aplicaci\u00f3n del principio de favorabilidad que podr\u00eda arg\u00fcirse \u00a0como \u00a0producto \u00a0natural \u00a0de \u00a0la \u00a0sucesi\u00f3n \u00a0de \u00a0leyes no entrar\u00eda en juego, por \u00a0cuanto \u00a0las dom\u00e9sticas no son las que operar\u00e1n en el extranjero. Lo que a este \u00a0prop\u00f3sito \u00a0 determina \u00a0el \u00a0concepto \u00a0es \u00a0que, \u00a0sin \u00a0importar \u00a0la \u00a0denominaci\u00f3n \u00a0jur\u00eddica, \u00a0el \u00a0acto \u00a0desarrollado por el ciudadano cuya extradici\u00f3n se demanda \u00a0sea igualmente considerado como delictuoso en el territorio patrio. \u00a0\u00a0<\/p>\n<p>5.1. \u00a0 En \u00a0 la \u00a0resoluci\u00f3n \u00a0acusatoria \u00a0N\u00b0 \u00a012 \u00a0Cr \u00a0970 proferida en la Corte Distrital de los \u00a0Estados \u00a0Unidos \u00a0para \u00a0el \u00a0Distrito \u00a0Sur \u00a0de \u00a0Nueva \u00a0York, \u00a0aparecen \u00a0los cargos \u00a0formulados contra el requerido, de la siguiente manera: \u00a0\u00a0<\/p>\n<p>\u201cCARGO \u00a0UNO \u00a0\u00a0<\/p>\n<p>El \u00a0 Gran \u00a0 Jurado \u00a0 expide \u00a0la \u00a0siguiente \u00a0acusaci\u00f3n: \u00a0\u00a0<\/p>\n<p>1. \u00a0Desde \u00a0por \u00a0lo \u00a0menos \u00a0enero \u00a0de \u00a02011 o \u00a0alrededor \u00a0de \u00a0esa \u00a0fecha, \u00a0en el Distrito Sur de Nueva York y en otros lugares, \u00a0JOHN \u00a0 JAIRO \u00a0 LANAS \u00a0 (sic) \u00a0 LLANOS, \u00a0alias \u00a0\u201cSobrino\u201d, \u00a0alias \u00a0\u201cMart\u00edn \u00a0Herrera\u201d\u2026, \u00a0los \u00a0acusados y otros conocidos y desconocidos, intencionalmente \u00a0y \u00a0a sabiendas se aunaron, concertaron delictuosamente, se asociaron y acordaron \u00a0conjuntamente \u00a0y \u00a0uno \u00a0con otro para violar las leyes contra el narcotr\u00e1fico de \u00a0los Estados Unidos. \u00a0\u00a0<\/p>\n<p>2. \u00a0Fue \u00a0parte \u00a0y \u00a0objeto del concierto para \u00a0delinquir \u00a0que \u00a0JOHN \u00a0JAIRO \u00a0LANAS \u00a0(sic) \u00a0LLANOS, \u00a0alias \u00a0\u201cSobrino\u201d, \u00a0alias \u00a0\u201cMart\u00edn \u00a0Herrera\u201d\u2026, \u00a0los \u00a0acusados \u00a0y \u00a0otros \u00a0conocidos \u00a0y \u00a0desconocidos, \u00a0distribuyeran \u00a0y \u00a0de \u00a0hecho \u00a0distribuyeron \u00a0y \u00a0poseyeron \u00a0con \u00a0la \u00a0intenci\u00f3n de \u00a0distribuir, \u00a0una \u00a0sustancia \u00a0controlada \u00a0en violaci\u00f3n de la Secci\u00f3n 841 (a)(1) \u00a0del T\u00edtulo 21 del C\u00f3digo de los Estados Unidos. \u00a0\u00a0<\/p>\n<p>3. \u00a0La \u00a0sustancia controlada implicada en el \u00a0delito \u00a0fue \u00a0un \u00a0kilogramo \u00a0y \u00a0m\u00e1s \u00a0de \u00a0mezclas y sustancias que conten\u00edan una \u00a0cantidad \u00a0detectable de hero\u00edna, en violaci\u00f3n de las Secciones 812, 841 (a)(1) \u00a0y 841 (b)(1)(A) del C\u00f3digo de los Estados Unidos. \u00a0\u00a0<\/p>\n<p>CARGO DOS \u00a0<\/p>\n<p>El Gran Jurado adem\u00e1s imputa: \u00a0<\/p>\n<p>5. \u00a0Desde \u00a0por \u00a0lo \u00a0menos \u00a0enero \u00a0de \u00a02011 o \u00a0alrededor \u00a0de esa fecha, hasta aproximadamente julio de 2011, en el Distrito Sur \u00a0de \u00a0Nueva \u00a0York \u00a0y \u00a0en \u00a0otros \u00a0lugares, \u00a0JOHN \u00a0JAIRO \u00a0LANAS \u00a0(sic) LLANOS, alias \u00a0\u201cSobrino\u201d, \u00a0alias \u201cMart\u00edn Herrera\u201d\u2026, los acusados y otros conocidos y \u00a0desconocidos, \u00a0 intencionalmente \u00a0 y \u00a0 a \u00a0 sabiendas \u00a0 se \u00a0aunaron, \u00a0concertaron \u00a0delictuosamente, \u00a0se asociaron y acordaron mutuamente y uno con otro para violar \u00a0las leyes contra el narcotr\u00e1fico de los Estados Unidos. \u00a0\u00a0<\/p>\n<p>6. \u00a0Fue \u00a0parte \u00a0y \u00a0objeto del concierto para \u00a0delinquir \u00a0que \u00a0JOHN \u00a0JAIRO \u00a0LANAS \u00a0(sic) \u00a0LLANOS, \u00a0alias \u00a0\u201cSobrino\u201d, \u00a0alias \u00a0\u201cMart\u00edn \u00a0Herrera\u201d\u2026, \u00a0los \u00a0acusados \u00a0y \u00a0otros \u00a0conocidos \u00a0y \u00a0desconocidos, \u00a0importaran \u00a0y en efecto importaron a los Estados Unidos desde un lugar fuera del \u00a0mismo \u00a0una \u00a0sustancia \u00a0controlada categor\u00eda I, en violaci\u00f3n de la Secci\u00f3n 952 \u00a0(a) del T\u00edtulo 21 del C\u00f3digo de los Estados Unidos. \u00a0\u00a0<\/p>\n<p>7. \u00a0La \u00a0sustancia controlada implicada en el \u00a0delito \u00a0fue \u00a0un \u00a0kilogramo \u00a0y \u00a0m\u00e1s \u00a0de \u00a0mezclas y sustancias que conten\u00edan una \u00a0cantidad \u00a0detectable de hero\u00edna, en violaci\u00f3n de la Secci\u00f3n 960 (b)(1)(A) del \u00a0T\u00edtulo 21 del C\u00f3digo de los Estados Unidos\u201d. \u00a0\u00a0<\/p>\n<p>5.2. La Secci\u00f3n 846 \u00a0del \u00a0 T\u00edtulo \u00a0 21 \u00a0del \u00a0C\u00f3digo \u00a0de \u00a0los \u00a0Estados \u00a0Unidos \u00a0se\u00f1ala: \u00a0 \u201cTentativa \u00a0y \u00a0concierto. \u00a0El \u00a0que \u00a0intente \u00a0o \u00a0concierte \u00a0para \u00a0perpetrar \u00a0cualquier \u00a0delito \u00a0definido \u00a0en este subcap\u00edtulo ser\u00e1 castigado con \u00a0las \u00a0mismas \u00a0penas \u00a0que se prev\u00e9n para el delito cuya comisi\u00f3n era el objetivo \u00a0de la tentativa o el concierto\u201d. \u00a0\u00a0<\/p>\n<p>La \u00a0 Secci\u00f3n \u00a0 812 \u00a0 del \u00a0 mismo \u00a0T\u00edtulo \u00a0precept\u00faa: \u00a0\u201cLista de Substancias Fiscalizadas. (a) \u00a0Establecimiento\u2026 \u00a0Lista I (b) Salvo que no queden espec\u00edficamente exceptuados \u00a0a \u00a0no \u00a0ser \u00a0que \u00a0est\u00e9n \u00a0incluidos \u00a0en \u00a0otra lista, cualquiera de los siguientes \u00a0derivados \u00a0del \u00a0opio, \u00a0sus sales, is\u00f3meros y sales de is\u00f3meros, siempre que la \u00a0existencia \u00a0de \u00a0dichas \u00a0sales, is\u00f3meros y sales de is\u00f3meros sea posible dentro \u00a0de la designaci\u00f3n qu\u00edmica espec\u00edfica:\u2026 (10) Hero\u00edna\u201d. \u00a0\u00a0<\/p>\n<p>Por su parte, la Secci\u00f3n 841 del T\u00edtulo 21 \u00a0del \u00a0C\u00f3digo \u00a0de \u00a0los Estados Unidos consagra: \u201cActos \u00a0prohibidos \u00a0A. \u00a0(a) Actos il\u00edcitos. Salvo lo que se autorice este subcap\u00edtulo, \u00a0ser\u00e1 \u00a0 ilegal \u00a0 que \u00a0 cualquier \u00a0 persona \u00a0 con \u00a0 conocimiento \u00a0 de \u00a0 causa \u00a0 o \u00a0intencionadamente \u00a0(1) fabrique, distribuya, o dispense, o posea con intenciones \u00a0de \u00a0fabricar, distribuir o dispensar, una sustancia controlada\u2026 (b) Las penas. \u00a0Salvo \u00a0lo \u00a0previsto \u00a0en \u00a0las \u00a0Secciones \u00a0859, 860 \u00f3 861 de este t\u00edtulo, el que \u00a0delinca \u00a0en \u00a0violaci\u00f3n \u00a0de la sub-secci\u00f3n (a) de esta secci\u00f3n ser\u00e1 castigado \u00a0con \u00a0las penas siguientes: (1)(A) En el caso de una violaci\u00f3n concerniente a la \u00a0subsecci\u00f3n \u00a0(a) \u00a0de \u00a0esta \u00a0secci\u00f3n que trata de (i) un kilogramo o m\u00e1s de una \u00a0mezcla \u00a0o \u00a0sustancia que contenga una cantidad perceptible de hero\u00edna\u2026 el que \u00a0cometa \u00a0tal \u00a0violaci\u00f3n de la ley ser\u00e1 castigado con la pena de prisi\u00f3n por un \u00a0t\u00e9rmino \u00a0 de \u00a0 cuando \u00a0 menos \u00a0 10 \u00a0 a\u00f1os \u00a0 y \u00a0 no \u00a0 mayor \u00a0 que \u00a0 la \u00a0 cadena \u00a0perpetua,\u2026\u201d. \u00a0\u00a0<\/p>\n<p>La \u00a0Secci\u00f3n \u00a0952 \u00a0de \u00a0ese \u00a0T\u00edtulo \u00a0prev\u00e9: \u00a0\u201cImportaci\u00f3n \u00a0 de \u00a0 sustancias \u00a0 controladas. \u00a0(a) \u00a0Sustancias \u00a0controladas \u00a0de \u00a0la \u00a0Tabla \u00a0I o II y los estupefacientes de la Tabla \u00a0III, \u00a0IV \u00a0o \u00a0V;\u2026 \u00a0Ser\u00e1 ilegal la importaci\u00f3n hacia el territorio aduanero de \u00a0los \u00a0Estadios \u00a0Unidos \u00a0desde cualquier otro lugar fuera de \u00e9ste (pero dentro de \u00a0los \u00a0Estados Unidos) y la importaci\u00f3n hacia los Estados Unidos, desde cualquier \u00a0otro \u00a0lugar fuera del pa\u00eds, de una substancia controlada de la Tabla I o II del \u00a0subcap\u00edtulo \u00a0I \u00a0de \u00a0este cap\u00edtulo, o cualquier estupefaciente de la tabla III, \u00a0IV \u00a0 \u00a0o \u00a0 \u00a0V \u00a0 \u00a0del \u00a0 \u00a0subcap\u00edtulo \u00a0 \u00a0I \u00a0 \u00a0de \u00a0 este \u00a0 cap\u00edtulo\u2026\u201d. \u00a0\u00a0<\/p>\n<p>A \u00a0su \u00a0turno, \u00a0la Secci\u00f3n 963 ubicada en el \u00a0mismo \u00a0T\u00edtulo \u00a0establece: \u201cTentativa y concierto. El \u00a0que \u00a0intente \u00a0o \u00a0concierte \u00a0para \u00a0perpetrar \u00a0cualquier \u00a0delito \u00a0definido en este \u00a0subcap\u00edtulo \u00a0ser\u00e1 castigado con las mismas penas que se prev\u00e9n para el delito \u00a0cuya comisi\u00f3n era el objetivo de la tentativa o el concierto\u201d. \u00a0\u00a0<\/p>\n<p>Finalmente, \u00a0la \u00a0Secci\u00f3n \u00a0960 \u00a0del \u00a0citado \u00a0T\u00edtulo \u00a0dispone: \u00a0\u201cActos \u00a0Prohibidos \u00a0A. \u00a0(a) Actos \u00a0il\u00edcitos. \u00a0 \u00a0El \u00a0 \u00a0que \u00a0\u2013 \u00a0 \u00a0 (1) \u00a0en \u00a0violaci\u00f3n \u00a0de las Secciones 952 953 o 957 de este t\u00edtulo, \u00a0con \u00a0conocimiento \u00a0de causa o intencionadamente importe o exporte una substancia \u00a0controlada, \u00a0(3) \u00a0en \u00a0violaci\u00f3n \u00a0de \u00a0la Secci\u00f3n 959 de este t\u00edtulo, fabrique, \u00a0posea \u00a0con \u00a0intenciones \u00a0de \u00a0distribuir, \u00a0o distribuya una sustancia controlada, \u00a0\u2026ser\u00e1 \u00a0castigado \u00a0de \u00a0acuerdo \u00a0con \u00a0lo previsto en la subsecci\u00f3n (b) de esta \u00a0secci\u00f3n. \u00a0(b) Las penas (1) En caso de una violaci\u00f3n de la sub-secci\u00f3n (a) de \u00a0esta \u00a0secci\u00f3n, \u00a0que \u00a0trata \u00a0de (A) 1 kilogramo o m\u00e1s de una mezcla o sustancia \u00a0que \u00a0contenga \u00a0una \u00a0cantidad \u00a0perceptible \u00a0de \u00a0hero\u00edna&#8230; \u00a0El \u00a0que \u00a0cometa \u00a0tal \u00a0violaci\u00f3n \u00a0de la ley ser\u00e1 castigado con la pena de prisi\u00f3n por un t\u00e9rmino de \u00a0cuando menos 10 a\u00f1os y no mayor que la cadena perpetua,\u2026\u201d. \u00a0\u00a0<\/p>\n<p>5.3. Los anteriores \u00a0cargos, \u00a0concretados \u00a0en \u00a0la \u00a0conspiraci\u00f3n \u00a0entre \u00a0varias personas para cometer \u00a0delitos \u00a0(importar a territorio de los Estados Unidos cantidades perceptibles de \u00a0hero\u00edna, \u00a0para \u00a0distribuirla), \u00a0tienen \u00a0su \u00a0correspondencia en el C\u00f3digo Penal \u00a0colombiano, \u00a0espec\u00edficamente \u00a0en \u00a0el \u00a0art\u00edculo 340, inciso 2\u00ba, modificado por \u00a0los \u00a0art\u00edculos \u00a08\u00ba \u00a0de la Ley 733 de 2002, 14 de la Ley 890 de 2004 y 19 de la \u00a0Ley \u00a01121 \u00a0de \u00a02006, preceptiva que tipifica la conducta punible de concierto \u00a0para \u00a0delinquir y establece una \u00a0pena \u00a0que \u00a0hoy \u00a0va \u00a0de \u00a08 \u00a0a \u00a018 a\u00f1os de prisi\u00f3n y multa que de 2.700 a 30.000 \u00a0smlmv., \u00a0para \u00a0quien se concierte para cometer, entre otros, delitos de tr\u00e1fico \u00a0de drogas t\u00f3xicas, estupefacientes o sustancias psicotr\u00f3picas. \u00a0\u00a0<\/p>\n<p>Del \u00a0 mismo \u00a0modo, \u00a0tanto \u00a0conspirar \u00a0como \u00a0concertar \u00a0envuelven \u00a0la \u00a0idea \u00a0de \u00a0acordar \u00a0voluntades \u00a0para adelantar precisas \u00a0actividades \u00a0y \u00a0obtener \u00a0un \u00a0fin, \u00a0el \u00a0cual \u00a0ser\u00eda, en este caso, el de cometer \u00a0delitos de narcotr\u00e1fico. \u00a0\u00a0<\/p>\n<p>Adem\u00e1s, \u00a0los \u00a0cargos \u00a0relacionados \u00a0con \u00a0la \u00a0concreta \u00a0importaci\u00f3n \u00a0de \u00a0la \u00a0sustancia \u00a0vedada \u00a0al \u00a0territorio de los Estados \u00a0Unidos \u00a0y \u00a0su \u00a0distribuci\u00f3n, tienen correspondencia en la legislaci\u00f3n punitiva \u00a0patria, \u00a0toda \u00a0vez \u00a0que \u00a0el \u00a0art\u00edculo \u00a0376 del C\u00f3digo Penal, modificado por el \u00a0art\u00edculo \u00a011 \u00a0de \u00a0la \u00a0Ley \u00a01453 \u00a0de \u00a02011, \u00a0tipifica \u00a0el delito de tr\u00e1fico, \u00a0 fabricaci\u00f3n \u00a0 o \u00a0porte \u00a0de \u00a0estupefacientes, \u00a0de \u00a0la \u00a0siguiente \u00a0manera: \u201cEl que sin \u00a0permiso \u00a0de \u00a0autoridad \u00a0competente, introduzca al pa\u00eds, as\u00ed sea en tr\u00e1nsito o \u00a0saque \u00a0de \u00a0\u00e9l, \u00a0transporte, \u00a0lleve consigo, almacene, conserve, elabore, venda, \u00a0ofrezca, \u00a0 adquiera \u00a0 financie \u00a0 o \u00a0suministre \u00a0a \u00a0cualquier \u00a0t\u00edtulo \u00a0sustancia \u00a0estupefaciente, \u00a0 sicotr\u00f3pica \u00a0 o \u00a0 drogas \u00a0 sint\u00e9ticas \u00a0 que \u00a0 se \u00a0encuentren \u00a0contempladas \u00a0en \u00a0los \u00a0cuadros \u00a0uno, \u00a0dos, \u00a0tres \u00a0y \u00a0cuatro \u00a0del Convenio de las \u00a0Naciones \u00a0Unidas \u00a0sobre \u00a0Sustancias \u00a0Sicotr\u00f3picas, \u00a0incurrir\u00e1 \u00a0en \u00a0prisi\u00f3n de \u00a0ciento \u00a0veintiocho \u00a0(128) \u00a0a \u00a0trescientos \u00a0sesenta \u00a0(360) \u00a0meses \u00a0y multa de mil \u00a0trescientos \u00a0treinta y cuatro (1.334) a cincuenta mil (50.000) salarios m\u00ednimos \u00a0legales \u00a0 \u00a0 \u00a0mensuales \u00a0 \u00a0 \u00a0vigentes\u201d1. \u00a0\u00a0<\/p>\n<p>5.4. El requisito de \u00a0la \u00a0 \u00a0doble \u00a0 incriminaci\u00f3n, \u00a0 en \u00a0 consecuencia, \u00a0 se \u00a0 encuentra \u00a0 igualmente \u00a0satisfecho. \u00a0\u00a0<\/p>\n<p>6. Decisi\u00f3n. \u00a0<\/p>\n<p>Habi\u00e9ndose \u00a0verificado \u00a0el \u00a0cumplimiento de \u00a0todos \u00a0los \u00a0requisitos se\u00f1alados en el C\u00f3digo de Procedimiento Penal, la Corte \u00a0CONCEPT\u00daA \u00a0FAVORABLEMENTE a \u00a0la \u00a0extradici\u00f3n \u00a0del \u00a0ciudadano \u00a0colombiano JOHN JAIRO \u00a0LA\u00d1AS \u00a0LLANOS, \u00a0cuyas \u00a0notas \u00a0civiles \u00a0y \u00a0condiciones \u00a0personales \u00a0fueron \u00a0constatadas \u00a0en \u00a0el cuerpo de este pronunciamiento, conforme \u00a0con \u00a0la \u00a0notas \u00a0verbales \u00a0Nos. \u00a00744 y 1837 del 24 de abril y 4 de septiembre de \u00a02013, \u00a0respectivamente, \u00a0suscritas \u00a0por \u00a0la \u00a0Embajada \u00a0de \u00a0los Estados Unidos de \u00a0Am\u00e9rica, \u00a0 por \u00a0 los \u00a0 cargos \u00a0 imputados \u00a0 en \u00a0la \u00a0resoluci\u00f3n \u00a0de \u00a0acusaci\u00f3n \u00a0N\u00b0 12 Cr. 970, dictada el 20 \u00a0de \u00a0diciembre \u00a0de \u00a02012 \u00a0ante \u00a0la \u00a0Corte Distrital de los Estados Unidos para el \u00a0Distrito Sur de Nueva York. \u00a0\u00a0<\/p>\n<p>6.1. En todo caso, \u00a0habida \u00a0cuenta \u00a0que \u00a0de \u00a0acuerdo \u00a0con las normas punitivas de los Estados Unidos \u00a0aplicables \u00a0a \u00a0los \u00a0delitos \u00a0por \u00a0los que solicit\u00f3 la extradici\u00f3n prev\u00e9n como \u00a0sanci\u00f3n \u00a0hasta \u00a0cadena perpetua, la cual est\u00e1 prohibida en Colombia (art\u00edculo \u00a034 \u00a0de la Constituci\u00f3n Pol\u00edtica), le corresponde al Gobierno Nacional, en caso \u00a0de \u00a0 que \u00a0conceda \u00a0la \u00a0entrega \u00a0requerida, \u00a0condicionar \u00a0la \u00a0extradici\u00f3n \u00a0a \u00a0la \u00a0conmutaci\u00f3n \u00a0de \u00a0la \u00a0misma, \u00a0as\u00ed \u00a0como \u00a0imponer \u00a0las \u00a0exigencias que considere \u00a0oportunas \u00a0para \u00a0que \u00a0se \u00a0observe \u00a0ese \u00a0precepto \u00a0constitucional, y a fin de que \u00a0LA\u00d1AS \u00a0LLANOS \u00a0no \u00a0vaya \u00a0a \u00a0ser \u00a0juzgado por un hecho anterior al que motiva la \u00a0extradici\u00f3n \u00a0(art\u00edculo \u00a0494 del C\u00f3digo de Procedimiento Penal), ni sometido a \u00a0tratos \u00a0crueles, \u00a0inhumanos \u00a0o \u00a0degradantes. \u00a0Del \u00a0mismo modo, para que a LA\u00d1AS \u00a0LLANOS \u00a0se \u00a0le \u00a0reconozca \u00a0como \u00a0parte \u00a0cumplida \u00a0de la pena que se le llegare a \u00a0imponer \u00a0en \u00a0el \u00a0pa\u00eds \u00a0requirente, \u00a0el \u00a0tiempo que ha permanecido privada de la \u00a0libertad por raz\u00f3n de este tr\u00e1mite. \u00a0\u00a0<\/p>\n<p>6.2. \u00a0Tambi\u00e9n \u00a0es \u00a0preciso \u00a0advertir \u00a0que \u00a0como \u00a0el \u00a0instrumento \u00a0de \u00a0la extradici\u00f3n entre Estados \u00a0Unidos \u00a0 de \u00a0Am\u00e9rica \u00a0y \u00a0Colombia \u00a0se \u00a0rige, \u00a0en \u00a0ausencia \u00a0de \u00a0un \u00a0instrumento \u00a0internacional \u00a0que \u00a0regule \u00a0los \u00a0motivos \u00a0de procedencia, requisitos, tr\u00e1mite y \u00a0condiciones, \u00a0por las normas contenidas en la Constituci\u00f3n Pol\u00edtica (art\u00edculo \u00a035) \u00a0y \u00a0en el C\u00f3digo de Procedimiento Penal (art\u00edculos 490 a 514 de la Ley 906 \u00a0de \u00a02004), cuando recae sobre ciudadanos colombianos por nacimiento \u2013si \u00a0es \u00a0pasiva-, \u00a0es \u00a0imperioso que el \u00a0Gobierno \u00a0Nacional \u00a0haga las exigencias que estime convenientes en aras a que en \u00a0el \u00a0pa\u00eds reclamante se le reconozcan todos los derechos y garant\u00edas inherentes \u00a0a \u00a0su \u00a0calidad \u00a0de \u00a0colombiana \u00a0y de procesada, en especial las contenidas en la \u00a0Carta \u00a0Fundamental; entre ellas, la del art\u00edculo 42, seg\u00fan la cual, la familia \u00a0es \u00a0el \u00a0n\u00facleo \u00a0central de la sociedad, motivo por el cual deber\u00e1 permitirse a \u00a0sus parientes mantener un contacto permanente. \u00a0\u00a0<\/p>\n<p>Asimismo, \u00a0se deber\u00e1n acatar los derechos y \u00a0garant\u00edas \u00a0consagrados en el denominado bloque de constitucionalidad, es decir, \u00a0en \u00a0aquellos \u00a0convenios internacionales ratificados por Colombia que consagran y \u00a0desarrollan \u00a0derechos \u00a0humanos \u00a0(art\u00edculo \u00a093 de la Constituci\u00f3n, Declaraci\u00f3n \u00a0Universal \u00a0de Derechos Humanos, Convenci\u00f3n Americana de Derechos Humanos, Pacto \u00a0Internacional \u00a0de \u00a0Derechos \u00a0Civiles \u00a0y \u00a0Pol\u00edticos), \u00a0en \u00a0virtud \u00a0del \u00a0deber de \u00a0protecci\u00f3n \u00a0a \u00a0esos derechos que para todas las autoridades p\u00fablicas emana del \u00a0art\u00edculo 2\u00ba ib\u00eddem. \u00a0\u00a0<\/p>\n<p>Tales \u00a0condicionamientos \u00a0tienen \u00a0car\u00e1cter \u00a0imperioso, \u00a0porque \u00a0la \u00a0extradici\u00f3n \u00a0de un ciudadano colombiano por nacimiento, \u00a0cualquiera \u00a0sea \u00a0el \u00a0delito que dio lugar a su entrega a un pa\u00eds extranjero, no \u00a0implica \u00a0que \u00a0pierda \u00a0su \u00a0nacionalidad \u00a0ni \u00a0los derechos que le son anejos a tal \u00a0calidad. \u00a0Por \u00a0tanto, \u00a0el deber de protecci\u00f3n de las autoridades colombianas se \u00a0extiende \u00a0a \u00a0tal \u00a0punto, \u00a0que \u00a0han \u00a0de \u00a0vigilar que en el pa\u00eds reclamante se le \u00a0respete \u00a0los \u00a0derechos \u00a0y garant\u00edas tal como si fuese juzgado en Colombia. A lo \u00a0que \u00a0renuncia \u00a0el \u00a0Estado que accede a la entrega de un connacional es a ejercer \u00a0su \u00a0soberan\u00eda \u00a0jurisdiccional, de modo que en tanto aqu\u00e9l siga siendo s\u00fabdito \u00a0de \u00a0Colombia, conserva a su favor todas las prerrogativas, garant\u00edas y derechos \u00a0que \u00a0emanan \u00a0de \u00a0la \u00a0Constituci\u00f3n \u00a0y \u00a0la \u00a0ley, \u00a0en \u00a0particular, aquellos que se \u00a0relacionan \u00a0con \u00a0su \u00a0calidad \u00a0de \u00a0procesado y que tienen que ver con la dignidad \u00a0humana. \u00a0\u00a0<\/p>\n<p>Por \u00a0esa \u00a0raz\u00f3n, \u00a0de \u00a0conformidad \u00a0con \u00a0lo \u00a0establecido \u00a0por \u00a0el \u00a0art\u00edculo 189-2 de la Constituci\u00f3n Pol\u00edtica, al Gobierno \u00a0Nacional, \u00a0en \u00a0cabeza \u00a0del \u00a0se\u00f1or \u00a0Presidente \u00a0de \u00a0la \u00a0Rep\u00fablica \u00a0como supremo \u00a0director \u00a0de \u00a0la \u00a0pol\u00edtica \u00a0exterior \u00a0y \u00a0de \u00a0las relaciones internacionales, le \u00a0corresponde \u00a0hacer \u00a0estricto \u00a0seguimiento \u00a0del \u00a0cumplimiento por parte del pa\u00eds \u00a0requirente \u00a0de \u00a0los \u00a0condicionamientos \u00a0atr\u00e1s \u00a0referenciados y establecer, as\u00ed \u00a0mismo, \u00a0las \u00a0consecuencias \u00a0de su inobservancia (Cfr. concepto del 23 de febrero \u00a0de 2005, radicaci\u00f3n N\u00b0 22.375, entre otros). \u00a0\u00a0<\/p>\n<p>La \u00a0Secretar\u00eda \u00a0de la Sala comunicar\u00e1 este \u00a0concepto \u00a0al \u00a0solicitado \u00a0JOHN JAIRO LA\u00d1AS LLANOS y dem\u00e1s intervinientes en el \u00a0tr\u00e1mite de extradici\u00f3n. \u00a0\u00a0<\/p>\n<p>Devu\u00e9lvase \u00a0el \u00a0expediente al Ministerio de \u00a0Justicia y del Derecho para lo de su competencia. \u00a0\u00a0<\/p>\n<p>Comun\u00edquese y c\u00famplase. \u00a0<\/p>\n<p>JOS\u00c9 LEONIDAS BUSTOS MART\u00cdNEZ \u00a0<\/p>\n<p>JOS\u00c9 \u00a0LUIS \u00a0BARCEL\u00d3 \u00a0CAMACHO \u00a0\u00a0 \u00a0\u00a0 \u00a0\u00a0 \u00a0\u00a0 \u00a0\u00a0 \u00a0\u00a0 \u00a0 \u00a0\u00a0 \u00a0 \u00a0 \u00a0 \u00a0 \u00a0 \u00a0 \u00a0 \u00a0 \u00a0\u00a0FERNANDO A. CASTRO CABALLERO \u00a0\u00a0<\/p>\n<p>EUGENIO \u00a0 FERN\u00c1NDEZ \u00a0CARLIER \u00a0\u00a0 \u00a0\u00a0 \u00a0\u00a0 \u00a0\u00a0 \u00a0\u00a0 \u00a0\u00a0 \u00a0 \u00a0\u00a0 \u00a0 \u00a0 \u00a0 \u00a0 \u00a0 \u00a0 \u00a0 \u00a0 \u00a0\u00a0MAR\u00cdA DEL ROSARIO GONZ\u00c1LEZ MU\u00d1OZ \u00a0\u00a0<\/p>\n<p>GUSTAVO ENRIQUE MALO FERN\u00c1NDEZ \u00a0 \u00a0 \u00a0 \u00a0 \u00a0 \u00a0 \u00a0\u00a0EYDER \u00a0PATI\u00d1O CABRERA \u00a0\u00a0<\/p>\n<p>LUIS GUILLERMO SALAZAR OTERO \u00a0<\/p>\n<p>Nubia Yolanda Nova Garc\u00eda \u00a0<\/p>\n<p>Secretaria \u00a0 \u00a0<\/p>\n<p>1 \u00a0Dependiendo \u00a0de \u00a0la \u00a0cantidad de estupefaciente involucrado, dicha pena tambi\u00e9n \u00a0podr\u00eda \u00a0ser \u00a0de 64 a 108 o de 96 a 144 meses prisi\u00f3n. En todo caso, cualquiera \u00a0que \u00a0sea \u00a0el \u00a0inciso \u00a0aplicado, el monto punitivo cubre la exigencia m\u00ednima del \u00a0principio analizado. \u00a0 \u00a0\u00a0<\/p>\n<p><\/p>\n","protected":false},"excerpt":{"rendered":"<p>\u00a0 \u00a0 \u00a0\u00a0 CORTE SUPREMA DE JUSTICIA \u00a0 SALA DE CASACI\u00d3N PENAL \u00a0 Magistrado Ponente: \u00a0 GUSTAVO ENRIQUE MALO FERN\u00c1NDEZ \u00a0 Aprobado Acta N\u00b0 386. \u00a0 Bogot\u00e1, D.C., veinte (20) de noviembre de dos \u00a0mil trece (2013). \u00a0\u00a0 V I S T O S \u00a0 De \u00a0conformidad \u00a0con \u00a0lo \u00a0preceptuado \u00a0en el \u00a0art\u00edculo \u00a070 \u00a0de [&hellip;]<\/p>\n","protected":false},"author":1,"featured_media":0,"comment_status":"open","ping_status":"open","sticky":false,"template":"","format":"standard","meta":{"footnotes":""},"categories":[21],"tags":[],"class_list":["post-27484","post","type-post","status-publish","format-standard","hentry","category-21"],"_links":{"self":[{"href":"https:\/\/dmsjuridica.com\/buscador_20179478954\/salapenalcronologico20230723\/wp-json\/wp\/v2\/posts\/27484","targetHints":{"allow":["GET"]}}],"collection":[{"href":"https:\/\/dmsjuridica.com\/buscador_20179478954\/salapenalcronologico20230723\/wp-json\/wp\/v2\/posts"}],"about":[{"href":"https:\/\/dmsjuridica.com\/buscador_20179478954\/salapenalcronologico20230723\/wp-json\/wp\/v2\/types\/post"}],"author":[{"embeddable":true,"href":"https:\/\/dmsjuridica.com\/buscador_20179478954\/salapenalcronologico20230723\/wp-json\/wp\/v2\/users\/1"}],"replies":[{"embeddable":true,"href":"https:\/\/dmsjuridica.com\/buscador_20179478954\/salapenalcronologico20230723\/wp-json\/wp\/v2\/comments?post=27484"}],"version-history":[{"count":0,"href":"https:\/\/dmsjuridica.com\/buscador_20179478954\/salapenalcronologico20230723\/wp-json\/wp\/v2\/posts\/27484\/revisions"}],"wp:attachment":[{"href":"https:\/\/dmsjuridica.com\/buscador_20179478954\/salapenalcronologico20230723\/wp-json\/wp\/v2\/media?parent=27484"}],"wp:term":[{"taxonomy":"category","embeddable":true,"href":"https:\/\/dmsjuridica.com\/buscador_20179478954\/salapenalcronologico20230723\/wp-json\/wp\/v2\/categories?post=27484"},{"taxonomy":"post_tag","embeddable":true,"href":"https:\/\/dmsjuridica.com\/buscador_20179478954\/salapenalcronologico20230723\/wp-json\/wp\/v2\/tags?post=27484"}],"curies":[{"name":"wp","href":"https:\/\/api.w.org\/{rel}","templated":true}]}}