{"id":27406,"date":"2023-09-12T19:54:27","date_gmt":"2023-09-12T19:54:27","guid":{"rendered":"https:\/\/dmsjuridica.com\/buscador_20179478954\/salapenalcronologico20230723\/2023\/09\/12\/4213804-12-13\/"},"modified":"2023-09-12T19:54:27","modified_gmt":"2023-09-12T19:54:27","slug":"4213804-12-13","status":"publish","type":"post","link":"https:\/\/dmsjuridica.com\/buscador_20179478954\/salapenalcronologico20230723\/2023\/09\/12\/4213804-12-13\/","title":{"rendered":"42138(04-12-13)"},"content":{"rendered":"\n<p>\u00a0 \u00a0 \u00a0\u00a0<\/p>\n<p>CORTE SUPREMA DE JUSTICIA \u00a0<\/p>\n<p>SALA DE CASACI\u00d3N PENAL \u00a0<\/p>\n<p>Magistrada Ponente: \u00a0<\/p>\n<p>MAR\u00cdA \u00a0 \u00a0 DEL \u00a0 \u00a0ROSARIO \u00a0 \u00a0GONZ\u00c1LEZ \u00a0MU\u00d1OZ \u00a0\u00a0<\/p>\n<p>Aprobado Acta No. 404 \u00a0<\/p>\n<p>Bogot\u00e1, D.C., cuatro (4) de diciembre de dos \u00a0mil trece (2013). \u00a0\u00a0<\/p>\n<p>VISTOS \u00a0<\/p>\n<p>Procede \u00a0la \u00a0Corporaci\u00f3n \u00a0a emitir concepto \u00a0sobre \u00a0la \u00a0solicitud \u00a0de \u00a0extradici\u00f3n \u00a0del \u00a0ciudadano \u00a0colombiano \u00a0HUGO \u00a0ENRIQUE \u00a0SANES \u00a0SAAVEDRA \u00a0presentada \u00a0por \u00a0 \u00a0el \u00a0 Gobierno \u00a0 de \u00a0 los \u00a0 Estados \u00a0 Unidos1. \u00a0\u00a0<\/p>\n<p>ANTECEDENTES \u00a0<\/p>\n<p>Con Nota Verbal No. 1684 del 15 de agosto de \u00a02013, \u00a0la Embajada de los Estados Unidos formaliz\u00f3 la solicitud de extradici\u00f3n \u00a0de \u00a0 \u00a0HUGO \u00a0 ENRIQUE \u00a0 SANES \u00a0 SAAVEDRA, \u00a0contra \u00a0quien \u00a0la Corte del Distrito Este de Virginia dict\u00f3 el 9 \u00a0de \u00a0agosto \u00a0de 2012 la acusaci\u00f3n No. 1:12cr358 para que comparezca a juicio por \u00a0delitos federales de narc\u00f3ticos. \u00a0\u00a0<\/p>\n<p>\u00a0 \u00a0\u00a0 \u00a0\u00a0 \u00a0Documentos aportados con la solicitud de extradici\u00f3n \u00a0\u00a0<\/p>\n<p>Para \u00a0formalizar \u00a0la petici\u00f3n de entrega de \u00a0HUGO \u00a0 \u00a0ENRIQUE \u00a0 \u00a0SANES \u00a0 SAAVEDRA \u00a0 se \u00a0incorporaron \u00a0al presente tr\u00e1mite, por intermedio del Ministerio \u00a0de \u00a0Relaciones Exteriores y provenientes de la Embajada de los Estados Unidos de \u00a0Am\u00e9rica, los siguientes documentos, debidamente traducidos: \u00a0\u00a0<\/p>\n<p>(i) \u00a0Nota Verbal No. 1050 del 12 de junio de \u00a02013, \u00a0por \u00a0cuyo \u00a0medio \u00a0la \u00a0Embajada \u00a0de los Estados Unidos solicit\u00f3 la detenci\u00f3n provisional con fines de \u00a0extradici\u00f3n \u00a0 \u00a0 de \u00a0 \u00a0 HUGO \u00a0 \u00a0 ENRIQUE \u00a0 \u00a0 SANES \u00a0SAAVEDRA. \u00a0\u00a0<\/p>\n<p>ii) Nota Verbal No. 1684 del 15 de agosto de \u00a02013 mediante la cual se protocoliza la petici\u00f3n de extradici\u00f3n. \u00a0\u00a0<\/p>\n<p>(iii) \u00a0Copia \u00a0de la acusaci\u00f3n No. 1:12cr358 \u00a0dictada \u00a0 el \u00a0 9 \u00a0 de \u00a0agosto \u00a0de \u00a02012 \u00a0por \u00a0la \u00a0Corte \u00a0del \u00a0Distrito \u00a0Este \u00a0de \u00a0Virginia. \u00a0\u00a0<\/p>\n<p>(iv) \u00a0 Traducci\u00f3n \u00a0de \u00a0las \u00a0disposiciones \u00a0aplicables \u00a0al \u00a0caso, \u00a0esto \u00a0es, \u00a0T\u00edtulo \u00a018, \u00a0Secciones \u00a02 y 3282; T\u00edtulo 21, \u00a0Secciones \u00a0812, \u00a0959, 960 y \u00a0963 del C\u00f3digo de los Estados Unidos. \u00a0\u00a0<\/p>\n<p>(v) Orden de arresto emitida por la Corte del \u00a0Distrito \u00a0Este \u00a0de \u00a0Virginia en contra de HUGO ENRIQUE \u00a0SANES SAAVEDRA. \u00a0\u00a0<\/p>\n<p>(vi) \u00a0Declaraci\u00f3n \u00a0jurada \u00a0de \u00a0Mary \u00a0K. \u00a0Daly, \u00a0Fiscal \u00a0Auxiliar \u00a0de \u00a0los \u00a0Estados Unidos en el Distrito Este de Virginia, en la \u00a0cual \u00a0se refiere al procedimiento cumplido por el Gran \u00a0Jurado \u00a0 para \u00a0 dictar \u00a0la \u00a0acusaci\u00f3n, \u00a0descarta \u00a0la \u00a0configuraci\u00f3n \u00a0de \u00a0la \u00a0prescripci\u00f3n, \u00a0concreta los cargos formulados contra de \u00a0HUGO \u00a0 \u00a0ENRIQUE \u00a0 \u00a0SANES \u00a0 \u00a0SAAVEDRA \u00a0 e indica los elementos integrantes del delito. \u00a0\u00a0<\/p>\n<p>(vii) \u00a0Declaraci\u00f3n \u00a0jurada \u00a0de \u00a0 \u00a0Adam \u00a0 \u00a0W. \u00a0 \u00a0Lambert, \u00a0 agente \u00a0 de \u00a0 la \u00a0 Administraci\u00f3n \u00a0para \u00a0el \u00a0Control \u00a0de \u00a0Drogas \u00a0(DEA), \u00a0 por \u00a0cuyo \u00a0medio \u00a0informa \u00a0los pormenores de la investigaci\u00f3n en virtud de la cual se solicita la \u00a0extradici\u00f3n \u00a0y \u00a0aporta \u00a0los \u00a0datos \u00a0allegados \u00a0a \u00a0la \u00a0investigaci\u00f3n \u00a0sobre \u00a0la \u00a0identidad del requerido. \u00a0\u00a0<\/p>\n<p>(viii) \u00a0Copia \u00a0del informe de consulta de la \u00a0Registradur\u00eda \u00a0Nacional \u00a0del \u00a0Estado \u00a0Civil \u00a0correspondiente \u00a0a \u00a0la \u00a0c\u00e9dula de \u00a0ciudadan\u00eda \u00a0No. \u00a013.257.728 \u00a0a nombre de HUGO ENRIQUE \u00a0SANES SAAVEDRA. \u00a0\u00a0<\/p>\n<p>Tr\u00e1mite \u00a0 surtido \u00a0ante \u00a0las \u00a0autoridades \u00a0colombianas \u00a0\u00a0<\/p>\n<p>Recibida \u00a0por \u00a0la \u00a0Fiscal\u00eda \u00a0General \u00a0de la \u00a0Naci\u00f3n \u00a0la \u00a0Nota \u00a0Diplom\u00e1tica \u00a0No. \u00a01050 \u00a0del \u00a012 de junio de 2013, orden\u00f3 la \u00a0captura \u00a0de \u00a0HUGO ENRIQUE SANES SAAVEDRA mediante \u00a0Resoluci\u00f3n \u00a0del \u00a014 \u00a0de \u00a0junio siguiente, la cual se hizo \u00a0efectiva \u00a0el \u00a021 \u00a0de \u00a0junio \u00a0\u00faltimo \u00a0en \u00a0la \u00a0ciudad \u00a0de C\u00facuta por la Polic\u00eda \u00a0Nacional. \u00a0\u00a0<\/p>\n<p>Protocolizada \u00a0 la \u00a0solicitud \u00a0de \u00a0entrega \u00a0mediante \u00a0Nota \u00a0Verbal \u00a0No. \u00a01684 \u00a0del \u00a015 \u00a0de \u00a0agosto de 2013, el Ministerio de \u00a0Relaciones \u00a0Exteriores \u00a0envi\u00f3 \u00a0la \u00a0documentaci\u00f3n \u00a0reunida \u00a0a \u00a0su \u00a0hom\u00f3logo de \u00a0Justicia \u00a0y \u00a0del \u00a0Derecho \u00a0con oficio DIAJI\/GCE No. 1772 del 16 de agosto, en el \u00a0cual conceptu\u00f3: \u00a0\u00a0<\/p>\n<p>\u201cSobre el particular, es preciso se\u00f1alar \u00a0que, \u00a0se \u00a0encuentra vigente entre la Rep\u00fablica de Colombia y los Estados Unidos \u00a0de \u00a0Am\u00e9rica, \u00a0la \u00a0\u201cConvenci\u00f3n de Naciones Unidas contra el tr\u00e1fico il\u00edcito \u00a0de \u00a0estupefacientes \u00a0y \u00a0sustancias \u00a0sicotr\u00f3picas\u201d, suscrita en Viena el 20 de \u00a0diciembre de 1988. (\u2026) \u00a0\u00a0<\/p>\n<p>De conformidad con lo expuesto, en atenci\u00f3n \u00a0a \u00a0que \u00a0el \u00a0tratado \u00a0aplicable \u00a0entre \u00a0las \u00a0partes \u00a0no \u00a0regula \u00a0el \u00a0tr\u00e1mite \u00a0de \u00a0extradici\u00f3n, \u00a0y \u00a0a \u00a0la \u00a0luz de lo preceptuado en los art\u00edculos 491 y 496 de la \u00a0Ley \u00a0906 \u00a0de \u00a02004, \u00a0la \u00a0extradici\u00f3n \u00a0estar\u00e1 \u00a0gobernada \u00a0por lo previsto en el \u00a0ordenamientos \u00a0 \u00a0 \u00a0jur\u00eddico \u00a0 \u00a0 \u00a0colombiano\u201d2. \u00a0\u00a0<\/p>\n<p>Revisadas \u00a0las \u00a0diligencias \u00a0con \u00a0base en la \u00a0citada \u00a0normatividad, \u00a0en \u00a0dicha \u00a0Cartera \u00a0no \u00a0se \u00a0evidenci\u00f3 \u00a0la falta de pieza \u00a0sustancial \u00a0alguna \u00a0y, \u00a0en \u00a0consecuencia, \u00a0la \u00a0Jefe \u00a0de \u00a0la \u00a0Oficina \u00a0de Asuntos \u00a0Internacionales, \u00a0 con \u00a0 oficio \u00a0OFI13-0021518-OAI-1100 del 23 \u00a0de \u00a0agosto \u00a0de \u00a02013, \u00a0envi\u00f3 \u00a0el \u00a0expediente a la Sala de Casaci\u00f3n Penal de la \u00a0Corte Suprema de Justicia para lo de su competencia. \u00a0\u00a0<\/p>\n<p>Actuaci\u00f3n \u00a0 \u00a0 cumplida \u00a0 \u00a0 en \u00a0 \u00a0esta \u00a0Corporaci\u00f3n \u00a0\u00a0<\/p>\n<p>El \u00a028 de agosto de 2013 la Corte inici\u00f3 la \u00a0etapa \u00a0judicial del tr\u00e1mite, \u00a0reconoci\u00f3 \u00a0 \u00a0 al \u00a0 \u00a0defensor \u00a0 \u00a0designado \u00a0 \u00a0por \u00a0 \u00a0el \u00a0 \u00a0requerido, \u00a0orden\u00f3 surtir el traslado previsto en \u00a0el \u00a0art\u00edculo \u00a0500 de la Ley 906 de 2004. El 16 de octubre siguiente deneg\u00f3 las \u00a0postulaciones \u00a0probatorias \u00a0de \u00a0la \u00a0defensa \u00a0y \u00a0el \u00a013 de noviembre resolvi\u00f3 el \u00a0recurso \u00a0 \u00a0 \u00a0de \u00a0 \u00a0 \u00a0reposici\u00f3n \u00a0 \u00a0 \u00a0interpuesto \u00a0 \u00a0 contra \u00a0 \u00a0 la \u00a0 \u00a0 anterior \u00a0determinaci\u00f3n. Por \u00faltimo, \u00a0en \u00a0la \u00a0oportunidad \u00a0pertinente, \u00a0la \u00a0Sala\u00a0 corri\u00f3 traslado a las partes e \u00a0intervinientes para que presentaran sus alegatos finales. \u00a0\u00a0<\/p>\n<p>Alegatos de conclusi\u00f3n \u00a0<\/p>\n<p>1. \u00a0 El \u00a0 Ministerio \u00a0P\u00fablico, \u00a0 representado \u00a0 por \u00a0la \u00a0Procuradora \u00a0Tercera \u00a0Delegada \u00a0para \u00a0la \u00a0Casaci\u00f3n \u00a0Penal, \u00a0realiza \u00a0un \u00a0recuento \u00a0de \u00a0las \u00a0exigencias \u00a0previstas \u00a0en \u00a0el \u00a0ordenamiento \u00a0jur\u00eddico \u00a0para \u00a0la \u00a0emisi\u00f3n \u00a0de \u00a0concepto por parte de la Corte, \u00a0resume \u00a0la \u00a0actuaci\u00f3n \u00a0adelantada \u00a0y \u00a0los \u00a0documentos aportados por el Gobierno \u00a0requirente, \u00a0luego \u00a0de \u00a0lo \u00a0cual \u00a0colige \u00a0que \u00a0no \u00a0est\u00e1 presente ninguna de las \u00a0limitantes \u00a0 \u00a0incluidas \u00a0 \u00a0en \u00a0 \u00a0el \u00a0 \u00a0art\u00edculo \u00a0 \u00a035 \u00a0 de \u00a0 la \u00a0 Constituci\u00f3n \u00a0Pol\u00edtica. \u00a0\u00a0<\/p>\n<p>As\u00ed \u00a0mismo, aborda el estudio de la validez \u00a0formal \u00a0de \u00a0la \u00a0documentaci\u00f3n \u00a0allegada, \u00a0se\u00f1alando \u00a0los \u00a0requisitos \u00a0para \u00a0su \u00a0expedici\u00f3n \u00a0y presentaci\u00f3n, de manera especial su traducci\u00f3n y autenticaci\u00f3n \u00a0por \u00a0las \u00a0autoridades correspondientes en el pa\u00eds requirente, y el cumplimiento \u00a0del \u00a0tr\u00e1mite \u00a0diplom\u00e1tico \u00a0para \u00a0su \u00a0presentaci\u00f3n, \u00a0todo \u00a0lo \u00a0cual le permite \u00a0concluir \u00a0 \u00a0que \u00a0 \u00a0esas \u00a0 exigencias \u00a0 se \u00a0 encuentran \u00a0 satisfechas. \u00a0\u00a0<\/p>\n<p>\u00a0 \u00a0<\/p>\n<p>Igual \u00a0criterio expresa acerca de las dem\u00e1s \u00a0exigencias \u00a0previstas \u00a0por \u00a0el art\u00edculo 502 del C\u00f3digo de Procedimiento Penal, \u00a0esto \u00a0es, \u00a0la demostraci\u00f3n plena de la identidad del requerido, el principio de \u00a0la \u00a0doble \u00a0incriminaci\u00f3n \u00a0y \u00a0la \u00a0equivalencia de la providencia proferida en el \u00a0extranjero. \u00a0\u00a0<\/p>\n<p>En \u00a0cuanto a la pena m\u00ednima exigida, afirma \u00a0estar \u00a0acreditada por cuanto el cargo formulado por el pa\u00eds requirente equivale \u00a0en \u00a0el \u00a0ordenamiento \u00a0patrio \u00a0al delito descrito en el art\u00edculo 375 del C\u00f3digo \u00a0Penal, \u00a0relativo \u00a0al \u00a0tr\u00e1fico de estupefacientes, el cual tiene pena superior a \u00a0seis a\u00f1os de prisi\u00f3n. \u00a0\u00a0<\/p>\n<p>En \u00a0consecuencia, \u00a0considera satisfechos los \u00a0requisitos \u00a0exigidos \u00a0en el procedimiento penal para emitir concepto favorable a \u00a0la \u00a0solicitud \u00a0de \u00a0extradici\u00f3n \u00a0del \u00a0ciudadano \u00a0HUGO \u00a0ENRIQUE \u00a0 \u00a0SANES \u00a0 \u00a0SAAVEDRA, \u00a0 \u00a0raz\u00f3n \u00a0 \u00a0por \u00a0 \u00a0la \u00a0cual\u00a0 \u00a0 pide \u00a0 a \u00a0la \u00a0Corte, si acoge su criterio, \u00a0exhortar \u00a0al \u00a0Gobierno \u00a0Nacional \u00a0para \u00a0que \u00a0formule \u00a0al \u00a0pa\u00eds \u00a0reclamante \u00a0los \u00a0condicionamientos \u00a0necesarios \u00a0para \u00a0garantizar \u00a0la \u00a0protecci\u00f3n de los Derechos \u00a0Humanos \u00a0del \u00a0requerido, \u00a0en \u00a0atenci\u00f3n \u00a0a \u00a0lo \u00a0dispuesto \u00a0en \u00a0los \u00a0instrumentos \u00a0internacionales \u00a0 y \u00a0 en \u00a0 la \u00a0 Constituci\u00f3n \u00a0Pol\u00edtica \u00a0colombiana. \u00a0\u00a0<\/p>\n<p>2. \u00a0 \u00a0 La \u00a0defensa \u00a0 solicita \u00a0 a \u00a0 la \u00a0 Sala \u00a0 emitir \u00a0concepto \u00a0desfavorable \u00a0a la extradici\u00f3n por cuanto no se satisface la exigencia de doble \u00a0incriminaci\u00f3n \u00a0y \u00a0existe \u00a0discordancia \u00a0frente \u00a0a \u00a0la \u00a0validez \u00a0formal \u00a0de \u00a0los \u00a0documentos \u00a0presentados. Lo anterior por cuanto el reclamado nunca ha salido del \u00a0pa\u00eds \u00a0y \u00a0ni \u00a0siquiera tiene requerimientos por tr\u00e1fico de estupefacientes dado \u00a0que no se dedica a esa actividad. \u00a0\u00a0<\/p>\n<p>As\u00ed \u00a0mismo, \u00a0porque \u00a0con \u00a0el \u00a0indictment \u00a0no \u00a0se aportaron elementos de \u00a0prueba \u00a0esenciales, \u00a0a \u00a0saber: \u00a0el \u00a0examen \u00a0de identificaci\u00f3n del alcaloide, el \u00a0pesaje \u00a0del \u00a0mismo, \u00a0el \u00a0acta \u00a0de \u00a0decomiso \u00a0y \u00a0destrucci\u00f3n, \u00a0las copias de los \u00a0testimonios, \u00a0las \u00a0grabaciones \u00a0y \u00a0seguimientos ni mucho menos las audiencias de \u00a0legalizaci\u00f3n de dichos elementos. \u00a0\u00a0<\/p>\n<p>Y \u00a0aunque \u00a0se \u00a0deben \u00a0cumplir \u00a0los \u00a0tratados \u00a0internacionales, \u00a0opina, \u00a0tambi\u00e9n \u00a0resulta obligatorio respetar los derechos de \u00a0los \u00a0connacionales, \u00a0lo \u00a0cual \u00a0no \u00a0se \u00a0logra \u00a0cuando \u00a0se tramitan requerimientos \u00a0incompletos, \u00a0carentes \u00a0de \u00a0respaldo \u00a0probatorio, \u00a0cuyo \u00a0origen \u00a0se \u00a0encuentra \u00a0en afirmaciones mendaces que \u00a0constituye \u00a0 falsos \u00a0 positivos \u00a0de \u00a0parte \u00a0de \u00a0agentes \u00a0estatales \u00a0que \u00a0ven\u00edan \u00a0extorsionando \u00a0al \u00a0requerido, \u00a0tal \u00a0como actualmente lo investiga la Fiscal\u00eda 4 \u00a0Especializada Antisecuestro.\u00a0 \u00a0\u00a0<\/p>\n<p>CONSIDERACIONES \u00a0DE \u00a0LA \u00a0CORTE \u00a0\u00a0<\/p>\n<p>Aspectos Generales \u00a0<\/p>\n<p>La competencia de la Corporaci\u00f3n, cuando se \u00a0trata \u00a0de \u00a0emitir concepto sobre la procedencia de extraditar o no a una persona \u00a0solicitada \u00a0por otro pa\u00eds, se circunscribe a la verificaci\u00f3n de las exigencias \u00a0contenidas \u00a0en \u00a0los \u00a0art\u00edculos 490, 493, 495\u00a0 y 502 de la Ley 906 de 2004, \u00a0regulaci\u00f3n \u00a0a \u00a0la \u00a0cual \u00a0se acude porque los hechos tambi\u00e9n ocurrieron bajo su \u00a0vigencia. \u00a0\u00a0<\/p>\n<p>Esos \u00a0 requisitos \u00a0 consagrados \u00a0 en \u00a0los \u00a0art\u00edculos \u00a0495 \u00a0y 502 de la ley en cita se concretan en i) la validez formal de \u00a0la \u00a0documentaci\u00f3n \u00a0allegada por el pa\u00eds requirente, ii) la demostraci\u00f3n plena \u00a0de \u00a0la identidad de la persona solicitada, iii) la presencia del principio de la \u00a0doble \u00a0incriminaci\u00f3n \u00a0y \u00a0iv) \u00a0la equivalencia de la providencia proferida en el \u00a0extranjero \u00a0con \u00a0la \u00a0resoluci\u00f3n \u00a0de \u00a0acusaci\u00f3n \u00a0de \u00a0nuestro \u00a0sistema \u00a0procesal \u00a0penal. \u00a0\u00a0<\/p>\n<p>La \u00a0Corte, \u00a0por \u00a0consiguiente, \u00a0procede \u00a0a \u00a0estudiar si en el caso bajo examen se cumplen dichos presupuestos. \u00a0\u00a0<\/p>\n<p>\u00a0 \u00a0\u00a0<\/p>\n<p>1. Validez formal de la documentaci\u00f3n \u00a0 \u00a0\u00a0<\/p>\n<p>Conforme a lo preceptuado en el art\u00edculo 495 \u00a0de \u00a0la \u00a0Ley \u00a0906 \u00a0de 2004, la solicitud de extradici\u00f3n debe efectuarse por v\u00eda \u00a0diplom\u00e1tica \u00a0y, \u00a0de \u00a0manera \u00a0excepcional, \u00a0por \u00a0la \u00a0consular \u00a0o \u00a0de \u00a0gobierno a \u00a0gobierno, \u00a0aportando \u00a0copia aut\u00e9ntica del fallo o de la acusaci\u00f3n proferida en \u00a0el \u00a0pa\u00eds \u00a0extranjero, con indicaci\u00f3n de los actos que determinan la petici\u00f3n, \u00a0as\u00ed \u00a0como \u00a0del \u00a0lugar \u00a0y \u00a0fecha \u00a0de su ejecuci\u00f3n; todo ello acompa\u00f1ado de los \u00a0datos \u00a0por \u00a0cuyo \u00a0medio \u00a0sea \u00a0posible \u00a0identificar \u00a0plenamente \u00a0al \u00a0reclamado e, \u00a0igualmente, \u00a0 es \u00a0 necesario \u00a0 allegar \u00a0 la \u00a0 reproducci\u00f3n \u00a0aut\u00e9ntica \u00a0de \u00a0las \u00a0disposiciones penales aplicables al asunto. \u00a0\u00a0<\/p>\n<p>Del \u00a0mismo \u00a0modo, la documentaci\u00f3n debe ser \u00a0expedida \u00a0con \u00a0sujeci\u00f3n \u00a0a las formalidades establecidas en la legislaci\u00f3n del \u00a0pa\u00eds reclamante y estar traducida al castellano. \u00a0\u00a0<\/p>\n<p>Tales \u00a0requisitos \u00a0de car\u00e1cter legal est\u00e1n \u00a0encaminados \u00a0a \u00a0demandar \u00a0del \u00a0Estado \u00a0requirente la ineludible remisi\u00f3n de los \u00a0soportes \u00a0en \u00a0sustento \u00a0de \u00a0la \u00a0solicitud \u00a0de extradici\u00f3n, en todos los casos y \u00a0frente \u00a0a cada una de las espec\u00edficas obligaciones que amerite el asunto, no de \u00a0manera \u00a0simple, \u00a0sino \u00a0con \u00a0el \u00a0cumplimiento \u00edntegro de las exigencias formales \u00a0expresadas. \u00a0\u00a0<\/p>\n<p>En \u00a0 \u00a0el \u00a0 caso \u00a0 particular, la Corporaci\u00f3n observa que el Gobierno \u00a0de \u00a0 los \u00a0 Estados \u00a0 Unidos \u00a0 de \u00a0Am\u00e9rica, \u00a0a \u00a0trav\u00e9s \u00a0de \u00a0su \u00a0representaci\u00f3n \u00a0diplom\u00e1tica, \u00a0solicit\u00f3 \u00a0la \u00a0extradici\u00f3n del ciudadano colombiano HUGO \u00a0 ENRIQUE \u00a0 SANES \u00a0 SAAVEDRA \u00a0y, \u00a0al \u00a0efecto, \u00a0anex\u00f3 copia de la \u00a0acusaci\u00f3n \u00a0No. \u00a01:12cr358 \u00a0dictada \u00a0el \u00a09 \u00a0de \u00a0agosto \u00a0de 2012 por la Corte del \u00a0Distrito \u00a0Este \u00a0de \u00a0Virginia \u00a0y de la orden de arresto \u00a0expedida \u00a0 \u00a0contra \u00a0 el \u00a0 reclamado \u00a0 por \u00a0 la \u00a0 referida \u00a0 autoridad \u00a0 judicial \u00a0extranjera. \u00a0\u00a0<\/p>\n<p>Tambi\u00e9n alleg\u00f3 la \u00a0declaraci\u00f3n \u00a0 jurada \u00a0de \u00a0Mary \u00a0K. \u00a0Daly, \u00a0Fiscal Auxiliar en el Distrito Este de \u00a0Virginia, \u00a0en \u00a0la \u00a0que \u00a0se refiere al procedimiento cumplido por el Gran \u00a0Jurado \u00a0para \u00a0dictar la acusaci\u00f3n, \u00a0descarta \u00a0la \u00a0configuraci\u00f3n de la prescripci\u00f3n, concreta los cargos formulados \u00a0en \u00a0contra \u00a0de HUGO ENRIQUE SANES SAAVEDRA, \u00a0indica \u00a0los \u00a0elementos \u00a0integrantes del delito y remite a la declaraci\u00f3n de apoyo del agente \u00a0especial \u00a0de \u00a0la \u00a0Administraci\u00f3n \u00a0para \u00a0el Control de Drogas para\u00a0 mayores \u00a0detalles de los hechos. \u00a0\u00a0<\/p>\n<p>De \u00a0igual \u00a0manera, \u00a0se \u00a0observa \u00a0que \u00a0en los \u00a0documentos \u00a0aportados \u00a0por \u00a0el \u00a0Gobierno \u00a0de \u00a0los \u00a0Estados Unidos respecto de la \u00a0acusaci\u00f3n \u00a0se \u00a0especifican \u00a0los \u00a0actos \u00a0imputados y los lugares y \u00e9pocas de su \u00a0ocurrencia, \u00a0con \u00a0lo \u00a0cual se satisfacen los requisitos exigidos en el art\u00edculo \u00a0495 de la Ley 906 de 2004, como se explicar\u00e1 m\u00e1s adelante. \u00a0\u00a0<\/p>\n<p>A su vez, dichos documentos est\u00e1n traducidos \u00a0al \u00a0castellano, \u00a0certificados \u00a0y autenticados de conformidad con la legislaci\u00f3n \u00a0propia \u00a0del \u00a0Estado \u00a0requirente, \u00a0al \u00a0punto \u00a0que \u00a0se \u00a0encuentran refrendados por \u00a0Magdalena \u00a0 A. \u00a0 Boynton, \u00a0Directora \u00a0Asociada \u00a0de la Oficina de Asuntos Internacionales de la Divisi\u00f3n de \u00a0lo \u00a0Penal \u00a0del Departamento de Justicia del mismo pa\u00eds, reconocida como tal por \u00a0su \u00a0 Procurador \u00a0 Eric \u00a0 H. \u00a0Holder, \u00a0Jr. \u00a0\u00a0<\/p>\n<p>Igualmente, \u00a0se \u00a0aportaron \u00a0certificaciones \u00a0sobre \u00a0la \u00a0referida \u00a0documentaci\u00f3n suscritas por John \u00a0F. \u00a0Kerry, Secretario del Departamento de Estado de los \u00a0Estados \u00a0 Unidos \u00a0 de \u00a0 Am\u00e9rica \u00a0y \u00a0por \u00a0Patrick \u00a0O. \u00a0Hatchett, \u00a0 Funcionario \u00a0Auxiliar \u00a0de \u00a0Autenticaciones \u00a0de \u00a0la misma dependencia, cuya firma, a su turno, \u00a0fue \u00a0 refrendada \u00a0 por \u00a0 la \u00a0 Vice-C\u00f3nsul \u00a0de \u00a0Colombia \u00a0en \u00a0Washington, \u00a0D.C., \u00a0Adriana \u00a0 \u00a0 \u00a0 \u00a0 Ahmad \u00a0 \u00a0 \u00a0 \u00a0Serna, \u00a0 la \u00a0cual \u00a0est\u00e1 \u00a0legalizada \u00a0por \u00a0el \u00a0Ministerio \u00a0de \u00a0Relaciones \u00a0Exteriores \u00a0de \u00a0Colombia. Por lo tanto, se cumplen a \u00a0cabalidad los requisitos para su validez. \u00a0\u00a0<\/p>\n<p>En ese orden, es claro para la Corporaci\u00f3n \u00a0que \u00a0el \u00a0primer requisito exigido por el art\u00edculo 495 de la Ley 906 de 2004, se \u00a0encuentra acreditado. \u00a0\u00a0<\/p>\n<p>2. \u00a0\u00a0 \u00a0 \u00a0\u00a0 \u00a0\u00a0Demostraci\u00f3n \u00a0plena de la identidad del \u00a0solicitado \u00a0\u00a0<\/p>\n<p>Esta exigencia se orienta a establecer si la \u00a0persona \u00a0procesada \u00a0(acusada o condenada) \u00a0en \u00a0el \u00a0pa\u00eds \u00a0extranjero, \u00a0es \u00a0la \u00a0misma \u00a0sometida al tr\u00e1mite de \u00a0extradici\u00f3n, \u00a0lo \u00a0cual implica conocer su verdadera identidad; por lo tanto, el \u00a0requisito \u00a0se \u00a0cumple \u00a0cuando \u00a0existe \u00a0plena \u00a0coincidencia \u00a0entre \u00a0el \u00a0individuo \u00a0solicitado y aqu\u00e9l cuya entrega se encuentra en curso de resolver. \u00a0\u00a0<\/p>\n<p>Confrontada \u00a0la Nota Verbal No. 1684 del 15 \u00a0de \u00a0agosto \u00a0de \u00a02013 \u00a0por \u00a0cuyo medio se formaliza la petici\u00f3n de extradici\u00f3n, \u00a0advierte \u00a0 la \u00a0 Corte \u00a0 que \u00a0el \u00a0reclamado \u00a0responde \u00a0al \u00a0nombre \u00a0de \u00a0 \u00a0 \u00a0 \u00a0HUGO \u00a0 \u00a0 \u00a0 \u00a0ENRIQUE \u00a0 \u00a0 \u00a0 \u00a0SANES \u00a0 \u00a0 \u00a0 SAAVEDRA, \u00a0nacido el 10 \u00a0de \u00a0 \u00a0marzo \u00a0 \u00a0de \u00a0 1956, \u00a0 titular \u00a0 de \u00a0 la \u00a0 c\u00e9dula \u00a0 de \u00a0 ciudadan\u00eda \u00a0 No. \u00a013.257.728. \u00a0\u00a0<\/p>\n<p>La \u00a0persona \u00a0solicitada \u00a0se identific\u00f3 con \u00a0aquel \u00a0nombre \u00a0y \u00a0documento de identidad al serle notificada la orden de captura \u00a0emitida \u00a0por \u00a0la \u00a0Fiscal\u00eda General de la Naci\u00f3n con fines de extradici\u00f3n y se \u00a0notific\u00f3 \u00a0de \u00a0las \u00a0diversas \u00a0decisiones adoptadas en el marco de este tr\u00e1mite, \u00a0sin efectuar reproche alguno al respecto. \u00a0\u00a0<\/p>\n<p>Adem\u00e1s, \u00a0el lugar y la fecha de nacimiento \u00a0registrados \u00a0en \u00a0la \u00a0tarjeta \u00a0de \u00a0preparaci\u00f3n \u00a0de \u00a0su \u00a0c\u00e9dula \u00a0de \u00a0ciudadan\u00eda \u00a0coinciden \u00a0con \u00a0los \u00a0datos \u00a0ofrecidos \u00a0por \u00a0el \u00a0pa\u00eds \u00a0requirente \u00a0y \u00a0el \u00a0cotejo \u00a0dactilosc\u00f3pico \u00a0efectuado \u00a0por \u00a0perito \u00a0de \u00a0la \u00a0Polic\u00eda Nacional a las huellas \u00a0dactilares \u00a0del \u00a0capturado, \u00a0concuerdan con las que reposan en la Registradur\u00eda \u00a0Nacional \u00a0del \u00a0Estado \u00a0Civil \u00a0a nombre de HUGO ENRIQUE \u00a0SANES \u00a0 \u00a0 \u00a0SAAVEDRA. \u00a0\u00a0<\/p>\n<p>De \u00a0lo anterior se deduce razonablemente la \u00a0plena \u00a0identidad \u00a0del \u00a0ciudadano \u00a0colombiano \u00a0pedido \u00a0en \u00a0extradici\u00f3n, \u00a0pues su \u00a0informaci\u00f3n \u00a0 personal, \u00a0 relacionada \u00a0 en \u00a0la \u00a0solicitud \u00a0de \u00a0las \u00a0autoridades \u00a0for\u00e1neas, \u00a0como \u00a0se ha visto, es la misma con la cual se presenta y firma y con \u00a0la \u00a0que \u00a0ha \u00a0actuado \u00a0en \u00a0este \u00a0tr\u00e1mite. \u00a0\u00a0<\/p>\n<p>\u00a0 \u00a0\u00a0<\/p>\n<p>1. Principio de la doble incriminaci\u00f3n \u00a0 \u00a0\u00a0<\/p>\n<p>Frente \u00a0a \u00a0este \u00a0requisito corresponde a la \u00a0Corporaci\u00f3n \u00a0examinar \u00a0si \u00a0los \u00a0comportamientos \u00a0atribuidos \u00a0al \u00a0reclamado como \u00a0il\u00edcitos \u00a0en \u00a0el \u00a0pa\u00eds extranjero tienen en Colombia la misma connotaci\u00f3n, es \u00a0decir, \u00a0si \u00a0son \u00a0considerados \u00a0delitos \u00a0y, \u00a0de \u00a0ser \u00a0as\u00ed, si conllevan una pena \u00a0m\u00ednima no inferior a cuatro a\u00f1os de privaci\u00f3n de la libertad. \u00a0\u00a0<\/p>\n<p>Para \u00a0abordar \u00a0el an\u00e1lisis de este aspecto \u00a0debe \u00a0partirse del cotejo de los cargos formulados en la acusaci\u00f3n aportada por \u00a0la \u00a0autoridad \u00a0extranjera \u00a0con \u00a0la normatividad interna colombiana, a efectos de \u00a0establecer \u00a0o \u00a0descartar \u00a0la equivalencia exigida por el art\u00edculo 502 de la Ley \u00a0906 de 2004. \u00a0\u00a0<\/p>\n<p>En \u00a0este sentido, la Sala encuentra que los \u00a0hechos \u00a0imputados \u00a0por \u00a0la \u00a0autoridad \u00a0for\u00e1nea \u00a0en \u00a0la acusaci\u00f3n No. 1:12cr358 \u00a0dictada \u00a0el \u00a09 \u00a0de \u00a0agosto de 2012 por la Corte del Distrito Este de Virginia se \u00a0concretan en los siguientes cargos: \u00a0\u00a0<\/p>\n<p>\u201cCARGO \u00a0UNO \u00a0\u00a0<\/p>\n<p>EL \u00a0 GRAN \u00a0 JURADO \u00a0EMITE \u00a0LA \u00a0SIGUIENTE \u00a0ACUSACI\u00d3N: \u00a0\u00a0<\/p>\n<p>Desde \u00a0abril \u00a0de \u00a02012, o alrededor de esa \u00a0fecha, \u00a0hasta \u00a0la fecha de esta Acusaci\u00f3n Formal, dentro de la jurisdicci\u00f3n de \u00a0los \u00a0Estados \u00a0Unidos \u00a0y \u00a0en \u00a0un \u00a0delito \u00a0que \u00a0comenz\u00f3 y se cometi\u00f3 fuera de la \u00a0jurisdicci\u00f3n \u00a0de \u00a0un \u00a0Estado \u00a0o \u00a0distrito \u00a0particular, los acusados, \u00a0HUGO \u00a0ENRIQUE \u00a0SANES \u00a0SAAVEDRA, alias \u00a0\u201cGeova\u201d, \u00a0alias \u00a0\u201cGeovanny\u201d, \u00a0alias \u00a0\u201cGiovanni\u201d,\u2026, quienes primero \u00a0ser\u00e1n \u00a0tra\u00eddos al Distrito Este de Virginia, il\u00edcitamente, con conocimiento e \u00a0intencionalmente \u00a0se combinaron, conspiraron, confederaron y acordaron con otros \u00a0conocidos \u00a0 y \u00a0 desconocidos \u00a0 por \u00a0 el \u00a0Gran \u00a0Jurado \u00a0para \u00a0il\u00edcitamente, \u00a0con \u00a0conocimiento \u00a0e \u00a0intencionalmente \u00a0distribuir \u00a0cinco \u00a0kilogramos \u00a0o \u00a0m\u00e1s de una \u00a0mezcla \u00a0y \u00a0sustancia \u00a0que \u00a0conten\u00eda \u00a0una \u00a0cantidad \u00a0detectable de coca\u00edna, una \u00a0sustancia \u00a0controlada \u00a0de \u00a0la \u00a0Lista \u00a0II, con la intenci\u00f3n y sabiendo que dicha \u00a0sustancia \u00a0se \u00a0importar\u00eda il\u00edcitamente a los Estados Unidos, en contravenci\u00f3n \u00a0de \u00a0las \u00a0Secciones \u00a0959(a), 960(a)(3) y 960(b)(1)(ii) del T\u00edtulo 21 del C\u00f3digo \u00a0de \u00a0los \u00a0Estados Unidos\u201d3.\u00a0\u00a0 \u00a0\u00a0<\/p>\n<p>\u201cCARGO DOS \u00a0<\/p>\n<p>EL \u00a0 GRAN \u00a0 JURADO \u00a0EMITE \u00a0LA \u00a0SIGUIENTE \u00a0ACUSACI\u00d3N: \u00a0\u00a0<\/p>\n<p>Que aproximadamente el 6 de junio de 2012, \u00a0dentro \u00a0de \u00a0la \u00a0jurisdicci\u00f3n \u00a0de \u00a0los \u00a0Estados Unidos \u00a0y en un delito que comenz\u00f3 y se cometi\u00f3 fuera de la \u00a0jurisdicci\u00f3n \u00a0de \u00a0un \u00a0Estado \u00a0o distrito particular, los acusados, HUGO ENRIQUE \u00a0SANES \u00a0 \u00a0SAAVEDRA, \u00a0 \u00a0alias \u00a0 \u00a0\u201cGeova\u201d, \u00a0 \u00a0alias \u00a0 \u00a0\u201cGeovanny\u201d, \u00a0 \u00a0alias \u00a0\u201cGiovanni\u201d,\u2026, \u00a0 quienes \u00a0primero \u00a0ser\u00e1n \u00a0tra\u00eddos \u00a0al \u00a0Distrito \u00a0Este \u00a0de \u00a0Virginia, \u00a0il\u00edcitamente, \u00a0con \u00a0conocimiento e intencionalmente distribuyeron, y \u00a0ayudaron \u00a0e instigaron la distribuci\u00f3n de cinco kilogramos o m\u00e1s de una mezcla \u00a0y \u00a0sustancia \u00a0que \u00a0conten\u00eda \u00a0una cantidad detectable de coca\u00edna, una sustancia \u00a0controlada \u00a0de \u00a0la Lista II, con la intenci\u00f3n y sabiendo que dicha sustancia se \u00a0importar\u00eda \u00a0 \u00a0 \u00a0il\u00edcitamente \u00a0 \u00a0 \u00a0a \u00a0 \u00a0 los \u00a0 \u00a0 Estados \u00a0 \u00a0 Unidos\u201d4.\u00a0\u00a0 \u00a0\u00a0<\/p>\n<p>Los \u00a0cargos \u00a0imputados \u00a0por \u00a0la \u00a0autoridad \u00a0for\u00e1nea \u00a0encuentra equivalencia en el art\u00edculo 340, inciso segundo del C\u00f3digo \u00a0Penal, \u00a0modificado \u00a0por \u00a0los art\u00edculos 8\u00b0 de la Ley 733 de 2002 y 19 de la Ley \u00a01121 \u00a0 de \u00a0 2006, \u00a0 del \u00a0 concierto \u00a0 para \u00a0delinquir \u00a0agravado, \u00a0que \u00a0contempla \u00a0sanci\u00f3n \u00a0privativa \u00a0de \u00a0la \u00a0libertad \u00a0de \u00a0ocho \u00a0(8) \u00a0a \u00a0dieciocho \u00a0(18) a\u00f1os de prisi\u00f3n y multa de dos mil \u00a0setecientos \u00a0(2.700) \u00a0hasta \u00a0treinta \u00a0mil \u00a0(30.000) \u00a0salarios \u00a0m\u00ednimos \u00a0legales \u00a0mensuales vigentes. \u00a0\u00a0<\/p>\n<p>As\u00ed \u00a0mismo, \u00a0se actualizan en el art\u00edculo \u00a0376 \u00a0del \u00a0C\u00f3digo \u00a0Penal, modificado por el canon 11 de la ley 1453 de 2011, que \u00a0tipifica \u00a0el \u00a0delito \u00a0de tr\u00e1fico, fabricaci\u00f3n o porte \u00a0de \u00a0estupefacientes \u00a0y lo reprime con pena prisi\u00f3n de \u00a0ciento \u00a0veintiocho \u00a0(128) \u00a0a \u00a0trescientos \u00a0sesenta \u00a0(360) \u00a0meses \u00a0y multa de mil \u00a0trescientos \u00a0treinta \u00a0y cuatro (1334) a cincuenta mil (50.000) salarios m\u00ednimos \u00a0legales mensuales vigentes. \u00a0\u00a0<\/p>\n<p>De \u00a0esta manera, confrontados los supuestos \u00a0f\u00e1cticos \u00a0referidos en la acusaci\u00f3n y en las normas invocadas por la autoridad \u00a0extranjera \u00a0con \u00a0las \u00a0disposiciones \u00a0internas de Colombia, se advierte c\u00f3mo las \u00a0conductas \u00a0 \u00a0de \u00a0 \u00a0asociarse \u00a0 \u00a0para \u00a0 \u00a0traficar \u00a0 estupefacientes \u00a0 constituyen \u00a0comportamientos \u00a0proscritos \u00a0y \u00a0penalizados en los dos pa\u00edses, de manera que el \u00a0cargo \u00a0atribuido \u00a0por \u00a0la \u00a0autoridad \u00a0for\u00e1nea \u00a0a HUGO \u00a0ENRIQUE \u00a0SANES \u00a0SAAVEDRA \u00a0corresponde \u00a0a tipos penales \u00a0nacionales \u00a0que \u00a0tienen prevista pena superior a los 4 a\u00f1os de prisi\u00f3n, raz\u00f3n \u00a0por \u00a0 la \u00a0 cual \u00a0 se \u00a0 encuentra \u00a0 satisfecho \u00a0 el \u00a0 principio \u00a0 de \u00a0 la \u00a0 doble \u00a0incriminaci\u00f3n. \u00a0\u00a0<\/p>\n<p>Ahora, \u00a0como \u00a0la \u00a0acusaci\u00f3n \u00a0No. 1:12cr358 \u00a0dictada \u00a0el \u00a09 \u00a0de \u00a0agosto \u00a0de \u00a02012 \u00a0por la Corte del Distrito Este de Virginia \u00a0incluye \u00a0la \u00a0extinci\u00f3n \u00a0del \u00a0derecho \u00a0de \u00a0dominio, \u00a0es preciso se\u00f1alar que tal \u00a0afirmaci\u00f3n \u00a0 no \u00a0 puede \u00a0 ser \u00a0 entendida \u00a0 en \u00a0 estricto \u00a0 sentido \u00a0 como \u00a0 un \u00a0cargo. \u00a0\u00a0<\/p>\n<p>En efecto, como lo ha venido expresando esta \u00a0Corporaci\u00f3n \u00a0respecto \u00a0de \u00a0situaciones \u00a0semejantes5, \u00a0 el \u00a0 se\u00f1alamiento \u00a0de \u00a0la \u00a0extinci\u00f3n \u00a0del derecho de dominio no comporta imputaci\u00f3n alguna, pues se trata \u00a0del \u00a0 anuncio \u00a0 de \u00a0 la \u00a0 consecuencia \u00a0 patrimonial \u00a0 que \u00a0la \u00a0declaratoria \u00a0de \u00a0responsabilidad \u00a0acarrea \u00a0respecto \u00a0de \u00a0los bienes involucrados en el delito, de \u00a0cuya \u00a0 comisi\u00f3n \u00a0 se \u00a0 acusa \u00a0al \u00a0requerido, \u00a0tema \u00a0ajeno \u00a0a \u00a0la \u00a0solicitud \u00a0de \u00a0extradici\u00f3n, \u00a0raz\u00f3n \u00a0por \u00a0la \u00a0cual \u00a0no \u00a0se encuentra comprendido dentro de los \u00a0aspectos por analizar en el concepto a emitir por la Sala. \u00a0\u00a0<\/p>\n<p>4. \u00a0\u00a0 \u00a0 \u00a0\u00a0 \u00a0\u00a0Equivalencia entre la providencia dictada \u00a0en el extranjero y la acusaci\u00f3n del sistema procesal colombiano \u00a0\u00a0<\/p>\n<p>Esta \u00a0 \u00faltima \u00a0exigencia \u00a0se \u00a0orienta \u00a0a \u00a0verificar \u00a0si la pieza procesal ofrecida por el pa\u00eds requirente es equivalente, \u00a0por \u00a0lo \u00a0menos, \u00a0a \u00a0la \u00a0acusaci\u00f3n \u00a0prevista \u00a0en \u00a0el ordenamiento procesal penal \u00a0interno. \u00a0\u00a0<\/p>\n<p>Conviene \u00a0recordar \u00a0que \u00a0no \u00a0se \u00a0trata \u00a0de \u00a0establecer \u00a0 identidad \u00a0 entre \u00a0 ambas \u00a0actuaciones6, \u00a0 pues \u00a0 lo \u00a0 relevante \u00a0 es \u00a0determinar \u00a0si \u00a0la \u00a0decisi\u00f3n \u00a0entregada \u00a0da \u00a0paso \u00a0al \u00a0juicio. Adem\u00e1s, se debe \u00a0constatar \u00a0 si \u00a0brinda \u00a0un \u00a0relato \u00a0sucinto \u00a0del \u00a0comportamiento \u00a0imputado, \u00a0con \u00a0especificaci\u00f3n \u00a0de \u00a0las \u00a0circunstancias \u00a0de \u00a0lugar \u00a0y \u00a0tiempo e, igualmente, si \u00a0expresa \u00a0con \u00a0claridad \u00a0la \u00a0calificaci\u00f3n \u00a0jur\u00eddica \u00a0se\u00f1alando \u00a0los \u00a0preceptos \u00a0aplicables. \u00a0\u00a0<\/p>\n<p>As\u00ed \u00a0las cosas, se tiene que la acusaci\u00f3n \u00a0No. \u00a01:12cr358 \u00a0dictada el 9 de agosto de 2012 por la Corte del Distrito Este de \u00a0Virginia, \u00a0al \u00a0igual \u00a0que \u00a0ocurre \u00a0con \u00a0la \u00a0pieza \u00a0de \u00a0la \u00a0misma \u00a0\u00edndole \u00a0en el \u00a0ordenamiento \u00a0colombiano, \u00a0marca \u00a0el \u00a0comienzo \u00a0del \u00a0juicio, etapa en la cual el \u00a0procesado \u00a0tiene \u00a0la \u00a0oportunidad de controvertir las pruebas y los cargos a \u00e9l \u00a0atribuidos. \u00a0\u00a0<\/p>\n<p>En \u00a0estas \u00a0condiciones, \u00a0es indiscutible la \u00a0equivalencia \u00a0existente \u00a0entre la acusaci\u00f3n dictada en el pa\u00eds extranjero y la \u00a0pieza \u00a0procesal \u00a0contemplada \u00a0en los art\u00edculos 336 y 337 de la Ley 906 de 2004. \u00a0Naturalmente, \u00a0conviene \u00a0advertir, \u00a0se \u00a0trata \u00a0de una identidad material y no de \u00a0forma. \u00a0\u00a0<\/p>\n<p>Causales de improcedencia \u00a0<\/p>\n<p>Conforme \u00a0lo \u00a0prev\u00e9 \u00a0el art\u00edculo 35 de la \u00a0Constituci\u00f3n \u00a0Nacional, \u00a0modificado \u00a0por \u00a0el \u00a0Acto \u00a0Legislativo \u00a001 de 1997, la \u00a0extradici\u00f3n \u00a0de \u00a0los \u00a0colombianos \u00a0por \u00a0nacimiento \u00a0se \u00a0conceder\u00e1 \u00a0por delitos \u00a0cometidos \u00a0en el exterior, que no ostenten car\u00e1cter pol\u00edtico, siempre y cuando \u00a0se \u00a0refieran \u00a0a \u00a0hechos \u00a0realizados \u00a0con \u00a0posterioridad \u00a0al \u00a017 \u00a0de diciembre de \u00a01997. \u00a0\u00a0<\/p>\n<p>De \u00a0acuerdo \u00a0con \u00a0lo \u00a0anterior, constituyen \u00a0causales \u00a0de \u00a0improcedencia \u00a0de la extradici\u00f3n: i) que el delito por el cual se \u00a0procede \u00a0sea \u00a0de \u00a0naturaleza pol\u00edtica, ii) que se trate de hechos cometidos con \u00a0antelaci\u00f3n \u00a0al \u00a017 \u00a0de diciembre de 1997, fecha de promulgaci\u00f3n de la referida \u00a0norma \u00a0 y, \u00a0 ii) \u00a0 que \u00a0 el \u00a0 delito \u00a0 haya \u00a0 sido \u00a0 ejecutado \u00a0 en \u00a0 territorio \u00a0colombiano. \u00a0\u00a0<\/p>\n<p>\u00a0 \u00a0\u00a0 \u00a0 \u00a0En \u00a0ese \u00a0orden, \u00a0revisados \u00a0los \u00a0cargos \u00a0formulados en la acusaci\u00f3n \u00a0presentada \u00a0en \u00a0apoyo \u00a0del \u00a0requerimiento, \u00a0la \u00a0Sala \u00a0encuentra \u00a0que \u00a0los hechos \u00a0imputados \u00a0acaecieron \u00a0entre \u00a0abril y agosto de 2012, esto es, con posterioridad \u00a0al \u00a017 de diciembre de 1997, motivo por el cual no se configura impedimento para \u00a0conceptuar \u00a0favorablemente, \u00a0m\u00e1xime \u00a0cuando \u00a0el \u00a0concierto \u00a0para delinquir y el \u00a0tr\u00e1fico \u00a0de \u00a0estupefacientes \u00a0son \u00a0delitos \u00a0de naturaleza com\u00fan, no pol\u00edtica, \u00a0tanto en el pa\u00eds requirente como en Colombia. \u00a0\u00a0<\/p>\n<p>De \u00a0otra \u00a0parte, \u00a0las \u00a0conductas delictivas \u00a0atribuidas \u00a0a \u00a0HUGO ENRIQUE SANES SAAVEDRA \u00a0 \u00a0 \u00a0fueron \u00a0 \u00a0 \u00a0desplegadas, \u00a0 \u00a0 \u00a0seg\u00fan \u00a0 \u00a0 \u00a0el \u00a0 \u00a0 \u00a0indictment, \u00a0en \u00a0Colombia \u00a0con \u00a0el fin de \u00a0llevar \u00a0 narc\u00f3ticos \u00a0 a \u00a0 los \u00a0Estados \u00a0Unidos \u00a0de \u00a0Am\u00e9rica, \u00a0por \u00a0manera \u00a0que \u00a0involucraron \u00a0diversos \u00a0territorios \u00a0nacionales, \u00a0situaci\u00f3n \u00a0que, \u00a0conforme \u00a0al \u00a0art\u00edculo \u00a014-3 del C\u00f3digo Penal, permite colegir que el comportamiento punible \u00a0tambi\u00e9n se concret\u00f3 fuera del territorio colombiano. \u00a0\u00a0<\/p>\n<p>La \u00a0 jurisprudencia \u00a0y \u00a0la \u00a0doctrina \u00a0han \u00a0establecido \u00a0como criterios para determinar el lugar de la ocurrencia del hecho, \u00a0los \u00a0siguientes: \u00a0a) \u00a0el \u00a0lugar de realizaci\u00f3n de la acci\u00f3n, seg\u00fan el cual el \u00a0hecho \u00a0se \u00a0entiende \u00a0cometido \u00a0en \u00a0el \u00a0lugar \u00a0donde \u00a0se \u00a0llev\u00f3 \u00a0a \u00a0cabo total o \u00a0parcialmente \u00a0la \u00a0exteriorizaci\u00f3n \u00a0de la voluntad; b) el sitio donde se produjo \u00a0el \u00a0efecto \u00a0de \u00a0la conducta; c) la teor\u00eda de la ubicuidad o mixta acorde con la \u00a0cual \u00a0se \u00a0considera \u00a0cometido \u00a0el \u00a0hecho \u00a0tanto en el lugar donde se efectu\u00f3 la \u00a0acci\u00f3n \u00a0de \u00a0manera \u00a0total o parcial, como en el sitio donde se produjo o debi\u00f3 \u00a0producirse el resultado. \u00a0\u00a0<\/p>\n<p>Siguiendo \u00a0los \u00a0par\u00e1metros \u00a0anteriores, la \u00a0Sala \u00a0concluye \u00a0que \u00a0las \u00a0conductas \u00a0atribuidas \u00a0al \u00a0requerido \u00a0por la Corte del \u00a0Distrito \u00a0Este \u00a0de \u00a0Virginia, \u00a0traspasaron \u00a0las fronteras colombianas por cuanto \u00a0estaban \u00a0orientadas \u00a0a \u00a0llevar \u00a0narc\u00f3ticos a los Estados Unidos, por manera que \u00a0resulta \u00a0satisfecha la condicionante constitucional referida a que el hecho haya \u00a0sido cometido en el exterior. \u00a0\u00a0<\/p>\n<p>\u00a0 \u00a0\u00a0 \u00a0 \u00a0En \u00a0efecto, \u00a0en \u00a0la \u00a0declaraci\u00f3n de apoyo del agente especial de la \u00a0Administraci\u00f3n \u00a0para \u00a0el \u00a0Control \u00a0de Drogas, Adam W. \u00a0Lambert, \u00a0 se \u00a0describe \u00a0la \u00a0organizaci\u00f3n \u00a0delictiva \u00a0dedicada \u00a0al \u00a0tr\u00e1fico \u00a0de estupefacientes de la cual hac\u00eda parte el requerido, \u00a0junto \u00a0con \u00a0otros \u00a0c\u00f3mplices \u00a0m\u00e1s, \u00a0y \u00a0se \u00a0afirma que se asociaron para enviar \u00a0narc\u00f3ticos \u00a0a \u00a0los \u00a0Estados \u00a0Unidos. \u00a0En \u00a0este sentido, seg\u00fan la teor\u00eda de la \u00a0ubicuidad \u00a0admitida \u00a0por la Corporaci\u00f3n, es factible concluir que las conductas \u00a0punibles \u00a0imputadas \u00a0al \u00a0reclamado \u00a0por \u00a0la \u00a0autoridad \u00a0for\u00e1nea tambi\u00e9n pueden \u00a0considerarse \u00a0cometidas \u00a0en \u00a0el \u00a0sitio \u00a0donde deb\u00eda producirse el resultado, es \u00a0decir, \u00a0en \u00a0los \u00a0Estados \u00a0Unidos \u00a0de \u00a0Am\u00e9rica. \u00a0 \u00a0\u00a0 \u00a0 \u00a0 \u00a0\u00a0<\/p>\n<p>Respuesta a los alegatos finales \u00a0<\/p>\n<p>La \u00a0defensa \u00a0pregona la no concurrencia del \u00a0requisito \u00a0de doble incriminaci\u00f3n porque el reclamado nunca ha salido del pa\u00eds \u00a0y no tiene requerimientos por tr\u00e1fico de estupefacientes. \u00a0\u00a0<\/p>\n<p>Empero, \u00a0en \u00a0materia \u00a0de \u00a0extradici\u00f3n \u00a0el \u00a0principio \u00a0de \u00a0la doble incriminaci\u00f3n se relaciona con el imperativo de que los \u00a0comportamientos \u00a0atribuidos \u00a0al \u00a0reclamado como il\u00edcitos en el pa\u00eds extranjero \u00a0tengan \u00a0 en \u00a0Colombia \u00a0la \u00a0misma \u00a0connotaci\u00f3n, \u00a0es \u00a0decir, \u00a0que \u00a0tambi\u00e9n \u00a0sean \u00a0considerados \u00a0delitos sancionados una pena m\u00ednima no inferior a cuatro a\u00f1os de \u00a0privaci\u00f3n de la libertad. \u00a0\u00a0<\/p>\n<p>En ese orden, que el requerido est\u00e9 exento \u00a0de \u00a0investigaciones \u00a0en \u00a0Colombia \u00a0o \u00a0que \u00a0no \u00a0haya salido del pa\u00eds constituyen \u00a0situaciones \u00a0ajenas \u00a0al \u00a0aludido principio, con mayor raz\u00f3n si se considera que \u00a0para \u00a0 la \u00a0 comisi\u00f3n \u00a0 de \u00a0 los \u00a0 hechos \u00a0atribuidos \u00a0en el indictment \u00a0no \u00a0era \u00a0necesaria \u00a0su \u00a0presencia en el extranjero, pues los actos \u00a0ejecutivos \u00a0del \u00a0delito \u00a0se \u00a0concretaron \u00a0en \u00a0Colombia \u00a0con \u00a0la finalidad enviar \u00a0alcaloides a los Estados Unidos.\u00a0\u00a0\u00a0 \u00a0\u00a0<\/p>\n<p>De \u00a0otra \u00a0parte, \u00a0el \u00a0defensor \u00a0encuentra \u00a0incompleto \u00a0el \u00a0requerimiento \u00a0porque \u00a0al mismo no se adosaron algunos elementos \u00a0probatorios \u00a0 ni \u00a0las \u00a0audiencias \u00a0de \u00a0legalizaci\u00f3n \u00a0de \u00a0los \u00a0mismos \u00a0ante \u00a0las \u00a0autoridades nacionales. \u00a0\u00a0<\/p>\n<p>Con todo, la Sala encuentra c\u00f3mo dentro de \u00a0los \u00a0requisitos \u00a0previstos \u00a0en el ordenamiento procesal interno para el tr\u00e1mite \u00a0de \u00a0la extradici\u00f3n no se encuentra el aporte de las pruebas en que la autoridad \u00a0for\u00e1nea \u00a0funda \u00a0su \u00a0acusaci\u00f3n. \u00a0As\u00ed, acorde con el canon 502 de la Ley 906 de \u00a02004, \u00a0la \u00a0Corte \u00a0debe \u00a0establecer la plena identidad del solicitado, la validez \u00a0formal \u00a0de \u00a0la \u00a0documentaci\u00f3n \u00a0presentada \u00a0como \u00a0soporte \u00a0de \u00a0la \u00a0solicitud, el \u00a0principio \u00a0de doble incriminaci\u00f3n, la equivalencia de la providencia extranjera \u00a0con \u00a0la \u00a0resoluci\u00f3n de acusaci\u00f3n colombiana y el cumplimiento de los tratados, \u00a0si \u00a0fuere \u00a0el \u00a0caso, \u00a0sin que en dichos presupuestos se incluya el examen de las \u00a0pruebas acopiadas por la autoridad requirente. \u00a0\u00a0<\/p>\n<p>Siendo ello as\u00ed, cualquier controversia en \u00a0punto \u00a0del \u00a0recaudo \u00a0probatorio y de su legalidad debe proponerse por la defensa \u00a0en \u00a0el \u00a0proceso surtido en el pa\u00eds requirente por ser el escenario natural para \u00a0reivindicar tem\u00e1ticas como la propuesta.\u00a0 \u00a0\u00a0<\/p>\n<p>Lo \u00a0anterior no comporta afectaci\u00f3n de las \u00a0garant\u00edas \u00a0fundamentales \u00a0del \u00a0reclamado, como lo pregona la defensa, porque el \u00a0espacio \u00a0id\u00f3neo \u00a0para \u00a0demostrar la ajenidad en los hechos delictivos imputados \u00a0as\u00ed \u00a0como \u00a0las \u00a0falencias \u00a0probatorias \u00a0aducidas, es el juicio oral, p\u00fablico y \u00a0contradictorio \u00a0y \u00a0no \u00a0el \u00a0tr\u00e1mite de extradici\u00f3n, donde la Corte, por mandato \u00a0constitucional \u00a0 y \u00a0 legal, \u00a0 revisa \u00a0 los \u00a0 puntuales \u00a0aspectos \u00a0referidos \u00a0con \u00a0antelaci\u00f3n, \u00a0dentro \u00a0de \u00a0los \u00a0cuales no se encuentra realizar un inventario del \u00a0material \u00a0probatorio \u00a0acopiado \u00a0por \u00a0la \u00a0autoridad \u00a0extranjera \u00a0ni \u00a0verificar su \u00a0legalidad. \u00a0\u00a0<\/p>\n<p>Los \u00a0anteriores \u00a0argumentos \u00a0responden \u00a0las \u00a0alegaciones \u00a0 defensivas, \u00a0 sin \u00a0 que \u00a0 resulte \u00a0necesario \u00a0profundizar \u00a0en \u00a0los \u00a0planteamientos \u00a0 del \u00a0Ministerio \u00a0P\u00fablico, \u00a0por \u00a0coincidir \u00a0con \u00a0los \u00a0criterios \u00a0esbozados \u00a0por \u00a0la \u00a0Corporaci\u00f3n \u00a0al \u00a0estudiar \u00a0cada \u00a0uno \u00a0de \u00a0los elementos del \u00a0concepto. \u00a0\u00a0<\/p>\n<p>El concepto de la Corporaci\u00f3n \u00a0<\/p>\n<p>En raz\u00f3n de las anteriores consideraciones, \u00a0la \u00a0CORTE \u00a0SUPREMA \u00a0DE \u00a0JUSTICIA, \u00a0SALA \u00a0DE \u00a0CASACI\u00d3N PENAL, emite CONCEPTO \u00a0 FAVORABLE \u00a0a \u00a0la \u00a0solicitud \u00a0de \u00a0extradici\u00f3n \u00a0del \u00a0ciudadano \u00a0colombiano \u00a0HUGO ENRIQUE \u00a0SANES \u00a0SAAVEDRA \u00a0formulada \u00a0por \u00a0el \u00a0Gobierno \u00a0de \u00a0los \u00a0Estados \u00a0Unidos \u00a0a \u00a0trav\u00e9s de su Embajada en Bogot\u00e1, para que responda por los \u00a0cargos \u00a0No. \u00a01 \u00a0y \u00a02 \u00a0contenidos \u00a0en la acusaci\u00f3n No. 1:12cr358 dictada el 9 de \u00a0agosto \u00a0 de \u00a02012 \u00a0por \u00a0la \u00a0Corte \u00a0del \u00a0Distrito \u00a0Este \u00a0de \u00a0Virginia. \u00a0\u00a0<\/p>\n<p>Adem\u00e1s, \u00a0 es \u00a0 preciso \u00a0 consignar \u00a0 que \u00a0corresponde \u00a0al \u00a0Gobierno \u00a0Nacional condicionar la entrega a que el reclamado en \u00a0extradici\u00f3n \u00a0no \u00a0vaya \u00a0a \u00a0ser condenado a pena de muerte, ni juzgado por hechos \u00a0diversos \u00a0a \u00a0los \u00a0que \u00a0motivaron \u00a0la \u00a0solicitud \u00a0de \u00a0extradici\u00f3n, ni sometido a \u00a0desaparici\u00f3n \u00a0 forzada, \u00a0 torturas, \u00a0 tratos \u00a0 o \u00a0penas \u00a0crueles, \u00a0inhumanos \u00a0o \u00a0degradantes, \u00a0como \u00a0tampoco \u00a0a \u00a0la \u00a0sanci\u00f3n \u00a0de \u00a0destierro, \u00a0cadena \u00a0perpetua o \u00a0confiscaci\u00f3n, \u00a0conforme \u00a0lo \u00a0establecen \u00a0los art\u00edculos 11, 12 y 34 de la Carta \u00a0Pol\u00edtica. \u00a0As\u00ed mismo, que se le ofrezcan las atenciones m\u00e9dicas que su estado \u00a0de \u00a0 salud \u00a0demande, \u00a0acorde \u00a0con \u00a0las \u00a0afecciones \u00a0m\u00e9dicas \u00a0referidas \u00a0por \u00a0el \u00a0requerido. \u00a0\u00a0<\/p>\n<p>Tambi\u00e9n \u00a0debe \u00a0condicionar \u00a0la entrega del \u00a0solicitado \u00a0a \u00a0que \u00a0se le respeten, como a cualquier otro nacional en las mismas \u00a0condiciones, \u00a0 todas \u00a0 las \u00a0garant\u00edas \u00a0debidas \u00a0en \u00a0raz\u00f3n \u00a0de \u00a0su \u00a0calidad \u00a0de \u00a0justiciable, \u00a0en \u00a0particular a tener acceso a un proceso p\u00fablico sin dilaciones \u00a0injustificadas, \u00a0se \u00a0presuma \u00a0su \u00a0inocencia, \u00a0estar asistido por un int\u00e9rprete, \u00a0contar \u00a0con \u00a0un \u00a0defensor \u00a0designado \u00a0por \u00a0\u00e9l o por el Estado, se le conceda el \u00a0tiempo \u00a0y los medios adecuados para preparar la defensa, pueda presentar pruebas \u00a0y \u00a0controvertir las que se alleguen en su contra, su situaci\u00f3n de privaci\u00f3n de \u00a0la \u00a0libertad \u00a0se \u00a0desarrolle \u00a0en \u00a0condiciones \u00a0dignas \u00a0y la pena privativa de la \u00a0libertad \u00a0 \u00a0tenga \u00a0 \u00a0la \u00a0 \u00a0finalidad \u00a0 esencial \u00a0 de \u00a0 reforma \u00a0 y \u00a0 adaptaci\u00f3n \u00a0social. \u00a0\u00a0<\/p>\n<p>Lo anterior, de conformidad con lo dispuesto \u00a0en \u00a0los \u00a0art\u00edculos 9, 10 y 11 de la Declaraci\u00f3n Universal de Derechos Humanos, \u00a05, \u00a07 \u00a0y \u00a08 de la Convenci\u00f3n Americana de Derechos Humanos y 9, 10, 14 y 15 del \u00a0Pacto Internacional de Derechos Civiles y Pol\u00edticos. \u00a0\u00a0<\/p>\n<p>Por igual, la Corte estima oportuno se\u00f1alar \u00a0al \u00a0Gobierno \u00a0Nacional, \u00a0en \u00a0orden a salvaguardar los derechos fundamentales del \u00a0reclamado, \u00a0que \u00a0proceda \u00a0a \u00a0imponer \u00a0al \u00a0Estado \u00a0requirente \u00a0la \u00a0obligaci\u00f3n de \u00a0facilitar \u00a0los medios necesarios para garantizar su repatriaci\u00f3n en condiciones \u00a0de \u00a0dignidad \u00a0y \u00a0respeto \u00a0por \u00a0la \u00a0persona \u00a0humana, \u00a0en \u00a0caso \u00a0de \u00a0llegar \u00a0a ser \u00a0sobrese\u00eddo, \u00a0 absuelto, \u00a0declarado \u00a0no \u00a0culpable, \u00a0o \u00a0su \u00a0situaci\u00f3n \u00a0jur\u00eddica \u00a0resuelta \u00a0definitivamente \u00a0de manera semejante en el pa\u00eds solicitante, incluso, \u00a0con \u00a0posterioridad \u00a0a \u00a0su \u00a0liberaci\u00f3n una vez cumpla la pena all\u00ed impuesta por \u00a0sentencia \u00a0 condenatoria \u00a0 originada \u00a0 en \u00a0 las \u00a0 imputaciones \u00a0que \u00a0motivan \u00a0la \u00a0extradici\u00f3n. \u00a0\u00a0<\/p>\n<p>De \u00a0otra \u00a0parte, \u00a0al \u00a0Gobierno \u00a0Nacional le \u00a0corresponde \u00a0condicionar \u00a0la entrega a que el pa\u00eds reclamante, de acuerdo \u00a0con \u00a0sus \u00a0pol\u00edticas \u00a0internas \u00a0sobre \u00a0la \u00a0materia, ofrezca \u00a0posibilidades \u00a0racionales \u00a0y \u00a0reales \u00a0para que el requerido pueda tener contacto \u00a0regular \u00a0con \u00a0sus \u00a0familiares m\u00e1s cercanos, considerando que el art\u00edculo 42 de \u00a0la \u00a0Constituci\u00f3n \u00a0Pol\u00edtica de 1991 reconoce a la familia como n\u00facleo esencial \u00a0de \u00a0la \u00a0sociedad, \u00a0garantiza \u00a0su \u00a0protecci\u00f3n \u00a0y \u00a0reconoce \u00a0su honra, dignidad e \u00a0intimidad, \u00a0lo \u00a0cual \u00a0se \u00a0refuerza con la protecci\u00f3n que a ese n\u00facleo tambi\u00e9n \u00a0prodigan \u00a0la \u00a0Convenci\u00f3n Americana de Derechos Humanos y el Pacto Internacional \u00a0de \u00a0 \u00a0Derechos \u00a0 Civiles \u00a0 y \u00a0 Pol\u00edticos \u00a0 en \u00a0 sus \u00a0 art\u00edculos \u00a0 17 \u00a0 y \u00a0 23, \u00a0respectivamente. \u00a0\u00a0<\/p>\n<p>La \u00a0 Sala \u00a0 se \u00a0 permite \u00a0 indicar \u00a0que, \u00a0en \u00a0virtud \u00a0de \u00a0lo \u00a0dispuesto \u00a0en el numeral 2\u00ba del \u00a0art\u00edculo \u00a0189 \u00a0de \u00a0la Constituci\u00f3n Pol\u00edtica, le compete al Gobierno en cabeza \u00a0del \u00a0se\u00f1or \u00a0Presidente \u00a0de \u00a0la Rep\u00fablica como supremo director de la pol\u00edtica \u00a0exterior \u00a0 y \u00a0 de \u00a0 las \u00a0 relaciones \u00a0internacionales, \u00a0realizar \u00a0el \u00a0respectivo \u00a0seguimiento \u00a0a \u00a0los \u00a0condicionamientos \u00a0impuestos \u00a0al \u00a0conceder la extradici\u00f3n, \u00a0quien \u00a0a \u00a0su vez es el encargado de determinar las consecuencias derivadas de su \u00a0eventual incumplimiento. \u00a0\u00a0<\/p>\n<p>Comun\u00edquese \u00a0por \u00a0Secretar\u00eda \u00a0 de \u00a0 la \u00a0 Sala \u00a0 esta \u00a0 determinaci\u00f3n \u00a0al \u00a0requerido \u00a0 HUGO \u00a0ENRIQUE \u00a0SANES \u00a0SAAVEDRA, \u00a0a \u00a0su \u00a0defensor, \u00a0a \u00a0la \u00a0Procuradur\u00eda \u00a0Tercera Delegada para la Casaci\u00f3n Penal y a la \u00a0Fiscal\u00eda General de la Naci\u00f3n, para lo de su cargo. \u00a0\u00a0<\/p>\n<p>Rem\u00edtase \u00a0el \u00a0expediente \u00a0al Ministerio de \u00a0Justicia y de Derecho para lo de su competencia. \u00a0\u00a0<\/p>\n<p>JOS\u00c9 \u00a0LEONIDAS \u00a0BUSTOS MART\u00cdNEZ \u00a0\u00a0<\/p>\n<p>JOS\u00c9 \u00a0 LUIS \u00a0BARCEL\u00d3 \u00a0CAMACHO \u00a0\u00a0 \u00a0\u00a0 \u00a0 \u00a0 \u00a0 \u00a0 \u00a0 \u00a0 \u00a0 \u00a0 \u00a0 \u00a0 \u00a0 \u00a0 \u00a0 \u00a0 \u00a0 \u00a0 \u00a0 \u00a0 \u00a0 \u00a0 \u00a0 \u00a0 \u00a0 \u00a0 \u00a0 \u00a0\u00a0\u00a0\u00a0\u00a0\u00a0\u00a0\u00a0\u00a0 FERNANDO \u00a0 \u00a0 \u00a0 ALBERTO \u00a0 \u00a0 \u00a0 CASTRO \u00a0CABALLERO \u00a0\u00a0<\/p>\n<p>EUGENIO \u00a0 \u00a0 \u00a0 FERN\u00c1NDEZ \u00a0 CARLIER \u00a0 \u00a0\u00a0 \u00a0\u00a0 \u00a0\u00a0 \u00a0\u00a0\u00a0\u00a0\u00a0\u00a0\u00a0\u00a0\u00a0\u00a0 MAR\u00cdA \u00a0DEL \u00a0ROSARIO \u00a0GONZ\u00c1LEZ MU\u00d1OZ \u00a0\u00a0<\/p>\n<p>GUSTAVO \u00a0ENRIQUE \u00a0MALO \u00a0 \u00a0 \u00a0 \u00a0 \u00a0 \u00a0 \u00a0 FERN\u00c1NDEZ\u00a0\u00a0\u00a0\u00a0\u00a0\u00a0\u00a0\u00a0 EYDER \u00a0 \u00a0PATI\u00d1O \u00a0 CABRERA\u00a0\u00a0\u00a0\u00a0\u00a0 \u00a0\u00a0<\/p>\n<p>\u00a0\u00a0\u00a0\u00a0\u00a0\u00a0\u00a0\u00a0\u00a0\u00a0\u00a0\u00a0\u00a0\u00a0\u00a0\u00a0\u00a0\u00a0\u00a0\u00a0\u00a0\u00a0 \u00a0\u00a0<\/p>\n<p>LUIS GUILLERMO SALAZAR OTERO \u00a0<\/p>\n<p>NUBIA YOLANDA NOVA GARC\u00cdA \u00a0<\/p>\n<p>Secretaria \u00a0 \u00a0<\/p>\n<p>1 \u00a0Se \u00a0siguen \u00a0las \u00a0pautas de la Ley 906 de 2004 por cuanto los hechos que sustentan la \u00a0petici\u00f3n \u00a0 \u00a0 de \u00a0 \u00a0 extradici\u00f3n \u00a0 \u00a0 acaecieron \u00a0 \u00a0 en \u00a0 \u00a0vigencia \u00a0 \u00a0de \u00a0 \u00a0esa \u00a0normatividad. \u00a0\u00a0<\/p>\n<p>2 Folio \u00a018 de la carpeta anexa. \u00a0\u00a0<\/p>\n<p>3 Cfr. \u00a0Folios 116 y ss de la carpeta anexa. \u00a0\u00a0<\/p>\n<p>4 Cfr. \u00a0Folio 117 carpeta anexa. \u00a0\u00a0<\/p>\n<p>5 Cfr. \u00a0Conceptos \u00a0del \u00a08 \u00a0de \u00a0junio \u00a0de \u00a02005, Rad. No. 23293; mayo 3 de 2007, Rad. No. \u00a026756; \u00a0octubre \u00a04 \u00a0de \u00a02009, \u00a0Rad. No. 31825; septiembre 30 de 2009, Rads. Nos. \u00a032226 y 32228. \u00a0\u00a0<\/p>\n<p>6 Cfr. \u00a0Conceptos \u00a0del \u00a011 de febrero de 2004, Rad. No. 20292; 23 de enero de 2008, Rad. \u00a027378; \u00a028 \u00a0de \u00a0octubre \u00a0de \u00a02009, \u00a0Rad. 31932; noviembre 4 de 2009, Rad. 32085; \u00a0noviembre 8 de 2009, Rad. 31818. \u00a0 \u00a0\u00a0<\/p>\n<p><\/p>\n","protected":false},"excerpt":{"rendered":"<p>\u00a0 \u00a0 \u00a0\u00a0 CORTE SUPREMA DE JUSTICIA \u00a0 SALA DE CASACI\u00d3N PENAL \u00a0 Magistrada Ponente: \u00a0 MAR\u00cdA \u00a0 \u00a0 DEL \u00a0 \u00a0ROSARIO \u00a0 \u00a0GONZ\u00c1LEZ \u00a0MU\u00d1OZ \u00a0\u00a0 Aprobado Acta No. 404 \u00a0 Bogot\u00e1, D.C., cuatro (4) de diciembre de dos \u00a0mil trece (2013). \u00a0\u00a0 VISTOS \u00a0 Procede \u00a0la \u00a0Corporaci\u00f3n \u00a0a emitir concepto \u00a0sobre \u00a0la \u00a0solicitud \u00a0de [&hellip;]<\/p>\n","protected":false},"author":1,"featured_media":0,"comment_status":"open","ping_status":"open","sticky":false,"template":"","format":"standard","meta":{"footnotes":""},"categories":[21],"tags":[],"class_list":["post-27406","post","type-post","status-publish","format-standard","hentry","category-21"],"_links":{"self":[{"href":"https:\/\/dmsjuridica.com\/buscador_20179478954\/salapenalcronologico20230723\/wp-json\/wp\/v2\/posts\/27406","targetHints":{"allow":["GET"]}}],"collection":[{"href":"https:\/\/dmsjuridica.com\/buscador_20179478954\/salapenalcronologico20230723\/wp-json\/wp\/v2\/posts"}],"about":[{"href":"https:\/\/dmsjuridica.com\/buscador_20179478954\/salapenalcronologico20230723\/wp-json\/wp\/v2\/types\/post"}],"author":[{"embeddable":true,"href":"https:\/\/dmsjuridica.com\/buscador_20179478954\/salapenalcronologico20230723\/wp-json\/wp\/v2\/users\/1"}],"replies":[{"embeddable":true,"href":"https:\/\/dmsjuridica.com\/buscador_20179478954\/salapenalcronologico20230723\/wp-json\/wp\/v2\/comments?post=27406"}],"version-history":[{"count":0,"href":"https:\/\/dmsjuridica.com\/buscador_20179478954\/salapenalcronologico20230723\/wp-json\/wp\/v2\/posts\/27406\/revisions"}],"wp:attachment":[{"href":"https:\/\/dmsjuridica.com\/buscador_20179478954\/salapenalcronologico20230723\/wp-json\/wp\/v2\/media?parent=27406"}],"wp:term":[{"taxonomy":"category","embeddable":true,"href":"https:\/\/dmsjuridica.com\/buscador_20179478954\/salapenalcronologico20230723\/wp-json\/wp\/v2\/categories?post=27406"},{"taxonomy":"post_tag","embeddable":true,"href":"https:\/\/dmsjuridica.com\/buscador_20179478954\/salapenalcronologico20230723\/wp-json\/wp\/v2\/tags?post=27406"}],"curies":[{"name":"wp","href":"https:\/\/api.w.org\/{rel}","templated":true}]}}