{"id":27400,"date":"2023-09-12T19:54:27","date_gmt":"2023-09-12T19:54:27","guid":{"rendered":"https:\/\/dmsjuridica.com\/buscador_20179478954\/salapenalcronologico20230723\/2023\/09\/12\/4212316-10-13\/"},"modified":"2023-09-12T19:54:27","modified_gmt":"2023-09-12T19:54:27","slug":"4212316-10-13","status":"publish","type":"post","link":"https:\/\/dmsjuridica.com\/buscador_20179478954\/salapenalcronologico20230723\/2023\/09\/12\/4212316-10-13\/","title":{"rendered":"42123(16-10-13)"},"content":{"rendered":"\n<p>\u00a0 \u00a0 CORTE SUPREMA DE JUSTICIA \u00a0<\/p>\n<p>SALA DE CASACI\u00d3N PENAL \u00a0<\/p>\n<p>Magistrado Ponente \u00a0<\/p>\n<p>JOS\u00c9 LUIS BARCEL\u00d3 CAMACHO \u00a0<\/p>\n<p>Aprobado acta N\u00b0 343 \u00a0<\/p>\n<p>Bogot\u00e1, D. C., diecis\u00e9is (16) de octubre de \u00a0dos mil trece (2013). \u00a0\u00a0<\/p>\n<p>MOTIVO DE LA DECISI\u00d3N \u00a0<\/p>\n<p>La \u00a0Corte \u00a0Suprema \u00a0de \u00a0Justicia de Colombia \u00a0emite \u00a0concepto \u00a0sobre la solicitud de extradici\u00f3n formulada por el Gobierno de \u00a0los \u00a0Estados \u00a0Unidos \u00a0de \u00a0Am\u00e9rica, \u00a0a \u00a0trav\u00e9s de su Embajada en nuestro pa\u00eds, \u00a0respecto \u00a0 del \u00a0ciudadano \u00a0colombiano \u00a0Omar \u00a0Alejandro \u00a0Vanegas Lora. \u00a0\u00a0<\/p>\n<p>ANTECEDENTES \u00a0<\/p>\n<p>1. Mediante Nota Verbal n\u00famero 825 del 14 de \u00a0mayo \u00a0de \u00a02013, \u00a0la \u00a0Embajada \u00a0de \u00a0los \u00a0Estados \u00a0Unidos de Am\u00e9rica solicit\u00f3 la \u00a0detenci\u00f3n \u00a0provisional \u00a0con \u00a0fines \u00a0de \u00a0extradici\u00f3n \u00a0del \u00a0ciudadano colombiano \u00a0Omar \u00a0 \u00a0 Alejandro \u00a0 \u00a0 Vanegas \u00a0 \u00a0 Lora. \u00a0\u00a0<\/p>\n<p>La \u00a0embajada \u00a0estadounidense \u00a0formaliz\u00f3 \u00a0la \u00a0petici\u00f3n \u00a0 \u00a0con \u00a0 \u00a0la \u00a0 Nota \u00a0 Verbal \u00a0 n\u00famero \u00a0 1654 \u00a0 del \u00a0 15 \u00a0 de \u00a0 agosto \u00a0siguiente. \u00a0\u00a0<\/p>\n<p>2. \u00a0El Ministerio de Justicia y del Derecho, \u00a0previo \u00a0concepto \u00a0de su hom\u00f3logo de Relaciones Exteriores sobre la inexistencia \u00a0de \u00a0convenio \u00a0aplicable \u00a0al \u00a0caso, \u00a0mediante \u00a0oficio \u00a0del \u00a023 \u00a0de agosto de 2013 \u00a0remiti\u00f3 \u00a0 a \u00a0la \u00a0Corte \u00a0la \u00a0documentaci\u00f3n \u00a0enviada, \u00a0debidamente \u00a0traducida \u00a0y \u00a0autenticada. \u00a0\u00a0<\/p>\n<p>3. \u00a0Previo \u00a0requerimiento \u00a0de \u00a0la \u00a0Sala a la \u00a0persona \u00a0solicitada, \u00a0esta \u00a0design\u00f3 \u00a0una \u00a0defensora \u00a0para \u00a0que \u00a0la asista en el \u00a0tr\u00e1mite. \u00a0\u00a0<\/p>\n<p>4. Encontr\u00e1ndose el asunto para disponer el \u00a0t\u00e9rmino \u00a0de \u00a0traslado \u00a0para \u00a0solicitar \u00a0pruebas, \u00a0el \u00a0ciudadano \u00a0reclamado y su \u00a0apoderada \u00a0solicitaron \u00a0se diera v\u00eda a la extradici\u00f3n simplificada prevista en \u00a0el \u00a0art\u00edculo \u00a070 \u00a0de \u00a0la \u00a0Ley \u00a01453 \u00a0del \u00a02011, petici\u00f3n de la cual se corri\u00f3 \u00a0traslado \u00a0a \u00a0la \u00a0se\u00f1ora \u00a0Procuradora \u00a0Tercera Delegada para la Casaci\u00f3n Penal, \u00a0quien \u00a0coadyuv\u00f3 \u00a0la \u00a0pretensi\u00f3n \u00a0luego \u00a0de acreditar que se realiz\u00f3 de manera \u00a0libre, \u00a0voluntaria \u00a0y \u00a0espont\u00e1nea, \u00a0adem\u00e1s de que se cumple con las exigencias \u00a0legales para disponer la entrega. \u00a0\u00a0<\/p>\n<p>DOCUMENTOS ALLEGADOS \u00a0<\/p>\n<p>1. Nota Verbal n\u00famero 825 del 14 de mayo de \u00a02013, \u00a0mediante \u00a0la cual la Embajada de los Estados Unidos de Am\u00e9rica solicit\u00f3 \u00a0la \u00a0detenci\u00f3n \u00a0provisional \u00a0con \u00a0fines de extradici\u00f3n del ciudadano colombiano \u00a0Omar \u00a0Alejandro Vanegas Lora. \u00a0La \u00a0embajada \u00a0estadounidense \u00a0formaliz\u00f3 la petici\u00f3n con la Nota Verbal n\u00famero \u00a01654 del 15 de agosto siguiente. \u00a0\u00a0<\/p>\n<p>2. \u00a0Declaraciones \u00a0en \u00a0apoyo de la solicitud \u00a0rendidas \u00a0bajo \u00a0juramento \u00a0el \u00a025 \u00a0de \u00a0julio \u00a0de \u00a02013 \u00a0ante el Tribunal para el \u00a0Distrito \u00a0Sur \u00a0de \u00a0Florida \u00a0(Estados Unidos) por Aimee Jim\u00e9nez, Fiscal Auxiliar \u00a0para \u00a0ese \u00a0Distrito, \u00a0y \u00a0Ariel \u00a0Rodr\u00edguez, \u00a0Agente Especial del Departamento de \u00a0Seguridad Nacional, HSI. \u00a0\u00a0<\/p>\n<p>3. Dos acusaciones formales, la (1\u00aa) dentro \u00a0de \u00a0la \u00a0Causa \u00a013-20044-CR-COCOKE, \u00a0formulada el 25 de enero de 2013 por el Gran \u00a0Jurado \u00a0del \u00a0Tribunal para el Distrito Sur de Florida, en contra de Omar \u00a0Alejandro \u00a0Vanegas \u00a0Lora y otros, por \u00a0delitos \u00a0de concierto para importar coca\u00edna a los Estados Unidos e importaci\u00f3n \u00a0de \u00a0esa \u00a0sustancia. \u00a0Y \u00a0la (2\u00aa) en la Causa 03-20574-JORDAN, del 17 de julio de \u00a02003, \u00a0procedente \u00a0del \u00a0mismo \u00a0Tribunal, \u00a0por \u00a0cargos de concierto para importar \u00a0hero\u00edna \u00a0 y \u00a0 coca\u00edna \u00a0 y \u00a0 posesi\u00f3n \u00a0 con \u00a0 intenci\u00f3n \u00a0de \u00a0distribuir \u00a0esas \u00a0sustancias. \u00a0\u00a0<\/p>\n<p>4. \u00a0\u00d3rdenes \u00a0de \u00a0arresto \u00a0proferidas por el \u00a0mismo Tribunal en las fechas se\u00f1aladas. \u00a0\u00a0<\/p>\n<p>5. \u00a0 Trascripci\u00f3n \u00a0 de \u00a0 la \u00a0legislaci\u00f3n \u00a0aplicable. \u00a0\u00a0<\/p>\n<p>6. \u00a0Certificaci\u00f3n \u00a0de \u00a0la \u00a0vice-C\u00f3nsul \u00a0de \u00a0Colombia \u00a0en Washington, D. C., sobre la legitimidad de la firma del auxiliar de \u00a0autenticaciones \u00a0del \u00a0Departamento \u00a0de \u00a0Estado de los Estados Unidos que valid\u00f3 \u00a0los documentos soportes del pedido de extradici\u00f3n. \u00a0\u00a0<\/p>\n<p>CONSIDERACIONES DE LA CORTE \u00a0<\/p>\n<p>La \u00a0Sala, \u00a0en \u00a0aplicaci\u00f3n \u00a0del tr\u00e1mite \u00a0simplificado \u00a0de \u00a0que \u00a0trata \u00a0el \u00a0art\u00edculo \u00a070 \u00a0de \u00a0la \u00a0Ley \u00a01453 \u00a0del \u00a02011, emitir\u00e1 concepto favorable para la \u00a0extradici\u00f3n \u00a0del \u00a0ciudadano \u00a0colombiano Omar Alejandro \u00a0Vanegas \u00a0Lora, \u00a0en \u00a0tanto \u00a0se \u00a0re\u00fanen los \u00a0requisitos \u00a0exigidos \u00a0por los art\u00edculos \u00a0502 \u00a0del \u00a0C\u00f3digo \u00a0de \u00a0Procedimiento Penal del 2004 (para la acusaci\u00f3n del a\u00f1o \u00a02013) \u00a0y \u00a0529 \u00a0del estatuto del 2000 (para la acusaci\u00f3n del a\u00f1o 2003), como se \u00a0detalla a continuaci\u00f3n. \u00a0\u00a0<\/p>\n<p>1. Validez formal de \u00a0la documentaci\u00f3n presentada. \u00a0\u00a0<\/p>\n<p>Los \u00a0art\u00edculos 495 y 513 de los C\u00f3digos de \u00a0Procedimiento \u00a0Penal \u00a0(del 2004 y 2000, respectivamente) exigen que la solicitud \u00a0de \u00a0extradici\u00f3n \u00a0se \u00a0haga \u00a0por v\u00eda diplom\u00e1tica, acompa\u00f1ada de los siguientes \u00a0documentos, \u00a0en \u00a0la \u00a0forma establecida en la legislaci\u00f3n del Estado requirente: \u00a0\u00a0<\/p>\n<p>\u00a0 \u00a0\u00a0<\/p>\n<p>* copia \u00a0o \u00a0trascripci\u00f3n \u00a0aut\u00e9ntica \u00a0de \u00a0la \u00a0acusaci\u00f3n \u00a0o del fallo \u00a0dictado en el pa\u00eds extranjero, o su equivalente; \u00a0\u00a0<\/p>\n<p>* indicaci\u00f3n \u00a0 de \u00a0 los \u00a0 actos \u00a0 que \u00a0 determinan \u00a0la \u00a0solicitud \u00a0de \u00a0extradici\u00f3n \u00a0 y \u00a0 se\u00f1alamiento \u00a0 del \u00a0 lugar \u00a0 y \u00a0 la \u00a0 fecha \u00a0en \u00a0que \u00a0fueron \u00a0ejecutados; \u00a0\u00a0<\/p>\n<p>* inclusi\u00f3n \u00a0de \u00a0los datos que sirven para establecer la identidad de \u00a0la persona reclamada; \u00a0\u00a0<\/p>\n<p>* la \u00a0reproducci\u00f3n \u00a0 certificada \u00a0 de \u00a0 las \u00a0 disposiciones \u00a0 penales \u00a0aplicables \u00a0al \u00a0caso. \u00a0 \u00a0\u00a0<\/p>\n<p>El art\u00edculo 259 del C\u00f3digo de Procedimiento \u00a0Civil, \u00a0modificado \u00a0por \u00a0el \u00a01\u00b0, numeral 118, del Decreto 2282 de 1989 (que, en \u00a0aplicaci\u00f3n \u00a0del \u00a0principio \u00a0de integraci\u00f3n, resulta de buen recibo), establece \u00a0que \u00a0 los \u00a0 documentos \u00a0 p\u00fablicos \u00a0 otorgados \u00a0 en \u00a0pa\u00eds \u00a0extranjero \u00a0por \u00a0sus \u00a0funcionarios, \u00a0 o \u00a0 con \u00a0 su \u00a0intervenci\u00f3n, \u00a0deber\u00e1n \u00a0presentarse \u00a0debidamente \u00a0autenticados \u00a0por \u00a0el \u00a0c\u00f3nsul \u00a0o \u00a0agente diplom\u00e1tico de la Rep\u00fablica y que la \u00a0firma \u00a0de \u00a0esos \u00a0funcionarios \u00a0debe \u00a0ser avalada por el Ministerio de Relaciones \u00a0Exteriores de Colombia. \u00a0\u00a0<\/p>\n<p>Estas \u00a0exigencias \u00a0de \u00a0car\u00e1cter \u00a0formal \u00a0se \u00a0satisfacen \u00a0en \u00a0el \u00a0caso \u00a0analizado, \u00a0en \u00a0tanto \u00a0Magdalena A. Boynton, Directora \u00a0Asociada \u00a0de \u00a0la Oficina de Asuntos Internacionales del Departamento de Justicia \u00a0de \u00a0los \u00a0Estados \u00a0Unidos, \u00a0Divisi\u00f3n \u00a0en \u00a0lo Penal, aval\u00f3 las firmas de quienes \u00a0suministraron \u00a0las \u00a0declaraciones \u00a0de \u00a0apoyo \u00a0a la solicitud de extradici\u00f3n. El \u00a0Procurador \u00a0de \u00a0los \u00a0Estados \u00a0Unidos, \u00a0Eric \u00a0H. \u00a0Holder, Jr., hizo lo propio con \u00a0aquella, \u00a0todo \u00a0lo cual fue certificado por John F. Kerry, Secretario de Estado. \u00a0\u00a0<\/p>\n<p>Por su parte, la vice-C\u00f3nsul de Colombia en \u00a0Washington, \u00a0D. \u00a0C., \u00a0cuya \u00a0firma \u00a0es refrendada por el Ministerio de Relaciones \u00a0Exteriores \u00a0de \u00a0Colombia, \u00a0dio \u00a0fe \u00a0de \u00a0que \u00a0quien \u00a0suscribe \u00a0el documento es el \u00a0funcionario auxiliar de autenticaciones del Departamento de Estado. \u00a0\u00a0<\/p>\n<p>En \u00a0esas \u00a0condiciones, \u00a0se \u00a0tiene \u00a0que \u00a0los \u00a0requerimientos \u00a0formales \u00a0de \u00a0legalizaci\u00f3n \u00a0de \u00a0la \u00a0documentaci\u00f3n que sirve de \u00a0sustento \u00a0a \u00a0la solicitud de extradici\u00f3n exigidos por las normas de los Estados \u00a0requirente \u00a0y \u00a0colombiano, \u00a0se \u00a0cumplieron a cabalidad en el presente caso, esto \u00a0es, \u00a0se \u00a0tornan \u00a0aptos para ser considerados por la Corte en el estudio que debe \u00a0preceder al concepto.\u00a0 \u00a0\u00a0<\/p>\n<p>2. La identidad de \u00a0la \u00a0 persona \u00a0reclamada \u00a0en \u00a0extradici\u00f3n. \u00a0\u00a0<\/p>\n<p>El \u00a0Gobierno \u00a0de los Estados Unidos inform\u00f3 \u00a0que \u00a0la \u00a0requerida responde al nombre de Omar Alejandro \u00a0Vanegas \u00a0Lora, \u00a0ciudadano \u00a0de nacionalidad colombiana, \u00a0nacido \u00a0el \u00a026 \u00a0de \u00a0agosto \u00a0de \u00a01972, identificado con la c\u00e9dula de ciudadan\u00eda \u00a0n\u00famero 72.192.278. \u00a0\u00a0<\/p>\n<p>Mediante resoluci\u00f3n del 5 de junio de 2013, \u00a0el \u00a0Fiscal \u00a0General de la Naci\u00f3n orden\u00f3 la captura, con fines de extradici\u00f3n, \u00a0del \u00a0 aludido. \u00a0 El \u00a017 \u00a0del \u00a0mismo \u00a0mes \u00a0autoridades \u00a0del \u00a0Cuerpo \u00a0T\u00e9cnico \u00a0de \u00a0Investigaciones, \u00a0CTI, \u00a0capturaron \u00a0a \u00a0quien \u00a0se \u00a0identific\u00f3 \u00a0como Omar \u00a0 Alejandro \u00a0 Vanegas \u00a0Lora \u00a0con \u00a0ese \u00a0documento \u00a0 de \u00a0identidad \u00a0y \u00a0expertos \u00a0en \u00a0dactiloscopia \u00a0de \u00a0esa \u00a0instituci\u00f3n \u00a0establecieron \u00a0su \u00a0plena \u00a0identidad, \u00a0esto \u00a0es, que el aprehendido corresponde a \u00a0quien aparece registrado con ese nombre y documento. \u00a0\u00a0<\/p>\n<p>Por tanto, no existe duda alguna respecto de \u00a0que \u00a0el \u00a0detenido \u00a0es \u00a0el ciudadano pedido en extradici\u00f3n, cuando, adem\u00e1s, con \u00a0esos \u00a0datos \u00a0ha \u00a0suscrito las actas en donde se le impusieron sus derechos y las \u00a0actuaciones \u00a0surtidas \u00a0por la Sala de Casaci\u00f3n Penal, tema que, por otra parte, \u00a0no \u00a0ha \u00a0sido \u00a0puesto \u00a0en duda; por el contrario, la petici\u00f3n expresa del se\u00f1or \u00a0Vanegas \u00a0 Lora \u00a0de \u00a0que \u00a0se \u00a0aplique \u00a0la \u00a0extradici\u00f3n \u00a0simplificada evidencia su consentimiento al respecto. \u00a0\u00a0<\/p>\n<p>Por lo tanto, se satisface el segundo de los \u00a0presupuestos \u00a0de los art\u00edculos 502 y 520 de los c\u00f3digos procesales. \u00a0\u00a0<\/p>\n<p>3. Principio de la \u00a0doble incriminaci\u00f3n. \u00a0\u00a0<\/p>\n<p>3.1. \u00a0La \u00a0exigencia \u00a0hace \u00a0referencia \u00a0a \u00a0la \u00a0necesidad \u00a0 de \u00a0que \u00a0los \u00a0comportamientos \u00a0delictivos \u00a0imputados \u00a0a \u00a0la \u00a0persona \u00a0reclamada \u00a0en \u00a0extradici\u00f3n \u00a0est\u00e9n \u00a0previstos \u00a0como \u00a0conductas \u00a0punibles \u00a0en la \u00a0legislaci\u00f3n \u00a0colombiana, \u00a0y \u00a0que \u00a0tengan \u00a0se\u00f1alada \u00a0sanci\u00f3n \u00a0privativa \u00a0de la \u00a0libertad cuyo m\u00ednimo no sea inferior a cuatro (4) a\u00f1os.\u00a0 \u00a0\u00a0<\/p>\n<p>El Gran Jurado del Tribunal para el Distrito \u00a0Sur \u00a0de \u00a0Florida \u00a0formul\u00f3 en contra de Omar Alejandro \u00a0Vanegas \u00a0 Lora, \u00a0y \u00a0otros, \u00a0dos \u00a0acusaciones, \u00a0as\u00ed: \u00a0\u00a0<\/p>\n<p>(I). \u00a0 CASO \u00a0M13-20044-CR-COOKE, \u00a0del \u00a025 \u00a0de \u00a0de enero de 2013, por los siguientes cargos en \u00a0contra del solicitado y otros: \u00a0\u00a0<\/p>\n<p>Cargo \u00a0 \u00a01. \u00a0Aproximadamente \u00a0entre \u00a0enero \u00a0del \u00a02009 hasta la fecha de la acusaci\u00f3n, en los \u00a0condados \u00a0de \u00a0Dade \u00a0y \u00a0Broward \u00a0y \u00a0otros \u00a0lugares, \u00a0los \u00a0acusados \u00a0a sabiendas y \u00a0voluntariamente \u00a0se \u00a0concertaron, \u00a0conspiraron, se unieron y acordaron entre s\u00ed \u00a0para importar a los Estados Unidos 5 o m\u00e1s kilogramos de coca\u00edna. \u00a0\u00a0<\/p>\n<p>Cargo 2. Alrededor \u00a0del \u00a025 de mayo de 2010, en el Condado de Broward y otros lugares, a sabiendas e \u00a0intencionalmente \u00a0los \u00a0acusados \u00a0importaron \u00a0a \u00a0los \u00a0Estados \u00a0Unidos \u00a05 \u00a0o \u00a0m\u00e1s \u00a0kilogramos de coca\u00edna. \u00a0\u00a0<\/p>\n<p>Cargo 3. Alrededor \u00a0del \u00a08 \u00a0de \u00a0junio de 2011, en el Condado de Broward y otros lugares Vanegas \u00a0 \u00a0Lora \u00a0 \u00a0a \u00a0 \u00a0sabiendas \u00a0 \u00a0e \u00a0intencionalmente \u00a0 import\u00f3 \u00a0a \u00a0los \u00a0Estados \u00a0Unidos \u00a05 \u00a0o \u00a0m\u00e1s \u00a0kilogramos \u00a0de \u00a0coca\u00edna. \u00a0\u00a0<\/p>\n<p>Cargo 4. Alrededor \u00a0del \u00a022 \u00a0de agosto de 2012 en el Condado de Broward y otros lugares los acusados \u00a0a \u00a0sabiendas \u00a0e \u00a0intencionalmente importaron a los Estados Unidos 5 kilogramos o \u00a0m\u00e1s de coca\u00edna. \u00a0\u00a0<\/p>\n<p>(II). \u00a0 Caso \u00a003-20574-CR-JORDAN, \u00a0 del \u00a0 17 \u00a0 de \u00a0 julio \u00a0 de \u00a0 2003, \u00a0 por \u00a0 los \u00a0siguientes \u00a0cargos: \u00a0\u00a0<\/p>\n<p>Cargo \u00a0 \u00a01. \u00a0Aproximadamente \u00a0entre \u00a0el \u00a010 de noviembre de 2002 y la fecha de la acusaci\u00f3n, \u00a0en \u00a0el \u00a0Condado \u00a0de \u00a0Miami-Dade, \u00a0Vanegas, \u00a0a \u00a0sabiendas \u00a0y voluntariamente concert\u00f3, conspir\u00f3, se uni\u00f3 y \u00a0acord\u00f3 \u00a0con \u00a0otros \u00a0para \u00a0importar \u00a0a los Estados Unidos 5 o m\u00e1s kilogramos de \u00a0coca\u00edna y un kilogramo o m\u00e1s de hero\u00edna. \u00a0\u00a0<\/p>\n<p>Cargo \u00a0 \u00a02. \u00a0Aproximadamente \u00a0entre \u00a0el \u00a010 de noviembre de 2002 y la fecha de la acusaci\u00f3n, \u00a0en \u00a0el \u00a0Condado \u00a0de \u00a0Miami-Dade, \u00a0Vanegas, \u00a0a \u00a0sabiendas \u00a0y voluntariamente concert\u00f3, conspir\u00f3, se uni\u00f3 y \u00a0acord\u00f3 \u00a0con \u00a0otros \u00a0para \u00a0poseer \u00a0con \u00a0la \u00a0intenci\u00f3n \u00a0de \u00a0distribuir \u00a05 o m\u00e1s \u00a0kilogramos de coca\u00edna y un kilogramo o m\u00e1s de hero\u00edna. \u00a0\u00a0<\/p>\n<p>Cargo 3. Alrededor \u00a0del \u00a011 \u00a0de \u00a0diciembre \u00a0de \u00a02002, \u00a0en \u00a0el \u00a0Condado \u00a0de \u00a0Miami-Dade, Vanegas, \u00a0a sabiendas e intencionalmente \u00a0posey\u00f3 \u00a0 \u00a0con \u00a0 \u00a0intenci\u00f3n \u00a0 \u00a0de \u00a0 distribuir \u00a0 un \u00a0 kilogramo \u00a0 o \u00a0 m\u00e1s \u00a0 de \u00a0hero\u00edna. \u00a0\u00a0<\/p>\n<p>3.2. \u00a0La \u00a0acusaci\u00f3n \u00a0se\u00f1ala las normas del \u00a0C\u00f3digo \u00a0 \u00a0de \u00a0 \u00a0los \u00a0 Estados \u00a0 Unidos \u00a0 aplicables \u00a0 a \u00a0 tales \u00a0 cargos, \u00a0 que \u00a0se\u00f1alan: \u00a0\u00a0<\/p>\n<p>Secci\u00f3n \u00a0812 \u00a0del \u00a0T\u00edtulo \u00a021. \u00a0Lista de sustancias controladas. Lista I. (b)(10) Hero\u00edna. Lista \u00a0II. (a) (4) Coca\u00edna, sus sales, is\u00f3meros \u00f3pticos y geom\u00e9tricos. \u00a0\u00a0<\/p>\n<p>Secci\u00f3n \u00a0841 \u00a0del \u00a0T\u00edtulo \u00a021. \u00a0Actos \u00a0prohibidos \u00a0(a) \u00a0Actos il\u00edcitos (1) fabricar, distribuir, \u00a0dispensar \u00a0o \u00a0poseer \u00a0con \u00a0esas intenciones una sustancia controlada. (b) El que \u00a0delinca \u00a0en \u00a0esos \u00a0t\u00e9rminos \u00a0ser\u00e1 \u00a0castigado \u00a0as\u00ed: \u00a0(1)(A) \u00a0en \u00a0el caso de un \u00a0kilogramo \u00a0o \u00a0m\u00e1s \u00a0de \u00a0hero\u00edna \u00a0o 5 kilogramos o m\u00e1s de coca\u00edna se impondr\u00e1 \u00a0prisi\u00f3n \u00a0de \u00a0no menos de 10 a\u00f1os y no mayor que la cadena perpetua. \u00a0\u00a0<\/p>\n<p>Secci\u00f3n \u00a0952 \u00a0del \u00a0T\u00edtulo \u00a021. \u00a0 Importaci\u00f3n \u00a0 de \u00a0sustancias \u00a0controladas. \u00a0(a) \u00a0Es \u00a0ilegal \u00a0la \u00a0importaci\u00f3n a los Estados Unidos de sustancias controladas. \u00a0\u00a0<\/p>\n<p>Secci\u00f3n \u00a0960 \u00a0del \u00a0T\u00edtulo \u00a021. \u00a0(b) Las penas. (1) En el evento anterior, quien delinca cuando se \u00a0trate \u00a0de 1 kilogramo o m\u00e1s de hero\u00edna o 5 kilogramos o m\u00e1s de coca\u00edna ser\u00e1 \u00a0castigado \u00a0con \u00a0pena \u00a0de \u00a0prisi\u00f3n por un t\u00e9rmino de cuando menos 10 a\u00f1os y no \u00a0mayor \u00a0que \u00a0la cadena perpetua, o con una multa que no deber\u00e1 exceder de 10.000 \u00a0d\u00f3lares, o con ambas penas. \u00a0\u00a0<\/p>\n<p>3.3. \u00a0En \u00a0el \u00a0caso \u00a0analizado, las conductas \u00a0delictivas \u00a0imputadas \u00a0al se\u00f1or Omar Alejandro Vanegas \u00a0Lora \u00a0tienen \u00a0sus \u00a0equivalentes en los art\u00edculos 340, \u00a0376 \u00a0 y \u00a0 384 \u00a0 del \u00a0 C\u00f3digo \u00a0 Penal \u00a0 colombiano \u00a0 (Ley \u00a0 599 \u00a0de \u00a02000), \u00a0que \u00a0rezan: \u00a0\u00a0<\/p>\n<p>\u201cArt\u00edculo \u00a0340, \u00a0modificado por los art\u00edculos 8\u00b0 de la Ley 733 \u00a0de \u00a02002, \u00a014 \u00a0de \u00a0la \u00a0Ley 890 de 2004 y 19 de la Ley 1121 de 2006. Concierto \u00a0Para \u00a0delinquir. Cuando varias \u00a0personas \u00a0se \u00a0concierten \u00a0con el fin de cometer delitos, cada una de ellas ser\u00e1 \u00a0penada, \u00a0por \u00a0esa \u00a0sola \u00a0conducta, con prisi\u00f3n de cuatro (4) a nueve (9) a\u00f1os. \u00a0\u00a0<\/p>\n<p>Cuando el concierto sea para cometer delitos \u00a0de\u2026 \u00a0 \u00a0tr\u00e1fico \u00a0 \u00a0de \u00a0 \u00a0drogas \u00a0 t\u00f3xicas, \u00a0 estupefacientes \u00a0 o \u00a0 sustancias \u00a0psicotr\u00f3picas\u2026 \u00a0lavado \u00a0de activos\u2026 la pena ser\u00e1 de prisi\u00f3n de ocho (8) a \u00a0dieciocho \u00a0(18) \u00a0a\u00f1os \u00a0y multa de dos mil setecientos (2.700) hasta treinta mil \u00a0(30.000) salarios m\u00ednimos legales mensuales. \u00a0\u00a0<\/p>\n<p>La \u00a0pena \u00a0privativa \u00a0de \u00a0la \u00a0libertad \u00a0se \u00a0aumentar\u00e1 \u00a0en \u00a0la \u00a0mitad \u00a0para quienes organicen, fomenten, promuevan, dirijan, \u00a0encabecen, constituyan o financien el concierto para delinquir\u201d. \u00a0\u00a0<\/p>\n<p>\u201cArt\u00edculo \u00a0376, \u00a0modificado \u00a0por \u00a0el art\u00edculo 11 de la Ley 1453 \u00a0del \u00a0 2011. \u00a0 Tr\u00e1fico, \u00a0 fabricaci\u00f3n \u00a0o \u00a0porte \u00a0de \u00a0estupefacientes. \u00a0El \u00a0 que \u00a0 sin \u00a0 permiso \u00a0de \u00a0autoridad \u00a0competente, \u00a0introduzca \u00a0al \u00a0pa\u00eds, \u00a0as\u00ed \u00a0sea en tr\u00e1nsito o saque de \u00e9l, transporte, lleve \u00a0consigo, \u00a0almacene, \u00a0conserve, \u00a0elabore, \u00a0venda, \u00a0ofrezca, \u00a0adquiera, financie o \u00a0suministre \u00a0a \u00a0cualquier t\u00edtulo sustancia estupefaciente, sicotr\u00f3pica o drogas \u00a0sint\u00e9ticas \u00a0que \u00a0se \u00a0encuentren \u00a0contempladas \u00a0en \u00a0los cuadros uno, dos, tres y \u00a0cuatro \u00a0del \u00a0Convenio \u00a0de \u00a0las \u00a0Naciones \u00a0Unidas sobre Sustancias Sicotr\u00f3picas, \u00a0incurrir\u00e1 \u00a0en \u00a0prisi\u00f3n \u00a0de ciento veintiocho (128) a trescientos sesenta (360) \u00a0meses \u00a0y \u00a0multa \u00a0de \u00a0mil \u00a0trescientos \u00a0treinta \u00a0y \u00a0cuatro (1334) a cincuenta mil \u00a0(50.000) salarios m\u00ednimos legales mensuales\u201d. \u00a0\u00a0<\/p>\n<p>\u201cArt\u00edculo \u00a0384. \u00a0 Circunstancias \u00a0de \u00a0agravaci\u00f3n \u00a0 punitiva. \u00a0El \u00a0m\u00ednimo \u00a0de \u00a0las \u00a0penas \u00a0previstas \u00a0en los art\u00edculos anteriores (el 376) se duplicar\u00e1 en los siguientes \u00a0casos:\u2026 \u00a0\u00a0<\/p>\n<p>3. \u00a0 Cuando \u00a0la \u00a0cantidad \u00a0incautada \u00a0sea \u00a0superior\u2026 \u00a0a \u00a0cinco \u00a0(5) kilos si se trata de coca\u00edna o metacualona o dos (2) \u00a0kilos si se trata de sustancia derivada de la amapola\u201d. \u00a0\u00a0<\/p>\n<p>Confrontadas \u00a0las \u00a0normas \u00a0invocadas \u00a0por el \u00a0pa\u00eds \u00a0requirente \u00a0con \u00a0las \u00a0disposiciones \u00a0internas de Colombia, f\u00e1cilmente se \u00a0advierte \u00a0que \u00a0las \u00a0conductas \u00a0de \u00a0concierto \u00a0para \u00a0delinquir (en este caso para \u00a0narcotr\u00e1fico) \u00a0y \u00a0el \u00a0tr\u00e1fico de drogas il\u00edcitas se encuentran penalizadas en \u00a0los dos Estados. \u00a0\u00a0<\/p>\n<p>4. Equivalencia de \u00a0las decisiones. \u00a0\u00a0<\/p>\n<p>La\u00a0 ley\u00a0 procesal penal colombiana \u00a0exige establecer\u00a0 que la decisi\u00f3n judicial \u00a0\u00a0<\/p>\n<p>extranjera que contiene los cargos contra la \u00a0persona \u00a0reclamada \u00a0corresponda \u00a0en sus aspectos formal y sustancial con el acto \u00a0conocido \u00a0en aquella como resoluci\u00f3n de acusaci\u00f3n y\/o \u00a0escrito de acusaci\u00f3n. \u00a0\u00a0<\/p>\n<p>Entonces, la decisi\u00f3n del pa\u00eds reclamante, \u00a0como \u00a0sucede \u00a0con \u00a0la colombiana, debe ser la que marca el inicio de la fase del \u00a0juicio, \u00a0esto \u00a0es, \u00a0aquella \u00a0a \u00a0trav\u00e9s de la cual el Estado acusa a una persona \u00a0determinada \u00a0de \u00a0violar \u00a0la \u00a0ley \u00a0penal, \u00a0discrimina \u00a0los \u00a0cargos que le imputa, \u00a0consigna \u00a0los \u00a0hechos \u00a0que \u00a0le \u00a0sirven \u00a0de fundamento y determina la \u00e9poca y el \u00a0lugar \u00a0de \u00a0comisi\u00f3n \u00a0del \u00a0il\u00edcito \u00a0o \u00a0il\u00edcitos, \u00a0para que el acusado tenga la \u00a0posibilidad de conocerlos y enfrentarlos.\u00a0 \u00a0\u00a0<\/p>\n<p>Las \u00a0acusaciones \u00a0emitidas \u00a0por \u00a0el Tribunal \u00a0estadounidense \u00a0cumplen \u00a0con \u00a0unas exigencias de forma y fondo que coinciden con \u00a0las \u00a0previstas \u00a0en \u00a0los \u00a0art\u00edculos \u00a0337 \u00a0y 398 de los c\u00f3digos de procedimiento \u00a0se\u00f1alados, \u00a0porque \u00a0consignan las circunstancias de tiempo, modo y lugar en que \u00a0se \u00a0realizaron \u00a0las \u00a0conductas punibles, sus descripciones t\u00edpicas, las pruebas \u00a0en \u00a0que \u00a0se \u00a0apoyan los cargos, las normas sustanciales aplicables al caso y con \u00a0ellas se marca el inicio del debate al interior del juicio. \u00a0\u00a0<\/p>\n<p>En consecuencia, se tiene que las \u00a0providencias \u00a0dictadas \u00a0en \u00a0el \u00a0exterior \u00a0y \u00a0la \u00a0regulada \u00a0en la \u00a0legislaci\u00f3n \u00a0patria son equivalentes. Por tanto, se cumple este requisito, como \u00a0tambi\u00e9n \u00a0el \u00a0atinente al factor punitivo, puesto que en los dos pa\u00edses el tope \u00a0inferior de las sanciones supera los 4 a\u00f1os de prisi\u00f3n. \u00a0\u00a0<\/p>\n<p>ACLARACIONES FINALES \u00a0<\/p>\n<p>1. \u00a0El \u00a0art\u00edculo \u00a035 \u00a0de \u00a0la \u00a0Constituci\u00f3n \u00a0Pol\u00edtica, \u00a0modificado \u00a0por \u00a0el \u00a01\u00ba \u00a0del acto legislativo 01 de 1997, faculta a \u00a0conceder \u00a0la \u00a0extradici\u00f3n \u00a0de \u00a0nacionales \u00a0colombianos \u00a0por \u00a0conductas \u00a0que \u00a0se \u00a0consideren \u00a0delictivas \u00a0en \u00a0la \u00a0legislaci\u00f3n \u00a0patria, \u00a0cuando \u00a0ellas se hubieren \u00a0cometido en el exterior. \u00a0\u00a0<\/p>\n<p>El \u00a0mandato \u00a0constitucional \u00a0except\u00faa \u00a0los \u00a0delitos \u00a0pol\u00edticos \u00a0y \u00a0aquellos \u00a0hechos \u00a0cometidos \u00a0con \u00a0antelaci\u00f3n \u00a0al \u00a017 de \u00a0diciembre \u00a0de \u00a01997. \u00a0Ninguna \u00a0de \u00a0tales eventualidades se estructura en el caso \u00a0analizado, \u00a0 en \u00a0tanto \u00a0las \u00a0conductas \u00a0imputadas \u00a0de \u00a0narcotr\u00e1fico \u00a0no \u00a0tienen \u00a0connotaci\u00f3n \u00a0pol\u00edtica, \u00a0los \u00a0hechos \u00a0acaecieron en territorio norteamericano y \u00a0fueron ejecutados a\u00f1os despu\u00e9s de aquella fecha l\u00edmite. \u00a0\u00a0<\/p>\n<p>2. \u00a0Si \u00a0el \u00a0Gobierno \u00a0Nacional \u00a0accede \u00a0a la \u00a0entrega \u00a0de \u00a0la \u00a0persona \u00a0reclamada, \u00a0debe condicionarla a que no sea juzgada ni \u00a0sancionada \u00a0por \u00a0hechos \u00a0diferentes \u00a0a los relacionados en la solicitud. Tampoco \u00a0podr\u00e1 \u00a0ser \u00a0sometida \u00a0a \u00a0tratos \u00a0o \u00a0penas \u00a0crueles, inhumanas o degradantes, ni \u00a0castigada \u00a0con \u00a0pena \u00a0perpetua. Si la legislaci\u00f3n extranjera permite imponer la \u00a0pena \u00a0de \u00a0muerte, \u00a0debe \u00a0exigirse \u00a0que \u00a0sea \u00a0conmutada \u00a0seg\u00fan \u00a0lo \u00a0se\u00f1alan los \u00a0art\u00edculos 494 y 512 de los c\u00f3digos de procedimiento. \u00a0\u00a0<\/p>\n<p>3. \u00a0 Al \u00a0 Gobierno \u00a0Nacional \u00a0tambi\u00e9n \u00a0le \u00a0corresponde \u00a0condicionar \u00a0la entrega a que el pa\u00eds reclamante, de acuerdo a sus \u00a0pol\u00edticas \u00a0internas sobre la materia, ofrezca posibilidades racionales y reales \u00a0para \u00a0que \u00a0el \u00a0requerido \u00a0pueda \u00a0tener \u00a0contacto regular con sus familiares m\u00e1s \u00a0cercanos. \u00a0\u00a0<\/p>\n<p>4. Finalmente, el tiempo en que el ciudadano \u00a0estuvo \u00a0detenido \u00a0por \u00a0cuenta \u00a0del \u00a0tr\u00e1mite \u00a0debe \u00a0serle \u00a0reconocido como parte \u00a0cumplida de la posible sanci\u00f3n que se le imponga. \u00a0\u00a0<\/p>\n<p>5. \u00a0De \u00a0la \u00a0misma \u00a0manera, \u00a0se \u00a0exhorta \u00a0al \u00a0Gobierno, \u00a0encabezado \u00a0por \u00a0se\u00f1or \u00a0Presidente \u00a0de \u00a0la \u00a0Rep\u00fablica, como supremo \u00a0director \u00a0de \u00a0la \u00a0pol\u00edtica \u00a0exterior y las relaciones internacionales, para que \u00a0efect\u00fae \u00a0el respectivo seguimiento a los condicionamientos que se impongan a la \u00a0concesi\u00f3n \u00a0de \u00a0la extradici\u00f3n y determine las consecuencias que se derivar\u00edan \u00a0de \u00a0su \u00a0eventual \u00a0incumplimiento, al tenor de lo se\u00f1alado en el numeral 2\u00b0 del \u00a0art\u00edculo 189 de la Constituci\u00f3n Pol\u00edtica. \u00a0\u00a0<\/p>\n<p>6. \u00a0 En \u00a0 caso \u00a0 de \u00a0 que \u00a0 Omar \u00a0Alejandro Vanegas Lora sea absuelto o \u00a0declarado \u00a0no \u00a0culpable \u00a0de \u00a0los \u00a0cargos \u00a0que \u00a0dieron origen a su extradici\u00f3n y \u00a0dejado \u00a0 en \u00a0libertad, \u00a0el \u00a0Estado \u00a0requirente \u00a0deber\u00e1 \u00a0asumir \u00a0los \u00a0gastos \u00a0de \u00a0transporte \u00a0 y \u00a0 manutenci\u00f3n \u00a0 del \u00a0 extraditado, \u00a0 con \u00a0 destino \u00a0a \u00a0su \u00a0pa\u00eds \u00a0natal. \u00a0\u00a0<\/p>\n<p>En \u00a0m\u00e9rito \u00a0de lo expuesto, la Sala \u00a0de Casaci\u00f3n Penal de la Corte Suprema de Justicia, \u00a0\u00a0<\/p>\n<p>EMITE \u00a0 CONCEPTO \u00a0 FAVORABLE \u00a0sobre \u00a0la \u00a0petici\u00f3n \u00a0de \u00a0extradici\u00f3n \u00a0del \u00a0ciudadano \u00a0colombiano \u00a0Omar \u00a0Alejandro Vanegas Lora, \u00a0hecha \u00a0por el Gobierno de los Estados Unidos de Am\u00e9rica, respecto de los cargos \u00a0relacionados \u00a0 en \u00a0las \u00a0acusaciones \u00a0formales \u00a0dentro \u00a0de \u00a0las \u00a0causas \u00a0n\u00fameros \u00a013-20044-CR-COOKE \u00a0y 03-20574-CR-JORDAN seguidas en el Tribunal para el Distrito \u00a0Sur de Florida. \u00a0\u00a0<\/p>\n<p>Por \u00a0la Secretar\u00eda de la Sala comun\u00edquese \u00a0esta \u00a0 \u00a0determinaci\u00f3n \u00a0 \u00a0al \u00a0 requerido \u00a0 Vanegas \u00a0Lora, \u00a0 \u00a0 \u00a0 a \u00a0 \u00a0 \u00a0 su \u00a0 \u00a0 \u00a0defensora, \u00a0 \u00a0al \u00a0agente \u00a0 del \u00a0Ministerio \u00a0P\u00fablico \u00a0 \u00a0y \u00a0 \u00a0al \u00a0 \u00a0Fiscal \u00a0 \u00a0General \u00a0 \u00a0de \u00a0 la \u00a0Naci\u00f3n. \u00a0\u00a0<\/p>\n<p>Devu\u00e9lvase \u00a0el \u00a0expediente al Ministerio de \u00a0Justicia y del Derecho para los tr\u00e1mites subsiguientes de ley. \u00a0\u00a0<\/p>\n<p>JOS\u00c9 \u00a0LEONIDAS \u00a0BUSTOS \u00a0MART\u00cdNEZ \u00a0\u00a0<\/p>\n<p>JOS\u00c9 \u00a0 \u00a0 \u00a0 LUIS \u00a0 \u00a0 \u00a0 BARCEL\u00d3 \u00a0CAMACHO\u00a0\u00a0\u00a0\u00a0\u00a0\u00a0\u00a0\u00a0\u00a0\u00a0\u00a0 \u00a0FERNANDO \u00a0 ALBERTO \u00a0CASTRO \u00a0CABALLERO \u00a0\u00a0 \u00a0\u00a0 \u00a0\u00a0 \u00a0\u00a0 \u00a0 \u00a0 \u00a0 \u00a0\u00a0\u00a0\u00a0 \u00a0\u00a0<\/p>\n<p>\u00a0 \u00a0 \u00a0 \u00a0 \u00a0<\/p>\n<p>EUGENIO \u00a0 \u00a0 \u00a0 \u00a0 \u00a0FERN\u00c1NDEZ \u00a0CARLIER\u00a0\u00a0\u00a0\u00a0\u00a0\u00a0\u00a0\u00a0\u00a0\u00a0\u00a0\u00a0\u00a0\u00a0 \u00a0MAR\u00cdA \u00a0 \u00a0DEL \u00a0 ROSARIO \u00a0 GONZ\u00c1LEZ \u00a0 MU\u00d1OZ\u00a0\u00a0\u00a0\u00a0\u00a0\u00a0 \u00a0\u00a0<\/p>\n<p>GUSTAVO \u00a0 \u00a0 \u00a0 ENRIQUE \u00a0 \u00a0 \u00a0 MALO \u00a0FERN\u00c1NDEZ\u00a0\u00a0\u00a0\u00a0\u00a0\u00a0\u00a0\u00a0\u00a0\u00a0 LUIS \u00a0GUILLERMO \u00a0 \u00a0 \u00a0SALAZAR \u00a0 \u00a0 OTERO\u00a0\u00a0\u00a0\u00a0\u00a0\u00a0\u00a0\u00a0 \u00a0\u00a0<\/p>\n<p>NUBIA YOLANDA NOVA GARC\u00cdA \u00a0<\/p>\n<p>Secretaria \u00a0 \u00a0<\/p>\n<p><\/p>\n","protected":false},"excerpt":{"rendered":"<p>\u00a0 \u00a0 CORTE SUPREMA DE JUSTICIA \u00a0 SALA DE CASACI\u00d3N PENAL \u00a0 Magistrado Ponente \u00a0 JOS\u00c9 LUIS BARCEL\u00d3 CAMACHO \u00a0 Aprobado acta N\u00b0 343 \u00a0 Bogot\u00e1, D. C., diecis\u00e9is (16) de octubre de \u00a0dos mil trece (2013). \u00a0\u00a0 MOTIVO DE LA DECISI\u00d3N \u00a0 La \u00a0Corte \u00a0Suprema \u00a0de \u00a0Justicia de Colombia \u00a0emite \u00a0concepto \u00a0sobre la solicitud [&hellip;]<\/p>\n","protected":false},"author":1,"featured_media":0,"comment_status":"open","ping_status":"open","sticky":false,"template":"","format":"standard","meta":{"footnotes":""},"categories":[21],"tags":[],"class_list":["post-27400","post","type-post","status-publish","format-standard","hentry","category-21"],"_links":{"self":[{"href":"https:\/\/dmsjuridica.com\/buscador_20179478954\/salapenalcronologico20230723\/wp-json\/wp\/v2\/posts\/27400","targetHints":{"allow":["GET"]}}],"collection":[{"href":"https:\/\/dmsjuridica.com\/buscador_20179478954\/salapenalcronologico20230723\/wp-json\/wp\/v2\/posts"}],"about":[{"href":"https:\/\/dmsjuridica.com\/buscador_20179478954\/salapenalcronologico20230723\/wp-json\/wp\/v2\/types\/post"}],"author":[{"embeddable":true,"href":"https:\/\/dmsjuridica.com\/buscador_20179478954\/salapenalcronologico20230723\/wp-json\/wp\/v2\/users\/1"}],"replies":[{"embeddable":true,"href":"https:\/\/dmsjuridica.com\/buscador_20179478954\/salapenalcronologico20230723\/wp-json\/wp\/v2\/comments?post=27400"}],"version-history":[{"count":0,"href":"https:\/\/dmsjuridica.com\/buscador_20179478954\/salapenalcronologico20230723\/wp-json\/wp\/v2\/posts\/27400\/revisions"}],"wp:attachment":[{"href":"https:\/\/dmsjuridica.com\/buscador_20179478954\/salapenalcronologico20230723\/wp-json\/wp\/v2\/media?parent=27400"}],"wp:term":[{"taxonomy":"category","embeddable":true,"href":"https:\/\/dmsjuridica.com\/buscador_20179478954\/salapenalcronologico20230723\/wp-json\/wp\/v2\/categories?post=27400"},{"taxonomy":"post_tag","embeddable":true,"href":"https:\/\/dmsjuridica.com\/buscador_20179478954\/salapenalcronologico20230723\/wp-json\/wp\/v2\/tags?post=27400"}],"curies":[{"name":"wp","href":"https:\/\/api.w.org\/{rel}","templated":true}]}}