{"id":27368,"date":"2023-09-12T19:54:25","date_gmt":"2023-09-12T19:54:25","guid":{"rendered":"https:\/\/dmsjuridica.com\/buscador_20179478954\/salapenalcronologico20230723\/2023\/09\/12\/4206502-10-13\/"},"modified":"2023-09-12T19:54:25","modified_gmt":"2023-09-12T19:54:25","slug":"4206502-10-13","status":"publish","type":"post","link":"https:\/\/dmsjuridica.com\/buscador_20179478954\/salapenalcronologico20230723\/2023\/09\/12\/4206502-10-13\/","title":{"rendered":"42065(02-10-13)"},"content":{"rendered":"\n<p>\u00a0 \u00a0 \u00a0\u00a0<\/p>\n<p>CORTE\u00a0\u00a0 \u00a0 \u00a0SUPREMA\u00a0\u00a0 \u00a0DE\u00a0\u00a0 JUSTICIA \u00a0\u00a0<\/p>\n<p>SALA\u00a0\u00a0 \u00a0 \u00a0 \u00a0DE\u00a0\u00a0 \u00a0CASACI\u00d3N\u00a0\u00a0 PENAL \u00a0\u00a0<\/p>\n<p>Magistrado \u00a0 \u00a0 \u00a0Ponente: \u00a0\u00a0<\/p>\n<p>FERNANDO ALBERTO CASTRO CABALLERO \u00a0<\/p>\n<p>Aprobado Acta No. 326 \u00a0<\/p>\n<p>Bogot\u00e1, \u00a0D. \u00a0C.,\u00a0 dos (2) de octubre de \u00a0dos mil trece (2013). \u00a0\u00a0<\/p>\n<p>ASUNTO: \u00a0<\/p>\n<p>Procede \u00a0la \u00a0Sala \u00a0a \u00a0resolver \u00a0la \u00a0petici\u00f3n \u00a0probatoria \u00a0formulada \u00a0por \u00a0la \u00a0defensa, dentro del tr\u00e1mite de extradici\u00f3n del \u00a0ciudadano \u00a0colombiano \u00a0Edgar \u00a0Ernesto \u00a0Castillo \u00a0Rico, quien es reclamado por el \u00a0Gobierno de la Rep\u00fablica de Italia. \u00a0\u00a0<\/p>\n<p>ANTECEDENTES: \u00a0<\/p>\n<p>1.\u00a0 \u00a0Mediante \u00a0oficio \u00a0No. \u00a0OFI13-0020426-OAI-1100 \u00a0del \u00a013 \u00a0de \u00a0agosto \u00a0de 2013, la Jefe de la \u00a0Oficina \u00a0de \u00a0Asuntos \u00a0Internacionales \u00a0del Ministerio de Justicia y del Derecho, \u00a0comunic\u00f3 \u00a0a la Corte que el Gobierno de la Rep\u00fablica de Italia, por intermedio \u00a0de \u00a0su Embajada en Colombia y con la Nota Diplom\u00e1tica No. 1301 del 5 de febrero \u00a0del \u00a0mismo \u00a0a\u00f1o, \u00a0solicit\u00f3 la detenci\u00f3n provisional con fines de extradici\u00f3n \u00a0del \u00a0ciudadano \u00a0colombiano \u00a0Edgar \u00a0Ernesto \u00a0Castillo \u00a0Rico, \u00a0quien \u00a0es requerido \u00a0\u201cpor \u00a0el \u00a0Juez \u00a0de \u00a0indagatoria \u00a0del \u00a0Tribunal \u00a0de \u00a0Catanzaro \u00a0 por \u00a0 conspiraci\u00f3n \u00a0 para \u00a0 el \u00a0tr\u00e1fico \u00a0de \u00a0drogas\u201d, \u00a0por \u00a0lo cual el Fiscal General de la Naci\u00f3n, con resoluci\u00f3n del \u00a028 \u00a0de \u00a0junio de igual anualidad, dispuso su captura, la cual se le notific\u00f3 al \u00a0d\u00eda \u00a0siguiente, \u00a0por \u00a0cuanto \u00a0se \u00a0encontraba \u00a0privado \u00a0de \u00a0la \u00a0libertad \u00a0en \u00a0el \u00a0Establecimiento Penitenciario y Carcelario de Acac\u00edas. \u00a0\u00a0<\/p>\n<p>Tambi\u00e9n \u00a0expres\u00f3 \u00a0que \u00a0dicha \u00a0Embajada, \u00a0a \u00a0trav\u00e9s \u00a0de las Notas Verbales n\u00fameros 8826 y 7E, del 29 de julio y 1 de agosto \u00a0de \u00a02013, \u00a0respectivamente, \u00a0formaliz\u00f3 la solicitud de extradici\u00f3n del citado, \u00a0allegando \u00a0 la \u00a0documentaci\u00f3n \u00a0debidamente \u00a0traducida \u00a0y \u00a0legalizada. \u00a0Adem\u00e1s, \u00a0inform\u00f3 \u00a0que \u00a0el \u00a0Ministerio \u00a0de Relaciones Exteriores, con oficio DIAJI\/GCE \u00a0No. \u00a01679 \u00a0del d\u00eda siguiente, \u00a0conceptu\u00f3 \u00a0 que \u00a0 el \u00a0 tratado \u00a0 aplicable \u00a0 al \u00a0presente \u00a0caso \u00a0es \u00a0\u201cla \u00a0Convenci\u00f3n de Naciones Unidas contra el tr\u00e1fico il\u00edcito \u00a0de \u00a0estupefacientes \u00a0y \u00a0sustancias \u00a0psicotr\u00f3picas, \u00a0suscrita \u00a0en Viena el 20 de \u00a0diciembre \u00a0 de \u00a0 1988\u201d \u00a0y, \u00a0de \u00a0conformidad \u00a0con \u00a0lo \u00a0establecido \u00a0en \u00a0el \u00a0art\u00edculo \u00a06\u00ba, \u00a0numerales \u00a04\u00ba \u00a0y \u00a05\u00ba, \u00a0de \u00a0la \u00a0precitada \u00a0convenci\u00f3n, \u00a0 as\u00ed \u00a0como \u00a0seg\u00fan \u00a0los \u00a0art\u00edculos \u00a0491 \u00a0y \u00a0496 \u00a0de \u00a0la \u00a0Ley \u00a0906 \u00a0de 2004, precis\u00f3 que es \u00a0procedente \u00a0 obrar \u00a0 acorde \u00a0con \u00a0\u201cel \u00a0ordenamiento \u00a0jur\u00eddico colombiano\u201d. \u00a0\u00a0<\/p>\n<p>As\u00ed \u00a0las \u00a0cosas, \u00a0envi\u00f3 \u00a0a \u00a0la \u00a0Corte \u00a0la \u00a0documentaci\u00f3n \u00a0 ofrecida \u00a0por \u00a0la \u00a0representaci\u00f3n \u00a0diplom\u00e1tica \u00a0del \u00a0Gobierno \u00a0requirente, \u00a0\u201cteniendo \u00a0en cuenta que se encuentran \u00a0reunidos \u00a0los \u00a0requisitos \u00a0formales \u00a0exigidos \u00a0en la normatividad procesal penal \u00a0aplicable\u201d. \u00a0\u00a0<\/p>\n<p>2.\u00a0 Recibida la \u00a0actuaci\u00f3n \u00a0en \u00a0la \u00a0Corporaci\u00f3n, \u00a0con \u00a0auto \u00a0del \u00a029 \u00a0de \u00a0agosto \u00a0de 2013 se le \u00a0reconoci\u00f3 \u00a0personer\u00eda \u00a0adjetiva \u00a0al defensor designado por el solicitado Edgar \u00a0Ernesto \u00a0Castillo \u00a0Rico \u00a0y se dispuso agotar el t\u00e9rmino para pedir pruebas, del \u00a0cual hizo uso ese apoderado en los siguientes t\u00e9rminos: \u00a0\u00a0<\/p>\n<p>Expresa que como en Colombia existe sentencia \u00a0condenatoria \u00a0dictada \u00a0en \u00a0contra del requerido por los mismos hechos que sirven \u00a0de \u00a0sustento \u00a0a \u00a0la petici\u00f3n extradici\u00f3n, solicita que se tengan en cuenta los \u00a0documentos \u00a0que \u00a0aporta, \u00a0con \u00a0el \u00a0fin \u00a0de que, como lo ha se\u00f1alado la Sala, se \u00a0salvaguarde el principio de la cosa juzgada en el presente asunto. \u00a0\u00a0<\/p>\n<p>En \u00a0concreto, pide que se tenga como prueba y \u00a0que \u00a0 se \u00a0incorpore \u00a0a \u00a0este \u00a0tr\u00e1mite, \u00a0la \u00a0solicitud \u00a0de \u00a0asistencia \u00a0judicial \u00a0internacional \u00a0que \u00a0formulara \u00a0la \u00a0Direcci\u00f3n \u00a0Distrital Antimafia de Cantazaro, \u00a0Italia, \u00a0as\u00ed \u00a0como \u00a0la \u00a0actuaci\u00f3n \u00a0que \u00a0se deriv\u00f3 de la misma en la Fiscal\u00eda \u00a0General de la Naci\u00f3n de Colombia. \u00a0\u00a0<\/p>\n<p>Igualmente, depreca que se tengan como pruebas \u00a0y \u00a0que \u00a0se \u00a0incorporen a este tr\u00e1mite, las principales piezas procesales que se \u00a0produjeron \u00a0en \u00a0desarrollo de la investigaci\u00f3n que se le adelant\u00f3 al reclamado \u00a0en \u00a0Colombia por los mismos hechos, en particular, la resoluci\u00f3n de apertura de \u00a0instrucci\u00f3n, \u00a0aquella \u00a0por \u00a0cuyo \u00a0medio \u00a0se \u00a0le \u00a0defini\u00f3 \u00a0provisionalmente \u00a0la \u00a0situaci\u00f3n \u00a0jur\u00eddica, \u00a0los testimonios recogidos por la Fiscal\u00eda en Italia, la \u00a0aceptaci\u00f3n \u00a0de \u00a0cargos \u00a0del \u00a0solicitado, \u00a0la sentencia anticipada dictada en su \u00a0contra \u00a0en \u00a0el \u00a0Juzgado \u00a0Penal \u00a0del \u00a0Circuito \u00a0Especializado de Santa Martha, la \u00a0providencia \u00a0del \u00a0Juzgado \u00a0Tercero de Ejecuci\u00f3n de Penas y Medidas de Seguridad \u00a0de \u00a0Acac\u00edas que le revoc\u00f3 la libertad condicional y el disco compacto donde se \u00a0recoge, a trav\u00e9s de esc\u00e1ner, el proceso que se le sigui\u00f3. \u00a0\u00a0<\/p>\n<p>Finalmente, \u00a0deja \u00a0en libertad a la Sala para \u00a0que ratifique la autenticidad de los anteriores documentos. \u00a0\u00a0<\/p>\n<p>CONSIDERACIONES\u00a0\u00a0 \u00a0DE\u00a0\u00a0 \u00a0LA\u00a0\u00a0 CORTE: \u00a0\u00a0<\/p>\n<p>1.\u00a0\u00a0 \u00a0 \u00a0Cuesti\u00f3n\u00a0\u00a0 \u00a0previa: \u00a0\u00a0<\/p>\n<p>Con el prop\u00f3sito de determinar la procedencia \u00a0de \u00a0la \u00a0pr\u00e1ctica \u00a0de \u00a0un \u00a0medio \u00a0de conocimiento dentro de la fase judicial del \u00a0tr\u00e1mite \u00a0de extradici\u00f3n, se debe tener presente que el mismo est\u00e9 relacionado \u00a0con \u00a0alguno \u00a0de \u00a0los aspectos a revisar por la Corporaci\u00f3n al momento de emitir \u00a0el respectivo concepto. \u00a0\u00a0<\/p>\n<p>1.1. \u00a0 En \u00a0este \u00a0sentido, \u00a0cualquier pretensi\u00f3n probatoria necesariamente ha de estar vinculada, \u00a0de \u00a0 acuerdo \u00a0con \u00a0lo \u00a0preceptuado \u00a0en \u00a0el \u00a0art\u00edculo \u00a0520 \u00a0de \u00a0la \u00a0Ley \u00a0600 \u00a0de \u00a020001, \u00a0con: (i) la validez formal de la documentaci\u00f3n presentada por el \u00a0Estado \u00a0requirente; \u00a0(ii) \u00a0la \u00a0demostraci\u00f3n plena de la identidad de la persona \u00a0solicitada \u00a0en extradici\u00f3n con la que haya sido capturada con tal fin; (iii) el \u00a0principio \u00a0de \u00a0la \u00a0doble \u00a0incriminaci\u00f3n, \u00a0seg\u00fan el cual el hecho que motiva la \u00a0petici\u00f3n \u00a0de \u00a0entrega \u00a0tambi\u00e9n \u00a0debe \u00a0estar previsto en Colombia como delito y \u00a0encontrarse \u00a0reprimido \u00a0con \u00a0pena \u00a0privativa \u00a0de la libertad cuyo m\u00ednimo no sea \u00a0inferior \u00a0a \u00a0cuatro \u00a0a\u00f1os; \u00a0(iv) \u00a0que la providencia proferida por la autoridad \u00a0extranjera \u00a0sea \u00a0una sentencia o al menos se asimile, de conformidad con nuestro \u00a0sistema \u00a0procesal \u00a0penal, a la acusaci\u00f3n; y (v) el cumplimiento de lo dispuesto \u00a0en tratados p\u00fablicos, de ser necesario. \u00a0\u00a0<\/p>\n<p>1.2.\u00a0 \u00a0Ahora, \u00a0 seg\u00fan \u00a0 lo \u00a0ha \u00a0decantado \u00a0la \u00a0jurisprudencia \u00a0de \u00a0esta \u00a0Colegiatura2, \u00a0 \u00a0 \u00a0tambi\u00e9n \u00a0se \u00a0debe \u00a0constatar \u00a0si \u00a0en \u00a0Colombia \u00a0se \u00a0profiri\u00f3 \u00a0decisi\u00f3n \u00a0con \u00a0fuerza de cosa juzgada \u00a0por \u00a0los \u00a0mismos \u00a0hechos que sustentan la petici\u00f3n de \u00a0extradici\u00f3n. \u00a0\u00a0<\/p>\n<p>1.3.\u00a0 \u00a0A su \u00a0vez, \u00a0 \u00a0como \u00a0 \u00a0de \u00a0 \u00a0acuerdo \u00a0 con \u00a0 lo \u00a0 manifestado \u00a0 por \u00a0 el \u00a0 Ministerio \u00a0 \u00a0 de \u00a0 \u00a0Relaciones \u00a0 \u00a0Exteriores, \u00a0 \u00a0seg\u00fan \u00a0qued\u00f3 \u00a0consignado inicialmente, este \u00a0asunto \u00a0se \u00a0rige \u00a0por \u00a0el \u00a0C\u00f3digo \u00a0de \u00a0Procedimiento \u00a0Penal3, \u00a0 el \u00a0 cual, \u00a0 en \u00a0su \u00a0art\u00edculo \u00a0235, \u00a0se\u00f1ala \u00a0 \u00a0 que \u00a0 \u00a0 debe \u00a0 \u00a0 ser \u00a0 \u00a0rechazada \u00a0la \u00a0pr\u00e1ctica \u00a0de \u00a0las \u00a0pruebas \u00a0\u201clegalmente \u00a0\u201cprohibidas \u00a0o \u00a0ineficaces, \u00a0las \u00a0que \u00a0versen sobre \u00a0hechos \u00a0notoriamente \u00a0impertinentes y las manifiestamente superfluas\u201d; \u00a0alcance \u00a0que \u00a0trasladado al tr\u00e1mite de extradici\u00f3n \u00a0 \u00a0debe \u00a0 \u00a0aplicarse \u00a0 \u00a0a \u00a0 \u00a0los \u00a0 \u00a0requisitos \u00a0 se\u00f1alados \u00a0 \u00a0 especialmente \u00a0 \u00a0 en \u00a0 \u00a0el \u00a0art\u00edculo \u00a0 \u00a0 \u00a0 \u00a0 \u00a0520 \u00a0 \u00a0 \u00a0 \u00a0 \u00a0ib\u00eddem. \u00a0\u00a0<\/p>\n<p>As\u00ed las cosas, en \u00a0la \u00a0 \u00a0 fase \u00a0 \u00a0 judicial \u00a0 \u00a0 del \u00a0 \u00a0 tr\u00e1mite \u00a0 \u00a0de \u00a0extradici\u00f3n \u00fanicamente \u00a0 es \u00a0 posible \u00a0decretar \u00a0las \u00a0pruebas \u00a0 pertinentes, \u00a0es \u00a0decir, \u00a0aquellas \u00a0que \u00a0demuestren \u00a0los \u00a0supuestos \u00a0derivados \u00a0de \u00a0las exigencias \u00a0previstas \u00a0tanto \u00a0en \u00a0el \u00a0referido \u00a0art\u00edculo \u00a0 520, \u00a0 como \u00a0 de \u00a0 los \u00a0 requisitos \u00a0 puntualizados \u00a0en \u00a0los \u00a0art\u00edculos \u00a0 511 \u00a0 y \u00a0 513 \u00a0 de \u00a0la \u00a0Ley \u00a0600 \u00a0de \u00a02000 \u00a0y \u00a018 del C\u00f3digo Penal. \u00a0Igualmente, \u00a0 \u00a0se \u00a0 \u00a0ordenar\u00e1n \u00a0 las \u00a0 conducentes, \u00a0 \u00a0como \u00a0 \u00a0son \u00a0 aquellas \u00a0autorizadas \u00a0en \u00a0la \u00a0ley \u00a0con capacidad para comprobar los precisos aspectos \u00a0 sobre \u00a0 los \u00a0 cuales \u00a0 compete \u00a0a \u00a0la \u00a0Corte \u00a0 rendir \u00a0 su \u00a0 concepto. \u00a0 Finalmente, \u00a0se \u00a0evacuar\u00e1n \u00a0 \u00a0 \u00a0 \u00a0las \u00a0 \u00a0 \u00a0 \u00a0\u00fatiles, o sea las llamadas a acreditar un \u00a0asunto \u00a0 a\u00fan \u00a0 no \u00a0 corroborado \u00a0 y \u00a0 de \u00a0verdadero \u00a0inter\u00e9s \u00a0 \u00a0 para \u00a0 \u00a0 la \u00a0 \u00a0 actuaci\u00f3n. \u00a0\u00a0<\/p>\n<p>Precisados \u00a0 \u00a0los \u00a0 \u00a0par\u00e1metros \u00a0 bajo \u00a0 los \u00a0cuales \u00a0corresponde \u00a0adelantar \u00a0la \u00a0actividad \u00a0probatoria \u00a0en \u00a0la \u00a0fase judicial del tr\u00e1mite \u00a0 de \u00a0 extradici\u00f3n, \u00a0se \u00a0proceder\u00e1 \u00a0a \u00a0resolver la pretensi\u00f3n formulada al respecto por \u00a0el apoderado del requerido Edgar Ernesto Castillo Rico. \u00a0\u00a0<\/p>\n<p>2.\u00a0\u00a0 \u00a0 \u00a0 \u00a0Sobre\u00a0\u00a0 \u00a0la\u00a0\u00a0 \u00a0 petici\u00f3n\u00a0\u00a0 \u00a0 probatoria\u00a0\u00a0 \u00a0 en\u00a0\u00a0 \u00a0concreto: \u00a0\u00a0<\/p>\n<p>Como \u00a0 quiera \u00a0 que \u00a0 se \u00a0 contrae \u00a0a \u00a0que \u00a0se \u00a0incorporen \u00a0un conjunto \u00a0de \u00a0documentos \u00a0que \u00a0aporta \u00a0la \u00a0defensa del reclamado \u00a0Edgar \u00a0 \u00a0Ernesto \u00a0 \u00a0Castillo \u00a0 \u00a0Rico \u00a0 \u00a0con \u00a0el \u00a0prop\u00f3sito de evidenciar que en \u00a0Colombia \u00a0 se \u00a0profiri\u00f3 \u00a0sentencia \u00a0condenatoria \u00a0en \u00a0contra \u00a0del citado por los mismos hechos que sirven de \u00a0sustento \u00a0a \u00a0la \u00a0petici\u00f3n de extradici\u00f3n, \u00a0 resulta \u00a0 necesario \u00a0 se\u00f1alar \u00a0que \u00a0los \u00a0 \u00a0mismos \u00a0 no \u00a0 se \u00a0tendr\u00e1n \u00a0 \u00a0en \u00a0 \u00a0cuenta, \u00a0 \u00a0por \u00a0 \u00a0lo \u00a0 \u00a0que \u00a0 \u00a0se \u00a0dispondr\u00e1 \u00a0su \u00a0desglose \u00a0y \u00a0devoluci\u00f3n, \u00a0 \u00a0 toda \u00a0 \u00a0 vez \u00a0 \u00a0que \u00a0 \u00a0salvo \u00a0 dos, \u00a0 los \u00a0 restantes \u00a0resultan \u00a0 \u00a0 \u00a0 \u00a0 \u00a0 \u00a0 \u00a0 \u00a0 impertinentes. \u00a0\u00a0<\/p>\n<p>En \u00a0 \u00a0 \u00a0efecto, \u00a0 \u00a0 \u00a0la \u00a0solicitud \u00a0de \u00a0asistencia \u00a0judicial \u00a0internacional \u00a0que \u00a0formul\u00f3 \u00a0la \u00a0Direcci\u00f3n \u00a0Distrital \u00a0Antimafia de Cantazaro, \u00a0Italia, \u00a0as\u00ed \u00a0como \u00a0la \u00a0actuaci\u00f3n \u00a0que \u00a0se deriv\u00f3 de la misma en la Fiscal\u00eda \u00a0General \u00a0de \u00a0la \u00a0Naci\u00f3n \u00a0de Colombia; la copia de la resoluci\u00f3n de apertura de \u00a0instrucci\u00f3n, \u00a0el \u00a0prove\u00eddo \u00a0por \u00a0cuyo medio se le defini\u00f3 provisionalmente la \u00a0situaci\u00f3n \u00a0jur\u00eddica \u00a0al \u00a0requerido, los testimonios recogidos por la Fiscal\u00eda \u00a0en \u00a0Italia, la decisi\u00f3n del Juzgado Tercero de Ejecuci\u00f3n de Penas y Medidas de \u00a0Seguridad \u00a0de \u00a0Acac\u00edas \u00a0que \u00a0le \u00a0revoc\u00f3 \u00a0la \u00a0libertad \u00a0condicional \u00a0y el disco \u00a0compacto \u00a0donde \u00a0se recoge, a trav\u00e9s de esc\u00e1ner, el proceso que se le sigui\u00f3; \u00a0no \u00a0se \u00a0hace \u00a0necesario tenerlos en cuenta, en tanto no se puede perder de vista \u00a0que \u00a0para \u00a0establecer \u00a0si \u00a0concurre \u00a0la cosa juzgada, el cotejo se debe realizar \u00a0entre \u00a0los \u00a0hechos \u00a0que contenga la providencia que ostenta tal naturaleza y los \u00a0que se pretende sancionar nuevamente. \u00a0\u00a0<\/p>\n<p>En \u00a0esa \u00a0medida, solamente la aceptaci\u00f3n \u00a0de \u00a0cargos \u00a0del \u00a0reclamado \u00a0Edgar Ernesto Castillo Rico \u00a0llevada \u00a0a \u00a0cabo el 1 de agosto de 2005 en la Fiscal\u00eda Tercera Especializada de \u00a0la \u00a0Unidad Nacional Antinarc\u00f3ticos y de Interdicci\u00f3n Mar\u00edtima, \u201cUNAIM\u201d, y \u00a0la \u00a0sentencia \u00a0anticipada dictada en su contra el 8 de noviembre siguiente en el \u00a0Juzgado \u00a0 Penal \u00a0del \u00a0Circuito \u00a0Especializado \u00a0de \u00a0Santa \u00a0Martha \u00a0dentro \u00a0de \u00a0la \u00a0radicaci\u00f3n No. 47001-3107-001-2005-00080, son pertinentes. \u00a0\u00a0<\/p>\n<p>No \u00a0obstante, \u00a0como \u00a0se \u00a0requiere contar con \u00a0copia \u00a0aut\u00e9ntica \u00a0de esas dos piezas procesales, as\u00ed como con la constancia de \u00a0ejecutoria \u00a0de \u00a0la \u00faltima, es decir, del fallo de condena, se ordenar\u00e1 oficiar \u00a0al \u00a0juzgado \u00a0en menci\u00f3n con el fin de que allegue reproducci\u00f3n \u00edntegra de las \u00a0mismas, \u00a0 junto \u00a0 con \u00a0 la \u00a0 certificaci\u00f3n \u00a0 de \u00a0 haber \u00a0quedado \u00a0en \u00a0firme \u00a0la \u00a0sentencia. \u00a0\u00a0<\/p>\n<p>Conviene \u00a0 \u00a0 \u00a0 se\u00f1alar \u00a0 que \u00a0 si \u00a0 bien \u00a0 la \u00a0 defensa \u00a0aporta \u00a0copia \u00a0tanto \u00a0 de \u00a0la \u00a0aceptaci\u00f3n \u00a0de \u00a0cargos \u00a0como \u00a0de \u00a0la \u00a0sentencia \u00a0anticipada, \u00a0igualmente \u00a0precisa que deja en libertad \u00a0a \u00a0la \u00a0Corte de ratificar la autenticidad de tales piezas procesales, lo cual se \u00a0hace \u00a0indispensable \u00a0de \u00a0conformidad \u00a0con lo preceptuado en el art\u00edculo \u00a0239 \u00a0del C\u00f3digo de Procedimiento \u00a0Penal de 2000. \u00a0\u00a0<\/p>\n<p>En m\u00e9rito de lo expuesto, la Corte Suprema de \u00a0Justicia, Sala de Casaci\u00f3n Penal, \u00a0\u00a0<\/p>\n<p>RESUELVE: \u00a0\u00a0<\/p>\n<p>1. \u00a0 \u00a0NO \u00a0 \u00a0INCORPORAR \u00a0 \u00a0como \u00a0pruebas los documentos allegados por el defensor del requerido \u00a0Edgar \u00a0 Ernesto \u00a0Castillo \u00a0Rico, \u00a0en \u00a0consecuencia, \u00a0se \u00a0ordena \u00a0su \u00a0desglose \u00a0y \u00a0devoluci\u00f3n. \u00a0\u00a0<\/p>\n<p>2.\u00a0 \u00a0REQUERIR \u00a0al \u00a0Juzgado \u00a0Penal del Circuito Especializado de Santa \u00a0Marta, \u00a0para \u00a0que remita copia \u00edntegra y aut\u00e9ntica de la aceptaci\u00f3n de cargos \u00a0del \u00a0reclamado \u00a0Edgar \u00a0Ernesto \u00a0Castillo \u00a0Rico, llevada a cabo el 1 de agosto de \u00a02005 \u00a0 en \u00a0 la \u00a0 Fiscal\u00eda \u00a0 Tercera \u00a0 Especializada \u00a0 de \u00a0 la \u00a0Unidad \u00a0Nacional \u00a0Antinarc\u00f3ticos \u00a0y \u00a0de \u00a0Interdicci\u00f3n \u00a0Mar\u00edtima, \u00a0\u201cUNAIM\u201d, \u00a0as\u00ed como de la \u00a0sentencia \u00a0anticipada \u00a0dictada \u00a0en contra del citado el 8 de noviembre siguiente \u00a0en \u00a0 el \u00a0 despacho \u00a0 judicial \u00a0 en \u00a0 menci\u00f3n \u00a0 dentro \u00a0de \u00a0la \u00a0radicaci\u00f3n \u00a0No. \u00a047001-3107-001-2005-00080, \u00a0 \u00a0 \u00a0con \u00a0 \u00a0 \u00a0la \u00a0 \u00a0 respectiva \u00a0 \u00a0 constancia \u00a0 \u00a0 de \u00a0ejecutoria. \u00a0\u00a0<\/p>\n<p>Contra esta providencia procede el recurso de \u00a0reposici\u00f3n. \u00a0\u00a0<\/p>\n<p>Notif\u00edquese y c\u00famplase. \u00a0<\/p>\n<p>JOS\u00c9 LEONIDAS BUSTOS MART\u00cdNEZ \u00a0<\/p>\n<p>JOS\u00c9 \u00a0LUIS \u00a0BARCEL\u00d3 \u00a0CAMACHO\u00a0\u00a0\u00a0\u00a0\u00a0\u00a0\u00a0\u00a0\u00a0\u00a0\u00a0\u00a0\u00a0\u00a0\u00a0\u00a0 \u00a0FERNANDO ALBERTO CASTRO CABALLERO \u00a0\u00a0<\/p>\n<p>EUGENIO \u00a0 \u00a0 \u00a0 \u00a0 FERN\u00c1NDEZ \u00a0CARLIER\u00a0\u00a0\u00a0\u00a0\u00a0\u00a0\u00a0\u00a0\u00a0\u00a0\u00a0\u00a0\u00a0\u00a0\u00a0\u00a0\u00a0\u00a0\u00a0\u00a0\u00a0\u00a0\u00a0\u00a0\u00a0\u00a0 \u00a0MAR\u00cdA DEL ROSARIO GONZ\u00c1LEZ MU\u00d1OZ \u00a0\u00a0<\/p>\n<p>GUSTAVO \u00a0 \u00a0 \u00a0 ENRIQUE \u00a0 \u00a0 \u00a0 MALO \u00a0FERN\u00c1NDEZ\u00a0\u00a0\u00a0\u00a0\u00a0\u00a0\u00a0\u00a0 \u00a0 \u00a0 LUIS \u00a0 \u00a0GUILLERMO \u00a0SALAZAR OTERO \u00a0\u00a0<\/p>\n<p>JAVIER ZAPATA ORTIZ \u00a0<\/p>\n<p>NUBIA YOLANDA NOVA GARC\u00cdA \u00a0<\/p>\n<p>Secretaria \u00a0 \u00a0<\/p>\n<p>1 En el \u00a0presente \u00a0caso \u00a0se \u00a0aplica \u00a0esa \u00a0ley, \u00a0por \u00a0cuanto \u00a0los \u00a0hechos que sustentan la \u00a0petici\u00f3n de extradici\u00f3n se cometieron en vigencia de la misma. \u00a0\u00a0<\/p>\n<p>2 Corte \u00a0Suprema \u00a0de Justicia, Sala de Casaci\u00f3n Penal, conceptos del 19 de febrero y del \u00a016 \u00a0 de \u00a0 septiembre \u00a0 de \u00a0 2009, \u00a0 radicaciones \u00a0 n\u00fameros \u00a0 30374 \u00a0 y \u00a0 31036, \u00a0respectivamente. \u00a0\u00a0<\/p>\n<p>3 \u00a0Es \u00a0decir, la Ley 600 de 2000 como ha quedado expresado. \u00a0 \u00a0\u00a0<\/p>\n<p><\/p>\n","protected":false},"excerpt":{"rendered":"<p>\u00a0 \u00a0 \u00a0\u00a0 CORTE\u00a0\u00a0 \u00a0 \u00a0SUPREMA\u00a0\u00a0 \u00a0DE\u00a0\u00a0 JUSTICIA \u00a0\u00a0 SALA\u00a0\u00a0 \u00a0 \u00a0 \u00a0DE\u00a0\u00a0 \u00a0CASACI\u00d3N\u00a0\u00a0 PENAL \u00a0\u00a0 Magistrado \u00a0 \u00a0 \u00a0Ponente: \u00a0\u00a0 FERNANDO ALBERTO CASTRO CABALLERO \u00a0 Aprobado Acta No. 326 \u00a0 Bogot\u00e1, \u00a0D. \u00a0C.,\u00a0 dos (2) de octubre de \u00a0dos mil trece (2013). \u00a0\u00a0 ASUNTO: \u00a0 Procede \u00a0la \u00a0Sala \u00a0a \u00a0resolver \u00a0la \u00a0petici\u00f3n \u00a0probatoria \u00a0formulada [&hellip;]<\/p>\n","protected":false},"author":1,"featured_media":0,"comment_status":"open","ping_status":"open","sticky":false,"template":"","format":"standard","meta":{"footnotes":""},"categories":[21],"tags":[],"class_list":["post-27368","post","type-post","status-publish","format-standard","hentry","category-21"],"_links":{"self":[{"href":"https:\/\/dmsjuridica.com\/buscador_20179478954\/salapenalcronologico20230723\/wp-json\/wp\/v2\/posts\/27368","targetHints":{"allow":["GET"]}}],"collection":[{"href":"https:\/\/dmsjuridica.com\/buscador_20179478954\/salapenalcronologico20230723\/wp-json\/wp\/v2\/posts"}],"about":[{"href":"https:\/\/dmsjuridica.com\/buscador_20179478954\/salapenalcronologico20230723\/wp-json\/wp\/v2\/types\/post"}],"author":[{"embeddable":true,"href":"https:\/\/dmsjuridica.com\/buscador_20179478954\/salapenalcronologico20230723\/wp-json\/wp\/v2\/users\/1"}],"replies":[{"embeddable":true,"href":"https:\/\/dmsjuridica.com\/buscador_20179478954\/salapenalcronologico20230723\/wp-json\/wp\/v2\/comments?post=27368"}],"version-history":[{"count":0,"href":"https:\/\/dmsjuridica.com\/buscador_20179478954\/salapenalcronologico20230723\/wp-json\/wp\/v2\/posts\/27368\/revisions"}],"wp:attachment":[{"href":"https:\/\/dmsjuridica.com\/buscador_20179478954\/salapenalcronologico20230723\/wp-json\/wp\/v2\/media?parent=27368"}],"wp:term":[{"taxonomy":"category","embeddable":true,"href":"https:\/\/dmsjuridica.com\/buscador_20179478954\/salapenalcronologico20230723\/wp-json\/wp\/v2\/categories?post=27368"},{"taxonomy":"post_tag","embeddable":true,"href":"https:\/\/dmsjuridica.com\/buscador_20179478954\/salapenalcronologico20230723\/wp-json\/wp\/v2\/tags?post=27368"}],"curies":[{"name":"wp","href":"https:\/\/api.w.org\/{rel}","templated":true}]}}