{"id":27350,"date":"2023-09-12T19:54:24","date_gmt":"2023-09-12T19:54:24","guid":{"rendered":"https:\/\/dmsjuridica.com\/buscador_20179478954\/salapenalcronologico20230723\/2023\/09\/12\/4203411-09-13\/"},"modified":"2023-09-12T19:54:24","modified_gmt":"2023-09-12T19:54:24","slug":"4203411-09-13","status":"publish","type":"post","link":"https:\/\/dmsjuridica.com\/buscador_20179478954\/salapenalcronologico20230723\/2023\/09\/12\/4203411-09-13\/","title":{"rendered":"42034(11-09-13)"},"content":{"rendered":"\n<p><\/p>\n<p>CORTE SUPREMA DE JUSTICIA \u00a0<\/p>\n<p>SALA DE CASACI\u00d3N PENAL \u00a0<\/p>\n<p>\u00a0 \u00a0\u00a0 \u00a0\u00a0 \u00a0\u00a0Magistrado Ponente: \u00a0\u00a0<\/p>\n<p>\u00a0 \u00a0\u00a0 \u00a0\u00a0 \u00a0\u00a0JAVIER ZAPATA ORTIZ \u00a0\u00a0<\/p>\n<p>\u00a0 \u00a0\u00a0 \u00a0\u00a0 \u00a0\u00a0Aprobado Acta No. 302 \u00a0\u00a0<\/p>\n<p>Bogot\u00e1 D. C., once (11) de septiembre de dos \u00a0mil trece (2013). \u00a0\u00a0<\/p>\n<p>\u00a0 VISTOS \u00a0<\/p>\n<p>Deber\u00eda la Sala calificar el aspecto formal \u00a0de \u00a0la \u00a0demanda \u00a0de casaci\u00f3n presentada por el defensor de los procesados DELIO \u00a0JOS\u00c9 \u00a0ACOSTA \u00a0SERNA, \u00a0CARMEN EMILIA ACOSTA CORT\u00c9S, PEDRO PABLO ACOSTA CORT\u00c9S, \u00a0LUZ \u00a0DELLY \u00a0ACOSTA \u00a0CORT\u00c9S \u00a0y LEONID MAR\u00cdA ACOSTA CORT\u00c9S, si no se advirtiera \u00a0que \u00a0 acaeci\u00f3 \u00a0el \u00a0fen\u00f3meno \u00a0jur\u00eddico \u00a0de \u00a0la \u00a0prescripci\u00f3n, \u00a0la \u00a0cual \u00a0debe \u00a0declararse. \u00a0\u00a0<\/p>\n<p>\u00a0 HECHOS \u00a0<\/p>\n<p>En Cali, el 7 de marzo de 2005 se estableci\u00f3 \u00a0por \u00a0la \u00a0polic\u00eda judicial del Cuerpo T\u00e9cnico de Investigaci\u00f3n que Jos\u00e9 Delio \u00a0Acosta \u00a0Torres, \u00a0quien \u00a0luego \u00a0falleci\u00f3 \u00a0en \u00a0el \u00a02006, en asocio con su familia \u00a0integrada \u00a0por \u00a0DELIO \u00a0JOS\u00c9 ACOSTA SERNA (padre), CARMEN EMILIA ACOSTA CORT\u00c9S, \u00a0PEDRO \u00a0PABLO \u00a0ACOSTA \u00a0CORT\u00c9S, \u00a0LUZ \u00a0DELLY ACOSTA CORT\u00c9S y LEONID MAR\u00cdA ACOSTA \u00a0CORT\u00c9S, \u00a0hab\u00edan \u00a0incrementado de manera ostensible su patrimonio sin causa que \u00a0lo \u00a0justificara \u00a0al \u00a0llegar \u00a0a \u00a0ser \u00a0propietarios de 217 taxis, 15 inmuebles y 9 \u00a0establecimientos de comercio. \u00a0\u00a0<\/p>\n<p>\u00a0 ACTUACI\u00d3N \u00a0PROCESAL \u00a0\u00a0<\/p>\n<p>1.- \u00a0 Adelantada \u00a0 la \u00a0 instrucci\u00f3n, \u00a0 en \u00a0resoluci\u00f3n \u00a0de \u00a04 \u00a0de febrero de 2008, la Fiscal\u00eda acus\u00f3 a DELIO JOS\u00c9 ACOSTA \u00a0SERNA, \u00a0MAR\u00cdA \u00a0SOFIA \u00a0CORT\u00c9S \u00a0DE \u00a0ACOSTA, \u00a0PEDRO \u00a0PABLO ACOSTA CORT\u00c9S, CARMEN \u00a0EMILIA \u00a0ACOSTA CORT\u00c9S, LUZ DELLY ACOSTA CORT\u00c9S, LEONID MAR\u00cdA ACOSTA CORT\u00c9S y \u00a0OMAR \u00a0 \u00a0 \u00a0 \u00a0ADOLFO \u00a0 \u00a0 \u00a0 \u00a0ACOSTA \u00a0 \u00a0 \u00a0 \u00a0HOYOS1, \u00a0como coautores del delito de \u00a0enriquecimiento il\u00edcito de particulares. \u00a0\u00a0<\/p>\n<p>La anterior determinaci\u00f3n fue recurrida y el \u00a025 \u00a0de \u00a0abril del mismo a\u00f1o, la Fiscal\u00eda Delegada ante el Tribunal Superior de \u00a0Cali, \u00a0 \u00a0 \u00a0 la \u00a0 \u00a0 \u00a0confirm\u00f3 \u00a0 \u00a0 \u00a0parcialmente2, \u00a0 al \u00a0 disponer \u00a0revocar \u00a0la \u00a0acusaci\u00f3n \u00a0en \u00a0contra \u00a0de OMAR ADOLFO ACOSTA HOYOS, precluir la instrucci\u00f3n en \u00a0su \u00a0 favor \u00a0 y \u00a0 ratificar \u00a0 la \u00a0 decisi\u00f3n \u00a0 con \u00a0 relaci\u00f3n \u00a0 a \u00a0 los \u00a0 dem\u00e1s \u00a0encartados. \u00a0\u00a0<\/p>\n<p>2.- \u00a0Surtida la fase de la causa, mediante \u00a0sentencia \u00a0de \u00a025 de febrero \u00a0de \u00a02010, el Juzgado Tercero \u00a0Penal \u00a0 \u00a0del \u00a0 Circuito \u00a0Especializado \u00a0de \u00a0Cali\u00a0 \u00a0absolvi\u00f3 \u00a0a todos los \u00a0procesados3. \u00a0\u00a0<\/p>\n<p>3.- La \u00a0sentencia \u00a0fue \u00a0 \u00a0 \u00a0 \u00a0apelada \u00a0 \u00a0 \u00a0 por \u00a0 \u00a0 \u00a0 el \u00a0delegado de la Fiscal\u00eda y \u00a0en \u00a0fallo \u00a0de \u00a0 20 \u00a0 de \u00a0 marzo \u00a0de \u00a020134, \u00a0 \u00a0 \u00a0 el \u00a0 \u00a0 \u00a0 Tribunal \u00a0 \u00a0 \u00a0 Superior \u00a0 \u00a0 \u00a0 de \u00a0 \u00a0 \u00a0Cali, \u00a0 \u00a0 \u00a0 \u00a0la \u00a0 \u00a0 \u00a0 revoc\u00f3 \u00a0y dispuso condenar a DELIO JOS\u00c9 \u00a0ACOSTA \u00a0SERNA, \u00a0CARMEN \u00a0EMILIA \u00a0ACOSTA \u00a0CORT\u00c9S, PEDRO PABLO ACOSTA CORT\u00c9S, LUZ \u00a0DELLY \u00a0ACOSTA \u00a0CORT\u00c9S \u00a0y LEONID MAR\u00cdA ACOSTA CORT\u00c9S como coautores del delito \u00a0de \u00a0 \u00a0 \u00a0 enriquecimiento \u00a0 \u00a0 \u00a0 il\u00edcito \u00a0 \u00a0 \u00a0 de \u00a0particulares \u00a0a 96 meses de \u00a0prisi\u00f3n; \u00a0 \u00a0 a \u00a0 \u00a0 cada \u00a0 \u00a0uno \u00a0 \u00a0a \u00a0 \u00a0la \u00a0 \u00a0multa \u00a0 \u00a0de \u00a0 \u00a0$10.000\u2019000.000.oo; \u00a0 \u00a0 \u00a0 \u00a0a \u00a0la \u00a0inhabilitaci\u00f3n \u00a0para \u00a0el \u00a0ejercicio de derechos y funciones \u00a0p\u00fablicas \u00a0por \u00a0el \u00a0mismo periodo; les neg\u00f3 la sustituci\u00f3n de la ejecuci\u00f3n de \u00a0la \u00a0pena \u00a0y \u00a0la \u00a0prisi\u00f3n \u00a0domiciliaria; y orden\u00f3 el decomiso definitivo de los \u00a0dineros \u00a0 \u00a0incautados \u00a0 \u00a0durante \u00a0 \u00a0las \u00a0 \u00a0diligencias \u00a0 \u00a0de \u00a0 \u00a0allanamiento \u00a0 y \u00a0registro,\u00a0 practicada \u00a0en las viviendas de los enjuiciados. \u00a0\u00a0<\/p>\n<p>4.- inconforme con \u00a0la \u00a0determinaci\u00f3n \u00a0anterior, \u00a0el\u00a0 \u00a0apoderado \u00a0de \u00a0DELIO \u00a0JOS\u00c9 \u00a0ACOSTA \u00a0SERNA, \u00a0CARMEN \u00a0EMILIA \u00a0ACOSTA CORT\u00c9S, PEDRO PABLO ACOSTA \u00a0CORT\u00c9S, \u00a0LUZ \u00a0DELLY \u00a0ACOSTA CORT\u00c9S y LEONID MAR\u00cdA ACOSTA CORT\u00c9S, \u00a0 \u00a0interpuso \u00a0 \u00a0y \u00a0 sustent\u00f3 \u00a0 el \u00a0 recurso \u00a0 extraordinario \u00a0 de \u00a0casaci\u00f3n. \u00a0\u00a0<\/p>\n<p>CONSIDERACIONES DE LA SALA \u00a0<\/p>\n<p>1.- \u00a0 \u00a0 Esta \u00a0 \u00a0Corporaci\u00f3n \u00a0declarar\u00e1 prescrita la acci\u00f3n penal5 \u00a0derivada \u00a0de \u00a0la \u00a0comisi\u00f3n \u00a0del delito de enriquecimiento \u00a0il\u00edcito de particulares \u00a0que \u00a0se \u00a0endilga \u00a0a \u00a0DELIO \u00a0JOS\u00c9 \u00a0ACOSTA \u00a0SERNA, \u00a0CARMEN EMILIA ACOSTA CORT\u00c9S, PEDRO PABLO ACOSTA CORT\u00c9S, \u00a0LUZ \u00a0 DELLY \u00a0 ACOSTA \u00a0 CORT\u00c9S \u00a0 y \u00a0 LEONID \u00a0MAR\u00cdA \u00a0ACOSTA \u00a0CORT\u00c9S, \u00a0 por \u00a0 haber \u00a0operado \u00a0el \u00a0fen\u00f3meno \u00a0extintivo \u00a0de \u00a0la \u00a0potestad \u00a0punitiva \u00a0del \u00a0Estado, de \u00a0acuerdo \u00a0con \u00a0las \u00a0previsiones \u00a0contenidas en los art\u00edculos 83 y 86 del C\u00f3digo \u00a0Penal \u00a0 \u00a0 (Ley \u00a0 \u00a0 599 \u00a0 \u00a0 de \u00a0 \u00a02000). \u00a0\u00a0<\/p>\n<p>2.- \u00a0En \u00a0efecto, \u00a0la \u00a0resoluci\u00f3n acusatoria \u00a0qued\u00f3 \u00a0ejecutoriada \u00a0el 25 de abril de 2008, despu\u00e9s de haber sido resuelto el \u00a0recurso \u00a0de \u00a0apelaci\u00f3n \u00a0interpuesto \u00a0contra \u00a0la \u00a0resoluci\u00f3n \u00a0de acusaci\u00f3n. En \u00a0aquella \u00a0fecha \u00a0se interrumpi\u00f3 la prescripci\u00f3n de la acci\u00f3n penal; y a partir \u00a0del \u00a0d\u00eda \u00a0siguiente \u00a0se \u00a0reanud\u00f3 \u00a0el \u00a0c\u00f3mputo \u00a0de \u00a0los t\u00e9rminos, en la forma \u00a0establecida \u00a0en el art\u00edculo 86 del C\u00f3digo Penal (Ley \u00a0599 de 2000),\u00a0 el cual dispone: \u00a0\u00a0<\/p>\n<p>&#8220;Interrupci\u00f3n y \u00a0suspensi\u00f3n \u00a0del \u00a0t\u00e9rmino prescriptivo de la acci\u00f3n. \u00a0La \u00a0 prescripci\u00f3n \u00a0de \u00a0la \u00a0acci\u00f3n \u00a0penal \u00a0se \u00a0interrumpe \u00a0con \u00a0la \u00a0resoluci\u00f3n \u00a0acusatoria o su equivalente, debidamente ejecutoriada. \u00a0\u00a0<\/p>\n<p>Producida \u00a0la \u00a0interrupci\u00f3n \u00a0del \u00a0t\u00e9rmino \u00a0prescriptivo, \u00a0\u00e9ste \u00a0comenzar\u00e1 \u00a0de \u00a0nuevo \u00a0por \u00a0tiempo \u00a0igual \u00a0a \u00a0la mitad del \u00a0se\u00f1alado \u00a0en el art\u00edculo 83. En este evento el t\u00e9rmino no podr\u00e1 ser inferior \u00a0a cinco (5) a\u00f1os, ni superior a diez (10) a\u00f1os\u201d. \u00a0\u00a0<\/p>\n<p>2.- \u00a0En \u00a0el \u00a0C\u00f3digo \u00a0Penal \u00a0(Ley \u00a0 599 \u00a0 de \u00a0 2000), \u00a0el \u00a0delito \u00a0de \u00a0enriquecimiento il\u00edcito de particulares se \u00a0 \u00a0 sanciona \u00a0 \u00a0en \u00a0 \u00a0el \u00a0 \u00a0 \u00a0art\u00edculo \u00a0 \u00a0 327, \u00a0con \u00a0pena \u00a0 \u00a0 m\u00e1xima \u00a0 \u00a0de \u00a0 \u00a0prisi\u00f3n \u00a0 \u00a0de \u00a0 \u00a010 \u00a0a\u00f1os6. \u00a0\u00a0<\/p>\n<p>Como \u00a0se \u00a0observa, \u00a0para \u00a0efectos \u00a0de \u00a0la \u00a0prescripci\u00f3n \u00a0de \u00a0la \u00a0acci\u00f3n \u00a0penal, la mitad de la \u00a0pena \u00a0 m\u00e1xima \u00a0 fijada \u00a0para \u00a0el \u00a0delito \u00a0no \u00a0supera \u00a0los \u00a05 \u00a0a\u00f1os de prisi\u00f3n. \u00a0\u00a0<\/p>\n<p>3.- \u00a0Trasladando los anteriores lineamientos \u00a0al \u00a0caso \u00a0examinado, se tiene que el t\u00e9rmino de prescripci\u00f3n para el delito de \u00a0enriquecimiento \u00a0 \u00a0il\u00edcito \u00a0 \u00a0de \u00a0 \u00a0particulares \u00a0 \u00a0durante \u00a0 \u00a0la \u00a0 etapa \u00a0 del \u00a0juicio \u00a0es \u00a0de \u00a0cinco \u00a0(5) \u00a0a\u00f1os, contabilizados desde la ejecutoria de la acusaci\u00f3n. \u00a0\u00a0<\/p>\n<p>Como \u00a0se dijo, el pliego de cargos qued\u00f3 en \u00a0firme \u00a0el 25 de abril de 2008. Cinco (5) a\u00f1os contados a partir de esa fecha se \u00a0cumplieron \u00a0el \u00a025 \u00a0de abril de 2013, cuando el expediente a\u00fan se encontraba en \u00a0el \u00a0Tribunal \u00a0Superior \u00a0de Cali, surtiendo las notificaciones de la sentencia de \u00a0segundo grado. \u00a0\u00a0<\/p>\n<p>Por tal motivo, ninguna actuaci\u00f3n diversa a \u00a0la \u00a0declaratoria de extinci\u00f3n de la acci\u00f3n penal resulta viable en el presente \u00a0asunto, la Corte as\u00ed lo declarar\u00e1 y cesar\u00e1 el procedimiento. \u00a0\u00a0<\/p>\n<p>4.- En consecuencia, el funcionario de primer \u00a0grado \u00a0se encargar\u00e1 de cancelar todos los requerimientos y pendientes que DELIO \u00a0JOS\u00c9 \u00a0ACOSTA \u00a0SERNA, \u00a0CARMEN EMILIA ACOSTA CORT\u00c9S, PEDRO PABLO ACOSTA CORT\u00c9S, \u00a0LUZ \u00a0DELLY \u00a0ACOSTA \u00a0CORT\u00c9S \u00a0y \u00a0LEONID \u00a0MAR\u00cdA ACOSTA CORT\u00c9S, tengan por raz\u00f3n \u00a0exclusiva de este proceso. \u00a0\u00a0<\/p>\n<p>5.- De otra parte observa la Sala, que desde \u00a0la \u00a0ejecutoria \u00a0de la resoluci\u00f3n de acusaci\u00f3n -25 de \u00a0abril \u00a0 \u00a0 \u00a0de \u00a0 \u00a0 \u00a02008-, \u00a0 \u00a0 y \u00a0 \u00a0 la sentencia de \u00a0segundo \u00a0grado \u00a0-20 \u00a0de \u00a0marzo \u00a0de \u00a02013-\u00a0 \u00a0transcurrieron m\u00e1s de cinco (5) \u00a0a\u00f1os, \u00a0motivo \u00a0por \u00a0el \u00a0cual se dispone a trav\u00e9s de la Secretar\u00eda de la Corte \u00a0compulsar \u00a0copias \u00a0ante las autoridades penales y disciplinarias para indagar la \u00a0eventual dilaci\u00f3n injustificada del tr\u00e1mite en esas sedes. \u00a0\u00a0<\/p>\n<p>En \u00a0m\u00e9rito de lo expuesto, la Corte Suprema \u00a0de Justicia, en Sala de Casaci\u00f3n Penal, \u00a0\u00a0<\/p>\n<p>\u00a0 RESUELVE \u00a0\u00a0<\/p>\n<p>1. \u00a0 \u00a0 \u00a0Declarar \u00a0 \u00a0 \u00a0prescrita \u00a0la acci\u00f3n penal en el presente asunto, adelantado por el \u00a0delito \u00a0de enriquecimiento il\u00edcito de particulares, contra los ciudadanos DELIO \u00a0JOS\u00c9 \u00a0ACOSTA \u00a0SERNA, \u00a0CARMEN EMILIA ACOSTA CORT\u00c9S, PEDRO PABLO ACOSTA CORT\u00c9S, \u00a0LUZ \u00a0DELLY \u00a0ACOSTA CORT\u00c9S y LEONID MAR\u00cdA ACOSTA CORT\u00c9S, de conformidad con la \u00a0parte motiva de esta providencia. \u00a0\u00a0<\/p>\n<p>2. \u00a0Decretar \u00a0cesaci\u00f3n \u00a0del procedimiento con \u00a0ocasi\u00f3n \u00a0al \u00a0mismo \u00a0delito, \u00a0en favor de\u00a0 DELIO JOS\u00c9 ACOSTA SERNA, CARMEN \u00a0EMILIA \u00a0ACOSTA \u00a0CORT\u00c9S, \u00a0PEDRO PABLO ACOSTA CORT\u00c9S, LUZ DELLY ACOSTA CORT\u00c9S y \u00a0LEONID MAR\u00cdA ACOSTA CORT\u00c9S. \u00a0\u00a0<\/p>\n<p>3. \u00a0El \u00a0Juzgado de \u00a0primera \u00a0 instancia \u00a0se \u00a0encargar\u00e1 \u00a0de \u00a0cancelar \u00a0todos \u00a0los \u00a0requerimientos \u00a0y \u00a0pendientes \u00a0 que \u00a0los \u00a0implicados \u00a0tengan \u00a0por \u00a0raz\u00f3n \u00a0exclusiva \u00a0del \u00a0presente \u00a0asunto. \u00a0\u00a0<\/p>\n<p>4. \u00a0 Por \u00a0 la \u00a0Secretar\u00eda \u00a0de \u00a0la \u00a0Sala, compulsar las copias dispuestas en la parte motiva de \u00a0este prove\u00eddo. \u00a0\u00a0<\/p>\n<p>5. Contra este auto \u00a0procede el recurso de reposici\u00f3n. \u00a0\u00a0<\/p>\n<p>C\u00f3piese, \u00a0notif\u00edquese, \u00a0devu\u00e9lvase \u00a0al \u00a0Tribunal de origen y c\u00famplase \u00a0\u00a0<\/p>\n<p>JOS\u00c9 LEONIDAS BUSTOS MART\u00cdNEZ \u00a0<\/p>\n<p>JOS\u00c9 \u00a0LUIS \u00a0BARCEL\u00d3 \u00a0CAMACHO \u00a0\u00a0 \u00a0\u00a0 \u00a0\u00a0 \u00a0\u00a0 \u00a0 \u00a0\u00a0 \u00a0 \u00a0 \u00a0 \u00a0 \u00a0 \u00a0 \u00a0 \u00a0 \u00a0 \u00a0 \u00a0 \u00a0 \u00a0 \u00a0 \u00a0 \u00a0 \u00a0 \u00a0 \u00a0 \u00a0 \u00a0 \u00a0 \u00a0 \u00a0 \u00a0 \u00a0\u00a0\u00a0\u00a0\u00a0\u00a0\u00a0 \u00a0 FERNANDO \u00a0 ALBERTO \u00a0 CASTRO \u00a0CABALLERO \u00a0\u00a0 \u00a0\u00a0 \u00a0\u00a0 \u00a0\u00a0\u00a0\u00a0\u00a0\u00a0 \u00a0\u00a0<\/p>\n<p>MAR\u00cdA \u00a0 \u00a0DEL \u00a0 \u00a0ROSARIO \u00a0 \u00a0GONZ\u00c1LEZ \u00a0MU\u00d1OZ\u00a0\u00a0\u00a0\u00a0\u00a0\u00a0\u00a0\u00a0\u00a0\u00a0\u00a0\u00a0\u00a0\u00a0\u00a0\u00a0\u00a0\u00a0\u00a0\u00a0 \u00a0GUSTAVO ENRIQUE MALO FERN\u00c1NDEZ \u00a0\u00a0<\/p>\n<p>LUIS \u00a0GUILLERMO \u00a0SALAZAR OTERO \u00a0\u00a0 \u00a0\u00a0 \u00a0\u00a0 \u00a0\u00a0 \u00a0 \u00a0\u00a0 \u00a0 \u00a0 \u00a0 \u00a0 \u00a0 \u00a0 \u00a0 \u00a0 \u00a0 \u00a0 \u00a0\u00a0\u00a0\u00a0\u00a0\u00a0\u00a0\u00a0\u00a0\u00a0\u00a0\u00a0\u00a0\u00a0\u00a0 \u00a0JAVIER ZAPATA ORTIZ \u00a0\u00a0<\/p>\n<p>NUBIA YOLANDA NOVA GARC\u00cdA \u00a0<\/p>\n<p>Secretaria. \u00a0<\/p>\n<p>\u00a0 \u00a0\u00a0<\/p>\n<p>1 \u00a0Cuaderno original No. 8, folio 125 \u00a0\u00a0<\/p>\n<p>2 \u00a0Cuaderno segunda instancia, folio 33. \u00a0\u00a0<\/p>\n<p>3 \u00a0Cuaderno original No.12, folio 216. \u00a0\u00a0<\/p>\n<p>4 \u00a0Cuaderno original No. 13, folio 75 \u00a0\u00a0<\/p>\n<p>5 Sobre \u00a0la \u00a0oportunidad \u00a0para declarar la prescripci\u00f3n de la acci\u00f3n penal, en autos de \u00a0casaci\u00f3n \u00a0de \u00a013 de marzo y 9 de abril de 2008, radicaciones No. 29238 y 29466; \u00a0y \u00a09 \u00a0de junio de 2010, radicaci\u00f3n No. 32612, entre otros, esta Corporaci\u00f3n ha \u00a0expuesto: \u00a0\u201cEn relaci\u00f3n con la prescripci\u00f3n de la \u00a0acci\u00f3n \u00a0penal \u00a0cuando \u00a0ella \u00a0se \u00a0presenta \u00a0con \u00a0posterioridad a la sentencia de \u00a0segundo \u00a0grado, \u00a0o \u00a0antes \u00a0en \u00a0los \u00a0eventos de simple constataci\u00f3n objetiva, la \u00a0jurisprudencia \u00a0de \u00a0la \u00a0Sala \u00a0tiene \u00a0definido que su declaraci\u00f3n corresponde al \u00a0juez \u00a0de \u00a0segunda \u00a0instancia \u00a0o a esta Corporaci\u00f3n, cuando aqu\u00e9l pasa por alto \u00a0tal situaci\u00f3n.\u201d \u00a0\u00a0<\/p>\n<p>6 \u00a0\u201cArt\u00edculo \u00a0 327. \u00a0 Enriquecimiento \u00a0il\u00edcito \u00a0de \u00a0particulares. \u00a0El \u00a0que de manera directa o por interpuesta persona obtenga, para \u00a0s\u00ed \u00a0o \u00a0para otro, incremento patrimonial no justificado, derivado en una u otra \u00a0forma \u00a0de \u00a0actividades delictivas incurrir\u00e1, por esa sola conducta, en prisi\u00f3n \u00a0de \u00a0seis \u00a0(6) \u00a0a \u00a0diez (10) a\u00f1os y multa correspondiente al doble del valor del \u00a0incremento \u00a0il\u00edcito \u00a0logrado, \u00a0sin \u00a0que \u00a0supere \u00a0el equivalente a cincuenta mil \u00a0(50.000) salarios m\u00ednimos legales mensuales vigentes.\u201d \u00a0 \u00a0\u00a0<\/p>\n<p><\/p>\n","protected":false},"excerpt":{"rendered":"<p>CORTE SUPREMA DE JUSTICIA \u00a0 SALA DE CASACI\u00d3N PENAL \u00a0 \u00a0 \u00a0\u00a0 \u00a0\u00a0 \u00a0\u00a0Magistrado Ponente: \u00a0\u00a0 \u00a0 \u00a0\u00a0 \u00a0\u00a0 \u00a0\u00a0JAVIER ZAPATA ORTIZ \u00a0\u00a0 \u00a0 \u00a0\u00a0 \u00a0\u00a0 \u00a0\u00a0Aprobado Acta No. 302 \u00a0\u00a0 Bogot\u00e1 D. C., once (11) de septiembre de dos \u00a0mil trece (2013). \u00a0\u00a0 \u00a0 VISTOS \u00a0 Deber\u00eda la Sala calificar el aspecto formal \u00a0de [&hellip;]<\/p>\n","protected":false},"author":1,"featured_media":0,"comment_status":"open","ping_status":"open","sticky":false,"template":"","format":"standard","meta":{"footnotes":""},"categories":[21],"tags":[],"class_list":["post-27350","post","type-post","status-publish","format-standard","hentry","category-21"],"_links":{"self":[{"href":"https:\/\/dmsjuridica.com\/buscador_20179478954\/salapenalcronologico20230723\/wp-json\/wp\/v2\/posts\/27350","targetHints":{"allow":["GET"]}}],"collection":[{"href":"https:\/\/dmsjuridica.com\/buscador_20179478954\/salapenalcronologico20230723\/wp-json\/wp\/v2\/posts"}],"about":[{"href":"https:\/\/dmsjuridica.com\/buscador_20179478954\/salapenalcronologico20230723\/wp-json\/wp\/v2\/types\/post"}],"author":[{"embeddable":true,"href":"https:\/\/dmsjuridica.com\/buscador_20179478954\/salapenalcronologico20230723\/wp-json\/wp\/v2\/users\/1"}],"replies":[{"embeddable":true,"href":"https:\/\/dmsjuridica.com\/buscador_20179478954\/salapenalcronologico20230723\/wp-json\/wp\/v2\/comments?post=27350"}],"version-history":[{"count":0,"href":"https:\/\/dmsjuridica.com\/buscador_20179478954\/salapenalcronologico20230723\/wp-json\/wp\/v2\/posts\/27350\/revisions"}],"wp:attachment":[{"href":"https:\/\/dmsjuridica.com\/buscador_20179478954\/salapenalcronologico20230723\/wp-json\/wp\/v2\/media?parent=27350"}],"wp:term":[{"taxonomy":"category","embeddable":true,"href":"https:\/\/dmsjuridica.com\/buscador_20179478954\/salapenalcronologico20230723\/wp-json\/wp\/v2\/categories?post=27350"},{"taxonomy":"post_tag","embeddable":true,"href":"https:\/\/dmsjuridica.com\/buscador_20179478954\/salapenalcronologico20230723\/wp-json\/wp\/v2\/tags?post=27350"}],"curies":[{"name":"wp","href":"https:\/\/api.w.org\/{rel}","templated":true}]}}