{"id":27318,"date":"2023-09-12T19:54:23","date_gmt":"2023-09-12T19:54:23","guid":{"rendered":"https:\/\/dmsjuridica.com\/buscador_20179478954\/salapenalcronologico20230723\/2023\/09\/12\/4197611-12-13\/"},"modified":"2023-09-12T19:54:23","modified_gmt":"2023-09-12T19:54:23","slug":"4197611-12-13","status":"publish","type":"post","link":"https:\/\/dmsjuridica.com\/buscador_20179478954\/salapenalcronologico20230723\/2023\/09\/12\/4197611-12-13\/","title":{"rendered":"41976(11-12-13)"},"content":{"rendered":"\n<p>\u00a0 \u00a0 \u00a0\u00a0<\/p>\n<p>CORTE SUPREMA DE JUSTICIA \u00a0<\/p>\n<p>SALA DE CASACI\u00d3N PENAL \u00a0<\/p>\n<p>Magistrado Ponente \u00a0<\/p>\n<p>JOS\u00c9 LEONIDAS BUSTOS MART\u00cdNEZ \u00a0<\/p>\n<p>Aprobado acta n\u00famero 419 \u00a0<\/p>\n<p>Bogot\u00e1, \u00a0D.C., \u00a0once de diciembre de dos mil \u00a0trece. \u00a0\u00a0<\/p>\n<p>Como \u00a0quiera que el defensor de MILTON YECIBT \u00a0PEREA \u00a0MOSQUERA, \u00a0acusado \u00a0por \u00a0prevaricato por acci\u00f3n en concurso con peculado \u00a0por \u00a0apropiaci\u00f3n a favor de terceros, interpuso recurso de apelaci\u00f3n en contra \u00a0de \u00a0la \u00a0sentencia \u00a0condenatoria \u00a0proferida por el Tribunal Superior del Distrito \u00a0Judicial \u00a0de \u00a0Quibd\u00f3 \u00a0el \u00a08 \u00a0de abril del a\u00f1o que avanza; esta Corporaci\u00f3n se \u00a0encuentra \u00a0tramitando \u00a0dicha impugnaci\u00f3n, habi\u00e9ndose ya registrado proyecto de \u00a0fallo. \u00a0\u00a0<\/p>\n<p>Sin embargo, mediante informe secretarial que \u00a0antecede, \u00a0por \u00a0medio del cual se pone a disposici\u00f3n de la Sala el registro \u00a0de \u00a0defunci\u00f3n \u00a0del procesado, se \u00a0hace \u00a0imposible \u00a0continuar \u00a0con \u00a0el \u00a0ejercicio \u00a0de la acci\u00f3n penal, y por tanto \u00a0surge \u00a0imperativo decretar la preclusi\u00f3n, por haber operado una causal objetiva \u00a0de \u00a0la extinci\u00f3n de la acci\u00f3n penal, seg\u00fan lo dispuesto en el numeral 1\u00ba del \u00a0art\u00edculo \u00a082 del C\u00f3digo Penal y 1\u00ba del canon 332 de la Ley 906 de 2004.\u00a0 \u00a0\u00a0<\/p>\n<p>En consecuencia, se decreta la preclusi\u00f3n del \u00a0procedimiento \u00a0de \u00a0la \u00a0referencia, \u00a0adelantado \u00a0en contra de MILTON YECIBT PEREA \u00a0MOSQUERA y se ordena el archivo de la actuaci\u00f3n. \u00a0\u00a0<\/p>\n<p>Devu\u00e9lvase \u00a0el \u00a0proceso \u00a0al \u00a0tribunal \u00a0del \u00a0origen. \u00a0\u00a0<\/p>\n<p>C\u00famplase. \u00a0<\/p>\n<p>JOS\u00c9 LEONIDAS BUSTOS MART\u00cdNEZ \u00a0<\/p>\n<p>JOS\u00c9 \u00a0 \u00a0 \u00a0 \u00a0LUIS \u00a0 \u00a0 \u00a0 \u00a0BARCEL\u00d3 \u00a0CAMACHO\u00a0\u00a0\u00a0\u00a0\u00a0\u00a0\u00a0\u00a0\u00a0\u00a0\u00a0\u00a0 \u00a0FERNANDO ALBERTO CASTRO CABALLERO\u00a0\u00a0\u00a0 \u00a0\u00a0<\/p>\n<p>\u00a0\u00a0\u00a0\u00a0\u00a0\u00a0\u00a0\u00a0\u00a0 EUGENIO FERN\u00c1NDEZ \u00a0CARLIER\u00a0\u00a0\u00a0\u00a0\u00a0\u00a0\u00a0\u00a0\u00a0\u00a0\u00a0\u00a0\u00a0\u00a0\u00a0\u00a0\u00a0\u00a0\u00a0\u00a0\u00a0\u00a0\u00a0\u00a0\u00a0\u00a0\u00a0\u00a0\u00a0\u00a0\u00a0\u00a0\u00a0 \u00a0MAR\u00cdA DEL ROSARIO GONZ\u00c1LEZ MU\u00d1OZ\u00a0 \u00a0\u00a0<\/p>\n<p>\u00a0 \u00a0GUSTAVO \u00a0ENRIQUE \u00a0 \u00a0 \u00a0 \u00a0 \u00a0 \u00a0 \u00a0 \u00a0 \u00a0 \u00a0 \u00a0 \u00a0MALO \u00a0 \u00a0 \u00a0 \u00a0 \u00a0 \u00a0 \u00a0 \u00a0 \u00a0 \u00a0 \u00a0 FERN\u00c1NDEZ\u00a0\u00a0\u00a0\u00a0\u00a0\u00a0\u00a0\u00a0\u00a0\u00a0\u00a0\u00a0\u00a0\u00a0\u00a0\u00a0\u00a0\u00a0\u00a0\u00a0\u00a0\u00a0\u00a0\u00a0\u00a0\u00a0\u00a0\u00a0\u00a0\u00a0\u00a0\u00a0\u00a0\u00a0\u00a0 \u00a0 EYDER \u00a0PATI\u00d1O \u00a0 CABRERA\u00a0\u00a0\u00a0\u00a0\u00a0\u00a0 \u00a0\u00a0<\/p>\n<p>LUIS GUILLERMO SALAZAR OTERO \u00a0<\/p>\n<p>NUBIA YOLANDA NOVA GARC\u00cdA \u00a0<\/p>\n<p>Secretaria \u00a0<\/p>\n<p>\u00a0 \u00a0\u00a0<\/p>\n<p><\/p>\n","protected":false},"excerpt":{"rendered":"<p>\u00a0 \u00a0 \u00a0\u00a0 CORTE SUPREMA DE JUSTICIA \u00a0 SALA DE CASACI\u00d3N PENAL \u00a0 Magistrado Ponente \u00a0 JOS\u00c9 LEONIDAS BUSTOS MART\u00cdNEZ \u00a0 Aprobado acta n\u00famero 419 \u00a0 Bogot\u00e1, \u00a0D.C., \u00a0once de diciembre de dos mil \u00a0trece. \u00a0\u00a0 Como \u00a0quiera que el defensor de MILTON YECIBT \u00a0PEREA \u00a0MOSQUERA, \u00a0acusado \u00a0por \u00a0prevaricato por acci\u00f3n en concurso con peculado [&hellip;]<\/p>\n","protected":false},"author":1,"featured_media":0,"comment_status":"open","ping_status":"open","sticky":false,"template":"","format":"standard","meta":{"footnotes":""},"categories":[21],"tags":[],"class_list":["post-27318","post","type-post","status-publish","format-standard","hentry","category-21"],"_links":{"self":[{"href":"https:\/\/dmsjuridica.com\/buscador_20179478954\/salapenalcronologico20230723\/wp-json\/wp\/v2\/posts\/27318","targetHints":{"allow":["GET"]}}],"collection":[{"href":"https:\/\/dmsjuridica.com\/buscador_20179478954\/salapenalcronologico20230723\/wp-json\/wp\/v2\/posts"}],"about":[{"href":"https:\/\/dmsjuridica.com\/buscador_20179478954\/salapenalcronologico20230723\/wp-json\/wp\/v2\/types\/post"}],"author":[{"embeddable":true,"href":"https:\/\/dmsjuridica.com\/buscador_20179478954\/salapenalcronologico20230723\/wp-json\/wp\/v2\/users\/1"}],"replies":[{"embeddable":true,"href":"https:\/\/dmsjuridica.com\/buscador_20179478954\/salapenalcronologico20230723\/wp-json\/wp\/v2\/comments?post=27318"}],"version-history":[{"count":0,"href":"https:\/\/dmsjuridica.com\/buscador_20179478954\/salapenalcronologico20230723\/wp-json\/wp\/v2\/posts\/27318\/revisions"}],"wp:attachment":[{"href":"https:\/\/dmsjuridica.com\/buscador_20179478954\/salapenalcronologico20230723\/wp-json\/wp\/v2\/media?parent=27318"}],"wp:term":[{"taxonomy":"category","embeddable":true,"href":"https:\/\/dmsjuridica.com\/buscador_20179478954\/salapenalcronologico20230723\/wp-json\/wp\/v2\/categories?post=27318"},{"taxonomy":"post_tag","embeddable":true,"href":"https:\/\/dmsjuridica.com\/buscador_20179478954\/salapenalcronologico20230723\/wp-json\/wp\/v2\/tags?post=27318"}],"curies":[{"name":"wp","href":"https:\/\/api.w.org\/{rel}","templated":true}]}}