{"id":27289,"date":"2023-09-12T19:54:21","date_gmt":"2023-09-12T19:54:21","guid":{"rendered":"https:\/\/dmsjuridica.com\/buscador_20179478954\/salapenalcronologico20230723\/2023\/09\/12\/4193205-08-13\/"},"modified":"2023-09-12T19:54:21","modified_gmt":"2023-09-12T19:54:21","slug":"4193205-08-13","status":"publish","type":"post","link":"https:\/\/dmsjuridica.com\/buscador_20179478954\/salapenalcronologico20230723\/2023\/09\/12\/4193205-08-13\/","title":{"rendered":"41932(05-08-13)"},"content":{"rendered":"\n<p>\u00a0 \u00a0 CORTE SUPREMA DE JUSTICIA \u00a0<\/p>\n<p>SALA DE CASACI\u00d3N PENAL \u00a0<\/p>\n<p>Magistrado \u00a0Ponente \u00a0\u00a0<\/p>\n<p>JAVIER \u00a0 \u00a0ZAPATA \u00a0ORTIZ \u00a0\u00a0<\/p>\n<p>Aprobada \u00a0acta \u00a0n\u00famero \u00a0252 \u00a0\u00a0<\/p>\n<p>Bogot\u00e1 \u00a0D.C., cinco (5) de agosto de dos mil \u00a0trece (2013). \u00a0\u00a0<\/p>\n<p>VISTOS \u00a0<\/p>\n<p>Decide \u00a0de \u00a0plano \u00a0la \u00a0Corte la solicitud de \u00a0cambio \u00a0de \u00a0radicaci\u00f3n \u00a0a \u00a0otro \u00a0Distrito \u00a0Judicial \u00a0del \u00a0proceso surtido en el \u00a0Juzgado \u00a0Penal \u00a0del Circuito Especializado de Barranquilla, contra Hugo Humberto \u00a0Garc\u00eda \u00a0 Lugo, \u00a0Jackeline \u00a0V\u00e1squez \u00a0Bossio, \u00a0William \u00a0Rafael \u00a0Ospino \u00a0M\u00e9ndez, \u00a0Robinson \u00a0Antonio \u00a0Feris \u00a0T\u00e1mara, \u00a0Jos\u00e9 \u00a0Luis Palomino Pedroso, Alfredo Manuel \u00a0Jos\u00e9 \u00a0Miranda \u00a0Caballero, \u00a0F\u00e9lix \u00a0Antonio \u00a0Navarro \u00a0Narv\u00e1ez, \u00a0Rafael \u00a0Antonio \u00a0Padilla \u00a0 Jim\u00e9nez, \u00a0Jos\u00e9 \u00a0Luis \u00a0Guerra \u00a0Monterrosa, \u00a0Marcos \u00a0Mercado \u00a0Mercado, \u00a0Robinson \u00a0Caballero \u00a0Tovar, \u00a0Juan \u00a0Jes\u00fas \u00a0Ortiz \u00a0Herrera, \u00a0Jos\u00e9 Emilio Negrete \u00a0Rinc\u00f3n, \u00a0 Alex \u00a0Manuel \u00a0Travesedo \u00a0Caballero \u00a0por \u00a0el \u00a0delito \u00a0de \u00a0concierto \u00a0 para \u00a0 delinquir \u00a0agravado \u00a0en \u00a0concurso homog\u00e9neo.\u00a0 \u00a0\u00a0<\/p>\n<p>HECHOS \u00a0 Y \u00a0ACTUACI\u00d3N \u00a0PROCESAL \u00a0\u00a0<\/p>\n<p>El \u00a09 \u00a0de \u00a0agosto \u00a0de \u00a02012, \u00a0dos \u00a0personas \u00a0formularon \u00a0denuncia \u00a0ante el cuerpo t\u00e9cnico de investigaci\u00f3n de la Fiscal\u00eda, \u00a0en la cual informaron: \u00a0\u00a0<\/p>\n<p>\u201c\u2026Tienen \u00a0una \u00a0serie \u00a0de informaciones y \u00a0elementos \u00a0materiales \u00a0probatorios y\/o evidencia f\u00edsica que permitir\u00edan lograr \u00a0el \u00a0esclarecimiento \u00a0de una serie de conductas punibles que vienen realizando de \u00a0manera \u00a0 sistem\u00e1tica \u00a0 en \u00a0 el \u00a0 \u00e1rea \u00a0 metropolitana \u00a0 de \u00a0Barranquilla, \u00a0una \u00a0organizaci\u00f3n criminal llamada \u201clos Paisas\u201d \u00a0\u00a0<\/p>\n<p>Seg\u00fan entrevista informal realizada con los \u00a0mencionados, \u00a0la \u00a0banda delincuencial \u201clos Paisas\u201d tiene como cabecilla para \u00a0el \u00a0sector \u00a0sur \u00a0occidental \u00a0del \u00a0\u00e1rea \u00a0metropolitana \u00a0de \u00a0Barranquilla a alias \u00a0\u201cElias\u201d, \u00a0quien \u00a0se \u00a0le encarg\u00f3 de reclutar j\u00f3venes de ese sector para que \u00a0hagan \u00a0parte \u00a0de \u00a0esa organizaci\u00f3n criminal, tambi\u00e9n es el encargo de realizar \u00a0reuniones \u00a0 de \u00a0 manera \u00a0 peri\u00f3dica \u00a0donde \u00a0ordena \u00a0y \u00a0asigna \u00a0las \u00a0actividades \u00a0delincuenciales \u00a0que \u00a0se \u00a0deban llevar a cabo, tales como homicidios selectivos, \u00a0extorsiones, \u00a0tr\u00e1fico \u00a0de \u00a0estupefacientes, \u00a0hurto \u00a0a \u00a0personas en la modalidad \u00a0llamada \u00a0de \u00a0fleteo, \u00a0hurto \u00a0de \u00a0motocicletas, \u00a0entres otras y tambi\u00e9n es quien \u00a0suministra \u00a0armamento \u00a0como rev\u00f3lveres y pistolas, medios de comunicaci\u00f3n y de \u00a0movilizaci\u00f3n, a quienes les asigna tales actividades. \u00a0\u00a0<\/p>\n<p>Mencion\u00f3 \u00a0adem\u00e1s \u00a0la \u00a0fuente \u00a0que \u00a0tiene \u00a0conocimiento \u00a0 de \u00a0 manera \u00a0 directa \u00a0que \u00a0alias \u00a0\u201cElias\u201d \u00a0cabecilla \u00a0de \u00a0la \u00a0organizaci\u00f3n \u00a0criminal \u00a0los \u201cPaisas\u201d tambi\u00e9n manifest\u00f3 tener conocimiento \u00a0sobre \u00a0extorsiones, \u00a0hurtos \u00a0en la modalidad de fleteo, hurtos a motocicleta que \u00a0han sido ordenadas y ejecutadas por esta organizaci\u00f3n criminal. \u00a0\u00a0<\/p>\n<p>As\u00ed \u00a0mismo \u00a0manifest\u00f3 \u00a0esta fuente que los \u00a0integrantes \u00a0que \u00a0conocen \u00a0de \u00a0esta organizaci\u00f3n delincuencial quienes ejecutan \u00a0las \u00a0conducta \u00a0punibles \u00a0descritas \u00a0anteriormente, ordenadas por alias Elias son \u00a0los \u00a0siguientes: \u00a0Alias \u00a0la \u00a0mujer \u00a0de elias, alias Yeison o Mini, alias guillo, \u00a0alias \u00a0Jos\u00e9, \u00a0alias \u00a0el Venezolano, Alias el Tayson, alias el Chato. \u00a0\u00a0<\/p>\n<p>Con la investigaci\u00f3n se concret\u00f3 la zona de \u00a0influencia \u00a0de \u00a0esta \u00a0organizaci\u00f3n \u00a0criminal \u00a0denominada los \u201cocho ocho\u201d al \u00a0parecer \u00a0sub \u00a0estructura \u00a0de \u00a0la \u00a0BACRIM \u00a0\u201cLos \u00a0Paisas\u201d \u00a0, \u00a0al \u00a0respecto \u00a0se \u00a0estableci\u00f3 en el escrito de acusaci\u00f3n: \u00a0\u00a0<\/p>\n<p>\u201cLos \u00a0hechos \u00a0sucedieron en el distrito de \u00a0Barranquilla, \u00a0m\u00e1s \u00a0exactamente \u00a0en los barrios villa San Pedro I, II y III, el \u00a0bosque, \u00a0San Luis, La Ciudadela, las Malvinas, la Gloria, Boston, San Jos\u00e9, Los \u00a0Olivos, \u00a0La Paz, El Pueblito entre otros desde el a\u00f1o 2010 hasta la fecha de su \u00a0captura. \u00a0\u00a0<\/p>\n<p>Los \u00a0se\u00f1ores \u00a0Hugo \u00a0Humberto \u00a0Garc\u00eda Lugo, \u00a0alias \u00a0\u201cel \u00a0Tayson\u201d, \u00a0Robinson \u00a0Caballero \u00a0Tovar \u00a0alias Cara de Lobo, Rafael \u00a0Antonio \u00a0Padilla \u00a0Jim\u00e9nez, \u00a0alias \u00a0\u201cChinchirito\u201d, Juan Jes\u00fas Ortiz Herrera \u00a0alias \u00a0Juanchito, \u00a0Jos\u00e9 \u00a0Emilio \u00a0Negrete \u00a0Rinc\u00f3n \u00a0alias \u00a0Polinchao o Polichen, \u00a0Alfredo \u00a0Manuel Miranda Caballero alias el Pay, Jakelin V\u00e1squez Bossio alias la \u00a0China \u00a0o la mujer de Elias, Jos\u00e9 Luis Guerra Monterrosa alias risitas o guerra, \u00a0Marcos \u00a0Mercado \u00a0Mercado \u00a0alias \u00a0el \u00a0Pri, \u00a0F\u00e9lix \u00a0Antonio Navarro Morales alias \u00a0Mister \u00a0Black \u00a0o \u00a0Caciani, \u00a0Robinson \u00a0Antonio \u00a0Feris \u00a0T\u00e1mara alias Palomino, se \u00a0concertaron \u00a0con \u00a0el \u00a0fin \u00a0de \u00a0cometer \u00a0delitos \u00a0como son homicidios selectivos, \u00a0amenazas, \u00a0extorsiones, \u00a0tr\u00e1fico de estupefacientes, hurto a las personas en la \u00a0modalidad \u00a0 fleteo \u00a0y \u00a0hurto \u00a0de \u00a0motocicletas.\u00a0 \u00a0\u00a0<\/p>\n<p>El 22 de enero de 2013, la Fiscal\u00eda captur\u00f3 \u00a0a \u00a0Hugo \u00a0Humberto Garc\u00eda Lugo, Jackeline V\u00e1squez Bossio, William Rafael Ospino \u00a0M\u00e9ndez, \u00a0Robinson \u00a0Antonio \u00a0Feris T\u00e1mara, Jos\u00e9 Luis Palomino Pedroso, Alfredo \u00a0Manuel \u00a0Jos\u00e9 Miranda Caballero, F\u00e9lix Antonio Navarro Narv\u00e1ez, Rafael Antonio \u00a0Padilla \u00a0 Jim\u00e9nez, \u00a0Jos\u00e9 \u00a0Luis \u00a0Guerra \u00a0Monterrosa, \u00a0Marcos \u00a0Mercado \u00a0Mercado, \u00a0Robinson \u00a0Caballero \u00a0Tovar, \u00a0Juan \u00a0Jes\u00fas \u00a0Ortiz \u00a0Herrera, \u00a0Jos\u00e9 Emilio Negrete \u00a0Rinc\u00f3n, \u00a0Alex \u00a0Manuel \u00a0Travesedo \u00a0Caballero \u00a0por \u00a0el \u00a0delito \u00a0de concierto para \u00a0delinquir \u00a0agravado, \u00a0y \u00a0ese \u00a0mismo \u00a0d\u00eda \u00a0se les legaliz\u00f3 su captura, formul\u00f3 \u00a0imputaci\u00f3n \u00a0e \u00a0impuso \u00a0medida \u00a0de \u00a0aseguramiento en establecimiento carcelario. \u00a0\u00a0<\/p>\n<p>El 22 de mayo de 2013, la Fiscal\u00eda Cuarenta \u00a0y \u00a0Ocho \u00a0de \u00a0la \u00a0Unidad \u00a0Nacional \u00a0contra \u00a0bandas \u00a0emergentes radic\u00f3 escrito de \u00a0acusaci\u00f3n \u00a0contra \u00a0los \u00a0imputados \u00a0por \u00a0el \u00a0delito \u00a0de concierto para delinquir \u00a0agravado \u00a0en \u00a0concurso \u00a0homog\u00e9neo conforme la descripci\u00f3n t\u00edpica contenida en \u00a0el \u00a0art\u00edculo \u00a0340, \u00a0inciso 2\u00ba del C\u00f3digo Penal, correspondi\u00e9ndole al Juzgado \u00a0\u00danico Penal del Circuito Especializado de Barranquilla. \u00a0\u00a0<\/p>\n<p>El \u00a0 19 \u00a0 de \u00a0 julio \u00a0 de \u00a02013, \u00a0el \u00a0Juez \u00a0especializado, \u00a0solicit\u00f3 \u00a0el \u00a0cambio \u00a0de \u00a0radicaci\u00f3n \u00a0con \u00a0fundamento \u00a0en \u00a0los \u00a0art\u00edculos \u00a046, \u00a047 \u00a0y \u00a048 del C\u00f3digo de Procedimiento Penal, bajo el argumento \u00a0que \u00a0las v\u00edctimas y los testigos de la Fiscal\u00eda General de la Naci\u00f3n debieron \u00a0ser \u00a0reubicados \u00a0por \u00a0la \u00a0oficina \u00a0de \u00a0protecci\u00f3n \u00a0y \u00a0asistencia \u00a0a v\u00edctimas y \u00a0testigos \u00a0de \u00a0esa \u00a0instituci\u00f3n, \u00a0porque al\u00a0 rendir entrevista dentro de la \u00a0investigaci\u00f3n \u00a0y \u00a0relacionarlos \u00a0en \u00a0la \u00a0audiencia \u00a0de \u00a0solicitud \u00a0de medida de \u00a0aseguramiento, \u00a0han \u00a0sido \u00a0objeto \u00a0de \u00a0amenazas \u00a0de \u00a0muerte, \u00a0y uno de ellos fue \u00a0agredido con proyectil de arma de fuego. \u00a0\u00a0<\/p>\n<p>Por tal raz\u00f3n, para garantizar la integridad \u00a0de \u00a0los \u00a0dem\u00e1s testigos como de los servidores p\u00fablicos solicit\u00f3 el cambio de \u00a0radicaci\u00f3n. \u00a0\u00a0<\/p>\n<p>Se \u00a0apoya, \u00a0igualmente, \u00a0en \u00a0los precedentes \u00a0jurisprudenciales \u00a0contenidos \u00a0en \u00a0los autos del 20 de febrero de 2013, radicado \u00a0No. \u00a040.696; \u00a021 \u00a0de \u00a0noviembre \u00a0de 2011, radicado No. 37.886; 1\u00ba de febrero de \u00a02012, \u00a0radicado \u00a0No. \u00a038.157; 22 de febrero de 2012, radicado No. 38.301; y 8 de \u00a0octubre \u00a0de \u00a02012, \u00a0radicado No.40.038, en todos los cuales se dispuso el cambio \u00a0de \u00a0radicaci\u00f3n \u00a0de \u00a0los \u00a0procesos \u00a0contra \u00a0otros \u00a0integrantes \u00a0de \u00a0las llamadas \u00a0BACRIM.\u00a0\u00a0\u00a0\u00a0 \u00a0\u00a0<\/p>\n<p>CONSIDERACIONES DE LA CORTE \u00a0<\/p>\n<p>Conforme con el numeral 8\u00ba del art\u00edculo 32 \u00a0de la Ley 906 de 2004, la Sala es competente para resolver. \u00a0\u00a0<\/p>\n<p>Del \u00a0escrito \u00a0de acusaci\u00f3n se evidencia que \u00a0los \u00a0potenciales \u00a0testigos \u00a0de \u00a0cargo \u00a0como \u00a0las \u00a0v\u00edctimas han sido amenazados, \u00a0aseveraci\u00f3n \u00a0 extra\u00edda \u00a0 del \u00a0oficio \u00a00125-UNBE\/D \u00a0-48, \u00a0del \u00a09 \u00a0de \u00a0julio \u00a0de \u00a020131 \u00a0signado \u00a0por \u00a0el \u00a0Fiscal \u00a048 \u00a0Delegado ante los Jueces Penales del \u00a0Circuito Especializado en\u00a0 el cual inform\u00f3: \u00a0\u00a0<\/p>\n<p>\u00a0 \u00a0\u00a0 \u00a0\u00a0 \u00a0\u00a0\u201c\u2026que \u00a0a \u00a0la \u00a0v\u00edctima \u00a0dentro del proceso con radicaci\u00f3n SPOA \u00a000800-60-00000-2013-00088-00 \u00a0 AMED \u00a0 TERNERA \u00a0AVILA \u00a0(sic), \u00a0 \u00a0no \u00a0podr\u00e1 \u00a0asistir \u00a0a \u00a0la audiencia programada para el d\u00eda 1\u00ba de \u00a0agosto \u00a0de \u00a02013 \u00a0a \u00a0las \u00a010:00 \u00a0horas \u00a0debido \u00a0a \u00a0que \u00a0el \u00a0(sic) \u00a0y \u00a0su hermano \u00a0MEJER TERNERA AVILA, fueron \u00a0reubicados \u00a0a \u00a0otra ciudad por parte de la Oficina de Protecci\u00f3n y Asistencia a \u00a0V\u00edctimas \u00a0y \u00a0Testigos \u00a0de \u00a0la Fiscal\u00eda General de la Naci\u00f3n, ya que al rendir \u00a0entrevistas \u00a0dentro \u00a0de \u00a0la \u00a0investigaci\u00f3n \u00a0y \u00a0relacionarlas en la audiencia de \u00a0solicitud \u00a0de Medida de Aseguramiento, han sido v\u00edctimas de amenazas de muerte, \u00a0el \u00a0 primero \u00a0 de \u00a0 ellos \u00a0AMED \u00a0TERNERA, fue agredido con proyectil de arma de fuego. \u00a0\u00a0<\/p>\n<p>\u00a0 \u00a0\u00a0 \u00a0\u00a0 \u00a0(\u2026) \u00a0\u00a0<\/p>\n<p>\u00a0 \u00a0\u00a0 \u00a0\u00a0 \u00a0Anexo \u00a0en \u00a0el mismo sentido, oficio SIJIN-GIVDI-29 de fecha julio 8 \u00a0de \u00a02013 \u00a0signado \u00a0por \u00a0el \u00a0patrullero \u00a0LOG ROGER VARON GAITAN polic\u00eda Judicial \u00a0SIJIN-MEBAR \u00a0en \u00a0la \u00a0que \u00a0informa \u00a0que la se\u00f1ora FANY \u00a0ESTHER \u00a0TERNERA \u00a0AVILA, fue notificada de la audiencia \u00a0pero \u00a0al \u00a0esta \u00a0en los tr\u00e1mites de protecci\u00f3n y el de su familia no es posible \u00a0asistir, \u00a0en \u00a0cuanto \u00a0a sus hijos Meyer y Amed Ternera, se\u00f1al\u00f3 que salieron de \u00a0la \u00a0ciudad porque fueron amenazados por el jefe de la banda criminal Los \u201cocho \u00a0ocho\u201d Elias Negrete Rinc\u00f3n, al\u00edas \u201cEl Canario\u201d \u00a0\u00a0<\/p>\n<p>La \u00a0Corporaci\u00f3n desde el 13 de diciembre de \u00a02005, \u00a0consider\u00f3 que pese a que la norma que regula el cambio de radicaci\u00f3n no \u00a0incluye \u00a0expresamente \u00a0la \u00a0seguridad \u00a0o integridad de los testigos, se impone su \u00a0salvaguarda, por las razones que explic\u00f3 de la siguiente manera: \u00a0\u00a0<\/p>\n<p>\u201cAdem\u00e1s, como lo ha definido la Corte, no \u00a0est\u00e1 \u00a0previsto \u00a0el cambio de radicaci\u00f3n sino por las causales que establece la \u00a0ley2. \u00a0\u00a0<\/p>\n<p>Y aunque en principio no se consagra, por lo \u00a0menos \u00a0 de \u00a0 manera \u00a0 expresa, \u00a0para \u00a0proteger \u00a0la \u00a0seguridad \u00a0de \u00a0los \u00a0testigos \u00a0pues, \u00a0\u00a0<\/p>\n<p>[l]os factores de seguridad o de protecci\u00f3n \u00a0a \u00a0la integridad personal, como motivo para variar la radicaci\u00f3n de un proceso, \u00a0se \u00a0encuentran \u00a0exclusivamente \u00a0referidos \u00a0al sindicado y s\u00f3lo para cuando ello \u00a0pueda \u00a0afectar \u00a0las \u00a0garant\u00edas \u00a0procesales \u00a0que \u00a0le \u00a0son inherentes3, \u00a0\u00a0<\/p>\n<p>no \u00a0hay duda que facilitar la participaci\u00f3n \u00a0de \u00a0los \u00a0testigos \u00a0en \u00a0un \u00a0proceso \u00a0significa defender los altos intereses de la \u00a0justicia, \u00a0en lo que igualmente est\u00e1 involucrado el inter\u00e9s p\u00fablico, como que \u00a0garantizar \u00a0 esa \u00a0 intervenci\u00f3n \u00a0 fortalece \u00a0el \u00a0adecuado \u00a0juzgamiento \u00a0de \u00a0los \u00a0ciudadanos.\u201d4 \u00a0\u00a0<\/p>\n<p>Dicha postura no s\u00f3lo fue reiterada en auto \u00a0del \u00a024 \u00a0de \u00a0noviembre \u00a0de \u00a02010, radicado No. 35.072, sino que sirvi\u00f3 de norte \u00a0para \u00a0ordenar \u00a0el \u00a0cambio de radicaci\u00f3n dentro del radicado No. 37.886, que por \u00a0los \u00a0mismos \u00a0hechos cursa contra otra fracci\u00f3n de integrantes de la agrupaci\u00f3n \u00a0criminal conocida como \u201cLos Rastrojos\u201d. \u00a0\u00a0<\/p>\n<p>De acuerdo con lo precedente y atendiendo el \u00a0oficio \u00a0del \u00a09 \u00a0de julio de 2013, No 0125-UNBE\/D, el Fiscal 48 delegado ante las \u00a0Jueces \u00a0 Penales \u00a0 del \u00a0Circuito \u00a0Especializado \u00a0acredit\u00f3 \u00a0que \u00a0varios \u00a0de \u00a0sus \u00a0potenciales \u00a0 testigos \u00a0 como \u00a0v\u00edctimas \u00a0fueron \u00a0intimidadas \u00a0despu\u00e9s \u00a0de \u00a0ser \u00a0relacionadas \u00a0en \u00a0la audiencia de solicitud de medida de aseguramiento en contra \u00a0de \u00a0Hugo Humberto Garc\u00eda Lugo, Jackeline V\u00e1squez Bossio, William Rafael Ospino \u00a0M\u00e9ndez, \u00a0Robinson \u00a0Antonio \u00a0Feris T\u00e1mara, Jos\u00e9 Luis Palomino Pedroso, Alfredo \u00a0Manuel \u00a0Jos\u00e9 Miranda Caballero, F\u00e9lix Antonio Navarro Narv\u00e1ez, Rafael Antonio \u00a0Padilla \u00a0 Jim\u00e9nez, \u00a0Jos\u00e9 \u00a0Luis \u00a0Guerra \u00a0Monterrosa, \u00a0Marcos \u00a0Mercado \u00a0Mercado, \u00a0Robinson \u00a0Caballero \u00a0Tovar, \u00a0Juan \u00a0Jes\u00fas \u00a0Ortiz \u00a0Herrera, \u00a0Jos\u00e9 Emilio Negrete \u00a0Rinc\u00f3n, \u00a0Alex \u00a0Manuel \u00a0Travesedo \u00a0Caballero. \u00a0Estas amenazas se atribuyen a los \u00a0integrantes \u00a0de \u00a0esta \u00a0banda \u00a0criminal \u00a0denomina \u00a0los \u201cocho ocho\u201d que es una \u00a0subestructura \u00a0de \u00a0la organizaci\u00f3n delincuencial \u201cLos Paisas\u201d, al punto que \u00a0llevaron \u00a0a \u00a0la \u00a0Fiscal\u00eda \u00a0General \u00a0de la Naci\u00f3n a incorporar a sus testigos y \u00a0v\u00edctimas al programa de Protecci\u00f3n de esa entidad. \u00a0\u00a0<\/p>\n<p>En \u00a0consecuencia, \u00a0al \u00a0estar \u00a0acreditado \u00a0el \u00a0riesgo \u00a0potencial de los testigos del ente acusador como de las v\u00edctimas, no se \u00a0puede \u00a0negar \u00a0que ello desdibuja el panorama de tranquilidad deseado para que la \u00a0administraci\u00f3n \u00a0 de \u00a0 justicia \u00a0 pueda \u00a0 cumplir \u00a0 a \u00a0 cabalidad \u00a0 su \u00a0 misi\u00f3n \u00a0constitucional, \u00a0 pues, \u00a0 como \u00a0 se \u00a0 dijo \u00a0en \u00a0el \u00a0\u00faltimo \u00a0precedente \u00a0citado, \u00a0\u201cno \u00a0puede \u00a0pretenderse \u00a0un \u00a0juicio \u00a0si \u00a0no \u00a0est\u00e1n \u00a0garantizados \u00a0materialmente \u00a0los \u00a0derechos b\u00e1sicos de los sujetos procesales; y \u00a0la \u00a0publicidad \u00a0del \u00a0juicio \u00a0no \u00a0pasa \u00a0de \u00a0ser una ilusi\u00f3n cuando se persigue y \u00a0amenaza \u00a0a \u00a0los \u00a0intervinientes, \u00a0que \u00a0pudieren \u00a0significar \u00a0un obst\u00e1culo a las \u00a0pretensiones \u00a0de \u00a0los \u00a0titulares \u00a0de \u00a0los \u00a0intereses oscuros generadores de esta \u00a0situaci\u00f3n.\u201d \u00a0\u00a0<\/p>\n<p>Se debe agregar, que el cambio de radicaci\u00f3n \u00a0se \u00a0fundamenta \u00a0en \u00a0an\u00e1logos eventos, en los cuales esta Colegiatura accedi\u00f3 a \u00a0tal \u00a0petici\u00f3n, \u00a0como \u00a0lo \u00a0se\u00f1al\u00f3 \u00a0el \u00a0Juez \u00a0de \u00a0la \u00a0causa, esto es, del 21 de \u00a0noviembre \u00a0(radicado \u00a037886), 28 de noviembre (rad. 37889) de 2011, 1\u00ba\u00a0 de \u00a0febrero \u00a0(rad. \u00a038157), \u00a022 de febrero (rad. 38301) y 8 de octubre (rad. 40.038) \u00a0de \u00a02012,\u00a0 \u00a0donde \u00a0es \u00a0ostensible \u00a0que \u00a0la situaci\u00f3n que aqu\u00ed se trata es \u00a0similar \u00a0a \u00a0la \u00a0planteada \u00a0en \u00a0los \u00a0referentes \u00a0se\u00f1alados; \u00a0en consecuencia, la \u00a0respuesta \u00a0 debe \u00a0 ser \u00a0la \u00a0misma \u00a0a \u00a0la \u00a0adoptada \u00a0con \u00a0anterioridad \u00a0por \u00a0esta \u00a0Corporaci\u00f3n, \u00a0raz\u00f3n \u00a0por \u00a0la \u00a0cual \u00a0se \u00a0acceder\u00e1 \u00a0a la petici\u00f3n de cambio de \u00a0radicaci\u00f3n \u00a0solicitada \u00a0por \u00a0el Juzgado \u00danico Penal del Circuito Especializado \u00a0de \u00a0Barranquilla, \u00a0disponiendo que el asunto sea remitido a los Juzgados Penales \u00a0del Circuito Especializado de Cundinamarca, reparto. \u00a0\u00a0<\/p>\n<p>En \u00a0m\u00e9rito \u00a0a \u00a0lo expuesto, la Corte \u00a0Suprema \u00a0de \u00a0Justicia, \u00a0Sala \u00a0de \u00a0Casaci\u00f3n Penal, \u00a0 RESUELVE \u00a0\u00a0<\/p>\n<p>Cambiar \u00a0 la \u00a0radicaci\u00f3n \u00a0del juicio que \u00a0se \u00a0adelanta \u00a0ante \u00a0el \u00a0Juzgado \u00a0\u00danico \u00a0Penal \u00a0del \u00a0Circuito \u00a0Especializado \u00a0de \u00a0Barranquilla \u00a0 por \u00a0el \u00a0delito \u00a0de \u00a0concierto\u00a0 \u00a0para\u00a0 \u00a0delinquir\u00a0 \u00a0agravado \u00a0en \u00a0concurso \u00a0homog\u00e9neo \u00a0contra Hugo Humberto Garc\u00eda Lugo, Jackeline \u00a0V\u00e1squez \u00a0Bossio, William Rafael Ospino M\u00e9ndez, Robinson Antonio Feris T\u00e1mara, \u00a0Jos\u00e9 \u00a0Luis \u00a0Palomino \u00a0Pedroso, \u00a0Alfredo \u00a0Manuel Jos\u00e9 Miranda Caballero, F\u00e9lix \u00a0Antonio \u00a0Navarro \u00a0Narv\u00e1ez, \u00a0Rafael \u00a0Antonio Padilla Jim\u00e9nez, Jos\u00e9 Luis Guerra \u00a0Monterrosa, \u00a0Marcos Mercado Mercado, Robinson Caballero Tovar, Juan Jes\u00fas Ortiz \u00a0Herrera, \u00a0Jos\u00e9 \u00a0Emilio \u00a0Negrete Rinc\u00f3n, Alex Manuel Travesedo Caballero, a los \u00a0Juzgados \u00a0Penales del Circuito Especializado de Cundinamarca, al que corresponda \u00a0por reparto y a quien se remitir\u00e1 la actuaci\u00f3n. \u00a0\u00a0<\/p>\n<p>C\u00f3piese, \u00a0 comun\u00edquese \u00a0 y \u00a0 c\u00famplase \u00a0\u00a0<\/p>\n<p>JOS\u00c9 LEONIDAS BUSTOS MART\u00cdNEZ \u00a0<\/p>\n<p>JOS\u00c9 \u00a0LUIS \u00a0BARCEL\u00d3 \u00a0CAMACHO \u00a0\u00a0 \u00a0\u00a0 \u00a0\u00a0 \u00a0\u00a0 \u00a0\u00a0 \u00a0\u00a0 \u00a0 \u00a0\u00a0 \u00a0 \u00a0 \u00a0 \u00a0 \u00a0 \u00a0 \u00a0 \u00a0 \u00a0\u00a0FERNANDO A. CASTRO CABALLERO \u00a0\u00a0<\/p>\n<p>MAR\u00cdA \u00a0 \u00a0DEL \u00a0 \u00a0ROSARIO \u00a0 \u00a0GONZ\u00c1LEZ \u00a0MU\u00d1OZ \u00a0 \u00a0 \u00a0 \u00a0 \u00a0\u00a0 \u00a0\u00a0\u00a0\u00a0\u00a0\u00a0\u00a0\u00a0\u00a0\u00a0 \u00a0 GUSTAVO \u00a0ENRIQUE \u00a0MALO FERN\u00c1NDEZ \u00a0\u00a0<\/p>\n<p>LUIS \u00a0GUILLERMO \u00a0SALAZAR \u00a0OTERO \u00a0\u00a0 \u00a0\u00a0 \u00a0\u00a0 \u00a0\u00a0 \u00a0\u00a0 \u00a0\u00a0 \u00a0 \u00a0 \u00a0 \u00a0JAVIER \u00a0 DE \u00a0 JES\u00daS \u00a0ZAPATA \u00a0ORTIZ \u00a0\u00a0<\/p>\n<p>Nubia Yolanda Nova Garc\u00eda \u00a0<\/p>\n<p>Secretaria \u00a0<\/p>\n<p>\u00a0 \u00a0\u00a0<\/p>\n<p>1 Folio \u00a0106 a 108 del cuaderno original \u00a0\u00a0<\/p>\n<p>2 \u00a0cfr., \u00a0por \u00a0ejemplo, \u00a0auto \u00a0del 24 de junio del 2003, \u00a0radicado \u00a021.024, \u00a0en el que la Sala sostuvo que \u201cEl reconocimiento del cambio \u00a0de \u00a0radicaci\u00f3n de un proceso (art\u00edculo 85 del C\u00f3digo de Procedimiento Penal), \u00a0no \u00a0est\u00e1 \u00a0supeditado \u00a0a la demostraci\u00f3n de circunstancias de la naturaleza que \u00a0pone \u00a0de resalto la solicitante. Aspectos referidos a la falta de diligencia del \u00a0instructor, \u00a0la \u00a0situaci\u00f3n \u00a0econ\u00f3mica \u00a0del \u00a0procesado, \u00a0la \u00a0cercan\u00eda entre la \u00a0ciudad \u00a0en \u00a0que \u00a0se \u00a0tramita \u00a0el proceso y el lugar en que se pueden obtener las \u00a0pruebas \u00a0necesarias \u00a0para \u00a0el esclarecimiento de los hechos, la simple comodidad \u00a0para \u00a0ejercer la defensa, o la disparidad de criterios entre los juzgadores y la \u00a0defensa, \u00a0no est\u00e1n contemplados en la norma citada como causales para solicitar \u00a0y conceder el cambio de radicaci\u00f3n de los procesos\u201d. \u00a0\u00a0<\/p>\n<p>3 Auto \u00a0del 23 de noviembre del 2000, radicado 17.468. \u00a0\u00a0<\/p>\n<p>4 \u00a0Radicado No. 24.490 \u00a0 \u00a0\u00a0<\/p>\n<p><\/p>\n","protected":false},"excerpt":{"rendered":"<p>\u00a0 \u00a0 CORTE SUPREMA DE JUSTICIA \u00a0 SALA DE CASACI\u00d3N PENAL \u00a0 Magistrado \u00a0Ponente \u00a0\u00a0 JAVIER \u00a0 \u00a0ZAPATA \u00a0ORTIZ \u00a0\u00a0 Aprobada \u00a0acta \u00a0n\u00famero \u00a0252 \u00a0\u00a0 Bogot\u00e1 \u00a0D.C., cinco (5) de agosto de dos mil \u00a0trece (2013). \u00a0\u00a0 VISTOS \u00a0 Decide \u00a0de \u00a0plano \u00a0la \u00a0Corte la solicitud de \u00a0cambio \u00a0de \u00a0radicaci\u00f3n \u00a0a \u00a0otro \u00a0Distrito \u00a0Judicial \u00a0del [&hellip;]<\/p>\n","protected":false},"author":1,"featured_media":0,"comment_status":"open","ping_status":"open","sticky":false,"template":"","format":"standard","meta":{"footnotes":""},"categories":[21],"tags":[],"class_list":["post-27289","post","type-post","status-publish","format-standard","hentry","category-21"],"_links":{"self":[{"href":"https:\/\/dmsjuridica.com\/buscador_20179478954\/salapenalcronologico20230723\/wp-json\/wp\/v2\/posts\/27289","targetHints":{"allow":["GET"]}}],"collection":[{"href":"https:\/\/dmsjuridica.com\/buscador_20179478954\/salapenalcronologico20230723\/wp-json\/wp\/v2\/posts"}],"about":[{"href":"https:\/\/dmsjuridica.com\/buscador_20179478954\/salapenalcronologico20230723\/wp-json\/wp\/v2\/types\/post"}],"author":[{"embeddable":true,"href":"https:\/\/dmsjuridica.com\/buscador_20179478954\/salapenalcronologico20230723\/wp-json\/wp\/v2\/users\/1"}],"replies":[{"embeddable":true,"href":"https:\/\/dmsjuridica.com\/buscador_20179478954\/salapenalcronologico20230723\/wp-json\/wp\/v2\/comments?post=27289"}],"version-history":[{"count":0,"href":"https:\/\/dmsjuridica.com\/buscador_20179478954\/salapenalcronologico20230723\/wp-json\/wp\/v2\/posts\/27289\/revisions"}],"wp:attachment":[{"href":"https:\/\/dmsjuridica.com\/buscador_20179478954\/salapenalcronologico20230723\/wp-json\/wp\/v2\/media?parent=27289"}],"wp:term":[{"taxonomy":"category","embeddable":true,"href":"https:\/\/dmsjuridica.com\/buscador_20179478954\/salapenalcronologico20230723\/wp-json\/wp\/v2\/categories?post=27289"},{"taxonomy":"post_tag","embeddable":true,"href":"https:\/\/dmsjuridica.com\/buscador_20179478954\/salapenalcronologico20230723\/wp-json\/wp\/v2\/tags?post=27289"}],"curies":[{"name":"wp","href":"https:\/\/api.w.org\/{rel}","templated":true}]}}