{"id":27187,"date":"2023-09-12T19:54:15","date_gmt":"2023-09-12T19:54:15","guid":{"rendered":"https:\/\/dmsjuridica.com\/buscador_20179478954\/salapenalcronologico20230723\/2023\/09\/12\/4168109-10-13\/"},"modified":"2023-09-12T19:54:15","modified_gmt":"2023-09-12T19:54:15","slug":"4168109-10-13","status":"publish","type":"post","link":"https:\/\/dmsjuridica.com\/buscador_20179478954\/salapenalcronologico20230723\/2023\/09\/12\/4168109-10-13\/","title":{"rendered":"41681(09-10-13)"},"content":{"rendered":"\n<p>\u00a0 \u00a0 CORTE \u00a0 SUPREMA \u00a0 DE \u00a0JUSTICIA \u00a0\u00a0<\/p>\n<p>\u00a0 \u00a0\u00a0 \u00a0\u00a0 \u00a0\u00a0SALA \u00a0DE \u00a0CASACI\u00d3N \u00a0PENAL \u00a0\u00a0 \u00a0\u00a0 \u00a0\u00a0 \u00a0 \u00a0\u00a0<\/p>\n<p>Magistrado Ponente: \u00a0<\/p>\n<p>JOS\u00c9 LEONIDAS BUSTOS MART\u00cdNEZ \u00a0<\/p>\n<p>Aprobado acta N\u00b0 336 \u00a0<\/p>\n<p>Bogot\u00e1, \u00a0D. \u00a0C., nueve (9) de octubre de dos \u00a0mil trece (2013). \u00a0\u00a0<\/p>\n<p>VISTOS \u00a0<\/p>\n<p>Se pronuncia la Sala acerca de su competencia \u00a0para \u00a0 avocar \u00a0 el \u00a0 conocimiento \u00a0 de \u00a0las \u00a0presentes \u00a0diligencias. \u00a0\u00a0<\/p>\n<p>ANTECEDENTES \u00a0<\/p>\n<p>1. \u00a0 Mediante \u00a0resoluci\u00f3n \u00a0N\u00b0848 \u00a0del 11 de mayo 2000, el Gobierno Nacional orden\u00f3 el retiro \u00a0del \u00a0servicio \u00a0de \u00a0la \u00a0Teniente de la Polic\u00eda SANDRA YANETH MORA MORALES, quien \u00a0inconforme \u00a0con la decisi\u00f3n present\u00f3 demanda de nulidad y restablecimiento del \u00a0derecho, \u00a0indicando \u00a0que \u00a0su \u00a0desvinculaci\u00f3n \u00a0tuvo \u00a0origen \u00a0en \u00a0la \u00a0enemistad y \u00a0persecuci\u00f3n \u00a0del \u00a0General \u00a0(r) \u00a0MARIO \u00a0GUTI\u00c9RREZ JIM\u00c9NEZ, quien recomend\u00f3 su \u00a0remoci\u00f3n \u00a0a la Junta Asesora del Ministerio de Defensa, vali\u00e9ndose de enga\u00f1os \u00a0y mentiras que atentaron contra su honra y buen nombre. \u00a0\u00a0<\/p>\n<p>2. El 22 de mayo de \u00a02009 \u00a0el \u00a0Juzgado \u00a0Quinto Administrativo del Circuito de Villavicencio profiri\u00f3 \u00a0sentencia \u00a0de \u00a0nulidad \u00a0del \u00a0acto administrativo de retiro y orden\u00f3 al Gobierno \u00a0Nacional \u00a0 el \u00a0 reintegro \u00a0 de \u00a0 la \u00a0 oficial \u00a0 MORA \u00a0 MORALES \u00a0 a \u00a0la \u00a0Polic\u00eda \u00a0Nacional. \u00a0\u00a0<\/p>\n<p>3. El 20 de julio de \u00a02009 \u00a0la \u00a0oficial \u00a0denunci\u00f3 \u00a0ante la Fiscal\u00eda General de la Naci\u00f3n al General \u00a0(r) \u00a0MARIO \u00a0GUTI\u00c9RREZ \u00a0J\u00cdMENEZ, \u00a0por \u00a0la \u00a0presunta comisi\u00f3n de los delitos de \u00a0calumnia, \u00a0prevaricato, \u00a0abuso de autoridad, falso testimonio y fraude procesal, \u00a0con \u00a0ocasi\u00f3n \u00a0de los anteriores hechos, actuaci\u00f3n inicialmente conocida por la \u00a0fiscal\u00eda \u00a072 Seccional de Bogot\u00e1 y luego por la fiscal\u00eda 175 del mismo orden, \u00a0\u00faltima \u00a0que \u00a0por \u00a0auto \u00a0del \u00a029 \u00a0de enero de 2013 se declar\u00f3 incompetente para \u00a0conocer del asunto y lo remiti\u00f3 a la justicia penal militar. \u00a0\u00a0<\/p>\n<p>4. \u00a0El 12 de febrero \u00a0de \u00a02013 \u00a0el \u00a0Juzgado 85 de Instrucci\u00f3n Penal Militar avoc\u00f3 conocimiento y por \u00a0auto \u00a0del \u00a018 \u00a0del \u00a0mismo \u00a0mes \u00a0y \u00a0a\u00f1o se inhibi\u00f3 de seguir la investigaci\u00f3n, \u00a0declarando \u00a0que previo a la formulaci\u00f3n de la denuncia se hab\u00eda consolidado la \u00a0prescripci\u00f3n \u00a0de la acci\u00f3n penal respecto de los delitos de prevaricato, abuso \u00a0de \u00a0autoridad, \u00a0falso \u00a0testimonio y fraude procesal, al paso que hab\u00eda caducado \u00a0la correspondiente al il\u00edcito de calumnia. \u00a0\u00a0<\/p>\n<p>5. \u00a0 Contra \u00a0esta \u00a0decisi\u00f3n \u00a0SANDRA \u00a0YANETH \u00a0MORA \u00a0MORALES \u00a0interpuso \u00a0recurso de reposici\u00f3n y en \u00a0subsidio \u00a0de \u00a0apelaci\u00f3n; \u00a0negado \u00a0el \u00a0primero, \u00a0el Tribunal Superior Militar en \u00a0providencia \u00a0del \u00a026 \u00a0de junio del presente a\u00f1o se abstuvo de desatar la alzada \u00a0y, \u00a0en \u00a0su \u00a0lugar, \u00a0orden\u00f3 la remisi\u00f3n de las diligencias a esta Corporaci\u00f3n, \u00a0argumentando \u00a0que \u00a0de \u00a0conformidad \u00a0con \u00a0el \u00a0art\u00edculo \u00a0235 \u00a0numeral \u00a04\u00b0 \u00a0de la \u00a0Constituci\u00f3n \u00a0Pol\u00edtica, \u00a0es \u00a0la \u00a0Corte \u00a0Suprema de Justicia la competente para \u00a0adelantarla, \u00a0habida \u00a0cuenta del grado de General de la Rep\u00fablica ostentado por \u00a0el procesado al momento de su retiro del servicio.\u00a0 \u00a0\u00a0<\/p>\n<p>CONSIDERACIONES \u00a0<\/p>\n<p>1. \u00a0El \u00a0art\u00edculo \u00a0235-4 \u00a0de \u00a0la \u00a0Constituci\u00f3n Pol\u00edtica asigna a la Sala de Casaci\u00f3n Penal de la \u00a0Corte \u00a0 \u00a0 Suprema \u00a0 \u00a0de \u00a0 \u00a0Justicia \u00a0 \u00a0la \u00a0 \u00a0competencia \u00a0 \u00a0para \u00a0 \u00a0juzgar \u00a0a \u00a0los Generales y Almirantes de \u00a0la \u00a0 \u00a0fuerza \u00a0 p\u00fablica, \u00a0entre \u00a0otros altos dignatarios del Estado, \u00a0 por \u00a0las \u00a0conductas \u00a0 punibles \u00a0 que \u00a0se \u00a0les \u00a0imputen, \u00a0previa \u00a0acusaci\u00f3n \u00a0 \u00a0 \u00a0del \u00a0 \u00a0 Fiscal \u00a0 \u00a0 General \u00a0 \u00a0 de \u00a0 \u00a0 la \u00a0 \u00a0 Naci\u00f3n. \u00a0\u00a0<\/p>\n<p>En \u00a0 \u00a0ese \u00a0orden, \u00a0 es \u00a0 el \u00a0 Fiscal \u00a0 General \u00a0de \u00a0la \u00a0Naci\u00f3n \u00a0a \u00a0 quien \u00a0 compete \u00a0 \u00a0iniciar \u00a0 y \u00a0 culminar \u00a0 la \u00a0investigaci\u00f3n \u00a0 a \u00a0 que \u00a0 haya \u00a0lugar \u00a0respecto \u00a0de \u00a0este \u00a0tipo \u00a0de \u00a0 \u00a0 \u00a0 \u00a0 \u00a0aforados, \u00a0 \u00a0 \u00a0 \u00a0 como\u00a0 \u00a0 \u00a0 \u00a0 \u00a0 tambi\u00e9n, \u00a0 \u00a0 \u00a0 decidir \u00a0 \u00a0 \u00a0 aut\u00f3nomamente \u00a0si \u00a0los \u00a0acusa \u00a0ante \u00a0la \u00a0Corte \u00a0Suprema de Justicia por infracci\u00f3n de la ley penal, momento a partir del \u00a0cual \u00a0se \u00a0habilita \u00a0la \u00a0competencia \u00a0de su \u00a0Sala \u00a0de \u00a0Casaci\u00f3n Penal para \u00a0 \u00a0procesarlos, \u00a0 \u00a0en \u00a0 ejercicio \u00a0de \u00a0 \u00a0 la \u00a0atribuci\u00f3n que le ha sido \u00a0 \u00a0deferida \u00a0 por \u00a0 la \u00a0 Carta \u00a0 \u00a0 \u00a0 \u00a0 \u00a0 \u00a0 Pol\u00edtica. \u00a0\u00a0<\/p>\n<p>2.- En \u00a0el \u00a0presente \u00a0evento, \u00a0como \u00a0resulta \u00a0di\u00e1fano \u00a0 \u00a0que \u00a0 \u00a0la \u00a0 \u00a0actuaci\u00f3n \u00a0 \u00a0remitida \u00a0a esta instancia no ha superado \u00a0la \u00a0fase \u00a0de indagaci\u00f3n preliminar, resulta claro que \u00a0quien \u00a0 debe \u00a0avocar \u00a0su \u00a0conocimiento \u00a0y \u00a0adoptar \u00a0las \u00a0decisiones que en derecho correspondan respecto de \u00a0ella, \u00a0 es \u00a0 el \u00a0 Fiscal \u00a0 General \u00a0de \u00a0la \u00a0Naci\u00f3n, \u00a0motivo \u00a0 \u00a0 por \u00a0 \u00a0el \u00a0 \u00a0cual \u00a0 \u00a0se \u00a0 \u00a0dispondr\u00e1 \u00a0 remitirle \u00a0 de \u00a0 inmediato \u00a0las \u00a0diligencias para lo de \u00a0su cargo. \u00a0\u00a0<\/p>\n<p>En \u00a0m\u00e9rito de lo expuesto, la Corte Suprema \u00a0de Justicia, Sala de Casaci\u00f3n Penal, \u00a0\u00a0<\/p>\n<p>RESUELVE \u00a0<\/p>\n<p>1. \u00a0DECLARAR \u00a0que no es competente para avocar \u00a0conocimiento \u00a0de \u00a0las \u00a0diligencias remitidas a esta Corporaci\u00f3n por el Tribunal \u00a0Superior Militar, conforme a las razones anotadas en precedencia. \u00a0\u00a0<\/p>\n<p>2. \u00a0REMITIR \u00a0por \u00a0competencia \u00a0la actuaci\u00f3n al Fiscal General de la Naci\u00f3n, para lo de su cargo. \u00a0\u00a0<\/p>\n<p>Contra esta providencia procede el recurso de \u00a0reposici\u00f3n. \u00a0\u00a0<\/p>\n<p>Notif\u00edquese y c\u00famplase \u00a0<\/p>\n<p>JOS\u00c9 LEONIDAS BUSTOS MART\u00cdNEZ \u00a0<\/p>\n<p>JOS\u00c9 \u00a0 \u00a0 \u00a0 LUIS \u00a0 \u00a0 \u00a0 BARCEL\u00d3 \u00a0CAMACHO\u00a0\u00a0\u00a0\u00a0\u00a0\u00a0\u00a0\u00a0\u00a0\u00a0\u00a0\u00a0\u00a0\u00a0\u00a0\u00a0 \u00a0FERNANDO A.\u00a0 CASTRO CABALLERO \u00a0\u00a0<\/p>\n<p>EUGENIO \u00a0 \u00a0 \u00a0 \u00a0 \u00a0FERN\u00c1NDEZ \u00a0CARLIER\u00a0\u00a0\u00a0\u00a0\u00a0\u00a0\u00a0\u00a0\u00a0\u00a0\u00a0\u00a0\u00a0\u00a0\u00a0\u00a0\u00a0\u00a0\u00a0\u00a0\u00a0\u00a0\u00a0 \u00a0MARIA \u00a0DEL ROSARIO GONZ\u00c1LEZ\u00a0 MU\u00d1OZ\u00a0 \u00a0 \u00a0 \u00a0 \u00a0\u00a0 \u00a0 \u00a0 \u00a0 \u00a0 \u00a0\u00a0\u00a0\u00a0 \u00a0\u00a0<\/p>\n<p>GUSTAVO \u00a0 \u00a0 \u00a0 \u00a0E. \u00a0 \u00a0 \u00a0 \u00a0MALO \u00a0FERN\u00c1NDEZ\u00a0\u00a0\u00a0\u00a0\u00a0\u00a0\u00a0 \u00a0 LUIS \u00a0 GUILLERMO \u00a0SALAZAR \u00a0OTERO\u00a0\u00a0\u00a0\u00a0\u00a0\u00a0\u00a0\u00a0\u00a0\u00a0\u00a0\u00a0\u00a0\u00a0\u00a0\u00a0\u00a0 \u00a0\u00a0<\/p>\n<p>JAVIER ZAPATA ORTIZ \u00a0<\/p>\n<p>Nubia Yolanda Nova Garc\u00eda \u00a0<\/p>\n<p>Secretaria \u00a0<\/p>\n<p>\u00a0 \u00a0\u00a0<\/p>\n<p><\/p>\n","protected":false},"excerpt":{"rendered":"<p>\u00a0 \u00a0 CORTE \u00a0 SUPREMA \u00a0 DE \u00a0JUSTICIA \u00a0\u00a0 \u00a0 \u00a0\u00a0 \u00a0\u00a0 \u00a0\u00a0SALA \u00a0DE \u00a0CASACI\u00d3N \u00a0PENAL \u00a0\u00a0 \u00a0\u00a0 \u00a0\u00a0 \u00a0 \u00a0\u00a0 Magistrado Ponente: \u00a0 JOS\u00c9 LEONIDAS BUSTOS MART\u00cdNEZ \u00a0 Aprobado acta N\u00b0 336 \u00a0 Bogot\u00e1, \u00a0D. \u00a0C., nueve (9) de octubre de dos \u00a0mil trece (2013). \u00a0\u00a0 VISTOS \u00a0 Se pronuncia la Sala acerca de [&hellip;]<\/p>\n","protected":false},"author":1,"featured_media":0,"comment_status":"open","ping_status":"open","sticky":false,"template":"","format":"standard","meta":{"footnotes":""},"categories":[21],"tags":[],"class_list":["post-27187","post","type-post","status-publish","format-standard","hentry","category-21"],"_links":{"self":[{"href":"https:\/\/dmsjuridica.com\/buscador_20179478954\/salapenalcronologico20230723\/wp-json\/wp\/v2\/posts\/27187","targetHints":{"allow":["GET"]}}],"collection":[{"href":"https:\/\/dmsjuridica.com\/buscador_20179478954\/salapenalcronologico20230723\/wp-json\/wp\/v2\/posts"}],"about":[{"href":"https:\/\/dmsjuridica.com\/buscador_20179478954\/salapenalcronologico20230723\/wp-json\/wp\/v2\/types\/post"}],"author":[{"embeddable":true,"href":"https:\/\/dmsjuridica.com\/buscador_20179478954\/salapenalcronologico20230723\/wp-json\/wp\/v2\/users\/1"}],"replies":[{"embeddable":true,"href":"https:\/\/dmsjuridica.com\/buscador_20179478954\/salapenalcronologico20230723\/wp-json\/wp\/v2\/comments?post=27187"}],"version-history":[{"count":0,"href":"https:\/\/dmsjuridica.com\/buscador_20179478954\/salapenalcronologico20230723\/wp-json\/wp\/v2\/posts\/27187\/revisions"}],"wp:attachment":[{"href":"https:\/\/dmsjuridica.com\/buscador_20179478954\/salapenalcronologico20230723\/wp-json\/wp\/v2\/media?parent=27187"}],"wp:term":[{"taxonomy":"category","embeddable":true,"href":"https:\/\/dmsjuridica.com\/buscador_20179478954\/salapenalcronologico20230723\/wp-json\/wp\/v2\/categories?post=27187"},{"taxonomy":"post_tag","embeddable":true,"href":"https:\/\/dmsjuridica.com\/buscador_20179478954\/salapenalcronologico20230723\/wp-json\/wp\/v2\/tags?post=27187"}],"curies":[{"name":"wp","href":"https:\/\/api.w.org\/{rel}","templated":true}]}}