{"id":27110,"date":"2023-09-12T19:54:09","date_gmt":"2023-09-12T19:54:09","guid":{"rendered":"https:\/\/dmsjuridica.com\/buscador_20179478954\/salapenalcronologico20230723\/2023\/09\/12\/4154604-12-13\/"},"modified":"2023-09-12T19:54:09","modified_gmt":"2023-09-12T19:54:09","slug":"4154604-12-13","status":"publish","type":"post","link":"https:\/\/dmsjuridica.com\/buscador_20179478954\/salapenalcronologico20230723\/2023\/09\/12\/4154604-12-13\/","title":{"rendered":"41546(04-12-13)"},"content":{"rendered":"\n<p>\u00a0 \u00a0 CORTE SUPREMA DE JUSTICIA \u00a0<\/p>\n<p>SALA DE CASACI\u00d3N PENAL \u00a0<\/p>\n<p>Magistrado Ponente: \u00a0<\/p>\n<p>Luis Guillermo Salazar Otero \u00a0<\/p>\n<p>Aprobado \u00a0 \u00a0 \u00a0Acta \u00a0 \u00a0 No. 404 \u00a0\u00a0<\/p>\n<p>Bogot\u00e1, D.C., cuatro (4) de diciembre de dos \u00a0mil trece (2013) \u00a0\u00a0<\/p>\n<p>ASUNTO \u00a0<\/p>\n<p>Con \u00a0fundamento \u00a0en \u00a0lo \u00a0dispuesto \u00a0por \u00a0el \u00a0art\u00edculo \u00a0502 \u00a0de \u00a0la \u00a0ley \u00a0906 \u00a0de \u00a02004, procede la Sala a emitir concepto en \u00a0relaci\u00f3n \u00a0con \u00a0la \u00a0extradici\u00f3n \u00a0del \u00a0ciudadano \u00a0colombiano \u00a0JHON \u00a0STIVENS MESA \u00a0CARO, \u00a0 \u00a0solicitada \u00a0 \u00a0por \u00a0 el \u00a0 Gobierno \u00a0 de \u00a0 los \u00a0 Estados \u00a0 Unidos \u00a0 de \u00a0Am\u00e9rica. \u00a0\u00a0<\/p>\n<p>ANTECEDENTES \u00a0<\/p>\n<p>El \u00a01 \u00a0de \u00a0abril \u00a0de \u00a02013 el Gobierno de los \u00a0Estados \u00a0Unidos de Am\u00e9rica, a \u00a0trav\u00e9s \u00a0de \u00a0su \u00a0Embajada \u00a0en \u00a0nuestro \u00a0pa\u00eds, \u00a0mediante \u00a0nota \u00a0verbal No. 0550, \u00a0solicit\u00f3 \u00a0al de Colombia la detenci\u00f3n provisional con fines de extradici\u00f3n de \u00a0JHON \u00a0STIVENS \u00a0MESA \u00a0CARO, \u00a0requerido \u00a0para \u00a0comparecer \u00a0a \u00a0juicio \u00a0por \u00a0delitos \u00a0federales, \u00a0seg\u00fan la acusaci\u00f3n No. K-574678-6 y el auto de detenci\u00f3n dictados \u00a0el \u00a03 \u00a0de \u00a0enero \u00a0de \u00a02007 \u00a0en \u00a0la \u00a0Corte \u00a0Magistrada \u00a0Distrital \u00a0de \u00a0Lackwanna, \u00a0Pensilvania. \u00a0\u00a0<\/p>\n<p>Para \u00a0tal \u00a0efecto, \u00a0el \u00a09 de abril de 2013 el \u00a0Fiscal \u00a0General de la Naci\u00f3n orden\u00f3 la captura de MESA CARO, quien hab\u00eda sido \u00a0detenido \u00a0 el \u00a0 d\u00eda \u00a0 8 \u00a0 anterior \u00a0 en \u00a0 virtud \u00a0 de \u00a0 una \u00a0circular \u00a0roja \u00a0de \u00a0Interpol. \u00a0\u00a0<\/p>\n<p>El \u00a06 de junio del a\u00f1o en curso, el Gobierno \u00a0de \u00a0los \u00a0Estados Unidos mediante nota verbal No. 1007 formaliz\u00f3 la solicitud de \u00a0extradici\u00f3n. \u00a0\u00a0<\/p>\n<p>CONCEPTO \u00a0 DEL \u00a0 MINISTERIO \u00a0DE \u00a0RELACIONES \u00a0EXTERIORES \u00a0\u00a0<\/p>\n<p>El \u00a0Coordinador \u00a0del Grupo Interno de Trabajo \u00a0Consultivo \u00a0y \u00a0de Extradici\u00f3n, Direcci\u00f3n de Asuntos Jur\u00eddicos Internacionales \u00a0del \u00a0Ministerio \u00a0de \u00a0Relaciones \u00a0Exteriores, con oficio DIAJI\/GCE No. \u00a01167 \u00a0del 7 de junio de 2013 dirigido a \u00a0la \u00a0Jefe \u00a0de \u00a0la Oficina de Asuntos Internacionales del Ministerio de Justicia y \u00a0del \u00a0Derecho, conceptu\u00f3 \u201cque por no existir tratado \u00a0aplicable \u00a0al \u00a0caso \u00a0en \u00a0menci\u00f3n, \u00a0es \u00a0procedente \u00a0obrar \u00a0de conformidad con el \u00a0ordenamiento \u00a0 \u00a0procesal \u00a0 \u00a0penal \u00a0 \u00a0colombiano\u201d1. \u00a0\u00a0<\/p>\n<p>DEL TR\u00c1MITE SIMPLIFICADO \u00a0<\/p>\n<p>JHON \u00a0STIVENS \u00a0MESA \u00a0CARO, mediante solicitud \u00a0reiterada \u00a0 por \u00a0su \u00a0defensor \u00a0de \u00a0confianza, \u00a0deprec\u00f3 \u00a0dar \u00a0aplicaci\u00f3n \u00a0a \u00a0la \u00a0extradici\u00f3n \u00a0simplificada consagrada en el art\u00edculo 70 de la ley 1453 de 2011, \u00a0raz\u00f3n \u00a0por \u00a0la \u00a0cual \u00a0la \u00a0Corte \u00a0dispuso \u00a0correr \u00a0traslado \u00a0de \u00a0su petici\u00f3n al \u00a0Ministerio P\u00fablico. \u00a0\u00a0<\/p>\n<p>COADYUVANCIA \u00a0 \u00a0 \u00a0DEL \u00a0 \u00a0 \u00a0MINISTERIO \u00a0P\u00daBLICO \u00a0\u00a0<\/p>\n<p>El \u00a011 de noviembre posterior, la Procuradora \u00a0Tercera \u00a0Delegada para la Casaci\u00f3n Penal se traslad\u00f3 a las instalaciones de la \u00a0c\u00e1rcel \u00a0\u201cLa \u00a0Picota\u201d, \u00a0con \u00a0el \u00a0prop\u00f3sito de verificar la viabilidad de la \u00a0petici\u00f3n \u00a0de \u00a0MESA \u00a0CARO, \u00a0a \u00a0quien interrog\u00f3 sobre el conocimiento, alcances, \u00a0conciencia, \u00a0libertad y consecuencias del tr\u00e1mite simplificado, constatando que \u00a0la misma fue efectuada libre y voluntariamente. \u00a0\u00a0<\/p>\n<p>Adicional a ello, se cumplen los presupuestos \u00a0contenidos \u00a0en el art\u00edculo 35 de la Constituci\u00f3n Nacional, toda vez que aqu\u00e9l \u00a0es \u00a0solicitado \u00a0para \u00a0responder \u00a0por \u00a0hechos \u00a0ocurridos \u00a0con \u00a0posterioridad a la \u00a0expedici\u00f3n \u00a0del \u00a0acto \u00a0legislativo \u00a0No. \u00a01 \u00a0de \u00a01997. \u00a0Asimismo, no se trata de \u00a0delitos \u00a0pol\u00edticos \u00a0sino \u00a0comunes \u00a0relacionados \u00a0con \u00a0causar \u00a0o intentar causar \u00a0lesiones \u00a0corporales \u00a0a \u00a0otra \u00a0persona \u00a0y \u00a0portar \u00a0un arma de fuego dentro de un \u00a0veh\u00edculo \u00a0u \u00a0oculta \u00a0en su cuerpo, sin contar con licencia v\u00e1lida y legalmente \u00a0expedida, \u00a0igualmente \u00a0contemplados en la legislaci\u00f3n interna, art\u00edculos 103 y \u00a0365 \u00a0de \u00a0la \u00a0ley \u00a0599 \u00a0de \u00a02000. \u00a0Finalmente, \u00a0la agente del Ministerio P\u00fablico \u00a0estim\u00f3 acreditada la identidad del solicitado. \u00a0\u00a0<\/p>\n<p>CONSIDERACIONES \u00a0<\/p>\n<p>La \u00a0Corte \u00a0Suprema \u00a0de \u00a0Justicia, \u00a0en \u00a0atenci\u00f3n \u00a0a \u00a0lo conceptuado por el \u00a0Ministerio \u00a0de Relaciones Exteriores, procede a verificar el cumplimiento de las \u00a0exigencias \u00a0previstas \u00a0en \u00a0el \u00a0art\u00edculo 502 de la ley 906 de 2004, normatividad \u00a0aplicable \u00a0a \u00a0este \u00a0tr\u00e1mite \u00a0por cuanto los hechos por los cuales se reclama en \u00a0extradici\u00f3n \u00a0a \u00a0JHON \u00a0STIVENS \u00a0MESA \u00a0CARO ocurrieron en su vigencia2. \u00a0\u00a0<\/p>\n<p>El \u00a0art\u00edculo \u00a035 \u00a0de \u00a0la \u00a0Carta \u00a0Pol\u00edtica, \u00a0modificado \u00a0por \u00a0el art\u00edculo 1\u00ba del Acto Legislativo No. 1 de 1997, permite la \u00a0extradici\u00f3n \u00a0de nacionales por nacimiento que hayan cometido delitos comunes en \u00a0el exterior, con posterioridad al 17 de diciembre de 1997. \u00a0\u00a0<\/p>\n<p>Como \u00a0la solicitud de extradici\u00f3n del citado \u00a0re\u00fane \u00a0las \u00a0condiciones \u00a0previstas \u00a0en \u00a0la \u00a0norma \u00a0constitucional, dado que los \u00a0delitos \u00a0son \u00a0de \u00a0aquellos que atentan contra la vida e integridad personal y la \u00a0seguridad \u00a0p\u00fablica, \u00a0as\u00ed \u00a0como \u00a0que \u00a0se ejecut\u00f3 a finales del a\u00f1o 2006 en el \u00a0exterior, \u00a0le \u00a0compete \u00a0a \u00a0la Corte establecer el cumplimiento de los requisitos \u00a0legales que la hacen procedente. \u00a0\u00a0<\/p>\n<p>1. \u00a0VALIDEZ \u00a0FORMAL \u00a0DE \u00a0LA \u00a0DOCUMENTACI\u00d3N \u00a0PRESENTADA \u00a0\u00a0<\/p>\n<p>De \u00a0conformidad \u00a0con \u00a0lo \u00a0consagrado \u00a0en \u00a0el \u00a0art\u00edculo \u00a0495 \u00a0de \u00a0la \u00a0ley \u00a0906 de 2004, la solicitud formal de extradici\u00f3n se \u00a0hizo acompa\u00f1ada de los siguientes documentos: \u00a0\u00a0<\/p>\n<p>1.1 \u00a0Copia \u00a0de \u00a0la \u00a0acusaci\u00f3n No. K-574678-6 \u00a0dictada \u00a0el \u00a03 \u00a0de enero de 2007 en la Corte Magistrada Distrital de Lackawanna, \u00a0Pensilvania, en la cual se acuso al requerido de: \u00a0\u00a0<\/p>\n<p>Un cargo por intento de homicidio, consistente \u00a0en \u00a0cometer \u00a0un \u00a0acto \u00a0que constituy\u00f3 un paso importante hacia la comisi\u00f3n del \u00a0mencionado \u00a0punible, \u00a0en \u00a0violaci\u00f3n \u00a0del \u00a0T\u00edtulo \u00a018, secciones 901 y 2501 del \u00a0C\u00f3digo Penal de Pensilvania. \u00a0\u00a0<\/p>\n<p>Otro \u00a0cargo por agresi\u00f3n agravada, traducido \u00a0en \u00a0causar \u00a0o \u00a0intentar \u00a0causar \u00a0lesiones \u00a0corporales \u00a0graves a una persona bajo \u00a0circunstancias \u00a0que demuestran indiferencia extrema al valor por la vida humana, \u00a0en \u00a0 \u00a0violaci\u00f3n \u00a0 \u00a0del \u00a0 \u00a0T\u00edtulo \u00a0 18, \u00a0 Secci\u00f3n \u00a0 2702 \u00a0 ib\u00eddem. \u00a0\u00a0<\/p>\n<p>Tres \u00a0 \u00a0cargos \u00a0 \u00a0por \u00a0 \u00a0hacer \u00a0 peligrar \u00a0irresponsablemente \u00a0la \u00a0seguridad \u00a0de \u00a0otra \u00a0persona, \u00a0ello al participar en una \u00a0conducta \u00a0que \u00a0puso \u00a0o \u00a0pudo \u00a0poner \u00a0a \u00a0otra \u00a0persona \u00a0en peligro de muerte o de \u00a0lesiones \u00a0corporales graves, en violaci\u00f3n del T\u00edtulo 18, Secci\u00f3n 2705 ib\u00eddem \u00a0y; \u00a0\u00a0<\/p>\n<p>Un cargo por porte de un arma de fuego dentro \u00a0de \u00a0un veh\u00edculo, u oculta en una persona, sin una licencia v\u00e1lida y legalmente \u00a0expedida, \u00a0en violaci\u00f3n\u00a0 del T\u00edtulo 18, Secci\u00f3n 6106 ib\u00eddem. \u00a0\u00a0<\/p>\n<p>1.2 \u00a0Los \u00a0actos \u00a0il\u00edcitos \u00a0por los cuales se \u00a0requiere \u00a0su \u00a0extradici\u00f3n \u00a0dicen \u00a0relaci\u00f3n \u00a0con \u00a0los hechos acaecidos el 31 de \u00a0diciembre \u00a0de \u00a02006, \u00a0cuando \u00a0el \u00a0solicitado \u00a0y \u00a0Doreen \u00a0Thomas \u00a0sostuvieron una \u00a0discusi\u00f3n \u00a0en \u00a0un \u00a0bar, producto de lo cual la segunda sali\u00f3 en su veh\u00edculo y \u00a0mientras \u00a0se \u00a0desplazaba \u00a0hacia \u00a0el \u00a0norte en la v\u00eda Pensilvania State Road 81, \u00a0aqu\u00e9l \u00a0la \u00a0rebas\u00f3 en un rodante blanco todo terreno y le dispar\u00f3, hiri\u00e9ndola \u00a0en \u00a0 el \u00a0 cuello \u00a0 y \u00a0 caus\u00e1ndole \u00a0 graves \u00a0 heridas \u00a0 que \u00a0 comprometieron \u00a0su \u00a0vida. \u00a0Con \u00a0posterioridad se \u00a0determin\u00f3 \u00a0que \u00a0el \u00a0requerido \u00a0no \u00a0contaba \u00a0con \u00a0permiso \u00a0para \u00a0portar el arma, \u00a0mientras que lo v\u00edctima lo identific\u00f3 como su agresor. \u00a0\u00a0<\/p>\n<p>1.3 \u00a0Copia \u00a0del informe de consulta web de la \u00a0Registradur\u00eda \u00a0 \u00a0Nacional \u00a0 \u00a0del \u00a0 Estado \u00a0 Civil, \u00a0 Direcci\u00f3n \u00a0 Nacional \u00a0 de \u00a0Identificaci\u00f3n, \u00a0en \u00a0el cual consta que la c\u00e9dula de ciudadan\u00eda\u00a0 n\u00famero \u00a01.036.652.118 \u00a0pertenece \u00a0a \u00a0JHON \u00a0STIVENS MESA \u00a0CARO. \u00a0\u00a0<\/p>\n<p>1.4 Copia de la circular roja de Interpol y de \u00a0la \u00a0orden \u00a0de arresto en contra de \u00e9ste impartida el 3 de enero de 2007 emitida \u00a0en \u00a0 la \u00a0 Corte \u00a0 Magistrada \u00a0Distrital \u00a0de \u00a0Lackwanna, \u00a0Pensilvania. \u00a0\u00a0<\/p>\n<p>1.5 Copia de las normas legales que describen \u00a0los \u00a0cargos, \u00a0esto \u00a0es, T\u00edtulo 18, secciones 901 y 2501, 2702, 2705, y 6106 del \u00a0C\u00f3digo Penal de Pensilvania. \u00a0\u00a0<\/p>\n<p>1.6 \u00a0Declaraciones \u00a0juradas \u00a0rendidas el 9 de \u00a0mayo \u00a0de \u00a02013, \u00a0por \u00a0el \u00a0primer \u00a0Fiscal \u00a0Auxiliar \u00a0de \u00a0Distrito \u00a0del Condado de \u00a0Lackawanna \u00a0Eugene \u00a0M. \u00a0Tallerico Jr. y por el Investigador Penal de la Polic\u00eda \u00a0Estatal \u00a0 del \u00a0 Estado \u00a0 de \u00a0 Pensilvania, \u00a0Patrick \u00a0J. \u00a0McGurrin, \u00a0ante \u00a0un \u00a0Juez \u00a0del \u00a0Tribunal \u00a0de Litigios \u00a0Ordinarios \u00a0del \u00a0Condado y Estado aludidos, en las cuales explican el proceso de \u00a0acusaci\u00f3n, \u00a0los \u00a0cargos, \u00a0las \u00a0leyes \u00a0pertinentes, \u00a0la \u00a0prescripci\u00f3n, hacen un \u00a0resumen de los hechos y las pruebas que sustentan la acusaci\u00f3n. \u00a0\u00a0<\/p>\n<p>1.7 \u00a0Certificaci\u00f3n \u00a0de \u00a0Jason \u00a0E. \u00a0Carter, \u00a0Director \u00a0Asociado \u00a0de \u00a0la \u00a0Oficina \u00a0de Asuntos Internacionales, Divisi\u00f3n de lo \u00a0Penal \u00a0del \u00a0Departamento \u00a0de \u00a0Justicia de los Estados Unidos, en la cual se\u00f1ala \u00a0que \u00a0las \u00a0declaraciones \u00a0juramentadas \u00a0de \u00a0los \u00a0mencionados funcionarios, fueron \u00a0proporcionadas \u00a0en \u00a0apoyo \u00a0de \u00a0la solicitud de extradici\u00f3n formal de Colombia a \u00a0ese \u00a0pa\u00eds \u00a0de \u00a0JOHN \u00a0STIVENS \u00a0MESA \u00a0CARO, \u00a0 \u00a0alias \u00a0 \u00a0\u201cJhon \u00a0 Caro\u201d, \u00a0 \u00a0alias \u00a0 \u00a0\u201cBlaze\u201d \u00a0y \u00a0copias \u00a0fieles \u00a0de \u00a0las \u00a0mismas, \u00a0se \u00a0conservan en los archivos \u00a0oficiales de dicha oficina en Washington D.C. \u00a0\u00a0<\/p>\n<p>1.8 \u00a0Certificaci\u00f3n \u00a0del \u00a0Procurador \u00a0de \u00a0los \u00a0Estados \u00a0Unidos \u00a0Eric \u00a0H. \u00a0Holder, \u00a0Jr., en la cual da testimonio de haber hecho \u00a0estampar \u00a0el sello del Departamento de Justicia y solicitado al Director Adjunto \u00a0de la Oficina de Asuntos Internacionales dar fe de su firma. \u00a0\u00a0<\/p>\n<p>1.9 \u00a0El \u00a0Secretario \u00a0de Estado de los Estados \u00a0Unidos \u00a0Jhon \u00a0F. \u00a0Kerry, certifica que al documento anexo le hizo fijar el sello \u00a0del \u00a0Departamento \u00a0de \u00a0Estado \u00a0y que su nombre fuera suscrito por la funcionaria \u00a0auxiliar \u00a0 \u00a0de \u00a0 \u00a0autenticaciones \u00a0 \u00a0de \u00a0 \u00a0esa \u00a0 \u00a0dependencia, \u00a0 \u00a0Fernesia \u00a0 \u00a0T. \u00a0Crawford. \u00a0\u00a0<\/p>\n<p>1.10 \u00a0Adriana \u00a0Ahmad \u00a0Serna, \u00a0Vice-C\u00f3nsul de \u00a0Colombia \u00a0en \u00a0Washington, \u00a0certifica acerca de la autenticidad de la firma y las \u00a0funciones \u00a0 \u00a0 \u00a0 desempe\u00f1adas \u00a0 \u00a0 \u00a0 por \u00a0 \u00a0 \u00a0 dicha \u00a0 \u00a0 \u00a0funcionaria. \u00a0\u00a0<\/p>\n<p>La \u00a0documentaci\u00f3n allegada con la solicitud, \u00a0adem\u00e1s \u00a0de \u00a0hallarse \u00a0traducida \u00a0al \u00a0espa\u00f1ol \u00a0y \u00a0legalizada \u00a0de acuerdo con lo \u00a0dispuesto \u00a0en \u00a0el \u00a0art\u00edculo \u00a0259 del C\u00f3digo de Procedimiento Civil, modificado \u00a0por \u00a0el \u00a01\u00b0, \u00a0numeral \u00a0118 \u00a0del \u00a0Decreto \u00a02282 \u00a0de \u00a01989, re\u00fane los requisitos \u00a0formales \u00a0 para \u00a0 la \u00a0 extradici\u00f3n \u00a0 de \u00a0 JHON \u00a0STIVENS \u00a0MESA \u00a0CARO. \u00a0\u00a0<\/p>\n<p>2. PLENA IDENTIDAD DEL SOLICITADO \u00a0<\/p>\n<p>En \u00a0las notas diplom\u00e1ticas que acompa\u00f1an la \u00a0solicitud \u00a0de \u00a0extradici\u00f3n, \u00a0se informa que JHON STIVENS MESA CARO naci\u00f3 el 21 \u00a0de \u00a0agosto \u00a0de \u00a01985 \u00a0en \u00a0Colombia \u00a0y \u00a0porta \u00a0la \u00a0c\u00e9dula de ciudadan\u00eda n\u00famero \u00a01.036.652.118. \u00a0\u00a0<\/p>\n<p>La \u00a0persona capturada la tarde del 8 de abril \u00a0de \u00a0 2013 \u00a0 a \u00a0 las \u00a0 7:25 \u00a0 a.m. \u00a0 en \u00a0 la \u00a0carrera \u00a067 \u00a0No. \u00a026A \u00a0\u2013 \u00a032 \u00a0del \u00a0barrio \u00a0San Francisco de la \u00a0ciudad \u00a0de \u00a0Itag\u00fci, \u00a0es \u00a0la \u00a0misma \u00a0requerida \u00a0por \u00a0los Estados Unidos. Los datos suministrados el d\u00eda de su \u00a0aprehensi\u00f3n, \u00a0los \u00a0cuales \u00a0constan \u00a0en \u00a0el \u00a0acta \u00a0de \u00a0derechos \u00a0del \u00a0capturado, \u00a0coinciden con los consignados en las notas diplom\u00e1ticas. \u00a0\u00a0<\/p>\n<p>Por \u00a0lo \u00a0dem\u00e1s, \u00a0respecto \u00a0de \u00a0su \u00a0identidad \u00a0ninguna \u00a0observaci\u00f3n \u00a0hizo al momento de la privaci\u00f3n de su libertad, mientras \u00a0que \u00a0 el \u00a0nombre \u00a0y \u00a0n\u00famero \u00a0de \u00a0c\u00e9dula, \u00a0escritos \u00a0en \u00a0el \u00a0memorial \u00a0poder \u00a0guardan correspondencia con los \u00a0conocidos \u00a0en \u00a0el tr\u00e1mite y durante este, no la ha discutido ni puesto en duda. \u00a0A \u00a0lo \u00a0anterior se suma la aclaraci\u00f3n efectuada en la nota verbal No. 1007, por \u00a0parte \u00a0de la Embajada Norteamericana, en el sentido que la acusaci\u00f3n y la orden \u00a0de \u00a0arresto \u00a0se \u00a0emitieron \u00a0bajo \u00a0el \u00a0nombre \u00a0de \u00a0JHON CARO, en lugar del nombre \u00a0correcto \u00a0JHON STIVENS MESA CARO, circunstancia que no afecta su validez bajo la \u00a0ley \u00a0de \u00a0los \u00a0Estados \u00a0Unidos, \u00a0pues \u00a0el nombre del fugitivo puede corregirse en \u00a0cualquier \u00a0momento, \u00a0incluso \u00a0despu\u00e9s de efectuada la extradici\u00f3n; de modo que \u00a0la misma se encuentra plenamente establecida. \u00a0\u00a0<\/p>\n<p>3. \u00a0 \u00a0EL \u00a0 \u00a0PRINCIPIO \u00a0 \u00a0DE \u00a0 \u00a0LA \u00a0 DOBLE \u00a0INCRIMINACI\u00d3N \u00a0\u00a0<\/p>\n<p>Para \u00a0 verificar \u00a0 su \u00a0 cumplimiento, \u00a0 es \u00a0imprescindible \u00a0confrontar \u00a0los \u00a0hechos \u00a0en \u00a0los cuales se funda la solicitud de \u00a0extradici\u00f3n \u00a0con \u00a0las \u00a0conductas \u00a0penales descritas en la legislaci\u00f3n interna, \u00a0sin \u00a0atender \u00a0a \u00a0su \u00a0denominaci\u00f3n \u00a0jur\u00eddica, y determinar si la sanci\u00f3n penal \u00a0m\u00ednima es igual o superior a cuatro (4) a\u00f1os de prisi\u00f3n. \u00a0\u00a0<\/p>\n<p>A \u00a0JHON \u00a0STIVENS \u00a0MESA \u00a0CARO \u00a0se \u00a0le \u00a0acusa \u00a0de: \u00a0\u00a0<\/p>\n<p>\u201c- \u00a0Un \u00a0Cargo \u00a0por \u00a0cometer \u00a0un \u00a0acto \u00a0que \u00a0constituy\u00f3 \u00a0un \u00a0paso \u00a0importante hacia la comisi\u00f3n del delito de homicidio, en \u00a0violaci\u00f3n \u00a0 del \u00a0T\u00edtulo \u00a018, \u00a0secciones \u00a0901 \u00a0y \u00a02501 \u00a0del \u00a0C\u00f3digo \u00a0Penal \u00a0de \u00a0Pensilvania; \u00a0\u00a0<\/p>\n<p>&#8211; \u00a0Un \u00a0Cargo \u00a0por \u00a0causar \u00a0o intentar causar \u00a0lesiones \u00a0corporales \u00a0graves \u00a0a \u00a0una \u00a0persona bajo circunstancias que demuestran \u00a0indiferencia \u00a0extrema al valor por la vida humana, en violaci\u00f3n del T\u00edtulo 18, \u00a0Secci\u00f3n 2702 del C\u00f3digo de Pensilvania; \u00a0\u00a0<\/p>\n<p>&#8211; Tres Cargos por participar en conducta que \u00a0puso \u00a0o \u00a0pudo poner a otra persona en peligro de muerte o de lesiones corporales \u00a0graves, \u00a0en violaci\u00f3n del T\u00edtulo 18, Secci\u00f3n 2705 del C\u00f3digo de Pensilvania; \u00a0y \u00a0\u00a0<\/p>\n<p>&#8211; \u00a0Un \u00a0cargo \u00a0por \u00a0porte de un arma de fuego \u00a0dentro \u00a0de \u00a0un \u00a0vehiculo, \u00a0u \u00a0oculta \u00a0en \u00a0una persona, sin una licencia valida y \u00a0legalmente \u00a0expedida, en violaci\u00f3n del T\u00edtulo 18, Secci\u00f3n 6106 del C\u00f3digo de \u00a0Pensilvania.\u201d \u00a0 \u00a03. \u00a0\u00a0<\/p>\n<p>Dichos \u00a0 delitos \u00a0 tambi\u00e9n \u00a0se \u00a0encuentran \u00a0tipificados \u00a0 \u00a0en \u00a0 el \u00a0 C\u00f3digo \u00a0 Penal, ley 599 de 2000, de la siguiente forma: \u00a0\u00a0<\/p>\n<p>En \u00a0el art\u00edculo 103 bajo la denominaci\u00f3n de \u00a0homicidio, \u00a0 en \u00a0 el \u00a0cual \u00a0se \u00a0sanciona \u00a0penalmente la conducta de quien cause la muerte a otro \u00a0con \u00a0prisi\u00f3n \u00a0de doscientos ocho (208) a cuatrocientos cincuenta \u00a0(450) \u00a0meses, \u00a0en \u00a0este \u00a0caso, \u00a0con \u00a0la disminuci\u00f3n prevista en el art\u00edculo 27 \u00a0ib\u00eddem \u00a0para la modalidad tentada, en el sentido que pese a haberse iniciado la \u00a0ejecuci\u00f3n \u00a0de \u00a0la \u00a0conducta \u00a0punible mediante actos id\u00f3neos e inequ\u00edvocamente \u00a0dirigidos \u00a0a su consumaci\u00f3n, \u00e9sta no se produjo por circunstancias ajenas a la \u00a0voluntad \u00a0del \u00a0incriminado, \u00a0evento \u00a0en \u00a0el cual la pena a imponer ser\u00eda no menor de la mitad del m\u00ednimo ni \u00a0mayor \u00a0 de \u00a0 las \u00a0 tres \u00a0 cuartas \u00a0 partes \u00a0 del \u00a0 m\u00e1ximo \u00a0 de \u00a0 la \u00a0 se\u00f1alada \u00a0anteriormente. \u00a0\u00a0<\/p>\n<p>El \u00a0 \u00a0art\u00edculo \u00a0 \u00a0113, \u00a0 \u00a0modificado \u00a0 \u00a0 \u00a0 \u00a0por \u00a0 \u00a0 \u00a0 \u00a0el \u00a0 \u00a0 \u00a0 art\u00edculo \u00a0 \u00a0 \u00a0 2\u00a0de \u00a0la \u00a0ley \u00a01639 de 2013, \u00a0prescribe \u00a0el \u00a0delito de lesiones personales como el da\u00f1o causado \u00a0en \u00a0el \u00a0cuerpo \u00a0o la salud de otra persona, y para el evento en el cual el mismo \u00a0consista \u00a0en \u00a0deformidad \u00a0f\u00edsica \u00a0de \u00a0car\u00e1cter \u00a0transitorio \u00a0la \u00a0pena ser\u00e1 de \u00a0diecis\u00e9is \u00a0(16) \u00a0a ciento ocho (108) meses, mientras \u00a0que \u00a0si \u00a0fuere \u00a0permanente, \u00a0la \u00a0misma ser\u00e1 de prisi\u00f3n de treinta y dos (32) a \u00a0ciento \u00a0veintis\u00e9is \u00a0(126) \u00a0meses. \u00a0En \u00a0caso \u00a0que \u00a0afecte \u00a0el rostro, la pena se \u00a0aumentar\u00e1 desde una tercera parte hasta la mitad. \u00a0\u00a0<\/p>\n<p>Asimismo, \u00a0en \u00a0el \u00a0art\u00edculo \u00a0365 \u00a0denominado \u00a0 \u00a0 fabricaci\u00f3n, \u00a0tr\u00e1fico, \u00a0porte o tenencia de armas de fuego, \u00a0accesorios, \u00a0 \u00a0partes \u00a0 \u00a0o \u00a0 municiones, \u00a0modificado por el art\u00edculo 19 de la ley 1453 de 2011, se penaliza \u00a0a \u00a0quien \u00a0sin \u00a0permiso \u00a0de \u00a0autoridad \u00a0competente \u00a0importe, \u00a0trafique, fabrique, \u00a0transporte, \u00a0almacene, \u00a0distribuya, \u00a0venda, suministre, repare, porte o tenga en \u00a0un \u00a0lugar \u00a0armas de fuego de defensa personal, sus partes esenciales, accesorios \u00a0esenciales \u00a0o \u00a0municiones, \u00a0con pena de prisi\u00f3n de nueve (9) a doce (12) a\u00f1os, \u00a0la \u00a0 cual \u00a0 se \u00a0duplicar\u00e1 \u00a0cuando \u00a0la \u00a0conducta \u00a0se \u00a0cometa \u00a0utilizando \u00a0medios \u00a0motorizados. \u00a0\u00a0<\/p>\n<p>En esas condiciones, las exigencias previstas \u00a0en \u00a0el \u00a0numeral \u00a01\u00ba \u00a0del \u00a0art\u00edculo \u00a0493 \u00a0de \u00a0la \u00a0ley 906 de 2004, relativas al \u00a0principio \u00a0de \u00a0la \u00a0doble \u00a0incriminaci\u00f3n, se encuentran satisfechas, salvo en lo \u00a0que \u00a0dice \u00a0relaci\u00f3n con el delito de lesiones personales, cuyo quantum punitivo \u00a0m\u00ednimo \u00a0no \u00a0alcanza a exceder el l\u00edmite de cuatro a\u00f1os ya aludido previsto en \u00a0el \u00a0 \u00a0art\u00edculo \u00a0 \u00a0493 \u00a0 \u00a0del \u00a0 C\u00f3digo \u00a0 de \u00a0 Procedimiento \u00a0 Penal. \u00a0\u00a0<\/p>\n<p>4. EQUIVALENCIA DE LAS PROVIDENCIAS \u00a0<\/p>\n<p>La \u00a0Corte \u00a0encuentra \u00a0que \u00a0la \u00a0acusaci\u00f3n No. \u00a0K-574678-6 \u00a0dictada \u00a0el \u00a03 de enero de 2007 por la Corte Magistrada Distrital de \u00a0Lackwanna, \u00a0Pensilvania, guarda similitud con el escrito de acusaci\u00f3n de la ley \u00a0906 de 2004. \u00a0\u00a0<\/p>\n<p>Sin \u00a0que \u00a0los sistemas procesales penales que \u00a0rigen \u00a0en \u00a0ambos \u00a0pa\u00edses sean sustancialmente id\u00e9nticos, las decisiones tienen \u00a0semejanzas \u00a0que \u00a0las \u00a0hacen \u00a0equivalentes. \u00a0El Juez de Instrucci\u00f3n de Distrito, \u00a0despu\u00e9s \u00a0de \u00a0examinar \u00a0las \u00a0pruebas \u00a0presentadas \u00a0por las autoridades del orden \u00a0p\u00fablico \u00a0de los Estados Unidos y determinar que existe causa probable acerca de \u00a0la \u00a0 comisi\u00f3n \u00a0 de \u00a0 un \u00a0hecho \u00a0punible, \u00a0emite \u00a0una \u00a0denuncia \u00a0penal \u00a0y \u00a0la \u00a0orden \u00a0de \u00a0arresto. \u00a0\u00a0<\/p>\n<p>\u00c9sta \u00a0es \u00a0un \u00a0documento \u00a0formal en el que se \u00a0imputa \u00a0al \u00a0acusado \u00a0uno \u00a0o \u00a0varios \u00a0delitos, \u00a0describe \u00a0las \u00a0leyes espec\u00edficas \u00a0violadas \u00a0por \u00a0\u00e9l \u00a0y \u00a0los \u00a0actos realizados que presuntamente infringen la ley; \u00a0elementos \u00a0tambi\u00e9n \u00a0comunes al escrito de acusaci\u00f3n del sistema procesal penal \u00a0de Colombia. \u00a0\u00a0<\/p>\n<p>DECISI\u00d3N \u00a0<\/p>\n<p>Verificado el cumplimiento de los presupuestos \u00a0sobre \u00a0los \u00a0cuales \u00a0la Corte funda su concepto y de acuerdo con la solicitud del \u00a0requerido \u00a0coadyuvada \u00a0por \u00a0su defensor y verificada por el Ministerio P\u00fablico, \u00a0la \u00a0Sala \u00a0emitir\u00e1 \u00a0concepto \u00a0favorable \u00a0a \u00a0la extradici\u00f3n de JHON STIVENS MESA \u00a0CARO, \u00a0ciudadano \u00a0colombiano, por los hechos y cargos expuestos en la solicitud, \u00a0y \u00a0de \u00a0car\u00e1cter \u00a0negativo \u00a0en \u00a0lo \u00a0que hace relaci\u00f3n con el delito de lesiones \u00a0personales \u00a0 \u00a0seg\u00fan \u00a0 \u00a0lo \u00a0 expuesto \u00a0 en \u00a0 p\u00e1rrafos \u00a0 precedentes. \u00a0\u00a0<\/p>\n<p>CONDICIONAMIENTOS \u00a0AL GOBIERNO NACIONAL \u00a0\u00a0<\/p>\n<p>Sin \u00a0 desconocimiento \u00a0 de \u00a0la \u00a0competencia \u00a0funcional \u00a0que \u00a0en \u00a0esta \u00a0materia \u00a0le atribuye el art\u00edculo 494 de la ley 906 de \u00a02004 \u00a0 al \u00a0 Gobierno \u00a0 Nacional \u00a0y \u00a0como \u00a0supremo \u00a0director \u00a0de \u00a0las \u00a0relaciones \u00a0internacionales \u00a0seg\u00fan \u00a0el \u00a0numeral \u00a02 del art\u00edculo 189 de la Carta Pol\u00edtica, \u00a0ante \u00a0la \u00a0eventual \u00a0resoluci\u00f3n positiva de la solicitud de extradici\u00f3n de MESA \u00a0CARO, \u00a0la \u00a0Corte \u00a0juzga \u00a0pertinente imponer condicionamientos a la extradici\u00f3n, \u00a0del siguiente tenor: \u00a0\u00a0<\/p>\n<p>La prohibici\u00f3n de aplicar al requerido cadena \u00a0perpetua, \u00a0someterlo \u00a0a desaparici\u00f3n forzada, torturas, tratos o penas crueles, \u00a0inhumanas \u00a0o \u00a0degradantes, \u00a0a \u00a0las de destierro o confiscaci\u00f3n para los delitos \u00a0que \u00a0la \u00a0prev\u00e9n, que estan excluidas del ordenamiento jur\u00eddico interno, seg\u00fan \u00a0lo dispuesto en los art\u00edculos 11, 12 y 34 de la Carta Pol\u00edtica. \u00a0\u00a0<\/p>\n<p>Asimismo \u00a0 se \u00a0recuerda \u00a0al \u00a0pa\u00eds \u00a0solicitante \u00a0que \u00a0\u00fanicamente \u00a0puede \u00a0juzgar \u00a0a \u00a0JHON STIVENS \u00a0MESA \u00a0CARO \u00a0por las conductas que originan \u00a0 \u00a0 \u00a0la \u00a0 \u00a0 \u00a0petici\u00f3n, \u00a0como \u00a0se \u00a0indic\u00f3 en la parte inicial \u00a0de \u00a0este \u00a0concepto \u00a0y respecto de\u00a0 las cuales el \u00a0concepto \u00a0 \u00a0 \u00a0 \u00a0es \u00a0 \u00a0 \u00a0 \u00a0favorable. \u00a0\u00a0<\/p>\n<p>El art\u00edculo 42 de la Carta Pol\u00edtica previene \u00a0que \u00a0la familia es el n\u00facleo fundamental de la sociedad, se\u00f1ala la obligaci\u00f3n \u00a0del \u00a0Estado \u00a0de \u00a0garantizar \u00a0su \u00a0protecci\u00f3n \u00a0integral y la inviolabilidad de la \u00a0honra, \u00a0dignidad \u00a0e \u00a0intimidad \u00a0de \u00a0ella, \u00a0de \u00a0modo \u00a0que al Gobierno Nacional le \u00a0corresponde \u00a0condicionar \u00a0la \u00a0entrega a que conforme con las pol\u00edticas internas \u00a0sobre \u00a0la \u00a0materia, \u00a0el \u00a0pa\u00eds \u00a0extranjero ofrezca al solicitado en extradici\u00f3n \u00a0posibilidades \u00a0racionales \u00a0y reales de tener contacto regular con sus familiares \u00a0m\u00e1s cercanos. \u00a0\u00a0<\/p>\n<p>En \u00a0 orden \u00a0 a \u00a0 preservar \u00a0 los \u00a0 derechos \u00a0fundamentales \u00a0del \u00a0requerido, \u00a0el \u00a0Gobierno Nacional condicionar\u00e1 su entrega a \u00a0que \u00a0el \u00a0Estado extranjero le garantice su permanencia en ese pa\u00eds y el retorno \u00a0a \u00a0Colombia, \u00a0en \u00a0condiciones \u00a0de dignidad y respeto, en el eventual caso de ser \u00a0sobrese\u00eddo, \u00a0absuelto, hallado inocente o situaciones similares que conduzcan a \u00a0su \u00a0libertad, \u00a0incluso \u00a0despu\u00e9s \u00a0de \u00a0su liberaci\u00f3n por cumplimiento de la pena \u00a0impuesta \u00a0 \u00a0en \u00a0 \u00a0raz\u00f3n \u00a0 \u00a0del \u00a0 \u00a0delito \u00a0 por \u00a0 el \u00a0 cual \u00a0 se \u00a0 autoriza \u00a0 su \u00a0extradici\u00f3n. \u00a0\u00a0<\/p>\n<p>Se \u00a0recordar\u00e1 \u00a0al \u00a0gobierno \u00a0extranjero, \u00a0la \u00a0obligaci\u00f3n \u00a0de \u00a0sus autoridades de tener como parte cumplida de la pena en caso \u00a0de \u00a0condena, \u00a0el \u00a0tiempo \u00a0que MESA CARO ha permanecido privado de su libertad en \u00a0raz\u00f3n de este tr\u00e1mite. \u00a0\u00a0<\/p>\n<p>Finalmente, \u00a0se estima pertinente exhortar al \u00a0pa\u00eds \u00a0 solicitante \u00a0 para \u00a0 que \u00a0garantice \u00a0el \u00a0acceso \u00a0del \u00a0mencionado \u00a0a \u00a0los \u00a0medicamentos \u00a0que \u00a0requiere \u00a0para \u00a0el \u00a0tratamiento \u00a0del \u00a0trastorno \u00a0bipolar \u00a0que \u00a0padece. \u00a0\u00a0<\/p>\n<p>Satisfechos \u00a0en su integridad los fundamentos \u00a0se\u00f1alados \u00a0 en \u00a0el \u00a0art\u00edculo \u00a0502 \u00a0del \u00a0C\u00f3digo \u00a0de \u00a0Procedimiento \u00a0Penal, \u00a0la \u00a0CORTE \u00a0 SUPREMA \u00a0 DE \u00a0 JUSTICIA, \u00a0 SALA \u00a0DE \u00a0CASACION \u00a0PENAL, \u00a0 emite \u00a0 CONCEPTO \u00a0FAVORABLE \u00a0a \u00a0la solicitud de extradici\u00f3n elevada por \u00a0el \u00a0Gobierno de los Estados Unidos en relaci\u00f3n con el ciudadano colombiano JHON \u00a0STIVENS \u00a0MESA \u00a0CARO, \u00a0respecto \u00a0a \u00a0los \u00a0cargos \u00a0imputados \u00a0en \u00a0la acusaci\u00f3n No. \u00a0K-574678-6 \u00a0dictada \u00a0el \u00a03 \u00a0de enero de 2007 en la Corte Magistrada Distrital de \u00a0Lackwanna, \u00a0 Pensilvania, \u00a0 exceptuando \u00a0 el \u00a0 cargo \u00a0relativo \u00a0a \u00a0las \u00a0lesiones \u00a0personales. \u00a0\u00a0<\/p>\n<p>En \u00a0caso \u00a0de \u00a0acoger el presente concepto, se \u00a0advierte \u00a0al \u00a0Gobierno \u00a0Nacional \u00a0la \u00a0necesidad \u00a0de hacer conocer y demandar del \u00a0pa\u00eds \u00a0 \u00a0requirente, \u00a0 \u00a0el \u00a0 \u00a0acatamiento \u00a0 a \u00a0 los \u00a0 condicionamientos \u00a0 atr\u00e1s \u00a0se\u00f1alados. \u00a0\u00a0<\/p>\n<p>Comun\u00edquese esta determinaci\u00f3n al solicitado \u00a0JHON \u00a0STIVENS \u00a0MESA \u00a0CARO, a su defensor, al Ministerio P\u00fablico, haci\u00e9ndose lo \u00a0propio con el Fiscal General de la Naci\u00f3n para lo de su cargo. \u00a0\u00a0<\/p>\n<p>Devu\u00e9lvase \u00a0el \u00a0expediente \u00a0al Ministerio de \u00a0Justicia y del Derecho para lo de ley. \u00a0\u00a0<\/p>\n<p>JOS\u00c9 \u00a0LEONIDAS \u00a0BUSTOS MART\u00cdNEZ \u00a0\u00a0<\/p>\n<p>JOS\u00c9 \u00a0 LUIS \u00a0BARCEL\u00d3 \u00a0CAMACHO\u00a0\u00a0\u00a0\u00a0\u00a0\u00a0\u00a0\u00a0\u00a0\u00a0\u00a0\u00a0\u00a0\u00a0\u00a0\u00a0\u00a0\u00a0\u00a0\u00a0\u00a0 \u00a0FERNANDO \u00a0ALBERTO \u00a0CASTRO \u00a0CABALLERO\u00a0\u00a0\u00a0\u00a0\u00a0\u00a0\u00a0\u00a0\u00a0\u00a0\u00a0\u00a0\u00a0\u00a0\u00a0\u00a0\u00a0\u00a0\u00a0\u00a0\u00a0\u00a0\u00a0\u00a0\u00a0\u00a0\u00a0\u00a0\u00a0\u00a0\u00a0\u00a0 \u00a0\u00a0<\/p>\n<p>EUGENIO \u00a0 \u00a0 \u00a0 \u00a0 \u00a0FERNANDEZ \u00a0CARLIER\u00a0\u00a0\u00a0\u00a0\u00a0\u00a0\u00a0\u00a0\u00a0\u00a0\u00a0\u00a0\u00a0\u00a0\u00a0\u00a0\u00a0\u00a0\u00a0\u00a0\u00a0\u00a0 \u00a0MARIA DEL ROSARIO GONZALEZ\u00a0 \u00a0MU\u00d1OZ\u00a0\u00a0\u00a0\u00a0\u00a0\u00a0\u00a0\u00a0\u00a0\u00a0\u00a0\u00a0\u00a0 \u00a0\u00a0<\/p>\n<p>GUSTAVO \u00a0 E. \u00a0 MALO \u00a0 FERNANDEZ\u00a0\u00a0\u00a0\u00a0\u00a0\u00a0\u00a0\u00a0\u00a0\u00a0\u00a0\u00a0\u00a0\u00a0\u00a0\u00a0\u00a0\u00a0\u00a0\u00a0\u00a0\u00a0\u00a0\u00a0\u00a0\u00a0\u00a0\u00a0\u00a0\u00a0\u00a0\u00a0\u00a0\u00a0\u00a0\u00a0\u00a0\u00a0\u00a0\u00a0\u00a0\u00a0\u00a0\u00a0\u00a0\u00a0\u00a0\u00a0\u00a0\u00a0\u00a0\u00a0\u00a0\u00a0\u00a0\u00a0\u00a0\u00a0\u00a0\u00a0\u00a0\u00a0\u00a0 \u00a0EYDER PATI\u00d1O CABRERA \u00a0\u00a0<\/p>\n<p>LUIS \u00a0 \u00a0GUILLERMO \u00a0 \u00a0SALAZAR OTERO \u00a0\u00a0<\/p>\n<p>Nubia Yolanda Nova Garc\u00eda \u00a0<\/p>\n<p>Secretaria \u00a0 \u00a0<\/p>\n<p>1 Folio \u00a078 carpeta 2013-51. \u00a0\u00a0<\/p>\n<p>2 \u00a0Seg\u00fan \u00a0la \u00a0nota \u00a0verbal \u00a0No. \u00a01007, los hechos acaecieron el 31 de diciembre de \u00a02006, folio 87, ib\u00eddem. \u00a0\u00a0<\/p>\n<p>3 Nota \u00a0verbal \u00a0No. \u00a01007 \u00a0del \u00a06 \u00a0de \u00a0junio \u00a0de \u00a02013; folio 85 y.s.s, carpeta 2013-51. \u00a0 \u00a0\u00a0<\/p>\n<p><\/p>\n","protected":false},"excerpt":{"rendered":"<p>\u00a0 \u00a0 CORTE SUPREMA DE JUSTICIA \u00a0 SALA DE CASACI\u00d3N PENAL \u00a0 Magistrado Ponente: \u00a0 Luis Guillermo Salazar Otero \u00a0 Aprobado \u00a0 \u00a0 \u00a0Acta \u00a0 \u00a0 No. 404 \u00a0\u00a0 Bogot\u00e1, D.C., cuatro (4) de diciembre de dos \u00a0mil trece (2013) \u00a0\u00a0 ASUNTO \u00a0 Con \u00a0fundamento \u00a0en \u00a0lo \u00a0dispuesto \u00a0por \u00a0el \u00a0art\u00edculo \u00a0502 \u00a0de \u00a0la \u00a0ley [&hellip;]<\/p>\n","protected":false},"author":1,"featured_media":0,"comment_status":"open","ping_status":"open","sticky":false,"template":"","format":"standard","meta":{"footnotes":""},"categories":[21],"tags":[],"class_list":["post-27110","post","type-post","status-publish","format-standard","hentry","category-21"],"_links":{"self":[{"href":"https:\/\/dmsjuridica.com\/buscador_20179478954\/salapenalcronologico20230723\/wp-json\/wp\/v2\/posts\/27110","targetHints":{"allow":["GET"]}}],"collection":[{"href":"https:\/\/dmsjuridica.com\/buscador_20179478954\/salapenalcronologico20230723\/wp-json\/wp\/v2\/posts"}],"about":[{"href":"https:\/\/dmsjuridica.com\/buscador_20179478954\/salapenalcronologico20230723\/wp-json\/wp\/v2\/types\/post"}],"author":[{"embeddable":true,"href":"https:\/\/dmsjuridica.com\/buscador_20179478954\/salapenalcronologico20230723\/wp-json\/wp\/v2\/users\/1"}],"replies":[{"embeddable":true,"href":"https:\/\/dmsjuridica.com\/buscador_20179478954\/salapenalcronologico20230723\/wp-json\/wp\/v2\/comments?post=27110"}],"version-history":[{"count":0,"href":"https:\/\/dmsjuridica.com\/buscador_20179478954\/salapenalcronologico20230723\/wp-json\/wp\/v2\/posts\/27110\/revisions"}],"wp:attachment":[{"href":"https:\/\/dmsjuridica.com\/buscador_20179478954\/salapenalcronologico20230723\/wp-json\/wp\/v2\/media?parent=27110"}],"wp:term":[{"taxonomy":"category","embeddable":true,"href":"https:\/\/dmsjuridica.com\/buscador_20179478954\/salapenalcronologico20230723\/wp-json\/wp\/v2\/categories?post=27110"},{"taxonomy":"post_tag","embeddable":true,"href":"https:\/\/dmsjuridica.com\/buscador_20179478954\/salapenalcronologico20230723\/wp-json\/wp\/v2\/tags?post=27110"}],"curies":[{"name":"wp","href":"https:\/\/api.w.org\/{rel}","templated":true}]}}