{"id":26892,"date":"2023-09-12T19:53:23","date_gmt":"2023-09-12T19:53:23","guid":{"rendered":"https:\/\/dmsjuridica.com\/buscador_20179478954\/salapenalcronologico20230723\/2023\/09\/12\/4124608-05-13\/"},"modified":"2023-09-12T19:53:23","modified_gmt":"2023-09-12T19:53:23","slug":"4124608-05-13","status":"publish","type":"post","link":"https:\/\/dmsjuridica.com\/buscador_20179478954\/salapenalcronologico20230723\/2023\/09\/12\/4124608-05-13\/","title":{"rendered":"41246(08-05-13)"},"content":{"rendered":"\n<p>\u00a0 \u00a0 CORTE SUPREMA DE JUSTICIA \u00a0<\/p>\n<p>SALA DE CASACI\u00d3N PENAL \u00a0<\/p>\n<p>Magistrado \u00a0Ponente \u00a0\u00a0<\/p>\n<p>JAVIER \u00a0 \u00a0ZAPATA \u00a0ORTIZ \u00a0\u00a0<\/p>\n<p>Aprobada \u00a0acta \u00a0n\u00famero \u00a0139 \u00a0\u00a0<\/p>\n<p>Bogot\u00e1 \u00a0D.C., \u00a0ocho \u00a0(8) \u00a0de mayo de dos mil \u00a0trece (2013) \u00a0\u00a0<\/p>\n<p>VISTOS \u00a0<\/p>\n<p>Define \u00a0la \u00a0Sala \u00a0el \u00a0funcionario \u00a0que \u00a0debe \u00a0conocer \u00a0del proceso que se adelanta contra Ana Mar\u00eda Guzm\u00e1n Hern\u00e1ndez por el \u00a0delito \u00a0extorsi\u00f3n \u00a0agravada en la modalidad de tentativa, de conformidad con la \u00a0manifestaci\u00f3n \u00a0realizada \u00a0por \u00a0la Jueza Segunda Promiscua Municipal de San Gil, \u00a0de no ser competente en raz\u00f3n del factor territorial. \u00a0\u00a0<\/p>\n<p>HECHOS \u00a0<\/p>\n<p>1. El 1\u00ba de febrero de 2013 el se\u00f1or Fabio \u00a0Le\u00f3n \u00a0Ardila\u00a0 alcalde de Charal\u00e1 \u2013 \u00a0Santander, \u00a0le \u00a0inform\u00f3 \u00a0a \u00a0su \u00a0escolta patrullero de la Polic\u00eda \u00a0Nacional \u00a0que recibi\u00f3 varias llamadas de car\u00e1cter extorsivo a su celular de un \u00a0se\u00f1or \u00a0Parmenio \u00a0quien \u00a0dijo \u00a0pertenecer \u00a0al \u00a0grupo \u00a0guerrillero \u00a0Ej\u00e9rcito \u00a0de \u00a0Liberaci\u00f3n \u00a0Nacional \u00a0\u201cELN\u201d, \u00a0y \u00a0le \u00a0exigi\u00f3 \u00a0colaborar con $4.000.000 para \u00a0comprar \u00a0unos \u00a0radios \u00a0Tucson \u00a0de \u00a0largo \u00a0alcance \u00a09000. \u00a0\u00c9ste \u00a0le comunic\u00f3 la \u00a0situaci\u00f3n al Comandante de Polic\u00eda de Santander. \u00a0\u00a0<\/p>\n<p>2. El 2 del mismo mes y a\u00f1o, el burgomaestre \u00a0formul\u00f3 \u00a0la \u00a0respectiva \u00a0denuncia en el Gaula de Bucaramanga, dando inicio a la \u00a0respectiva investigaci\u00f3n. \u00a0\u00a0<\/p>\n<p>3. El 4 de\u00a0 febrero de 2013, el Alcalde \u00a0concert\u00f3 \u00a0con quien dijo llamarse Parmenio consignar en la oficina de Efecty de \u00a0Dos \u00a0Quebradas \u00a0&#8211; \u00a0Risaralda \u00a0la \u00a0suma \u00a0de \u00a0$2.000.000.oo a nombre de Ana Mar\u00eda \u00a0Guzm\u00e1n, \u00a0motivo \u00a0por el cual los funcionarios del Gaula Santander informaron de \u00a0tal \u00a0situaci\u00f3n al comandante del Gaula de Risaralda para realizar el respectivo \u00a0operativo. \u00a0\u00a0<\/p>\n<p>4. \u00a0El \u00a05 \u00a0febrero \u00a0de los corrientes, a las \u00a014:05 \u00a0el Gaula de Risaralda captur\u00f3 a la se\u00f1ora Ana Mar\u00eda Guzm\u00e1n Hern\u00e1ndez \u00a0en \u00a0el \u00a0centro \u00a0comercial \u00a0Puerta \u00a0del \u00a0Sol \u00a0en las instalaciones de Efecty, los \u00a0uniformados \u00a0encontraron \u00a0en su poder un recibo de retiro del dinero enviado por \u00a0el \u00a0 se\u00f1or \u00a0 Fabio \u00a0 Le\u00f3n \u00a0 Ardila \u00a0 procedente \u00a0 de \u00a0 Charal\u00e1 \u00a0 \u2013 \u00a0Santander \u00a0por valor de $191.700.oo y \u00a0un celular. \u00a0\u00a0<\/p>\n<p>5. \u00a0Al \u00a0momento \u00a0de \u00a0la \u00a0aprehensi\u00f3n, \u00a0la \u00a0capturada \u00a0recibi\u00f3 \u00a0una \u00a0llamada \u00a0a \u00a0su \u00a0celular \u00a0de \u00a0\u201cGrandas\u201d, el cual le \u00a0indic\u00f3 \u00a0 consignar \u00a0 $800.000.oo \u00a0a \u00a0nombre \u00a0de \u00a0Deisy\u2026, \u00a0girar \u00a0la \u00a0suma \u00a0de \u00a0$300.000.oo \u00a0a \u00a0Hernando\u2026, \u00a0$360.000 \u00a0a \u00a0nombre \u00a0de \u00a0Mar\u00eda\u2026 \u00a0y \u00a0la \u00a0suma de \u00a0$200.000.oo \u00a0para \u00a0ella. \u00a0La \u00a0llamada qued\u00f3 registrada por la polic\u00eda judicial \u00a0del \u00a0Gaula \u00a0Dos \u00a0Quebradas \u2013 \u00a0Risaralda. \u00a0\u00a0<\/p>\n<p>ACTUACI\u00d3N PROCESAL \u00a0<\/p>\n<p>1. El 6 de febrero de 2013, el fiscal de URI \u00a0solicit\u00f3 \u00a0a \u00a0la \u00a0Jueza \u00a0Segunda \u00a0Penal \u00a0Municipal \u00a0con \u00a0funci\u00f3n \u00a0de control de \u00a0garant\u00edas \u00a0de \u00a0Dos \u00a0Quebradas \u00a0Risaralda, \u00a0las \u00a0audiencias \u00a0de legalizaci\u00f3n de \u00a0captura, \u00a0formulaci\u00f3n \u00a0de imputaci\u00f3n e imposici\u00f3n de medida de aseguramiento. \u00a0En \u00a0su \u00a0orden, \u00a0la \u00a0Juez \u00a0declar\u00f3 \u00a0ajustada \u00a0a \u00a0derecho \u00a0la \u00a0aprehensi\u00f3n de la \u00a0indiciada; \u00a0a continuaci\u00f3n el ente acusador le formul\u00f3 cargos por el delito de \u00a0extorsi\u00f3n \u00a0agravada \u00a0en \u00a0la \u00a0modalidad \u00a0de \u00a0tentativa, \u00a0el cual no acept\u00f3; por \u00a0\u00faltimo, \u00a0le \u00a0impuso \u00a0a \u00a0Ana \u00a0Mar\u00eda \u00a0Guzm\u00e1n Hern\u00e1ndez medida de aseguramiento \u00a0consistente \u00a0en \u00a0privaci\u00f3n \u00a0de la libertad intramural c\u00e1rcel \u201cLa Badea\u201d en \u00a0Dos \u00a0 \u00a0 Quebradas \u00a0 \u00a0\u2013 \u00a0Risaralda. \u00a0\u00a0<\/p>\n<p>2. \u00a0El \u00a018 \u00a0de \u00a0marzo \u00a0de \u00a02013, \u00a0la \u00a0Fiscal \u00a0present\u00f3 \u00a0escrito \u00a0de \u00a0acusaci\u00f3n \u00a0ante \u00a0la \u00a0oficina de reparto de los juzgados \u00a0penales \u00a0 \u00a0 municipales \u00a0 \u00a0 de \u00a0 \u00a0conocimiento \u00a0 \u00a0de \u00a0 \u00a0Charal\u00e1 \u00a0 \u00a0\u2013 Santander. \u00a0\u00a0<\/p>\n<p>3. \u00a0El 19 de abril de 2013, la Jueza Segunda \u00a0Promiscua \u00a0Municipal \u00a0con \u00a0funci\u00f3n \u00a0de \u00a0conocimiento \u00a0del municipio de Charal\u00e1 \u00a0\u2013 \u00a0Santander, \u00a0instal\u00f3 la \u00a0audiencia \u00a0de \u00a0formulaci\u00f3n \u00a0de \u00a0acusaci\u00f3n, \u00a0e \u00a0inform\u00f3 \u00a0que \u00a0ella \u00a0no \u00a0es \u00a0la \u00a0funcionaria \u00a0competente \u00a0para \u00a0adelantar \u00a0el \u00a0juicio, \u00a0sino \u00a0su hom\u00f3logo de Dos \u00a0Quebradas \u00a0&#8211; \u00a0Risaralda, \u00a0toda \u00a0vez que \u201cno \u00a0 existe \u00a0 referencia \u00a0exacta \u00a0acerca \u00a0del \u00a0lugar \u00a0de \u00a0donde \u00a0se \u00a0originaron \u00a0las \u00a0comunicaciones \u00a0a \u00a0la \u00a0v\u00edctima \u00a0Fabio Le\u00f3n Ardila y es en Dos \u00a0Quebradas \u00a0 \u2013 \u00a0Risaralda \u00a0donde \u00a0tuvo parte la ejecuci\u00f3n del il\u00edcito y donde se encuentra la mayor\u00eda de \u00a0los \u00a0 \u00a0 \u00a0elementos \u00a0 \u00a0 fundamentales \u00a0 \u00a0 de \u00a0 \u00a0 la \u00a0 \u00a0 acusaci\u00f3n\u201d. \u00a0\u00a0<\/p>\n<p>En \u00a0el \u00a0uso \u00a0de \u00a0la \u00a0palabra, \u00a0la \u00a0Fiscal\u00eda \u00a0consider\u00f3 \u00a0que el punible investigado atenta contra el patrimonio econ\u00f3mico, y \u00a0si \u00a0bien \u00a0no \u00a0existe \u00a0certeza \u00a0del \u00a0lugar \u00a0donde \u00a0se \u00a0realizaron \u00a0las exigencias \u00a0dinerarias, \u00a0si \u00a0es \u00a0claro \u00a0que \u00a0la \u00a0voluntad del sujeto pasivo de la acci\u00f3n se \u00a0dobleg\u00f3 \u00a0al \u00a0consignar la suma dineraria exigida con el punible en el municipio \u00a0de \u00a0Charal\u00e1, \u00a0adem\u00e1s \u00a0el \u00a0ente \u00a0responsable de la perquisici\u00f3n, al momento de \u00a0presentar \u00a0el \u00a0escrito \u00a0de \u00a0acusaci\u00f3n \u00a0fij\u00f3 \u00a0la \u00a0competencia territorial en el \u00a0Juzgado \u00a0Segundo \u00a0Promiscuo Municipal de Charal\u00e1. Para terminar, informa que la \u00a0v\u00edctima \u00a0y \u00a0el \u00a0polic\u00eda \u00a0Didier \u00a0residen en el antes mencionado municipio y el \u00a0traslado \u00a0de los mismos a Dos Quebradas (Risaralda) les acarrear\u00eda traumatismos \u00a0onerosos, \u00a0 dada \u00a0 la \u00a0 considerable \u00a0distancia \u00a0que \u00a0separa \u00a0ambos \u00a0municipios. \u00a0\u00a0<\/p>\n<p>La \u00a0defensa \u00a0de \u00a0la \u00a0imputada \u00a0coadyuv\u00f3 \u00a0la \u00a0petici\u00f3n \u00a0de \u00a0la \u00a0Fiscal\u00eda, \u00a0es \u00a0decir, deprec\u00f3 mantener la competencia en el \u00a0Juzgado Segundo Penal Municipal de conocimiento de Charal\u00e1. \u00a0\u00a0<\/p>\n<p>Escuchadas \u00a0las partes, la Jueza, dispuso el \u00a0env\u00edo \u00a0de \u00a0las \u00a0diligencias \u00a0a \u00a0esta \u00a0Sala \u00a0para \u00a0resolver \u00a0la \u00a0definici\u00f3n \u00a0de \u00a0competencia, \u00a0 en \u00a0cumplimiento \u00a0del \u00a0art\u00edculo \u00a054 \u00a0de \u00a0la \u00a0Ley \u00a0906 \u00a0de \u00a02004. \u00a0\u00a0<\/p>\n<p>CONSIDERACIONES \u00a0\u00a0<\/p>\n<p>1. \u00a0El art\u00edculo 32, numeral 4 de la Ley 906 \u00a0del \u00a02004, \u00a0dispone \u00a0que \u00a0la \u00a0Corte \u00a0conoce \u00a0de \u201cla definici\u00f3n de competencia \u00a0cuando \u00a0se \u00a0trate \u00a0de aforados constitucionales y legales, o de tribunales, o de \u00a0juzgados \u00a0de \u00a0diferentes \u00a0distritos\u201d; \u00a0hip\u00f3tesis \u00a0a \u00a0la \u00a0cual \u00a0se \u00a0acomoda la \u00a0situaci\u00f3n \u00a0planteada \u00a0en \u00a0este \u00a0asunto, \u00a0porque \u00a0la \u00a0diferencia para conocer se \u00a0radicada \u00a0 entre \u00a0 los \u00a0 distritos \u00a0 judiciales \u00a0de \u00a0San \u00a0Gil \u00a0y \u00a0Pereira.\u00a0 \u00a0\u00a0<\/p>\n<p>2. El art\u00edculo 42 de la Ley 906 de 2004 hace \u00a0referencia \u00a0a la competencia territorial y se\u00f1ala que el territorio nacional se \u00a0divide \u00a0 \u00a0para \u00a0 \u00a0efectos \u00a0 \u00a0de \u00a0 \u00a0juzgamiento \u00a0 en \u00a0 distritos, \u00a0 circuitos \u00a0 y \u00a0municipios. \u00a0\u00a0<\/p>\n<p>Por \u00a0su \u00a0parte \u00a0el \u00a0art\u00edculo 43 de la misma \u00a0normatividad procesal, indica: \u00a0\u00a0<\/p>\n<p>\u201cEs \u00a0 competente \u00a0 para \u00a0 conocer \u00a0 del \u00a0juzgamiento el juez del lugar donde ocurri\u00f3 el delito. \u00a0\u00a0<\/p>\n<p>Cuando no fuere posible determinar el lugar \u00a0de \u00a0ocurrencia \u00a0del hecho, este se hubiere realizado en varios lugares, o en uno \u00a0incierto \u00a0o \u00a0en \u00a0el \u00a0extranjero, la competencia del juez de conocimiento se fija \u00a0por \u00a0el \u00a0lugar \u00a0donde se formule acusaci\u00f3n por parte de la Fiscal\u00eda General de \u00a0la \u00a0Naci\u00f3n, lo cual har\u00e1 donde se encuentren los elementos fundamentales de la \u00a0acusaci\u00f3n\u201d. \u00a0\u00a0<\/p>\n<p>3. \u00a0Descendiendo \u00a0al \u00a0caso \u00a0que \u00a0ocupa \u00a0la \u00a0atenci\u00f3n \u00a0de la Sala, se tiene que en el Juzgado Segundo Promiscuo Municipal de \u00a0Charal\u00e1 \u00a0 la \u00a0fiscal\u00eda \u00a0delegada \u00a0acus\u00f3 \u00a0a \u00a0la \u00a0se\u00f1ora \u00a0Ana \u00a0Mar\u00eda \u00a0Guzm\u00e1n \u00a0Hern\u00e1ndez \u00a0del \u00a0delito \u00a0de \u00a0extorsi\u00f3n agravada, en grado de tentativa, punible \u00a0que \u00a0se \u00a0encuentra \u00a0previsto \u00a0en \u00a0el \u00a0art\u00edculo 244 de la Ley 599 de 2000 en los \u00a0siguiente t\u00e9rminos: \u00a0\u00a0<\/p>\n<p>\u201cEl que constri\u00f1a a otro hacer, tolerar u \u00a0omitir \u00a0alguna \u00a0cosa, \u00a0con el prop\u00f3sito de obtener provecho il\u00edcito para s\u00ed o \u00a0para un tercero\u201d \u00a0\u00a0<\/p>\n<p>Respecto del punible en menci\u00f3n, la Corte ha \u00a0precisado \u00a0que la competencia emerge del lugar donde se inicia la exigencia o se \u00a0exterioriza \u00a0 \u00a0 \u00a0 \u00a0 \u00a0el \u00a0 \u00a0 \u00a0 \u00a0 \u00a0prop\u00f3sito1. \u00a0Empero, \u00a0en \u00a0este \u00a0caso \u00a0la \u00a0Fiscal\u00eda \u00a0General \u00a0de \u00a0la Naci\u00f3n desconoce el siti\u00f3 de origen de las llamadas \u00a0extorsivas \u00a0 \u00a0 realizadas \u00a0 \u00a0 al \u00a0 \u00a0 Alcalde \u00a0 \u00a0 de \u00a0 \u00a0 Charal\u00e1 \u00a0 \u00a0\u2013, \u00a0raz\u00f3n \u00a0por \u00a0la \u00a0cual \u00a0es \u00a0necesario \u00a0acudir \u00a0a \u00a0la \u00a0regla \u00a0contenida \u00a0en \u00a0el \u00a0literal b del art\u00edculo 43 \u00eddem. \u00a0\u00a0<\/p>\n<p>4. Esto es, ser\u00e1 competente para conocer del \u00a0juicio \u00a0el \u00a0funcionario del lugar donde el Fiscal haya presentado la acusaci\u00f3n, \u00a0que \u00a0ser\u00e1 \u00a0aquel donde se encuentren los elementos materiales que la sustentan. \u00a0\u00a0<\/p>\n<p>Al \u00a0 \u00a0respeto \u00a0 \u00a0la \u00a0 \u00a0Sala2 \u00a0\u00a0<\/p>\n<p>determin\u00f3: \u00a0<\/p>\n<p>\u201cDe \u00a0lo \u00a0anterior \u00a0se tiene que cuando la \u00a0consumaci\u00f3n \u00a0de \u00a0un \u00a0delito \u00a0se \u00a0produce \u00a0en \u00a0diferentes lugares del territorio \u00a0nacional \u00a0es \u00a0la \u00a0Fiscal\u00eda \u00a0General \u00a0de \u00a0la \u00a0Naci\u00f3n quien tiene la potestad de \u00a0elegir el juez de conocimiento. \u00a0\u00a0<\/p>\n<p>Pero \u00a0dicha \u00a0facultad \u00a0no \u00a0es arbitraria ni \u00a0omn\u00edmoda \u00a0sino \u00a0que \u00a0tal elecci\u00f3n est\u00e1 limitada por el lugar de ubicaci\u00f3n de \u00a0la \u00a0 mayor \u00a0 cantidad \u00a0 y \u00a0calidad \u00a0de \u00a0los \u00a0&#8211; \u00a0elementos \u00a0fundamentales \u00a0de \u00a0la \u00a0acusaci\u00f3n-\u201d. \u00a0\u00a0<\/p>\n<p>5. \u00a0Lo \u00a0anterior \u00a0significa \u00a0que en la hip\u00f3tesis que nos ocupa, en principio, cuando la Fiscal\u00eda \u00a0formula \u00a0el escrito de acusaci\u00f3n lo realiza en consideraci\u00f3n al lugar donde se \u00a0encuentran \u00a0los \u00a0elementos \u00a0probatorios y as\u00ed determinar cu\u00e1l debe ser el juez \u00a0de conocimiento. \u00a0\u00a0<\/p>\n<p>Ahora, \u00a0 de \u00a0acuerdo \u00a0con \u00a0el \u00a0escrito \u00a0de \u00a0acusaci\u00f3n \u00a0tenemos \u00a0como \u00a0elementos \u00a0materiales de prueba que pretende valer la \u00a0Fiscal\u00eda en juicio son: \u00a0\u00a0<\/p>\n<p>Documentales: \u00a0el \u00a0tel\u00e9fono \u00a0celular y su acta de incautaci\u00f3n; acta de incautaci\u00f3n de dinero por \u00a0valor \u00a0de $191.700.oo, el recibo de consignaci\u00f3n realizado en la empresa Efecty \u00a0de \u00a0Charal\u00e1 \u00a0a \u00a0nombre \u00a0de \u00a0Ana Mar\u00eda Guzm\u00e1n Hern\u00e1ndez; tarjeta decadactilar \u00a0tomada \u00a0a \u00a0la \u00a0capturada; \u00a0resultados \u00a0a \u00a0la \u00a0inspecci\u00f3n \u00a0judicial realizada al \u00a0celular incautado a la acusada. \u00a0\u00a0<\/p>\n<p>Testimoniales: \u00a0La \u00a0v\u00edctima, \u00a0el \u00a0patrullero \u00a0Didier, \u00a0los \u00a0funcionarios \u00a0del CTI que realizaron el \u00a0reporte de inici\u00f3 de la investigaci\u00f3n. \u00a0\u00a0<\/p>\n<p>Los \u00a0anteriores elementos se encuentran bajo \u00a0custodia \u00a0de \u00a0la Fiscal\u00eda y est\u00e1n a disposici\u00f3n de las partes en el municipio \u00a0de \u00a0Charal\u00e1, \u00a0las \u00a0excepciones son, el agente Jorge y la intendente Noralba que \u00a0realizaron la captura y el informe ejecutivo respectivamente. \u00a0\u00a0<\/p>\n<p>Por consiguiente, contrario a lo afirmado por \u00a0la \u00a0juez \u00a0de \u00a0Charal\u00e1, \u00a0la mayor\u00eda de los elementos probatorios reposan en ese \u00a0municipio \u00a0y \u00a0es \u00a0all\u00ed \u00a0donde \u00a0mejor \u00a0se cumple con los prop\u00f3sitos del sistema \u00a0acusatorio. \u00a0\u00a0<\/p>\n<p>6. \u00a0Por \u00a0las \u00a0anteriores consideraciones, la \u00a0Sala \u00a0dispondr\u00e1 \u00a0que \u00a0la \u00a0competencia \u00a0para \u00a0conocer \u00a0del escrito de acusaci\u00f3n \u00a0radicado \u00a0por \u00a0la \u00a0fiscal\u00eda contra Ana Mar\u00eda Guzm\u00e1n Hern\u00e1ndez, es el Juzgado \u00a0Segundo \u00a0Promiscuo \u00a0Municipal de Charal\u00e1, perteneciente al Distrito Judicial de \u00a0San Gil. \u00a0\u00a0<\/p>\n<p>En m\u00e9rito a lo expuesto, la CORTE SUPREMA DE \u00a0JUSTICIA, Sala de Casaci\u00f3n Penal, \u00a0\u00a0<\/p>\n<p>RESUELVE \u00a0<\/p>\n<p>ASIGNAR la \u00a0competencia \u00a0para \u00a0conocer \u00a0de \u00a0la \u00a0acusaci\u00f3n \u00a0en contra de Ana \u00a0Mar\u00eda \u00a0Guzm\u00e1n Hern\u00e1ndez, al Juzgado Segundo Promiscuo Municipal con funciones \u00a0de \u00a0conocimiento de Charal\u00e1, conforme con las consideraciones expuestas en esta \u00a0decisi\u00f3n, a donde ser\u00e1 remitido el expediente. \u00a0\u00a0<\/p>\n<p>Contra esta decisi\u00f3n no \u00a0procede recurso alguno. \u00a0\u00a0<\/p>\n<p>Comun\u00edquese y c\u00famplase, \u00a0<\/p>\n<p>JOS\u00c9 LEONIDAS BUSTOS MART\u00cdNEZ \u00a0<\/p>\n<p>JOSE \u00a0LUIS \u00a0BARCEL\u00d3 \u00a0CAMACHO \u00a0 \u00a0\u00a0 \u00a0\u00a0 \u00a0\u00a0 \u00a0\u00a0FERNANDO \u00a0ALBERTO \u00a0 CASTRO \u00a0 CABALLERO \u00a0\u00a0 \u00a0\u00a0 \u00a0\u00a0 \u00a0\u00a0 \u00a0\u00a0<\/p>\n<p>MARIA \u00a0 \u00a0 DEL \u00a0 \u00a0ROSARIO \u00a0 \u00a0GONZ\u00c1LEZ \u00a0MU\u00d1OZ \u00a0 \u00a0 \u00a0 \u00a0 \u00a0\u00a0 \u00a0\u00a0\u00a0\u00a0\u00a0\u00a0\u00a0\u00a0\u00a0\u00a0\u00a0\u00a0\u00a0\u00a0\u00a0 \u00a0GUSTAVO E. MALO FERN\u00c1NDEZ \u00a0\u00a0<\/p>\n<p>LUIS \u00a0 \u00a0 \u00a0 GUILLERMO \u00a0 \u00a0 \u00a0SALAZAR \u00a0OTERO\u00a0\u00a0\u00a0\u00a0\u00a0\u00a0\u00a0\u00a0\u00a0\u00a0\u00a0\u00a0\u00a0\u00a0\u00a0\u00a0\u00a0 \u00a0 \u00a0 \u00a0\u00a0 \u00a0 \u00a0\u00a0 \u00a0 \u00a0\u00a0 \u00a0 \u00a0 \u00a0 \u00a0 \u00a0 \u00a0 \u00a0\u00a0 \u00a0\u00a0JAVIER \u00a0ZAPATA ORTIZ \u00a0\u00a0<\/p>\n<p>NUBIA YOLANDA NOVA GARC\u00cdA \u00a0<\/p>\n<p>Secretar\u00eda \u00a0 \u00a0\u00a0<\/p>\n<p>1 Auto \u00a0de marzo 2 de 2011; radicaci\u00f3n 35944. \u00a0\u00a0<\/p>\n<p>2 Corte \u00a0Suprema \u00a0de \u00a0Justicia \u00a0Sala \u00a0de \u00a0Casaci\u00f3n \u00a0Penal, auto del 15 de julio de 2008, \u00a0radicaci\u00f3n No. 30152. \u00a0 \u00a0\u00a0<\/p>\n<p><\/p>\n","protected":false},"excerpt":{"rendered":"<p>\u00a0 \u00a0 CORTE SUPREMA DE JUSTICIA \u00a0 SALA DE CASACI\u00d3N PENAL \u00a0 Magistrado \u00a0Ponente \u00a0\u00a0 JAVIER \u00a0 \u00a0ZAPATA \u00a0ORTIZ \u00a0\u00a0 Aprobada \u00a0acta \u00a0n\u00famero \u00a0139 \u00a0\u00a0 Bogot\u00e1 \u00a0D.C., \u00a0ocho \u00a0(8) \u00a0de mayo de dos mil \u00a0trece (2013) \u00a0\u00a0 VISTOS \u00a0 Define \u00a0la \u00a0Sala \u00a0el \u00a0funcionario \u00a0que \u00a0debe \u00a0conocer \u00a0del proceso que se adelanta contra Ana Mar\u00eda [&hellip;]<\/p>\n","protected":false},"author":1,"featured_media":0,"comment_status":"open","ping_status":"open","sticky":false,"template":"","format":"standard","meta":{"footnotes":""},"categories":[21],"tags":[],"class_list":["post-26892","post","type-post","status-publish","format-standard","hentry","category-21"],"_links":{"self":[{"href":"https:\/\/dmsjuridica.com\/buscador_20179478954\/salapenalcronologico20230723\/wp-json\/wp\/v2\/posts\/26892","targetHints":{"allow":["GET"]}}],"collection":[{"href":"https:\/\/dmsjuridica.com\/buscador_20179478954\/salapenalcronologico20230723\/wp-json\/wp\/v2\/posts"}],"about":[{"href":"https:\/\/dmsjuridica.com\/buscador_20179478954\/salapenalcronologico20230723\/wp-json\/wp\/v2\/types\/post"}],"author":[{"embeddable":true,"href":"https:\/\/dmsjuridica.com\/buscador_20179478954\/salapenalcronologico20230723\/wp-json\/wp\/v2\/users\/1"}],"replies":[{"embeddable":true,"href":"https:\/\/dmsjuridica.com\/buscador_20179478954\/salapenalcronologico20230723\/wp-json\/wp\/v2\/comments?post=26892"}],"version-history":[{"count":0,"href":"https:\/\/dmsjuridica.com\/buscador_20179478954\/salapenalcronologico20230723\/wp-json\/wp\/v2\/posts\/26892\/revisions"}],"wp:attachment":[{"href":"https:\/\/dmsjuridica.com\/buscador_20179478954\/salapenalcronologico20230723\/wp-json\/wp\/v2\/media?parent=26892"}],"wp:term":[{"taxonomy":"category","embeddable":true,"href":"https:\/\/dmsjuridica.com\/buscador_20179478954\/salapenalcronologico20230723\/wp-json\/wp\/v2\/categories?post=26892"},{"taxonomy":"post_tag","embeddable":true,"href":"https:\/\/dmsjuridica.com\/buscador_20179478954\/salapenalcronologico20230723\/wp-json\/wp\/v2\/tags?post=26892"}],"curies":[{"name":"wp","href":"https:\/\/api.w.org\/{rel}","templated":true}]}}