{"id":26868,"date":"2023-09-12T19:53:21","date_gmt":"2023-09-12T19:53:21","guid":{"rendered":"https:\/\/dmsjuridica.com\/buscador_20179478954\/salapenalcronologico20230723\/2023\/09\/12\/4121610-12-13\/"},"modified":"2023-09-12T19:53:21","modified_gmt":"2023-09-12T19:53:21","slug":"4121610-12-13","status":"publish","type":"post","link":"https:\/\/dmsjuridica.com\/buscador_20179478954\/salapenalcronologico20230723\/2023\/09\/12\/4121610-12-13\/","title":{"rendered":"41216(10-12-13)"},"content":{"rendered":"\n<p>\u00a0 \u00a0 CORTE SUPREMA DE JUSTICIA \u00a0<\/p>\n<p>SALA DE CASACI\u00d3N PENAL \u00a0<\/p>\n<p>Magistrado Ponente \u00a0<\/p>\n<p>Luis Guillermo Salazar Otero \u00a0<\/p>\n<p>Aprobado Acta No. 413 \u00a0<\/p>\n<p>Bogot\u00e1, \u00a0D.C., diez (10) de diciembre de dos \u00a0mil trece (2013) \u00a0\u00a0<\/p>\n<p>ASUNTO \u00a0<\/p>\n<p>Decide \u00a0la \u00a0Corte \u00a0lo \u00a0relacionado \u00a0con \u00a0la \u00a0extinci\u00f3n \u00a0de \u00a0la \u00a0acci\u00f3n \u00a0penal \u00a0y cesaci\u00f3n del procedimiento por muerte del \u00a0acusado MILTON YECIB PEREA MOSQUERA. \u00a0\u00a0<\/p>\n<p>HECHOS Y ANTECEDENTES PROCESALES \u00a0<\/p>\n<p>En su condici\u00f3n de Juez Civil del Circuito de \u00a0Istmina, \u00a0el \u00a0doctor \u00a0MILTON \u00a0YECIB \u00a0PEREA \u00a0MOSQUERA \u00a0dio \u00a0tr\u00e1mite a la demanda \u00a0ejecutiva \u00a0laboral \u00a0instaurada \u00a0por Isoith Figueroa Rojas contra el departamento \u00a0del \u00a0Choc\u00f3, \u00a0a la cual acompa\u00f1\u00f3 como t\u00edtulo ejecutivo la Resoluci\u00f3n n\u00famero \u00a01764 del primero de octubre de 2007. \u00a0\u00a0<\/p>\n<p>En \u00a0desarrollo \u00a0de \u00a0dicho \u00a0tr\u00e1mite, \u00a0el 3 de \u00a0octubre \u00a0del \u00a0mismo a\u00f1o se libr\u00f3 mandamiento de pago y se orden\u00f3 el embargo y \u00a0retenci\u00f3n \u00a0de \u00a0los \u00a0dineros \u00a0de la entidad demandada, pese a que la competencia \u00a0para \u00a0conocer \u00a0del \u00a0asunto \u00a0radicaba \u00a0en \u00a0el \u00a0Juzgado \u00a0Laboral \u00a0del \u00a0Circuito de \u00a0Quibd\u00f3. \u00a0\u00a0<\/p>\n<p>Luego de vinculado el doctor PEREA MOSQUERA a \u00a0la \u00a0actuaci\u00f3n \u00a0mediante \u00a0indagatoria \u00a0y \u00a0de \u00a0perfeccionada \u00a0en \u00a0lo \u00a0posible \u00a0la \u00a0investigaci\u00f3n, se orden\u00f3 su clausura. \u00a0\u00a0<\/p>\n<p>Seguidamente \u00a0la \u00a0Fiscal\u00eda \u00a0Segunda Delegada \u00a0ante \u00a0el \u00a0Tribunal \u00a0Superior \u00a0del \u00a0Distrito \u00a0Judicial \u00a0de Antioquia calific\u00f3 el \u00a0m\u00e9rito \u00a0probatorio del sumario con resoluci\u00f3n de acusaci\u00f3n contra el imputado \u00a0como \u00a0presunto \u00a0autor \u00a0del \u00a0delito de abuso de funci\u00f3n p\u00fablica, determinaci\u00f3n \u00a0adoptada mediante providencia del 19 de septiembre de 2011. \u00a0\u00a0<\/p>\n<p>La \u00a0Sala \u00a0\u00danica \u00a0del \u00a0Tribunal \u00a0Superior \u00a0de \u00a0Quibd\u00f3 \u00a0asumi\u00f3 el conocimiento de las diligencias para el adelantamiento de la \u00a0etapa \u00a0 de \u00a0 juzgamiento, \u00a0corporaci\u00f3n \u00a0que \u00a0una \u00a0vez \u00a0realizada \u00a0la \u00a0audiencia \u00a0preparatoria \u00a0y \u00a0culminado \u00a0el \u00a0debate \u00a0oral, \u00a0le puso fin al proceso en primera \u00a0instancia \u00a0con \u00a0el \u00a0proferimiento \u00a0de \u00a0la sentencia del 25 de febrero de 2013, a \u00a0trav\u00e9s \u00a0de \u00a0la cual absolvi\u00f3 al acusado por el cargo que le fuera imputado por \u00a0el \u00a0delito de abuso de funci\u00f3n p\u00fablica, determinaci\u00f3n impugnada en apelaci\u00f3n \u00a0por el Fiscal 12 Delegado ante el Tribunal Superior de Antioquia. \u00a0\u00a0<\/p>\n<p>Encontr\u00e1ndose \u00a0la \u00a0actuaci\u00f3n \u00a0en \u00a0la \u00a0Corte \u00a0Suprema \u00a0 para \u00a0 adoptar \u00a0la \u00a0determinaci\u00f3n \u00a0pertinente \u00a0en \u00a0torno \u00a0al \u00a0recurso \u00a0interpuesto, \u00a0la \u00a0Secretar\u00eda \u00a0General del Tribunal Superior de Quibd\u00f3 remiti\u00f3 \u00a0documentaci\u00f3n \u00a0que \u00a0da \u00a0cuenta \u00a0de \u00a0la \u00a0muerte \u00a0del \u00a0doctor \u00a0MILTON YECIB PEREA \u00a0MOSQUERA, \u00a0 \u00a0esto \u00a0 \u00a0es, \u00a0 \u00a0copia \u00a0 \u00a0aut\u00e9ntica \u00a0 \u00a0del \u00a0 \u00a0registro \u00a0 \u00a0civil \u00a0 de \u00a0defunci\u00f3n. \u00a0\u00a0<\/p>\n<p>CONSIDERACIONES\u00a0 \u00a0 DE\u00a0 \u00a0 LA\u00a0 \u00a0CORTE \u00a0\u00a0<\/p>\n<p>De conformidad con lo previsto en el art\u00edculo \u00a082 \u00a0de \u00a0la \u00a0ley \u00a0599 de 2000, la acci\u00f3n penal se extingue, entre otras razones, \u00a0por \u00a0la muerte del procesado, previsi\u00f3n que igualmente contiene el art\u00edculo 38 \u00a0de \u00a0la \u00a0ley \u00a0600 \u00a0de \u00a02000, \u00a0indicando \u00a0adem\u00e1s \u00a0el art\u00edculo 39, ib\u00eddem, en lo \u00a0atinente \u00a0al \u00a0caso, que si durante la etapa del juicio se acredita la existencia \u00a0de \u00a0alguna \u00a0de las situaciones all\u00ed previstas, se debe declarar la cesaci\u00f3n de \u00a0procedimiento. \u00a0\u00a0<\/p>\n<p>As\u00ed \u00a0las \u00a0cosas, \u00a0habi\u00e9ndose \u00a0establecido a \u00a0trav\u00e9s \u00a0de \u00a0los medios de convicci\u00f3n allegados por la Secretar\u00eda del Tribunal \u00a0Superior \u00a0de \u00a0Quibd\u00f3 \u00a0el \u00a0deceso \u00a0del \u00a0procesado \u00a0MILTON \u00a0YECIB PEREA MOSQUERA, \u00a0corresponde \u00a0declarar \u00a0la \u00a0extinci\u00f3n \u00a0de \u00a0la \u00a0acci\u00f3n \u00a0penal \u00a0y la cesaci\u00f3n de \u00a0procedimiento, \u00a0lo \u00a0cual \u00a0implica \u00a0adem\u00e1s \u00a0la \u00a0devoluci\u00f3n \u00a0del \u00a0expediente \u00a0al \u00a0despacho de origen. \u00a0\u00a0<\/p>\n<p>* * * * * * \u00a0<\/p>\n<p>En m\u00e9rito de lo expuesto, la Corte Suprema de \u00a0Justicia, Sala de Casaci\u00f3n Penal, \u00a0\u00a0<\/p>\n<p>RESUELVE: \u00a0<\/p>\n<p>1.- DECLARAR la extinci\u00f3n de la acci\u00f3n penal \u00a0y \u00a0la \u00a0cesaci\u00f3n \u00a0de \u00a0procedimiento \u00a0en \u00a0relaci\u00f3n con el procesado MILTON YECIB \u00a0PEREA MOSQUERA, en atenci\u00f3n a su fallecimiento. \u00a0\u00a0<\/p>\n<p>2.- \u00a0Devu\u00e9lvase el expediente al despacho de \u00a0origen. \u00a0\u00a0<\/p>\n<p>3.- \u00a0Contra \u00a0esta \u00a0providencia \u00a0procede \u00a0el \u00a0recurso de reposici\u00f3n. \u00a0\u00a0<\/p>\n<p>C\u00f3piese, notif\u00edquese y c\u00famplase. \u00a0<\/p>\n<p>JOS\u00c9 LEONIDAS BUSTOS MART\u00cdNEZ \u00a0<\/p>\n<p>JOS\u00c9 \u00a0LUIS \u00a0BARCEL\u00d3 \u00a0CAMACHO \u00a0 \u00a0 \u00a0 \u00a0\u00a0 \u00a0 \u00a0 \u00a0 \u00a0\u00a0 \u00a0 \u00a0 \u00a0 \u00a0\u00a0 \u00a0 \u00a0 \u00a0 \u00a0\u00a0\u00a0\u00a0\u00a0\u00a0\u00a0\u00a0\u00a0\u00a0\u00a0\u00a0\u00a0\u00a0\u00a0\u00a0\u00a0\u00a0\u00a0\u00a0\u00a0\u00a0\u00a0\u00a0\u00a0\u00a0\u00a0\u00a0\u00a0\u00a0\u00a0\u00a0\u00a0 \u00a0 \u00a0 FERNANDO \u00a0 \u00a0 A. \u00a0 \u00a0 CASTRO \u00a0CABALLERO\u00a0\u00a0\u00a0\u00a0\u00a0\u00a0\u00a0\u00a0\u00a0\u00a0\u00a0\u00a0\u00a0\u00a0\u00a0\u00a0\u00a0\u00a0\u00a0\u00a0\u00a0\u00a0\u00a0\u00a0\u00a0\u00a0\u00a0\u00a0\u00a0 \u00a0\u00a0<\/p>\n<p>EUGENIO \u00a0FERN\u00c1NDEZ \u00a0CARLIER \u00a0 \u00a0 \u00a0 \u00a0 \u00a0\u00a0 \u00a0 \u00a0 \u00a0 \u00a0\u00a0 \u00a0 \u00a0 \u00a0 \u00a0\u00a0 \u00a0 \u00a0 \u00a0 \u00a0\u00a0\u00a0\u00a0\u00a0\u00a0\u00a0\u00a0\u00a0\u00a0\u00a0\u00a0\u00a0\u00a0\u00a0\u00a0\u00a0\u00a0\u00a0\u00a0\u00a0\u00a0\u00a0 MAR\u00cdA \u00a0 \u00a0 \u00a0 \u00a0 \u00a0 \u00a0 \u00a0DEL \u00a0 \u00a0 \u00a0 \u00a0 \u00a0 \u00a0 \u00a0ROSARIO \u00a0 \u00a0 \u00a0 \u00a0 \u00a0 \u00a0 \u00a0GONZ\u00c1LEZ \u00a0MU\u00d1OZ\u00a0\u00a0\u00a0\u00a0\u00a0\u00a0\u00a0\u00a0\u00a0\u00a0\u00a0\u00a0\u00a0\u00a0\u00a0\u00a0\u00a0 \u00a0\u00a0<\/p>\n<p>GUSTAVO \u00a0 E. \u00a0MALO \u00a0FERN\u00c1NDEZ \u00a0\u00a0 \u00a0\u00a0 \u00a0\u00a0 \u00a0\u00a0 \u00a0\u00a0 \u00a0\u00a0 \u00a0 \u00a0 \u00a0 \u00a0 \u00a0 \u00a0 \u00a0 \u00a0 \u00a0 \u00a0 \u00a0 \u00a0 \u00a0 \u00a0 \u00a0 \u00a0 \u00a0 \u00a0 \u00a0 \u00a0 \u00a0 \u00a0 \u00a0 \u00a0 \u00a0 \u00a0\u00a0\u00a0\u00a0\u00a0\u00a0\u00a0\u00a0\u00a0\u00a0\u00a0\u00a0\u00a0\u00a0\u00a0\u00a0\u00a0\u00a0\u00a0\u00a0\u00a0\u00a0\u00a0\u00a0\u00a0\u00a0\u00a0\u00a0\u00a0\u00a0\u00a0\u00a0\u00a0\u00a0\u00a0\u00a0\u00a0\u00a0\u00a0\u00a0\u00a0\u00a0\u00a0\u00a0\u00a0 \u00a0EYDER\u00a0 PATI\u00d1O CABRERA \u00a0\u00a0<\/p>\n<p>LUIS GUILLERMO SALAZAR OTERO \u00a0<\/p>\n<p>Nubia Yolanda Nova Garc\u00eda \u00a0<\/p>\n<p>Secretaria \u00a0 \u00a0<\/p>\n<p><\/p>\n","protected":false},"excerpt":{"rendered":"<p>\u00a0 \u00a0 CORTE SUPREMA DE JUSTICIA \u00a0 SALA DE CASACI\u00d3N PENAL \u00a0 Magistrado Ponente \u00a0 Luis Guillermo Salazar Otero \u00a0 Aprobado Acta No. 413 \u00a0 Bogot\u00e1, \u00a0D.C., diez (10) de diciembre de dos \u00a0mil trece (2013) \u00a0\u00a0 ASUNTO \u00a0 Decide \u00a0la \u00a0Corte \u00a0lo \u00a0relacionado \u00a0con \u00a0la \u00a0extinci\u00f3n \u00a0de \u00a0la \u00a0acci\u00f3n \u00a0penal \u00a0y cesaci\u00f3n del procedimiento [&hellip;]<\/p>\n","protected":false},"author":1,"featured_media":0,"comment_status":"open","ping_status":"open","sticky":false,"template":"","format":"standard","meta":{"footnotes":""},"categories":[21],"tags":[],"class_list":["post-26868","post","type-post","status-publish","format-standard","hentry","category-21"],"_links":{"self":[{"href":"https:\/\/dmsjuridica.com\/buscador_20179478954\/salapenalcronologico20230723\/wp-json\/wp\/v2\/posts\/26868","targetHints":{"allow":["GET"]}}],"collection":[{"href":"https:\/\/dmsjuridica.com\/buscador_20179478954\/salapenalcronologico20230723\/wp-json\/wp\/v2\/posts"}],"about":[{"href":"https:\/\/dmsjuridica.com\/buscador_20179478954\/salapenalcronologico20230723\/wp-json\/wp\/v2\/types\/post"}],"author":[{"embeddable":true,"href":"https:\/\/dmsjuridica.com\/buscador_20179478954\/salapenalcronologico20230723\/wp-json\/wp\/v2\/users\/1"}],"replies":[{"embeddable":true,"href":"https:\/\/dmsjuridica.com\/buscador_20179478954\/salapenalcronologico20230723\/wp-json\/wp\/v2\/comments?post=26868"}],"version-history":[{"count":0,"href":"https:\/\/dmsjuridica.com\/buscador_20179478954\/salapenalcronologico20230723\/wp-json\/wp\/v2\/posts\/26868\/revisions"}],"wp:attachment":[{"href":"https:\/\/dmsjuridica.com\/buscador_20179478954\/salapenalcronologico20230723\/wp-json\/wp\/v2\/media?parent=26868"}],"wp:term":[{"taxonomy":"category","embeddable":true,"href":"https:\/\/dmsjuridica.com\/buscador_20179478954\/salapenalcronologico20230723\/wp-json\/wp\/v2\/categories?post=26868"},{"taxonomy":"post_tag","embeddable":true,"href":"https:\/\/dmsjuridica.com\/buscador_20179478954\/salapenalcronologico20230723\/wp-json\/wp\/v2\/tags?post=26868"}],"curies":[{"name":"wp","href":"https:\/\/api.w.org\/{rel}","templated":true}]}}