{"id":26762,"date":"2023-09-12T19:53:15","date_gmt":"2023-09-12T19:53:15","guid":{"rendered":"https:\/\/dmsjuridica.com\/buscador_20179478954\/salapenalcronologico20230723\/2023\/09\/12\/4107617-04-13\/"},"modified":"2023-09-12T19:53:15","modified_gmt":"2023-09-12T19:53:15","slug":"4107617-04-13","status":"publish","type":"post","link":"https:\/\/dmsjuridica.com\/buscador_20179478954\/salapenalcronologico20230723\/2023\/09\/12\/4107617-04-13\/","title":{"rendered":"41076(17-04-13)"},"content":{"rendered":"\n<p>\u00a0 \u00a0 SUPREMA \u00a0 \u00a0 DE \u00a0JUSTICIA \u00a0\u00a0<\/p>\n<p>SALA \u00a0 DE \u00a0 CASACI\u00d3N \u00a0PENAL \u00a0\u00a0<\/p>\n<p>Magistrada Ponente: \u00a0<\/p>\n<p>MAR\u00cdA DEL ROSARIO GONZ\u00c1LEZ\u00a0 MU\u00d1OZ \u00a0\u00a0<\/p>\n<p>Aprobado Acta No. 113 \u00a0<\/p>\n<p>\u00a0 \u00a0\u00a0 \u00a0\u00a0 \u00a0\u00a0Bogot\u00e1 \u00a0 D.C., \u00a0 diecisiete \u00a0 (17) \u00a0 de \u00a0abril \u00a0de \u00a0dos \u00a0mil \u00a0trece \u00a0(2013). \u00a0\u00a0<\/p>\n<p>VISTOS \u00a0<\/p>\n<p>\u00a0 \u00a0\u00a0 \u00a0\u00a0 \u00a0\u00a0Se \u00a0pronuncia \u00a0la \u00a0Sala \u00a0sobre \u00a0la colisi\u00f3n negativa de competencia \u00a0suscitada \u00a0entre \u00a0los \u00a0Juzgados Promiscuo Municipal de Piamonte (Cauca) y Cuarto \u00a0Penal \u00a0Municipal \u00a0de \u00a0Florencia (Caquet\u00e1), en virtud de la cual rehusan conocer \u00a0del \u00a0juicio \u00a0adelantado en contra del procesado JES\u00daS \u00a0AM\u00c9RICO CASANOVA PE\u00d1A. \u00a0\u00a0<\/p>\n<p>HECHOS \u00a0 \u00a0 Y \u00a0ANTECEDENTES \u00a0\u00a0<\/p>\n<p>\u00a0 \u00a0\u00a0 \u00a0\u00a0 \u00a0\u00a0Dentro \u00a0 del \u00a0 matrimonio \u00a0 entre \u00a0Acenet \u00a0\u00c1lvarez \u00a0y \u00a0JES\u00daS \u00a0AM\u00c9RICO \u00a0CASANOVA \u00a0PE\u00d1A nacieron \u00a0los \u00a0menores \u00a0Jefferson \u00a0y \u00a0Jeiner \u00a0Casanova \u00a0\u00c1lvarez, \u00a0adem\u00e1s \u00a0de \u00a0otros \u00a0dos \u00a0descendientes. \u00a0Ante \u00a0la \u00a0separaci\u00f3n \u00a0de \u00a0hecho de los referidos c\u00f3nyuges y la \u00a0demanda \u00a0presentada \u00a0por \u00a0aqu\u00e9lla, \u00a0el \u00a0Juzgado Primero Promiscuo de Familia de \u00a0Florencia \u00a0(Caquet\u00e1), \u00a0el \u00a02 \u00a0de \u00a0junio \u00a0de \u00a02005 \u00a0fij\u00f3 como cuota alimentaria \u00a0mensual \u00a0 a \u00a0 cargo \u00a0del \u00a0demandado \u00a0JES\u00daS \u00a0AM\u00c9RICO \u00a0CASANOVA \u00a0PE\u00d1A \u00a0para \u00a0la \u00a0subsistencia de los menores \u00a0Jefferson \u00a0y \u00a0en \u00a0ese \u00a0entonces \u00a0Edwin Orlando, la suma equivalente al 40% de un \u00a0salario \u00a0m\u00ednimo, obligaci\u00f3n que ha incumplido y que, por tanto, determin\u00f3 que \u00a0la \u00a0progenitora \u00a0lo \u00a0denunciara \u00a0por \u00a0el \u00a0delito \u00a0de \u00a0inasistencia \u00a0alimentaria. \u00a0\u00a0<\/p>\n<p>La \u00a0Fiscal\u00eda \u00a021 \u00a0Local de Mocoa (Putumayo) \u00a0declar\u00f3 \u00a0abierta \u00a0la \u00a0instrucci\u00f3n, \u00a0la \u00a0cual fue calificada el 14 de agosto de \u00a02009 \u00a0con \u00a0resoluci\u00f3n \u00a0de \u00a0acusaci\u00f3n \u00a0contra \u00a0JES\u00daS \u00a0AM\u00c9RICO \u00a0CASANOVA \u00a0PE\u00d1A, \u00a0como \u00a0presunto \u00a0autor \u00a0del \u00a0delito de inasistencia alimentaria. \u00a0\u00a0<\/p>\n<p>La etapa del juicio correspondi\u00f3 al Juzgado \u00a0Segundo \u00a0Penal \u00a0Municipal de Mocoa, Putumayo, despacho que avoc\u00f3 conocimiento y \u00a0fij\u00f3 \u00a0fecha para la celebraci\u00f3n de la audiencia preparatoria. No obstante, por \u00a0virtud \u00a0del \u00a0Acuerdo \u00a0No. \u00a09267 del 24 de febrero de 2012 emitido por el Consejo \u00a0Superior \u00a0 de \u00a0la \u00a0Judicatura, \u00a0las \u00a0diligencias \u00a0fueron \u00a0remitidas \u00a0al \u00a0Juzgado \u00a0Promiscuo Municipal de Piamonte (Cauca). \u00a0\u00a0<\/p>\n<p>Mediante \u00a0auto \u00a0del \u00a031 \u00a0de mayo de 2012, el \u00a0\u00faltimo \u00a0Despacho \u00a0en \u00a0cita \u00a0remiti\u00f3 \u00a0por competencia el proceso a los Juzgados \u00a0Penales \u00a0Municipales \u00a0de \u00a0Florencia \u00a0(Caquet\u00e1) \u00a0y propuso colisi\u00f3n negativa de \u00a0competencia, \u00a0pues \u00a0consider\u00f3 \u00a0que de acuerdo con el contenido del art\u00edculo 78 \u00a0del \u00a0C\u00f3digo \u00a0de \u00a0Procedimiento \u00a0Penal, \u00a0en \u00a0armon\u00eda \u00a0con \u00a0lo establecido en el \u00a0art\u00edculo \u00a0271 del C\u00f3digo del Menor (Decreto 2737 de 1989), la competencia debe \u00a0fijarse \u00a0seg\u00fan \u00a0el \u00a0lugar \u00a0de \u00a0residencia \u00a0del \u00a0titular \u00a0del \u00a0derecho, esto es, \u00a0Florencia \u00a0(Caquet\u00e1), \u00a0conforme \u00a0se \u00a0estableci\u00f3 \u00a0en \u00a0el \u00a0acta de conciliaci\u00f3n \u00a0realizada \u00a0 ante \u00a0 la \u00a0 Fiscal\u00eda \u00a0 21 \u00a0Local \u00a0de \u00a0Mocoa, \u00a0el \u00a025 \u00a0de \u00a0junio \u00a0de \u00a02008. \u00a0\u00a0<\/p>\n<p>Dicha \u00a0actuaci\u00f3n \u00a0correspondi\u00f3 \u00a0al Juzgado \u00a0Primero \u00a0Penal \u00a0Municipal \u00a0de \u00a0Florencia, \u00a0pero \u00a0en \u00a0atenci\u00f3n \u00a0al contenido del \u00a0Acuerdo \u00a0No. 569 del 30 de enero de 2013 proferido por el Consejo Superior de la \u00a0Judicatura, \u00a0las \u00a0diligencias fueron asignadas al Juzgado Cuarto Penal Municipal \u00a0de \u00a0la \u00a0misma \u00a0ciudad, el cual consider\u00f3 improcedente variar la competencia por \u00a0el \u00a0hecho \u00a0de \u00a0que \u00a0la denunciante junto con sus menores hijos hayan cambiado su \u00a0domicilio al Municipio de Florencia (Caquet\u00e1). \u00a0\u00a0<\/p>\n<p>En sustento de dicha premisa, sostuvo que en \u00a0la \u00a0actualidad \u00a0rige \u00a0el \u00a0C\u00f3digo de la Infancia y Adolescencia y, seguidamente, \u00a0cit\u00f3 \u00a0y \u00a0rese\u00f1\u00f3 \u00a0apartes jurisprudenciales de esta Corporaci\u00f3n, para colegir \u00a0que \u00a0una \u00a0vez \u00a0determinada \u00a0la \u00a0competencia \u00a0para \u00a0el \u00a0juzgamiento del delito de \u00a0inasistencia \u00a0alimentaria, \u00a0no puede modificarse por el hecho de que los menores \u00a0v\u00edctimas, \u00a0sus \u00a0padres o representantes legales cambien su domicilio o lugar de \u00a0residencia; \u00a0como \u00a0tampoco \u00a0es \u00a0dable \u00a0alterar \u00a0la \u00a0competencia \u00a0por \u00a0el \u00a0factor \u00a0territorial, \u00a0cuando \u00a0lo \u00a0que \u00a0se requiera sea la presencia del menor, pues para \u00a0ello \u00a0el \u00a0Estado \u00a0cuenta \u00a0con \u00a0pluralidad \u00a0de \u00a0alternativas \u00a0para \u00a0garantizarla. \u00a0\u00a0<\/p>\n<p>Finalmente, indic\u00f3 que la Fiscal\u00eda 21 Local \u00a0de \u00a0Mocoa \u00a0fue \u00a0la \u00a0que avoc\u00f3 el conocimiento de las diligencias y calific\u00f3 el \u00a0m\u00e9rito \u00a0 del \u00a0 sumario \u00a0\u201cresidenciando \u00a0en \u00a0juicio \u00a0criminal \u00a0al \u00a0antes \u00a0mencionado \u00a0(se \u00a0refiere \u00a0a CASANOVA PE\u00d1A), lugar donde se \u00a0fij\u00f3 la competencia de manera definitiva\u201d. \u00a0\u00a0<\/p>\n<p>\u00a0\u00a0 \u00a0<\/p>\n<p>Por \u00a0tal \u00a0motivo, ordena la remisi\u00f3n de las \u00a0diligencias \u00a0 a \u00a0esta \u00a0Corporaci\u00f3n \u00a0para \u00a0que \u00a0sea \u00a0dirimida \u00a0la \u00a0colisi\u00f3n \u00a0de \u00a0competencias legalmente trabada. \u00a0\u00a0<\/p>\n<p>CONSIDERACIONES DE LA SALA \u00a0<\/p>\n<p>La \u00a0Corte es competente para conocer de este \u00a0asunto, \u00a0habida cuenta que el numeral 4\u00ba del art\u00edculo 75 de la Ley 600 de 2000 \u00a0le \u00a0asigna \u00a0el \u00a0conocimiento \u00a0de \u00a0los \u00a0conflictos de competencia que se susciten \u00a0entre juzgados de diferentes distritos. \u00a0\u00a0<\/p>\n<p>\u00a0 \u00a0\u00a0 \u00a0\u00a0 \u00a0\u00a0Con \u00a0el \u00a0fin \u00a0de decidir el conflicto negativo de competencia de que \u00a0aqu\u00ed \u00a0se \u00a0da \u00a0cuenta, \u00a0impera \u00a0precisar \u00a0que \u00a0en vigencia del C\u00f3digo del Menor \u00a0(art\u00edculo \u00a0271),\u00a0 para establecer el funcionario judicial competente en el \u00a0delito \u00a0de \u00a0inasistencia \u00a0alimentaria, \u00a0se \u00a0deb\u00eda \u00a0consultar \u00a0la residencia del \u00a0titular \u00a0del \u00a0derecho, \u00a0entendida \u00a0como\u00a0 \u00a0aquella \u00a0que \u00a0ten\u00eda \u00a0el mismo al \u00a0momento \u00a0en \u00a0que \u00a0se \u00a0formul\u00f3 \u00a0la \u00a0querella \u00a0de parte o cuando de oficio se dio \u00a0comienzo \u00a0 a \u00a0 la \u00a0 correspondiente \u00a0investigaci\u00f3n1, como acertadamente lo se\u00f1ala \u00a0la \u00a0Juez \u00a0Promiscua \u00a0Municipal \u00a0de \u00a0Piamonte \u00a0(Cauca) \u00a0dentro \u00a0de este tr\u00e1mite. \u00a0\u00a0<\/p>\n<p>\u00a0 \u00a0\u00a0 \u00a0\u00a0 \u00a0\u00a0 \u00a0 No \u00a0 obstante, \u00a0 como \u00a0 la \u00a0anterior \u00a0regulaci\u00f3n \u00a0normativa \u00a0fue \u00a0reemplazada \u00a0 \u00a0por \u00a0 las \u00a0disposiciones \u00a0 del \u00a0 C\u00f3digo \u00a0de \u00a0la \u00a0Infancia \u00a0y \u00a0la \u00a0Adolescencia \u00a0 \u00a0 \u00a0 (art\u00edculos \u00a0 \u00a0 \u00a05, \u00a09, \u00a041, \u00a0192 \u00a0y \u00a0193), \u00a0la \u00a0Corte \u00a0actualiz\u00f3 \u00a0desde \u00a0el auto de \u00a0fecha \u00a0 \u00a0 \u00a07 \u00a0 \u00a0 \u00a0de \u00a0 \u00a0 febrero \u00a0 \u00a0 de \u00a0 \u00a0 20072 \u00a0la jurisprudencia relativa a \u00a0la \u00a0 asignaci\u00f3n \u00a0de \u00a0competencia \u00a0para \u00a0la \u00a0conducta \u00a0punible \u00a0de \u00a0inasistencia \u00a0alimentaria de la siguiente \u00a0manera: \u00a0\u00a0<\/p>\n<p>\u201cSea \u00a0que se trate de un proceso que a\u00fan \u00a0subsista \u00a0con \u00a0arreglo \u00a0al \u00a0C\u00f3digo \u00a0de Procedimiento Penal anterior (Ley 600 de \u00a02000), \u00a0o \u00a0de \u00a0un \u00a0proceso \u00a0en el marco del sistema penal acusatorio (Ley 906 de \u00a02004), se tendr\u00e1n en cuenta las siguientes pautas: \u00a0\u00a0<\/p>\n<p>\u201ci) \u00a0 En \u00a0reconocimiento \u00a0del \u00a0inter\u00e9s \u00a0superior \u00a0de \u00a0los \u00a0ni\u00f1os, \u00a0ni\u00f1as \u00a0y adolescentes, el Estado debe garantizar su \u00a0presencia \u00a0o \u00a0la \u00a0de \u00a0sus \u00a0padres \u00a0o representantes legales, en toda diligencia, \u00a0actuaci\u00f3n \u00a0y \u00a0audiencia \u00a0donde \u00a0se \u00a0debatan \u00a0asuntos que puedan comprometer ese \u00a0g\u00e9nero de intereses prevalentes. \u00a0\u00a0<\/p>\n<p>\u201cii) \u00a0Si \u00a0en \u00a0el proceso por el delito de \u00a0inasistencia \u00a0 alimentaria \u00a0 se \u00a0 requiere \u00a0la \u00a0presencia \u00a0del \u00a0ni\u00f1o, \u00a0ni\u00f1a \u00a0o \u00a0adolescente \u00a0o \u00a0de \u00a0sus \u00a0padres o representantes legales, cuando ellos no puedan \u00a0acudir \u00a0por \u00a0sus \u00a0propios \u00a0medios, no resulta atinado, \u00a0jur\u00eddico \u00a0 \u00a0ni \u00a0 \u00a0necesario \u00a0 \u00a0alterar \u00a0 \u00a0la \u00a0 \u00a0competencia \u00a0 por \u00a0 el \u00a0 factor \u00a0territorial, \u00a0toda \u00a0vez \u00a0que \u00a0el \u00a0Estado \u00a0cuenta \u00a0con \u00a0pluralidad \u00a0de \u00a0alternativas \u00a0factibles \u00a0de implementar para lograr la soluci\u00f3n \u00a0m\u00e1s \u00a0adecuada, \u00a0a \u00a0iniciativa \u00a0de la Fiscal\u00eda, de la defensa o del Juez; entre \u00a0ellas: \u00a0facilitar \u00a0los \u00a0medios \u00a0de transporte hasta el lugar donde se llevar\u00e1 a \u00a0cabo \u00a0la \u00a0diligencia o audiencia, utilizar el sistema de tele-video-conferencia, \u00a0o \u00a0solicitar \u00a0su \u00a0conducci\u00f3n \u00a0a \u00a0la Polic\u00eda Nacional (Polic\u00eda de Menores) o a \u00a0cualquier \u00a0 autoridad \u00a0disponible \u00a0en \u00a0condiciones \u00a0de \u00a0respeto \u00a0a \u00a0la \u00a0dignidad \u00a0humana. \u00a0\u00a0<\/p>\n<p>\u201cEn todo caso y en las mismas condiciones \u00a0se \u00a0debe \u00a0garantizar \u00a0el \u00a0retorno \u00a0del \u00a0ni\u00f1o, \u00a0ni\u00f1a, adolescente, sus padres o \u00a0representantes legales, a su lugar de origen. \u00a0\u00a0<\/p>\n<p>\u201ciii) \u00a0Una vez \u00a0determinada \u00a0la \u00a0competencia \u00a0para \u00a0el \u00a0juzgamiento \u00a0del \u00a0delito de inasistencia \u00a0alimentaria, \u00a0\u00e9sta \u00a0no \u00a0se \u00a0modifica \u00a0por \u00a0el hecho de que los ni\u00f1os, ni\u00f1as o \u00a0adolescentes \u00a0-v\u00edctimas \u00a0de ese il\u00edcito- o sus padres o representantes legales \u00a0cambien \u00a0su \u00a0domicilio \u00a0o \u00a0lugar de residencia; puesto \u00a0que, \u00a0como \u00a0la realidad lo ense\u00f1a, las mudanzas podr\u00edan ser indefinidas seg\u00fan \u00a0las \u00a0circunstancias de cada persona, caso en el cual, se llegar\u00eda al absurdo de \u00a0admitir \u00a0tantos jueces temporalmente competentes como ciudades o poblaciones los \u00a0acogiesen. \u00a0\u00a0<\/p>\n<p>\u201civ) \u00a0Excepcionalmente, \u00a0cuando se dieren \u00a0los \u00a0supuestos \u00a0jur\u00eddicos \u00a0para \u00a0el \u00a0cambio \u00a0de radicaci\u00f3n, debe estudiarse la \u00a0posibilidad \u00a0autorizar \u00a0dicha \u00a0medida, \u00a0si \u00a0fuese \u00a0necesaria \u00a0para garantizar el \u00a0acceso \u00a0de los intervinientes a la administraci\u00f3n de justicia, especialmente si \u00a0se \u00a0trata \u00a0de \u00a0ni\u00f1os, \u00a0ni\u00f1as \u00a0o adolescentes v\u00edctimas de conductas delictivas \u00a0(art\u00edculos \u00a085 \u00a0y \u00a0siguientes \u00a0Ley 600 de 2000 y art\u00edculos 46 y siguientes Ley \u00a0906 de 2004). \u00a0\u00a0<\/p>\n<p>\u201cv) \u00a0Factores vinculados a la carencia de \u00a0recursos \u00a0econ\u00f3micos, \u00a0la \u00a0falta \u00a0de \u00a0medios, \u00a0la distancia, o las dificultades \u00a0generales \u00a0de \u00a0los \u00a0intervinientes \u00a0para \u00a0comparecer \u00a0a \u00a0la actuaci\u00f3n procesal, \u00a0no \u00a0est\u00e1n \u00a0autorizados \u00a0legalmente \u00a0como fuentes del \u00a0cambio \u00a0de \u00a0radicaci\u00f3n, \u00a0ni a\u00fan cuando se trate del \u00a0derecho \u00a0 prevalente \u00a0 de \u00a0 los \u00a0 ni\u00f1os, \u00a0 ni\u00f1as \u00a0 y \u00a0adolescentes\u201d. (Subrayas \u00a0ajenas al original). \u00a0\u00a0<\/p>\n<p>\u00a0 \u00a0\u00a0 \u00a0\u00a0 \u00a0\u00a0Siendo \u00a0ello as\u00ed, como en efecto lo es, y teniendo en cuenta que en \u00a0la \u00a0audiencia \u00a0de \u00a0conciliaci\u00f3n realizada a los 13 d\u00edas siguientes de formular \u00a0la \u00a0denuncia, \u00a0se \u00a0estableci\u00f3 \u00a0como \u00a0domicilio de la representante legal de los \u00a0menores \u00a0 la \u00a0 calle \u00a0 3\u00aa \u00a0 No. \u00a0 7 \u00a0\u2013 \u00a012, Barrio Andes Bajo de la ciudad de Florencia (Caquet\u00e1), \u00fanico \u00a0momento \u00a0procesal donde se precis\u00f3 el lugar de residencia de la progenitora, es \u00a0claro \u00a0que \u00a0desde \u00a0ese entonces, se fij\u00f3 la competencia de manera definitiva en \u00a0dicho lugar. \u00a0\u00a0<\/p>\n<p>\u00a0 \u00a0\u00a0 \u00a0\u00a0 \u00a0\u00a0En \u00a0ese \u00a0sentido, \u00a0debe \u00a0precisarse \u00a0que aun cuando la querella y la \u00a0resoluci\u00f3n \u00a0de \u00a0acusaci\u00f3n \u00a0se \u00a0radicaron \u00a0en la ciudad de Mocoa (Putumayo), la \u00a0competencia \u00a0 territorial \u00a0 para \u00a0 adelantar \u00a0 el \u00a0 juicio \u00a0contra \u00a0CASANOVA \u00a0 PE\u00d1A \u00a0debe \u00a0determinarse \u00a0de \u00a0acuerdo \u00a0con \u00a0el \u00a0lugar \u00a0del \u00a0domicilio \u00a0registrado \u00a0por \u00a0el menor al momento de \u00a0activar \u00a0el \u00a0ejercicio \u00a0de \u00a0la acci\u00f3n penal, pues s\u00f3lo as\u00ed se evita variar la \u00a0competencia \u00a0tantas \u00a0veces como domicilios se cambien, en procura de no incurrir \u00a0en \u00a0dilaciones \u00a0injustificadas \u00a0que redunden en detrimento del inter\u00e9s superior \u00a0del menor. \u00a0\u00a0<\/p>\n<p>\u00a0 \u00a0\u00a0 \u00a0\u00a0 \u00a0\u00a0En \u00a0consecuencia, \u00a0la \u00a0competencia \u00a0para \u00a0conocer del juicio en este \u00a0asunto \u00a0radica \u00a0en \u00a0el Juzgado Cuarto Penal Municipal de Florencia (Caquet\u00e1), a \u00a0donde se ordena remitir de inmediato el expediente. \u00a0\u00a0<\/p>\n<p>\u00a0 \u00a0\u00a0 \u00a0\u00a0 \u00a0\u00a0En \u00a0m\u00e9rito \u00a0a \u00a0lo \u00a0expuesto, \u00a0la CORTE SUPREMA DE JUSTICIA, SALA DE \u00a0CASACION PENAL, \u00a0\u00a0<\/p>\n<p>RESUELVE \u00a0\u00a0<\/p>\n<p>\u00a0 \u00a0\u00a0 \u00a0\u00a0 \u00a0\u00a01. \u00a0 \u00a0 \u00a0 \u00a0ASIGNAR \u00a0 el \u00a0conocimiento \u00a0del \u00a0presente \u00a0asunto, \u00a0al \u00a0Juzgado \u00a0Cuarto Penal Municipal de Florencia (Caquet\u00e1), despacho a \u00a0donde \u00a0se \u00a0remitir\u00e1 \u00a0el \u00a0diligenciamiento \u00a0para \u00a0lo \u00a0de su cargo conforme a las \u00a0razones expuestas en la anterior motivaci\u00f3n. \u00a0\u00a0<\/p>\n<p>2. \u00a0\u00a0 \u00a0\u00a0 \u00a0\u00a0 \u00a0 \u00a0COMUNICAR \u00a0lo \u00a0aqu\u00ed \u00a0 decidido \u00a0 al \u00a0 Juzgado \u00a0 Promiscuo \u00a0 Municipal \u00a0 de \u00a0Piamonte \u00a0(Cauca), \u00a0remiti\u00e9ndole copia de la presente decisi\u00f3n. \u00a0\u00a0<\/p>\n<p>Contra \u00a0esta \u00a0providencia no procede recurso \u00a0alguno. \u00a0\u00a0<\/p>\n<p>Devu\u00e9lvase a su lugar de \u00a0origen. \u00a0\u00a0<\/p>\n<p>C\u00famplase, \u00a0<\/p>\n<p>JOS\u00c9 LEONIDAS BUSTOS MART\u00cdNEZ \u00a0<\/p>\n<p>JOS\u00c9 \u00a0 LUIS \u00a0BARCEL\u00d3 \u00a0CAMACHO \u00a0\u00a0 \u00a0\u00a0 \u00a0 \u00a0 \u00a0 \u00a0 \u00a0 \u00a0 \u00a0 \u00a0 \u00a0 \u00a0 \u00a0 \u00a0 \u00a0 \u00a0 \u00a0 \u00a0 \u00a0 \u00a0 \u00a0 \u00a0 \u00a0 \u00a0 \u00a0 \u00a0 \u00a0 \u00a0\u00a0\u00a0\u00a0\u00a0\u00a0\u00a0\u00a0\u00a0\u00a0\u00a0\u00a0\u00a0\u00a0\u00a0\u00a0\u00a0\u00a0\u00a0\u00a0\u00a0 \u00a0FERNANDO ALBERTO CASTRO CABALLERO \u00a0\u00a0<\/p>\n<p>MAR\u00cdA DEL ROSARIO \u00a0GONZ\u00c1LEZ \u00a0MU\u00d1OZ\u00a0\u00a0\u00a0\u00a0\u00a0\u00a0\u00a0\u00a0\u00a0\u00a0\u00a0\u00a0\u00a0\u00a0\u00a0\u00a0\u00a0\u00a0\u00a0\u00a0 \u00a0 \u00a0\u00a0 \u00a0\u00a0 \u00a0\u00a0 \u00a0\u00a0GUSTAVO \u00a0ENRIQUE \u00a0 \u00a0 \u00a0 \u00a0 \u00a0 \u00a0 \u00a0 \u00a0 \u00a0 \u00a0 \u00a0 \u00a0 \u00a0MALO \u00a0 \u00a0 \u00a0 \u00a0 \u00a0 \u00a0 \u00a0 \u00a0 \u00a0 \u00a0 \u00a0 \u00a0 FERN\u00c1NDEZ\u00a0\u00a0\u00a0\u00a0\u00a0\u00a0\u00a0\u00a0\u00a0\u00a0\u00a0\u00a0\u00a0\u00a0 \u00a0 \u00a0 \u00a0\u00a0 \u00a0 \u00a0\u00a0 \u00a0 \u00a0\u00a0 \u00a0 \u00a0 \u00a0\u00a0 \u00a0\u00a0 \u00a0\u00a0 \u00a0\u00a0 \u00a0\u00a0 \u00a0\u00a0 \u00a0 \u00a0\u00a0 \u00a0 \u00a0 \u00a0 \u00a0 \u00a0 \u00a0 \u00a0 \u00a0 \u00a0\u00a0 \u00a0 \u00a0 \u00a0 \u00a0 \u00a0\u00a0 \u00a0\u00a0 \u00a0\u00a0<\/p>\n<p>LUIS \u00a0GUILLERMO \u00a0SALAZAR \u00a0OTERO\u00a0\u00a0\u00a0\u00a0\u00a0\u00a0\u00a0\u00a0\u00a0\u00a0\u00a0\u00a0\u00a0\u00a0\u00a0\u00a0\u00a0\u00a0\u00a0\u00a0\u00a0\u00a0\u00a0 \u00a0JAVIER ZAPATA ORT\u00cdZ \u00a0\u00a0<\/p>\n<p>NUBIA YOLANDA NOVA GARC\u00cdA \u00a0<\/p>\n<p>Secretaria \u00a0<\/p>\n<p>\u00a0 \u00a0\u00a0<\/p>\n<p>1 \u00a0En \u00a0este \u00a0 sentido, \u00a0 auto \u00a0 del \u00a0 7 \u00a0 de \u00a0 febrero \u00a0 de \u00a02006. \u00a0Rad. \u00a024594, \u00a0entre \u00a0otros. \u00a0\u00a0<\/p>\n<p>2 \u00a0Radicaci\u00f3n 26660 \u00a0 \u00a0\u00a0<\/p>\n<p><\/p>\n","protected":false},"excerpt":{"rendered":"<p>\u00a0 \u00a0 SUPREMA \u00a0 \u00a0 DE \u00a0JUSTICIA \u00a0\u00a0 SALA \u00a0 DE \u00a0 CASACI\u00d3N \u00a0PENAL \u00a0\u00a0 Magistrada Ponente: \u00a0 MAR\u00cdA DEL ROSARIO GONZ\u00c1LEZ\u00a0 MU\u00d1OZ \u00a0\u00a0 Aprobado Acta No. 113 \u00a0 \u00a0 \u00a0\u00a0 \u00a0\u00a0 \u00a0\u00a0Bogot\u00e1 \u00a0 D.C., \u00a0 diecisiete \u00a0 (17) \u00a0 de \u00a0abril \u00a0de \u00a0dos \u00a0mil \u00a0trece \u00a0(2013). \u00a0\u00a0 VISTOS \u00a0 \u00a0 \u00a0\u00a0 \u00a0\u00a0 \u00a0\u00a0Se \u00a0pronuncia [&hellip;]<\/p>\n","protected":false},"author":1,"featured_media":0,"comment_status":"open","ping_status":"open","sticky":false,"template":"","format":"standard","meta":{"footnotes":""},"categories":[21],"tags":[],"class_list":["post-26762","post","type-post","status-publish","format-standard","hentry","category-21"],"_links":{"self":[{"href":"https:\/\/dmsjuridica.com\/buscador_20179478954\/salapenalcronologico20230723\/wp-json\/wp\/v2\/posts\/26762","targetHints":{"allow":["GET"]}}],"collection":[{"href":"https:\/\/dmsjuridica.com\/buscador_20179478954\/salapenalcronologico20230723\/wp-json\/wp\/v2\/posts"}],"about":[{"href":"https:\/\/dmsjuridica.com\/buscador_20179478954\/salapenalcronologico20230723\/wp-json\/wp\/v2\/types\/post"}],"author":[{"embeddable":true,"href":"https:\/\/dmsjuridica.com\/buscador_20179478954\/salapenalcronologico20230723\/wp-json\/wp\/v2\/users\/1"}],"replies":[{"embeddable":true,"href":"https:\/\/dmsjuridica.com\/buscador_20179478954\/salapenalcronologico20230723\/wp-json\/wp\/v2\/comments?post=26762"}],"version-history":[{"count":0,"href":"https:\/\/dmsjuridica.com\/buscador_20179478954\/salapenalcronologico20230723\/wp-json\/wp\/v2\/posts\/26762\/revisions"}],"wp:attachment":[{"href":"https:\/\/dmsjuridica.com\/buscador_20179478954\/salapenalcronologico20230723\/wp-json\/wp\/v2\/media?parent=26762"}],"wp:term":[{"taxonomy":"category","embeddable":true,"href":"https:\/\/dmsjuridica.com\/buscador_20179478954\/salapenalcronologico20230723\/wp-json\/wp\/v2\/categories?post=26762"},{"taxonomy":"post_tag","embeddable":true,"href":"https:\/\/dmsjuridica.com\/buscador_20179478954\/salapenalcronologico20230723\/wp-json\/wp\/v2\/tags?post=26762"}],"curies":[{"name":"wp","href":"https:\/\/api.w.org\/{rel}","templated":true}]}}