{"id":26499,"date":"2023-09-12T19:52:17","date_gmt":"2023-09-12T19:52:17","guid":{"rendered":"https:\/\/dmsjuridica.com\/buscador_20179478954\/salapenalcronologico20230723\/2023\/09\/12\/4071306-03-13\/"},"modified":"2023-09-12T19:52:17","modified_gmt":"2023-09-12T19:52:17","slug":"4071306-03-13","status":"publish","type":"post","link":"https:\/\/dmsjuridica.com\/buscador_20179478954\/salapenalcronologico20230723\/2023\/09\/12\/4071306-03-13\/","title":{"rendered":"40713(06-03-13)"},"content":{"rendered":"\n<p>\u00a0 \u00a0 CORTE SUPREMA DE JUSTICIA \u00a0<\/p>\n<p>SALA DE CASACI\u00d3N PENAL \u00a0<\/p>\n<p>\u00a0 \u00a0\u00a0 \u00a0\u00a0 \u00a0\u00a0 \u00a0\u00a0 \u00a0 \u00a0 \u00a0 \u00a0 \u00a0 \u00a0\u00a0 \u00a0Magistrado Ponente: \u00a0\u00a0<\/p>\n<p>\u00a0 \u00a0\u00a0 \u00a0\u00a0 \u00a0\u00a0 \u00a0\u00a0 \u00a0 \u00a0 \u00a0 \u00a0 \u00a0 \u00a0\u00a0 \u00a0 \u00a0\u00a0GUSTAVO \u00a0 ENRIQUE \u00a0 MALO \u00a0 FERN\u00c1NDEZ \u00a0\u00a0<\/p>\n<p>\u00a0 \u00a0\u00a0 \u00a0\u00a0 \u00a0\u00a0 \u00a0\u00a0 \u00a0 \u00a0 \u00a0 \u00a0 \u00a0 \u00a0\u00a0 \u00a0Aprobado Acta No. 69. \u00a0\u00a0<\/p>\n<p>\u00a0 \u00a0\u00a0 \u00a0\u00a0 \u00a0\u00a0Bogot\u00e1, D.C., seis de marzo de dos mil trece. \u00a0\u00a0<\/p>\n<p>V \u00a0 \u00a0I \u00a0 S \u00a0 T \u00a0 O \u00a0S \u00a0\u00a0<\/p>\n<p>Se pronuncia la Corte sobre el desistimiento \u00a0del \u00a0recurso \u00a0extraordinario \u00a0de \u00a0casaci\u00f3n \u00a0presentado \u00a0por \u00a0la \u00a0defensora \u00a0del \u00a0procesado \u00a0 PEDRO \u00a0PABLO \u00a0MART\u00cdNEZ SERRANO. \u00a0\u00a0<\/p>\n<p>Para \u00a0 \u00a0 \u00a0resolver, \u00a0 \u00a0 CONSIDERA LA CORTE: \u00a0\u00a0<\/p>\n<p>El Juzgado Vigesimocuarto Penal del Circuito \u00a0de \u00a0Bogot\u00e1, \u00a0mediante \u00a0sentencia anticipada del 28 de abril de 2011, conden\u00f3 a \u00a0PEDRO \u00a0 \u00a0PABLO \u00a0 \u00a0MART\u00cdNEZ \u00a0 \u00a0SERRANO \u00a0a \u00a0la \u00a0pena principal de 30 meses de prisi\u00f3n, y a la accesoria de \u00a0inhabilitaci\u00f3n \u00a0para \u00a0el \u00a0ejercicio \u00a0de \u00a0derechos \u00a0y funciones p\u00fablicas por el \u00a0mismo \u00a0lapso \u00a0de la pena privativa de la libertad, y le impuso la obligaci\u00f3n de \u00a0cancelar \u00a0 \u00a0los \u00a0 \u00a0perjuicios \u00a0 \u00a0materiales \u00a0 \u00a0valorados \u00a0 en \u00a0 $534\u2019092.673,oo, \u00a0 al \u00a0 declararlo \u00a0 autor \u00a0penalmente \u00a0responsable de los delitos de hurto agravado y falsedad en documento \u00a0privado. \u00a0Al \u00a0sentenciado \u00a0se \u00a0le \u00a0concedi\u00f3 \u00a0el \u00a0sustituto \u00a0de \u00a0la \u00a0suspensi\u00f3n \u00a0condicional de la ejecuci\u00f3n de la pena. \u00a0\u00a0<\/p>\n<p>El \u00a0fallo fue recurrido en apelaci\u00f3n por el \u00a0delegado \u00a0de \u00a0la \u00a0Fiscal\u00eda \u00a0General \u00a0de \u00a0la \u00a0Naci\u00f3n y el Tribunal Superior del \u00a0Distrito \u00a0Judicial de Bogot\u00e1, el 15 de agosto de 2012, lo confirm\u00f3 modificando \u00a0la \u00a0pena, \u00a0para fijarla en 4 a\u00f1os de prisi\u00f3n, se\u00f1alando que el castigo deb\u00eda \u00a0purgarlo \u00a0MART\u00cdNEZ \u00a0SERRANO \u00a0en su domicilio. \u00a0\u00a0<\/p>\n<p>La \u00a0sentencia \u00a0de \u00a0segunda \u00a0instancia \u00a0fue \u00a0recurrida \u00a0en \u00a0casaci\u00f3n \u00a0por \u00a0la \u00a0defensa t\u00e9cnica del procesado. El expediente \u00a0pas\u00f3 \u00a0a Despacho del suscrito Magistrado el pasado 18 de febrero y antes de que \u00a0se \u00a0emitiera \u00a0alg\u00fan \u00a0pronunciamiento \u00a0sobre \u00a0la \u00a0admisi\u00f3n \u00a0de \u00a0la \u00a0demanda, la \u00a0defensora \u00a0de \u00a0PEDRO PABLO \u00a0MART\u00cdNEZ \u00a0 SERRANO, \u00a0 envi\u00f3 \u00a0 un \u00a0 escrito \u00a0a \u00a0esta \u00a0Corporaci\u00f3n \u00a0 en \u00a0 el \u00a0 que \u00a0 manifiesta \u00a0 desistir \u00a0del recurso extraordinario de casaci\u00f3n. \u00a0\u00a0<\/p>\n<p>En \u00a0raz\u00f3n \u00a0de \u00a0ello, debe precisarse que el \u00a0art\u00edculo \u00a0230 del C\u00f3digo de Procedimiento Penal (Ley \u00a0600 \u00a0 \u00a0de \u00a0 \u00a02000) \u00a0 se\u00f1ala \u00a0 que \u00a0 \u201cPodr\u00e1 \u00a0 \u00a0 \u00a0 desistirse \u00a0de la casaci\u00f3n y de la acci\u00f3n de revisi\u00f3n antes de que la Sala \u00a0las decida.\u201d (Se destaca). \u00a0\u00a0<\/p>\n<p>En \u00a0 consecuencia, \u00a0 ante \u00a0 la \u00a0 expresa \u00a0manifestaci\u00f3n \u00a0 de \u00a0 voluntad \u00a0de \u00a0la \u00a0defensora \u00a0de \u00a0PEDRO \u00a0 \u00a0PABLO \u00a0 \u00a0MART\u00cdNEZ \u00a0 \u00a0SERRANO, \u00a0 quien \u00a0 informa \u00a0su \u00a0intenci\u00f3n \u00a0de \u00a0abandonar \u00a0la \u00a0impugnaci\u00f3n \u00a0extraordinaria \u00a0oportunamente \u00a0promovida \u00a0y, \u00a0en \u00a0atenci\u00f3n \u00a0a que la respectiva \u00a0decisi\u00f3n \u00a0de \u00a0fondo a\u00fan no se ha producido, nada obsta para que la pretensi\u00f3n \u00a0presentada \u00a0por \u00a0la \u00a0recurrente \u00a0a consideraci\u00f3n de la Sala de Casaci\u00f3n Penal, \u00a0sea \u00a0acogida \u00a0positivamente, \u00a0procedi\u00e9ndose de conformidad con lo estipulado en \u00a0la referida disposici\u00f3n. \u00a0\u00a0<\/p>\n<p>En \u00a0m\u00e9rito \u00a0a \u00a0lo expuesto, la CORTE \u00a0SUPREMA \u00a0DE \u00a0JUSTICIA, \u00a0Sala \u00a0de \u00a0Casaci\u00f3n Penal, \u00a0\u00a0<\/p>\n<p>\u00a0 R \u00a0 E \u00a0 S \u00a0U \u00a0E \u00a0L \u00a0V \u00a0E \u00a0\u00a0<\/p>\n<p>\u00a0 \u00a0\u00a0 \u00a0\u00a0 \u00a0\u00a0ACEPTAR \u00a0el \u00a0desistimiento \u00a0del \u00a0recurso \u00a0extraordinario \u00a0 de \u00a0 casaci\u00f3n \u00a0 presentado \u00a0por \u00a0la \u00a0defensora \u00a0 \u00a0 \u00a0del \u00a0 \u00a0 \u00a0procesado \u00a0 \u00a0 PEDRO \u00a0PABLO \u00a0MART\u00cdNEZ \u00a0SERRANO, por lo \u00a0anotado en la motivaci\u00f3n que antecede. \u00a0\u00a0<\/p>\n<p>C\u00f3piese, \u00a0 notif\u00edquese, \u00a0 c\u00famplase \u00a0 y \u00a0devu\u00e9lvase al Tribunal de origen. \u00a0\u00a0<\/p>\n<p>JOS\u00c9 LEONIDAS BUSTOS MART\u00cdNEZ \u00a0<\/p>\n<p>JOS\u00c9 \u00a0LUIS \u00a0BARCEL\u00d3 \u00a0CAMACHO \u00a0\u00a0 \u00a0\u00a0 \u00a0\u00a0 \u00a0\u00a0 \u00a0\u00a0 \u00a0\u00a0 \u00a0 \u00a0\u00a0 \u00a0 \u00a0 \u00a0 \u00a0 \u00a0 \u00a0 \u00a0 \u00a0 \u00a0\u00a0FERNANDO A. CASTRO CABALLERO \u00a0\u00a0<\/p>\n<p>MAR\u00cdA \u00a0 \u00a0 DEL \u00a0 \u00a0ROARIO \u00a0 \u00a0GONZ\u00c1LEZ \u00a0MU\u00d1OZ \u00a0 \u00a0 \u00a0 \u00a0 \u00a0\u00a0 \u00a0\u00a0GUSTAVO ENRIQUE MALO FERN\u00c1NDEZ \u00a0\u00a0<\/p>\n<p>LUIS \u00a0GUILLERMO \u00a0SALAZAR \u00a0OTERO \u00a0\u00a0 \u00a0\u00a0 \u00a0\u00a0 \u00a0\u00a0 \u00a0\u00a0 \u00a0\u00a0 \u00a0 \u00a0\u00a0 \u00a0 \u00a0\u00a0JULIO \u00a0 \u00a0ENRIQUE \u00a0 \u00a0SOCHA \u00a0SALAMANCA \u00a0\u00a0<\/p>\n<p>JAVIER DE JES\u00daS ZAPATA ORTIZ \u00a0<\/p>\n<p>Nubia Yolanda Nova Garc\u00eda \u00a0<\/p>\n<p>Secretaria \u00a0 \u00a0<\/p>\n<p><\/p>\n","protected":false},"excerpt":{"rendered":"<p>\u00a0 \u00a0 CORTE SUPREMA DE JUSTICIA \u00a0 SALA DE CASACI\u00d3N PENAL \u00a0 \u00a0 \u00a0\u00a0 \u00a0\u00a0 \u00a0\u00a0 \u00a0\u00a0 \u00a0 \u00a0 \u00a0 \u00a0 \u00a0 \u00a0\u00a0 \u00a0Magistrado Ponente: \u00a0\u00a0 \u00a0 \u00a0\u00a0 \u00a0\u00a0 \u00a0\u00a0 \u00a0\u00a0 \u00a0 \u00a0 \u00a0 \u00a0 \u00a0 \u00a0\u00a0 \u00a0 \u00a0\u00a0GUSTAVO \u00a0 ENRIQUE \u00a0 MALO \u00a0 FERN\u00c1NDEZ \u00a0\u00a0 \u00a0 \u00a0\u00a0 \u00a0\u00a0 \u00a0\u00a0 \u00a0\u00a0 \u00a0 \u00a0 \u00a0 \u00a0 [&hellip;]<\/p>\n","protected":false},"author":1,"featured_media":0,"comment_status":"open","ping_status":"open","sticky":false,"template":"","format":"standard","meta":{"footnotes":""},"categories":[21],"tags":[],"class_list":["post-26499","post","type-post","status-publish","format-standard","hentry","category-21"],"_links":{"self":[{"href":"https:\/\/dmsjuridica.com\/buscador_20179478954\/salapenalcronologico20230723\/wp-json\/wp\/v2\/posts\/26499","targetHints":{"allow":["GET"]}}],"collection":[{"href":"https:\/\/dmsjuridica.com\/buscador_20179478954\/salapenalcronologico20230723\/wp-json\/wp\/v2\/posts"}],"about":[{"href":"https:\/\/dmsjuridica.com\/buscador_20179478954\/salapenalcronologico20230723\/wp-json\/wp\/v2\/types\/post"}],"author":[{"embeddable":true,"href":"https:\/\/dmsjuridica.com\/buscador_20179478954\/salapenalcronologico20230723\/wp-json\/wp\/v2\/users\/1"}],"replies":[{"embeddable":true,"href":"https:\/\/dmsjuridica.com\/buscador_20179478954\/salapenalcronologico20230723\/wp-json\/wp\/v2\/comments?post=26499"}],"version-history":[{"count":0,"href":"https:\/\/dmsjuridica.com\/buscador_20179478954\/salapenalcronologico20230723\/wp-json\/wp\/v2\/posts\/26499\/revisions"}],"wp:attachment":[{"href":"https:\/\/dmsjuridica.com\/buscador_20179478954\/salapenalcronologico20230723\/wp-json\/wp\/v2\/media?parent=26499"}],"wp:term":[{"taxonomy":"category","embeddable":true,"href":"https:\/\/dmsjuridica.com\/buscador_20179478954\/salapenalcronologico20230723\/wp-json\/wp\/v2\/categories?post=26499"},{"taxonomy":"post_tag","embeddable":true,"href":"https:\/\/dmsjuridica.com\/buscador_20179478954\/salapenalcronologico20230723\/wp-json\/wp\/v2\/tags?post=26499"}],"curies":[{"name":"wp","href":"https:\/\/api.w.org\/{rel}","templated":true}]}}