{"id":26339,"date":"2023-09-12T19:52:08","date_gmt":"2023-09-12T19:52:08","guid":{"rendered":"https:\/\/dmsjuridica.com\/buscador_20179478954\/salapenalcronologico20230723\/2023\/09\/12\/4052123-01-13\/"},"modified":"2023-09-12T19:52:08","modified_gmt":"2023-09-12T19:52:08","slug":"4052123-01-13","status":"publish","type":"post","link":"https:\/\/dmsjuridica.com\/buscador_20179478954\/salapenalcronologico20230723\/2023\/09\/12\/4052123-01-13\/","title":{"rendered":"40521(23-01-13)"},"content":{"rendered":"\n<p>\u00a0 \u00a0 CORTE \u00a0 SUPREMA \u00a0 DE \u00a0JUSTICIA \u00a0\u00a0<\/p>\n<p>SALA \u00a0 DE \u00a0 CASACI\u00d3N \u00a0PENAL \u00a0\u00a0<\/p>\n<p>Magistrada Ponente: \u00a0<\/p>\n<p>MAR\u00cdA \u00a0DEL ROSARIO \u00a0GONZ\u00c1LEZ MU\u00d1OZ \u00a0\u00a0<\/p>\n<p>Aprobado Acta No. 011 \u00a0<\/p>\n<p>\u00a0 \u00a0\u00a0 \u00a0\u00a0 \u00a0\u00a0Bogot\u00e1, \u00a0 D.C., \u00a0 veintitr\u00e9s \u00a0(23) \u00a0de \u00a0enero \u00a0de \u00a0dos \u00a0mil \u00a0trece \u00a0(2013). \u00a0\u00a0<\/p>\n<p>VISTOS \u00a0<\/p>\n<p>\u00a0 \u00a0\u00a0 \u00a0\u00a0 \u00a0\u00a0De \u00a0plano \u00a0se \u00a0pronuncia \u00a0la \u00a0Sala \u00a0sobre \u00a0la solicitud de cambio de \u00a0radicaci\u00f3n \u00a0 elevada \u00a0 por \u00a0 la \u00a0 defensora \u00a0 de \u00a0los \u00a0procesados \u00a0\u00d3SCAR \u00a0 EFR\u00c9N \u00a0 PALADINES \u00a0 VARGAS \u00a0 y \u00a0EDER WILSON MONTERO MONTERO, \u00a0coadyuvada \u00a0por \u00a0la \u00a0Fiscal\u00eda, \u00a0acusados \u00a0como \u00a0presuntos autores del delito de \u00a0tr\u00e1fico, \u00a0fabricaci\u00f3n, \u00a0porte o tenencia de armas de fuego, accesorios, partes \u00a0o municiones. \u00a0\u00a0<\/p>\n<p>FUNDAMENTO \u00a0 DE \u00a0 LA \u00a0SOLICITUD \u00a0\u00a0<\/p>\n<p>En \u00a0escrito \u00a0presentado \u00a0ante \u00a0el \u00a0Juzgado \u00a0Promiscuo \u00a0del \u00a0Circuito \u00a0con \u00a0funciones \u00a0de \u00a0conocimiento de Bol\u00edvar, despacho \u00a0donde \u00a0cursa \u00a0la \u00a0fase \u00a0del \u00a0juicio \u00a0contra los referidos ciudadanos, la defensa \u00a0solicit\u00f3 \u00a0el \u00a0cambio \u00a0de \u00a0radicaci\u00f3n \u00a0de \u00a0dicho \u00a0diligenciamiento \u00a0al distrito \u00a0judicial \u00a0de \u00a0Mocoa, aduciendo para ello que los procesados fueron capturados en \u00a0aparente \u00a0estado \u00a0de flagrancia en la vereda San Juan de Villalobos, lugar que a \u00a0pesar \u00a0de \u00a0pertenecer \u00a0administrativa \u00a0y \u00a0judicialmente \u00a0al circuito judicial de \u00a0Bol\u00edvar, \u00a0Cauca, \u00a0por v\u00eda terrestre se encuentra aproximadamente a 15 horas de \u00a0distancia \u00a0del \u00a0Departamento \u00a0del \u00a0Cauca, \u00a0en \u00a0tanto est\u00e1 geogr\u00e1ficamente m\u00e1s \u00a0cerca \u00a0 de \u00a0 la \u00a0 ciudad \u00a0 de \u00a0Mocoa \u00a0\u2013 \u00a0 \u00a0 a \u00a0 \u00a0 una \u00a0 \u00a0hora \u00a0 \u00a0por \u00a0 \u00a0la \u00a0 \u00a0misma \u00a0 \u00a0v\u00eda \u00a0 \u00a0\u2013 \u00a0 \u00a0y \u00a0 de \u00a0 Pitalito \u00a0 \u2013 \u00a0a \u00a0una \u00a0hora \u00a0y \u00a0media \u00a0\u2013. \u00a0\u00a0<\/p>\n<p>Precisamente, \u00a0 agrega, \u00a0dicha \u00a0proximidad \u00a0geogr\u00e1fica \u00a0con el circuito judicial de Mocoa determin\u00f3 la realizaci\u00f3n de las \u00a0audiencias \u00a0 preliminares \u00a0 de \u00a0 legalizaci\u00f3n \u00a0 de \u00a0 captura, \u00a0formulaci\u00f3n \u00a0de \u00a0imputaci\u00f3n \u00a0e \u00a0imposici\u00f3n \u00a0de \u00a0medida de aseguramiento ante el Juzgado Segundo \u00a0Penal Municipal con funciones de control de garant\u00edas de Mocoa. \u00a0\u00a0<\/p>\n<p>\u00a0 \u00a0<\/p>\n<p>No \u00a0obstante, \u00a0asegura \u00a0que \u00a0por \u00a0motivos de \u00a0incapacidad \u00a0econ\u00f3mica \u00a0los \u00a0procesados \u00a0no \u00a0pueden \u00a0asistir \u00a0a \u00a0las audiencias \u00a0programadas \u00a0en \u00a0el Juzgado Promiscuo del Circuito con funciones de conocimiento \u00a0de \u00a0Bol\u00edvar para el ejercicio de la defensa material, como tampoco los testigos \u00a0necesarios \u00a0para \u00a0respaldar \u00a0la \u00a0teor\u00eda \u00a0del \u00a0caso, \u00a0pues \u00a0todos \u00a0residen en el \u00a0Municipio \u00a0de Isnos, Huila, y no cuentan con los medios necesarios para sufragar \u00a0los costos de desplazamiento y alimentaci\u00f3n. \u00a0\u00a0<\/p>\n<p>As\u00ed \u00a0las \u00a0cosas, \u00a0para \u00a0la \u00a0garant\u00eda de un \u00a0juicio \u00a0justo \u00a0y \u00a0en \u00a0igualdad de armas, con fundamento en el art\u00edculo 46 de la \u00a0Ley \u00a0906 \u00a0de \u00a02004, \u00a0concretamente por afectaci\u00f3n de las garant\u00edas procesales, \u00a0solicita \u00a0el \u00a0cambio \u00a0de \u00a0radicaci\u00f3n de las diligencias al distrito judicial de \u00a0Mocoa. \u00a0\u00a0<\/p>\n<p>\u00a0 \u00a0\u00a0 \u00a0\u00a0 \u00a0\u00a0Por \u00a0su \u00a0parte, \u00a0el \u00a0representante \u00a0de \u00a0la \u00a0Fiscal\u00eda \u00a0coadyuv\u00f3 \u00a0la \u00a0petici\u00f3n \u00a0al inicio de la audiencia preparatoria, al advertir que la dificultad \u00a0de \u00a0 \u00a0desplazamiento \u00a0 genera \u00a0 riesgo \u00a0 para \u00a0 un \u00a0 juicio \u00a0 en \u00a0 igualdad \u00a0 de \u00a0armas. \u00a0\u00a0<\/p>\n<p>CONSIDERACIONES \u00a0DE \u00a0LA \u00a0SALA \u00a0\u00a0<\/p>\n<p>De conformidad con la preceptiva del numeral \u00a08\u00ba \u00a0del \u00a0art\u00edculo 32 de la Ley 906 de 2004 la Sala es competente para resolver \u00a0la \u00a0petici\u00f3n de cambio de radicaci\u00f3n formulada por la defensa de los acusados, \u00a0en \u00a0tanto \u00a0la \u00a0solicitud \u00a0pretende \u00a0que el ciclo de juzgamiento se surta en otro \u00a0distrito judicial. \u00a0\u00a0<\/p>\n<p>Ahora, \u00a0reiteradamente \u00a0ha \u00a0se\u00f1alado \u00a0esta \u00a0Colegiatura \u00a0que \u00a0el \u00a0cambio \u00a0de radicaci\u00f3n es un mecanismo residual y extremo, \u00a0por \u00a0cuya \u00a0virtud se alteran las reglas de competencia en raz\u00f3n del territorio, \u00a0el \u00a0cual s\u00f3lo procede cuando se demuestra de manera contundente y cierta que en \u00a0el \u00a0lugar \u00a0donde \u00a0cursa la actuaci\u00f3n procesal existen circunstancias capaces de \u00a0afectar \u00a0 de \u00a0manera \u00a0real \u00a0y \u00a0efectiva \u00a0\u201cel \u00a0orden \u00a0p\u00fablico, \u00a0 la \u00a0imparcialidad \u00a0o \u00a0la \u00a0independencia \u00a0de \u00a0la \u00a0administraci\u00f3n \u00a0de \u00a0justicia, \u00a0 las \u00a0 garant\u00edas \u00a0procesales, \u00a0la \u00a0publicidad \u00a0del \u00a0juzgamiento, \u00a0la \u00a0seguridad \u00a0o \u00a0integridad \u00a0personal \u00a0de \u00a0los \u00a0intervinientes, \u00a0en especial de las \u00a0v\u00edctimas, \u00a0o de los servidores p\u00fablicos\u201d (art\u00edculo \u00a046 de Ley 906 de 2004). \u00a0\u00a0<\/p>\n<p>Para que tales situaciones permitan variar de \u00a0manera \u00a0excepcional \u00a0el \u00a0mencionado factor de competencia, es preciso para quien \u00a0las \u00a0invoca acreditarlas probatoriamente, pues de conformidad con lo establecido \u00a0en \u00a0el \u00a0art\u00edculo \u00a048 \u00a0del \u00a0estatuto procesal penal tiene la carga de la prueba. \u00a0Adem\u00e1s, \u00a0es \u00a0necesario demostrar la aptitud suficiente, trascendente y concreta \u00a0de \u00a0aquellas \u00a0circunstancias \u00a0en la vulneraci\u00f3n o puesta en grave peligro de la \u00a0funci\u00f3n \u00a0jurisdiccional \u00a0en \u00a0el \u00a0sitio \u00a0o \u00a0regi\u00f3n donde se tramita el juicio o \u00a0desvirtuar \u00a0la \u00a0imparcialidad \u00a0que debe regirlo, y por ende, permitan vislumbrar \u00a0su \u00a0 efectiva \u00a0 injerencia \u00a0 en \u00a0el \u00a0tr\u00e1mite \u00a0cuyo \u00a0cambio \u00a0de \u00a0radicaci\u00f3n \u00a0se \u00a0solicita. \u00a0\u00a0<\/p>\n<p>En \u00a0el \u00a0asunto objeto de estudio advierte la \u00a0Sala \u00a0que \u00a0los \u00a0motivos \u00a0se\u00f1alados por la parte solicitante no se ajustan a las \u00a0mencionadas \u00a0 exigencias, \u00a0 no \u00a0 s\u00f3lo \u00a0por \u00a0cuanto \u00a0tienen \u00a0por \u00a0base \u00a0premisas \u00a0indemostradas \u00a0probatoriamente, \u00a0como la referida a la incapacidad econ\u00f3mica de \u00a0los \u00a0procesados \u00a0y \u00a0potenciales \u00a0testigos, \u00a0sino porque adem\u00e1s no se orientan a \u00a0demostrar \u00a0alguna de las hip\u00f3tesis dispuestas por el legislador para acceder al \u00a0cambio de radicaci\u00f3n solicitado. \u00a0\u00a0<\/p>\n<p>En \u00a0efecto, \u00a0el mecanismo jur\u00eddico invocado \u00a0puede \u00a0autorizarse s\u00f3lo cuando exista un ambiente impropio para el juzgamiento, \u00a0de \u00a0tal \u00a0magnitud \u00a0que \u00a0permita \u00a0exceptuar la competencia deducida por el factor \u00a0territorial, \u00a0lo \u00a0cual no result\u00f3 acreditado en este asunto, pues la situaci\u00f3n \u00a0econ\u00f3mica \u00a0de \u00a0los \u00a0procesados \u00a0y \u00a0sus \u00a0testigos \u00a0ninguna \u00a0relaci\u00f3n guarda con \u00a0circunstancias \u00a0del \u00a0lugar \u00a0en \u00a0donde se adelanta el juicio que puedan perturbar \u00a0las garant\u00edas procesales. \u00a0\u00a0<\/p>\n<p>Impera \u00a0se\u00f1alar \u00a0adem\u00e1s, \u00a0que el lugar del \u00a0domicilio \u00a0de \u00a0los acusados o deponentes no se erige en la legislaci\u00f3n procesal \u00a0penal \u00a0como \u00a0factor \u00a0de \u00a0competencia \u00a0o circunstancia que determine el cambio de \u00a0radicaci\u00f3n \u00a0del \u00a0asunto, \u00a0por m\u00e1s lejano que se encuentre del lugar donde deba \u00a0adelantarse \u00a0 \u00a0el \u00a0 \u00a0juicio \u00a0 \u00a0como \u00a0 \u00a0erradamente \u00a0 \u00a0parece \u00a0 \u00a0entenderlo \u00a0 \u00a0la \u00a0peticionaria. \u00a0\u00a0<\/p>\n<p>Las razones precedentes resultan suficientes \u00a0para \u00a0concluir que la solicitud de cambio de radicaci\u00f3n debe ser negada, no sin \u00a0antes \u00a0recordar \u00a0que \u00a0el proceso judicial es un asunto demasiado serio como para \u00a0que \u00a0sirva \u00a0de recept\u00e1culo a peticiones sustentadas en afirmaciones carentes de \u00a0demostraci\u00f3n, \u00a0las \u00a0cuales \u00a0dan \u00a0lugar en la mayor\u00eda de ocasiones a dilaciones \u00a0innecesarias del tr\u00e1mite. \u00a0\u00a0<\/p>\n<p>En m\u00e9rito a lo expuesto, la CORTE SUPREMA DE \u00a0JUSTICIA, Sala de Casaci\u00f3n Penal, \u00a0\u00a0<\/p>\n<p>\u00a0 RESUELVE \u00a0\u00a0<\/p>\n<p>\u00a0 \u00a0\u00a0 \u00a0\u00a0 \u00a0\u00a0NEGAR \u00a0el cambio \u00a0de \u00a0radicaci\u00f3n \u00a0solicitado, de conformidad con las consideraciones expuestas en \u00a0la anterior motivaci\u00f3n. \u00a0\u00a0<\/p>\n<p>\u00a0 \u00a0\u00a0 \u00a0\u00a0 \u00a0\u00a0Contra esta providencia no procede recurso alguno. \u00a0\u00a0<\/p>\n<p>\u00a0 \u00a0\u00a0 \u00a0\u00a0 \u00a0\u00a0Devu\u00e9lvase a su lugar \u00a0de origen. \u00a0\u00a0<\/p>\n<p>\u00a0 \u00a0\u00a0 \u00a0\u00a0 \u00a0\u00a0C\u00famplase, \u00a0\u00a0<\/p>\n<p>JOS\u00c9 LEONIDAS BUSTOS MART\u00cdNEZ \u00a0<\/p>\n<p>JOS\u00c9 \u00a0 LUIS \u00a0BARCEL\u00d3 \u00a0CAMACHO \u00a0\u00a0 \u00a0\u00a0 \u00a0 \u00a0 \u00a0 \u00a0 \u00a0 \u00a0 \u00a0 \u00a0 \u00a0 \u00a0 \u00a0 \u00a0 \u00a0 \u00a0 \u00a0 \u00a0 \u00a0 \u00a0 \u00a0 \u00a0 \u00a0 \u00a0 \u00a0 \u00a0 \u00a0 \u00a0\u00a0\u00a0\u00a0\u00a0\u00a0\u00a0\u00a0\u00a0\u00a0\u00a0\u00a0\u00a0\u00a0\u00a0\u00a0\u00a0\u00a0\u00a0\u00a0\u00a0 \u00a0FERNANDO ALBERTO CASTRO CABALLERO \u00a0\u00a0<\/p>\n<p>MAR\u00cdA DEL ROSARIO \u00a0GONZ\u00c1LEZ \u00a0 \u00a0 \u00a0 \u00a0 \u00a0 \u00a0 \u00a0 MU\u00d1OZ\u00a0\u00a0\u00a0\u00a0\u00a0\u00a0\u00a0\u00a0\u00a0\u00a0\u00a0\u00a0\u00a0\u00a0\u00a0\u00a0\u00a0\u00a0\u00a0\u00a0 \u00a0 \u00a0\u00a0 \u00a0\u00a0 \u00a0\u00a0 \u00a0\u00a0GUSTAVO \u00a0ENRIQUE \u00a0 \u00a0MALO \u00a0 FERN\u00c1NDEZ\u00a0\u00a0\u00a0\u00a0\u00a0\u00a0\u00a0\u00a0\u00a0\u00a0\u00a0\u00a0\u00a0\u00a0 \u00a0 \u00a0 \u00a0\u00a0 \u00a0 \u00a0\u00a0 \u00a0 \u00a0\u00a0 \u00a0 \u00a0 \u00a0\u00a0 \u00a0\u00a0 \u00a0\u00a0 \u00a0\u00a0 \u00a0\u00a0 \u00a0\u00a0 \u00a0 \u00a0\u00a0 \u00a0 \u00a0 \u00a0 \u00a0 \u00a0 \u00a0 \u00a0 \u00a0 \u00a0\u00a0 \u00a0 \u00a0 \u00a0 \u00a0 \u00a0\u00a0 \u00a0\u00a0 \u00a0\u00a0<\/p>\n<p>LUIS \u00a0GUILLERMO \u00a0SALAZAR \u00a0OTERO\u00a0\u00a0\u00a0\u00a0\u00a0\u00a0\u00a0\u00a0\u00a0\u00a0\u00a0\u00a0\u00a0\u00a0\u00a0\u00a0\u00a0\u00a0\u00a0\u00a0 \u00a0JULIO ENRIQUE SOCHA SALAMANCA \u00a0\u00a0<\/p>\n<p>\u00a0 \u00a0\u00a0 \u00a0\u00a0 \u00a0\u00a0\u00a0\u00a0\u00a0\u00a0\u00a0\u00a0\u00a0\u00a0\u00a0\u00a0\u00a0\u00a0\u00a0\u00a0\u00a0\u00a0\u00a0\u00a0\u00a0\u00a0\u00a0\u00a0\u00a0\u00a0\u00a0\u00a0 \u00a0JAVIER ZAPATA ORT\u00cdZ \u00a0\u00a0<\/p>\n<p>NUBIA YOLANDA NOVA GARC\u00cdA \u00a0<\/p>\n<p>Secretaria \u00a0<\/p>\n<p>\u00a0 \u00a0\u00a0<\/p>\n<p><\/p>\n","protected":false},"excerpt":{"rendered":"<p>\u00a0 \u00a0 CORTE \u00a0 SUPREMA \u00a0 DE \u00a0JUSTICIA \u00a0\u00a0 SALA \u00a0 DE \u00a0 CASACI\u00d3N \u00a0PENAL \u00a0\u00a0 Magistrada Ponente: \u00a0 MAR\u00cdA \u00a0DEL ROSARIO \u00a0GONZ\u00c1LEZ MU\u00d1OZ \u00a0\u00a0 Aprobado Acta No. 011 \u00a0 \u00a0 \u00a0\u00a0 \u00a0\u00a0 \u00a0\u00a0Bogot\u00e1, \u00a0 D.C., \u00a0 veintitr\u00e9s \u00a0(23) \u00a0de \u00a0enero \u00a0de \u00a0dos \u00a0mil \u00a0trece \u00a0(2013). \u00a0\u00a0 VISTOS \u00a0 \u00a0 \u00a0\u00a0 \u00a0\u00a0 \u00a0\u00a0De \u00a0plano \u00a0se [&hellip;]<\/p>\n","protected":false},"author":1,"featured_media":0,"comment_status":"open","ping_status":"open","sticky":false,"template":"","format":"standard","meta":{"footnotes":""},"categories":[21],"tags":[],"class_list":["post-26339","post","type-post","status-publish","format-standard","hentry","category-21"],"_links":{"self":[{"href":"https:\/\/dmsjuridica.com\/buscador_20179478954\/salapenalcronologico20230723\/wp-json\/wp\/v2\/posts\/26339","targetHints":{"allow":["GET"]}}],"collection":[{"href":"https:\/\/dmsjuridica.com\/buscador_20179478954\/salapenalcronologico20230723\/wp-json\/wp\/v2\/posts"}],"about":[{"href":"https:\/\/dmsjuridica.com\/buscador_20179478954\/salapenalcronologico20230723\/wp-json\/wp\/v2\/types\/post"}],"author":[{"embeddable":true,"href":"https:\/\/dmsjuridica.com\/buscador_20179478954\/salapenalcronologico20230723\/wp-json\/wp\/v2\/users\/1"}],"replies":[{"embeddable":true,"href":"https:\/\/dmsjuridica.com\/buscador_20179478954\/salapenalcronologico20230723\/wp-json\/wp\/v2\/comments?post=26339"}],"version-history":[{"count":0,"href":"https:\/\/dmsjuridica.com\/buscador_20179478954\/salapenalcronologico20230723\/wp-json\/wp\/v2\/posts\/26339\/revisions"}],"wp:attachment":[{"href":"https:\/\/dmsjuridica.com\/buscador_20179478954\/salapenalcronologico20230723\/wp-json\/wp\/v2\/media?parent=26339"}],"wp:term":[{"taxonomy":"category","embeddable":true,"href":"https:\/\/dmsjuridica.com\/buscador_20179478954\/salapenalcronologico20230723\/wp-json\/wp\/v2\/categories?post=26339"},{"taxonomy":"post_tag","embeddable":true,"href":"https:\/\/dmsjuridica.com\/buscador_20179478954\/salapenalcronologico20230723\/wp-json\/wp\/v2\/tags?post=26339"}],"curies":[{"name":"wp","href":"https:\/\/api.w.org\/{rel}","templated":true}]}}