{"id":26272,"date":"2023-09-12T19:51:31","date_gmt":"2023-09-12T19:51:31","guid":{"rendered":"https:\/\/dmsjuridica.com\/buscador_20179478954\/salapenalcronologico20230723\/2023\/09\/12\/4044526-08-13\/"},"modified":"2023-09-12T19:51:31","modified_gmt":"2023-09-12T19:51:31","slug":"4044526-08-13","status":"publish","type":"post","link":"https:\/\/dmsjuridica.com\/buscador_20179478954\/salapenalcronologico20230723\/2023\/09\/12\/4044526-08-13\/","title":{"rendered":"40445(26-08-13)"},"content":{"rendered":"\n<p>\u00a0 \u00a0 CORTE \u00a0 SUPREMA \u00a0 DE \u00a0JUSTICIA \u00a0\u00a0<\/p>\n<p>SALA \u00a0 DE \u00a0 CASACI\u00d3N \u00a0PENAL \u00a0\u00a0<\/p>\n<p>Magistrada Ponente: \u00a0<\/p>\n<p>MAR\u00cdA \u00a0 DEL \u00a0 ROSARIO \u00a0GONZ\u00c1LEZ MU\u00d1OZ \u00a0\u00a0<\/p>\n<p>Aprobado Acta N\u00ba 272. \u00a0<\/p>\n<p>\u00a0 \u00a0\u00a0 \u00a0\u00a0 \u00a0\u00a0Bogot\u00e1 \u00a0 D.C., \u00a0 veintis\u00e9is \u00a0(26) \u00a0de \u00a0agosto \u00a0de \u00a0dos \u00a0mil \u00a0trece \u00a0(2013). \u00a0\u00a0<\/p>\n<p>VISTOS \u00a0<\/p>\n<p>Se \u00a0pronuncia la Sala en torno al recurso de \u00a0reposici\u00f3n \u00a0interpuesto \u00a0contra \u00a0la \u00a0providencia \u00a0del \u00a0pasado \u00a015 \u00a0de \u00a0mayo del \u00a0cursante \u00a0a\u00f1o, \u00a0mediante \u00a0la \u00a0cual \u00a0la \u00a0Sala inadmiti\u00f3 la demanda de revisi\u00f3n \u00a0presentada, \u00a0 a \u00a0 trav\u00e9s \u00a0 de \u00a0 apoderado, \u00a0 por \u00a0 el \u00a0 ciudadano \u00a0ALEX\u00c1NDER \u00a0MORENO CARVAJAL, en desmedro de \u00a0la \u00a0sentencia \u00a0de \u00a0segunda \u00a0instancia \u00a0proferida el 11 de febrero de 2008 por el \u00a0Tribunal \u00a0Superior \u00a0de \u00a0Cartagena, por cuyo medio confirm\u00f3 en lo fundamental el \u00a0fallo \u00a0emitido \u00a0el \u00a019 \u00a0de \u00a0diciembre \u00a0de \u00a02002 \u00a0por el Juzgado \u00danico Penal del \u00a0Circuito \u00a0de \u00a0Mompox, \u00a0que conden\u00f3 al antes mencionado como determinador de los \u00a0delitos de homicidio agravado y secuestro simple agravado. \u00a0\u00a0<\/p>\n<p>\u00a0 ANTECEDENTES \u00a0RELEVANTES \u00a0\u00a0<\/p>\n<p>\u00a0 \u00a0\u00a0 \u00a0\u00a0 \u00a0\u00a01. \u00a0El \u00a014 \u00a0de \u00a0diciembre \u00a0de \u00a02012 \u00a0el \u00a0apoderado \u00a0de \u00a0ALEX\u00c1NDER \u00a0 MORENO \u00a0 CARVAJAL \u00a0 instaur\u00f3 \u00a0demanda \u00a0de \u00a0revisi\u00f3n \u00a0contra \u00a0la \u00a0sentencia del Tribunal Superior de Cartagena \u00a0antes rese\u00f1ada. \u00a0\u00a0<\/p>\n<p>2. \u00a0La \u00a0Corte, \u00a0en \u00a0auto \u00a0del \u00a015 \u00a0de \u00a0mayo \u00a0siguiente, \u00a0inadmiti\u00f3 \u00a0el \u00a0libelo \u00a0al \u00a0considerar \u00a0que \u00a0el \u00a0mismo no cumple los \u00a0presupuestos \u00a0de \u00a0adecuada sustentaci\u00f3n previstos en el art\u00edculo 222 de la Ley \u00a0600 de 2000. \u00a0\u00a0<\/p>\n<p>\u00a0 \u00a0 \u00a0 \u00a0 \u00a0<\/p>\n<p>\u00a0 \u00a0\u00a0 \u00a0\u00a0 \u00a0\u00a03. \u00a0En \u00a0memorial \u00a0que antecede, el apoderado del condenado interpuso \u00a0recurso \u00a0de \u00a0reposici\u00f3n \u00a0contra \u00a0la \u00a0decisi\u00f3n \u00a0de \u00a0la \u00a0Sala, insistiendo en su \u00a0pretensi\u00f3n \u00a0de \u00a0remover \u00a0la condici\u00f3n de cosa juzgada que reviste el fallo del \u00a0Tribunal de Cartagena. \u00a0\u00a0<\/p>\n<p>CONSIDERACIONES \u00a0DE \u00a0LA \u00a0CORTE \u00a0\u00a0<\/p>\n<p>\u00a0 \u00a0\u00a0 \u00a0\u00a0 \u00a0\u00a0De \u00a0conformidad \u00a0con lo dispuesto en el art\u00edculo 186 del C\u00f3digo de \u00a0Procedimiento \u00a0Penal, \u00a0bajo \u00a0cuya \u00a0\u00e9gida \u00a0se \u00a0tramit\u00f3 el proceso en el cual se \u00a0dict\u00f3 \u00a0la \u00a0sentencia \u00a0objeto de la acci\u00f3n de revisi\u00f3n, para la interposici\u00f3n \u00a0de \u00a0los \u00a0recursos \u00a0ordinarios \u00a0los \u00a0sujetos \u00a0procesales \u00a0cuentan desde cuando se \u00a0profiri\u00f3 \u00a0la \u00a0providencia \u00a0materia de impugnaci\u00f3n hasta transcurridos tres (3) \u00a0d\u00edas contados a partir de la \u00faltima notificaci\u00f3n. \u00a0\u00a0<\/p>\n<p>\u00a0 \u00a0\u00a0 \u00a0\u00a0 \u00a0\u00a0En \u00a0 el \u00a0 presente \u00a0caso, \u00a0la \u00a0decisi\u00f3n \u00a0inadmisoria \u00a0se \u00a0notific\u00f3 \u00a0personalmente \u00a0al \u00a0Ministerio \u00a0P\u00fablico el 24 de mayo de 2013 y por estado el 27 \u00a0de \u00a0los \u00a0mismos \u00a0mes \u00a0y \u00a0a\u00f1o, como quiera que ni el sentenciado ni su apoderado \u00a0comparecieron \u00a0 a \u00a0hacerlo \u00a0de \u00a0manera \u00a0personal, \u00a0pese \u00a0a \u00a0las \u00a0citaciones \u00a0que \u00a0oportunamente se remitieron para el efecto. \u00a0\u00a0<\/p>\n<p>\u00a0 \u00a0\u00a0 \u00a0\u00a0 \u00a0\u00a0Significa \u00a0lo \u00a0anterior \u00a0que \u00a0la \u00a0\u00faltima notificaci\u00f3n \u00a0 \u00a0 \u00a0\u00a0 \u00a0 \u00a0se verific\u00f3, \u00a0precisamente, \u00a0el \u00a027 \u00a0de \u00a0mayo \u00a0del cursante a\u00f1o, luego los sujetos procesales \u00a0ten\u00edan \u00a0hasta \u00a0el 30 siguiente para mostrar inconformidad contra la providencia \u00a0de la Sala. \u00a0\u00a0<\/p>\n<p>No \u00a0obstante, \u00a0el \u00a0representante \u00a0judicial \u00a0interpuso \u00a0la \u00a0reposici\u00f3n el 31 de mayo, es decir, un d\u00eda despu\u00e9s de vencerse \u00a0la \u00a0oportunidad \u00a0para \u00a0ejercer \u00a0ese \u00a0derecho, \u00a0lo \u00a0cual \u00a0implica sostener que la \u00a0decisi\u00f3n adquiri\u00f3 firmeza antes de ser objeto de impugnaci\u00f3n. \u00a0\u00a0<\/p>\n<p>Se \u00a0sigue \u00a0de \u00a0lo \u00a0expuesto la presentaci\u00f3n \u00a0extempor\u00e1nea \u00a0del recurso y la imperiosa necesidad de su rechazo, sentido en el \u00a0cual se pronunciar\u00e1 la Corte. \u00a0\u00a0<\/p>\n<p>En \u00a0m\u00e9rito de lo expuesto, la Corte Suprema \u00a0de Justicia, en Sala de Casaci\u00f3n Penal, \u00a0\u00a0<\/p>\n<p>RESUELVE \u00a0\u00a0<\/p>\n<p>\u00a0 \u00a0\u00a0 \u00a0\u00a0 \u00a0RECHAZAR, \u00a0 \u00a0 \u00a0por \u00a0 \u00a0 presentaci\u00f3n \u00a0extempor\u00e1nea, \u00a0 el \u00a0recurso \u00a0de \u00a0reposici\u00f3n \u00a0interpuesto \u00a0contra \u00a0la \u00a0 \u00a0providencia \u00a0 del \u00a0 15 \u00a0 \u00a0 de \u00a0mayo \u00a0 de \u00a0 2013, \u00a0 mediante \u00a0 la \u00a0 cual \u00a0 la \u00a0Sala \u00a0inadmiti\u00f3 \u00a0 la \u00a0 demanda \u00a0de \u00a0revisi\u00f3n \u00a0presentada \u00a0mediante \u00a0apoderado \u00a0por \u00a0el \u00a0ciudadano \u00a0ALEX\u00c1NDER MORENO CARVAJAL. \u00a0\u00a0<\/p>\n<p>\u00a0 \u00a0\u00a0 \u00a0\u00a0 \u00a0Notificado \u00a0 \u00a0 \u00a0 \u00a0 este \u00a0 \u00a0 \u00a0 \u00a0pronunciamiento, \u00a0 \u00a0 \u00a0 \u00a0arch\u00edvese la actuaci\u00f3n. \u00a0\u00a0<\/p>\n<p>\u00a0 \u00a0\u00a0 \u00a0\u00a0 \u00a0Contra \u00a0esta \u00a0decisi\u00f3n \u00a0no procede \u00a0 \u00a0recurso \u00a0 alguno. \u00a0\u00a0<\/p>\n<p>C\u00f3piese, \u00a0 \u00a0 \u00a0notif\u00edquese \u00a0 \u00a0 \u00a0y \u00a0c\u00famplase. \u00a0\u00a0<\/p>\n<p>JOS\u00c9 \u00a0 \u00a0 \u00a0 LUIS \u00a0 \u00a0 \u00a0 BARCEL\u00d3 \u00a0CAMACHO\u00a0\u00a0\u00a0\u00a0\u00a0\u00a0\u00a0\u00a0\u00a0\u00a0\u00a0\u00a0 \u00a0FERNANDO \u00a0 ALBERTO \u00a0 CASTRO \u00a0 CABALLERO\u00a0\u00a0\u00a0\u00a0\u00a0\u00a0\u00a0\u00a0\u00a0 \u00a0\u00a0<\/p>\n<p>\u00a0\u00a0\u00a0\u00a0\u00a0\u00a0\u00a0\u00a0\u00a0\u00a0\u00a0 \u00a0Magistrado\u00a0\u00a0\u00a0\u00a0\u00a0\u00a0\u00a0\u00a0\u00a0\u00a0\u00a0\u00a0\u00a0\u00a0\u00a0\u00a0\u00a0\u00a0\u00a0\u00a0\u00a0\u00a0\u00a0\u00a0\u00a0\u00a0\u00a0\u00a0\u00a0\u00a0\u00a0\u00a0\u00a0\u00a0\u00a0\u00a0\u00a0\u00a0\u00a0\u00a0 \u00a0Magistrado \u00a0\u00a0<\/p>\n<p>MAR\u00cdA \u00a0 \u00a0DEL \u00a0 \u00a0ROSARIO \u00a0 \u00a0GONZ\u00c1LEZ \u00a0MU\u00d1OZ\u00a0\u00a0\u00a0\u00a0\u00a0\u00a0\u00a0\u00a0\u00a0\u00a0\u00a0\u00a0\u00a0\u00a0 \u00a0LUIS GUILLERMO SALAZAR OTERO \u00a0\u00a0<\/p>\n<p>\u00a0\u00a0\u00a0\u00a0\u00a0\u00a0\u00a0\u00a0\u00a0\u00a0\u00a0\u00a0\u00a0\u00a0 \u00a0Magistrada\u00a0\u00a0\u00a0\u00a0\u00a0\u00a0\u00a0\u00a0\u00a0\u00a0\u00a0\u00a0\u00a0\u00a0\u00a0\u00a0\u00a0\u00a0\u00a0\u00a0\u00a0\u00a0\u00a0\u00a0\u00a0\u00a0\u00a0\u00a0\u00a0\u00a0\u00a0\u00a0\u00a0\u00a0\u00a0\u00a0\u00a0\u00a0\u00a0\u00a0 \u00a0Magistrado \u00a0\u00a0<\/p>\n<p>RAMIRO \u00a0 \u00a0 \u00a0 ALONSO \u00a0 \u00a0 \u00a0 MAR\u00cdN \u00a0V\u00c1SQUEZ\u00a0\u00a0\u00a0\u00a0\u00a0\u00a0 RICARDO POSADA MAYA \u00a0\u00a0<\/p>\n<p>\u00a0\u00a0\u00a0\u00a0\u00a0\u00a0\u00a0\u00a0\u00a0\u00a0\u00a0\u00a0\u00a0\u00a0\u00a0\u00a0\u00a0 \u00a0Conjuez\u00a0\u00a0\u00a0\u00a0\u00a0\u00a0\u00a0\u00a0\u00a0\u00a0\u00a0\u00a0\u00a0\u00a0\u00a0\u00a0\u00a0\u00a0\u00a0\u00a0\u00a0\u00a0\u00a0\u00a0\u00a0\u00a0\u00a0\u00a0\u00a0\u00a0\u00a0\u00a0\u00a0\u00a0\u00a0\u00a0\u00a0\u00a0\u00a0\u00a0\u00a0\u00a0 \u00a0Conjuez \u00a0\u00a0<\/p>\n<p>HUGO QUINTERO BERNATE \u00a0<\/p>\n<p>Conjuez \u00a0<\/p>\n<p>NUBIA YOLANDA NOVA GARC\u00cdA \u00a0<\/p>\n<p>Secretaria \u00a0 \u00a0<\/p>\n<p><\/p>\n","protected":false},"excerpt":{"rendered":"<p>\u00a0 \u00a0 CORTE \u00a0 SUPREMA \u00a0 DE \u00a0JUSTICIA \u00a0\u00a0 SALA \u00a0 DE \u00a0 CASACI\u00d3N \u00a0PENAL \u00a0\u00a0 Magistrada Ponente: \u00a0 MAR\u00cdA \u00a0 DEL \u00a0 ROSARIO \u00a0GONZ\u00c1LEZ MU\u00d1OZ \u00a0\u00a0 Aprobado Acta N\u00ba 272. \u00a0 \u00a0 \u00a0\u00a0 \u00a0\u00a0 \u00a0\u00a0Bogot\u00e1 \u00a0 D.C., \u00a0 veintis\u00e9is \u00a0(26) \u00a0de \u00a0agosto \u00a0de \u00a0dos \u00a0mil \u00a0trece \u00a0(2013). \u00a0\u00a0 VISTOS \u00a0 Se \u00a0pronuncia la Sala [&hellip;]<\/p>\n","protected":false},"author":1,"featured_media":0,"comment_status":"open","ping_status":"open","sticky":false,"template":"","format":"standard","meta":{"footnotes":""},"categories":[21],"tags":[],"class_list":["post-26272","post","type-post","status-publish","format-standard","hentry","category-21"],"_links":{"self":[{"href":"https:\/\/dmsjuridica.com\/buscador_20179478954\/salapenalcronologico20230723\/wp-json\/wp\/v2\/posts\/26272","targetHints":{"allow":["GET"]}}],"collection":[{"href":"https:\/\/dmsjuridica.com\/buscador_20179478954\/salapenalcronologico20230723\/wp-json\/wp\/v2\/posts"}],"about":[{"href":"https:\/\/dmsjuridica.com\/buscador_20179478954\/salapenalcronologico20230723\/wp-json\/wp\/v2\/types\/post"}],"author":[{"embeddable":true,"href":"https:\/\/dmsjuridica.com\/buscador_20179478954\/salapenalcronologico20230723\/wp-json\/wp\/v2\/users\/1"}],"replies":[{"embeddable":true,"href":"https:\/\/dmsjuridica.com\/buscador_20179478954\/salapenalcronologico20230723\/wp-json\/wp\/v2\/comments?post=26272"}],"version-history":[{"count":0,"href":"https:\/\/dmsjuridica.com\/buscador_20179478954\/salapenalcronologico20230723\/wp-json\/wp\/v2\/posts\/26272\/revisions"}],"wp:attachment":[{"href":"https:\/\/dmsjuridica.com\/buscador_20179478954\/salapenalcronologico20230723\/wp-json\/wp\/v2\/media?parent=26272"}],"wp:term":[{"taxonomy":"category","embeddable":true,"href":"https:\/\/dmsjuridica.com\/buscador_20179478954\/salapenalcronologico20230723\/wp-json\/wp\/v2\/categories?post=26272"},{"taxonomy":"post_tag","embeddable":true,"href":"https:\/\/dmsjuridica.com\/buscador_20179478954\/salapenalcronologico20230723\/wp-json\/wp\/v2\/tags?post=26272"}],"curies":[{"name":"wp","href":"https:\/\/api.w.org\/{rel}","templated":true}]}}