{"id":26211,"date":"2023-09-12T19:51:27","date_gmt":"2023-09-12T19:51:27","guid":{"rendered":"https:\/\/dmsjuridica.com\/buscador_20179478954\/salapenalcronologico20230723\/2023\/09\/12\/4034713-02-13\/"},"modified":"2023-09-12T19:51:27","modified_gmt":"2023-09-12T19:51:27","slug":"4034713-02-13","status":"publish","type":"post","link":"https:\/\/dmsjuridica.com\/buscador_20179478954\/salapenalcronologico20230723\/2023\/09\/12\/4034713-02-13\/","title":{"rendered":"40347(13-02-13)"},"content":{"rendered":"\n<p>\u00a0 \u00a0 CORTE SUPREMA DE JUSTICIA \u00a0<\/p>\n<p>SALA DE CASACI\u00d3N PENAL \u00a0<\/p>\n<p>Magistrado Ponente \u00a0<\/p>\n<p>JOS\u00c9 LUIS BARCEL\u00d3 CAMACHO \u00a0<\/p>\n<p>Aprobado acta N\u00b0 039 \u00a0<\/p>\n<p>Bogot\u00e1, D. C., trece (13) de febrero de dos \u00a0mil trece (2013). \u00a0\u00a0<\/p>\n<p>MOTIVO DE LA DECISI\u00d3N \u00a0<\/p>\n<p>La \u00a0Corte \u00a0Suprema \u00a0de \u00a0Justicia de Colombia \u00a0emite \u00a0concepto \u00a0sobre la solicitud de extradici\u00f3n formulada por el Gobierno de \u00a0los \u00a0Estados \u00a0Unidos \u00a0de \u00a0Am\u00e9rica, \u00a0a \u00a0trav\u00e9s de su Embajada en nuestro pa\u00eds, \u00a0respecto \u00a0 del \u00a0 ciudadano \u00a0colombiano \u00a0Jorge \u00a0Andr\u00e9s \u00a0Salazar Calero. \u00a0\u00a0<\/p>\n<p>ANTECEDENTES \u00a0<\/p>\n<p>1. Mediante Nota Verbal n\u00famero 1813 del 3 de \u00a0agosto \u00a0de \u00a02012, \u00a0la \u00a0Embajada \u00a0de \u00a0los Estados Unidos de Am\u00e9rica solicit\u00f3 la \u00a0detenci\u00f3n \u00a0provisional \u00a0con \u00a0fines \u00a0de \u00a0extradici\u00f3n \u00a0del \u00a0ciudadano colombiano \u00a0Jorge \u00a0Andr\u00e9s\u00a0 \u00a0Salazar\u00a0 Calero.\u00a0 \u00a0El\u00a0 \u00a0requerimiento\u00a0 \u00a0fue\u00a0 \u00a0formalizado\u00a0 \u00a0con\u00a0 la\u00a0\u00a0 Nota \u00a0\u00a0<\/p>\n<p>Verbal \u00a0n\u00famero \u00a02752 \u00a0del \u00a021 \u00a0de noviembre \u00a0siguiente. \u00a0\u00a0<\/p>\n<p>2. \u00a0Mediante resoluci\u00f3n del 27 de agosto de \u00a0ese \u00a0a\u00f1o, \u00a0el \u00a0Fiscal \u00a0General de la Naci\u00f3n orden\u00f3 la captura de Salazar \u00a0Calero, con esa finalidad, la que \u00a0se hizo efectiva el 26 de septiembre siguiente. \u00a0\u00a0<\/p>\n<p>3. \u00a0El Ministerio de Justicia y del Derecho, \u00a0previo \u00a0concepto \u00a0de su hom\u00f3logo de Relaciones Exteriores sobre la inexistencia \u00a0de \u00a0convenio \u00a0aplicable \u00a0al \u00a0caso, \u00a0mediante oficio del 26 de noviembre de 2012, \u00a0remiti\u00f3 \u00a0 a \u00a0la \u00a0Corte \u00a0la \u00a0documentaci\u00f3n \u00a0enviada, \u00a0debidamente \u00a0traducida \u00a0y \u00a0autenticada. \u00a0\u00a0<\/p>\n<p>4. \u00a0Previo \u00a0requerimiento \u00a0de \u00a0la \u00a0Sala a la \u00a0persona \u00a0requerida, \u00a0esta \u00a0design\u00f3 \u00a0un \u00a0defensor de confianza, quien asumi\u00f3 el \u00a0ejercicio del cargo. \u00a0\u00a0<\/p>\n<p>5. \u00a0El \u00a0t\u00e9rmino \u00a0de traslado para solicitar \u00a0pruebas \u00a0transcurri\u00f3 \u00a0en silencio, luego de lo cual se dispuso el tr\u00e1mite para \u00a0que los intervinientes presentaran sus alegaciones. \u00a0\u00a0<\/p>\n<p>DOCUMENTOS ALLEGADOS \u00a0<\/p>\n<p>1. \u00a0Nota Verbal n\u00famero 1813 del 3 de agosto \u00a0de \u00a02012, \u00a0mediante \u00a0la \u00a0cual \u00a0la \u00a0Embajada \u00a0de \u00a0los \u00a0Estados Unidos de Am\u00e9rica \u00a0solicit\u00f3 \u00a0la \u00a0detenci\u00f3n \u00a0provisional \u00a0con \u00a0fines de extradici\u00f3n del ciudadano \u00a0colombiano \u00a0Jorge \u00a0Andr\u00e9s \u00a0Salazar Calero. \u00a0El \u00a0requerimiento fue formalizado con la Nota Verbal n\u00famero 2752 \u00a0del 21 de noviembre siguiente. \u00a0\u00a0<\/p>\n<p>2. \u00a0Declaraciones \u00a0en \u00a0apoyo de la solicitud \u00a0rendidas \u00a0bajo \u00a0juramento \u00a0el \u00a07 \u00a0de \u00a0noviembre de 2012 ante el Tribunal para el \u00a0Distrito \u00a0Sur \u00a0de La Florida por Cynthia R. Wood, Fiscal Auxiliar de los Estados \u00a0Unidos \u00a0para \u00a0ese \u00a0Distrito, \u00a0Secci\u00f3n \u00a0de \u00a0Narc\u00f3ticos, \u00a0y \u00a0Marisa Vraa, Agente \u00a0Especial de la Administraci\u00f3n para el Control de Drogas, DEA. \u00a0\u00a0<\/p>\n<p>3. \u00a0Segunda \u00a0Acusaci\u00f3n Formal de reemplazo, \u00a0dentro \u00a0del \u00a0Caso No. 10-20818-CR-LENARD(s)(s), formulada el 20 de septiembre de \u00a02012 \u00a0por \u00a0el \u00a0Gran \u00a0Jurado \u00a0del Tribunal para el Distrito Sur de La Florida, en \u00a0contra \u00a0de \u00a0Jorge \u00a0Andr\u00e9s \u00a0Salazar Calero, \u00a0 \u00a0 \u00a0 alias \u00a0 \u00a0 \u00a0\u201cNino\u201d, \u00a0y \u00a0otros, \u00a0por \u00a0delitos \u00a0de narcotr\u00e1fico y lavado de activos. \u00a0\u00a0<\/p>\n<p>4. \u00a0Orden \u00a0de arresto proferida por el mismo \u00a0Tribunal. \u00a0\u00a0<\/p>\n<p>5. Trascripci\u00f3n de la legislaci\u00f3n aplicable \u00a0al caso. \u00a0\u00a0<\/p>\n<p>6. \u00a0Certificaci\u00f3n \u00a0de \u00a0la \u00a0vice-C\u00f3nsul \u00a0de \u00a0Colombia \u00a0en Washington, D. C., sobre la legitimidad de la firma del auxiliar de \u00a0autenticaciones \u00a0del \u00a0Departamento \u00a0de Estado de los Estados Unidos, que valid\u00f3 \u00a0los documentos soportes del pedido de extradici\u00f3n. \u00a0\u00a0<\/p>\n<p>ESTUDIOS \u00a0 DE \u00a0 LAS \u00a0PARTES \u00a0\u00a0<\/p>\n<p>1. \u00a0El \u00a0Procurador \u00a0Segundo Delegado para la \u00a0Casaci\u00f3n \u00a0Penal se pronuncia porque la Corte emita concepto favorable al pedido \u00a0de \u00a0extradici\u00f3n, \u00a0en \u00a0tanto \u00a0encuentra que la autoridad extranjera cumpli\u00f3 las \u00a0exigencias \u00a0legales, \u00a0pero recomienda se pida al Gobierno Nacional condicione la \u00a0entrega \u00a0 en \u00a0 los \u00a0t\u00e9rminos \u00a0en \u00a0que \u00a0la \u00a0Sala \u00a0lo \u00a0ha \u00a0hecho \u00a0en \u00a0situaciones \u00a0anteriores. \u00a0\u00a0<\/p>\n<p>2. El se\u00f1or Salazar \u00a0Calero \u00a0solicita \u00a0la \u00a0protecci\u00f3n de sus derechos como \u00a0ciudadano \u00a0colombiano \u00a0porque \u00a0no fue notificado de la etapa de pruebas, lo cual \u00a0hubiese \u00a0 aprovechado \u00a0 para \u00a0 solicitar \u00a0se \u00a0acreditara \u00a0la \u00a0legalidad \u00a0de \u00a0las \u00a0interceptaciones \u00a0telef\u00f3nicas \u00a0que, \u00a0seg\u00fan \u00a0la acusaci\u00f3n, fueron l\u00edcitamente \u00a0ordenadas \u00a0por \u00a0autoridades \u00a0colombianas. \u00a0Por \u00a0tanto, \u00a0solicita \u00a0de la Corte se \u00a0provea \u00a0lo \u00a0necesario \u00a0para que se alleguen las pruebas que acrediten la licitud \u00a0de ese procedimiento. \u00a0\u00a0<\/p>\n<p>CONSIDERACIONES DE LA CORTE \u00a0<\/p>\n<p>La \u00a0 \u00a0Sala \u00a0 \u00a0emitir\u00e1 \u00a0 \u00a0concepto \u00a0favorable \u00a0para \u00a0la extradici\u00f3n \u00a0del \u00a0ciudadano colombiano Jorge Andr\u00e9s Salazar Calero, \u00a0en \u00a0tanto \u00a0se \u00a0re\u00fanen \u00a0los \u00a0requisitos \u00a0exigidos \u00a0por el art\u00edculo 502 del C\u00f3digo \u00a0de Procedimiento Penal, como se detalla a continuaci\u00f3n. \u00a0\u00a0<\/p>\n<p>1. \u00a0Validez formal de la documentaci\u00f3n presentada. \u00a0\u00a0<\/p>\n<p>El art\u00edculo 495 del C\u00f3digo de Procedimiento \u00a0Penal \u00a0(Ley \u00a0906 \u00a0del \u00a02004) \u00a0exige que la solicitud de extradici\u00f3n se haga por \u00a0v\u00eda \u00a0diplom\u00e1tica \u00a0(de \u00a0manera \u00a0excepcional \u00a0por \u00a0la \u00a0consular \u00a0o de gobierno a \u00a0gobierno), \u00a0acompa\u00f1ada de los siguientes documentos, en la forma establecida en \u00a0la legislaci\u00f3n del Estado requirente: \u00a0\u00a0<\/p>\n<p>\u00a0 \u00a0\u00a0<\/p>\n<p>* copia \u00a0o \u00a0trascripci\u00f3n \u00a0aut\u00e9ntica \u00a0de \u00a0la \u00a0acusaci\u00f3n \u00a0o del fallo \u00a0dictado en el pa\u00eds extranjero, o su equivalente; \u00a0\u00a0<\/p>\n<p>* indicaci\u00f3n \u00a0 de \u00a0 los \u00a0 actos \u00a0 que \u00a0 determinan \u00a0la \u00a0solicitud \u00a0de \u00a0extradici\u00f3n \u00a0 y \u00a0 se\u00f1alamiento \u00a0 del \u00a0 lugar \u00a0 y \u00a0 la \u00a0 fecha \u00a0en \u00a0que \u00a0fueron \u00a0ejecutados; \u00a0\u00a0<\/p>\n<p>* inclusi\u00f3n \u00a0de \u00a0los datos que sirven para establecer la identidad de \u00a0la persona reclamada; \u00a0\u00a0<\/p>\n<p>* la \u00a0reproducci\u00f3n \u00a0 certificada \u00a0 de \u00a0 las \u00a0 disposiciones \u00a0 penales \u00a0aplicables \u00a0al \u00a0caso. \u00a0 \u00a0\u00a0<\/p>\n<p>El art\u00edculo 259 del C\u00f3digo de Procedimiento \u00a0Civil, \u00a0modificado \u00a0por \u00a0el \u00a01\u00b0, numeral 118, del Decreto 2282 de 1989 (que, en \u00a0aplicaci\u00f3n \u00a0del \u00a0principio \u00a0de integraci\u00f3n, resulta de buen recibo), establece \u00a0que \u00a0 los \u00a0 documentos \u00a0 p\u00fablicos \u00a0 otorgados \u00a0 en \u00a0pa\u00eds \u00a0extranjero \u00a0por \u00a0sus \u00a0funcionarios, \u00a0 o \u00a0 con \u00a0 su \u00a0intervenci\u00f3n, \u00a0deber\u00e1n \u00a0presentarse \u00a0debidamente \u00a0autenticados \u00a0por \u00a0el \u00a0c\u00f3nsul \u00a0o \u00a0agente diplom\u00e1tico de la Rep\u00fablica y que la \u00a0firma \u00a0de \u00a0esos \u00a0funcionarios \u00a0debe \u00a0ser avalada por el Ministerio de Relaciones \u00a0Exteriores de Colombia. \u00a0\u00a0<\/p>\n<p>Estas \u00a0exigencias \u00a0de \u00a0car\u00e1cter \u00a0formal \u00a0se \u00a0satisfacen \u00a0en el caso analizado, en tanto Magdalena Boynton, Directora Asociada \u00a0de \u00a0la \u00a0Oficina \u00a0de \u00a0Asuntos Internacionales del Departamento de Justicia de los \u00a0Estados \u00a0 Unidos, \u00a0 Divisi\u00f3n \u00a0 en \u00a0lo \u00a0Penal, \u00a0aval\u00f3 \u00a0las \u00a0firmas \u00a0de \u00a0quienes \u00a0suministraron \u00a0las \u00a0declaraciones \u00a0de \u00a0apoyo \u00a0a la solicitud de extradici\u00f3n. El \u00a0Procurador \u00a0de \u00a0los \u00a0Estados \u00a0Unidos, \u00a0Eric \u00a0H. \u00a0Holder, Jr., hizo lo propio con \u00a0aquella, \u00a0todo lo cual fue certificado por Hillary Rodham Clinton, Secretaria de \u00a0Estado. \u00a0\u00a0<\/p>\n<p>Por su parte, la vice-C\u00f3nsul de Colombia en \u00a0Washington, \u00a0D. \u00a0C., \u00a0cuya \u00a0firma \u00a0es refrendada por el Ministerio de Relaciones \u00a0Exteriores \u00a0de \u00a0Colombia, \u00a0dio \u00a0fe \u00a0de \u00a0que \u00a0quien \u00a0suscribe \u00a0el documento es el \u00a0funcionario auxiliar de autenticaciones del Departamento de Estado. \u00a0\u00a0<\/p>\n<p>En \u00a0esas \u00a0condiciones, \u00a0se \u00a0tiene \u00a0que \u00a0los \u00a0requerimientos \u00a0formales \u00a0de \u00a0legalizaci\u00f3n \u00a0de \u00a0la \u00a0documentaci\u00f3n que sirve de \u00a0sustento \u00a0a la solicitud de extradici\u00f3n, exigidos por las normas de los Estados \u00a0requirentes \u00a0y \u00a0colombiano, \u00a0se cumplieron a cabalidad en el presente caso, esto \u00a0es, \u00a0se \u00a0tornan \u00a0aptos para ser considerados por la Corte en el estudio que debe \u00a0preceder al concepto.\u00a0 \u00a0\u00a0<\/p>\n<p>2. \u00a0La \u00a0identidad \u00a0de la persona reclamada en extradici\u00f3n. \u00a0\u00a0<\/p>\n<p>El \u00a0Gobierno \u00a0de los Estados Unidos inform\u00f3 \u00a0que \u00a0el \u00a0requerido \u00a0responde al nombre de Jorge Andr\u00e9s \u00a0Salazar \u00a0 \u00a0 \u00a0Calero, \u00a0 \u00a0 alias \u00a0 \u00a0 \u201cNino\u201d, \u00a0 ciudadano \u00a0 de \u00a0 nacionalidad \u00a0colombiana, \u00a0nacido \u00a0el \u00a029 \u00a0de octubre de 1974 e identificado con la c\u00e9dula de \u00a0ciudadan\u00eda n\u00famero 79.679.657. \u00a0\u00a0<\/p>\n<p>El \u00a026 \u00a0de \u00a0septiembre de 2012 fue capturado \u00a0quien \u00a0se \u00a0identific\u00f3 \u00a0con ese nombre y documento y con tales datos ha suscrito \u00a0las \u00a0actas \u00a0en \u00a0donde \u00a0se le impusieron sus derechos, adem\u00e1s de las actuaciones \u00a0surtidas por la Sala de Casaci\u00f3n Penal. \u00a0\u00a0<\/p>\n<p>No \u00a0queda \u00a0duda, \u00a0en \u00a0consecuencia, sobre la \u00a0plena \u00a0coincidencia \u00a0de \u00a0la \u00a0persona \u00a0reclamada \u00a0con \u00a0aquella que fue capturada, \u00a0m\u00e1xime \u00a0cuando \u00a0un \u00a0experto \u00a0de la Polic\u00eda Judicial realiz\u00f3 pruebas t\u00e9cnicas \u00a0que \u00a0le \u00a0permitieron \u00a0concluir, \u00a0sin incertidumbre, que las huellas del detenido \u00a0corresponden \u00a0con \u00a0aquellas \u00a0que \u00a0en la Registradur\u00eda Nacional del Estado Civil \u00a0aparecen \u00a0a \u00a0nombre \u00a0de Jorge \u00a0Andr\u00e9s \u00a0Salazar \u00a0Calero, \u00a0a \u00a0quien \u00a0se le expidi\u00f3 la \u00a0c\u00e9dula \u00a079.679.657, tema que, adem\u00e1s, no ha sido controvertido por el \u00faltimo, \u00a0de lo cual se infiere su conformidad al respecto. \u00a0\u00a0<\/p>\n<p>Por lo tanto, se satisface el segundo de los \u00a0presupuestos \u00a0 del \u00a0 art\u00edculo \u00a0 502 \u00a0 de \u00a0 la \u00a0 Ley \u00a0 906 \u00a0de \u00a02004. \u00a0\u00a0<\/p>\n<p>3. \u00a0 \u00a0 Principio \u00a0 \u00a0 de \u00a0 \u00a0la \u00a0 \u00a0doble \u00a0incriminaci\u00f3n. \u00a0\u00a0<\/p>\n<p>La \u00a0exigencia hace referencia a la necesidad \u00a0de \u00a0que \u00a0los \u00a0comportamientos \u00a0delictivos \u00a0imputados \u00a0a \u00a0la persona reclamada en \u00a0extradici\u00f3n \u00a0est\u00e9n \u00a0previstos \u00a0como \u00a0conductas \u00a0punibles \u00a0en \u00a0la \u00a0legislaci\u00f3n \u00a0colombiana, \u00a0y \u00a0que \u00a0tengan \u00a0se\u00f1alada \u00a0sanci\u00f3n \u00a0privativa \u00a0de la libertad cuyo \u00a0m\u00ednimo no sea inferior a cuatro (4) a\u00f1os.\u00a0 \u00a0\u00a0<\/p>\n<p>La \u00a0acusaci\u00f3n del Gran Jurado del Tribunal \u00a0para \u00a0el \u00a0Distrito \u00a0Sur de La Florida imputa a Salazar \u00a0Calero y otros lo siguiente: \u00a0\u00a0<\/p>\n<p>Cargo \u00a0 uno. \u00a0Concierto \u00a0para \u00a0importar un kilogramo o m\u00e1s de hero\u00edna. Aproximadamente desde \u00a0el \u00a0a\u00f1o \u00a02007 \u00a0y \u00a0continuando \u00a0hasta \u00a0cerca \u00a0del \u00a020 de septiembre de 2012, los \u00a0acusados \u00a0Salazar \u00a0Calero y \u00a0otros: \u00a0\u00a0<\/p>\n<p>\u201ca \u00a0 sabiendas \u00a0 y \u00a0voluntariamente \u00a0se \u00a0combinaron, \u00a0conspiraron, \u00a0aliaron \u00a0y \u00a0acordaron \u00a0para \u00a0entre \u00a0s\u00ed \u00a0y \u00a0con otras \u00a0personas\u2026 \u00a0para \u00a0importar \u00a0a \u00a0los \u00a0Estados \u00a0Unidos desde un lugar fuera de los \u00a0Estados \u00a0Unidos, \u00a0una sustancia controlada\u2026 esta infracci\u00f3n involucr\u00f3 un (1) \u00a0kilogramo \u00a0o \u00a0m\u00e1s \u00a0de \u00a0una \u00a0mezcla \u00a0y \u00a0sustancia \u00a0que \u00a0conten\u00eda \u00a0una \u00a0cantidad \u00a0detectable de hero\u00edna\u201d. \u00a0\u00a0<\/p>\n<p>Cargo \u00a0 dos. \u00a0Concierto \u00a0para \u00a0poseer \u00a0con \u00a0la intenci\u00f3n de distribuir un kilogramo o m\u00e1s de \u00a0hero\u00edna. \u00a0Aproximadamente \u00a0desde \u00a0el a\u00f1o 2007 y continuando hasta cerca del 20 \u00a0de \u00a0 septiembre \u00a0 de \u00a0 2012, \u00a0 los \u00a0acusados \u00a0Salazar \u00a0Calero y otros: \u00a0\u00a0<\/p>\n<p>\u201ca \u00a0 sabiendas \u00a0 y \u00a0voluntariamente \u00a0se \u00a0combinaron, \u00a0conspiraron, \u00a0aliaron \u00a0y \u00a0acordaron \u00a0para \u00a0entre \u00a0s\u00ed \u00a0y \u00a0con otras \u00a0personas\u2026 \u00a0 para \u00a0 poseer \u00a0con \u00a0la \u00a0intenci\u00f3n \u00a0de \u00a0distribuir \u00a0una \u00a0sustancia \u00a0controlada\u2026 \u00a0esta infracci\u00f3n involucr\u00f3 un (1) kilogramo o m\u00e1s de una mezcla \u00a0y sustancia que conten\u00eda una cantidad detectable de hero\u00edna\u201d. \u00a0\u00a0<\/p>\n<p>Cargo \u00a0 cinco. \u00a0Concierto \u00a0para \u00a0realizar \u00a0transacciones financieras con utilidades provenientes \u00a0del \u00a0 narcotr\u00e1fico, \u00a0 afectando \u00a0 el \u00a0comercio \u00a0interestatal \u00a0e \u00a0internacional. \u00a0Aproximadamente \u00a0desde \u00a0enero \u00a0del \u00a02007 \u00a0y continuando hasta cerca de enero del \u00a02011, \u00a0 los \u00a0 acusados \u00a0 Salazar \u00a0Calero y otros: \u00a0\u00a0<\/p>\n<p>\u201ca \u00a0sabiendas se combinaron, conspiraron, \u00a0aliaron \u00a0y \u00a0acordaron \u00a0entre \u00a0s\u00ed \u00a0y \u00a0con \u00a0otras \u00a0personas\u2026 para llevar a cabo \u00a0transacciones \u00a0financieras \u00a0que afectan el comercio interestatal y extranjero\u2026 \u00a0la \u00a0 actividad \u00a0 il\u00edcita \u00a0 espec\u00edfica \u00a0 es \u00a0la \u00a0importaci\u00f3n, \u00a0el \u00a0recibo, \u00a0la \u00a0ocultaci\u00f3n, \u00a0la \u00a0compra, \u00a0la \u00a0venta \u00a0y \u00a0de \u00a0otras formas el comercio, de manera \u00a0delictiva, de una sustancia controlada\u201d. \u00a0\u00a0<\/p>\n<p>Cargo \u00a0 seis. \u00a0Realizar \u00a0 \u00a0transacciones \u00a0 \u00a0financieras \u00a0 con \u00a0 utilidades \u00a0 provenientes \u00a0 del \u00a0narcotr\u00e1fico, \u00a0 \u00a0afectando \u00a0 \u00a0el \u00a0 comercio \u00a0 interestatal \u00a0 e \u00a0 internacional. \u00a0Aproximadamente \u00a0el \u00a05 de noviembre de 2010 el acusado \u00a0Salazar Calero y otros: \u00a0\u00a0<\/p>\n<p>\u201ca \u00a0 sabiendas \u00a0 llev\u00f3 \u00a0 a \u00a0 cabo \u00a0una \u00a0transacci\u00f3n \u00a0financiera \u00a0que \u00a0afecta el comercio interestatal y extranjero, que \u00a0involucraba \u00a0las \u00a0ganancias \u00a0de \u00a0una \u00a0actividad \u00a0il\u00edcita \u00a0espec\u00edfica, \u00a0con \u00a0la \u00a0intenci\u00f3n \u00a0de \u00a0fomentar \u00a0la \u00a0pr\u00e1ctica \u00a0de una actividad il\u00edcita espec\u00edfica y \u00a0sabiendo \u00a0que \u00a0la transacci\u00f3n estaba ideada total o parcialmente para ocultar y \u00a0disfrazar \u00a0la \u00a0naturaleza, \u00a0ubicaci\u00f3n, \u00a0fuente, \u00a0propiedad \u00a0y \u00a0control \u00a0de \u00a0las \u00a0ganancias \u00a0de \u00a0una \u00a0actividad il\u00edcita espec\u00edfica\u2026 que es la importaci\u00f3n, el \u00a0recibo, \u00a0la \u00a0ocultaci\u00f3n, \u00a0la compra, la venta y de otras formas el comercio, de \u00a0manera delictiva, de una sustancia controlada\u201d. \u00a0\u00a0<\/p>\n<p>Cargo \u00a0 siete. \u00a0Realizar \u00a0 \u00a0transacciones \u00a0 \u00a0financieras \u00a0 con \u00a0 utilidades \u00a0 provenientes \u00a0 del \u00a0narcotr\u00e1fico, \u00a0 \u00a0afectando \u00a0 \u00a0el \u00a0 comercio \u00a0 interestatal \u00a0 e \u00a0 internacional. \u00a0Aproximadamente \u00a0el \u00a02 \u00a0de \u00a0enero \u00a0de \u00a02011 el acusado \u00a0Salazar Calero y otros \u00a0\u00a0<\/p>\n<p>\u201ca \u00a0 sabiendas \u00a0 llev\u00f3 \u00a0 a \u00a0 cabo \u00a0una \u00a0transacci\u00f3n \u00a0financiera \u00a0que \u00a0afecta el comercio interestatal y extranjero, que \u00a0involucraba \u00a0las \u00a0ganancias \u00a0de \u00a0una \u00a0actividad \u00a0il\u00edcita \u00a0espec\u00edfica, \u00a0con \u00a0la \u00a0intenci\u00f3n \u00a0de \u00a0fomentar \u00a0la \u00a0pr\u00e1ctica \u00a0de una actividad il\u00edcita espec\u00edfica y \u00a0sabiendo \u00a0que \u00a0la transacci\u00f3n estaba ideada total o parcialmente para ocultar y \u00a0disfrazar \u00a0la \u00a0naturaleza, \u00a0ubicaci\u00f3n, \u00a0fuente, \u00a0propiedad \u00a0y \u00a0control \u00a0de \u00a0las \u00a0ganancias \u00a0de \u00a0una \u00a0actividad il\u00edcita espec\u00edfica\u2026 que es la importaci\u00f3n, el \u00a0recibo, \u00a0la \u00a0ocultaci\u00f3n, \u00a0la compra, la venta y de otras formas el comercio, de \u00a0manera delictiva, de una sustancia controlada\u201d. \u00a0\u00a0<\/p>\n<p>La acusaci\u00f3n se\u00f1ala las normas del C\u00f3digo \u00a0de los Estados Unidos aplicables a tales cargos, las que rezan: \u00a0\u00a0<\/p>\n<p>\u201cSecci\u00f3n \u00a02, \u00a0T\u00edtulo \u00a018. \u00a0Principales, \u00a0auxiliar e incitar. \u00a0\u00a0<\/p>\n<p>a) El que comete un delito en contra de los \u00a0Estados \u00a0Unidos \u00a0o \u00a0ayuda, \u00a0es\u00a0 \u00a0c\u00f3mplice \u00a0de, \u00a0aconseja, manda, induce, u \u00a0obtiene su comisi\u00f3n, es sancionado como principal. \u00a0\u00a0<\/p>\n<p>b) El que adrede causa la realizaci\u00f3n de un \u00a0acto, \u00a0que, \u00a0si \u00a0fuera \u00a0directamente \u00a0realizado \u00a0por \u00e9l mismo o por otro ser\u00eda \u00a0delito \u00a0 \u00a0en \u00a0 \u00a0contra \u00a0 \u00a0de \u00a0 \u00a0los \u00a0 Estados \u00a0 Unidos, \u00a0 es \u00a0 sancionado \u00a0 como \u00a0principal\u201d. \u00a0\u00a0<\/p>\n<p>\u201cSecci\u00f3n \u00a01956, \u00a0T\u00edtulo \u00a018. \u00a0Lavado de \u00a0recursos monetarios. \u00a0\u00a0<\/p>\n<p>(a)(1) \u00a0El \u00a0que \u00a0con conocimiento de que la \u00a0propiedad \u00a0involucrada \u00a0en \u00a0una transacci\u00f3n financiera representa las ganancias \u00a0de \u00a0alguna \u00a0forma \u00a0de \u00a0actividad \u00a0il\u00edcita, \u00a0realice \u00a0o \u00a0trate \u00a0de \u00a0realizar tal \u00a0transacci\u00f3n \u00a0financiera \u00a0y \u00a0de \u00a0hecho \u00a0la \u00a0misma \u00a0involucra \u00a0las \u00a0ganancias \u00a0de \u00a0actividades il\u00edcitas especificadas\u2026 \u00a0\u00a0<\/p>\n<p>(2) Quienquiera que transporte, transmita o \u00a0transfiera, \u00a0o \u00a0intente \u00a0transportar, \u00a0transmitir \u00a0o \u00a0transferir \u00a0un instrumento \u00a0monetario \u00a0o \u00a0fondos \u00a0de \u00a0un lugar en los Estados Unidos o por un lugar fuera de \u00a0los \u00a0Estados \u00a0Unidos \u00a0o a un lugar en los Estados Unidos desde o a trav\u00e9s de un \u00a0lugar \u00a0fuera \u00a0de \u00a0los Estados Unidos\u2026 deber\u00e1 ser sancionado a pagar una multa \u00a0de \u00a0no \u00a0m\u00e1s \u00a0de \u00a0$ 500.000 o el doble del valor de la propiedad implicada en la \u00a0transacci\u00f3n, \u00a0lo \u00a0que \u00a0sea \u00a0mayor, \u00a0o \u00a0a \u00a0encarcelamiento por no m\u00e1s de veinte \u00a0a\u00f1os, o ambas penas\u201d. \u00a0\u00a0<\/p>\n<p>\u201cT\u00edtulo 21, Secci\u00f3n 812. \u00a0<\/p>\n<p>Lista de sustancias controladas \u00a0<\/p>\n<p>Lista I \u00a0<\/p>\n<p>b)\u2026 cualquiera de los siguientes derivados \u00a0del \u00a0 \u00a0opio, \u00a0 \u00a0sus \u00a0 \u00a0sales, \u00a0 is\u00f3meros \u00a0 y \u00a0 sales \u00a0 de \u00a0 is\u00f3meros\u2026 \u00a0 (10) \u00a0Hero\u00edna\u201d. \u00a0\u00a0<\/p>\n<p>\u201cSecci\u00f3n 841 del T\u00edtulo 21. \u00a0<\/p>\n<p>Actos prohibidos. A. \u00a0<\/p>\n<p>(a) \u00a0Actos \u00a0il\u00edcitos\u2026 \u00a0ser\u00e1 \u00a0ilegal que \u00a0cualquier persona con conocimiento de causa o intencionalmente \u00a0\u00a0<\/p>\n<p>(1) \u00a0Fabrique, \u00a0distribuya, \u00a0o \u00a0dispense, o \u00a0posea \u00a0con \u00a0intenciones \u00a0de \u00a0fabricar, \u00a0distribuir \u00a0o \u00a0dispensar \u00a0una \u00a0sustancia \u00a0controlada; \u00a0\u00a0<\/p>\n<p>(2) Cree, distribuya o dispense, o posea con \u00a0intenciones de distribuir o dispensar una sustancia de imitaci\u00f3n. \u00a0\u00a0<\/p>\n<p>(b) \u00a0 Las \u00a0penas\u2026 \u00a0el \u00a0que \u00a0delinca \u00a0en \u00a0violaci\u00f3n \u00a0de la subsecci\u00f3n (a) de esta secci\u00f3n ser\u00e1 castigado con las penas \u00a0siguientes: \u00a0\u00a0<\/p>\n<p>(1)(A) \u00a0En \u00a0el \u00a0caso \u00a0de \u00a0una \u00a0violaci\u00f3n \u00a0concerniente \u00a0a \u00a0la \u00a0subsecci\u00f3n \u00a0(a)\u2026 que trata de (i) un kilogramo o m\u00e1s de \u00a0una \u00a0mezcla \u00a0o \u00a0sustancia \u00a0que \u00a0contenga una cantidad perceptible de hero\u00edna\u2026 \u00a0ser\u00e1 \u00a0castigado \u00a0con \u00a0la \u00a0pena \u00a0de \u00a0prisi\u00f3n por un t\u00e9rmino de cuando menos 10 \u00a0a\u00f1os y no mayor que la cadena perpetua\u201d, \u00a0\u00a0<\/p>\n<p>En \u00a0 el \u00a0 caso \u00a0analizado, \u00a0las \u00a0conductas \u00a0delictivas \u00a0 \u00a0 imputadas \u00a0 \u00a0 al \u00a0 \u00a0se\u00f1or \u00a0 \u00a0Salazar \u00a0Calero \u00a0tienen sus equivalentes en los art\u00edculos 323, \u00a0340, \u00a0 376 \u00a0 y \u00a0384 \u00a0del \u00a0C\u00f3digo \u00a0Penal \u00a0colombiano \u00a0(Ley \u00a0599 \u00a0de \u00a02000), \u00a0que \u00a0rezan: \u00a0\u00a0<\/p>\n<p>\u201cArt\u00edculo \u00a0340, \u00a0modificado por los art\u00edculos 8\u00b0 de la Ley 733 \u00a0de \u00a02002, \u00a014 \u00a0de \u00a0la \u00a0Ley 890 de 2004 y 19 de la Ley 1121 de 2006. Concierto \u00a0Para \u00a0delinquir. Cuando varias \u00a0personas \u00a0se \u00a0concierten \u00a0con el fin de cometer delitos, cada una de ellas ser\u00e1 \u00a0penada, \u00a0por \u00a0esa \u00a0sola \u00a0conducta, con prisi\u00f3n de cuatro (4) a nueve (9) a\u00f1os. \u00a0\u00a0<\/p>\n<p>Cuando el concierto sea para cometer delitos \u00a0de\u2026 \u00a0 \u00a0tr\u00e1fico \u00a0 \u00a0de \u00a0 \u00a0drogas \u00a0 t\u00f3xicas, \u00a0 estupefacientes \u00a0 o \u00a0 sustancias \u00a0psicotr\u00f3picas\u2026 \u00a0lavado \u00a0de activos\u2026 la pena ser\u00e1 de prisi\u00f3n de ocho (8) a \u00a0dieciocho \u00a0(18) \u00a0a\u00f1os \u00a0y multa de dos mil setecientos (2.700) hasta treinta mil \u00a0(30.000) salarios m\u00ednimos legales mensuales. \u00a0\u00a0<\/p>\n<p>La \u00a0pena \u00a0privativa \u00a0de \u00a0la \u00a0libertad \u00a0se \u00a0aumentar\u00e1 \u00a0en \u00a0la \u00a0mitad \u00a0para quienes organicen, fomenten, promuevan, dirijan, \u00a0encabecen, constituyan o financien el concierto para delinquir\u201d. \u00a0\u00a0<\/p>\n<p>\u201cArt\u00edculo \u00a0323,\u00a0 \u00a0modificado por \u00a0los \u00a0art\u00edculos 14 de la Ley 890 del 2004, 17 de la Ley 1121 del 2006 y 42 de la \u00a0Ley \u00a01453 \u00a0del \u00a02011. Lavado \u00a0de \u00a0 activos. \u00a0 El \u00a0 que \u00a0adquiera, \u00a0resguarde, \u00a0invierta, \u00a0transporte, \u00a0transforme, \u00a0almacene, \u00a0conserve, \u00a0custodie \u00a0o \u00a0administre \u00a0bienes \u00a0que \u00a0tengan \u00a0su \u00a0origen \u00a0mediato o inmediato en \u00a0actividades \u00a0de\u2026 \u00a0tr\u00e1fico \u00a0de \u00a0drogas \u00a0t\u00f3xicas, \u00a0estupefacientes o sustancia \u00a0psicotr\u00f3picas\u2026 \u00a0delitos \u00a0contra \u00a0el \u00a0sistema \u00a0financiero\u2026 \u00a0o \u00a0les d\u00e9 a los \u00a0bienes \u00a0provenientes \u00a0de \u00a0dichas \u00a0actividades \u00a0apariencia \u00a0de \u00a0legalidad \u00a0o \u00a0los \u00a0legalice, \u00a0 oculte \u00a0o \u00a0encubra \u00a0la \u00a0verdadera \u00a0naturaleza, \u00a0origen, \u00a0ubicaci\u00f3n, \u00a0destino, \u00a0movimiento \u00a0o derecho sobre tales bienes o realice cualquier otro acto \u00a0para \u00a0ocultar o encubrir su origen il\u00edcito, incurrir\u00e1 por esa sola conducta en \u00a0prisi\u00f3n \u00a0de \u00a0diez \u00a0(10) \u00a0a \u00a0treinta (30) a\u00f1os y multa de seiscientos cincuenta \u00a0(650) \u00a0 a \u00a0 cincuenta \u00a0 mil \u00a0 (50.000) \u00a0 salarios \u00a0 m\u00ednimos \u00a0legales \u00a0mensuales \u00a0vigentes&#8230; \u00a0\u00a0<\/p>\n<p>Las penas previstas en el presente art\u00edculo \u00a0se \u00a0aumentar\u00e1n \u00a0de \u00a0una tercera parte a la mitad cuando para la realizaci\u00f3n de \u00a0las \u00a0conductas \u00a0se \u00a0efectuaren \u00a0operaciones \u00a0de cambio o comercio exterior, o se \u00a0introdujeren mercanc\u00edas al territorio nacional\u201d. \u00a0\u00a0<\/p>\n<p>\u201cArt\u00edculo \u00a0376, \u00a0modificado \u00a0por \u00a0el art\u00edculo 11 de la Ley 1453 \u00a0del \u00a0 2011. \u00a0 Tr\u00e1fico, \u00a0 fabricaci\u00f3n \u00a0o \u00a0porte \u00a0de \u00a0estupefacientes. \u00a0El \u00a0 que \u00a0 sin \u00a0 permiso \u00a0de \u00a0autoridad \u00a0competente, \u00a0introduzca \u00a0al \u00a0pa\u00eds, \u00a0as\u00ed \u00a0sea en tr\u00e1nsito o saque de \u00e9l, transporte, lleve \u00a0consigo, \u00a0almacene, \u00a0conserve, \u00a0elabore, \u00a0venda, \u00a0ofrezca, \u00a0adquiera, financie o \u00a0suministre \u00a0a \u00a0cualquier t\u00edtulo sustancia estupefaciente, sicotr\u00f3pica o drogas \u00a0sint\u00e9ticas \u00a0que \u00a0se \u00a0encuentren \u00a0contempladas \u00a0en \u00a0los cuadros uno, dos, tres y \u00a0cuatro \u00a0del \u00a0Convenio \u00a0de \u00a0las \u00a0Naciones \u00a0Unidas sobre Sustancias Sicotr\u00f3picas, \u00a0incurrir\u00e1 \u00a0en \u00a0prisi\u00f3n \u00a0de ciento veintiocho (128) a trescientos sesenta (360) \u00a0meses \u00a0y \u00a0multa \u00a0de \u00a0mil \u00a0trescientos \u00a0treinta \u00a0y \u00a0cuatro (1334) a cincuenta mil \u00a0(50.000) salarios m\u00ednimos legales mensuales\u201d. \u00a0\u00a0<\/p>\n<p>\u201cArt\u00edculo \u00a0384. \u00a0 Circunstancias \u00a0de \u00a0agravaci\u00f3n \u00a0 punitiva. \u00a0El \u00a0m\u00ednimo \u00a0de \u00a0las \u00a0penas \u00a0previstas \u00a0en los art\u00edculos anteriores (el 376) se duplicar\u00e1 en los siguientes \u00a0casos:\u2026 \u00a0\u00a0<\/p>\n<p>3. \u00a0 Cuando \u00a0la \u00a0cantidad \u00a0incautada \u00a0sea \u00a0superior\u2026 \u00a0 a \u00a0dos \u00a0(2) \u00a0kilos \u00a0si \u00a0se \u00a0trata \u00a0de \u00a0sustancia \u00a0derivada \u00a0de \u00a0la \u00a0amapola\u201d. \u00a0\u00a0<\/p>\n<p>Confrontadas \u00a0las \u00a0normas \u00a0invocadas \u00a0por el \u00a0pa\u00eds \u00a0requirente \u00a0con \u00a0las \u00a0disposiciones \u00a0internas de Colombia, f\u00e1cilmente se \u00a0advierte \u00a0que \u00a0las \u00a0conductas \u00a0de \u00a0concierto \u00a0para \u00a0delinquir (en este caso para \u00a0traficar \u00a0estupefacientes \u00a0y\/o \u00a0lavar \u00a0activos), lavado de activos y tr\u00e1fico de \u00a0drogas \u00a0il\u00edcitas, \u00a0en \u00a0cualquiera de sus modalidades, se encuentran penalizadas \u00a0en los dos Estados. \u00a0\u00a0<\/p>\n<p>4. Equivalencia de las decisiones. \u00a0<\/p>\n<p>La \u00a0ley \u00a0procesal \u00a0penal \u00a0colombiana \u00a0exige \u00a0establecer \u00a0que \u00a0la decisi\u00f3n judicial extranjera que contiene los cargos contra \u00a0la \u00a0persona \u00a0reclamada \u00a0corresponda \u00a0en sus aspectos formal y sustancial al acto \u00a0conocido \u00a0en aquella como resoluci\u00f3n de acusaci\u00f3n y\/o \u00a0escrito de acusaci\u00f3n. \u00a0\u00a0<\/p>\n<p>Entonces, la decisi\u00f3n del pa\u00eds reclamante, \u00a0como \u00a0sucede \u00a0con la colombiana, debe ser aquella que marca el inicio de la fase \u00a0del \u00a0juicio, esto es, aquella a trav\u00e9s de la cual el Estado acusa a una persona \u00a0determinada \u00a0de \u00a0violar \u00a0la \u00a0ley \u00a0penal, \u00a0discrimina \u00a0los \u00a0cargos que le imputa, \u00a0consigna \u00a0los \u00a0hechos \u00a0que \u00a0le \u00a0sirven \u00a0de fundamento y determina la \u00e9poca y el \u00a0lugar \u00a0de \u00a0comisi\u00f3n \u00a0del \u00a0il\u00edcito \u00a0o \u00a0il\u00edcitos, \u00a0para que el acusado tenga la \u00a0posibilidad de conocerlos y enfrentarlos.\u00a0 \u00a0\u00a0<\/p>\n<p>La \u00a0acusaci\u00f3n \u00a0emitida \u00a0por \u00a0el \u00a0Tribunal \u00a0estadounidense \u00a0cumple \u00a0con \u00a0unas \u00a0exigencias de forma y fondo que coinciden con \u00a0las \u00a0previstas \u00a0en \u00a0el \u00a0art\u00edculo 337 de la Ley 906 de 2004, porque consigna las \u00a0circunstancias \u00a0de \u00a0tiempo, \u00a0modo \u00a0y \u00a0lugar \u00a0en \u00a0que se realizaron las conductas \u00a0punibles, \u00a0sus \u00a0descripciones t\u00edpicas, las pruebas en que se apoyan los cargos, \u00a0las \u00a0normas \u00a0sustanciales \u00a0aplicables \u00a0al caso y con ella se marca el inicio del \u00a0debate al interior del juicio. \u00a0\u00a0<\/p>\n<p>En consecuencia, se tiene que la \u00a0 providencia \u00a0 dictada \u00a0en \u00a0el \u00a0exterior \u00a0y \u00a0la \u00a0regulada \u00a0en \u00a0la \u00a0legislaci\u00f3n \u00a0patria son equivalentes. Por tanto, se cumple este requisito, como \u00a0tambi\u00e9n \u00a0el \u00a0atinente al factor punitivo, puesto que en los dos pa\u00edses el tope \u00a0inferior de las sanciones supera los 4 a\u00f1os de prisi\u00f3n. \u00a0\u00a0<\/p>\n<p>ACLARACIONES FINALES \u00a0<\/p>\n<p>1. El se\u00f1or Salazar \u00a0Calero \u00a0se \u00a0queja \u00a0de \u00a0que \u00a0no \u00a0fue \u00a0enterado sobre el \u00a0periodo \u00a0probatorio, \u00a0lo \u00a0cual no coincide con la verdad procesal, pues el 11 de \u00a0diciembre \u00a0de 2012 fue notificado en forma personal de la decisi\u00f3n respectiva y \u00a0en constancia de ello firm\u00f3 el acta respectiva. \u00a0\u00a0<\/p>\n<p>De otra parte, determinar si la obtenci\u00f3n de \u00a0las \u00a0pruebas \u00a0de \u00a0cargo, \u00a0entre ellas, algunas interceptaciones telef\u00f3nicas, se \u00a0hizo \u00a0de \u00a0manera legal o no, es tema que comporta postularlo y debatirlo ante el \u00a0\u201cjuez \u00a0natural\u201d que debe \u00a0juzgar \u00a0al \u00a0reclamado en extradici\u00f3n, que no lo es la Corte Suprema de Justicia \u00a0de Colombia, sino el tribunal estadounidense. \u00a0\u00a0<\/p>\n<p>2. \u00a0El \u00a0art\u00edculo \u00a035 \u00a0de \u00a0la \u00a0Constituci\u00f3n \u00a0Pol\u00edtica, \u00a0modificado \u00a0por \u00a0el 1\u00ba del acto legislativo 01 de 1997 faculta para \u00a0conceder \u00a0la \u00a0extradici\u00f3n \u00a0de \u00a0nacionales \u00a0colombianos \u00a0por \u00a0conductas \u00a0que \u00a0se \u00a0consideren \u00a0delictivas \u00a0en \u00a0la \u00a0legislaci\u00f3n \u00a0patria, \u00a0cuando \u00a0ellas se hubieren \u00a0cometido en el exterior. \u00a0\u00a0<\/p>\n<p>El \u00a0mandato \u00a0constitucional \u00a0except\u00faa \u00a0los \u00a0delitos \u00a0pol\u00edticos \u00a0y \u00a0aquellos \u00a0hechos \u00a0cometidos \u00a0con \u00a0antelaci\u00f3n \u00a0al \u00a017 de \u00a0diciembre \u00a0de \u00a01997. \u00a0Ninguna \u00a0de \u00a0tales eventualidades se estructura en el caso \u00a0analizado, \u00a0 en \u00a0tanto \u00a0las \u00a0conductas \u00a0de \u00a0narcotr\u00e1fico \u00a0imputadas \u00a0no \u00a0tienen \u00a0connotaci\u00f3n \u00a0pol\u00edtica, \u00a0los hechos acaecieron en territorio americano y fueron \u00a0ejecutados a\u00f1os despu\u00e9s de aquella fecha l\u00edmite. \u00a0\u00a0<\/p>\n<p>3. \u00a0Si \u00a0el \u00a0Gobierno \u00a0Nacional \u00a0accede \u00a0a la \u00a0entrega \u00a0de \u00a0la \u00a0persona \u00a0reclamada, \u00a0debe condicionarla a que no sea juzgada ni \u00a0sancionada \u00a0por \u00a0hechos \u00a0diferentes \u00a0a los relacionados en la solicitud. Tampoco \u00a0podr\u00e1 \u00a0ser \u00a0sometida \u00a0a \u00a0tratos \u00a0o \u00a0penas \u00a0crueles, inhumanas o degradantes, ni \u00a0castigado \u00a0con \u00a0pena \u00a0perpetua. Si la legislaci\u00f3n extranjera permite imponer la \u00a0pena \u00a0de \u00a0muerte, debe exigirse que sea conmutada seg\u00fan lo se\u00f1ala el art\u00edculo \u00a0494 de la Ley 906 de 2004. \u00a0\u00a0<\/p>\n<p>4. \u00a0 Al \u00a0 Gobierno \u00a0Nacional \u00a0tambi\u00e9n \u00a0le \u00a0corresponde \u00a0condicionar \u00a0la entrega a que el pa\u00eds reclamante, de acuerdo a sus \u00a0pol\u00edticas \u00a0internas sobre la materia, ofrezca posibilidades racionales y reales \u00a0para \u00a0que \u00a0el \u00a0requerido \u00a0pueda \u00a0tener \u00a0contacto regular con sus familiares m\u00e1s \u00a0cercanos. \u00a0Finalmente, \u00a0el tiempo en que el ciudadano estuvo detenido por cuenta \u00a0del \u00a0tr\u00e1mite \u00a0debe \u00a0serle reconocido como parte cumplida de la posible sanci\u00f3n \u00a0que se le imponga. \u00a0\u00a0<\/p>\n<p>5. \u00a0De \u00a0la \u00a0misma \u00a0manera, \u00a0se \u00a0exhorta \u00a0al \u00a0Gobierno, \u00a0encabezado \u00a0por \u00a0se\u00f1or \u00a0Presidente \u00a0de \u00a0la \u00a0Rep\u00fablica, como supremo \u00a0director \u00a0de \u00a0la \u00a0pol\u00edtica \u00a0exterior y las relaciones internacionales, para que \u00a0efect\u00fae \u00a0el respectivo seguimiento a los condicionamientos que se impongan a la \u00a0concesi\u00f3n \u00a0de \u00a0la extradici\u00f3n y determine las consecuencias que se derivar\u00edan \u00a0de \u00a0su \u00a0eventual \u00a0incumplimiento, al tenor de lo se\u00f1alado en el numeral 2\u00b0 del \u00a0art\u00edculo 189 de la Constituci\u00f3n Pol\u00edtica. \u00a0\u00a0<\/p>\n<p>6. \u00a0 En \u00a0 caso \u00a0 de \u00a0 que \u00a0 Jorge \u00a0Andr\u00e9s \u00a0Salazar Calero sea absuelto \u00a0o \u00a0declarado \u00a0no \u00a0culpable \u00a0de \u00a0los cargos que dieron origen a su extradici\u00f3n y \u00a0dejado \u00a0 en \u00a0libertad, \u00a0el \u00a0Estado \u00a0requirente \u00a0deber\u00e1 \u00a0asumir \u00a0los \u00a0gastos \u00a0de \u00a0transporte \u00a0 y \u00a0 manutenci\u00f3n \u00a0 del \u00a0 extraditado, \u00a0 con \u00a0 destino \u00a0a \u00a0su \u00a0pa\u00eds \u00a0natal. \u00a0\u00a0<\/p>\n<p>En \u00a0m\u00e9rito \u00a0de lo expuesto, la Sala \u00a0de Casaci\u00f3n Penal de la Corte Suprema de Justicia, \u00a0\u00a0<\/p>\n<p>EMITE \u00a0 CONCEPTO \u00a0 FAVORABLE \u00a0sobre \u00a0la \u00a0petici\u00f3n \u00a0de \u00a0extradici\u00f3n \u00a0del \u00a0ciudadano \u00a0colombiano \u00a0Jorge Andr\u00e9s Salazar Calero, \u00a0hecha \u00a0por el Gobierno de los Estados Unidos de Am\u00e9rica, respecto de los cargos \u00a0uno, \u00a0dos, \u00a0cinco, seis y siete formulados en la segunda acusaci\u00f3n de reemplazo \u00a0del \u00a0Gran Jurado para el Tribunal del Distrito Sur de La Florida dentro del caso \u00a010-20818-CR-LENARD(s)(s). \u00a0\u00a0<\/p>\n<p>Por \u00a0la Secretar\u00eda de la Sala comun\u00edquese \u00a0esta \u00a0 \u00a0determinaci\u00f3n \u00a0 \u00a0al \u00a0 \u00a0requerido \u00a0 \u00a0Salazar \u00a0Calero, \u00a0 \u00a0 \u00a0a \u00a0 \u00a0 \u00a0su \u00a0 \u00a0 \u00a0defensor, \u00a0 \u00a0al \u00a0 \u00a0Agente \u00a0 \u00a0del \u00a0 \u00a0Ministerio \u00a0P\u00fablico \u00a0 \u00a0y \u00a0 \u00a0al \u00a0 \u00a0Fiscal \u00a0 \u00a0General \u00a0 \u00a0de \u00a0 la \u00a0Naci\u00f3n. \u00a0\u00a0<\/p>\n<p>Devu\u00e9lvase \u00a0el \u00a0expediente al Ministerio de \u00a0Justicia y del Derecho para los tr\u00e1mites subsiguientes de ley. \u00a0\u00a0<\/p>\n<p>JOS\u00c9 \u00a0LEONIDAS \u00a0BUSTOS \u00a0MART\u00cdNEZ \u00a0\u00a0<\/p>\n<p>JOS\u00c9 \u00a0LUIS \u00a0BARCEL\u00d3 \u00a0CAMACHO \u00a0 \u00a0 \u00a0 \u00a0 \u00a0 \u00a0 \u00a0 \u00a0 \u00a0\u00a0 \u00a0 \u00a0 \u00a0 \u00a0\u00a0 \u00a0 \u00a0 \u00a0 \u00a0\u00a0\u00a0\u00a0\u00a0\u00a0\u00a0 \u00a0 \u00a0FERNANDO \u00a0 ALBERTO \u00a0 CASTRO \u00a0CABALLERO \u00a0\u00a0 \u00a0\u00a0 \u00a0\u00a0 \u00a0\u00a0 \u00a0 \u00a0 \u00a0 \u00a0\u00a0 \u00a0 \u00a0 \u00a0 \u00a0\u00a0 \u00a0 \u00a0 \u00a0 \u00a0\u00a0 \u00a0 \u00a0 \u00a0 \u00a0\u00a0\u00a0\u00a0 \u00a0\u00a0<\/p>\n<p>\u00a0 \u00a0 \u00a0 \u00a0 \u00a0<\/p>\n<p>MAR\u00cdA \u00a0 \u00a0DEL \u00a0 \u00a0ROSARIO \u00a0 \u00a0GONZ\u00c1LEZ \u00a0MU\u00d1OZ\u00a0\u00a0\u00a0\u00a0\u00a0\u00a0 \u00a0 \u00a0 \u00a0 GUSTAVO \u00a0 \u00a0 \u00a0 ENRIQUE \u00a0 \u00a0 \u00a0MALO \u00a0FERN\u00c1NDEZ \u00a0\u00a0 \u00a0\u00a0 \u00a0\u00a0 \u00a0\u00a0\u00a0\u00a0\u00a0\u00a0\u00a0\u00a0\u00a0 \u00a0\u00a0<\/p>\n<p>LUIS \u00a0GUILLERMO \u00a0SALAZAR \u00a0OTERO \u00a0\u00a0 \u00a0\u00a0 \u00a0\u00a0 \u00a0\u00a0 \u00a0\u00a0 \u00a0\u00a0 \u00a0\u00a0 \u00a0\u00a0\u00a0\u00a0\u00a0 JULIO ENRIQUE \u00a0SOCHA SALAMANCA \u00a0\u00a0<\/p>\n<p>JAVIER \u00a0 \u00a0ZAPATA \u00a0ORTIZ \u00a0\u00a0<\/p>\n<p>\u00a0 \u00a0 \u00a0 \u00a0 \u00a0<\/p>\n<p>NUBIA YOLANDA NOVA GARC\u00cdA \u00a0<\/p>\n<p>Secretaria \u00a0 \u00a0<\/p>\n<p><\/p>\n","protected":false},"excerpt":{"rendered":"<p>\u00a0 \u00a0 CORTE SUPREMA DE JUSTICIA \u00a0 SALA DE CASACI\u00d3N PENAL \u00a0 Magistrado Ponente \u00a0 JOS\u00c9 LUIS BARCEL\u00d3 CAMACHO \u00a0 Aprobado acta N\u00b0 039 \u00a0 Bogot\u00e1, D. C., trece (13) de febrero de dos \u00a0mil trece (2013). \u00a0\u00a0 MOTIVO DE LA DECISI\u00d3N \u00a0 La \u00a0Corte \u00a0Suprema \u00a0de \u00a0Justicia de Colombia \u00a0emite \u00a0concepto \u00a0sobre la solicitud [&hellip;]<\/p>\n","protected":false},"author":1,"featured_media":0,"comment_status":"open","ping_status":"open","sticky":false,"template":"","format":"standard","meta":{"footnotes":""},"categories":[21],"tags":[],"class_list":["post-26211","post","type-post","status-publish","format-standard","hentry","category-21"],"_links":{"self":[{"href":"https:\/\/dmsjuridica.com\/buscador_20179478954\/salapenalcronologico20230723\/wp-json\/wp\/v2\/posts\/26211","targetHints":{"allow":["GET"]}}],"collection":[{"href":"https:\/\/dmsjuridica.com\/buscador_20179478954\/salapenalcronologico20230723\/wp-json\/wp\/v2\/posts"}],"about":[{"href":"https:\/\/dmsjuridica.com\/buscador_20179478954\/salapenalcronologico20230723\/wp-json\/wp\/v2\/types\/post"}],"author":[{"embeddable":true,"href":"https:\/\/dmsjuridica.com\/buscador_20179478954\/salapenalcronologico20230723\/wp-json\/wp\/v2\/users\/1"}],"replies":[{"embeddable":true,"href":"https:\/\/dmsjuridica.com\/buscador_20179478954\/salapenalcronologico20230723\/wp-json\/wp\/v2\/comments?post=26211"}],"version-history":[{"count":0,"href":"https:\/\/dmsjuridica.com\/buscador_20179478954\/salapenalcronologico20230723\/wp-json\/wp\/v2\/posts\/26211\/revisions"}],"wp:attachment":[{"href":"https:\/\/dmsjuridica.com\/buscador_20179478954\/salapenalcronologico20230723\/wp-json\/wp\/v2\/media?parent=26211"}],"wp:term":[{"taxonomy":"category","embeddable":true,"href":"https:\/\/dmsjuridica.com\/buscador_20179478954\/salapenalcronologico20230723\/wp-json\/wp\/v2\/categories?post=26211"},{"taxonomy":"post_tag","embeddable":true,"href":"https:\/\/dmsjuridica.com\/buscador_20179478954\/salapenalcronologico20230723\/wp-json\/wp\/v2\/tags?post=26211"}],"curies":[{"name":"wp","href":"https:\/\/api.w.org\/{rel}","templated":true}]}}