{"id":26170,"date":"2023-09-12T19:51:25","date_gmt":"2023-09-12T19:51:25","guid":{"rendered":"https:\/\/dmsjuridica.com\/buscador_20179478954\/salapenalcronologico20230723\/2023\/09\/12\/4028420-02-13\/"},"modified":"2023-09-12T19:51:25","modified_gmt":"2023-09-12T19:51:25","slug":"4028420-02-13","status":"publish","type":"post","link":"https:\/\/dmsjuridica.com\/buscador_20179478954\/salapenalcronologico20230723\/2023\/09\/12\/4028420-02-13\/","title":{"rendered":"40284(20-02-13)"},"content":{"rendered":"\n<p>\u00a0 \u00a0 CORTE SUPREMA DE JUSTICIA \u00a0<\/p>\n<p>SALA \u00a0 DE \u00a0 CASACI\u00d3N \u00a0PENAL \u00a0\u00a0<\/p>\n<p>Magistrado Ponente \u00a0<\/p>\n<p>Luis Guillermo Salazar Otero \u00a0<\/p>\n<p>Aprobado Acta No. 051 \u00a0<\/p>\n<p>Bogot\u00e1, \u00a0D.C., veinte (20) de febrero de dos \u00a0mil trece (2013) \u00a0\u00a0<\/p>\n<p>ASUNTO: \u00a0<\/p>\n<p>Se \u00a0 pronuncia \u00a0 la \u00a0 Corte \u00a0 acerca \u00a0de \u00a0la \u00a0solicitud \u00a0 de \u00a0 pruebas \u00a0formulada \u00a0por \u00a0 \u00a0 la \u00a0 \u00a0 defensora \u00a0 \u00a0del \u00a0 \u00a0 \u00a0requerido \u00a0 \u00a0 Luis Fernando Rueda Torrado. \u00a0\u00a0<\/p>\n<p>ANTECEDENTES: \u00a0<\/p>\n<p>1. \u00a0Con \u00a0base en \u00a0el art\u00edculo 499 de la Ley 906 de 2004, el Ministerio \u00a0de \u00a0Justicia \u00a0y del Derecho remiti\u00f3 a la Corte la solicitud de extradici\u00f3n del \u00a0ciudadano \u00a0 \u00a0colombiano \u00a0 \u00a0Luis \u00a0 \u00a0Fernando \u00a0 Rueda \u00a0Torrado, \u00a0formalizada \u00a0por el Gobierno de los Estados \u00a0Unidos \u00a0 \u00a0 de \u00a0 \u00a0 Am\u00e9rica \u00a0 \u00a0 seg\u00fan \u00a0 \u00a0 Nota \u00a0 \u00a0 Verbal \u00a0 \u00a0No. \u00a0 \u00a02611 \u00a0 \u00a0 \u00a0 \u00a0de \u00a0 \u00a0 \u00a0 \u00a0noviembre \u00a0 \u00a0 \u00a0 \u00a0 \u00a08 \u00a0 \u00a0 \u00a0 \u00a0de \u00a0 \u00a0 \u00a0 2012, \u00a0 \u00a0 \u00a0 \u00a0 \u00a0 \u00a0 \u00a0adjunt\u00e1ndose \u00a0 \u00a0 \u00a0la \u00a0 \u00a0 respectiva \u00a0documentaci\u00f3n \u00a0y el concepto del Ministerio de Relaciones Exteriores de acuerdo \u00a0con \u00a0 \u00a0el \u00a0 cual \u00a0 \u201cla \u00a0extradici\u00f3n \u00a0estar\u00e1 \u00a0gobernada \u00a0por \u00a0lo \u00a0previsto en el ordenamiento jur\u00eddico \u00a0colombiano\u201d. \u00a0\u00a0<\/p>\n<p>2. \u00a0En \u00a0esas \u00a0condiciones \u00a0y \u00a0prove\u00eddo \u00a0el \u00a0requerido \u00a0 \u00a0de \u00a0 \u00a0una \u00a0defensora \u00a0se \u00a0dispuso \u00a0el \u00a0traslado \u00a0 \u00a0 de \u00a0 \u00a0rigor \u00a0 \u00a0para \u00a0 \u00a0que \u00a0 \u00a0los \u00a0 \u00a0intervinientes \u00a0 \u00a0solicitaran \u00a0pruebas. \u00a0\u00a0<\/p>\n<p>El \u00a0Ministerio \u00a0P\u00fablico \u00a0present\u00f3 escrito en el que afirm\u00f3 no pedir \u00a0la pr\u00e1ctica de ninguna por considerarlo innecesario. \u00a0\u00a0<\/p>\n<p>A \u00a0su turno la defensora, tras relatar unos \u00a0supuestos \u00a0 \u00a0de \u00a0 \u00a0hecho \u00a0 de \u00a0 acuerdo \u00a0 con \u00a0 los \u00a0 cuales \u00a0 el \u00a0 solicitado \u00a0 \u00a0se \u00a0 \u00a0halla \u00a0 \u00a0privado \u00a0 de \u00a0 libertad \u00a0en establecimiento carcelario de C\u00facuta desde el 9 de octubre de \u00a02011 \u00a0 purgando \u00a0una \u00a0condena \u00a0por \u00a0el \u00a0delito \u00a0de \u00a0narcotr\u00e1fico, \u00a0demanda \u00a0 \u00a0 \u00a0 \u00a0 \u00a0 \u201cdecretar, \u00a0practicar \u00a0y \u00a0tener como prueba los hechos que sirven \u00a0de \u00a0fundamento a esta solicitud, toda vez que la misma \u00a0cumple \u00a0con \u00a0las \u00a0exigencias \u00a0de \u00a0ley \u00a0como \u00a0es \u00a0la \u00a0conducencia, \u00a0pertinencia y \u00a0utilidad, \u00a0pues \u00a0los \u00a0hechos \u00a0que \u00a0motivan \u00a0la \u00a0solicitud \u00a0de \u00a0extradici\u00f3n \u00a0son \u00a0similares \u00a0 \u00a0a \u00a0 \u00a0los \u00a0 \u00a0hechos \u00a0 \u00a0por \u00a0 \u00a0los \u00a0 \u00a0cuales \u00a0 \u00a0fue \u00a0 \u00a0condenado \u00a0 mi \u00a0representado\u201d. \u00a0\u00a0<\/p>\n<p>CONSIDERACIONES: \u00a0\u00a0<\/p>\n<p>1. \u00a0Adem\u00e1s de que \u00a0el \u00a0Ministerio \u00a0P\u00fablico \u00a0manifest\u00f3 \u00a0expresamente \u00a0no solicitar la pr\u00e1ctica de \u00a0prueba \u00a0 \u00a0alguna, \u00a0 \u00a0el \u00a0escrito de la defensa, por \u00a0su \u00a0parte, \u00a0no \u00a0entra\u00f1a \u00a0ciertamente \u00a0una \u00a0demanda \u00a0en \u00a0tal sentido, \u00a0 \u00a0 porque \u00a0 \u00a0 su \u00a0 \u00a0 ruego \u00a0 \u00a0 es \u00a0 \u00a0simplemente \u00a0 \u00a0que se valoren los hechos por ella dados \u00a0a \u00a0conocer, \u00a0que \u00a0para \u00a0nada \u00a0incluyen \u00a0un \u00a0relato \u00a0circunstanciado de conductas \u00a0delictivas \u00a0o \u00a0la \u00a0identificaci\u00f3n \u00a0de \u00a0la \u00a0sentencia \u00a0que supuestamente pesa en \u00a0contra \u00a0de \u00a0su prohijado, ni \u00a0mucho \u00a0 menos \u00a0 la \u00a0 precisa \u00a0 petici\u00f3n \u00a0 de \u00a0 alg\u00fan \u00a0 elemento \u00a0 demostrativo \u00a0de sus asertos, \u00a0en \u00a0procura \u00a0de \u00a0evitar \u00a0una presunta vulneraci\u00f3n al non bis in \u00a0\u00eddem. \u00a0\u00a0<\/p>\n<p>No \u00a0existen por tanto solicitudes probatorias \u00a0que resolver. \u00a0\u00a0<\/p>\n<p>2. \u00a0Sin \u00a0embargo, \u00a0ya \u00a0que \u00a0la \u00a0informaci\u00f3n \u00a0suministrada \u00a0por \u00a0la \u00a0defensa, como el hecho constatado en la actuaci\u00f3n acerca \u00a0de \u00a0que \u00a0efectivamente \u00a0el \u00a0requerido \u00a0fue notificado de la orden de captura con \u00a0fines \u00a0 de \u00a0 extradici\u00f3n \u00a0 en \u00a0 la \u00a0 C\u00e1rcel \u00a0Modelo \u00a0de \u00a0C\u00facuta \u00a0\u201cdonde \u00a0 permanece \u00a0 retenido \u00a0 \u2026 \u00a0 condenado \u00a0por \u00a0delitos \u00a0de \u00a0narcotr\u00e1fico\u2026\u201d, constituyen elementos suficientes \u00a0para \u00a0que, en aras del axioma de la cosa juzgada, la Corte disponga oficiar a la \u00a0Fiscal\u00eda \u00a0General \u00a0de \u00a0la Naci\u00f3n y al establecimiento carcelario citado con la \u00a0finalidad \u00a0de \u00a0establecer \u00a0si \u00a0en efecto Rueda Torrado ha sido sujeto en nuestra \u00a0jurisdicci\u00f3n \u00a0de alguna sentencia condenatoria por el punible de narcotr\u00e1fico, \u00a0evento \u00a0en \u00a0el \u00a0cual \u00a0deber\u00e1 allegarse copia de las correspondientes decisiones \u00a0con informaci\u00f3n acerca de su ejecutoria. \u00a0\u00a0<\/p>\n<p>* * * * * * \u00a0<\/p>\n<p>En \u00a0m\u00e9rito de lo expuesto, la Corte Suprema \u00a0de Justicia, Sala de Casaci\u00f3n Penal, \u00a0\u00a0<\/p>\n<p>RESUELVE: \u00a0<\/p>\n<p>Solicitar a la Fiscal\u00eda General de la Naci\u00f3n \u00a0y \u00a0a \u00a0la \u00a0c\u00e1rcel \u00a0Modelo \u00a0de \u00a0C\u00facuta, \u00a0informen \u00a0si contra Luis Fernando Rueda \u00a0Torrado \u00a0se \u00a0ha \u00a0emitido \u00a0sentencia \u00a0condenatoria por conductas relacionadas con \u00a0tr\u00e1fico de estupefacientes. \u00a0\u00a0<\/p>\n<p>En \u00a0el t\u00e9rmino de diez (10) d\u00edas m\u00e1s el de \u00a0la distancia, pract\u00edquese la prueba indicada. \u00a0\u00a0<\/p>\n<p>Contra \u00a0esta decisi\u00f3n procede el recurso de \u00a0reposici\u00f3n. \u00a0\u00a0<\/p>\n<p>C\u00f3piese, \u00a0 \u00a0 \u00a0notif\u00edquese \u00a0 \u00a0 \u00a0y \u00a0c\u00famplase, \u00a0\u00a0<\/p>\n<p>JOS\u00c9 LEONIDAS BUSTOS MART\u00cdNEZ \u00a0<\/p>\n<p>JOS\u00c9 \u00a0LUIS \u00a0BARCEL\u00d3 \u00a0CAMACHO \u00a0 \u00a0 \u00a0 \u00a0\u00a0 \u00a0 \u00a0 \u00a0 \u00a0\u00a0 \u00a0 \u00a0 \u00a0 \u00a0 \u00a0 \u00a0 \u00a0 \u00a0\u00a0\u00a0\u00a0\u00a0\u00a0\u00a0\u00a0\u00a0\u00a0\u00a0\u00a0\u00a0\u00a0\u00a0\u00a0\u00a0\u00a0\u00a0\u00a0\u00a0\u00a0\u00a0\u00a0\u00a0\u00a0\u00a0\u00a0\u00a0\u00a0\u00a0\u00a0\u00a0\u00a0\u00a0\u00a0 \u00a0FERNANDO A. CASTRO CABALLERO \u00a0\u00a0<\/p>\n<p>MAR\u00cdA \u00a0DEL \u00a0ROSARIO \u00a0 \u00a0 \u00a0 \u00a0 \u00a0 \u00a0 \u00a0 \u00a0 \u00a0 \u00a0GONZ\u00c1LEZ \u00a0 \u00a0 \u00a0 \u00a0 \u00a0 \u00a0 \u00a0 \u00a0 \u00a0 \u00a0MU\u00d1OZ\u00a0\u00a0\u00a0\u00a0\u00a0\u00a0\u00a0\u00a0\u00a0\u00a0\u00a0\u00a0\u00a0\u00a0\u00a0\u00a0\u00a0\u00a0\u00a0\u00a0 \u00a0GUSTAVO E. MALO FERN\u00c1NDEZ \u00a0\u00a0<\/p>\n<p>LUIS \u00a0GUILLERMO \u00a0SALAZAR OTERO\u00a0\u00a0\u00a0\u00a0\u00a0\u00a0\u00a0\u00a0\u00a0\u00a0\u00a0\u00a0\u00a0\u00a0\u00a0\u00a0\u00a0\u00a0\u00a0\u00a0\u00a0\u00a0\u00a0\u00a0 \u00a0JULIO \u00a0 \u00a0 \u00a0 \u00a0 \u00a0ENRIQUE\u00a0 \u00a0 \u00a0 \u00a0 \u00a0 \u00a0SOCHA \u00a0SALAMANCA\u00a0\u00a0\u00a0\u00a0\u00a0\u00a0\u00a0\u00a0\u00a0\u00a0\u00a0\u00a0\u00a0\u00a0\u00a0\u00a0\u00a0\u00a0\u00a0\u00a0\u00a0\u00a0\u00a0\u00a0\u00a0\u00a0\u00a0\u00a0\u00a0\u00a0\u00a0\u00a0\u00a0 \u00a0\u00a0<\/p>\n<p>JAVIER DE JES\u00daS ZAPATA ORTIZ \u00a0<\/p>\n<p>Nubia \u00a0 \u00a0 Yolanda \u00a0 \u00a0 Nova Garc\u00eda \u00a0\u00a0<\/p>\n<p>Secretaria \u00a0\u00a0<\/p>\n<p>\u00a0 \u00a0\u00a0<\/p>\n<p><\/p>\n","protected":false},"excerpt":{"rendered":"<p>\u00a0 \u00a0 CORTE SUPREMA DE JUSTICIA \u00a0 SALA \u00a0 DE \u00a0 CASACI\u00d3N \u00a0PENAL \u00a0\u00a0 Magistrado Ponente \u00a0 Luis Guillermo Salazar Otero \u00a0 Aprobado Acta No. 051 \u00a0 Bogot\u00e1, \u00a0D.C., veinte (20) de febrero de dos \u00a0mil trece (2013) \u00a0\u00a0 ASUNTO: \u00a0 Se \u00a0 pronuncia \u00a0 la \u00a0 Corte \u00a0 acerca \u00a0de \u00a0la \u00a0solicitud \u00a0 de [&hellip;]<\/p>\n","protected":false},"author":1,"featured_media":0,"comment_status":"open","ping_status":"open","sticky":false,"template":"","format":"standard","meta":{"footnotes":""},"categories":[21],"tags":[],"class_list":["post-26170","post","type-post","status-publish","format-standard","hentry","category-21"],"_links":{"self":[{"href":"https:\/\/dmsjuridica.com\/buscador_20179478954\/salapenalcronologico20230723\/wp-json\/wp\/v2\/posts\/26170","targetHints":{"allow":["GET"]}}],"collection":[{"href":"https:\/\/dmsjuridica.com\/buscador_20179478954\/salapenalcronologico20230723\/wp-json\/wp\/v2\/posts"}],"about":[{"href":"https:\/\/dmsjuridica.com\/buscador_20179478954\/salapenalcronologico20230723\/wp-json\/wp\/v2\/types\/post"}],"author":[{"embeddable":true,"href":"https:\/\/dmsjuridica.com\/buscador_20179478954\/salapenalcronologico20230723\/wp-json\/wp\/v2\/users\/1"}],"replies":[{"embeddable":true,"href":"https:\/\/dmsjuridica.com\/buscador_20179478954\/salapenalcronologico20230723\/wp-json\/wp\/v2\/comments?post=26170"}],"version-history":[{"count":0,"href":"https:\/\/dmsjuridica.com\/buscador_20179478954\/salapenalcronologico20230723\/wp-json\/wp\/v2\/posts\/26170\/revisions"}],"wp:attachment":[{"href":"https:\/\/dmsjuridica.com\/buscador_20179478954\/salapenalcronologico20230723\/wp-json\/wp\/v2\/media?parent=26170"}],"wp:term":[{"taxonomy":"category","embeddable":true,"href":"https:\/\/dmsjuridica.com\/buscador_20179478954\/salapenalcronologico20230723\/wp-json\/wp\/v2\/categories?post=26170"},{"taxonomy":"post_tag","embeddable":true,"href":"https:\/\/dmsjuridica.com\/buscador_20179478954\/salapenalcronologico20230723\/wp-json\/wp\/v2\/tags?post=26170"}],"curies":[{"name":"wp","href":"https:\/\/api.w.org\/{rel}","templated":true}]}}