{"id":26100,"date":"2023-09-12T19:51:21","date_gmt":"2023-09-12T19:51:21","guid":{"rendered":"https:\/\/dmsjuridica.com\/buscador_20179478954\/salapenalcronologico20230723\/2023\/09\/12\/4011418-02-13\/"},"modified":"2023-09-12T19:51:21","modified_gmt":"2023-09-12T19:51:21","slug":"4011418-02-13","status":"publish","type":"post","link":"https:\/\/dmsjuridica.com\/buscador_20179478954\/salapenalcronologico20230723\/2023\/09\/12\/4011418-02-13\/","title":{"rendered":"40114(18-02-13)"},"content":{"rendered":"\n<p>\u00a0 \u00a0 \u00a0 \u00a0 \u00a0 \u00a0 \u00a0 \u00a0 \u00a0 \u00a0 \u00a0 \u00a0 \u00a0 \u00a0 \u00a0 \u00a0 \u00a0 \u00a0 \u00a0<\/p>\n<p>CORTE SUPREMA DE JUSTICIA \u00a0<\/p>\n<p>\u00a0 \u00a0SALA \u00a0DE \u00a0CASACI\u00d3N PENAL \u00a0 \u00a0 \u00a0 \u00a0 \u00a0\u00a0<\/p>\n<p>Magistrado \u00a0 \u00a0 \u00a0Ponente: \u00a0\u00a0<\/p>\n<p>FERNANDO ALBERTO CASTRO CABALLERO \u00a0<\/p>\n<p>Aprobado Acta N\u00b0 047 \u00a0<\/p>\n<p>Bogot\u00e1, \u00a0D. \u00a0C.,\u00a0 \u00a0dieciocho \u00a0(18) \u00a0de \u00a0febrero de dos mil trece (2013). \u00a0\u00a0<\/p>\n<p>VISTOS: \u00a0<\/p>\n<p>Decide \u00a0 la \u00a0Sala \u00a0sobre \u00a0los \u00a0impedimentos \u00a0manifestados \u00a0por \u00a0los \u00a0Honorables \u00a0Magistrados \u00a0MAR\u00cdA \u00a0DEL \u00a0ROSARIO \u00a0GONZ\u00c1LEZ \u00a0MU\u00d1OZ, \u00a0JOS\u00c9 LEONIDAS BUSTOS MART\u00cdNEZ, JULIO ENRIQUE SOCHA SALAMANCA y JAVIER \u00a0ZAPATA ORTIZ. \u00a0<\/p>\n<p>ANTECEDENTES \u00a0 \u00a0Y \u00a0CONSIDERACIONES: \u00a0<\/p>\n<p>1. \u00a0El \u00a0se\u00f1or \u00a0ALIRIO \u00a0VILLAMIZAR \u00a0AFANADOR, \u00a0por \u00a0intermedio \u00a0de \u00a0apoderado judicial, ha presentado \u00a0demanda \u00a0de \u00a0revisi\u00f3n \u00a0contra \u00a0la \u00a0sentencia \u00a0fechada \u00a0el \u00a08 \u00a0de Julio de 2010, \u00a0proferida \u00a0en \u00a0\u00fanica \u00a0instancia por la Corte Suprema de Justicia, y mediante la \u00a0cual \u00a0fue \u00a0condenado \u00a0a \u00a0pena de prisi\u00f3n de 117 meses, multa de 87.495 salarios \u00a0m\u00ednimos \u00a0legales \u00a0mensuales \u00a0y 96 meses de inhabilitaci\u00f3n para el ejercicio de \u00a0cargos \u00a0p\u00fablicos, \u00a0al \u00a0ser \u00a0declarado responsable de la comisi\u00f3n del delito de \u00a0concusi\u00f3n. \u00a0<\/p>\n<p>2. \u00a0Los Honorables \u00a0Magistrados \u00a0 MAR\u00cdA \u00a0DEL \u00a0ROSARIO \u00a0 \u00a0 GONZ\u00c1LEZ \u00a0MU\u00d1OZ, \u00a0 JOS\u00c9 LEONIDAS \u00a0BUSTOS \u00a0 MART\u00cdNEZ, \u00a0JULIO \u00a0ENRIQUE \u00a0SOCHA \u00a0SALAMANCA \u00a0y \u00a0JAVIER \u00a0ZAPATA \u00a0ORTIZ, \u00a0manifiestan \u00a0encontrarse impedidos para conocer del presente asunto en virtud de \u00a0lo \u00a0 \u00a0dispuesto \u00a0 en \u00a0 el \u00a0 art\u00edculo \u00a0 228 \u00a0 \u00a0de \u00a0 \u00a0la \u00a0 \u00a0Ley \u00a0 \u00a0600 \u00a0 \u00a0 \u00a0 de \u00a0 \u00a0 \u00a0 2000, \u00a0 \u00a0por \u00a0 cuanto \u00a0 suscribieron \u00a0 la \u00a0decisi\u00f3n \u00a0 \u00a0 \u00a0 de \u00a0 \u00a0 \u00a0 fecha \u00a0 \u00a0 \u00a08 \u00a0de \u00a0julio \u00a0de \u00a0 \u00a02010, \u00a0por \u00a0medio \u00a0de la cual se \u00a0conden\u00f3 al \u00a0se\u00f1or \u00a0VILLAMIZAR AFANADOR y es objeto de la demanda \u00a0de revisi\u00f3n. \u00a0<\/p>\n<p>3.\u00a0 \u00a0 \u00a0De \u00a0conformidad \u00a0con \u00a0lo \u00a0dispuesto \u00a0en el art\u00edculo 59 del C\u00f3digo de Procedimiento \u00a0Penal, \u00a0si \u00a0la \u00a0causal \u00a0de \u00a0impedimento \u00a0se extiende a varios de los Magistrados \u00a0integrantes \u00a0de \u00a0una Sala de Decisi\u00f3n, hip\u00f3tesis que se presenta en este caso, \u00a0debe decidirse en forma conjunta sobre el particular. \u00a0<\/p>\n<p>4. El art\u00edculo 228 \u00a0de \u00a0la \u00a0Ley \u00a0600 \u00a0de \u00a02000, \u00a0norma \u00a0de car\u00e1cter especial frente a la acci\u00f3n de \u00a0revisi\u00f3n, \u00a0es \u00a0perentorio \u00a0en \u00a0se\u00f1alar \u00a0que, \u00a0\u201cNo \u00a0podr\u00e1 \u00a0intervenir en el tr\u00e1mite y decisi\u00f3n de esta acci\u00f3n ning\u00fan Magistrado \u00a0que haya suscrito la decisi\u00f3n objeto de la misma\u201d. \u00a0<\/p>\n<p>El \u00a0sentido de la norma es inequ\u00edvoco, as\u00ed \u00a0que \u00a0le \u00a0est\u00e1 \u00a0vedado al funcionario que suscribe una providencia decidir sobre \u00a0la \u00a0legalidad \u00a0de \u00a0la \u00a0misma \u00a0en \u00a0sede \u00a0de revisi\u00f3n1; \u00a0de \u00a0esta manera, se preserva \u00a0la \u00a0imparcialidad \u00a0que \u00a0tutela el instituto de los impedimentos. Es claro que la \u00a0demanda \u00a0se dirige contra el fallo proferido en \u00fanica instancia por la Corte, y \u00a0que \u00a0fuera \u00a0suscrito, \u00a0entre \u00a0otros, \u00a0por \u00a0los \u00a0magistrados que se han declarado \u00a0impedidos, \u00a0de \u00a0manera que la causal de impedimento tiene total e incuestionable \u00a0vigencia \u00a0en \u00a0el presente caso, y, conforme a ello, se impone la aceptaci\u00f3n del \u00a0impedimento manifestado. \u00a0<\/p>\n<p>En \u00a0m\u00e9rito \u00a0de \u00a0lo \u00a0expuesto, \u00a0la \u00a0Sala \u00a0de \u00a0Casaci\u00f3n Penal de la Corte Suprema de Justicia, \u00a0\u00a0<\/p>\n<p>RESUELVE: \u00a0<\/p>\n<p>1.\u00a0 ACEPTAR el \u00a0impedimento \u00a0expresado \u00a0por \u00a0los \u00a0Honorables Magistrados de la Sala de Casaci\u00f3n \u00a0Penal, \u00a0 \u00a0 \u00a0 \u00a0 doctores \u00a0 \u00a0 \u00a0 \u00a0 MAR\u00cdA \u00a0 DEL \u00a0 ROSARIO \u00a0 GONZ\u00c1LEZ \u00a0 \u00a0 \u00a0 \u00a0 \u00a0 \u00a0MU\u00d1OZ, \u00a0 \u00a0 \u00a0 \u00a0 \u00a0JOS\u00c9 \u00a0 LEONIDAS \u00a0BUSTOS \u00a0MART\u00cdNEZ, \u00a0JULIO \u00a0ENRIQUE SOCHA SALAMANCA y \u00a0JAVIER \u00a0ZAPATA \u00a0ORTIZ \u00a0para \u00a0conocer \u00a0de la acci\u00f3n de \u00a0revisi\u00f3n \u00a0 impetrada \u00a0 por \u00a0 ALIRIO \u00a0 VILLAMIZAR \u00a0 AFANADOR, \u00a0 a \u00a0 trav\u00e9s \u00a0 de \u00a0apoderado. \u00a0<\/p>\n<p>2. \u00a0SEPARAR, \u00a0en \u00a0consecuencia, \u00a0 del \u00a0 conocimiento \u00a0 del \u00a0 presente \u00a0asunto, \u00a0a \u00a0los \u00a0Honorables \u00a0Magistrados cuyo impedimento se acepta. \u00a0<\/p>\n<p>Contra \u00a0esta \u00a0decisi\u00f3n \u00a0no \u00a0procede recurso \u00a0alguno. \u00a0<\/p>\n<p>Comun\u00edquese y c\u00famplase. \u00a0<\/p>\n<p>FERNANDO ALBERTO CASTRO CABALLERO \u00a0<\/p>\n<p>Magistrado \u00a0<\/p>\n<p>\u00a0 \u00a0<\/p>\n<p>JOS\u00c9 \u00a0 \u00a0 \u00a0 FRANCISCO \u00a0 \u00a0 \u00a0ACU\u00d1A \u00a0VIZCAYA\u00a0\u00a0\u00a0\u00a0\u00a0\u00a0\u00a0\u00a0\u00a0\u00a0\u00a0 JOSE \u00a0LUIS BARCEL\u00d3 CAMACHO \u00a0\u00a0<\/p>\n<p>\u00a0\u00a0\u00a0\u00a0\u00a0\u00a0\u00a0\u00a0\u00a0 Conjuez \u00a0\u00a0 \u00a0 \u00a0\u00a0 \u00a0 \u00a0\u00a0 \u00a0 \u00a0 \u00a0\u00a0 \u00a0\u00a0 \u00a0\u00a0 \u00a0\u00a0 \u00a0\u00a0 \u00a0\u00a0 \u00a0 \u00a0\u00a0 \u00a0 \u00a0 \u00a0 \u00a0 \u00a0 \u00a0 \u00a0 \u00a0 \u00a0\u00a0 \u00a0 \u00a0 \u00a0 \u00a0 \u00a0\u00a0 \u00a0\u00a0Magistrado \u00a0\u00a0<\/p>\n<p>\u00a0 \u00a0<\/p>\n<p>GUSTAVO \u00a0 \u00a0 \u00a0 ENRIQUE \u00a0 \u00a0 \u00a0 MALO \u00a0FERN\u00c1NDEZ\u00a0\u00a0\u00a0\u00a0\u00a0\u00a0\u00a0\u00a0\u00a0\u00a0\u00a0\u00a0 \u00a0HUGO QUINTERO BERNATE \u00a0\u00a0<\/p>\n<p>\u00a0 \u00a0\u00a0 \u00a0\u00a0 \u00a0 \u00a0 \u00a0 \u00a0 \u00a0\u00a0 \u00a0 \u00a0 \u00a0 \u00a0\u00a0 \u00a0 \u00a0 \u00a0 \u00a0\u00a0 \u00a0 \u00a0 \u00a0 \u00a0Magistrado \u00a0 \u00a0\u00a0 \u00a0 \u00a0 \u00a0 \u00a0 \u00a0\u00a0 \u00a0 \u00a0 \u00a0 \u00a0 \u00a0\u00a0 \u00a0\u00a0 \u00a0\u00a0 \u00a0\u00a0 \u00a0\u00a0 \u00a0\u00a0 \u00a0\u00a0 \u00a0\u00a0 \u00a0 \u00a0\u00a0 \u00a0 \u00a0 \u00a0 \u00a0 \u00a0 \u00a0 \u00a0 \u00a0 \u00a0\u00a0 \u00a0 \u00a0 \u00a0 \u00a0 \u00a0\u00a0 \u00a0\u00a0Conjuez \u00a0\u00a0<\/p>\n<p>YESID \u00a0 \u00a0 \u00a0 \u00a0 \u00a0 \u00a0REYES \u00a0ALVARADO\u00a0\u00a0\u00a0\u00a0\u00a0\u00a0\u00a0\u00a0\u00a0\u00a0\u00a0\u00a0\u00a0\u00a0\u00a0\u00a0\u00a0\u00a0\u00a0\u00a0 \u00a0JULIO ANDRES SAMPEDRO ARRUBLA \u00a0\u00a0<\/p>\n<p>Conjuez \u00a0\u00a0 \u00a0\u00a0 \u00a0 \u00a0\u00a0 \u00a0 \u00a0 \u00a0 \u00a0 \u00a0 \u00a0 \u00a0 \u00a0 \u00a0\u00a0 \u00a0 \u00a0 \u00a0 \u00a0 \u00a0\u00a0 \u00a0\u00a0 \u00a0\u00a0 \u00a0\u00a0 \u00a0\u00a0 \u00a0\u00a0 \u00a0\u00a0 \u00a0\u00a0 \u00a0 \u00a0Conjuez \u00a0\u00a0<\/p>\n<p>\u00a0 \u00a0<\/p>\n<p>LUIS GUILLERMO SALAZAR OTERO \u00a0<\/p>\n<p>\u00a0\u00a0\u00a0\u00a0\u00a0\u00a0\u00a0\u00a0\u00a0\u00a0\u00a0\u00a0\u00a0\u00a0\u00a0\u00a0\u00a0\u00a0\u00a0 \u00a0Magistrado \u00a0<\/p>\n<p>\u00a0\u00a0 \u00a0 NUBIA \u00a0YOLANDA NOVA GARCIA \u00a0\u00a0<\/p>\n<p>\u00a0\u00a0 Secretaria \u00a0<\/p>\n<p>\u00a0 \u00a0 \u00a0\u00a0<\/p>\n<p>1 Corte \u00a0Suprema \u00a0de \u00a0Justicia, \u00a0Sala \u00a0de \u00a0Casaci\u00f3n \u00a0Penal, \u00a0Auto del 7 de mayo de 2009, \u00a0radicado N\u00b0 31140. \u00a0 \u00a0\u00a0<\/p>\n<p><\/p>\n","protected":false},"excerpt":{"rendered":"<p>\u00a0 \u00a0 \u00a0 \u00a0 \u00a0 \u00a0 \u00a0 \u00a0 \u00a0 \u00a0 \u00a0 \u00a0 \u00a0 \u00a0 \u00a0 \u00a0 \u00a0 \u00a0 \u00a0 CORTE SUPREMA DE JUSTICIA \u00a0 \u00a0 \u00a0SALA \u00a0DE \u00a0CASACI\u00d3N PENAL \u00a0 \u00a0 \u00a0 \u00a0 \u00a0\u00a0 Magistrado \u00a0 \u00a0 \u00a0Ponente: \u00a0\u00a0 FERNANDO ALBERTO CASTRO CABALLERO \u00a0 Aprobado Acta N\u00b0 047 \u00a0 Bogot\u00e1, \u00a0D. \u00a0C.,\u00a0 \u00a0dieciocho \u00a0(18) \u00a0de [&hellip;]<\/p>\n","protected":false},"author":1,"featured_media":0,"comment_status":"open","ping_status":"open","sticky":false,"template":"","format":"standard","meta":{"footnotes":""},"categories":[21],"tags":[],"class_list":["post-26100","post","type-post","status-publish","format-standard","hentry","category-21"],"_links":{"self":[{"href":"https:\/\/dmsjuridica.com\/buscador_20179478954\/salapenalcronologico20230723\/wp-json\/wp\/v2\/posts\/26100","targetHints":{"allow":["GET"]}}],"collection":[{"href":"https:\/\/dmsjuridica.com\/buscador_20179478954\/salapenalcronologico20230723\/wp-json\/wp\/v2\/posts"}],"about":[{"href":"https:\/\/dmsjuridica.com\/buscador_20179478954\/salapenalcronologico20230723\/wp-json\/wp\/v2\/types\/post"}],"author":[{"embeddable":true,"href":"https:\/\/dmsjuridica.com\/buscador_20179478954\/salapenalcronologico20230723\/wp-json\/wp\/v2\/users\/1"}],"replies":[{"embeddable":true,"href":"https:\/\/dmsjuridica.com\/buscador_20179478954\/salapenalcronologico20230723\/wp-json\/wp\/v2\/comments?post=26100"}],"version-history":[{"count":0,"href":"https:\/\/dmsjuridica.com\/buscador_20179478954\/salapenalcronologico20230723\/wp-json\/wp\/v2\/posts\/26100\/revisions"}],"wp:attachment":[{"href":"https:\/\/dmsjuridica.com\/buscador_20179478954\/salapenalcronologico20230723\/wp-json\/wp\/v2\/media?parent=26100"}],"wp:term":[{"taxonomy":"category","embeddable":true,"href":"https:\/\/dmsjuridica.com\/buscador_20179478954\/salapenalcronologico20230723\/wp-json\/wp\/v2\/categories?post=26100"},{"taxonomy":"post_tag","embeddable":true,"href":"https:\/\/dmsjuridica.com\/buscador_20179478954\/salapenalcronologico20230723\/wp-json\/wp\/v2\/tags?post=26100"}],"curies":[{"name":"wp","href":"https:\/\/api.w.org\/{rel}","templated":true}]}}