{"id":25907,"date":"2023-09-12T19:49:30","date_gmt":"2023-09-12T19:49:30","guid":{"rendered":"https:\/\/dmsjuridica.com\/buscador_20179478954\/salapenalcronologico20230723\/2023\/09\/12\/3952719-03-13\/"},"modified":"2023-09-12T19:49:30","modified_gmt":"2023-09-12T19:49:30","slug":"3952719-03-13","status":"publish","type":"post","link":"https:\/\/dmsjuridica.com\/buscador_20179478954\/salapenalcronologico20230723\/2023\/09\/12\/3952719-03-13\/","title":{"rendered":"39527(19-03-13)"},"content":{"rendered":"\n<p>\u00a0 \u00a0 CORTE SUPREMA DE JUSTICIA \u00a0<\/p>\n<p>SALA DE CASACI\u00d3N PENAL \u00a0<\/p>\n<p>Magistrado Ponente \u00a0<\/p>\n<p>JOS\u00c9 \u00a0 LUIS \u00a0BARCEL\u00d3 \u00a0CAMACHO \u00a0\u00a0<\/p>\n<p>Aprobado \u00a0 acta \u00a0 N\u00ba \u00a0087 \u00a0\u00a0<\/p>\n<p>Bogot\u00e1, \u00a0D. C., diecinueve (19) de marzo de \u00a0dos mil trece (2013). \u00a0\u00a0<\/p>\n<p>VISTOS \u00a0<\/p>\n<p>La Sala se pronuncia acerca del desistimiento \u00a0expresado \u00a0por \u00a0el Gobierno de\u00a0 los Estados Unidos de Am\u00e9rica, mediante la \u00a0Nota \u00a0Verbal \u00a0No. \u00a00328 \u00a0del \u00a020 de febrero de 2013, respecto de la solicitud de \u00a0extradici\u00f3n \u00a0del \u00a0ciudadano \u00a0colombiano \u00a0Jos\u00e9 Carlos \u00a0Londo\u00f1o Robledo. \u00a0\u00a0<\/p>\n<p>ANTECEDENTES \u00a0<\/p>\n<p>1.\u00a0 \u00a0El\u00a0 \u00a0Gobierno \u00a0de los Estados \u00a0Unidos \u00a0de \u00a0Am\u00e9rica, mediante Nota Verbal\u00a0 n\u00famero 1569 del 12 de julio de \u00a02012, \u00a0a \u00a0trav\u00e9s \u00a0de \u00a0su \u00a0Embajada \u00a0en\u00a0 Colombia, solicit\u00f3 formalmente la \u00a0extradici\u00f3n \u00a0 del \u00a0ciudadano \u00a0colombiano\u00a0 \u00a0Jos\u00e9 \u00a0Carlos Londo\u00f1o Robledo. \u00a0\u00a0<\/p>\n<p>2. \u00a0 \u00a0 Mediante \u00a0 \u00a0 oficio \u00a0 \u00a0 n\u00famero \u00a0OFI12-001-11912-DVC-3000 \u00a0del \u00a023 \u00a0de \u00a0julio de 2012 el Ministerio de Justicia y \u00a0del \u00a0Derecho, \u00a0luego \u00a0de \u00a0considerar \u00a0perfeccionado \u00a0el \u00a0expediente, remiti\u00f3 la \u00a0documentaci\u00f3n \u00a0 relacionada \u00a0 con \u00a0la \u00a0solicitud \u00a0de \u00a0extradici\u00f3n \u00a0presentada, \u00a0demandando de la Sala el respectivo concepto. \u00a0\u00a0<\/p>\n<p>As\u00ed, \u00a0una \u00a0vez \u00a0posesionado \u00a0el defensor de \u00a0confianza \u00a0 del \u00a0 nacional \u00a0 reclamado, \u00a0la \u00a0Sala, \u00a0con \u00a0ocasi\u00f3n \u00a0del \u00a0per\u00edodo \u00a0probatorio, \u00a0dispuso, \u00a0a trav\u00e9s de auto del 20 de febrero de 2013, la pr\u00e1ctica \u00a0de las pruebas solicitadas por aquel. \u00a0\u00a0<\/p>\n<p>3. \u00a0Practicadas \u00a0las \u00a0pruebas decretadas, la \u00a0Jefe \u00a0de \u00a0la Oficina de Asuntos Internacionales del Ministerio de Justicia y del \u00a0Derecho,\u00a0 \u00a0a \u00a0trav\u00e9s \u00a0de \u00a0oficio \u00a0del \u00a015 \u00a0de \u00a0marzo \u00a0del \u00a0a\u00f1o \u00a0en \u00a0curso \u00a0manifest\u00f3: \u00a0\u00a0<\/p>\n<p>\u201cPara \u00a0 su \u00a0conocimiento \u00a0y fines pertinentes, le remito el oficio DAI 20131700011481 del 21 \u00a0de \u00a0febrero \u00a0de \u00a02013, procedente de la Direcci\u00f3n de Asuntos Internacionales de \u00a0la \u00a0Fiscal\u00eda \u00a0General \u00a0de \u00a0la \u00a0Naci\u00f3n, mediante el cual remite fotocopia de la \u00a0Resoluci\u00f3n \u00a0del \u00a020 \u00a0de febrero de 2013, por medio de la cual el Fiscal General \u00a0de \u00a0la \u00a0Naci\u00f3n \u00a0orden\u00f3 \u00a0la \u00a0libertad del se\u00f1or Jos\u00e9 Carlos Londo\u00f1o Robledo, \u00a0teniendo \u00a0cuenta \u00a0que \u00a0la \u00a0Embajada de los Estados Unidos de Am\u00e9rica retir\u00f3 el \u00a0pedido \u00a0de \u00a0extradici\u00f3n, \u00a0mediante \u00a0nota \u00a0verbal \u00a00328 \u00a0del \u00a020 \u00a0de \u00a0febrero de \u00a02013\u201d. \u00a0\u00a0<\/p>\n<p>El \u00a0documento \u00a0en menci\u00f3n viene acompa\u00f1ado \u00a0del \u00a0oficio \u00a0del \u00a021 \u00a0de \u00a0febrero \u00a0de \u00a02013, \u00a0proferido \u00a0por Director de Asuntos \u00a0Internaciones \u00a0de la Fiscal\u00eda General de la Naci\u00f3n, el cual anexa fotocopia de \u00a0la \u00a0Resoluci\u00f3n \u00a0del 20 de febrero de 2012, por medio del cual el Fiscal General \u00a0de \u00a0la \u00a0Naci\u00f3n \u00a0orden\u00f3 \u00a0la \u00a0libertad del se\u00f1or Jos\u00e9 Carlos Londo\u00f1o Robledo. \u00a0\u00a0<\/p>\n<p>CONSIDERACIONES DE LA CORTE \u00a0<\/p>\n<p>1. \u00a0Visto el contenido de la Nota Verbal No. \u00a00328 \u00a0del \u00a020 \u00a0de \u00a0febrero \u00a0de \u00a02013, \u00a0proveniente de la Embajada de los Estados \u00a0Unidos \u00a0de \u00a0Am\u00e9rica, \u00a0allegado regularmente por la v\u00eda diplom\u00e1tica, as\u00ed como \u00a0la \u00a0Resoluci\u00f3n \u00a0del 20 de febrero de 2013 proferida por el Fiscal General de la \u00a0Naci\u00f3n \u00a0quien \u00a0orden\u00f3 \u00a0la \u00a0libertad \u00a0del se\u00f1or Jos\u00e9 \u00a0Carlos \u00a0Londo\u00f1o \u00a0Robledo, a la Sala de Casaci\u00f3n Penal \u00a0de \u00a0la \u00a0Corte \u00a0Suprema de Justicia no le asiste duda en cuanto a que el Gobierno \u00a0de \u00a0los \u00a0Estados \u00a0Unidos, ha desistido de la solicitud \u00a0de \u00a0entrega \u00a0en \u00a0extradici\u00f3n del ciudadano colombiano \u00a0Jos\u00e9 \u00a0 \u00a0 Carlos \u00a0 \u00a0Londo\u00f1o \u00a0 \u00a0Robledo. \u00a0\u00a0<\/p>\n<p>2. En las condiciones as\u00ed rese\u00f1adas y como \u00a0el \u00a0Gobierno \u00a0de \u00a0pa\u00eds \u00a0reclamante \u00a0desisti\u00f3 \u00a0expresamente \u00a0de la solicitud de \u00a0extradici\u00f3n \u00a0 del \u00a0ciudadano \u00a0Jos\u00e9 \u00a0Carlos \u00a0Londo\u00f1o \u00a0Robledo, \u00a0 \u00a0la \u00a0Corte \u00a0debe abstenerse de iniciar o proseguir cualquier tr\u00e1mite \u00a0que tienda a su extradici\u00f3n. \u00a0\u00a0<\/p>\n<p>En consecuencia, por carecer de objeto, esta \u00a0Corporaci\u00f3n \u00a0proceder\u00e1 al archivo de esta actuaci\u00f3n, poniendo fin as\u00ed a este \u00a0tr\u00e1mite jur\u00eddico administrativo. \u00a0\u00a0<\/p>\n<p>3. \u00a0 \u00a0Por \u00a0la \u00a0Secretar\u00eda \u00a0de \u00a0la Sala, comun\u00edquese esta determinaci\u00f3n \u00a0al\u00a0 \u00a0 \u00a0ciudadano \u00a0Jos\u00e9 \u00a0 Carlos \u00a0 Londo\u00f1o \u00a0Robledo \u00a0 \u00a0 \u00a0 y \u00a0a \u00a0 su \u00a0defensor, \u00a0al \u00a0representante \u00a0del Ministerio \u00a0P\u00fablico, \u00a0 \u00a0 \u00a0 al \u00a0Director \u00a0 de \u00a0 Asuntos \u00a0Jur\u00eddicos \u00a0 \u00a0 \u00a0Internacionales \u00a0 \u00a0 \u00a0del \u00a0 \u00a0 \u00a0Ministerio \u00a0 \u00a0 \u00a0de \u00a0 \u00a0 \u00a0Relaciones \u00a0Exteriores, al Ministerio de \u00a0Justicia \u00a0y \u00a0del Derecho y al \u00a0Fiscal General de la Naci\u00f3n. \u00a0\u00a0<\/p>\n<p>En \u00a0m\u00e9rito \u00a0de lo expuesto, la CORTE \u00a0SUPREMA \u00a0DE \u00a0JUSTICIA, SALA DE CASACI\u00d3N PENAL, \u00a0\u00a0<\/p>\n<p>RESUELVE \u00a0<\/p>\n<p>1. \u00a0DISPONER \u00a0LA \u00a0TERMINACI\u00d3N \u00a0del \u00a0tr\u00e1mite de extradici\u00f3n que se adelanta en \u00a0contra \u00a0del \u00a0ciudadano \u00a0JOS\u00c9 \u00a0CARLOS \u00a0LONDO\u00d1O ROBLEDO, por \u00a0raz\u00f3n \u00a0del \u00a0desistimiento \u00a0presentado \u00a0por el Gobierno de los Estados Unidos de \u00a0Am\u00e9rica, \u00a0 seg\u00fan \u00a0Nota \u00a0Verbal \u00a0N\u00b0 \u00a00328 \u00a0del \u00a0pasado \u00a020 \u00a0de \u00a0febrero.\u00a0 \u00a0\u00a0<\/p>\n<p>2. \u00a0REMITIR \u00a0 copia \u00a0 de \u00a0 esta \u00a0decisi\u00f3n \u00a0al \u00a0ciudadano \u00a0Jos\u00e9 Carlos Londo\u00f1o Robledo \u00a0y su defensor, al representante del Ministerio \u00a0P\u00fablico, \u00a0 \u00a0 \u00a0 al \u00a0Director \u00a0 de \u00a0 Asuntos \u00a0Jur\u00eddicos \u00a0 Internacionales \u00a0 del \u00a0 Ministerio \u00a0 \u00a0 \u00a0 de \u00a0 \u00a0 \u00a0 Relaciones \u00a0 \u00a0 \u00a0Exteriores, \u00a0 \u00a0al \u00a0Ministerio \u00a0de \u00a0Justicia \u00a0y \u00a0del \u00a0Derecho y al \u00a0 \u00a0Fiscal \u00a0 \u00a0General \u00a0 \u00a0de \u00a0 \u00a0la \u00a0 \u00a0Naci\u00f3n. \u00a0\u00a0<\/p>\n<p>3. \u00a0ARCHIVAR \u00a0definitivamente la presente actuaci\u00f3n. \u00a0\u00a0<\/p>\n<p>\u00a0 \u00a0 \u00a0 \u00a0 \u00a0<\/p>\n<p>JOS\u00c9 LEONIDAS BUSTOS MART\u00cdNEZ \u00a0<\/p>\n<p>JOS\u00c9 \u00a0LUIS \u00a0BARCEL\u00d3 \u00a0CAMACHO \u00a0 \u00a0 \u00a0 \u00a0 \u00a0 \u00a0 \u00a0 \u00a0 \u00a0\u00a0 \u00a0 \u00a0 \u00a0 \u00a0\u00a0 \u00a0 \u00a0 \u00a0 \u00a0\u00a0\u00a0\u00a0\u00a0\u00a0\u00a0\u00a0\u00a0\u00a0 FERNANDO \u00a0ALBERTO CASTRO CABALLERO \u00a0\u00a0<\/p>\n<p>MAR\u00cdA \u00a0 \u00a0DEL \u00a0 \u00a0ROSARIO \u00a0 \u00a0GONZ\u00c1LEZ \u00a0MU\u00d1OZ\u00a0\u00a0\u00a0\u00a0\u00a0 \u00a0 \u00a0GUSTAVO \u00a0 \u00a0ENRIQUE \u00a0 \u00a0MALO \u00a0 \u00a0FERN\u00c1NDEZ \u00a0\u00a0<\/p>\n<p>LUIS \u00a0 \u00a0 \u00a0 GUILLERMO \u00a0 \u00a0 \u00a0SALAZAR \u00a0OTERO\u00a0\u00a0\u00a0\u00a0\u00a0\u00a0\u00a0\u00a0\u00a0\u00a0\u00a0\u00a0\u00a0\u00a0\u00a0\u00a0\u00a0\u00a0\u00a0\u00a0\u00a0\u00a0\u00a0\u00a0\u00a0\u00a0\u00a0\u00a0\u00a0\u00a0\u00a0\u00a0\u00a0\u00a0\u00a0\u00a0\u00a0\u00a0\u00a0 \u00a0JAVIER\u00a0 ZAPATA ORTIZ \u00a0\u00a0<\/p>\n<p>NUBIA YOLANDA NOVA GARC\u00cdA \u00a0<\/p>\n<p>Secretaria \u00a0<\/p>\n<p>\u00a0 \u00a0\u00a0<\/p>\n<p><\/p>\n","protected":false},"excerpt":{"rendered":"<p>\u00a0 \u00a0 CORTE SUPREMA DE JUSTICIA \u00a0 SALA DE CASACI\u00d3N PENAL \u00a0 Magistrado Ponente \u00a0 JOS\u00c9 \u00a0 LUIS \u00a0BARCEL\u00d3 \u00a0CAMACHO \u00a0\u00a0 Aprobado \u00a0 acta \u00a0 N\u00ba \u00a0087 \u00a0\u00a0 Bogot\u00e1, \u00a0D. C., diecinueve (19) de marzo de \u00a0dos mil trece (2013). \u00a0\u00a0 VISTOS \u00a0 La Sala se pronuncia acerca del desistimiento \u00a0expresado \u00a0por \u00a0el Gobierno de\u00a0 [&hellip;]<\/p>\n","protected":false},"author":1,"featured_media":0,"comment_status":"open","ping_status":"open","sticky":false,"template":"","format":"standard","meta":{"footnotes":""},"categories":[21],"tags":[],"class_list":["post-25907","post","type-post","status-publish","format-standard","hentry","category-21"],"_links":{"self":[{"href":"https:\/\/dmsjuridica.com\/buscador_20179478954\/salapenalcronologico20230723\/wp-json\/wp\/v2\/posts\/25907","targetHints":{"allow":["GET"]}}],"collection":[{"href":"https:\/\/dmsjuridica.com\/buscador_20179478954\/salapenalcronologico20230723\/wp-json\/wp\/v2\/posts"}],"about":[{"href":"https:\/\/dmsjuridica.com\/buscador_20179478954\/salapenalcronologico20230723\/wp-json\/wp\/v2\/types\/post"}],"author":[{"embeddable":true,"href":"https:\/\/dmsjuridica.com\/buscador_20179478954\/salapenalcronologico20230723\/wp-json\/wp\/v2\/users\/1"}],"replies":[{"embeddable":true,"href":"https:\/\/dmsjuridica.com\/buscador_20179478954\/salapenalcronologico20230723\/wp-json\/wp\/v2\/comments?post=25907"}],"version-history":[{"count":0,"href":"https:\/\/dmsjuridica.com\/buscador_20179478954\/salapenalcronologico20230723\/wp-json\/wp\/v2\/posts\/25907\/revisions"}],"wp:attachment":[{"href":"https:\/\/dmsjuridica.com\/buscador_20179478954\/salapenalcronologico20230723\/wp-json\/wp\/v2\/media?parent=25907"}],"wp:term":[{"taxonomy":"category","embeddable":true,"href":"https:\/\/dmsjuridica.com\/buscador_20179478954\/salapenalcronologico20230723\/wp-json\/wp\/v2\/categories?post=25907"},{"taxonomy":"post_tag","embeddable":true,"href":"https:\/\/dmsjuridica.com\/buscador_20179478954\/salapenalcronologico20230723\/wp-json\/wp\/v2\/tags?post=25907"}],"curies":[{"name":"wp","href":"https:\/\/api.w.org\/{rel}","templated":true}]}}