{"id":25880,"date":"2023-09-12T19:49:28","date_gmt":"2023-09-12T19:49:28","guid":{"rendered":"https:\/\/dmsjuridica.com\/buscador_20179478954\/salapenalcronologico20230723\/2023\/09\/12\/3942820-02-13\/"},"modified":"2023-09-12T19:49:28","modified_gmt":"2023-09-12T19:49:28","slug":"3942820-02-13","status":"publish","type":"post","link":"https:\/\/dmsjuridica.com\/buscador_20179478954\/salapenalcronologico20230723\/2023\/09\/12\/3942820-02-13\/","title":{"rendered":"39428(20-02-13)"},"content":{"rendered":"\n<p>\u00a0 \u00a0 \u00a0\u00a0<\/p>\n<p>CORTE SUPREMA DE JUSTICIA \u00a0<\/p>\n<p>\u00a0\u00a0\u00a0\u00a0\u00a0\u00a0\u00a0\u00a0\u00a0\u00a0\u00a0 \u00a0SALA DE CASACI\u00d3N PENAL \u00a0\u00a0<\/p>\n<p>\u00a0 \u00a0\u00a0 \u00a0\u00a0 \u00a0\u00a0 \u00a0\u00a0 \u00a0 \u00a0 \u00a0 \u00a0 \u00a0 \u00a0\u00a0 \u00a0\u00a0 \u00a0 \u00a0 \u00a0 \u00a0Magistrado Ponente: \u00a0\u00a0<\/p>\n<p>\u00a0 \u00a0\u00a0 \u00a0\u00a0 \u00a0\u00a0 \u00a0\u00a0 \u00a0 \u00a0 \u00a0\u00a0 \u00a0\u00a0 \u00a0 \u00a0 \u00a0\u00a0 \u00a0\u00a0 \u00a0 \u00a0 \u00a0\u00a0JULIO \u00a0ENRIQUE \u00a0SOCHA \u00a0SALAMANCA \u00a0\u00a0<\/p>\n<p>Aprobado Acta No.51 \u00a0<\/p>\n<p>Bogot\u00e1, \u00a0D. \u00a0C., \u00a0veinte \u00a0 (20) \u00a0 de \u00a0 febrero \u00a0 de \u00a0 dos \u00a0 mil \u00a0trece \u00a0(2013) \u00a0\u00a0<\/p>\n<p>VISTOS \u00a0<\/p>\n<p>Atendiendo \u00a0lo dispuesto en el art\u00edculo 500 \u00a0de \u00a0la \u00a0Ley 906 de 2004, modificado por el par\u00e1grafo 1\u00ba del art\u00edculo 70 de la \u00a0Ley \u00a01453 \u00a0de 2011, y por solicitud del requerido, coadyuvado por su apoderada y \u00a0por \u00a0el \u00a0representante \u00a0del \u00a0Ministerio \u00a0P\u00fablico, \u00a0para \u00a0que \u00a0se de el tr\u00e1mite \u00a0simplificado, \u00a0procede \u00a0la \u00a0Sala a rendir el concepto que en derecho corresponda \u00a0en \u00a0relaci\u00f3n \u00a0con \u00a0el \u00a0pedido \u00a0de extradici\u00f3n del ciudadano colombiano JULI\u00c1N \u00a0C\u00c9SAR \u00a0LENIS \u00a0MART\u00cdNEZ, \u00a0presentado \u00a0a \u00a0trav\u00e9s \u00a0de \u00a0v\u00eda \u00a0diplom\u00e1tica por el \u00a0Gobierno del Reino Unido de Espa\u00f1a. \u00a0\u00a0<\/p>\n<p>ANTECEDENTES \u00a0<\/p>\n<p>1.\u00a0 El Gobierno \u00a0Espa\u00f1ol, \u00a0invocando \u00a0el Convenio suscrito con Colombia el 23 de julio de 1892 y \u00a0su \u00a0Protocolo \u00a0modificatorio \u00a0del \u00a016 \u00a0de marzo de 1999, con Notas Verbales Nos. \u00a0149\/2012 \u00a0y \u00a0154\/2012 \u00a0del \u00a010 \u00a0y \u00a011 \u00a0de abril de 2012, solicit\u00f3 la detenci\u00f3n \u00a0preventiva \u00a0con \u00a0fines \u00a0de \u00a0extradici\u00f3n \u00a0de \u00a0JULI\u00c1N \u00a0C\u00c9SAR \u00a0LENIS \u00a0MART\u00cdNEZ. \u00a0\u00a0<\/p>\n<p>As\u00ed \u00a0mismo, \u00a0el \u00a031 \u00a0de \u00a0agosto \u00a0siguiente, \u00a0mediante \u00a0Nota \u00a0Diplom\u00e1tica \u00a0No. \u00a0328\/2012, formaliz\u00f3 la petici\u00f3n de entrega, \u00a0por \u00a0cuanto \u00a0\u201cContra \u00a0el \u00a0reclamado, \u00a0se \u00a0instruyen \u00a0Diligencias \u00a0Previas \u00a0No.1028\/2009-L \u00a0en \u00a0el Juzgado de Instrucci\u00f3n No.3 de Vic \u00a0(Barcelona), \u00a0por \u00a0un \u00a0presunto delito de homicidio y lesiones.\u201d, por los siguientes hechos: \u00a0\u00a0<\/p>\n<p>\u201cLas \u00a0presentes \u00a0Diligencias \u00a0Previas \u00a0se \u00a0incoaron \u00a0en \u00a0virtud \u00a0de \u00a0diligencia de constancia telef\u00f3nica en la que por los \u00a0Mossos \u00a0d\u2019 \u00a0Esquadra \u00a0se \u00a0hac\u00eda \u00a0constar \u00a0la \u00a0muerte de un var\u00f3n hallado en la v\u00eda p\u00fablica en la calle \u00a0Manlleu \u00a081 \u00a0de \u00a0Vic, \u00a0presentando \u00a0indicios \u00a0de \u00a0criminalidad, \u00a0por \u00a0lo cual se \u00a0incoaron \u00a0 las \u00a0presentes \u00a0diligencias \u00a0previas \u00a0a \u00a0efectos \u00a0de \u00a0proceder \u00a0a \u00a0la \u00a0inspecci\u00f3n \u00a0ocular, \u00a0levantamiento \u00a0de \u00a0cad\u00e1ver \u00a0y \u00a0efectuar \u00a0la autopsia para \u00a0determinar la causa de la muerte.\u201d \u00a0\u00a0<\/p>\n<p>2.\u00a0 \u00a0 En \u00a0atenci\u00f3n \u00a0 a \u00a0dicha \u00a0solicitud, \u00a0el \u00a0Fiscal \u00a0General \u00a0de \u00a0la \u00a0Naci\u00f3n \u00a0mediante \u00a0Resoluci\u00f3n \u00a0del \u00a011 \u00a0de \u00a0abril \u00a0de \u00a02012 \u00a0decret\u00f3 \u00a0la \u00a0captura \u00a0con \u00a0fines \u00a0de \u00a0extradici\u00f3n \u00a0de \u00a0LENIS \u00a0MART\u00cdNEZ, \u00a0quien hab\u00eda sido detenido el 7 de abril de \u00a02012, \u00a0por miembros de la Polic\u00eda Nacional, con fundamento en una Circular Roja \u00a0de \u00a0INTERPOL y notificado de la orden de captura con fines de extradici\u00f3n el 12 \u00a0de abril siguiente. \u00a0\u00a0<\/p>\n<p>3.\u00a0 En la nota \u00a0verbal \u00a0No.149\/2012, \u00a0de 10 de abril de 2012, se precisa que JULIAN C\u00c9SAR LENIS \u00a0MART\u00cdNEZ, \u00a0nacido \u00a0el 23 de junio de 1974 en Cali (Valle), se identifica con la \u00a0c\u00e9dula de ciudadan\u00eda No.94.410.292. \u00a0\u00a0<\/p>\n<p>4. El Ministerio de \u00a0Relaciones \u00a0Exteriores, con oficio No. DIAJI\/GCE No.1810 del 3 de julio de 2012, \u00a0remiti\u00f3 \u00a0las \u00a0diligencias al Ministerio del Interior y de Justicia, advirtiendo \u00a0que \u00a0 el \u00a0 tratado \u00a0 aplicable \u00a0 en \u00a0 el \u00a0 presente \u00a0 caso \u00a0es \u00a0la \u00a0\u201cConvenci\u00f3n \u00a0de Extradici\u00f3n de Reos\u201d \u00a0suscrita \u00a0 en \u00a0 Bogot\u00e1 \u00a0 el \u00a0 23 \u00a0 de \u00a0 julio \u00a0 de \u00a0 1892 \u00a0 y \u00a0el \u00a0\u201cProtocolo \u00a0modificatorio \u00a0a \u00a0la \u00a0Convenci\u00f3n \u00a0de Extradici\u00f3n de \u00a0Reos \u00a0entre \u00a0la \u00a0Rep\u00fablica \u00a0de \u00a0Colombia \u00a0y \u00a0el Reino de Espa\u00f1a\u201d, adoptado en Madrid el 16 de marzo de 1999. \u00a0\u00a0<\/p>\n<p>5. \u00a0Con oficio No. \u00a0OFI12-0010936-DVC-3000 \u00a0del \u00a06 \u00a0de julio siguiente, el Ministerio del Interior y \u00a0de \u00a0Justicia \u00a0remiti\u00f3 \u00a0las \u00a0diligencias \u00a0a \u00a0la \u00a0Corte, \u00a0al \u00a0considerar \u00a0que \u00a0se \u00a0encuentran \u00a0reunidos \u00a0los \u00a0documentos \u00a0que \u00a0exige \u00a0la \u00a0normatividad convencional \u00a0aplicable al caso. \u00a0\u00a0<\/p>\n<p>6.\u00a0\u00a0 \u00a0Recibidas \u00a0las \u00a0diligencias en esta Corporaci\u00f3n,\u00a0 con auto del 23 de julio \u00a0de \u00a0 \u00a02012, \u00a0 \u00a0se \u00a0 \u00a0solicit\u00f3 \u00a0 \u00a0al \u00a0 \u00a0se\u00f1or \u00a0 \u00a0LENIS \u00a0 \u00a0MART\u00cdNEZ\u00a0 \u00a0 \u00a0la \u00a0 \u00a0designaci\u00f3n \u00a0 \u00a0de \u00a0 un \u00a0defensor\u00a0 que lo represente. \u00a0\u00a0<\/p>\n<p>7.\u00a0\u00a0 Antes \u00a0de \u00a0que \u00a0se \u00a0corriera \u00a0el \u00a0traslado \u00a0para \u00a0la \u00a0presentaci\u00f3n \u00a0de las solicitudes \u00a0probatorias, \u00a0el \u00a0requerido, \u00a0con \u00a0la \u00a0coadyuvancia de su defensora de confianza \u00a0allegaron \u00a0memorial, \u00a0en \u00a0el \u00a0cual \u00a0manifiestan \u00a0la \u00a0renuncia \u00a0a \u00a0t\u00e9rminos y al \u00a0procedimiento \u00a0 \u00a0ordinario \u00a0 \u00a0del \u00a0 \u00a0tr\u00e1mite \u00a0 de \u00a0 extradici\u00f3n, \u00a0 se\u00f1alando: \u00a0\u201ces \u00a0 mi \u00a0 voluntad \u00a0 ACOGERME \u00a0 al \u00a0 TR\u00c1MITE \u00a0DE \u00a0EXTRADICI\u00d3N \u00a0SIMPLIFICADA, seg\u00fan lo preceptuado en el\u00a0 Art\u00edculo 70 de la \u00a0ley 1453 de 2011 y dem\u00e1s normas concordantes\u201d. \u00a0\u00a0<\/p>\n<p>8.\u00a0 \u00a0Con este \u00a0prop\u00f3sito,\u00a0 \u00a0 se \u00a0 corri\u00f3 \u00a0traslado \u00a0al \u00a0Ministerio \u00a0P\u00fablico, \u00a0para \u00a0que \u00a0manifestara \u00a0si \u00a0coadyuvaba \u00a0tal \u00a0solicitud, despacho que una vez verificando el \u00a0cumplimiento \u00a0de \u00a0las \u00a0garant\u00edas \u00a0fundamentales a favor del requerido, se\u00f1al\u00f3 \u00a0que \u00a0el \u00a0documento \u00a0en el que consta la solicitud de dar aplicaci\u00f3n al tr\u00e1mite \u00a0de \u00a0extradici\u00f3n \u00a0simplificada, \u00a0presentado por el requerido, as\u00ed\u00a0 como el \u00a0de \u00a0coadyuvancia \u00a0de \u00a0su \u00a0defensora, \u00a0gozan \u00a0de \u00a0la \u00a0presunci\u00f3n de autenticidad \u00a0contenida \u00a0en \u00a0el \u00a0art\u00edculo \u00a0252 \u00a0de \u00a0C\u00f3digo \u00a0de \u00a0Procedimiento \u00a0Civil \u00a0y \u00a0son \u00a0suficientes \u00a0para \u00a0que \u00a0ese \u00a0Ministerio \u00a0concluya que el requerido manifest\u00f3 su \u00a0voluntad \u00a0de \u00a0manera \u00a0libre, \u00a0espont\u00e1nea \u00a0y voluntaria, sin apremio o vicio del \u00a0consentimiento \u00a0 y \u00a0 se \u00a0 encuentra \u00a0suficientemente \u00a0informado \u00a0acerca \u00a0de \u00a0las \u00a0consecuencias \u00a0de \u00a0su \u00a0renuncia \u00a0al tr\u00e1mite ordinario, previsto en el art\u00edculo \u00a0500 del C.P.P. \u00a0\u00a0<\/p>\n<p>En \u00a0el \u00a0mismo \u00a0sentido, \u00a0precis\u00f3 \u00a0que \u00a0las \u00a0conductas \u00a0por \u00a0las cuales es reclamado JULIAN C\u00c9SAR LENIS MART\u00cdNEZ, no tienen \u00a0la \u00a0connotaci\u00f3n \u00a0de \u00a0delitos \u00a0pol\u00edticos, \u00a0pues \u00a0se \u00a0le \u00a0imputan cargos por los \u00a0delitos \u00a0de \u00a0homicidio y lesiones, los\u00a0 que tambi\u00e9n est\u00e1n contemplados en \u00a0la \u00a0legislaci\u00f3n penal colombiana, en los art\u00edculos 103, 111 y subsiguientes de \u00a0la Ley 599 de 2000. \u00a0\u00a0<\/p>\n<p>Concluy\u00f3 \u00a0como \u00a0cumplidos \u00a0los \u00a0requisitos \u00a0legales \u00a0y \u00a0constitucionales \u00a0de \u00a0la \u00a0extradici\u00f3n \u00a0simplificada, prevista en el \u00a0art\u00edculo \u00a070 \u00a0de \u00a0la \u00a0Ley \u00a01453 \u00a0de \u00a02011 \u00a0para \u00a0que esta Corporaci\u00f3n emita el \u00a0respectivo concepto de plano. \u00a0\u00a0<\/p>\n<p>CONCEPTO DE LA CORTE \u00a0<\/p>\n<p>\u00a0 \u00a0\u00a0<\/p>\n<p>1. Aspectos Generales \u00a0 \u00a0<\/p>\n<p>A \u00a0pesar \u00a0de \u00a0que \u00a0en \u00a0este evento se elev\u00f3 \u00a0petici\u00f3n \u00a0de \u00a0extradici\u00f3n \u00a0simplificada, la competencia de la Corte dentro del \u00a0tr\u00e1mite \u00a0permanece \u00a0inc\u00f3lume, \u00a0es decir, est\u00e1 enfocada a expresar un concepto \u00a0acerca \u00a0de \u00a0la procedencia de entregar o no a la persona solicitada por un pa\u00eds \u00a0extranjero. \u00a0\u00a0<\/p>\n<p>El \u00a0Ministerio \u00a0de \u00a0Relaciones \u00a0Exteriores \u00a0conceptu\u00f3 \u00a0que \u00a0el \u00a0Convenio \u00a0aplicable \u00a0al \u00a0presente caso es la Convenci\u00f3n de \u00a0Extradici\u00f3n \u00a0de \u00a0Reos \u00a0vigente entre los dos Gobiernos, suscrita el 23 de julio \u00a0de \u00a01892 \u00a0y \u00a0aprobada \u00a0por la Ley 35 del mismo a\u00f1o y el Protocolo Modificatorio \u00a0del \u00a0Convenio \u00a0de \u00a0Extradici\u00f3n \u00a0hecho \u00a0en \u00a0Madrid \u00a0el \u00a016 \u00a0de \u00a0marzo \u00a0de \u00a01999. \u00a0\u00a0<\/p>\n<p>Por consiguiente, el concepto que corresponde \u00a0emitir \u00a0 a \u00a0la \u00a0Corte \u00a0se \u00a0regular\u00e1 \u00a0por \u00a0las \u00a0normas \u00a0del \u00a0citado \u00a0instrumento \u00a0internacional, \u00a0ya \u00a0que \u00a0es \u00a0a \u00a0la autoridad colombiana encargada de dirigir las \u00a0relaciones \u00a0 internacionales \u00a0 en \u00a0 nuestro \u00a0pa\u00eds, \u00a0-Ministerio \u00a0de \u00a0Relaciones \u00a0Exteriores-, \u00a0a \u00a0la \u00a0que \u00a0corresponde definir la normatividad aplicable, la que, \u00a0atendiendo \u00a0el \u00a0mandato \u00a0legal se\u00f1al\u00f3 como el Convenio de Extradici\u00f3n de Reos \u00a0suscrito \u00a0entre los dos pa\u00edses el 23 de julio de 1892, en tanto, que las normas \u00a0del \u00a0C\u00f3digo \u00a0de \u00a0Procedimiento Penal tienen car\u00e1cter supletorio, es decir, que \u00a0operan \u00a0en \u00a0ausencia \u00a0de \u00a0tratado \u00a0o \u00a0convenio \u00a0entre \u00a0el \u00a0pa\u00eds requirente y el \u00a0requerido. \u00a0\u00a0<\/p>\n<p>2.\u00a0\u00a0\u00a0\u00a0\u00a0\u00a0 \u00a0 De \u00a0los requisitos formales \u00a0\u00a0<\/p>\n<p>2.1 \u00a0 Validez \u00a0 de \u00a0 la \u00a0 documentaci\u00f3n \u00a0aportada \u00a0\u00a0<\/p>\n<p>De \u00a0acuerdo \u00a0con \u00a0el \u00a0art\u00edculo \u00a0VIII \u00a0del \u00a0Convenio, \u00a0la \u00a0solicitud \u00a0de \u00a0extradici\u00f3n, \u00a0que \u00a0ha \u00a0de \u00a0formularse por la v\u00eda \u00a0diplom\u00e1tica, debe estar apoyada en los siguientes documentos: \u00a0\u00a0<\/p>\n<p>\u201c1. Si se trata de un criminal condenado y \u00a0evadido, se presentar\u00e1 copia autorizada de la sentencia. \u00a0\u00a0<\/p>\n<p>\u201c2. \u00a0Cuando \u00a0se \u00a0refiera \u00a0a \u00a0un individuo \u00a0acusado \u00a0o \u00a0perseguido, \u00a0se \u00a0requerir\u00e1 \u00a0copia \u00a0autorizada \u00a0del \u00a0mandamiento \u00a0de \u00a0prisi\u00f3n \u00a0o auto de proceder expedido contra \u00e9l, o de cualquiera otro documento \u00a0que \u00a0tenga \u00a0la \u00a0misma \u00a0fuerza \u00a0que \u00a0dicho \u00a0auto \u00a0y precise igualmente los hechos \u00a0denunciados y la disposici\u00f3n que le sea aplicable. \u00a0\u00a0<\/p>\n<p>\u201c3. \u00a0Las \u00a0se\u00f1as \u00a0personales \u00a0del \u00a0reo \u00a0o \u00a0encausado, \u00a0 \u00a0hasta \u00a0 donde \u00a0 sea \u00a0 posible, \u00a0 para \u00a0 facilitar \u00a0 su \u00a0 busca \u00a0 y \u00a0arresto\u201d. \u00a0\u00a0<\/p>\n<p>En \u00a0 \u00a0 \u00a0el \u00a0 \u00a0 caso \u00a0 \u00a0 sub-examine, \u00a0la solicitud de extradici\u00f3n \u00a0del \u00a0ciudadano \u00a0colombiano JULI\u00c1N C\u00c9SAR LENIS MART\u00cdNEZ fue promovida por v\u00eda \u00a0diplom\u00e1tica, \u00a0 seg\u00fan \u00a0 se \u00a0desprende \u00a0de \u00a0las \u00a0Notas \u00a0Verbales \u00a0Nos. \u00a0149\/2012 \u00a0complementada \u00a0por \u00a0la \u00a0154\/2012 \u00a0de \u00a010 y 11 de abril de 2012, respectivamente, \u00a0adem\u00e1s \u00a0de \u00a0la \u00a0328\/2012,\u00a0 del 3 de julio del mismo a\u00f1o, suscritas por la \u00a0Embajada \u00a0de \u00a0Espa\u00f1a en nuestro pa\u00eds, mediante las cuales se solicit\u00f3 y\u00a0 \u00a0formaliz\u00f3 la extradici\u00f3n del mencionado. \u00a0\u00a0<\/p>\n<p>Los \u00a0hechos \u00a0rese\u00f1ados \u00a0en este caso fueron \u00a0calificados \u00a0en \u00a0el \u00a0Reino \u00a0de \u00a0Espa\u00f1a \u00a0por \u00a0el \u00a0Juzgado de Primera Instancia e \u00a0Instrucci\u00f3n No.3 de Vic (Barcelona), as\u00ed: \u00a0\u00a0<\/p>\n<p>\u201cPRIMERO.-\u00a0 \u00a0 \u00a0 Las \u00a0 \u00a0 presentes \u00a0Diligencias \u00a0 Previas \u00a0 se \u00a0incoaron \u00a0en \u00a0virtud \u00a0de \u00a0diligencia \u00a0de \u00a0constancia \u00a0telef\u00f3nica \u00a0en la que por los Mossos d\u2019Esquadra \u00a0se \u00a0hac\u00eda \u00a0constar \u00a0la muerte de un var\u00f3n hallado en la \u00a0v\u00eda \u00a0 p\u00fablica \u00a0en \u00a0la \u00a0calle \u00a0Manlleu \u00a081 \u00a0de \u00a0Vic, \u00a0presentando \u00a0indicios \u00a0de \u00a0criminalidad, \u00a0por \u00a0lo que se incoaron (sic) las presentes diligencias previas a \u00a0efectos \u00a0de \u00a0proceder \u00a0a \u00a0la \u00a0inspecci\u00f3n \u00a0ocular, \u00a0levantamiento \u00a0de cad\u00e1ver y \u00a0efectuar la autopsia para determinar la causa de la muerte. \u00a0\u00a0<\/p>\n<p>Con \u00a0posterioridad \u00a0se \u00a0han \u00a0ido recibiendo \u00a0distintos \u00a0atestados \u00a0por \u00a0el \u00a0Grupo \u00a0de \u00a0Homicidios de la Unidad territorial de \u00a0investigaci\u00f3n \u00a0Central de los Mossos d\u2019Esquadra \u00a0 de \u00a0 Manresa \u00a0 en \u00a0el \u00a0que \u00a0se \u00a0exponen \u00a0diligencias \u00a0de \u00a0investigaci\u00f3n \u00a0practicadas \u00a0respecto a los hechos presuntamente cometidos sobre \u00a0las \u00a02:00 \u00a0horas del d\u00eda 20 de diciembre de 2009 en el bar musical Salsabor \u2026 \u00a0de \u00a0Vic, \u00a0en \u00a0los \u00a0que \u00a0acabaron con la muerte (sic) del Sr. Abdelaziz Agannan y \u00a0heridas graves del Sr. Mohamed El Bagriqui. \u00a0\u00a0<\/p>\n<p>En \u00a0este \u00a0sentido, \u00a0a \u00a0ra\u00edz \u00a0de \u00a0distintas \u00a0declaraciones \u00a0de \u00a0v\u00edctimas, \u00a0testigos \u00a0y \u00a0detenidos \u00a0en \u00a0un \u00a0primer momento se \u00a0concluy\u00f3 \u00a0que \u00a0presuntamente \u00a0hubo \u00a0una \u00a0discusi\u00f3n \u00a0y pelea en el interior del \u00a0local \u00a0sobre \u00a0las 1:40 horas entre los se\u00f1ores Orlando Ram\u00edrez Mar\u00edn y el Sr. \u00a0Abdelaziz \u00a0Agannan, \u00a0en \u00a0la \u00a0cual \u00a0tambi\u00e9n intervinieron amigos de ambos. Que a \u00a0continuaci\u00f3n \u00a0la \u00a0propietaria \u00a0del \u00a0bar \u00a0Sra. \u00a0Ana Rosa Ni\u00f1o, junto con el Sr. \u00a0Jos\u00e9 \u00a0Herny \u00a0L\u00f3pez V\u00e1squez obligan a abandonar el local a Abdelaziz Agannan y \u00a0Mohamed \u00a0El Braguioui, si bien en ese momento vuelven a iniciar otra pelea estos \u00a0\u00faltimos \u00a0con \u00a0el \u00a0Sr. \u00a0Orlando \u00a0Ram\u00edrez, por lo que el Sr. Mohamed El Bagrioui \u00a0recibi\u00f3 \u00a0el impacto de una botella lanzada por el Sr. Orlando Ram\u00edrez, el cual \u00a0le \u00a0caus\u00f3 \u00a0una \u00a0herida en la oreja izquierda por la que tuvo que recibir puntos \u00a0de \u00a0sutura. \u00a0Que \u00a0una \u00a0vez \u00a0en \u00a0el \u00a0exterior del local los se\u00f1ores Agannan y El \u00a0Bagrioui \u00a0comenzaron \u00a0a golpear la puerta de acceso al local para poder volver a \u00a0entrar \u00a0y \u00a0varios de los trabajadores y alguno de los aqu\u00ed imputados aguantaban \u00a0la puerta desde el interior para impedirlo. \u00a0\u00a0<\/p>\n<p>Que \u00a0el \u00a0se\u00f1or Jos\u00e9 Henry L\u00f3pez sali\u00f3 a \u00a0hablar \u00a0con \u00a0los \u00a0dos \u00a0se\u00f1ores \u00a0marroqu\u00edes \u00a0(Agannan \u00a0y \u00a0El \u00a0Bagrioui) , y fue \u00a0agredido \u00a0por \u00a0el Sr. El Bagrioui caus\u00e1ndole una herida abierta en la cara. Que \u00a0a \u00a0continuaci\u00f3n salieron todas las personas que hab\u00eda en el interior del local \u00a0sujetando \u00a0la \u00a0puerta \u00a0portando distintos objetos contundentes y uno de ellos un \u00a0cuchillo \u00a0(presuntamente \u00a0el \u00a0homicida). \u00a0El \u00a0presunto homicida se tratar\u00eda del \u00a0imputado \u00a0Julio (sic) C\u00e9sar Lenis Mart\u00ednez que llevaba un cuchillo con el cual \u00a0agredi\u00f3 \u00a0mortalmente \u00a0al \u00a0Sr. \u00a0Abdelazis Agannan a la altura del pecho, si bien \u00a0antes \u00a0de \u00a0caer \u00a0al \u00a0suelo a\u00fan recibi\u00f3 posiblemente dos golpes con un taburete \u00a0por \u00a0parte \u00a0del \u00a0imputado \u00a0Eliud \u00a0Motato Ballesteros. Que el resto presuntamente \u00a0persiguieron \u00a0al \u00a0se\u00f1or El Bagrioui y le agredieron cuando \u00e9ste intentaba huir \u00a0a unos diez o veinte metros de la entrada del local. \u00a0\u00a0<\/p>\n<p>\u201cTras \u00a0la \u00a0pr\u00e1ctica \u00a0de \u00a0diligencias \u00a0y \u00a0declaraciones \u00a0relevantes \u00a0para \u00a0la \u00a0aclaraci\u00f3n \u00a0de \u00a0los \u00a0hechos\u00a0 se puede \u00a0imputar \u00a0los \u00a0hechos \u00a0(sic) \u00a0a \u00a0las \u00a0siguientes personas como las que participan \u00a0directamente \u00a0en \u00a0la \u00a0paliza \u00a0al \u00a0Sr. El Bagrioui en la calle (sin perjuicio que \u00a0momentos \u00a0antes \u00a0en \u00a0el \u00a0interior \u00a0del \u00a0local \u00a0hubo \u00a0un enfrentamiento entre las \u00a0partes): \u00a0Cristian \u00a0Nelson \u00a0Pineda \u00a0Agurto, \u00a0Jos\u00e9 \u00c1ngel Vivero Romero, Juli\u00e1n \u00a0C\u00e9sar \u00a0Lenis \u00a0Mart\u00ednez, \u00a0Jos\u00e9 \u00a0Henry L\u00f3pez V\u00e1squez, Jonathan Rafael Acevedo \u00a0Leones, \u00a0Williams \u00a0Alberto \u00a0Tello \u00a0Rizzo, \u00a0Orlando Ram\u00edrez Mar\u00edn, Eliud Motato \u00a0Ballesteros, \u00a0Miguel \u00a0\u00c1ngel \u00a0Villacis \u00a0Delgado, \u00a0Miguel \u00a0Gregorio \u00a0Loor \u00a0Icaza, \u00a0Eduardo \u00a0 \u00a0de \u00a0 \u00a0los \u00a0 Santos \u00a0 Franco \u00a0 Mor\u00e1n \u00a0 y \u00a0 Jonathan \u00a0 Mauricio \u00a0 Pezo \u00a0Barrionuevo. \u00a0\u00a0<\/p>\n<p>\u201cAs\u00ed \u00a0mismo \u00a0existen \u00a0indicios \u00a0m\u00e1s que \u00a0suficientes \u00a0para \u00a0considerar \u00a0culpable \u00a0a \u00a0Julio \u00a0(sic) C\u00e9sar Mart\u00ednez por la \u00a0participaci\u00f3n \u00a0directa \u00a0y material en el homicidio causado a Abdelazis Agannan, \u00a0dado \u00a0que \u00a0varios \u00a0testigos \u00a0lo \u00a0identificaron \u00a0como \u00a0participante \u00a0en \u00a0la pelea \u00a0sucedida \u00a0en \u00a0el \u00a0exterior \u00a0del \u00a0local \u00a0Salsabor, \u00a0momento \u00a0en que se produjo el \u00a0navajazo \u00a0mortal, \u00a0adem\u00e1s \u00a0que \u00a0la \u00a0v\u00edctima \u00a0Sr. El Bagrioui manifest\u00f3 que el \u00a0\u2018portero\u2019 del local acometi\u00f3 al Sr. Agannan y \u00a0de \u00a0hecho \u00a0el \u00a0Sr. \u00a0Lenis \u00a0hac\u00eda \u00a0dichas \u00a0funciones \u00a0habitualmente en el local, \u00a0tambi\u00e9n \u00a0se \u00a0ha \u00a0intervenido telef\u00f3nicamente conversaciones de imputados en la \u00a0causa \u00a0donde \u00a0hablan \u00a0sobre \u00a0si \u00a0ya \u00a0hab\u00edan cogido a Juli\u00e1n\u00a0 y que hab\u00eda \u00a0huido \u00a0a \u00a0Colombia, \u00a0as\u00ed como que el Sr. Lenis march\u00f3 inmediatamente del local \u00a0tras \u00a0los \u00a0hechos. \u00a0A \u00a0mayor \u00a0abundamiento, \u00a0el \u00a0Sr. \u00a0Julio \u00a0(sic) \u00a0C\u00e9sar Lenis \u00a0Mart\u00ednez \u00a0no \u00a0ha \u00a0comparecido nunca al Juzgado ni se le ha tomado declaraci\u00f3n, \u00a0dado \u00a0que \u00a0se encuentra hu\u00eddo (sic) desde que sucedieron los hechos, por lo que \u00a0tampoco se le ha imputado formalmente. \u00a0\u00a0<\/p>\n<p>\u201cSEGUNDO.-\u00a0 \u00a0Se \u00a0han \u00a0practicado \u00a0en \u00a0la causa todas las diligencias encaminadas a esclarecer \u00a0los \u00a0 hechos \u00a0 y \u00a0averiguar \u00a0las \u00a0personas \u00a0responsables, \u00a0de \u00a0las \u00a0que \u00a0resulta \u00a0indiciariamente \u00a0que aparecen como presuntamente responsables, de los hechos los \u00a0imputados \u00a0Cristian \u00a0Nelson \u00a0Pineda \u00a0Agurto, \u00a0Jos\u00e9 \u00a0\u00c1ngel Vivero Romero, Julio \u00a0(sic) \u00a0C\u00e9sar \u00a0Lenis \u00a0Mart\u00ednez, \u00a0Jos\u00e9 \u00a0Henry \u00a0L\u00f3pez V\u00e1squez, Jonathan Rafael \u00a0Acevedo \u00a0Leones, \u00a0Williams \u00a0Alberto \u00a0Tello \u00a0Rizzo, Orlando Ram\u00edrez Mar\u00edn Eliud \u00a0Motato \u00a0Ballesteros, Miguel \u00c1ngel Villacis Delgado, Miguel Gregorio Loor Icaza, \u00a0Eduardo \u00a0de \u00a0los \u00a0Santos Franco Mor\u00e1n y Jonathan Mauricio Pezo Barrionuevo, los \u00a0cuales \u00a0ha \u00a0sido \u00a0reconocidos \u00a0en \u00a0varios \u00a0momentos, \u00a0tanto fotogr\u00e1ficamente en \u00a0dependencias \u00a0policiales \u00a0como \u00a0por \u00a0las declaraciones testificales, de la (sic) \u00a0v\u00edctimas \u00a0y \u00a0de \u00a0los \u00a0propios \u00a0imputados,\u00a0 informes periciales como el del \u00a0servicio \u00a0de \u00a0qu\u00edmica \u00a0del \u00a0Instituto \u00a0Nacional \u00a0de \u00a0Toxicolog\u00eda \u00a0respecto \u00a0al \u00a0fallecido \u00a0Sr. \u00a0Agannan \u00a0y periciales sobre vestigios del lugar y momento de los \u00a0hechos \u00a0y fotograf\u00edas entre otros. En este sentido, el informe de sanidad de 16 \u00a0de \u00a0julio \u00a0de \u00a02010 \u00a0del \u00a0Sr. \u00a0Mohamed \u00a0El \u00a0Bagrioui \u00a0hace constar unas lesiones \u00a0diagnosticadas \u00a0por \u00a0el \u00a0d\u00eda de los hechos 20 de diciembre de 2009 consistentes \u00a0en \u00a0fractura \u00a0de tobillo derecho y fractura de huesos propios de la nariz de las \u00a0que \u00a0tard\u00f3 \u00a0en curar 137 d\u00edas impeditivos y qued\u00e1ndole como secuelas material \u00a0(sic) \u00a0 osteosinteis, \u00a0limitaci\u00f3n \u00a0flexi\u00f3n\/extensi\u00f3n \u00a0y \u00a0perjuicio \u00a0est\u00e9tico \u00a0leve. \u00a0\u00a0<\/p>\n<p>\u201cTERCERO.- \u00a0Respecto \u00a0a \u00a0la \u00a0imputaci\u00f3n \u00a0del \u00a0Sr. JULIO (sic) C\u00c9SAR LENIS MART\u00cdNEZ por un \u00a0presunto \u00a0delito \u00a0de \u00a0homicidio \u00a0y \u00a0de lesiones, ha resultado negativo cualquier \u00a0intento \u00a0de \u00a0localizaci\u00f3n \u00a0de \u00a0dicha \u00a0persona, \u00a0al \u00a0estar \u00a0\u00e9ste \u00a0localizable y \u00a0presuntamente \u00a0haber \u00a0huido \u00a0de Espa\u00f1a, sin que hasta la fecha se haya recibido \u00a0contestaci\u00f3n alguna de su resultado. \u00a0\u00a0<\/p>\n<p>\u201cCUARTO.- \u00a0Respecto \u00a0(sic) \u00a0el \u00a0Sr. \u00a0Adri\u00e1n \u00a0Fernando Garc\u00eda Mart\u00ednez, que el Ministerio \u00a0Fiscal \u00a0solicit\u00f3 \u00a0su \u00a0imputaci\u00f3n, en este momento no se aprecia (sic) indicios \u00a0de \u00a0criminalidad \u00a0en su conducta, habiendo sido testigo presencial de los hechos \u00a0y \u00a0manteni\u00e9ndose al margen de la discusi\u00f3n seg\u00fan consta en su declaraci\u00f3n de \u00a014\/5\/10 \u00a0en \u00a0calidad \u00a0de testigo, pero no ha sido imputado en la tramitaci\u00f3n de \u00a0la causa.\u201d \u00a0\u00a0<\/p>\n<p>Dentro \u00a0del acervo documental enviado por la \u00a0Embajada \u00a0de \u00a0Espa\u00f1a \u00a0en \u00a0nuestro \u00a0pa\u00eds, se aprecian los siguientes documentos \u00a0soporte de la solicitud de extradici\u00f3n: \u00a0\u00a0<\/p>\n<p>1. \u00a0 Las \u00a0Notas \u00a0Verbales \u00a0n\u00fameros \u00a0149\/2012\u00a0 \u00a0y \u00a0154\/2012 \u00a0del \u00a010 \u00a0y \u00a011 de abril de 2012 \u00a0respectivamente, \u00a0donde \u00a0se \u00a0solicita \u00a0la \u00a0detenci\u00f3n \u00a0provisional \u00a0con fines de \u00a0extradici\u00f3n \u00a0de \u00a0JULI\u00c1N \u00a0C\u00c9SAR \u00a0LENIS \u00a0MART\u00cdNEZ1. \u00a0\u00a0<\/p>\n<p>2. \u00a0La Nota Verbal \u00a0N\u00b0 \u00a0328\/2012 \u00a0del 3 de julio de 2012, mediante la cual se requiri\u00f3 formalmente \u00a0en \u00a0extradici\u00f3n \u00a0al \u00a0citado \u00a0ciudadano \u00a0colombiano2. \u00a0\u00a0<\/p>\n<p>3. El auto del 10 de \u00a0abril \u00a0de \u00a02012, \u00a0proferido \u00a0por \u00a0el Juzgado de Primera Instancia e Instrucci\u00f3n \u00a0N\u00b03\u00a0 \u00a0de Vic (Barcelona), dictado en las diligencias previas No.1028\/2009, \u00a0en \u00a0el \u00a0cual: \u201cSe acuerda la prisi\u00f3n provisional de \u00a0Juli\u00e1n \u00a0C\u00e9sar \u00a0Lenis \u00a0Mart\u00ednez, \u00a0solicitando \u00a0as\u00ed \u00a0mismo\u00a0 la detenci\u00f3n \u00a0preventiva \u00a0del mismo por parte de las autoridades colombianas a la espera de su \u00a0extradici\u00f3n \u00a0 a \u00a0 territorio \u00a0espa\u00f1ol\u201d3, como presunto \u00a0autor \u00a0 de \u00a0 los \u00a0 delitos \u00a0 de \u00a0 homicidio \u00a0 y \u00a0 lesiones \u00a0ocurridos \u00a0en \u00a0dicho \u00a0territorio. \u00a0\u00a0<\/p>\n<p>4.\u00a0 \u00a0Copia de \u00a0los \u00a0textos \u00a0legales \u00a0del \u00a0ordenamiento \u00a0jur\u00eddico \u00a0espa\u00f1ol aplicables al caso, \u00a0tanto \u00a0los \u00a0que tipifican la conducta y su pena, como los que se refieren a ella \u00a0y \u00a0 \u00a0 \u00a0 \u00a0 a \u00a0 \u00a0 \u00a0 \u00a0 su \u00a0 \u00a0 \u00a0 \u00a0 prescripci\u00f3n4 \u00a0\u00a0<\/p>\n<p>5. A su vez se anexa \u00a0la \u00a0orden \u00a0de detenci\u00f3n Europea e Internacional de 2 de enero de 2012 proferida \u00a0por \u00a0el \u00a0Juzgado \u00a0de \u00a0Primera \u00a0Instancia e Instrucci\u00f3n No.3 de Vic (Barcelona), \u00a0contra \u00a0 \u00a0JULI\u00c1N \u00a0 \u00a0C\u00c9SAR \u00a0 \u00a0LENIS \u00a0 \u00a0MART\u00cdNEZ5. \u00a0\u00a0<\/p>\n<p>6. \u00a0La \u00a0Orden \u00a0de \u00a0captura \u00a0proferida \u00a0por el Fiscal General de la Naci\u00f3n del 11 de abril de 2012, \u00a0que \u00a0decret\u00f3 \u00a0la \u00a0captura \u00a0con \u00a0fines \u00a0de extradici\u00f3n del ciudadano colombiano \u00a0JULIAN \u00a0C\u00c9SAR \u00a0LENIS \u00a0MART\u00cdNEZ, \u00a0quien \u00a0hab\u00eda \u00a0sido retenido el 7 de abril de \u00a02012, \u00a0por \u00a0agentes \u00a0de la Polic\u00eda Nacional, con fundamento en la circular roja \u00a0de INTERPOL.6 \u00a0\u00a0<\/p>\n<p>7. \u00a0 Datos \u00a0 de \u00a0filiaci\u00f3n \u00a0y ubicaci\u00f3n a fin de facilitar la identificaci\u00f3n del solicitado en \u00a0extradici\u00f3n7. \u00a0\u00a0<\/p>\n<p>Todo \u00a0lo \u00a0anterior \u00a0cumple \u00a0el \u00a0presupuesto \u00a0documental \u00a0requerido \u00a0en \u00a0el \u00a0tratado \u00a0de \u00a0extradici\u00f3n, \u00a0en atenci\u00f3n a que el \u00a0despacho \u00a0 judicial \u00a0 espa\u00f1ol \u00a0 orden\u00f3 \u00a0pedir \u00a0en \u00a0extradici\u00f3n \u00a0al \u00a0ciudadano \u00a0colombiano, \u00a0 con \u00a0 el \u00a0prop\u00f3sito \u00a0de \u00a0que \u00a0se \u00a0presente \u00a0ante \u00a0el \u00a0Juzgado \u00a0de \u00a0Instrucci\u00f3n \u00a0N\u00b0 3 Vic (Barcelona), para que responda en el proceso que por los \u00a0delitos de homicidio y lesiones\u00a0 se lleva en su contra. \u00a0\u00a0<\/p>\n<p>2.2. \u00a0Decisi\u00f3n \u00a0judicial \u00a0proferida \u00a0por el \u00a0Estado requirente (sentencia o mandamiento de prisi\u00f3n) \u00a0\u00a0<\/p>\n<p>En el presente evento, el 10 de abril de 2012 \u00a0el \u00a0Juzgado de Primera Instancia e Instrucci\u00f3n N\u00b0 3 de Vic (Barcelona), dentro \u00a0del \u00a0 proceso \u00a0 abreviado \u00a0 1028\/2009, \u00a0 con \u00a0base \u00a0en \u00a0los \u00a0delitos \u00a0se\u00f1alados \u00a0anteriormente, \u00a0dispuso \u00a0la \u00a0detenci\u00f3n \u00a0y prisi\u00f3n provisional\u00a0 de JULI\u00c1N \u00a0C\u00c9SAR \u00a0LENIS \u00a0MART\u00cdNEZ \u00a0por \u00a0parte \u00a0de \u00a0las \u00a0autoridades \u00a0colombianas, para su \u00a0posterior \u00a0extradici\u00f3n \u00a0a \u00a0territorio espa\u00f1ol con la finalidad de que all\u00ed se \u00a0le \u00a0tome \u00a0declaraci\u00f3n como imputado por su posible participaci\u00f3n en los hechos \u00a0ocurridos \u00a0el \u00a0d\u00eda \u00a020 \u00a0de \u00a0diciembre de 2009 en el bar Salsabor, situado en la \u00a0calle \u00a0Manlleu \u00a081 \u00a0de \u00a0la localidad de Vic,\u00a0 por los que se le imputan los \u00a0delitos de homicidio y lesiones. \u00a0\u00a0<\/p>\n<p>Este \u00a0acto procesal se encuentra previamente \u00a0definido \u00a0en\u00a0 \u00a0el \u00a0articulo \u00a0VIII \u00a0del \u00a0Convenio \u00a0de \u00a0Extradici\u00f3n entre la \u00a0Rep\u00fablica \u00a0de Colombia y el Reino de Espa\u00f1a, adoptado en Madrid el 16 de marzo \u00a0de \u00a0 \u00a01999, \u00a0 \u00a0el \u00a0 \u00a0cual \u00a0 dispone \u00a0 en \u00a0 su \u00a0 numeral \u00a0 segundo \u00a0 \u201cCuando \u00a0se \u00a0refiera \u00a0a \u00a0un \u00a0individuo \u00a0acusado \u00a0o perseguido, se \u00a0requerir\u00e1 \u00a0copia \u00a0autorizada \u00a0del \u00a0mandamiento \u00a0de \u00a0prisi\u00f3n o auto de proceder \u00a0expedido \u00a0contra \u00a0\u00e9l, \u00a0o de cualquiera otro documento que tenga la misma fuerza \u00a0que \u00a0dicho \u00a0auto \u00a0y \u00a0precise igualmente los hechos denunciados y la disposici\u00f3n \u00a0que \u00a0le \u00a0sea \u00a0aplicable\u201d.\u00a0 \u00a0Dicho \u00a0requisito se \u00a0cumple a cabalidad en este tr\u00e1mite. \u00a0\u00a0<\/p>\n<p>2.3\u00a0 Plena identificaci\u00f3n del requerido \u00a0en extradici\u00f3n \u00a0\u00a0<\/p>\n<p>Como \u00a0esta \u00a0exigencia \u00a0se halla encaminada a \u00a0establecer \u00a0si la persona procesada en el pa\u00eds extranjero es la misma vinculada \u00a0al \u00a0tr\u00e1mite de extradici\u00f3n, la Sala encuentra que se satisface este requisito, \u00a0pues \u00a0con \u00a0la \u00a0documentaci\u00f3n \u00a0allegada \u00a0se \u00a0pudo \u00a0establecer \u00a0la \u00a0identidad del \u00a0ciudadano colombiano. \u00a0\u00a0<\/p>\n<p>All\u00ed \u00a0se \u00a0da \u00a0cuenta \u00a0de \u00a0que \u00a0el requerido \u00a0responde \u00a0al \u00a0nombre de JULI\u00c1N C\u00c9SAR LENIS MART\u00cdNEZ, \u00a0nacido \u00a0el \u00a023 \u00a0de \u00a0junio de 1974 en Cali (Valle) y se \u00a0identifica \u00a0con \u00a0la \u00a0C.C. \u00a0No. \u00a094.410.292, hijo de Mar\u00eda Esperanza Mart\u00ednez y \u00a0Luis \u00a0Alfonso \u00a0Lenis \u00a0(fallecido), \u00a0informaci\u00f3n \u00a0coincidente \u00a0con \u00a0el \u00a0acta \u00a0de \u00a0notificaci\u00f3n \u00a0personal de la orden de captura, la constancia de buen trato y el \u00a0acta \u00a0de \u00a0derechos \u00a0del \u00a0capturado \u00a0de \u00a0fecha 12 de abril de 2012, efectuada por \u00a0agentes \u00a0de\u00a0 \u00a0la \u00a0INTERPOL \u00a0en \u00a0la \u00a0ciudad \u00a0de Cali, mediante las cuales el \u00a0requerido \u00a0en \u00a0extradici\u00f3n se enter\u00f3 del contenido de la resoluci\u00f3n del 11 de \u00a0abril \u00a0del \u00a0mismo \u00a0a\u00f1o, proferida por el Fiscal General de la Naci\u00f3n. En dicho \u00a0acto \u00a0procesal el capturado plasm\u00f3 firma, n\u00famero de c\u00e9dula y huella dactilar, \u00a0datos \u00a0que \u00a0coinciden \u00a0con \u00a0los ofrecidos respecto del requerido en extradici\u00f3n \u00a0por el gobierno espa\u00f1ol. \u00a0\u00a0<\/p>\n<p>3. \u00a0 \u00a0 Principio \u00a0 \u00a0 de \u00a0 \u00a0la \u00a0 \u00a0doble \u00a0incriminaci\u00f3n \u00a0\u00a0<\/p>\n<p>Seg\u00fan el concepto emitido por el Ministerio \u00a0de \u00a0Relaciones \u00a0Exteriores, \u00a0en \u00a0el \u00a0presente \u00a0caso \u00a0se aplica la Convenci\u00f3n de \u00a0Extradici\u00f3n \u00a0de \u00a0Reos \u00a0entre \u00a0Colombia y el Reino de Espa\u00f1a del 23 de julio de \u00a01892, \u00a0aprobada \u00a0por \u00a0la Ley 35 de 1892 y el Protocolo Modificativo del Convenio \u00a0de \u00a0Extradici\u00f3n \u00a0hecho \u00a0en \u00a0Madrid el 16 de marzo de 1999, aprobado en Colombia \u00a0por \u00a0la \u00a0Ley \u00a0876 \u00a0de \u00a02004, \u00a0declarada \u00a0exequible \u00a0por \u00a0la Corte Constitucional \u00a0mediante Sentencia C-870 del 18 de agosto de 2004. \u00a0\u00a0<\/p>\n<p>El \u00a0mencionado \u00a0Convenio \u00a0establece \u00a0que, la \u00a0extradici\u00f3n \u00a0resulta \u00a0procedente \u00a0cuando la persona requerida es perseguida por \u00a0alg\u00fan \u00a0delito \u00a0o \u00a0para \u00a0la \u00a0ejecuci\u00f3n \u00a0de una pena privativa de la libertad no \u00a0inferior \u00a0a \u00a0un \u00a0a\u00f1o, de conformidad con lo dispuesto en los art\u00edculos I y III \u00a0de \u00a0 dicho \u00a0 tratado, \u00a0 para \u00a0 cuyo \u00a0efecto \u00a0\u201cser\u00e1 \u00a0indiferente \u00a0el \u00a0que \u00a0las \u00a0leyes \u00a0de las Partes clasifiquen o no al delito en la \u00a0misma \u00a0 \u00a0 \u00a0o \u00a0 \u00a0 \u00a0distinta \u00a0 \u00a0 terminolog\u00eda \u00a0 \u00a0 para \u00a0 \u00a0 designarlo\u201d. \u00a0\u00a0<\/p>\n<p>Frente \u00a0a este requisito, ha dicho la Corte, \u00a0corresponde \u00a0examinar \u00a0si \u00a0los \u00a0comportamientos \u00a0atribuidos \u00a0al \u00a0reclamado \u00a0como \u00a0il\u00edcitos \u00a0en \u00a0el pa\u00eds solicitante son considerados como delito en Colombia, es \u00a0decir, \u00a0debe \u00a0hacerse \u00a0una \u00a0comparaci\u00f3n entre las normas que all\u00ed sustentan la \u00a0imputaci\u00f3n, \u00a0con \u00a0las \u00a0de \u00a0orden \u00a0interno \u00a0para \u00a0establecer \u00a0si \u00e9stas tambi\u00e9n \u00a0recogen las conductas contenidas en los cargos. \u00a0\u00a0<\/p>\n<p>Ahora, \u00a0por \u00a0tratarse \u00a0la extradici\u00f3n de un \u00a0mecanismo \u00a0de cooperaci\u00f3n internacional de car\u00e1cter eminentemente contingente, \u00a0en \u00a0cuanto \u00a0hace \u00a0a \u00a0su \u00a0modalidad \u00a0pasiva, \u00a0esa \u00a0confrontaci\u00f3n \u00a0normativa debe \u00a0realizarse, \u00a0como \u00a0tambi\u00e9n ha sido reiterado por la Sala, con fundamento en las \u00a0disposiciones \u00a0de \u00a0orden \u00a0interno \u00a0vigentes \u00a0al \u00a0momento \u00a0de rendir el concepto, \u00a0raz\u00f3n \u00a0por \u00a0la \u00a0cual \u00a0el \u00a0principio de favorabilidad que podr\u00eda arg\u00fcirse como \u00a0producto \u00a0natural \u00a0de \u00a0la sucesi\u00f3n de leyes no ser\u00eda aplicable, por cuanto las \u00a0normas \u00a0 del \u00a0 pa\u00eds \u00a0 requerido \u00a0 no \u00a0son \u00a0las \u00a0que \u00a0regir\u00e1n \u00a0el \u00a0caso \u00a0en \u00a0el \u00a0extranjero.\u00a0 \u00a0Lo \u00a0que \u00a0a \u00a0este prop\u00f3sito determina el concepto es que, sin \u00a0importar \u00a0la \u00a0denominaci\u00f3n \u00a0jur\u00eddica \u00a0ni \u00a0el \u00a0bien jur\u00eddico afectado, el acto \u00a0desarrollado \u00a0por el ciudadano cuya extradici\u00f3n se demanda sea considerado como \u00a0delictuoso \u00a0 \u00a0 en \u00a0 \u00a0 el \u00a0 \u00a0 territorio \u00a0 \u00a0patrio8. \u00a0\u00a0<\/p>\n<p>Los \u00a0cargos \u00a0atribuidos \u00a0por las autoridades \u00a0espa\u00f1olas \u00a0a \u00a0JULI\u00c1N \u00a0C\u00c9SAR \u00a0LENIS \u00a0MART\u00cdNEZ \u00a0y \u00a0por los cuales es pedido en \u00a0extradici\u00f3n \u00a0se \u00a0sustentan \u00a0en \u00a0que \u00a0esta \u00a0persona \u00a0es autor responsable de los \u00a0delitos de homicidio y lesiones en dicho territorio. \u00a0\u00a0<\/p>\n<p>Los \u00a0hechos \u00a0que fundamentan la solicitud de \u00a0extradici\u00f3n \u00a0fueron \u00a0presentados \u00a0por \u00a0el\u00a0 \u00a0Magistrado-Juez del Juzgado de \u00a0Primera \u00a0Instancia \u00a0e \u00a0Instrucci\u00f3n \u00a0N\u00b03 \u00a0de \u00a0Vic \u00a0(Barcelona), de la siguiente \u00a0manera: \u00a0\u00a0<\/p>\n<p>\u201cPRIMERO.- \u00a0El \u00a0presente procedimiento se \u00a0inici\u00f3 \u00a0en \u00a0virtud \u00a0de \u00a0llamada \u00a0telef\u00f3nica \u00a0en \u00a0la \u00a0que \u00a0la \u00a0Polic\u00eda \u00a0Mossos \u00a0d\u2019Esquadra \u00a0pon\u00eda \u00a0en \u00a0conocimiento \u00a0del \u00a0juzgado de guardia la muerte de un var\u00f3n en la calle Manlleu \u00a081 de Vic el d\u00eda 20 de diciembre de 2009. \u00a0\u00a0<\/p>\n<p>SEGUNDO.-\u00a0 Se \u00a0han \u00a0practicado \u00a0en \u00a0la causa todas las diligencias encaminadas a esclarecer los \u00a0hechos \u00a0 y \u00a0 averiguar \u00a0 las \u00a0 personas \u00a0 responsables, \u00a0 de \u00a0 las \u00a0que \u00a0resulta \u00a0indiciariamente \u00a0que aparecen como presuntamente responsables, de los hechos los \u00a0imputados \u00a0Cristian \u00a0Nelson \u00a0Pineda \u00a0Agurto, \u00a0Jos\u00e9 \u00a0\u00c1ngel Vivero Romero, Julio \u00a0(sic) \u00a0C\u00e9sar \u00a0Lenis \u00a0Mart\u00ednez, \u00a0Jos\u00e9 \u00a0Henry \u00a0L\u00f3pez V\u00e1squez, Jonathan Rafael \u00a0Acevedo \u00a0Leones, \u00a0Williams \u00a0Alberto \u00a0Tello \u00a0Rizzo, Orlando Ram\u00edrez Mar\u00edn Eliud \u00a0Motato \u00a0Ballesteros, Miguel \u00c1ngel Villacis Delgado, Miguel Gregorio Loor Icaza, \u00a0Eduardo \u00a0de \u00a0los \u00a0Santos Franco Mor\u00e1n y Jonathan Mauricio Pezo Barrionuevo, los \u00a0cuales \u00a0ha \u00a0sido \u00a0reconocidos \u00a0en \u00a0varios \u00a0momentos, \u00a0tanto fotogr\u00e1ficamente en \u00a0dependencias \u00a0policiales \u00a0como \u00a0por \u00a0las declaraciones testificales, de la (sic) \u00a0v\u00edctimas \u00a0y \u00a0de \u00a0los propios imputados informes periciales como el del servicio \u00a0de \u00a0qu\u00edmica \u00a0del \u00a0Instituto \u00a0Nacional de Toxicolog\u00eda respecto al fallecido Sr. \u00a0Agannan \u00a0y \u00a0periciales \u00a0sobre \u00a0vestigios \u00a0del \u00a0lugar \u00a0y \u00a0momento de los hechos y \u00a0fotograf\u00edas \u00a0entre otros. En este sentido, el informe de sanidad de 16 de julio \u00a0de \u00a02010 \u00a0del \u00a0Sr. Mohamed El Bagrioui hace constar unas lesiones diagnosticadas \u00a0por \u00a0el \u00a0d\u00eda \u00a0de los hechos 20 de diciembre de 2009 consistentes en fractura de \u00a0tobillo \u00a0derecho \u00a0y \u00a0fractura de huesos propios de la nariz de las que tard\u00f3 en \u00a0curar \u00a0 137 \u00a0d\u00edas \u00a0impeditivos \u00a0y \u00a0qued\u00e1ndole \u00a0como \u00a0secuelas \u00a0material \u00a0(sic) \u00a0osteosinteis, \u00a0 \u00a0limitaci\u00f3n \u00a0 \u00a0flexi\u00f3n\/extensi\u00f3n \u00a0 \u00a0y \u00a0 perjuicio \u00a0 est\u00e9tico \u00a0leve. \u00a0\u00a0<\/p>\n<p>(\u2026) \u00a0<\/p>\n<p>\u201cTERCERO.- \u00a0Respecto \u00a0a \u00a0la \u00a0imputaci\u00f3n \u00a0del \u00a0Sr. JULIO (sic) C\u00c9SAR LENIS MART\u00cdNEZ por un \u00a0presunto \u00a0delito \u00a0de \u00a0homicidio \u00a0y \u00a0de lesiones, ha resultado negativo cualquier \u00a0intento \u00a0de \u00a0localizaci\u00f3n \u00a0de \u00a0dicha \u00a0persona, \u00a0al \u00a0estar \u00a0\u00e9ste \u00a0localizable y \u00a0presuntamente \u00a0haber \u00a0huido \u00a0de Espa\u00f1a, sin que hasta la fecha se haya recibido \u00a0contestaci\u00f3n alguna de su resultado. \u00a0\u00a0<\/p>\n<p>\u201cCALIFICACI\u00d3N \u00a0 JUR\u00cdDICA \u00a0 DE \u00a0 LOS \u00a0HECHOS \u00a0\u00a0<\/p>\n<p>\u201cSe solicita la extradici\u00f3n del reclamado \u00a0como \u00a0responsable \u00a0de delito\/s (sic) de un presunto delito de HOMICIDIO previsto \u00a0y \u00a0penado \u00a0en el art.138 del C\u00f3digo Penal, castigado con penas de 10 a 15 a\u00f1os \u00a0de \u00a0prisi\u00f3n y un presunto delito de LESIONES, con regulaci\u00f3n en el art.147 del \u00a0C\u00f3digo \u00a0Penal, \u00a0castigo \u00a0(sic) \u00a0con penas de 6 meses a 3 a\u00f1os de prisi\u00f3n y si \u00a0ses \u00a0(sic) \u00a0tratare \u00a0de \u00a0un delito de lesiones con arma, previsto y penado en el \u00a0art.148 \u00a0del \u00a0C\u00f3digo Penal, castigado con penas de 2 a 5 a\u00f1os de prisi\u00f3n, con \u00a0regulaci\u00f3n \u00a0en \u00a0el \u00a0art.138, 147 y 148 del C\u00f3digo Penal espa\u00f1ol vigente en la \u00a0actualidad.\u201d \u00a0\u00a0<\/p>\n<p>\u201cLa pena marginal m\u00e1xima impuesta por el \u00a0delito \u00a0de \u00a0HOMICIDIO \u00a0seg\u00fan \u00a0el \u00a0art\u00edculo\/s \u00a0138 \u00a0del \u00a0C\u00f3digo Penal espa\u00f1ol \u00a0aplicable \u00a0es de 10 a 15 A\u00d1OS DE PRISI\u00d3N, por el delito de LESIONES de 6 meses \u00a0a \u00a03 \u00a0a\u00f1os \u00a0de \u00a0prisi\u00f3n \u00a0y \u00a0si \u00a0se tratar\u00e9 de un delito de lesiones con arma, \u00a0previsto \u00a0y \u00a0penado \u00a0en \u00a0el \u00a0art.148 \u00a0del \u00a0C\u00f3digo Penal, pena de 2 a 5 a\u00f1os de \u00a0prisi\u00f3n\u201d. \u00a0\u00a0<\/p>\n<p>\u201cPRESCRIPCION DEL DELITO \u00a0<\/p>\n<p>(en \u00a0 \u00a0caso \u00a0 \u00a0de \u00a0 extradici\u00f3n \u00a0 para \u00a0enjuiciamiento) \u00a0\u00a0<\/p>\n<p>\u201cSeg\u00fan el art\u00edculo 131 del C\u00f3digo Penal \u00a0espa\u00f1ol \u00a0aplicable, \u00a0el \u00a0delito\/s \u00a0prescribe \u00a0a \u00a0los \u00a020 \u00a0a\u00f1os, cuando la pena \u00a0m\u00e1xima se\u00f1alada al delito sea prisi\u00f3n de quince o m\u00e1s a\u00f1os.\u201d \u00a0\u00a0<\/p>\n<p>A \u00a0los 15, cuando la pena m\u00e1xima se\u00f1alada \u00a0por \u00a0la \u00a0Ley \u00a0sea \u00a0inhabilitaci\u00f3n \u00a0por mas de diez a\u00f1os, o prisi\u00f3n por mas de \u00a0diez y menos de 15 a\u00f1os.\u201d \u00a0\u00a0<\/p>\n<p>A los 10, cuando la pena m\u00e1xima se\u00f1alada \u00a0por \u00a0la \u00a0Ley \u00a0sea \u00a0prisi\u00f3n \u00a0o \u00a0inhabilitaci\u00f3n por m\u00e1s de cinco a\u00f1os y que no \u00a0exceda de 10. \u00a0\u00a0<\/p>\n<p>A \u00a0los \u00a0cinco, los dem\u00e1s delitos, excepto \u00a0los de injuria y calumnia, que prescriben al a\u00f1o. \u00a0\u00a0<\/p>\n<p>A \u00a0los \u00a0tres \u00a0a\u00f1os, los restantes delitos \u00a0menos graves \u00a0\u00a0<\/p>\n<p>Los \u00a0 delitos \u00a0 de \u00a0calumnia \u00a0e \u00a0injuria \u00a0prescriben al a\u00f1o.\u201d \u00a0\u00a0<\/p>\n<p>Estas \u00a0 conductas, \u00a0 consideradas \u00a0 como \u00a0constitutivas \u00a0de \u00a0los \u00a0delitos \u00a0de homicidio y lesiones, se hallan previstas en \u00a0los \u00a0art\u00edculos 138 y ss. y 147 y ss. del C\u00f3digo Penal espa\u00f1ol (seg\u00fan el auto \u00a0que \u00a0propone \u00a0al \u00a0Gobierno de Espa\u00f1a, a trav\u00e9s del Ministerio de Justicia, que \u00a0solicite \u00a0de \u00a0las \u00a0correspondientes autoridades de Colombia, la extradici\u00f3n del \u00a0requerido), as\u00ed: \u00a0\u00a0<\/p>\n<p>\u201cArt\u00edculo \u00a0138\u00a0 (homicidio) \u00a0\u00a0<\/p>\n<p>\u201cEl que matare \u00a0a \u00a0otro ser\u00e1 castigado, como reo de homicidio, con\u00a0 la pena de prisi\u00f3n de \u00a0diez a quince a\u00f1os. \u00a0\u00a0<\/p>\n<p>\u201cArt\u00edculo 139. \u00a0(Asesinato) \u00a0\u00a0<\/p>\n<p>Ser\u00e1 castigado con la pena de prisi\u00f3n de \u00a0quince \u00a0a veinte a\u00f1os, como reo de asesinato, el que matare a otro concurriendo \u00a0alguna de las circunstancias siguientes: \u00a0\u00a0<\/p>\n<p>1\u00aa Con alevos\u00eda \u00a0<\/p>\n<p>2\u00aa \u00a0 \u00a0Por \u00a0 \u00a0precio, \u00a0 recompensa \u00a0 o \u00a0promesa \u00a0\u00a0<\/p>\n<p>3\u00aa Con ensa\u00f1amiento, aumento deliberada e \u00a0inhumanamente el dolor del ofendido.\u201d \u00a0\u00a0<\/p>\n<p>\u201cArt\u00edculo 140 \u00a0(Asesinato concurriendo varias causas del art\u00edculo 139) \u00a0\u00a0<\/p>\n<p>\u201cCuando en un asesinato concurran m\u00e1s de \u00a0una \u00a0de \u00a0las \u00a0circunstancias previstas en el art\u00edculo anterior, se impondr\u00e1 la \u00a0pena de prisi\u00f3n de veinte a veinticinco a\u00f1os.\u201d \u00a0\u00a0<\/p>\n<p>\u201cArt\u00edculo 147 \u00a0(Delito de lesiones. Concepto de lesi\u00f3n) \u00a0\u00a0<\/p>\n<p>\u00a0 \u00a0\u00a0<\/p>\n<p>1. El que por \u00a0cualquier \u00a0medio \u00a0o \u00a0procedimiento, \u00a0causare a otro una lesi\u00f3n que menoscabe su \u00a0integridad \u00a0corporal o su salud f\u00edsica o mental, ser\u00e1 castigado\u00a0 como reo \u00a0del \u00a0delito \u00a0de \u00a0lesiones \u00a0con \u00a0la \u00a0pena de prisi\u00f3n de seis meses a tres a\u00f1os, \u00a0siempre \u00a0que \u00a0la \u00a0lesi\u00f3n requiera objetivamente para su sanidad, adem\u00e1s de una \u00a0primera \u00a0asistencia \u00a0facultativa, \u00a0tratamiento \u00a0m\u00e9dico o quir\u00fargico. La simple \u00a0vigilancia \u00a0o seguimiento facultativo del curso de la lesi\u00f3n no se considerar\u00e1 \u00a0tratamiento m\u00e9dico. \u00a0 \u00a0\u00a0<\/p>\n<p>\u00a0 \u00a0\u00a0<\/p>\n<p>1. No \u00a0obstante, \u00a0el \u00a0hecho \u00a0descrito \u00a0en \u00a0el \u00a0apartado anterior ser\u00e1 \u00a0castigado \u00a0con \u00a0la \u00a0pena \u00a0de \u00a0prisi\u00f3n de tres a seis meses o multa de seis a 12 \u00a0(sic)\u00a0 \u00a0meses, \u00a0cuando sea de menor gravedad, atendidos el medio empleado o \u00a0el resultado producido. \u00a0 \u00a0\u00a0<\/p>\n<p>Con \u00a0la misma pena ser\u00e1 castigado el que, \u00a0en \u00a0el \u00a0plazo \u00a0de un a\u00f1o, haya realizado cuatro veces la acci\u00f3n descrita en el \u00a0art\u00edculo \u00a0 617 \u00a0de \u00a0este \u00a0C\u00f3digo. \u00a0\u00a0<\/p>\n<p>\u00a0 \u00a0\u00a0<\/p>\n<p>1. No \u00a0obstante, \u00a0el \u00a0hecho \u00a0descrito \u00a0en \u00a0el apartado 1 del art\u00edculo \u00a0anterior \u00a0podr\u00e1n \u00a0ser \u00a0castigadas con la pena de prisi\u00f3n de dos a cinco a\u00f1os, \u00a0atendiendo al resultado causado o riesgo producido: \u00a0 \u00a0\u00a0<\/p>\n<p>1\u00ba \u00a0Si \u00a0en \u00a0la \u00a0agresi\u00f3n \u00a0se \u00a0hubieren \u00a0utilizado \u00a0armas, instrumentos, objetos, medios, m\u00e9todos o formas concretamente \u00a0peligrosas \u00a0 \u00a0para \u00a0 \u00a0la \u00a0 \u00a0vida \u00a0 \u00a0o \u00a0 \u00a0salud, \u00a0 f\u00edsica \u00a0 o \u00a0 ps\u00edquica, \u00a0 del \u00a0lesionado. \u00a0\u00a0<\/p>\n<p>2\u00ba \u00a0Si \u00a0hubiere \u00a0mediado \u00a0ensa\u00f1amiento o \u00a0alevos\u00eda \u00a0\u00a0<\/p>\n<p>3\u00ba \u00a0Si \u00a0la \u00a0v\u00edctima \u00a0fuere menor de doce \u00a0a\u00f1os o incapaz. \u00a0\u00a0<\/p>\n<p>4\u00ba \u00a0Si \u00a0la \u00a0v\u00edctima fuere o hubiere sido \u00a0esposa, \u00a0o mujer que estuviere o hubiere estado ligada al autor por una an\u00e1loga \u00a0relaci\u00f3n de afectividad, aun sin convivencia. \u00a0\u00a0<\/p>\n<p>5\u00ba \u00a0Si \u00a0la \u00a0v\u00edctima \u00a0fuere \u00a0una \u00a0persona \u00a0especialmente vulnerable que conviva con el autor. \u00a0\u00a0<\/p>\n<p>\u201cArt\u00edculo \u00a0149. (Con menoscabo esencial \u00a0de la integridad corporal) \u00a0\u00a0<\/p>\n<p>El que causara a otro, por cualquier medio \u00a0o \u00a0procedimiento, \u00a0la \u00a0p\u00e9rdida \u00a0o \u00a01. \u00a0la \u00a0inutilidad \u00a0de \u00a0un \u00f3rgano o miembro \u00a0principal, \u00a0 o \u00a0 de \u00a0un \u00a0sentido, \u00a0la \u00a0impotencia, \u00a0la \u00a0esterilidad, \u00a0una \u00a0grave \u00a0deformidad, \u00a0o \u00a0una \u00a0grave enfermedad som\u00e1tica o ps\u00edquica, ser\u00e1 castigado con \u00a0la pena de prisi\u00f3n de seis a 12 (sic) a\u00f1os. \u00a0\u00a0<\/p>\n<p>El \u00a0que \u00a0causara \u00a0a \u00a0otro \u00a0una mutilaci\u00f3n \u00a0genital \u00a0en \u00a0cualquiera \u00a0de sus 2 manifestaciones ser\u00e1 castigado con la pena de \u00a0prisi\u00f3n \u00a0de \u00a0seis a 12 (sic) a\u00f1os.\u00a0 Si la v\u00edctima fuera menor o incapaz, \u00a0ser\u00e1 \u00a0aplicable \u00a0la \u00a0pena \u00a0de \u00a0inhabilitaci\u00f3n especial para el ejercicio de la \u00a0patria \u00a0potestad, \u00a0tutela, curatela, guarda o acogimiento por tiempo de cuatro a \u00a010 \u00a0(sic) \u00a0a\u00f1os, \u00a0si \u00a0el \u00a0juez \u00a0lo \u00a0estima \u00a0adecuado \u00a0a \u00a0inter\u00e9s \u00a0del \u00a0menor o \u00a0incapaz. \u00a0\u00a0<\/p>\n<p>\u201cArt\u00edculo \u00a0150 \u00a0(Con \u00a0menoscabo \u00a0de \u00a0la \u00a0integridad corporal)) \u00a0\u00a0<\/p>\n<p>El \u00a0que \u00a0causara \u00a0a \u00a0otro la p\u00e9rdida o la \u00a0inutilidad \u00a0de un \u00f3rgano o miembro no principal, la deformidad, ser\u00e1 castigado \u00a0con la pena de prisi\u00f3n de tres a seis a\u00f1os. \u00a0\u00a0<\/p>\n<p>\u201cArt\u00edculo \u00a0 \u00a0151 \u00a0 \u00a0(Provocaci\u00f3n, \u00a0conspiraci\u00f3n y proposici\u00f3n) \u00a0\u00a0<\/p>\n<p>La \u00a0provocaci\u00f3n, \u00a0la \u00a0conspiraci\u00f3n \u00a0y la \u00a0proposici\u00f3n \u00a0para \u00a0cometer \u00a0los delitos previstos en los art\u00edculos precedentes \u00a0de \u00a0este T\u00edtulo, ser\u00e1 castigada con la pena inferior en uno\u00a0 o dos grados \u00a0a la del delito correspondiente. \u00a0\u00a0<\/p>\n<p>\u201cArt\u00edculo \u00a0 \u00a0 \u00a0 152 \u00a0 \u00a0 \u00a0(Por \u00a0imprudencia) \u00a0\u00a0<\/p>\n<p>1. \u00a0El \u00a0que \u00a0por imprudencia grave causare \u00a0alguna \u00a0 de \u00a0 las \u00a0 lesiones \u00a0 previstas \u00a0en \u00a0los \u00a0art\u00edculos \u00a0anteriores \u00a0ser\u00e1 \u00a0castigado: \u00a0\u00a0<\/p>\n<p>1\u00ba Con la pena de prisi\u00f3n de tres a seis \u00a0meses, si se tratare de las lesiones del art\u00edculo 147.1. \u00a0\u00a0<\/p>\n<p>2\u00ba Con la pena de prisi\u00f3n de tres a seis \u00a0meses, si se tratare de las lesiones del art\u00edculo 149. \u00a0\u00a0<\/p>\n<p>3\u00ba Con la pena de prisi\u00f3n de seis meses a \u00a0dos a\u00f1os, si se tratare de las lesiones del art\u00edculo 150. \u00a0\u00a0<\/p>\n<p>\u00a0 \u00a0\u00a0<\/p>\n<p>1. Cuando los \u00a0hechos \u00a0referidos \u00a0en \u00a0este \u00a0art\u00edculo se hayan cometido utilizando un veh\u00edculo \u00a0automotor, \u00a0un \u00a0ciclomotor \u00a0o \u00a0un \u00a0arma \u00a0de \u00a0fuego, \u00a0se \u00a0impondr\u00e1 \u00a0asimismo, \u00a0y \u00a0respectivamente, \u00a0la \u00a0pena \u00a0de \u00a0privaci\u00f3n \u00a0del \u00a0derecho a conducir veh\u00edculos a \u00a0motor \u00a0y \u00a0ciclomotores o del derecho a la tenencia y porte de armas por t\u00e9rmino \u00a0de uno a cuatro a\u00f1os. \u00a0 \u00a0\u00a0<\/p>\n<p>\u00a0 \u00a0\u00a0<\/p>\n<p>1. Cuando las \u00a0lesiones \u00a0fueren \u00a0cometidas por imprudencia profesional se impondr\u00e1 asimismo la \u00a0pena \u00a0de \u00a0inhabilitaci\u00f3n \u00a0especial para el ejercicio de la profesi\u00f3n, oficio o \u00a0cargo por un per\u00edodo de uno a cuatro a\u00f1os. \u00a0 \u00a0\u00a0<\/p>\n<p>\u201c Art\u00edculo 153. (Violencia f\u00edsica en el \u00a0\u00e1mbito familiar) \u00a0\u00a0<\/p>\n<p>\u00a0 \u00a0 \u00a0<\/p>\n<p>1. El que por \u00a0cualquier \u00a0medio \u00a0o \u00a0procedimiento \u00a0causare \u00a0a \u00a0otro \u00a0menoscabo \u00a0ps\u00edquico o una \u00a0lesi\u00f3n \u00a0no definidos como delito en este C\u00f3digo, o golpeare\u00a0 o maltratare \u00a0de \u00a0obra a otro sin causarle lesi\u00f3n, cuando la ofendida sea o haya sido esposa, \u00a0o \u00a0mujer \u00a0que \u00a0est\u00e9 o haya estado ligada a \u00e9l por una an\u00e1loga\u00a0 relaci\u00f3n \u00a0de \u00a0afectividad \u00a0aun \u00a0sin \u00a0convivencia, \u00a0o \u00a0persona especialmente vulnerable que \u00a0conviva \u00a0con \u00a0el \u00a0autor, ser\u00e1 castigado con la pena de prisi\u00f3n de seis meses a \u00a0un \u00a0a\u00f1o \u00a0o de trabajos en beneficios de la comunidad de treinta y uno a ochenta \u00a0d\u00edas \u00a0y, en todo caso, privaci\u00f3n del derecho a la tenencia y porte de armas de \u00a0un \u00a0a\u00f1o \u00a0y \u00a0un d\u00eda a tres a\u00f1os, as\u00ed como cuando el Juez o Tribunal lo estime \u00a0adecuado \u00a0al \u00a0inter\u00e9s \u00a0de menor o incapaz, inhabilitaci\u00f3n para el ejercicio de \u00a0la \u00a0 patria \u00a0potestad, \u00a0tutela, \u00a0curatela, \u00a0guarda \u00a0o \u00a0acogimiento \u00a0hasta \u00a0cinco \u00a0a\u00f1os. \u00a0\u00a0<\/p>\n<p>2. Si \u00a0la \u00a0v\u00edctima \u00a0del\u00a0 \u00a0delito previsto en el apartado anterior fuere alguna de las \u00a0personas \u00a0 \u00a0 \u00a0a \u00a0 \u00a0 que \u00a0 \u00a0 se \u00a0 \u00a0 refiere \u00a0 \u00a0 el \u00a0 \u00a0 art\u00edculo \u00a0 \u00a0 173.2, \u00a0 \u00a0exceptuadas \u00a0 las \u00a0 personas \u00a0contempladas \u00a0en \u00a0el \u00a0apartado \u00a0anterior \u00a0de \u00a0este \u00a0art\u00edculo, \u00a0el \u00a0autor \u00a0ser\u00e1 \u00a0castigado \u00a0con \u00a0la \u00a0pena \u00a0de \u00a0prisi\u00f3n \u00a0de tres meses a un a\u00f1o o de trabajos en \u00a0beneficio \u00a0de \u00a0la \u00a0comunidad \u00a0de \u00a0treinta y uno a ochenta d\u00edas y, en todo caso, \u00a0privaci\u00f3n \u00a0del \u00a0derecho \u00a0a \u00a0la tenencia y porte de armas de un a\u00f1o y un d\u00eda a \u00a0tres \u00a0a\u00f1os, \u00a0as\u00ed \u00a0mismo, \u00a0cuando \u00a0el \u00a0Juez \u00a0o \u00a0Tribunal \u00a0lo estime adecuado al \u00a0inter\u00e9s \u00a0del \u00a0menor \u00a0o \u00a0incapaz, inhabilitaci\u00f3n para el ejercicio de la patria \u00a0potestad, \u00a0 tutela, \u00a0curatela, \u00a0guarda \u00a0o \u00a0acogimiento \u00a0de \u00a0seis \u00a0meses \u00a0a \u00a0tres \u00a0a\u00f1os. \u00a0\u00a0<\/p>\n<p>3. Las penas \u00a0previstas \u00a0en \u00a0los \u00a0apartados 1 y 2 se impondr\u00e1n en su mitad superior cuando el \u00a0delito \u00a0se \u00a0perpetre \u00a0en presencia de menores, o utilizando armas, o tenga lugar \u00a0en \u00a0el \u00a0domicilio \u00a0com\u00fan \u00a0o \u00a0en \u00a0el \u00a0domicilio \u00a0de \u00a0la \u00a0v\u00edctima, \u00a0o se realice \u00a0quebrantando \u00a0 \u00a0una \u00a0 \u00a0pena \u00a0 \u00a0de \u00a0 \u00a0las \u00a0 contempladas \u00a0 en \u00a0 el \u00a0 art\u00edculo \u00a048 \u00a0de \u00a0este \u00a0c\u00f3digo \u00a0o \u00a0una \u00a0medida cautelar o de seguridad de la misma naturaleza. \u00a0\u00a0<\/p>\n<p>4. No obstante \u00a0lo \u00a0previsto \u00a0en \u00a0los \u00a0aparados \u00a0anteriores, \u00a0el Juez o Tribunal razon\u00e1ndolo en \u00a0sentencia, \u00a0en \u00a0atenci\u00f3n \u00a0a \u00a0las \u00a0circunstancias \u00a0personales \u00a0del \u00a0autor \u00a0y las \u00a0concurrentes \u00a0en \u00a0la \u00a0realizaci\u00f3n del hecho, podr\u00e1 imponer la pena inferior en \u00a0grado. \u00a0 \u00a0\u00a0<\/p>\n<p>\u201cArt\u00edculo 154. (Participaci\u00f3n en ri\u00f1a \u00a0con medios o instrumentos peligrosos) \u00a0\u00a0<\/p>\n<p>Quienes \u00a0ri\u00f1en \u00a0entre s\u00ed, acometi\u00e9ndose \u00a0tumultuariamente, \u00a0y \u00a0utilizando \u00a0medios o instrumentos que pongan en peligro la \u00a0vida \u00a0o \u00a0integridad \u00a0de las personas, ser\u00e1n castigados por su participaci\u00f3n en \u00a0la \u00a0ri\u00f1a \u00a0con \u00a0la pena de prisi\u00f3n de tres meses a un a\u00f1o o multa de seis a 24 \u00a0meses. \u00a0\u00a0<\/p>\n<p>\u201cArt\u00edculo \u00a0 \u00a0155. \u00a0 (Lesiones \u00a0 con \u00a0consentimiento del lesionado) \u00a0\u00a0<\/p>\n<p>En \u00a0los delitos de lesiones, si ha mediado \u00a0el \u00a0consentimiento \u00a0v\u00e1lido, \u00a0libre, \u00a0espont\u00e1neo \u00a0y \u00a0expresamente \u00a0emitido \u00a0del \u00a0ofendido, se impondr\u00e1 la pena inferior\u00a0 en uno o dos grados. \u00a0\u00a0<\/p>\n<p>No ser\u00e1 v\u00e1lido el consentimiento otorgado \u00a0por un menor de edad o un incapaz. \u00a0\u00a0<\/p>\n<p>(\u2026)\u201d \u00a0<\/p>\n<p>Los comportamientos delictivos por los cuales \u00a0es \u00a0requerido \u00a0JULI\u00c1N \u00a0C\u00c9SAR \u00a0LENIS \u00a0MART\u00cdNEZ, \u00a0previstos \u00a0en la legislaci\u00f3n \u00a0espa\u00f1ola \u00a0 \u00a0como \u00a0 \u00a0homicidio \u00a0 \u00a0y \u00a0 lesiones, \u00a0 son \u00a0 tambi\u00e9n \u00a0 punibles \u00a0 en \u00a0Colombia, tipificados en los \u00a0art\u00edculos \u00a0103 \u00a0y \u00a0subsiguientes\u00a0 \u00a0y \u00a0111 y subsiguientes de la Ley 599 de \u00a02000, as\u00ed: \u00a0\u00a0<\/p>\n<p>\u201cDel homicidio \u00a0<\/p>\n<p>\u201cArt\u00edculo \u00a0103. \u00a0Homicidio. \u00a0El que matare a otro, incurrir\u00e1 en \u00a0prisi\u00f3n de trece (13) a veinticinco (25) a\u00f1os. \u00a0\u00a0<\/p>\n<p>\u201cArt\u00edculo \u00a0 104. \u00a0 Circunstancias \u00a0de \u00a0agravaci\u00f3n. \u00a0La \u00a0pena \u00a0ser\u00e1 \u00a0de \u00a0veinticinco (25) a \u00a0cuarenta \u00a0(40) \u00a0a\u00f1os \u00a0de \u00a0prisi\u00f3n, \u00a0si \u00a0la \u00a0conducta \u00a0descrita en el art\u00edculo \u00a0anterior se cometiere: \u00a0\u00a0<\/p>\n<p>1.\u00a0 \u00a0 \u00a0 \u00a0 \u00a0(modificado \u00a0 por \u00a0 la \u00a0 Ley \u00a0 1257 \u00a0 de \u00a0 2008, \u00a0art.26). \u00a0En \u00a0los \u00a0c\u00f3nyuges \u00a0o compa\u00f1eros permanentes; en el padre y la \u00a0madre \u00a0de familia, aunque no convivan en un mismo hogar; en loas ascendientes de \u00a0los \u00a0anteriores \u00a0y \u00a0lo \u00a0hijos \u00a0adoptivos; \u00a0y en todas las dem\u00e1s personas que de \u00a0manera permanente se hallaren integradas a la unidas dom\u00e9stica. \u00a0\u00a0<\/p>\n<p>2. Para preparar, facilitar o consumar otra \u00a0conducta \u00a0punible; para ocultarla, asegurar su producto o la impunidad, para s\u00ed \u00a0o para los copart\u00edcipes. \u00a0\u00a0<\/p>\n<p>3. Por medio de cualquiera de las conductas \u00a0previstas \u00a0en \u00a0el \u00a0Cap\u00edtulo \u00a0II del T\u00edtulo XII y en el Cap\u00edtulo I del T\u00edtulo \u00a0XIII, del libro segundo de este c\u00f3digo. \u00a0\u00a0<\/p>\n<p>4. \u00a0Por \u00a0precio, \u00a0promesa \u00a0remuneratoria, \u00a0\u00e1nimo \u00a0de \u00a0lucro \u00a0o \u00a0por \u00a0otro \u00a0motivo \u00a0abyecto \u00a0o \u00a0f\u00fatil. \u00a0La \u00a0pena \u00a0ser\u00e1 de \u00a0veinticinco \u00a0(25) \u00a0a cuarenta (40) a\u00f1os de prisi\u00f3n; si la conducta descrita en \u00a0el art\u00edculo anterior se cometiere: \u00a0\u00a0<\/p>\n<p>5. \u00a0 Vali\u00e9ndose \u00a0 de \u00a0la \u00a0actividad \u00a0de \u00a0inimputable. \u00a0\u00a0<\/p>\n<p>6. Con sevicia. \u00a0<\/p>\n<p>7. Colocando a la v\u00edctima en situaci\u00f3n de \u00a0indefensi\u00f3n o inferioridad o aprovech\u00e1ndose de esta situaci\u00f3n. \u00a0\u00a0<\/p>\n<p>8. Con fines terroristas o en desarrollo de \u00a0actividades terroristas. \u00a0\u00a0<\/p>\n<p>9. En persona internacionalmente protegida \u00a0diferente \u00a0a \u00a0las \u00a0contempladas \u00a0en \u00a0el \u00a0T\u00edtulo \u00a0II \u00a0de \u00a0\u00e9ste \u00a0Libro y agentes \u00a0diplom\u00e1ticos, \u00a0de \u00a0conformidad \u00a0con \u00a0los \u00a0Tratados \u00a0y Convenios Internacionales \u00a0ratificados por Colombia. \u00a0\u00a0<\/p>\n<p>10. \u00a0(Modificado \u00a0por \u00a0la \u00a0Ley \u00a01309 de 2009, art. 2\u00ba.) Si se comete en \u00a0persona \u00a0que sea o haya sido servidor p\u00fablico, periodista, juez de paz, miembro \u00a0de \u00a0una \u00a0organizaci\u00f3n \u00a0sindical legalmente reconocida, pol\u00edtico o religioso en \u00a0raz\u00f3n de ello. \u00a0\u00a0<\/p>\n<p>11. \u00a0(Modificado \u00a0por \u00a0la \u00a0Ley\u00a0 \u00a01257 \u00a0de \u00a02008, \u00a0art \u00a026). \u00a0Si se \u00a0cometiere contra una mujer por el hecho de ser mujer. \u00a0\u00a0<\/p>\n<p>\u201cArt\u00edculo \u00a0 \u00a0 105. \u00a0 \u00a0 Homicidio \u00a0preterintencional. \u00a0 El \u00a0que \u00a0preterintencionalmente \u00a0matare \u00a0a \u00a0otro, \u00a0incurrir\u00e1 \u00a0en \u00a0la \u00a0pena \u00a0imponible \u00a0de \u00a0acuerdo \u00a0con \u00a0los dos \u00a0art\u00edculos anteriores disminuida de una tercera parte a la mitad. \u00a0\u00a0<\/p>\n<p>\u201cArt\u00edculo \u00a0 \u00a0106. \u00a0 Homicidio \u00a0 por \u00a0piedad. \u00a0El \u00a0que matare a otro por piedad, para poner \u00a0fin \u00a0a intensos sufrimientos provenientes de lesi\u00f3n corporal o enfermedad grave \u00a0e incurable, incurrir\u00e1 en prisi\u00f3n de uno (1) a tres (3) a\u00f1os. \u00a0\u00a0<\/p>\n<p>\u201cArt\u00edculo \u00a0107. \u00a0Inducci\u00f3n \u00a0o ayuda al \u00a0suicidio. \u00a0El \u00a0que \u00a0eficazmente \u00a0induzca \u00a0a \u00a0otro \u00a0al \u00a0suicidio, \u00a0o \u00a0le \u00a0preste \u00a0una ayuda efectiva para su realizaci\u00f3n, incurrir\u00e1 en \u00a0prisi\u00f3n de dos (2) a seis (6) a\u00f1os. \u00a0\u00a0<\/p>\n<p>Cuando la inducci\u00f3n o ayuda est\u00e9 dirigida \u00a0a \u00a0poner \u00a0fin \u00a0a \u00a0intensos \u00a0sufrimientos \u00a0provenientes \u00a0de \u00a0lesi\u00f3n \u00a0corporal \u00a0o \u00a0enfermedad \u00a0grave \u00a0e \u00a0incurable, \u00a0se incurrir\u00e1 en prisi\u00f3n de uno (1) a dos (2) \u00a0a\u00f1os. \u00a0\u00a0<\/p>\n<p>(\u2026) \u00a0<\/p>\n<p>\u201cArt\u00edculo 109. \u00a0Homicidio \u00a0culposo. \u00a0El \u00a0que \u00a0por culpa matare a otro, incurrir\u00e1 en prisi\u00f3n de \u00a0dos \u00a0(2) \u00a0a seis (6) a\u00f1os y multa de veinte (20) a cien (100) salarios m\u00ednimos \u00a0legales mensuales vigentes. \u00a0\u00a0<\/p>\n<p>Cuando \u00a0la \u00a0conducta \u00a0culposa sea cometida \u00a0utilizando \u00a0medios \u00a0motorizados \u00a0o \u00a0arma \u00a0de \u00a0fuego, \u00a0se impondr\u00e1 igualmente la \u00a0privaci\u00f3n \u00a0del derecho a conducir veh\u00edculos automotores y motocicletas y la de \u00a0privaci\u00f3n \u00a0del \u00a0derecho a la tenencia y porte de arma, respectivamente, de tres \u00a0(3) a cinco (5) a\u00f1os. \u00a0\u00a0<\/p>\n<p>\u201cArt\u00edculo \u00a0 110. \u00a0 Circunstancias \u00a0de \u00a0agravaci\u00f3n \u00a0punitiva \u00a0para el homicidio culposo. (Modificado por la Ley 1326 de \u00a02009, \u00a0art. \u00a01\u00ba.) \u00a0La \u00a0pena prevista en el art\u00edculo \u00a0anterior se aumentar\u00e1: \u00a0\u00a0<\/p>\n<p>1. Si al momento de cometer la conducta el \u00a0agente \u00a0se \u00a0encontraba \u00a0bajo \u00a0el \u00a0influjo \u00a0de \u00a0bebida \u00a0embriagante \u00a0o de droga o \u00a0sustancia \u00a0que \u00a0produzca \u00a0dependencia \u00a0f\u00edsica \u00a0o \u00a0s\u00edquica \u00a0y \u00a0ello \u00a0haya \u00a0sido \u00a0determinante \u00a0para \u00a0su \u00a0ocurrencia, \u00a0la \u00a0pena \u00a0se \u00a0aumentar\u00e1 \u00a0de \u00a0la \u00a0mitad \u00a0al \u00a0doble. \u00a0\u00a0<\/p>\n<p>2. Si el agente abandona sin justa causa el \u00a0lugar \u00a0de \u00a0la \u00a0comisi\u00f3n \u00a0de \u00a0la \u00a0conducta, \u00a0la pena se aumentara de la mitad al \u00a0doble. \u00a0\u00a0<\/p>\n<p>3. Si al momento de cometer la conducta el \u00a0agente \u00a0no \u00a0tiene \u00a0licencia de conducci\u00f3n o le ha sido suspendida por autoridad \u00a0de tr\u00e1nsito, la pena se aumentar\u00e1 de una sexta parte a la mitad. \u00a0\u00a0<\/p>\n<p>4. Si al momento de los hechos el agente se \u00a0encontraba \u00a0 transportando \u00a0pasajeros \u00a0o \u00a0carga \u00a0pesada \u00a0sin \u00a0el \u00a0lleno \u00a0de \u00a0los \u00a0requisitos \u00a0legales, \u00a0la \u00a0pena \u00a0se aumentar\u00e1 de una cuarta parte a tres cuartas \u00a0partes. \u00a0\u00a0<\/p>\n<p>5. Si al momento de los hechos el agente se \u00a0encontraba \u00a0 transportando \u00a0 ni\u00f1os \u00a0o \u00a0ancianos \u00a0sin \u00a0el \u00a0cumplimiento \u00a0de \u00a0los \u00a0requisitos \u00a0legales, \u00a0la \u00a0pena\u00a0 \u00a0se \u00a0aumentar\u00e1 \u00a0de una cuarta parte a tres \u00a0cuartas partes.\u201d \u00a0\u00a0<\/p>\n<p>\u201cDe las lesiones personales \u00a0<\/p>\n<p>\u201cArt\u00edculo \u00a0111. \u00a0Lesiones. \u00a0El que cause a otro da\u00f1o en el cuerpo o en la salud, incurrir\u00e1 \u00a0en las sanciones establecidas en los art\u00edculos siguientes. \u00a0\u00a0<\/p>\n<p>\u201cArt\u00edculo 112. Incapacidad para trabajar \u00a0o \u00a0enfermedad. Si el da\u00f1o consistiere en incapacidad \u00a0para \u00a0trabajar \u00a0o en enfermedad que no pase de treinta (30) d\u00edas, la pena ser\u00e1 \u00a0de prisi\u00f3n de uno (1) a dos (2) a\u00f1os. \u00a0\u00a0<\/p>\n<p>Si el da\u00f1o consistiere en incapacidad para \u00a0trabajar \u00a0o \u00a0enfermedad \u00a0superior \u00a0a \u00a0treinta \u00a0(30) d\u00edas sin exceder de noventa \u00a0(90), \u00a0la \u00a0pena \u00a0ser\u00e1 \u00a0de uno (1) a tres (3) a\u00f1os de prisi\u00f3n y multa de cinco \u00a0(5) a diez (10) salarios m\u00ednimos legales mensuales vigentes. \u00a0\u00a0<\/p>\n<p>Si \u00a0pasare \u00a0de noventa (90) d\u00edas, la pena \u00a0ser\u00e1 \u00a0de \u00a0dos \u00a0(2) \u00a0a cinco (5) a\u00f1os de prisi\u00f3n y multa de diez (10) a veinte \u00a0(20) salarios m\u00ednimos legales mensuales vigentes. \u00a0\u00a0<\/p>\n<p>Nota: \u00a0El \u00a0inciso \u00a01\u00ba \u00a0de \u00a0esta norma fue \u00a0derogado \u00a0parcialmente \u00a0por \u00a0el \u00a0art\u00edculo 27 de la Ley 1153 de 2007, cuyo texto \u00a0es: \u00a0 \u00a0Lesiones \u00a0 \u00a0personales \u00a0 dolosas: \u00a0El \u00a0que \u00a0infiera \u00a0a \u00a0otro \u00a0da\u00f1o \u00a0en \u00a0el \u00a0cuerpo en la salud que \u00a0consistiere \u00a0en \u00a0incapacidad para trabajar o enfermedad sin secuelas que no pase \u00a0de \u00a0diez \u00a0(10) d\u00edas, incurrir\u00e1 en pena de arresto efectivo e ininterrumpido de \u00a0seis (6) meses a un (1) a\u00f1o. \u00a0\u00a0<\/p>\n<p>En \u00a0los casos en los cuales la incapacidad \u00a0para \u00a0trabajar \u00a0o\u00a0 \u00a0enfermedad \u00a0sin \u00a0secuelas sea entre once (11) y treinta \u00a0(30) \u00a0d\u00edas, la pena ser\u00e1 de arresto efectivo e ininterrumpido de uno (1) a dos \u00a0(2) a\u00f1os. \u00a0\u00a0<\/p>\n<p>En \u00a0caso \u00a0de \u00a0concurrir \u00a0alguna \u00a0de \u00a0las \u00a0circunstancias \u00a0se\u00f1aladas \u00a0en \u00a0el art\u00edculo 104 del C\u00f3digo Penal, las penas se \u00a0aumentar\u00e1n \u00a0de \u00a0una \u00a0tercera \u00a0parte a la mitad. Cuando la conducta se\u00f1alada en \u00a0este \u00a0art\u00edculo \u00a0se \u00a0cometa en ni\u00f1os y ni\u00f1as menores de catorce (14) a\u00f1os las \u00a0respectivas penas se aumentar\u00e1n al doble. \u00a0\u00a0<\/p>\n<p>\u201cArt\u00edculo \u00a0113. \u00a0Deformidad. \u00a0Si \u00a0el \u00a0da\u00f1o \u00a0consistiere en deformidad f\u00edsica transitoria, la \u00a0pena \u00a0ser\u00e1 \u00a0de \u00a0prisi\u00f3n \u00a0de \u00a0uno (1) a seis (6) a\u00f1os y multa de quince (15) a \u00a0veinticinco (25) salarios m\u00ednimos legales mensuales vigentes. \u00a0\u00a0<\/p>\n<p>Si \u00a0fuere \u00a0permanente, \u00a0la \u00a0pena \u00a0ser\u00e1 de \u00a0prisi\u00f3n \u00a0de \u00a0dos \u00a0(2) a siete (7) a\u00f1os y multa de veintis\u00e9is (26) a treinta y \u00a0seis (36) salarios m\u00ednimos legales mensuales vigentes. \u00a0\u00a0<\/p>\n<p>Si \u00a0la \u00a0deformidad \u00a0afectare el rostro, la \u00a0pena se aumentar\u00e1 hasta en una tercera parte. \u00a0\u00a0<\/p>\n<p>\u201cArt\u00edculo \u00a0 \u00a0114. \u00a0 \u00a0Perturbaci\u00f3n \u00a0funcional. \u00a0Si \u00a0el da\u00f1o consistiere en perturbaci\u00f3n \u00a0funcional \u00a0transitoria de un \u00f3rgano o miembro, la pena ser\u00e1 de prisi\u00f3n de dos \u00a0(2) \u00a0a \u00a0siete \u00a0(7) \u00a0a\u00f1os \u00a0y \u00a0multa \u00a0de \u00a0quince (15) a veinticinco (25) salarios \u00a0m\u00ednimos legales mensuales vigentes. \u00a0\u00a0<\/p>\n<p>Si fuere permanente, la pena ser\u00e1 de tres \u00a0(3) \u00a0a \u00a0ocho \u00a0(8) a\u00f1os de prisi\u00f3n y multa de veintis\u00e9is (26) a treinta y seis \u00a0(36) salarios m\u00ednimos legales mensuales vigentes. \u00a0\u00a0<\/p>\n<p>\u201cArt\u00edculo \u00a0 \u00a0115. \u00a0 \u00a0Perturbaci\u00f3n \u00a0ps\u00edquica. \u00a0Si \u00a0el da\u00f1o consistiere en perturbaci\u00f3n \u00a0ps\u00edquica \u00a0transitoria, la pena ser\u00e1 de prisi\u00f3n de dos (2) a siete (7) a\u00f1os y \u00a0multa \u00a0de \u00a0veintis\u00e9is \u00a0(26) a cuarenta (40) salarios m\u00ednimos legales mensuales \u00a0vigentes. \u00a0\u00a0<\/p>\n<p>Si fuere permanente, la pena ser\u00e1 de tres \u00a0(3) \u00a0a \u00a0nueve (9) a\u00f1os de prisi\u00f3n y multa de veintisiete (27) a cincuenta (50) \u00a0salarios m\u00ednimos legales mensuales vigentes. \u00a0\u00a0<\/p>\n<p>\u201cArt\u00edculo \u00a0116. \u00a0P\u00e9rdida \u00a0anat\u00f3mica o \u00a0funcional \u00a0de \u00a0un \u00a0\u00f3rgano \u00a0o \u00a0miembro. \u00a0Si \u00a0el da\u00f1o \u00a0consistiere \u00a0en \u00a0la \u00a0p\u00e9rdida \u00a0de \u00a0la \u00a0funci\u00f3n de un \u00f3rgano o miembro, la pena \u00a0ser\u00e1 \u00a0de \u00a0seis \u00a0(6) a diez (10) a\u00f1os de prisi\u00f3n y multa de veinticinco (25) a \u00a0cien (100) salarios m\u00ednimos legales mensuales vigentes. \u00a0\u00a0<\/p>\n<p>La pena anterior se aumentar\u00e1 hasta en una \u00a0tercera parte en caso de p\u00e9rdida anat\u00f3mica del \u00f3rgano o miembro. \u00a0\u00a0<\/p>\n<p>\u201cArt\u00edculo \u00a0 \u00a0 \u00a0117. \u00a0 \u00a0 \u00a0Unidad \u00a0punitiva. \u00a0Si \u00a0como \u00a0consecuencia \u00a0de \u00a0la conducta se \u00a0produjeren \u00a0varios \u00a0de \u00a0los \u00a0resultados \u00a0previstos en los art\u00edculos anteriores, \u00a0s\u00f3lo se aplicar\u00e1 la pena correspondiente al de mayor gravedad.\u201d \u00a0\u00a0<\/p>\n<p>En consecuencia, surge evidente que frente a \u00a0este \u00a0comportamiento converge la condici\u00f3n de ser delictivo en Colombia y estar \u00a0sancionado \u00a0con \u00a0prisi\u00f3n no menor de un a\u00f1o, por tanto, se cumple de este modo \u00a0el \u00a0principio \u00a0de \u00a0la \u00a0doble incriminaci\u00f3n o incriminaci\u00f3n simult\u00e1nea, siendo \u00a0indiferente \u00a0en \u00a0este \u00a0caso \u00a0que \u00a0las \u00a0leyes de los Estados Partes tipifiquen el \u00a0delito \u00a0de \u00a0la \u00a0misma \u00a0forma \u00a0o \u00a0de \u00a0distinta \u00a0manera, \u00a0con \u00a0igual \u00a0o \u00a0diferente \u00a0terminolog\u00eda \u00a0 \u00a0 \u00a0para \u00a0 \u00a0 \u00a0su \u00a0 \u00a0 designaci\u00f3n9; \u00a0rest\u00e1ndole \u00a0trascendencia a \u00a0la \u00a0denominaci\u00f3n \u00a0del delito en la legislaci\u00f3n interna de cada pa\u00eds, sino que \u00a0el \u00a0hecho \u00a0o \u00a0supuesto \u00a0f\u00e1ctico \u00a0motivador \u00a0de la solicitud de extradici\u00f3n sea \u00a0sancionado \u00a0en \u00a0los \u00a0ordenamientos \u00a0de \u00a0ambos \u00a0Estados, \u00a0respetando \u00a0las propias \u00a0valoraciones \u00a0de las conductas y conceptos jur\u00eddicos de los delitos, dentro del \u00a0marco \u00a0pol\u00edtico-criminal \u00a0que \u00a0orienta al legislador de cada Estado en su tarea \u00a0normativa. \u00a0\u00a0<\/p>\n<p>As\u00ed \u00a0las cosas, se satisface el presupuesto \u00a0relativo \u00a0a \u00a0la doble incriminaci\u00f3n, a m\u00e1s que se cumple con la existencia del \u00a0quantum punitivo establecido para este tr\u00e1mite. \u00a0\u00a0<\/p>\n<p>4. Principio de reciprocidad \u00a0<\/p>\n<p>El \u00a0 art\u00edculo \u00a0I \u00a0de \u00a0la \u00a0Convenci\u00f3n \u00a0de \u00a0Extradici\u00f3n \u00a0de \u00a0Reos \u00a0que \u00a0rige \u00a0este \u00a0tr\u00e1mite, establece que \u201cEl \u00a0Gobierno \u00a0de Colombia y el Gobierno de Espa\u00f1a se comprometen a \u00a0entregarse \u00a0 rec\u00edprocamente \u00a0los \u00a0individuos \u00a0condenados \u00a0o \u00a0acusados \u00a0por \u00a0los \u00a0Tribunales \u00a0o \u00a0autoridades \u00a0competentes de uno de los Estados contratantes, como \u00a0autores \u00a0o \u00a0c\u00f3mplices de los delitos o cr\u00edmenes enumerados en el art\u00edculo 3\u00ba \u00a0y que se hubieren refugiado en el territorio del otro\u201d. \u00a0\u00a0<\/p>\n<p>Ahora, \u00a0dado que el inciso 1\u00ba del art\u00edculo \u00a0II de la Convenci\u00f3n aplicable en este asunto, establece que: \u00a0\u00a0<\/p>\n<p>\u201cNinguna de las \u00a0partes \u00a0contratantes \u00a0queda \u00a0obligada \u00a0a \u00a0entregar \u00a0a \u00a0sus \u00a0propios ciudadanos o \u00a0nacionales, \u00a0ni \u00a0los individuos que en ella se hubieren naturalizado antes de la \u00a0perpetraci\u00f3n del crimen\u201d. \u00a0\u00a0<\/p>\n<p>Frente \u00a0a \u00a0este \u00a0tema, \u00a0la Sala de Casaci\u00f3n \u00a0Penal \u00a0 \u00a0de \u00a0 \u00a0manera \u00a0 reiterada \u00a0 ha \u00a0 se\u00f1alado10: \u00a0\u00a0<\/p>\n<p>\u201cEl instrumento internacional no proh\u00edbe \u00a0a \u00a0 las \u00a0Partes \u00a0contratantes \u00a0la \u00a0extradici\u00f3n \u00a0de \u00a0sus \u00a0propios \u00a0ciudadanos \u00a0o \u00a0nacionales, \u00a0sino \u00a0que prev\u00e9 simplemente la posibilidad de negarse a concederla \u00a0por \u00a0esta \u00a0causa, \u00a0y \u00a0cuando \u00a0esto \u00a0suceda, \u00a0ambas \u00a0partes, \u00a0se comprometen, sin \u00a0embargo, \u00a0a \u00a0perseguir y juzgar, conforme a sus respectivas leyes, los cr\u00edmenes \u00a0o \u00a0delitos \u00a0cometidos \u00a0por \u00a0nacionales de una Parte contra las leyes de la otra, \u00a0mediante \u00a0la \u00a0oportuna \u00a0demanda \u00a0de esta \u00faltima, y con tal que dichos delitos o \u00a0cr\u00edmenes \u00a0 se \u00a0 hallen \u00a0 comprendidos \u00a0 en \u00a0 la \u00a0 enumeraci\u00f3n \u00a0 del \u00a0Art\u00edculo \u00a03\u00ba. \u00a0\u00a0<\/p>\n<p>\u201cEn \u00a0 segundo \u00a0t\u00e9rmino, \u00a0pac\u00edfica \u00a0y \u00a0reiterada \u00a0ha \u00a0sido \u00a0la \u00a0jurisprudencia \u00a0en \u00a0precisar \u00a0que a la Corte Suprema de \u00a0Justicia \u00a0de \u00a0Colombia \u00a0no \u00a0le compete establecer la vigencia y aplicabilidad al \u00a0caso \u00a0o \u00a0fijar el alcance de la legislaci\u00f3n extranjera, como tampoco cuestionar \u00a0la \u00a0legalidad \u00a0del tr\u00e1mite en el pa\u00eds que eleva la solicitud. Su misi\u00f3n, como \u00a0ha \u00a0 sido \u00a0 repetidamente \u00a0 dicho, \u00a0 se \u00a0circunscribe \u00a0a \u00a0la \u00a0verificaci\u00f3n \u00a0del \u00a0cumplimiento \u00a0de \u00a0precisos \u00a0requisitos que han de fundamentar el concepto que de \u00a0ella \u00a0demanda \u00a0el \u00a0Gobierno \u00a0Nacional \u00a0que tiene a su cargo adoptar la decisi\u00f3n \u00a0administrativa con que se ponga fin al tr\u00e1mite\u201d. \u00a0\u00a0<\/p>\n<p>En conclusi\u00f3n, la Corte Suprema de Justicia \u00a0no \u00a0tiene \u00a0el alcance para delimitar cu\u00e1les son los aspectos que se deben tener \u00a0en \u00a0cuenta \u00a0al \u00a0aplicar \u00a0el \u00a0principio \u00a0de \u00a0reciprocidad existente entre los dos \u00a0pa\u00edses \u00a0que \u00a0suscriben el convenio de extradici\u00f3n, por lo que el concepto debe \u00a0limitarse \u00a0a verificar el cumplimiento de los requisitos formales que para dicho \u00a0tr\u00e1mite se establezcan. \u00a0\u00a0<\/p>\n<p>5. Inexistencia de causales impedientes de la \u00a0extradici\u00f3n \u00a0\u00a0<\/p>\n<p>La Convenci\u00f3n que rige este caso, establece \u00a0en \u00a0el \u00a0art\u00edculo \u00a0IV, \u00a0que \u00a0no habr\u00e1 lugar a la extradici\u00f3n en los siguientes \u00a0casos: \u00a0\u00a0<\/p>\n<p>&#8220;Cuando se pida por un crimen o delito por \u00a0el \u00a0cual \u00a0el \u00a0individuo \u00a0reclamado \u00a0sufre o ha sufrido ya la pena, o que ha sido \u00a0juzgado y absuelto en el territorio de la otra Parte contratante&#8221;. \u00a0\u00a0<\/p>\n<p>&#8220;Si \u00a0se ha cumplido la prescripci\u00f3n de la \u00a0acci\u00f3n \u00a0o \u00a0de \u00a0la \u00a0pena, \u00a0seg\u00fan \u00a0las \u00a0leyes \u00a0del \u00a0pa\u00eds \u00a0a \u00a0quien \u00a0el \u00a0reo sea \u00a0reclamado&#8221;. \u00a0\u00a0<\/p>\n<p>En \u00a0cuanto \u00a0a la primera causal, se tiene en \u00a0cuenta \u00a0que \u00a0la \u00a0solicitud \u00a0de \u00a0extradici\u00f3n emanada del Gobierno espa\u00f1ol tiene \u00a0como \u00a0prop\u00f3sito \u00a0que \u00a0el \u00a0requerido \u00a0comparezca \u00a0a responder ante el Juzgado de \u00a0Primera \u00a0Instancia \u00a0e \u00a0Instrucci\u00f3n \u00a0N\u00b0 \u00a03 \u00a0de \u00a0Vic \u00a0(Barcelona), en virtud del \u00a0proceso \u00a0seguido \u00a0en \u00a0su contra por los delitos de homicidio y lesiones, por los \u00a0hechos \u00a0descritos \u00a0en \u00a0el \u00a0punto \u00a03 de estas consideraciones,\u00a0 frente a los \u00a0cuales \u00a0es \u00a0menester expresar que el solicitado no ha sido juzgado ni ha purgado \u00a0pena en Colombia. \u00a0\u00a0<\/p>\n<p>Respecto a la segunda causal de improcedencia \u00a0de \u00a0la \u00a0extradici\u00f3n \u00a0y \u00a0que \u00a0tiene \u00a0que \u00a0ver con la prescripci\u00f3n de la acci\u00f3n \u00a0penal,\u00a0 \u00a0es \u00a0preciso \u00a0se\u00f1alar que al tenor de los art\u00edculos 83 y 86 de la \u00a0Ley \u00a0599 de 2000, la acci\u00f3n penal prescribe en un tiempo igual al m\u00e1ximo de la \u00a0pena \u00a0fijada \u00a0en la ley y se interrumpe con la formulaci\u00f3n del auto de proceder \u00a0o \u00a0su equivalente debidamente ejecutoriado, caso en el cual comienza a correr de \u00a0nuevo \u00a0por \u00a0un tiempo igual a la mitad del m\u00e1ximo se\u00f1alado, sin que en ning\u00fan \u00a0caso sea inferior a 5 a\u00f1os. \u00a0\u00a0<\/p>\n<p>En el presente asunto, sin dificultad alguna \u00a0se \u00a0advierte \u00a0que \u00a0el fen\u00f3meno jur\u00eddico de la prescripci\u00f3n no se ha cumplido, \u00a0porque \u00a0el \u00a0lapso requerido para ello a\u00fan no ha transcurrido, pues de acuerdo a \u00a0los \u00a0hechos \u00a0descritos \u00a0en \u00a0el \u00a0auto \u00a0del \u00a010 de abril de 2012, los hechos\u00a0 \u00a0sucedieron el 20 de diciembre de 2009. \u00a0\u00a0<\/p>\n<p>Por tales razones no se consolida ninguno de \u00a0los \u00a0motivos \u00a0que \u00a0contempla \u00a0la \u00a0Convenci\u00f3n \u00a0para \u00a0impedir la extradici\u00f3n del \u00a0solicitado JULI\u00c1N C\u00c9SAR LENIS MART\u00cdNEZ. \u00a0\u00a0<\/p>\n<p>Conforme \u00a0a \u00a0lo \u00a0anterior, \u00a0acorde \u00a0con \u00a0la \u00a0petici\u00f3n \u00a0del\u00a0 Procurador Segundo\u00a0 Delegado para la Casaci\u00f3n Penal y \u00a0la \u00a0manifestaci\u00f3n \u00a0del \u00a0solicitado \u00a0a \u00a0trav\u00e9s \u00a0de \u00a0su defensora de acogerse al \u00a0tr\u00e1mite \u00a0de \u00a0extradici\u00f3n \u00a0simplificado \u00a0contemplado \u00a0por el par\u00e1grafo 1\u00ba del \u00a0art\u00edculo \u00a070 \u00a0de \u00a0la Ley 1453 de 2011, que modific\u00f3 el art\u00edculo 500 de la Ley \u00a0906 \u00a0 de \u00a02004, \u00a0la \u00a0Corte \u00a0CONCEPT\u00daA \u00a0FAVORABLEMENTE \u00a0a \u00a0 la \u00a0 solicitud \u00a0 de \u00a0extradici\u00f3n \u00a0del \u00a0ciudadano \u00a0colombiano \u00a0JULI\u00c1N C\u00c9SAR LENIS MART\u00cdNEZ, \u00a0cuyas \u00a0condiciones civiles y personales obran en esta actuaci\u00f3n, \u00a0formulada \u00a0por \u00a0el \u00a0Gobierno de Espa\u00f1a a trav\u00e9s de su Embajada en Colombia, en \u00a0las \u00a0Notas \u00a0Verbales \u00a0N\u00b0 \u00a0149\/2012, 154\/2012 y 328\/2012, para que se ejecute la \u00a0orden \u00a0de \u00a0detenci\u00f3n \u00a0internacional \u00a0que \u00a0tiene \u00a0en \u00a0su \u00a0contra, \u00a0dentro de las \u00a0diligencias \u00a0previas \u00a01028\/2009, proferida por el Juzgado de Primera Instancia e \u00a0Instrucci\u00f3n \u00a0N\u00b0 \u00a03 \u00a0de \u00a0Vic \u00a0(Barcelona), \u00a0toda vez que est\u00e1n satisfechos los \u00a0requisitos \u00a0se\u00f1alados en el Tratado de Extradici\u00f3n entre Colombia y Espa\u00f1a de \u00a01892 \u00a0y \u00a0su \u00a0Protocolo \u00a0Modificatorio \u00a0hecho \u00a0en \u00a0Madrid el 16 de marzo de 1999, \u00a0aprobados por las Leyes 35 de 1892 y 876 de 2004, respectivamente. \u00a0\u00a0<\/p>\n<p>El Gobierno Nacional est\u00e1 en la obligaci\u00f3n \u00a0de \u00a0condicionar \u00a0la \u00a0entrega a que el extraditado no vaya a ser condenado a pena \u00a0de \u00a0muerte, \u00a0ni \u00a0juzgado por hechos diversos a los que motivaron la solicitud de \u00a0extradici\u00f3n, \u00a0ni \u00a0por \u00a0sucesos \u00a0anteriores \u00a0al 17 de \u00a0diciembre \u00a0 de \u00a0 1997, \u00a0ni \u00a0sometido \u00a0a \u00a0desaparici\u00f3n \u00a0forzada, \u00a0torturas, \u00a0tratos \u00a0o \u00a0penas \u00a0crueles, inhumanas o degradantes, ni a la \u00a0sanci\u00f3n \u00a0de \u00a0destierro, cadena perpetua o confiscaci\u00f3n, conforme lo establecen \u00a0los \u00a0art\u00edculos \u00a011, \u00a012 \u00a0y \u00a034 \u00a0de \u00a0la \u00a0Carta \u00a0Pol\u00edtica\u00a0 y a realizar \u00a0el \u00a0respectivo seguimiento a los condicionamientos que se \u00a0impongan \u00a0a \u00a0la \u00a0concesi\u00f3n de la extradici\u00f3n para determinar las consecuencias \u00a0que \u00a0se \u00a0derivar\u00edan \u00a0de \u00a0su eventual incumplimiento11. \u00a0\u00a0<\/p>\n<p>Comun\u00edquese por la \u00a0Secretar\u00eda de la Sala esta determinaci\u00f3n \u00a0al\u00a0 \u00a0requerido JULI\u00c1N \u00a0 C\u00c9SAR \u00a0 LENIS \u00a0 MART\u00cdNEZ, \u00a0a \u00a0su \u00a0defensor, al Procurador Segundo\u00a0 Delegado para la \u00a0Casaci\u00f3n \u00a0 Penal \u00a0 y \u00a0 al \u00a0 Fiscal \u00a0General \u00a0de \u00a0la \u00a0Naci\u00f3n, para lo de su cargo. \u00a0\u00a0<\/p>\n<p>Devu\u00e9lvase \u00a0el expediente al Ministerio de \u00a0Justicia y del Derecho para lo de su competencia. \u00a0\u00a0<\/p>\n<p>Comun\u00edquese \u00a0 \u00a0y \u00a0c\u00famplase. \u00a0\u00a0<\/p>\n<p>JOS\u00c9 LEONIDAS BUSTOS MART\u00cdNEZ \u00a0<\/p>\n<p>JOS\u00c9 \u00a0LUIS \u00a0BARCEL\u00d3 \u00a0CAMACHO \u00a0\u00a0 \u00a0\u00a0 \u00a0\u00a0 \u00a0\u00a0 \u00a0\u00a0 \u00a0\u00a0 \u00a0 \u00a0\u00a0 \u00a0 \u00a0 \u00a0 \u00a0 \u00a0 \u00a0 \u00a0 \u00a0 \u00a0\u00a0FERNANDO A. CASTRO CABALLERO \u00a0\u00a0<\/p>\n<p>MAR\u00cdA \u00a0 \u00a0DEL \u00a0 \u00a0ROSARIO \u00a0 \u00a0GONZ\u00c1LEZ \u00a0MU\u00d1OZ \u00a0 \u00a0 \u00a0 \u00a0 \u00a0\u00a0 \u00a0\u00a0GUSTAVO ENRIQUE MALO FERN\u00c1NDEZ \u00a0\u00a0<\/p>\n<p>LUIS \u00a0GUILLERMO \u00a0SALAZAR OTERO \u00a0\u00a0 \u00a0\u00a0 \u00a0\u00a0 \u00a0\u00a0 \u00a0\u00a0 \u00a0\u00a0 \u00a0 \u00a0\u00a0 \u00a0 \u00a0\u00a0JULIO \u00a0 \u00a0ENRIQUE \u00a0 \u00a0SOCHA \u00a0SALAMANCA \u00a0\u00a0<\/p>\n<p>JAVIER DE JES\u00daS ZAPATA ORTIZ \u00a0<\/p>\n<p>Nubia Yolanda Nova Garc\u00eda \u00a0<\/p>\n<p>Secretaria \u00a0 \u00a0<\/p>\n<p>1 \u00a0Folios\u00a0 3 y 27 carpeta anexa. \u00a0\u00a0<\/p>\n<p>2 Folio \u00a049 carpeta anexa. \u00a0\u00a0<\/p>\n<p>3 \u00a0Folios 63 a 70 carpeta anexa \u00a0\u00a0<\/p>\n<p>4 \u00a0Folios 78 a 88 carpeta anexa \u00a0\u00a0<\/p>\n<p>5 \u00a0Folios 58 a 62 carpeta anexa \u00a0\u00a0<\/p>\n<p>6 \u00a0Folios 29 a 33 carpeta anexa \u00a0\u00a0<\/p>\n<p>7 \u00a0Folios 22 a 24 carpeta anexa \u00a0\u00a0<\/p>\n<p>8 \u00a0Concepto del 28 de julio de 2004, radicaci\u00f3n 22206, entre otros. \u00a0\u00a0<\/p>\n<p>9 \u00a0El \u00a0art\u00edculo \u00a0I \u00a0del \u00a0Protocolo \u00a0del \u00a016 \u00a0de \u00a0marzo \u00a0de \u00a01999, \u00a0Modificatorio \u00a0a la \u00a0Convenci\u00f3n \u00a0de \u00a0Extradici\u00f3n \u00a0de \u00a0Reos \u00a0suscrita \u00a0entre \u00a0el \u00a0Reino de Espa\u00f1a y \u00a0Colombia, \u00a0establece \u00a0que: \u00a0\u201c\u2026La \u00a0extradici\u00f3n proceder\u00e1 con respecto a las \u00a0personas \u00a0 a \u00a0 quienes \u00a0 las \u00a0autoridades \u00a0judiciales \u00a0de \u00a0la \u00a0Parte \u00a0requirente \u00a0persiguieren \u00a0por \u00a0alg\u00fan \u00a0delito \u00a0o \u00a0buscaren \u00a0para \u00a0la \u00a0ejecuci\u00f3n de una pena \u00a0privativa \u00a0de \u00a0libertad \u00a0no \u00a0inferior a un (1) a\u00f1o. A \u00a0este \u00a0efecto, \u00a0ser\u00e1 indiferente el que las leyes de las Partes clasifiquen o no \u00a0al \u00a0delito \u00a0en \u00a0la \u00a0misma \u00a0categor\u00eda \u00a0de \u00a0delitos \u00a0o \u00a0usen \u00a0la misma o distinta \u00a0terminolog\u00eda para designarlo. \u00a0\u00a0<\/p>\n<p>El \u00a0juzgamiento \u00a0o \u00a0enjuiciamiento \u00a0de \u00a0las \u00a0personas \u00a0solicitadas \u00a0en \u00a0extradici\u00f3n se realizar\u00e1 siempre de conformidad con \u00a0los \u00a0procedimientos \u00a0establecidos \u00a0por \u00a0la ley interna del Estado Requirente\u201d. \u00a0\u00a0<\/p>\n<p>10. \u00a0Autos \u00a0de \u00a08 \u00a0de \u00a0julio \u00a0de \u00a02004, 7 de septiembre de 2005 y 20 de mayo de 2009; \u00a0radicaci\u00f3n 19882, 23038 y 30878, respectivamente. \u00a0\u00a0<\/p>\n<p>11 \u00a0Autos \u00a037116 \u00a0de 23 de noviembre de 1011 y\u00a0 39698 de 24 de octubre de 2012, \u00a0entre otros. \u00a0 \u00a0\u00a0<\/p>\n<p><\/p>\n","protected":false},"excerpt":{"rendered":"<p>\u00a0 \u00a0 \u00a0\u00a0 CORTE SUPREMA DE JUSTICIA \u00a0 \u00a0\u00a0\u00a0\u00a0\u00a0\u00a0\u00a0\u00a0\u00a0\u00a0\u00a0 \u00a0SALA DE CASACI\u00d3N PENAL \u00a0\u00a0 \u00a0 \u00a0\u00a0 \u00a0\u00a0 \u00a0\u00a0 \u00a0\u00a0 \u00a0 \u00a0 \u00a0 \u00a0 \u00a0 \u00a0\u00a0 \u00a0\u00a0 \u00a0 \u00a0 \u00a0 \u00a0Magistrado Ponente: \u00a0\u00a0 \u00a0 \u00a0\u00a0 \u00a0\u00a0 \u00a0\u00a0 \u00a0\u00a0 \u00a0 \u00a0 \u00a0\u00a0 \u00a0\u00a0 \u00a0 \u00a0 \u00a0\u00a0 \u00a0\u00a0 \u00a0 \u00a0 \u00a0\u00a0JULIO \u00a0ENRIQUE \u00a0SOCHA \u00a0SALAMANCA \u00a0\u00a0 Aprobado Acta No.51 [&hellip;]<\/p>\n","protected":false},"author":1,"featured_media":0,"comment_status":"open","ping_status":"open","sticky":false,"template":"","format":"standard","meta":{"footnotes":""},"categories":[21],"tags":[],"class_list":["post-25880","post","type-post","status-publish","format-standard","hentry","category-21"],"_links":{"self":[{"href":"https:\/\/dmsjuridica.com\/buscador_20179478954\/salapenalcronologico20230723\/wp-json\/wp\/v2\/posts\/25880","targetHints":{"allow":["GET"]}}],"collection":[{"href":"https:\/\/dmsjuridica.com\/buscador_20179478954\/salapenalcronologico20230723\/wp-json\/wp\/v2\/posts"}],"about":[{"href":"https:\/\/dmsjuridica.com\/buscador_20179478954\/salapenalcronologico20230723\/wp-json\/wp\/v2\/types\/post"}],"author":[{"embeddable":true,"href":"https:\/\/dmsjuridica.com\/buscador_20179478954\/salapenalcronologico20230723\/wp-json\/wp\/v2\/users\/1"}],"replies":[{"embeddable":true,"href":"https:\/\/dmsjuridica.com\/buscador_20179478954\/salapenalcronologico20230723\/wp-json\/wp\/v2\/comments?post=25880"}],"version-history":[{"count":0,"href":"https:\/\/dmsjuridica.com\/buscador_20179478954\/salapenalcronologico20230723\/wp-json\/wp\/v2\/posts\/25880\/revisions"}],"wp:attachment":[{"href":"https:\/\/dmsjuridica.com\/buscador_20179478954\/salapenalcronologico20230723\/wp-json\/wp\/v2\/media?parent=25880"}],"wp:term":[{"taxonomy":"category","embeddable":true,"href":"https:\/\/dmsjuridica.com\/buscador_20179478954\/salapenalcronologico20230723\/wp-json\/wp\/v2\/categories?post=25880"},{"taxonomy":"post_tag","embeddable":true,"href":"https:\/\/dmsjuridica.com\/buscador_20179478954\/salapenalcronologico20230723\/wp-json\/wp\/v2\/tags?post=25880"}],"curies":[{"name":"wp","href":"https:\/\/api.w.org\/{rel}","templated":true}]}}