{"id":25612,"date":"2023-09-12T19:49:14","date_gmt":"2023-09-12T19:49:14","guid":{"rendered":"https:\/\/dmsjuridica.com\/buscador_20179478954\/salapenalcronologico20230723\/2023\/09\/12\/3791514-08-13\/"},"modified":"2023-09-12T19:49:14","modified_gmt":"2023-09-12T19:49:14","slug":"3791514-08-13","status":"publish","type":"post","link":"https:\/\/dmsjuridica.com\/buscador_20179478954\/salapenalcronologico20230723\/2023\/09\/12\/3791514-08-13\/","title":{"rendered":"37915(14-08-13)"},"content":{"rendered":"\n<p><\/p>\n<p>CORTE SUPREMA DE JUSTICIA \u00a0<\/p>\n<p>SALA DE CASACI\u00d3N PENAL \u00a0<\/p>\n<p>Aprobado acta No. 263 \u00a0<\/p>\n<p>Bogot\u00e1, D. C., catorce (14) de agosto de dos \u00a0mil trece (2013).\u00a0 \u00a0\u00a0<\/p>\n<p>\u00a0 \u00a0 \u00a0<\/p>\n<p>I. A S U N T O \u00a0 \u00a0\u00a0<\/p>\n<p>\u00a0 \u00a0\u00a0 \u00a0\u00a0 \u00a0\u00a0Luego \u00a0de \u00a0celebrada \u00a0la \u00a0diligencia \u00a0de \u00a0audiencia \u00a0p\u00fablica,\u00a0 \u00a0corresponde \u00a0a \u00a0la Corte dictar sentencia dentro del juicio adelantado contra el \u00a0ex \u00a0Gobernador \u00a0de \u00a0Santander \u00a0HUGO \u00a0HELIODORO AGUILAR \u00a0NARANJO. \u00a0\u00a0<\/p>\n<p>\u00a0 \u00a0 \u00a0<\/p>\n<p>I. H E C H O S \u00a0 \u00a0\u00a0<\/p>\n<p>\u00a0 \u00a0\u00a0 \u00a0\u00a0 \u00a0\u00a0El \u00a0fallo \u00a0tiene \u00a0como \u00a0fundamento los cargos elevados en contra del \u00a0Coronel \u00a0 \u00a0(r)\u00a0 \u00a0 \u00a0AGUILAR \u00a0 NARANJO \u00a0por \u00a0haberse \u00a0aliado con miembros de las autodefensas que operaban \u00a0en \u00a0el \u00a0Departamento \u00a0para \u00a0la \u00a0\u00e9poca \u00a0de \u00a0las \u00a0elecciones 2003 con miras a ser \u00a0elegido \u00a0Gobernador \u00a0de \u00a0Santander \u00a0-como \u00a0en efecto lo fue-, posici\u00f3n desde la \u00a0cual \u00a0nombr\u00f3 a Bonel Pati\u00f1o Nore\u00f1a como Secretario de Educaci\u00f3n para cumplir \u00a0compromisos adquiridos con esa organizaci\u00f3n. \u00a0\u00a0<\/p>\n<p>En \u00a0aquel \u00a0entonces \u00a0militaban en Santander, \u00a0entre \u00a0otros, \u00a0los \u00a0Frentes \u00a0\u201cIsidro \u00a0Carre\u00f1o\u201d, \u00a0\u201cCacique \u00a0Guanent\u00e1\u201d y \u00a0\u201cLanceros \u00a0de \u00a0V\u00e9lez\u201d \u00a0que \u00a0hicieron \u00a0parte \u00a0del \u00a0Bloque \u00a0Central \u00a0Bol\u00edvar \u00a0-\u201cBCB\u201d- \u00a0y\/o \u00a0de las autodefensas campesinas de Puerto Boyac\u00e1 -\u201cACPB\u201d-, \u00a0que \u00a0se \u00a0dividieron \u00a0el \u00a0territorio \u00a0departamental \u00a0para desarrollar su proyecto \u00a0pol\u00edtico \u00a0cuya \u00a0finalidad \u00a0era \u00a0posicionar \u00a0aliados \u00a0en todos los niveles de la \u00a0administraci\u00f3n, \u00a0incluidos \u00a0los \u00a0cargos \u00a0de elecci\u00f3n popular, con el \u00e1nimo de \u00a0expandir \u00a0su \u00a0\u00e1rea \u00a0de influencia y tener voceros en los altos cargos con poder \u00a0de decisi\u00f3n a nivel regional y nacional. \u00a0\u00a0<\/p>\n<p>Esa tarea la cumplen luego de su asentamiento \u00a0en \u00a0dicha \u00a0regi\u00f3n \u00a0a \u00a0finales \u00a0de la d\u00e9cada del primer milenio y comienzos del \u00a0segundo, \u00a0cuando \u00a0militarmente \u00a0aparecen \u00a0las \u00a0estructuras \u00a0de \u00a0autodefensas del \u00a0Bloque \u00a0Central \u00a0Bol\u00edvar \u00a0y \u00a0de \u00a0Puerto Boyac\u00e1 encargadas de contrarrestar las \u00a0acciones \u00a0de la guerrilla que con antelaci\u00f3n ten\u00edan azotadas las instituciones \u00a0p\u00fablicas \u00a0y \u00a0privadas de la zona, hasta lograr su afianzamiento evidenci\u00e1ndose \u00a0la \u00a0presencia \u00a0y \u00a0el \u00a0control \u00a0de \u00a0los \u00a0paramilitares en diferentes municipios a \u00a0trav\u00e9s \u00a0de la intimidaci\u00f3n armada de sus habitantes, copando as\u00ed los sectores \u00a0econ\u00f3micos y sociales de la misma. \u00a0\u00a0<\/p>\n<p>III. FILIACI\u00d3N DEL ACUSADO \u00a0<\/p>\n<p>HUGO \u00a0HELIODORO \u00a0AGUILAR NARANJO \u00a0se \u00a0identifica con la c\u00e9dula de ciudadan\u00eda n\u00famero 19.320.312 de \u00a0Bogot\u00e1, \u00a0naci\u00f3 \u00a0en \u00a0Chitaraque (Boyac\u00e1) el 4 de enero de 1955, hijo de Blanca \u00a0Naranjo \u00a0Coronado \u00a0y \u00a0Ciro \u00a0Aguilar \u00a0Garavito, \u00a0casado, \u00a0Coronel \u00a0retirado de la \u00a0Polic\u00eda \u00a0Nacional, \u00a0ex \u00a0Diputado a la Asamblea de Santander y ex Gobernador del \u00a0mismo Departamento. \u00a0\u00a0<\/p>\n<p>\u00a0 \u00a0 \u00a0<\/p>\n<p>I. ACTUACI\u00d3N PROCESAL \u00a0 \u00a0\u00a0<\/p>\n<p>El \u00a0Fiscal \u00a0General \u00a0de \u00a0la \u00a0Naci\u00f3n \u00a0abri\u00f3 \u00a0investigaci\u00f3n \u00a0previa \u00a0con \u00a0resoluci\u00f3n \u00a0del \u00a02 \u00a0de \u00a0agosto de 20071 \u00a0y, \u00a0una \u00a0vez \u00a0evacuadas \u00a0varias diligencias, el 24 de noviembre de 2008 formalmente dio inicio \u00a0la \u00a0 \u00a0instrucci\u00f3n \u00a0 \u00a0en \u00a0 contra \u00a0 del \u00a0 imputado2 \u00a0 y \u00a0 vincul\u00f3 \u00a0 al \u00a0 Coronel \u00a0(r)\u00a0 \u00a0 \u00a0 mediante \u00a0indagatoria3, \u00a0 a \u00a0 quien \u00a0le \u00a0impuso \u00a0medida \u00a0de \u00a0aseguramiento \u00a0de \u00a0detenci\u00f3n \u00a0preventiva \u00a0sin \u00a0excarcelaci\u00f3n, \u00a0por \u00a0el \u00a0delito \u00a0de \u00a0concierto \u00a0para delinquir \u00a0agravado, \u00a0con \u00a0providencia \u00a0de \u00a029 de junio de 20114. \u00a0\u00a0<\/p>\n<p>Una \u00a0 \u00a0vez \u00a0 \u00a0clausurado \u00a0 \u00a0el \u00a0 \u00a0ciclo \u00a0instructivo5, \u00a0con \u00a0resoluci\u00f3n \u00a0del \u00a031 \u00a0de octubre de 2011 acus\u00f3 al procesado \u00a0como \u00a0presunto autor responsable del delito de concierto para delinquir agravado \u00a0(art\u00edculo \u00a0340 \u00a0inciso 2\u00ba de la Ley 599 de 2000, modificado por el art\u00edculo 8 \u00a0de \u00a0la \u00a0Ley 733 de 2002), con la circunstancia gen\u00e9rica de agravaci\u00f3n prevista \u00a0en \u00a0 el \u00a0 numeral \u00a0 9 \u00a0 del \u00a0 art\u00edculo \u00a0 58 \u00a0\u00eddem6, \u00a0 la \u00a0cual \u00a0fue \u00a0objeto \u00a0del \u00a0recurso \u00a0de \u00a0reposici\u00f3n \u00a0por la defensa, pero al desistir del mismo se declar\u00f3 \u00a0ejecutoriada \u00a0 la \u00a0 decisi\u00f3n \u00a0 y \u00a0se \u00a0orden\u00f3 \u00a0remitir \u00a0lo \u00a0actuado \u00a0ante \u00a0esta \u00a0Corporaci\u00f3n7. \u00a0\u00a0<\/p>\n<p>Al iniciar la etapa de juzgamiento la defensa \u00a0recus\u00f3 \u00a0a \u00a0la \u00a0mayor\u00eda \u00a0de \u00a0los \u00a0Magistrados \u00a0integrantes \u00a0de la Sala, quienes \u00a0rechazaron \u00a0 la \u00a0 causal \u00a0 impetrada \u00a0 (art\u00edculo \u00a0 99.4 \u00a0 de \u00a0 la \u00a0Ley \u00a0600 \u00a0de \u00a02000)8, \u00a0y, \u00a0con auto del 2 de marzo de 2012, la Sala de Conjueces que fue \u00a0necesario \u00a0convocar \u00a0declar\u00f3 \u00a0infundada \u00a0la \u00a0recusaci\u00f3n presentada9; motivo por el \u00a0cual \u00a0prosigui\u00f3 \u00a0el \u00a0tr\u00e1mite de la causa con la realizaci\u00f3n de las audiencias \u00a0preparatoria \u00a0y \u00a0p\u00fablica, \u00a0en \u00a0cuyo desarrollo, una vez practicadas las pruebas \u00a0que \u00a0fueron \u00a0ordenadas \u00a0en \u00a0la \u00a0primera, \u00a0los \u00a0sujetos \u00a0procesales \u00a0hicieron sus \u00a0intervenciones formulando cada uno sus pretensiones como sigue. \u00a0\u00a0<\/p>\n<p>V. \u00a0 \u00a0ALEGATOS \u00a0 \u00a0DE \u00a0 \u00a0LOS \u00a0 \u00a0SUJETOS \u00a0PROCESALES \u00a0\u00a0<\/p>\n<p>a.- La Fiscal\u00eda \u00a0<\/p>\n<p>Solicita \u00a0proferir \u00a0en \u00a0contra \u00a0del \u00a0acusado \u00a0sentencia \u00a0condenatoria por obrar prueba que conduce a la certeza de la conducta \u00a0punible y de su responsabilidad. \u00a0\u00a0<\/p>\n<p>Tiene \u00a0como \u00a0sustento \u00a0el \u00a0recuento \u00a0de \u00a0los \u00a0an\u00f3nimos, \u00a0denuncias, \u00a0informes de polic\u00eda judicial, sentencias disciplinarias \u00a0y \u00a0copias \u00a0de \u00a0procesos \u00a0judiciales, \u00a0as\u00ed \u00a0como \u00a0de \u00a0la prueba incorporada a la \u00a0actuaci\u00f3n, \u00a0argumentando \u00a0que \u00a0aquella \u00a0en la cual se fundament\u00f3 la acusaci\u00f3n \u00a0fue fortalecida con el recaudo probatorio del juicio. \u00a0\u00a0<\/p>\n<p>Advierte c\u00f3mo la declaraci\u00f3n rendida en la \u00a0instrucci\u00f3n \u00a0por \u00a0Bonel \u00a0Pati\u00f1o \u00a0Nore\u00f1a, quien asegur\u00f3 haber sido contactado \u00a0por \u00a0su \u00a0amigo \u00a0de \u00a0anta\u00f1o \u00a0el jefe pol\u00edtico del \u201cBCB\u201d Iv\u00e1n Roberto Duque \u00a0Gaviria, \u00a0alias \u00a0\u201cErnesto B\u00e1ez\u201d, a finales de 2003, manifest\u00e1ndole que esa \u00a0organizaci\u00f3n \u00a0 hab\u00eda \u00a0 sido \u00a0definitiva \u00a0en \u00a0la \u00a0campa\u00f1a \u00a0del \u00a0acusado \u00a0a \u00a0la \u00a0Gobernaci\u00f3n \u00a0y lo invit\u00f3 a colaborar en la Secretar\u00eda de Educaci\u00f3n que se le \u00a0ofreci\u00f3 \u00a0en \u00a0contraprestaci\u00f3n \u00a0del \u00a0apoyo; \u00a0fue confirmada en el juicio con el \u00a0testimonio \u00a0de \u00a0Pablo \u00a0Hern\u00e1n \u00a0Sierra Garc\u00eda, comandante del Bloque \u201cCacique \u00a0Pipint\u00e1\u201d \u00a0de \u00a0las \u00a0autodefensas del \u201cBCB\u201d por aquel entonces, quien adujo \u00a0haber \u00a0presenciado \u00a0una reuni\u00f3n sostenida entre Duque Gaviria y Pati\u00f1o Nore\u00f1a \u00a0en \u00a0la \u00a0que \u00a0hablaban \u00a0dicho \u00a0tema \u00a0y \u00a0que \u00a0despu\u00e9s \u00a0se \u00a0hab\u00eda \u00a0concretado tal \u00a0nombramiento. \u00a0\u00a0<\/p>\n<p>La constancia dejada en el Acta 049 del 24 de \u00a0agosto \u00a0de \u00a02007 \u00a0del \u00a0Concejo \u00a0Municipal \u00a0de \u00a0Contrataci\u00f3n \u00a0(Santander) por el \u00a0concejal \u00a0Enrique \u00a0Guerrero, en el sentido de que no se sab\u00eda si el candidato a \u00a0la \u00a0 \u00a0Gobernaci\u00f3n \u00a0 era \u00a0 Hugo \u00a0 Aguilar \u00a0o \u00a0los \u00a0alias \u00a0\u201cBotal\u00f3n\u201d, \u00a0\u201cNicol\u00e0s\u201d, \u00a0\u201cel Tigre\u201d, o \u00a0\u201cMacancan\u201d, \u00a0puesto que aqu\u00e9l hab\u00eda entrado a Puerto Nuevo \u201cguardiado\u201d \u00a0por \u00a0 los \u00a0 paramilitares, \u00a0 lo \u00a0cual \u00a0reiter\u00f3 \u00a0en \u00a0entrevista \u00a0judicial \u00a0y \u00a0en \u00a0declaraci\u00f3n \u00a0posterior, no obstante intentar acomodarlo al rendir testimonio en \u00a0el \u00a0juicio, \u00a0se aviene con lo que surge de sus manifestaciones, esto es, que por \u00a0la \u00a0\u00e9poca \u00a0de \u00a0la \u00a0campa\u00f1a \u00a0el procesado lleg\u00f3 a Santa Helena del Op\u00f3n donde \u00a0hab\u00eda \u00a0muchas \u00a0camionetas \u00a0de \u00a0paramilitares \u00a0armados \u00a0y \u00a0uniformados, \u00a0quienes \u00a0instaban \u00a0 votar \u00a0a \u00a0su \u00a0favor, \u00a0refiriendo \u00a0la \u00a0presencia \u00a0de \u00a0los \u00a0comandantes \u00a0\u201cNicol\u00e1s\u201d, \u00a0 \u00a0 \u201cel \u00a0 \u00a0 Tigre\u201d, \u00a0 \u00a0 \u201cMacancan\u201d \u00a0 \u00a0 y \u00a0 \u00a0Heidelbergth \u00a0Mendoza. \u00a0\u00a0<\/p>\n<p>Advierte \u00a0que \u00a0la \u00a0estad\u00eda \u00a0de \u00a0grupos \u00a0de \u00a0autodefensa \u00a0en \u00a0el \u00a0Departamento \u00a0de \u00a0Santander y su influencia en el escenario \u00a0pol\u00edtico \u00a0de \u00a0la \u00a0regi\u00f3n \u00a0est\u00e1 \u00a0acreditada en el proceso no solamente con las \u00a0declaraciones \u00a0de \u00a0Carlos \u00a0Alirio \u00a0Atuesta \u00a0Ardua, Jes\u00fas Alonso Sanabria, Jos\u00e9 \u00a0Agust\u00edn \u00a0Quecho \u00a0Angarita, \u00a0Leonel \u00a0Uribe \u00a0Hern\u00e1ndez, \u00a0Luis Francisco Guar\u00edn, \u00a0Rogelio \u00a0Adolfo \u00a0Scarpeta, \u00a0Juan \u00a0Fernando \u00a0Morales Ballesteros, Orlando Morales \u00a0Murillo, \u00a0Rub\u00e9n \u00a0Dar\u00edo \u00a0S\u00e1nchez, \u00a0Carlos \u00a0Reinaldo Higuera Escalante, Alberto \u00a0Gonz\u00e1lez, \u00a0Hermes \u00a0Guillermo \u00a0Corena, \u00a0Jes\u00fas \u00a0Salazar \u00a0Anzola, \u00a0Bonel \u00a0Pati\u00f1o \u00a0Nore\u00f1a, \u00a0Rodrigo \u00a0P\u00e9rez \u00a0Alzate, \u00a0Iv\u00e1n \u00a0Roberto \u00a0Duque \u00a0Gaviria, \u00a0el \u00a0General \u00a0Hip\u00f3lito \u00a0Herrera \u00a0Carre\u00f1o; con la referencia que a ello hacen un gran n\u00famero \u00a0de \u00a0 pol\u00edticos \u00a0 de \u00a0la \u00a0zona, \u00a0que \u00a0son \u00a0los \u00a0llamados \u00a0a \u00a0tener \u00a0informaci\u00f3n \u00a0privilegiada \u00a0al \u00a0respecto, ex militantes de las autodefensas y el Coronel\u00a0 \u00a0del \u00a0ej\u00e9rcito \u00a0Julio \u00a0C\u00e9sar \u00a0Prieto Rivera, a quien le correspondi\u00f3 asumir la \u00a0seguridad \u00a0en \u00a0parte \u00a0del \u00a0Departamento \u00a0por \u00a0la \u00a0\u00e9poca, \u00a0adem\u00e1s \u00a0de la prueba \u00a0documental, \u00a0mediante \u00a0la cual se alleg\u00f3 la orden de batalla del \u201cBCB\u201d y su \u00a0\u201cR\u00e9gimen \u00a0Disciplinario \u00a0Interno\u201d que precisa las zonas de influencia, as\u00ed \u00a0como la relaci\u00f3n de las estructuras que delinquieron en Santander. \u00a0\u00a0<\/p>\n<p>Destaca, \u00a0dentro \u00a0de \u00a0la \u00a0prueba testimonial \u00a0recogida, \u00a0las \u00a0declaraciones \u00a0de \u00a0Jos\u00e9 \u00a0Agust\u00edn Quecho Angarita, Leonel Uribe \u00a0Hern\u00e1ndez, \u00a0Robinson \u00a0Rueda \u00a0Vargas, \u00a0Tiberio \u00a0Villareal \u00a0Ramos, Rogelio Adolfo \u00a0Scarpeta, \u00a0Morgan \u00a0Egea \u00a0S\u00e1nchez \u00a0y David Hern\u00e1ndez L\u00f3pez, quienes relatan el \u00a0dominio \u00a0que \u00a0las \u00a0autodefensas \u00a0ten\u00edan \u00a0de \u00a0la \u00a0zona, \u00a0las reuniones a las que \u00a0convocaban, \u00a0la \u00a0presencia \u00a0del \u00a0procesado \u00a0a \u00a0algunas \u00a0de \u00a0ellas, as\u00ed como las \u00a0amenazas \u00a0y \u00a0coacci\u00f3n que hicieron para que se votara a favor de los candidatos \u00a0del partido Convergencia Ciudadana. \u00a0\u00a0<\/p>\n<p>En \u00a0relaci\u00f3n \u00a0con \u00a0el \u00a0testimonio \u00a0de Iv\u00e1n \u00a0Roberto \u00a0Duque \u00a0Gaviria, \u00a0aduce que confirma que en el \u00e1rea del Magdalena medio \u00a0santandereano, \u00a0como \u00a0en \u00a0el \u00a0resto \u00a0del pa\u00eds sometido al grupo dominante de la \u00a0\u00e9poca, \u00a0los \u00a0pol\u00edticos eran conocedores de esa realidad y no pod\u00edan deslindar \u00a0su \u00a0actividad \u00a0de \u00a0ello, \u00a0motivo \u00a0por \u00a0el cual contactaron a las autodefensas en \u00a0regiones \u00a0como \u00a0el \u00a0sur \u00a0de \u00a0Bol\u00edvar \u00a0y \u00a0Santander, dado que ten\u00edan el control \u00a0pol\u00edtico, \u00a0financiero, \u00a0militar y social de la regi\u00f3n, como en su caso lo hizo \u00a0el \u00a0ex \u00a0Senador \u00a0Gil \u00a0Castillo; \u00a0mientras \u00a0que \u00a0de sus afirmaciones en el juicio \u00a0rescata: \u00a0\u00a0<\/p>\n<p>a) Que en el bajo Cauca antioque\u00f1o estaba el \u00a0b\u00fanker \u00a0de \u00a0Carlos Mario Jim\u00e9nez alias \u201cMacaco\u201d y que si bien concurri\u00f3 a \u00a0reuniones \u00a0all\u00ed, no recuerda haber coincidido con el procesado, como lo asegura \u00a0David \u00a0Hern\u00e1ndez L\u00f3pez, a quien reconoce como uno de sus alumnos en los cursos \u00a0de comisarios pol\u00edticos que dict\u00f3; \u00a0\u00a0<\/p>\n<p>b) \u00a0No \u00a0saber \u00a0si \u00a0los comisarios pol\u00edticos \u00a0respaldaron \u00a0a determinado candidato a la Gobernaci\u00f3n de Santander 2003, aunque \u00a0afirma que no cesaron en su actividad; \u00a0\u00a0<\/p>\n<p>c) \u00a0Que en San Rafael de Lebrija hizo varias \u00a0reuniones \u00a0pol\u00edticas \u00a0y que era un \u201cVaticano de las \u00a0autodefensas\u201d en Santander, puesto que all\u00ed operaba \u00a0una \u00a0especie \u00a0de \u00a0comando \u00a0general, \u00a0lo \u00a0cual \u00a0era \u00a0conocido ampliamente por las \u00a0autoridades, \u00a0al \u00a0punto \u00a0de afirmar que no se mov\u00eda un hoja en Santander sin el \u00a0conocimiento \u00a0y \u00a0aceptaci\u00f3n \u00a0de \u00a0las \u00a0autodefensas, \u00a0por \u00a0lo \u00a0que quien hubiese \u00a0obtenido \u00a0resultados \u00a0electorales \u00a0favorables \u00a0en zonas donde operaban no pod\u00eda \u00a0negar su origen en alianzas con ellos; \u00a0\u00a0<\/p>\n<p>d) \u00a0No \u00a0descarta \u00a0la \u00a0intervenci\u00f3n de alias \u00a0\u201cNicol\u00e1s\u201d \u00a0en \u00a0la \u00a0campa\u00f1a \u00a0a la Gobernaci\u00f3n y dice tener conocimiento de \u00a0que \u00a0un \u00a0comisario \u00a0pol\u00edtico \u00a0de \u00a0apellido \u00a0Caro, \u00a0estuvo \u00a0recorriendo \u00a0la zona \u00a0haciendo pol\u00edtica, pero no sabe si apoy\u00f3 al acusado; \u00a0\u00a0<\/p>\n<p>e) Que las autodefensas dominaban plenamente \u00a0en Santander. \u00a0\u00a0<\/p>\n<p>Elementos \u00a0de \u00a0prueba \u00a0con \u00a0los cuales queda \u00a0demostrada \u00a0la \u00a0real \u00a0presencia \u00a0de \u00a0las \u00a0autodefensas \u00a0en \u00a0el Departamento y su \u00a0marcada \u00a0influencia \u00a0en \u00a0el \u00a0acontecer \u00a0pol\u00edtico, \u00a0econ\u00f3mico \u00a0y \u00a0social \u00a0de la \u00a0regi\u00f3n, \u00a0adem\u00e1s \u00a0de \u00a0que \u00a0con \u00a0las \u00a0declaraciones vertidas por John Alex\u00e1nder \u00a0Rodr\u00edguez \u00a0Cuervo \u00a0y \u00a0Jewer \u00a0Acevedo \u00a0Puerta, \u00a0allegadas \u00a0en el radicado que la \u00a0Fiscal\u00eda \u00a0adelant\u00f3 \u00a0en \u00a0contra \u00a0de \u00a0Orlando \u00a0Caro \u00a0Pati\u00f1o, \u00a0cuyas \u00a0copias \u00a0se \u00a0incorporaron \u00a0a \u00a0esta \u00a0actuaci\u00f3n, \u00a0se conoce que cuando \u00e9ste fue retenido dijo \u00a0ser \u00a0miembro \u00a0de \u00a0la \u00a0campa\u00f1a \u00a0del procesado; hechos a los cuales se refiere el \u00a0desmovilizado Juan Fernando Morales Ballesteros en su declaraci\u00f3n. \u00a0\u00a0<\/p>\n<p>De \u00a0otro \u00a0lado, asegura que la presencia del \u00a0acusado \u00a0en \u00a0reuniones \u00a0convocadas \u00a0por \u00a0las \u00a0autodefensas \u00a0se \u00a0demuestra con el \u00a0testimonio \u00a0de \u00a0Jos\u00e9 \u00a0Agust\u00edn \u00a0Quecho Angarita, ex concejal de Barrancabermeja \u00a0(1998-2000 \u00a0y 2001-2003), quien narra detalladamente, entre otras, una celebrada \u00a0en \u00a0Puerto \u00a0Berr\u00edo \u00a0(Antioquia) \u00a0con \u00a0la \u00a0asistencia de \u201cJuli\u00e1n Bol\u00edvar\u201d, \u00a0\u201cErnesto \u00a0B\u00e1ez\u201d, \u00a0Luis \u00a0Alberto Gil, Luis Francisco Guar\u00edn y el procesado; \u00a0no \u00a0obstante \u00a0lo \u00a0cual, con posterioridad y sin explicaci\u00f3n alguna adujo que no \u00a0ten\u00eda \u00a0certeza \u00a0acerca \u00a0de \u00a0la \u00a0presencia \u00a0del \u00faltimo en dicha reuni\u00f3n;\u00a0 \u00a0retractaci\u00f3n \u00a0que \u00a0advierte \u00a0orientada \u00a0a \u00a0ocultar \u00a0o \u00a0evadir \u00a0los aspectos que \u00a0involucran \u00a0 al \u00a0acusado, \u00a0siendo \u00a0contrarrestada \u00a0por \u00a0el \u00a0relato \u00a0espont\u00e1neo, \u00a0descriptivo \u00a0y \u00a0preciso \u00a0que hiciera el testigo en su primera versi\u00f3n -conforme \u00a0con \u00a0lo \u00a0que \u00a0la \u00a0jurisprudencia \u00a0ense\u00f1a-, \u00a0la \u00a0cual \u00a0es \u00a0corroborada por otras \u00a0pruebas. \u00a0\u00a0<\/p>\n<p>Juan \u00a0 Fernando \u00a0Morales \u00a0Ballesteros, \u00a0ex \u00a0militante \u00a0de \u00a0las \u00a0autodefensas, \u00a0se\u00f1ala \u00a0que \u00a0a finales de 2002 el acusado le \u00a0pidi\u00f3 \u00a0permiso \u00a0al \u00a0comandante \u00a0alias \u00a0\u201cNicol\u00e1s\u201d \u00a0para \u00a0hacer proselitismo \u00a0pol\u00edtico \u00a0en su zona de injerencia; observ\u00e1ndolo luego, en la \u00e9poca de ferias \u00a0de \u00a0Santa \u00a0Helena \u00a0del \u00a0Op\u00f3n, en una reuni\u00f3n celebrada en el corregimiento San \u00a0Juan \u00a0Bosco \u00a0Laverde \u00a0con \u00d3scar Josu\u00e9 Reyes, Alfonso Ria\u00f1o Castillo y Orlando \u00a0Caro \u00a0Pati\u00f1o, \u00a0entre \u00a0otros, y que \u201cNicol\u00e1s\u201d lo present\u00f3 como aspirante a \u00a0la \u00a0Gobernaci\u00f3n, \u00a0adem\u00e1s \u00a0de \u00a0manifestar que tambi\u00e9n se reunieron en la finca \u00a0\u201cLos Olivos\u201d donde \u201cNicol\u00e1s\u201d permanec\u00eda. \u00a0\u00a0<\/p>\n<p>Relato \u00a0 que \u00a0 corrobor\u00f3 \u00a0el \u00a0testigo \u00a0en \u00a0ampliaci\u00f3n \u00a0de \u00a0declaraci\u00f3n \u00a0y, \u00a0no \u00a0obstante \u00a0ello, \u00a0en la audiencia p\u00fablica \u00a0expres\u00f3 \u00a0no \u00a0recordar \u00a0lo \u00a0aducido \u00a0con \u00a0antelaci\u00f3n \u00a0sin explicaci\u00f3n v\u00e1lida, \u00a0aunque \u00a0se\u00f1al\u00f3 que la primera vez que vio al acusado en San Juan Bosco Laverde \u00a0fue \u00a0en \u00a02002 o 2003 haciendo campa\u00f1a y que se present\u00f3 ante la comunidad como \u00a0quien \u00a0hab\u00eda dado de baja al narcotraficante Pablo Escobar Gaviria, pero que si \u00a0bien \u00a0all\u00ed \u00a0estaban \u00a0las \u00a0autodefensas, no iban armados ni uniformados y que no \u00a0fueron \u00a0presentados \u00a0con \u00a0\u00e9l; \u00a0que \u00a0en \u00a0una segunda oportunidad y cuando ya era \u00a0gobernador estuvo en \u201cEl Guamo\u201d con una comitiva del ej\u00e9rcito. \u00a0\u00a0<\/p>\n<p>Asegura \u00a0que su retractaci\u00f3n la explic\u00f3 el \u00a0mismo \u00a0testigo \u00a0al \u00a0se\u00f1alar \u00a0que \u00a0por \u00a0raz\u00f3n \u00a0de \u00a0sus anteriores declaraciones \u00a0perdi\u00f3 \u00a0a su familia y ha tenido que ir de un lado a otro, que no quiere seguir \u00a0huyendo \u00a0puesto \u00a0que \u00a0los \u00a0paramilitares \u00a0aun lo buscan para matarlo y que est\u00e1 \u00a0cansado \u00a0de \u00a0correr, lo cual se pone a tono con las informaciones que brind\u00f3 al \u00a0desmovilizarse \u00a0en \u00a02005 \u00a0cuando expuso todo lo que conoc\u00eda al respecto, raz\u00f3n \u00a0por \u00a0la \u00a0cual \u00a0para la Fiscal\u00eda merecen credibilidad sus iniciales afirmaciones \u00a0cuando \u00a0se \u00a0expres\u00f3 \u00a0sin presiones de ninguna \u00edndole sobre dos situaciones que \u00a0otros testigos refieren. \u00a0\u00a0<\/p>\n<p>Una \u00a0a \u00a0trav\u00e9s de la cual se demuestran los \u00a0nexos \u00a0del acusado con las autodefensas es lo ocurrido con Orlando Caro Pati\u00f1o, \u00a0a \u00a0quien \u00a0el \u00a0testigo \u00a0identifica \u00a0plenamente \u00a0como \u00a0comandante pol\u00edtico de las \u00a0\u201cACPB\u201d, \u00a0advirtiendo \u00a0que \u00a0\u00e9ste fue capturado en un ret\u00e9n militar portando \u00a0armas \u00a0de fuego de uso personal y privativo de las fuerzas armadas, y propaganda \u00a0electoral \u00a0de \u00a0la \u00a0campa\u00f1a \u00a0a \u00a0la Gobernaci\u00f3n del procesado, quien adujo en su \u00a0indagatoria \u00a0ser \u00a0miembro \u00a0de \u00a0la misma y para demostrarlo obtuvo y alleg\u00f3 a su \u00a0proceso \u00a0una \u00a0certificaci\u00f3n en tal sentido expedida por Alfonso Ria\u00f1o. Adem\u00e1s \u00a0de \u00a0que \u00a0Caro Pati\u00f1o reconoci\u00f3 haber sido comisionado por el comandante de las \u00a0\u201cACPB\u201d, \u00a0Arnubio Triana Mahecha, alias \u201cBotal\u00f3n\u201d, para hacer campa\u00f1a a \u00a0favor \u00a0de \u00a0Carlos Arturo Clavijo al Senado -actividad que tambi\u00e9n desarroll\u00f3 a \u00a0favor \u00a0del \u00a0acusado, \u00a0seg\u00fan \u00a0lo \u00a0acredita \u00a0el \u00a0proceso-, y si bien advierte que \u00a0asisti\u00f3 \u00a0a \u00a0una \u00a0reuni\u00f3n \u00a0de \u00a0car\u00e1cter pol\u00edtico en San Jos\u00e9 de Lebrija para \u00a0conformar \u00a0el equipo de Carlos Arturo Clavijo, asegur\u00f3 no conocer al acusado ni \u00a0saber si estuvo en la misma, pese a que ello est\u00e1 probado. \u00a0\u00a0<\/p>\n<p>As\u00ed \u00a0las \u00a0cosas, \u00a0si \u00a0Caro \u00a0Pati\u00f1o \u00a0era el \u00a0comisario \u00a0pol\u00edtico \u00a0o \u00a0comisionado \u00a0para ejercer labores sociales y pol\u00edticas \u00a0por \u00a0el comandante de las \u201cACPB\u201d, si dijo en su injurada que hac\u00eda parte de \u00a0la \u00a0campa\u00f1a \u00a0electoral \u00a0del acusado como est\u00e1 certificado y llevaba propaganda \u00a0pol\u00edtica \u00a0de \u00a0la \u00a0misma \u00a0al \u00a0ser \u00a0aprehendido, \u00a0era porque efectivamente estaba \u00a0trabajando \u00a0para \u00a0ella \u00a0por \u00a0encargo \u00a0de \u00a0la \u00a0organizaci\u00f3n armada ilegal, tal y \u00a0como\u00a0 \u00a0Juan Fernando Morales Ballesteros y Heidelbergth Mendoza Angarita lo \u00a0adujeron; confirmados se encuentran sus dichos iniciales. \u00a0\u00a0<\/p>\n<p>Consistencia \u00a0que \u00a0la \u00a0Fiscal\u00eda \u00a0tambi\u00e9n \u00a0vislumbra \u00a0del \u00a0testimonio \u00a0del \u00a0desmovilizado \u00a0Orlando \u00a0Morales \u00a0Murillo, quien \u00a0asegura \u00a0que \u00a0conoci\u00f3 \u00a0al procesado en el 2001, en \u201cCerro Burgos\u201d al sur de \u00a0Bol\u00edvar, \u00a0 cuando \u00a0lleg\u00f3 \u00a0hasta \u00a0all\u00ed \u00a0manifestando \u00a0que \u00a0iba \u00a0a \u00a0hablar \u00a0con \u00a0\u201cGustavo \u00a0Alarc\u00f3n\u201d y que lo llev\u00f3 hasta \u201cCasa Verde\u201d en San Blas donde \u00a0se reuni\u00f3 con aqu\u00e9l y \u201cJuli\u00e1n Bol\u00edvar\u201d. \u00a0\u00a0<\/p>\n<p>De \u00a0otro \u00a0lado, advierte que las constancias \u00a0del \u00a0Ej\u00e9rcito y la Polic\u00eda Nacional desvirtuaron haber prestado apoyo para los \u00a0desplazamientos \u00a0del \u00a0procesado a San Juan Bosco Laverde el 2 de agosto de 2003, \u00a0avalando \u00a0los \u00a0asertos \u00a0de \u00a0los \u00a0testigos \u00a0que se\u00f1alan a los paramilitares como \u00a0quienes escoltaban al acusado en los parajes que ellos dominaban. \u00a0\u00a0<\/p>\n<p>Adem\u00e1s, refiere que con la declaraci\u00f3n del \u00a0Coronel\u00a0\u00a0 \u00a0Julio \u00a0C\u00e9sar \u00a0Prieto \u00a0Garc\u00eda \u00a0se establece que el acusado \u00a0solicit\u00f3 \u00a0 \u00a0 su \u00a0 \u00a0traslado \u00a0 \u00a0o \u00a0 \u00a0relevo \u00a0 \u00a0del \u00a0 \u00a0batall\u00f3n \u00a0 \u00a0D\u2019elhuyar \u00a0 \u00a0para \u00a0 proteger \u00a0 a \u00a0 sus \u00a0colaboradores \u00a0armados \u00a0ilegales, \u00a0dada \u00a0la efectiva labor que aquel cumpl\u00eda en \u00a0contra \u00a0de \u00a0la \u00a0organizaci\u00f3n, \u00a0seg\u00fan lo confirman Orlando Caro Pati\u00f1o, Jes\u00fas \u00a0Enrique \u00a0 Guerrero \u00a0 Garavito \u00a0 y \u00a0las \u00a0transcripciones \u00a0de \u00a0las \u00a0comunicaciones \u00a0interceptadas \u00a0a \u00a0personas \u00a0allegadas \u00a0al \u00a0grupo \u00a0armado ilegal y miembros de la \u00a0fuerza \u00a0p\u00fablica \u00a0que \u00a0dejan \u00a0ver \u00a0el \u00a0rechazo \u00a0contra el oficial, as\u00ed como las \u00a0versiones \u00a0rendidas \u00a0ante \u00a0la \u00a0Fiscal\u00eda \u00a0de \u00a0Justicia \u00a0y Paz por los postulados \u00a0Heidelbergth \u00a0Mendoza \u00a0Angarita \u00a0y Alex\u00e1nder Guti\u00e9rrez, en las que vinculan al \u00a0procesado \u00a0con \u00a0algunos \u00a0comandantes \u00a0de \u00a0las \u00a0autodefensas por reuniones que se \u00a0hicieron \u00a0 en \u00a0 Santa \u00a0 Helena \u00a0 del \u00a0Op\u00f3n, \u00a0entre \u00a0otras, \u00a0lo \u00a0cual \u00a0ratific\u00f3 \u00a0valerosamente \u00a0en \u00a0la \u00a0audiencia \u00a0p\u00fablica \u00a0el \u00a0primero, correspondiendo ello al \u00a0resultado \u00a0electoral \u00a0de \u00a0dicho municipio en donde el acusado obtuvo 1263 votos, \u00a0mientras \u00a0que la segunda votaci\u00f3n fue de 247, constituy\u00e9ndose en el m\u00e1s claro \u00a0aval de lo aducido por Mendoza Angarita. \u00a0\u00a0<\/p>\n<p>Mientras \u00a0que \u00a0Alex\u00e1nder \u00a0Guti\u00e9rrez, alias \u00a0\u201cPic\u00faa\u201d, \u00a0a \u00a0pesar de haber se\u00f1alado inicialmente el encuentro que sostuvo \u00a0con \u00a0el \u00a0procesado \u00a0en \u00a02003 \u00a0en \u00a0el \u00a0corregimiento \u00a0\u201cLa \u00a0Palma\u201d de G\u00e1mbita \u00a0(Santander), \u00a0donde \u00a0le \u00a0solicit\u00f3 \u00a0apoyo \u00a0para su campa\u00f1a y ofreci\u00f3 regalarle \u00a0armas \u00a0y \u00a0municiones; \u00a0en \u00a0la \u00a0audiencia \u00a0p\u00fablica \u00a0se retracta aduciendo que en \u00a0aquella \u00a0oportunidad \u00a0estaba \u00a0ingiriendo \u00a0licor \u00a0y \u00a0que fue el concejal El\u00edas o \u00a0Eli\u00e9cer \u00a0Zambrano \u00a0quien \u00a0le \u00a0coment\u00f3 \u00a0los \u00a0hechos \u00a0que \u00a0adujo \u00a0en su versi\u00f3n \u00a0inicial, \u00a0no obstante admitir que era comandante de las autodefensas en el lugar \u00a0y \u00a0que \u00a0\u201cJuli\u00e1n \u00a0Bol\u00edvar\u201d \u00a0lo \u00a0tildaba \u00a0de delator de la organizaci\u00f3n por \u00a0haberse desmovilizado individualmente. \u00a0\u00a0<\/p>\n<p>Afirma que con la declaraci\u00f3n trasladada de \u00a0\u00c9dwar \u00a0Cobos \u00a0T\u00e9llez, \u00a0alias \u201cDiego Vecino\u201d, y la rendida en el juicio, se \u00a0acredita \u00a0la presencia del procesado en una reuni\u00f3n en \u201cPiamonte\u201d en la que \u00a0estuvieron \u00a0l\u00edderes pol\u00edticos, alcaldes y jefes de las autodefensas, aunque no \u00a0sabe \u00a0qu\u00e9 temas trataron con aquel; lo cual corrobora Salvatore Mancuso G\u00f3mez, \u00a0agregando \u00a0que \u00a0en \u00a0dicho \u00a0sitio tambi\u00e9n estuvo Luis Alberto Gil y que a Carlos \u00a0Casta\u00f1o \u00a0le \u00a0escuch\u00f3 \u00a0mencionar \u00a0que \u00a0el acusado en conjunto con el denominado \u00a0grupo \u00a0de los \u201cPepes\u201d hab\u00eda enfrentado a Pablo Escobar, adem\u00e1s de conocer, \u00a0en \u00a0la \u00a0c\u00e1rcel \u00a0de Itagu\u00ed donde estuvo recluido con otros jefes paramilitares, \u00a0las \u00a0 alianzas \u00a0 entre \u00a0el \u00a0procesado \u00a0y \u00a0Luis \u00a0Alberto \u00a0Gil \u00a0en \u00a0el \u00a0movimiento \u00a0Convergencia \u00a0Ciudadana \u00a0y que ambos tuvieron apoyo de las autodefensas para las \u00a0elecciones \u00a02002 y 2003; adicional a ello, con el testimonio rendido en la vista \u00a0p\u00fablica \u00a0por \u00a0Pablo Hern\u00e1n Sierra Garc\u00eda, ex comandante del Bloque \u201cCacique \u00a0Pipint\u00e1\u201d, \u00a0 se \u00a0establecen \u00a0los \u00a0acuerdos \u00a0pol\u00edticos \u00a0que \u00a0alias \u00a0\u201cErnesto \u00a0B\u00e1ez\u201d \u00a0ten\u00eda \u00a0en \u00a0Santander, \u00a0a trav\u00e9s de lo cual se dio el nombramiento de \u00a0Bonel \u00a0 \u00a0Pati\u00f1o \u00a0 \u00a0Nore\u00f1a \u00a0 \u00a0como \u00a0 \u00a0Secretario \u00a0 \u00a0de \u00a0 \u00a0Educaci\u00f3n \u00a0 \u00a0de \u00a0 la \u00a0Gobernaci\u00f3n. \u00a0\u00a0<\/p>\n<p>Advierte \u00a0que la evaluaci\u00f3n de la prueba en \u00a0conjunto \u00a0y \u00a0en \u00a0sana cr\u00edtica demuestra fehacientemente tanto la existencia del \u00a0punible \u00a0-dada \u00a0la \u00a0vinculaci\u00f3n material del acusado con grupos al margen de la \u00a0Ley \u00a0que apoyaron su campa\u00f1a electoral-, como su responsabilidad, puesto que su \u00a0integraci\u00f3n \u00a0 con \u00a0 las \u00a0autodefensas \u00a0fue \u00a0dolosa, \u00a0exenta \u00a0de \u00a0circunstancias \u00a0eximentes \u00a0de \u00a0antijuridicidad \u00a0o \u00a0culpabilidad \u00a0y enmarcada en el prop\u00f3sito de \u00a0lograr \u00a0su \u00a0elecci\u00f3n \u00a0como Gobernador, lo cual se reflej\u00f3 en los resultados de \u00a0la \u00a0votaci\u00f3n, \u00a0pese \u00a0a \u00a0que no contaba con experiencia ni prestigio pol\u00edtico y \u00a0que \u00a0se \u00a0enfrent\u00f3 \u00a0a los partidos tradicionales que ten\u00edan toda la maquinaria, \u00a0siendo \u00a0despojados \u00a0de \u00a0su caudal pol\u00edtico, como lo denunci\u00f3 el ex congresista \u00a0Tiberio \u00a0Villareal \u00a0Ramos, \u00a0al \u00a0haber ganado las elecciones en los municipios de \u00a0asiento y permanencia de las autodefensas. \u00a0\u00a0<\/p>\n<p>Sobre \u00a0el \u00a0rol \u00a0que cumpli\u00f3 el grupo armado \u00a0ilegal \u00a0en \u00a0los \u00a0resultados \u00a0electorales \u00a0del \u00a0orden \u00a0municipal, departamental y \u00a0nacional, \u00a0cita \u00a0las sentencias proferidas por la Sala en los radicados 32.764 y \u00a027.408 \u00a0contra \u00a0los \u00a0ex \u00a0congresistas \u00a0Luis Alberto Gil Castillo, Alfonso Ria\u00f1o \u00a0Castillo \u00a0y \u00d3scar Josu\u00e9 Reyes C\u00e1rdenas, por las alianzas que como integrantes \u00a0del \u00a0movimiento Convergencia Ciudadana tuvieron con las autodefensas, destacando \u00a0que \u00a0el \u00a0acusado \u00a0admiti\u00f3 \u00a0haber \u00a0sido \u00a0elegido \u00a0como \u00a0Gobernador \u00a0por el mismo \u00a0movimiento; \u00a0y \u00a0aduce \u00a0que \u00a0la \u00a0raz\u00f3n \u00a0por \u00a0la \u00a0cual \u00a0Bonel Pati\u00f1o Nore\u00f1a fue \u00a0nombrado \u00a0como Secretario de Educaci\u00f3n del Departamento por el acusado, una vez \u00a0posesionado \u00a0como \u00a0Gobernador, se circunscribe al cumplimiento de los pactos que \u00a0hizo \u00a0con \u00a0Iv\u00e1n \u00a0Roberto \u00a0Duque \u00a0Gaviria, como lo se\u00f1al\u00f3 el ex comandante del \u00a0Bloque \u00a0\u201cCacique \u00a0Pipint\u00e1\u201d, lo cual implica promover un grupo ilegal seg\u00fan \u00a0lo ha manifestado la Corte. \u00a0\u00a0<\/p>\n<p>Resalta \u00a0la especial condici\u00f3n personal del \u00a0implicado \u00a0como \u00a0oficial \u00a0retirado \u00a0de \u00a0la \u00a0Polic\u00eda \u00a0con amplia trayectoria que \u00a0descarta \u00a0la \u00a0posibilidad \u00a0de \u00a0un \u00a0comportamiento \u00a0signado en la ingenuidad o el \u00a0enga\u00f1o, \u00a0o \u00a0por \u00a0ignorar \u00a0las caracter\u00edsticas socio-pol\u00edticas del medio en el \u00a0cual \u00a0se \u00a0desenvolv\u00eda, \u00a0comprometiendo, \u00a0a\u00fan \u00a0m\u00e1s \u00a0su \u00a0responsabilidad, \u00a0para \u00a0afirmar \u00a0que \u00a0concurre \u00a0la \u00a0circunstancia \u00a0de \u00a0mayor \u00a0punibilidad prevista en el \u00a0numeral 9 del art\u00edculo 58 del C\u00f3digo Penal. \u00a0\u00a0<\/p>\n<p>Estima \u00a0vanos \u00a0los esfuerzos que se hicieron \u00a0para \u00a0derrumbar \u00a0las \u00a0pruebas que comprometen al acusado, con los testimonios de \u00a0Yolanda \u00a0Aguilar \u00a0Calder\u00f3n \u00a0y \u00a0Nora \u00a0Milena Aguilar, a trav\u00e9s de los cuales se \u00a0tratan \u00a0de \u00a0vincular \u00a0las \u00a0muertes \u00a0de un primo y un hermano del acusado con las \u00a0autodefensas, \u00a0cuando \u00a0de \u00a0los \u00a0mismos \u00a0se \u00a0extracta que antes de acontecer esas \u00a0muertes \u00a0la \u00a0relaci\u00f3n \u00a0de \u00a0aquellos \u00a0con el procesado era lejana, adem\u00e1s de no \u00a0haber \u00a0claridad meridiana sobre las razones que motivaron los homicidios, aunque \u00a0en \u00a0uno \u00a0de \u00a0los \u00a0casos se aduce que se origin\u00f3 en una discusi\u00f3n propia de una \u00a0ingesta de licor. \u00a0\u00a0<\/p>\n<p>Y en cuanto a las declaraciones de Arnubio \u00a0Triana \u00a0Mahecha, \u00a0alias \u00a0\u201cBotal\u00f3n\u201d, Rodrigo P\u00e9rez Alzate, alias \u201cJuli\u00e1n \u00a0Bol\u00edvar\u201d, \u00a0y Jairo Ignacio Orozco Gonz\u00e1lez, alias \u201cTaraz\u00e1\u201d, asegura que \u00a0confirman \u00a0circunstancias que sirven para respaldar la prueba de cargo y, pese a \u00a0la \u00a0retractaci\u00f3n \u00a0del \u00faltimo respecto de lo afirmado en la versi\u00f3n que hab\u00eda \u00a0rendido \u00a0ante una Fiscal\u00eda de Justicia y Paz, la raz\u00f3n de ello emerge clara si \u00a0se \u00a0tiene \u00a0en \u00a0cuenta \u00a0que \u00a0el \u00a0mismo \u00a0Salvatore Mancuso G\u00f3mez dio a conocer la \u00a0intimidaci\u00f3n \u00a0de \u00a0que fueron v\u00edctimas los comandantes paramilitares estando en \u00a0la \u00a0c\u00e1rcel de Itagu\u00ed, cuando se negaron a seguir d\u00e1ndole informaci\u00f3n para la \u00a0reconstrucci\u00f3n \u00a0de \u00a0los \u00a0hechos, \u00a0alegando \u00a0que \u00a0ellos \u00a0y sus familias corr\u00edan \u00a0peligro, \u00a0lo \u00a0cual encaja con lo afirmado al respecto por Alex\u00e1nder Guti\u00e9rrez, \u00a0alias \u00a0\u201cPic\u00faa\u201d, \u00a0Juan \u00a0Fernando \u00a0Morales Ballesteros, Orlando Caro Pati\u00f1o, \u00a0Jes\u00fas Enrique Guerrero Garavito y Pablo Hern\u00e1n Sierra Garc\u00eda. \u00a0\u00a0<\/p>\n<p>En \u00a0conclusi\u00f3n, \u00a0para \u00a0la \u00a0Fiscal\u00eda \u00a0las \u00a0elecciones \u00a0de \u00a02003 \u00a0en \u00a0Santander contaron con la injerencia definitiva de los \u00a0grupos \u00a0de \u00a0autodefensas \u00a0seg\u00fan \u00a0lo \u00a0reflejan \u00a0las \u00a0cifras \u00a0electorales \u00a0y \u00a0los \u00a0testimonios \u00a0de \u00a0cargo \u00a0que \u00a0constituyen \u00a0prueba \u00a0directa \u00a0y \u00a0fehaciente \u00a0de \u00a0la \u00a0vinculaci\u00f3n \u00a0del acusado y las autodefensas al mando de Arnubio Triana Mahecha, \u00a0alias \u00a0\u201cBotal\u00f3n\u201d, \u00a0con \u00a0el \u00a0comisario \u00a0pol\u00edtico \u00a0Orlando Caro Pati\u00f1o; con \u00a0alias \u201cNicol\u00e1s\u201d y alias \u201cErnesto B\u00e1ez\u201d. \u00a0\u00a0<\/p>\n<p>Se\u00f1ala \u00a0que \u00a0el \u00a0aporte \u00a0de \u00a0miembros de la \u00a0fuerza \u00a0p\u00fablica, \u00a0gobernantes del orden local, departamental y nacional ha sido \u00a0lo \u00a0que hist\u00f3ricamente ha permitido a los grupos al margen de la ley ampliar su \u00a0accionar \u00a0o \u00a0poder\u00edo, \u00a0y \u00a0que \u00a0la \u00a0corrupci\u00f3n \u00a0de \u00a0las autoridades conlleva la \u00a0multiplicaci\u00f3n \u00a0del \u00a0crimen, \u00a0siendo \u00a0una \u00a0manifestaci\u00f3n \u00a0de \u00a0ello \u00a0el tipo de \u00a0alianzas aqu\u00ed analizada. \u00a0\u00a0<\/p>\n<p>Por \u00a0todo \u00a0lo \u00a0anterior, solicita proferir \u00a0sentencia \u00a0condenatoria \u00a0contra \u00a0el \u00a0enjuiciado Aguilar \u00a0Naranjo. \u00a0\u00a0<\/p>\n<p>\u00a0 \u00a0 \u00a0\u00a0 \u00a0 \u00a0b.- \u00a0La \u00a0representante \u00a0del \u00a0Ministerio \u00a0P\u00fablico \u00a0\u00a0<\/p>\n<p>La \u00a0Procuradora \u00a0Cuarta \u00a0Delegada \u00a0para \u00a0la \u00a0Investigaci\u00f3n \u00a0y \u00a0el \u00a0Juzgamiento \u00a0Penal \u00a0tambi\u00e9n \u00a0solicit\u00f3 dictar condena en \u00a0contra \u00a0del \u00a0acusado, \u00a0como \u00a0autor \u00a0responsable \u00a0del \u00a0delito \u00a0de \u00a0concierto para \u00a0delinquir \u00a0agravado \u00a0previsto \u00a0en \u00a0el inciso segundo del art\u00edculo 340 de la Ley \u00a0599 \u00a0de \u00a02000, \u00a0afirmando que las pruebas practicadas por la Fiscal\u00eda y la Sala \u00a0derrumbaron la presunci\u00f3n de inocencia del mismo. \u00a0\u00a0<\/p>\n<p>Argumenta \u00a0que el Departamento de Santander \u00a0ha \u00a0estado \u00a0vinculado \u00a0con el surgimiento de grupos ilegales tales como el ELN y \u00a0las \u00a0autodefensas, \u00a0y que con los testimonios de pol\u00edticos y militares\u00a0 se \u00a0acredit\u00f3 \u00a0la \u00a0presencia \u00a0del \u00a0Bloque \u00a0Central Bol\u00edvar en la regi\u00f3n denominada \u00a0Magdalena \u00a0medio, que ejerc\u00eda influencia en los municipios de Cimitarra, Puerto \u00a0Parra, \u00a0Puerto \u00a0Wilches, \u00a0Puerto \u00a0Boyac\u00e1, San Vicente de Chucur\u00ed, El Carmen de \u00a0Chucur\u00ed, \u00a0Santa \u00a0Helena \u00a0del Op\u00f3n, entre otros; e igualmente la existencia del \u00a0Frente \u00a0&#8220;Isidro \u00a0Carre\u00f1o\u201d del Bloque del Magdalena Medio, comandado por alias \u00a0\u201cNicol\u00e1s\u201d, \u00a0que \u00a0operaba \u00a0en \u00a0municipios \u00a0como \u00a0La Aguada, Santa Helena del \u00a0Op\u00f3n, \u00a0bajo \u00a0Simacota, \u00a0La \u00a0Rochela, El Carmen de Chucur\u00ed y algunos barrios de \u00a0Barrancabermeja; \u00a0por \u00a0lo \u00a0que \u00a0puede \u00a0concluirse, como lo dijo alias \u201cErnesto \u00a0B\u00e1ez\u201d, \u00a0que \u00a0cualquier \u00a0movimiento \u00a0pol\u00edtico \u00a0actuante \u00a0en la regi\u00f3n deb\u00eda \u00a0estar \u00a0en \u00a0consonancia \u00a0con los grupos armados ilegales que all\u00ed dominaban para \u00a0lograr un resultado positivo en sus aspiraciones. \u00a0\u00a0<\/p>\n<p>Pese \u00a0a \u00a0aceptar, \u00a0como \u00a0lo \u00a0se\u00f1alara \u00a0el \u00a0acusado, \u00a0su \u00a0buena\u00a0 \u00a0reputaci\u00f3n y sus logros profesionales al servicio de \u00a0la \u00a0Polic\u00eda Nacional, considera que no era un personaje pol\u00edtico reconocido en \u00a0la \u00a0regi\u00f3n, \u00a0ya que solamente hab\u00eda fungido como Diputado a la Asamblea y, sin \u00a0embargo, \u00a0arras\u00f3 \u00a0con \u00a0a\u00f1os \u00a0de \u00a0dominio \u00a0liberal \u00a0en el Departamento y obtuvo \u00a0mayor\u00edas \u00a0electorales en municipios con alta influencia paramilitar, acorde con \u00a0la \u00a0prueba \u00a0testimonial \u00a0y \u00a0principalmente \u00a0con \u00a0la \u00a0informaci\u00f3n \u00a0de \u00a0seguridad \u00a0p\u00fablica \u00a0de Santander brindada por el Coronel del Ej\u00e9rcito Julio C\u00e9sar Prieto \u00a0Rivera, \u00a0lo \u00a0cual \u00a0se \u00a0refleja en los resultados de la votaci\u00f3n para Gobernador \u00a0del \u00a0a\u00f1o \u00a02003 \u00a0allegada, como es el caso de Cimitarra, G\u00e1mbita, Puerto Parra, \u00a0Puerto \u00a0Wilches, \u00a0Sabana de Torres, Santa Helena del Op\u00f3n y Barrancabermeja, lo \u00a0cual \u00a0constituye \u00a0un \u00a0indicio \u00a0grave en su contra, puesto que las reuniones, los \u00a0acuerdos \u00a0y \u00a0el \u00a0proselitismo \u00a0que \u00a0adelant\u00f3 \u00a0en \u00a0la \u00a0zona de operaci\u00f3n de las \u00a0autodefensas, \u00a0 lo \u00a0 catapultaron \u00a0 como \u00a0Gobernador, \u00a0\u201csituaci\u00f3n \u00a0que \u00a0configura de forma inequ\u00edvoca un \u00a0acuerdo \u00a0de \u00a0naturaleza \u00a0delictiva \u00a0entre \u00a0un \u00a0grupo \u00a0armado \u00a0ilegal \u00a0y \u00a0el \u00a0hoy \u00a0enjuiciado, \u00a0encuadrando \u00a0dicha \u00a0actuaci\u00f3n \u00a0en \u00a0el tipo penal de concierto para \u00a0delinquir \u00a0 \u00a0agravado, \u00a0 \u00a0en \u00a0 \u00a0la \u00a0 \u00a0modalidad \u00a0 de \u00a0 promoci\u00f3n\u201d. \u00a0\u00a0<\/p>\n<p>Advierte \u00a0que \u00a0el \u00a0nombramiento \u00a0de \u00a0Bonel \u00a0Pati\u00f1o \u00a0Nore\u00f1a \u00a0como \u00a0Secretario de Educaci\u00f3n del Departamento, el 1 de enero \u00a0de \u00a02004, \u00a0es \u00a0otro hecho indicativo del apoyo de las autodefensas a la campa\u00f1a \u00a0del \u00a0procesado, \u00a0no solamente porque aqu\u00e9l refiri\u00f3 que su postulaci\u00f3n la hizo \u00a0su \u00a0amigo \u00a0Iv\u00e1n \u00a0Roberto \u00a0Duque \u00a0Gaviria, \u00a0alias \u00a0\u201cErnesto \u00a0B\u00e1ez\u201d, a quien \u00a0conoc\u00eda \u00a0desde \u00a0la \u00a0d\u00e9cada \u00a0de \u00a0los \u00a0setenta \u00a0-lo \u00a0cual \u00a0corrobor\u00f3 \u00e9ste-, en \u00a0contraprestaci\u00f3n \u00a0del apoyo que el \u201cBCB\u201d le dio al procesado en su campa\u00f1a \u00a0electoral, \u00a0adem\u00e1s de referir los pormenores acerca de la forma como se enter\u00f3 \u00a0de \u00a0todo \u00a0ello, \u00a0pese a que Duque Gaviria niegue tal situaci\u00f3n aduciendo que si \u00a0dicho \u00a0cargo \u00a0era \u00a0cuota \u00a0de las autodefensas, no hubiese permitido la salida de \u00a0Pati\u00f1o \u00a0Nore\u00f1a \u00a0o \u00a0que \u00a0se nombrara alguien que no fuese af\u00edn al grupo armado \u00a0ilegal. \u00a0\u00a0<\/p>\n<p>Asevera \u00a0que el proceso no permite concluir \u00a0que \u00a0las \u00a0enfermedades \u00a0o \u00a0el \u00a0deseo \u00a0de \u00a0venganza \u00a0condujeran a Bonel Pati\u00f1o a \u00a0declarar \u00a0en \u00a0contra \u00a0del \u00a0acusado \u00a0y, \u00a0que \u00a0por el contrario, la solidez de los \u00a0hechos \u00a0vislumbra \u00a0que \u00a0su \u00a0nombramiento \u00a0fue \u00a0consecuencia \u00a0de \u00a0un favor que el \u00a0acusado \u00a0le \u00a0deb\u00eda \u00a0a las autodefensas en virtud de su apoyo electoral; adem\u00e1s \u00a0de \u00a0que \u00a0Pati\u00f1o \u00a0Nore\u00f1a \u00a0era \u00a0un \u00a0intelectual \u00a0de \u00a0capacidades \u00a0superiores con \u00a0vocaci\u00f3n \u00a0de \u00a0servicio \u00a0educativo, \u00a0seg\u00fan lo acreditaron Iv\u00e1n Roberto Duque y \u00a0H\u00e9ctor \u00a0L\u00f3pez \u00a0L\u00f3pez \u00a0-quien \u00a0ratifica \u00a0los \u00a0lazos \u00a0de \u00a0amistad entre Duque y \u00a0Pati\u00f1o-, \u00a0lo \u00a0cual \u00a0avala \u00a0la credibilidad de su declaraci\u00f3n y controvierte la \u00a0tesis \u00a0de \u00a0que \u00a0haya \u00a0hecho \u00a0parte \u00a0de \u00a0una \u00a0conspiraci\u00f3n \u00a0orquestada por el ex \u00a0Ministro \u00a0Horacio \u00a0Serpa \u00a0Uribe \u00a0y \u00a0el \u00a0fallecido Senador Hugo Serrano contra el \u00a0acusado, \u00a0y pese a que \u00e9ste sostuviera, junto a otros declarantes, que conoc\u00eda \u00a0desde \u00a01979 \u00a0al \u00a0testigo \u00a0y que por ello lo design\u00f3 en su gabinete, am\u00e9n de la \u00a0recomendaci\u00f3n \u00a0que \u00a0del \u00a0mismo hizo H\u00e9ctor L\u00f3pez, para el Ministerio P\u00fablico \u00a0ello \u00a0no desvirt\u00faa lo afirmado por Pati\u00f1o Nore\u00f1a, que termina por confirmarse \u00a0con \u00a0la \u00a0declaraci\u00f3n rendida por Pablo Hern\u00e1n Sierra Garc\u00eda, ex comandante de \u00a0las \u00a0autodefensas \u00a0de \u00a0Caldas, quien asegur\u00f3 haberle prestado seguridad a Duque \u00a0Gaviria \u00a0en \u00a0una reuni\u00f3n que sostuvo con Pati\u00f1o Nore\u00f1a en La Merced -Caldas-, \u00a0donde \u00a0escuch\u00f3 \u00a0que \u00a0trataban \u00a0el \u00a0tema \u00a0de \u00a0la Secretar\u00eda de Educaci\u00f3n en el \u00a0Departamento de Santander. \u00a0\u00a0<\/p>\n<p>Con \u00a0la declaraci\u00f3n rendida por el Coronel \u00a0Julio \u00a0C\u00e9sar \u00a0Prieto \u00a0Rivera, \u00a0comandante \u00a0del \u00a0Batall\u00f3n Luciano D\u2019elhuyar \u00a0 \u00a0 que \u00a0 \u00a0 ten\u00eda \u00a0 \u00a0 como \u00a0responsabilidad \u00a0el \u00a0control \u00a0del \u00a0orden \u00a0p\u00fablico \u00a0en los municipios de Gal\u00e1n, \u00a0Zapatoca, \u00a0Betulia, San Vicente de Chucur\u00ed, El Carmen de Chucur\u00ed, Santa Helena \u00a0del \u00a0Op\u00f3n \u00a0y \u00a0el \u00a0bajo \u00a0Simacota, \u00a0se pudo establecer que desde finales de 2003 \u00a0hasta \u00a0el \u00a02006 \u00a0se \u00a0realizaron \u00a0varias \u00a0acciones \u00a0para \u00a0desmantelar los Frentes \u00a0\u201cRam\u00f3n \u00a0Danilo\u201d \u00a0e \u00a0\u201cIsidro Carre\u00f1o\u201d de las autodefensas del Magdalena \u00a0Medio \u00a0 y \u00a0 el \u00a0 Frente \u00a0 \u201cWalter \u00a0 S\u00e1nchez\u201d \u00a0del \u00a0\u201cBCB\u201d, \u00a0logrando \u00a0la \u00a0desmovilizaci\u00f3n \u00a0de \u00a0muchos \u00a0militantes; \u00a0adem\u00e1s \u00a0de \u00a0advertir \u00a0que en 2004 un \u00a0desmovilizado \u00a0adujo \u00a0relaciones \u00a0del \u00a0grupo armado ilegal con el ex congresista \u00a0Alfonso \u00a0Ria\u00f1o \u00a0-hoy condenado por la Sala precisamente por esos hechos-, y que \u00a0personalmente \u00a0recibi\u00f3 \u00a0un \u00a0an\u00f3nimo \u00a0que \u00a0se\u00f1alaba \u00a0la \u00a0participaci\u00f3n de las \u00a0autodefensas \u00a0en \u00a0la elecci\u00f3n del acusado como Gobernador de Santander, el cual \u00a0dio \u00a0a \u00a0conocer \u00a0a la Fiscal\u00eda y al CTI, inici\u00e1ndose en su contra una campa\u00f1a \u00a0de \u00a0desprestigio \u00a0a \u00a0trav\u00e9s \u00a0del \u00a0peri\u00f3dico \u00a0regional \u00a0\u201cEl \u00a0Frente\u201d, \u00a0cuyo \u00a0director \u00a0hab\u00eda \u00a0apoyado \u00a0la \u00a0campa\u00f1a \u00a0del \u00a0acusado, \u00a0por presuntos abusos del \u00a0Batall\u00f3n \u00a0en contra de la comunidad, lo cual fue trasmitido luego por el propio \u00a0procesado \u00a0 al \u00a0 Presidente \u00a0 de \u00a0 la \u00a0 Rep\u00fablica, \u00a0a \u00a0quien \u00a0le \u00a0solicit\u00f3 \u00a0su \u00a0traslado. \u00a0\u00a0<\/p>\n<p>Que \u00a0m\u00e1s \u00a0tarde, \u00a0al \u00a0desmovilizarse \u00a0Juan \u00a0Fernando \u00a0 Morales \u00a0Ballesteros, \u00a0manifest\u00f3 \u00a0haber \u00a0presenciado \u00a0reuniones \u00a0del \u00a0acusado \u00a0con \u00a0las \u00a0autodefensas, \u00a0lo \u00a0cual \u00a0corrobor\u00f3 \u00a0al \u00a0rendir \u00a0entrevista y \u00a0versi\u00f3n \u00a0libre \u00a0en \u00a0las \u00a0que \u00a0tambi\u00e9n refiri\u00f3 que Orlando Caro Pati\u00f1o, alias \u00a0\u201cHK\u201d, \u00a0hab\u00eda sido retenido por el ej\u00e9rcito, motivo por el cual fue enviado \u00a0a \u00a0recoger \u00a0una \u00a0certificaci\u00f3n \u00a0de \u00a0la \u00a0campa\u00f1a del acusado para recomendar al \u00a0capturado \u00a0ante las autoridades, como documentalmente quedo establecido, adem\u00e1s \u00a0de \u00a0que \u00a0el \u00a0mismo \u00a0Caro \u00a0Pati\u00f1o \u00a0en \u00a0su injurada aduce que estaba encargado de \u00a0liderar \u00a0esa \u00a0campa\u00f1a \u00a0electoral \u00a0-aceptando \u00a0que al momento de su aprehensi\u00f3n \u00a0ten\u00eda \u00a0en \u00a0su \u00a0poder \u00a0propaganda pol\u00edtica de la misma- y la del doctor Alfonso \u00a0Ria\u00f1o a la Asamblea. \u00a0\u00a0<\/p>\n<p>Sin \u00a0embargo, \u00a0en \u00a0la \u00a0audiencia \u00a0p\u00fablica \u00a0Morales \u00a0Ballesteros \u00a0se retract\u00f3 e indic\u00f3 no conocer al procesado ni saber de \u00a0reuniones \u00a0suyas \u00a0con \u00a0alias \u00a0\u201cNicol\u00e1s\u201d, el comandante del Frente \u201cIsidro \u00a0Carre\u00f1o\u201d, \u00a0por \u00a0lo \u00a0que resulta necesario acudir a otros medios de prueba y a \u00a0criterios \u00a0tales como la espontaneidad del testigo y la versi\u00f3n m\u00e1s cercana al \u00a0tiempo \u00a0de \u00a0ocurrencia \u00a0de \u00a0los \u00a0hechos, \u00a0a \u00a0fin \u00a0de \u00a0establecer \u00a0cu\u00e1l \u00a0de \u00a0sus \u00a0declaraciones es cre\u00edble.\u00a0 \u00a0\u00a0<\/p>\n<p>Ahora, en la entrevista y versi\u00f3n rendidas \u00a0en \u00a02005 \u00a0por el citado testigo da cuenta de las reuniones del acusado con alias \u00a0\u201cNicol\u00e1s\u201d, \u00a0concordando \u00a0con \u00a0lo manifestado por otros declarantes, y adujo \u00a0conocer \u00a0a \u00a0Orlando \u00a0Caro Pati\u00f1o alias \u201cHK\u201d, quien hab\u00eda sido capturado en \u00a02003 \u00a0en \u00a0posesi\u00f3n de armas, municiones, radiotel\u00e9fonos y propaganda pol\u00edtica \u00a0de \u00a0la \u00a0campa\u00f1a \u00a0del acusado a la Gobernaci\u00f3n de Santander, motivo por el cual \u00a0fue \u00a0enviado \u00a0a \u00a0recoger una certificaci\u00f3n que lo acreditara como miembro de la \u00a0misma; \u00a0circunstancia \u00a0que \u00a0neg\u00f3 \u00a0en \u00a0el testimonio que rindi\u00f3 en la audiencia \u00a0p\u00fablica. \u00a0\u00a0<\/p>\n<p>Pero \u00a0al expediente obran la indagatoria de \u00a0Caro \u00a0Pati\u00f1o y su declaraci\u00f3n en la vista p\u00fablica que acreditan su retenci\u00f3n \u00a0en \u00a02003 \u00a0por \u00a0las razones se\u00f1aladas; la constancia suscrita por Alfonso Ria\u00f1o \u00a0en \u00a0la \u00a0que \u00a0certifica \u00a0que \u00a0aqu\u00e9l \u00a0pertenencia a la campa\u00f1a del procesado; la \u00a0versi\u00f3n \u00a0rendida \u00a0ante \u00a0la Fiscal\u00eda de Justicia y Paz por Heidelbergth Mendoza \u00a0Angarita, \u00a0desmovilizado \u00a0de las autodefensas que estuvo militando en los Frente \u00a0\u201cIsidro \u00a0Carre\u00f1o\u201d \u00a0y \u00a0\u201cCacique \u00a0Guanent\u00e1\u201d, entre otros, quien asegur\u00f3 \u00a0que \u00a0en \u00a02003 \u00a0hab\u00eda \u00a0prestado \u00a0seguridad al desplazamiento que hizo el acusado \u00a0cuando \u00a0era \u00a0candidato \u00a0a la Gobernaci\u00f3n de Santander por la zona de influencia \u00a0de \u00a0las \u00a0autodefensas \u00a0y \u00a0que \u00a0con \u00a0antelaci\u00f3n \u00a0hab\u00eda \u00a0tenido \u00a0contacto con el \u00a0comandante \u00a0alias \u201cNicol\u00e1s\u201d, quien le hab\u00eda ordenado a alias \u201cel Puma\u201d \u00a0brindarle \u00a0seguridad \u00a0al \u00a0candidato \u00a0en \u00a0un desplazamiento que realiz\u00f3 hasta el \u00a0corregimiento \u00a0\u201cEl \u00a0Guamo\u201d, \u00a0donde \u00a0se \u00a0hizo \u00a0una \u00a0reuni\u00f3n \u00a0de campa\u00f1a con \u00a0presencia \u00a0de \u00a0\u201cNicol\u00e1s\u201d \u00a0-ya \u00a0que\u00a0 \u00a0all\u00ed ten\u00eda su base-, para luego \u00a0llegar \u00a0al corregimiento \u201cLa Aragua\u201d, donde hubo otra reuni\u00f3n pol\u00edtica con \u00a0presencia \u00a0de \u00a0miembros \u00a0de \u00a0las autodefensas; lugar del cual salieron hac\u00eda el \u00a0municipio \u00a0de La Paz, en cuyos l\u00edmites el candidato fue recibido por militantes \u00a0del \u00a0Frente \u00a0\u201cLanceros \u00a0de \u00a0V\u00e9lez\u201d, \u00a0quienes \u00a0lo escoltaron a partir de ese \u00a0lugar. \u00a0\u00a0<\/p>\n<p>Declaraci\u00f3n \u00a0que \u00a0ratific\u00f3 \u00a0en \u00a0audiencia \u00a0p\u00fablica \u00a0Mendoza \u00a0Angarita, \u00a0contrario \u00a0a \u00a0los \u00a0dem\u00e1s \u00a0testigos, \u00a0sin \u00a0que \u00a0el \u00a0procesado \u00a0haya \u00a0explicado \u00a0la \u00a0raz\u00f3n \u00a0de tales imputaciones, todo lo cual deja \u00a0entrever \u00a0que \u00a0las \u00a0manifestaciones \u00a0de \u00a0Juan Fernando Morales Ballesteros en la \u00a0audiencia \u00a0 no \u00a0 son \u00a0m\u00e1s \u00a0que \u00a0la \u00a0\u201cdesvergonzada \u00a0retractaci\u00f3n \u00a0de \u00a0su \u00a0versi\u00f3n\u201d que, en criterio del \u00a0Ministerio \u00a0P\u00fablico \u00a0amerita \u00a0su \u00a0exclusi\u00f3n \u00a0de \u00a0la Ley de Justicia y Paz y la \u00a0compulsa de copias por falso testimonio. \u00a0\u00a0<\/p>\n<p>Lo mismo acontece con la versi\u00f3n rendida en \u00a02009 \u00a0por \u00a0Alex\u00e1nder \u00a0Guti\u00e9rrez, \u00a0alias \u201cPic\u00faa\u201d, en la que asegur\u00f3 que a \u00a0principios \u00a0de 2003 tuvo un encuentro con el procesado en el corregimiento \u201cLa \u00a0Palma\u201d \u00a0de \u00a0G\u00e1mbita-Santander, \u00a0quien \u00a0le \u00a0solicit\u00f3 \u00a0su apoyo electoral como \u00a0comandante \u00a0paramilitar \u00a0de \u00a0la zona y adujo los pormenores del episodio, pese a \u00a0lo \u00a0cual en la audiencia se retracta y se\u00f1ala que en la \u00e9poca se encontraba en \u00a0avanzado \u00a0estado \u00a0de \u00a0embriaguez, \u00a0y \u00a0que \u00a0todo \u00a0lo \u00a0que hab\u00eda mencionado en su \u00a0versi\u00f3n \u00a0ante \u00a0Justicia \u00a0y \u00a0Paz \u00a0se \u00a0lo \u00a0hab\u00eda contado un concejal de apellido \u00a0Zambrano; \u00a0 posici\u00f3n \u00a0 \u00faltima \u00a0que \u00a0la \u00a0Procuradur\u00eda \u00a0solicita \u00a0desechar \u00a0por \u00a0considerarla \u00a0un \u00a0atentado a la inteligencia de los asistentes al juicio, por ir \u00a0contra \u00a0la l\u00f3gica y el sentido com\u00fan, dada la falsedad que surge si se atiende \u00a0la \u00a0riqueza \u00a0y precisi\u00f3n descriptiva de su inicial versi\u00f3n, motivo por el cual \u00a0solicita \u00a0compulsar \u00a0copias contra el referido declarante por falso testimonio y \u00a0adelantar \u00a0lo \u00a0propio para que sea removido como postulado de la Ley de Justicia \u00a0y Paz. \u00a0\u00a0<\/p>\n<p>Refiere, igualmente, que el ex concejal del \u00a0municipio \u00a0 de \u00a0 Contrataci\u00f3n-Santander, \u00a0 Jes\u00fas \u00a0Enrique \u00a0Guerrero \u00a0Garavito, \u00a0tambi\u00e9n \u00a0rindi\u00f3 \u00a0declaraci\u00f3n ante una Fiscal\u00eda de Justicia y Paz, en la cual \u00a0adujo \u00a0haber \u00a0visto en campa\u00f1a a la Gobernaci\u00f3n al acusado en Santa Helena del \u00a0Op\u00f3n \u00a0en \u00a02003, \u00a0con \u00a0miembros \u00a0armados \u00a0y \u00a0uniformados de las autodefensas que \u00a0obligaron \u00a0a \u00a0la \u00a0poblaci\u00f3n \u00a0a \u00a0salir \u00a0a \u00a0la \u00a0plaza \u00a0p\u00fablica para escuchar sus \u00a0propuestas, \u00a0y \u00a0que \u00a0despu\u00e9s \u00a0de \u00a0dos \u00a0horas \u00a0y media de reuni\u00f3n, salieron con \u00a0destino \u00a0a \u00a0la provincia de V\u00e9lez en caravana, lo cual coincide con la versi\u00f3n \u00a0libre \u00a0de \u00a0Heidelbergth \u00a0Mendoza Angarita, sin que se conocieran entre s\u00ed; pero \u00a0como \u00a0 aconteci\u00f3 \u00a0con \u00a0los \u00a0deponentes \u00a0Juan \u00a0Fernando \u00a0Morales \u00a0Ballesteros \u00a0y \u00a0Alex\u00e1nder \u00a0Guti\u00e9rrez, \u00a0Guerrero Garavito tambi\u00e9n se retract\u00f3 en la audiencia \u00a0p\u00fablica, \u00a0no obstante su precisi\u00f3n y circunstanciado relato inicial, aduciendo \u00a0que \u00a0lo \u00a0manifestado \u00a0entonces se lo hab\u00eda dado a conocer la comunidad, sin dar \u00a0mayores \u00a0detalles; \u00a0raz\u00f3n \u00a0por \u00a0la \u00a0cual \u00a0estima \u00a0el Ministerio P\u00fablico que su \u00a0inicial manifestaci\u00f3n corresponde a la realidad. \u00a0\u00a0<\/p>\n<p>Por \u00a0\u00faltimo, \u00a0destaca \u00a0las \u00a0declaraciones \u00a0trasladadas \u00a0y rendidas en el juicio por Salvatore Mancuso G\u00f3mez y \u00c9dwar Cobos \u00a0T\u00e9llez, \u00a0alias \u00a0\u201cDiego \u00a0Vecino\u201d, \u00a0quienes \u00a0en \u00a0forma \u00a0precisa, coordinada y \u00a0detallada \u00a0refieren \u00a0haber \u00a0visto \u00a0al \u00a0acusado \u00a0acompa\u00f1ado \u00a0del ex Senador Luis \u00a0Alberto \u00a0Gil \u00a0Castillo \u00a0-fundador del movimiento Convergencia Ciudadana-, en una \u00a0finca \u00a0de \u00a0propiedad \u00a0de \u00a0alias \u00a0\u201cMacaco\u201d \u00a0en jurisdicci\u00f3n del municipio de \u00a0Piamonte \u00a0(Antioquia) \u00a0donde \u00a0se \u00a0encontraba \u00a0la c\u00fapula de las autodefensas, lo \u00a0cual \u00a0indica \u00a0los v\u00ednculos entre ellos, adem\u00e1s de que Mancuso adujo que Carlos \u00a0Casta\u00f1o \u00a0le \u00a0hab\u00eda se\u00f1alado su relaci\u00f3n con el acusado desde la persecuci\u00f3n \u00a0del \u00a0narcotraficante \u00a0Pablo \u00a0Escobar \u00a0Gaviria, \u00a0nexo \u00a0entre la fuerza p\u00fablica y \u00a0bandas \u00a0 criminales \u00a0que \u00a0varias \u00a0notas \u00a0period\u00edsticas \u00a0y \u00a0libros \u00a0sobre \u00a0dicho \u00a0operativo reflejan. \u00a0\u00a0<\/p>\n<p>As\u00ed, \u00a0considera \u00a0que \u00a0no hay duda sobre la \u00a0existencia \u00a0de \u00a0la \u00a0conducta \u00a0punible \u00a0de concierto para delinquir agravado y la \u00a0responsabilidad \u00a0 del \u00a0 acusado, \u00a0 por \u00a0 lo \u00a0 que \u00a0solicita \u00a0proferir \u00a0sentencia \u00a0condenatoria \u00a0 en \u00a0 su \u00a0 contra.\u00a0\u00a0\u00a0\u00a0\u00a0\u00a0\u00a0\u00a0 \u00a0\u00a0<\/p>\n<p>c.- El ex Gobernador Hugo Heliodoro Aguilar \u00a0Naranjo \u00a0\u00a0<\/p>\n<p>A \u00a0trav\u00e9s \u00a0de \u00a0vocero \u00a0present\u00f3 \u00a0cuatro \u00a0argumentos \u00a0para \u00a0justificar \u00a0la sentencia absolutoria que solicita se profiera, \u00a0de la siguiente manera: \u00a0\u00a0<\/p>\n<p>1.- \u00a0La \u00a0esfera subjetiva del acusado, esto \u00a0es, \u00a0las \u00a0condiciones \u00a0que \u00a0lo particularizan, como es el hecho de siempre haber \u00a0acudido \u00a0a \u00a0los \u00a0llamados \u00a0de la justicia; su esfuerzo por ingresar a la Escuela \u00a0General \u00a0Santander \u00a0donde \u00a0se \u00a0gradu\u00f3 \u00a0como \u00a0Subteniente; \u00a0la \u00a0realizaci\u00f3n \u00a0de \u00a0diversos \u00a0 estudios \u00a0que \u00a0detall\u00f3 \u00a0hasta \u00a0ocupar \u00a0el \u00a0cargo \u00a0de \u00a0Gobernador \u00a0de \u00a0Santander, \u00a0pero \u00a0que \u00a0todo \u00a0lo \u00a0hizo para ser el mejor polic\u00eda, ocupaci\u00f3n que \u00a0ostent\u00f3 \u00a0durante \u00a023 \u00a0a\u00f1os \u00a0en \u00a0diferentes regiones del pa\u00eds, combatiendo los \u00a0carteles \u00a0de Medell\u00edn y de Cali, los paramilitares y la guerrilla, sin sanci\u00f3n \u00a0alguna \u00a0 y, \u00a0 por \u00a0 el \u00a0 contrario, \u00a0plagado \u00a0de \u00a0reconocimientos \u00a0nacionales \u00a0e \u00a0internacionales, \u00a0adem\u00e1s \u00a0de \u00a0ser \u00a0reconocido \u00a0como \u00a0un hombre probo, \u00edntegro, \u00a0luchador \u00a0y \u00a0quien \u00a0puso t\u00e9rmino a una de las peores p\u00e1ginas de la historia de \u00a0violencia y criminalidad del pa\u00eds.\u00a0\u00a0 \u00a0\u00a0<\/p>\n<p>Y \u00a0pese \u00a0a \u00a0que \u00a0las personas sean honestas \u00a0hasta \u00a0que \u00a0dejan \u00a0de \u00a0serlo, \u00a0en el caso concreto se trata de el \u201cCoronel\u201d, \u00a0cuyo \u00a0historial \u00a0hace \u00a0dif\u00edcil \u00a0entender, \u00a0y \u00a0mucho \u00a0m\u00e1s \u00a0probar, \u201clo \u00a0que \u00a0lo \u00a0motivar\u00eda a dejar de ser polic\u00eda para pasarse sin \u00a0sacrificios \u00a0al bando de los ladrones\u201d, puesto que no \u00a0es \u00a0lo \u00a0que \u00a0normalmente \u00a0ocurre \u00a0en \u00a0t\u00e9rminos de inferencia indiciaria, siendo \u00a0pertinente \u00a0 evaluar \u00a0 si \u00a0la \u00a0Fiscal\u00eda \u00a0logr\u00f3 \u00a0desvirtuar \u00a0la \u00a0fuerza \u00a0de \u00a0la \u00a0l\u00f3gica.\u00a0\u00a0 \u00a0\u00a0<\/p>\n<p>2.- \u00a0Para juzgar un comportamiento resultan \u00a0trascendentales, \u00a0aunque \u00a0a \u00a0veces \u00a0no \u00a0se \u00a0les \u00a0da \u00a0importancia, los motivos de \u00a0acci\u00f3n \u00a0 o \u00a0de \u00a0autor, \u00a0que \u00a0son \u00a0parte \u00a0del \u00a0elemento \u00a0subjetivo \u00a0que \u00a0permite \u00a0desentra\u00f1ar \u00a0el \u00a0dolo como elemento t\u00edpico, o que fundan la inferencia l\u00f3gica \u00a0para afirmarlo. \u00a0\u00a0<\/p>\n<p>Se cuestiona el vocero si la afirmaci\u00f3n de \u00a0Salvatore \u00a0Mancuso, \u00a0en el sentido de haber visto al procesado en una reuni\u00f3n a \u00a0la \u00a0que asistieron miembros de grupos armados al margen de la ley, pese a que lo \u00a0niegan \u00a0aquellos \u00a0a \u00a0quienes \u00a0deber\u00eda \u00a0constarle, \u00a0seg\u00fan \u00a0su dicho, adem\u00e1s de \u00a0advertir \u00a0no \u00a0saber \u00a0que fuera apoyado por ellos, tiene la fuerza necesaria para \u00a0derribar \u00a0la \u00a0l\u00f3gica de la historia que evidencia que el procesado durante casi \u00a030 \u00a0a\u00f1os \u00a0se comport\u00f3 ajustado a la legalidad y luch\u00f3 con fortaleza contra la \u00a0ilegalidad, \u00a0o \u00a0si \u00a0esa afirmaci\u00f3n descubre los motivos que tendr\u00eda para echar \u00a0al \u00a0traste su reputaci\u00f3n, su historia, su familia y su pa\u00eds, sin que se olvide \u00a0que \u00a0en contra de dicha hip\u00f3tesis se encuentra la versi\u00f3n constante, coherente \u00a0y consistente del acusado. \u00a0\u00a0<\/p>\n<p>Si \u00a0bien \u00a0es \u00a0cierto, \u00a0como \u00a0lo \u00a0advierten \u00a0Procuradur\u00eda \u00a0y \u00a0Fiscal\u00eda, \u00a0no \u00a0se \u00a0trata \u00a0solo \u00a0de la versi\u00f3n de Mancuso que \u00a0afirma \u00a0la presencia del procesado en las supuestas reuniones con paramilitares, \u00a0plantea \u00a0el \u00a0vocero \u00a0que sobre la autor\u00eda del mismo respecto del concierto para \u00a0delinquir \u00a0no hay un n\u00famero plural de pruebas sino un c\u00famulo de evidencias que \u00a0prueban \u00a0un \u00a0mismo \u00a0hecho \u00a0indicador \u00a0y, \u00a0por \u00a0ende, \u00a0en \u00a0gracia \u00a0a \u00a0discusi\u00f3n, \u00a0estructuran \u00a0 un \u00a0 solo \u00a0 indicio \u00a0en \u00a0su \u00a0contra, \u00a0lo \u00a0cual \u00a0debe \u00a0examinar \u00a0la \u00a0Corte. \u00a0\u00a0<\/p>\n<p>As\u00ed, \u00a0se \u00a0estar\u00eda en presencia de un solo \u00a0indicio \u00a0probado -el contacto del acusado con miembros de las autodefensas-, con \u00a0varios \u00a0hechos indicadores del mismo -las declaraciones que dan cuenta de ello-, \u00a0que \u00a0no \u00a0son pruebas del hecho t\u00edpico sino del hecho indicador, frente al cual, \u00a0adem\u00e1s \u00a0de \u00a0la \u00a0prueba directa no mencionada en el juicio, existen por lo menos \u00a0dos \u00a0hechos \u00a0indicadores \u00a0en \u00a0sentido contrario a aquel que pretende incriminar, \u00a0con igual fuerza probatoria. \u00a0\u00a0<\/p>\n<p>Por \u00a0un \u00a0lado, \u00a0al considerar el indicio de \u00a0capacidad \u00a0para \u00a0delinquir \u00a0referido \u00a0a \u00a0las condiciones personales del acusado, \u00a0incluida \u00a0su \u00a0vida \u00a0anterior, \u00a0de \u00a0acuerdo con lo ya mencionado al respecto, sus \u00a0condiciones \u00a0 prueban \u00a0 \u201cun \u00a0hecho \u00a0indicador \u00a0del \u00a0contraindicio \u00a0de capacidad para delinquir\u201d; por otro \u00a0lado, \u00a0sostiene, \u00a0tambi\u00e9n \u00a0se \u00a0ha \u00a0probado \u00a0con \u00a0varios \u00a0hechos \u00a0indicadores el \u00a0contraindicio \u00a0de oportunidad para delinquir, puesto que al acusado le resultaba \u00a0imposible \u00a0separarse de quienes lo acompa\u00f1aban constantemente en sus correr\u00edas \u00a0pol\u00edticas, \u00a0para \u00a0sostener \u00a0contactos con ilegales sin que se hiciera evidente, \u00a0lo \u00a0 cual \u00a0 est\u00e1 \u00a0 demostrado \u00a0 con \u00a0 testimonios \u00a0 y \u00a0 otras \u00a0pruebas \u00a0que \u00a0lo \u00a0acreditan. \u00a0\u00a0<\/p>\n<p>Destaca, \u00a0adem\u00e1s, \u00a0el \u00a0contraindicio \u00a0de \u00a0comportamiento \u00a0procesal \u00a0del enjuiciado, no solo advertido por su comparecencia \u00a0a \u00a0las \u00a0diligencias aun antes de impon\u00e9rsele la detenci\u00f3n preventiva, sino por \u00a0su \u00a0incidencia \u00a0directa \u00a0en \u00a0la \u00a0pr\u00e1ctica de la prueba testimonial, solicitando \u00a0inclusive \u00a0 \u00a0llamar \u00a0 \u00a0a \u00a0 declarar \u00a0 a \u00a0 quienes \u00a0 pretendieron \u00a0 incriminarlo, \u00a0cuestion\u00e1ndolos \u00a0directamente \u00a0sobre su inocencia, como nadie proceder\u00eda si es \u00a0que algo debiera. \u00a0\u00a0<\/p>\n<p>Aduce \u00a0que \u00a0en \u00a0caso \u00a0de que la presencia y \u00a0voluntad \u00a0de \u00a0asistencia \u00a0a las reuniones, as\u00ed como la conciencia de ello en el \u00a0procesado, \u00a0podr\u00eda \u00a0servir para demostrar el dolo del concierto para delinquir, \u00a0ello \u00a0tan \u00a0solo \u00a0evidenciar\u00eda el contacto entre uno y otros, pero no el acuerdo \u00a0entre \u00a0ellos, \u00a0siendo \u00a0lo \u00a0pretendido \u00a0que \u00a0se \u00a0examine el motivo por el cual el \u00a0acusado \u00a0habr\u00eda \u00a0actuado \u00a0dolosamente \u00a0y, \u00a0por ello, sostiene que un indicio no \u00a0tiene \u00a0la \u00a0suficiencia \u00a0para \u00a0neutralizar \u00a0o superar los motivos de acci\u00f3n y de \u00a0vida \u00a0del \u00a0enjuiciado, \u00a0y \u00a0reemplazarlos \u00a0por los que indicar\u00edan con inferencia \u00a0l\u00f3gica \u00a0el \u00a0dolo del concierto para delinquir necesario para tipificar el hecho \u00a0y \u00a0 declarar \u00a0 su \u00a0 responsabilidad, \u00a0 precisamente \u00a0por \u00a0la \u00a0fuerza \u00a0misma \u00a0del \u00a0contraindicio \u00a0 de \u00a0 capacidad \u00a0 para \u00a0delinquir \u00a0y \u00a0por \u00a0la \u00a0presencia \u00a0de \u00a0los \u00a0contraindicios \u00a0de \u00a0oportunidad para hacerlo y el de comportamiento procesal que \u00a0solamente se predica de quien es inocente. \u00a0\u00a0<\/p>\n<p>Se\u00f1ala \u00a0que de aducirse que el motivo haya \u00a0sido \u00a0la ambici\u00f3n o la aspiraci\u00f3n pol\u00edtica, adem\u00e1s de no estar probado ello, \u00a0cabe \u00a0preguntarse \u00a0si lo afirmado por Salvatore Mancuso y las dem\u00e1s pruebas que \u00a0se \u00a0refieren \u00a0al mismo hecho indicador, tiene la fuerza suficiente para sostener \u00a0que \u00a0el \u00a0acusado \u00a0sacrific\u00f3 lo que siempre lo motiv\u00f3 en su vida -la legalidad, \u00a0seguridad \u00a0 y \u00a0 bienestar \u00a0de \u00a0los \u00a0ciudadanos- \u00a0y, \u00a0pese \u00a0a \u00a0sus \u00a0principios \u00a0y \u00a0reconocimientos \u00a0privados \u00a0y \u00a0p\u00fablicos, \u00a0innoblemente \u00a0se \u00a0situ\u00f3 al lado de la \u00a0delincuencia; \u00a0indicio \u00a0\u00fanico \u00a0que \u00a0proviniendo \u00a0de \u00a0inferencias \u00a0derivadas \u00a0de \u00a0testimonios \u00a0 de \u00a0 confesos \u00a0delincuentes \u00a0nada \u00a0demuestra, \u00a0por \u00a0ser \u00a0necesario \u00a0valorarlo en conjunto con el resto del material probatorio. \u00a0\u00a0<\/p>\n<p>3.- \u00a0A \u00a0fin \u00a0de \u00a0establecer los motivos del \u00a0acusado \u00a0para \u00a0comportarse \u00a0como lo ven\u00eda haciendo o para hacerlo en contrav\u00eda \u00a0de \u00a0los \u00a0principios \u00a0que \u00a0gobernaron \u00a0su \u00a0vida, \u00a0se \u00a0cuenta en el proceso con su \u00a0decisi\u00f3n \u00a0de \u00a0ser \u00a0polic\u00eda, \u00a0esto \u00a0es, \u00a0de \u00a0situarse \u00a0al \u00a0lado \u00a0de la ley y la \u00a0Constituci\u00f3n, \u00a0y \u00a0hacerlas \u00a0cumplir, lo cual le signific\u00f3 sacrificar su primer \u00a0matrimonio \u00a0y \u00a0poner en riesgo constante a su familia al punto de ver morir a su \u00a0hermano \u00a0y tener como v\u00edctima del secuestro y la violaci\u00f3n a manos de aquellos \u00a0con \u00a0quienes la Fiscal\u00eda hoy pretende afirmar su contubernio, a su propio hijo, \u00a0lo \u00a0cual \u00a0se \u00a0constituye \u00a0en \u00a0otro \u00a0contraindicio, \u00a0ya que ante semejantes actos \u00a0indignantes \u00a0 en \u00a0 contra \u00a0suya \u00a0y \u00a0de \u00a0sus \u00a0allegados, \u00a0s\u00f3lo \u00a0puede \u00a0inferirse \u00a0l\u00f3gicamente \u00a0 la \u00a0 malquerencia \u00a0 y \u00a0el \u00a0odio \u00a0hacia \u00a0sus \u00a0autores.\u00a0\u00a0 \u00a0\u00a0<\/p>\n<p>Los \u00a0principios \u00a0que guiaron su actuar como \u00a0polic\u00eda \u00a0-labor \u00a0dentro \u00a0de la cual obtuvo destacados logros en la lucha contra \u00a0los \u00a0peores \u00a0delincuentes \u00a0que \u00a0ha \u00a0soportado \u00a0el \u00a0pa\u00eds \u00a0y que actuaron con los \u00a0paramilitares, \u00a0a \u00a0quienes tambi\u00e9n combati\u00f3, lo mismo que al grupo MAS y a las \u00a0FARC-, \u00a0fueron \u00a0los \u00a0mismos \u00a0que \u00a0lo \u00a0llevaron a la pol\u00edtica, una vez retirado, \u00a0entregado \u00a0al \u00a0servicio \u00a0de los dem\u00e1s, lo cual sirve a la hora de juzgarlo como \u00a0un \u00a0hombre \u00a0que, como a todos, lo motiva algo en la vida, independientemente del \u00a0lugar, \u00a0el \u00a0momento \u00a0o \u00a0el trasegar laboral o profesional que desempe\u00f1a; por lo \u00a0que \u00a0si \u00a0lo \u00a0pretendido \u00a0es \u00a0argumentar que sus principios cambiaron o que nunca \u00a0fueron \u00a0honestos, \u00a0ello ha debido demostrarse por parte de la Fiscal\u00eda, pero no \u00a0lo hizo. \u00a0\u00a0<\/p>\n<p>Sostiene que inclusive el comportamiento del \u00a0procesado, \u00a0posterior \u00a0al supuesto acuerdo, es decir, siendo Gobernador, permite \u00a0apreciar \u00a0su \u00a0compromiso \u00a0con \u00a0la \u00a0legalidad \u00a0y \u00a0en contra de los paramilitares, \u00a0porque: \u00a0a) \u00a0la \u00a0designaci\u00f3n \u00a0de su gabinete, incluido el nombramiento de Bonel \u00a0Pati\u00f1o \u00a0Nore\u00f1a -cuyo testimonio ser\u00eda un hecho indicador m\u00e1s del mismo hecho \u00a0a \u00a0indicar \u00a0ya \u00a0citado- \u00a0como \u00a0Secretario \u00a0de \u00a0Educaci\u00f3n, obedeci\u00f3 a criterios \u00a0exclusivamente \u00a0t\u00e9cnicos; \u00a0b) lo afirmado por Pati\u00f1o Nore\u00f1a est\u00e1 desvirtuado \u00a0por \u00a0Iv\u00e1n \u00a0Roberto \u00a0Duque; c) lo que motiv\u00f3 la declaraci\u00f3n de Pati\u00f1o Nore\u00f1a \u00a0surge \u00a0al \u00a0considerar \u00a0que \u00a0fue \u00a0destituido fulminantemente y que le expres\u00f3 al \u00a0Gobernador \u00a0su \u00a0promesa \u00a0de \u00a0vengarse, \u00a0lo \u00a0que por s\u00ed solo torna sospechoso su \u00a0testimonio \u00a0en cuanto a su imparcialidad; d) tan solo ocup\u00f3 el mencionado cargo \u00a0cerca \u00a0de \u00a0tres \u00a0meses \u00a0sin que hubiera sido reemplazado por alguien af\u00edn a los \u00a0paramilitares, \u00a0y \u00a0si \u00a0era \u00a0cuota \u00a0de los mismos, seguramente \u00e9stos se habr\u00edan \u00a0encargado \u00a0del cumplimiento de lo acordado y el acusado no se hubiera atrevido a \u00a0deshonrar \u00a0el compromiso por temor a represalias; e) adem\u00e1s, los resultados del \u00a0gobierno \u00a0del \u00a0procesado \u00a0muestran \u00a0al \u00a0Departamento \u00a0de Santander como l\u00edder a \u00a0nivel \u00a0nacional en seguridad y paz, gracias a su acci\u00f3n contra todos los brotes \u00a0de ilegalidad. \u00a0\u00a0<\/p>\n<p>4.- Entre la candidatura y el ejercicio del \u00a0gobierno \u00a0del \u00a0enjuiciado \u00a0se \u00a0encuentran \u00a0la jornada electoral y sus resultados \u00a0como \u00a0hechos fundamentales a los cuales la Sala ha dado trascendencia probatoria \u00a0en \u00a0otros \u00a0asuntos, siendo que en \u00e9ste, la Fiscal\u00eda entiende que la diferencia \u00a0cuantitativa \u00a0de \u00a027.253 \u00a0votos \u00a0entre \u00a0el procesado y el segundo candidato a la \u00a0Gobernaci\u00f3n \u00a0representa la incidencia de factores externos sobre el electorado, \u00a0como \u00a0las \u00a0presiones \u00a0de \u00a0los \u00a0paramilitares \u00a0a \u00a0favor \u00a0del \u00a0primero; pero si se \u00a0considera \u00a0la \u00a0prueba testimonial directa sobre la inexistencia de las mismas en \u00a0las \u00a0elecciones de 2003 y que esa diferencia constituye cerca el 4% de los votos \u00a0v\u00e1lidos \u00a0en \u00a0la \u00a0jornada a la Gobernaci\u00f3n de Santander, adem\u00e1s de representar \u00a0apenas \u00a0el \u00a02% \u00a0del \u00a0potencial \u00a0de \u00a0la \u00a0votaci\u00f3n \u00a0para \u00a0esa \u00a0\u00e9poca, \u00a0seg\u00fan la \u00a0Registradur\u00eda, \u00a0lo \u00a0cual \u00a0es \u00a0catalogado \u00a0como \u00a0un \u00a0empate \u00a0en t\u00e9rminos de las \u00a0encuestas, \u00a0pr\u00e1cticamente \u00a0habr\u00eda \u00a0que \u00a0decir \u00a0que \u00a0no ha existido en Colombia \u00a0elecci\u00f3n alguna en su historia que pueda calificarse de leg\u00edtima. \u00a0\u00a0<\/p>\n<p>Por \u00a0el \u00a0contrario, \u00a0la \u00a0votaci\u00f3n \u00a0en esas \u00a0elecciones \u00a0y \u00a0la \u00a0diferencia \u00a0por \u00a0la \u00a0cual \u00a0result\u00f3 \u00a0victorioso el procesado, \u00a0constituye \u00a0un \u00a0hecho \u00a0indicador \u00a0de \u00a0un \u00a0debate en el cual las alternativas que \u00a0representaban \u00a0los \u00a0candidatos \u00a0se ofrec\u00edan con igualdad y libertad, al cual se \u00a0suma \u00a0la \u00a0concentraci\u00f3n \u00a0de \u00a0electores \u00a0a \u00a0favor \u00a0del \u00a0acusado en Bucaramanga y \u00a0Barrancabermeja, \u00a0donde \u00a0puede \u00a0localizarse \u00a0el voto de opini\u00f3n -no obstante la \u00a0presencia \u00a0de \u00a0paramilitares \u00a0en \u00a0la \u00faltima-, conforme con la ciencia pol\u00edtica \u00a0que \u00a0lo \u00a0ubica \u00a0en \u00a0ciudades \u00a0donde \u00a0resulta \u00a0menos perceptible la influencia de \u00a0grupos \u00a0armados \u00a0ilegales \u00a0y, \u00a0por \u00a0ende, el ejercicio democr\u00e1tico resulta m\u00e1s \u00a0libre. \u00a0\u00a0<\/p>\n<p>Negar \u00a0ese \u00a0voto \u00a0de \u00a0opini\u00f3n y la jornada \u00a0electoral \u00a0mayoritariamente \u00a0libre \u00a0en \u00a0aquellas \u00a0ciudades, \u00a0solamente encuentra \u00a0explicaci\u00f3n \u00a0en \u00a0el \u00a0af\u00e1n \u00a0por justificar el argumento del acusador, seg\u00fan el \u00a0cual \u00a0el \u00a0procesado \u00a0fue \u00a0elegido \u00a0con el apoyo paramilitar, lo que desconoce el \u00a0simple \u00a0an\u00e1lisis que puede hacerse del resultado de las elecciones, las pruebas \u00a0vertidas \u00a0en \u00a0la \u00a0instrucci\u00f3n \u00a0y \u00a0el juzgamiento que demuestran que los votos a \u00a0favor \u00a0del \u00a0procesado se dieron como respuesta a la necesidad de renovaci\u00f3n, al \u00a0rechazo \u00a0a \u00a0la violencia y a la esperanza fundada en un candidato alejado de los \u00a0pol\u00edticos \u00a0tradicionales, siendo que en los dem\u00e1s municipios la diferencia fue \u00a0del \u00a00.1 \u00a0% entre los candidatos, lo cual constituye otro hecho indicador de una \u00a0elecci\u00f3n libre y sin presiones \u00a0\u00a0<\/p>\n<p>Construir \u00a0la inferencia al contrario, para \u00a0sostener \u00a0que quien gan\u00f3 en un Departamento con influencia paramilitar tuvo que \u00a0contar \u00a0con \u00a0su \u00a0apoyo, \u00a0es alejarse de la t\u00e9cnica del indicio no solamente por \u00a0ser \u00a0una \u00a0exigencia \u00a0diab\u00f3lica \u00a0que allana la afirmaci\u00f3n de responsabilidad de \u00a0todos \u00a0los \u00a0que \u00a0resultan \u00a0electos, \u00a0y \u00a0por \u00a0confundir la inferencia l\u00f3gica del \u00a0indicio \u00a0con \u00a0la estructura de un silogismo cuyas premisas son desconocidas o no \u00a0est\u00e1 probadas. \u00a0\u00a0<\/p>\n<p>5.- En cuanto al dolo como elemento del tipo \u00a0de \u00a0concierto \u00a0para delinquir, aduce que pese a argumentar su inexistencia -como \u00a0quiera \u00a0que \u00a0los hechos con los cuales se pretende demostrar el hecho t\u00edpico no \u00a0fueron \u00a0probados \u00a0por \u00a0la \u00a0Fiscal\u00eda o lo fueron deficientemente a trav\u00e9s de un \u00a0solo \u00a0 indicio \u00a0 que \u00a0 no \u00a0 tiene \u00a0 la \u00a0fuerza \u00a0necesaria \u00a0para \u00a0desvirtuar \u00a0los \u00a0contraindicios \u00a0que \u00a0esgrime-, \u00a0aceptando \u00a0en \u00a0gracia \u00a0a discusi\u00f3n el hecho, se \u00a0encarga de advertir la ausencia de prueba del mismo. \u00a0\u00a0<\/p>\n<p>Para ello se vale de la jurisprudencia de la \u00a0Sala \u00a0seg\u00fan \u00a0la \u00a0cual \u00a0el \u00a0n\u00facleo \u00a0de \u00a0la \u00a0prohibici\u00f3n \u00a0en \u00a0el concierto para \u00a0delinquir \u00a0agravado \u00a0es \u00a0el \u00a0acuerdo \u00a0de \u00a0voluntades \u00a0que \u00a0si \u00a0bien \u00a0no requiere \u00a0materializaci\u00f3n, \u00a0s\u00ed debe verificarse a trav\u00e9s de datos objetivos, por tanto, \u00a0lo \u00a0que \u00a0la \u00a0Fiscal\u00eda \u00a0deb\u00eda \u00a0demostrar \u00a0era \u00a0el \u00a0acuerdo \u00a0y \u00a0no los simples u \u00a0ocasionales \u00a0encuentros \u00a0entre los protagonistas, adem\u00e1s de los datos objetivos \u00a0que \u00a0pudieran \u00a0verificar \u00a0la alianza; pero tan solo pretende dar por probado que \u00a0el \u00a0acusado \u00a0se \u00a0reuni\u00f3 \u00a0con \u00a0paramilitares \u00a0durante \u00a0su \u00a0campa\u00f1a y, como dato \u00a0objetivo \u00a0del \u00a0acuerdo, \u00a0que \u00a0nombr\u00f3 a Bonel Pati\u00f1o Nore\u00f1a como Secretario de \u00a0Educaci\u00f3n, \u00a0lo \u00a0cual \u00a0no \u00a0es prueba ni de la acci\u00f3n de acordar ni del dolo que \u00a0debe \u00a0regir dicha acci\u00f3n por cuanto: primero, lo que tendr\u00eda entidad acusadora \u00a0ser\u00eda \u00a0la \u00a0prueba \u00a0de \u00a0varios \u00a0hechos indicadores de la existencia del acuerdo, \u00a0pero \u00a0tan \u00a0solo \u00a0se cuenta con un solo indicio demostrativo que no es suficiente \u00a0para \u00a0afirmar la tipicidad ni la responsabilidad, y, segundo, as\u00ed el mencionado \u00a0indicio \u00a0tuviera fuerza demostrativa, se requer\u00eda acompa\u00f1arlo del nombramiento \u00a0de \u00a0Pati\u00f1o \u00a0Nore\u00f1a \u00a0como \u00a0hecho verificable del acuerdo porque de tal forma el \u00a0acusado \u00a0habr\u00eda \u00a0honrado \u00a0el \u00a0mismo; \u00a0pero resulta que el testimonio de Pati\u00f1o \u00a0carece \u00a0 de \u00a0credibilidad \u00a0dadas \u00a0sus \u00a0contradicciones \u00a0intr\u00ednsecas \u00a0y \u00a0por \u00a0su \u00a0parcialidad, \u00a0ya \u00a0que \u00a0\u00e9l \u00a0mismo \u00a0manifest\u00f3 \u00a0el \u00a0inter\u00e9s \u00a0de hacerle da\u00f1o al \u00a0procesado. \u00a0\u00a0<\/p>\n<p>Adem\u00e1s de que el compromiso del acusado con \u00a0\u201cErnesto \u00a0 B\u00e1ez\u201d \u00a0 -que \u00a0 \u00e9ste \u00a0 niega \u00a0rotundamente- \u00a0era \u00a0entregarle \u00a0la \u00a0Secretar\u00eda \u00a0 de \u00a0 Salud \u00a0y \u00a0que \u00a0dicho \u00a0pacto \u00a0habr\u00eda \u00a0sido \u00a0honrado \u00a0con \u00a0una \u00a0designaci\u00f3n \u00a0 de \u00a0 apenas \u00a0tres \u00a0meses, \u00a0lo \u00a0cual \u00a0habr\u00eda \u00a0sido \u00a0impedido \u00a0por \u00a0\u201cB\u00e1ez\u201d, \u00a0de \u00a0existir \u00a0el \u00a0acuerdo, \u00a0por \u00a0lo \u00a0que \u00a0no \u00a0est\u00e1 \u00a0acreditada \u00a0la \u00a0existencia \u00a0del \u00a0hecho \u00a0ni \u00a0el \u00a0dolo \u00a0que gobernar\u00eda el mismo y, menos a\u00fan los \u00a0datos objetivos que permitan verificarlo. \u00a0\u00a0<\/p>\n<p>6.- \u00a0Por \u00a0\u00faltimo, ataca el argumento de la \u00a0Procuradur\u00eda \u00a0seg\u00fan el cual para dar valor a los relatos inicialmente vertidos \u00a0por \u00a0quienes luego se retractaron, basta el hecho de ser primeros en el tiempo y \u00a0concordantes \u00a0entre \u00a0s\u00ed, \u00a0al \u00a0advertir \u00a0que la presencia de la defensa y de los \u00a0Magistrados \u00a0en el juicio son factores determinantes para que un testigo diga la \u00a0verdad, \u00a0pues \u00a0no es lo mismo un testimonio vertido ante una Fiscal\u00eda acusadora \u00a0\u00e1vida \u00a0de \u00a0prueba \u00a0incriminatoria, \u00a0que \u00a0aquel rendido ante imparciales que tan \u00a0solo \u00a0quieren \u00a0escuchar la verdad; dos testimonios que se contradicen entre s\u00ed, \u00a0m\u00e1s \u00a0cuando \u00a0provienen \u00a0de la misma persona, no son atendibles salvo que uno de \u00a0ellos \u00a0est\u00e9 acompa\u00f1ado de circunstancias probadas que permitan asignarle mayor \u00a0credibilidad, \u00a0y \u00a0en \u00a0el \u00a0caso \u00a0concreto \u00a0resulta \u00a0que \u00a0la \u00a0concordancia \u00a0de las \u00a0iniciales \u00a0posturas en que se apoya la Procuradur\u00eda, deja de lado el unanimismo \u00a0de \u00a0las \u00a0retractaciones, \u00a0adem\u00e1s \u00a0de \u00a0que \u00a0las \u00a0primeras \u00a0declaraciones \u00a0fueron \u00a0recepcionadas \u00a0por \u00a0un \u00a0escucha \u00a0interesado \u00a0en \u00a0un \u00a0sentido \u00a0particular, est\u00e1n \u00a0cuestionadas \u00a0en \u00a0s\u00ed \u00a0mismas y por el resto de la prueba y tan solo constituyen \u00a0varios \u00a0hechos \u00a0indicadores \u00a0de un solo indicio, el contacto del acusado con los \u00a0ilegales \u00a0y \u00a0no \u00a0el \u00a0acuerdo \u00a0entre \u00a0ellos, \u00a0sin que pueda olvidarse que existen \u00a0m\u00faltiples \u00a0testimonios \u00a0no \u00a0cuestionados \u00a0que contrar\u00edan el hecho indicado por \u00a0aquellos.\u00a0\u00a0 \u00a0\u00a0<\/p>\n<p>\u00a0 \u00a0 \u00a0 \u00a0 \u00a0<\/p>\n<p>\u00a0 \u00a0\u00a0 \u00a0\u00a0 \u00a0Concluye \u00a0solicitando \u00a0la absoluci\u00f3n del acusado por ser inocente y \u00a0porque \u00a0la \u00a0Fiscal\u00eda \u00a0solamente plante\u00f3 lo que en su criterio ser\u00eda la prueba \u00a0de \u00a0hechos \u00a0indicadores de un solo hecho indicado -los contactos y no el acuerdo \u00a0con \u00a0los \u00a0paramilitares-, \u00a0pero \u00a0no \u00a0demostr\u00f3 \u00a0el dolo del hecho t\u00edpico ni los \u00a0datos \u00a0objetivos \u00a0que \u00a0lo \u00a0verifican, \u00a0mientras que la defensa ha desvirtuado la \u00a0existencia \u00a0de \u00a0elementos que permitan afirmar la responsabilidad del acusado y, \u00a0tambi\u00e9n, \u00a0por \u00a0abundar pruebas que neutralizan el valor probatorio expuesto por \u00a0la \u00a0acusadora, \u00a0como \u00a0son \u00a0los \u00a0testimonios \u00a0no \u00a0cuestionados \u00a0que \u00a0descartan la \u00a0ocurrencia \u00a0o \u00a0posibilidad \u00a0de \u00a0acuerdos \u00a0entre \u00a0el acusado y los paramilitares, \u00a0adem\u00e1s \u00a0de \u00a0indicios \u00a0como la falta de motivaci\u00f3n y oportunidad para delinquir \u00a0del \u00a0procesado, \u00a0su \u00a0comportamiento \u00a0procesal \u00a0y \u00a0falta \u00a0de \u00a0identidad \u00a0con \u00a0los \u00a0ilegales, \u00a0la \u00a0votaci\u00f3n y sus resultados son indicativos de una jornada limpia, \u00a0libre y en condiciones de igualdad. \u00a0\u00a0<\/p>\n<p>d. El Defensor \u00a0<\/p>\n<p>Apuntando \u00a0hacia \u00a0la \u00a0absoluci\u00f3n \u00a0de \u00a0su \u00a0patrocinado, \u00a0 \u00a0el \u00a0 \u00a0defensor \u00a0 \u00a0del \u00a0 \u00a0acusado \u00a0 \u00a0present\u00f3 \u00a0 los \u00a0 siguientes \u00a0alegatos: \u00a0\u00a0<\/p>\n<p>Critica al representante de la Fiscal\u00eda por \u00a0pretender \u00a0que \u00a0los \u00a0an\u00f3nimos \u00a0que \u00a0dieron pie a la investigaci\u00f3n sean tenidos \u00a0como \u00a0prueba \u00a0en \u00a0el \u00a0proceso, \u00a0significando \u00a0con ello p\u00e9rdida del tiempo en la \u00a0investigaci\u00f3n \u00a0y \u00a0el \u00a0juzgamiento, \u00a0lo cual resulta irrespetuoso para todos los \u00a0intervinientes \u00a0en \u00a0el juicio, adem\u00e1s de que el alegato fue copia del 80% de la \u00a0resoluci\u00f3n \u00a0de \u00a0acusaci\u00f3n, lo que muestra lo poco importante que fue el juicio \u00a0para \u00a0el \u00a0ente acusador, no obstante la dedicaci\u00f3n de la Sala para analizar las \u00a0posturas \u00a0de \u00a0los \u00a0sujetos \u00a0procesales \u00a0y las pruebas en que se apoyan las tesis \u00a0presentadas \u00a0por cada uno de ellos, sin que, en su criterio, de la intervenci\u00f3n \u00a0de la Fiscal\u00eda se derive la certeza necesaria para condenar. \u00a0\u00a0<\/p>\n<p>Cita como elementos comunes que surgen de la \u00a0actuaci\u00f3n: \u00a0\u00a0<\/p>\n<p>1) \u00a0 La \u00a0 limitaci\u00f3n \u00a0 al \u00a0 derecho \u00a0 de \u00a0contradicci\u00f3n \u00a0 por \u00a0 cuanto \u00a0 en \u00a0 la \u00a0 investigaci\u00f3n \u00a0 no \u00a0se \u00a0permiti\u00f3 \u00a0la \u00a0participaci\u00f3n \u00a0de \u00a0la \u00a0defensa \u00a0en \u00a0la pr\u00e1ctica de las pruebas consideradas de \u00a0cargo \u00a0por \u00a0la \u00a0Fiscal\u00eda \u00a0y, \u00a0en \u00a0aquellas en las que s\u00ed lo hizo, encuentra un \u00a0contenido \u00a0diferente \u00a0al \u00a0aducido \u00a0por \u00a0el ente instructor, que ning\u00fan esfuerzo \u00a0hizo \u00a0 para \u00a0 sustentar \u00a0la \u00a0prueba \u00a0que \u00a0direccion\u00f3, \u00a0por \u00a0lo \u00a0que \u00a0carece \u00a0de \u00a0veracidad. \u00a0\u00a0<\/p>\n<p>2) \u00a0 Los \u00a0miembros \u00a0de \u00a0las \u00a0autodefensas \u00a0encargados \u00a0de \u00a0ejercer \u00a0el \u00a0apoyo \u00a0pol\u00edtico y militar en Santander descartaron \u00a0cualquier \u00a0tipo \u00a0de \u00a0reuni\u00f3n \u00a0y \u00a0alianza \u00a0con \u00a0el \u00a0procesado, \u00a0siendo ellos los \u00a0protagonistas de los hechos. \u00a0\u00a0<\/p>\n<p>3) \u00a0 Ninguna \u00a0 prueba \u00a0 desvirtu\u00f3 \u00a0 el \u00a0caracter\u00edstico \u00a0talante \u00a0del \u00a0acusado, \u00a0resaltado \u00a0por el vocero, quien siempre \u00a0puso la cara a los testigos, a su juez y a su pa\u00eds. \u00a0\u00a0<\/p>\n<p>4) Se presentaron como cre\u00edbles testigos de \u00a0muy \u00a0bajo \u00a0nivel, \u00a0a pesar de que se juzga a personas aforadas, desconociendo la \u00a0naturaleza \u00a0misma \u00a0de \u00a0las cosas, dado que por el mismo nivel de los testigos no \u00a0ten\u00edan \u00a0 \u00a0el \u00a0 \u00a0m\u00e1s \u00a0 \u00a0m\u00ednimo \u00a0 \u00a0contacto \u00a0 \u00a0con \u00a0 \u00a0el \u00a0 \u00a0candidato \u00a0 \u00a0a \u00a0 la \u00a0Gobernaci\u00f3n. \u00a0\u00a0<\/p>\n<p>5) La contienda electoral fue tergiversada y \u00a0analizada \u00a0aisladamente \u00a0por \u00a0la \u00a0instructora, \u00a0se\u00f1alando \u00a0que \u00a0la misma no fue \u00a0re\u00f1ida \u00a0ni \u00a0igualitaria \u00a0para afirmar que la campa\u00f1a del acusado cont\u00f3 con el \u00a0apoyo \u00a0de \u00a0los \u00a0paramilitares, \u00a0lo \u00a0cual \u00a0fue desacreditado por la defensa y por \u00a0hechos objetivos como los resultados electorales; \u00a0\u00a0<\/p>\n<p>6) Se juzga la conducta del acusado y no el \u00a0comportamiento \u00a0de \u00a0su \u00a0movimiento pol\u00edtico o de sus miembros, el cual no puede \u00a0comprometer la responsabilidad de aquel. \u00a0\u00a0<\/p>\n<p>La prueba practicada en el juicio demostr\u00f3 \u00a0que \u00a0el \u00a0procesado \u00a0no realiz\u00f3 pacto o acuerdo con las autodefensas; que \u00e9stas \u00a0no \u00a0tuvieron \u00a0injerencia \u00a0en \u00a0las elecciones a la Gobernaci\u00f3n de Santander para \u00a0cuando \u00a0el \u00a0acusado \u00a0particip\u00f3 \u00a0en \u00a0las mismas; que en el nombramiento de Bonel \u00a0Pati\u00f1o \u00a0Nore\u00f1a \u00a0no \u00a0tuvo \u00a0ninguna \u00a0incidencia \u00a0Iv\u00e1n Roberto Duque, tal y como \u00a0\u00e9ste \u00a0lo \u00a0indic\u00f3; \u00a0que el procesado ha sido una persona dedicada a servir a la \u00a0comunidad \u00a0 y \u00a0 combatir \u00a0 la \u00a0delincuencia \u00a0pese \u00a0a \u00a0sufrir \u00a0personalmente \u00a0las \u00a0consecuencias \u00a0de \u00a0ello, \u00a0y, \u00a0tambi\u00e9n \u00a0acredit\u00f3 \u00a0la existencia de una campa\u00f1a \u00a0libre \u00a0donde el voto de opini\u00f3n fue determinante para su elecci\u00f3n.\u00a0\u00a0 \u00a0\u00a0<\/p>\n<p>La \u00a0Fiscal\u00eda \u00a0sustenta \u00a0la \u00a0resoluci\u00f3n de \u00a0acusaci\u00f3n \u00a0en la presencia paramilitar en el Departamento de Santander, lo cual \u00a0resultaba \u00a0innecesario \u00a0por estar completamente probado, adem\u00e1s de que tambi\u00e9n \u00a0lo \u00a0hac\u00edan \u00a0otros \u00a0grupos \u00a0ilegales, \u00a0seg\u00fan \u00a0lo \u00a0dijeron Iv\u00e1n Roberto Duque y \u00a0varios \u00a0testigos; \u00a0hecho \u00a0que \u00a0hasta \u00a0el \u00a0acusado \u00a0reconoci\u00f3 \u00a0y \u00a0utiliz\u00f3 en su \u00a0campa\u00f1a \u00a0como \u00a0punta \u00a0de lanza, en el entendido que de ser elegido luchar\u00eda en \u00a0contra \u00a0de \u00a0los \u00a0mismos \u00a0as\u00ed \u00a0como \u00a0contra las dem\u00e1s agrupaciones ilegales con \u00a0presencia \u00a0en \u00a0el \u00a0Departamento; es m\u00e1s, no es un secreto que esas agrupaciones \u00a0incidieron \u00a0en diversas campa\u00f1as pol\u00edticas en las que inclusive la Corte ya ha \u00a0emitido \u00a0pronunciamientos, \u00a0sin que ello advierta que de igual forma la campa\u00f1a \u00a0del procesado se viera interferida por aquellos. \u00a0\u00a0<\/p>\n<p>Se\u00f1ala \u00a0que ni siquiera la prueba expuesta \u00a0por \u00a0la \u00a0Fiscal\u00eda \u00a0es \u00a0\u00fatil \u00a0para \u00a0demostrar \u00a0la \u00a0influencia \u00a0pol\u00edtica de las \u00a0autodefensas \u00a0en \u00a0Santander, \u00a0porque \u00a0pese a citar los testimonios que dan fe de \u00a0una \u00a0reuni\u00f3n \u00a0de \u00a0concejales \u00a0de \u00a0Barrancabermeja con autodefensas a fin de que \u00a0participaran \u00a0en \u00a0su \u00a0proyecto pol\u00edtico, aquellos se opusieron, lo cual permite \u00a0apreciar la influencia m\u00ednima que ten\u00edan \u00e9stos. \u00a0\u00a0<\/p>\n<p>En \u00a0 la \u00a0 acusaci\u00f3n \u00a0 se \u00a0citan \u00a0algunos \u00a0testimonios \u00a0que \u00a0pretenden \u00a0demostrar \u00a0la responsabilidad del procesado por sus \u00a0supuestos \u00a0v\u00ednculos \u00a0con \u00a0paramilitares, \u00a0como \u00a0es \u00a0el \u00a0caso \u00a0de Robinson Rueda \u00a0Vargas, \u00a0quien \u00a0en \u00a0realidad \u00a0se refiere a una campa\u00f1a electoral diferente a la \u00a0del \u00a0acusado y menciona que otras personas le habr\u00edan comentado sobre supuestas \u00a0reuniones \u00a0a \u00a0las que \u00e9ste habr\u00eda concurrido, lo que indica que se trata de un \u00a0testigo \u00a0de \u00a0o\u00eddas; \u00a0adem\u00e1s \u00a0de \u00a0mencionar \u00a0que \u00a0el Coronel Julio Cesar Prieto \u00a0Rivera \u00a0habr\u00eda \u00a0sido \u00a0relevado \u00a0de \u00a0su \u00a0cargo \u00a0por su accionar contra los\u00a0 \u00a0paramilitares, \u00a0seg\u00fan \u00a0acuerdo \u00a0entre \u00a0\u00e9stos \u00a0y \u00a0el acusado; siendo que de los \u00a0\u00e9xitos \u00a0de \u00a0Prieto \u00a0Rivera \u00a0no \u00a0puede \u00a0excluirse \u00a0la \u00a0labor \u00a0del \u00a0acusado \u00a0como \u00a0Gobernador, \u00a0quien hab\u00eda dado \u00f3rdenes de exterminar cualquier grupo ilegal que \u00a0hiciera \u00a0presencia \u00a0en el Departamento, seg\u00fan lo acreditan diversos testimonios \u00a0que cita. \u00a0\u00a0<\/p>\n<p>Adem\u00e1s, \u00a0aduce \u00a0que \u00a0ni \u00a0siquiera el mismo \u00a0Prieto \u00a0Rivera \u00a0advierte \u00a0que directamente el acusado haya sido art\u00edfice de las \u00a0manifestaciones \u00a0en \u00a0su \u00a0contra, \u00a0sino \u00a0que \u00a0se basa en sus personales creencias \u00a0generadas \u00a0por \u00a0las \u00a0malas \u00a0relaciones \u00a0existentes \u00a0entre \u00a0ambos \u00a0y \u00a0a partir de \u00a0an\u00f3nimos \u00a0-desmentidos- \u00a0que \u00a0recibi\u00f3, \u00a0raz\u00f3n \u00a0por la cual su declaraci\u00f3n no \u00a0puede ser tenida en cuenta. \u00a0\u00a0<\/p>\n<p>Se\u00f1ala \u00a0que \u00a0en \u00a0la acusaci\u00f3n tambi\u00e9n se \u00a0alude \u00a0a \u00a0la presencia del acusado en reuniones convocadas por las autodefensas, \u00a0raz\u00f3n \u00a0por la cual resulta indispensable determinar la existencia de las mismas \u00a0con \u00a0los \u00a0jefes \u00a0paramilitares, \u00a0siendo \u00a0que \u201cJuli\u00e1n Bol\u00edvar\u201d y \u201cErnesto \u00a0B\u00e1ez\u201d \u00a0han \u00a0sido \u00a0claros \u00a0en \u00a0afirmar que no conocieron al procesado y que la \u00a0\u00fanica \u00a0vez \u00a0que \u00a0estuvieron \u00a0en \u00a0un \u00a0mismo \u00a0lugar \u00a0con \u00a0\u00e9ste fue en la mesa de \u00a0negociaci\u00f3n \u00a0en \u00a0Ralito, \u00a0que \u00a0nunca \u00a0supieron \u00a0de \u00a0colaboraci\u00f3n \u00a0alguna \u00a0a su \u00a0campa\u00f1a \u00a0y que no era posible ello sin su consentimiento, como tambi\u00e9n lo dijo \u00a0Orlando Caro Pati\u00f1o. \u00a0\u00a0<\/p>\n<p>La reuni\u00f3n de concejales y autodefensas en \u00a0Puerto \u00a0Berr\u00edo, \u00a0abordada \u00a0por \u00a0la \u00a0Fiscal\u00eda \u00a0a partir del testimonio de Jos\u00e9 \u00a0Agust\u00edn \u00a0Quecho Angarita, quien en su primera salida procesal afirm\u00f3 que all\u00ed \u00a0hab\u00eda \u00a0 estado \u00a0 el \u00a0acusado, \u00a0fue \u00a0corregido \u00a0por \u00a0el \u00a0mismo \u00a0en \u00a0una \u00a0segunda \u00a0declaraci\u00f3n \u00a0en \u00a0la \u00a0que \u00a0decidi\u00f3 \u00a0contar \u00a0la verdad al se\u00f1alar que no estaba \u00a0seguro \u00a0de \u00a0la asistencia de \u00e9ste, siendo confirmado por \u201cJuli\u00e1n Bol\u00edvar\u201d \u00a0y \u00a0\u201cErnesto \u00a0B\u00e1ez\u201d, \u00a0a \u00a0quienes \u00a0el \u00a0testigo \u00a0refiere como presentes all\u00ed, \u00a0aduciendo \u00e9stos que nunca se reunieron con aqu\u00e9l. \u00a0\u00a0<\/p>\n<p>La \u00a0presunta \u00a0reuni\u00f3n \u00a0en \u00a0San \u00a0Juan Bosco \u00a0Laverde \u00a0entre \u00a0el \u00a0acusado \u00a0y alias \u201cNicol\u00e1s\u201d -fallecido-, jefe del Frente \u00a0\u201cIsidro \u00a0Carre\u00f1o\u201d, \u00a0referida \u00a0en \u00a0la instrucci\u00f3n por Juan Fernando Morales \u00a0Ballesteros \u00a0sin \u00a0darse la posibilidad de ejercer el derecho de contradicci\u00f3n a \u00a0la \u00a0defensa, \u00a0es \u00a0criticable por desconocer la naturaleza misma de las cosas, ya \u00a0que \u00a0si \u00a0de \u00a0hacer \u00a0acuerdos \u00a0se \u00a0trataba \u00a0el \u00a0acusado los habr\u00eda hecho con los \u00a0comandantes \u00a0de \u00a0los \u00a0grupos ilegales y no con patrulleros rasos, adem\u00e1s de que \u00a0el \u00a0mencionado \u00a0Frente \u00a0se \u00a0encontraba \u00a0bajo \u00a0las \u00a0\u00f3rdenes \u00a0del \u00a0Bloque Central \u00a0Bol\u00edvar \u00a0y \u00a0que \u00a0luego \u00a0pas\u00f3 a ser adjunto del Bloque de Puerto Boyac\u00e1, cuyos \u00a0jefes \u00a0-Rodrigo \u00a0P\u00e9rez \u00a0Alzate \u00a0y \u00a0Arnubio \u00a0Triana- descartaron apoyo alguno de \u00a0ellos \u00a0o \u00a0de \u00a0sus \u00a0hombres \u00a0a \u00a0la \u00a0campa\u00f1a \u00a0del acusado, aparte de que el mismo \u00a0Morales \u00a0Ballesteros \u00a0en \u00a0declaraci\u00f3n \u00a0posterior \u00a0rendida ante la Procuradur\u00eda \u00a0afirm\u00f3 \u00a0no \u00a0tener \u00a0conocimiento \u00a0de v\u00ednculos con el procesado y hasta se\u00f1al\u00f3 \u00a0que \u00a0a \u00a0\u201cNicol\u00e1s\u201d le interesaba que hubiera competencia en la pol\u00edtica, lo \u00a0cual \u00a0se \u00a0corrobora \u00a0con los resultados electorales de su zona de influencia que \u00a0demuestran \u00a0que \u00a0no \u00a0hubo \u00a0coacci\u00f3n \u00a0de su parte y, por tanto, no era necesario \u00a0pedirle \u00a0permiso \u00a0para \u00a0hacer proselitismo, lo cual termina por aclararse cuando \u00a0aqu\u00e9l \u00a0rindi\u00f3 \u00a0su testimonio en el juicio y adujo que lo dicho con antelaci\u00f3n \u00a0contra \u00a0el procesado no era m\u00e1s que un mal entendido, corroborando lo sostenido \u00a0por \u00a0 \u00a0el \u00a0 acusado \u00a0 y \u00a0 los \u00a0 dem\u00e1s \u00a0 testigos \u00a0 que \u00a0 comparecieron \u00a0 a \u00a0 la \u00a0audiencia. \u00a0\u00a0<\/p>\n<p>As\u00ed, para la defensa, la raz\u00f3n por la cual \u00a0el \u00a0testigo \u00a0var\u00eda sus versiones corresponde al hecho de que s\u00f3lo en audiencia \u00a0pudo \u00a0contrainterrogarlo, \u00a0por lo que sus opiniones pudieron ser interpretadas y \u00a0hasta \u00a0sugeridas \u00a0por \u00a0quien \u00a0realiz\u00f3 \u00a0la diligencia inicial, sin permit\u00edrsele \u00a0siquiera \u00a0 leer \u00a0 su \u00a0 propia \u00a0 declaraci\u00f3n \u00a0 que \u00a0 fue \u00a0escrita \u00a0de \u00a0cualquier \u00a0manera. \u00a0\u00a0<\/p>\n<p>Adem\u00e1s, \u00a0destaca \u00a0que \u00a0lo \u00a0anunciado \u00a0por \u00a0Morales \u00a0Ballesteros \u00a0sobre \u00a0la \u00a0captura \u00a0de \u00a0Orlando \u00a0Caro \u00a0Pati\u00f1o no tiene la \u00a0importancia \u00a0que \u00a0le \u00a0brinda \u00a0la \u00a0Fiscal\u00eda, \u00a0pues en \u00faltimas asegura que nunca \u00a0realiz\u00f3 \u00a0diligencia \u00a0alguna \u00a0para \u00a0obtener la certificaci\u00f3n de la campa\u00f1a del \u00a0acusado \u00a0para \u00a0liberarlo \u00a0de la detenci\u00f3n de que hab\u00eda sido objeto, lo cual no \u00a0pod\u00eda \u00a0realizar \u00a0por ser apenas un soldado raso sin los contactos y experiencia \u00a0necesaria \u00a0como \u00a0para ser encargado de tal misi\u00f3n, adem\u00e1s de que la mencionada \u00a0constancia \u00a0no se demostr\u00f3 que fuera emitida por el procesado y si fue expedida \u00a0por \u00a0miembros de su campa\u00f1a, tal evento pudo ocurrir sin su concurrencia y, por \u00a0ende, \u00a0ninguna\u00a0 \u00a0responsabilidad puede endilg\u00e1rsele por ello;\u00a0 siendo \u00a0que, \u00a0de \u00a0otro \u00a0lado, \u00a0Caro \u00a0Pati\u00f1o afirm\u00f3 no conocer ni haber tenido v\u00ednculo \u00a0alguno \u00a0con el procesado en la declaraci\u00f3n que rindi\u00f3 ante la Procuradur\u00eda y, \u00a0si \u00a0al \u00a0momento \u00a0de \u00a0ser \u00a0capturado \u00a0se \u00a0le encontr\u00f3 propaganda pol\u00edtica de la \u00a0campa\u00f1a \u00a0del \u00a0acusado, \u00a0no \u00a0se \u00a0demostr\u00f3 que \u00e9ste estuviera enterado de ello, \u00a0pudiendo hab\u00e9rsela proporcionado cualquier persona. \u00a0\u00a0<\/p>\n<p>Afirma \u00a0que no hay raz\u00f3n alguna por la que \u00a0Morales \u00a0Ballesteros \u00a0quisiera faltar a la verdad, siendo que, por el contrario, \u00a0desde \u00a0sus \u00a0versiones \u00a0ante la Procuradur\u00eda afirm\u00f3 lo que vino a corroborar en \u00a0la \u00a0audiencia y que su \u00fanico prop\u00f3sito es no perder su trabajo, luego de haber \u00a0pagado sus culpas con la sociedad. \u00a0\u00a0<\/p>\n<p>Cuestiona, \u00a0de \u00a0otro \u00a0lado, \u00a0la \u00a0supuesta \u00a0reuni\u00f3n \u00a0en \u201cCerro Burgos\u201d sur de Bol\u00edvar, que la Fiscal\u00eda sustenta en la \u00a0declaraci\u00f3n \u00a0de \u00a0Orlando \u00a0Morales \u00a0Murillo, \u00a0quien \u00a0afirma \u00a0haber \u00a0conocido \u00a0al \u00a0procesado \u00a0y \u00a0sus cuatro escoltas en ese lugar en 2001, por cuanto en esa \u00e9poca \u00a0Aguilar \u00a0Naranjo \u00a0era \u00a0Diputado \u00a0a la Asamblea y no candidato a la Gobernaci\u00f3n, \u00a0adem\u00e1s \u00a0de \u00a0que \u00a0\u201cJuli\u00e1n Bol\u00edvar\u201d, el \u00fanico referente del testimonio, es \u00a0claro \u00a0al \u00a0afirmar \u00a0que \u00a0solamente \u00a0ha \u00a0estado \u00a0con \u00a0el \u00a0acusado \u00a0en \u00a0la mesa de \u00a0negociaci\u00f3n \u00a0en \u00a0Ralito \u00a0a \u00a0mediados \u00a0de \u00a02004, por lo que poca fidelidad tiene \u00a0aquella \u00a0versi\u00f3n, \u00a0adem\u00e1s \u00a0de \u00a0que \u00a0debe \u00a0tenerse \u00a0en \u00a0cuenta \u00a0que la supuesta \u00a0reuni\u00f3n \u00a0habr\u00eda \u00a0sido \u00a0en \u00a0zona \u00a0diferente \u00a0a \u00a0aquella donde se desarroll\u00f3 la \u00a0campa\u00f1a \u00a0de \u00a0su \u00a0patrocinado y en un\u00a0 tiempo diversa, aparte de que si los \u00a0escoltas \u00a0mencionados se pudieron percatar de la reuni\u00f3n, as\u00ed lo hubieran dado \u00a0a \u00a0conocer \u00a0cuando declararon, lo que demuestra que ella nunca se realiz\u00f3, como \u00a0tampoco las dem\u00e1s. \u00a0\u00a0<\/p>\n<p>\u00a0\u00a0\u00a0\u00a0 \u00a0<\/p>\n<p>Lo \u00a0sostenido \u00a0por \u00a0Heidelbergth \u00a0Mendoza \u00a0Angarita \u00a0en \u00a0todas \u00a0sus \u00a0salidas \u00a0procesales, en el sentido de que por orden de \u00a0alias \u00a0\u201cNicol\u00e1s\u201d, \u00a0jefe del Frente Isidro Carre\u00f1o, le prest\u00f3 seguridad al \u00a0acusado \u00a0 durante \u00a0 la \u00a0correr\u00eda \u00a0que \u00a0efectu\u00f3 \u00a0en \u00a0enero \u00a0de \u00a02003 \u00a0desde \u00a0el \u00a0corregimiento \u00a0Puerto \u00a0Nuevo \u00a0hasta \u00a0el \u00a0municipio \u00a0de \u00a0La \u00a0Paz, debido a pactos \u00a0previamente \u00a0 realizados, \u00a0 resulta \u00a0 ser \u00a0 mentira \u00a0 al \u00a0confrontarlo \u00a0con \u00a0las \u00a0aseveraciones \u00a0de \u00a0los \u00a0m\u00e1ximos \u00a0comandantes \u00a0del \u00a0\u201cBCB\u201d \u00a0alias \u00a0\u201cErnesto \u00a0B\u00e1ez\u201d, \u00a0\u201cJuli\u00e1n \u00a0Bol\u00edvar\u201d y Orlando Caro Pati\u00f1o; adem\u00e1s de que siendo \u00a0un \u00a0\u201ccomandante \u00a0medio \u00a0bajo\u201d, \u00a0seg\u00fan \u00a0lo \u00a0dijo \u00a0en \u00a0audiencia, \u00a0no \u00a0ten\u00eda \u00a0injerencia \u00a0alguna \u00a0en \u00a0decisiones \u00a0de \u00a0tipo militar o pol\u00edtico asumidas por el \u00a0grupo, \u00a0tan \u00a0solo \u00a0recib\u00eda \u00a0\u00f3rdenes que ejecutaba sin preguntar el por qu\u00e9 y, \u00a0convenientemente, \u00a0sustenta \u00a0sus sindicaciones en militantes de la organizaci\u00f3n \u00a0que se encuentran desaparecidos o muertos. \u00a0\u00a0<\/p>\n<p>Testimonio \u00a0que \u00a0fue \u00a0desmentido \u00a0por Jos\u00e9 \u00a0Enrique \u00a0Guerrero \u00a0Garavito, \u00a0ex \u00a0concejal de Contrataci\u00f3n (Santander), quien a \u00a0pesar \u00a0de \u00a0haber \u00a0rendido \u00a0inicialmente \u00a0su \u00a0declaraci\u00f3n sin la presencia de la \u00a0defensa, \u00a0al \u00a0ser \u00a0interrogado \u00a0en la audiencia p\u00fablica, adujo que nunca vio al \u00a0procesado \u00a0en Santa Helena del Op\u00f3n en tarima con miembros de las autodefensas, \u00a0ni \u00a0evidenci\u00f3 \u00a0apoyo \u00a0de \u00a0\u00e9stos \u00a0a \u00a0su favor, que las campa\u00f1as electorales se \u00a0desarrollaron \u00a0con normalidad y, en cuanto a lo afirmado en el Consejo Municipal \u00a0de \u00a0Contrataci\u00f3n, \u00a0seg\u00fan \u00a0Acta \u00a0No. 049 del 29 de agosto de 2007, asegur\u00f3 que \u00a0obedeci\u00f3 \u00a0a lo escuchado de terceros, aclarando su versi\u00f3n como lo hicieron la \u00a0mayor\u00eda \u00a0de \u00a0quienes \u00a0por \u00a0primera \u00a0vez en la audiencia fueron indagados por la \u00a0defensa, \u00a0 \u00a0afirmando \u00a0 \u00a0que \u00a0 \u00a0el \u00a0 \u00a0acusado \u00a0 \u00a0no \u00a0 \u00a0fue \u00a0 apoyado \u00a0 por \u00a0 los \u00a0paramilitares. \u00a0\u00a0<\/p>\n<p>Si \u00a0los comandantes superiores del Bloque \u00a0por \u00a0lo \u00a0menos \u00a0deb\u00edan conocer el apoyo brindado por el Frente al acusado, como \u00a0el \u00a0testigo \u00a0lo \u00a0afirm\u00f3 en la vista p\u00fablica, sus atestaciones no son cre\u00edbles \u00a0dado \u00a0que \u00a0aquellos \u00a0lo \u00a0desmienten, \u00a0y \u00a0menos \u00a0si \u00a0se\u00f1ala no haber presenciado \u00a0acuerdos \u00a0entre \u00a0el \u00a0procesado \u00a0y \u00a0alg\u00fan miembro de las autodefensas; ahora, la \u00a0correr\u00eda \u00a0que \u00a0advierte \u00a0carece \u00a0de \u00a0coherencia \u00a0y \u00a0ri\u00f1e \u00a0con las reglas de la \u00a0experiencia \u00a0porque si ten\u00eda problemas con \u201cNicol\u00e1s\u201d, resulta cuestionable \u00a0que \u00a0le hubiera encomendado la misi\u00f3n de servirle como seguridad al candidato a \u00a0la \u00a0Gobernaci\u00f3n \u00a0en \u00a0una \u00a0zona \u00a0con \u00a0presencia \u00a0guerrillera; \u00a0adem\u00e1s de que el \u00a0recorrido \u00a0no \u00a0pudo \u00a0haberse \u00a0cumplido en enero de 2003, pues documentalmente se \u00a0demostr\u00f3 \u00a0que \u00a0el procesado tan solo visit\u00f3 esa regi\u00f3n el 26 de agosto de ese \u00a0a\u00f1o, \u00a0cuando \u00a0ya \u00a0hab\u00eda \u00a0sido \u00a0capturado \u00a0el testigo; y si Mendoza Angarita no \u00a0conoc\u00eda \u00a0el \u00a0panorama \u00a0pol\u00edtico \u00a0de \u00a0la \u00a0\u00e9poca, porque ni siquiera pudo decir \u00a0quien \u00a0fue el contrincante del acusado en la gesta electoral, no es de recibo su \u00a0manifestaci\u00f3n \u00a0en \u00a0cuanto \u00a0que \u00a0personalmente \u00a0habl\u00f3 con la comunidad para que \u00a0votara \u00a0por Aguilar Naranjo y que sab\u00eda que se hab\u00eda amenazado a la poblaci\u00f3n \u00a0para \u00a0que \u00a0procediera \u00a0en \u00a0tal \u00a0sentido; \u00a0por \u00a0\u00faltimo, \u00a0siendo \u00a0el \u00a0testigo del \u00a0municipio \u00a0de \u00a0Contrataci\u00f3n, \u00a0donde, \u00a0seg\u00fan \u00a0dijo, \u00a0las \u00a0autodefensas \u00a0ten\u00edan \u00a0control, \u00a0como \u00a0en \u00a0efecto \u00a0ocurr\u00eda, inveros\u00edmil emerge que no haya obligado a \u00a0votar \u00a0a \u00a0favor \u00a0del \u00a0acusado, \u00a0quien \u00a0all\u00ed \u00a0perdi\u00f3 \u00a0frente a su opositor a la \u00a0Gobernaci\u00f3n, \u00a0lo \u00a0mismo que en El Guacamayo, otro sitio indicado por el testigo \u00a0como de dominio paramilitar. \u00a0\u00a0<\/p>\n<p>Con \u00a0ello, \u00a0estima la defensa, se corrobora \u00a0que \u00a0no \u00a0existi\u00f3 ning\u00fan acuerdo previo o concomitante entre el procesado y las \u00a0autodefensas, \u00a0puesto \u00a0que \u00a0no \u00a0se \u00a0habr\u00eda \u00a0cumplido \u00a0el \u00a0mismo, \u00a0y que Mendoza \u00a0Angarita no es un testigo cre\u00edble. \u00a0\u00a0<\/p>\n<p>En \u00a0cuanto \u00a0a \u00a0la llegada del enjuiciado en \u00a0horas \u00a0de \u00a0la \u00a0noche a una reuni\u00f3n celebrada a finales de 2002, en una finca de \u00a0la \u00a0vereda \u00a0Piamonte \u00a0del municipio de Caucasia -Antioquia-, seg\u00fan lo se\u00f1alado \u00a0por \u00a0 David \u00a0Hern\u00e1ndez \u00a0L\u00f3pez, \u00a0alias \u00a0\u201cDiego \u00a0Rivera\u201d, \u00a0donde \u00a0\u201cJuli\u00e1n \u00a0Bol\u00edvar\u201d \u00a0se lo habr\u00eda presentado -sin advertir siquiera qu\u00e9 dialogaron los \u00a0jefes \u00a0paramilitares \u00a0all\u00ed \u00a0presentes \u00a0con \u00a0el \u00a0acusado-, \u00a0\u00e9ste \u00a0y \u00a0\u201cErnesto \u00a0B\u00e1ez\u201d \u00a0restan importancia a la posici\u00f3n que el testigo se atribuye dentro de \u00a0la \u00a0organizaci\u00f3n, \u00a0adem\u00e1s \u00a0de \u00a0que \u00a0el mismo destaca que jam\u00e1s ejerci\u00f3 cargo \u00a0alguno \u00a0en \u00a0Santander \u00a0y \u00a0que \u00a0para \u00a0la \u00a0\u00e9poca de la campa\u00f1a a la Gobernaci\u00f3n \u00a0estaba \u00a0laborando en el Departamento de Nari\u00f1o, por lo que ning\u00fan conocimiento \u00a0ten\u00eda sobre dichos comicios. \u00a0\u00a0<\/p>\n<p>Infiere \u00a0la \u00a0defensa, \u00a0con fundamento en lo \u00a0se\u00f1alado \u00a0por \u00a0el \u00a0procesado en su injurada y en audiencia, que por haber hecho \u00a0parte \u00a0del bloque de b\u00fasqueda que le dio muerte a Pablo Escobar en la ciudad de \u00a0Medell\u00edn, \u00a0ten\u00eda \u00a0vedado \u00a0entrar \u00a0al Departamento de Antioquia, por lo que era \u00a0imposible \u00a0que \u00a0dicha \u00a0reuni\u00f3n \u00a0se \u00a0llevara \u00a0a cabo en ese lugar y menos en las \u00a0condiciones \u00a0 \u00a0que \u00a0 \u00a0supuestamente \u00a0 \u00a0arrib\u00f3 \u00a0 \u00a0a \u00a0 \u00a0la \u00a0 misma \u00a0 Aguilar \u00a0Naranjo, \u00a0sin \u00a0escoltas y a altas \u00a0horas \u00a0de \u00a0la \u00a0noche, lo cual lo har\u00eda blanco de cualquier atentado, adem\u00e1s de \u00a0que \u00a0alias \u00a0\u201cJuli\u00e1n \u00a0Bol\u00edvar\u201d \u00a0niega \u00a0tal \u00a0suceso \u00a0y que la relevancia del \u00a0testigo \u00a0apenas \u00a0se origina cuando da a conocer el actuar criminal de un abogado \u00a0que \u00a0le \u00a0hizo una oferta econ\u00f3mica para retractarse de las sindicaciones hechas \u00a0en \u00a0contra \u00a0de \u00a0algunos \u00a0sindicados, \u00a0sin \u00a0que haya mencionado al procesado como \u00a0part\u00edcipe \u00a0de ello ni de una reuni\u00f3n que tuvo lugar en el hotel Chicamocha, en \u00a0la \u00a0 cual \u00a0 habr\u00edan \u00a0estado \u00a0presentes \u00a0miembros \u00a0del \u00a0movimiento \u00a0Convergencia \u00a0Ciudadana \u00a0que \u00a0ten\u00edan \u00a0v\u00ednculos con las autodefensas, por lo que se evidencia \u00a0que \u00a0el \u00a0mismo \u00a0estaba \u00a0desligado \u00a0de \u00a0los paramilitares y de los miembros de su \u00a0partido \u00a0que \u00a0hoy \u00a0se \u00a0encuentran \u00a0condenados \u00a0por \u00a0el \u00a0delito de concierto para \u00a0delinquir. \u00a0\u00a0<\/p>\n<p>Destaca, \u00a0que \u00a0si \u00a0bien \u00a0Salvatore \u00a0Mancuso \u00a0G\u00f3mez \u00a0y Edward Cobos T\u00e9llez en audiencia ratificaron la presencia del acusado \u00a0en \u00a0Piamonte, \u00a0lo afirmado por el segundo lo concibe como el apoyo incondicional \u00a0a \u00a0lo \u00a0afirmado por el primero a un medio de comunicaci\u00f3n, por ser su jefe, sin \u00a0confirmar \u00a0directamente si se trataba en realidad del procesado; mientras que lo \u00a0se\u00f1alado \u00a0por \u00a0Mancuso \u00a0en \u00a0el \u00a0art\u00edculo period\u00edstico es la forma artificiosa \u00a0utilizada \u00a0por \u00a0el mismo para cuestionar su extradici\u00f3n, adem\u00e1s de no advertir \u00a0que \u00a0las \u00a0autodefensas hayan apoyado al procesado, y que de ser as\u00ed lo sabr\u00edan \u00a0alias \u00a0\u201cMacaco\u201d, \u00a0\u201cJuli\u00e1n \u00a0Bol\u00edvar\u201d \u00a0y \u201cErnesto B\u00e1ez\u201d, siendo que \u00a0los \u00a0dos \u00faltimos lo niegan, quedando en pie lo mentiroso del relato de Mancuso, \u00a0como \u00a0lo \u00a0se\u00f1al\u00f3 el acusado, quien toda su vida combati\u00f3 la delincuencia a la \u00a0que aqu\u00e9l siempre perteneci\u00f3. \u00a0\u00a0<\/p>\n<p>Respecto \u00a0de \u00a0lo \u00a0inicialmente afirmado por \u00a0Alex\u00e1nder \u00a0Guti\u00e9rrez, \u00a0alias \u00a0\u201cPic\u00faa\u201d, \u00a0al \u00a0referir que el acusado hab\u00eda \u00a0llegado \u00a0en \u00a0unas \u00a0camionetas \u00a0hasta \u00a0\u201cLa \u00a0Palma\u201d \u00a0acompa\u00f1ado \u00a0de un se\u00f1or \u00a0Zambrano, \u00a0quien \u00a0le habr\u00eda solicitado apoyo para las elecciones, ofreci\u00e9ndole \u00a0aqu\u00e9l \u00a0armas \u00a0y \u00a0municiones \u00a0a \u00a0cambio, sin que a la postre hubiera brindado la \u00a0colaboraci\u00f3n \u00a0convenida \u00a0ni \u00a0recibido \u00a0las \u00a0supuestas \u00a0armas; \u00a0fue \u00a0aclarado en \u00a0audiencia \u00a0p\u00fablica \u00a0al \u00a0se\u00f1alar \u00a0que hab\u00eda mentido en la versi\u00f3n que rindi\u00f3 \u00a0ante \u00a0la \u00a0Fiscal\u00eda \u00a0de \u00a0Justicia y Paz, pese a las\u00a0 consecuencias que ello \u00a0conlleva, \u00a0lo \u00a0cual \u00a0ha \u00a0sido recurrente en lo que se ha denominado el cartel de \u00a0testigos \u00a0 que \u00a0declaran \u00a0falsamente \u00a0con \u00a0la \u00a0finalidad \u00a0de \u00a0lograr \u00a0beneficios \u00a0econ\u00f3micos \u00a0o \u00a0jur\u00eddicos, como asegur\u00f3 haberlo hecho Alex\u00e1nder, asumiendo la \u00a0defensa \u00a0que \u00a0su \u00a0\u00faltima \u00a0declaraci\u00f3n \u00a0tuvo como m\u00f3vil decir la verdad y, por \u00a0tanto, \u00a0considera \u00a0que \u00a0debe \u00a0compulsarse \u00a0copias \u00a0en \u00a0su \u00a0contra para que se le \u00a0investigue por falso testimonio. \u00a0\u00a0<\/p>\n<p>Adem\u00e1s, \u00a0afirma, \u00a0existen \u00a0en \u00a0el plenario \u00a0testimonios \u00a0que \u00a0desvirt\u00faan \u00a0cualquier \u00a0encuentro \u00a0o \u00a0reuni\u00f3n del acusado con \u00a0paramilitares \u00a0como \u00a0los \u00a0de \u00a0Yurb\u00edn \u00a0Alfonso \u00a0Buitrago, \u00a0Emilia \u00a0Luc\u00eda Ospina \u00a0Cadavid, \u00a0Sandra \u00a0Juliana \u00a0Ortega \u00a0Carre\u00f1o, \u00a0Henry Italo Linares, Alirio Solano \u00a0Cuadros \u00a0y Luis Antonio Mes\u00edas, quienes en todo momento lo acompa\u00f1aron durante \u00a0la \u00a0 campa\u00f1a \u00a0a \u00a0la \u00a0Gobernaci\u00f3n \u00a0y \u00a0cuando \u00a0sali\u00f3 \u00a0electo, \u00a0y \u00a0niegan \u00a0haber \u00a0presenciado reuniones de esa \u00edndole.\u00a0 \u00a0\u00a0<\/p>\n<p>Sobre la atribuci\u00f3n de responsabilidad con \u00a0fundamento \u00a0en \u00a0los \u00a0resultados \u00a0electorales \u00a0que \u00a0supuestamente reflejar\u00edan el \u00a0apoyo \u00a0de \u00a0las autodefensas a la campa\u00f1a del procesado, contrario a lo afirmado \u00a0por \u00a0la \u00a0Fiscal\u00eda, \u00a0en el sentido de que el acusado era una persona inexperta y \u00a0de \u00a0poco \u00a0prestigio \u00a0en \u00a0las \u00a0lides pol\u00edticas, sostiene la defensa que no puede \u00a0desconocerse \u00a0la \u00a0votaci\u00f3n que obtuvo cuando fue elegido Diputado a la Asamblea \u00a0de \u00a0Santander y el apoyo que le brindaron gremios de comerciantes, estudiantes y \u00a0organizaciones \u00a0no \u00a0gubernamentales, \u00a0ya \u00a0que \u00a0los 18.000 votos depositados a su \u00a0favor \u00a0en \u00a0su \u00a0primera incursi\u00f3n pol\u00edtica as\u00ed lo destacan, por lo que bien ha \u00a0podido \u00a0hacerse \u00a0a \u00a0la Gobernaci\u00f3n por sus buenas propuestas, por el cambio que \u00a0significaba \u00a0y \u00a0debido \u00a0a \u00a0su \u00a0gran carrera militar que le daba un alto grado de \u00a0reconocimiento, \u00a0descontada \u00a0la \u00a0crisis \u00a0de \u00a0los \u00a0partidos \u00a0tradicionales \u00a0en la \u00a0regi\u00f3n, \u00a0lo \u00a0cual \u00a0gener\u00f3 \u00a0un \u00a0espacio \u00a0para \u00a0que \u00a0el \u00a0voto \u00a0de opini\u00f3n fuera \u00a0determinante. \u00a0\u00a0<\/p>\n<p>La \u00a0diferencia \u00a0de \u00a027.153 \u00a0votos \u00a0entre el \u00a0procesado \u00a0y Luis Boh\u00f3rquez representa un estrecho margen respecto del total de \u00a0la \u00a0votaci\u00f3n, \u00a0si \u00a0se \u00a0tienen \u00a0en \u00a0cuenta \u00a0los \u00a0resultados y diferencias de las \u00a0anteriores \u00a0elecciones \u00a0a la Gobernaci\u00f3n, lo cual indica lo re\u00f1idas que fueron \u00a0aquellas; \u00a0de \u00a0los 87 municipios del Departamento el acusado gan\u00f3 en 41 y en 14 \u00a0con \u00a0diferencia \u00a0de \u00a0menos \u00a0de \u00a0200 \u00a0votos, \u00a0es \u00a0decir, \u00a0gan\u00f3 \u00a0en el 45% de los \u00a0municipios, \u00a0lo \u00a0que \u00a0representa una disputa electoral normal; siendo que si los \u00a0paramilitares \u00a0ten\u00edan \u00a0un \u00a0dominio \u00a0claro \u00a0y \u00a0fuerte \u00a0en \u00a0la regi\u00f3n, seg\u00fan la \u00a0Fiscal\u00eda, \u00a0el \u00a0candidato \u00a0que apoyaran habr\u00eda tenido una victoria aplastante o \u00a0m\u00e1s abultada.\u00a0\u00a0\u00a0 \u00a0\u00a0<\/p>\n<p>Igualmente, se\u00f1ala que la mayor votaci\u00f3n a \u00a0favor \u00a0del \u00a0acusado \u00a0se dio en las ciudades de Bucaramanga y Barrancabermeja, en \u00a0donde \u00a0obtuvo \u00a0casi \u00a0la \u00a0totalidad de los votos con que gan\u00f3 la elecci\u00f3n, esto \u00a0es, \u00a0que \u00a0con el voto de opini\u00f3n libre depositado en el \u00e1rea metropolitana del \u00a0Departamento, \u00a0que \u00a0descarta \u00a0la influencia paramilitar en el proceso electoral, \u00a0gan\u00f3 \u00a0la \u00a0Gobernaci\u00f3n; \u00a0y \u00a0es \u00a0que \u00a0la sola presencia de los grupos armados en \u00a0Santander, \u00a0como \u00a0en \u00a0el resto del pa\u00eds, no significa el apoyo a la campa\u00f1a de \u00a0aquel \u00a0y su victoria, puesto que en municipios donde exist\u00eda dicha presencia la \u00a0diferencia \u00a0en \u00a0votos \u00a0entre el enjuiciado y su contendor fue escasa a su favor, \u00a0con \u00a0excepci\u00f3n \u00a0de San Rafael de Lebrija, pero tambi\u00e9n hubo algunos en los que \u00a0result\u00f3 \u00a0 aventajado \u00a0 \u00e9ste \u00a0 \u00faltimo, \u00a0 lo \u00a0cual \u00a0no \u00a0representa \u00a0presi\u00f3n \u00a0o \u00a0intervenci\u00f3n del grupo armado ilegal, sin prueba que lo demuestre. \u00a0\u00a0<\/p>\n<p>Con \u00a0la declaraci\u00f3n de Iv\u00e1n Roberto Duque \u00a0rendida \u00a0en \u00a0audiencia \u00a0se \u00a0establece que como en Santander tambi\u00e9n operaban el \u00a0ELN \u00a0y \u00a0las FARC, tanto el acusado como los dem\u00e1s candidatos han debido aliarse \u00a0tambi\u00e9n \u00a0con \u00a0estos \u00a0grupos para hacer proselitismo en la regi\u00f3n, conforme con \u00a0lo \u00a0afirmado \u00a0por \u00a0la \u00a0Fiscal\u00eda; \u00a0es \u00a0m\u00e1s, \u00a0seg\u00fan \u00a0el mismo testigo, de haber \u00a0existido \u00a0alianza entre las autodefensas y el enjuiciado, el resultado electoral \u00a0hubiera \u00a0sido \u00a0favorable, \u00a0pero no por tan estrecho margen y, en cuanto a que el \u00a0comisario \u00a0pol\u00edtico \u00a0del \u00a0\u201cBCB\u201d, \u00a0alias \u00a0\u201cTaraza\u201d, \u00a0le hubiera brindado \u00a0apoyos \u00a0en \u00a0peque\u00f1as \u00a0zonas \u00a0de influencia en Santander, \u00e9ste fue presionado e \u00a0inducido \u00a0por \u00a0la \u00a0Fiscal\u00eda \u00a0cuando \u00a0dijo que se le hab\u00eda apoyado \u201cdirecta o \u00a0indirectamente\u201d, \u00a0aclarando \u00a0en \u00a0la \u00a0vista \u00a0p\u00fablica \u00a0que \u00a0el mencionado apoyo \u00a0indirecto \u00a0consisti\u00f3 en que se beneficio de las simpat\u00edas que por \u00e9l sent\u00edan \u00a0candidatos \u00a0a \u00a0Concejos, \u00a0Alcald\u00edas \u00a0y \u00a0Asamblea \u00a0que \u00a0\u201cefectivamente fueron apoyados por las AUC, lo cual \u00a0de \u00a0manera \u00a0alguna \u00a0puede \u00a0indicar \u00a0que \u00a0HUGO \u00a0AGUILAR estuviera apoyado por las \u00a0Autodefensas \u00a0Unidas \u00a0de \u00a0Colombia \u00a0en \u00a0forma directa, planeada y de la cual \u00e9l \u00a0fuera consiente\u201d. \u00a0\u00a0<\/p>\n<p>Adem\u00e1s de que Jairo Orozco Gonz\u00e1lez, alias \u00a0\u201cTaraz\u00e1\u201d, \u00a0adujo \u00a0que dentro de las pol\u00edticas de las autodefensas exist\u00eda \u00a0libertad \u00a0de \u00a0escogencia \u00a0de \u00a0candidatos, \u00a0es \u00a0decir, \u00a0que los electores ten\u00edan \u00a0libertad \u00a0para \u00a0escoger \u00a0los \u00a0de \u00a0sus \u00a0preferencias, \u00a0y que si los paramilitares \u00a0hubieran \u00a0apoyado \u00a0al \u00a0acusado, el resultado electoral lo habr\u00eda favorecido con \u00a0una \u00a0diferencia \u00a0mucho \u00a0m\u00e1s \u00a0amplia de la que obtuvo, como tambi\u00e9n lo asegur\u00f3 \u00a0Iv\u00e1n Roberto Duque. \u00a0\u00a0<\/p>\n<p>Por \u00a0su \u00a0parte, \u00a0del \u00a0testimonio de Arnubio \u00a0Triana \u00a0Mahecha, \u00a0alias \u00a0\u201cBotal\u00f3n\u201d, \u00a0ex \u00a0comandante \u00a0de las autodefensas de \u00a0Puerto \u00a0Boyac\u00e1, \u00a0fluye que conoci\u00f3 al acusado al momento de instalarse la mesa \u00a0de \u00a0di\u00e1logos \u00a0en Santaf\u00e9 de Ralito; que jam\u00e1s recibi\u00f3 reporte de sus hombres \u00a0sobre \u00a0apoyos \u00a0a \u00a0su \u00a0campa\u00f1a \u00a0a la Gobernaci\u00f3n en los municipios de Santander \u00a0donde \u00a0ten\u00edan \u00a0influencia, \u00a0adem\u00e1s \u00a0de \u00a0que \u00a0en su zona los pol\u00edticos pod\u00edan \u00a0hacer \u00a0proselitismo \u00a0sin \u00a0necesidad \u00a0de \u00a0obtener permiso de su parte, lo cual se \u00a0pone \u00a0 a \u00a0 tono \u00a0con \u00a0los \u00a0resultados \u00a0electorales \u00a0all\u00ed \u00a0obtenidos \u00a0y \u00a0con \u00a0la \u00a0manifestaci\u00f3n \u00a0de testigos que acreditan que no hubo injerencia de esa facci\u00f3n \u00a0de los paramilitares en las elecciones. \u00a0\u00a0<\/p>\n<p>Por \u00a0\u00faltimo, aduce que las manifestaciones \u00a0de \u00a0Bonel \u00a0Pati\u00f1o \u00a0fueron \u00a0enga\u00f1osas \u00a0al \u00a0aseverar \u00a0que \u00a0a \u00a0finales de 2003 en \u00a0Medell\u00edn \u00a0y \u00a0en \u00a0Villa \u00a0Esperanza, Iv\u00e1n Roberto Duque le habr\u00eda dicho que los \u00a0paramilitares \u00a0 hab\u00edan \u00a0 sido \u00a0 muy \u00a0 importantes \u00a0en \u00a0la \u00a0consecuci\u00f3n \u00a0de \u00a0la \u00a0Gobernaci\u00f3n \u00a0de Santander para el acusado, raz\u00f3n por la cual se le reserv\u00f3 la \u00a0Secretar\u00eda \u00a0de \u00a0Educaci\u00f3n \u00a0que \u00a0le \u00a0ofreci\u00f3, \u00a0la \u00a0cual \u00a0acept\u00f3 \u00a0por \u00a0motivos \u00a0acad\u00e9micos \u00a0y profesionales, por lo que fue\u00a0 a Bucaramanga, donde conoci\u00f3 \u00a0al \u00a0procesado \u00a0en \u00a0su \u00a0sede \u00a0de \u00a0campa\u00f1a \u00a0el 30 de diciembre, quien le dijo que \u00a0manejar\u00edan \u00a0una \u00a0historia seg\u00fan la cual su nombramiento era una cuota t\u00e9cnica \u00a0y \u00a0que se hab\u00edan conocido cuando Pati\u00f1o Nore\u00f1a hab\u00eda sido Jefe de Ense\u00f1anza \u00a0Media \u00a0en \u00a0Manizales; \u00a0afirmando \u00a0el \u00a0testigo \u00a0desconocer \u00a0la \u00a0amistad \u00a0entre el \u00a0procesado \u00a0y \u00a0H\u00e9ctor \u00a0L\u00f3pez \u00a0L\u00f3pez, \u00a0y que cuando advirti\u00f3 que ser\u00eda tomado \u00a0como \u00a0una \u00a0figura \u00a0decorativa prefiri\u00f3 apartarse de la Gobernaci\u00f3n, se\u00f1alando \u00a0que \u00a0 la \u00a0secretaria \u00a0Ana \u00a0Leonor \u00a0G\u00f3mez \u00a0le \u00a0habr\u00eda \u00a0elaborado \u00a0la \u00a0carta \u00a0de \u00a0renuncia.\u00a0\u00a0\u00a0\u00a0 \u00a0\u00a0<\/p>\n<p>Siendo lo anterior refutado por el procesado \u00a0y \u00a0los \u00a0testigos \u00a0Luz Marina Ceballos Mar\u00edn, Cecilia Casta\u00f1eda Vargas, H\u00e9ctor \u00a0L\u00f3pez \u00a0L\u00f3pez y Ana Leonor G\u00f3mez, quienes acreditan que L\u00f3pez L\u00f3pez, Pati\u00f1o \u00a0Nore\u00f1a \u00a0y el acusado se conoc\u00edan desde 1978, las actividades que desarrollaban \u00a0en \u00a0aquel \u00a0entonces \u00a0y \u00a0las \u00a0que los relacionaron; mientras que la \u00faltima niega \u00a0rotundamente \u00a0haber \u00a0elaborado \u00a0la \u00a0carta \u00a0de \u00a0renuncia \u00a0de Pati\u00f1o Nore\u00f1a a la \u00a0Secretar\u00eda \u00a0de \u00a0Educaci\u00f3n, \u00a0con lo que se desvirt\u00faa por completo su versi\u00f3n, \u00a0adem\u00e1s \u00a0que \u00a0su \u00a0afirmaci\u00f3n en el sentido de haber sido nombrado por solicitud \u00a0de \u00a0Iv\u00e1n \u00a0Roberto Duque y en virtud del apoyo de las autodefensas a la campa\u00f1a \u00a0del \u00a0acusado \u00a0sin exig\u00edrsele contraprestaci\u00f3n alguna, va en contrav\u00eda con las \u00a0normas \u00a0de la experiencia dado que una empresa criminal como esa no lleva a cabo \u00a0actuaciones \u00a0de \u00a0tal \u00a0\u00edndole, \u00a0puesto que si le colaboraron lo obvio ser\u00eda que \u00a0exigiera \u00a0un \u00a0beneficio \u00a0para s\u00ed, pero en el expediente ninguna prueba obra que \u00a0acredite tal apoyo. \u00a0\u00a0<\/p>\n<p>Es m\u00e1s, si fuera cierto que el nombramiento \u00a0obedeciera \u00a0a esos compromisos, era elemental que el mismo se mantuviera, y ante \u00a0a \u00a0declaratoria \u00a0de insubsistencia que se dio a los pocos meses, las represalias \u00a0de \u00a0la \u00a0organizaci\u00f3n \u00a0contra \u00a0el procesado sobrevendr\u00edan, pero no acontecieron \u00a0sencillamente \u00a0porque \u00a0los hechos no se presentaron como se afirma, como as\u00ed lo \u00a0ense\u00f1an \u00a0los \u00a0testigos Rodrigo Romero Hern\u00e1ndez, Fabio Torres Barrera, Yurb\u00edn \u00a0Alfonso \u00a0Buitrago \u00a0y \u00a0Emilia \u00a0Luc\u00eda Ospina, quienes dan cuenta de la intenci\u00f3n \u00a0del \u00a0 acusado \u00a0de \u00a0que \u00a0las \u00a0Secretar\u00edas \u00a0fueran \u00a0manejadas \u00a0por \u00a0personas \u00a0con \u00a0experiencia \u00a0 en \u00a0la \u00a0materia, \u00a0esto \u00a0es, \u00a0con \u00a0criterio \u00a0t\u00e9cnico \u00a0sin \u00a0atender \u00a0compromisos \u00a0pol\u00edticos, \u00a0como \u00a0tambi\u00e9n ocurri\u00f3 en el caso de Pati\u00f1o Nore\u00f1a, \u00a0atendida \u00a0la \u00a0experiencia que acredita su hoja de vida, adem\u00e1s del conocimiento \u00a0previo que del mismo ten\u00eda el procesado. \u00a0\u00a0<\/p>\n<p>Destaca c\u00f3mo en la audiencia p\u00fablica Duque \u00a0Gaviria \u00a0niega lo afirmado por Pati\u00f1o Nore\u00f1a y pone en evidencia sus mentiras, \u00a0motivo \u00a0por \u00a0el \u00a0cual \u00a0estima que debe rest\u00e1rsele credibilidad, como tampoco la \u00a0merece \u00a0Pablo \u00a0Hern\u00e1n \u00a0Sierra, \u00a0quien \u00a0en \u00a0juicio dijo haber escuchado hablar a \u00a0aquellos \u00a0 a \u00a0finales \u00a0de \u00a02003 \u00a0en \u00a0el \u00a0municipio \u00a0de \u00a0La \u00a0Merced \u00a0\u2013Caldas, \u00a0sobre \u00a0el \u00a0nombramiento en la \u00a0Secretar\u00eda \u00a0de \u00a0Educaci\u00f3n de Santander, lo cual contrar\u00eda el mismo Pati\u00f1o al \u00a0decir \u00a0que \u00a0fue \u00a0en \u00a0Medell\u00edn \u00a0donde Iv\u00e1n Roberto se la ofreci\u00f3, \u201chabladur\u00eda \u00a0 \u00a0irresponsable\u201d \u00a0 del \u00a0testigo \u00a0que \u00a0aflora \u00a0al ser inducido por la Fiscal\u00eda, contrariando las pruebas \u00a0que existen en el proceso. \u00a0\u00a0<\/p>\n<p>As\u00ed \u00a0 las \u00a0cosas, \u00a0considerando \u00a0que \u00a0la \u00a0fiscal\u00eda \u00a0no \u00a0acredit\u00f3 \u00a0la \u00a0carga \u00a0probatoria \u00a0para \u00a0solicitar \u00a0una \u00a0sentencia \u00a0condenatoria \u00a0 y \u00a0 que \u00a0 las \u00a0 pruebas \u00a0 allegadas \u00a0demuestran \u00a0la \u00a0ausencia \u00a0de \u00a0responsabilidad \u00a0del \u00a0acusado, por cuanto no cometi\u00f3 el hecho que se le imputa, \u00a0solicita \u00a0mantener \u00a0inc\u00f3lume \u00a0la \u00a0presunci\u00f3n de inocencia y proferir sentencia \u00a0absolutoria a su favor. \u00a0\u00a0<\/p>\n<p>\u00a0 \u00a0\u00a0 \u00a0\u00a0 \u00a0VI. \u00a0 \u00a0 \u00a0 \u00a0 \u00a0 \u00a0 \u00a0CONSIDERACIONES DE LA CORTE \u00a0\u00a0<\/p>\n<p>\u00a0 \u00a0\u00a0 \u00a0\u00a0 \u00a0Para \u00a0decidir, \u00a0la \u00a0Corte \u00a0abordar\u00e1 \u00a0los \u00a0siguientes \u00a0temas, en los \u00a0cuales \u00a0fijar\u00e1 \u00a0su \u00a0posici\u00f3n \u00a0respecto \u00a0de \u00a0los \u00a0alegatos \u00a0presentados por los \u00a0sujetos \u00a0procesales: \u00a0(i) la \u00a0competencia; \u00a0 \u00a0(ii) \u00a0 la \u00a0injerencia \u00a0de \u00a0los \u00a0grupos \u00a0de \u00a0autodefensa \u00a0en el Departamento de Santander y, \u00a0(iii) \u00a0el \u00a0concierto \u00a0para \u00a0delinquir \u00a0 agravado \u00a0 y \u00a0 la \u00a0prueba \u00a0que \u00a0compromete \u00a0al \u00a0acusado. \u00a0 \u00a0 \u00a0 \u00a0 \u00a0\u00a0<\/p>\n<p>\u00a0 \u00a0 \u00a0 \u00a0 \u00a0<\/p>\n<p>Primero: \u00a0La competencia \u00a0\u00a0<\/p>\n<p>Le corresponde a la Sala de Casaci\u00f3n Penal \u00a0de \u00a0la \u00a0Corte \u00a0Suprema \u00a0de \u00a0Justicia, \u00a0previa acusaci\u00f3n formulada por el Fiscal \u00a0General \u00a0de \u00a0la \u00a0Naci\u00f3n, \u00a0juzgar \u00a0la comisi\u00f3n de las conductas punibles en que \u00a0hayan \u00a0incurrido \u00a0los \u00a0Gobernadores \u00a0cuando \u00a0han \u00a0cesado \u00a0en el ejercicio de sus \u00a0funciones, \u00a0siempre que aquellas tengan relaci\u00f3n con \u00e9stas, de conformidad con \u00a0lo \u00a0previsto \u00a0en \u00a0el \u00a0art\u00edculo \u00a0235.4 \u00a0y \u00a0su \u00a0par\u00e1grafo \u00a0de \u00a0la \u00a0Constituci\u00f3n \u00a0Pol\u00edtica, \u00a0en \u00a0armon\u00eda con el art\u00edculo 75.6 e inciso segundo de la Ley 600 de \u00a02000 -que rige este asunto-. \u00a0\u00a0<\/p>\n<p>En \u00a0el \u00a0caso \u00a0concreto, \u00a0como \u00a0se \u00a0sabe, la \u00a0se\u00f1ora \u00a0Fiscal \u00a0General \u00a0de \u00a0Naci\u00f3n \u00a0se \u00a0encarg\u00f3 de investigar y acusar al ex \u00a0Gobernador \u00a0 del \u00a0 Departamento \u00a0 de \u00a0 Santander \u00a0Hugo \u00a0Heliodoro \u00a0Aguilar \u00a0Naranjo, \u00a0cuya credencial expedida \u00a0por \u00a0 la \u00a0Registradur\u00eda \u00a0Nacional \u00a0del \u00a0Estado \u00a0Civil \u00a0y \u00a0el \u00a0Consejo \u00a0Nacional \u00a0Electoral, \u00a0lo \u00a0mismo \u00a0que \u00a0el \u00a0acta \u00a0de \u00a0posesi\u00f3n \u00a0en \u00a0el citado cargo as\u00ed lo \u00a0acreditan10, \u00a0como \u00a0presunto \u00a0autor \u00a0responsable \u00a0del \u00a0delito de concierto para \u00a0delinquir \u00a0agravado previsto en el art\u00edculo 340 inciso segundo de la Ley 599 de \u00a02000 \u00a0-modificado \u00a0por \u00a0el \u00a0art\u00edculo \u00a08\u00ba \u00a0de \u00a0la \u00a0Ley \u00a0733 \u00a0de \u00a02002-, \u00a0con la \u00a0circunstancia \u00a0gen\u00e9rica \u00a0de agravaci\u00f3n que consagra el numeral 9 del art\u00edculo \u00a058 \u00eddem. \u00a0\u00a0<\/p>\n<p>Ahora \u00a0 bien, \u00a0 la \u00a0 relaci\u00f3n, \u00a0 nexo \u00a0o \u00a0vinculaci\u00f3n \u00a0 \u00a0del \u00a0 \u00a0cargo \u00a0 \u00a0imputado \u00a0 \u00a0al \u00a0 \u00a0ex \u00a0 Gobernador \u00a0 Aguilar \u00a0 Naranjo \u00a0y \u00a0las \u00a0funciones \u00a0que \u00a0desempe\u00f1aba, \u00a0fluye \u00a0al \u00a0advertirse \u00a0que \u00a0se le atribuye haberse concertado con \u00a0fines \u00a0de promocionar los grupos de autodefensa en procura de ocupar la silla de \u00a0la \u00a0primera \u00a0autoridad \u00a0del \u00a0Departamento \u00a0en \u00a0las \u00a0elecciones \u00a0de 2003, para el \u00a0periodo \u00a0constitucional \u00a02004-2007, \u00a0como \u00a0en \u00a0efecto \u00a0lo consigui\u00f3, adem\u00e1s de \u00a0indicarse \u00a0que \u00a0para \u00a0honrar \u00a0la \u00a0alianza, \u00a0una \u00a0vez posesionado de su cargo, el \u00a0imputado \u00a0nombr\u00f3 \u00a0como \u00a0Secretario \u00a0de \u00a0Educaci\u00f3n \u00a0a \u00a0un \u00a0recomendado \u00a0de \u00a0las \u00a0autodefensas. \u00a0\u00a0<\/p>\n<p>Segundo: \u00a0La \u00a0injerencia \u00a0de \u00a0los grupos de \u00a0autodefensa \u00a0en \u00a0el \u00a0Departamento \u00a0de \u00a0Santander\u00a0 \u00a0\u00a0<\/p>\n<p>Aun \u00a0cuando \u00a0este es un tema que la defensa \u00a0t\u00e9cnica \u00a0y \u00a0material \u00a0dan \u00a0por \u00a0descontado, \u00a0aceptando \u00a0la \u00a0intromisi\u00f3n de las \u00a0autodefensas \u00a0en \u00a0diversas \u00a0campa\u00f1as \u00a0pol\u00edticas \u00a0a excepci\u00f3n de aquella en la \u00a0cual \u00a0particip\u00f3 \u00a0el \u00a0acusado a la Gobernaci\u00f3n de Santander, debe reiterarse lo \u00a0que \u00a0la Sala ha tenido ocasi\u00f3n de evaluar al respecto en casos que directamente \u00a0est\u00e1n relacionados con esa regi\u00f3n: \u00a0\u00a0<\/p>\n<p>\u201cAntes \u00a0de \u00a0abordar \u00a0el \u00a0tema \u00a0se \u00a0debe \u00a0contextualizar \u00a0 algunos \u00a0aspectos \u00a0que \u00a0permiten \u00a0avizorar \u00a0la \u00a0relaci\u00f3n \u00a0existente \u00a0entre un sector de la \u00a0clase \u00a0pol\u00edtica \u00a0de Santander y los grupos ilegales, los cuales fueron tratados \u00a0en \u00a0la \u00a0resoluci\u00f3n \u00a0que llam\u00f3 a juicio al procesado y que no por ello se deben \u00a0dejar \u00a0de \u00a0destacar en este momento, m\u00e1xime cuando aquel hac\u00eda parte del grupo \u00a0pol\u00edtico \u00a0Convergencia \u00a0Ciudadana, \u00a0en \u00a0el \u00a0que \u00a0algunos \u00a0de \u00a0sus \u00a0miembros \u00a0se \u00a0concertaron \u00a0con \u00a0el \u00a0Bloque Central Bol\u00edvar para lograr la primac\u00eda en varios \u00a0municipios de los Departamentos de Santander y Bol\u00edvar. \u00a0\u00a0<\/p>\n<p>\u00a0 \u00a0\u00a0 \u00a0 \u00a0Es \u00a0as\u00ed \u00a0que \u00a0en el per\u00edodo comprendido entre los a\u00f1os de 1999 y \u00a02001, \u00a0la \u00a0regi\u00f3n \u00a0geogr\u00e1fica del Magdalena Medio Antioque\u00f1o, Santandereano y \u00a0Bol\u00edvarense \u00a0fue \u00a0el \u00a0escenario de una importante agitaci\u00f3n social y pol\u00edtica \u00a0precipitada \u00a0por \u00a0el rechazo al anuncio efectuado por el Gobierno del Presidente \u00a0ANDR\u00c9S \u00a0 PASTRANA \u00a0 ARANGO, \u00a0 referido \u00a0 a \u00a0 la \u00a0implementaci\u00f3n \u00a0de \u00a0una \u00a0zona \u00a0desmilitarizada \u00a0 o \u00a0 de \u00a0 convivencia \u00a0ubicada \u00a0en \u00a0los \u00a0municipios \u00a0de \u00a0Yond\u00f3 \u00a0(Antioquia), \u00a0 San \u00a0 Pablo \u00a0y \u00a0Cantagallo \u00a0(pertenecientes \u00a0al \u00a0Departamento \u00a0de \u00a0Bol\u00edvar), \u00a0en \u00a0la \u00a0cual \u00a0se \u00a0desarrollar\u00eda \u00a0una \u201cConvenci\u00f3n Nacional\u201d que \u00a0permitir\u00eda \u00a0adelantar \u00a0conversaciones de paz con el grupo insurgente denominado \u00a0Ej\u00e9rcito de Liberaci\u00f3n Nacional. \u00a0\u00a0<\/p>\n<p>Establecida \u00a0como \u00a0una \u00a0de sus sedes en el \u00a0municipio \u00a0de \u00a0San \u00a0Rafael \u00a0de Lebrija, los miembros del Bloque Central Bol\u00edvar \u00a0propugnaron \u00a0 por \u00a0 orientar\u00a0 \u00a0 a \u00a0 las \u00a0comunidades \u00a0para \u00a0promocionar \u00a0la \u00a0candidatura \u00a0al \u00a0Senado \u00a0de \u00a0Carlos Arturo Clavijo y su f\u00f3rmula a la C\u00e1mara en \u00a0Antioquia, \u00a0la \u00a0ex concejal Roc\u00edo Arias, al paso que en Santander la lista a la \u00a0C\u00e1mara \u00a0se debat\u00eda entre Domingo Navarro, secretario de hacienda en Cimitarra, \u00a0postulado \u00a0por \u00a0las \u00a0AUC y Nelson Naranjo Cabarique,\u00a0 por el Bloque Central \u00a0Bol\u00edvar, \u00a0am\u00e9n \u00a0de \u00a0la \u00a0definici\u00f3n \u00a0de \u00a0otras listas para presentarlas en las \u00a0elecciones \u00a0que \u00a0se \u00a0avecinaban \u00a0para los periodos legislativos 2002\u20132006 \u00a0 \u00a0y \u00a0 \u00a02006-2010, \u00a0 2001-2003 \u00a0(Alcald\u00edas, Asambleas y Gobernaciones) y 2004-2007. \u00a0\u00a0<\/p>\n<p>Ello motiv\u00f3 que luego de ser elegidos sus \u00a0candidatos \u00a0y \u00a0del \u00a0descalabro \u00a0pol\u00edtico \u00a0que \u00a0ello \u00a0gener\u00f3, \u00a0se \u00a0cambiara \u00a0la \u00a0estrategia \u00a0y \u00a0se decidiera, como lo afirm\u00f3 ERNESTO B\u00c1EZ,\u00a0 por el impulso \u00a0de \u00a0candidaturas \u00a0por \u00a0su \u00a0grupo, \u00a0por \u00a0un lado, de personas ajenas a las clases \u00a0pol\u00edticas \u00a0tradicionales \u00a0de las diversas regiones de influencia paramilitar y, \u00a0de otro, de individuos pertenecientes a dichos grupos. \u00a0\u00a0<\/p>\n<p>\u00a0 \u00a0<\/p>\n<p>Los \u00a0testimonios \u00a0de \u00a0varios \u00a0comandantes \u00a0paramilitares11 \u00a0fueron \u00a0minuciosos \u00a0al \u00a0relatar \u00a0sus \u00a0propias \u00a0experiencias \u00a0como \u00a0miembros \u00a0 org\u00e1nicos, \u00a0con \u00a0jerarqu\u00eda \u00a0y \u00a0mando \u00a0dentro \u00a0de \u00a0esas \u00a0estructuras \u00a0paramilitares, \u00a0situ\u00e1ndose \u00a0en la regi\u00f3n de Santander en pleno ejercicio de su \u00a0poder \u00a0 militar \u00a0 y \u00a0 pol\u00edtico \u00a0 dado \u00a0 por \u00a0la \u00a0fuerza \u00a0intimidatoria \u00a0de \u00a0sus \u00a0ej\u00e9rcitos\u201d. \u00a0 \u00a0 12 \u00a0\u00a0<\/p>\n<p>\u00a0 \u00a0\u00a0 \u00a0 \u00a0Y \u00a0en \u00a0otro asunto con trascendencia en dicho Departamento, se dijo: \u00a0\u00a0<\/p>\n<p>\u201cLa \u00a0 consolidaci\u00f3n \u00a0militar \u00a0en \u00a0las \u00a0regiones \u00a0en \u00a0donde \u00a0ubicaron \u00a0sus \u00a0epicentros de operaciones los milicianos que \u00a0blandieron \u00a0sus \u00a0armas \u00a0contra \u00a0la subversi\u00f3n, fue aprovechada para incidir los \u00a0resultados \u00a0de las elecciones locales en favor de candidatos de su predilecci\u00f3n \u00a0que \u00a0aspiraban \u00a0a \u00a0cargos \u00a0de \u00a0elecci\u00f3n \u00a0popular \u00a0durante los primeros comicios \u00a0llevados \u00a0a \u00a0cabo \u00a0en \u00a0la \u00a0d\u00e9cada \u00a0del \u00a02000 [Concejos, alcald\u00edas, asambleas y \u00a0gobernaciones], \u00a0muchos \u00a0de \u00a0los \u00a0cuales \u00a0fueron \u00a0seleccionados \u00a0y lanzados como \u00a0\u00fanicos, \u00a0 \u00a0en \u00a0 \u00a0orden \u00a0 \u00a0a \u00a0 \u00a0obtener \u00a0 \u00a0representatividad \u00a0 \u00a0y \u00a0 \u00a0visos \u00a0 \u00a0de \u00a0legitimidad. \u00a0\u00a0<\/p>\n<p>A \u00a0comienzos \u00a0de \u00a0la \u00a0d\u00e9cada \u00a0de 2000 los \u00a0cabecillas \u00a0de \u00a0los \u00a0grupos \u00a0de \u00a0autodefensa \u00a0que \u00a0ostentaban \u00a0el dominio de las \u00a0regiones, \u00a0ya \u00a0curtidos \u00a0en \u00a0su \u00a0lucha, \u00a0se \u00a0confederaron \u00a0bajo \u00a0el \u00a0r\u00f3tulo \u00a0de \u00a0Autodefensas \u00a0 Unidas \u00a0 de \u00a0 Colombia \u00a0 [AUC], \u00a0 en \u00a0 una \u00a0 serie \u00a0de \u00a0reuniones \u00a0suficientemente \u00a0documentadas, \u00a0en \u00a0las \u00a0que dise\u00f1aron la hoja de ruta hacia lo \u00a0que \u00a0ser\u00eda \u00a0su \u00a0plataforma \u00a0pol\u00edtica, \u00a0esto es, el cuerpo Legislativo o premio \u00a0mayor, \u00a0\u201cescenario \u00a0en \u00a0donde se toman las determinaciones m\u00e1s importantes de \u00a0la \u00a0naci\u00f3n\u201d, \u00a0se\u00f1al\u00f3 \u00a0con \u00a0una \u00a0buena \u00a0dosis \u00a0de \u00a0soberbia alias \u201cErnesto \u00a0B\u00e1ez\u201d, \u00a0\u201cfletando\u201d a quienes ser\u00edan sus voceros, dentro de \u201cun proceso \u00a0de \u00a0 reconocimiento \u00a0 y \u00a0 negociaci\u00f3n \u00a0 con \u00a0 el \u00a0 gobierno \u00a0nacional \u00a0para \u00a0su \u00a0desmovilizaci\u00f3n\u201d. \u00a0\u00a0<\/p>\n<p>El patr\u00f3n delincuencial en el contexto se \u00a0ejecut\u00f3 \u00a0a \u00a0trav\u00e9s \u00a0de diferentes formas de intimidaci\u00f3n y supresi\u00f3n de todo \u00a0elemento \u00a0perturbador \u00a0que \u00a0amenazara \u00a0su \u00a0ambici\u00f3n, \u00a0utilizando \u00a0ej\u00e9rcitos de \u00a0atroces \u00a0milicianos \u00a0dedicados \u00a0a \u00a0hacer \u00a0cumplir \u00a0la \u00a0causa \u00a0a \u00a0sangre \u00a0y fuego \u00a0-coautor\u00eda \u00a0por \u00a0cadena \u00a0de mando-, hasta llegar a convertirse en una verdadera \u00a0afrenta \u00a0para \u00a0la \u00a0poblaci\u00f3n \u00a0civil, \u00a0no solamente por su advenimiento como una \u00a0nueva \u00a0fuerza \u00a0de \u00a0poder \u00a0que \u00a0perme\u00f3 \u00a0casi todos los estamentos de la sociedad \u00a0-p\u00fablicos \u00a0y \u00a0privados-, \u00a0sino \u00a0por \u00a0la \u00a0manera \u00a0cruel \u00a0y \u00a0despiadada \u00a0como \u00a0se \u00a0impusieron, \u00a0para cuyo momento ya ten\u00edan ganado el mote de \u201cparamilitares\u201d, \u00a0operando \u00a0como verdaderas \u201cestructuras organizadas de poder\u201d, con autonom\u00eda \u00a0e independencia financiera y militar en sus respectivas bases. \u00a0\u00a0<\/p>\n<p>El \u00a0sincronizado esquema se edific\u00f3 sobre \u00a0un \u00a0juego antidemocr\u00e1tico consistente en capitalizar los niveles de aceptaci\u00f3n \u00a0que \u00a0la \u00a0organizaci\u00f3n ostentaba en las clases populares, a quienes vend\u00edan una \u00a0especie \u00a0de \u00a0adoctrinamiento \u00a0alrededor \u00a0de la idea de renovaci\u00f3n de las viejas \u00a0pr\u00e1cticas \u00a0pol\u00edticas, \u00a0mientras \u00a0que \u00a0en \u00a0las \u00a0\u00e9lites, \u00a0[l\u00edderes pol\u00edticos, \u00a0candidatos \u00a0y\/o \u00a0servidores \u00a0p\u00fablicos], \u00a0ofrec\u00edan \u00a0posibilidades \u00a0de \u00e9xito, a \u00a0trav\u00e9s \u00a0de \u00a0ayuda \u00a0financiera, \u00a0electoral \u00a0y \u00a0la \u00a0intimidaci\u00f3n a la poblaci\u00f3n \u00a0civil, \u00a0convirti\u00e9ndolos en sus representantes en el Congreso, con compromiso de \u00a0reciprocidad. \u00a0\u00a0<\/p>\n<p>Una particularidad en la lucha paramilitar \u00a0antisubversiva \u00a0desplegada \u00a0para \u00a0recuperar el terreno perdido, consisti\u00f3 en la \u00a0casi \u00a0total \u00a0ausencia \u00a0de enfrentamientos armados entre las fuerzas irregulares, \u00a0incluso \u00a0en \u00a0las \u00a0regiones \u00a0en \u00a0cuyo \u00a0entorno \u00a0se manifest\u00f3 con m\u00e1s firmeza el \u00a0accionar \u00a0 guerrillero, \u00a0 caso \u00a0 de \u00a0 los \u00a0 territorios \u00a0 del \u00a0Magdalena \u00a0Medio, \u00a0espec\u00edficamente \u00a0en San Blas Bol\u00edvar y el puerto petrolero de Barrancabermeja, \u00a0en \u00a0donde \u00a0en tiempo r\u00e9cord las autodefensas sustituyeron la autoridad ejercida \u00a0por \u00a0aquellos \u00a0durante d\u00e9cadas, lo que tiene su explicaci\u00f3n en un escenario de \u00a0muertes \u00a0selectivas \u00a0de \u00a0personas \u00a0contrarias \u00a0a \u00a0sus intereses, declaradas como \u00a0objetivo \u00a0 militar, \u00a0 que \u00a0 degener\u00f3 \u00a0 en \u00a0 m\u00faltiples \u00a0masacres, \u00a0magnicidios, \u00a0desplazamiento \u00a0forzado, desapariciones y manifestaciones de violencia contra la \u00a0dignidad, \u00a0con \u00a0altos \u00a0\u00edndices \u00a0de \u00a0insensibilidad \u00a0y sevicia, que los llev\u00f3 a \u00a0desfilar \u00a0frente a la comunidad nacional e internacional como autores de masivas \u00a0y \u00a0sistem\u00e1ticas \u00a0violaciones a los derechos humanos en tiempos contempor\u00e1neos, \u00a0situaci\u00f3n \u00a0 que \u00a0contrast\u00f3 \u00a0con \u00a0la \u00a0actitud \u00a0indiferente \u00a0de \u00a0algunos \u00a0miembros \u00a0de \u00a0la autoridad civil y \u00a0militar de la \u00e9poca. \u00a0\u00a0<\/p>\n<p>Ese \u00a0escenario \u00a0de \u00a0puertas \u00a0para adentro, \u00a0rep\u00e1rese \u00a0en el plano ideol\u00f3gico, estaba dispuesto para tres designios: [1] la \u00a0consolidaci\u00f3n \u00a0pol\u00edtica\u00a0 y militar de la organizaci\u00f3n armada ilegal, [2] \u00a0su \u00a0promoci\u00f3n \u00a0en \u00a0el \u00a0\u00e1mbito \u00a0nacional, y, [3] filtrar el Cuerpo Legislativo. \u00a0Cometidos \u00a0que \u00a0se \u00a0cumplieron \u00a0a trav\u00e9s de una ofensiva sin precedentes en las \u00a0plazas \u00a0p\u00fablicas \u00a0de \u00a0los \u00a0municipios \u00a0de \u00a0todo \u00a0el \u00a0territorio \u00a0nacional \u00a0y la \u00a0celebraci\u00f3n \u00a0de \u00a0reuniones con l\u00edderes pol\u00edticos y candidatos que se hallaban \u00a0en \u00a0 actividad \u00a0 proselitista, \u00a0 en \u00a0 su \u00a0 alucinada \u00a0 carrera \u00a0por \u00a0hacerse \u00a0al \u00a0poder. \u00a0\u00a0<\/p>\n<p>La \u00a0empresa \u00a0as\u00ed \u00a0concebida \u00a0despert\u00f3 el \u00a0inter\u00e9s \u00a0de \u00a0no \u00a0pocos \u00a0miembros \u00a0de la clase pol\u00edtica, que viendo en la causa \u00a0paramilitar \u00a0una \u00a0oportunidad \u00a0para \u00a0garantizar \u00a0su \u00a0permanencia \u00a0en \u00a0cargos \u00a0de \u00a0elecci\u00f3n \u00a0 popular, \u00a0obtener \u00a0representatividad \u00a0en \u00a0la \u00a0campa\u00f1a \u00a0proselitista \u00a0venidera, \u00a0el \u00a0fortalecer \u00a0los\u00a0 \u00a0partidos \u00a0pol\u00edticos \u00a0nacientes, o terreno \u00a0abonado \u00a0 para \u00a0 aspirar \u00a0a \u00a0futuras \u00a0candidaturas \u00a0-necesidad, \u00a0conveniencia \u00a0o \u00a0simpat\u00eda-, \u00a0lo \u00a0que \u00a0por \u00a0los \u00a0canales democr\u00e1ticos les era dif\u00edcil alcanzar, \u00a0optaron \u00a0por \u00a0adherirse \u00a0a \u00a0ellos a trav\u00e9s de alianzas y coaliciones, generando \u00a0una \u00a0desbandada \u00a0de \u00a0candidatos de otros partidos hacia sus huestes, sin ninguna \u00a0motivaci\u00f3n \u00a0 ideol\u00f3gica \u00a0o \u00a0inter\u00e9s \u00a0en \u00a0desarrollar \u00a0un \u00a0programa \u00a0pol\u00edtico \u00a0determinado, \u00a0 pues \u00a0 de \u00a0 lo \u00a0 que \u00a0 se \u00a0 trataba \u00a0 era \u00a0de \u00a0obtener \u00a0beneficio \u00a0personal\u201d. \u00a0 \u00a0 13 \u00a0\u00a0<\/p>\n<p>Adem\u00e1s, \u00a0a \u00a0esa \u00a0incursi\u00f3n paramilitar en \u00a0Santander \u00a0tambi\u00e9n \u00a0se \u00a0refieren \u00a0m\u00faltiples \u00a0art\u00edculos que al respecto se han \u00a0publicado, \u00a0entre \u00a0los \u00a0cuales \u00a0vale mencionar, por tener car\u00e1cter oficial, los \u00a0estudios \u00a0regionales \u00a0\u201cDin\u00e1mica de la confrontaci\u00f3n armada en la confluencia \u00a0entre \u00a0los \u00a0Santanderes \u00a0y \u00a0el \u00a0sur \u00a0del Cesar -Agosto de 2006-\u201d y \u201cPanorama \u00a0actual \u00a0 de \u00a0 Barrancabermeja \u00a0 -Diciembre \u00a0 de \u00a0 2001-\u201c, \u00a0elaborados \u00a0por \u00a0el \u00a0Observatorio \u00a0 del \u00a0 Programa \u00a0 Presidencial \u00a0 de \u00a0Derechos \u00a0Humanos \u00a0y \u00a0Derecho \u00a0Internacional \u00a0 \u00a0 \u00a0 \u00a0 \u00a0 \u00a0 \u00a0 Humanitario14, que dan cuenta no solamente \u00a0de \u00a0la \u00a0presencia \u00a0de los grupos de autodefensas unidas de Colombia -\u201cAUC\u201d-, \u00a0del \u00a0Bloque \u00a0Central Bol\u00edvar -\u201cBCB\u201d-, de las autodefensas de Puerto Boyac\u00e1 \u00a0-\u201cAPB\u201d-, \u00a0as\u00ed \u00a0como \u00a0de \u00a0las \u00a0autodefensas \u00a0de Santander y el sur del Cesar \u00a0-\u201cAUSAC\u201d- \u00a0en \u00a0la \u00a0regi\u00f3n, \u00a0sino \u00a0de \u00a0los m\u00faltiples actos de violencia que \u00a0cometieron \u00a0precisamente en procura del apoderamiento de la zona y con el fin de \u00a0lograr \u00a0notoriedad \u00a0como \u00a0consecuencia \u00a0de su expansi\u00f3n para ganar los espacios \u00a0sociales \u00a0y \u00a0pol\u00edticos \u00a0propios \u00a0de \u00a0la \u00a0estrategia que a nivel nacional ten\u00eda \u00a0definida dicha organizaci\u00f3n. \u00a0\u00a0<\/p>\n<p>La \u00a0operancia de esos grupos de autodefensa \u00a0en \u00a0el \u00a0Departamento \u00a0es \u00a0reflejada \u00a0por \u00a0la \u00a0prueba sin apremio alguno, como lo \u00a0evidenciaron \u00a0sin \u00a0titubeos los jefes paramilitares del \u201cBCB\u201d Rodrigo P\u00e9rez \u00a0Alzate, \u00a0alias \u00a0\u201cJuli\u00e1n \u00a0Bol\u00edvar\u201d, \u00a0e \u00a0Iv\u00e1n \u00a0Roberto Duque Gaviria, alias \u00a0\u201cErnesto \u00a0B\u00e1ez\u201d, lo mismo que Arnubio Triana Mahecha, alias \u201cBotal\u00f3n\u201d, \u00a0jefe \u00a0de \u00a0las \u201cACPB\u201d, quienes dieron a conocer las estructuras que de dichas \u00a0organizaciones \u00a0tuvieron \u00a0injerencia en Santander durante los a\u00f1os 2000 a 2005, \u00a0tales \u00a0como\u00a0 \u00a0los \u00a0Frentes \u00a0\u201cIsidro \u00a0Carre\u00f1o\u201d \u00a0-\u201cFIC\u201d-, \u00a0\u201cRam\u00f3n \u00a0Danilo\u201d \u00a0-\u201cFRD\u201d-, \u00a0\u201cWalter S\u00e1nchez\u201d -\u201cFWS\u201d-, \u201cComuneros Cacique \u00a0Guanent\u00e1\u201d \u00a0-\u201cFCCG\u201d- \u00a0y \u00a0el \u00a0Frente \u00a0\u201cLanceros de V\u00e9lez\u201d -\u201cFLV\u201d-; \u00a0adem\u00e1s \u00a0de \u00a0se\u00f1alar \u00a0a los integrantes que de las autodefensas del \u201cBCB\u201d y \u00a0de \u00a0las \u00a0\u201cACPB\u201d \u00a0operaron \u00a0en \u00a0la regi\u00f3n en el tema social y pol\u00edtico como \u00a0Jairo \u00a0Ignacio \u00a0Orozco \u00a0Gonz\u00e1lez, \u00a0alias \u201cTaraz\u00e1\u201d, y Orlando Caro Pati\u00f1o, \u00a0alias \u00a0\u201cHK\u201d \u00a0o \u00a0\u201cGonzalo\u201d, \u00a0sin \u00a0desconocer \u00a0la incidencia que en dichos \u00a0aspectos tambi\u00e9n ten\u00edan los comandantes de cada Frente. \u00a0\u00a0<\/p>\n<p>Porque de acuerdo con lo sostenido por Iv\u00e1n \u00a0Roberto \u00a0 Duque \u00a0 en \u00a0la \u00a0audiencia \u00a0p\u00fablica, \u00a0pese \u00a0a \u00a0que \u00a0los \u00a0\u201ccomisarios \u00a0pol\u00edticos\u201d \u00a0del \u00a0\u201cBCB\u201d \u00a0eran \u00a0los \u00a0encargados \u00a0de \u00a0realizar \u00a0los trabajos \u00a0comunitarios \u00a0y \u00a0sociales y, tambi\u00e9n, de hacer los contactos con los pol\u00edticos \u00a0de \u00a0la \u00a0zona de su influencia, ello no imped\u00eda a los comandantes de los Frentes \u00a0que operaban en la regi\u00f3n hacer lo propio. \u00a0\u00a0<\/p>\n<p>A lo anterior se suman las declaraciones de \u00a0los \u00a0 ex \u00a0militantes \u00a0de \u00a0esas \u00a0organizaciones \u00a0Luis \u00a0Francisco \u00a0Guar\u00edn, \u00a0David \u00a0Hern\u00e1ndez \u00a0L\u00f3pez, alias \u201cDiego Rivera\u201d, Juan Fernando Morales Ballesteros, \u00a0alias \u00a0\u201cBrayan\u201d, \u00a0Orlando \u00a0Morales \u00a0Murillo, \u00a0Heidelbergth \u00a0Cristian Mendoza \u00a0Angarita, \u00a0 alias \u00a0 \u201cWilliam \u00a0el \u00a0Mejicano\u201d, \u00a0\u201cToro\u201d \u00a0o \u00a0\u201cFelino\u201d \u00a0y \u00a0Alex\u00e1nder \u00a0Guti\u00e9rrez \u00a0alias \u201cPic\u00faa\u201d o \u201cGuiovany Franco\u201d, lo mismo que \u00a0las \u00a0de los habitantes de la zona Jos\u00e9 Agust\u00edn Quecho Angarita, Robinson Rueda \u00a0Angarita, \u00a0Jes\u00fas Alonso Sanabria Araque, Rogelio Adolfo Scarpetta D\u00edaz, Morgan \u00a0Egea \u00a0S\u00e1nchez \u00a0y Jes\u00fas Enrique Guerrero Garavito, as\u00ed como la del Coronel del \u00a0Ej\u00e9rcito \u00a0Julio \u00a0Cesar \u00a0Prieto \u00a0Rivera, comandante del Batall\u00f3n de Infanter\u00eda \u00a0Luciano \u00a0D\u2019elhuyar radicado \u00a0en \u00a0la regi\u00f3n, quienes coinciden en afirmar la presencia del paramilitarismo en \u00a0la \u00a0zona \u00a0y \u00a0sus \u00a0actividades \u00a0a \u00a0nivel \u00a0pol\u00edtico y delincuencial, inclusive en \u00a0desarrollo \u00a0 de \u00a0 la \u00a0campa\u00f1a \u00a0a \u00a0la \u00a0Gobernaci\u00f3n \u00a0en \u00a0la \u00a0que \u00a0particip\u00f3 \u00a0el \u00a0procesado.\u00a0\u00a0\u00a0\u00a0\u00a0 \u00a0\u00a0<\/p>\n<p>As\u00ed, \u00a0se \u00a0confirman los escritos an\u00f3nimos \u00a0allegados \u00a0al \u00a0proceso que dieron cuenta de la mediaci\u00f3n de las autodefensas en \u00a0la \u00a0vida \u00a0econ\u00f3mica, \u00a0social \u00a0y \u00a0pol\u00edtica \u00a0del Departamento de Santander y los \u00a0presuntos \u00a0v\u00ednculos \u00a0que \u00a0sostuvieron, \u00a0no \u00a0solamente \u00a0con \u00a0el acusado sino con \u00a0reconocidos \u00a0miembros del Congreso tales como Luis Alberto Gil Castillo, Alfonso \u00a0Ria\u00f1o \u00a0Castillo, \u00a0\u00d3scar \u00a0Josu\u00e9 Reyes y Nelson Naranjo, todos ellos condenados \u00a0por \u00a0la \u00a0Sala15, \u00a0y \u00a0Carlos \u00a0Arturo \u00a0Clavijo, \u00a0tambi\u00e9n \u00a0condenado \u00a0por \u00a0el Juzgado \u00a0Primero \u00a0Penal \u00a0del \u00a0Circuito \u00a0de \u00a0Antioquia, \u00a0precisamente con ocasi\u00f3n de esos \u00a0nexos. \u00a0\u00a0<\/p>\n<p>Tercero: \u00a0 El \u00a0concierto \u00a0para \u00a0delinquir \u00a0agravado y la prueba que compromete al acusado \u00a0\u00a0<\/p>\n<p>El tipo penal enrostrado al acusado, como se \u00a0indic\u00f3 \u00a0atr\u00e1s, \u00a0est\u00e1 previsto en el art\u00edculo 340 de la Ley 599 de 2000, y se \u00a0estructura \u00a0sobre \u00a0la base de considerar diversas formas de afectaci\u00f3n del bien \u00a0jur\u00eddico \u00a0de \u00a0la \u00a0seguridad \u00a0p\u00fablica \u00a0en una escala progresiva que advierte la \u00a0gravedad \u00a0 de \u00a0 las \u00a0 conductas; \u00a0 es \u00a0 as\u00ed \u00a0 como \u00a0se \u00a0sanciona: \u00a0i) \u00a0el acuerdo \u00a0de \u00a0voluntades \u00a0para \u00a0cometer delitos; ii) \u00a0el \u00a0acuerdo \u00a0para \u00a0promover, \u00a0armar \u00a0o financiar grupos armados al \u00a0margen \u00a0de la ley; y, iii) la \u00a0ejecuci\u00f3n \u00a0material \u00a0del \u00a0acuerdo, \u00a0consistente \u00a0en promover, armar o financiar \u00a0efectivamente grupos armados al margen de la ley. \u00a0\u00a0<\/p>\n<p>Como \u00a0f\u00e1cil \u00a0se \u00a0aprecia, los dos primeros \u00a0comportamientos \u00a0se \u00a0inscriben \u00a0dentro de los denominados tipos de peligro, y el \u00a0tercero, \u00a0 \u00a0dentro \u00a0 \u00a0de \u00a0 \u00a0los \u00a0 \u00a0de \u00a0 \u00a0lesi\u00f3n.16 \u00a0\u00a0<\/p>\n<p>Se \u00a0 ha \u00a0distinguido \u00a0entre \u00a0promover \u00a0efectivamente un grupo armado al \u00a0margen \u00a0de \u00a0la \u00a0ley \u00a0(inciso \u00a03\u00ba \u00a0del \u00a0art\u00edculo \u00a0340 \u00a0del C\u00f3digo Penal), y el \u00a0concierto \u00a0para \u00a0promover una \u00a0organizaci\u00f3n \u00a0 de \u00a0ese \u00a0tipo \u00a0(inciso \u00a02\u00ba \u00a0\u00eddem)17, \u00a0se\u00f1alando \u00a0que \u00a0cabe \u00a0un \u00a0mayor \u00a0desvalor \u00a0de \u00a0la \u00a0conducta \u00a0y un juicio de exigibilidad personal y social \u00a0m\u00e1s \u00a0dr\u00e1stico \u00a0para \u00a0quien \u00a0organiza, \u00a0fomenta, \u00a0promueve, \u00a0arma o financia el \u00a0concierto \u00a0para \u00a0delinquir, \u00a0que \u00a0para quien solo lo acuerda, el cual traduce la \u00a0celebraci\u00f3n \u00a0de \u00a0consensos \u00a0ilegales con grupos armados al margen de la ley que \u00a0coparon \u00a0por \u00a0la \u00a0fuerza \u00a0territorios \u00a0y \u00a0espacios sociales, y que requer\u00edan de \u00a0alianzas \u00a0estrat\u00e9gicas \u00a0con \u00a0fuerzas \u00a0pol\u00edticas \u00a0para \u00a0consolidar su dominio y \u00a0expansi\u00f3n. \u00a0\u00a0<\/p>\n<p>\u00a0 \u00a0\u00a0 \u00a0\u00a0 \u00a0As\u00ed se ha expresado la Corte al respecto: \u00a0\u00a0<\/p>\n<p>\u201cEl \u00a0art\u00edculo \u00a0340 \u00a0del \u00a0C\u00f3digo \u00a0Penal \u00a0define \u00a0diversas \u00a0formas \u00a0de \u00a0ataque \u00a0al \u00a0bien \u00a0jur\u00eddico \u00a0que denotan la manera \u00a0progresiva \u00a0como \u00a0se \u00a0atenta \u00a0contra \u00a0la \u00a0seguridad p\u00fablica. As\u00ed, en el inciso \u00a0segundo, \u00a0es \u00a0el \u00a0acuerdo de voluntades para promocionar, organizar, financiar o \u00a0armar \u00a0grupos armados al margen de la ley lo que le da sentido al injusto, en el \u00a0contexto \u00a0de \u00a0una modalidad muy propia de los tipos de peligro; y en el tercero, \u00a0desde \u00a0la \u00a0\u00f3ptica \u00a0de \u00a0la \u00a0efectiva \u00a0lesi\u00f3n, se sanciona la conducta de armar, \u00a0financiar \u00a0o \u00a0promocionar a tales grupos. Eso implica que se describen conductas \u00a0secuenciales \u00a0en \u00a0escala \u00a0de \u00a0menor \u00a0a \u00a0mayor gravedad cuya lesividad se refleja \u00a0precisamente \u00a0en \u00a0el \u00a0tratamiento \u00a0punitivo, \u00a0como \u00a0corresponde \u00a0al principio de \u00a0proporcionalidad.\u201d \u00a0\u00a0<\/p>\n<p>(\u2026) \u00a0<\/p>\n<p>\u201cEn \u00a0la escala progresiva de protecci\u00f3n \u00a0de\u00a0 \u00a0bienes \u00a0jur\u00eddicos, \u00a0el \u00a0acuerdo \u00a0que \u00a0da \u00a0origen \u00a0al \u00a0concierto \u00a0para \u00a0organizar, \u00a0promover, \u00a0armar \u00a0o \u00a0financiar \u00a0grupos \u00a0al \u00a0margen \u00a0de \u00a0la \u00a0ley, \u00a0se \u00a0diferencia \u00a0de \u00a0la \u00a0efectiva \u00a0organizaci\u00f3n, \u00a0fomento, \u00a0promoci\u00f3n, direcci\u00f3n y \u00a0financiaci\u00f3n \u00a0del \u00a0concierto, moldeando diferentes penas seg\u00fan la ponderaci\u00f3n \u00a0del \u00a0aporte que se traduce en un mayor desvalor de la conducta y en un juicio de \u00a0exigibilidad \u00a0personal \u00a0y \u00a0social \u00a0mucho m\u00e1s dr\u00e1stico para quien efectivamente \u00a0organiza, \u00a0fomenta, \u00a0promueve, \u00a0arma o financia el concierto para delinquir, que \u00a0para \u00a0 \u00a0 \u00a0quien \u00a0 \u00a0 s\u00f3lo \u00a0 \u00a0 lo \u00a0 \u00a0 acuerda\u201d.18 \u00a0\u00a0<\/p>\n<p>Estudio que se compadece con una lectura del \u00a0tipo \u00a0penal \u00a0que \u00a0despunta \u00a0las \u00a0diversas \u00a0formas \u00a0en \u00a0que \u00a0el \u00a0concierto \u00a0puede \u00a0manifestarse \u00a0en \u00a0la realidad, lo cual permite advertir una visi\u00f3n din\u00e1mica de \u00a0los \u00a0mencionados tipos penales, en lugar de una est\u00e1tica que apenas pretenda la \u00a0mera \u00a0ordenaci\u00f3n \u00a0sistem\u00e1tica \u00a0de conductas, atendido que es el bien jur\u00eddico \u00a0el que confiere sentido a las conductas punibles. \u00a0\u00a0<\/p>\n<p>\u00a0 \u00a0\u00a0 \u00a0\u00a0 \u00a0 \u00a0\u00a0<\/p>\n<p>Recu\u00e9rdese \u00a0que \u00a0sobre \u00a0el contenido de la \u00a0conducta \u00a0y \u00a0la \u00a0manera \u00a0como se manifiesta el concierto para delinquir agravado \u00a0con \u00a0la \u00a0finalidad \u00a0de \u00a0promover a grupos armados al margen de la ley, cuando el \u00a0acuerdo \u00a0nace de consensos entre congresistas o mandatarios regionales y actores \u00a0armados, la Sala ha expresado lo siguiente: \u00a0\u00a0<\/p>\n<p>\u201cTeniendo en cuenta lo anterior y lo que \u00a0de \u00a0ordinario \u00a0sucede \u00a0en aparatos organizados de poder -todo para no desconocer \u00a0el \u00a0bien \u00a0jur\u00eddico, \u00a0el sentido del tipo penal, o los contenidos de la conducta \u00a019-, \u00a0el aporte del pol\u00edtico a la causa paramilitar cuando coloca la \u00a0funci\u00f3n \u00a0p\u00fablica \u00a0a \u00a0su \u00a0servicio \u00a0debe \u00a0mirarse \u00a0no \u00a0tanto en la creaci\u00f3n de \u00a0disfunciones \u00a0 institucionales \u00a0 -que, \u00a0claro, \u00a0le \u00a0agregan \u00a0mayor \u00a0gravedad \u00a0al \u00a0injusto-, \u00a0 sino \u00a0en \u00a0la \u00a0medida \u00a0que \u00a0con \u00a0esa \u00a0contribuci\u00f3n \u00a0se \u00a0incrementa el riesgo contra la seguridad \u00a0p\u00fablica \u00a0al \u00a0potenciar \u00a0la \u00a0acci\u00f3n del grupo ilegal, como puede ocurrir cuando \u00a0por \u00a0la \u00a0influencia de las autodefensas se crean condiciones materiales mediante \u00a0inversi\u00f3n \u00a0 estatal \u00a0 en \u00a0lugares \u00a0donde \u00a0la \u00a0acci\u00f3n \u00a0del \u00a0paramilitarismo \u00a0es \u00a0evidente. \u00a0\u00a0<\/p>\n<p>\u201cEn otras palabras: la distorsi\u00f3n de la \u00a0funci\u00f3n \u00a0estatal, \u00a0cuando eso sucede, es la prueba del acuerdo; as\u00ed como en el \u00a0concierto \u00a0simple, \u00a0los \u00a0delitos \u00a0ejecutados \u00a0en \u00a0funci\u00f3n \u00a0del \u00a0acuerdo \u00a0son la \u00a0manifestaci\u00f3n \u00a0 del \u00a0 consenso \u00a0 ilegal.\u00a0 \u00a0En \u00a0el \u00a0primer \u00a0evento, \u00a0si \u00a0la \u00a0distorsi\u00f3n \u00a0de \u00a0la \u00a0funci\u00f3n \u00a0estatal \u00a0implica \u00a0la \u00a0consumaci\u00f3n de un injusto, \u00a0concursar\u00e1 \u00a0con \u00a0el \u00a0concierto \u00a0para \u00a0delinquir agravado, as\u00ed como los delitos \u00a0comunes \u00a0 \u00a0lo \u00a0 \u00a0hacen \u00a0 \u00a0con \u00a0 \u00a0el \u00a0 delito \u00a0 de \u00a0 concierto \u00a0 para \u00a0 delinquir \u00a0simple\u201d.20 \u00a0\u00a0<\/p>\n<p>\u00a0 \u00a0\u00a0 \u00a0\u00a0 \u00a0As\u00ed \u00a0las cosas, en virtud de la estructura dogm\u00e1tica del tipo y la \u00a0concreta \u00a0imputaci\u00f3n \u00a0de que trata la acusaci\u00f3n, no se requer\u00eda probar que el \u00a0acusado \u00a0se \u00a0concert\u00f3 \u00a0para \u00a0cometer delitos, sino que lo hizo para promover un \u00a0grupo \u00a0armado \u00a0ilegal, \u00a0y \u00a0no obstante la defensa material y t\u00e9cnica argumenten \u00a0que \u00a0ello \u00a0no \u00a0ocurri\u00f3, \u00a0para \u00a0la \u00a0Sala, \u00a0en \u00a0armon\u00eda \u00a0con \u00a0lo estimado por la \u00a0Procuradur\u00eda \u00a0y \u00a0la \u00a0Fiscal\u00eda, \u00a0la \u00a0certeza \u00a0de su responsabilidad emana de la \u00a0prueba recaudada. \u00a0\u00a0<\/p>\n<p>\u00a0 \u00a0\u00a0 \u00a0\u00a0 \u00a0La \u00a0defensa \u00a0argumenta \u00a0que si se brinda credibilidad a la prueba de \u00a0cargo \u00a0obrante \u00a0en \u00a0el \u00a0plenario \u00a0-no \u00a0obstante \u00a0descartarlo-, \u00a0la \u00a0misma apenas \u00a0acredita \u00a0hechos \u00a0indicadores de los contactos que supuestamente tuvo el acusado \u00a0con \u00a0miembros de las autodefensas, pero no los acuerdos celebrados entre \u00e9stos, \u00a0motivo \u00a0por \u00a0el \u00a0cual \u00a0la \u00a0Sala inicia el an\u00e1lisis de la prueba de la siguiente \u00a0manera. \u00a0\u00a0<\/p>\n<p>\u00a0 \u00a0\u00a0 \u00a0\u00a0 \u00a0El \u00a0examen \u00a0acerca de los contactos, encuentros o reuniones entre el \u00a0acusado \u00a0 y \u00a0miembros \u00a0de \u00a0las \u00a0autodefensas, \u00a0necesariamente \u00a0recae \u00a0sobre \u00a0los \u00a0testimonios \u00a0de \u00a0quienes \u00a0predicaron \u00a0ello a lo largo del proceso y, por ende, a \u00a0fin \u00a0de \u00a0establecer \u00a0su \u00a0credibilidad, \u00a0deben \u00a0ser \u00a0valorados \u00a0no \u00a0solamente \u00a0en \u00a0consideraci\u00f3n \u00a0a \u00a0ellos mismos sino en armon\u00eda con los dem\u00e1s medios de prueba \u00a0allegados al plenario. \u00a0\u00a0<\/p>\n<p>Metodol\u00f3gicamente \u00a0se \u00a0proceder\u00e1 \u00a0en \u00a0el \u00a0an\u00e1lisis \u00a0pertinente, \u00a0atendiendo \u00a0un \u00a0orden \u00a0cronol\u00f3gico \u00a0de \u00a0mayor \u00a0a \u00a0menor \u00a0antig\u00fcedad \u00a0al \u00a0respecto \u00a0y, \u00a0por ende, debe iniciarse a partir de lo sostenido \u00a0por \u00a0Orlando \u00a0Morales \u00a0Murillo, \u00a0alias \u201cTaylor\u201d, ex integrante del \u201cBCB\u201d \u00a0(1999-2005), \u00a0quien en declaraci\u00f3n rendida el 30 de agosto de 2007 adujo que en \u00a0el \u00a02001, cuando se encontraba con una contraguerrilla de la organizaci\u00f3n en el \u00a0corregimiento \u00a0\u201cCerro \u00a0Burgos\u201d del municipio de Santa Rosa, sur de Bol\u00edvar, \u00a0lleg\u00f3 \u00a0hasta \u00a0all\u00ed \u00a0el acusado manifestando que iba a hablar con el comandante \u00a0alias \u00a0\u201cGustavo \u00a0Alarc\u00f3n\u201d, \u00a0y \u00a0al \u00a0comunicarse, \u00a0recibi\u00f3 instrucciones por \u00a0radio \u00a0en \u00a0el \u00a0sentido \u00a0de que lo condujeran hasta \u201cCasa Verde\u201d en San Blas, \u00a0donde \u00a0 se \u00a0 reuni\u00f3 \u00a0 con \u00a0 aqu\u00e9l \u00a0 y \u00a0 alias \u00a0 \u201cJuli\u00e1n \u00a0 Bol\u00edvar\u201d, \u00a0 en \u00a0privado.21\u00a0 \u00a0\u00a0<\/p>\n<p>Declaraci\u00f3n \u00a0que \u00a0se \u00a0advierte \u00a0perspicaz, \u00a0espont\u00e1nea \u00a0y \u00a0definida \u00a0en \u00a0lo \u00a0que \u00a0fue \u00a0objeto \u00a0de percepci\u00f3n por parte del \u00a0testigo, \u00a0sin \u00a0que \u00a0ning\u00fan \u00a0reparo \u00a0merezca respecto a su credibilidad, como lo \u00a0sostiene \u00a0la \u00a0defensa, \u00a0porque \u00a0la \u00a0reuni\u00f3n \u00a0se \u00a0haya \u00a0dado \u00a0en \u00a0lugar ajeno al \u00a0Departamento \u00a0de \u00a0Santander \u00a0y \u00a0en \u00a0tiempo \u00a0distante \u00a0a aqu\u00e9l en que el acusado \u00a0desarroll\u00f3 \u00a0su campa\u00f1a a la Gobernaci\u00f3n; ahora, el que \u201cJuli\u00e1n Bol\u00edvar\u201d \u00a0descarte \u00a0relaci\u00f3n \u00a0alguna \u00a0con \u00a0el procesado y diga que tan solo estuvo con el \u00a0mismo \u00a0en \u00a0la \u00a0mesa \u00a0de \u00a0negociaci\u00f3n \u00a0en \u00a0Santafe de Ralito a mediados de 2004, \u00a0apenas \u00a0traduce \u00a0el enfrentamiento de su dicho con el del declarante mencionado, \u00a0lo \u00a0cual \u00a0debe dilucidarse a partir de confrontar las afirmaciones de uno y otro \u00a0con \u00a0 el \u00a0resto \u00a0del \u00a0caudal \u00a0probatorio, \u00a0como \u00a0se \u00a0analizar\u00e1 \u00a0m\u00e1s \u00a0adelante. \u00a0\u00a0<\/p>\n<p>Seguidamente, en el orden ya anunciado, los \u00a0testigos \u00a0Salvatore \u00a0Mancuso \u00a0G\u00f3mez y \u00c9dwar Cobos T\u00e9llez, manifestaron, tanto \u00a0en \u00a0 \u00a0 \u00a0 \u00a0 declaraciones \u00a0 \u00a0 \u00a0 \u00a0 trasladadas22 \u00a0 como \u00a0 en \u00a0 la \u00a0audiencia \u00a0p\u00fablica, \u00a0que \u00a0despu\u00e9s \u00a0de haberse llevado a cabo en el a\u00f1o 2001 una reuni\u00f3n \u00a0de \u00a0varios d\u00edas en la finca \u201cla 21\u201d ubicada en el Departamento de C\u00f3rdoba, \u00a0donde \u00a0se \u00a0discutieron \u00a0las \u00a0tesis \u00a0de los diferentes bloques de autodefensas en \u00a0relaci\u00f3n \u00a0con \u00a0la \u00a0contienda electoral a Congreso de la Rep\u00fablica 2002, con la \u00a0asistencia \u00a0de \u00a0varios miembros de la pol\u00edtica, que culmin\u00f3 con la imposici\u00f3n \u00a0de \u00a0quienes \u00a0sostuvieron \u00a0que \u00a0cada \u00a0bloque \u00a0patrocinar\u00eda \u00a0los pol\u00edticos de su \u00a0elecci\u00f3n, \u00a0y \u00a0no \u00a0la \u00a0propuesta por el \u201cBCB\u201d en el sentido de respaldar una \u00a0sola \u00a0lista \u00a0nacional cuya cabeza hab\u00eda sido\u00a0 seleccionada, lo cual caus\u00f3 \u00a0distanciamientos \u00a0y malestar; los jefes de esta \u00faltima organizaci\u00f3n convocaron \u00a0a \u00a0una \u00a0reuni\u00f3n \u00a0que \u00a0se \u00a0celebr\u00f3 \u00a0antes \u00a0de \u00a0esas elecciones en una finca del \u00a0m\u00e1ximo \u00a0jefe \u00a0del \u00a0\u201cBCB\u201d Carlos Mario Jim\u00e9nez, alias \u201cMacaco\u201d, ubicada \u00a0cerca \u00a0del \u00a0municipio \u00a0de \u00a0Caucasia, \u00a0bajo Cauca antioque\u00f1o, en la que tambi\u00e9n \u00a0estuvieron \u00a0presentes los ex jefes paramilitares Vicente Casta\u00f1o, alias \u201cCuco \u00a0Vanoy\u201d, alias \u201cDon Berna\u201d, el acusado y algunos pol\u00edticos. \u00a0\u00a0<\/p>\n<p>Mancuso \u00a0G\u00f3mez \u00a0pregona, \u00a0adem\u00e1s, \u00a0que en \u00a0alguna \u00a0oportunidad \u00a0Carlos \u00a0Casta\u00f1o le hab\u00eda manifestado que la organizaci\u00f3n \u00a0los \u00a0\u201cPepes\u201d \u00a0-Perseguidos Por Pablo Escobar-, en su \u00e9poca, habr\u00eda luchado \u00a0conjuntamente \u00a0con \u00a0el \u00a0procesado, \u00a0como \u00a0miembro del bloque de b\u00fasqueda de las \u00a0Fuerzas \u00a0 Armadas, \u00a0 en\u00a0 \u00a0 contra \u00a0 de \u00a0aqu\u00e9l23 \u00a0y, tambi\u00e9n, que en el a\u00f1o \u00a02007 \u00a0 cuando \u00a0 se \u00a0 encontraba \u00a0recluido \u00a0junto \u00a0a \u00a0otros \u00a0jefes \u00a0paramilitares \u00a0desmovilizados, \u00a0escuch\u00f3 \u00a0comentarios \u00a0en \u00a0el \u00a0sentido \u00a0de que se hab\u00edan hecho \u00a0pactos \u00a0 para \u00a0 la \u00a0elecci\u00f3n \u00a0del \u00a0enjuiciado \u00a0como \u00a0Gobernador \u00a0de \u00a0Santander, \u00a0advirtiendo \u00a0que \u00a0ello \u00a0deb\u00edan \u00a0conocerlo \u00a0los jefes del \u201cBCB\u201d Carlos Mario \u00a0Jim\u00e9nez, Rodrigo P\u00e9rez Alzate e Iv\u00e1n Roberto Duque. \u00a0\u00a0<\/p>\n<p>Cobos \u00a0T\u00e9llez y Mancuso G\u00f3mez limitan sus \u00a0testimonios \u00a0al se\u00f1alamiento que hacen en el sentido de que el procesado estuvo \u00a0en \u00a0 \u00a0 \u00a0 \u00a0 la \u00a0 \u00a0 \u00a0 \u00a0 finca \u00a0 \u00a0 \u00a0 \u00a0mencionada24, \u00a0 \u00a0sin \u00a0 advertir \u00a0 haber \u00a0escuchado \u00a0conversaci\u00f3n \u00a0o \u00a0acuerdo \u00a0alguno \u00a0que \u00a0celebrara \u00a0con \u00a0los jefes del \u00a0\u201cBCB\u201d \u00a0all\u00ed \u00a0presentes, quienes deb\u00edan aclarar ello; destacando recordarlo \u00a0por \u00a0tratarse \u00a0de \u00a0quien en el pasado hab\u00eda hecho parte del bloque de b\u00fasqueda \u00a0del \u00a0 narcotraficante \u00a0Pablo \u00a0Escobar \u00a0Gaviria; \u00a0lo \u00a0cual \u00a0permite \u00a0apreciar \u00a0un \u00a0contenido \u00a0escueto, \u00a0claro \u00a0y \u00a0coherente \u00a0de \u00a0sus \u00a0manifestaciones \u00a0sin visos de \u00a0animosidad \u00a0diversa \u00a0a \u00a0dar a conocer lo que pudieron percibir objetivamente sin \u00a0a\u00f1adiduras \u00a0y, por tanto, ning\u00fan reparo de credibilidad emerge, no obstante lo \u00a0aducido \u00a0por \u00a0la \u00a0defensa en el sentido de tratarse de delincuentes -como son la \u00a0mayor\u00eda \u00a0de \u00a0los deponentes de cargo- que atestiguan contra su defendido, \u201cel \u00a0Coronel\u201d \u00a0de \u00a0hoja \u00a0de \u00a0vida intachable, puesto que ya se ha dicho por la Sala \u00a0que, \u00a0las condiciones del testigo en modo alguno descalifican su credibilidad y, \u00a0por \u00a0tanto, \u00a0el hecho de que quienes fungen como declarantes en un proceso penal \u00a0tengan \u00a0 un \u00a0 prontuario \u00a0 delictivo \u00a0 no \u00a0 permite \u00a0tildar \u00a0de \u00a0mentirosas \u00a0sus \u00a0aseveraciones \u00a0y \u00a0descalificar \u00a0per \u00a0se \u00a0las \u00a0mismas25. \u00a0\u00a0<\/p>\n<p>Prosiguiendo \u00a0con \u00a0la lista de testigos que \u00a0destacan \u00a0el \u00a0nexo \u00a0del \u00a0acusado con los paramilitares, en la forma cronol\u00f3gica \u00a0anunciada, \u00a0 se \u00a0 tiene \u00a0a \u00a0Jos\u00e9 \u00a0Agust\u00edn \u00a0Quecho \u00a0Angarita, \u00a0ex \u00a0concejal \u00a0de \u00a0Barrancabermeja \u00a0(1998-2003), \u00a0quien \u00a0se\u00f1al\u00f3 en declaraci\u00f3n rendida ante esta \u00a0Sala \u00a0 \u00a0el \u00a0 \u00a026 \u00a0 \u00a0de \u00a0 \u00a0septiembre \u00a0 \u00a0de \u00a0 \u00a0200726, \u00a0 haber \u00a0 asistido \u00a0a \u00a0una \u00a0reuni\u00f3n \u00a0en proximidades del municipio de Puerto Berr\u00edo (Antioquia), en la que \u00a0estuvieron \u00a0presentes \u00a0los \u00a0ex \u00a0jefes \u00a0paramilitares alias \u201cErnesto B\u00e1ez\u201d y \u00a0\u201cJuli\u00e1n \u00a0Bol\u00edvar\u201d, adem\u00e1s de otros miembros de esa organizaci\u00f3n armados, \u00a0uniformados \u00a0y \u00a0con \u00a0brazaletes, \u00a0los \u00a0ex congresistas Luis Alberto Gil y Nelson \u00a0Naranjo, \u00a0al \u00a0igual \u00a0que \u00a0el \u00a0acusado, \u00a0en \u00a0la \u00a0cual \u00a0se \u00a0propuso respaldar como \u00a0candidato \u00a0a \u00a0la \u00a0C\u00e1mara \u00a0de \u00a0Representantes \u00a0a \u00a0Nelson \u00a0Naranjo; presencia del \u00a0procesado \u00a0sobre la que m\u00e1s tarde, en testimonio rendido en el sumario el 22 de \u00a0diciembre \u00a0de \u00a02008, adujo: \u201cel coronel con certeza, \u00a0certeza \u00a0no \u00a0tengo \u00a0(\u2026) no me atrevo a precisar, quiero que quede claro que la \u00a0reuni\u00f3n \u00a0fue \u00a0muy \u00a0tensa \u00a0cuando lleg\u00f3 Juli\u00e1n Bol\u00edvar (\u2026) no tengo certeza \u00a0que \u00a0 el \u00a0 coronel \u00a0 no \u00a0 haya \u00a0 estado \u00a0 all\u00e1\u201d27; \u00a0de donde surge n\u00edtido que \u00a0pese \u00a0a esta \u00faltima afirmaci\u00f3n, no descarta de plano la asistencia del acusado \u00a0al lugar. \u00a0\u00a0<\/p>\n<p>Es m\u00e1s, otro ex concejal de Barrancabermeja \u00a0que \u00a0aduce \u00a0haber \u00a0asistido \u00a0a \u00a0la \u00a0reuni\u00f3n \u00a0se\u00f1alada \u00a0por el anterior, seg\u00fan \u00a0declaraci\u00f3n \u00a0rendida \u00a0el \u00a025 \u00a0de septiembre de 200728, \u00a0es \u00a0Morgan \u00a0Egea S\u00e1nchez, \u00a0quien \u00a0refiere \u00a0que \u00a0la \u00a0misma \u00a0se \u00a0llev\u00f3 a cabo a principios de 2002, que hubo \u00a0personal \u00a0armado resguardando el lugar y que all\u00ed estuvieron los ex comandantes \u00a0paramilitares \u00a0Iv\u00e1n \u00a0Roberto \u00a0Duque \u00a0y Rodrigo P\u00e9rez Alzate, el ex congresista \u00a0Nelson \u00a0Naranjo, \u00a0a \u00a0favor \u00a0de \u00a0quien solicitaban apoyo para su candidatura a la \u00a0C\u00e1mara \u00a0de \u00a0Representantes por parte de los concejales de Barrancabermeja all\u00ed \u00a0presentes, \u00a0y \u00a0que \u00a0tambi\u00e9n arribaron al lugar Luis Alberto Gil y el procesado, \u00a0quienes al igual que los anteriores, pidieron apoyar a Naranjo. \u00a0\u00a0<\/p>\n<p>Del \u00a0contenido \u00a0de \u00a0los citados testimonios \u00a0surge \u00a0claro\u00a0 \u00a0que \u00a0la reuni\u00f3n se\u00f1alada se celebr\u00f3 con antelaci\u00f3n a las \u00a0elecciones \u00a0de 2002 a Congreso de la Rep\u00fablica, que fue cuando el doctor Nelson \u00a0Naranjo \u00a0Cabarique hizo parte de una lista del movimiento Convergencia Ciudadana \u00a0a \u00a0la \u00a0C\u00e1mara \u00a0de Representantes auspiciada por las autodefensas, quien acept\u00f3 \u00a0cargos \u00a0como \u00a0autor \u00a0del \u00a0delito \u00a0de \u00a0concierto \u00a0para \u00a0delinquir \u00a0agravado, \u00a0con \u00a0fundamento \u00a0en \u00a0dicha \u00a0alianza, \u00a0por \u00a0lo \u00a0que \u00a0la \u00a0Sala \u00a0profiri\u00f3 \u00a0en su contra \u00a0sentencia anticipada en la que se dijo: \u00a0\u00a0<\/p>\n<p>\u201cEn lo probatorio, el dominio del Bloque \u00a0Central \u00a0 Bol\u00edvar \u00a0 en \u00a0 el \u00a0 tri\u00e1ngulo \u00a0 conformado \u00a0 por \u00a0 los \u00a0Departamentos \u00a0de \u00a0Bol\u00edvar, Santander y \u00a0Antioquia \u00a0en pleno Magdalena medio no est\u00e1 en discusi\u00f3n. Iv\u00e1n Roberto Duque, \u00a0alias \u00a0\u201cErnesto \u00a0B\u00e1ez\u201d, \u00a0jefe \u00a0del \u00a0\u201cej\u00e9rcito \u00a0pol\u00edtico y social\u201d del \u00a0paramilitarismo, \u00a0reconstruy\u00f3 \u00a0con \u00a0impecable \u00a0agudeza \u00a0lo \u00a0que \u00a0signific\u00f3 \u00a0la \u00a0nefasta \u00a0presencia de ese aparato organizado de poder ilegal, y en particular se \u00a0refiri\u00f3 \u00a0a \u00a0la \u00a0imposibilidad \u00a0de \u00a0que \u00a0l\u00edderes pol\u00edticos de otras tendencias \u00a0pudieran \u00a0asumir \u00a0libremente \u00a0opciones \u00a0distintas a las que defend\u00eda el aparato \u00a0paramilitar. \u00a0\u00a0<\/p>\n<p>En \u00a0ese marco, como lo refiri\u00f3 \u201cErnesto \u00a0B\u00e1ez\u201d, \u00a0el Bloque Central Bol\u00edvar encontr\u00f3 en la decisi\u00f3n gubernamental de \u00a0despejar \u00a0los municipios de San Pablo, Cantagallo y Yond\u00f3, la mejor excusa para \u00a0manipular \u00a0el \u00a0movimiento \u00a0\u201cno \u00a0al \u00a0despeje\u201d \u00a0y hacer de ese hecho social el \u00a0punto \u00a0de \u00a0apoyo \u00a0de \u00a0su \u00a0pretensi\u00f3n, consistente en llevar al mayor n\u00famero de \u00a0aliados \u00a0al \u00a0Congreso de la Rep\u00fablica con el fin de impulsar institucionalmente \u00a0\u201cpol\u00edticas \u00a0del \u00a0paramilitarismo\u201d \u00a0y \u00a0la \u00a0eventual incorporaci\u00f3n de grupos \u00a0armados \u00a0a \u00a0la sociedad a partir del reconocimiento de su desviaci\u00f3n ileg\u00edtima \u00a0como una acci\u00f3n pol\u00edtica. \u00a0\u00a0<\/p>\n<p>(\u2026) \u00a0<\/p>\n<p>Pero \u00a0la Corte tambi\u00e9n consider\u00f3 que las \u00a0pretensiones \u00a0del \u00a0Bloque \u00a0Central \u00a0Bol\u00edvar \u00a0ser\u00edan \u00a0inexplicables si s\u00f3lo se \u00a0asociaban \u00a0a un episodio hist\u00f3rico con un acentuado componente social, debido a \u00a0que \u00a0de esa manera se pod\u00eda ocultar un arsenal de acciones violentas que fueron \u00a0las \u00a0que propiciaron la captura del poder local y una falsa cohesi\u00f3n social. No \u00a0en \u00a0vano, \u00a0la \u00a0Sala \u00a0fue \u00a0enf\u00e1tica \u00a0en \u00a0sostener \u00a0en \u00a0anterior \u00a0oportunidad \u00a0lo \u00a0siguiente: \u00a0\u00a0<\/p>\n<p>\u201c\u2026 \u00a0esa pretensi\u00f3n \u201cpol\u00edtica\u201d de \u00a0las \u00a0 autodefensas \u00a0ser\u00eda \u00a0inexplicable \u00a0si \u00a0solo \u00a0se \u00a0asocia \u00a0a \u00a0las \u00a0\u00ednfulas \u00a0\u201cpol\u00edticas\u201d \u00a0del \u00a0paramilitarismo \u00a0con \u00a0el \u00a0\u201cMovimiento no al despeje\u201d, \u00a0porque \u00a0no \u00a0puede \u00a0ocultarse que el paramilitarismo tambi\u00e9n hab\u00eda capturado el \u00a0poder \u00a0local y sometido a la clase pol\u00edtica provincial y a la sociedad toda por \u00a0v\u00eda \u00a0de la acci\u00f3n militar en la conflictiva zona del tri\u00e1ngulo conformado por \u00a0el \u00a0sur \u00a0de \u00a0Bol\u00edvar, \u00a0Santander \u00a0y \u00a0Antioquia, \u00a0como se puede constatar con la \u00a0declaraci\u00f3n \u00a0del \u00a0ex concejal de Barrancabermeja Rogelio Adolfo Scarpeta D\u00edaz, \u00a0quien \u00a0se\u00f1al\u00f3 \u00a0que \u00a0el \u00a0poder \u00a0de \u00a0las \u00a0autodefensas \u00a0era \u00a0de tal magnitud que \u00a0impon\u00edan \u00a0 \u201cconsensos\u201d \u00a0 y \u00a0 \u201capoyos\u201d, \u00a0 dictaban \u00a0 directrices \u00a0a \u00a0los \u00a0concejales, \u00a0citaban \u00a0a \u00a0reuniones, \u00a0controlaban \u00a0la \u00a0contrataci\u00f3n \u00a0y ejerc\u00edan \u00a0control pol\u00edtico sobre el concejo y el alcalde.\u201d \u00a0\u00a0<\/p>\n<p>Es, \u00a0por lo tanto, a partir del dominio de \u00a0la \u00a0sociedad \u00a0&#8211; \u00a0que \u00a0alcanza \u00a0su \u00a0mayor \u00a0expresi\u00f3n \u00a0con \u00a0la \u00a0apropiaci\u00f3n \u00a0del \u00a0movimiento \u00a0\u201cno \u00a0al \u00a0despeje\u201d \u00a0&#8211; y de los estamentos de poder local, que las \u00a0autodefensas, \u00a0con \u00a0un \u00a0evidente \u00a0poder de maniobra, deciden convocar a sectores \u00a0sociales \u00a0 y \u00a0 pol\u00edticos \u00a0 para \u00a0 definir \u00a0f\u00f3rmulas \u00a0electorales \u00a0en \u00a0las \u00a0muy \u00a0publicitadas \u00a0reuniones \u00a0de \u00a0San \u00a0Rafael \u00a0de Lebrija y Puerto Berr\u00edo, sitios en \u00a0donde \u00a0 se \u00a0sell\u00f3 \u00a0la \u00a0suerte \u00a0del \u00a0proyecto \u00a0pol\u00edtico \u00a0de \u00a0las \u00a0autodefensas: \u00a0Santander, \u00a0Bol\u00edvar \u00a0y Antioquia contar\u00edan, conforme al proyecto de \u201cErnesto \u00a0B\u00e1ez\u201d, \u00a0con \u00a0dirigentes que tendr\u00edan el auspicio, respaldo y benepl\u00e1cito de \u00a0las autodefensas. \u00a0\u00a0<\/p>\n<p>Acerca de lo que ocurri\u00f3 en esas reuniones \u00a0tampoco \u00a0hay \u00a0duda. Lo confirman quienes las organizaron, los que asistieron por \u00a0la \u00a0fuerza \u00a0o por el temor o porque quer\u00edan hacerlo, y los beneficiarios de sus \u00a0conclusiones. \u00a0 As\u00ed, \u00a0 alias \u00a0 \u201cErnesto \u00a0B\u00e1ez\u201d \u00a0y \u00a0Jairo \u00a0Ignacio \u00a0Orozco, \u00a0\u201cTaraz\u00e1\u201d, \u00a0 jefes \u00a0 de \u00a0las \u00a0autodefensas \u00a0que \u00a0permearon \u00a0los \u00a0movimientos \u00a0pol\u00edticos \u00a0y \u00a0sociales \u00a0y \u00a0que \u00a0plasmaron \u00a0en la realidad la artificiosa agenda \u00a0\u201cpol\u00edtica\u201d \u00a0de \u00a0las \u00a0autodefensas, \u00a0admiten \u00a0que en San Rafael de Lebrija y \u00a0Puerto \u00a0Berr\u00edo \u00a0se \u00a0concret\u00f3 \u00a0la \u00a0lista \u00a0a la c\u00e1mara de representantes por el \u00a0Departamento \u00a0 \u00a0 de \u00a0Santander. \u00a0\u00a0<\/p>\n<p>Los \u00a0 concejales \u00a0 de \u00a0 Barrancabermeja \u00a0aglutinados \u00a0en \u00a0el \u00a0Movimiento \u00a0Amplio \u00a0Regional \u00a0tambi\u00e9n \u00a0admitieron \u00a0que \u00a0la \u00a0finalidad \u00a0de las autodefensas era alcanzar, con aliados o sin ellos, un esca\u00f1o \u00a0en \u00a0 la \u00a0 c\u00e1mara \u00a0 de \u00a0 representantes; \u00a0 y \u00a0Naranjo \u00a0Cabarique \u00a0 \u00a0y \u00a0 \u00a0Ariza \u00a0S\u00e1nchez \u00a0ratifican este acontecimiento que tiene una \u00a0implicaci\u00f3n \u00a0 simb\u00f3lica \u00a0inocultable: \u00a0delimita \u00a0el \u00a0tr\u00e1nsito \u00a0 del \u00a0 Bloque \u00a0Central \u00a0Bol\u00edvar \u00a0de \u00a0escenarios \u00a0parroquiales \u00a0hacia \u00a0instituciones \u00a0del \u00a0orden \u00a0nacional.\u201d \u00a029 \u00a0\u00a0<\/p>\n<p>De otro lado, David Hern\u00e1ndez L\u00f3pez, alias \u00a0\u201cDiego \u00a0Rivera\u201d, desmovilizado del \u201cBCB\u201d, en declaraciones rendidas ante \u00a0esta \u00a0Sala \u00a0los \u00a0d\u00edas \u00a015 \u00a0y \u00a029 \u00a0de \u00a0enero \u00a0de \u00a02008, cuando se le cuestionaba \u00a0abiertamente \u00a0acerca \u00a0de \u00a0los \u00a0v\u00ednculos \u00a0que \u00a0pudo conocer entre miembros de la \u00a0pol\u00edtica \u00a0con \u00a0grupos \u00a0de \u00a0autodefensa, \u00a0asegur\u00f3 \u00a0que a finales de 2002 hab\u00eda \u00a0conocido \u00a0al acusado en una finca ubicada en cercan\u00edas de Caucasia (Antioquia), \u00a0donde \u00a0se \u00a0lo \u00a0present\u00f3 \u00a0el \u00a0comandante \u00a0militar \u00a0del \u00a0\u201cBCB\u201d Rodrigo P\u00e9rez \u00a0Alzate, \u00a0alias \u00a0\u201cJuli\u00e1n \u00a0Bol\u00edvar\u201d, \u00a0como el futuro Gobernador de Santander \u00a0quien \u00a0trabajar\u00eda \u00a0de \u00a0la \u00a0mano \u00a0de \u00a0las autodefensas en ese Departamento y que \u00a0podr\u00eda \u00a0llegar \u00a0a \u00a0ser \u00a0Presidente \u00a0de \u00a0Colombia; \u00a0y \u00a0luego \u00a0asegura que fue un \u00a0Gobernador \u00a0puesto \u00a0por \u00a0las \u00a0autodefensas, \u00a0quienes \u00a0apoyaron su elecci\u00f3n y le \u00a0hicieron \u00a0proselitismo, \u00a0y \u00a0que \u00a0alias \u201cAlfonso\u201d entraba constantemente a la \u00a0Gobernaci\u00f3n. \u00a0\u00a0<\/p>\n<p>Al \u00a0respecto se cuenta en el proceso con lo \u00a0sostenido \u00a0por \u00a0los \u00a0ex comandantes del \u201cBCB\u201d Rodrigo P\u00e9rez e Iv\u00e1n Roberto \u00a0Duque, \u00a0quienes \u00a0no \u00a0obstante \u00a0minimizar \u00a0la actividad desplegada por el testigo \u00a0mencionado \u00a0en \u00a0esa organizaci\u00f3n armada ilegal, lo reconocen como miembro de la \u00a0misma; \u00a0el \u00a0lugar \u00a0donde \u00a0Hern\u00e1ndez \u00a0L\u00f3pez asegura haber conocido al procesado \u00a0efectivamente \u00a0 est\u00e1 \u00a0referenciado \u00a0como \u00a0un \u00a0sitio \u00a0donde \u00a0militantes \u00a0de \u00a0esa \u00a0estructura \u00a0y \u00a0hasta de otros bloques de las autodefensas se reun\u00edan, inclusive \u00a0con \u00a0miembros \u00a0de \u00a0la \u00a0pol\u00edtica, \u00a0como lo destacaron Salvatore Mancuso G\u00f3mez y \u00a0Edward \u00a0 \u00a0 \u00a0 \u00a0 \u00a0 \u00a0Cobos \u00a0 \u00a0 \u00a0 \u00a0 \u00a0 \u00a0T\u00e9llez30, \u00a0adem\u00e1s \u00a0de \u00a0que \u00a0as\u00ed \u00a0lo \u00a0admiten \u00a0los \u00a0mismos ex comandantes del \u201cBCB\u201d P\u00e9rez Alzate y Duque Gaviria; \u00a0y \u00a0en \u00a0cuanto \u00a0al \u00a0personaje \u00a0alias \u00a0\u201cAlfonso\u201d \u00a0citado \u00a0por \u00a0el testigo, fue \u00a0se\u00f1alado \u00a0como \u00a0\u201ccomisario \u00a0pol\u00edtico\u201d de esa estructura armada que fungi\u00f3 \u00a0en \u00a0Bucaramanga \u00a0en \u00a0el \u00a0periodo \u00a0en \u00a0que el procesado fue Gobernador, seg\u00fan lo \u00a0asever\u00f3 \u00a0Iv\u00e1n \u00a0Roberto \u00a0Duque \u00a0en \u00a0la declaraci\u00f3n que rindi\u00f3 en la audiencia \u00a0p\u00fablica, \u00a0 al \u00a0 cual \u00a0 tambi\u00e9n \u00a0 se \u00a0 refiere \u00a0 Alex\u00e1nder \u00a0Guti\u00e9rrez, \u00a0alias \u00a0\u201cPic\u00faa\u201d, \u00a0como \u00a0comandante del \u201cFrente Comunero Cacique Guanent\u00e1\u201d, que \u00a0estaba \u00a0 \u00a0bajo \u00a0 \u00a0las \u00a0 \u00f3rdenes \u00a0 del \u00a0 \u201cBCB\u201d31. \u00a0\u00a0<\/p>\n<p>De \u00a0 donde \u00a0 aflora \u00a0 sin \u00a0dificultad \u00a0la \u00a0confirmaci\u00f3n \u00a0de \u00a0la declaraci\u00f3n de Hern\u00e1ndez L\u00f3pez, en lo que a este asunto \u00a0interesa,\u00a0 \u00a0adem\u00e1s \u00a0de \u00a0resultar \u00a0notorio, del contenido de su testimonio, \u00a0que \u00a0limit\u00f3 \u00a0su dicho a lo que espec\u00edficamente refiri\u00f3, es decir, al hecho de \u00a0haber \u00a0visto \u00a0al \u00a0acusado \u00a0en \u00a0la \u00a0mencionada \u00a0finca, \u00a0sin mencionar que hubiera \u00a0celebrado \u00a0alguna \u00a0alianza con los miembros de las autodefensas all\u00ed presentes, \u00a0lo \u00a0cual \u00a0permite \u00a0evaluar \u00a0que no ten\u00eda intenci\u00f3n diversa de dar a conocer lo \u00a0que objetivamente percibi\u00f3. \u00a0\u00a0<\/p>\n<p>Ahora, \u00a0pese \u00a0a \u00a0que \u00a0para \u00a0la \u00a0defensa \u00a0la \u00a0credibilidad \u00a0de \u00a0Hern\u00e1ndez L\u00f3pez tan solo emerge a partir de lo acontecido en \u00a0relaci\u00f3n \u00a0con \u00a0la \u00a0oferta dineraria que le hiciera el abogado que defend\u00eda los \u00a0intereses \u00a0de \u00a0un \u00a0ex congresista procesado por esta Sala por conducta similar a \u00a0la \u00a0que \u00a0hoy se juzga, lo cual fue grabado por autoridades de Estados Unidos que \u00a0proteg\u00edan \u00a0al \u00a0testigo \u00a0en ese pa\u00eds y reproducido en la audiencia p\u00fablica que \u00a0se \u00a0 \u00a0adelant\u00f3 \u00a0 \u00a0dentro \u00a0 \u00a0de \u00a0 esa \u00a0 actuaci\u00f3n32, \u00a0 lo \u00a0cierto \u00a0es \u00a0que \u00a0sus \u00a0versiones \u00a0han \u00a0sido \u00a0objeto \u00a0de \u00a0an\u00e1lisis en otros procesos adelantados por la \u00a0Corte, \u00a0resultando \u00a0valioso \u00a0traer \u00a0a \u00a0colaci\u00f3n la evaluaci\u00f3n que del mismo se \u00a0hiciera, \u00a0en \u00a0especial, en uno en el cual sus atestaciones fueron controvertidas \u00a0precisamente \u00a0por los ex comandantes del \u201cBCB\u201d Iv\u00e1n Roberto Duque Gaviria y \u00a0Rodrigo \u00a0 P\u00e9rez \u00a0 Alzate, \u00a0 como \u00a0tambi\u00e9n \u00a0acontece \u00a0en \u00a0este \u00a0caso; \u00a0se \u00a0dijo \u00a0entonces: \u00a0\u00a0<\/p>\n<p>\u201cEl \u00a0contenido \u00a0de \u00a0las \u00a0afirmaciones, a \u00a0prop\u00f3sito \u00a0de las cr\u00edticas que se plantearon desde la defensa, fue valorado en \u00a0pret\u00e9rita \u00a0oportunidad \u00a0por \u00a0la \u00a0Sala, \u00a0al \u00a0momento \u00a0de \u00a0definir \u00a0la situaci\u00f3n \u00a0jur\u00eddica \u00a0al \u00a0entonces \u00a0parlamentario \u00a0y \u00a0en aquella ocasi\u00f3n se acept\u00f3 que si \u00a0bien \u00a0era \u00a0cierto \u00a0que el se\u00f1or HERN\u00c1NDEZ L\u00d3PEZ no \u00a0fue \u00a0del \u00a0todo \u00a0coherente \u00a0en las declaraciones que rindi\u00f3, respecto de algunos \u00a0lugares \u00a0 y \u00a0 fechas \u00a0en \u00a0que \u00a0dijo \u00a0haber \u00a0presenciado \u00a0reuniones \u00a0o \u00a0escuchado \u00a0conversaciones \u00a0como las ya citadas, no por ello pod\u00eda inferirse, como ahora lo \u00a0hacen \u00a0nuevamente \u00a0la \u00a0defensa \u00a0y \u00a0el \u00a0Ministerio \u00a0P\u00fablico, que ha faltado a la \u00a0verdad, ya que sus explicaciones al respecto fueron razonables. \u00a0\u00a0<\/p>\n<p>Adem\u00e1s, \u00a0en \u00a0aquella \u00a0oportunidad la Sala \u00a0justific\u00f3 \u00a0las \u00a0contradicciones \u00a0del \u00a0testigo en que \u00e9ste hab\u00eda relatado unos \u00a0hechos \u00a0que tuvieron ocurrencia varios a\u00f1os atr\u00e1s, durante los cuales cumpli\u00f3 \u00a0diversas \u00a0y \u00a0complejas \u00a0responsabilidades en distintos bloques, en los cuales se \u00a0desempe\u00f1\u00f3 \u00a0 como \u00a0comandante \u00a0pol\u00edtico \u00a0-Libertadores \u00a0del \u00a0Sur, \u00a02001\/2004-, \u00a0secretario \u00a0de \u00a0RODRIGO \u00a0P\u00c9REZ \u00a0ALZATE, \u00a0alias \u00a0&#8220;Juli\u00e1n \u00a0Bol\u00edvar&#8221; \u00a0e \u00a0incluso \u00a0cumpli\u00f3 \u00a0nuevos \u00a0roles \u00a0significativos \u00a0al \u00a0lado \u00a0de \u00a0otros \u00a0jefes \u00a0de la misma \u00a0organizaci\u00f3n como alias &#8220;Ernesto B\u00e1ez&#8221;. \u00a0\u00a0<\/p>\n<p>Sin \u00a0duda, se trata de un argumento que no \u00a0pierde \u00a0validez \u00a0y\u00a0 \u00a0que, \u00a0por \u00a0el \u00a0contrario, ha venido desarroll\u00e1ndose y \u00a0fortaleci\u00e9ndose \u00a0en \u00a0las decisiones judiciales, en donde se viene aceptando que \u00a0estos \u00a0 \u00a0ejercicio \u00a0 memor\u00edstico, \u00a0 orientados \u00a0 a \u00a0reconstruir \u00a0la \u00a0verdad \u00a0sobre \u00a0un \u00a0n\u00famero \u00a0importante de hechos jur\u00eddicamente \u00a0relevantes, \u00a0se \u00a0ve afectado por ingredientes de diversa \u00edndole, los cuales, en \u00a0general, \u00a0nada \u00a0tiene \u00a0que \u00a0ver \u00a0con la falta de sinceridad del deponente.\u00a0 \u00a0Para \u00a0el \u00a0efecto, \u00a0resulta \u00a0pertinente traer a colaci\u00f3n apartes del \u00a0reciente \u00a0pronunciamiento de la Sala, cuando al definir un asunto \u00a0similar \u00a0 al \u00a0 que \u00a0 hoy \u00a0 nos \u00a0 convoca, \u00a0 sostuvo33:\u00a0 \u00a0\u00a0<\/p>\n<p>\u201c67. \u00a0La \u00a0reconstrucci\u00f3n \u00a0de \u00a0la verdad \u00a0respecto \u00a0de \u00a0un \u00a0estado permanente de delincuencia, que se extendi\u00f3 por muchos \u00a0a\u00f1os, \u00a0cubri\u00f3 \u00a0vastos \u00a0territorios \u00a0y \u00a0en \u00a0el \u00a0que tom\u00f3 parte un ej\u00e9rcito de \u00a0personas, \u00a0no se logra a trav\u00e9s de un \u00fanico testigo y menos en un solo tiempo, \u00a0porque \u00a0es \u00a0imposible \u00a0que \u00a0alguien, \u00a0por \u00a0mucha \u00a0jerarqu\u00eda \u00a0que \u00a0tuviera en la \u00a0organizaci\u00f3n, \u00a0lo \u00a0haya \u00a0sabido \u00a0todo \u00a0y \u00a0adem\u00e1s \u00a0lo \u00a0recuerde. \u00a0Es un proceso \u00a0progresivo \u00a0de \u00a0retroalimentaci\u00f3n \u00a0colectiva, \u00a0que \u00a0tiene \u00a0por \u00a0insumo un saber \u00a0fraccionado \u00a0y \u00a0disperso, \u00a0conforme \u00a0diversas particularidades de sus m\u00faltiples \u00a0actores; \u00a0unos \u00a0saben \u00a0m\u00e1s \u00a0y \u00a0otros menos; unos recuerdan mucho, otros poco, y \u00a0habr\u00e1 \u00a0quienes \u00a0lo \u00a0olvidaron \u00a0todo; unos est\u00e1n seguros y otros dubitativos; a \u00a0unos \u00a0les \u00a0parece \u00a0as\u00ed \u00a0y \u00a0a \u00a0otros \u00a0de \u00a0otra \u00a0manera, \u00a0etc. \u00a0Y \u00a0esos matices o \u00a0diferencias, \u00a0en \u00a0s\u00ed \u00a0mismos, no significan \u201cquerer enga\u00f1ar\u201d o faltar a la \u00a0verdad.\u00a0 \u00a0\u00a0<\/p>\n<p>68. Entre la dispersi\u00f3n, es el tiempo, la \u00a0retroalimentaci\u00f3n, \u00a0el contraste y la raz\u00f3n cr\u00edtica frente a cada hecho y sus \u00a0particulares \u00a0circunstancias, \u00a0lo que en torno al mismo decanta las ideas y fija \u00a0los \u00a0recuerdos; \u00a0por \u00a0eso \u00a0se \u00a0entiende \u00a0que cuando a testigos desmovilizados de \u00a0grupos \u00a0armados \u00a0se \u00a0les \u00a0cuestiona \u00a0por \u00a0primera \u00a0vez y de modo general, en ese \u00a0universo \u00a0 de \u00a0informaci\u00f3n \u00a0que \u00a0tienen \u00a0por \u00a0aportar \u00a0sobre \u00a0a\u00f1os \u00a0de \u00a0asidua \u00a0delincuencia, \u00a0son \u00a0ligeros, \u00a0gaseosos \u00a0e \u00a0imprecisos \u00a0con \u00a0respecto \u00a0a \u00a0algunas \u00a0situaciones \u00a0 puntuales; \u00a0 pero \u00a0 despu\u00e9s, \u00a0ya \u00a0habiendo \u00a0reposado \u00a0las \u00a0ideas, \u00a0interiorizado, \u00a0recordado con otras personas que tuvieron las mismas o an\u00e1logas \u00a0vivencias \u00a0y \u00a0en \u00a0ocasiones \u00a0documentado, \u00a0interrogados \u00a0puntualmente \u00a0son \u00a0m\u00e1s \u00a0detallados \u00a0en \u00a0circunstancias \u00a0temporo-espaciales; y en cada nueva declaraci\u00f3n \u00a0van \u00a0afinando \u00a0en \u00a0particularidades y corrigiendo imprecisiones, que de ese modo \u00a0paulatino, \u00a0si se mantienen en el n\u00facleo fundamental del hecho, fijan en \u00e9l un \u00a0car\u00e1cter \u00a0s\u00f3lido \u00a0y \u00a0definido. \u00a0Y \u00a0es \u00a0bajo \u00a0ese \u00a0contexto de la construcci\u00f3n \u00a0paulatina \u00a0y \u00a0mancomunada \u00a0de la verdad, como hay que valorar sus declaraciones. \u00a0\u00a0<\/p>\n<p>69. \u00a0 La \u00a0 Corte \u00a0Suprema \u00a0de \u00a0Justicia, \u00a0recogiendo \u00a0experiencias \u00a0y \u00a0est\u00e1ndares \u00a0internacionales, ha fijado par\u00e1metros \u00a0encaminados \u00a0a \u00a0establecer \u00a0la \u00a0verdad, \u00a0bajo \u00a0particularidades \u00a0del \u00a0proceso de \u00a0desmovilizaci\u00f3n \u00a0y \u00a0reconciliaci\u00f3n. \u00a0Respecto \u00a0del \u00a0tema \u00a0de \u00a0la \u00a0verdad y las \u00a0pruebas \u00a0que \u00a0la \u00a0sustentan \u00a0en el decurso de la Ley de Justicia y Paz, dijo que \u00a0\u201cen \u00a0el \u00a0proceso \u00a0de justicia transicional no solo se construye a partir de lo \u00a0confesado \u00a0por el postulado en la diligencia de versi\u00f3n libre, sino tambi\u00e9n de \u00a0las \u00a0actividades \u00a0investigativas \u00a0adelantadas \u00a0por \u00a0la \u00a0Fiscal\u00eda \u00a0General de la \u00a0Naci\u00f3n \u00a0y \u00a0el \u00a0aporte \u00a0de \u00a0las v\u00edctimas (\u2026) En este evento, debe hacerse una \u00a0interpretaci\u00f3n \u00a0flexible \u00a0sobre \u00a0el concepto de verdad, a partir de lo aportado \u00a0por \u00a0el \u00a0desmovilizado \u00a0en su versi\u00f3n libre, dado que, como lo sostuvo la Corte \u00a0Constitucional \u00a0en la citada Sentencia C-370 de 2006 (apartado 6.2.2.1.7.20), no \u00a0puede \u00a0perderse \u00a0de \u00a0vista \u00a0que \u00a0la \u00a0Ley 975 est\u00e1 dise\u00f1ada para ser aplicada a \u00a0personas \u00a0que \u00a0han \u00a0cometido \u00a0m\u00faltiples \u00a0y graves delitos, en desarrollo de los \u00a0cuales \u00a0apelaron \u00a0a \u00a0toda \u00a0clase de maniobras para esconder su real dimensi\u00f3n y \u00a0las \u00a0 pruebas \u00a0 de \u00a0los \u00a0mismos, \u00a0lo \u00a0cual \u00a0necesariamente \u00a0dificulta \u00a0la \u00a0labor \u00a0investigativa\u201d.34 \u00a0\u00a0<\/p>\n<p>70. \u00a0Tambi\u00e9n \u00a0la \u00a0Sala, \u00a0en el auto antes \u00a0citado, \u00a0reconoci\u00f3 \u00a0que\u201d \u00a0la \u00a0complejidad de la reconstrucci\u00f3n de los hechos \u00a0por \u00a0virtud \u00a0de \u00a0la \u00a0degradaci\u00f3n \u00a0del \u00a0conflicto \u00a0y la barbarie de los m\u00e9todos \u00a0utilizados \u00a0 en \u00a0 la \u00a0ejecuci\u00f3n \u00a0de \u00a0las \u00a0conductas \u00a0(descuartizamiento, \u00a0fosas \u00a0comunes), \u00a0sumado \u00a0a las dificultades de huella hist\u00f3rica de muchos hechos, por \u00a0deficiencias \u00a0en \u00a0el registro civil (nacimientos, defunciones), en los registros \u00a0notariales \u00a0y \u00a0mercantiles, \u00a0por \u00a0los permanentes movimientos de las comunidades \u00a0desplazadas, \u00a0entre \u00a0otras y tantas dificultades, obliga a ex\u00e1menes de contexto \u00a0y \u00a0a \u00a0la \u00a0flexibilizaci\u00f3n \u00a0de \u00a0los umbrales probatorios, no solo respecto de la \u00a0comprobaci\u00f3n \u00a0del relato del postulado, sino, sobre todo, del da\u00f1o causado, el \u00a0que \u00a0deber\u00e1 \u00a0acreditarse \u00a0con \u00a0medios \u00a0propios \u00a0de la justicia transicional\u201d, \u00a0agregando \u00a0que \u201cresulta desproporcionado, como aqu\u00ed se pretende, que se exija \u00a0del \u00a0desmovilizado, \u00a0quien ha relatado gen\u00e9ricamente unos hechos ocurridos hace \u00a0varios \u00a0a\u00f1os \u00a0y \u00a0confesado \u00a0la \u00a0comisi\u00f3n de m\u00faltiples conductas punibles, que \u00a0especifique \u00a0todas \u00a0las \u00a0circunstancias \u00a0de tiempo, modo y lugar que rodearon la \u00a0ejecuci\u00f3n de cada una de ellas\u201d. \u00a0\u00a0<\/p>\n<p>71. \u00a0Es \u00a0as\u00ed como las pruebas judiciales, \u00a0especialmente \u00a0los \u00a0testimonios, \u00a0y con m\u00e1s precisi\u00f3n los de desmovilizados de \u00a0grupos \u00a0armados \u00a0ilegales, no se valoran al tenor de las matem\u00e1ticas o ciencias \u00a0exactas, \u00a0sino bajo la axiolog\u00eda de las ciencias sociales donde anida la raz\u00f3n \u00a0cr\u00edtica \u00a0 \u00a0intersubjetiva, \u00a0 por \u00a0 lo \u00a0 que \u00a0 deviene \u00a0 equivocado \u00a0 pretender, \u00a0desconoci\u00e9ndose \u00a0que cada persona es producto de la interacci\u00f3n con las dem\u00e1s \u00a0y \u00a0 su \u00a0 particular \u00a0entorno, \u00a0que \u00a0s\u00f3lo \u00a0son \u00a0cre\u00edbles \u00a0en \u00a0cuanto \u00a0coincidan \u00a0linealmente, \u00a0como \u00a0si \u00a0pudieran salir en serie de moldes o plantillas antes que \u00a0de coyunturales vivencias, asidas a sus connaturales divergencias. \u00a0\u00a0<\/p>\n<p>72. \u00a0De \u00a0tal \u00a0manera, como cada testigo le \u00a0imprime \u00a0a \u00a0su \u00a0testimonio \u00a0una parte de su mundo esencial, particular escala de \u00a0intereses, \u00a0habilidades, \u00a0facultades \u00a0f\u00edsicas y valores morales, el cr\u00e9dito de \u00a0su \u00a0atestaci\u00f3n \u00a0est\u00e1 \u00a0sometido \u00a0a \u00a0la \u00a0condici\u00f3n de que, conforme a criterios \u00a0l\u00f3gicos \u00a0y \u00a0experiencia \u00a0comprehensiva, \u00a0raz\u00f3n \u00a0aplicada \u00a0a \u00a0la \u00a0pr\u00e1ctica, se \u00a0acompase \u00a0objetivamente \u00a0con s\u00ed mismo, pero adem\u00e1s como elemento de un sistema \u00a0dentro \u00a0de \u00a0la masa del conocimiento del que hace parte, en lo que se ha dado en \u00a0llamar \u00a0\u201crazones \u00a0intr\u00ednsecas \u00a0y \u00a0extr\u00ednsecas \u00a0que \u00a0conducen \u00a0a \u00a0aumentar, a \u00a0disminuir \u00a0o \u00a0a \u00a0destruir \u00a0su \u00a0valor \u00a0probatorio\u201d35, \u00a0 sin \u00a0 que \u00a0 pueda \u00a0 ser \u00a0atendible \u00a0un \u00a0descr\u00e9dito \u00a0general con solo mirar a contraluz disonancias entre \u00a0una prueba y otra, o entre uno de sus momentos y el siguiente.\u201d \u00a0\u00a0<\/p>\n<p>Sin \u00a0defecto \u00a0de las aludidas razones, que \u00a0tienen \u00a0que \u00a0ver \u00a0con \u00a0las versiones de los postulados, la Corte, al apreciar el \u00a0testimonio \u00a0de \u00a0DAVID \u00a0HERN\u00c1NDEZ L\u00d3PEZ, adem\u00e1s record\u00f3 que la valoraci\u00f3n de \u00a0la \u00a0prueba testimonial debe soportarse en m\u00faltiples variables, como la ausencia \u00a0de \u00a0inter\u00e9s en mentir del declarante, sus condiciones subjetivas, intenci\u00f3n en \u00a0la \u00a0 comparecencia \u00a0 procesal, \u00a0coherencia \u00a0de \u00a0su \u00a0discurso \u00a0y \u00a0sobre \u00a0todo \u00a0la \u00a0correspondencia \u00a0con \u00a0datos \u00a0objetivos \u00a0comprobables, \u00a0am\u00e9n de sopesar t\u00f3picos \u00a0relacionados \u00a0con \u00a0la \u00a0naturaleza \u00a0del \u00a0objeto \u00a0percibido, estado de sanidad del \u00a0sentido \u00a0que \u00a0intervino \u00a0para \u00a0la \u00a0percepci\u00f3n, \u00a0las \u00a0circunstancias espaciales, \u00a0modales \u00a0y temporales en que se percibi\u00f3, la personalidad del testigo, la forma \u00a0de \u00a0expresi\u00f3n y lenguaje empleados en la narraci\u00f3n y dem\u00e1s singularidades que \u00a0permitan \u00a0dar \u00a0cr\u00e9dito \u00a0a \u00a0la \u00a0misma.\u00a0 \u00a0A \u00a0partir \u00a0de \u00a0la \u00a0ponderaci\u00f3n \u00a0y \u00a0evaluaci\u00f3n de tales elementos concluy\u00f3: \u00a0\u00a0<\/p>\n<p>\u201cTodos \u00a0estos \u00a0aspectos \u00a0son evaluados a \u00a0favor \u00a0del \u00a0testigo \u00a0que \u00a0hace \u00a0las imputaciones conocidas en contra del senador \u00a0(\u2026), \u00a0si \u00a0se \u00a0tiene \u00a0en \u00a0cuenta \u00a0que \u00a0en \u00a0lo \u00a0basilar \u00a0-celebraci\u00f3n \u00a0de \u00a0las reuniones, contenido de las \u00a0conversaciones \u00a0que \u00a0escuch\u00f3 \u00a0y \u00a0relaciones de las AUC con el narcotr\u00e1fico- su \u00a0declaraci\u00f3n \u00a0ha \u00a0permanecido \u00a0inc\u00f3lume y ha sido corroborada en circunstancias \u00a0relacionadas \u00a0con \u00a0su \u00a0pertenencia \u00a0e \u00a0importancia \u00a0en \u00a0las AUC, como para estar \u00a0presente \u00a0en \u00a0aquellos \u00a0sitios \u00a0donde \u00a0asegur\u00f3 que observ\u00f3 llegar al Senador a \u00a0reunirse \u00a0con \u00a0los \u00a0miembros \u00a0de \u00a0las autodefensas y escuch\u00f3 las conversaciones \u00a0relacionadas \u00a0con el mismo por parte de quienes cita, lo mismo que pudo advertir \u00a0aquellas \u00a0 \u00a0actividades \u00a0 \u00a0de \u00a0 \u00a0narcotr\u00e1fico \u00a0 \u00a0a \u00a0 las \u00a0 que \u00a0 las \u00a0 AUC \u00a0 se \u00a0dedicaron. \u00a0\u00a0<\/p>\n<p>As\u00ed \u00a0las \u00a0cosas, \u00a0en virtud del contenido \u00a0circunstanciado \u00a0del \u00a0relato \u00a0que \u00a0hace David Hern\u00e1ndez L\u00f3pez, la claridad del \u00a0mismo \u00a0y \u00a0su \u00a0espontaneidad, \u00a0lo \u00a0que \u00a0fluye \u00a0es \u00a0su \u00a0sinceridad y, por ende, la \u00a0credibilidad que puede brind\u00e1rsele.\u201d \u00a0\u00a0<\/p>\n<p>Pues \u00a0bien, \u00a0desde ahora la Sala encuentra \u00a0que \u00a0no \u00a0han \u00a0surgido \u00a0razones, a lo largo de la instrucci\u00f3n y juzgamiento, que \u00a0deban \u00a0modificar \u00a0la \u00a0valoraci\u00f3n \u00a0en torno al testigo DAVID HERN\u00c1NDEZ L\u00d3PEZ y \u00a0las \u00a0imputaciones \u00a0que \u00a0hiciera \u00a0en \u00a0contra \u00a0de (\u2026). Por el contrario, existen \u00a0circunstancias \u00a0probatorias para pensar que las versiones han encontrado soporte \u00a0y \u00a0corroboraci\u00f3n, pese a los esfuerzos defensivos por introducir elementos para \u00a0desprestigiar \u00a0al \u00a0testigo \u00a0y \u00a0cuestionar \u00a0la versi\u00f3n, entre otros prop\u00f3sitos. \u00a0\u00a0<\/p>\n<p>En \u00a0esa direcci\u00f3n, se recaud\u00f3 prueba que \u00a0le \u00a0permiti\u00f3 a la defensa y al Ministerio P\u00fablico atacar la solvencia \u00e9tica y \u00a0moral \u00a0del \u00a0testigo, \u00a0por \u00a0su \u00a0comportamiento \u00a0al \u00a0interior \u00a0en las filas de las \u00a0fuerzas \u00a0armadas \u00a0e incluso como desmovilizado de las autodefensas. Sin embargo, \u00a0la \u00a0Sala \u00a0considera \u00a0que si bien se trata de conductas asumidas por personas que \u00a0no \u00a0son \u00a0ejemplo \u00a0dentro \u00a0de \u00a0una sociedad, para los efectos que nos convoca, en \u00a0donde \u00a0se \u00a0pretende \u00a0develar v\u00ednculos de delincuentes con personas vinculadas a \u00a0la \u00a0clase pol\u00edtica, el juicio cr\u00edtico de un testigo no puede hacerse con dicho \u00a0baremo \u00a0sino \u00a0a \u00a0partir \u00a0del \u00a0valor \u00a0impl\u00edcito \u00a0de \u00a0la \u00a0versi\u00f3n, por la fuerza \u00a0demostrativa \u00a0de \u00a0los \u00a0actos \u00a0relatados \u00a0y \u00a0su \u00a0convergencia con otros medios de \u00a0prueba, \u00a0 aspectos \u00a0 que, \u00a0 como \u00a0 ya \u00a0 se \u00a0 dijo, \u00a0 son \u00a0 potentes \u00a0 en \u00a0 DAVID \u00a0HERN\u00c1NDEZ. \u00a0\u00a0<\/p>\n<p>Ahora \u00a0bien, \u00a0seguramente \u00a0lo que pretende \u00a0ignorar \u00a0la \u00a0defensa \u00a0e \u00a0incluso \u00a0el \u00a0Ministerio P\u00fablico, es que dentro de este \u00a0juicio \u00a0no se trata de juzgar las acciones reprochables e incluso delictivas del \u00a0testigo, \u00a0lo \u00a0cual, \u00a0de \u00a0ser \u00a0as\u00ed, \u00a0tienen \u00a0otro \u00a0escenario distinto a la Corte \u00a0Suprema \u00a0de \u00a0Justicia. \u00a0De \u00a0lo \u00a0que \u00a0se \u00a0trata \u00a0es \u00a0de valorar unas afirmaciones \u00a0incriminatorias \u00a0puntuales \u00a0que \u00a0realiz\u00f3 \u00a0en \u00a0contra \u00a0de (\u2026), a partir de las \u00a0cuales \u00a0no \u00a0se \u00a0advierte \u00a0como \u00a0pudo \u00a0derivarse \u00a0beneficios \u00a0para \u00a0el testigo en \u00a0escenarios \u00a0nacionales e incluso internacionales, ya que no es este hecho lo que \u00a0le \u00a0permiti\u00f3 \u00a0a \u00a0gobiernos extranjeros proceder contra nacionales colombianos o \u00a0al testigo acceder a las bondades de sistemas jur\u00eddicos for\u00e1neos. \u00a0\u00a0<\/p>\n<p>De otra lado, para la Sala los recurrentes \u00a0intentos \u00a0por minimizar la existencia y relevancia de DAVID HERN\u00c1NDEZ L\u00d3PEZ en \u00a0la \u00a0organizaci\u00f3n, \u00a0junto a importantes comandantes del Bloque Central Bol\u00edvar, \u00a0han \u00a0sido \u00a0infructuosos \u00a0y \u00a0por \u00a0esa \u00a0v\u00eda \u00a0lo \u00a0que \u00a0han \u00a0logrado \u00a0es introducir \u00a0informaci\u00f3n \u00a0que \u00a0ratifica \u00a0que \u00a0el \u00a0testigo \u00a0no \u00a0era un desconocido dentro del \u00a0Estado \u00a0Mayor \u00a0de \u00a0las \u00a0autodefensas, \u00a0ya que lo ubican cerca de ellos, como una \u00a0persona \u00a0de \u00a0confianza, \u00a0que \u00a0cumpli\u00f3 \u00a0tareas de cierta importancia. No de otra \u00a0manera \u00a0puede entenderse que haya tenido la responsabilidad de trabajar en temas \u00a0de \u00a0adoctrinamiento pol\u00edtico en la \u201cUniversidad\u201d, fungir como secretario de \u00a0comandantes \u00a0y \u00a0contacto \u00a0entre \u00a0algunos \u00a0de ellos, participar activamente en el \u00a0proceso \u00a0de \u00a0desmovilizaci\u00f3n \u00a0del \u00a0bloque \u00a0Libertadores \u00a0del \u00a0Sur, \u00a0presidir el \u00a0Colectivo \u00a0de \u00a0Abogados Alfonso Reyes Echand\u00eda, pertenecer a la Junta Directiva \u00a0de \u00a0la \u00a0Fundaci\u00f3n \u00a0Semillas \u00a0de \u00a0Paz \u00a0en Bucaramanga, ser vocero p\u00fablico de la \u00a0organizaci\u00f3n \u00a0 e \u00a0incluso \u00a0aparecer \u00a0junto \u00a0a \u00a0IV\u00c1N \u00a0ROBERTO \u00a0 DUQUE \u00a0 y \u00a0el \u00a0Comisionado \u00a0de \u00a0Paz \u00a0en \u00a0actos \u00a0p\u00fablicos \u00a0ampliamente \u00a0difundidos, \u00a0 \u00a0de \u00a0 \u00a0los \u00a0 \u00a0cuales \u00a0 el \u00a0 propio \u00a0 testigo \u00a0 entreg\u00f3 \u00a0 material \u00a0fotogr\u00e1fico. \u00a0\u00a0<\/p>\n<p>Tales \u00a0 responsabilidades, \u00a0documentadas \u00a0dentro \u00a0del \u00a0expediente \u00a0con \u00a0testimonios, \u00a0fotograf\u00edas \u00a0y diversos documentos, \u00a0respaldan \u00a0las \u00a0afirmaciones de DAVID HERN\u00c1NDEZ y contrastan con la conveniente \u00a0mendacidad \u00a0de \u00a0aquellos \u00a0que \u00a0quieren \u00a0desconocer \u00a0su \u00a0rol \u00a0en la organizaci\u00f3n \u00a0armada, \u00a0cuando \u00a0a \u00a0la \u00a0vez \u00a0que \u00a0le \u00a0asignan \u00a0funciones \u00a0menores, \u00a0de \u00a0reducida \u00a0trascendencia \u00a0y en algunos casos de \u00edndole dom\u00e9stico, no pueden desconocer su \u00a0ubicaci\u00f3n \u00a0 estrat\u00e9gica \u00a0 y \u00a0 ocultar \u00a0 algunas \u00a0 tareas \u00a0 trascendentes \u00a0 que \u00a0cumpli\u00f3. \u00a0\u00a0<\/p>\n<p>Desde \u00a0 otra \u00a0 perspectiva, \u00a0existe \u00a0una \u00a0posici\u00f3n \u00a0definida por parte de la defensa y del Ministerio P\u00fablico, orientada \u00a0a \u00a0 proclamar \u00a0 que \u00a0las \u00a0afirmaciones \u00a0de \u00a0DAVID \u00a0HERN\u00c1NDEZ \u00a0L\u00d3PEZ \u00a0han \u00a0sido \u00a0desvirtuadas \u00a0a \u00a0partir de las declaraciones de m\u00faltiples testigos, entre ellos \u00a0IV\u00c1N \u00a0ROBERTO \u00a0DUQUE \u00a0GAVIRIA, \u00a0RODRIGO \u00a0P\u00c9REZ \u00a0ALZATE, HENRY DE JES\u00daS L\u00d3PEZ \u00a0LONDO\u00d1O, \u00a0JORGE \u00a0ALEIBER \u00a0L\u00d3PEZ \u00a0LONDO\u00d1O, \u00a0ROC\u00cdO \u00a0DEL CARMEN ARIAS, ELEONORA \u00a0PINEDA, \u00a0entre \u00a0otros. \u00a0Sin \u00a0embargo, \u00a0una vez m\u00e1s, la Sala se distancia de esa \u00a0opini\u00f3n \u00a0y \u00a0considera \u00a0que ello no es as\u00ed, por las razones que en cada caso en \u00a0particular se examinar\u00e1n: \u00a0\u00a0<\/p>\n<p>\u00a0 \u00a0\u00a0<\/p>\n<p>* IV\u00c1N \u00a0 \u00a0 \u00a0ROBERTO \u00a0 \u00a0 \u00a0DUQUE \u00a0 \u00a0 GAVIRIA, \u00a0 \u00a0 alias \u00a0 \u00a0 \u201cErnesto \u00a0B\u00e1ez\u201d. \u00a0 \u00a0\u00a0<\/p>\n<p>En \u00a0relaci\u00f3n \u00a0con \u00a0este \u00a0ex \u00a0comandante \u00a0pol\u00edtico \u00a0del \u00a0bloque \u00a0Central \u00a0Bol\u00edvar, cabe se\u00f1alar que declar\u00f3 dentro del \u00a0proceso \u00a0 \u00a0 \u00a0 en \u00a0 \u00a0 \u00a0 dos \u00a0 \u00a0 \u00a0 oportunidades36 \u00a0y que lo com\u00fan en las dos \u00a0intervenciones \u00a0fue \u00a0negar \u00a0cualquier \u00a0posici\u00f3n medianamente relevante de DAVID \u00a0HERN\u00c1NDEZ \u00a0en \u00a0la \u00a0organizaci\u00f3n \u00a0armada. \u00a0Adem\u00e1s, le endilg\u00f3 la comisi\u00f3n de \u00a0conductas \u00a0punibles \u00a0cuando \u00a0ya \u00a0se encontraban desmovilizados, presuntamente al \u00a0haberse \u00a0apropiado \u00a0de \u00a0unos \u00a0recursos \u00a0que \u00a0se \u00a0le \u00a0hab\u00edan \u00a0entregado \u00a0para el \u00a0Colectivo de Abogados Alfonso Reyes Echand\u00eda. \u00a0\u00a0<\/p>\n<p>En \u00a0las dos diligencias, es inocultable la \u00a0profunda \u00a0animadversi\u00f3n \u00a0frente \u00a0al \u00a0referido \u00a0ciudadano, \u00a0al punto que llega a \u00a0niveles \u00a0de \u00a0alteraci\u00f3n, cuando aborda los temas que tienen que ver con \u00e9l, lo \u00a0cual \u00a0deja \u00a0entrever \u00a0la falta de objetividad frente a una persona que considera \u00a0lo \u00a0enga\u00f1\u00f3. \u00a0Su \u00a0malestar \u00a0lo \u00a0lleva \u00a0a restarle importancia a la presencia de \u00a0DAVID \u00a0HERN\u00c1NDEZ en la desmovilizaci\u00f3n del bloque Libertadores del Sur, cuando \u00a0existe \u00a0material \u00a0fotogr\u00e1fico \u00a0en \u00a0las \u00a0diligencias \u00a0que lo ubica cumpliendo un \u00a0papel \u00a0protag\u00f3nico \u00a0frente \u00a0a \u00a0las \u00a0tropas \u00a0desmovilizadas, \u00a0compartiendo \u00a0mesa \u00a0principal \u00a0 con \u00a0 el \u00a0 Comisionado \u00a0 de \u00a0 Paz \u00a0 y \u00a0 el \u00a0 propio \u00a0 IV\u00c1N \u00a0ROBERTO \u00a0DUQUE. \u00a0\u00a0<\/p>\n<p>(\u2026) \u00a0<\/p>\n<p>La concurrencia de tales factores obliga a \u00a0la \u00a0Sala \u00a0a \u00a0descartar \u00a0la \u00a0seriedad\u00a0 \u00a0de las afirmaciones de IV\u00c1N ROBERTO \u00a0DUQUE, \u00a0por \u00a0su \u00a0expl\u00edcita \u00a0animadversi\u00f3n, \u00a0inter\u00e9s \u00a0y \u00a0enemistad \u00a0con \u00a0DAVID \u00a0HERN\u00c1NDEZ L\u00d3PEZ. \u00a0\u00a0<\/p>\n<p>No obstante, lo que s\u00ed llama la atenci\u00f3n \u00a0de \u00a0la \u00a0Corte, \u00a0es \u00a0que \u00a0alias \u201cErnesto B\u00e1ez\u201d en las declaraciones, termina \u00a0refiri\u00e9ndose \u00a0a \u00a0ciertos aspectos que inciden favorablemente en la credibilidad \u00a0de \u00a0DAVID HERN\u00c1NDEZ, como que: (i) Le reconoci\u00f3 la vocer\u00eda de los comandantes \u00a0cuando \u00a0fueron \u00a0recluidos \u00a0en \u00a0la C\u00e1rcel de Itagu\u00ed. (ii) Acept\u00f3\u00a0 conocer \u00a0del \u00a0 viaje \u00a0 de \u00a0 \u201cJuli\u00e1n \u00a0Bol\u00edvar\u201d \u00a0a \u00a0Venezuela. \u00a0(iii) \u00a0Reconoci\u00f3 \u00a0la \u00a0existencia\u00a0 \u00a0 de \u00a0 varios \u00a0 ingresos \u00a0 a \u00a0 Ralito, \u00a0 recordando37 que hab\u00eda \u00a0entrada \u00a0por \u00a0el \u00a0sitio \u00a0llamado \u201cPalmira\u201d, otra por los \u201cVolcanes\u201d, que \u00a0era \u00a0la \u00a0m\u00e1s \u00a0importante, \u00a0en \u00a0donde \u00a0estaba la OEA, la Polic\u00eda y el anillo de \u00a0seguridad. \u00a0 \u00a0 \u00a0 Y \u00a0 \u00a0 \u00a0 una \u00a0 \u00a0 \u00a0 m\u00e1s, \u00a0 \u00a0 \u00a0 un \u00a0 \u00a0 \u00a0poco \u00a0 \u00a0 \u00a0\u201cclandestina\u201d \u00a0por \u00a0la \u00a0que \u00a0\u00e9l \u00a0mismo \u00a0ingres\u00f3 \u00a0 \u00a0varias \u00a0 \u00a0veces, \u00a0 \u00a0por \u00a0 \u00a0la \u00a0 \u201cFinca \u00a005\u201d. \u00a0\u00a0<\/p>\n<p>\u00a0 \u00a0\u00a0<\/p>\n<p>* RODRIGO P\u00c9REZ ALZATE, alias \u201cJuli\u00e1n Bol\u00edvar\u201d. \u00a0 \u00a0\u00a0<\/p>\n<p>Seguramente \u00a0las declaraciones38 \u00a0 m\u00e1s \u00a0relevantes \u00a0en \u00a0t\u00e9rminos \u00a0de \u00a0impugnaci\u00f3n de credibilidad de DAVID HERN\u00c1NDEZ, \u00a0son \u00a0aquellas \u00a0rendidas \u00a0por \u201cJuli\u00e1n Bol\u00edvar\u201d, dentro de las cuales, entre \u00a0otras \u00a0cosas, \u00a0sostuvo \u00a0sobre \u00a0HERN\u00c1NDEZ L\u00d3PEZ que: (i)\u00a0 Fue un \u00a0comisario pol\u00edtico del bloque Libertadores del Sur, subalterno \u00a0de \u00a0su \u00a0hermano \u201cPablo Sevillano\u201d, pero nunca trabaj\u00f3 para \u00e9l. (ii) Lleg\u00f3 \u00a0al \u00a0proceso \u00a0de paz en el a\u00f1o 2005, cuando su hermano lo mand\u00f3 llamar para que \u00a0asistiera \u00a0a \u00a0las reuniones con el Gobierno, se enterara de c\u00f3mo iba el proceso \u00a0y \u00a0lo \u00a0socializara \u00a0con \u00a0los \u00a0hombres \u00a0que se encontraban en Nari\u00f1o, por lo que \u00a0estuvo \u00a0y \u00a0particip\u00f3 \u00a0en varias reuniones en Santa Fe de Ralito. (iii) Lleg\u00f3 a \u00a0Villa \u00a0de \u00a0la \u00a0Esperanza \u00a0en \u00a0el a\u00f1o 2006 y fue parte del equipo de trabajo que \u00a0all\u00ed \u00a0existi\u00f3. \u00a0Adem\u00e1s, \u00a0por \u00a0decisi\u00f3n \u00a0de \u00a0IV\u00c1N ROBERTO DUQUE fungi\u00f3 como \u00a0secretario de un colectivo de abogados. \u00a0\u00a0<\/p>\n<p>(\u2026) \u00a0<\/p>\n<p>Pues \u00a0bien, \u00a0sobre \u00a0las \u00a0afirmaciones \u00a0de \u00a0RODRIGO \u00a0P\u00c9REZ \u00a0ALZATE \u00a0la Sala encuentra que integralmente est\u00e1n orientadas a \u00a0desmentir \u00a0 \u00a0a \u00a0 \u00a0DAVID \u00a0 HERN\u00c1NDEZ, \u00a0 lo \u00a0 cual \u00a0 amerita \u00a0 realizar \u00a0 algunas \u00a0observaciones: \u00a0\u00a0<\/p>\n<p>\u00a0\u00a0\u00a0\u00a0\u00a0\u00a0\u00a0 \u00a0(\u2026) \u00a0\u00a0<\/p>\n<p>En \u00a0suma, las circunstancias generales del \u00a0testigo, \u00a0el \u00a0conflicto\u00a0 \u00a0que se evidente con DAVID HERN\u00c1NDEZ L\u00d3PEZ y los \u00a0aspectos \u00a0puntuales advertidos por la Corte, no permiten prodigarle credibilidad \u00a0al \u00a0dicho \u00a0de \u00a0RODRIGO \u00a0P\u00c9REZ \u00a0ALZATE, \u00a0m\u00e1xime \u00a0cuando \u00a0dentro \u00a0del expediente \u00a0aparecen \u00a0 \u00a0pruebas \u00a0 \u00a0que \u00a0 \u00a0lo \u00a0 \u00a0desmiente\u201d.39 \u00a0 \u00a0 (Negritas \u00a0 \u00a0de \u00a0 \u00a0la \u00a0Sala) \u00a0\u00a0<\/p>\n<p>Todo \u00a0 lo \u00a0 cual \u00a0converge \u00a0para \u00a0brindar \u00a0credibilidad \u00a0 al \u00a0testimonio \u00a0rendido \u00a0por \u00a0David \u00a0Hern\u00e1ndez \u00a0L\u00f3pez \u00a0en \u00a0esta \u00a0investigaci\u00f3n. \u00a0\u00a0<\/p>\n<p>Por la misma \u00e9poca, es decir, a finales de \u00a02002, \u00a0dijo \u00a0Juan \u00a0Fernando \u00a0Morales \u00a0Ballesteros, \u00a0ex \u00a0integrante del \u201cFrente \u00a0Isidro \u00a0Carre\u00f1o\u201d \u00a0de \u00a0las \u00a0autodefensas, \u00a0haber \u00a0visto \u00a0al \u00a0procesado \u00a0con el \u00a0comandante \u00a0de \u00a0esa \u00a0c\u00e9lula \u00a0de \u00a0paramilitares alias \u201cNicol\u00e1s\u201d, a quien le \u00a0pidi\u00f3 \u00a0permiso para hacer proselitismo pol\u00edtico en la regi\u00f3n de su injerencia \u00a0y \u00a0que, posteriormente, en proximidades de las fiestas de Santa Helena del Op\u00f3n \u00a0-que \u00a0se \u00a0celebran \u00a0anualmente \u00a0en \u00a0los \u00a0meses \u00a0de diciembre y enero, como en la \u00a0mayor\u00eda \u00a0de \u00a0los \u00a0municipios \u00a0del \u00a0pa\u00eds-, estuvo en el corregimiento del mismo \u00a0llamado \u00a0San \u00a0Juan \u00a0Bosco \u00a0Laverde, \u00a0acompa\u00f1ado de \u00d3scar Josu\u00e9 Reyes, Alfonso \u00a0Ria\u00f1o \u00a0Castillo \u00a0y Orlando Caro Pati\u00f1o, alias \u201cHK\u201d, ex comisario pol\u00edtico \u00a0de \u00a0las \u00a0autodefensas de Puerto Boyac\u00e1, comandadas por alias \u201cBotal\u00f3n\u201d, en \u00a0una \u00a0reuni\u00f3n p\u00fablica en la que \u201cNicol\u00e1s\u201d lo present\u00f3 a la comunidad como \u00a0aspirante \u00a0a \u00a0la \u00a0Gobernaci\u00f3n \u00a0para \u00a0que \u00a0lo \u00a0escucharan \u00a0a fin de ser elegido, \u00a0observ\u00e1ndolo \u00a0 en \u00a0la \u00a0zona \u00a0en \u00a0otras \u00a0oportunidades, \u00a0seg\u00fan \u00a0sostuvo \u00a0en \u00a0la \u00a0entrevista \u00a0que \u00a0rindi\u00f3 \u00a0el \u00a019 \u00a0de abril de 2005 al desmovilizarse40, \u00a0y \u00a0en las \u00a0declaraciones \u00a0del \u00a031 \u00a0de \u00a0agosto\u00a0 y 16 de noviembre de 2007 vertidas ante \u00a0esta \u00a0 \u00a0 \u00a0 \u00a0 \u00a0 \u00a0 \u00a0 \u00a0 \u00a0 Corporaci\u00f3n41. \u00a0\u00a0<\/p>\n<p>Sin \u00a0embargo, \u00a0el \u00a021 \u00a0de \u00a0octubre \u00a0de 2010 \u00a0Morales \u00a0Ballesteros \u00a0rindi\u00f3 \u00a0declaraci\u00f3n \u00a0ante la Procuradur\u00eda General de la \u00a0Naci\u00f3n, \u00a0dentro \u00a0del disciplinario que adelantaba contra el acusado, y se\u00f1al\u00f3 \u00a0entonces \u00a0que \u00a0personalmente \u00a0no \u00a0conoc\u00eda al mismo, que alias \u201cNicol\u00e1s\u201d no \u00a0hab\u00eda \u00a0apoyado su candidatura a la Gobernaci\u00f3n 2004-2007 porque era ap\u00e1tico a \u00a0la \u00a0pol\u00edtica, \u00a0no \u00a0hab\u00eda \u00a0estado \u00a0en San Juan Bosco ni lo present\u00f3 en ning\u00fan \u00a0lado, \u00a0y \u00a0que no era\u00a0 testigo de reuniones ni de acuerdos entre los mismos, \u00a0adem\u00e1s \u00a0de \u00a0indicar que la \u00fanica vez que el procesado y su gabinete estuvo por \u00a0esa \u00a0regi\u00f3n \u00a0fue \u00a0acompa\u00f1ado \u00a0del \u00a0Ej\u00e9rcito \u00a0y \u00a0la \u00a0Polic\u00eda \u00a0cuando \u00a0ya \u00a0era \u00a0Gobernador42; \u00a0y en la audiencia p\u00fablica insiste en que no hubo v\u00ednculos entre \u00a0el \u00a0\u201cFIC\u201d o alias \u201cNicol\u00e1s\u201d con el enjuiciado; que si bien \u00e9ste estuvo \u00a0en \u00a0San \u00a0Juan \u00a0Bosco Laverde y se present\u00f3 ante la comunidad como el comandante \u00a0del \u00a0bloque \u00a0de \u00a0b\u00fasqueda \u00a0que dio de baja a Pablo Escobar, no fue all\u00ed con el \u00a0grupo \u00a0de \u00a0autodefensas; que no lo escuch\u00f3 decir que trabajar\u00eda de la mano con \u00a0la \u00a0 organizaci\u00f3n; \u00a0neg\u00f3 \u00a0haber \u00a0realizado \u00a0actividad \u00a0alguna \u00a0para \u00a0conseguir \u00a0documentos \u00a0en \u00a0las \u00a0campa\u00f1a \u00a0del \u00a0acusado, con motivo de la captura de Orlando \u00a0Caro \u00a0Pati\u00f1o \u00a0y \u00a0dijo \u00a0haber \u00a0visto \u00a0nuevamente \u00a0en la regi\u00f3n al acusado, como \u00a0Gobernador, acompa\u00f1ado de la fuerza p\u00fablica.\u00a0 \u00a0\u00a0<\/p>\n<p>Sobre \u00a0la \u00a0presencia \u00a0del \u00a0enjuiciado en la \u00a0regi\u00f3n, \u00a0en \u00a0la \u00a0misma \u00a0\u00e9poca \u00a0se\u00f1alada \u00a0por \u00a0Morales \u00a0Ballesteros, \u00a0refiri\u00f3 \u00a0Heidelbergth\u00a0 \u00a0 \u00a0Cristian \u00a0 \u00a0Mendoza \u00a0 \u00a0Angarita, \u00a0 alias \u00a0 \u201cWilliam \u00a0 el \u00a0Mejicano\u201d, \u00a0\u201cToro\u201d \u00a0o \u00a0\u201cFelino\u201d, \u00a0ex \u00a0integrante \u00a0de \u00a0los \u00a0Frentes \u00a0\u201cBiutrague\u00f1os\u201d, \u00a0\u201cIsidro \u00a0Carre\u00f1o\u201d \u00a0y \u00a0\u201cComuneros Cacique Guanent\u00e1\u201d del Bloque Central Bol\u00edvar de \u00a0las \u00a0autodefensas, \u00a0en \u00a0la \u00a0versi\u00f3n \u00a0que rindi\u00f3 el 17 de junio de 2009 ante la \u00a0Fiscal\u00eda \u00a051 \u00a0de \u00a0Justicia \u00a0y \u00a0Paz, \u00a0que en el mes de enero del a\u00f1o 2003 el ex \u00a0comandante \u00a0del \u00a0\u201cFIC\u201d \u00a0alias \u201cNicol\u00e1s\u201d orden\u00f3 prestar seguridad en el \u00a0recorrido \u00a0 que \u00a0 cumpli\u00f3 \u00a0 el \u00a0 acusado \u00a0como \u00a0candidato \u00a0a \u00a0la \u00a0Gobernaci\u00f3n, \u00a0indicando: \u00a0\u00a0<\/p>\n<p>\u201cel \u00a0desplazamiento se hizo desde Puerto \u00a0Nuevo \u00a0por \u00a0la \u00a0trocha de las veredas conocidas como Zambranito, Puerto Argilio, \u00a0Moya, \u00a0Jovina hasta llegar al Guamo que era la base donde habitaba el comandante \u00a0(\u2026) \u00a0de \u00a0ah\u00ed se hace una reuni\u00f3n con la gente, la hace el comandante NICOLAS \u00a0(\u2026) \u00a0tenemos \u00a0ya \u00a0acceso \u00a0(\u2026) a hablar con el comandante del Frente, hay que \u00a0seguir \u00a0brindando \u00a0la \u00a0seguridad y vamos a ir (\u2026) hasta llegar al municipio de \u00a0La \u00a0Paz \u00a0Santander \u00a0(\u2026) \u00a0a \u00a0hacer \u00a0una \u00a0motivaci\u00f3n \u00a0a \u00a0la gente, o sea, entre \u00a0palabras \u00a0que se utilizaban ah\u00ed, por no decir concientizar u obligar a la gente \u00a0a \u00a0votar \u00a0por \u00a0x \u00a0o \u00a0y \u00a0candidato, \u00a0para \u00a0que \u00a0la gente escuchara al se\u00f1or HUGO \u00a0HELIODORO \u00a0AGUILAR \u00a0NARANJO \u00a0las propuestas que ten\u00eda para el Departamento para \u00a0ejercer \u00a0el \u00a0cargo \u00a0como Gobernador; llegando al corregimiento de la Aragua, que \u00a0ya \u00a0es \u00a0del \u00a0municipio \u00a0de \u00a0Santa \u00a0Helena del Op\u00f3n ah\u00ed tambi\u00e9n se realiza una \u00a0reuni\u00f3n \u00a0y \u00a0ah\u00ed \u00a0ya est\u00e1 el comandante militar que era el comandante alias EL \u00a0TIGRE, \u00a0el \u00a0comandante \u00a0NICOL\u00c1S, \u00a0se \u00a0hace \u00a0la \u00a0reuni\u00f3n \u00a0con la gente se le va \u00a0manifestando \u00a0 a \u00a0la \u00a0gente \u00a0la \u00a0noticia \u00a0o \u00a0la \u00a0decisi\u00f3n \u00a0que \u00a0como \u00a0grupo \u00a0de \u00a0autodefensas \u00a0que \u00a0ten\u00eda \u00a0el dominio de la zona poder contar con el apoyo de la \u00a0poblaci\u00f3n \u00a0teniendo \u00a0en \u00a0cuenta \u00a0ellos \u00a0las \u00a0labores \u00a0de arreglo de carreteras, \u00a0labores \u00a0c\u00edvico \u00a0sociales, culturales, programas que nosotros como autodefensas \u00a0(\u2026) \u00a0hac\u00edamos \u00a0en pro de la poblaci\u00f3n, aparte de esto NICOL\u00c1S manifestaba a \u00a0la \u00a0gente\u00a0 \u00a0que \u00a0de \u00a0una \u00a0u \u00a0otra manera poder colaborarle a esta persona y \u00a0escucharle \u00a0a \u00a0ver \u00a0qu\u00e9 propuesta tra\u00eda para el Departamento (\u2026) as\u00ed mismos \u00a0reuniones \u00a0en \u00a0el \u00a0municipio \u00a0de \u00a0Santa \u00a0Helena del Op\u00f3n, reuniones en el \u00e1rea \u00a0rural \u00a0conocida \u00a0como \u00a0de \u00a0Santa \u00a0Rita \u00a0del \u00a0Op\u00f3n, \u00a0corregimiento del Guacamayo \u00a0Santander \u00a0(\u2026) \u00a0el \u00a0cual \u00a0tambi\u00e9n \u00a0hac\u00edamos \u00a0presencia \u00a0y \u00a0ten\u00edamos control \u00a0total\u00a0 \u00a0de la regi\u00f3n (\u2026) llegamos un d\u00eda domingo al corregimiento Santa \u00a0Rita \u00a0del \u00a0Op\u00f3n \u00a0(\u2026) \u00a0es \u00a0en \u00a0el a\u00f1o 2003 (\u2026) no recuerdo la fecha en este \u00a0recorrido \u00a0que \u00a0duro \u00a0m\u00e1s o menos entre 4 o 5 d\u00edas (\u2026) viene la reuni\u00f3n con \u00a0la \u00a0gente \u00a0(\u2026) \u00a0en \u00a0el \u00a0cual \u00a0el \u00a0se\u00f1or \u00a0HUGO HELIODORO AGUILAR NARANJO habla \u00a0nuevamente \u00a0con \u00a0la \u00a0poblaci\u00f3n \u00a0(\u2026) \u00a0ya ah\u00ed ven\u00eda el trabajo (sic) nosotros \u00a0como \u00a0grupo \u00a0al \u00a0margen \u00a0de la ley comandante de cada zona de cada sitio de cada \u00a0lugar \u00a0donde \u00a0el \u00a0comandante del Frente dec\u00eda (\u2026) hay que seguirle diciendo a \u00a0la \u00a0gente \u00a0, \u00a0hay que convencer la gente (\u2026) para que cuando sea el periodo de \u00a0las \u00a0elecciones, \u00a0el d\u00eda que toque ir a votar para que estas personas voten por \u00a0este \u00a0candidato \u00a0ya que para nosotros nos va a servir mucho (\u2026) nos devolvimos \u00a0v\u00eda \u00a0a \u00a0salir \u00a0a \u00a0Cachipay, \u00a0donde \u00a0se \u00a0realiz\u00f3 la misma situaci\u00f3n, que es un \u00a0corregimiento \u00a0 \u00a0de \u00a0 Santa \u00a0 Helena \u00a0 del \u00a0 Op\u00f3n, \u00a0 ya \u00a0 viendo \u00a0 (sic) \u00a0v\u00eda \u00a0a \u00a0La \u00a0Paz (\u2026) ya de ah\u00ed \u00a0queda \u00a0cerquita \u00a0el municipio de V\u00e9lez Santander, ya vaya sorpresa que antes de \u00a0llegar \u00a0al \u00a0municipio \u00a0de \u00a0La \u00a0Paz \u00a0se \u00a0encontraba \u00a0otro grupo denominado de las \u00a0Autodefensas \u00a0Unidas \u00a0de Colombia frente Lanceros de V\u00e9lez del comandante alias \u00a0NI\u00d1O \u00a0ESCOBAR \u00a0(\u2026) \u00a0esperando \u00a0a \u00a0este se\u00f1or que iba con nosotros, al se\u00f1or \u00a0HUGO \u00a0HELIODORO AGUILAR NARANJO quien estaba haciendo campa\u00f1a pol\u00edtica con las \u00a0autodefensas \u00a0(\u2026) \u00a0el mismo comandante NICOL\u00c1S (\u2026) comandante (\u2026) de esta \u00a0zona \u00a0la \u00a0cual \u00a0estoy \u00a0mencionando \u00a0en \u00a0la \u00a0cual hizo presencia este se\u00f1or como \u00a0candidato \u00a0a \u00a0la \u00a0Gobernaci\u00f3n (\u2026) manifestando como comandante que \u00e9l hab\u00eda \u00a0adquirido \u00a0un \u00a0compromiso \u00a0con \u00a0el se\u00f1or y que ten\u00edamos que apoyarlo que en la \u00a0zona \u00a0donde \u00a0nosotros \u00a0nos encontr\u00e1bamos pues hablar con la gente, concientizar \u00a0la \u00a0gente, \u00a0decirle \u00a0a \u00a0la \u00a0gente \u00a0que \u00a0mire por quien hay que votar (\u2026) no me \u00a0consta \u00a0si \u00a0el \u00a0se\u00f1or \u00a0le \u00a0cumpli\u00f3 \u00a0o no le cumpli\u00f3 al comandante NICOL\u00c1S, a \u00a0finales \u00a0del \u00a0mes \u00a0de \u00a0enero del 2003 yo me retir\u00e9 (\u2026) para otro Frente (\u2026) \u00a0ven\u00eda \u00a0un \u00a0se\u00f1or \u00a0de \u00a0la zona del magdalena medio (\u2026) de las autodefensas de \u00a0Puerto \u00a0Boyac\u00e1 \u00a0o \u00a0Magdalena \u00a0medio \u00a0(\u2026) \u00a0contextura \u00a0un \u00a0poco alto, fornido, \u00a0grueso, \u00a0gordo \u00a0(\u2026) \u00a0este frente ISIDRO CARRE\u00d1O ya el Bloque Central Bol\u00edvar \u00a0lo \u00a0estaba \u00a0dando \u00a0como \u00a0objetivo militar (\u2026) en una ocasi\u00f3n le manifestaba a \u00a0usted \u00a0que encontr\u00e1ndome asilado all\u00e1 hicieron presencia dos abogados (\u2026) me \u00a0insinuaron \u00a0querer poder llegar a un acuerdo sobre las cosas que yo iba a decir, \u00a0entonces \u00a0para mi una insinuaci\u00f3n de esas (\u2026) es querer cuadrar de una u otra \u00a0manera \u00a0con \u00a0plata \u00a0para que uno (\u2026) no llegar a nombrar personan a las cuales \u00a0se \u00a0ven comprometidas en los hechos que participaron o tuvieron que ver (\u2026) ha \u00a0habido \u00a0otras circunstancias donde ha habido ex alcaldes y miembros de la fuerza \u00a0p\u00fablica \u00a0como \u00a0la \u00a0Polic\u00eda \u00a0(\u2026) \u00a0por \u00a0medio \u00a0de \u00a0mi \u00a0familia (\u2026) amenazas, \u00a0an\u00f3nimos, \u00a0llamadas \u201d. 43\u00a0\u00a0 \u00a0\u00a0<\/p>\n<p>Sobre \u00a0lo \u00a0cual \u00a0se \u00a0ratific\u00f3 \u00a0en \u00a0dicha \u00a0diligencia \u00a0cuando finalmente se le interrog\u00f3 si lo hac\u00eda bajo la gravedad del \u00a0juramento, \u00a0como\u00a0 tambi\u00e9n lo hizo en la ampliaci\u00f3n de su versi\u00f3n rendida \u00a0el \u00a016 \u00a0de \u00a0septiembre de 2009, en la que agreg\u00f3 haber conocido por comentarios \u00a0de \u00a0algunos \u00a0desmovilizados presos en la c\u00e1rcel \u201cPalogordo\u201d en 2006, que el \u00a0procesado \u00a0 hab\u00eda \u00a0 estado \u00a0 haciendo \u00a0campa\u00f1a \u00a0para \u00a0la \u00a0Gobernaci\u00f3n \u00a0en \u00a0el \u00a0corregimiento \u00a0San Juan Bosco Laverde con apoyo de la organizaci\u00f3n \u201cya \u00a0que \u00a0la \u00a0reuni\u00f3n la iniciaba el comandante alias Nicol\u00e1s y \u00a0despu\u00e9s \u00a0le \u00a0daban \u00a0la \u00a0palabra al candidato a la Gobernaci\u00f3n Hugo Aguilar, ya \u00a0aduci\u00e9ndole \u00a0a \u00a0la \u00a0poblaci\u00f3n \u00a0que \u00a0colaboraran \u00a0y \u00a0escucharan el proyecto que \u00a0ten\u00eda \u00a0 \u00a0\u00e9l\u201d \u00a0 \u00a044; \u00a0siendo que en la audiencia \u00a0p\u00fablica revalid\u00f3 sus atestaciones.\u00a0 \u00a0\u00a0<\/p>\n<p>Como \u00a0se \u00a0observa, \u00a0Heidelbergth \u00a0Mendoza \u00a0Angarita \u00a0menciona \u00a0la actividad que desarroll\u00f3 por \u00f3rdenes que recibi\u00f3 de su \u00a0jefe \u00a0alias \u201cNicol\u00e1s\u201d, lo cual es apreciado hasta por la defensa, y si como \u00a0\u00e9sta \u00a0lo advierte, no es corroborado por los m\u00e1ximos comandantes del \u201cBCB\u201d \u00a0alias \u00a0\u201cErnesto \u00a0B\u00e1ez\u201d \u00a0y \u00a0\u201cJuli\u00e1n \u00a0Bol\u00edvar\u201d, \u00a0lo cierto es que otros \u00a0militantes \u00a0de la organizaci\u00f3n y, a\u00fan ex concejales y habitantes de la regi\u00f3n \u00a0s\u00ed lo confirman. \u00a0\u00a0<\/p>\n<p>Se agrega a la lista de testigos que aluden \u00a0la \u00a0presencia \u00a0del \u00a0procesado \u00a0en \u00a0la zona, Jes\u00fas Enrique Guerrero Garavito, ex \u00a0concejal \u00a0del \u00a0municipio \u00a0de \u00a0Contrataci\u00f3n \u00a0(Santander), \u00a0quien \u00a0el\u00a0 29 de \u00a0febrero \u00a0 de \u00a0 2010 \u00a0ante \u00a0la \u00a0Fiscal\u00eda \u00a051 \u00a0de \u00a0Justicia \u00a0y \u00a0Paz, \u00a0depuso \u00a0que \u00a0aproximadamente \u00a0en \u00a0mayo \u00a0o \u00a0junio \u00a0de \u00a02003 avist\u00f3 la llegada al municipio de \u00a0Santa \u00a0Helena \u00a0del \u00a0Op\u00f3n \u00a0(Santander) \u00a0de una comitiva del procesado cuando era \u00a0candidato \u00a0a \u00a0la Gobernaci\u00f3n, de la cual hac\u00edan parte miembros del \u201cFIC\u201d y \u00a0de \u00a0otros \u00a0Frentes de las autodefensas, armados y uniformados, quienes obligaron \u00a0a \u00a0los \u00a0habitantes \u00a0a \u00a0salir de sus casas hacia la plaza principal a escuchar su \u00a0intervenci\u00f3n \u00a0p\u00fablica, \u00a0adem\u00e1s \u00a0de \u00a0decirle a la gente que deb\u00eda apoyarlo en \u00a0tal \u00a0aspiraci\u00f3n, \u00a0de \u00a0lo \u00a0cual \u00a0era \u00a0testigo \u00a0la \u00a0poblaci\u00f3n, y advierte que lo \u00a0plasmado \u00a0en \u00a0el \u00a0acta \u00a0de No. 049 del 24 de agosto de 2007 correspondiente a la \u00a0plenaria \u00a0del Concejo Municipal de Contrataci\u00f3n, fue dicho por \u00e9l \u201cy \u00a0eso \u00a0que \u00a0expuse \u00a0es una realidad\u201d \u00a045. \u00a0\u00a0<\/p>\n<p>Aseveraciones que tambi\u00e9n hab\u00eda expresado \u00a0en \u00a0los registros de hechos atribuibles a grupos organizados al margen de la ley \u00a0ante \u00a0la \u00a0Fiscal\u00eda 51 de Justicia y Paz el 28 de enero de 2009, y en entrevista \u00a0rendida \u00a0el \u00a026 \u00a0de \u00a0noviembre del mismo a\u00f1o ante la Fiscal\u00eda 14 de Justicia y \u00a0Paz, \u00a0cuando \u00a0dijo \u00a0que \u00a0los \u00a0paramilitares lo desplazaron, entre otras razones: \u00a0\u201cpor no compartir la pol\u00edtica de ellos y no apoyar \u00a0a \u00a0los candidatos a corporaciones p\u00fablicas tales como Alcald\u00edas, Gobernaciones \u00a0y \u00a0Concejos, \u00a0como \u00a0es \u00a0el \u00a0caso \u00a0de \u00a0la \u00a0candidatura del se\u00f1or Gobernador Hugo \u00a0Heliodoro \u00a0Aguilar, \u00a0quien \u00a0entr\u00f3 \u00a0a \u00a0la regi\u00f3n por Puerto Nuevo, el Guamo, la \u00a0Aragua, \u00a0Santa \u00a0Helena \u00a0del \u00a0Op\u00f3n, \u00a0V\u00e9lez \u00a0Santander, \u00a0guardiado \u00a0por una gran \u00a0cantidad \u00a0de \u00a0camionetas \u00a0repletas de paramilitares\u201d \u00a046. \u00a0\u00a0<\/p>\n<p>Adem\u00e1s de haberle remitido al procesado un \u00a0escrito \u00a0calendado \u00a04 \u00a0de noviembre de 2009 en Contrataci\u00f3n (Santander), seg\u00fan \u00a0lo inform\u00f3 en la audiencia p\u00fablica, en el que le se\u00f1ala: \u00a0\u00a0<\/p>\n<p>\u201cEl presente oficio va dirigido a vuestra \u00a0persona \u00a0con \u00a0el prop\u00f3sito de solicitarle con mucho respeto; se sirva acl\u00e1rame \u00a0algo \u00a0que algunas amistades me han dado a saber debido a que no me encontraba en \u00a0esta \u00a0localidad \u00a0el \u00a0d\u00eda \u00a0que usted vino a hacer proselitismo pol\u00edtico y usted \u00a0dirigi\u00f3 \u00a0un \u00a0conversatorio \u00a0en \u00a0el \u00a0sal\u00f3n \u00a0de la sede D del Instituto T\u00e9cnico \u00a0industrial Salesiano. \u00a0\u00a0<\/p>\n<p>En \u00a0 su \u00a0 intervenci\u00f3n \u00a0 usted \u00a0 disque \u00a0(sic) \u00a0se \u00a0refiri\u00f3 en los \u00a0siguientes \u00a0t\u00e9rminos \u00a0\u201cque \u00a0aqu\u00ed \u00a0vive \u00a0un \u00a0p\u00edcaro o sinverg\u00fcenza que anda \u00a0diciendo \u00a0que yo soy paramilitar, pero m\u00e1s paramilitar es ese sinverg\u00fcenza que \u00a0yo\u201d. \u00a0\u00a0<\/p>\n<p>Hubiera sido de cualquier manera expresado \u00a0esta \u00a0frase \u00a0ante \u00a0m\u00e1s \u00a0de \u00a0cien \u00a0personas \u00a0yo \u00a0quise saber a quien se refer\u00eda \u00a0(sic). \u00a0Pues si llegado el \u00a0caso \u00a0se refer\u00eda a este servidor le puedo decir que yo si soy un desplazado del \u00a0paramilitarismo \u00a0que \u00a0oper\u00f3 \u00a0en Santa Helena del Op\u00f3n al mando de CIRO ANTONIO \u00a0D\u00cdAZ \u00a0 AMADO \u00a0 alias \u00a0 \u201cNICOL\u00c1S\u201d \u00a0 y \u00a0el \u00a0lugarteniente \u00a0de \u00a0este \u00a0bandido \u00a0narcotraficante, \u00a0asesino, \u00a0genocida, \u00a0extorsionista, \u00a0secuestrador \u00a0alias \u201cEL \u00a0TIGRE\u201d. \u00a0\u00a0<\/p>\n<p>Que \u00a0yo \u00a0si \u00a0me \u00a0encontraba \u00a0en Santa Helena del Op\u00f3n el d\u00eda que usted entr\u00f3\u00a0 haciendo la \u00a0campa\u00f1a \u00a0pol\u00edtica \u00a0a \u00a0la \u00a0Gobernaci\u00f3n \u00a0y \u00a0que junto con mucha gente que est\u00e1 \u00a0dispuesta \u00a0a \u00a0declarar lo mismo que yo presenci\u00e9, obligado por esos terroristas \u00a0para \u00a0ir \u00a0a escuchar su discurso (\u2026)\u201d.47 \u00a0(Negrilla \u00a0 \u00a0 \u00a0de \u00a0 \u00a0 \u00a0la \u00a0 \u00a0 \u00a0Corte).\u00a0 \u00a0\u00a0<\/p>\n<p>Pero, \u00a0al \u00a0igual \u00a0que Juan Fernando Morales \u00a0Ballesteros, \u00a0en \u00a0la \u00a0vista \u00a0p\u00fablica se retract\u00f3, e indic\u00f3 que la reuni\u00f3n en \u00a0Santa \u00a0Helena \u00a0del \u00a0Op\u00f3n \u00a0fue \u00a0de \u00a0car\u00e1cter \u00a0pol\u00edtico \u00a0y que no vio llegar al \u00a0acusado \u00a0con \u00a0paramilitares, \u00a0aunque \u00a0reconoci\u00f3 \u00a0que \u00a0all\u00ed \u00a0hab\u00eda \u00a0varios \u00a0de \u00a0camuflado \u00a0y \u00a0armados \u00a0en \u00a0camionetas; \u00a0que \u00a0fue el procesado quien invit\u00f3 a la \u00a0poblaci\u00f3n \u00a0a escuchar su intervenci\u00f3n y que en ese evento no hubo presencia de \u00a0fuerza \u00a0p\u00fablica, \u00a0anunciando, adem\u00e1s, que su versi\u00f3n a la Fiscal\u00eda la hab\u00eda \u00a0rendido \u00a0 con \u00a0 base \u00a0 en \u00a0 lo \u00a0 informado \u00a0 por \u00a0algunos \u00a0pobladores \u00a0de \u00a0Santa \u00a0Helena. \u00a0\u00a0<\/p>\n<p>Otro \u00a0testigo \u00a0que \u00a0refiere hechos del a\u00f1o \u00a02003 \u00a0es \u00a0Alex\u00e1nder \u00a0Guti\u00e9rrez, alias \u201cPic\u00faa\u201d o \u201cGuiovany Franco\u201d\u201d, \u00a0ex \u00a0militante \u00a0de \u00a0los Frentes \u201cComunero Cacique Guanent\u00e1\u201d y \u201cLanceros de \u00a0V\u00e9lez\u201d \u00a0del Bloque Central Bol\u00edvar de las autodefensas, quien en la versi\u00f3n \u00a0que \u00a0rindi\u00f3 \u00a0el \u00a025 \u00a0de \u00a0junio \u00a0de 2009 ante la Fiscal\u00eda 51 de Justicia y Paz, \u00a0asegur\u00f3 que: \u00a0\u00a0<\/p>\n<p>\u201cEl \u00a0se\u00f1or \u00a0HUGO \u00a0AGUILAR NARANJO (\u2026) \u00a0lleg\u00f3 \u00a0en \u00a0una oportunidad en el a\u00f1o 2003 (\u2026) yo lleg\u00f3 a La Palma Santander \u00a0(\u2026) \u00a0hago \u00a0parte \u00a0de ser comandante de estas regiones desde el 23 de marzo del \u00a02003, \u00a0entre \u00a0marzo, \u00a0abril, \u00a0mayo, junio y julio que es el 4 de julio que yo me \u00a0desmovilizo \u00a0individualmente, \u00a0antes de mi desmovilizaci\u00f3n (\u2026) La Palma\u00a0 \u00a0un \u00a0corregimiento \u00a0de \u00a0G\u00e1mbita \u00a0Santander (\u2026) estoy en el corregimiento, ah\u00ed \u00a0llegan \u00a0unas \u00a0camionetas \u00a0y \u00a0llega \u00a0el \u00a0se\u00f1or \u00a0ex \u00a0gobernador \u00a0HUGO \u00a0AGUILAR en \u00a0compa\u00f1\u00eda \u00a0de \u00a0otros se\u00f1ores (\u2026) lo acompa\u00f1aba tambi\u00e9n un se\u00f1or de nombre \u00a0ELIAS \u00a0ZAMBRANO, \u00a0ELIECER \u00a0O ELIAS ZAMBRANO (\u2026) tuvo v\u00ednculos conmigo y est\u00e1 \u00a0vinculado \u00a0en \u00a0un homicidio (\u2026) era concejal de G\u00e1mbita (\u2026) se dirigieron a \u00a0una \u00a0tienda \u00a0de \u00a0propiedad \u00a0de \u00a0un \u00a0se\u00f1or FELIX (\u2026) ah\u00ed en la tienda de este \u00a0se\u00f1or \u00a0para \u00a0no \u00a0alargar \u00a0tanto, \u00a0fue \u00a0un \u00a0cruce \u00a0de \u00a0palabras con el se\u00f1or ex \u00a0Gobernador \u00a0(\u2026) \u00a0estaba \u00a0empezando \u00a0la \u00a0campa\u00f1a (\u2026) el que toco el tema del \u00a0apoyo \u00a0o \u00a0que \u00a0se \u00a0le \u00a0brindara \u00a0apoyo \u00a0fue \u00a0el \u00a0se\u00f1or \u00a0ZAMBRANO para que yo le \u00a0colaborara, \u00a0le \u00a0pod\u00eda colaborar apoyando al se\u00f1or HUGO AGUILAR en cuanto a la \u00a0campa\u00f1a \u00a0a la Gobernaci\u00f3n de Santander, de lograr conseguir los votos de todas \u00a0estas \u00a0regiones \u00a0donde \u00a0yo estaba impartiendo ordenes por parte de la tropa o el \u00a0escolta \u00a0de \u00a0que \u00a0se \u00a0votara \u00a0por \u00a0el se\u00f1or (\u2026) este se\u00f1or HUGO AGUILAR como \u00a0pr\u00e1cticamente \u00a0en \u00a0agradecimiento a lo que se iba a hacer de palabras de \u00e9l me \u00a0ofreci\u00f3 \u00a0regalarme \u00a0unas armas cortas, unas pistolas y unas municiones para las \u00a0mismas \u00a0y \u00a0que me las hac\u00eda llegar (\u2026) claro que ni las armas llegaron porque \u00a0de \u00a0todas \u00a0formas yo me desmovilic\u00e9, ni tampoco de mi parte le puse votos, pero \u00a0en \u00a0los \u00a0d\u00edas \u00a0esos \u00a0si \u00a0le \u00a0alcanc\u00e9 a explicar a unas personas que hab\u00eda que \u00a0votar \u00a0por \u00a0\u00e9l (\u2026) yo estoy dentro del pueblo (\u2026) obviamente de civil, pero \u00a0siempre \u00a0mantengo \u00a0encima un arn\u00e9s y una reata, y un rev\u00f3lver en una piernera, \u00a0y \u00a0un \u00a0radio \u00a0de comunicaciones en mi reata, y mi celular, y la poblaci\u00f3n civil \u00a0sabe \u00a0qui\u00e9n \u00a0soy yo, todo el mundo sabe, y quien me presenta como el comandante \u00a0de \u00a0la \u00a0regi\u00f3n a HUGO AGUILAR es ELIAS ZAMBRANO (\u2026) iba en una burbuja y creo \u00a0que \u00a0iba \u00a0otra m\u00e1s y una camioneta una 24 v\u00e1lvulas de estaca (\u2026) otro de los \u00a0personajes \u00a0que \u00a0acompa\u00f1aba \u00a0a \u00a0este se\u00f1or creo que ten\u00eda que ver algo con la \u00a0pol\u00edtica \u00a0tambi\u00e9n \u00a0de \u00a0por \u00a0all\u00e1 de Togui o Chitaraque (\u2026) yo acompa\u00f1\u00e9 al \u00a0se\u00f1or \u00a0HUGO \u00a0AGUILAR, yo lo escolt\u00e9 en una moto, una DTS roja en la cual yo me \u00a0desplazaba, \u00a0lo \u00a0acompa\u00f1\u00e9 \u00a0hasta \u00a0el \u00a0municipio \u00a0de Arcabuco Boyac\u00e1, hasta la \u00a0entrada \u00a0del \u00a0pueblo \u00a0(\u2026) \u00a0me lo presenta el se\u00f1or ZAMBRANO (\u2026) le dice vea \u00a0\u00e9l \u00a0es \u00a0GIOVANY \u00a0FRANCO, \u00a0\u00e9l \u00a0es \u00a0el \u00a0comandante \u00a0de \u00a0las autodefensas en esta \u00a0regi\u00f3n\u201d. \u00a0\u00a0<\/p>\n<p>Cargos \u00a0sobre \u00a0los \u00a0cuales \u00a0finalmente \u00a0se \u00a0ratific\u00f3 \u00a0bajo \u00a0la \u00a0gravedad \u00a0del \u00a0juramento \u00a0en \u00a0dicha diligencia y, se\u00f1al\u00f3: \u00a0\u201ctambi\u00e9n \u00a0quiero \u00a0dejar \u00a0en \u00a0claro \u00a0(\u2026) \u00a0que \u00a0si \u00a0llegara \u00a0a \u00a0pasar algo por estas denuncias yo har\u00eda responsable directamente al \u00a0se\u00f1or \u00a0HUGO AGUILAR NARANJO porque se rumor\u00f3 en la c\u00e1rcel de que este habr\u00eda \u00a0tenido \u00a0que \u00a0ver \u00a0en la muerte tambi\u00e9n del se\u00f1or VICTOR, comandante del Frente \u00a0COMUNEROS \u00a0porque \u00a0\u00e9ste \u00a0s\u00ed \u00a0habr\u00eda \u00a0tenido c\u00f3mo demostrar de que \u00e9l hab\u00eda \u00a0tenido \u00a0apoyo \u00a0de \u00a0las \u00a0autodefensas \u00a0porque \u00a0ese \u00a0estuvo \u00a0en reuniones con \u00e9l, \u00a0tendr\u00eda \u00a0 videos \u00a0 o \u00a0 grabaciones\u201d \u00a048. \u00a0\u00a0<\/p>\n<p>No obstante lo anterior, como en el caso de \u00a0los \u00a0se\u00f1ores \u00a0Morales Ballesteros y Guerrero Garavito, Alex\u00e1nder Guti\u00e9rrez en \u00a0la \u00a0 diligencia \u00a0de \u00a0audiencia \u00a0p\u00fablica, \u00a0controvirtiendo \u00a0sus \u00a0manifestaciones \u00a0anteriores, \u00a0 \u00a0refiri\u00f3 \u00a0 \u00a0que \u00a0 \u00a0las \u00a0 adujo \u00a0 porque \u00a0 el \u00a0 aludido \u00a0 concejal \u00a0Zambrano49 \u00a0le \u00a0se\u00f1al\u00f3 los hechos cuando aquel volvi\u00f3 en su sano juicio por \u00a0la \u00a0ingesta \u00a0de \u00a0licor \u00a0a la que se hab\u00eda dedicado durante d\u00edas en esa \u00e9poca, \u00a0pero \u00a0que no sabe si son ciertos, que no recuerda lo ocurrido y, por ello, no lo \u00a0confirma; \u00a0en \u00a0\u00faltimas, \u00a0advierte no haberse reunido con el procesado y se\u00f1ala \u00a0que \u00a0para \u00a0ser \u00a0postulado \u00a0a la ley de justicia y paz hubo presiones para que se \u00a0diera \u00a0informaci\u00f3n sobre casos de parapol\u00edtica o de falsos positivos y que por \u00a0eso \u00a0no \u00a0se\u00f1al\u00f3 \u00a0en \u00a0su \u00a0versi\u00f3n \u00a0inicial \u00a0que \u00a0su \u00a0relato obedec\u00eda a lo que \u00a0Zambrano le hab\u00eda contado. \u00a0\u00a0<\/p>\n<p>As\u00ed \u00a0las cosas, en tanto los tres testigos \u00a0recientemente \u00a0mencionados \u00a0revocaron \u00a0expresamente \u00a0lo que hab\u00edan dicho en sus \u00a0iniciales \u00a0versiones, \u00a0resulta necesario, como se ha se\u00f1alado de tiempo atr\u00e1s, \u00a0confrontar \u00a0sus \u00a0atestaciones \u00a0para \u00a0identificar \u00a0cu\u00e1l \u00a0de \u00a0ellas \u00a0ofrece mayor \u00a0credibilidad, dado que: \u00a0\u00a0<\/p>\n<p>\u201cLa \u00a0retractaci\u00f3n, ha sido dicho por la \u00a0Corte, \u00a0no \u00a0destruye \u00a0per \u00a0se \u00a0lo \u00a0afirmado \u00a0por \u00a0el \u00a0testigo arrepentido en sus \u00a0declaraciones \u00a0precedentes, \u00a0ni \u00a0torna verdad apod\u00edctica lo dicho en sus nuevas \u00a0intervenciones. \u00a0&#8220;En \u00a0esta materia, como en todo lo que ata\u00f1e a la credibilidad \u00a0del \u00a0testimonio, hay que emprender un trabajo anal\u00edtico de comparaci\u00f3n y nunca \u00a0de \u00a0eliminaci\u00f3n, \u00a0a \u00a0fin \u00a0de \u00a0establecer en cu\u00e1les de las distintas y opuestas \u00a0versiones, el testigo dijo la verdad. \u00a0\u00a0<\/p>\n<p>Quien \u00a0se retracta de su dicho ha de tener \u00a0un \u00a0motivo \u00a0para hacerlo, el cual podr\u00e1 consistir ordinariamente en un reato de \u00a0conciencia, \u00a0que lo induce a relatar las cosas como sucedieron, o en un inter\u00e9s \u00a0propio \u00a0o \u00a0ajeno \u00a0que \u00a0lo \u00a0lleva \u00a0a negar lo que s\u00ed percibi\u00f3. De suerte que la \u00a0retractaci\u00f3n \u00a0solo \u00a0podr\u00e1 \u00a0admitirse \u00a0cuando \u00a0obedece \u00a0a un acto espont\u00e1neo y \u00a0sincero \u00a0de quien lo hace y siempre que lo expuesto a \u00faltima hora por el sujeto \u00a0sea \u00a0veros\u00edmil \u00a0y \u00a0acorde \u00a0con \u00a0las \u00a0dem\u00e1s \u00a0comprobaciones \u00a0del proceso&#8221; (Cfr. \u00a0Casaci\u00f3n de abril 21\/55 y noviembre 9\/93, entre otras) \u00a0\u00a0<\/p>\n<p>En el mismo sentido se pronunci\u00f3 la Sala, \u00a0entre \u00a0otras, mediante las sentencias:\u00a0 Rad. 11.429, del 15 de diciembre de \u00a01999; \u00a0Rad. \u00a014.223, \u00a0del 16 de julio de 2001; Rad.10.585, del 7 de noviembre de \u00a02002; \u00a0Rad.14.636, \u00a0del \u00a04 \u00a0de abril de 2003; Rad.17.005, del 11 de diciembre de \u00a02003; \u00a0Rad.21.581, \u00a0del \u00a017 \u00a0de \u00a0marzo \u00a0de 2004; Rad.22.240, del 23 de agosto de \u00a02006; \u00a0Rad.27.964, \u00a0del 2 de julio de 2008; Rad. 30.186, del 16 de septiembre de \u00a02008; \u00a0Rad. \u00a021.703, \u00a0del \u00a011 \u00a0de \u00a0marzo de 2009\u201d.50\u00a0\u00a0 \u00a0\u00a0<\/p>\n<p>En \u00a0 cada \u00a0 una \u00a0 de \u00a0 sus \u00a0 primigenias \u00a0declaraciones, \u00a0Juan \u00a0Fernando \u00a0Morales \u00a0Ballesteros, \u00a0Jes\u00fas \u00a0Enrique \u00a0Guerrero \u00a0Garavito \u00a0y \u00a0Alex\u00e1nder \u00a0Guti\u00e9rrez \u00a0fueron di\u00e1fanos, extensos y detallistas al \u00a0referir, \u00a0desde \u00a0su individual \u00f3ptica, lo percibido por ellos sobre el v\u00ednculo \u00a0del \u00a0acusado \u00a0con \u00a0alias \u00a0\u201cNicol\u00e1s\u201d, \u00a0quien \u00a0era \u00a0el jefe del Frente Isidro \u00a0Carre\u00f1o \u00a0-seg\u00fan \u00a0lo \u00a0confirman \u00a0Iv\u00e1n \u00a0Roberto \u00a0Duque, \u00a0Rodrigo P\u00e9rez Alzate, \u00a0Heidelbergth\u00a0 \u00a0Cristian \u00a0Mendoza, \u00a0Orlando \u00a0Caro \u00a0Pati\u00f1o \u00a0y Arnubio Triana \u00a0Mahecha-, \u00a0quien \u00a0dominaba \u00a0la \u00a0regi\u00f3n \u00a0donde aseguraron haber visto al acusado \u00a0haciendo \u00a0proselitismo, \u00a0precisamente \u00a0en \u00a0\u00e9poca \u00a0previa \u00a0a las elecciones a la \u00a0Gobernaci\u00f3n de Santander celebradas el 26 de octubre de 2003. \u00a0\u00a0<\/p>\n<p>En \u00a0sus originales exposiciones todos ellos \u00a0fueron \u00a0juramentados, inclusive cuando hicieron las directas imputaciones contra \u00a0el \u00a0aqu\u00ed \u00a0acusado \u00a0por \u00a0haber \u00a0presenciado \u00a0los \u00a0hechos, adem\u00e1s de que Morales \u00a0Ballesteros \u00a0y \u00a0Guerrero \u00a0Angarita \u00a0hasta \u00a0las \u00a0hab\u00edan \u00a0dado \u00a0a \u00a0conocer en las \u00a0entrevistas \u00a0rendidas \u00a0a \u00a0funcionarios \u00a0de \u00a0la Fiscal\u00eda de Justicia y Paz, y el \u00a0\u00faltimo, \u00a0tambi\u00e9n \u00a0en \u00a0la \u00a0plenaria \u00a0del \u00a0Concejo \u00a0Municipal \u00a0de \u00a0Contrataci\u00f3n \u00a0(Santander), como ya se destac\u00f3. \u00a0\u00a0<\/p>\n<p>Adicionalmente, \u00a0as\u00ed \u00a0para \u00a0la \u00a0defensa no \u00a0resulte \u00a0de \u00a0importancia, \u00a0lo se\u00f1alado por Juan Fernando Morales Ballesteros en \u00a0lo \u00a0que \u00a0corresponde \u00a0a \u00a0la \u00a0captura \u00a0del \u00a0ex \u00a0\u201ccomisario \u00a0pol\u00edtico\u201d de las \u00a0autodefensas \u00a0campesinas \u00a0de Puerto Boyac\u00e1 Orlando Caro Pati\u00f1o, alias \u201cHK\u201d \u00a0-con \u00a0quien \u00a0expres\u00f3 \u00a0inicialmente haber visto al acusado haciendo campa\u00f1a-, y \u00a0en \u00a0cuanto al documento que solicit\u00f3 v\u00eda telef\u00f3nica a la campa\u00f1a del acusado \u00a0para \u00a0favorecer \u00a0la \u00a0situaci\u00f3n \u00a0del \u00a0capturado \u00a0-actividad que no requer\u00eda ser \u00a0cumplida \u00a0por \u00a0quien \u00a0tuviera \u00a0un \u00a0rango \u00a0o \u00a0posicionamiento \u00a0mayor \u00a0que \u00a0el \u00a0de \u00a0patrullero, \u00a0seg\u00fan \u00a0lo \u00a0alega \u00a0la \u00a0defensa, \u00a0pese a que en efecto el testigo lo \u00a0ten\u00eda-, \u00a0el \u00a0cual fue expedido acreditando que aqu\u00e9l hac\u00eda parte de la misma; \u00a0es \u00a0corroborado \u00a0con \u00a0las copias obtenidas en la inspecci\u00f3n judicial practicada \u00a0sobre \u00a0dicha \u00a0actuaci\u00f3n, \u00a0en \u00a0las \u00a0cuales \u00a0se \u00a0advierte \u00a0que \u00a0Caro \u00a0Pati\u00f1o fue \u00a0aprehendido \u00a0el \u00a018 \u00a0de \u00a0octubre \u00a0de \u00a02003 \u00a0llevando \u00a0consigo \u00a0publicidad de esa \u00a0campa\u00f1a \u00a0 \u00a0 \u00a0 \u00a0 \u00a0 \u00a0 \u00a0 \u00a0 \u00a0electoral51, \u00a0a la cual adujo pertenecer \u00a0en \u00a0su \u00a0indagatoria \u00a0-no \u00a0obstante \u00a0negarlo \u00a0en \u00a0la \u00a0audiencia realizada en este \u00a0juicio-52, \u00a0siendo \u00a0ratificado \u00a0por \u00a0el \u00a0testimonio \u00a0rendido por el cabo John \u00a0Alexander \u00a0Rodr\u00edguez \u00a0Cuervo, \u00a0quien \u00a0particip\u00f3 \u00a0en esa retenci\u00f3n53, \u00a0 y \u00a0por \u00a0Vitelmo \u00a0 \u00a0 \u00a0 \u00a0 \u00a0 \u00a0Leal \u00a0 \u00a0 \u00a0 \u00a0 \u00a0 \u00a0Camargo54 \u00a0-tambi\u00e9n \u00a0aprehendido \u00a0en \u00a0esos \u00a0hechos-, y por el escrito expedido por el doctor Alfonso Ria\u00f1o Castillo y \u00a0allegado \u00a0a \u00a0dicho \u00a0proceso el 24 de octubre de 2003 -es decir, a los 6 d\u00edas de \u00a0la \u00a0captura-55, \u00a0emergiendo \u00a0con ello que Caro Pati\u00f1o en realidad se desenvolv\u00eda \u00a0en \u00a0la \u00a0regi\u00f3n \u00a0como \u00a0intermediario de las autodefensas y los candidatos de las \u00a0diferentes \u00a0campa\u00f1as \u00a0electorales \u00a0que \u00a0se desarrollaron en la \u00e9poca y que s\u00ed \u00a0hac\u00eda \u00a0proselitismo \u00a0a \u00a0favor \u00a0del \u00a0acusado, \u00a0a \u00a0sabiendas de que contra Carlos \u00a0Arturo \u00a0Clavijo \u00a0Vargas \u00a0y \u00a0Alfonso \u00a0Ria\u00f1o Castillo, a quienes asegur\u00f3 que les \u00a0hab\u00eda \u00a0colaborado \u00a0en \u00a0su \u00a0actividad \u00a0pol\u00edtica, \u00a0ya \u00a0se \u00a0emitieron \u00a0sentencias \u00a0condenatorias \u00a0por \u00a0el \u00a0Juzgado \u00a0Primero \u00a0Penal del Circuito de Antioquia y esta \u00a0Corporaci\u00f3n, \u00a0por \u00a0el delito de concierto para delinquir agravado, en virtud de \u00a0sus \u00a0v\u00ednculos \u00a0con \u00a0las autodefensas, seg\u00fan fallos del 6 de marzo de 2008 y 18 \u00a0de enero de 2012 -radicado 32.764-, respectivamente. \u00a0\u00a0<\/p>\n<p>Pero, \u00a0adem\u00e1s, Orlando Caro Pati\u00f1o, alias \u00a0\u201cHK\u201d, \u00a0pese \u00a0haber mencionado en la diligencia de indagatoria que rindi\u00f3 el \u00a022 \u00a0de \u00a0octubre \u00a0de \u00a02003, \u00a0rese\u00f1ada \u00a0con antelaci\u00f3n, que fue capturado cuando \u00a0lideraba \u00a0la \u00a0campa\u00f1a \u00a0a \u00a0la \u00a0Gobernaci\u00f3n \u00a0de \u00a0Santander cuyo candidato era el \u00a0acusado, \u00a0en actividades que desarrollaba por las veredas \u201cEl Guamo\u201d y \u201cLa \u00a0Aragua\u201d \u00a0-precisamente \u00a0por \u00a0donde los testigos de cargo afirman haberlo visto \u00a0acompa\u00f1ando \u00a0al procesado en ejercicio electoral-; en declaraciones posteriores \u00a0adujo \u00a0haberse vinculado con las autodefensas campesinas de Puerto Boyac\u00e1, bajo \u00a0las \u00a0\u00f3rdenes \u00a0de \u00a0Arnubio \u00a0Triana \u00a0Mahecha, alias \u201cBotal\u00f3n\u201d, desde el a\u00f1o \u00a02000 \u00a0hasta \u00a0el \u00a02006, \u00a0haciendo \u00a0trabajo \u00a0de \u00edndole social en la regi\u00f3n de El \u00a0Carmen \u00a0y \u00a0San \u00a0Vicente \u00a0de \u00a0Chucur\u00ed (Santander), que hab\u00eda colaborado con los \u00a0paramilitares \u00a0en \u00a0desarrollo \u00a0del \u00a0movimiento \u00a0\u201cno al despeje\u201d, y que en la \u00a0organizaci\u00f3n \u00a0\u00fanicamente recibi\u00f3 \u00f3rdenes de hacer campa\u00f1a pol\u00edtica a favor \u00a0de \u00a0Carlos \u00a0Arturo \u00a0Clavijo \u00a0Vargas; \u00a0ratificando, en la audiencia p\u00fablica, que \u00a0durante \u00a0su \u00a0labor con las autodefensas su comandante alias \u201cBotal\u00f3n\u201d s\u00f3lo \u00a0dio \u00a0directrices \u00a0de \u00a0hacer \u00a0campa\u00f1a \u00a0para \u00a0Clavijo \u00a0Vargas, neg\u00f3 haber tenido \u00a0relaci\u00f3n \u00a0 alguna \u00a0 con \u00a0 el \u00a0acusado, \u00a0que \u00a0nunca \u00a0lo \u00a0vio \u00a0en \u00a0reuniones \u00a0con \u00a0autodefensas\u00a0 \u00a0y asegur\u00f3 que jam\u00e1s lo present\u00f3 con alias \u201cNicol\u00e1s\u201d, \u00a0a \u00a0quien reconoci\u00f3 como jefe paramilitar del Frente Isidro Carre\u00f1o que operaba \u00a0en ese sector. \u00a0\u00a0<\/p>\n<p>Para la Sala lo sostenido en la injurada por \u00a0Caro \u00a0Pati\u00f1o \u00a0en cuanto a su vinculaci\u00f3n con la campa\u00f1a electoral del acusado \u00a0a \u00a0la Gobernaci\u00f3n de Santander, armoniza objetivamente con la prueba mencionada \u00a0que \u00a0acredita que llevaba consigo publicidad de la misma, seg\u00fan lo afirmado por \u00a0\u00e9l \u00a0mismo \u00a0en aquella diligencia y en la audiencia p\u00fablica; pero adem\u00e1s, ello \u00a0emerge \u00a0cre\u00edble \u00a0dado \u00a0que dentro de la organizaci\u00f3n ilegal que conformaba, su \u00a0gesti\u00f3n \u00a0 precisamente \u00a0 consist\u00eda \u00a0en \u00a0actividades \u00a0de \u00a0dicha \u00a0\u00edndole, \u00a0pues \u00a0recu\u00e9rdese \u00a0que \u00a0adujo \u00a0haber \u00a0favorecido \u00a0la campa\u00f1a de Carlos Arturo Clavijo \u00a0Vargas \u00a0al Congreso, siendo confirmado por su jefe Arnubio Triana Mahecha, alias \u00a0\u201cBotal\u00f3n\u201d, \u00a0quien \u00a0agreg\u00f3 \u00a0en \u00a0la \u00a0vista p\u00fablica haber conocido de muchas \u00a0relaciones \u00a0entre \u00a0Caro \u00a0Pati\u00f1o y alias \u201cNicol\u00e1s\u201d, pese a que no le hab\u00eda \u00a0encomendado \u00a0ello, \u00a0y \u00a0que se reun\u00eda con Alfredo Santamar\u00eda, el comandante del \u00a0\u201cFrente Ram\u00f3n Danilo\u201d de las autodefensas. \u00a0\u00a0<\/p>\n<p>Agreg\u00e1ndose \u00a0a lo anterior lo expresado en \u00a0la \u00a0audiencia \u00a0p\u00fablica \u00a0por \u00a0Iv\u00e1n \u00a0Roberto \u00a0Duque \u00a0Gaviria, \u00a0alias \u00a0\u201cErnesto \u00a0B\u00e1ez\u201d, \u00a0en \u00a0el \u00a0sentido \u00a0de \u00a0que \u00a0Caro \u00a0Pati\u00f1o trabajaba con \u201cBotal\u00f3n\u201d, \u00a0hac\u00eda \u00a0 pol\u00edtica \u00a0 en \u00a0 Santa \u00a0 Helena \u00a0 del \u00a0 Op\u00f3n, \u00a0 y \u00a0 que \u00a0 \u201clas \u00a0autodefensas de otros bloques hicieron campa\u00f1as pol\u00edticas \u00a0y \u00a0apoyaron \u00a0candidatos \u00a0en \u00a0actividades \u00a0que \u00a0coordinaban \u00a0inclusive los mismos \u00a0comandantes \u00a0militares \u00a0(\u2026) \u00a0no \u00a0se \u00a0en \u00a0el caso ya concreto de Nicol\u00e1s, pero \u00a0pienso \u00a0que Nicol\u00e1s s\u00ed tuvo que haber intervenido o ese grupo en la pol\u00edtica, \u00a0no \u00a0se \u00a0concretamente \u00a0en que campa\u00f1a, porque\u00a0 all\u00ed conoc\u00ed yo que hab\u00eda \u00a0un \u00a0comisario \u00a0del \u00a0se\u00f1or \u00a0Botal\u00f3n \u00a0(\u2026) \u00a0de \u00a0apellido \u00a0Caro, \u00a0ese se\u00f1or era \u00a0comisario \u00a0pol\u00edtico \u00a0y\u00a0 \u00a0a \u00a0ese \u00a0se\u00f1or \u00a0se le vio, seg\u00fan nos informaban, \u00a0recorriendo \u00a0toda \u00a0esa zona haciendo la pol\u00edtica (\u2026) en el bloque de Nicol\u00e1s \u00a0ya \u00a0adscrito al bloque de Botal\u00f3n, ellos interven\u00edan en la pol\u00edtica y ten\u00edan \u00a0tambi\u00e9n \u00a0sus \u00a0comisarios \u00a0para \u00a0que a trav\u00e9s de esos comisarios se adelantaran \u00a0las \u00a0campa\u00f1as \u00a0en \u00a0favor \u00a0de uno u otro candidato (\u2026) no se cu\u00e1les fueron en \u00a0concreto \u00a0las \u00a0actividades de este se\u00f1or, estoy simplemente expresando que este \u00a0se\u00f1or \u00a0Caro fue comisario pol\u00edtico en esos sectores en donde oper\u00f3 Nicol\u00e1s y \u00a0como \u00a0comisario \u00a0pol\u00edtico, \u00a0pues \u00a0se \u00a0dedicaba \u00a0a \u00a0hacer \u00a0qu\u00e9, \u00a0lo que hace un \u00a0comisario \u00a0 \u00a0 \u00a0 \u00a0 \u00a0pol\u00edtico, \u00a0 \u00a0 \u00a0 \u00a0 \u00a0la\u00a0 \u00a0 \u00a0 \u00a0 \u00a0 pol\u00edtica\u201d. \u00a0\u00a0<\/p>\n<p>Todo \u00a0lo \u00a0cual \u00a0enaltece \u00a0lo \u00a0aseverado \u00a0en \u00a0principio \u00a0por el testigo Morales Ballesteros en tres oportunidades diferentes y \u00a0ante \u00a0diversas \u00a0autoridades, siendo indicativo de que no fue malinterpretado por \u00a0quienes \u00a0le recibieron tales declaraciones o que no se le haya permitido revisar \u00a0las \u00a0mismas, \u00a0como \u00a0lo \u00a0sugiere \u00a0la \u00a0defensa, \u00a0contrario a lo que ocurre con sus \u00a0manifestaciones \u00a0rendidas \u00a0en \u00a0la \u00a0audiencia \u00a0p\u00fablica en las que sin razones de \u00a0peso \u00a0y \u00a0a\u00fan \u00a0sin la intervenci\u00f3n del defensor, controvirti\u00f3 sus atestaciones \u00a0iniciales \u00a0para \u00a0se\u00f1alar \u00a0que \u00a0ni \u00a0siquiera \u00a0conoci\u00f3 personalmente al acusado, \u00a0adem\u00e1s \u00a0de \u00a0rechazar \u00a0la \u00a0anuencia \u00a0del \u00a0ex \u00a0comandante \u00a0del \u00a0\u201cFIC\u201d, \u00a0alias \u00a0\u201cNicol\u00e1s\u201d \u00a0y \u00a0el \u00a0enjuiciado, en actividades proselitistas, de donde aflora \u00a0sin \u00a0dificultad \u00a0su \u00a0inter\u00e9s \u00a0malsano \u00a0por \u00a0desvirtuar \u00a0las imputaciones que en \u00a0principio \u00a0 hab\u00eda \u00a0 formulado \u00a0 en \u00a0 su \u00a0 contra, \u00a0 como \u00a0en \u00a0\u00faltimas \u00a0termina \u00a0desentendi\u00e9ndose \u00a0 igualmente \u00a0Caro \u00a0Pati\u00f1o \u00a0de \u00a0lo \u00a0que \u00a0inicialmente \u00a0hab\u00eda \u00a0se\u00f1alado, \u00a0 \u00a0pese \u00a0 \u00a0a \u00a0 \u00a0ser \u00a0 \u00a0esto \u00a0 ratificado \u00a0 por \u00a0 la \u00a0 prueba \u00a0 arriba \u00a0destacada.\u00a0\u00a0\u00a0\u00a0\u00a0\u00a0\u00a0\u00a0 \u00a0\u00a0<\/p>\n<p>El \u00a0hecho \u00a0de que la instructora no hubiese \u00a0ampliado \u00a0la \u00a0declaraci\u00f3n \u00a0de \u00a0Morales \u00a0Ballesteros \u00a0en \u00a0forma \u00a0alguna imped\u00eda \u00a0ejercer \u00a0el \u00a0derecho de contradicci\u00f3n, como reiteradamente lo alega la defensa, \u00a0porque \u00a0 \u00a0ello \u00a0 \u00a0no \u00a0 est\u00e1 \u00a0 limitado \u00a0 al \u00a0 interrogatorio \u00a0 directo \u00a0 o \u00a0 al \u00a0contrainterrogatorio \u00a0del \u00a0testigo, \u00a0ya \u00a0que tambi\u00e9n a trav\u00e9s de los alegatos, \u00a0los \u00a0recursos \u00a0de \u00a0ley \u00a0y \u00a0contraprobando \u00a0puede \u00a0hacerse \u00a0uso \u00a0de la mencionada \u00a0prerrogativa, \u00a0 tal \u00a0 y \u00a0 como \u00a0 lo \u00a0 tiene \u00a0 sentado \u00a0 la \u00a0 jurisprudencia \u00a0 de \u00a0anta\u00f1o56; \u00a0y \u00a0en \u00a0cuanto a que lo pertinente hubiese sido hacer acuerdos con \u00a0el \u00a0jefe \u00a0paramilitar \u00a0y \u00a0no \u00a0con \u00a0los \u00a0patrulleros, \u00a0seg\u00fan lo sostenido por la \u00a0defensa, \u00a0debe \u00a0decirse \u00a0que eso fue lo que puso de presente Morales Ballesteros \u00a0en \u00a0sus \u00a0iniciales salidas procesales, que son las cre\u00edbles para la Sala, muy a \u00a0pesar \u00a0de \u00a0que \u00a0los \u00a0comandantes \u00a0superiores \u00a0del \u201cBCB\u201d y de las \u201cACPB\u201d, \u00a0Rodrigo \u00a0P\u00e9rez Alzate y Arnubio Triana Mahecha descarten la alianza -de lo cual \u00a0no \u00a0participa abiertamente Iv\u00e1n Roberto Duque, seg\u00fan lo que ya se transcribi\u00f3 \u00a0de \u00a0su \u00a0testimonio \u00a0en \u00a0la audiencia p\u00fablica cuando concluye que \u201cNicol\u00e1s\u201d \u00a0s\u00ed \u00a0intervino \u00a0en \u00a0debates electorales, aunque sin indicar en cu\u00e1les-, como el \u00a0mismo \u00a0testigo termin\u00f3 haci\u00e9ndolo, puesto que definitivamente lo que el caudal \u00a0probatorio \u00a0refleja \u00a0es \u00a0que ha habido una soterrada intenci\u00f3n de ocultar ello, \u00a0involucr\u00e1ndose \u00a0 \u00a0 en \u00a0 \u00a0 procura \u00a0 \u00a0 de \u00a0 \u00a0 tal \u00a0 \u00a0objetivo \u00a0 \u00a0muchos \u00a0 \u00a0otros \u00a0declarantes. \u00a0\u00a0<\/p>\n<p>Por \u00a0lo \u00a0anterior, \u00a0sumado \u00a0a \u00a0la prueba de \u00a0cargo, \u00a0tampoco \u00a0tiene \u00a0\u00e9xito \u00a0el \u00a0argumento \u00a0defensivo sustentado en que alias \u00a0\u201cNicol\u00e1s\u201d \u00a0estaba \u00a0interesado en una libre competencia pol\u00edtica en su zona \u00a0de \u00a0influencia \u00a0y \u00a0que, \u00a0por \u00a0ello, ninguna coacci\u00f3n ni permiso de su parte fue \u00a0necesario \u00a0para \u00a0ejercer \u00a0proselitismo \u00a0en esa regi\u00f3n, lo cual se compadece con \u00a0los \u00a0resultados \u00a0electorales \u00a0que \u00a0muestran \u00a0votos \u00a0para \u00a0los \u00a0candidatos \u00a0a \u00a0la \u00a0Gobernaci\u00f3n \u00a0en \u00a0aquella \u00a0\u00e9poca, \u00a0porque \u00a0como \u00a0se \u00a0sabe, los paramilitares no \u00a0solamente \u00a0utilizaron \u00a0como \u00a0estrategia amainar la actividad proselitista de los \u00a0candidatos \u00a0opuestos \u00a0a \u00a0sus \u00a0intereses \u00a0para \u00a0catapultar \u00a0la \u00a0votaci\u00f3n \u00a0de sus \u00a0aliados, \u00a0en \u00a0veces \u00a0sectorizaban la votaci\u00f3n y en algunas ocasiones permit\u00edan \u00a0el \u00a0aparente \u00a0desarrollo \u00a0normal \u00a0de \u00a0la \u00a0gesta \u00a0electoral, adoptando mecanismos \u00a0id\u00f3neos \u00a0que \u00a0garantizaran \u00a0la elecci\u00f3n de su adepto, que es precisamente como \u00a0pueden \u00a0entenderse \u00a0los \u00a0resultados \u00a0que \u00a0arrojan con evidencia que Aguilar \u00a0Naranjo \u00a0obtuvo \u00a0mayor votaci\u00f3n, \u00a0as\u00ed \u00a0no \u00a0se \u00a0estime \u00a0considerable, en municipios con influencia de autodefensas \u00a0tales \u00a0como Bucaramanga, Barrancabermeja, Santa Helena del Op\u00f3n, Cimitarra, San \u00a0Vicente \u00a0de \u00a0Chucur\u00ed, El Carmen, Puerto Wilches, Puerto Parra, Rionegro, Sabana \u00a0de \u00a0 Torres, \u00a0G\u00e1mbita, \u00a0entre \u00a0otros.\u00a0\u00a0\u00a0\u00a0\u00a0\u00a0\u00a0 \u00a0\u00a0<\/p>\n<p>Rep\u00e1rese, adem\u00e1s, en la gran diferencia de \u00a0la \u00a0votaci\u00f3n \u00a0obtenida \u00a0por el procesado cuando sali\u00f3 elegido como Diputado de \u00a0la \u00a0Asamblea \u00a0Departamental \u00a0de \u00a0Santander \u00a0en \u00a0las \u00a0elecciones de 2000, con los \u00a0resultados \u00a0que \u00a0arrojaron los votos depositados a su favor en la elecci\u00f3n a la \u00a0Gobernaci\u00f3n \u00a02003, \u00a0en \u00a0municipios con injerencia paramilitar y donde la prueba \u00a0destaca \u00a0que se reuni\u00f3 con los paramilitares que all\u00ed dominaban as\u00ed: en Santa \u00a0Helena \u00a0del \u00a0Op\u00f3n \u00a0obtuvo en el 2000 un total de 5 votos, ocupando los \u00faltimos \u00a0lugares \u00a0entre \u00a0los \u00a0candidatos, \u00a0pues \u00a0la \u00a0mayor \u00a0votaci\u00f3n \u00a0fue \u00a0de 286 votos, \u00a0mientras \u00a0en \u00a0las \u00a0elecciones \u00a0de \u00a02003 sac\u00f3 1.263, siendo el primero entre los \u00a0aspirantes, \u00a0 seguido \u00a0de \u00a0247 \u00a0votos; \u00a0en \u00a0Rionegro \u00a0-donde \u00a0est\u00e1 \u00a0ubicado \u00a0el \u00a0corregimiento \u00a0\u201cSan \u00a0Rafael \u00a0de \u00a0Lebrija\u201d- en las elecciones del 2000 obtuvo \u00a01.135 \u00a0votos, \u00a0ocupando \u00a0el \u00a0segundo \u00a0lugar \u00a0en \u00a0relaci\u00f3n \u00a0con \u00a04.812 sufragios \u00a0depositados \u00a0por el candidato ganador all\u00ed, y en 2003 obtuvo la mayor votaci\u00f3n \u00a0equivalente \u00a0a 4.972, seguido de 4.343 votos que obtuvo el segundo candidato; en \u00a0Puerto \u00a0Wilches en el a\u00f1o 2000 obtuvo 17 votos contra los 1.203 que alcanz\u00f3 el \u00a0ganador \u00a0y, \u00a0en \u00a02003 \u00a0obtuvo \u00a05.803 \u00a0ocupando \u00a0el primer lugar contra 2.709 del \u00a0candidato \u00a0 que \u00a0 le \u00a0 sigui\u00f3 \u00a0en \u00a0votos; \u00a0mientras \u00a0en \u00a0G\u00e1mbita \u00a0\u2013municipio \u00a0 al \u00a0 cual \u00a0 pertenece \u00a0el \u00a0corregimiento \u00a0\u201cLa \u00a0Palma\u201d- en las elecciones de 2000 obtuvo 56 votos contra \u00a0255 \u00a0del \u00a0candidato \u00a0ganador \u00a0y, \u00a0en \u00a02003 \u00a0sac\u00f3 \u00a0855 votos siendo esa la mayor \u00a0votaci\u00f3n, seguida por una de 525 votos.\u00a0 \u00a0\u00a0<\/p>\n<p>Tampoco es de recibo la tesis expuesta en la \u00a0vista \u00a0p\u00fablica por el se\u00f1or Jes\u00fas Enrique Guerrero Garavito, en el sentido de \u00a0que \u00a0 lo \u00a0 por \u00a0\u00e9l \u00a0manifestado, \u00a0y \u00a0ya \u00a0aludido, \u00a0lo \u00a0fue \u00a0con \u00a0fundamento \u00a0en \u00a0informaciones \u00a0brindadas \u00a0por pobladores de Santa Helena del Op\u00f3n, cuando en la \u00a0plenaria \u00a0del \u00a0Concejo Municipal de Contrataci\u00f3n Santander, seg\u00fan Acta No. 049 \u00a0del 24 de agosto de 2007, sus palabras fueron: \u00a0\u00a0<\/p>\n<p>\u201c(\u2026) \u00a0recordando \u00a0hace \u00a0cuatro \u00a0a\u00f1os \u00a0cuando \u00a0las \u00a0autodefensas \u00a0nos \u00a0llevaban \u00a0casi con la trompetilla a votar por el \u00a0candidato \u00a0Hugo \u00a0Aguilar \u00a0actual \u00a0gobernador \u00a0de \u00a0nuestro Departamento. En Santa \u00a0Helena \u00a0del \u00a0Op\u00f3n, \u00a0porque \u00a0me consta, no se sab\u00eda cu\u00e1l era el candidato a la \u00a0Gobernaci\u00f3n, \u00a0 \u00a0 \u00a0 si \u00a0 \u00a0 \u00a0 Hugo \u00a0 \u00a0 \u00a0 Aguilar, \u00a0 \u00a0 \u00a0votal\u00f3n \u00a0 \u00a0 \u00a0(sic), Nicol\u00e1s, el Tigre o era Macancan \u00a0o \u00a0los \u00a0Pachecos \u00a0que \u00a0est\u00e1 \u00a0en \u00a0San \u00a0Vicente \u00a0o qui\u00e9n?. Entr\u00f3 a Puerto Nuevo \u00a0guardiado \u00a0por \u00a0club \u00a0paramilitarismo \u00a0hasta \u00a0la \u00a0salida de V\u00e9lez y eso me hace \u00a0tomar \u00a0las \u00a0precauciones \u00a0porque soy desplazado por el paramilitarismo y me hace \u00a0pensar \u00a0en estos momentos que existe la ausencia de la fuerza p\u00fablica, pasa uno \u00a0por \u00a0 Guacamayo \u00a0 y \u00a0 no \u00a0 hay \u00a0 ej\u00e9rcito, \u00a0 en \u00a0Santa \u00a0Helena \u00a0del \u00a0Op\u00f3n \u00a0muy \u00a0espor\u00e1dicamente \u00a0vienen del Batall\u00f3n de Luyer\u201d. 57 \u00a0\u00a0<\/p>\n<p>Mientras que en la declaraci\u00f3n que rindi\u00f3 \u00a0el \u00a029 \u00a0de \u00a0febrero \u00a0de \u00a02010 \u00a0ante \u00a0la \u00a0Fiscal\u00eda \u00a051 de Justicia y Paz, hab\u00eda \u00a0se\u00f1alado: \u00a0\u00a0<\/p>\n<p>\u201cUN \u00a0D\u00cdA \u00a0QUE \u00a0FUI \u00a0A PAGAR UN GANADO A \u00a0SANTA \u00a0HELENA \u00a0DEL OP\u00d3N, PARA LA FECHA QUE ESTABAN EN PROXELITISMO (sic) \u00a0POL\u00cdTICO \u00a0POR \u00a0LA GOBERNACI\u00d3N Y \u00a0ALCALDES, \u00a0NO \u00a0RECUERDO \u00a0EXACTAMENTE LA FECHA LOS HECHOS FUE COMO CUANDO ESTABAN \u00a0CERRANDO \u00a0LAS \u00a0CAMPA\u00d1AS \u00a0PARA \u00a0LA GOBERNACI\u00d3N Y ALCALDES DEL PERIODO ANTERIOR, \u00a0M\u00c1S \u00a0O \u00a0MENOS \u00a0PARA \u00a0MAYO O JUNIO DEL 2003, NO RECUERDO EL D\u00cdA YO ESTABA EN EL \u00a0PLAZA \u00a0DEL \u00a0MUNICIPIO\u00a0 \u00a0DE \u00a0SANTA \u00a0HELENA DEL OP\u00d3N DONDE HAB\u00cdA MUCH\u00cdSIMA \u00a0GENTE \u00a0(\u2026) \u00a0CUANDO \u00a0HIZO SU ENTRADA EL SE\u00d1OR CORONEL (R)\u00a0 HUGO HELIODORO \u00a0AGUILAR \u00a0EN \u00a0UNA CAMIONETA, ERA CANDIDATO A LA GOBERNACI\u00d3N DE SANTANDER, VEN\u00cdA \u00a0POR \u00a0 \u00a0LA \u00a0 \u00a0V\u00cdA \u00a0 PUERTO \u00a0 NUEVO \u00a0 QUEDA \u00a0 EN \u00a0 LA \u00a0 PANAMERICA \u00a0 (sic), \u00a0 \u00a0 DENTRANDO \u00a0 \u00a0 (sic) \u00a0PARA EL GUAMO Y LA ARAGUA Y SANTA \u00a0HELENA, \u00a0ENTR\u00d3 \u00a0EN \u00a0UNA \u00a0CAMIONETA MUY BONITA, VEN\u00cdA ACOMPA\u00d1ADO DE M\u00c1S DE 20 \u00a0CARROS \u00a0Y \u00a0MOTOS, Y EN LA MAYOR\u00cdA DE ELLOS VEN\u00cdAN LOS PARAMILITARES DEL FRENTE \u00a0ISIDOR \u00a0(sic) CARRE\u00d1O CON \u00a0UNIFORME \u00a0CAMUFLADO \u00a0Y \u00a0ARMAS LARGAS Y CORTAS, VEN\u00cdA UN COMANDANTE GRANDE GORDO \u00a0QUE \u00a0DEC\u00cdAN \u00a0QUE \u00a0ERA \u00a0COMANDANTE DE OTROS FRENTES POSIBLEMENTE LA GENTE DEC\u00cdA \u00a0AH\u00cd \u00a0VIENE \u00a0DON \u00a0ALFREDO SANTAMARIA QUE ERA COMANDANTE EN EL CARMEN DE CHUCUR\u00cd \u00a0EN \u00a0ESE \u00a0ENTONCES \u00a0Y \u00a0QUE \u00a0VEN\u00cdAN \u00a0OTROS \u00a0COMANDANTES DEL MAGDALENA MEDIO EN LA \u00a0COMITIVA, \u00a0DE \u00a0ESE \u00a0TIENE \u00a0QUE \u00a0DAR \u00a0MAS \u00a0FE \u00a0EL \u00a0SE\u00d1OR \u00a0GEILDERBE (sic) ANGARITA PORQUE \u00c9L ESTABA EN SANTA \u00a0HELENA \u00a0DEL \u00a0OP\u00d3N \u00a0(\u2026) ME CONSTA QUE ESE D\u00cdA NOS HICIERON (\u2026) CERRAR TODAS \u00a0LAS \u00a0CASAS \u00a0PARA \u00a0QUE \u00a0SALI\u00c9RAMOS \u00a0A ESCUCHAR AL CANDIDATO A LA GOBERNACI\u00d3N DE \u00a0SANTANDER \u00a0HUGO \u00a0HELIODORO \u00a0QUIEN \u00a0MAS \u00a0ADELANTE \u00a0GAN\u00d3 LA GOBERNACI\u00d3N (\u2026) LA \u00a0REUNI\u00d3N \u00a0SE \u00a0HIZO \u00a0EN \u00a0LA PLAZA, ALL\u00c1 HABL\u00d3 HUGO HELIODORO Y OTROS PERSONAJES \u00a0QUE \u00a0YO \u00a0NO \u00a0CONOC\u00cdA, \u00a0AL \u00a0QUE \u00a0SI ME INTERESE EN MIRAR FUE AL QUE IBA A SER EL \u00a0CANDIDATO \u00a0A LA GOBERNACI\u00d3N PORQUE ERA EL M\u00c1S IMPORTANTE (\u2026) CUANDO LLEGO EL \u00a0GOBERNADOR \u00a0LAS AUTODEFENSAS ORGANIZARON LA COMUNIDAD Y EL ORDEN DE LAS PERSONAS \u00a0QUE \u00a0IBAN A HABLAR DIJERON QUE ESE ERA NUESTRO FUTURO GOBERNADOR Y QUE TEN\u00cdAMOS \u00a0QUE \u00a0APOYARLO \u00a0(\u2026) \u00a0LA \u00a0REUNI\u00d3N \u00a0DURO \u00a0DOS \u00a0HORAS \u00a0Y \u00a0MEDIA \u00a0APROXIMADAMENTE, \u00a0TERMINADA \u00a0LA \u00a0REUNI\u00d3N \u00a0(\u2026) \u00a0ARRANC\u00d3 TODA LA CARAVANA DE CARROS PARA LA V\u00cdA \u00a0QUE \u00a0COMUNICA \u00a0CON \u00a0V\u00c9LEZ. LA VERDAD ES QUE ESAS CAMIONETAS LO ESCOLTARON HASTA \u00a0POR \u00a0AH\u00cd LOS OTROS PUEBLITOS VECINOS COMO CACHIPAY Y MIRABUENOS QUE ERAN SITIOS \u00a0POR \u00a0DONDE \u00a0TEN\u00cdAN QUE PASAR PARA DESPLAZARSE A V\u00c9LEZ O LA PAZ, NO SE PARA QUE \u00a0LADO \u00a0SE FUERON NI HASTA DONDE LO ACOMPA\u00d1\u00d3 M\u00c1S LAS CARAVANAS DE CARROS DE LOS \u00a0PARAMILITARES\u201d.58 \u00a0\u00a0<\/p>\n<p>Afirmaciones \u00a0todas \u00a0ellas \u00a0expresadas \u00a0en \u00a0primera \u00a0persona, \u00a0con \u00a0inmejorable \u00a0precisi\u00f3n, \u00a0extensi\u00f3n y detalle como para \u00a0concluir \u00a0que \u00a0ello no corresponde a la realidad, y que basta para desvirtuarlas \u00a0que \u00a0el \u00a0testigo \u00a0en \u00a0\u00faltimas \u00a0asegurara \u00a0en \u00a0la \u00a0audiencia \u00a0que lo dijo porque \u00a0terceros \u00a0se \u00a0lo \u00a0comentaron, \u00a0desconociendo, \u00a0adem\u00e1s, \u00a0la concatenaci\u00f3n de su \u00a0inicial \u00a0relato \u00a0con el resto de la prueba incriminatoria, siendo de importancia \u00a0poner \u00a0de \u00a0relieve \u00a0lo \u00a0que \u00a0al respecto adujeron habitantes de Santa Helena del \u00a0Op\u00f3n \u00a0a \u00a0quienes \u00a0el \u00a0mismo \u00a0Guerrero \u00a0Garavito \u00a0se\u00f1al\u00f3 \u00a0como \u00a0testigos de lo \u00a0relacionado \u00a0 con \u00a0 la \u00a0 llegada \u00a0del \u00a0acusado \u00a0a \u00a0ese \u00a0lugar, \u00a0acompa\u00f1ado \u00a0por \u00a0paramilitares, \u00a0en \u00a0desarrollo \u00a0de la campa\u00f1a electoral a la Gobernaci\u00f3n 2003. \u00a0\u00a0<\/p>\n<p>Benildo Murcia Camacho dijo: \u00a0<\/p>\n<p>\u201clo \u00a0conoc\u00ed \u00a0cuando \u00a0vino aqu\u00ed, cuando \u00a0estaba \u00a0haciendo \u00a0campa\u00f1a \u00a0para \u00a0la \u00a0Gobernaci\u00f3n \u00a0(\u2026) \u00a0lleg\u00f3 con un poconon \u00a0(sic) de carros, ven\u00eda por \u00a0los \u00a0lados de La Aragua (\u2026) ven\u00eda bastante gente (\u2026) cuando eso estaban los \u00a0paracos \u00a0ac\u00e1, \u00a0pero no s\u00e9 qu\u00e9 compromisos tendr\u00eda \u00e9l con ellos, los paracos \u00a0s\u00ed \u00a0estaban aqu\u00ed, no s\u00e9 si vendr\u00edan con \u00e9l en las camionetas (\u2026) dijo que \u00a0si \u00a0 \u00e9l \u00a0 sal\u00eda \u00a0a \u00a0la \u00a0Gobernaci\u00f3n \u00a0colaboraba \u00a0por \u00a0aqu\u00ed \u00a0en \u00a0arreglar \u00a0la \u00a0carretera\u00a0 \u00a0y \u00a0por \u00a0abajo \u00a0en \u00a0La \u00a0Aragua colaboraba para hacer un puente y \u00a0efectivamente \u00a0ese \u00a0puente \u00a0se \u00a0hizo \u00a0(\u2026) \u00a0no \u00a0recuerdo \u00a0si \u00a0los paramilitares \u00a0hablaron \u00a0o no, pero ellos si estaban presentes (\u2026) no s\u00e9 qu\u00e9 hablar\u00edan con \u00a0\u00e9l, \u00a0pero \u00a0s\u00ed \u00a0hablaban con \u00e9l (\u2026) me parece que fue en la casa cural donde \u00a0se \u00a0quedaron \u00a0-el \u00a0acusado- \u00a0(\u2026) \u00a0ah\u00ed \u00a0estaba \u00a0NICOL\u00c1S, \u00a0MACANCAN, \u00a0JONATHAN, EL TIGRE, que me acuerde de \u00a0esos, \u00a0hab\u00eda \u00a0m\u00e1s \u00a0pero no me acuerdo (\u2026) nos obligaron los paracos que iban \u00a0casa \u00a0a \u00a0casa citando la gente (\u2026) dec\u00edan que tocaba ir a la reuni\u00f3n y quien \u00a0no \u00a0iba a ir (\u2026) los paracos si estaban uniformados, ten\u00edan diferentes armas, \u00a0brazaletes \u00a0 y \u00a0 radios \u00a0(\u2026) \u00a0cuando \u00a0eso \u00a0no \u00a0hab\u00eda \u00a0Ej\u00e9rcito \u00a0ni \u00a0Polic\u00eda \u00a0-en Santa Helena del Op\u00f3n- \u00a0(\u2026) \u00a0si, \u00a0\u00e9l \u00a0vino \u00a0cuando \u00a0vino \u00a0el \u00a0se\u00f1or HUGO HELIODORO ac\u00e1 -Alfonso \u00a0Ria\u00f1o- \u00a0(\u2026) \u00a0cuando \u00a0ya era \u00a0Gobernador \u00a0vino una sola vez, tra\u00eda todo el gabinete de empleados de \u00e9l y con \u00a0escoltas, \u00a0 ya \u00a0 no \u00a0 ven\u00eda \u00a0con \u00a0los \u00a0paracos\u201d.59 \u00a0\u00a0<\/p>\n<p>Constantino \u00a0 \u00a0 \u00a0Cruz \u00a0 \u00a0 Ram\u00edrez, \u00a0asegur\u00f3: \u00a0\u00a0<\/p>\n<p>\u201clo \u00a0conoc\u00ed \u00a0cuando \u00a0vino aqu\u00ed, cuando \u00a0estaba \u00a0haciendo \u00a0campa\u00f1a \u00a0para la Gobernaci\u00f3n, pero no recuerdo, eso fue como \u00a0en \u00a0el \u00a02003 (\u2026) el sali\u00f3 por el lado de La Aragua (\u2026) ven\u00eda en compa\u00f1\u00eda \u00a0de \u00a0los \u00a0paracos, \u00a0entre \u00a0esos \u00a0ven\u00eda el tal NICOL\u00c1S que era el comandante. El \u00a0se\u00f1or \u00a0HUGO \u00a0HELIODORO \u00a0se \u00a0qued\u00f3 \u00a0aqu\u00ed \u00a0en \u00a0una \u00a0casita \u00a0de que \u2013sic- de la \u00a0se\u00f1ora \u00a0CARMELINA, que NICOL\u00c1S se la hab\u00eda comprado y \u00e9l era el due\u00f1o de la \u00a0casa \u00a0 \u00a0 (\u2026) \u00a0 \u00a0 como \u00a0 \u00a0 80 \u00a0 \u00a0 \u2013personas- y se \u00a0movilizaban \u00a0en \u00a0camionetas \u00a0finas \u00a0(\u2026) \u00a0todos ven\u00edan armados y con uniformes \u00a0camuflados, \u00a0cargaban \u00a0fusiles \u00a0y otros de civil, algunos portaban brazaletes de \u00a0las \u00a0AUC, \u00a0el otro que ven\u00eda con ellos es ALFONSO RIA\u00d1O (\u2026) ven\u00edan hombro a \u00a0hombro \u00a0como \u00a0amigos, \u00a0no se ve\u00eda que los pol\u00edticos vinieran presionados (\u2026) \u00a0ven\u00edan \u00a0en \u00a0camionetas \u00a0de \u00a0esas \u00a0caras, \u00a0cerradas \u00a0(\u2026) \u00a0\u00e9l \u00a0vino \u00a0ya siendo \u00a0Gobernador, \u00a0vino como dos veces, una vez vino por tierra y otra vez como que en \u00a0helic\u00f3ptero, \u00a0ven\u00eda \u00a0con \u00a0los \u00a0escoltas de \u00e9l y cuando eso ya hab\u00eda Polic\u00eda \u00a0aqu\u00ed\u201d.60 \u00a0\u00a0<\/p>\n<p>Mientras que Efra\u00edn Manuel Salinas Cammel y \u00a0Lino \u00a0Antonio \u00a0Quiroga \u00a0Medina, \u00a0por \u00a0su parte, se\u00f1alaron que el acusado fue en \u00a0campa\u00f1a \u00a0a \u00a0Santa Helena del Op\u00f3n y que en esa \u00e9poca dominaban la regi\u00f3n los \u00a0paramilitares \u00a0 alias \u00a0 \u201cNicol\u00e1s\u201d, \u00a0\u201cMacanc\u00e1n\u201d \u00a0y \u00a0\u201cWilliam\u201d, \u00a0sin \u00a0referir \u00a0 haberlo \u00a0visto \u00a0llegar \u00a0all\u00ed \u00a0con \u00a0ellos61. \u00a0\u00a0<\/p>\n<p>Desconocer la fortaleza de semejante prueba \u00a0testimonial \u00a0directa, \u00a0que \u00a0se \u00a0advierte franca\u00a0 y desprovista de temeridad \u00a0alguna, \u00a0es a lo que conduce brindar credibilidad, como lo hace la defensa, a la \u00a0\u00faltima \u00a0manifestaci\u00f3n \u00a0del testigo Guerrero Garavito, pese a que sus iniciales \u00a0atestaciones \u00a0son \u00a0las \u00a0que \u00a0afloran \u00a0como \u00a0la \u00a0verdad \u00a0de lo acontecido dada su \u00a0corroboraci\u00f3n \u00a0con \u00a0los \u00a0dem\u00e1s \u00a0medios \u00a0de prueba que coinciden en destacar la \u00a0ocurrencia \u00a0 de \u00a0los \u00a0hechos \u00a0tal \u00a0y \u00a0como \u00a0se \u00a0adujeron \u00a0en \u00a0principio \u00a0por \u00a0el \u00a0declarante.\u00a0\u00a0 \u00a0\u00a0<\/p>\n<p>Y en lo que toca con Alex\u00e1nder Guti\u00e9rrez, \u00a0alias \u00a0 \u201cPic\u00faa\u201d, \u00a0 como \u00a0se \u00a0estableci\u00f3 \u00a0atr\u00e1s, \u00a0pese \u00a0a \u00a0la \u00a0claridad \u00a0y \u00a0espontaneidad \u00a0de \u00a0sus \u00a0manifestaciones en la versi\u00f3n rendida el 25 de junio de \u00a02009 \u00a0ante \u00a0la \u00a0Fiscal\u00eda \u00a051 \u00a0de Justicia y Paz -cuyos apartados de inter\u00e9s se \u00a0transcribieron \u00a0con \u00a0antelaci\u00f3n-, en la audiencia p\u00fablica se retract\u00f3 y adujo \u00a0que \u00a0sus anteriores aseveraciones no emanaban de su conocimiento directo sino de \u00a0lo \u00a0que \u00a0le hab\u00eda comentado el entonces concejal de G\u00e1mbita (Santander) El\u00edas \u00a0o \u00a0Eliecer \u00a0Zambrano, \u00a0lo \u00a0cual no dio a conocer en la diligencia inicial porque \u00a0para \u00a0ser \u00a0postulado se requer\u00eda dar informaciones sobre la \u201cparapol\u00edtica\u201d \u00a0o \u00a0sobre falsos positivos; cuando del texto de su primera versi\u00f3n surge n\u00edtido \u00a0que \u00a0siempre \u00a0se \u00a0refiri\u00f3 \u00a0a \u00a0los hechos en primera persona; que finalmente fue \u00a0cuestionado \u00a0directamente \u00a0por \u00a0las \u00a0imputaciones \u00a0que \u00a0hac\u00eda \u00a0y \u00a0confirm\u00f3 las \u00a0mismas; \u00a0y \u00a0que \u00a0inclusive \u00a0expres\u00f3 \u00a0temores acerca de las consecuencias que su \u00a0dicho \u00a0pod\u00eda \u00a0llegar \u00a0a generar en su contra, denotando ello lo personal de sus \u00a0atestaciones \u00a0sumado \u00a0a \u00a0lo \u00a0ya \u00a0se\u00f1alado respecto de lo desenvuelto, preciso y \u00a0circunstanciado \u00a0de su original relato, que contrasta con lo grosero y simplista \u00a0de \u00a0 la \u00a0 retractaci\u00f3n \u00a0 y, \u00a0por \u00a0ende, \u00a0emerge \u00a0cre\u00edble \u00a0lo \u00a0que \u00a0sostuvo \u00a0en \u00a0principio. \u00a0\u00a0<\/p>\n<p>En el orden cronol\u00f3gico propuesto, sigue lo \u00a0afirmado \u00a0 por \u00a0 Pedro \u00a0 Sarabia \u00a0 Rojas, \u00a0habitante \u00a0del \u00a0municipio \u00a0El \u00a0Carmen \u00a0(Santander), quien el 11 de febrero de 2005 dijo: \u00a0\u00a0<\/p>\n<p>\u201cYo \u00a0estuve \u00a0en \u00a0una \u00a0reuni\u00f3n \u00a0el 20 de \u00a0septiembre \u00a0de \u00a02003, un mes antes de las elecciones m\u00e1s o menos, estuve en una \u00a0reuni\u00f3n \u00a0pol\u00edtica \u00a0en \u00a0una hacienda de San Rafael (\u2026) fueron m\u00e1s o menos 30 \u00a0personas \u00a0de \u00a0Rionegro \u00a0(\u2026) \u00a0llegamos \u00a0como \u00a0a \u00a0las \u00a0once \u00a0de \u00a0la ma\u00f1ana a la \u00a0reuni\u00f3n, \u00a0la \u00a0reuni\u00f3n \u00a0se \u00a0aplaz\u00f3 \u00a0porque no hab\u00edan llegado los jefes de las \u00a0autodefensas, \u00a0se reunieron m\u00e1s o menos 80 personas, entre gente de la vereda y \u00a0la \u00a0que \u00a0iba \u00a0de \u00a0Rionegro, \u00a0hab\u00eda \u00a0gente \u00a0armada \u00a0de \u00a0las \u00a0autodefensas cuando \u00a0llegamos, \u00a0ten\u00edan \u00a0una \u00a0llanera y nos dijeron que esper\u00e1ramos que llegaran los \u00a0jefes \u00a0de \u00a0las \u00a0autodefensas, \u00a0se \u00a0inici\u00f3 \u00a0como \u00a0desde \u00a0la \u00a0una \u00a0de la tarde en \u00a0adelante. \u00a0Esperamos \u00a0unas \u00a0dos \u00a0horas, \u00a0el gobernador \u00a0HUGO \u00a0AGUILAR \u00a0lleg\u00f3 \u00a0con \u00a0las \u00a0autodefensas \u00a0en dos carros, ten\u00eda unos cuatro \u00a0escoltas \u00a0de \u00a0\u00e9l en un carro y en el carro de \u00e9l lleg\u00f3 con dos comandantes de \u00a0las \u00a0autodefensas \u00a0entre \u00a0ellos \u00a0alias \u00a0TARAZ\u00c1, \u00a0DAVID, ANTONIO y otros que son \u00a0ALEX\u00c1NDER, \u00a0de \u00a0los \u00a0otros \u00a0no \u00a0me acuerdo el nombre, \u00a0ah\u00ed \u00a0cuando empezaron la reuni\u00f3n tom\u00f3 la palabra FREDY \u00c1LVAREZ, el candidato \u00a0a \u00a0la \u00a0alcald\u00eda \u00a0ARMANDO \u00a0QUI\u00d1ONES, \u00a0el \u00a0gobernador \u00a0actual \u00a0de \u00a0Santander (\u2026) ese d\u00eda habl\u00f3 el gobernador HUGO AGUILAR NARANJO y \u00a0alias \u00a0TARAZ\u00c1 \u00a0sobre la campa\u00f1a, que hab\u00eda que apoyar era a HUGO AGUILAR a la \u00a0Gobernaci\u00f3n \u00a0y a ARMANDO QUI\u00d1ONES a la alcald\u00eda de \u00a0Rionegro \u00a0y \u00a0a \u00a0FREDY AUGUSTO \u00c1LVAREZ al Concejo, que \u00a0ten\u00edamos \u00a0 que \u00a0 acompa\u00f1ar \u00a0a \u00a0Convergencia \u00a0Ciudadana, \u00a0esto \u00a0lo \u00a0dijo \u00a0alias \u00a0TARAZ\u00c1\u201d.62 \u00a0(Negrillas \u00a0de la Sala). \u00a0\u00a0<\/p>\n<p>Mientras que el 3 de mayo de 2005 asegur\u00f3: \u00a0\u00a0<\/p>\n<p>\u201cen una reuni\u00f3n de campa\u00f1a fuimos a una \u00a0hacienda \u00a0cerca \u00a0al \u00a0corregimiento de San Rafael, eso fue el 20 de septiembre de \u00a02003, \u00a0fuimos \u00a0unos cinco carros con gente de Rionegro y all\u00e1 estaban esperando \u00a0la \u00a0reuni\u00f3n \u00a0a las 11 de la ma\u00f1ana y cuando fue la 1 de la tarde se inici\u00f3 la \u00a0reuni\u00f3n \u00a0porque \u00a0estaban \u00a0ah\u00ed los se\u00f1ores de las autodefensas, pero no hab\u00eda \u00a0llegado \u00a0el Jefe Alias TARAZ\u00c1 y el candidato a la Gobernaci\u00f3n de Santander que \u00a0era \u00a0 el \u00a0 se\u00f1or \u00a0HUGO \u00a0HELIODORA \u00a0(sic) \u00a0AGUILAR \u00a0NARANJO, \u00a0estando \u00a0comenzando \u00a0la reuni\u00f3n, lleg\u00f3 \u00a0el \u00a0se\u00f1or HUGO AGUILAR y alias TARAZ\u00c1 ven\u00edan en el mismo \u00a0carro \u00a0 y \u00a0 los \u00a0 escoltas \u00a0 del \u00a0 candidato, \u00a0en \u00a0el \u00a0mismo \u00a0carro, \u00a0\u00e9l \u00a0utilizaba el mismo carro que utilizaba ac\u00e1 cuando era de la \u00a0Asamblea, \u00a0sino \u00a0estoy \u00a0mal, \u00a0creo \u00a0que \u00a0era \u00a0una \u00a0burbuja \u00a0blanca \u00a0con \u00a0vidrios \u00a0polarizados, \u00a0lo \u00a0escoltaban tres hombres conocidos de \u00e9l, es decir, los mismos \u00a0escoltas \u00a0que \u00a0\u00e9l \u00a0ten\u00eda \u00a0en la ciudad fueron los que lo escoltaron all\u00e1 y es \u00a0claro \u00a0precisar \u00a0que ese d\u00eda de la reuni\u00f3n no hab\u00eda Polic\u00eda ni Ej\u00e9rcito, el \u00a0personal \u00a0que \u00a0hab\u00eda armado ah\u00ed era puro paramilitar y los escoltas de \u00e9l que \u00a0se \u00a0distingu\u00edan con chalecos negros y letras que por detr\u00e1s y adelante dec\u00edan \u00a0escolta, \u00a0tambi\u00e9n \u00a0ven\u00eda otra camioneta atr\u00e1s escoltando a TARAZ\u00c1, con puros \u00a0paramilitares, \u00a0eran \u00a0de \u00a0civil y portaban armas cortas, pistolas, rev\u00f3lveres y \u00a0metras, \u00a0ah\u00ed \u00a0cuando \u00a0llegaron \u00a0se inici\u00f3 la reuni\u00f3n como a la 1 de la tarde, \u00a0hicieron \u00a0una \u00a0especie \u00a0de \u00a0tarima \u00a0y se subieron los candidatos, es decir, HUGO \u00a0AGUILAR \u00a0NARANJO \u00a0a \u00a0la \u00a0Gobernaci\u00f3n de Santander y ARMANDO QUI\u00d1ONES QUINTERO, \u00a0candidato \u00a0a \u00a0la \u00a0alcald\u00eda y FREDY AUGUSTO \u00c1LVAREZ PINTO, candidato al Concejo \u00a0de \u00a0Rionegro, \u00a0junto \u00a0a los comandantes paramilitares de diferentes zonas; alias \u00a0TARAZ\u00c1, \u00a0el \u00a0comandante DAVID y el comandante ANTONIO, y el comandante ARMANDO, \u00a0empez\u00f3 la reuni\u00f3n y entonces el se\u00f1or HUGO AGUILAR \u00a0present\u00f3 \u00a0su \u00a0proyecto \u00a0pol\u00edtico \u00a0y \u00a0dijo \u00a0comprometerse a tenerles maquinaria \u00a0permanente \u00a0 \u00a0 \u00a0 \u00a0en \u00a0 \u00a0 \u00a0 San \u00a0 \u00a0 \u00a0 Rafael, \u00a0 \u00a0 \u00a0 buldozeres \u00a0 \u00a0 \u00a0 (sic), de ah\u00ed cogi\u00f3 la palabra TARAZ\u00c1 \u00a0y \u00a0les \u00a0dijo que ten\u00edamos que votar por HUGO AGUILAR, \u00a0que \u00a0no \u00a0fueran \u00a0a \u00a0votar \u00a0por \u00a0LUIS FRANCISCO BOHORQUEZ a la Gobernaci\u00f3n y por \u00a0ARMANDO \u00a0QUI\u00d1ONES a la alcald\u00eda de Rionegro y que cuando fueran LUIS FRANCISCO \u00a0BOHORQUEZ \u00a0o \u00a0MAR\u00cdA \u00a0ANTONIA \u00a0VILLARREAL \u00a0les avisaran a ellos para amarrarlos, \u00a0porque \u00a0ellos \u00a0se \u00a0las \u00a0ten\u00edan \u00a0que \u00a0ver \u00a0era con ellos, pues si quer\u00edan hacer \u00a0pol\u00edtica \u00a0lo \u00a0ten\u00edan \u00a0que \u00a0hacer \u00a0era \u00a0casa por casa para ellos enterarse m\u00e1s \u00a0r\u00e1pido \u00a0y echarles mano, tambi\u00e9n nos dec\u00edan que algunos s\u00ed ten\u00edan que votar \u00a0por \u00a0ellos \u00a0porque si no se anula la votaci\u00f3n y que cuando llegara la autoridad \u00a0a \u00a0preguntar \u00a0qu\u00e9 \u00a0hab\u00eda \u00a0pasado \u00a0con \u00a0la \u00a0elecci\u00f3n, \u00a0dijeran \u00a0que est\u00e1bamos \u00a0cansados \u00a0con el grupo de TIBERIO VILLARREAL y ah\u00ed todos dieron el discurso\u201d. \u00a063 (Resaltado de la Sala). \u00a0\u00a0<\/p>\n<p>Y \u00a0el \u00a030 \u00a0de \u00a0agosto de 2005, se ratific\u00f3 \u00a0expresamente \u00a0 en \u00a0 lo \u00a0 que \u00a0 hab\u00eda \u00a0 sostenido \u00a0 con \u00a0antelaci\u00f3n64; \u00a0 \u00a0sin \u00a0embargo, \u00a0en \u00a0declaraci\u00f3n del 11 de octubre de 2010, rendida dentro del proceso \u00a0disciplinario \u00a0que \u00a0la \u00a0Procuradur\u00eda \u00a0General de la Naci\u00f3n adelant\u00f3 en contra \u00a0del acusado, adujo: \u00a0\u00a0<\/p>\n<p>\u201clo distingo a \u00e9l desde que se lanz\u00f3 a \u00a0la \u00a0Asamblea \u00a0del Departamento de Santander (\u2026) se comentaban muchas cosas, se \u00a0escuchaban \u00a0muchos rumores de paramilitarismo, que me conste gente armada, gente \u00a0uniformada, \u00a0que \u00a0digan \u00a0estos \u00a0son \u00a0paramilitares, \u00a0no, \u00a0siempre \u00a0\u00edbamos a las \u00a0reuniones \u00a0pero \u00a0todos \u00a0\u00e9ramos \u00a0civiles \u00a0(\u2026) \u00a0yo \u00a0quiero pedirle perd\u00f3n a la \u00a0justicia \u00a0y \u00a0quiero \u00a0colaborarle a la justicia, pues yo no tengo la la primaria. \u00a0Yo \u00a0fui \u00a0influenciado \u00a0por Tiberio Villarreal Ramos, donde \u00e9l me presionaba y a \u00a0muchos \u00a0testigos \u00a0m\u00e1s \u00a0para \u00a0que diera una declaraci\u00f3n en contra del candidato \u00a0HUGO \u00a0AGUILAR NARANJO y me dijo que dijera que en esa reuni\u00f3n que hab\u00eda habido \u00a0en \u00a0Ca\u00f1o \u00a010 en ese entonces, que \u00e9l se hab\u00eda reunido con paramilitares y que \u00a0la \u00a0gente \u00a0armada que hab\u00eda ah\u00ed eran paramilitares y yo declar\u00e9 lo que \u00e9l me \u00a0dijo \u00a0 \u00a0 que \u00a0 \u00a0 ten\u00eda \u00a0 \u00a0 que \u00a0 \u00a0 declarar\u201d.65 \u00a0\u00a0<\/p>\n<p>Es de precisar que contra Armando Qui\u00f1ones \u00a0y \u00a0Fredy Augusto \u00c1lvarez Pinto, la Fiscal\u00eda 16 de la Unidad Nacional contra el \u00a0terrorismo \u00a0adelant\u00f3 \u00a0investigaci\u00f3n \u00a0por \u00a0concierto para delinquir, y mediante \u00a0resoluci\u00f3n \u00a0 del \u00a02 \u00a0de \u00a0noviembre \u00a0de \u00a02005, \u00a0precluy\u00f3 \u00a0la \u00a0misma66. \u00a0De \u00a0otro \u00a0lado, \u00a0cabe \u00a0advertir \u00a0que \u00a0Tiberio \u00a0Villarreal \u00a0Ramos, \u00a0padre de Mar\u00eda Antonia \u00a0Villarreal \u00a0-candidata \u00a0a \u00a0la \u00a0alcald\u00eda \u00a0de Rionegro en las elecciones de 2003, \u00a0quien \u00a0se \u00a0enfrent\u00f3 a Armando Qui\u00f1ones, el ganador-, y que el 29 de septiembre \u00a0de \u00a02003, \u00a0aqu\u00e9l \u00a0instaur\u00f3 \u00a0ante \u00a0la \u00a0Fiscal\u00eda General de la Naci\u00f3n denuncia \u00a0penal \u00a0se\u00f1alando los nexos del paramilitar alias \u201cTaraz\u00e1\u201d con el candidato \u00a0Qui\u00f1ones \u00a0 y \u00a0 el \u00a0 aqu\u00ed \u00a0 acusado, \u00a0entre \u00a0otros67. \u00a0\u00a0<\/p>\n<p>Pues \u00a0bien, en declaraciones rendidas el 10 \u00a0de \u00a0 \u00a0marzo \u00a0 \u00a0de \u00a0 \u00a02010 \u00a0 \u00a0por \u00a0 Jairo \u00a0 Ignacio \u00a0 Orozco \u00a0 Gonz\u00e1lez, \u00a0 alias \u00a0\u201cTaraz\u00e1\u201d68, \u00a0y \u00a0\u00d3scar \u00a0Leonardo \u00a0Montealegre \u00a0Beltr\u00e1n, \u00a0alias \u201cPira\u00f1a\u201d, \u00a0miembros \u00a0de \u00a0las \u00a0autodefensas \u00a0del \u00a0\u201cBCB\u201d, \u00a0adujo \u00a0el \u00a0primero \u00a0que ten\u00eda \u00a0\u201cfunciones \u00a0como \u00a0coordinador \u00a0y \u00a0comisario \u00a0mayor \u00a0dentro \u00a0del \u00a0extinto \u00a0Bloque \u00a0Central \u00a0Bol\u00edvar \u00a0Frente \u00a0WALTER \u00a0S\u00c1NCHEZ, FIDEL \u00a0CASTA\u00d1O \u00a0y JUAN CARLOS FERN\u00c1NDEZ y ALFREDO SOCARR\u00c1S, era como antes lo hab\u00eda \u00a0dicho, \u00a0era \u00a0social \u00a0y \u00a0pol\u00edtico \u00a0(\u2026) \u00a0todas \u00a0estas \u00a0reuniones \u00a0siempre \u00a0hubo \u00a0presencia \u00a0de \u00a0JAIRO \u00a0OROZCO ALIAS TARAZ\u00c1, me atrevo a decir que en un 80% eran \u00a0precedidas \u00a0(sic) por m\u00ed, porqu\u00e9 raz\u00f3n, porque JAIRO OROZCO era el pol\u00edtico, \u00a0era \u00a0 el \u00a0 que \u00a0 hab\u00eda \u00a0 llegado \u00a0 a \u00a0 la \u00a0zona\u201d69, \u00a0 y \u00a0de \u00a0manera \u00a0amplia \u00a0y \u00a0circunstanciada, \u00a0ambos \u00a0declarantes \u00a0se\u00f1alaron \u00a0los v\u00ednculos que tuvieron con \u00a0los \u00a0se\u00f1ores \u00a0Qui\u00f1ones \u00a0Quintero \u00a0y \u00a0\u00c1lvarez Pinto, adem\u00e1s de otros l\u00edderes \u00a0pol\u00edticos \u00a0de \u00a0la \u00a0regi\u00f3n y la financiaci\u00f3n y colaboraci\u00f3n que les brindaron \u00a0en \u00a0las \u00a0elecciones \u00a0de 2003, dan a conocer las diversas reuniones celebradas en \u00a0los \u00a0corregimientos \u00a0de \u00a0Rionegro como \u201cSan Rafael de Lebrija\u201d, lo mismo que \u00a0en \u00a0la \u00a0vereda \u00a0\u201cCa\u00f1o Diez\u201d, y la manera como se adelant\u00f3 la contrataci\u00f3n \u00a0de \u00a0diversos municipios con la firma Construpaz, que era coordinada por el grupo \u00a0armado ilegal. \u00a0\u00a0<\/p>\n<p>Ahora, \u00a0en \u00a0la \u00a0versi\u00f3n \u00a0rendida \u00a0ante \u00a0la \u00a0Fiscal\u00eda \u00a041 \u00a0de \u00a0Justicia \u00a0y \u00a0Paz \u00a0el \u00a018 \u00a0de \u00a0diciembre \u00a0de 2009, dijo Orozco \u00a0Gonz\u00e1lez: \u00a0 \u00a0 \u00a0 \u00a0\u201chubieron \u00a0 \u00a0 \u00a0 (sic) \u00a0manifestaciones \u00a0pol\u00edticas que yo \u00a0no \u00a0puedo negar, donde HUGO HELIODORO AGUILAR estuvo en el Bajo Rionegro, estuvo \u00a0en \u00a0Vijagual, estuvo en San Rafael, el Alto de la Tigra en un punto que se llama \u00a0el \u00a0Diviso, \u00a0en \u00a0Sabana, cuando hablo de Sabana es en el casco urbano, en Puerto \u00a0Wilches \u00a0en \u00a0el \u00a0casco urbano, donde yo le digo la verdad doctora, en San Rafael \u00a0yo \u00a0no le puedo negar, que el d\u00eda que HUGO HELIODORO AGUILAR estuvo en esa gran \u00a0manifestaci\u00f3n, \u00a0yo \u00a0estuve \u00a0all\u00e1, \u00a0pero no en plaza p\u00fablica (\u2026) todos estos \u00a0candidatos \u00a0 estaban \u00a0 inscritos \u00a0 por \u00a0Convergencia \u00a0Ciudadana \u00a0y \u00a0todos \u00a0estos \u00a0candidatos \u00a0que \u00a0estuvieron \u00a0en \u00a0el bajo Rionegro y en Puerto Wilches SI estaban \u00a0apoyados por las AUC\u201d. \u00a0\u00a0<\/p>\n<p>Pero \u00a0al \u00a0momento de ser precisado a fin de \u00a0que \u00a0respondiera \u00a0si \u00a0la \u00a0organizaci\u00f3n armada ilegal hab\u00eda apoyado la campa\u00f1a \u00a0del \u00a0acusado \u00a0a la Gobernaci\u00f3n, se mostr\u00f3 renuente y vacilante al punto que la \u00a0Fiscal \u00a0le \u00a0pregunt\u00f3: \u00a0\u201cpodr\u00eda \u00a0uno pensar que en \u00a0esta \u00a0diligencia \u00a0de \u00a0versi\u00f3n \u00a0libre, \u00a0para \u00a0usted poder hablar de eso necesita \u00a0pedir \u00a0permiso \u00a0o \u00a0autoridad de alguien , para que usted pueda hablar de alguien \u00a0en \u00a0esta \u00a0versi\u00f3n \u00a0cuando \u00a0se \u00a0le \u00a0pregunte de ciertas personas?\u201d, \u00a0 afirmando \u00a0 que \u00a0 no, \u00a0y \u00a0en \u00a0\u00faltimas, \u00a0al \u00a0respecto \u00a0asegur\u00f3: \u00a0\u201cle \u00a0quiero \u00a0explicar \u00a0algo a ustedes y la justicia \u00a0evaluar\u00e1 \u00a0si \u00a0fue \u00a0directa \u00a0o \u00a0indirectamente \u00a0que \u00a0se \u00a0apoy\u00f3 a HUGO HELIODORO \u00a0AGUILAR. \u00a0SI \u00a0SE \u00a0APOYO. \u00a0Listo\u201d, adem\u00e1s de indicar \u00a0que: \u00a0\u201cTIBERIO \u00a0VILLARREAL arranca con una campa\u00f1a \u00a0de \u00a0desprestigio \u00a0hacia \u00a0ARMANDO \u00a0QUI\u00d1ONES (\u2026) cualquier candidato al Concejo \u00a0que \u00a0apoye \u00a0a \u00a0MARIA \u00a0ANTONIA \u00a0VILLARREAL, \u00a0quien \u00a0era \u00a0la \u00a0otra \u00a0candidata a la \u00a0alcald\u00eda, \u00a0fue \u00a0declarada \u00a0objetivo \u00a0militar \u00a0en \u00a0el Bajo Rionegro, Taraz\u00e1 los \u00a0declara \u00a0 \u00a0 objetivo \u00a0 \u00a0 militar\u201d \u00a0 \u00a070 \u00a0\u00a0<\/p>\n<p>Pero \u00a0en \u00a0la \u00a0audiencia \u00a0p\u00fablica \u00a0Orozco \u00a0Gonz\u00e1lez \u00a0neg\u00f3 haber tenido v\u00ednculo directo alguno con el acusado cuando hizo \u00a0campa\u00f1a \u00a0a \u00a0la \u00a0Gobernaci\u00f3n, asegurando que su manifestaci\u00f3n en el sentido de \u00a0que \u00a0la \u00a0organizaci\u00f3n pudo haberlo apoyado indirectamente estaba referida a que \u00a0varios \u00a0de \u00a0los l\u00edderes pol\u00edticos que en aquella \u00e9poca fueron auspiciados por \u00a0el \u00a0\u201cBCB\u201d, \u00a0le \u00a0colaboraron a su campa\u00f1a electoral, sin que existiera orden \u00a0de \u00a0su \u00a0parte \u00a0en tal sentido; que era subalterno de \u201cErnesto B\u00e1ez\u201d y nunca \u00a0recibi\u00f3 \u00a0ordenes \u00a0en \u00a0ese \u00a0sentido ni supo que \u00e9ste le haya colaborado; que no \u00a0presionaron \u00a0a \u00a0los \u00a0electores, puesto que el contendor del acusado obtuvo votos \u00a0en \u00a0su \u00a0zona; \u00a0y \u00a0admite \u00a0que el procesado estuvo en el cierre de campa\u00f1a en el \u00a0corregimiento \u00a0de \u00a0\u201cSan \u00a0Rafael \u00a0de \u00a0Lebrija\u201d \u00a0junto \u00a0con \u00a0otros candidatos, \u00a0encontr\u00e1ndose \u00a0\u00e9l \u00a0all\u00ed, pero afirma que jam\u00e1s habl\u00f3 con aqu\u00e9l y no estaba \u00a0uniformado \u00a0ni \u00a0armado \u00a0porque \u00a0\u201cB\u00e1ez\u201d hab\u00eda dado ordenes en el sentido de \u00a0que \u00a0en \u00a0las \u00a0campa\u00f1as \u00a0no \u00a0pod\u00eda \u00a0haber \u00a0miembros de las autodefensas en esas \u00a0condiciones. \u00a0\u00a0<\/p>\n<p>Sin \u00a0 embargo, \u00a0 es \u00a0 notorio \u00a0 que \u00a0 las \u00a0declaraciones \u00a0rendidas \u00a0por Orozco Gonz\u00e1lez y Montealegre Beltr\u00e1n el\u00a0 10 \u00a0de \u00a0marzo \u00a0de \u00a02010, \u00a0confirman \u00a0lo \u00a0aseverado \u00a0por \u00a0Sarabia \u00a0Rojas \u00a0en las tres \u00a0iniciales \u00a0 declaraciones \u00a0 que \u00a0 rindi\u00f3, \u00a0acerca \u00a0de \u00a0las \u00a0relaciones \u00a0que \u00a0la \u00a0organizaci\u00f3n \u00a0armada \u00a0ilegal \u00a0manten\u00eda con dirigentes pol\u00edticos de la regi\u00f3n \u00a0en \u00a0la campa\u00f1a electoral 2003, y a\u00fan sobre la presencia del acusado en su zona \u00a0de \u00a0 influencia \u00a0 en \u00a0 actividades \u00a0 proselitistas, \u00a0 lo \u00a0cual \u00a0controvierte \u00a0la \u00a0retractaci\u00f3n \u00a0que \u00a0Sarabia \u00a0Rojas \u00a0hiciera \u00a0en \u00a0el \u00a0proceso \u00a0disciplinario \u00a0que \u00a0adelantaba \u00a0la \u00a0Procuradur\u00eda \u00a0contra \u00a0el acusado, adem\u00e1s de que la imputaci\u00f3n \u00a0que \u00a0hizo contra Tiberio Villamizar en el sentido de haberlo inducido a decir lo \u00a0que \u00a0afirm\u00f3 en principio, resulta neutralizada si se tiene en cuenta que aqu\u00e9l \u00a0hab\u00eda \u00a0denunciado \u00a0directamente \u00a0tales hechos mucho antes de que se iniciara la \u00a0investigaci\u00f3n penal y disciplinaria contra el procesado. \u00a0\u00a0<\/p>\n<p>De \u00a0otra parte, lo afirmado en la audiencia \u00a0por \u00a0Orozco \u00a0Gonz\u00e1lez en cuanto que los candidatos a la Gobernaci\u00f3n diferentes \u00a0al \u00a0acusado tambi\u00e9n obtuvieron votos en San Rafael de Lebrija, al igual que los \u00a0candidatos \u00a0a \u00a0la \u00a0alcald\u00eda \u00a0de \u00a0Rionegro diversos a Armando Qui\u00f1ones, a quien \u00a0dice \u00a0que \u00a0las autodefensas apoyaron, sirve como soporte a la tesis ya esgrimida \u00a0sobre \u00a0la \u00a0eventual \u00a0estrategia \u00a0electoral \u00a0asumida \u00a0por el grupo armado ilegal, \u00a0seg\u00fan \u00a0la \u00a0cual \u00a0cobij\u00f3 \u00a0con \u00a0aparente \u00a0normalidad la elecci\u00f3n, adoptando las \u00a0medidas \u00a0necesarias \u00a0para \u00a0garantizar \u00a0que \u00a0sus \u00a0aliados \u00a0fueran \u00a0los ganadores; \u00a0mecanismos \u00a0que \u00a0en \u00a0el \u00a0caso \u00a0concreto fueron ventilados por el testigo Sarabia \u00a0Rojas \u00a0en \u00a0sus \u00a0iniciales \u00a0atestaciones \u00a0cuando asegur\u00f3 que alias \u201cTaraz\u00e1\u201d \u00a0lleg\u00f3 \u00a0con \u00a0el \u00a0acusado \u00a0al lugar, lo acompa\u00f1\u00f3 y vocifer\u00f3 a los concurrentes \u00a0que \u00a0deb\u00edan apoyarlo, adem\u00e1s de que hab\u00eda presencia de paramilitares armados, \u00a0mientras \u00a0se \u00a0desarroll\u00f3 \u00a0la \u00a0reuni\u00f3n, circunstancias que, como ya se indic\u00f3, \u00a0descart\u00f3 \u00a0en \u00a0la \u00a0audiencia \u00a0p\u00fablica \u00a0Orozco \u00a0Gonz\u00e1lez, \u00a0aduciendo \u00a0que Iv\u00e1n \u00a0Roberto \u00a0Duque, su jefe, hab\u00eda dispuesto que en campa\u00f1a ning\u00fan miembro de las \u00a0autodefensas \u00a0deb\u00eda \u00a0estar \u00a0armado, \u00a0cuando \u00a0Duque Gaviria en la vista p\u00fablica \u00a0afirma \u00a0que de ning\u00fan modo particip\u00f3 en las elecciones de 2003, que no todo se \u00a0le \u00a0consultaba, \u00a0que \u00a0los \u00a0comisarios \u00a0mayores \u00a0del \u201cBCB\u201d -como lo era alias \u00a0\u201cTaraz\u00e1\u201d- \u00a0gozaban \u00a0de \u00a0plena \u00a0autonom\u00eda \u00a0en \u00a0cuanto a apoyos electorales, \u00a0siempre \u00a0y \u00a0cuando \u00a0no se tratara de elecciones a Congreso de la Rep\u00fablica, por \u00a0ser \u00a0\u00e9stas \u00a0de su resorte, y que no descarta intervenci\u00f3n del \u201cBCB\u201d en ese \u00a0proceso electoral. \u00a0\u00a0<\/p>\n<p>Las \u00a0declaraciones \u00a0ya \u00a0examinadas de David \u00a0Hern\u00e1ndez \u00a0L\u00f3pez, \u00a0Orlando \u00a0Morales \u00a0Murillo, \u00a0Salvatore Mancuso G\u00f3mez, Edwar \u00a0C\u00f3bos \u00a0T\u00e9llez, \u00a0Heidelbergth \u00a0Cristian Mendoza Angarita, Morgan Egea S\u00e1nchez, \u00a0Benildo \u00a0Murcia \u00a0Camacho, \u00a0Constantino \u00a0Cruz Ram\u00edrez y las primigenias de Jos\u00e9 \u00a0Agust\u00edn \u00a0Quecho \u00a0Angarita, \u00a0Jes\u00fas \u00a0Enrique \u00a0Guerrero \u00a0Garavito, \u00a0Juan Fernando \u00a0Morales \u00a0Ballesteros, \u00a0Alex\u00e1nder \u00a0Guti\u00e9rrez \u00a0y Pedro Sarabia Rojas, en las que \u00a0advierten \u00a0haber \u00a0percibido \u00a0al acusado reunido con miembros de las autodefensas \u00a0en \u00a0los \u00a0lugares y circunstancias que cada uno comenta, son prueba directa de su \u00a0vinculaci\u00f3n \u00a0con los mismos, y no prueba indiciaria de que el acusado apenas se \u00a0reuni\u00f3 \u00a0o \u00a0contact\u00f3 con miembros de las autodefensas, como la defensa material \u00a0y \u00a0 t\u00e9cnica \u00a0 lo \u00a0 afirman \u00a0en \u00a0sus \u00a0intervenciones \u00a0en \u00a0la \u00a0audiencia; \u00a0ya \u00a0la \u00a0jurisprudencia \u00a0 ha \u00a0 definido \u00a0 el \u00a0 indicio \u00a0 como \u00a0\u201cun \u00a0medio \u00a0de \u00a0prueba \u00a0que permite el conocimiento \u00a0indirecto \u00a0de \u00a0la \u00a0realidad. Supone la existencia de un hecho indicador que debe \u00a0encontrarse \u00a0demostrado \u00a0a \u00a0trav\u00e9s \u00a0de \u00a0cualquiera \u00a0de \u00a0los \u00a0medios probatorios \u00a0autorizados \u00a0por \u00a0el \u00a0C\u00f3digo \u00a0de \u00a0Procedimiento Penal, del cual es derivable la \u00a0existencia \u00a0 \u00a0de \u00a0 \u00a0otro \u00a0 \u00a0hecho \u00a0 \u00a0mediante \u00a0 \u00a0un \u00a0 \u00a0proceso \u00a0 de \u00a0 inferencia \u00a0l\u00f3gica\u201d.71 \u00a0\u00a0<\/p>\n<p>Ahora, \u00a0advierte \u00a0igualmente la defensa que \u00a0con \u00a0lo afirmado por aquellos testigos de ninguna forma se acredita el acuerdo o \u00a0alianza \u00a0requerido \u00a0para \u00a0efectos \u00a0de \u00a0tipificar \u00a0el \u00a0delito \u00a0de \u00a0concierto para \u00a0delinquir \u00a0 \u00a0agravado \u00a0 \u00a0imputado \u00a0 en \u00a0 la \u00a0 resoluci\u00f3n \u00a0 de \u00a0 acusaci\u00f3n \u00a0 al \u00a0procesado. \u00a0\u00a0<\/p>\n<p>Sin embargo, tal argumentaci\u00f3n desconoce el \u00a0contenido \u00a0detallado \u00a0de \u00a0las \u00a0afirmaciones concurrentes de los declarantes cuyo \u00a0an\u00e1lisis \u00a0 individual \u00a0 y \u00a0en \u00a0conjunto, \u00a0permiten \u00a0advertir \u00a0que \u00a0(i) desde antes de las elecciones de 2002 \u00a0asist\u00eda \u00a0a \u00a0las \u00a0sedes \u00a0de \u00a0los jefes del \u201cBCB\u201d y a zonas dominadas por las \u00a0autodefensas; \u00a0(ii) que desde \u00a0entonces \u00a0ten\u00eda relaci\u00f3n directa con jefes del \u201cBCB\u201d como alias \u201cGustavo \u00a0Alarc\u00f3n\u201d, \u00a0\u201cJuli\u00e1n \u00a0Bol\u00edvar\u201d \u00a0y \u00a0\u201cErnesto \u00a0B\u00e1ez\u201d, \u00a0algunos \u00a0de los \u00a0cuales \u00a0anunciaban \u00a0que \u00a0ser\u00eda \u00a0el \u00a0Gobernador \u00a0de \u00a0Santander, \u00a0y \u00a0(iii) \u00a0 que \u00a0particip\u00f3 \u00a0en \u00a0actividades \u00a0proselitistas \u00a0desarrolladas \u00a0en \u00a0municipios \u00a0de Santander no solamente con esos \u00a0miembros \u00a0de las autodefensas sino con otros que tambi\u00e9n ejercieron mando en la \u00a0regi\u00f3n, \u00a0 adem\u00e1s \u00a0 de \u00a0aquellos \u00a0que \u00a0por \u00a0seguridad \u00a0permanec\u00edan \u00a0armados \u00a0y \u00a0uniformados en la zona. \u00a0\u00a0<\/p>\n<p>Ninguna \u00a0vacilaci\u00f3n \u00a0emerge \u00a0sobre la real \u00a0injerencia \u00a0de \u00a0las autodefensas del \u201cBloque Central Bol\u00edvar\u201d, de \u201cPuerto \u00a0Boyac\u00e1\u201d \u00a0y \u00a0del \u00a0\u201cFrente \u00a0Isidro \u00a0Carre\u00f1o\u201d, \u00a0entre \u00a0otros \u00a0grupos, en el \u00a0Departamento \u00a0de \u00a0Santander \u00a0durante los a\u00f1os 2001 a 2004 y, por tanto, resulta \u00a0conclusivo \u00a0que \u00a0para \u00a0desarrollar \u00a0su proyecto pol\u00edtico penetraron las esferas \u00a0m\u00e1s \u00a0representativas \u00a0de \u00a0la \u00a0sociedad, \u00a0entre \u00a0las \u00a0que sin duda se contaba la \u00a0pol\u00edtica, \u00a0con \u00a0el objetivo de incidir en el \u00e1mbito municipal, departamental y \u00a0nacional, \u00a0como \u00a0lo dan a conocer los testimonios de sus ex jefes paramilitares, \u00a0dem\u00e1s \u00a0 miembros \u00a0 de \u00a0 esos \u00a0 grupos \u00a0 y \u00a0 habitantes \u00a0 de \u00a0 la \u00a0 regi\u00f3n \u00a0 ya \u00a0citados. \u00a0\u00a0<\/p>\n<p>Asunto \u00a0que fue destacado igualmente por el \u00a0Coronel \u00a0Julio \u00a0C\u00e9sar Prieto Rivera, quien se\u00f1al\u00f3 en su declaraci\u00f3n que a su \u00a0llegada \u00a0 \u00a0 como \u00a0 \u00a0 comandante \u00a0 \u00a0 del \u00a0 \u00a0Batall\u00f3n \u00a0 \u00a0Luciano \u00a0 \u00a0D\u2019elhuyar, \u00a0con \u00a0sede \u00a0en San Vicente de \u00a0Chucur\u00ed \u00a0en \u00a0diciembre \u00a0de 2003: \u201c me pude percatar \u00a0que \u00a0en \u00a0estos \u00a0municipios \u00a0-Gal\u00e1n, Zapatoca, Betulia, \u00a0San \u00a0Vicente \u00a0de \u00a0Chucur\u00ed, \u00a0El \u00a0Carmen \u00a0de \u00a0Chucur\u00ed, Santa Helena del Op\u00f3n, y \u00a0Simacota, \u00a0parcialmente- tristemente la autoridad eran \u00a0las \u00a0autodefensas \u00a0ilegales \u00a0particularmente \u00a0el \u00a0Frente \u00a0Ram\u00f3n Danilo y Frente \u00a0Isidro \u00a0Carre\u00f1o \u00a0del \u00a0Bloque \u00a0Magdalena \u00a0Medio de las autodefensas, y el Frente \u00a0W\u00e1lter \u00a0S\u00e1nchez del Bloque Central Bol\u00edvar, es decir en esos municipios no se \u00a0mov\u00eda \u00a0una \u00a0aguja \u00a0sin \u00a0el visto bueno de esas estructuras ilegales y la fuerza \u00a0p\u00fablica \u00a0all\u00ed \u00a0destacada \u00a0estaban \u00a0seriamente \u00a0all\u00ed comprometidos llegando al \u00a0punto \u00a0de \u00a0que \u00a0la \u00a0poblaci\u00f3n \u00a0se \u00a0refer\u00eda \u00a0al \u00a0batall\u00f3n deluyer (sic) \u00a0y \u00a0por \u00a0ende a la polic\u00eda como el \u00a0batall\u00f3n \u00a0de \u00a0los paracos o el batall\u00f3n del cartel de la gasolina, haci\u00e9ndose \u00a0necesario \u00a0 durante \u00a0mis \u00a0dos \u00a0a\u00f1os \u00a0de \u00a0comando \u00a0solicitar \u00a0el \u00a0retiro \u00a0de \u00a0la \u00a0instituci\u00f3n \u00a0a \u00a0un \u00a0total \u00a0de siete oficiales, catorce suboficiales, cuarenta y \u00a0cuatro \u00a0soldados \u00a0profesionales \u00a0y \u00a0un \u00a0civil, \u00a0por \u00a0v\u00ednculos presuntos con esa \u00a0estructura \u00a0 \u00a0 \u00a0 \u00a0 \u00a0 \u00a0ilegal\u201d \u00a0 \u00a0 \u00a0 \u00a0 \u00a0 72; \u00a0adem\u00e1s \u00a0de \u00a0dar a conocer \u00a0las \u00a0relaciones \u00a0que ten\u00edan con pol\u00edticos de la regi\u00f3n, las informaciones que \u00a0recibi\u00f3 \u00a0sobre \u00a0su \u00a0eventual participaci\u00f3n en la elecci\u00f3n del procesado y los \u00a0importantes \u00a0golpes \u00a0que asest\u00f3 en contra de los miembros de esa organizaci\u00f3n, \u00a0en \u00a0medio \u00a0de \u00a0cuyas \u00a0investigaciones se obtuvieron las conversaciones de \u00e9stos \u00a0que \u00a0fueron \u00a0interceptadas, \u00a0siendo \u00a0del \u00a0caso \u00a0mencionar aqu\u00ed, por reflejar la \u00a0vinculaci\u00f3n \u00a0del acusado con los mismos, dos acontecidas ante la captura de los \u00a0jefes \u00a0del \u00a0\u201cFrente \u00a0Ram\u00f3n \u00a0Danilo\u201d \u00a0de las autodefensas que operaban en la \u00a0regi\u00f3n, Alfredo y Rozo Santamar\u00eda Benavides, as\u00ed: \u00a0\u00a0<\/p>\n<p>\u201c(\u2026)Luis Jos\u00e9 se reuni\u00f3 con Ricaurte \u00a0y \u00a0Manirito, \u00a0que Luis Jos\u00e9 comento con el Gobernador \u00a0que \u00a0los que pueden mover algo son los de abajo, que hay que esperar a donde los \u00a0ubican \u00a0 para \u00a0 mandar \u00a0 un \u00a0 abogado \u00a0 antes \u00a0 de \u00a0 que \u00a0 los \u00a0 metan \u00a0 a \u00a0 una \u00a0indagatoria, \u00a0(\u2026) \u00a0que \u00a0al \u00a0parecer los trasladaron \u00a0para \u00a0el \u00a0Bunker \u00a0de la Fiscal\u00eda en Bogot\u00e1, que por ah\u00ed est\u00e1 el patr\u00f3n y ya \u00a0les \u00a0puso \u00a0abogado, que est\u00e1n moviendo duro por encima, metiendo plata para ver \u00a0si \u00a0los \u00a0pueden \u00a0sacar \u00a0(\u2026) \u00a0se van a reunir con el alcalde y con otro abogado \u00a0para \u00a0tocar \u00a0el \u00a0tema, \u00a0porque \u00a0de \u00a0todas \u00a0maneras se le pone muy delicado a don \u00a0F\u00e9lix, \u00a0porque \u00a0si \u00a0lo \u00a0analizan esa gente de arriba estaban quietos era por el \u00a0se\u00f1or \u00a0y \u00a0ahorita \u00a0que \u00a0no \u00a0est\u00e1 \u00a0quien \u00a0sabe que van a hacer esos h. p. (\u2026) \u00a0cualquier \u00a0cosa \u00a0que \u00a0necesiten \u00a0que \u00a0lo \u00a0llame \u00a0que \u00a0como \u00a0sea \u00a0\u00e9l \u00a0se \u00a0mueve, \u00a0que \u00a0 Luis \u00a0 Jos\u00e9 \u00a0y \u00a0el \u00a0Gobernador \u00a0est\u00e1n \u00a0todos \u00a0preocupados \u00a0porque \u00a0ellos tampoco pueden meter tan de frente porque eso es obra \u00a0de \u00a0ese \u00a0gran \u00a0h.p. \u00a0del \u00a0Prieto, \u00a0Olga \u00a0le \u00a0dice que \u00a0cualquier \u00a0cosa \u00a0le \u00a0hace \u00a0saber, Walter le dice que ahorita van a hablar con al \u00a0alcalde \u00a0y \u00a0don \u00a0F\u00e9lix \u00a0aparte, \u00a0que \u00a0all\u00e1 \u00a0pueden \u00a0hablar \u00a0m\u00e1s tranquilos\u201d \u00a073 \u00a0\u00a0<\/p>\n<p>\u201c \u00a0(\u2026) en las noticias est\u00e1n diciendo \u00a0que \u00a0las \u00a0capturas \u00a0que \u00a0hicieron y que todos estaban siendo trasladados para la \u00a0Fiscal\u00eda \u00a0del \u00a0Bunker \u00a0de \u00a0Bogot\u00e1, que ah\u00ed no nombraron, que nombraron Puerto \u00a0Berr\u00edo, \u00a0 que \u00a0la \u00a0llamaron \u00a0que \u00a0el \u00a0Gobernador \u00a0de \u00a0Santander \u00a0y \u00a0otros \u00a0se\u00f1ores \u00a0que bregaron, que les toca mojarse las manos para \u00a0que \u00a0los \u00a0pudieran \u00a0sacar, \u00a0que \u00a0ellos \u00a0no se pueden meter de lleno porque salen \u00a0embalados, \u00a0que fue la muchacha a entregarle la plata \u00a0pero \u00a0que \u00a0le \u00a0dijo \u00a0que \u00a0se la entregara a \u00e9l que \u00e9l sab\u00eda que hacer son eso \u00a0(\u2026)\u201d \u00a0 74. \u00a0\u00a0<\/p>\n<p>No se olvide que el Coronel Prieto Rivera en \u00a0la \u00a0declaraci\u00f3n \u00a0rendida \u00a0en \u00a0el \u00a0sumario, \u00a0y en las que entreg\u00f3 en diferentes \u00a0investigaciones \u00a0 \u00a0y \u00a0 \u00a0que \u00a0 fueron \u00a0 trasladadas75, \u00a0 dio \u00a0a \u00a0conocer \u00a0que \u00a0el \u00a0acusado \u00a0promovi\u00f3 \u00a0su \u00a0remoci\u00f3n \u00a0pretextando supuestas vulneraciones contra la \u00a0poblaci\u00f3n \u00a0 \u00a0 \u00a0 \u00a0 \u00a0 \u00a0 \u00a0 \u00a0 \u00a0 civil76, \u00a0que lo llam\u00f3 v\u00eda celular \u00a0luego \u00a0de haber rendido declaraciones ante esta Sala, lo tild\u00f3 de ser el gestor \u00a0de \u00a0la \u00a0investigaci\u00f3n \u00a0iniciada \u00a0en \u00a0su contra -pese a que desde mucho antes ex \u00a0militantes \u00a0 de \u00a0las \u00a0autodefensas \u00a0lo \u00a0vinculaban \u00a0con \u00a0esa \u00a0organizaci\u00f3n- \u00a0y, \u00a0posteriormente, \u00a0recibi\u00f3 \u00a0amenazas \u00a0contra \u00a0su \u00a0vida \u00a0si segu\u00eda hablando de la \u00a0\u201cparapol\u00edtica \u00a0 \u00a0en \u00a0 \u00a0Santander\u201d77, reiterando, \u00a0en \u00a0documento \u00a0que \u00a0remiti\u00f3 \u00a0luego \u00a0de \u00a0celebrarse \u00a0la \u00a0audiencia preparatoria: \u00a0\u201cMotiva \u00a0la \u00a0presente \u00a0el conocimiento que tengo de \u00a0primera \u00a0mano \u00a0de \u00a0los \u00a0hechos \u00a0que \u00a0se le endilgan al encartado, derivado de mi \u00a0labor \u00a0como \u00a0oficial \u00a0del \u00a0ej\u00e9rcito \u00a0en \u00a0el \u00a0cargo \u00a0de Comandante del Batall\u00f3n \u00a0Luciano \u00a0D\u2019elhuyar durante \u00a0los \u00a0a\u00f1os \u00a02004 \u00a0y 2005, con responsabilidad en una vasta zona del Departamento \u00a0de \u00a0Santander, \u00a0donde \u00a0los \u00a0terroristas de las autodefensas ilegales gozaban del \u00a0apoyo \u00a0de \u00a0altos \u00a0dirigentes \u00a0del \u00a0gobierno regional, conductas que desde aqu\u00e9l \u00a0entonces \u00a0he \u00a0venido \u00a0denunciando \u00a0y \u00a0que \u00a0me \u00a0han \u00a0hecho acreedor de m\u00faltiples \u00a0amenazas \u00a0inclusive \u00a0por parte de Aguilar Naranjo\u201d78; \u00a0 \u00a0 todo \u00a0 \u00a0 lo \u00a0 \u00a0 cual \u00a0indiciariamente \u00a0se \u00a0acomoda \u00a0con \u00a0la restante prueba de cargo justipreciada con \u00a0antelaci\u00f3n, \u00a0 para \u00a0 dar \u00a0 por \u00a0 ciertos \u00a0 los \u00a0 nexos \u00a0 del \u00a0acusado \u00a0con \u00a0las \u00a0autodefensas.\u00a0 \u00a0\u00a0<\/p>\n<p>Testimonio \u00a0del \u00a0oficial \u00a0que fue objeto de \u00a0evaluaci\u00f3n \u00a0en \u00a0la sentencia proferida por esta Sala contra los ex Congresistas \u00a0Luis \u00a0Alberto \u00a0Gil \u00a0Castillo y Alfonso Ria\u00f1o Castillo, en la cual se dijo sobre \u00a0la misma: \u00a0\u00a0<\/p>\n<p>\u201cEl \u00a0Coronel \u00a0Prieto, \u00a0en efecto, ven\u00eda \u00a0librando \u00a0una \u00a0aguerrida \u00a0lucha \u00a0desde \u00a0lo \u00a0militar \u00a0y \u00a0estrat\u00e9gico \u00a0contra \u00a0la \u00a0organizaci\u00f3n \u00a0paramilitar, \u00a0luego \u00a0de \u00a0que \u00a0les \u00a0hab\u00eda demostrado su inmutable \u00a0condici\u00f3n \u00a0de \u00a0hombre incorruptible, no s\u00f3lo por haber enfrentado y desterrado \u00a0de \u00a0la \u00a0regi\u00f3n a buena parte del BCB y a algunos de sus miembros infiltrados en \u00a0el \u00a0cuartel \u00a0militar, \u00a0desarticulado una ONG a su servicio y dando captura a los \u00a0hermanos \u00a0Santamar\u00eda Benavides, reconocidos paramilitares de la zona, gracias a \u00a0lo \u00a0cual \u00a0la Fiscal\u00eda conoci\u00f3 que el destino de la certificaci\u00f3n expedida por \u00a0Alfonso \u00a0 Ria\u00f1o \u00a0era \u00a0el \u00a0proceso \u00a0adelantado \u00a0contra \u00a0Caro \u00a0Pati\u00f1o \u00a0por el que fue condenado79, \u00a0sino por \u00a0haber \u00a0rechazado \u00a0el \u00a0ofrecimiento \u00a0de \u00a0la \u00a0suma de cuarenta millones de pesos y \u00a0cinco \u00a0[5] \u00a0muertos cada mes, para que adecuara su comportamiento y cesara en el \u00a0prop\u00f3sito \u00a0de \u00a0perseguirlos, \u00a0circunstancia \u00a0que lo hizo blanco de todo tipo de \u00a0acusaciones \u00a0con \u00a0perjurio \u00a0y una vil campa\u00f1a de desprestigio para desterrarlo. \u00a0\u00a0<\/p>\n<p>El \u00a0testigo \u00a0Rueda \u00a0Vargas \u00a0sostuvo que la \u00a0acci\u00f3n \u00a0desplegada por el Coronel Prieto contra los grupos de autodefensa, tuvo \u00a0tal \u00a0efectividad, \u00a0que Carlos Higuera Escalante, Luis Jos\u00e9 Arenas, Alfonso \u00a0 Ria\u00f1o \u00a0y \u00a0el \u00a0gobernador \u00a0de \u00a0Santander \u00a0Hugo \u00a0Heliodoro \u00a0Aguilar \u00a0Naranjo, \u00a0se hicieron pasar por v\u00edctimas y \u00a0gestaron \u00a0sendos consejos comunitarios en el municipio del Carmen de Chucur\u00ed el \u00a0d\u00eda \u00a05 \u00a0de \u00a0Septiembre \u00a0del \u00a02004, \u00a0con \u00a0la \u00a0intervenci\u00f3n del Presidente de la \u00a0Rep\u00fablica \u00a0de \u00a0la \u00a0\u00e9poca, \u00a0en \u00a0desarrollo de los cuales recibi\u00f3 toda clase de \u00a0humillaciones \u00a0y \u00a0acusaciones injuriosas como ejecutor de actos de arbitrariedad \u00a0contra \u00a0 la \u00a0\u2018poblaci\u00f3n \u00a0civil\u2019, \u00a0 \u00a0en \u00a0 cuya \u00a0plataforma \u00a0 \u00a0se \u00a0 \u00a0encontraba \u00a0 \u00a0el \u00a0 Senador \u00a0 Gil \u00a0Castillo, \u00a0en \u00a0una \u00a0elocuente \u00a0actitud \u00a0de \u00a0c\u00f3mplice \u00a0silencioso, \u00a0 de \u00a0 lo \u00a0 que \u00a0se \u00a0denomin\u00f3 \u00a0una \u00a0\u201cencerrona\u201d\u201d.80 \u00a0\u00a0<\/p>\n<p>Mientras \u00a0que \u00a0en \u00a0el \u00a0fallo \u00a0condenatorio \u00a0emitido \u00a0por \u00a0la \u00a0Sala \u00a0contra \u00a0el ex Congresista \u00d3scar Josu\u00e9 Reyes C\u00e1rdenas, \u00a0dicho testimonio se valor\u00f3 de la siguiente manera: \u00a0\u00a0<\/p>\n<p>\u201cTanto \u00a0fue \u00a0el \u00a0compromiso, \u00a0apoyo \u00a0y \u00a0patrocinio \u00a0del \u00a0grupo \u00a0paramilitar \u00a0por \u00a0los \u00a0l\u00edderes pol\u00edticos de la \u00e9poca, \u00a0entre \u00a0ellos \u00a0el \u00a0procesado, que pretendieron torpedear la labor que desarroll\u00f3 \u00a0el \u00a0Coronel \u00ae PRIETO;\u00a0 de todas formas\u00a0 se quiso bloquear su gesti\u00f3n \u00a0denunci\u00e1ndolo \u00a0para \u00a0evitar \u00a0que \u00a0siguiera \u00a0golpeando \u00a0las estructuras armadas. \u00a0Lleg\u00f3 \u00a0a \u00a0tal \u00a0punto \u00a0a \u00a0ser \u00a0inc\u00f3modo \u00a0que \u00a0convocaron \u00a0al \u00a0Presidente \u00a0de la \u00a0Rep\u00fablica \u00a0para \u00a0solicitar\u00a0 \u00a0en \u00a0un \u00a0consejo \u00a0de \u00a0seguridad \u00a0la salida del \u00a0oficial, \u00a0pretextando \u00a0para ello argumentos que nunca tuvieron piso y que jam\u00e1s \u00a0culminaron \u00a0en \u00a0una \u00a0investigaci\u00f3n \u00a0o \u00a0una sanci\u00f3n en su contra.\u00a0 Fue tan \u00a0meritoria \u00a0su \u00a0labor \u00a0que \u00a0sus \u00a0superiores \u00a0no \u00a0dudaron \u00a0en respaldarlo, como se \u00a0infiere de su no retiro del servicio. \u00a0\u00a0<\/p>\n<p>El \u00a0Coronel \u00a0PRIETO \u00a0ven\u00eda \u00a0librando \u00a0una \u00a0aguerrida \u00a0lucha \u00a0desde lo militar y a trav\u00e9s de su acercamiento a la comunidad \u00a0en \u00a0contra \u00a0de \u00a0la organizaci\u00f3n paramilitar, luego que les hab\u00eda demostrado su \u00a0inquebrantable \u00a0condici\u00f3n \u00a0de \u00a0hombre \u00a0incorruptible \u00a0por \u00a0haber desterrado del \u00a0cuartel \u00a0militar a algunos infiltrados de las AUC, la interceptaci\u00f3n de algunas \u00a0comunicaciones, \u00a0la \u00a0desarticulaci\u00f3n \u00a0de \u00a0una ONG a su servicio y la captura de \u00a0los \u00a0hermanos Santamar\u00eda Benavides,\u00a0 reconocidos paramilitares de la zona, \u00a0lo \u00a0que \u00a0coincidi\u00f3 con el ofrecimiento de la suma de cuarenta millones de pesos \u00a0y \u00a0cinco (5) muertos cada mes para que adecuara su comportamiento y retrocediera \u00a0en \u00a0el prop\u00f3sito de perseguirlos, circunstancia que lo hizo blanco de todo tipo \u00a0de \u00a0acusaciones, \u00a0de \u00a0amenazas \u00a0a \u00a0su \u00a0vida y por \u00faltimo el inicio de una\u00a0 \u00a0campa\u00f1a de desprestigio para hacerlo a un lado. \u00a0\u00a0<\/p>\n<p>Los \u00a0 desafueros \u00a0 que \u00a0 comet\u00edan \u00a0 los \u00a0paramilitares, \u00a0descritos \u00a0por el Coronel PRIETO, fueron puestos en conocimiento \u00a0junto \u00a0con los mensajes an\u00f3nimos que acusaban las relaciones entre pol\u00edticos y \u00a0miembros \u00a0 de \u00a0 las \u00a0 AUC \u00a0 al \u00a0doctor \u00a0\u00d3SCAR \u00a0REYES, \u00a0Secretario \u00a0de \u00a0Gobierno \u00a0departamental \u00a0de \u00a0la \u00a0\u00e9poca,\u00a0 \u00a0quien se comprometi\u00f3 a tomar cartas en el \u00a0asunto \u00a0sin \u00a0que \u00a0ello \u00a0se \u00a0hubiese concretado\u00a0 como tampoco lo hizo con el \u00a0retiro \u00a0del peaje que estaba al servicio de los paramilitares; por el contrario, \u00a0en \u00a0una \u00a0reuni\u00f3n \u00a0en \u00a0donde \u00a0estaba \u00a0denunciando \u00a0los \u00a0hechos, \u00a0\u00d3SCAR REYES le \u00a0manifest\u00f3 \u00a0al \u00a0alto oficial en tono desafiante: \u201cCoronel usted es un tipo muy \u00a0joven, \u00a0muy \u00a0inmaduro, \u00a0usted \u00a0no \u00a0conoce \u00a0de \u00a0la \u00a0vida \u00a0todav\u00eda, \u00a0no se busque \u00a0problemas \u00a0hombre, \u00a0no \u00a0joda tanto en esa regi\u00f3n, no se busque problemas, no se \u00a0meta \u00a0con \u00a0esa \u00a0gente \u00a0hombre, \u00a0tenga la gente contenta, no joda tanto, mire que \u00a0hasta \u00a0 lo \u00a0 pueden \u00a0 trasladar, \u00a0 y \u00a0 usted \u00a0se \u00a0va, \u00a0usted \u00a0es \u00a0una \u00a0ficha \u00a0de \u00a0ajedrez.\u201d \u00a0\u00a0<\/p>\n<p>Esta \u00a0frase \u00a0o \u00a0advertencia \u00a0no tiene m\u00e1s \u00a0explicaci\u00f3n \u00a0que \u00a0la ofrecida por el Comandante Militar;\u00a0 se trat\u00f3 de una \u00a0amenaza \u00a0para \u00a0que \u00a0dejara \u00a0de \u00a0ser \u00a0inc\u00f3modo \u00a0para los paramilitares, para que \u00a0cejara \u00a0en su compromiso de atacarlos. Por supuesto, deja entrever el compromiso \u00a0del \u00a0acusado \u00a0con el grupo ilegal del cual se ha hecho menci\u00f3n, pues no de otra \u00a0forma \u00a0se \u00a0explica \u00a0que \u00a0de \u00a0manera tan abierta y directa se hubiera dirigido al \u00a0oficial \u00a0en los t\u00e9rminos consignados. L\u00f3gicamente, por provenir del Secretario \u00a0de \u00a0 Gobierno \u00a0 del \u00a0Departamento, \u00a0resultaba \u00a0de \u00a0una \u00a0gran \u00a0presi\u00f3n \u00a0para \u00a0el \u00a0uniformado; \u00a0sin \u00a0embargo ello no lo amilan\u00f3 y por eso ante su negativa t\u00e1cita \u00a0para \u00a0dejar \u00a0de \u00a0cumplir \u00a0con \u00a0su \u00a0deber \u00a0es que se solicita al Presidente de la \u00a0Rep\u00fablica su cambi\u00f3 por parte del Gobernador del Departamento. \u00a0\u00a0<\/p>\n<p>Era tan grande y estrecho el compromiso que \u00a0ten\u00eda \u00a0parte \u00a0de \u00a0la \u00a0clase dirigente de Santander, en su momento, con el grupo \u00a0ilegal,\u00a0\u00a0 \u00a0que \u00a0no \u00a0import\u00f3 \u00a0el \u00a0sometimiento \u00a0en \u00a0que se ten\u00eda a la \u00a0poblaci\u00f3n \u00a0civil \u00a0ni\u00a0 los vej\u00e1menes que \u00e9sta sufr\u00eda, s\u00f3lo primaron sus \u00a0propios \u00a0 intereses \u00a0 y \u00a0 el\u00a0 \u00a0 acuerdo\u00a0 \u00a0establecido\u00a0 \u00a0entre \u00a0la \u00a0dirigencia \u00a0pol\u00edtica \u00a0y \u00a0los \u00a0irregulares\u00a0 \u00a0para \u00a0obtener \u00a0los \u00a0beneficios \u00a0electorales \u00a0 \u00a0con \u00a0 \u00a0los \u00a0 \u00a0cuales \u00a0 \u00a0se \u00a0 \u00a0ve\u00edan \u00a0 \u00a0e \u00a0 \u00a0iban \u00a0 a \u00a0 ser\u00a0 \u00a0favorecidos. \u00a0\u00a0<\/p>\n<p>Por \u00a0eso fue que \u00d3SCAR REYES no respald\u00f3 \u00a0en \u00a0los \u00a0consejos \u00a0de \u00a0seguridad \u00a0y comunales al Coronel \u00ae PRIETO cuando estaba \u00a0librando \u00a0 una \u00a0 batalla \u00a0 destacable \u00a0en \u00a0contra \u00a0de \u00a0los \u00a0paramilitares;\u00a0 \u00a0precisamente \u00a0porque \u00a0era \u00a0parte de ellos, hac\u00eda parte del grupo que atacaba la \u00a0excelente \u00a0labor \u00a0que ven\u00eda desarrollando el militar, lo cual incomodaba a todo \u00a0el grupo ilegal. \u00a0\u00a0<\/p>\n<p>\u00bfC\u00f3mo \u00a0no darle cr\u00e9dito a un oficial de \u00a0la \u00a0Rep\u00fablica,\u00a0 \u00a0con \u00a0una \u00a0hoja \u00a0de \u00a0vida intachable que en palabras de su \u00a0superior \u00a0jer\u00e1rquico \u00a0tuvo un trabajo sobresaliente combatiendo por igual a las \u00a0FARC, \u00a0ELN \u00a0y \u00a0paramilitares y que trabaj\u00f3 mucho por la comunidad, frente a los \u00a0dichos \u00a0del \u00a0acusado \u00a0cuestionado por sus relaciones con los grupos al margen de \u00a0la Ley? \u00a0\u00a0<\/p>\n<p>El \u00a0testimonio del Teniente Coronel merece \u00a0toda \u00a0la \u00a0credibilidad para la Sala, no s\u00f3lo por la labor realizada y reflejada \u00a0en \u00a0los \u00a0resultados \u00a0operacionales, \u00a0sino \u00a0porque \u00a0para la fecha en que llega al \u00a0escenario \u00a0santandereano \u00a0en \u00a0el \u00a0a\u00f1o \u00a02003, \u00a0vislumbr\u00f3 \u00a0irregularidades en la \u00a0regi\u00f3n, \u00a0como \u00a0era \u00a0la \u00a0presencia \u00a0paramilitar \u00a0en \u00a0la \u00a0zona, \u00a0donde \u00a0encontr\u00f3 \u00a0estructuras \u00a0de \u00a0tres \u00a0frentes \u00a0del Bloque Central Bol\u00edvar, se cobraba un peaje \u00a0que \u00a0hab\u00eda \u00a0sido autorizado y cuyos dineros ingresaban a una ONG al servicio de \u00a0los \u00a0paramilitares, \u00a0por \u00a0lo que en coordinaci\u00f3n con la Fiscal\u00eda General de la \u00a0Naci\u00f3n \u00a0actuaron \u00a0para \u00a0desmantelar \u00a0dichas \u00a0estructuras \u00a0arrojando entre otras \u00a0situaciones \u00a0 la \u00a0 captura \u00a0 de \u00a0 los \u00a0 hermanos \u00a0 Santamar\u00eda \u00a0Benavides \u00a0y \u00a0el \u00a0desmantelamiento \u00a0de \u00a0redes \u00a0de \u00a0comunicaci\u00f3n, \u00a0incluso las interceptaciones de \u00a0comunicaciones \u00a0que \u00a0dan \u00a0cuenta \u00a0de \u00a0los \u00a0v\u00ednculos y cercan\u00edas entre la clase \u00a0dirigente y pol\u00edtica de la regi\u00f3n y los grupos paramilitares. \u00a0\u00a0<\/p>\n<p>Luego resulta s\u00f3lido lo manifestado por el \u00a0Teniente \u00a0Coronel \u00a0Prieto \u00a0Rivera \u00a0ya \u00a0que\u00a0 \u00a0se ajusta a la realidad de ese \u00a0momento, \u00a0adem\u00e1s \u00a0que \u00a0aporta \u00a0suficiente material documental que relaciona los \u00a0hechos \u00a0que \u00a0presenci\u00f3 \u00a0durante \u00a0su \u00a0permanencia \u00a0en \u00a0el sector, la ardua tarea \u00a0realizada \u00a0 y \u00a0 las \u00a0 complicaciones \u00a0 que \u00a0de \u00a0ella \u00a0resultaron\u201d.81 \u00a0\u00a0<\/p>\n<p>\u00a0 \u00a0\u00a0 \u00a0\u00a0 \u00a0De \u00a0 otra \u00a0 parte, \u00a0la \u00a0prueba \u00a0de \u00a0cargo \u00a0tambi\u00e9n \u00a0se \u00a0encarga \u00a0de \u00a0controvertir \u00a0que \u00a0los \u00a0resultados \u00a0electorales \u00a0obtenidos por el acusado en las \u00a0zonas \u00a0 del \u00a0 Departamento \u00a0donde \u00a0hizo \u00a0proselitismo \u00a0y \u00a0ten\u00eda \u00a0injerencia \u00a0la \u00a0organizaci\u00f3n \u00a0armada \u00a0ilegal, \u00a0hayan \u00a0sido \u00a0logrados \u00a0sin la anuencia de \u00e9sta, \u00a0poni\u00e9ndose \u00a0en \u00a0armon\u00eda con lo se\u00f1alado en la audiencia p\u00fablica por el mismo \u00a0ex \u00a0jefe \u00a0pol\u00edtico del \u201cBCB\u201d, Iv\u00e1n Roberto Duque Gaviria, alias \u201cErnesto \u00a0B\u00e1ez\u201d, \u00a0al \u00a0reiterar \u00a0lo \u00a0que \u00a0ha \u00a0sostenido en diversas declaraciones, en el \u00a0sentido \u00a0de \u00a0que: \u00a0\u201cme es \u00a0dif\u00edcil \u00a0asimilar \u00a0que \u00a0en zonas donde haya operado de manera activa y ejercido \u00a0dominio \u00a0total \u00a0grupos \u00a0armados, \u00a0ll\u00e1mense \u00a0guerrillas o paramilitares, alguien \u00a0haya \u00a0obtenido \u00a0resultados \u00a0electorales \u00a0favorables \u00a0y \u00a0que \u00a0se exprese que esos \u00a0resultados \u00a0electorales, \u00a0producto \u00a0de \u00a0una \u00a0intensa campa\u00f1a pol\u00edtica, en esos \u00a0resultados \u00a0o \u00a0en esa campa\u00f1a no haya tenido que ver el comandante que manejaba \u00a0o \u00a0dominaba \u00a0la \u00a0zona \u00a0(\u2026) en cuanto al caso concreto por ejemplo de Santander \u00a0m\u00eda \u00a0es \u00a0la \u00a0expresi\u00f3n \u00a0de que all\u00ed no se agitaba la hoja de un \u00e1rbol sin la \u00a0voluntad \u00a0de \u00a0las \u00a0autodefensas\u201d; tal y como dijo el \u00a0Coronel \u00a0Prieto \u00a0Rivera \u00a0que encontr\u00f3 la zona de Santander en diciembre de 2003 \u00a0cuando \u00a0 \u00a0 asumi\u00f3 \u00a0 \u00a0 como \u00a0 \u00a0 comandante \u00a0 \u00a0 de \u00a0 \u00a0 Batall\u00f3n \u00a0 \u00a0D\u2019elhuyar, adem\u00e1s de que ello emerge de \u00a0los testimonios atr\u00e1s analizados. \u00a0\u00a0<\/p>\n<p>Lo anterior sin desconocer que la Fiscal\u00eda \u00a0precluy\u00f3 \u00a0a\u00a0 \u00a0favor del acusado la investigaci\u00f3n que le adelantaba por la \u00a0conducta \u00a0punible \u00a0de \u00a0constre\u00f1imiento \u00a0al \u00a0sufragante, por prescripci\u00f3n de la \u00a0acci\u00f3n \u00a0 penal, \u00a0 seg\u00fan \u00a0resoluci\u00f3n \u00a0del \u00a029 \u00a0de \u00a0junio \u00a0de \u00a0201182. \u00a0\u00a0<\/p>\n<p>\u00a0 \u00a0 \u00a0 \u00a0 \u00a0<\/p>\n<p>Esa \u00a0conformidad \u00a0de \u00a0los \u00a0medios de prueba \u00a0revela \u00a0que \u00a0el \u00a0nexo \u00a0del \u00a0acusado y los paramilitares en la gesta electoral de \u00a02003 \u00a0ten\u00eda \u00a0como \u00a0finalidad \u00a0consolidar \u00a0el \u00a0apoyo para ejercer proselitismo y \u00a0obtener \u00a0respaldo en las zonas donde ten\u00edan dominio las autodefensas; por ello, \u00a0una \u00a0vez \u00a0establecidos \u00a0los \u00a0contactos \u00a0necesarios, \u00a0se \u00a0despliega \u00a0la actividad \u00a0pol\u00edtica \u00a0de \u00a0que \u00a0dan \u00a0cuenta \u00a0sin \u00a0ambages \u00a0los testimonios se\u00f1alados que se \u00a0confortan \u00a0 y \u00a0entrelazan \u00a0de \u00a0la \u00a0forma \u00a0ya \u00a0mencionada, \u00a0sin \u00a0que \u00a0se \u00a0aprecie \u00a0motivaci\u00f3n \u00a0diferente de dar a conocer lo que objetivamente percibieron quienes \u00a0los rindieron en las oportunidades se\u00f1aladas.\u00a0 \u00a0\u00a0<\/p>\n<p>Son \u00a0 precisamente \u00a0 los \u00a0aludidos \u00a0datos \u00a0objetivos \u00a0de donde aflora el acuerdo de voluntades que la defensa no percibe, y \u00a0no \u00a0simplemente \u00a0los \u00a0encuentros \u00a0ocasionales \u00a0del \u00a0acusado \u00a0con \u00a0paramilitares, \u00a0porque, \u00a0como \u00a0ya \u00a0se ha dicho en otras decisiones en las que se ha analizado la \u00a0conducta \u00a0punible \u00a0imputada, la actitud del candidato que concita acudir a zonas \u00a0dominadas \u00a0por \u00a0la \u00a0organizaci\u00f3n \u00a0armada \u00a0ilegal, \u00a0a \u00a0reuniones \u00a0en \u00a0las que se \u00a0desarrollan \u00a0actividades pol\u00edticas conjuntamente, adem\u00e1s de ser auspiciado por \u00a0los \u00a0 paramilitares \u00a0 que \u00a0convocan \u00a0a \u00a0los \u00a0pobladores \u00a0para \u00a0que \u00a0escuchen \u00a0su \u00a0intervenci\u00f3n, \u00a0sin cuestionamiento alguno de su parte, descubre su complacencia \u00a0y \u00a0acomodamiento \u00a0a \u00a0la \u00a0voluntad \u00a0de \u00a0los ilegales, lo cual traduce, ni m\u00e1s ni \u00a0menos, \u00a0 \u00a0la \u00a0 \u00a0promoci\u00f3n \u00a0 \u00a0de \u00a0 \u00a0los \u00a0 \u00a0mismos83. \u00a0\u00a0<\/p>\n<p>Pero eso no es todo, a lo anterior se agrega \u00a0el \u00a0nombramiento \u00a0que hiciera el acusado, una vez posesionado como Gobernador de \u00a0Santander84, \u00a0del \u00a0se\u00f1or \u00a0Bonel \u00a0Pati\u00f1o Nore\u00f1a como Secretario de Educaci\u00f3n \u00a0del \u00a0 \u00a0 \u00a0 \u00a0 \u00a0 \u00a0 \u00a0 \u00a0 \u00a0 Departamento85, por cuanto \u00e9ste sostuvo en \u00a0las \u00a0 declaraciones \u00a0que \u00a0rindi\u00f3 \u00a0y, \u00a0por \u00a0escrito86, \u00a0 que \u00a0 su \u00a0 designaci\u00f3n \u00a0obedeci\u00f3 \u00a0al \u00a0pago \u00a0que el acusado hizo a las autodefensas por virtud del apoyo \u00a0brindado \u00a0para su elecci\u00f3n, seg\u00fan le coment\u00f3 Iv\u00e1n Roberto Duque al ofrecerle \u00a0aceptar \u00a0el \u00a0cargo \u00a0en diciembre de 2003, con quien se conoc\u00edan como educadores \u00a0del \u00a0Departamento \u00a0de Caldas desde el a\u00f1o 1973 o 1974, cuya amistad estrecharon \u00a0y \u00a0consolidaron \u00a0m\u00e1s tarde cuando ambos se vincularon a la pol\u00edtica liberal de \u00a0esa regi\u00f3n. \u00a0\u00a0<\/p>\n<p>Duque \u00a0Gaviria, como se sabe, ha reconocido \u00a0su \u00a0relaci\u00f3n \u00a0precedente \u00a0con \u00a0Pati\u00f1o \u00a0Nore\u00f1a, \u00a0pero \u00a0descarta \u00a0haber \u00a0tenido \u00a0incidencia \u00a0alguna \u00a0en \u00a0la \u00a0designaci\u00f3n \u00a0que \u00a0como \u00a0Secretario de Educaci\u00f3n le \u00a0hiciera \u00a0el \u00a0acusado,\u00a0 \u00a0poni\u00e9ndose a tono con su alegada ajenidad respecto \u00a0de \u00a0la \u00a0contienda electoral de 2003 en la que sali\u00f3 elegido como Gobernador del \u00a0Departamento \u00a0el \u00a0procesado; \u00a0se\u00f1ala \u00a0que \u00a0supo del nombramiento que se le hizo \u00a0Pati\u00f1o \u00a0cuando \u00a0ya \u00a0disfrutaba de su jubilaci\u00f3n; que se vio con el mismo\u00a0 \u00a0cuando \u00a0hab\u00eda \u00a0transcurrido \u00a0m\u00e1s \u00a0de \u00a0un \u00a0mes \u00a0de su posesi\u00f3n; asegura que de \u00a0hab\u00e9rsele \u00a0asignado \u00a0esa \u00a0cuota \u00a0burocr\u00e1tica no se la hubiera dejado quitar y, \u00a0destaca, \u00a0como \u00a0tambi\u00e9n \u00a0lo \u00a0hace \u00a0el \u00a0procesado, \u00a0que el doctor H\u00e9ctor L\u00f3pez \u00a0L\u00f3pez \u00a0fue amigo com\u00fan con Pati\u00f1o Nore\u00f1a en la \u00e9poca en la que laboraron en \u00a0Caldas. \u00a0\u00a0<\/p>\n<p>Por \u00a0ello, \u00a0la \u00a0tesis \u00a0defensiva acerca del \u00a0nombramiento \u00a0de \u00a0Bonel \u00a0Pati\u00f1o \u00a0descansa en la recomendaci\u00f3n que del mismo le \u00a0hiciera \u00a0L\u00f3pez \u00a0L\u00f3pez al acusado, toda vez que los tres se hab\u00edan conocido en \u00a0Manizales \u00a0en \u00a01979, \u00a0seg\u00fan \u00a0\u00e9ste \u00a0lo \u00a0confirma en su declaraci\u00f3n87 \u00a0-al \u00a0igual \u00a0que \u00a0los \u00a0testimonios \u00a0de Luz Marina Ceballos Mar\u00edn, Cecilia Casta\u00f1eda Vargas, \u00a0H\u00e9ctor \u00a0L\u00f3pez \u00a0L\u00f3pez y Ana Leonor G\u00f3mez-, y en la conformaci\u00f3n de un equipo \u00a0t\u00e9cnico para el gabinete departamental. \u00a0\u00a0<\/p>\n<p>No \u00a0obstante \u00a0ello, en declaraci\u00f3n rendida \u00a0por \u00a0Pablo \u00a0Hern\u00e1n \u00a0Sierra Garc\u00eda, alias \u201cAlberto Guerrero\u201d, quien fungi\u00f3 \u00a0como \u00a0jefe \u00a0del \u00a0\u201cFrente \u00a0Cacique \u00a0Pipint\u00e1\u201d de las autodefensas -adjunto al \u00a0\u201cBCB\u201d- \u00a0 que \u00a0 oper\u00f3 \u00a0 bajo \u00a0 esa \u00a0 denominaci\u00f3n \u00a0en \u00a0el \u00a0Departamento \u00a0de \u00a0Caldas88 \u00a0hasta \u00a0el \u00a018 de enero de 2007 cuando fue capturado, adujo conocer \u00a0que \u00a0el nombramiento de Bonel Pati\u00f1o como Secretario de Educaci\u00f3n en Santander \u00a0se \u00a0 dio \u00a0 por \u00a0 las \u00a0 alianzas \u00a0 pol\u00edticas \u00a0 de \u00a0\u201cErnesto \u00a0B\u00e1ez\u201d \u00a0en \u00a0ese \u00a0Departamento89, \u00a0refiriendo \u00a0al \u00a0respecto \u00a0que \u00a0en \u00a0una \u00a0reuni\u00f3n \u00a0celebrada en el \u00a0municipio \u00a0de \u00a0La \u00a0Merced \u00a0en \u00a0la \u00a0que \u00a0participaron \u00a0Iv\u00e1n Roberto Duque, Bonel \u00a0Pati\u00f1o \u00a0 y \u00a0\u00e9l, \u00a0escuch\u00f3 \u00a0que \u00a0\u00e9stos \u00a0hablaban \u00a0del \u00a0tema \u00a0del \u00a0nombramiento \u00a0as\u00ed: \u00a0\u00a0<\/p>\n<p>\u201c(&#8230;) \u00a0yo \u00a0hago \u00a0el \u00a0comentario \u00a0de \u00a0la \u00a0Secretar\u00eda \u00a0de \u00a0este \u00a0se\u00f1or \u00a0es por Ernesto B\u00e1ez, de los comentarios que hubo \u00a0con \u00a0Ernesto \u00a0B\u00e1ez; \u00a0adem\u00e1s \u00a0es \u00a0muy \u00a0sencillo, es una cosa de simple l\u00f3gica, \u00a0c\u00f3mo \u00a0una \u00a0persona \u00a0de La Merced-Caldas va a ser Secretario de Santander? (\u2026) \u00a0yo \u00a0lo \u00a0que dije lo dije por producto de la reuni\u00f3n que hubo de Ernesto B\u00e1ez y \u00a0Bonel, \u00a0ellos \u00a0empezaron a hablar de ese tema y yo me retir\u00e9 cuando empezaron a \u00a0hablar \u00a0del \u00a0tema \u00a0de \u00a0esa \u00a0Secretar\u00eda \u00a0(\u2026) \u00a0y \u00a0despu\u00e9s termin\u00f3 este se\u00f1or \u00a0nombrado \u00a0Secretario \u00a0(\u2026) \u00a0no \u00a0se (&#8230;) si Ernesto B\u00e1ez habl\u00f3 con el Coronel \u00a0Aguilar \u00a0o \u00a0no \u00a0(\u2026) eso no lo puedo decir yo ac\u00e1 porque no me consta, yo solo \u00a0puedo \u00a0hablar \u00a0de \u00a0lo \u00a0que \u00a0me \u00a0consta \u00a0que \u00a0fue \u00a0la \u00a0reuni\u00f3n \u00a0que \u00a0hubo \u00a0en La \u00a0Merced-Caldas \u00a0que \u00a0ellos hablaron de ese tema (\u2026) no puedo decir precisamente \u00a0cuando \u00a0fue \u00a0esa \u00a0reuni\u00f3n \u00a0(\u2026)empezaron \u00a0hablar del tema de la Secretar\u00eda de \u00a0Educaci\u00f3n \u00a0all\u00e1 \u00a0en Santander, empezaron que como iban a organizar eso, que no \u00a0se \u00a0qu\u00e9, \u00a0y \u00a0en ese momento yo me pare porque vi que era un tema muy privado de \u00a0ellos \u00a0dos \u00a0y \u00a0me retir\u00e9, ya al tiempo ese se\u00f1or resulta nombrado all\u00e1, no se \u00a0si \u00a0fue \u00a0que \u00a0B\u00e1ez \u00a0influy\u00f3 o no influy\u00f3, eso ya lo explicara \u00e9l, pero en lo \u00a0que \u00a0concierne \u00a0a \u00a0mi, \u00a0en \u00a0lo \u00a0que yo tengo que ver, hasta ah\u00ed s\u00e9\u201d90. \u00a0\u00a0<\/p>\n<p>Sierra \u00a0Garc\u00eda \u00a0reconoce \u00a0haberle prestado \u00a0seguridad \u00a0a \u00a0Iv\u00e1n Roberto Duque Gaviria cuando iba a la zona de su injerencia, \u00a0precisamente \u00a0por \u00a0ser \u00a0\u00e9ste \u00a0el \u00a0comandante \u00a0pol\u00edtico \u00a0del \u00a0\u201cBloque Central \u00a0Bol\u00edvar\u201d \u00a0de \u00a0las \u00a0autodefensas, \u00a0al \u00a0cual \u00a0se \u00a0anex\u00f3 \u00a0el \u00a0\u201cFrente\u201d \u00a0que \u00a0comandaba \u00a0cuando sobrevino el enfrentamiento entre los Bloques Metro, Nutibara, \u00a0Calima \u00a0y \u00a0el Central Bol\u00edvar, siendo por ello razonable que estuviera presente \u00a0en \u00a0las reuniones a que alude, limitando sus atestaciones en lo que concierne al \u00a0nombramiento \u00a0de \u00a0Pati\u00f1o \u00a0Nore\u00f1a \u00a0como Secretario de la Gobernaci\u00f3n por parte \u00a0del \u00a0acusado, al hecho de haber escuchado hablar de ello a Duque y Pati\u00f1o en el \u00a0municipio \u00a0de \u00a0La \u00a0Merced-Caldas, \u00a0antes de que efectivamente fuera designado, y \u00a0se\u00f1ala \u00a0a \u00a0Duque \u00a0Gaviria \u00a0como \u00a0quien \u00a0deb\u00eda \u00a0esclarecer \u00a0lo correspondiente, \u00a0aflorando \u00a0con ello lo\u00a0 desinteresado de la informaci\u00f3n que brinda, por lo \u00a0que resulta cre\u00edble para la Sala. \u00a0\u00a0<\/p>\n<p>De \u00a0esta \u00a0manera, las pruebas recaudadas se \u00a0encargan \u00a0 de \u00a0desvirtuar \u00a0a \u00a0Iv\u00e1n \u00a0Roberto \u00a0Duque \u00a0Gaviria, \u00a0alias \u00a0\u201cErnesto \u00a0B\u00e1ez\u201d, \u00a0al \u00a0evidenciar \u00a0su participaci\u00f3n en la aludida designaci\u00f3n, como ya \u00a0lo \u00a0hab\u00eda \u00a0se\u00f1alado \u00a0Pati\u00f1o \u00a0Nore\u00f1a, \u00a0adem\u00e1s \u00a0de \u00a0descartar \u00a0su \u00a0pretendida \u00a0ajenidad \u00a0con \u00a0los procesos electorales del 2003, dizque porque para entonces se \u00a0ocupaba \u00a0simple \u00a0y llanamente de la negociaci\u00f3n para la desmovilizaci\u00f3n de las \u00a0autodefensas, \u00a0como \u00a0lo evidencian los testimonios ya examinados que destacan su \u00a0asistencia \u00a0y directa injerencia en eventos de car\u00e1cter pol\u00edtico en Santander, \u00a0al \u00a0igual \u00a0que \u00a0lo \u00a0hizo \u00a0en \u00a0otros escenarios del territorio nacional, como por \u00a0ejemplo \u00a0en \u00a0las \u00a0elecciones \u00a0de \u00a02003 \u00a0a \u00a0la \u00a0Gobernaci\u00f3n \u00a0del Departamento de \u00a0Bol\u00edvar \u00a0y hasta en las de 2006 a Congreso de la Rep\u00fablica, seg\u00fan lo evaluado \u00a0por \u00a0la \u00a0Corte \u00a0en \u00a0los \u00a0fallos mediante los cuales se conden\u00f3 como autores del \u00a0delito \u00a0de concierto para delinquir agravado por promover grupos de autodefensas \u00a0al \u00a0ex \u00a0Gobernador \u00a0Libardo \u00a0Simancas \u00a0Torres y al ex Representante a la C\u00e1mara \u00a0Dixon \u00a0 \u00a0 \u00a0 Ferney \u00a0 \u00a0 \u00a0 Tapasco \u00a0 \u00a0 \u00a0 Trivi\u00f1o91. \u00a0\u00a0<\/p>\n<p>La \u00a0misma \u00a0mendacidad \u00a0acredita \u00a0la \u00a0prueba \u00a0respecto \u00a0del \u00a0testimonio \u00a0rendido \u00a0por \u00a0Rodrigo P\u00e9rez Alzate, alias \u201cJuli\u00e1n \u00a0Bol\u00edvar\u201d, \u00a0quien \u00a0insisti\u00f3 \u00a0en \u00a0presentarse exclusivamente como jefe militar \u00a0del \u00a0\u201cBloque \u00a0Central \u00a0Bol\u00edvar\u201d \u00a0de \u00a0las \u00a0autodefensas \u00a0que no tuvo ninguna \u00a0incidencia \u00a0en \u00a0asuntos \u00a0de \u00a0car\u00e1cter \u00a0pol\u00edtico, pese a que la mayor\u00eda de los \u00a0testigos \u00a0aducen, \u00a0coherente \u00a0y \u00a0circunstanciadamente, \u00a0que \u00a0estuvo \u00a0presente en \u00a0reuniones \u00a0de \u00a0dicha \u00a0\u00edndole junto a Iv\u00e1n Roberto Duque en 2003 con pol\u00edticos \u00a0de \u00a0Santander, \u00a0lo \u00a0cual \u00a0emerge coherente con la relaci\u00f3n que sosten\u00eda con el \u00a0procesado \u00a0desde el a\u00f1o 2001 y con el anuncio que hiciera en 2002 en el sentido \u00a0de \u00a0que Aguilar Naranjo ser\u00eda \u00a0el Gobernador de Santander, seg\u00fan lo advierte la prueba de cargo. \u00a0\u00a0<\/p>\n<p>Posici\u00f3n \u00a0 de \u00a0 los \u00a0 se\u00f1alados \u00a0 jefes \u00a0paramilitares \u00a0que \u00a0se \u00a0compagina \u00a0con \u00a0la \u00a0menci\u00f3n que en principio hiciera su \u00a0subalterno \u00a0Alex\u00e1nder \u00a0Guti\u00e9rrez, \u00a0alias \u00a0\u201cPic\u00faa\u201d, \u00a0en \u00a0el sentido de que \u00a0aquellos \u00a0ten\u00edan \u00a0la \u00a0intenci\u00f3n \u00a0de coordinar las versiones que rendir\u00edan los \u00a0desmovilizados \u00a0ante \u00a0la \u00a0justicia, \u00a0en \u00a0lo \u00a0que se refiere a las relaciones del \u00a0grupo \u00a0armado ilegal con miembros de la pol\u00edtica \u201ca \u00a0ver \u00a0a \u00a0quienes \u00a0hay \u00a0que \u00a0nombrar y a quienes no\u201d92, \u00a0precisamente para ponerlas \u00a0a \u00a0tono con sus intereses; al igual que con lo vertido por Heildelbergth Mendoza \u00a0Angarita \u00a0acerca de incidencias acontecidas con ocasi\u00f3n de los temas a ventilar \u00a0en \u00a0Justicia \u00a0y \u00a0Paz \u00a0\u201cdonde se quiere de una u otra \u00a0manera \u00a0alterar o tapar o ver la forma de c\u00f3mo uno no diga las cosas tal y cual \u00a0como \u00a0 sucedieron\u201d \u00a0 93. \u00a0\u00a0<\/p>\n<p>\u00a0 \u00a0<\/p>\n<p>De \u00a0tal manera quedan rebatidas las razones \u00a0esgrimidas \u00a0por la defensa material y t\u00e9cnica para efectos del nombramiento del \u00a0doctor \u00a0Pati\u00f1o \u00a0Nore\u00f1a \u00a0como \u00a0Secretario de Educaci\u00f3n Departamental, esto es, \u00a0las \u00a0 \u00a0se\u00f1aladas \u00a0 \u00a0capacidades \u00a0 \u00a0intelectuales \u00a0 \u00a0del \u00a0 \u00a0mismo \u00a0 \u2013que \u00a0por \u00a0lo menos debieron ser objeto \u00a0de \u00a0cuestionamiento \u00a0en \u00a0vista \u00a0de su ajenidad con el Departamento y porque para \u00a0ese \u00a0momento \u00a0se \u00a0encontraba \u00a0pensionado desde a\u00f1os atr\u00e1s, seg\u00fan lo advertido \u00a0por \u00a0Iv\u00e1n \u00a0Roberto \u00a0Duque y el mismo Pati\u00f1o Nore\u00f1a-, y advertido que sobre la \u00a0conformaci\u00f3n \u00a0del \u00a0gabinete, \u00a0el \u00a0acusado \u00a0admite en su indagatoria que para la \u00a0mencionada \u00a0Secretar\u00eda \u00a0provisionalmente \u00a0hab\u00eda \u00a0presentado \u00a0el \u00a0nombre \u00a0de la \u00a0doctora \u00a0Elvia \u00a0Hercilia \u00a0P\u00e1ez \u00a0G\u00f3mez el 18 de diciembre de 2003, como as\u00ed lo \u00a0reflejan\u00a0 \u00a0los \u00a0medios \u00a0de \u00a0comunicaci\u00f3n que \u00e9l mismo aport\u00f394, pero cinco \u00a0d\u00edas \u00a0despu\u00e9s \u00a0comunic\u00f3 al doctor Pati\u00f1o Nore\u00f1a su designaci\u00f3n, tal y como \u00a0se \u00a0aprecia \u00a0en \u00a0el oficio que le dirigi\u00f3 a la ciudad de Manizales, suscrito el \u00a023 \u00a0 \u00a0 de \u00a0 \u00a0 diciembre \u00a0 \u00a0 del \u00a0 \u00a0 mismo \u00a0 \u00a0a\u00f1o95. \u00a0\u00a0<\/p>\n<p>Consonancia \u00a0de \u00a0la \u00a0prueba \u00a0testimonial \u00a0e \u00a0indiciaria \u00a0que \u00a0con \u00a0lujo de detalles controvierte ampliamente lo sostenido por \u00a0quienes \u00a0 aducen \u00a0 desconocer \u00a0cualquier \u00a0vinculaci\u00f3n \u00a0del \u00a0procesado \u00a0con \u00a0los \u00a0paramilitares, \u00a0porque, \u00a0como \u00a0es \u00a0de \u00a0esperarse, \u00a0ese \u00a0conjunto \u00a0probatorio \u00a0es \u00a0factible \u00a0reconstruirlo \u00a0a \u00a0partir \u00a0de \u00a0aquellos \u00a0que \u00a0hicieron \u00a0parte del grupo \u00a0armado, \u00a0fueron \u00a0destinatarios \u00a0de su proceder y\/o se confabularon con el mismo, \u00a0por \u00a0ser quienes pueden dar fe de sus acciones, forma de operar y relaciones que \u00a0establecieron, \u00a0 en \u00a0 virtud \u00a0 de \u00a0 la \u00a0 manera \u00a0 clandestina \u00a0y \u00a0sutil \u00a0en \u00a0que \u00a0actuaban. \u00a0\u00a0<\/p>\n<p>\u00a0 \u00a0\u00a0 \u00a0\u00a0 \u00a0En \u00a0tales \u00a0condiciones, \u00a0la perspectiva que brindan en este caso los \u00a0medios \u00a0de convicci\u00f3n examinados, como ya se anticip\u00f3, acreditan el acuerdo de \u00a0voluntades \u00a0exigido \u00a0por \u00a0el \u00a0tipo penal, pues la sola actitud del candidato que \u00a0concita \u00a0acudir \u00a0a \u00a0zonas \u00a0dominadas por la organizaci\u00f3n armada, a reuniones en \u00a0las \u00a0que \u00a0la misma participa activamente de la actividad proselitista previa una \u00a0gesta \u00a0 electoral, \u00a0 sin \u00a0 cuestionamiento \u00a0alguno \u00a0de \u00a0su \u00a0parte, \u00a0descubre \u00a0su \u00a0complacencia \u00a0y \u00a0acomodamiento a la voluntad del grupo, lo cual traduce, ni m\u00e1s \u00a0ni menos, la promoci\u00f3n de los ilegales. \u00a0\u00a0<\/p>\n<p>\u00a0 \u00a0\u00a0 \u00a0\u00a0 \u00a0De \u00a0 otra \u00a0 parte, \u00a0 debe \u00a0 diferenciarse \u00a0entre \u00a0el \u00a0m\u00f3vil \u00a0de \u00a0la \u00a0criminalidad \u00a0\u2013irrelevante \u00a0en \u00a0cuanto \u00a0a \u00a0la \u00a0validez \u00a0del juicio- y el dolo como categor\u00eda dogm\u00e1tica del \u00a0delito \u00a0que, de acuerdo con el contenido del art\u00edculo 36 de la Ley 599 de 2000, \u00a0se \u00a0acredita \u00a0al \u00a0demostrarse \u00a0que \u00a0el \u00a0sujeto \u00a0agente \u00a0tuvo \u00a0conocimiento de la \u00a0ilicitud \u00a0 \u00a0de \u00a0 su \u00a0 proceder \u00a0 y \u00a0 se \u00a0 orienta \u00a0 libremente \u00a0 a \u00a0 ejecutarla, \u00a0independientemente \u00a0de \u00a0que \u00a0obre \u00a0en \u00a0el \u00a0plenario \u00a0prueba \u00a0del \u00a0motivo \u00a0que lo \u00a0determin\u00f3 \u00a0a \u00a0actuar, \u00a0porque \u00a0el tipo penal de que se trata no exige finalidad \u00a0especial, \u00a0raz\u00f3n \u00a0por \u00a0la \u00a0cual se ha dicho que es de los factores demostrados, \u00a0generalmente \u00a0 objetivos, \u00a0de \u00a0donde \u00a0debe \u00a0deducirse \u00a0la \u00a0intenci\u00f3n, \u00a0dada \u00a0la \u00a0dificultad \u00a0 que \u00a0 existe \u00a0 para \u00a0obtener \u00a0pruebas \u00a0directas \u00a0sobre \u00a0el \u00a0aspecto \u00a0subjetivo: \u00a0\u00a0<\/p>\n<p>\u201c(\u2026)en \u00a0 la \u00a0 dogm\u00e1tica \u00a0actual \u00a0la \u00a0demostraci\u00f3n \u00a0del \u00a0dolo \u00a0es independiente de la prueba del motivo que determina \u00a0al \u00a0sujeto \u00a0a \u00a0consumar \u00a0el \u00a0hecho t\u00edpico, de manera que a\u00fan siendo importante \u00a0establecer \u00a0las \u00a0razones que motivaron la voluntad del agente, puede ocurrir que \u00a0esa \u00a0 causa, \u00a0raz\u00f3n \u00a0o \u00a0fundamento \u00a0del \u00a0acto \u00a0t\u00edpicamente \u00a0antijur\u00eddico, \u00a0se \u00a0establezca \u00a0y constituya elemento \u00fatil para comprobar la existencia del dolo, o \u00a0de \u00a0una \u00a0circunstancia que modifique la punibilidad; o tambi\u00e9n que por tratarse \u00a0el \u00a0aspecto \u00a0subjetivo \u00a0referido a la esfera intangible del ser humano, no logre \u00a0acreditaci\u00f3n \u00a0en \u00a0el proceso, bastando tan s\u00f3lo acreditar que el sujeto agente \u00a0tuvo \u00a0conocimiento \u00a0de la ilicitud de la conducta y que se orient\u00f3 con libertad \u00a0a \u00a0 \u00a0 \u00a0 \u00a0 su \u00a0 \u00a0 \u00a0 \u00a0 ejecuci\u00f3n.\u201d \u00a0 \u00a0 \u00a0 \u00a0 96 \u00a0\u00a0<\/p>\n<p>\u201cLa \u00a0Sala \u00a0ha \u00a0enfatizado en que para la \u00a0determinaci\u00f3n \u00a0 procesal \u00a0 del \u00a0 dolo \u00a0se \u00a0ha \u00a0de \u00a0partir \u00a0del \u00a0examen \u00a0de \u00a0las \u00a0circunstancias \u00a0 externas \u00a0 que \u00a0 rodearon \u00a0 los \u00a0 hechos, \u00a0 ya \u00a0 que \u00a0tanto \u00a0la \u00a0intencionalidad \u00a0en \u00a0afectar \u00a0un \u00a0bien \u00a0jur\u00eddico \u00a0o \u00a0la \u00a0representaci\u00f3n \u00a0de un \u00a0resultado \u00a0ajeno \u00a0al \u00a0querido por el agente y su asunci\u00f3n al no hacer nada para \u00a0evitarlo, \u00a0al \u00a0ser aspectos del fuero interno de la persona se han de deducir de \u00a0los \u00a0elementos \u00a0objetivos \u00a0que \u00a0arrojan \u00a0las \u00a0dem\u00e1s \u00a0probanzas.\u201d 97 \u00a0\u00a0<\/p>\n<p>Es \u00a0por \u00a0ello \u00a0que \u00a0circunstancias \u00a0como la \u00a0trayectoria \u00a0y \u00a0logros \u00a0profesionales \u00a0y \u00a0personales del acusado, quien, como se \u00a0sabe, \u00a0se \u00a0hab\u00eda \u00a0desempe\u00f1ado \u00a0como \u00a0oficial \u00a0de la Polic\u00eda Nacional antes de \u00a0llegar \u00a0a \u00a0ocupar \u00a0los \u00a0cargos \u00a0de \u00a0Diputado \u00a0a \u00a0la \u00a0Asamblea \u00a0y \u00a0Gobernador del \u00a0Departamento \u00a0de \u00a0Santander; \u00a0la forma soterrada en que se hicieron las alianzas \u00a0con \u00a0los \u00a0miembros \u00a0de \u00a0la organizaci\u00f3n armada y las explicaciones ofrecidas en \u00a0procura \u00a0de ocultar su participaci\u00f3n delictiva, en contradicci\u00f3n con lo que la \u00a0prueba \u00a0de \u00a0cargo \u00a0ense\u00f1a, \u00a0son \u00a0razones suficientes para atribuirle la acci\u00f3n \u00a0como \u00a0voluntaria \u00a0e \u00a0intencional, \u00a0en \u00a0cuanto \u00a0que la conoc\u00eda y se determin\u00f3 a \u00a0ejecutarla. \u00a0\u00a0<\/p>\n<p>VII. DOSIFICACI\u00d3N PUNITIVA \u00a0<\/p>\n<p>Demostrada, \u00a0pues, \u00a0la \u00a0responsabilidad del \u00a0procesado \u00a0en la\u00a0 conducta punible imputada, en virtud de la certeza que al \u00a0respecto \u00a0brindan \u00a0los \u00a0medios de prueba valorados en conjunto, resta imponer la \u00a0pena \u00a0que \u00a0legalmente \u00a0corresponda, \u00a0por \u00a0lo \u00a0que \u00a0la Sala proceder\u00e1 a tasar la \u00a0misma. \u00a0\u00a0<\/p>\n<p>El delito de concierto para delinquir en su \u00a0modalidad \u00a0agravada \u00a0tiene prevista en el inciso 2\u00ba del art\u00edculo 340 de la Ley \u00a0599 \u00a0de \u00a02000, pena de prisi\u00f3n de seis (6) a doce (12) a\u00f1os y multa de dos mil \u00a0(2.000) \u00a0 hasta \u00a0 veinte \u00a0 mil \u00a0(20.000) \u00a0salarios \u00a0m\u00ednimos \u00a0legales \u00a0mensuales \u00a0vigentes. \u00a0\u00a0<\/p>\n<p>En \u00a0consecuencia, los l\u00edmites determinados \u00a0en \u00a0el \u00a0tipo \u00a0penal \u2013seis a \u00a0doce \u00a0a\u00f1os de prisi\u00f3n-, es decir, entre setenta y dos (72) y ciento cuarenta y \u00a0cuatro \u00a0(144) \u00a0meses, \u00a0han \u00a0de \u00a0dividirse en cuatro cuartos: el primero de ellos \u00a0oscila \u00a0entre setenta y dos (72) y noventa (90) meses; los cuartos medios van de \u00a0los \u00a0noventa \u00a0(90) \u00a0meses \u00a0un \u00a0(1) \u00a0d\u00eda \u00a0a ciento veintis\u00e9is (126) meses, y el \u00a0\u00faltimo \u00a0cuarto \u00a0de ciento veintis\u00e9is (126) meses un (1) d\u00eda a ciento cuarenta \u00a0y cuatro (144) meses. \u00a0\u00a0<\/p>\n<p>En la resoluci\u00f3n de acusaci\u00f3n se dedujo la \u00a0circunstancia \u00a0de mayor punibilidad de que trata el numeral 9\u00ba del art\u00edculo 58 \u00a0del \u00a0C\u00f3digo Penal, que se refiere a la posici\u00f3n distinguida que el sentenciado \u00a0ocupaba \u00a0en \u00a0la \u00a0sociedad \u00a0para \u00a0la \u00e9poca de los hechos, al considerarse que se \u00a0trataba \u00a0de \u00a0la primera autoridad del Departamento de Santander, dignidad que le \u00a0hace \u00a0merecedor \u00a0de \u00a0una \u00a0sanci\u00f3n \u00a0que no puede ser la m\u00ednima consagrada en el \u00a0tipo \u00a0penal; \u00a0siendo \u00a0pertinente \u00a0considerar \u00a0tambi\u00e9n la circunstancia de menor \u00a0punibilidad \u00a0estipulada \u00a0en el numeral 1\u00ba del art\u00edculo 55 del C\u00f3digo Penal de \u00a02000, relacionada con la ausencia de antecedentes del procesado. \u00a0\u00a0<\/p>\n<p>En \u00a0tal \u00a0virtud, \u00a0por \u00a0hallarse \u00a0imputadas \u00a0legalmente \u00a0una \u00a0circunstancia \u00a0de mayor punibilidad y otra de menor, el quantum \u00a0punitivo \u00a0debe \u00a0determinarse \u00a0entre \u00a0los cuartos medios, que van de noventa (90) \u00a0meses \u00a0un \u00a0(1) \u00a0d\u00eda a ciento veintis\u00e9is (126) meses de prisi\u00f3n, acorde con lo \u00a0se\u00f1alado \u00a0por \u00a0el \u00a0art\u00edculo \u00a061 de la Ley 599 de 2000; consider\u00e1ndose justo y \u00a0legal \u00a0imponer \u00a0una \u00a0pena de ciento ocho (108) meses de \u00a0prisi\u00f3n. \u00a0\u00a0<\/p>\n<p>Lo anterior en consideraci\u00f3n a la gravedad \u00a0manifiesta \u00a0de \u00a0esta conducta punible, no s\u00f3lo por su expresi\u00f3n objetiva, sino \u00a0por \u00a0la intensidad del dolo que se refleja en el hecho de pactar voluntariamente \u00a0un \u00a0alto \u00a0representante \u00a0del \u00a0poder ejecutivo como el acusado con grupos armados \u00a0que \u00a0est\u00e1n \u00a0por \u00a0fuera \u00a0de \u00a0la \u00a0institucionalidad, \u00a0lo cual configura un ataque \u00a0frontal al bien jur\u00eddico de la seguridad p\u00fablica. \u00a0\u00a0<\/p>\n<p>El \u00a0agravio \u00a0inferido \u00a0se \u00a0traduce \u00a0en \u00a0un \u00a0menoscabo \u00a0evidente \u00a0a \u00a0los valores que nutren un modelo de Estado democr\u00e1tico, \u00a0que \u00a0por \u00a0esencia \u00a0y \u00a0definici\u00f3n \u00a0debe \u00a0estar inspirado en los principios de la \u00a0probidad \u00a0y \u00a0la \u00a0transparencia de quienes est\u00e1n llamados a alcanzar sus altos y \u00a0nobles fines. \u00a0\u00a0<\/p>\n<p>Lo anterior en consideraci\u00f3n a la gravedad \u00a0manifiesta \u00a0de \u00a0esta conducta punible, no s\u00f3lo por su expresi\u00f3n objetiva, sino \u00a0por \u00a0la intensidad del dolo que se refleja en el hecho de pactar voluntariamente \u00a0con \u00a0grupos \u00a0armados \u00a0que \u00a0est\u00e1n \u00a0por \u00a0fuera \u00a0de \u00a0la institucionalidad, lo cual \u00a0configura \u00a0un \u00a0ataque \u00a0frontal al bien jur\u00eddico de la seguridad p\u00fablica, en su \u00a0m\u00e1s alto significado, encarnado en tan alto funcionario. \u00a0\u00a0<\/p>\n<p>\u00a0 \u00a0\u00a0 \u00a0\u00a0 \u00a0Siendo \u00a0consecuentes \u00a0con \u00a0esas definiciones, la pena de multa ser\u00e1 \u00a0de \u00a0diez \u00a0mil \u00a0setecientos cincuenta (10.750) salarios \u00a0m\u00ednimos legales mensuales vigentes. \u00a0\u00a0<\/p>\n<p>\u00a0 \u00a0\u00a0 \u00a0\u00a0 \u00a0Por \u00a0\u00faltimo, \u00a0de conformidad con el art\u00edculo 52 del C\u00f3digo Penal, \u00a0la \u00a0Sala \u00a0condenar\u00e1 \u00a0a \u00a0Hugo Heliodoro Aguilar Naranjo \u00a0a \u00a0la \u00a0pena \u00a0accesoria \u00a0de \u00a0inhabilitaci\u00f3n \u00a0para \u00a0el \u00a0ejercicio \u00a0de \u00a0derechos \u00a0y funciones p\u00fablicas por un tiempo igual al de la pena \u00a0principal. \u00a0\u00a0<\/p>\n<p>\u00a0 \u00a0\u00a0 \u00a0\u00a0 \u00a0Para \u00a0la \u00a0Corte \u00a0es igualmente claro que de acuerdo con el art\u00edculo \u00a056 \u00a0del \u00a0C\u00f3digo \u00a0de \u00a0Procedimiento Penal, al no haberse probado que se hubiesen \u00a0causado \u00a0perjuicios materiales y morales, no procede la condena por ese aspecto. \u00a0\u00a0<\/p>\n<p>Tampoco \u00a0 hay \u00a0 lugar \u00a0a \u00a0la \u00a0suspensi\u00f3n \u00a0condicional \u00a0de \u00a0la \u00a0ejecuci\u00f3n \u00a0de la pena ni a su sustituci\u00f3n por la prisi\u00f3n \u00a0domiciliaria, \u00a0por \u00a0impedirlo un requisito objetivo; en el primer caso porque la \u00a0ley \u00a0s\u00f3lo autoriza el subrogado frente a la imposici\u00f3n de una pena de prisi\u00f3n \u00a0no \u00a0 superior \u00a0 a \u00a03 \u00a0a\u00f1os \u00a0y, \u00a0en \u00a0el \u00a0segundo, \u00a0porque \u00a0s\u00f3lo \u00a0es \u00a0viable \u00a0la \u00a0consideraci\u00f3n \u00a0de \u00a0esa \u00a0sustituci\u00f3n \u00a0cuando la pena m\u00ednima prevista en la ley \u00a0para \u00a0el \u00a0delito \u00a0objeto \u00a0de \u00a0la \u00a0condena \u00a0sea de 5 a\u00f1os o menos, acorde con lo \u00a0establecido \u00a0en \u00a0los \u00a0art\u00edculos 63-1 y 38 del C\u00f3digo Penal; condiciones que no \u00a0se cumplen en el presente caso. \u00a0\u00a0<\/p>\n<p>\u00a0 \u00a0\u00a0 \u00a0\u00a0 \u00a0 \u00a0\u00a0 \u00a0 \u00a0 \u00a0 \u00a0 \u00a0 \u00a0\u00a0 \u00a0VIII. OTRAS DECISIONES \u00a0\u00a0<\/p>\n<p>Advertido \u00a0lo \u00a0valorado \u00a0por \u00a0la \u00a0Sala \u00a0en \u00a0relaci\u00f3n \u00a0con \u00a0las \u00a0\u00faltimas \u00a0declaraciones \u00a0vertidas \u00a0por \u00a0los \u00a0se\u00f1ores \u00a0Juan \u00a0Fernando \u00a0Morales \u00a0Ballesteros, \u00a0Jes\u00fas \u00a0Enrique \u00a0Guerrero Garavito y Alex\u00e1nder \u00a0Guti\u00e9rrez, \u00a0lo \u00a0mismo \u00a0que \u00a0las \u00a0rendidas en esta actuaci\u00f3n por Arnubio Triana \u00a0Mahecha \u00a0-quien \u00a0neg\u00f3 \u00a0que Orlando Caro Pati\u00f1o cumpl\u00eda gestiones de car\u00e1cter \u00a0pol\u00edtico \u00a0para \u00a0las \u00a0autodefensas \u00a0campesinas \u00a0de Puerto Boyac\u00e1 en la \u00e9poca y \u00a0zona \u00a0en \u00a0las que el acusado aspir\u00f3 a la Gobernaci\u00f3n de Santander, contrario a \u00a0lo \u00a0que \u00a0la \u00a0prueba \u00a0advierte-, \u00a0Orlando \u00a0Caro \u00a0Pati\u00f1o \u00a0-quien \u00a0en \u00a0\u00faltimas se \u00a0desentiende \u00a0de \u00a0su \u00a0vinculaci\u00f3n \u00a0con la campa\u00f1a electoral del acusado, pese a \u00a0que \u00a0en \u00a0la indagatoria rendida en el proceso por el cual fue condenado, sostuvo \u00a0y \u00a0se \u00a0acredit\u00f3 \u00a0que efectivamente la ten\u00eda, adem\u00e1s de lo documentado en esta \u00a0actuaci\u00f3n \u00a0sobre \u00a0su participaci\u00f3n activa en la misma-, as\u00ed como las de Iv\u00e1n \u00a0Roberto \u00a0Duque \u00a0Gaviria \u00a0y \u00a0Rodrigo \u00a0P\u00e9rez \u00a0Alzate, \u00a0seg\u00fan \u00a0lo valorado de las \u00a0mismas, \u00a0se \u00a0compulsar\u00e1n \u00a0copias \u00a0de \u00a0esta \u00a0decisi\u00f3n \u00a0y \u00a0de \u00a0sus \u00a0versiones \u00a0y \u00a0declaraciones \u00a0allegadas para ante la Direcci\u00f3n Nacional de Fiscal\u00edas a fin de \u00a0que \u00a0 se \u00a0 investigue \u00a0 su \u00a0 presunta \u00a0 incursi\u00f3n \u00a0 en \u00a0 el \u00a0 delito \u00a0de \u00a0falso \u00a0testimonio. \u00a0\u00a0<\/p>\n<p>Adem\u00e1s, tambi\u00e9n se compulsar\u00e1n copias de \u00a0lo \u00a0enunciado \u00a0para \u00a0ante la Unidad Nacional de Fiscal\u00edas para la Justicia y la \u00a0Paz, \u00a0o al Tribunal Superior que corresponda, a fin de que se determine si deben \u00a0ser \u00a0excluidos \u00a0del \u00a0proceso \u00a0que all\u00ed se adelante contra Juan Fernando Morales \u00a0Ballesteros, \u00a0 Alex\u00e1nder \u00a0Guti\u00e9rrez, \u00a0Arnubio \u00a0Triana \u00a0Mahecha, \u00a0Orlando \u00a0Caro \u00a0Pati\u00f1o, Iv\u00e1n Roberto Duque Gaviria y Rodrigo P\u00e9rez Alzate. \u00a0\u00a0<\/p>\n<p>En m\u00e9rito de lo expuesto, la CORTE \u00a0SUPREMA \u00a0DE JUSTICIA, SALA \u00a0DE \u00a0CASACI\u00d3N \u00a0PENAL, administrando \u00a0justicia en nombre de la Rep\u00fablica y por autoridad de la ley, \u00a0\u00a0<\/p>\n<p>\u00a0 \u00a0\u00a0 \u00a0 \u00a0R \u00a0 \u00a0 \u00a0 \u00a0 \u00a0 \u00a0 \u00a0E \u00a0 \u00a0 \u00a0 \u00a0 \u00a0 \u00a0 \u00a0S \u00a0 \u00a0 \u00a0 \u00a0 \u00a0 \u00a0 \u00a0U \u00a0 \u00a0 \u00a0 \u00a0 \u00a0 \u00a0 \u00a0E \u00a0 \u00a0 \u00a0 \u00a0 \u00a0 \u00a0 \u00a0L \u00a0 \u00a0 \u00a0 \u00a0 \u00a0 \u00a0 \u00a0V \u00a0 \u00a0 \u00a0 \u00a0 \u00a0 \u00a0 E \u00a0\u00a0<\/p>\n<p>\u00a0 \u00a0 \u00a0 \u00a01.- \u00a0CONDENAR \u00a0a \u00a0HUGO HELIODORO AGUILAR \u00a0NARANJO, de condiciones civiles y personales referidas \u00a0en \u00a0esta \u00a0determinaci\u00f3n, \u00a0ex Gobernador de Santander, a ciento ocho (108) meses \u00a0de \u00a0prisi\u00f3n \u00a0y \u00a0multa \u00a0de \u00a0diez \u00a0mil \u00a0setecientos \u00a0cincuenta \u00a0(10.750) salarios \u00a0m\u00ednimos \u00a0legales \u00a0mensuales \u00a0vigentes e inhabilitaci\u00f3n de derechos y funciones \u00a0p\u00fablicas \u00a0por \u00a0el mismo lapso, como responsable, en calidad de autor del delito \u00a0de \u00a0concierto para promover grupos armados al margen \u00a0de \u00a0la ley, previsto en el \u00a0art\u00edculo \u00a0 340 \u00a0 inciso \u00a0 2\u00ba \u00a0 de \u00a0 la \u00a0Ley \u00a0599 \u00a0de \u00a02000, \u00a0por \u00a0el \u00a0cual se le formul\u00f3 resoluci\u00f3n de \u00a0acusaci\u00f3n. \u00a0\u00a0<\/p>\n<p>\u00a0 \u00a0 \u00a0 \u00a0 \u00a0<\/p>\n<p>\u00a0 \u00a0 \u00a0 \u00a02.- \u00a0 \u00a0 \u00a0 \u00a0 \u00a0 \u00a0DECLARAR \u00a0que \u00a0no \u00a0hay lugar a condena \u00a0por \u00a0el \u00a0pago \u00a0de \u00a0da\u00f1os \u00a0y \u00a0perjuicios \u00a0y que no son procedentes la condena de \u00a0ejecuci\u00f3n \u00a0condicional, \u00a0la \u00a0prisi\u00f3n ni la reclusi\u00f3n domiciliaria, acorde con \u00a0lo advertido en la fundamentaci\u00f3n. \u00a0\u00a0<\/p>\n<p>\u00a0 \u00a0 \u00a0 \u00a0 \u00a0<\/p>\n<p>\u00a0 \u00a0 \u00a0 \u00a03.- \u00a0 \u00a0 \u00a0 \u00a0 \u00a0 \u00a0RECONOCER \u00a0como \u00a0parte \u00a0cumplida de la \u00a0pena \u00a0el \u00a0tiempo \u00a0que \u00a0el sentenciado ha permanecido privado de su libertad, por \u00a0cuenta de este proceso. \u00a0\u00a0<\/p>\n<p>4.- \u00a0COMPULSAR \u00a0copias \u00a0de las \u00a0diligencias \u00a0pertinentes \u00a0para \u00a0ante \u00a0la \u00a0Direcci\u00f3n \u00a0Nacional \u00a0de \u00a0Fiscal\u00edas, \u00a0a fin de que se investigue el falso testimonio en que \u00a0hayan \u00a0 podido \u00a0 incurrir \u00a0 Juan \u00a0 Fernando \u00a0 Morales \u00a0Ballesteros, \u00a0Jes\u00fas Enrique Guerrero Garavito y Alex\u00e1nder Guti\u00e9rrez, lo mismo \u00a0que \u00a0las \u00a0rendidas \u00a0en \u00a0esta actuaci\u00f3n por Arnubio Triana Mahecha, Orlando Caro \u00a0Pati\u00f1o, \u00a0Iv\u00e1n Roberto Duque Gaviria y Rodrigo P\u00e9rez Alzate; lo mismo que ante \u00a0la \u00a0Unidad \u00a0Nacional \u00a0de \u00a0Fiscal\u00edas \u00a0para \u00a0la \u00a0Justicia y la Paz, o al Tribunal \u00a0Superior \u00a0que \u00a0corresponda, \u00a0a \u00a0fin \u00a0de \u00a0que \u00a0se \u00a0determine \u00a0si \u00a0deben ser\u00a0 \u00a0excluidos \u00a0del \u00a0proceso \u00a0que \u00a0all\u00ed \u00a0se \u00a0adelante \u00a0contra \u00a0los ya mencionados, a \u00a0excepci\u00f3n del se\u00f1or Jes\u00fas Enrique Guerrero Garavito. \u00a0\u00a0<\/p>\n<p>\u00a0 \u00a0 \u00a0 \u00a05.- \u00a0 En \u00a0firme \u00a0esta \u00a0providencia, \u00a0rem\u00edtase \u00a0la \u00a0actuaci\u00f3n al Juzgado de Ejecuci\u00f3n de \u00a0Penas \u00a0 y \u00a0 Medidas \u00a0 de \u00a0Seguridad \u00a0\u2013 Reparto -, para lo de su cargo. \u00a0\u00a0<\/p>\n<p>6.- \u00a0 \u00a0 \u00a0\u00a0 \u00a0\u00a0La \u00a0Secretar\u00eda de la Sala remitir\u00e1 las \u00a0copias \u00a0del \u00a0fallo \u00a0a \u00a0las \u00a0autoridades \u00a0que alude el art\u00edculo 472 del C. de P. \u00a0Penal. \u00a0\u00a0<\/p>\n<p>7.- \u00a0Contra \u00a0esta \u00a0sentencia no procede recurso. \u00a0\u00a0<\/p>\n<p>\u00a0 \u00a0 \u00a0 \u00a0 \u00a0<\/p>\n<p>\u00a0 \u00a0 \u00a0 \u00a0 \u00a0\u00a0 \u00a0\u00a0 \u00a0\u00a0 \u00a0\u00a0 \u00a0 \u00a0\u00a0 \u00a0 \u00a0 \u00a0\u00a0 \u00a0 \u00a0 \u00a0\u00a0NOTIF\u00cdQUESE \u00a0 \u00a0 Y \u00a0C\u00daMPLASE \u00a0\u00a0<\/p>\n<p>\u00a0\u00a0\u00a0\u00a0 \u00a0<\/p>\n<p>\u00a0\u00a0\u00a0\u00a0 \u00a0 JOS\u00c9 LEONIDAS BUSTOS MART\u00cdNEZ \u00a0\u00a0<\/p>\n<p>JOS\u00c9 \u00a0 \u00a0 \u00a0 LUIS \u00a0 \u00a0 \u00a0 BARCEL\u00d3 \u00a0CAMACHO\u00a0\u00a0\u00a0\u00a0\u00a0\u00a0\u00a0\u00a0\u00a0\u00a0\u00a0\u00a0\u00a0\u00a0 \u00a0FERNANDO ALBERTO CASTRO CABALLERO\u00a0\u00a0\u00a0\u00a0 \u00a0\u00a0<\/p>\n<p>MAR\u00cdA \u00a0 \u00a0DEL \u00a0 \u00a0ROSARIO \u00a0 \u00a0GONZ\u00c1LEZ \u00a0MU\u00d1OZ\u00a0\u00a0\u00a0\u00a0\u00a0\u00a0\u00a0 \u00a0 \u00a0 GUSTAVO \u00a0 \u00a0 ENRIQUE \u00a0 \u00a0MALO \u00a0FERN\u00c1NDEZ\u00a0\u00a0\u00a0\u00a0 \u00a0\u00a0<\/p>\n<p>LUIS \u00a0 \u00a0 \u00a0GUILLERMO \u00a0 \u00a0 \u00a0SALAZAR \u00a0OTERO\u00a0\u00a0\u00a0\u00a0\u00a0\u00a0\u00a0\u00a0\u00a0\u00a0\u00a0\u00a0\u00a0\u00a0\u00a0\u00a0\u00a0\u00a0\u00a0\u00a0\u00a0\u00a0\u00a0\u00a0\u00a0\u00a0\u00a0\u00a0\u00a0\u00a0\u00a0\u00a0\u00a0\u00a0\u00a0\u00a0\u00a0\u00a0\u00a0\u00a0\u00a0\u00a0\u00a0\u00a0\u00a0\u00a0 \u00a0JAVIER ZAPATA ORTIZ \u00a0\u00a0<\/p>\n<p>NUBIA YOLANDA NOVA GARC\u00cdA \u00a0<\/p>\n<p>Secretaria \u00a0 \u00a0<\/p>\n<p>1 Fls. \u00a0108-110 c. o. 1. \u00a0\u00a0<\/p>\n<p>2 Fls. \u00a0105-113 c. o. 5. \u00a0\u00a0<\/p>\n<p>3 Fls. \u00a017-36; 65-80 y 121-138 c. o. 7. \u00a0\u00a0<\/p>\n<p>4 Fls. \u00a01-87 c. o. 11. \u00a0\u00a0<\/p>\n<p>5 Fls. \u00a0272-274 c. o. 11. \u00a0\u00a0<\/p>\n<p>6 Fls. \u00a0101-173 c. o. 12. \u00a0\u00a0<\/p>\n<p>7 Auto \u00a0del 15\/11\/2011 (fl. 185 ib\u00eddem). \u00a0\u00a0<\/p>\n<p>8 Fls. \u00a0121-131 c. o. 13 \u00a0\u00a0<\/p>\n<p>9 Fls. \u00a030-50 c. o. 15. \u00a0\u00a0<\/p>\n<p>10 Fls. \u00a03-7 Anexo 5. \u00a0\u00a0<\/p>\n<p>11 \u00a0ERNESTO \u00a0B\u00c1EZ, RODRIGO P\u00c9REZ ALZATE alias JULI\u00c1N BOL\u00cdVAR, JOS\u00c9 GERM\u00c1N SENA \u00a0PICO, \u00a0 \u00a0alias \u00a0 NICO, \u00a0 JOS\u00c9 \u00a0 DANILO \u00a0 MORENO \u00a0 CAMELO, \u00a0 alias \u00a0 ALFONSO \u00a0 O \u00a0DAIRO. \u00a0\u00a0<\/p>\n<p>12 \u00a0Sentencia \u00danica Instancia 01\/18\/2012 Radicado 27.408. \u00a0\u00a0<\/p>\n<p>13 \u00a0Sentencia \u00danica Instancia 18\/01\/2012 Radicado 32.764. \u00a0\u00a0<\/p>\n<p>14 Los \u00a0cuales \u00a0pueden \u00a0consultarse \u00a0en \u00a0la \u00a0p\u00e1gina \u00a0web \u00a0de \u00a0la \u00a0Vicepresidencia de la \u00a0Rep\u00fablica. \u00a0\u00a0<\/p>\n<p>15 Los \u00a0dos \u00a0primeros \u00a0mediante sentencia del 18\/01\/2012 Radicado 32.764; el segundo con \u00a0fallo \u00a0anticipado \u00a0de la misma fecha Radicado 27.408 y, el \u00faltimo, a trav\u00e9s de \u00a0la sentencia del 13\/06\/2012 Radicado 32.781.\u00a0 \u00a0\u00a0<\/p>\n<p>16 \u00a0Sentencia 19\/12 2007 radicado 26.118. \u00a0\u00a0<\/p>\n<p>17 \u00a0Auto 14\/05\/2007 radicado 26.942. \u00a0\u00a0<\/p>\n<p>18 \u00a0Sentencia 25\/11\/2008, radicado 26942. \u00a0\u00a0<\/p>\n<p>19Welzel \u00a0 consideraba \u00a0 que \u00a0 las \u00a0 estructuras \u00a0 l\u00f3gico \u00a0objetivas \u00a0constitu\u00edan \u00a0 un \u00a0 l\u00edmite \u00a0 al \u00a0poder \u00a0de \u00a0configuraci\u00f3n \u00a0de \u00a0legislador. \u00a0En \u00a0consecuencia, \u00a0el \u00a0legislador \u00a0no \u00a0crea \u00a0las conductas sino que las extrae de la \u00a0vida \u00a0social. Por lo tanto, desde ese mismo punto de vista, que el juez no puede \u00a0desconocer el sentido ni el contenido de las conductas. \u00a0\u00a0<\/p>\n<p>20 \u00a0Sentencia\u00a0 09\/12\/2009 radicado 28.779. \u00a0\u00a0<\/p>\n<p>21 Fl. \u00a0181 c. o. 15 (CD). \u00a0\u00a0<\/p>\n<p>22 \u00a0Rendidas el 26\/05\/2009 y 26\/10\/2009, respectivamente. \u00a0\u00a0<\/p>\n<p>23 \u00a0Relato \u00a0que \u00a0resulta coherente con lo rese\u00f1ado en el libro \u201cMi Confesi\u00f3n\u201d, \u00a0escrito \u00a0por el periodista Mauricio Aranguren Molina, en el cual Carlos Casta\u00f1o \u00a0dedica \u00a0un \u00a0cap\u00edtulo \u00a0completo a detallar la lucha que libraron \u201cLos Pepes\u201d \u00a0contra \u00a0Pablo \u00a0Escobar \u00a0Gaviria, \u00a0advirtiendo sobre los eventuales v\u00ednculos que \u00a0para \u00a0ello \u00a0tambi\u00e9n \u00a0tuvieron \u00a0con la CIA y la DEA; presuntas vinculaciones que \u00a0suscitaron \u00a0la demanda interpuesta por el Instituto de \u00a0Estudios \u00a0Pol\u00edticos \u00a0de \u00a0Estados \u00a0Unidos \u00a0(IPS), \u00a0en \u00a0asocio con el gabinete de \u00a0abogados \u00a0Brian \u00a0Gaffney, \u00a0contra la agencia de inteligencia estadounidense ante \u00a0la \u00a0Corte \u00a0Distrital de Washington, seg\u00fan lo revela un estudio realizado por el \u00a0Equipo \u00a0 \u00a0Nizkor \u00a0 \u00a0y \u00a0 \u00a0Derechos \u00a0 \u00a0Human \u00a0 \u00a0Rights \u00a0 (www.derechos.org\/nizkor\/corru\/doc\/pepes.html); \u00a0adem\u00e1s \u00a0de \u00a0que \u00a0sobre \u00a0el \u00a0tema el \u00a0diario \u00a0El \u00a0Espectador, \u00a0el \u00a016 \u00a0de junio de 2011 public\u00f3 que el ex paramilitar \u00a0Jos\u00e9 \u00a0Antonio Hern\u00e1ndez Villamizar, alias \u201cJohn\u201d, en versi\u00f3n rendida ante \u00a0la \u00a0Fiscal\u00eda \u00a0de \u00a0Justicia y Paz hab\u00eda declarado que a Pablo Escobar lo hab\u00eda \u00a0localizado \u00a0y dado de baja Carlos Casta\u00f1o, quien dirig\u00eda a Los Pepes, y hab\u00eda \u00a0entregado \u00a0el \u00a0cuerpo \u00a0al Coronel Aguilar Naranjo, como\u00a0 miembro del Bloque \u00a0de B\u00fasqueda, para darles el positivo. \u00a0\u00a0<\/p>\n<p>24 \u00a0A \u00a0pregunta \u00a0directa \u00a0del acusado en el sentido de si \u00a0era \u00a0\u00e9l a quien fue\u00a0 presentado en esa reuni\u00f3n, dijo Mancuso G\u00f3mez en la \u00a0audiencia: \u00a0\u201cese \u00a0d\u00eda \u00a0lo \u00a0vi \u00a0en \u00a0la \u00a0reuni\u00f3n de \u00a0Piamonte \u00a0(\u2026) \u00a0es lo que tengo por decirle (\u2026) las relaciones que usted tuvo \u00a0con \u00a0los \u00a0PEPES \u00a0se \u00a0la escuch\u00e9 directamente al comandante CARLOS CASTA\u00d1O y se \u00a0las \u00a0escuch\u00e9 \u00a0a \u00a0DON \u00a0BERNA\u201d. \u00a0Mientras \u00a0que Cobos \u00a0T\u00e9llez \u00a0 \u00a0 dijo \u00a0 \u00a0 sobre \u00a0 \u00a0la \u00a0 \u00a0presencia \u00a0 \u00a0del \u00a0 \u00a0acusado: \u00a0 \u00a0\u201crecuerdo \u00a0 que \u00a0ah\u00ed \u00a0estaban \u00a0el \u00a0respetado \u00a0ex \u00a0Gobernador \u00a0de \u00a0Santander, \u00a0se\u00f1or \u00a0HUGO \u00a0AGUILAR, y el Honorable Senador LUIS ALBERTO GIL\u00a0 \u00a0(\u2026) \u00a0 \u00a0 recuerdo \u00a0 \u00a0 la \u00a0 \u00a0 presencia \u00a0 \u00a0 de \u00a0 \u00a0 las \u00a0 \u00a0 personas \u00a0 \u00a0que \u00a0 \u00a0he \u00a0mencionado\u201d.\u00a0 \u00a0\u00a0<\/p>\n<p>25 Ver \u00a0Autos \u00a021\/09\/2011 \u00a0y \u00a016\/11\/2011, Radicaciones 36.739 y 30.682, respectivamente, \u00a0lo \u00a0mismo \u00a0que \u00a0la \u00a0Sentencia \u00a0Casaci\u00f3n \u00a011\/04\/2012 \u00a0Radicaci\u00f3n \u00a036.123, entre \u00a0otros. \u00a0\u00a0<\/p>\n<p>26 Fl. \u00a0488 anverso Anexo 7 (CD). \u00a0\u00a0<\/p>\n<p>27 \u00a0Fls. 216 y 218 c. o. 5. \u00a0\u00a0<\/p>\n<p>28 Fl. \u00a0487 Anexo 7 (CD). \u00a0\u00a0<\/p>\n<p>29 \u00a0Sentencia 13\/06\/2012 radicado 32.781. \u00a0\u00a0<\/p>\n<p>30 \u00a0Quienes \u00a0en \u00a0declaraciones \u00a0trasladadas \u00a0y \u00a0en \u00a0la vista p\u00fablica refieren haber \u00a0asistido, \u00a0 junto \u00a0con \u00a0otros \u00a0comandantes \u00a0de \u00a0las \u00a0autodefensas \u00a0como \u00a0VICENTE \u00a0CASTA\u00d1O, \u00a0\u201cCUCO \u00a0VANOY\u201d y \u201cDON BERNA\u201d, a una reuni\u00f3n convocada por los \u00a0comandantes \u00a0del \u00a0\u201cBCB\u201d \u00a0a finales de 2001 o principios de 2002 en una finca \u00a0de \u00a0CARLOS \u00a0MARIO \u00a0JIMENEZ \u00a0alias \u00a0\u201cMACACO\u201d, \u00a0ubicada en la vereda Piamonte, \u00a0donde \u00a0estuvieron \u00a0presentes miembros de la pol\u00edtica, y que all\u00ed conocieron al \u00a0procesado, \u00a0quien estaba acompa\u00f1ado del ex senador LUIS ALBERTO GIL, adem\u00e1s de \u00a0indicar \u00a0que \u00a0en \u00a0el \u00a0lugar estaban presentes otros pol\u00edticos de Santander y de \u00a0otros Departamentos donde el \u201cBCB\u201d ten\u00eda influencia. \u00a0\u00a0<\/p>\n<p>31 \u00a0Versi\u00f3n del 25\/06\/2009 (fl. 134 c. o. 9). \u00a0\u00a0<\/p>\n<p>32 \u00a0Radicado 32.764. \u00a0\u00a0<\/p>\n<p>33 \u00a0Radicado No. 26585, sentencia del 08\/08\/2010. \u00a0\u00a0<\/p>\n<p>34 \u00a0Providencia del 21\/09\/2009, Radicado 32022. \u00a0\u00a0<\/p>\n<p>35 \u00a0Framarino \u00a0dei \u00a0Malatesta, \u00a0L\u00f3gica de las pruebas en materia criminal, Vol. II, \u00a0Ed. \u00a0 \u00a0 Temis \u00a0 \u00a0S.A. \u00a0 \u00a0Bogot\u00e1 \u00a0 \u00a0\u2013Colombia 1988, p. 107. \u00a0\u00a0<\/p>\n<p>36 \u00a0Declaraci\u00f3n del 30\/07\/08 y audiencia p\u00fablica del 26\/10\/09. \u00a0\u00a0<\/p>\n<p>37 \u00a0Declaraci\u00f3n del 30\/07\/2008. \u00a0\u00a0<\/p>\n<p>38 \u00a0Declaraci\u00f3n del 05\/03\/2008, Radicado 29088. \u00a0\u00a0<\/p>\n<p>39 \u00a0Sentencia 10\/03\/2011, Radicado 26.948. \u00a0\u00a0<\/p>\n<p>40 \u00a0Cuando \u00a0adujo \u00a0que: \u00a0\u201cAlias HK, el propio nombre es \u00a0ORLANDO \u00a0CARO \u00a0PATI\u00d1O \u00a0(\u2026) cay\u00f3 preso hace como dos a\u00f1os (\u2026) estuvo en la \u00a0c\u00e1rcel \u00a0de \u00a0Barrancabermeja, \u00a0cuando \u00a0eso \u00a0a \u00a0m\u00ed \u00a0me \u00a0mandaron raz\u00f3n para que \u00a0viniera \u00a0a \u00a0Bucaramanga a pedirle unas cartas al diputado de la Asamblea Alfonso \u00a0Ria\u00f1o, \u00a0y a la campa\u00f1a de Hugo Aguilar, quien era candidato a la Gobernaci\u00f3n, \u00a0ahora \u00a0es \u00a0el Gobernador, yo llam\u00e9 (\u2026) les cont\u00e9 el caso y dijeron que ellos \u00a0se \u00a0encargaban \u00a0de mandar esas cartas a la Fiscal\u00eda (\u2026) supe despu\u00e9s que las \u00a0hab\u00edan \u00a0enviado \u00a0yo \u00a0s\u00e9 \u00a0que \u00a0\u00e9l sali\u00f3 (\u2026) ORLANDO CARO PATI\u00d1O fue el que \u00a0subi\u00f3 \u00a0al \u00a0actual \u00a0Gobernador \u00a0HUGO AGUILAR junto con ALFONSO RIA\u00d1O para hacer \u00a0campa\u00f1a \u00a0pol\u00edtica \u00a0con \u00a0el comandante NICOL\u00c1S, yo estuve en varias reuniones, \u00a0en \u00a0las \u00a0reuniones \u00a0el \u00a0Gobernador \u00a0se \u00a0presentaba \u00a0como \u00a0coronel retirado de la \u00a0Polic\u00eda \u00a0y \u00a0que \u00a0\u00e9l \u00a0hab\u00eda \u00a0sido \u00a0el \u00a0comandante \u00a0del bloque de b\u00fasqueda que \u00a0mataron \u00a0a \u00a0Pablo \u00a0Escobar, \u00a0por \u00a0ah\u00ed \u00a0comenzaba \u00a0la \u00a0charla, se refer\u00eda a las \u00a0Autodefensas \u00a0que \u00a0si \u00a0\u00e9l \u00a0era \u00a0elegido iba a estar de la mano para ayudar a la \u00a0construcci\u00f3n \u00a0de \u00a0v\u00edas y puentes de los que estaban construyendo las AUC, como \u00a0el \u00a0 puente \u00a0 de \u00a0la \u00a0Aragua \u00a0que \u00a0era \u00a0el \u00a0que \u00a0estaba \u00a0construyendo \u00a0alias \u00a0El \u00a0Tigre\u201d. (fls. 161-167 c. o. 1.) \u00a0\u00a0<\/p>\n<p>41 \u00a0Trasladadas \u00a0de \u00a0los \u00a0Radicados \u00a026.625 \u00a0y \u00a027.408 \u00a0(fls. \u00a0177 \u00a0y 178 c. o. 15 y \u00a0CD). \u00a0\u00a0<\/p>\n<p>42 \u00a0Fls. 116-118 c. o. 10 \u00a0\u00a0<\/p>\n<p>43 \u00a0Fls. 67-111 c. o. 9. \u00a0\u00a0<\/p>\n<p>44 \u00a0Rendida \u00a0ante la Fiscal\u00eda 51 de Justicia y Paz ( fls. 112-117 c. o. 9 y 2 c. o. \u00a010 CD) \u00a0\u00a0<\/p>\n<p>45 \u00a0Fls. 240-261 c. o. 9. \u00a0\u00a0<\/p>\n<p>46 \u00a0Fls. 153-162 c. o. 9. \u00a0\u00a0<\/p>\n<p>47 Fl. \u00a0151 y 152 c. o. 9. \u00a0\u00a0<\/p>\n<p>48 \u00a0Fls. 118-142 c. o. 9. (CD) \u00a0\u00a0<\/p>\n<p>49 \u00a0Siendo \u00a0que en realidad Jos\u00e9 Leonidas -no El\u00edas o Eliecer- Zambrano Torres fue \u00a0elegido \u00a0 como \u00a0concejal \u00a0de \u00a0G\u00e1mbita \u00a0(Santander), \u00a0seg\u00fan \u00a0las \u00a0estad\u00edsticas \u00a0electorales \u00a0de \u00a02000 publicadas por la Registradur\u00eda Nacional del Estado Civil \u00a0en su p\u00e1gina web. \u00a0\u00a0<\/p>\n<p>50 \u00a0Sentencia \u00danica Instancia 15\/09\/2010 Radicado 28.835. \u00a0\u00a0<\/p>\n<p>51 \u00a0Corroborando \u00a0 \u00a0ello \u00a0 Euler \u00a0 Arcadio \u00a0 Garc\u00eda, \u00a0 quien \u00a0 dijo \u00a0 en \u00a0 injurada \u00a0que: \u00a0\u201cen \u00a0el \u00a0carro \u00a0iba \u00a0era \u00a0como \u00a0propaganda de \u00a0pol\u00edticos, \u00a0 \u00e9l \u00a0 llevaba \u00a0un \u00a0poco \u00a0de \u00a0cosas \u00a0de \u00a0pol\u00edtica\u201d \u00a0(fl. 182 c. o. 6). \u00a0\u00a0<\/p>\n<p>52 \u00a0Asegur\u00f3 \u00a0en dicha injurada: \u201csoy delegado pol\u00edtico \u00a0del \u00a0doctor \u00a0CARLOS \u00a0ARTURO \u00a0CLAVIJO \u00a0VARGAS \u00a0que \u00a0es senador de la Rep\u00fablica y \u00a0actualmente \u00a0estoy \u00a0encargado de liberar (sic) \u00a0la campa\u00f1a pol\u00edtica del Coronel \u00a0(r)\u00a0 \u00a0 HUGO \u00a0 AGUILAR \u00a0 para \u00a0 la \u00a0 Gobernaci\u00f3n \u00a0de \u00a0Santander \u00a0y \u00a0del \u00a0doctor ALONSO (sic) \u00a0RIA\u00d1O \u00a0CASTILLO para la Asamblea que \u00e9l actualmente es diputado \u00a0(\u2026) \u00a0el \u00a0d\u00eda \u00a0s\u00e1bado \u00a0pasado \u00a0me \u00a0dirig\u00eda \u00a0hacia las veredas del Guamo y la \u00a0Aragua \u00a0a \u00a0realizar \u00a0unas \u00a0reuniones \u00a0referentes a la \u00a0campa\u00f1a \u00a0 que \u00a0se \u00a0adelanta \u00a0del \u00a0Coronel \u00a0(r)\u00a0 \u00a0HUGO \u00a0AGUILAR \u00a0(\u2026) \u00a0abrieron \u00a0el \u00a0carro, sacaron las maletas y requisaron como \u00a0normal \u00a0y \u00a0nos \u00a0sacaron \u00a0la \u00a0ropa \u00a0y todo lo que hab\u00eda en el carro, \u00a0incluyendo \u00a0los afiches de la publicidad del doctor AGUILAR (\u2026) \u00a0yo \u00a0no \u00a0creo \u00a0que \u00a0el \u00a0doctor CARLOS ARTURO CLAVIJO senador de la Rep\u00fablica, el \u00a0doctor \u00a0HUGO \u00a0AGUILAR \u00a0candidato \u00a0a \u00a0la \u00a0Gobernaci\u00f3n de Santander y el diputado \u00a0ALFONSO \u00a0RIA\u00d1O \u00a0hayan \u00a0buscado \u00a0una \u00a0persona \u00a0de mala fe y de malos vicios para \u00a0liberar \u00a0(sic) su campa\u00f1a \u00a0en \u00a0este \u00a0sector\u201d \u00a0(fls. \u00a0202-2011 c. o. 6). (Negrilla de la Sala). \u00a0\u00a0<\/p>\n<p>53 \u00a0Quien \u00a0 adujo: \u00a0\u201cel \u00a0conductor \u00a0del \u00a0montero \u00a0verde \u00a0-es \u00a0decir CARO PATI\u00d1O- me \u00a0dijo \u00a0que \u00a0\u00e9l \u00a0iba \u00a0o \u00a0est\u00e1 realizando una campa\u00f1a \u00a0pol\u00edtica \u00a0a un se\u00f1or Coronel don HUGO\u201d\u00a0 \u00a0(fl. \u00a0155 \u00a0c. \u00a0o. 6). (Resalta la \u00a0Corte). \u00a0\u00a0<\/p>\n<p>54 \u00a0Quien \u00a0al \u00a0efecto \u00a0se\u00f1al\u00f3 \u00a0en \u00a0declaraci\u00f3n \u00a0rendida el 24 de octubre de 2003: \u00a0\u201cYo \u00a0distingo a dos \u2026 y ORLANDO que es pol\u00edtico, \u00a0anda \u00a0haciendo \u00a0pol\u00edtica \u00a0\u2026 \u00a0le \u00a0hace \u00a0campa\u00f1a al \u00a0Coronel \u00a0 HUGO \u00a0AGUILAR \u00a0que \u00a0es \u00a0el \u00a0candidato \u00a0a \u00a0la \u00a0Gobernaci\u00f3n\u201d (fl. 214 c. o. 6) (Negrita de la Sala).\u00a0 \u00a0\u00a0<\/p>\n<p>55 \u00a0Mediante \u00a0el \u00a0cual \u00a0se \u00a0advierte: \u201cCERTIFICO: Que el \u00a0se\u00f1or \u00a0 ORLANDO \u00a0CARO \u00a0PATI\u00d1O \u00a0identificado \u00a0con \u00a0el \u00a0N\u00famero \u00a0de \u00a0c\u00e9dula \u00a0de \u00a0ciudadan\u00eda \u00a0N\u00famero \u00a013.236.475 \u00a0expedida \u00a0en \u00a0el municipio de C\u00facuta Norte de \u00a0Santander, \u00a0es el jefe de debate y delegado pol\u00edtico \u00a0de \u00a0mi \u00a0campa\u00f1a \u00a0para \u00a0la \u00a0Asamblea \u00a0y \u00a0a \u00a0la \u00a0Gobernaci\u00f3n del Departamento de \u00a0Santander, \u00a0\u201cHUGO AGUILAR GOBERNADOR \u201cSANTANDER EN \u00a0SERIO\u201d. \u00a0En \u00a0los municipios de el Carmen de Chucur\u00ed, San Vicente de Chucur\u00ed, \u00a0Simacota, \u00a0 \u00a0 Santa \u00a0 \u00a0Helena \u00a0 \u00a0del \u00a0 \u00a0Op\u00f3n, \u00a0 \u00a0La \u00a0 \u00a0Paz, \u00a0 \u00a0La \u00a0 \u00a0Guada \u00a0 \u00a0y \u00a0Barrancabermeja.\u201d \u00a0(fl. \u00a0212 \u00a0c. o. 6). (Resalta la \u00a0Corte). \u00a0\u00a0<\/p>\n<p>56 Ver \u00a0p. \u00a0 e. \u00a0 auto \u00a0\u00fanica \u00a0instancia \u00a0del \u00a019\/10\/2011 \u00a0Radicado \u00a035.331 \u00a0que \u00a0dice: \u00a0\u201cla Sala reitera lo aducido en la acusaci\u00f3n, en el \u00a0sentido \u00a0que \u00a0el \u00a0derecho de contradicci\u00f3n como expresi\u00f3n del de defensa no se \u00a0restringe \u00a0al \u00a0contrainterrogatorio \u00a0de \u00a0los \u00a0testigos, \u00a0sino \u00a0que se efectiviza \u00a0cuando \u00a0se hace la valoraci\u00f3n o cr\u00edtica de sus asertos, o a trav\u00e9s del aporte \u00a0de \u00a0otros \u00a0medios \u00a0de \u00a0convicci\u00f3n en orden a desvirtuar lo que milita en contra \u00a0del procesado\u201d. \u00a0\u00a0<\/p>\n<p>57 \u00a0Fls. 25-27 c. o. 9. \u00a0\u00a0<\/p>\n<p>58 \u00a0Fls. 240-261 c. o. 9. \u00a0\u00a0<\/p>\n<p>59 \u00a0Fls. 3-13 Anexo 48: \u00a0\u00a0<\/p>\n<p>60 \u00a0Fls. 25-36 Anexo 48. \u00a0\u00a0<\/p>\n<p>61 \u00a0Fls. 14-24 y 37-47 y Anexo 48. \u00a0\u00a0<\/p>\n<p>62 Fl. \u00a0640 -641 Anexo 8. \u00a0\u00a0<\/p>\n<p>63 \u00a0Fls. 832-835 Anexo 8. \u00a0\u00a0<\/p>\n<p>64 \u00a0Fls. 836 y 837 Anexo 8. \u00a0\u00a0<\/p>\n<p>65 \u00a0Fls. 71-72 c. o. 10. \u00a0\u00a0<\/p>\n<p>66 \u00a0Seg\u00fan\u00a0 \u00a0informe \u00a0del \u00a0CTI No. 409826 del 17 de julio de 2008 (fls. 212-232 \u00a0c. o. 2). \u00a0\u00a0<\/p>\n<p>67 \u00a0Fls. 97.102 c. o. 1. \u00a0\u00a0<\/p>\n<p>68 A \u00a0quien \u00a0Iv\u00e1n \u00a0Roberto Duque Gaviria, alias \u201cErnesto B\u00e1ez\u201d, y Rodrigo P\u00e9rez \u00a0Alzate, \u00a0 alias \u00a0 \u201cJuli\u00e1n \u00a0 Bol\u00edvar\u201d, \u00a0 reconocen \u00a0en \u00a0la \u00a0audiencia \u00a0como \u00a0\u201ccomisario \u00a0 \u00a0mayor\u201d \u00a0 \u00a0del \u00a0 \u00a0\u201cBCB\u201d \u00a0 \u00a0que \u00a0 \u00a0fungi\u00f3 \u00a0 como \u00a0 tal \u00a0 en \u00a0Santander. \u00a0\u00a0<\/p>\n<p>69 \u00a0Fls. 272-288\u00a0 c. o. 9. \u00a0\u00a0<\/p>\n<p>70 \u00a0Fls. 20-28 c. o. 10. \u00a0\u00a0<\/p>\n<p>71 \u00a0Sentencia \u00a0 \u00a0Casaci\u00f3n \u00a0 \u00a014\/02\/2001 \u00a0 \u00a0Radicaci\u00f3n \u00a012.760. \u00a0\u00a0<\/p>\n<p>72 \u00a0Fls. 12-33 c. o. 5. \u00a0\u00a0<\/p>\n<p>73 Fl. \u00a0240 Anexo 1. \u00a0\u00a0<\/p>\n<p>74 240 \u00a0y 241 Anexo 1. \u00a0\u00a0<\/p>\n<p>75 Fl. \u00a0188 c. o. 1.; 57-67 c. o. 10. y 182 y 200 c. o. 15 (CD). \u00a0\u00a0<\/p>\n<p>76 \u00a0Como \u00a0as\u00ed \u00a0lo \u00a0registran \u00a0las \u00a0publicaciones \u00a0period\u00edsticas \u00a0que alleg\u00f3 (fls. \u00a0211-216 c. o. 1). \u00a0\u00a0<\/p>\n<p>77 \u00a0Fls. 145-155 c. o. 5. \u00a0\u00a0<\/p>\n<p>78 Fl. \u00a0267 c. o. 15. \u00a0\u00a0<\/p>\n<p>79 Fl. \u00a0251-cuaderno No. 17 anexo. \u00a0\u00a0<\/p>\n<p>80 \u00a0Sentencia del 18\/01\/2012 Radicado 32.764. \u00a0\u00a0<\/p>\n<p>81 \u00a0Sentencia del 18\/01\/2012 Radicado 27.408. \u00a0\u00a0<\/p>\n<p>82 \u00a0Fls. 1-87 c. o. 11. \u00a0\u00a0<\/p>\n<p>83 \u00a0Sentencia \u00danica Instancia 18\/03\/2010 Radicaci\u00f3n 27.032. \u00a0\u00a0<\/p>\n<p>84 El \u00a001\/01\/2004 \u00a0seg\u00fan \u00a0Acta \u00a0001 de la Notar\u00eda Tercera del Circuito de Bucaramanga \u00a0(fls. 3-5 Anexo 5). \u00a0\u00a0<\/p>\n<p>85 \u00a0Resoluci\u00f3n \u00a0001 \u00a0del 01\/01\/2004 y Acta de Posesi\u00f3n 004 de la misma fecha (fls. \u00a095 y 153 Anexo 3). \u00a0\u00a0<\/p>\n<p>86 \u00a0Fls. 213-216 c. o. 1; 4 c. o. 2 (CD) y 217-238 c. o. 4. \u00a0\u00a0<\/p>\n<p>87 Fl. \u00a0196-207 c. o. 4. \u00a0\u00a0<\/p>\n<p>88 \u00a0Seg\u00fan \u00a0lo \u00a0manifestado \u00a0por \u00a0Iv\u00e1n Roberto Duque y Rodrigo P\u00e9rez Alzate en sus \u00a0declaraciones. \u00a0\u00a0<\/p>\n<p>89 \u00a0Declaraci\u00f3n trasladada del 22\/03\/2011 (fl. 232 c. o. 16 CD). \u00a0\u00a0<\/p>\n<p>90 \u00a0Testimonio rendido el 16\/01\/2013 en la vista p\u00fablica (CD). \u00a0\u00a0<\/p>\n<p>91 \u00a0Sentencias \u00a0\u00fanica \u00a0Instancia \u00a0del \u00a020\/06\/2012 y 03\/023\/2010, Radicados 39.084 y \u00a026.584 respectivamente. \u00a0\u00a0<\/p>\n<p>92 \u00a0Como \u00a0lo \u00a0anunci\u00f3 \u00a0en \u00a0su \u00a0versi\u00f3n \u00a0rendida \u00a0el \u00a025\/06\/2009 \u00a0(Fl. \u00a0136 \u00a0c. \u00a0o. \u00a09). \u00a0\u00a0<\/p>\n<p>93 \u00a0Versi\u00f3n del 17\/06\/2099 (fl. 104 c. o. 9). \u00a0\u00a0<\/p>\n<p>94\u00a0 \u00a0Peri\u00f3dico \u00a0Vanguardia \u00a0Liberal \u00a0p\u00e1g. 2 A del 19\/12\/2003 y \u00a0archivo \u00a0digital \u00a0del \u00a0peri\u00f3dico El Tiempo del 22\/12\/2003 (fls. 82-85 c. o. 7). \u00a0\u00a0<\/p>\n<p>95 Fl. \u00a095 c. o. 7. \u00a0\u00a0<\/p>\n<p>96 Ver \u00a0sentencia \u00a0casaci\u00f3n \u00a004\/04\/2002 \u00a0Radicado \u00a011.829 \u00a0y \u00a0auto casaci\u00f3n 06\/03\/2013 \u00a0Radicado 37.388. \u00a0\u00a0<\/p>\n<p>97 \u00a0Auto casaci\u00f3n 04\/03\/2009 Radicado 30.911. \u00a0 \u00a0\u00a0<\/p>\n<p><\/p>\n","protected":false},"excerpt":{"rendered":"<p>CORTE SUPREMA DE JUSTICIA \u00a0 SALA DE CASACI\u00d3N PENAL \u00a0 Aprobado acta No. 263 \u00a0 Bogot\u00e1, D. C., catorce (14) de agosto de dos \u00a0mil trece (2013).\u00a0 \u00a0\u00a0 \u00a0 \u00a0 \u00a0 I. A S U N T O \u00a0 \u00a0\u00a0 \u00a0 \u00a0\u00a0 \u00a0\u00a0 \u00a0\u00a0Luego \u00a0de \u00a0celebrada \u00a0la \u00a0diligencia \u00a0de \u00a0audiencia \u00a0p\u00fablica,\u00a0 \u00a0corresponde \u00a0a \u00a0la Corte [&hellip;]<\/p>\n","protected":false},"author":1,"featured_media":0,"comment_status":"open","ping_status":"open","sticky":false,"template":"","format":"standard","meta":{"footnotes":""},"categories":[21],"tags":[],"class_list":["post-25612","post","type-post","status-publish","format-standard","hentry","category-21"],"_links":{"self":[{"href":"https:\/\/dmsjuridica.com\/buscador_20179478954\/salapenalcronologico20230723\/wp-json\/wp\/v2\/posts\/25612","targetHints":{"allow":["GET"]}}],"collection":[{"href":"https:\/\/dmsjuridica.com\/buscador_20179478954\/salapenalcronologico20230723\/wp-json\/wp\/v2\/posts"}],"about":[{"href":"https:\/\/dmsjuridica.com\/buscador_20179478954\/salapenalcronologico20230723\/wp-json\/wp\/v2\/types\/post"}],"author":[{"embeddable":true,"href":"https:\/\/dmsjuridica.com\/buscador_20179478954\/salapenalcronologico20230723\/wp-json\/wp\/v2\/users\/1"}],"replies":[{"embeddable":true,"href":"https:\/\/dmsjuridica.com\/buscador_20179478954\/salapenalcronologico20230723\/wp-json\/wp\/v2\/comments?post=25612"}],"version-history":[{"count":0,"href":"https:\/\/dmsjuridica.com\/buscador_20179478954\/salapenalcronologico20230723\/wp-json\/wp\/v2\/posts\/25612\/revisions"}],"wp:attachment":[{"href":"https:\/\/dmsjuridica.com\/buscador_20179478954\/salapenalcronologico20230723\/wp-json\/wp\/v2\/media?parent=25612"}],"wp:term":[{"taxonomy":"category","embeddable":true,"href":"https:\/\/dmsjuridica.com\/buscador_20179478954\/salapenalcronologico20230723\/wp-json\/wp\/v2\/categories?post=25612"},{"taxonomy":"post_tag","embeddable":true,"href":"https:\/\/dmsjuridica.com\/buscador_20179478954\/salapenalcronologico20230723\/wp-json\/wp\/v2\/tags?post=25612"}],"curies":[{"name":"wp","href":"https:\/\/api.w.org\/{rel}","templated":true}]}}