{"id":25483,"date":"2023-09-12T19:49:07","date_gmt":"2023-09-12T19:49:07","guid":{"rendered":"https:\/\/dmsjuridica.com\/buscador_20179478954\/salapenalcronologico20230723\/2023\/09\/12\/3595411-09-13\/"},"modified":"2023-09-12T19:49:07","modified_gmt":"2023-09-12T19:49:07","slug":"3595411-09-13","status":"publish","type":"post","link":"https:\/\/dmsjuridica.com\/buscador_20179478954\/salapenalcronologico20230723\/2023\/09\/12\/3595411-09-13\/","title":{"rendered":"35954(11-09-13)"},"content":{"rendered":"\n<p>\u00a0 \u00a0 CORTE SUPREMA DE JUSTICIA \u00a0<\/p>\n<p>SALA DE CASACI\u00d3N PENAL \u00a0<\/p>\n<p>\u00a0 \u00a0\u00a0 \u00a0\u00a0 \u00a0\u00a0 \u00a0 \u00a0 \u00a0\u00a0 \u00a0\u00a0 \u00a0\u00a0 \u00a0\u00a0 \u00a0\u00a0 \u00a0 \u00a0 \u00a0\u00a0<\/p>\n<p>Magistrado Ponente: \u00a0<\/p>\n<p>JAVIER ZAPATA ORTIZ \u00a0<\/p>\n<p>Aprobado \u00a0 \u00a0Acta \u00a0 \u00a0No. \u00a0 \u00a0302 \u00a0\u00a0<\/p>\n<p>\u00a0 \u00a0\u00a0 \u00a0\u00a0 \u00a0\u00a0Bogot\u00e1 \u00a0D. \u00a0C., \u00a0septiembre once (11) de \u00a0dos trece (2013) \u00a0\u00a0<\/p>\n<p>VISTOS: \u00a0<\/p>\n<p>Celebrada la audiencia p\u00fablica, corresponde \u00a0a \u00a0la \u00a0Corte \u00a0dictar \u00a0sentencia \u00a0de \u00a0\u00fanica instancia \u00a0dentro \u00a0del \u00a0juicio \u00a0adelantado \u00a0contra \u00a0el \u00a0 \u00a0 \u00a0 \u00a0 ex \u00a0 \u00a0 \u00a0 \u00a0\u2013 gobernador \u00a0del \u00a0Departamento de Sucre, \u00a0SALVADOR \u00a0 ARANA \u00a0 SUS, \u00a0 acusado \u00a0por \u00a0el \u00a0 delito \u00a0de \u00a0 \u00a0peculado \u00a0 \u00a0por \u00a0apropiaci\u00f3n. \u00a0\u00a0<\/p>\n<p>HECHOS \u00a0<\/p>\n<p>Fueron presentados por el Fiscal General de \u00a0la Naci\u00f3n en la resoluci\u00f3n acusatoria de la siguiente manera: \u00a0\u00a0<\/p>\n<p>\u201cLa \u00a0situaci\u00f3n f\u00e1ctica materia de calificaci\u00f3n tuvo su g\u00e9nesis en \u00a0las \u00a0copias expedidas por la Fiscal\u00eda Sexta de la Unidad Nacional Especializada \u00a0en \u00a0Delitos \u00a0contra \u00a0la \u00a0Administraci\u00f3n \u00a0P\u00fablica, tomadas de la investigaci\u00f3n \u00a01625, \u00a0en \u00a0atenci\u00f3n a que el doctor Salvador Arana Sus, a la saz\u00f3n, Gobernador \u00a0del \u00a0 Departamento \u00a0de \u00a0Sucre \u00a0(2001 \u00a0\u2013 \u00a02003), \u00a0dispuso \u00a0el pago doble de varios contratos celebrados por \u00a0el \u00a0Municipio \u00a0de \u00a0Santiago \u00a0de \u00a0Tol\u00fa, \u00a0por la suma de $478.669.719, con lo que \u00a0afect\u00f3 \u00a0los \u00a0recursos \u00a0provenientes de regal\u00edas y compensaciones, y benefici\u00f3 \u00a0de \u00a0manera coet\u00e1nea el patrimonio il\u00edcito de las autodefensas de la regi\u00f3n, a \u00a0cargo \u00a0 de \u00a0 Edward \u00a0 Cobo \u00a0T\u00e9llez, \u00a0alias \u00a0\u201cDiego \u00a0Vecino\u201d. \u00a0\u00a0<\/p>\n<p>(\u2026) \u00a0<\/p>\n<p>Llevadas \u00a0a \u00a0cabo \u00a0las \u00a0pesquisas \u00a0se \u00a0pudo \u00a0establecer, \u00a0 que \u00a0 con \u00a0 el \u00a0 benepl\u00e1cito \u00a0 del \u00a0 gobernador \u00a0 Arana \u00a0Sus, \u00a0la \u00a0administraci\u00f3n \u00a0departamental \u00a0desembols\u00f3, \u00a0por segunda vez, una significativa \u00a0suma \u00a0de \u00a0dinero, \u00a0en \u00a0detrimento \u00a0del tesoro p\u00fablico, toda vez que, cuatro (4) \u00a0a\u00f1os \u00a0antes, \u00a0aproximadamente, \u00a0el \u00a0Municipio \u00a0de \u00a0Santiago \u00a0de \u00a0Tol\u00fa, \u00a0hab\u00eda \u00a0efectuado \u00a0 \u00edntegramente \u00a0 el \u00a0 pago \u00a0 de \u00a0los \u00a0contratos \u00a0de \u00a0obras \u00a0p\u00fablicas \u00a0distinguidos \u00a0 \u00a0 con \u00a0 \u00a0 los \u00a0 \u00a0guarismos \u00a0 \u00a0146-OC-MST-95; \u00a0 \u00a0153-OC-MST-11-95; \u00a0D09-OC-MST-06-97; \u00a0 D-10-OC-MST-06-97; \u00a0 D-11-OC-MST-06-97; \u00a0 D-12-OC-MST-06-97; \u00a0D-13-OC-MST-06-97; \u00a0 D-14-OC-MST-06-97; \u00a0 D-15-OC-MST-06-97; \u00a0D-16-OC-MST-06-97; \u00a0D-17-OC-MST-06-97; \u00a0 D-18-OC-MST-06-97; \u00a0 D-19-OC-MST-06-97; \u00a0D-20-OC-MST-06-97; \u00a0D-21-OC-MST-06-97\u201d. \u00a0\u00a0<\/p>\n<p>FILIACI\u00d3N \u00a0 \u00a0 \u00a0 \u00a0DEL \u00a0 \u00a0 \u00a0 \u00a0 \u00a0 \u00a0 \u00a0ACUSADO: \u00a0\u00a0<\/p>\n<p>SALVADOR \u00a0 \u00a0ARANA \u00a0 SUS, \u00a0 identificado \u00a0 con \u00a0 la \u00a0 c\u00e9dula \u00a0 de \u00a0ciudadan\u00eda \u00a0 \u00a0 n\u00famero \u00a0 \u00a0 72.137.077 \u00a0 \u00a0 de \u00a0 \u00a0 Barranquilla, \u00a0 \u00a0 natural \u00a0de \u00a0Magangu\u00e9 \u00a0(Bol\u00edvar), \u00a0nacido \u00a0el \u00a027 de noviembre de \u00a01962, \u00a0hijo \u00a0de \u00a0Abud \u00a0Arana \u00a0y \u00a0Janeth \u00a0Sus, \u00a0casado, \u00a0estudios \u00a0 de \u00a0 postgrado \u00a0 en \u00a0salud \u00a0p\u00fablica, \u00a0de \u00a0profesi\u00f3n \u00a0 \u00a0m\u00e9dico \u00a0cirujano.\u00a0 \u00a0\u00a0<\/p>\n<p>RESOLUCI\u00d3N DE ACUSACI\u00d3N \u00a0<\/p>\n<p>Vinculado \u00a0a \u00a0la \u00a0actuaci\u00f3n \u00a0procesal \u00a0mediante declaratoria de persona \u00a0ausente1, \u00a0definida \u00a0su \u00a0situaci\u00f3n \u00a0jur\u00eddica2 \u00a0 \u00a0 y \u00a0 \u00a0 culminada \u00a0 \u00a0 la \u00a0investigaci\u00f3n3, \u00a0el \u00a0Fiscal General de la Naci\u00f3n en ejercicio de su competencia \u00a0conferida \u00a0por \u00a0el \u00a0art\u00edculo \u00a0251 \u00a0numeral 1\u00ba de la Constituci\u00f3n Pol\u00edtica, y \u00a0art\u00edculo \u00a0 \u00a0115 \u00a0 \u00a0numeral \u00a0 \u00a01\u00ba \u00a0 \u00a0de \u00a0 \u00a0la \u00a0 Ley \u00a0 600 \u00a0 de \u00a0 2000, \u00a0 \u00a0profiri\u00f3 \u00a0 \u00a0resoluci\u00f3n \u00a0 de \u00a0acusaci\u00f3n4 \u00a0en \u00a0contra de SALVADOR ARANA SUS, por \u00a0el \u00a0delito \u00a0de \u00a0 \u00a0 \u00a0 \u00a0 peculado \u00a0 \u00a0 \u00a0 \u00a0 por \u00a0apropiaci\u00f3n previsto por \u00a0el \u00a0 \u00a0art\u00edculo \u00a0 \u00a0397 \u00a0 del \u00a0 C\u00f3digo \u00a0Penal. \u00a0\u00a0<\/p>\n<p>En \u00a0el \u00a0pliego \u00a0de \u00a0cargos, \u00a0no \u00a0 \u00a0se \u00a0 \u00a0le \u00a0 \u00a0atribuyeron \u00a0 \u00a0circunstancias \u00a0 \u00a0gen\u00e9ricas \u00a0 de \u00a0agravaci\u00f3n. \u00a0\u00a0<\/p>\n<p>ETAPA DEL JUICIO \u00a0<\/p>\n<p>Ejecutoriada \u00a0 \u00a0 la \u00a0 \u00a0 resoluci\u00f3n \u00a0acusatoria \u00a0y superadas las incidencias relativas al \u00a0tr\u00e1mite \u00a0 \u00a0de \u00a0 \u00a0la \u00a0 \u00a0causa, \u00a0 \u00a0el \u00a0 16 \u00a0de enero \u00a0de \u00a0 2012 \u00a0se \u00a0llev\u00f3 \u00a0a \u00a0cabo audiencia preparatoria, disponi\u00e9ndose de la \u00a0pr\u00e1ctica \u00a0de \u00a0diversas \u00a0pruebas \u00a0tanto \u00a0a \u00a0petici\u00f3n \u00a0de la defensa, \u00a0del \u00a0Ministerio \u00a0P\u00fablico \u00a0como \u00a0de \u00a0manera \u00a0oficiosa. Antes de la audiencia p\u00fablica de juzgamiento se acopiaron las \u00a0siguientes en raz\u00f3n de su naturaleza: \u00a0\u00a0<\/p>\n<p>1. Copia \u00a0de \u00a0la \u00a0resoluci\u00f3n \u00a0de \u00a0preclusi\u00f3n \u00a0de \u00a0la \u00a0instrucci\u00f3n, \u00a0proferida \u00a0por \u00a0la \u00a0Fiscal\u00eda Sexta de la Unidad Nacional Anticorrupci\u00f3n dentro \u00a0de \u00a0la \u00a0investigaci\u00f3n \u00a0que \u00a0all\u00ed \u00a0se tramit\u00f3 contra Mar\u00eda Ang\u00e9lica Esquivel \u00a0Lora, \u00a0por \u00a0hechos \u00a0relacionados \u00a0con \u00a0este \u00a0asunto5. \u00a0\u00a0<\/p>\n<p>2. Comunicaciones \u00a0de \u00a0la \u00a0Procuradur\u00eda \u00a0General \u00a0de \u00a0la \u00a0Naci\u00f3n \u00a0y \u00a0Fiscal\u00eda \u00a0General de la Naci\u00f3n, relacionadas con la existencia de antecedentes \u00a0disciplinarios \u00a0y \u00a0penales \u00a0del \u00a0acusado \u00a0ARANA SUS6. \u00a0\u00a0<\/p>\n<p>3. \u00a0Copias \u00a0de la declaraci\u00f3n rendida por \u00a0Sadys \u00a0Enrique \u00a0Rios \u00a0P\u00e9rez, \u00a0rendida \u00a0en \u00a0distintas \u00a0oportunidades \u00a0dentro del \u00a0proceso \u00a0 \u00a032672 \u00a0 adelantado \u00a0 en \u00a0 esta \u00a0 Corporaci\u00f3n \u00a0 contra \u00a0 el \u00a0 \u00a0procesado \u00a0 \u00a0SALVADOR \u00a0 \u00a0ARANA \u00a0SUS7; \u00a0as\u00ed \u00a0mismo la versi\u00f3n rendida ante la Fiscal\u00eda General de la \u00a0Naci\u00f3n \u00a0dentro \u00a0del \u00a0proceso \u00a0de \u00a0Justicia y Paz, por Salvatore Mancuso e Iv\u00e1n \u00a0Roberto \u00a0 \u00a0 \u00a0 \u00a0 \u00a0 Duque \u00a0 \u00a0 \u00a0 \u00a0 \u00a0 Gaviria8. \u00a0\u00a0<\/p>\n<p>4. \u00a0 \u00a0Testimonios \u00a0 de: \u00a0 Olga \u00a0 Mar\u00eda \u00a0Hern\u00e1ndez \u00a0Gonz\u00e1lez9, \u00a0 \u00a0 \u00a0 \u00a0 tesorera \u00a0del \u00a0Departamento \u00a0de \u00a0Sucre; \u00a0Lilo \u00a0 \u00a0 Emiro \u00a0 \u00a0 Negrete \u00a0 \u00a0 Orozco10, \u00a0jefe \u00a0de \u00a0presupuesto de la Gobernaci\u00f3n; \u00a0 \u00a0 Abraham \u00a0 \u00a0 Jos\u00e9 \u00a0 \u00a0 Garc\u00eda \u00a0Montes11, \u00a0 l\u00edder \u00a0del \u00a0\u00e1rea \u00a0contable \u00a0del \u00a0Departamento \u00a0 \u00a0 de \u00a0Sucre; \u00a0ampliaci\u00f3n de la \u00a0declaraci\u00f3n \u00a0 rendida \u00a0 por \u00a0 Wilmer \u00a0 Delancio \u00a0 Vergara \u00a0 Garz\u00f3n12, \u00a0desmovilizado \u00a0de \u00a0las \u00a0autodefensas; \u00a0Alfredo Jos\u00e9 \u00a0Navas \u00a0 \u00a0 \u00a0 \u00a0 \u00a0 \u00a0 \u00a0 \u00a0 \u00a0 \u00a0Patr\u00f3n13, \u00a0 \u00a0 \u00a0 \u00a0ex \u00a0 \u00a0Alcalde \u00a0 \u00a0del \u00a0 Municipio \u00a0 de \u00a0 Tol\u00fa, \u00a0 Sucre; \u00a0 y \u00a0 Mar\u00eda \u00a0 Ang\u00e9lica \u00a0 Esquivel \u00a0Lora14, \u00a0persona que aparece cobrando varias \u00a0cuentas \u00a0al \u00a0Departamento \u00a0de Sucre, por concepto de contratos celebrados por el \u00a0Municipio \u00a0 de \u00a0 Tol\u00fa \u00a0 y \u00a0diferentes \u00a0contratistas.\u00a0 \u00a0\u00a0<\/p>\n<p>El \u00a0 \u00a04 \u00a0de \u00a0febrero del \u00a0 a\u00f1o \u00a0 en \u00a0 curso \u00a0se \u00a0inici\u00f3 \u00a0la \u00a0audiencia \u00a0p\u00fablica de juzgamiento, sesi\u00f3n en la \u00a0cual \u00a0 se \u00a0 interrog\u00f3 \u00a0 al \u00a0 procesado \u00a0 y \u00a0 se \u00a0dio \u00a0comienzo \u00a0a \u00a0la \u00a0fase \u00a0probatoria \u00a0con \u00a0la \u00a0pr\u00e1ctica \u00a0del \u00a0testimonio \u00a0de \u00a0Edward Cobos T\u00e9llez, alias \u00a0\u201cDiego \u00a0 Vecino\u201d, \u00a0actividad \u00a0que \u00a0continu\u00f3 durante la sesi\u00f3n del d\u00eda 5 del mismo mes y a\u00f1o, en \u00a0la \u00a0que \u00a0tambi\u00e9n \u00a0se \u00a0recibi\u00f3 \u00a0el \u00a0testimonio \u00a0de Libardo Duarte; una \u00a0 vez \u00a0 agotada \u00a0la \u00a0pr\u00e1ctica \u00a0de \u00a0pruebas, \u00a0la \u00a0intervenci\u00f3n \u00a0de \u00a0los \u00a0sujetos procesales se llev\u00f3 a cabo en las \u00a0sesiones del 6 de febrero y 1\u00ba de marzo del presente a\u00f1o. \u00a0\u00a0<\/p>\n<p>ALEGATOS \u00a0 \u00a0 \u00a0DE \u00a0 \u00a0 \u00a0CONCLUSI\u00d3N \u00a0\u00a0<\/p>\n<p>1. La Fiscal\u00eda: \u00a0\u00a0<\/p>\n<p>El \u00a0 Fiscal \u00a0D\u00e9cimo \u00a0Delegado ante la \u00a0Corte, \u00a0luego \u00a0de \u00a0referirse a los hechos materia de \u00a0investigaci\u00f3n, \u00a0 \u00a0intervino \u00a0 \u00a0solicitando \u00a0 \u00a0a \u00a0 \u00a0la \u00a0 Sala \u00a0 profiera \u00a0 fallo \u00a0condenatorio por los hechos atribuidos al \u00a0 \u00a0 \u00a0 \u00a0 procesado, \u00a0acorde \u00a0con \u00a0el \u00a0pliego acusatorio15. \u00a0\u00a0<\/p>\n<p>\u00a0 \u00a0 \u00a0 \u00a0 \u00a0<\/p>\n<p>Para \u00a0fundamentar \u00a0esa \u00a0petici\u00f3n,\u00a0 \u00a0destac\u00f3 \u00a0el \u00a0fiscal \u00a0delegado, \u00a0que \u00a0la \u00a0calidad de \u00a0servidor \u00a0p\u00fablico \u00a0del \u00a0doctor \u00a0SALVADOR \u00a0ARANA SUS \u00a0se \u00a0halla \u00a0debidamente \u00a0acreditada, \u00a0puesto \u00a0que fue \u00a0elegido \u00a0como \u00a0Gobernador \u00a0del Departamento de Sucre para el periodo comprendido \u00a0entre \u00a0el \u00a01\u00ba \u00a0de \u00a0enero \u00a0de \u00a0 2001 \u00a0y el 31 de \u00a0diciembre \u00a0 de \u00a0 2003, \u00a0y en tal condici\u00f3n a mediados del 2001 orden\u00f3 \u00a0 el \u00a0 pago \u00a0de \u00a015 \u00a0contratos \u00a0celebrados 4 a\u00f1os atr\u00e1s \u00a0por \u00a0 el \u00a0municipio \u00a0de \u00a0Santiago \u00a0de \u00a0Tol\u00fa, \u00a0con recursos provenientes de regal\u00edas correspondientes al \u00a0mencionado \u00a0municipio, \u00a0por cuanto el mandatario seccional hab\u00eda sido designado \u00a0como \u00a0 \u00a0ejecutor \u00a0 de \u00a0 tales \u00a0 dineros, \u00a0sin \u00a0tener \u00a0en \u00a0cuenta \u00a0que \u00a0dichos \u00a0contratos \u00a0ya hab\u00edan sido \u00a0cancelados \u00a0por \u00a0el \u00a0municipio \u00a0de \u00a0Tol\u00fa, \u00a0de \u00a0lo \u00a0cual \u00a0obran \u00a0los respectivos \u00a0comprobantes. \u00a0\u00a0<\/p>\n<p>Se\u00f1ala \u00a0el \u00a0representante de la Fiscal\u00eda \u00a0que \u00a0los \u00a015 contratistas \u00a0referidos, no obstante el \u00a0pago \u00a0 \u00a0ya \u00a0 \u00a0efectuado \u00a0 \u00a0por \u00a0 \u00a0el \u00a0 \u00a0municipio \u00a0 \u00a0de \u00a0 \u00a0Tol\u00fa, \u00a0 cedieron \u00a0sus \u00a0derechos a la empresa INVERGOLFO, la cual promovi\u00f3 \u00a0acci\u00f3n \u00a0 \u00a0 \u00a0ejecutiva \u00a0 \u00a0 \u00a0en \u00a0 \u00a0 \u00a0contra \u00a0del \u00a0ente \u00a0local \u00a0por \u00a0el \u00a0valor \u00a0total de los citados contratos y 17 m\u00e1s celebrados \u00a0entre \u00a0los \u00a0a\u00f1os \u00a01994 \u00a0y \u00a01996, \u00a0lo \u00a0que motiv\u00f3 a \u00a0la \u00a0 administraci\u00f3n \u00a0municipal \u00a0 a \u00a0realizar \u00a0el \u00a014 \u00a0de agosto de 1997 \u00a0un \u00a0acuerdo \u00a0transaccional \u00a0con el demandante por la \u00a0suma \u00a0 de \u00a0 1.275 \u00a0millones \u00a0de \u00a0pesos. \u00a0No obstante, el mandatario seccional \u00a0orden\u00f3 \u00a0el \u00a0nuevo pago de los se\u00f1alados contratos a favor de la se\u00f1ora Mar\u00eda \u00a0Ang\u00e9lica \u00a0Esquivel \u00a0Lora, representante legal de INVERGOLFO, a la saz\u00f3n esposa \u00a0de \u00a0 Rudolf \u00a0 Paffen, \u00a0 quien \u00a0 fuera \u00a0asesinado \u00a0por \u00a0las \u00a0autodefensas \u00a0de \u00a0la \u00a0regi\u00f3n. \u00a0\u00a0<\/p>\n<p>Para entender la \u00a0raz\u00f3n del doble pago efectuado por la Gobernaci\u00f3n, \u00a0es \u00a0necesario\u00a0 \u00a0conocer \u00a0el \u00a0contexto \u00a0en que se produjo y la situaci\u00f3n de \u00a0orden \u00a0p\u00fablico \u00a0que por la \u00e9poca se presentaba en el Departamento de Sucre, la \u00a0cual \u00a0 \u00a0 \u00a0fue \u00a0 \u00a0 \u00a0reconocida \u00a0 \u00a0 \u00a0por \u00a0 \u00a0 el \u00a0 \u00a0 propio \u00a0 \u00a0 acusado, \u00a0 y \u00a0 con \u00a0la \u00a0sentencia \u00a0proferida \u00a0por la Corte en contra de \u00a0ARANA \u00a0SUS \u00a0por el delito de concierto para delinquir \u00a0agravado, \u00a0 precisamente \u00a0 por \u00a0 los \u00a0nexos \u00a0del \u00a0ex \u00a0Gobernador \u00a0 con \u00a0 los \u00a0 grupos \u00a0 de \u00a0 autodefensa, \u00a0puesto \u00a0que dentro de esa \u00a0realidad \u00a0 \u00a0 \u00a0 que \u00a0 \u00a0 \u00a0vivi\u00f3 \u00a0 \u00a0 \u00a0aquella \u00a0 regi\u00f3n \u00a0del \u00a0pa\u00eds \u00a0es \u00a0que \u00a0los \u00a0recursos \u00a0provenientes \u00a0de \u00a0los \u00a015 \u00a0contratos \u00a0se\u00f1alados \u00a0fueron \u00a0cancelados con dineros del rubro de regal\u00edas y destinados a \u00a0favorecer \u00a0a \u00a0las \u00a0AUC, \u00a0de \u00a0lo \u00a0cual existe la prueba documental y testimonial, \u00a0principalmente \u00a0 por \u00a0 las \u00a0 declaraciones \u00a0 de \u00a0 Edwar \u00a0 Cobos \u00a0 T\u00e9llez \u00a0alias \u00a0\u201cDiego \u00a0Vecino\u201d y la \u00a0se\u00f1ora \u00a0Mar\u00eda \u00a0Ang\u00e9lica \u00a0Esquivel \u00a0Lora, \u00a0quien \u00a0fue \u00a0la persona encargada de \u00a0cobrar \u00a0 los \u00a0 cheques \u00a0 por \u00a0 dicho \u00a0 concepto, \u00a0 \u00a0 \u00a0 \u00a0 bajo coacci\u00f3n de las AUC. \u00a0\u00a0<\/p>\n<p>Es \u00a0evidente \u00a0el \u00a0plan \u00a0preconcebido entre \u00a0servidores \u00a0p\u00fablicos \u00a0y \u00a0los \u00a0grupos \u00a0de autodefensas para defraudar el erario, \u00a0como \u00a0queda \u00a0al \u00a0descubierto \u00a0a trav\u00e9s de los distintos medios de prueba, tales \u00a0como \u00a0el \u00a0relato \u00a0de \u00a0la \u00a0Mar\u00eda \u00a0Ang\u00e9lica \u00a0Esquivel \u00a0Lora, \u00a0quien \u00a0se\u00f1ala \u00a0el \u00a0procedimiento \u00a0utilizado \u00a0por \u00a0las \u00a0AUC \u00a0para \u00a0obligarla a firmar las cuentas de \u00a0cobro, \u00a0 \u00a0presentarlas \u00a0 \u00a0ante \u00a0 \u00a0la \u00a0 \u00a0Gobernaci\u00f3n \u00a0 \u00a0y \u00a0 luego \u00a0 ser \u00a0recogida \u00a0por \u00a0miembros \u00a0de \u00a0las \u00a0autodefensas \u00a0 y \u00a0 llevada \u00a0 a \u00a0 la \u00a0 Tesorer\u00eda \u00a0Departamental \u00a0a \u00a0recibir \u00a0los \u00a0cheques \u00a0y \u00a0entregar \u00a0el \u00a0dinero \u00a0 \u00a0 \u00a0 en \u00a0 \u00a0 \u00a0efectivo \u00a0 \u00a0 \u00a0a \u00a0 \u00a0 \u00a0tales \u00a0acompa\u00f1antes; \u00a0todo esto corroborado por el abogado \u00a0Gabriel \u00a0Angulo \u00a0Hern\u00e1ndez, \u00a0apoderado de INVERGOLFO, quien adem\u00e1s informa que \u00a0era \u00a0un \u00a0hecho \u00a0notorio \u00a0en la ciudad de Sincelejo que a la muerte del esposo de \u00a0Mar\u00eda \u00a0Ang\u00e9lica, \u00a0Rudolf \u00a0Paffen, ella fue coaccionada por las AUC en raz\u00f3n a \u00a0que \u00a0\u00e9ste \u00a0les \u00a0adeudaba \u00a0grandes sumas de dinero en raz\u00f3n a que muchas de las \u00a0obras \u00a0civiles \u00a0ejecutadas \u00a0por \u00a0INVEREGOLFO se realizaron con maquinaria de los \u00a0grupos armados ilegales al margen de la ley. \u00a0\u00a0<\/p>\n<p>Tambi\u00e9n es muy significativo lo dicho por \u00a0el \u00a0mencionado profesional del derecho, que las demandas administrativas estaban \u00a0encaminadas \u00a0a \u00a0obtener el pago de los intereses e indexaci\u00f3n de los contratos, \u00a0y \u00a0para \u00a0ello \u00a0bastaba \u00a0con \u00a0leer \u00a0las \u00a0distintas demandas para advertir que las \u00a0pretensiones \u00a0eran diferentes al cobro del valor total de los citados contratos. \u00a0\u00a0<\/p>\n<p>La \u00a0 \u00a0 actuaci\u00f3n \u00a0 \u00a0 del \u00a0 \u00a0 \u00a0 \u00a0 Gobernador \u00a0frente al \u00a0pago \u00a0 indebido \u00a0de \u00a0los \u00a015 \u00a0contratos, \u00a0resulta \u00a0desde \u00a0todo \u00a0punto \u00a0de \u00a0vista \u00a0inaceptable, \u00a0empezando por la circular interna del 5 de enero de 2001 a trav\u00e9s \u00a0de \u00a0la \u00a0cual \u00a0estableci\u00f3 \u00a0los \u00a0requisitos \u00a0para \u00a0la \u00a0cancelaci\u00f3n \u00a0de cuentas de cobro correspondientes al \u00a0municipio \u00a0 de \u00a0 Tol\u00fa, \u00a0entre \u00a0los \u00a0cuales \u00a0dispuso \u00a0que \u00a0deb\u00eda \u00a0exigirse \u00a0una \u00a0certificaci\u00f3n \u00a0del \u00a0tesorero \u00a0de \u00a0ese \u00a0municipio \u00a0relativa \u00a0a la vigencia de la \u00a0obligaci\u00f3n, \u00a0omitiendo \u00a0requisitos esenciales de acuerdo con la Ley 80 de 1993, \u00a0tales \u00a0como \u00a0el \u00a0de \u00a0responsabilidad \u00a0por el cual ha debido dise\u00f1ar un programa \u00a0especial \u00a0para \u00a0verificar \u00a0el \u00a0pago o no de los contratos, m\u00e1xime que sobre los \u00a0cuales \u00a0se \u00a0hab\u00edan \u00a0iniciado acciones de car\u00e1cter administrativo, pues en este \u00a0caso \u00a0lo que evidencian todas las pruebas es que ARANA SUS encamin\u00f3 su accionar \u00a0a favorecer a las AUC. \u00a0\u00a0<\/p>\n<p>El \u00a0mecanismo \u00a0dise\u00f1ado por el mandatario \u00a0seccional \u00a0para \u00a0el \u00a0pago \u00a0de los citados contratos estuvo dirigido a desconocer \u00a0los \u00a0principios \u00a0m\u00ednimos \u00a0de la contrataci\u00f3n, si se \u00a0tiene \u00a0en \u00a0cuenta \u00a0que \u00a0los \u00a0contratos \u00a0hab\u00edan sido \u00a0cancelados a\u00f1os atr\u00e1s y \u00a0en \u00a0las resoluciones de pago expedidas por el Gobernador y en ellas nada se dijo \u00a0al \u00a0 \u00a0respecto, \u00a0 mucho \u00a0 menos \u00a0 en \u00a0 lo \u00a0 atinente \u00a0a \u00a0los \u00a0juicios \u00a0ejecutivos \u00a0y \u00a0el \u00a0por \u00a0qu\u00e9 \u00a0proced\u00eda \u00a0o \u00a0no \u00a0a \u00a0su \u00a0reconocimiento, y menos a\u00fan le \u00a0mereci\u00f3 \u00a0reparo \u00a0alguno \u00a0al \u00a0mandatario \u00a0el \u00a0que \u00a0solo \u00a0se exigiera el pago del \u00a0capital \u00a0\u00fanicamente \u00a0y \u00a0no \u00a0se \u00a0cobraran \u00a0sumas \u00a0por \u00a0concepto \u00a0de \u00a0intereses o \u00a0indexaci\u00f3n \u00a0por mora. Sobre este punto, resalta la Fiscal\u00eda, las decisiones de \u00a0la \u00a0 Contralor\u00eda \u00a0en \u00a0desarrollo \u00a0del \u00a0juicio \u00a0fiscal, \u00a0as\u00ed \u00a0como \u00a0los \u00a0de \u00a0la \u00a0Procuradur\u00eda \u00a0en los procesos disciplinarios, en cuyos pronunciamientos se pone \u00a0de \u00a0presente el accionar del funcionario encaminado \u00a0a \u00a0defraudar \u00a0el \u00a0patrimonio p\u00fablico para favorecer a \u00a0los grupos de las autodefensas. \u00a0\u00a0<\/p>\n<p>Concluye el representante de la Fiscal\u00eda, \u00a0se\u00f1alando \u00a0que \u00a0en este caso el material probatorio allegado cumple a cabalidad \u00a0con \u00a0los \u00a0presupuestos \u00a0del \u00a0art\u00edculo \u00a0232 \u00a0del \u00a0C\u00f3digo de Procedimiento Penal \u00a0para \u00a0 emitir \u00a0un \u00a0fallo \u00a0condenatorio \u00a0y \u00a0as\u00ed \u00a0lo \u00a0solicita. \u00a0\u00a0<\/p>\n<p>2. El Ministerio P\u00fablico. \u00a0<\/p>\n<p>La \u00a0 \u00a0 Procuradora \u00a0 \u00a0 Segunda \u00a0 \u00a0 Delegada \u00a0 \u00a0 para \u00a0 \u00a0la \u00a0Investigaci\u00f3n \u00a0 y \u00a0 Juzgamiento \u00a0 Penal, \u00a0luego \u00a0de \u00a0rese\u00f1ar \u00a0el \u00a0aspecto \u00a0f\u00e1ctico \u00a0y \u00a0el problema \u00a0 jur\u00eddico \u00a0 a \u00a0resolver, solicita a la Corte proferir \u00a0sentencia \u00a0 \u00a0 condenatoria \u00a0 \u00a0en \u00a0 \u00a0contra \u00a0 \u00a0del \u00a0acusado16, \u00a0 \u00a0 con \u00a0 \u00a0fundamento \u00a0 \u00a0en \u00a0 \u00a0las \u00a0consideraciones \u00a0que \u00a0se \u00a0sintetizan \u00a0de la siguiente \u00a0manera: \u00a0\u00a0<\/p>\n<p>El \u00a0material \u00a0probatorio \u00a0permite \u00a0afirmar \u00a0que \u00a0los \u00a0elementos \u00a0que \u00a0configuran \u00a0el delito de \u00a0peculado \u00a0por \u00a0apropiaci\u00f3n \u00a0se \u00a0hallan \u00a0reunidos \u00a0en \u00a0este \u00a0caso, pues ante los \u00a0cuestionados \u00a0manejos \u00a0de los dineros provenientes de regal\u00edas por el municipio \u00a0de \u00a0Santiago \u00a0de \u00a0Tol\u00fa, la Comisi\u00f3n Nacional de Regal\u00edas dispuso el cambio de \u00a0ejecutor \u00a0y \u00a0design\u00f3 \u00a0al \u00a0Gobernador del Departamento de Sucre, en este caso el \u00a0doctor \u00a0 SALVADOR \u00a0 ARANA \u00a0SUS, \u00a0quien \u00a0en \u00a0tal \u00a0condici\u00f3n, cinco d\u00edas despu\u00e9s de su posesi\u00f3n expidi\u00f3 \u00a0una \u00a0circular \u00a0interna \u00a0de \u00a0fecha \u00a05 \u00a0de \u00a0enero de 2001, en la cual se\u00f1al\u00f3 los \u00a0requisitos \u00a0 \u00a0que \u00a0 \u00a0en \u00a0 \u00a0adelante \u00a0 se \u00a0deber\u00edan observar para la cancelaci\u00f3n de las obligaciones ya \u00a0fenecidas \u00a0y \u00a0cargo del municipio de Tol\u00fa, como son: (i) contrato, (ii) acta de \u00a0inicio \u00a0de \u00a0obra, \u00a0(iii) acta final de obra, (iv) constancia de pagos efectuados \u00a0por \u00a0Tol\u00fa \u00a0al \u00a0contrato, \u00a0y \u00a0(v) \u00a0los \u00a0dem\u00e1s que se \u00a0estimen \u00a0necesarios; \u00a0adicionalmente, \u00a0la resoluci\u00f3n \u00a0de \u00a0la \u00a0Gobernaci\u00f3n \u00a0con \u00a0la \u00a0cual \u00a0se \u00a0ordenaba \u00a0el pago de la acreencia. Este \u00a0mecanismo \u00a0 estaba \u00a0 encaminado \u00a0 a \u00a0 facilitar \u00a0 la \u00a0cancelaci\u00f3n \u00a0de \u00a0obligaciones a cargo del municipio \u00a0de \u00a0Tol\u00fa, en forma irregular, pues en este caso el mandatario seccional dispuso \u00a0el \u00a0 importe \u00a0 de \u00a0 15 \u00a0contratos \u00a0 de \u00a0 obra \u00a0 celebrados \u00a0 por \u00a0el \u00a0municipio \u00a0de \u00a0Santiago \u00a0de \u00a0Tol\u00fa \u00a0en \u00a0los a\u00f1os 1995 y 1997 \u00a0ya \u00a0 cancelados \u00a0a\u00f1os \u00a0atr\u00e1s \u00a0 \u00a0por \u00a0 \u00a0esa \u00a0administraci\u00f3n \u00a0 \u00a0 \u00a0 \u00a0 \u00a0 \u00a0 local. \u00a0\u00a0<\/p>\n<p>Con \u00a0 tal \u00a0 acto \u00a0 administrativo, \u00a0 el \u00a0burgomaestre \u00a0reform\u00f3 \u00a0las exigencias de la Ley 80 de 1993 para el finiquito de \u00a0la \u00a0contrataci\u00f3n, \u00a0como \u00a0por \u00a0ejemplo \u00a0dej\u00f3 de lado \u00a0el \u00a0acta \u00a0de \u00a0liquidaci\u00f3n \u00a0final del contrato o las \u00a0actas de conciliaci\u00f3n. \u00a0\u00a0<\/p>\n<p>En \u00a0 \u00a0este \u00a0 \u00a0evento, \u00a0 \u00a0el \u00a0cobro de los 15 contratos se llev\u00f3 \u00a0a \u00a0cabo \u00a0en \u00a0un \u00a0expedito \u00a0andamiaje \u00a0criminal, \u00a0que \u00a0contaba \u00a0con \u00a0el \u00a0procedimiento \u00a0dispuesto \u00a0por el Gobernador ARANA SUS, el cual \u00a0estaba \u00a0encaminado \u00a0a apropiarse de la suma de $478.669.710 a favor de las AUC y \u00a0para \u00a0ello \u00a0se \u00a0presentaron \u00a0las \u00a0cuentas de cobro por parte de Mar\u00eda Ang\u00e9lica \u00a0Esquivel \u00a0 \u00a0 Lora, \u00a0representante \u00a0legal \u00a0de \u00a0la \u00a0firma \u00a0INVERGOLFO \u00a0y \u00a0a \u00a0quien los miembros de las \u00a0autodefensas \u00a0coaccionaron \u00a0para actuar en \u00a0 tal \u00a0 sentido, \u00a0 presentando \u00a0como \u00a0soportes \u00a0los \u00a0documentos \u00a0enumerados \u00a0en \u00a0la \u00a0circular \u00a0expedida \u00a0por \u00a0el \u00a0Gobernador \u00a0el \u00a05 \u00a0de \u00a0enero de \u00a02001, a sabiendas de que \u00a0dichos \u00a0contratos \u00a0ya \u00a0hab\u00edan \u00a0sido \u00a0pagados \u00a0por \u00a0el municipio de Santiago \u00a0 \u00a0 de \u00a0 \u00a0Tol\u00fa. \u00a0\u00a0<\/p>\n<p>No \u00a0es \u00a0de \u00a0recibo \u00a0las \u00a0exculpaciones del \u00a0acusado \u00a0en \u00a0el sentido que la cancelaci\u00f3n de los mencionados contratos lo hizo \u00a0en \u00a0cumplimiento \u00a0de \u00a0un mandamiento de pago expedido \u00a0por \u00a0el Tribunal Contencioso Administrativo de Sucre, \u00a0porque \u00a0en \u00a0el \u00a0proceso \u00a0existen \u00a0las pruebas documentales que desvirt\u00faan tales \u00a0excusas, \u00a0entre \u00a0ellas, la \u00a0copia \u00a0de \u00a0los \u00a0procesos \u00a0administrativos \u00a0y la declaraci\u00f3n del abogado Gabriel \u00a0Alberto \u00a0Angulo \u00a0Hern\u00e1ndez, \u00a0donde \u00a0se lee claramente que tales acciones versan \u00a0sobre \u00a0reajustes, \u00a0indexaci\u00f3n \u00a0e \u00a0intereses \u00a0de \u00a0dichos \u00a0contratos, asuntos que \u00a0terminaron \u00a0 con \u00a0 un \u00a0acuerdo \u00a0de \u00a0restructuraci\u00f3n \u00a0para \u00a0el \u00a0cumplimiento \u00a0de \u00a0obligaciones por el municipio de Tol\u00fa. \u00a0\u00a0<\/p>\n<p>El Gobernador ARANA SUS, ante el cambio de \u00a0ejecutor \u00a0de \u00a0las \u00a0regal\u00edas \u00a0del \u00a0municipio \u00a0de \u00a0Santiago \u00a0de Tol\u00fa, ha debido, \u00a0contrario \u00a0a \u00a0lo \u00a0que hizo, disponer un procedimiento ajustado a las previsiones \u00a0de \u00a0la \u00a0Ley \u00a080 y con mayor rigor, pues por simple sentido com\u00fan, en este caso, \u00a0se \u00a0advert\u00eda \u00a0que el pretendido cobro era irregular, as\u00ed como de la lectura de \u00a0los \u00a0contratos \u00a0y \u00a0sus cl\u00e1usulas de las cuales se infiere que \u00e9stos ya hab\u00edan \u00a0sido \u00a0cancelados, m\u00e1xime que las acciones ejecutivas \u00a0a \u00a0que \u00a0se \u00a0refiere \u00a0el Gobernador terminaron con una \u00a0restructuraci\u00f3n \u00a0 \u00a0de \u00a0 \u00a0pago \u00a0 \u00a0por \u00a0 parte \u00a0 del \u00a0municipio.\u00a0 \u00a0\u00a0<\/p>\n<p>En \u00a0 este \u00a0caso, \u00a0afirma \u00a0el \u00a0Ministerio \u00a0P\u00fablico, \u00a0existe \u00a0la \u00a0prueba \u00a0suficiente para afirmar que el acusado adecu\u00f3 su \u00a0conducta \u00a0al \u00a0tipo \u00a0penal del peculado por apropiaci\u00f3n, pues si bien el pago de \u00a0los \u00a015 \u00a0contratos \u00a0se\u00f1alados \u00a0estuvo \u00a0precedido \u00a0de \u00a0un tr\u00e1mite formal, dicho \u00a0procedimiento \u00a0 se \u00a0hizo \u00a0para \u00a0darle \u00a0visos \u00a0de \u00a0legalidad, \u00a0pero \u00a0lo \u00a0cierto \u00a0es \u00a0que \u00a0dicho procedimiento \u00a0 \u00a0responde \u00a0 \u00a0a \u00a0 una \u00a0intrincada \u00a0y solapada estrategia criminal para defraudar el patrimonio p\u00fablico \u00a0con \u00a0 \u00a0 el \u00a0 \u00a0 prop\u00f3sito \u00a0 \u00a0 de \u00a0 \u00a0 favorecer \u00a0 \u00a0 \u00a0a \u00a0 \u00a0 \u00a0las \u00a0AUC, \u00a0raz\u00f3n \u00a0por \u00a0la \u00a0cual \u00a0finaliza \u00a0pidiendo \u00a0se \u00a0profiera \u00a0sentencia condenatoria en contra del acusado ARANA SUS. \u00a0\u00a0<\/p>\n<p>3. La defensa \u00a0\u00a0<\/p>\n<p>La \u00a0 intervenci\u00f3n \u00a0 de \u00a0la \u00a0defensa \u00a0se \u00a0realiz\u00f3 \u00a0desde \u00a0dos puntos de vista: (i) la defensa \u00a0material \u00a0a \u00a0cargo del propio acusado, y (ii) \u00a0 \u00a0la \u00a0 defensa \u00a0 t\u00e9cnica \u00a0 por \u00a0parte \u00a0 del \u00a0 apoderado \u00a0 de \u00a0confianza. \u00a0\u00a0<\/p>\n<p>3.1. \u00a0 El \u00a0 procesado \u00a0 SALVADOR \u00a0 ARANA \u00a0SUS en su intervenci\u00f3n17 \u00a0proclama \u00a0su \u00a0inocencia, \u00a0bajo \u00a0el \u00a0argumento \u00a0que \u00a0en \u00a0este \u00a0caso lo que hubo fue un enga\u00f1o y una estafa \u00a0contra \u00a0el \u00a0Departamento \u00a0de \u00a0Sucre, \u00a0puesto \u00a0que \u00a0la \u00a0cancelaci\u00f3n \u00a0 de \u00a0los \u00a015 \u00a0contratos \u00a0que \u00a0se \u00a0han \u00a0mencionado \u00a0en \u00a0este proceso estuvieron soportados en el mandamiento de pago del \u00a0Tribunal \u00a0 \u00a0Administrativo \u00a0 de \u00a0 Sucre, \u00a0 en \u00a0 las \u00a0certificaciones de no pago de tales obligaciones por \u00a0el \u00a0mismo \u00a0Tribunal \u00a0y \u00a0las de la tesorer\u00eda del municipio de Tol\u00fa. \u00a0\u00a0<\/p>\n<p>Insiste en que no recibi\u00f3 apoyo de ning\u00fan \u00a0grupo \u00a0al \u00a0margen de la ley, aspecto que se demuestra \u00a0con \u00a0 \u00a0las \u00a0 manifestaciones \u00a0 de \u00a0los \u00a0 se\u00f1ores \u00a0Diego \u00a0Vecino, \u00a0Wilmer \u00a0Delancio \u00a0Vergara y Libardo Duarte en esta audiencia. \u00a0\u00a0<\/p>\n<p>De \u00a0 manera \u00a0 enf\u00e1tica \u00a0 dice \u00a0 que \u00a0el \u00a0procedimiento \u00a0 \u00a0utilizado \u00a0 \u00a0para \u00a0 el \u00a0 finiquito \u00a0de \u00a0obligaciones \u00a0a cargo del municipio de Tol\u00fa, si \u00a0bien \u00a0fue \u00a0reiterado \u00a0mediante \u00a0la circular interna del 5 de enero de 2001, este \u00a0tr\u00e1mite \u00a0ya \u00a0se \u00a0ven\u00eda utilizando desde la administraci\u00f3n anterior, por tanto \u00a0el \u00a0empalme \u00a0a \u00a0que se refiere la Fiscal\u00eda que no se realiz\u00f3 con el municipio, \u00a0nada \u00a0tiene \u00a0que \u00a0ver \u00a0en \u00a0este caso, ya que \u00a0el \u00a0empalme \u00a0lo \u00a0hizo \u00a0\u00e9l \u00a0fue \u00a0con \u00a0el Gobernador saliente, \u00a0gesti\u00f3n \u00a0adelantada \u00a0por \u00a0un \u00a0equipo designado para tal finalidad, el cual ninguna queja report\u00f3 sobre el \u00a0manejo \u00a0de \u00a0las regal\u00edas; aunado a ello debe tenerse \u00a0en \u00a0 \u00a0 \u00a0cuenta \u00a0 \u00a0 \u00a0que \u00a0 \u00a0 \u00a0el \u00a0 \u00a0 \u00a0presupuesto \u00a0departamental al cual estaba incorporado el rubro de \u00a0regal\u00edas, \u00a0 \u00a0fue \u00a0 elaborado \u00a0 por \u00a0 la \u00a0 anterior \u00a0administraci\u00f3n \u00a0 \u00a0y \u00a0 \u00a0su \u00a0 ejecuci\u00f3n \u00a0 efectuada \u00a0de \u00a0acuerdo con las disposiciones del Decreto 111 de \u00a01996. \u00a0\u00a0<\/p>\n<p>Critica la deficiente investigaci\u00f3n de la \u00a0Fiscal\u00eda, \u00a0 la \u00a0 cual \u00a0 con \u00a0 criterio \u00a0 puramente \u00a0subjetivo \u00a0afirma que el pago de los 15 contratos se \u00a0hizo \u00a0para \u00a0favorecer a los grupos de autodefensas, de lo cual no existe prueba, \u00a0mucho \u00a0menos que con tales \u00a0recursos \u00a0se \u00a0hayan \u00a0beneficiado \u00a0\u00e9l \u00a0y \u00a0los funcionarios de la administraci\u00f3n \u00a0departamental. \u00a0En el mismo sentido afirma que carece de sentido lo dicho por el \u00a0ente \u00a0acusador y la Procuradur\u00eda al fundamentar los cargos en las decisiones de \u00a0la \u00a0 Contralor\u00eda, \u00a0 cuando \u00a0las \u00a0mismas \u00a0fueron \u00a0declaradas \u00a0nulas. \u00a0\u00a0<\/p>\n<p>Finaliza \u00a0reiterando \u00a0que no hizo parte ni \u00a0colabor\u00f3 \u00a0 \u00a0 con \u00a0 \u00a0el \u00a0 \u00a0proyecto \u00a0 \u00a0pol\u00edtico \u00a0 \u00a0de \u00a0 \u00a0las \u00a0 \u00a0AUC, \u00a0y \u00a0que \u00a0toda \u00a0su \u00a0actuaci\u00f3n estuvo \u00a0ce\u00f1ida \u00a0a las disposiciones legales, por tanto solicita se profiera un fallo de \u00a0car\u00e1cter absolutorio. \u00a0\u00a0<\/p>\n<p>3.2. \u00a0 El \u00a0defensor \u00a0 \u00a0 por \u00a0 \u00a0 su \u00a0 \u00a0parte, \u00a0 \u00a0solicita \u00a0 a \u00a0 la \u00a0Sala \u00a0absolver \u00a0al doctor SALVADOR ARANA SUS \u00a0de \u00a0 los \u00a0 cargos \u00a0 formulados \u00a0por \u00a0la \u00a0Fiscal\u00eda, \u00a0por \u00a0cuanto \u00a0no \u00a0obra \u00a0la \u00a0prueba \u00a0que conduzca a la \u00a0certeza \u00a0 como \u00a0 lo \u00a0 exige \u00a0la \u00a0Ley \u00a0600 \u00a0de \u00a02000, \u00a0acorde \u00a0con \u00a0la \u00a0siguiente \u00a0fundamentaci\u00f3n:18 \u00a0\u00a0<\/p>\n<p>La \u00a0prueba testimonial encabezada por los \u00a0miembros \u00a0 del \u00a0 paramilitarismo, \u00a0como \u00a0son: \u00a0Salvatore \u00a0Mancuso \u00a0G\u00f3mez, \u00a0jefe \u00a0pol\u00edtico \u00a0y \u00a0militar \u00a0de \u00a0las \u00a0AUC, \u00a0a quien no le consta ni tiene conocimiento \u00a0directo \u00a0 \u00a0 \u00a0ni \u00a0 \u00a0 indirecto \u00a0 \u00a0 que \u00a0 \u00a0 SALVADOR \u00a0 \u00a0 ARANA \u00a0 \u00a0 SUS, \u00a0 \u00a0cuando \u00a0 era \u00a0 Gobernador \u00a0 del \u00a0Departamento \u00a0de \u00a0Sucre, \u00a0hubiese \u00a0 tenido \u00a0acuerdos \u00a0o \u00a0pactos \u00a0para \u00a0entregarles \u00a0dineros \u00a0de \u00a0regal\u00edas \u00a0provenientes \u00a0de \u00a0la \u00a0contrataci\u00f3n \u00a0municipal \u00a0de \u00a0Tol\u00fa; igualmente testific\u00f3 \u00a0Iv\u00e1n \u00a0 Roberto \u00a0 Duque \u00a0 Gavia, \u00a0 alias \u00a0\u201cErnesto \u00a0B\u00e1ez\u201d, \u00a0 a \u00a0 quien \u00a0no \u00a0le \u00a0consta \u00a0nada \u00a0sobre \u00a0ese \u00a0aspecto; de la misma \u00a0manera \u00a0lo \u00a0hizo \u00a0Edward \u00a0Cobos \u00a0 \u00a0 \u00a0 T\u00e9llez \u00a0 \u00a0 \u00a0quien \u00a0 \u00a0 \u00a0manifest\u00f3 \u00a0 \u00a0 \u00a0 \u00a0 que \u00a0 \u00a0nunca \u00a0 \u00a0supo \u00a0 \u00a0que \u00a0 el \u00a0 Gobernador \u00a0 de \u00a0la \u00a0\u00e9poca \u00a0(2001 \u00a0 \u00a0 \u00a0 \u00a0 \u00a0 a \u00a0 \u00a0 \u00a0 \u00a0 \u00a02003), \u00a0tuviese \u00a0pactos \u00a0o \u00a0acuerdos \u00a0para \u00a0afectar \u00a0 \u00a0 el \u00a0 \u00a0rubro \u00a0 \u00a0de \u00a0 \u00a0regal\u00edas \u00a0 \u00a0con \u00a0 \u00a0favorecimiento \u00a0 \u00a0de \u00a0 \u00a0las \u00a0autodefensas. \u00a0 \u00a0Este \u00a0testigo \u00a0fue \u00a0enf\u00e1tico en se\u00f1alar que s\u00ed lograron \u00a0alcald\u00edas, \u00a0concejos \u00a0municipales \u00a0y \u00a0un \u00a0diputado, \u00a0pero que a la Gobernaci\u00f3n \u00a0\u201cnunca \u00a0 \u00a0 \u00a0la \u00a0tocaron\u201d; \u00a0 \u00a0 se \u00a0refiri\u00f3\u00a0 \u00a0a la forma c\u00f3mo las AUC hicieron elegir a Alfredo Navas Patr\u00f3n \u00a0alcalde \u00a0 de \u00a0Tol\u00fa; \u00a0al \u00a0igual \u00a0que \u00a0al Pacto de Ralito, en el que se trataron \u00a0temas \u00a0netamente \u00a0de paz, reuni\u00f3n a la que asisti\u00f3 \u00a0el Gobernador ARANA SUS. \u00a0\u00a0<\/p>\n<p>Tambi\u00e9n \u00a0 testific\u00f3 \u00a0Wilmer \u00a0Delancio \u00a0Vergara, \u00a0quien \u00a0inform\u00f3 \u00a0que lo hab\u00edan contratado para declarar en contra del \u00a0doctor \u00a0SALVADOR \u00a0ARANA \u00a0SUS y que efectivamente lo hizo porque le pagaron, pero \u00a0en \u00a0esta audiencia se retract\u00f3 de lo dicho en aquella oportunidad porque no era \u00a0cierto. \u00a0Igualmente declar\u00f3 Libardo Duarte en esta vista p\u00fablica y dijo que no \u00a0conoc\u00eda \u00a0a \u00a0SALVADOR \u00a0ARANA, que tampoco conoc\u00eda a Alfredo Navas Patr\u00f3n, ni a \u00a0Rudolf \u00a0Paffen \u00a0y \u00a0Mar\u00eda \u00a0Ang\u00e9lica \u00a0Esquivel Lora, y que de la misma manera no \u00a0sab\u00eda \u00a0ni \u00a0ten\u00eda \u00a0conocimiento de convenios entre el ex mandatario seccional y \u00a0las \u00a0AUC \u00a0para \u00a0defraudar \u00a0el \u00a0patrimonio \u00a0p\u00fablico. \u00a0\u00a0<\/p>\n<p>Ahora \u00a0bien, \u00a0respecto \u00a0 \u00a0del \u00a0 \u00a0testimonio \u00a0 \u00a0de \u00a0 \u00a0Sadys \u00a0 Enrique \u00a0 Rios, \u00a0 est\u00e1 \u00a0 \u00a0 claro \u00a0 \u00a0que \u00a0 \u00a0testific\u00f3 \u00a0en \u00a0contra \u00a0del Gobernador \u00a0SALVADOR \u00a0ARANA por la promesa que le hizo el entonces senador Gustavo Petro, de \u00a0lo cual tambi\u00e9n se retract\u00f3. \u00a0\u00a0<\/p>\n<p>Se\u00f1ala \u00a0la \u00a0defensa, \u00a0que \u00a0analizada \u00a0la \u00a0prueba \u00a0testimonial \u00a0allegada a este proceso, tanto de los diferentes servidores \u00a0p\u00fablicos, \u00a0como \u00a0de \u00a0los \u00a0particulares \u00a0que \u00a0declararon, de manera especial los \u00a0testimonios \u00a0 de \u00a0Mar\u00eda \u00a0Ang\u00e9lica \u00a0Esquivel \u00a0Lora \u00a0y \u00a0Gabriel \u00a0Alberto \u00a0Angulo \u00a0Hern\u00e1ndez, \u00a0 se \u00a0 concluye \u00a0 que \u00a0 ning\u00fan \u00a0 se\u00f1alamiento \u00a0hacen \u00a0al \u00a0doctor \u00a0SALVADOR \u00a0ARANA \u00a0de \u00a0tener \u00a0acuerdos \u00a0o \u00a0convenios \u00a0para \u00a0afectar \u00a0las regal\u00edas de Ecopetrol con destino al \u00a0municipio \u00a0de Tol\u00fa, aspecto sobre el cual tanto la Fiscal\u00eda como el Ministerio \u00a0P\u00fablico guardaron silencio. \u00a0\u00a0<\/p>\n<p>Del \u00a0mismo \u00a0modo, \u00a0la \u00a0prueba \u00a0documental \u00a0revela \u00a0que \u00a0la \u00a0sanci\u00f3n \u00a0fiscal de la Contralor\u00eda, sobre la cual la Fiscal\u00eda \u00a0edific\u00f3 \u00a0el \u00a0cargo, no existe, porque si bien mediante fallo del 17 de abril de \u00a02007 \u00a0fue condenado el doctor SALVADOR ARANA al pago de la suma de $637.510.606, \u00a0tambi\u00e9n \u00a0lo \u00a0es \u00a0que \u00a0con auto del 8 de febrero de 2008 se decret\u00f3 la nulidad, \u00a0decisi\u00f3n \u00a0confirmada \u00a0con \u00a0pronunciamiento \u00a0del \u00a030 de abril del mismo a\u00f1o, es \u00a0decir \u00a0que la referida condena por responsabilidad fiscal se\u00f1alada tanto por la \u00a0Fiscal\u00eda como la Procuradur\u00eda, no existe. \u00a0\u00a0<\/p>\n<p>Respecto \u00a0a la \u00a0circular \u00a0 del \u00a0 5 \u00a0 de \u00a0 enero \u00a0 de \u00a0 2001, \u00a0en \u00a0la \u00a0que \u00a0se \u00a0exig\u00eda \u00a0al \u00a0interesado presentar copia del \u00a0contrato, \u00a0entre \u00a0otros \u00a0requisitos, \u00a0y \u00a0si se lee en la cl\u00e1usula 5\u00aa, all\u00ed se \u00a0observa \u00a0la \u00a0forma \u00a0de \u00a0pago pactada entre las partes, la cual se har\u00e1 45 d\u00edas \u00a0despu\u00e9s \u00a0de \u00a0firmada \u00a0la \u00a0liquidaci\u00f3n \u00a0del \u00a0acta \u00a0final, y a ella se ci\u00f1\u00f3 la \u00a0citada circular. \u00a0\u00a0<\/p>\n<p>As\u00ed mismo, en lo referente a los procesos \u00a0ejecutivos \u00a0 ante \u00a0 el \u00a0Tribunal \u00a0Contencioso \u00a0Administrativo \u00a0de \u00a0Sucre, \u00a0est\u00e1 \u00a0demostrado \u00a0que \u00a0los mismos fueron iniciados con fundamento en la cesi\u00f3n de los \u00a0contratos \u00a0a \u00a0Mar\u00eda Ang\u00e9lica Esquivel Lora, respecto de los cuales el Tribunal \u00a0emiti\u00f3 \u00a0 mandamiento \u00a0 de \u00a0 pago \u00a0 sobre \u00a0el \u00a0cual \u00a0la \u00a0Gobernaci\u00f3n \u00a0expidi\u00f3 \u00a0las \u00a0resoluciones \u00a0para \u00a0cancelar \u00a0tales \u00a0obligaciones, pues no estaba dentro de sus funciones cuestionar \u00a0una decisi\u00f3n del Tribunal. \u00a0\u00a0<\/p>\n<p>Concluye \u00a0la defensa, que tanto la prueba \u00a0testimonial \u00a0como \u00a0la \u00a0documental en su conjunto, ponen de manifiesto que lo que \u00a0en \u00a0este \u00a0caso \u00a0se \u00a0present\u00f3 \u00a0fue una empresa criminal fraguada desde los a\u00f1os \u00a01996 \u00a0y \u00a01997, \u00a0entre \u00a0el \u00a0Alcalde \u00a0de \u00a0Tol\u00fa, \u00a0Rudolf \u00a0Paffen, Mar\u00eda Ang\u00e9lica \u00a0Esquivel \u00a0Lora \u00a0y \u00a0el \u00a0abogado \u00a0Gabriel \u00a0Angulo \u00a0Hern\u00e1ndez, \u00a0para defraudar las \u00a0regal\u00edas \u00a0a \u00a0trav\u00e9s \u00a0de procesos judiciales, de la cual es completamente ajeno \u00a0el \u00a0doctor \u00a0SALVADOR \u00a0ARANA SUS, por tanto solicita a \u00a0la \u00a0Sala \u00a0se \u00a0emita sentencia absolutoria a favor del \u00a0acusado. \u00a0\u00a0<\/p>\n<p>CONSIDERACIONES \u00a0<\/p>\n<p>La \u00a0Sala \u00a0de \u00a0Casaci\u00f3n Penal de la Corte \u00a0Suprema \u00a0de \u00a0Justicia \u00a0es \u00a0competente para proferir sentencia dentro de la causa \u00a0adelantada \u00a0contra\u00a0 \u00a0SALVADOR \u00a0 ARANA \u00a0 SUS, \u00a0de \u00a0conformidad \u00a0con \u00a0los \u00a0art\u00edculos \u00a0235 \u00a0de \u00a0la \u00a0Carta Pol\u00edtica, \u00a0 \u00a0 \u00a0 \u00a0 y \u00a0 \u00a0 \u00a0 \u00a075-5 \u00a0del \u00a0C\u00f3digo \u00a0 \u00a0 \u00a0 de \u00a0 \u00a0 \u00a0Procedimiento \u00a0 \u00a0 \u00a0Penal19, \u00a0 \u00a0 \u00a0 \u00a0por \u00a0 cuanto \u00a0 los \u00a0delitos \u00a0atribuidos \u00a0se \u00a0hallan \u00a0estrechamente \u00a0vinculados \u00a0al \u00a0ejercicio \u00a0del \u00a0cargo \u00a0de \u00a0Gobernador \u00a0del \u00a0 Departamento \u00a0 de \u00a0Sucre, \u00a0condici\u00f3n \u00a0que \u00a0ostentaba \u00a0 \u00a0 \u00a0 \u00a0 el \u00a0 \u00a0 \u00a0 \u00a0acusado \u00a0para \u00a0la \u00a0\u00e9poca \u00a0en que los hechos \u00a0tuvieron su ocurrencia. \u00a0\u00a0<\/p>\n<p>Como \u00a0punto de \u00a0partida \u00a0del \u00a0an\u00e1lisis \u00a0que debe emprender la Sala, ha de tenerse en cuenta que \u00a0conforme \u00a0 al \u00a0 art\u00edculo \u00a0 232 \u00a0 del \u00a0 rito \u00a0penal, \u00a0a \u00a0diferencia \u00a0del \u00a0grado \u00a0de conocimiento requerido \u00a0para \u00a0imponer \u00a0medida \u00a0de aseguramiento (posibilidad), \u00a0 o \u00a0 para \u00a0 proferir \u00a0resoluci\u00f3n \u00a0de \u00a0acusaci\u00f3n \u00a0(probabilidad), \u00a0 en \u00a0contra \u00a0de un procesado, para dictar fallo de condena \u00a0es \u00a0necesario \u00a0que de las pruebas obtenidas en las diversas fases del proceso se \u00a0llegue \u00a0a \u00a0la certeza acerca de la realizaci\u00f3n de la conducta punible objeto de \u00a0reproche \u00a0como de la responsabilidad del acusado, conclusi\u00f3n que debe surgir de \u00a0la \u00a0 \u00a0 \u00a0valoraci\u00f3n \u00a0 \u00a0 integral \u00a0 \u00a0 de \u00a0los \u00a0medios de prueba, acorde\u00a0 \u00a0con \u00a0las \u00a0reglas \u00a0de \u00a0la \u00a0sana \u00a0cr\u00edtica, \u00a0seg\u00fan lo \u00a0previsto \u00a0en el art\u00edculo \u00a0238 ib\u00eddem. \u00a0\u00a0<\/p>\n<p>Bajo \u00a0este \u00a0marco \u00a0jur\u00eddico y \u00a0 \u00a0 \u00a0 tomando \u00a0 \u00a0 \u00a0 como \u00a0 \u00a0 \u00a0 punto \u00a0 \u00a0 \u00a0 de \u00a0 \u00a0 \u00a0 referencia \u00a0la \u00a0acusaci\u00f3n emitida por \u00a0el \u00a0 Fiscal \u00a0General \u00a0de \u00a0la \u00a0Naci\u00f3n \u00a0en \u00a0 contra \u00a0del \u00a0doctor \u00a0SALVADOR \u00a0ARANA \u00a0SUS, \u00a0se abordar\u00e1 el \u00a0examen \u00a0 de \u00a0 la \u00a0 conducta \u00a0 punible \u00a0que se le reprocha. \u00a0\u00a0<\/p>\n<p>En \u00a0 efecto, \u00a0 el \u00a0 ex \u00a0Gobernador \u00a0del \u00a0Departamento \u00a0de \u00a0Sucre, doctor ARANA SUS, fue acusado por el delito de peculado \u00a0por \u00a0apropiaci\u00f3n \u00a0a favor de terceros, definido en el art\u00edculo 397 del C\u00f3digo \u00a0Penal, cuya preceptiva es del siguiente tenor: \u00a0\u00a0<\/p>\n<p>\u201cEl servidor \u00a0p\u00fablico \u00a0que \u00a0se \u00a0apropie \u00a0en \u00a0provecho suyo o de un \u00a0tercero \u00a0de \u00a0bienes \u00a0del Estado o de empresas o instituciones en que \u00e9ste tenga \u00a0parte \u00a0o \u00a0de \u00a0bienes \u00a0o \u00a0fondos \u00a0parafiscales, \u00a0o de bienes de particulares cuya \u00a0administraci\u00f3n, \u00a0tenencia \u00a0o \u00a0custodia \u00a0se \u00a0le \u00a0haya \u00a0confiado por raz\u00f3n o con \u00a0ocasi\u00f3n \u00a0de \u00a0sus \u00a0funciones, \u00a0incurrir\u00e1 \u00a0en prisi\u00f3n de seis (6) a quince (15) \u00a0a\u00f1os, \u00a0multa equivalente al valor de lo apropiado sin que supere el equivalente \u00a0a \u00a0cincuenta \u00a0mil \u00a0(50.000) \u00a0salarios \u00a0m\u00ednimos \u00a0legales \u00a0mensuales \u00a0vigentes, e \u00a0inhabilitaci\u00f3n \u00a0para \u00a0el \u00a0ejercicio \u00a0de \u00a0derechos \u00a0y funciones p\u00fablicas por el \u00a0mismo t\u00e9rmino. \u00a0\u00a0<\/p>\n<p>Si \u00a0lo \u00a0apropiado \u00a0supera \u00a0un \u00a0valor \u00a0de \u00a0doscientos \u00a0(200) \u00a0salarios \u00a0m\u00ednimos \u00a0legales mensuales vigentes, dicha pena se \u00a0aumentar\u00e1 \u00a0hasta \u00a0en \u00a0la mitad. La pena de multa no superar\u00e1 los cincuenta mil \u00a0salarios m\u00ednimos legales mensuales vigentes. \u00a0\u00a0<\/p>\n<p>Si \u00a0lo \u00a0apropiado \u00a0no \u00a0supera un valor de \u00a0cincuenta \u00a0(50) \u00a0salarios \u00a0m\u00ednimos \u00a0legales mensuales vigentes la pena ser\u00e1 de \u00a0cuatro \u00a0(4) \u00a0a diez (10) a\u00f1os e inhabilitaci\u00f3n para el ejercicio de derechos y \u00a0funciones \u00a0p\u00fablicas \u00a0por \u00a0el \u00a0mismo t\u00e9rmino y multa equivalente al valor de lo \u00a0apropiado\u201d. \u00a0\u00a0<\/p>\n<p>Para la configuraci\u00f3n del mencionado tipo \u00a0penal \u00a0es necesario que concurran, la calidad de servidor p\u00fablico y la potestad \u00a0de \u00a0administraci\u00f3n, \u00a0tenencia \u00a0o \u00a0custodia \u00a0de \u00a0los \u00a0bienes \u00a0en \u00a0raz\u00f3n \u00a0de las \u00a0funciones \u00a0que el servidor desempe\u00f1a y finalmente, el acto de apropiaci\u00f3n bien \u00a0sea \u00a0en \u00a0provecho \u00a0propio \u00a0o \u00a0a favor de un tercero, que por lo mismo lesiona el \u00a0bien \u00a0 jur\u00eddico \u00a0 de \u00a0la \u00a0Administraci\u00f3n \u00a0P\u00fablica, \u00a0en \u00a0tanto \u00a0representa \u00a0un \u00a0detrimento injustificado del patrimonio estatal. \u00a0\u00a0<\/p>\n<p>Desde este punto de vista, se tiene que en \u00a0la \u00a0actuaci\u00f3n se encuentra demostrada la calidad de Gobernador del Departamento \u00a0de \u00a0Sucre del doctor SALVADOR ARANA SUS, para el periodo 2001-2003, con \u00a0la \u00a0credencial que en tal sentido \u00a0expidieron \u00a0los \u00a0delegados \u00a0del Consejo Nacional Electoral, el acta de posesi\u00f3n \u00a0del \u00a0cargo \u00a0y \u00a0la certificaci\u00f3n expedida por la oficina de recursos humanos del \u00a0Departamento.20 \u00a0\u00a0<\/p>\n<p>La \u00a0 \u00a0atribuci\u00f3n \u00a0 de \u00a0 la \u00a0 referida \u00a0conducta \u00a0al \u00a0 \u00a0 \u00a0 \u00a0ex \u00a0 \u00a0 \u00a0 mandatario \u00a0 \u00a0seccional \u00a0 \u00a0tiene \u00a0 como \u00a0fundamento \u00a0el informe de la Contralor\u00eda General de \u00a0la \u00a0Rep\u00fablica y la investigaci\u00f3n adelantada por la \u00a0Fiscal\u00eda \u00a0Sexta \u00a0de \u00a0la \u00a0Unidad \u00a0Nacional \u00a0Especializada \u00a0en \u00a0Delitos contra la \u00a0Administraci\u00f3n \u00a0 P\u00fablica, \u00a0relacionada \u00a0con \u00a0el \u00a0presunto \u00a0detrimento a las \u00a0finanzas \u00a0 del \u00a0 municipio \u00a0de \u00a0Santiago \u00a0de \u00a0Tol\u00fa, \u00a0ocasionado \u00a0como \u00a0consecuencia \u00a0del doble pago de 15 \u00a0contratos \u00a0 \u00a0 \u00a0 de \u00a0 \u00a0 \u00a0 obra \u00a0 \u00a0 \u00a0celebrados \u00a0en \u00a01995 y 1997 \u00a0por \u00a0el \u00a0mencionado ente territorial \u00a0local, \u00a0distinguidos con \u00a0los \u00a0 \u00a0 \u00a0 \u00a0 \u00a0 n\u00fameros \u00a0 \u00a0 \u00a0 \u00a0 \u00a0146-OC-MST-95; \u00a0 \u00a0 \u00a0 \u00a0 153-OC-MST-11-95; \u00a0 \u00a0 \u00a0 \u00a0 D09-OC-MST-06-97; \u00a0D-10-OC-MST-06-97; \u00a0 D-11-OC-MST-06-97; \u00a0 D-12-OC-MST-06-97; \u00a0D-13-OC-MST-06-97; \u00a0D-14-OC-MST-06-97; \u00a0 D-15-OC-MST-06-97; \u00a0 D-16-OC-MST-06-97; \u00a0D-17-OC-MST-06-97; \u00a0D-18-OC-MST-06-97; \u00a0 \u00a0 \u00a0 \u00a0 \u00a0 \u00a0 D-19-OC-MST-06-97; \u00a0 \u00a0 \u00a0 \u00a0 \u00a0 \u00a0 D-20-OC-MST-06-97; \u00a0D-21-OC-MST-06-97, \u00a0los \u00a0cuales \u00a0 \u00a0fueron\u00a0 \u00a0 cancelados \u00a0 por \u00a0 esa \u00a0 administraci\u00f3n \u00a0 municipal \u00a0en \u00a0el \u00a0a\u00f1o \u00a0de \u00a01997; sin \u00a0embargo, \u00a0 respecto \u00a0 de \u00a0 los \u00a0mismos, \u00a0la \u00a0Gobernaci\u00f3n \u00a0de \u00a0Sucre, \u00a0en \u00a0virtud \u00a0de \u00a0la \u00a0designaci\u00f3n \u00a0como \u00a0administradora \u00a0de \u00a0los \u00a0recursos \u00a0de \u00a0regal\u00edas, \u00a0efectu\u00f3 en el a\u00f1o 2001 un \u00a0segundo \u00a0pago por la suma de $478.669.719, \u00a0 con \u00a0 el \u00a0 prop\u00f3sito \u00a0 de \u00a0 beneficiar \u00a0 a \u00a0las \u00a0autodefensas \u00a0con \u00a0asentamiento \u00a0en \u00a0aquella regi\u00f3n. En \u00a0 \u00a0uno \u00a0 \u00a0y \u00a0 \u00a0otro \u00a0 \u00a0caso, \u00a0 \u00a0los \u00a0 \u00a0recursos \u00a0 \u00a0utilizados \u00a0 para \u00a0 el \u00a0 pago \u00a0de \u00a0dichos \u00a0contratos \u00a0proven\u00edan \u00a0del \u00a0rubro \u00a0correspondiente a las regal\u00edas petroleras \u00a0asignadas al municipio de \u00a0Santiago \u00a0 \u00a0 \u00a0 \u00a0 \u00a0 de \u00a0 \u00a0 \u00a0 \u00a0 \u00a0Tol\u00fa. \u00a0\u00a0<\/p>\n<p>Ahora \u00a0bien, el tema materia de debate en \u00a0torno \u00a0a \u00a0la configuraci\u00f3n del delito de peculado, se centra en dilucidar si el \u00a0procesado \u00a0 \u00a0efectu\u00f3 \u00a0 \u00a0el \u00a0 \u00a0pago \u00a0 \u00a0de \u00a0 \u00a0los \u00a0 15 \u00a0 contratos \u00a0 se\u00f1alados \u00a0 \u00a0 en \u00a0 \u00a0cumplimiento \u00a0de \u00a0un mandato judicial \u00a0y \u00a0si \u00a0 lo \u00a0 hizo \u00a0 para \u00a0 favorecer \u00a0 a \u00a0las AUC. \u00a0\u00a0<\/p>\n<p>En desarrollo de dicha tesis, sostienen el \u00a0procesado \u00a0y \u00a0su \u00a0defensor\u00a0 \u00a0que si bien es cierto la Gobernaci\u00f3n de Sucre \u00a0dispuso \u00a0 la \u00a0 cancelaci\u00f3n \u00a0de \u00a0las \u00a0obligaciones \u00a0correspondientes \u00a0a \u00a0los \u00a015 \u00a0contratos, \u00a0tambi\u00e9n \u00a0lo \u00a0es que lo hizo en cumplimiento del mandamiento de pago \u00a0emanado \u00a0del \u00a0Tribunal Contencioso Administrativo de Sucre, el cual, aunado a la \u00a0certificaci\u00f3n \u00a0expedida por el Secretario de esa Corporaci\u00f3n respecto a que el \u00a0proceso \u00a0 ejecutivo \u00a0 se \u00a0 hallaba \u00a0 vigente \u00a0 y \u00a0la \u00a0obligaci\u00f3n \u00a0 no \u00a0 hab\u00eda \u00a0sido \u00a0pagada, \u00a0 \u00a0constituye \u00a0 fundamento \u00a0 suficiente \u00a0 para \u00a0 proceder \u00a0 de \u00a0esa \u00a0forma, \u00a0puesto \u00a0que \u00a0no \u00a0le \u00a0era dado cuestionar una orden de la autoridad \u00a0judicial competente. \u00a0\u00a0<\/p>\n<p>Adem\u00e1s, \u00a0se sostiene, que de acuerdo con \u00a0lo \u00a0que esta demostrado en el proceso, el entonces mandatario seccional, no hizo \u00a0nada \u00a0 distinto \u00a0 de \u00a0 reiterar \u00a0 un \u00a0 procedimiento \u00a0 implementado \u00a0 desde \u00a0 la \u00a0administraci\u00f3n \u00a0anterior \u00a0para \u00a0el cumplimiento de las obligaciones a cargo del \u00a0municipio \u00a0 \u00a0 \u00a0de \u00a0 \u00a0 \u00a0Santiago \u00a0 \u00a0 de \u00a0 \u00a0 Tol\u00fa \u00a0 \u00a0 con \u00a0 \u00a0 recursos \u00a0de \u00a0regal\u00edas \u00a0petroleras, \u00a0sin que \u00a0para \u00a0ello \u00a0existiera acuerdo alguno del Gobernador con las autodefensas, puesto \u00a0que \u00a0no recibi\u00f3 apoyo de ning\u00fan grupo al margen de la ley, ni existi\u00f3 nexo de \u00a0ninguna \u00edndole entre \u00e9l y las AUC. \u00a0\u00a0<\/p>\n<p>En torno de los planteamientos defensivos, \u00a0comi\u00e9ncese \u00a0por \u00a0se\u00f1alar \u00a0que \u00a0los \u00a0v\u00ednculos \u00a0del \u00a0acusado \u00a0con \u00a0los \u00a0grupos \u00a0de \u00a0autodefensas \u00a0se \u00a0hallan \u00a0plenamente demostrados, \u00a0los \u00a0cuales \u00a0eran evidentes desde antes de asumir el \u00a0cargo \u00a0 de \u00a0 mandatario \u00a0 seccional, \u00a0 como \u00a0qued\u00f3 \u00a0suficientemente \u00a0 analizado \u00a0 en \u00a0 el \u00a0fallo \u00a0emitido \u00a0en \u00a0su \u00a0contra \u00a0por \u00a0esta \u00a0Corporaci\u00f3n, \u00a0por \u00a0el \u00a0delito \u00a0de concierto para delinquir agravado, dentro del \u00a0radicado \u00a032672, \u00a0lo \u00a0cual \u00a0desde \u00a0ya \u00a0pone \u00a0de \u00a0presente \u00a0la \u00a0sin raz\u00f3n de sus \u00a0argumentos, aspecto sobre el cual se volver\u00e1 mas adelante. \u00a0\u00a0<\/p>\n<p>Ahora bien, respecto de la celebraci\u00f3n de \u00a0los \u00a0 \u00a0 \u00a0 15 \u00a0 \u00a0 \u00a0 contratos \u00a0 \u00a0 \u00a0 referidos \u00a0 \u00a0 en \u00a0 \u00a0este \u00a0 \u00a0asunto, \u00a0 \u00a0ciertamente \u00a0 \u00a0no \u00a0 fueron \u00a0 suscritos \u00a0por \u00a0 \u00a0 \u00a0 \u00a0el \u00a0 \u00a0 \u00a0 Gobernador \u00a0 \u00a0 \u00a0 \u00a0 de \u00a0 \u00a0Sucre, \u00a0 \u00a0puesto \u00a0 que \u00a0 \u00a0los \u00a0 \u00a0mismos \u00a0 \u00a0fueron \u00a0firmados \u00a0por el alcalde de Santiago de Tol\u00fa con \u00a0contratistas \u00a0de la regi\u00f3n a\u00f1os \u00a0atr\u00e1s, \u00a0esto \u00a0es, durante los a\u00f1os 1995 y 1997, para la construcci\u00f3n de obras \u00a0relacionadas \u00a0 \u00a0con \u00a0 \u00a0sectores \u00a0 de \u00a0 saneamiento \u00a0 \u00a0b\u00e1sico, \u00a0 \u00a0educaci\u00f3n \u00a0 \u00a0y \u00a0 salud, \u00a0 con \u00a0 \u00a0cargo \u00a0 a \u00a0 los \u00a0 recursos \u00a0 provenientes \u00a0 de \u00a0regal\u00edas \u00a0petroleras, \u00a0por \u00a0 \u00a0 tanto \u00a0 \u00a0 el \u00a0 \u00a0procesado \u00a0ARANA \u00a0SUS \u00a0no intervino en \u00a0ninguna de las etapas contractuales. \u00a0\u00a0<\/p>\n<p>La \u00a0 \u00a0 \u00a0 \u00a0 \u00a0intervenci\u00f3n \u00a0de \u00a0la \u00a0Gobernaci\u00f3n en estos concretos asuntos del \u00a0municipio \u00a0 \u00a0 de \u00a0 \u00a0Santiago \u00a0 \u00a0de \u00a0 \u00a0Tol\u00fa \u00a0obedece \u00a0a que, ante las irregularidades presentadas por la \u00a0administraci\u00f3n \u00a0 municipal \u00a0 en \u00a0 el \u00a0 manejo \u00a0 de \u00a0las \u00a0regal\u00edas \u00a0directas \u00a0y \u00a0compensaciones, \u00a0la \u00a0Comisi\u00f3n Nacional de Regal\u00edas, mediante resoluci\u00f3n 1-010 \u00a0de \u00a029 de octubre de 1999, dispuso el cambio de ejecutor de tales recursos, y en \u00a0su \u00a0lugar design\u00f3 al Gobernador del Departamento de Sucre como el administrador \u00a0de \u00a0 las \u00a0 regal\u00edas \u00a0directas \u00a0destinadas \u00a0a \u00a0dicho \u00a0municipio, \u00a0para \u00a0lo \u00a0cual la administraci\u00f3n departamental deber\u00eda abrir una \u00a0cuenta \u00a0especial que se denominara \u201cDepartamento de \u00a0Sucre \u00a0 \u2013 \u00a0Regal\u00edas \u00a0Directas, \u00a0 Municipio \u00a0 de \u00a0 Santiago \u00a0de \u00a0Tol\u00fa\u201d. \u00a0Adem\u00e1s, \u00a0facult\u00f3 \u00a0al \u00a0mandatario \u00a0seccional, en relaci\u00f3n con el manejo de los \u00a0citados \u00a0 dineros, \u00a0para \u00a0expedir \u00a0\u201clos actos administrativos y celebrar los \u00a0contratos \u00a0necesarios, \u00a0ordenar \u00a0el gasto y en general llevar la representaci\u00f3n \u00a0del \u00a0municipio\u201d, debiendo para ello, presentar a la \u00a0Comisi\u00f3n \u00a0Nacional \u00a0de Regal\u00edas un informe trimestral del estado de ejecuci\u00f3n \u00a0de \u00a0los \u00a0proyectos y contratos adelantados por el municipio de Tol\u00fa21. \u00a0\u00a0<\/p>\n<p>En \u00a0 este \u00a0contexto \u00a0y \u00a0por \u00a0la \u00a0raz\u00f3n indicada es que \u00a0el \u00a0Gobernador \u00a0del \u00a0Departamento \u00a0de \u00a0Sucre asumi\u00f3 \u00a0 la \u00a0 administraci\u00f3n \u00a0 de \u00a0 los \u00a0recursos \u00a0prevenientes de \u00a0las \u00a0 regal\u00edas \u00a0 directas \u00a0del \u00a0municipio \u00a0de \u00a0Santiago \u00a0de \u00a0Tol\u00fa, \u00a0 \u00a0gesti\u00f3n \u00a0 que \u00a0 empez\u00f3 \u00a0 a \u00a0 desempe\u00f1ar \u00a0 el \u00a0 funcionario \u00a0departamental a partir del \u00a030 \u00a0de \u00a0noviembre de 1999, fecha en que se declar\u00f3 la firmeza de la resoluci\u00f3n \u00a0que \u00a0orden\u00f3 \u00a0el \u00a0cambio \u00a0de \u00a0ejecutor \u00a0y \u00a0la \u00a0Comisi\u00f3n \u00a0Nacional \u00a0de Regal\u00edas \u00a0comunic\u00f3 \u00a0a Ecopetrol dicha circunstancia y le solicit\u00f3 proceder a girar tales \u00a0dineros \u00a0al Departamento \u00a0de \u00a0Sucre. \u00a0Es \u00a0en desarrollo de este encargo que el \u00a0mandatario \u00a0seccional \u00a0dispuso \u00a0el \u00a0pago \u00a0de \u00a0los 15 \u00a0contratos en cuesti\u00f3n. \u00a0\u00a0<\/p>\n<p>Naturalmente \u00a0 que \u00a0 el \u00a0 Gobernador \u00a0a \u00a0partir \u00a0de \u00a0entonces \u00a0y \u00a0durante \u00a0el lapso que tuvo \u00a0bajo \u00a0 \u00a0su \u00a0 \u00a0responsabilidad \u00a0 \u00a0el \u00a0 manejo \u00a0de \u00a0las \u00a0regal\u00edas de Tol\u00fa, ten\u00eda y era su deber atender \u00a0todos \u00a0aquellos \u00a0asuntos \u00a0pendientes \u00a0y cubrir las\u00a0 obligaciones del citado \u00a0municipio \u00a0con \u00a0cargo \u00a0al \u00a0rubro \u00a0de \u00a0regal\u00edas. En este caso, los contratos que se vienen mencionando, los \u00a0celebr\u00f3 \u00a0el \u00a0municipio \u00a0de \u00a0Santiago \u00a0de \u00a0Tol\u00fa \u00a0en \u00a0los \u00a0a\u00f1os \u00a01995 y 1997, con recursos de regal\u00edas y \u00a0compensaciones \u00a0directas, \u00a0luego \u00a0es \u00a0obvio \u00a0que \u00a0en \u00a0la etapa pre contractual y \u00a0contractual \u00a0no \u00a0intervino \u00a0el \u00a0ex Gobernador ARANA SUS, como bien lo se\u00f1ala el \u00a0defensor; \u00a0sin \u00a0embargo, \u00a0lo \u00a0que \u00a0se le reprocha \u00a0al ex mandatario, \u00a0no \u00a0es \u00a0la \u00a0celebraci\u00f3n \u00a0de \u00a0los \u00a015 \u00a0contratos, \u00a0sino el haber \u00a0ordenado \u00a0y \u00a0pagado \u00a0nuevamente \u00a0de los mismos (en el \u00a0a\u00f1o \u00a02001), cuando \u00e9stos ya hab\u00edan sido cancelados \u00a0por \u00a0 \u00a0 la \u00a0 \u00a0 administraci\u00f3n \u00a0 \u00a0municipal \u00a0 \u00a0de \u00a0Tol\u00fa \u00a0(en \u00a01997), \u00a0en \u00a0claro \u00a0detrimento \u00a0de \u00a0las \u00a0finanzas \u00a0 \u00a0 \u00a0p\u00fablicas.\u00a0\u00a0\u00a0\u00a0 \u00a0\u00a0<\/p>\n<p>En \u00a0efecto, de \u00a0la \u00a0 \u00a0 \u00a0 \u00a0 documentaci\u00f3n \u00a0 \u00a0 \u00a0 \u00a0allegada en \u00a0el \u00a0 \u00a0curso \u00a0 de \u00a0 la \u00a0 investigaci\u00f3n, \u00a0 \u00a0 \u00a0 \u00a0 se \u00a0 \u00a0 \u00a0 \u00a0establece \u00a0 \u00a0 \u00a0 el \u00a0 \u00a0 \u00a0 siguiente \u00a0 \u00a0 \u00a0 cuadro \u00a0 \u00a0 \u00a0 informativo \u00a0correspondiente \u00a0a \u00a0la \u00a0celebraci\u00f3n, \u00a0fecha, \u00a0valor \u00a0y \u00a0 pago \u00a0de \u00a0los se\u00f1alados contratos, en primer \u00a0lugar \u00a0 \u00a0por \u00a0 \u00a0la \u00a0 \u00a0Alcald\u00eda \u00a0 de \u00a0 Santiago \u00a0 de \u00a0 Tol\u00fa, \u00a0 as\u00ed: \u00a0\u00a0<\/p>\n<p>Cuadro No 1. \u00a0<\/p>\n<p>No. CONTRATO \u00a0\u00a0 \u00a0 \u00a0 \u00a0 \u00a0 \u00a0<\/p>\n<p>FECHA \u00a0\u00a0 \u00a0 \u00a0 \u00a0 \u00a0 \u00a0<\/p>\n<p>VALOR CONTRATO \u00a0\u00a0 \u00a0 \u00a0 \u00a0 \u00a0 \u00a0<\/p>\n<p>PAGO \u00a0 \u00a0 \u00a0 \u00a0EFECTUADO \u00a0 \u00a0 \u00a0 \u00a0POR \u00a0EL\u00a0 MUNICIPIO DE TOLU \u00a0<\/p>\n<p>INICIAL \u00a0\u00a0 \u00a0 \u00a0 \u00a0 \u00a0 \u00a0<\/p>\n<p>FINAL \u00a0\u00a0 \u00a0 \u00a0 \u00a0 \u00a0 \u00a0<\/p>\n<p>FECHA \u00a0\u00a0 \u00a0 \u00a0 \u00a0 \u00a0 \u00a0<\/p>\n<p>VALOR \u00a0\u00a0 \u00a0 \u00a0 \u00a0 \u00a0 \u00a0<\/p>\n<p>BCO \u00a0\u00a0 \u00a0 \u00a0 \u00a0 \u00a0 \u00a0<\/p>\n<p>CHEQUE \u00a0\u00a0 \u00a0 \u00a0 \u00a0 \u00a0 \u00a0<\/p>\n<p>CUENTA \u00a0<\/p>\n<p>146-OC-MST-11-95 \u00a0\u00a0 \u00a0 \u00a0 \u00a0 \u00a0 \u00a0<\/p>\n<p>28-11-95 \u00a0\u00a0 \u00a0 \u00a0 \u00a0 \u00a0 \u00a0<\/p>\n<p>15.461.823 \u00a0\u00a0 \u00a0 \u00a0 \u00a0 \u00a0 \u00a0<\/p>\n<p>15.461.823 \u00a0\u00a0 \u00a0 \u00a0 \u00a0 \u00a0 \u00a0<\/p>\n<p>29-05-97 \u00a0\u00a0 \u00a0 \u00a0 \u00a0 \u00a0 \u00a0<\/p>\n<p>15.307.205 \u00a0\u00a0 \u00a0 \u00a0 \u00a0 \u00a0 \u00a0<\/p>\n<p>Agraria \u00a0\u00a0 \u00a0 \u00a0 \u00a0 \u00a0 \u00a0<\/p>\n<p>2085472 \u00a0\u00a0 \u00a0 \u00a0 \u00a0 \u00a0 \u00a0<\/p>\n<p>01026-4 \u00a0<\/p>\n<p>153-OC-MST-11-95 \u00a0\u00a0 \u00a0 \u00a0 \u00a0 \u00a0 \u00a0<\/p>\n<p>30-11-95 \u00a0\u00a0 \u00a0 \u00a0 \u00a0 \u00a0 \u00a0<\/p>\n<p>20.272.385 \u00a0\u00a0 \u00a0 \u00a0 \u00a0 \u00a0 \u00a0<\/p>\n<p>20.272.385 \u00a0\u00a0 \u00a0 \u00a0 \u00a0 \u00a0 \u00a0<\/p>\n<p>24-01-97 \u00a0\u00a0 \u00a0 \u00a0 \u00a0 \u00a0 \u00a0<\/p>\n<p>20.069.661 \u00a0\u00a0 \u00a0 \u00a0 \u00a0 \u00a0 \u00a0<\/p>\n<p>Col \u00a0\u00a0 \u00a0 \u00a0 \u00a0 \u00a0 \u00a0<\/p>\n<p>8795080 \u00a0\u00a0 \u00a0 \u00a0 \u00a0 \u00a0 \u00a0<\/p>\n<p>007584-4 \u00a0<\/p>\n<p>D09-OC-MST-06-97 \u00a0\u00a0 \u00a0 \u00a0 \u00a0 \u00a0 \u00a0<\/p>\n<p>03-06-97 \u00a0\u00a0 \u00a0 \u00a0 \u00a0 \u00a0 \u00a0<\/p>\n<p>24.708.251 \u00a0\u00a0 \u00a0 \u00a0 \u00a0 \u00a0 \u00a0<\/p>\n<p>24.708.251 \u00a0\u00a0 \u00a0 \u00a0 \u00a0 \u00a0 \u00a0<\/p>\n<p>09-07-97 \u00a0\u00a0 \u00a0 \u00a0 \u00a0 \u00a0 \u00a0<\/p>\n<p>22.534.840 \u00a0\u00a0 \u00a0 \u00a0 \u00a0 \u00a0 \u00a0<\/p>\n<p>Col \u00a0\u00a0 \u00a0 \u00a0 \u00a0 \u00a0 \u00a0<\/p>\n<p>7729431 \u00a0\u00a0 \u00a0 \u00a0 \u00a0 \u00a0 \u00a0<\/p>\n<p>007584-4 \u00a0<\/p>\n<p>D10-OC-MST-06-97 \u00a0\u00a0 \u00a0 \u00a0 \u00a0 \u00a0 \u00a0<\/p>\n<p>03-06-97 \u00a0\u00a0 \u00a0 \u00a0 \u00a0 \u00a0 \u00a0<\/p>\n<p>21.596.177 \u00a0\u00a0 \u00a0 \u00a0 \u00a0 \u00a0 \u00a0<\/p>\n<p>32.522.688 \u00a0\u00a0 \u00a0 \u00a0 \u00a0 \u00a0 \u00a0<\/p>\n<p>09-07-97 \u00a0\u00a0 \u00a0 \u00a0 \u00a0 \u00a0 \u00a0<\/p>\n<p>29.661.896 \u00a0\u00a0 \u00a0 \u00a0 \u00a0 \u00a0 \u00a0<\/p>\n<p>Col \u00a0\u00a0 \u00a0 \u00a0 \u00a0 \u00a0 \u00a0<\/p>\n<p>7729431 \u00a0\u00a0 \u00a0 \u00a0 \u00a0 \u00a0 \u00a0<\/p>\n<p>007584-4 \u00a0<\/p>\n<p>D11-OC-MST-06-97 \u00a0\u00a0 \u00a0 \u00a0 \u00a0 \u00a0 \u00a0<\/p>\n<p>03-06-97 \u00a0\u00a0 \u00a0 \u00a0 \u00a0 \u00a0 \u00a0<\/p>\n<p>23.218.985 \u00a0\u00a0 \u00a0 \u00a0 \u00a0 \u00a0 \u00a0<\/p>\n<p>34.799.846 \u00a0\u00a0 \u00a0 \u00a0 \u00a0 \u00a0 \u00a0<\/p>\n<p>09-07-97 \u00a0\u00a0 \u00a0 \u00a0 \u00a0 \u00a0 \u00a0<\/p>\n<p>31.738.750 \u00a0\u00a0 \u00a0 \u00a0 \u00a0 \u00a0 \u00a0<\/p>\n<p>Col \u00a0\u00a0 \u00a0 \u00a0 \u00a0 \u00a0 \u00a0<\/p>\n<p>7729431 \u00a0\u00a0 \u00a0 \u00a0 \u00a0 \u00a0 \u00a0<\/p>\n<p>007584-4 \u00a0<\/p>\n<p>D12-OC-MST-06-97 \u00a0\u00a0 \u00a0 \u00a0 \u00a0 \u00a0 \u00a0<\/p>\n<p>03-06-97 \u00a0\u00a0 \u00a0 \u00a0 \u00a0 \u00a0 \u00a0<\/p>\n<p>31.781.376 \u00a0\u00a0 \u00a0 \u00a0 \u00a0 \u00a0 \u00a0<\/p>\n<p>46.964.871 \u00a0\u00a0 \u00a0 \u00a0 \u00a0 \u00a0 \u00a0<\/p>\n<p>09-07-97 \u00a0\u00a0 \u00a0 \u00a0 \u00a0 \u00a0 \u00a0<\/p>\n<p>42.833.702 \u00a0\u00a0 \u00a0 \u00a0 \u00a0 \u00a0 \u00a0<\/p>\n<p>Col \u00a0\u00a0 \u00a0 \u00a0 \u00a0 \u00a0 \u00a0<\/p>\n<p>7729431 \u00a0\u00a0 \u00a0 \u00a0 \u00a0 \u00a0 \u00a0<\/p>\n<p>007584-4 \u00a0<\/p>\n<p>D13-OC-MST-06-97 \u00a0\u00a0 \u00a0 \u00a0 \u00a0 \u00a0 \u00a0<\/p>\n<p>03-06-97 \u00a0\u00a0 \u00a0 \u00a0 \u00a0 \u00a0 \u00a0<\/p>\n<p>30.545.856 \u00a0\u00a0 \u00a0 \u00a0 \u00a0 \u00a0 \u00a0<\/p>\n<p>39.101.357 \u00a0\u00a0 \u00a0 \u00a0 \u00a0 \u00a0 \u00a0<\/p>\n<p>09-07-97 \u00a0\u00a0 \u00a0 \u00a0 \u00a0 \u00a0 \u00a0<\/p>\n<p>35.661.886 \u00a0\u00a0 \u00a0 \u00a0 \u00a0 \u00a0 \u00a0<\/p>\n<p>Col \u00a0\u00a0 \u00a0 \u00a0 \u00a0 \u00a0 \u00a0<\/p>\n<p>7729431 \u00a0\u00a0 \u00a0 \u00a0 \u00a0 \u00a0 \u00a0<\/p>\n<p>007584-4 \u00a0<\/p>\n<p>D14-OC-MST-06-97 \u00a0\u00a0 \u00a0 \u00a0 \u00a0 \u00a0 \u00a0<\/p>\n<p>03-06-97 \u00a0\u00a0 \u00a0 \u00a0 \u00a0 \u00a0 \u00a0<\/p>\n<p>30.545.856. \u00a0\u00a0 \u00a0 \u00a0 \u00a0 \u00a0 \u00a0<\/p>\n<p>39.407.386 \u00a0\u00a0 \u00a0 \u00a0 \u00a0 \u00a0 \u00a0<\/p>\n<p>09-07-97 \u00a0\u00a0 \u00a0 \u00a0 \u00a0 \u00a0 \u00a0<\/p>\n<p>35.940.995 \u00a0\u00a0 \u00a0 \u00a0 \u00a0 \u00a0 \u00a0<\/p>\n<p>Col \u00a0\u00a0 \u00a0 \u00a0 \u00a0 \u00a0 \u00a0<\/p>\n<p>7729431 \u00a0\u00a0 \u00a0 \u00a0 \u00a0 \u00a0 \u00a0<\/p>\n<p>007584-4 \u00a0<\/p>\n<p>D15-OC-MST-06-97 \u00a0\u00a0 \u00a0 \u00a0 \u00a0 \u00a0 \u00a0<\/p>\n<p>03-06-97 \u00a0\u00a0 \u00a0 \u00a0 \u00a0 \u00a0 \u00a0<\/p>\n<p>36.165.984. \u00a0\u00a0 \u00a0 \u00a0 \u00a0 \u00a0 \u00a0<\/p>\n<p>50.808.384 \u00a0\u00a0 \u00a0 \u00a0 \u00a0 \u00a0 \u00a0<\/p>\n<p>09-07-97 \u00a0\u00a0 \u00a0 \u00a0 \u00a0 \u00a0 \u00a0<\/p>\n<p>46.339.128 \u00a0\u00a0 \u00a0 \u00a0 \u00a0 \u00a0 \u00a0<\/p>\n<p>Col \u00a0\u00a0 \u00a0 \u00a0 \u00a0 \u00a0 \u00a0<\/p>\n<p>7729431 \u00a0\u00a0 \u00a0 \u00a0 \u00a0 \u00a0 \u00a0<\/p>\n<p>007584-4 \u00a0<\/p>\n<p>D16-OC-MST-06-97 \u00a0\u00a0 \u00a0 \u00a0 \u00a0 \u00a0 \u00a0<\/p>\n<p>03-06-97 \u00a0\u00a0 \u00a0 \u00a0 \u00a0 \u00a0 \u00a0<\/p>\n<p>36.165.984 \u00a0\u00a0 \u00a0 \u00a0 \u00a0 \u00a0 \u00a0<\/p>\n<p>50.808.384 \u00a0\u00a0 \u00a0 \u00a0 \u00a0 \u00a0 \u00a0<\/p>\n<p>09-07-97 \u00a0\u00a0 \u00a0 \u00a0 \u00a0 \u00a0 \u00a0<\/p>\n<p>46.339.128 \u00a0\u00a0 \u00a0 \u00a0 \u00a0 \u00a0 \u00a0<\/p>\n<p>Col \u00a0\u00a0 \u00a0 \u00a0 \u00a0 \u00a0 \u00a0<\/p>\n<p>7729431 \u00a0\u00a0 \u00a0 \u00a0 \u00a0 \u00a0 \u00a0<\/p>\n<p>007584-4 \u00a0<\/p>\n<p>D17-OC-MST-06-97 \u00a0\u00a0 \u00a0 \u00a0 \u00a0 \u00a0 \u00a0<\/p>\n<p>03-06-97 \u00a0\u00a0 \u00a0 \u00a0 \u00a0 \u00a0 \u00a0<\/p>\n<p>36.165.984 \u00a0\u00a0 \u00a0 \u00a0 \u00a0 \u00a0 \u00a0<\/p>\n<p>50.808.384 \u00a0\u00a0 \u00a0 \u00a0 \u00a0 \u00a0 \u00a0<\/p>\n<p>09-07-97 \u00a0\u00a0 \u00a0 \u00a0 \u00a0 \u00a0 \u00a0<\/p>\n<p>46.339.128 \u00a0\u00a0 \u00a0 \u00a0 \u00a0 \u00a0 \u00a0<\/p>\n<p>Col \u00a0\u00a0 \u00a0 \u00a0 \u00a0 \u00a0 \u00a0<\/p>\n<p>7729431 \u00a0\u00a0 \u00a0 \u00a0 \u00a0 \u00a0 \u00a0<\/p>\n<p>007584-4 \u00a0<\/p>\n<p>D18-OC-MST-06-97 \u00a0\u00a0 \u00a0 \u00a0 \u00a0 \u00a0 \u00a0<\/p>\n<p>03-06-97 \u00a0\u00a0 \u00a0 \u00a0 \u00a0 \u00a0 \u00a0<\/p>\n<p>36.165.984 \u00a0\u00a0 \u00a0 \u00a0 \u00a0 \u00a0 \u00a0<\/p>\n<p>50.808.384 \u00a0\u00a0 \u00a0 \u00a0 \u00a0 \u00a0 \u00a0<\/p>\n<p>09-07-97 \u00a0\u00a0 \u00a0 \u00a0 \u00a0 \u00a0 \u00a0<\/p>\n<p>46.339.128 \u00a0\u00a0 \u00a0 \u00a0 \u00a0 \u00a0 \u00a0<\/p>\n<p>Col \u00a0\u00a0 \u00a0 \u00a0 \u00a0 \u00a0 \u00a0<\/p>\n<p>7729431 \u00a0\u00a0 \u00a0 \u00a0 \u00a0 \u00a0 \u00a0<\/p>\n<p>007584-4 \u00a0<\/p>\n<p>D19-OC-MST-06-97 \u00a0\u00a0 \u00a0 \u00a0 \u00a0 \u00a0 \u00a0<\/p>\n<p>03-06-97 \u00a0\u00a0 \u00a0 \u00a0 \u00a0 \u00a0 \u00a0<\/p>\n<p>13.129.776 \u00a0\u00a0 \u00a0 \u00a0 \u00a0 \u00a0 \u00a0<\/p>\n<p>12.158.080 \u00a0\u00a0 \u00a0 \u00a0 \u00a0 \u00a0 \u00a0<\/p>\n<p>09-07-97 \u00a0\u00a0 \u00a0 \u00a0 \u00a0 \u00a0 \u00a0<\/p>\n<p>12.036.500 \u00a0\u00a0 \u00a0 \u00a0 \u00a0 \u00a0 \u00a0<\/p>\n<p>Col \u00a0\u00a0 \u00a0 \u00a0 \u00a0 \u00a0 \u00a0<\/p>\n<p>7729431 \u00a0\u00a0 \u00a0 \u00a0 \u00a0 \u00a0 \u00a0<\/p>\n<p>007584-4 \u00a0<\/p>\n<p>D20-OC-MST-06-97 \u00a0\u00a0 \u00a0 \u00a0 \u00a0 \u00a0 \u00a0<\/p>\n<p>03-06-97 \u00a0\u00a0 \u00a0 \u00a0 \u00a0 \u00a0 \u00a0<\/p>\n<p>41.482.800 \u00a0\u00a0 \u00a0 \u00a0 \u00a0 \u00a0 \u00a0<\/p>\n<p>41.482.800 \u00a0\u00a0 \u00a0 \u00a0 \u00a0 \u00a0 \u00a0<\/p>\n<p>09-07-97 \u00a0\u00a0 \u00a0 \u00a0 \u00a0 \u00a0 \u00a0<\/p>\n<p>37.833.850 \u00a0\u00a0 \u00a0 \u00a0 \u00a0 \u00a0 \u00a0<\/p>\n<p>Col \u00a0\u00a0 \u00a0 \u00a0 \u00a0 \u00a0 \u00a0<\/p>\n<p>7729431 \u00a0\u00a0 \u00a0 \u00a0 \u00a0 \u00a0 \u00a0<\/p>\n<p>007584-4 \u00a0<\/p>\n<p>D21-OC-MST-06-97 \u00a0\u00a0 \u00a0 \u00a0 \u00a0 \u00a0 \u00a0<\/p>\n<p>03-06-97 \u00a0\u00a0 \u00a0 \u00a0 \u00a0 \u00a0 \u00a0<\/p>\n<p>41.482.800 \u00a0\u00a0 \u00a0 \u00a0 \u00a0 \u00a0 \u00a0<\/p>\n<p>41.482.800 \u00a0\u00a0 \u00a0 \u00a0 \u00a0 \u00a0 \u00a0<\/p>\n<p>09-07-97 \u00a0\u00a0 \u00a0 \u00a0 \u00a0 \u00a0 \u00a0<\/p>\n<p>37.833.850 \u00a0\u00a0 \u00a0 \u00a0 \u00a0 \u00a0 \u00a0<\/p>\n<p>Col \u00a0\u00a0 \u00a0 \u00a0 \u00a0 \u00a0 \u00a0<\/p>\n<p>7729431 \u00a0\u00a0 \u00a0 \u00a0 \u00a0 \u00a0 \u00a0<\/p>\n<p>007584-4 \u00a0<\/p>\n<p>D21-OC-MST-06-97 \u00a0\u00a0 \u00a0 \u00a0 \u00a0 \u00a0 \u00a0<\/p>\n<p>03-06-97 \u00a0\u00a0 \u00a0 \u00a0 \u00a0 \u00a0 \u00a0<\/p>\n<p>41.482.800 \u00a0\u00a0 \u00a0 \u00a0 \u00a0 \u00a0 \u00a0<\/p>\n<p>41.482.800 \u00a0\u00a0 \u00a0 \u00a0 \u00a0 \u00a0 \u00a0<\/p>\n<p>09-07-97 \u00a0\u00a0 \u00a0 \u00a0 \u00a0 \u00a0 \u00a0<\/p>\n<p>37.833.850 \u00a0\u00a0 \u00a0 \u00a0 \u00a0 \u00a0 \u00a0<\/p>\n<p>Col \u00a0\u00a0 \u00a0 \u00a0 \u00a0 \u00a0 \u00a0<\/p>\n<p>7729431 \u00a0\u00a0 \u00a0 \u00a0 \u00a0 \u00a0 \u00a0<\/p>\n<p>007584-4 \u00a0<\/p>\n<p>TOTAL \u00a0 \u00a0 \u00a0NETO \u00a0 \u00a0 \u00a0PAGADO \u00a0 \u00a0 MUNICIPIO \u00a0 \u00a0 DE \u00a0 \u00a0 SANTIAGO \u00a0 \u00a0 \u00a0DE \u00a0 \u00a0 \u00a0TOL\u00da\u00a0 \u00a0$506.809.647,oo \u00a0<\/p>\n<p>\u00a0 \u00a0 \u00a0 \u00a0Del \u00a0mismo \u00a0modo, \u00a0se \u00a0evidencia que los pagos antes relacionados \u00a0fueron \u00a0efectuados \u00a0por \u00a0el \u00a0ente local \u00a0 \u00a0 \u00a0 a \u00a0 \u00a0 \u00a0 los \u00a0 \u00a0 \u00a0respectivos \u00a0 \u00a0 \u00a0contratistas, \u00a0 \u00a0 \u00a0 \u00a0 \u00a0 \u00a0quienes \u00a0 \u00a0 suscribieron \u00a0 \u00a0sendos \u00a0comprobantes \u00a0 \u00a0de \u00a0 \u00a0tesorer\u00eda, \u00a0 \u00a0as\u00ed: \u00a0\u00a0<\/p>\n<p>Cuadro No 2. \u00a0<\/p>\n<p>No. CONTRATO \u00a0\u00a0 \u00a0 \u00a0 \u00a0 \u00a0 \u00a0<\/p>\n<p>FECHA \u00a0<\/p>\n<p>CONTRATISTA \u00a0 \u00a0 \u00a0\u2013 BENEFICIARIO \u00a0\u00a0 \u00a0 \u00a0 \u00a0 \u00a0 \u00a0<\/p>\n<p>IDENTIFICACI\u00d3N \u00a0<\/p>\n<p>146-OC-MST-11-95 \u00a0\u00a0 \u00a0 \u00a0 \u00a0 \u00a0 \u00a0<\/p>\n<p>29-05-97 \u00a0\u00a0 \u00a0 \u00a0 \u00a0 \u00a0 \u00a0<\/p>\n<p>JAIRO \u00a0GARC\u00cdA VALLEJO \u00a0\u00a0 \u00a0 \u00a0 \u00a0 \u00a0 \u00a0<\/p>\n<p>19.076.528 \u00a0<\/p>\n<p>153-OC-MST-11-95 \u00a0\u00a0 \u00a0 \u00a0 \u00a0 \u00a0 \u00a0<\/p>\n<p>24-01-97 \u00a0\u00a0 \u00a0 \u00a0 \u00a0 \u00a0 \u00a0<\/p>\n<p>ELIZABETH \u00a0MENDOZA MARQUEZ \u00a0\u00a0 \u00a0 \u00a0 \u00a0 \u00a0 \u00a0<\/p>\n<p>50.909.213 \u00a0<\/p>\n<p>D09-OC-MST-06-97 \u00a0\u00a0 \u00a0 \u00a0 \u00a0 \u00a0 \u00a0<\/p>\n<p>09-07-97 \u00a0\u00a0 \u00a0 \u00a0 \u00a0 \u00a0 \u00a0<\/p>\n<p>JORGE DIAZ \u00a0DURIER \u00a0\u00a0 \u00a0 \u00a0 \u00a0 \u00a0 \u00a0<\/p>\n<p>9.069.350 \u00a0<\/p>\n<p>D10-OC-MST-06-97 \u00a0\u00a0 \u00a0 \u00a0 \u00a0 \u00a0 \u00a0<\/p>\n<p>09-07-97 \u00a0\u00a0 \u00a0 \u00a0 \u00a0 \u00a0 \u00a0<\/p>\n<p>AGUSTIN \u00a0REY DURIER \u00a0\u00a0 \u00a0 \u00a0 \u00a0 \u00a0 \u00a0<\/p>\n<p>17.163.912 \u00a0<\/p>\n<p>D11-OC-MST-06-97 \u00a0\u00a0 \u00a0 \u00a0 \u00a0 \u00a0 \u00a0<\/p>\n<p>09-07-97 \u00a0\u00a0 \u00a0 \u00a0 \u00a0 \u00a0 \u00a0<\/p>\n<p>FIDEL \u00a0ANTONIO DIAZ GARAY \u00a0\u00a0 \u00a0 \u00a0 \u00a0 \u00a0 \u00a0<\/p>\n<p>3.944.495 \u00a0<\/p>\n<p>D12-OC-MST-06-97 \u00a0\u00a0 \u00a0 \u00a0 \u00a0 \u00a0 \u00a0<\/p>\n<p>09-07-97 \u00a0\u00a0 \u00a0 \u00a0 \u00a0 \u00a0 \u00a0<\/p>\n<p>JOS\u00c9 \u00a0PASTRANA SIERRA \u00a0\u00a0 \u00a0 \u00a0 \u00a0 \u00a0 \u00a0<\/p>\n<p>73.078.897 \u00a0<\/p>\n<p>D13-OC-MST-06-97 \u00a0\u00a0 \u00a0 \u00a0 \u00a0 \u00a0 \u00a0<\/p>\n<p>09-07-97 \u00a0\u00a0 \u00a0 \u00a0 \u00a0 \u00a0 \u00a0<\/p>\n<p>RICARDO \u00a0COLON PE\u00d1A \u00a0\u00a0 \u00a0 \u00a0 \u00a0 \u00a0 \u00a0<\/p>\n<p>92.503.420 \u00a0<\/p>\n<p>D14-OC-MST-06-97 \u00a0\u00a0 \u00a0 \u00a0 \u00a0 \u00a0 \u00a0<\/p>\n<p>09-07-97 \u00a0\u00a0 \u00a0 \u00a0 \u00a0 \u00a0 \u00a0<\/p>\n<p>JORGE DIAZ \u00a0DURIER \u00a0\u00a0 \u00a0 \u00a0 \u00a0 \u00a0 \u00a0<\/p>\n<p>9.069.350 \u00a0<\/p>\n<p>D15-OC-MST-06-97 \u00a0\u00a0 \u00a0 \u00a0 \u00a0 \u00a0 \u00a0<\/p>\n<p>09-07-97 \u00a0\u00a0 \u00a0 \u00a0 \u00a0 \u00a0 \u00a0<\/p>\n<p>AGUSTIN \u00a0REY DURIER \u00a0\u00a0 \u00a0 \u00a0 \u00a0 \u00a0 \u00a0<\/p>\n<p>17.163.912 \u00a0<\/p>\n<p>D16-OC-MST-06-97 \u00a0\u00a0 \u00a0 \u00a0 \u00a0 \u00a0 \u00a0<\/p>\n<p>09-07-97 \u00a0\u00a0 \u00a0 \u00a0 \u00a0 \u00a0 \u00a0<\/p>\n<p>FIDEL \u00a0ANTONIO DIAZ GARAY \u00a0\u00a0 \u00a0 \u00a0 \u00a0 \u00a0 \u00a0<\/p>\n<p>3.944.495 \u00a0<\/p>\n<p>D17-OC-MST-06-97 \u00a0\u00a0 \u00a0 \u00a0 \u00a0 \u00a0 \u00a0<\/p>\n<p>09-07-97 \u00a0\u00a0 \u00a0 \u00a0 \u00a0 \u00a0 \u00a0<\/p>\n<p>JOSE \u00a0PASTRANA SIERRA \u00a0\u00a0 \u00a0 \u00a0 \u00a0 \u00a0 \u00a0<\/p>\n<p>73.078.897 \u00a0<\/p>\n<p>D18-OC-MST-06-97 \u00a0\u00a0 \u00a0 \u00a0 \u00a0 \u00a0 \u00a0<\/p>\n<p>09-07-97 \u00a0\u00a0 \u00a0 \u00a0 \u00a0 \u00a0 \u00a0<\/p>\n<p>JORGE DIAZ \u00a0DURIER \u00a0\u00a0 \u00a0 \u00a0 \u00a0 \u00a0 \u00a0<\/p>\n<p>9.069.350 \u00a0<\/p>\n<p>D19-OC-MST-06-97 \u00a0\u00a0 \u00a0 \u00a0 \u00a0 \u00a0 \u00a0<\/p>\n<p>09-07-97 \u00a0\u00a0 \u00a0 \u00a0 \u00a0 \u00a0 \u00a0<\/p>\n<p>RICARDO \u00a0COLON PE\u00d1A \u00a0\u00a0 \u00a0 \u00a0 \u00a0 \u00a0 \u00a0<\/p>\n<p>92.503.420 \u00a0<\/p>\n<p>D20-OC-MST-06-97 \u00a0\u00a0 \u00a0 \u00a0 \u00a0 \u00a0 \u00a0<\/p>\n<p>09-07-97 \u00a0\u00a0 \u00a0 \u00a0 \u00a0 \u00a0 \u00a0<\/p>\n<p>FIDEL \u00a0ANTONIO DIAZ GARAY \u00a0\u00a0 \u00a0 \u00a0 \u00a0 \u00a0 \u00a0<\/p>\n<p>3.944.495 \u00a0<\/p>\n<p>D21-OC-MST-06-97 \u00a0\u00a0 \u00a0 \u00a0 \u00a0 \u00a0 \u00a0<\/p>\n<p>09-07-97 \u00a0\u00a0 \u00a0 \u00a0 \u00a0 \u00a0 \u00a0<\/p>\n<p>JOS\u00c9 \u00a0PASTRANA SIERRA \u00a0\u00a0 \u00a0 \u00a0 \u00a0 \u00a0 \u00a0<\/p>\n<p>73.078.897 \u00a0<\/p>\n<p>Es dable destacar que, tales erogaciones \u00a0se \u00a0realizaron \u00a0sin que en los soportes contables o la liquidaci\u00f3n del cr\u00e9dito \u00a0se \u00a0hubiesen \u00a0efectuado \u00a0reconocimientos adicionales al valor del contrato, como \u00a0por \u00a0ejemplo \u00a0intereses moratorios, reajustes, o se haya indicado que dicho pago \u00a0obedec\u00eda \u00a0al \u00a0cumplimiento \u00a0de \u00a0una sentencia judicial, o a una conciliaci\u00f3n o \u00a0transacci\u00f3n \u00a0relativa a dichos factores; \u00a0los \u00a0valores \u00a0de \u00a0los contratos se pagaron atendiendo al valor \u00a0inicialmente \u00a0pactado, con las deducciones o descuentos ordenados por la ley, es \u00a0decir lo atinente al timbre nacional y la retenci\u00f3n en la fuente. \u00a0\u00a0<\/p>\n<p>Ahora \u00a0 \u00a0 bien, \u00a0 \u00a0 en \u00a0 lo \u00a0 que \u00a0 respecta \u00a0a \u00a0los \u00a0desembolsos \u00a0efectuados \u00a0por \u00a0el \u00a0Departamento \u00a0de \u00a0Sucre, por el mismo concepto, esto \u00a0es, \u00a0el \u00a0nuevo \u00a0pago de los rese\u00f1ados contratos, se \u00a0tienen los siguientes resultados: \u00a0\u00a0<\/p>\n<p>Cuadro No 3. \u00a0<\/p>\n<p>No. CONTRATO \u00a0\u00a0 \u00a0 \u00a0 \u00a0 \u00a0 \u00a0<\/p>\n<p>FECHA \u00a0\u00a0 \u00a0 \u00a0 \u00a0 \u00a0 \u00a0<\/p>\n<p>VALOR CONTRATO \u00a0\u00a0 \u00a0 \u00a0 \u00a0 \u00a0 \u00a0<\/p>\n<p>PAGO \u00a0 \u00a0 EFECTUADO \u00a0 \u00a0 POR \u00a0 \u00a0 LA \u00a0GOBERNACI\u00d3N \u00a0<\/p>\n<p>INICIAL \u00a0\u00a0 \u00a0 \u00a0 \u00a0 \u00a0 \u00a0<\/p>\n<p>FINAL \u00a0\u00a0 \u00a0 \u00a0 \u00a0 \u00a0 \u00a0<\/p>\n<p>FECHA \u00a0\u00a0 \u00a0 \u00a0 \u00a0 \u00a0 \u00a0<\/p>\n<p>VALOR \u00a0\u00a0 \u00a0 \u00a0 \u00a0 \u00a0 \u00a0<\/p>\n<p>BCO \u00a0\u00a0 \u00a0 \u00a0 \u00a0 \u00a0 \u00a0<\/p>\n<p>CHEQUE \u00a0\u00a0 \u00a0 \u00a0 \u00a0 \u00a0 \u00a0<\/p>\n<p>CUENTA \u00a0<\/p>\n<p>146-OC-MST-11-95 \u00a0\u00a0 \u00a0 \u00a0 \u00a0 \u00a0 \u00a0<\/p>\n<p>28-11-95 \u00a0\u00a0 \u00a0 \u00a0 \u00a0 \u00a0 \u00a0<\/p>\n<p>15.461.823 \u00a0\u00a0 \u00a0 \u00a0 \u00a0 \u00a0 \u00a0<\/p>\n<p>15.461.823 \u00a0\u00a0 \u00a0 \u00a0 \u00a0 \u00a0 \u00a0<\/p>\n<p>08-11-01 \u00a0\u00a0 \u00a0 \u00a0 \u00a0 \u00a0 \u00a0<\/p>\n<p>14.501.191 \u00a0\u00a0 \u00a0 \u00a0 \u00a0 \u00a0 \u00a0<\/p>\n<p>Popular \u00a0\u00a0 \u00a0 \u00a0 \u00a0 \u00a0 \u00a0<\/p>\n<p>13274013 \u00a0\u00a0 \u00a0 \u00a0 \u00a0 \u00a0 \u00a0<\/p>\n<p>4038-9 \u00a0<\/p>\n<p>153-OC-MST-11-95 \u00a0\u00a0 \u00a0 \u00a0 \u00a0 \u00a0 \u00a0<\/p>\n<p>30-11-95 \u00a0\u00a0 \u00a0 \u00a0 \u00a0 \u00a0 \u00a0<\/p>\n<p>20.272.385 \u00a0\u00a0 \u00a0 \u00a0 \u00a0 \u00a0 \u00a0<\/p>\n<p>20.272.385 \u00a0\u00a0 \u00a0 \u00a0 \u00a0 \u00a0 \u00a0<\/p>\n<p>23-05-01 \u00a0\u00a0 \u00a0 \u00a0 \u00a0 \u00a0 \u00a0<\/p>\n<p>19.155.404 \u00a0\u00a0 \u00a0 \u00a0 \u00a0 \u00a0 \u00a0<\/p>\n<p>Cafeter \u00a0\u00a0 \u00a0 \u00a0 \u00a0 \u00a0 \u00a0<\/p>\n<p>11861293 \u00a0\u00a0 \u00a0 \u00a0 \u00a0 \u00a0 \u00a0<\/p>\n<p>4038-9 \u00a0<\/p>\n<p>D09-OC-MST-06-97 \u00a0\u00a0 \u00a0 \u00a0 \u00a0 \u00a0 \u00a0<\/p>\n<p>03-06-97 \u00a0\u00a0 \u00a0 \u00a0 \u00a0 \u00a0 \u00a0<\/p>\n<p>24.708.251 \u00a0\u00a0 \u00a0 \u00a0 \u00a0 \u00a0 \u00a0<\/p>\n<p>24.708.251 \u00a0\u00a0 \u00a0 \u00a0 \u00a0 \u00a0 \u00a0<\/p>\n<p>08-11-01 \u00a0\u00a0 \u00a0 \u00a0 \u00a0 \u00a0 \u00a0<\/p>\n<p>21.457.573 \u00a0\u00a0 \u00a0 \u00a0 \u00a0 \u00a0 \u00a0<\/p>\n<p>Popular \u00a0\u00a0 \u00a0 \u00a0 \u00a0 \u00a0 \u00a0<\/p>\n<p>12290010 \u00a0\u00a0 \u00a0 \u00a0 \u00a0 \u00a0 \u00a0<\/p>\n<p>1130-7 \u00a0<\/p>\n<p>D10-OC-MST-06-97 \u00a0\u00a0 \u00a0 \u00a0 \u00a0 \u00a0 \u00a0<\/p>\n<p>03-06-97 \u00a0\u00a0 \u00a0 \u00a0 \u00a0 \u00a0 \u00a0<\/p>\n<p>21.596.177 \u00a0\u00a0 \u00a0 \u00a0 \u00a0 \u00a0 \u00a0<\/p>\n<p>32.522.688 \u00a0\u00a0 \u00a0 \u00a0 \u00a0 \u00a0 \u00a0<\/p>\n<p>27-06-01 \u00a0\u00a0 \u00a0 \u00a0 \u00a0 \u00a0 \u00a0<\/p>\n<p>28.244.557 \u00a0\u00a0 \u00a0 \u00a0 \u00a0 \u00a0 \u00a0<\/p>\n<p>Popular \u00a0\u00a0 \u00a0 \u00a0 \u00a0 \u00a0 \u00a0<\/p>\n<p>11928279 \u00a0\u00a0 \u00a0 \u00a0 \u00a0 \u00a0 \u00a0<\/p>\n<p>4038-9 \u00a0<\/p>\n<p>D11-OC-MST-06-97 \u00a0\u00a0 \u00a0 \u00a0 \u00a0 \u00a0 \u00a0<\/p>\n<p>03-06-97 \u00a0\u00a0 \u00a0 \u00a0 \u00a0 \u00a0 \u00a0<\/p>\n<p>23.218.985 \u00a0\u00a0 \u00a0 \u00a0 \u00a0 \u00a0 \u00a0<\/p>\n<p>34.799.846 \u00a0\u00a0 \u00a0 \u00a0 \u00a0 \u00a0 \u00a0<\/p>\n<p>17-07-01 \u00a0\u00a0 \u00a0 \u00a0 \u00a0 \u00a0 \u00a0<\/p>\n<p>30.222.311 \u00a0\u00a0 \u00a0 \u00a0 \u00a0 \u00a0 \u00a0<\/p>\n<p>Popular \u00a0\u00a0 \u00a0 \u00a0 \u00a0 \u00a0 \u00a0<\/p>\n<p>11928279 \u00a0\u00a0 \u00a0 \u00a0 \u00a0 \u00a0 \u00a0<\/p>\n<p>4038-9 \u00a0<\/p>\n<p>D12-OC-MST-06-97 \u00a0\u00a0 \u00a0 \u00a0 \u00a0 \u00a0 \u00a0<\/p>\n<p>03-06-97 \u00a0\u00a0 \u00a0 \u00a0 \u00a0 \u00a0 \u00a0<\/p>\n<p>31.781.376 \u00a0\u00a0 \u00a0 \u00a0 \u00a0 \u00a0 \u00a0<\/p>\n<p>46.964.871 \u00a0\u00a0 \u00a0 \u00a0 \u00a0 \u00a0 \u00a0<\/p>\n<p>27-06-01 \u00a0\u00a0 \u00a0 \u00a0 \u00a0 \u00a0 \u00a0<\/p>\n<p>40.787.860 \u00a0\u00a0 \u00a0 \u00a0 \u00a0 \u00a0 \u00a0<\/p>\n<p>Popular \u00a0\u00a0 \u00a0 \u00a0 \u00a0 \u00a0 \u00a0<\/p>\n<p>11928289 \u00a0\u00a0 \u00a0 \u00a0 \u00a0 \u00a0 \u00a0<\/p>\n<p>4038-9 \u00a0<\/p>\n<p>D13-OC-MST-06-97 \u00a0\u00a0 \u00a0 \u00a0 \u00a0 \u00a0 \u00a0<\/p>\n<p>03-06-97 \u00a0\u00a0 \u00a0 \u00a0 \u00a0 \u00a0 \u00a0<\/p>\n<p>30.545.856 \u00a0\u00a0 \u00a0 \u00a0 \u00a0 \u00a0 \u00a0<\/p>\n<p>39.101.357 \u00a0\u00a0 \u00a0 \u00a0 \u00a0 \u00a0 \u00a0<\/p>\n<p>17-07-01 \u00a0\u00a0 \u00a0 \u00a0 \u00a0 \u00a0 \u00a0<\/p>\n<p>33.958.252 \u00a0\u00a0 \u00a0 \u00a0 \u00a0 \u00a0 \u00a0<\/p>\n<p>Popular \u00a0\u00a0 \u00a0 \u00a0 \u00a0 \u00a0 \u00a0<\/p>\n<p>11928287 \u00a0\u00a0 \u00a0 \u00a0 \u00a0 \u00a0 \u00a0<\/p>\n<p>4038-9 \u00a0<\/p>\n<p>D14-OC-MST-06-97 \u00a0\u00a0 \u00a0 \u00a0 \u00a0 \u00a0 \u00a0<\/p>\n<p>03-06-97 \u00a0\u00a0 \u00a0 \u00a0 \u00a0 \u00a0 \u00a0<\/p>\n<p>30.545.856. \u00a0\u00a0 \u00a0 \u00a0 \u00a0 \u00a0 \u00a0<\/p>\n<p>39.407.386 \u00a0\u00a0 \u00a0 \u00a0 \u00a0 \u00a0 \u00a0<\/p>\n<p>13-08-01 \u00a0\u00a0 \u00a0 \u00a0 \u00a0 \u00a0 \u00a0<\/p>\n<p>34.224.044 \u00a0\u00a0 \u00a0 \u00a0 \u00a0 \u00a0 \u00a0<\/p>\n<p>Popular \u00a0\u00a0 \u00a0 \u00a0 \u00a0 \u00a0 \u00a0<\/p>\n<p>11928302 \u00a0\u00a0 \u00a0 \u00a0 \u00a0 \u00a0 \u00a0<\/p>\n<p>4038-9 \u00a0<\/p>\n<p>D15-OC-MST-06-97 \u00a0\u00a0 \u00a0 \u00a0 \u00a0 \u00a0 \u00a0<\/p>\n<p>03-06-97 \u00a0\u00a0 \u00a0 \u00a0 \u00a0 \u00a0 \u00a0<\/p>\n<p>36.165.984. \u00a0\u00a0 \u00a0 \u00a0 \u00a0 \u00a0 \u00a0<\/p>\n<p>50.808.384 \u00a0\u00a0 \u00a0 \u00a0 \u00a0 \u00a0 \u00a0<\/p>\n<p>17-07-01 \u00a0\u00a0 \u00a0 \u00a0 \u00a0 \u00a0 \u00a0<\/p>\n<p>44.126.022 \u00a0\u00a0 \u00a0 \u00a0 \u00a0 \u00a0 \u00a0<\/p>\n<p>Popular \u00a0\u00a0 \u00a0 \u00a0 \u00a0 \u00a0 \u00a0<\/p>\n<p>11928291 \u00a0\u00a0 \u00a0 \u00a0 \u00a0 \u00a0 \u00a0<\/p>\n<p>4038-9 \u00a0<\/p>\n<p>D16-OC-MST-06-97 \u00a0\u00a0 \u00a0 \u00a0 \u00a0 \u00a0 \u00a0<\/p>\n<p>03-06-97 \u00a0\u00a0 \u00a0 \u00a0 \u00a0 \u00a0 \u00a0<\/p>\n<p>36.165.984 \u00a0\u00a0 \u00a0 \u00a0 \u00a0 \u00a0 \u00a0<\/p>\n<p>50.808.384 \u00a0\u00a0 \u00a0 \u00a0 \u00a0 \u00a0 \u00a0<\/p>\n<p>17-07-01 \u00a0\u00a0 \u00a0 \u00a0 \u00a0 \u00a0 \u00a0<\/p>\n<p>44.126.022 \u00a0\u00a0 \u00a0 \u00a0 \u00a0 \u00a0 \u00a0<\/p>\n<p>Popular \u00a0\u00a0 \u00a0 \u00a0 \u00a0 \u00a0 \u00a0<\/p>\n<p>11928293\/294 \u00a0\u00a0 \u00a0 \u00a0 \u00a0 \u00a0 \u00a0<\/p>\n<p>4038-9 \u00a0<\/p>\n<p>D17-OC-MST-06-97 \u00a0\u00a0 \u00a0 \u00a0 \u00a0 \u00a0 \u00a0<\/p>\n<p>03-06-97 \u00a0\u00a0 \u00a0 \u00a0 \u00a0 \u00a0 \u00a0<\/p>\n<p>36.165.984 \u00a0\u00a0 \u00a0 \u00a0 \u00a0 \u00a0 \u00a0<\/p>\n<p>50.808.384 \u00a0\u00a0 \u00a0 \u00a0 \u00a0 \u00a0 \u00a0<\/p>\n<p>17-07-01 \u00a0\u00a0 \u00a0 \u00a0 \u00a0 \u00a0 \u00a0<\/p>\n<p>44.126.022 \u00a0\u00a0 \u00a0 \u00a0 \u00a0 \u00a0 \u00a0<\/p>\n<p>Popular \u00a0\u00a0 \u00a0 \u00a0 \u00a0 \u00a0 \u00a0<\/p>\n<p>11928286 \u00a0\u00a0 \u00a0 \u00a0 \u00a0 \u00a0 \u00a0<\/p>\n<p>4038-9 \u00a0<\/p>\n<p>D18-OC-MST-06-97 \u00a0\u00a0 \u00a0 \u00a0 \u00a0 \u00a0 \u00a0<\/p>\n<p>03-06-97 \u00a0\u00a0 \u00a0 \u00a0 \u00a0 \u00a0 \u00a0<\/p>\n<p>36.165.984 \u00a0\u00a0 \u00a0 \u00a0 \u00a0 \u00a0 \u00a0<\/p>\n<p>50.808.384 \u00a0\u00a0 \u00a0 \u00a0 \u00a0 \u00a0 \u00a0<\/p>\n<p>13-08-01 \u00a0\u00a0 \u00a0 \u00a0 \u00a0 \u00a0 \u00a0<\/p>\n<p>44.126.022 \u00a0\u00a0 \u00a0 \u00a0 \u00a0 \u00a0 \u00a0<\/p>\n<p>Popular \u00a0\u00a0 \u00a0 \u00a0 \u00a0 \u00a0 \u00a0<\/p>\n<p>11928306 \u00a0\u00a0 \u00a0 \u00a0 \u00a0 \u00a0 \u00a0<\/p>\n<p>4038-9 \u00a0<\/p>\n<p>D19-OC-MST-06-97 \u00a0\u00a0 \u00a0 \u00a0 \u00a0 \u00a0 \u00a0<\/p>\n<p>03-06-97 \u00a0\u00a0 \u00a0 \u00a0 \u00a0 \u00a0 \u00a0<\/p>\n<p>13.129.776 \u00a0\u00a0 \u00a0 \u00a0 \u00a0 \u00a0 \u00a0<\/p>\n<p>12.158.080 \u00a0\u00a0 \u00a0 \u00a0 \u00a0 \u00a0 \u00a0<\/p>\n<p>08-11-01 \u00a0\u00a0 \u00a0 \u00a0 \u00a0 \u00a0 \u00a0<\/p>\n<p>11.402.279 \u00a0\u00a0 \u00a0 \u00a0 \u00a0 \u00a0 \u00a0<\/p>\n<p>Popular \u00a0\u00a0 \u00a0 \u00a0 \u00a0 \u00a0 \u00a0<\/p>\n<p>13274014 \u00a0\u00a0 \u00a0 \u00a0 \u00a0 \u00a0 \u00a0<\/p>\n<p>4038-9 \u00a0<\/p>\n<p>D20-OC-MST-06-97 \u00a0\u00a0 \u00a0 \u00a0 \u00a0 \u00a0 \u00a0<\/p>\n<p>03-06-97 \u00a0\u00a0 \u00a0 \u00a0 \u00a0 \u00a0 \u00a0<\/p>\n<p>41.482.800 \u00a0\u00a0 \u00a0 \u00a0 \u00a0 \u00a0 \u00a0<\/p>\n<p>41.482.800 \u00a0\u00a0 \u00a0 \u00a0 \u00a0 \u00a0 \u00a0<\/p>\n<p>13-08-01 \u00a0\u00a0 \u00a0 \u00a0 \u00a0 \u00a0 \u00a0<\/p>\n<p>34.106.080 \u00a0\u00a0 \u00a0 \u00a0 \u00a0 \u00a0 \u00a0<\/p>\n<p>Popular \u00a0\u00a0 \u00a0 \u00a0 \u00a0 \u00a0 \u00a0<\/p>\n<p>11928309 \u00a0\u00a0 \u00a0 \u00a0 \u00a0 \u00a0 \u00a0<\/p>\n<p>4038-9 \u00a0<\/p>\n<p>D21-OC-MST-06-97 \u00a0\u00a0 \u00a0 \u00a0 \u00a0 \u00a0 \u00a0<\/p>\n<p>03-06-97 \u00a0\u00a0 \u00a0 \u00a0 \u00a0 \u00a0 \u00a0<\/p>\n<p>41.482.800 \u00a0\u00a0 \u00a0 \u00a0 \u00a0 \u00a0 \u00a0<\/p>\n<p>41.482.800 \u00a0\u00a0 \u00a0 \u00a0 \u00a0 \u00a0 \u00a0<\/p>\n<p>13-08-01 \u00a0\u00a0 \u00a0 \u00a0 \u00a0 \u00a0 \u00a0<\/p>\n<p>34.106.080 \u00a0\u00a0 \u00a0 \u00a0 \u00a0 \u00a0 \u00a0<\/p>\n<p>Popular \u00a0\u00a0 \u00a0 \u00a0 \u00a0 \u00a0 \u00a0<\/p>\n<p>11928307 \u00a0\u00a0 \u00a0 \u00a0 \u00a0 \u00a0 \u00a0<\/p>\n<p>4038-9 \u00a0<\/p>\n<p>\u00a0\u00a0\u00a0\u00a0\u00a0\u00a0\u00a0\u00a0\u00a0\u00a0\u00a0\u00a0\u00a0\u00a0 \u00a0TOTAL \u00a0 NETO \u00a0PAGADO \u00a0POR \u00a0EL \u00a0DEPARTAMENTO \u00a0SUCRE \u00a0$478.669.719,oo22 \u00a0<\/p>\n<p>\u00a0 \u00a0 \u00a0 \u00a0\u00a0\u00a0\u00a0\u00a0 \u00a0\u00a0<\/p>\n<p>As\u00ed \u00a0mismo, de los comprobantes de pago \u00a0que \u00a0 acreditan \u00a0la \u00a0cancelaci\u00f3n \u00a0de \u00a0los \u00a0referidos \u00a0contratos, \u00a0se \u00a0establece \u00a0claramente \u00a0que \u00a0los recursos fueron entregados por la Gobernaci\u00f3n no \u00a0 a \u00a0 los \u00a0 contratistas \u00a0 se\u00f1alados, \u00a0 sino \u00a0a \u00a0la \u00a0se\u00f1ora \u00a0Mar\u00eda \u00a0Ang\u00e9lica Esquivel Lora, identificada con la \u00a0c\u00e9dula \u00a0de \u00a0ciudadan\u00eda \u00a050.966.515, \u00a0representante \u00a0legal \u00a0de \u00a0la \u00a0empresa \u00a0INVERGOLFO, \u00a0tal \u00a0como ella \u00a0lo \u00a0 \u00a0acept\u00f3 \u00a0 \u00a0y \u00a0reconoci\u00f3 \u00a0como \u00a0suya \u00a0la \u00a0firma \u00a0estampada \u00a0en la \u00a0casilla \u00a0 \u00a0 \u00a0 \u00a0 \u00a0 \u00a0 \u00a0correspondiente \u00a0 \u00a0 \u00a0 \u00a0 \u00a0 \u00a0 \u00a0al \u00a0 \u00a0 \u00a0 \u00a0 \u00a0 \u00a0 \u201cbeneficiario\u201d, \u00a0en \u00a0se\u00f1al \u00a0de que \u00a0efectivamente \u00a0recibi\u00f3 \u00a0los \u00a0cheques por concepto de los 15 contratos, t\u00edtulos \u00a0valores \u00a0que \u00a0de \u00a0inmediato \u00a0procedi\u00f3 a \u00a0cambiar \u00a0en el banco girado y entregar el dinero en efectivo a \u00a0los miembros de las AUC que la acompa\u00f1aban. \u00a0\u00a0<\/p>\n<p>Al \u00a0igual \u00a0que \u00a0lo \u00a0acontecido \u00a0en \u00a0el \u00a0municipio \u00a0 de \u00a0 Santiago \u00a0 de \u00a0 Tol\u00fa, \u00a0los \u00a0comprobantes \u00a0de \u00a0pago \u00a0de \u00a0la \u00a0Gobernaci\u00f3n, no \u00a0 reflejan \u00a0 sumas \u00a0 por \u00a0 conceptos \u00a0diferentes \u00a0a \u00a0 \u00a0 los \u00a0 \u00a0valores \u00a0 \u00a0de \u00a0 \u00a0los \u00a0contratos, \u00a0como \u00a0por \u00a0ejemplo \u00a0intereses, ajustes, \u00a0adiciones \u00a0o reconocimientos judiciales o extrajudiciales como se pretende hacer \u00a0creer; \u00a0\u00fanicamente \u00a0se \u00a0cancel\u00f3 el valor inicial neto del contrato. \u00a0\u00a0<\/p>\n<p>Como \u00a0puede verse, sin dificultad alguna \u00a0surge \u00a0ostensible \u00a0la nueva cancelaci\u00f3n o doble pago de 15 contratos celebrados \u00a0por \u00a0el \u00a0municipio \u00a0de \u00a0Santiago \u00a0de Tol\u00fa en los a\u00f1os 1995 y 1997, erogaciones \u00a0autorizadas \u00a0y \u00a0ordenadas \u00a0por \u00a0el \u00a0acusado \u00a0SALVADOR \u00a0ARANA \u00a0SUS \u00a0en calidad de \u00a0Gobernador \u00a0del \u00a0Departamento \u00a0de \u00a0Sucre, en el a\u00f1o \u00a02011, \u00a0 precisamente \u00a0cuando \u00a0le \u00a0fue \u00a0deferida \u00a0la \u00a0administraci\u00f3n \u00a0 y \u00a0ejecuci\u00f3n \u00a0de \u00a0las \u00a0regal\u00edas \u00a0directas \u00a0y \u00a0compensaciones \u00a0correspondientes \u00a0 \u00a0 al \u00a0 \u00a0 citado \u00a0 \u00a0municipio, \u00a0 \u00a0es \u00a0 \u00a0decir, \u00a0 \u00a0cuando \u00a0 el \u00a0 funcionario \u00a0seccional \u00a0ten\u00eda \u00a0 la \u00a0 competencia \u00a0 para \u00a0la \u00a0\u201cadministraci\u00f3n \u00a0 \u00a0 \u00a0 \u00a0 y \u00a0custodia\u201d de los se\u00f1alados recursos, deberes que \u00a0dimanan \u00a0 simple \u00a0 y \u00a0 llanamente \u00a0de \u00a0las \u00a0responsabilidades \u00a0que \u00a0le \u00a0eran \u00a0anejas en el manejo de los \u00a0fondos \u00a0 \u00a0p\u00fablicos, \u00a0 \u00a0aspecto \u00a0 \u00a0que, \u00a0 \u00a0entre \u00a0 otras \u00a0 cosas, \u00a0 admiti\u00f3 \u00a0el \u00a0mandatario \u00a0y nunca fue \u00a0cuestionado \u00a0por \u00a0\u00e9l o \u00a0su defensor. \u00a0\u00a0<\/p>\n<p>Ahora, en lo concerniente a la legalidad \u00a0o \u00a0no del pago efectuado \u00a0por \u00a0ex \u00a0mandatario seccional, debe precisar la Sala \u00a0que \u00a0conforme \u00a0al \u00a0pliego de cargos y al examen de los medios de convicci\u00f3n con \u00a0que \u00a0se \u00a0cuenta, \u00a0no \u00a0existe \u00a0duda \u00a0acerca de que a trav\u00e9s de este mecanismo se \u00a0llev\u00f3 \u00a0 a \u00a0 cabo \u00a0la \u00a0apropiaci\u00f3n \u00a0 de \u00a0 los \u00a0 recursos \u00a0provenientes \u00a0de \u00a0las \u00a0regal\u00edas \u00a0petroleras \u00a0asignadas \u00a0 \u00a0al \u00a0 \u00a0municipio \u00a0 de \u00a0 Santiago \u00a0 de \u00a0Tol\u00fa, \u00a0en \u00a0 \u00a0 \u00a0 \u00a0 cuant\u00eda \u00a0 \u00a0 \u00a0 \u00a0 de \u00a0$478.669.719,oo, \u00a0con \u00a0la finalidad de favorecer \u00a0a \u00a0las AUC que operaban en \u00a0aquella regi\u00f3n. \u00a0\u00a0<\/p>\n<p>El argumento central de la defensa tanto \u00a0material \u00a0como t\u00e9cnica \u00a0para \u00a0 \u00a0efectuar \u00a0 el \u00a0 desembolso \u00a0 de \u00a0la \u00a0suma \u00a0indicada, radica en que \u00a0esto \u00a0obedec\u00eda \u00a0al cumplimiento de del \u00a0mandamiento \u00a0de \u00a0pago \u00a0dispuesto \u00a0por \u00a0el Tribunal Contencioso Administrativo de \u00a0Sucre, \u00a0 \u00a0 \u00a0afirmaci\u00f3n \u00a0 \u00a0 que \u00a0 \u00a0 no \u00a0 \u00a0 pasa \u00a0 \u00a0 de \u00a0 \u00a0 ser \u00a0 \u00a0 una \u00a0 \u00a0manifestaci\u00f3n \u00a0 \u00a0puramente \u00a0sof\u00edstica. \u00a0\u00a0<\/p>\n<p>En primer t\u00e9rmino y para mayor claridad \u00a0del \u00a0asunto, \u00a0resulta \u00a0de \u00a0importancia \u00a0precisar \u00a0las \u00a0incidencias \u00a0acaecidas \u00a0respecto \u00a0del pago de los \u00a015 \u00a0 contratos \u00a0 por \u00a0 el\u00a0 \u00a0 municipio \u00a0de \u00a0Santiago \u00a0de \u00a0Tol\u00fa; \u00a0 \u00a0 \u00a0para \u00a0 \u00a0 ello, \u00a0se \u00a0parte \u00a0por \u00a0se\u00f1alar \u00a0que \u00a0la \u00a0administraci\u00f3n \u00a0local \u00a0pact\u00f3 \u00a0con \u00a0los \u00a0respectivos \u00a0contratistas \u00a0que \u00a0\u00e9stos \u00a0\u201ccon \u00a0sus propios medios, autonom\u00eda, en estricta \u00a0concordancia \u00a0con \u00a0los \u00a0documentos \u00a0del \u00a0contrato, \u00a0los precios de su propuesta, \u00a0planos \u00a0y pliegos de condiciones\u201d ejecutar\u00edan las \u00a0obras \u00a0que \u00a0en \u00a0cada \u00a0contrato \u00a0se especificaron, cuyo valor ser\u00eda pagado \u00a0por \u00a0el municipio acorde con \u00a0la \u00a0\u201cliquidaci\u00f3n del acta final (sic), cuarenta y \u00a0cinco \u00a0(45) \u00a0d\u00edas \u00a0despu\u00e9s \u00a0de \u00a0firmada dicha acta, con recursos propios o por \u00a0medio \u00a0 \u00a0 de \u00a0 \u00a0 la \u00a0 \u00a0 Fiduciaria\u201d23. \u00a0\u00a0<\/p>\n<p>En \u00a0lo \u00a0que \u00a0ata\u00f1e \u00a0a \u00a0los \u00a0contratos \u00a0146-OC-MST-95 \u00a0y \u00a0 153-OC-MST-11-95, \u00a0celebrados \u00a0 con \u00a0 Jairo \u00a0 Garc\u00eda \u00a0 Vallejo \u00a0 y \u00a0 Elizabeth \u00a0Mendoza \u00a0M\u00e1rquez, \u00a0respectivamente, \u00a0 la \u00a0 cancelaci\u00f3n \u00a0no \u00a0se \u00a0produjo \u00a0dentro \u00a0de \u00a0los plazos estipulados inicialmente, \u00a0s\u00f3lo \u00a0 \u00a0se \u00a0 \u00a0llev\u00f3 \u00a0 \u00a0a \u00a0 \u00a0cabo \u00a0 el \u00a024 \u00a0de \u00a0enero \u00a0y el 29 \u00a0de mayo de 1997, desconoci\u00e9ndose \u00a0el \u00a0 \u00a0motivo \u00a0 \u00a0de \u00a0 \u00a0la \u00a0 mora; \u00a0 no \u00a0 obstante \u00a0 ni \u00a0 en \u00a0 la \u00a0 cuenta \u00a0de \u00a0cobro \u00a0presentada \u00a0por \u00a0el \u00a0acreedor, \u00a0ni \u00a0en \u00a0el \u00a0comprobante \u00a0de pago se hizo alusi\u00f3n alguna a reajustes, \u00a0intereses \u00a0de mora o partidas adicionales del valor inicialmente convenido en el \u00a0respectivo contrato. \u00a0\u00a0<\/p>\n<p>Respecto \u00a0de \u00a0los contratos D09-OC-MST-06-97; \u00a0 \u00a0 \u00a0D-10-OC-MST-06-97; \u00a0 \u00a0 \u00a0D-11-OC-MST-06-97; \u00a0D-12-OC-MST-06-97; \u00a0 D-13-OC-MST-06-97; \u00a0 D-14-OC-MST-06-97; \u00a0D-15-OC-MST-06-97; \u00a0D-16-OC-MST-06-97; \u00a0 D-17-OC-MST-06-97; \u00a0 D-18-OC-MST-06-97; \u00a0 D-19-OC-MST-06-97; \u00a0D-20-OC-MST-06-97, \u00a0y \u00a0D-21-OC-MST-06-97, \u00a0 \u00a0 \u00a0 se \u00a0 \u00a0 \u00a0 observa \u00a0que \u00e9stos fueron celebrados \u00a0el \u00a03 de junio de 1997 y \u00a0conforme \u00a0a lo consignado en la cl\u00e1usula cuarta se fij\u00f3 un plazo de 60 d\u00edas a \u00a0partir \u00a0del \u00a0acta \u00a0de \u00a0iniciaci\u00f3n, lo cual quiere decir que ir\u00eda hasta el 3 de \u00a0agosto \u00a0siguiente; \u00a0sin \u00a0embargo, \u00a0de \u00a0manera \u00a0un \u00a0tanto parad\u00f3jica \u00a0 \u00a0 \u00a0que \u00a0 \u00a0 \u00a0sugiere \u00a0 \u00a0 \u00a0algo \u00a0sospechoso \u00a0 o \u00a0 que \u00a0 por \u00a0 lo \u00a0 menos \u00a0despierta \u00a0suspicacias, \u00a0las actas de iniciaci\u00f3n de las obras \u00a0datan \u00a0de los d\u00edas 3, 4 y 5 de junio de 1997 y las de recibo final del 18, 19 y \u00a020 \u00a0del \u00a0mismo \u00a0mes y a\u00f1o. En ese orden de ideas, el pago de estos 13 contratos \u00a0se \u00a0realiz\u00f3 el 9 de julio de aquel a\u00f1o, \u00a0 es \u00a0 decir, \u00a0 dentro \u00a0 de \u00a0 los \u00a0plazos \u00a0estipulados \u00a0en \u00a0los \u00a0convenios, \u00a0por \u00a0manera \u00a0que \u00a0no \u00a0habr\u00eda \u00a0lugar \u00a0a \u00a0reconocer \u00a0sumas \u00a0o \u00a0partidas \u00a0por \u00a0concepto de intereses de mora o reajustes de \u00a0ninguna naturaleza. \u00a0\u00a0<\/p>\n<p>No \u00a0obstante \u00a0lo \u00a0 anterior, \u00a0 los \u00a0contratistas \u00a0 \u00a0 cedieron \u00a0 \u00a0 sus \u00a0 \u00a0derechos \u00a0 respecto \u00a0de \u00a0los \u00a015 \u00a0contratos \u00a0rese\u00f1ados \u00a0a \u00a0favor \u00a0del \u00a0abogado \u00a0Gabriel \u00a0Angulo \u00a0Hern\u00e1ndez, \u00a0derechos \u00a0que \u00a0ya \u00a0no \u00a0ten\u00edan \u00a0puesto \u00a0que \u00a0el \u00a0valor \u00a0de los mismos ya hab\u00eda sido \u00a0cancelado, \u00a0de lo cual \u00a0presentaron \u00a0los \u00a0correspondientes \u00a0escritos \u00a0a la Tesorer\u00eda municipal de Tol\u00fa \u00a0el \u00a0 \u00a012 \u00a0de \u00a0agosto \u00a0de \u00a01997, \u00a0es \u00a0decir \u00a0un \u00a0mes \u00a0y \u00a0cuatro \u00a0d\u00edas \u00a0despu\u00e9s de efectuado \u00a0 \u00a0el \u00a0 \u00a0pago respectivo.\u00a0 \u00a0\u00a0<\/p>\n<p>El abogado en \u00a0menci\u00f3n, \u00a0 con \u00a0fundamento \u00a0en \u00a0las \u00a0aludidas \u00a0cesiones \u00a0de \u00a0los \u00a0 \u00a0contratos, \u00a0 present\u00f3 \u00a0 dos \u00a0demandas \u00a0ejecutivas \u00a0ante \u00a0el \u00a0Tribunal \u00a0Administrativo de Sucre con las cuales \u00a0reclamaba el pago de los ya citados contratos, as\u00ed: \u00a0\u00a0<\/p>\n<p>La \u00a0 primera \u00a0 acci\u00f3n \u00a0ejecutiva \u00a0fue \u00a0formulada el 23 de mayo \u00a0de \u00a01997 \u00a0y \u00a0en ella se persegu\u00eda el pago de $603.264.221,64 por concepto de 18 \u00a0contratos \u00a0celebrados \u00a0por \u00a0el municipio de Santiago de Tol\u00fa con diferentes \u00a0contratistas \u00a0durante \u00a0los \u00a0a\u00f1os \u00a01994, \u00a01995 y 1996, m\u00e1s los intereses moratorios, intereses corrientes y \u00a0costas \u00a0 del \u00a0 proceso, \u00a0 demanda \u00a0 en \u00a0la \u00a0que \u00a0se \u00a0incluy\u00f3 \u00a0el \u00a0contrato \u00a0No. \u00a0146-OC-MST-11-95, \u00a0por \u00a0el valor inicial de $15.461.823,oo, el cual al aplicarle \u00a0los \u00a0reajustes \u00a0respectivos \u00a0ascend\u00eda \u00a0a $20.556.732,08, seg\u00fan la pretensi\u00f3n. \u00a0 Esta \u00a0 demanda \u00a0 fue \u00a0radicada \u00a0con el No. 6447, en la que el Tribunal libr\u00f3 mandamiento de pago el 9 \u00a0de \u00a0julio \u00a0de \u00a01997, \u00a0contra \u00a0el \u00a0municipio \u00a0de \u00a0Santiago \u00a0de Tol\u00fa y a favor de \u00a0INVERGOLFO \u00a0 LTDA, \u00a0firma \u00a0representada \u00a0judicialmente \u00a0por \u00a0el \u00a0abogado \u00a0Angulo \u00a0Hern\u00e1ndez. \u00a0\u00a0<\/p>\n<p>El \u00a0 segundo \u00a0 proceso \u00a0ejecutivo \u00a0fue \u00a0promovido \u00a0el \u00a03 \u00a0de \u00a0octubre \u00a0de 1997, para obtener el pago de $940.725.973,59, \u00a0correspondientes \u00a0al \u00a0pago \u00a0de \u00a022 \u00a0contratos \u00a0celebrados \u00a0por \u00a0el \u00a0municipio de \u00a0Santiago \u00a0de \u00a0Tol\u00fa con diversos contratistas entre los a\u00f1os 1995 y 1997, monto \u00a0que \u00a0 conten\u00eda \u00a0 los \u00a0reajustes \u00a0 de \u00a0los \u00a0contratos \u00a0e \u00a0intereses \u00a0moratorios. \u00a0En \u00a0esta \u00a0demanda \u00a0se \u00a0incluyeron \u00a0 \u00a0 los \u00a0 \u00a0 contratos \u00a0 \u00a0153-OC-MST-11-95 \u00a0 \u00a0y \u00a0 \u00a0los \u00a0 \u00a0D-09, \u00a0 \u00a0 \u00a0 \u00a0 \u00a0 10, \u00a0 \u00a0 \u00a0 \u00a0 \u00a0 11, \u00a0 \u00a0 \u00a0 \u00a0 \u00a0 12, \u00a0 \u00a0 \u00a0 \u00a0 \u00a0 13, \u00a0 \u00a0 \u00a0 \u00a0 \u00a0 14, \u00a0 \u00a0 \u00a0 \u00a0 \u00a0 15, \u00a0 \u00a0 \u00a0 \u00a0 \u00a0 16, \u00a0 \u00a0 \u00a0 \u00a0 \u00a0 17, \u00a0 \u00a0 \u00a0 \u00a0 \u00a0 18, \u00a0 \u00a0 \u00a0 \u00a0 \u00a0 19, \u00a0 \u00a0 \u00a0 \u00a0 \u00a0 20 \u00a0 \u00a0 \u00a0 \u00a0y \u00a0 \u00a0 \u00a0 21-OC-MST-06 \u00a0 de \u00a0 1997, \u00a0 asunto \u00a0radicado \u00a0en \u00a0el \u00a0Tribunal \u00a0bajo \u00a0el No. 6820, en el que mediante auto del 12 de \u00a0noviembre \u00a0de \u00a01997 se libr\u00f3 mandamiento de pago por la v\u00eda ejecutiva de mayor \u00a0cuant\u00eda \u00a0 contra \u00a0 el \u00a0 municipio \u00a0 de \u00a0 Tol\u00fa \u00a0 a \u00a0 favor \u00a0de \u00a0Gabriel \u00a0Angulo \u00a0Hern\u00e1ndez. \u00a0\u00a0<\/p>\n<p>Luego de algunos tr\u00e1mites inherentes al \u00a0proceso \u00a0ejecutivo \u00a0de \u00a0esta \u00a0naturaleza, \u00a0entre \u00a0otros \u00a0lo \u00a0atinente \u00a0a medidas \u00a0cautelares \u00a0promovidos \u00a0por \u00a0el \u00a0demandante \u00a0y \u00a0en \u00a0los \u00a0que \u00a0se \u00a0nota \u00a0la total \u00a0inactividad \u00a0 \u00a0del \u00a0apoderado \u00a0del \u00a0municipio, \u00a0las \u00a0partes llegaron a un acuerdo transaccional para \u00a0dar \u00a0 \u00a0 \u00a0 por \u00a0 \u00a0 \u00a0terminados \u00a0 \u00a0 \u00a0los \u00a0 \u00a0 \u00a0se\u00f1alados \u00a0 \u00a0 \u00a0procesos, \u00a0 \u00a0 el \u00a0 \u00a0 cual \u00a0 \u00a0superaba \u00a0los \u00a0mil \u00a0doscientos \u00a0millones \u00a0de \u00a0pesos, compromiso \u00a0 que \u00a0en \u00a0\u00faltimas \u00a0fue \u00a0incumplido \u00a0 por \u00a0el \u00a0municipio \u00a0de \u00a0Santiago \u00a0de \u00a0Tol\u00fa \u00a0debido \u00a0a \u00a0la crisis financiera por \u00a0 \u00a0la \u00a0 que \u00a0 atravesaba \u00a0 en \u00a0 ese \u00a0 momento, \u00a0 situaci\u00f3n \u00a0 \u00a0 que \u00a0 \u00a0condujo \u00a0 \u00a0a \u00a0la \u00a0 administraci\u00f3n \u00a0local \u00a0 a \u00a0 efectuar \u00a0con \u00a0sus acreedores un Acuerdo de Reestructuraci\u00f3n \u00a0de \u00a0Pasivos \u00a0con \u00a0la \u00a0promoci\u00f3n \u00a0de \u00a0la \u00a0Direcci\u00f3n General de Apoyo Fiscal del \u00a0Ministerio \u00a0de \u00a0Hacienda y Cr\u00e9dito P\u00fablico, en el marco de la Ley 550 de 1999, \u00a0acuerdo \u00a0que \u00a0incluy\u00f3 \u00a0los \u00a0cr\u00e9ditos \u00a0que se estaban cobrando a trav\u00e9s de los procesos ejecutivos No. \u00a06447 \u00a0y \u00a06820 del Tribunal Administrativo de Sucre24. \u00a0\u00a0<\/p>\n<p>Es \u00a0pertinente anotar, que la Ley 550 de \u00a01999 \u00a0 establece \u00a0un \u00a0r\u00e9gimen \u00a0 que \u00a0 promueve \u00a0 y \u00a0facilita \u00a0la reactivaci\u00f3n empresarial y la \u00a0reestructuraci\u00f3n \u00a0de \u00a0los \u00a0entes territoriales para asegurar la funci\u00f3n social \u00a0de \u00a0las \u00a0empresas \u00a0y \u00a0lograr el desarrollo arm\u00f3nico de las regiones, \u00a0a trav\u00e9s del cual, se logra un acuerdo o convenci\u00f3n entre la \u00a0entidad \u00a0territorial y sus acreedores con el objeto de corregir deficiencias que \u00a0presenten \u00a0en \u00a0su capacidad de operaci\u00f3n para atender obligaciones pecuniarias, \u00a0de \u00a0manera que tales entidades puedan recuperarse dentro del plazo y condiciones \u00a0previstas \u00a0en el acuerdo, y una vez recuperada, pueda cumplir eficientemente con \u00a0sus \u00a0funciones \u00a0constitucionales \u00a0propendiendo \u00a0por \u00a0el \u00a0mejoramiento \u00a0social \u00a0y \u00a0cultural de sus habitantes. \u00a0\u00a0<\/p>\n<p>Sobre \u00a0 el \u00a0 particular, \u00a0 la \u00a0 Corte \u00a0Constitucional se\u00f1al\u00f3: \u00a0\u00a0<\/p>\n<p>\u201c[\u2026] \u00a0es \u00a0incuestionable \u00a0 que \u00a0 la \u00a0aplicaci\u00f3n \u00a0de \u00a0los \u00a0acuerdos \u00a0de \u00a0reestructuraci\u00f3n \u00a0empresarial \u00a0a \u00a0las \u00a0entidades \u00a0territoriales \u00a0no \u00a0s\u00f3lo \u00a0se \u00a0fundamenta \u00a0en \u00a0el \u00a0prop\u00f3sito \u00a0interventor \u00a0de lograr el desarrollo arm\u00f3nico de las regiones, sino \u00a0tambi\u00e9n \u00a0en \u00a0la \u00a0competencia del legislador para intervenir en el \u00e1mbito de la \u00a0autonom\u00eda \u00a0de \u00a0dichos \u00a0entes \u00a0de acuerdo con lo establecido en el art\u00edculo 287 \u00a0Superior, \u00a0sin \u00a0afectar \u00a0su \u00a0n\u00facleo \u00a0esencial, conformado por la posibilidad de \u00a0gestionar \u00a0sus \u00a0propios \u00a0intereses \u00a0y \u00a0constituir \u00a0sus \u00a0formas \u00a0de gobierno y de \u00a0administraci\u00f3n \u00a0 local \u00a0 -funciones \u00a0 de \u00a0autogobierno \u00a0y \u00a0autogesti\u00f3n-. \u00a0Esta \u00a0intervenci\u00f3n, \u00a0claro est\u00e1, debe encontrar justificaci\u00f3n en razones vinculadas \u00a0con \u00a0el \u00a0inter\u00e9s general tales como la estabilidad macroecon\u00f3mica y financiera \u00a0de \u00a0la \u00a0Naci\u00f3n, \u00a0que \u00a0en \u00a0el \u00a0caso \u00a0de \u00a0la \u00a0Ley \u00a0550 de 1999 se patentiza en la \u00a0necesidad \u00a0de \u00a0propender por la viabilidad financiera de los entes territoriales \u00a0cuyos \u00a0 efectos \u00a0 de \u00a0 orden \u00a0 macroecon\u00f3mico \u00a0 son \u00a0 indiscutibles\u201d.25 \u00a0\u00a0<\/p>\n<p>Como \u00a0 el \u00a0 municipio \u00a0 de \u00a0 Santiago \u00a0de \u00a0Tol\u00fa \u00a0entr\u00f3 \u00a0en \u00a0la \u00a0 \u00a0 fase \u00a0 \u00a0de \u00a0Reestructuraci\u00f3n \u00a0de \u00a0Pasivos \u00a0previsto por la Ley \u00a0550 \u00a0 de \u00a01999, \u00a0a \u00a0partir \u00a0del \u00a08 \u00a0de \u00a0febrero \u00a0de \u00a02001, \u00a0 el \u00a0 alcalde \u00a0de \u00a0dicho \u00a0ente \u00a0local \u00a0solicit\u00f3 \u00a0al \u00a0Tribunal \u00a0Administrativo \u00a0de Sucre la \u00a0suspensi\u00f3n \u00a0de \u00a0los \u00a0procesos \u00a0ejecutivos \u00a0de mayor cuant\u00eda radicados bajo los \u00a0n\u00fameros \u00a0 \u00a0 \u00a0 \u00a0 6447 \u00a0 \u00a0 \u00a0 \u00a0 y \u00a0 \u00a0 \u00a0 \u00a0682026, \u00a0 \u00a0 \u00a0 por \u00a0 \u00a0 tanto, \u00a0 \u00a0la \u00a0 \u00a0mencionada \u00a0Corporaci\u00f3n \u00a0mediante providencias del 18 de abril \u00a0de \u00a02001 \u00a0orden\u00f3 \u00a0interrumpir \u00a0dicho tr\u00e1mite y en \u00a0consecuencia, \u00a0 \u00a0 \u00a0 dispuso \u00a0 \u00a0 \u00a0 suspender \u00a0las medidas cautelares que \u00a0se \u00a0hab\u00edan \u00a0decretado, decisi\u00f3n que fue notificada \u00a0y \u00a0 \u00a0 \u00a0 \u00a0 \u00a0 \u00a0 \u00a0 \u00a0comunicada a los \u00a0interesados \u00a0y \u00a0a \u00a0todas \u00a0las entidades bancarias e \u00a0instituciones \u00a0 \u00a0 \u00a0p\u00fablicas \u00a0 \u00a0 \u00a0que \u00a0tuviesen \u00a0que \u00a0ver \u00a0en \u00a0asunto, \u00a0entre \u00a0ellas \u00a0a \u00a0la \u00a0Gobernaci\u00f3n \u00a0de Sucre, puesto que como ya se indic\u00f3, para \u00a0efectos \u00a0de \u00a0la \u00a0ejecuci\u00f3n de los recursos de regal\u00edas de Tol\u00fa, el Gobernador \u00a0era \u00a0el \u00a0representante \u00a0legal \u00a0de \u00a0dicho \u00a0municipio. \u00a0Esto, \u00a0en cumplimiento \u00a0de \u00a0lo previsto en el art\u00edculo 14 de la mencionada normatividad que dispone: \u00a0\u00a0<\/p>\n<p>\u201cEFECTOS DE \u00a0LA \u00a0INICIACION \u00a0DE \u00a0LA \u00a0NEGOCIACION. \u00a0A partir de la \u00a0fecha \u00a0de \u00a0iniciaci\u00f3n \u00a0de \u00a0la \u00a0negociaci\u00f3n, y hasta que hayan transcurrido los \u00a0cuatro \u00a0(4) \u00a0meses \u00a0previstos \u00a0en \u00a0el \u00a0art\u00edculo \u00a027 \u00a0de \u00a0esta ley, no \u00a0podr\u00e1 \u00a0iniciarse \u00a0ning\u00fan \u00a0proceso \u00a0de \u00a0ejecuci\u00f3n contra el \u00a0empresario \u00a0y \u00a0se \u00a0suspender\u00e1n \u00a0los \u00a0que \u00a0se \u00a0encuentren \u00a0en \u00a0curso, \u00a0quedando legalmente facultados el promotor y el empresario para \u00a0alegar \u00a0individual o conjuntamente la nulidad del proceso o pedir su suspensi\u00f3n \u00a0al \u00a0juez \u00a0competente, para lo cual bastar\u00e1 que aporten copia del certificado de \u00a0la \u00a0c\u00e1mara \u00a0de \u00a0comercio en el que conste la inscripci\u00f3n del aviso. \u2026Durante \u00a0la \u00a0negociaci\u00f3n del acuerdo se suspende el t\u00e9rmino de prescripci\u00f3n y no opera \u00a0la \u00a0 caducidad \u00a0 de \u00a0 las \u00a0 acciones \u00a0 respecto \u00a0 de \u00a0los \u00a0cr\u00e9ditos \u00a0contra \u00a0el \u00a0empresario\u201d.\u00a0\u00a0\u00a0\u00a0\u00a0 \u00a0\u00a0<\/p>\n<p>Res\u00e1ltese\u00a0 \u00a0 adem\u00e1s, \u00a0 que \u00a0 de \u00a0conformidad \u00a0con \u00a0lo \u00a0establecido en el art\u00edculo 58 numeral 13 de la citada Ley \u00a0550 \u00a0 de \u00a0 1999, \u00a0 \u201cDurante \u00a0la \u00a0negociaci\u00f3n \u00a0y \u00a0ejecuci\u00f3n \u00a0del \u00a0acuerdo \u00a0de \u00a0reestructuraci\u00f3n, \u00a0se \u00a0suspende \u00a0el \u00a0t\u00e9rmino \u00a0de \u00a0prescripci\u00f3n \u00a0y no opera la caducidad de las acciones respecto de los cr\u00e9ditos \u00a0a \u00a0cargo \u00a0de \u00a0la \u00a0entidad \u00a0territorial, \u00a0y no habr\u00e1 \u00a0lugar \u00a0a \u00a0la \u00a0iniciaci\u00f3n de procesos de ejecuci\u00f3n ni embargos de los activos y \u00a0recursos \u00a0de \u00a0la \u00a0entidad. \u00a0De \u00a0hallarse \u00a0en curso tales procesos o embargos, se \u00a0suspender\u00e1n \u00a0 de \u00a0 pleno \u00a0 derecho\u201d \u00a0 \u00a0 \u00a0 \u00a0 \u00a0 \u00a0 \u00a0 \u00a0 (\u00e9nfasis \u00a0 \u00a0 \u00a0 \u00a0 \u00a0 \u00a0 \u00a0 \u00a0 agregado).\u00a0 \u00a0\u00a0<\/p>\n<p>El \u00a0acuerdo \u00a0de \u00a0Reestructuraci\u00f3n \u00a0de \u00a0pasivos \u00a0 culmin\u00f3 \u00a0 el \u00a0 dos \u00a0 (2) \u00a0 de \u00a0 agosto \u00a0 de \u00a02002, \u00a0por \u00a0tal \u00a0motivo, \u00a0el Alcalde de Tol\u00fa le \u00a0solicit\u00f3 \u00a0 al \u00a0 Tribunal \u00a0 Administrativo \u00a0 de \u00a0 Sucre \u00a0dar \u00a0por \u00a0terminados \u00a0los procesos ejecutivos que se \u00a0adelantasen \u00a0contra ese ente territorial, y as\u00ed lo dispuso el Tribunal mediante \u00a0auto \u00a0 \u00a0 del \u00a0 \u00a0 2 \u00a0 \u00a0de \u00a0 \u00a0julio \u00a0 \u00a0de \u00a0 \u00a0200327, \u00a0 en \u00a0 aplicaci\u00f3n \u00a0del \u00a0art\u00edculo \u00a0 34 \u00a0 de \u00a0 la \u00a0 Ley \u00a0 550 \u00a0 de \u00a0 199928 \u00a0\u00a0<\/p>\n<p>. \u00a0<\/p>\n<p>De \u00a0 la \u00a0 anterior \u00a0rese\u00f1a \u00a0se \u00a0sigue \u00a0que: \u00a0(i) los contratos \u00a0146-OC-MST-95; \u00a0153-OC-MST-11-95; D09-OC-MST-06-97; \u00a0D-10-OC-MST-06-97; \u00a0 D-11-OC-MST-06-97; \u00a0 D-12-OC-MST-06-97; \u00a0D-13-OC-MST-06-97; \u00a0D-14-OC-MST-06-97; \u00a0 D-15-OC-MST-06-97; \u00a0 D-16-OC-MST-06-97; \u00a0D-17-OC-MST-06-97; \u00a0D-18-OC-MST-06-97; \u00a0 \u00a0 D-19-OC-MST-06-97; \u00a0 \u00a0 D-20-OC-MST-06-97; \u00a0 \u00a0y \u00a0 \u00a0D-21-OC-MST-06-97, \u00a0fueron \u00a0celebrados \u00a0por \u00a0el \u00a0municipio \u00a0de Santiago de Tol\u00fa y \u00a0legalmente \u00a0 \u00a0 pagados \u00a0 \u00a0 por \u00a0 \u00a0 esa \u00a0administraci\u00f3n local a sus respectivos contratistas entre los \u00a0meses \u00a0de \u00a0enero, \u00a0mayo \u00a0y \u00a0julio \u00a0de \u00a01997, \u00a0por \u00a0cuyo \u00a0concepto \u00a0el \u00a0municipio \u00a0desembols\u00f3 \u00a0la \u00a0suma \u00a0de \u00a0$506.809.647; \u00a0(ii) \u00a0no \u00a0obstante \u00a0lo \u00a0anterior, \u00a0es decir haber sido ya cancelados los dichos contratos, \u00a0se \u00a0 pretendi\u00f3 \u00a0obtener \u00a0nuevamente \u00a0su \u00a0valor \u00a0a \u00a0trav\u00e9s \u00a0de \u00a0unas \u00a0 \u00a0 \u00a0 \u00a0 \u00a0acciones \u00a0 \u00a0 \u00a0 ejecutivas, \u00a0 \u00a0aun \u00a0 \u00a0cuando \u00a0 a \u00a0este \u00a0respecto, el abogado Gabriel \u00a0Angulo \u00a0 \u00a0 \u00a0Hern\u00e1ndez, \u00a0 \u00a0 \u00a0apoderado \u00a0 \u00a0 \u00a0de \u00a0 \u00a0 la \u00a0 \u00a0 parte \u00a0 \u00a0 demandante, \u00a0 \u00a0afirmara \u00a0 \u00a0en \u00a0 su \u00a0testimonio \u00a0que \u00a0tales \u00a0acciones \u00a0lo \u00a0que pretend\u00edan era obtener el pago de los \u00a0reajustes, \u00a0 indexaci\u00f3n \u00a0 e \u00a0 intereses \u00a0 corrientes \u00a0y \u00a0moratorios; \u00a0 \u00a0(iii) \u00a0 \u00a0que \u00a0 tales \u00a0 pretensiones \u00a0 ejecutivas, \u00a0 \u00a0 \u00a0 como \u00a0 \u00a0 \u00a0 se \u00a0 \u00a0 \u00a0 acaba \u00a0 \u00a0 \u00a0 de \u00a0 \u00a0 \u00a0se\u00f1alar, no \u00a0arrojaron \u00a0los \u00a0resultados perseguidos, puesto \u00a0 \u00a0que \u00a0 \u00a0tales \u00a0 \u00a0procesos \u00a0fueron \u00a0suspendidos y luego terminados y archivados \u00a0en \u00a0 \u00a0virtud \u00a0 del \u00a0 Acuerdo \u00a0 de \u00a0 Reestructuraci\u00f3n \u00a0 de \u00a0 Pasivos \u00a0adelantado \u00a0por \u00a0el \u00a0municipio \u00a0de \u00a0Santiago \u00a0 \u00a0 \u00a0 \u00a0 \u00a0de \u00a0 \u00a0 \u00a0 \u00a0 \u00a0Tol\u00fa \u00a0(Ley 550 de 1999), \u00a0 el \u00a0 cual \u00a0 comprend\u00eda \u00a0 las \u00a0 acreencias \u00a0 perseguidas \u00a0 en \u00a0las \u00a0 \u00a0 aludidas \u00a0acciones \u00a0 \u00a0 \u00a0 \u00a0 \u00a0 \u00a0 \u00a0 \u00a0judiciales; \u00a0 \u00a0 \u00a0 y \u00a0 \u00a0 \u00a0 (iv) \u00a0 \u00a0 \u00a0 a\u00fan \u00a0as\u00ed, el acusado reconoci\u00f3 y orden\u00f3 el pago de la suma de \u00a0$478.669.719 \u00a0 \u00a0por \u00a0 \u00a0concepto \u00a0 de \u00a0 los \u00a0 citados \u00a0 contratos, \u00a0 lo \u00a0cual \u00a0se llev\u00f3 a cabo entre el 4 de mayo y el 8 de noviembre \u00a0de \u00a0 \u00a0 \u00a0 \u00a0 \u00a0 2001.\u00a0\u00a0\u00a0 \u00a0\u00a0<\/p>\n<p>Ahora \u00a0bien, \u00a0recu\u00e9rdese \u00a0que \u00a0los 15 \u00a0contratos \u00a0que se vienen mencionando fueron cancelados con recursos provenientes \u00a0de \u00a0las regal\u00edas directas y compensaciones que Ecopetrol giraba al municipio de \u00a0Santiago \u00a0 de \u00a0 Tol\u00fa, \u00a0 y \u00a0 que \u00a0 las \u00a0 regal\u00edas \u00a0a \u00a0partir \u00a0del \u00a030 \u00a0 de \u00a0 noviembre \u00a0 de \u00a0 1999 \u00a0 (resoluci\u00f3n \u00a01-010 \u00a0de \u00a01999), \u00a0eran \u00a0administradas \u00a0por el Gobernador de Sucre por \u00a0disposici\u00f3n \u00a0de la Comisi\u00f3n Nacional de Regal\u00edas, \u00a0encargo \u00a0que \u00a0le fue deferido hasta el 28 de diciembre de 2001, pues a partir de \u00a0entonces, \u00a0seg\u00fan \u00a0resoluci\u00f3n \u00a0No \u00a01-046 \u00a0de \u00a02001, \u00a0regres\u00f3 \u00a0el manejo de los \u00a0citados \u00a0recursos al municipio de Santiago de Tol\u00fa, \u00a0en \u00a0consideraci\u00f3n \u00a0a \u00a0que hubo cambio de mandatario y el municipio se acogi\u00f3 a \u00a0los \u00a0programas \u00a0de \u00a0reestructuraci\u00f3n \u00a0de \u00a0pasivos, \u00a0saneamiento y ajuste fiscal \u00a0previstos en las Leyes 550 de 1999 y 617 de 2000. \u00a0\u00a0<\/p>\n<p>Adem\u00e1s, \u00a0t\u00e9ngase \u00a0en \u00a0cuenta \u00a0que, \u00a0el \u00a0Gobernador \u00a0estaba facultado por la Comisi\u00f3n Nacional de Regal\u00edas para \u00a0 \u00a0expedir \u00a0 \u00a0\u201clos \u00a0 \u00a0actos \u00a0administrativos \u00a0y \u00a0celebrar \u00a0los \u00a0contratos \u00a0necesarios, \u00a0ordenar el gasto y en \u00a0general \u00a0llevar la representaci\u00f3n del municipio\u201d, \u00a0en \u00a0todos aquellos asuntos que tuvieran que ver con la inversi\u00f3n o el manejo de \u00a0las regal\u00edas pertenecientes al municipio de Tol\u00fa. \u00a0\u00a0<\/p>\n<p>De \u00a0modo que \u00a0la \u00a0tesis central de la \u00a0defensa \u00a0referente \u00a0a \u00a0que \u00a0el \u00a0acusado \u00a0efectu\u00f3 \u00a0el \u00a0pago \u00a0de los 15 contratos \u00a0en \u00a0cumplimiento \u00a0de lo \u00a0ordenado \u00a0 por \u00a0 el \u00a0Tribunal \u00a0 \u00a0Administrativo \u00a0 \u00a0de \u00a0 \u00a0Sucre, \u00a0 no \u00a0 pasa \u00a0 de \u00a0 ser \u00a0 una \u00a0 \u00a0 \u00a0 \u00a0 \u00a0 argumentaci\u00f3n \u00a0aparente sin \u00a0sustento \u00a0probatorio alguno, puesto que, si bien el Tribunal \u00a0libr\u00f3 \u00a0 \u00a0el \u00a0 \u00a09 \u00a0 de \u00a0 julio \u00a0 y \u00a0 el \u00a0 12 \u00a0 de \u00a0 noviembre \u00a0 de \u00a01997 \u00a0mandamiento \u00a0 de \u00a0pago \u00a0en \u00a0los \u00a0procesos \u00a06447 \u00a0y \u00a06820 \u00a0 conforme \u00a0 al \u00a0art\u00edculo \u00a0 \u00a0497 \u00a0 \u00a0del \u00a0 \u00a0C\u00f3digo \u00a0 \u00a0de \u00a0 Procedimiento \u00a0 Civil, \u00a0 respectivamente, \u00a0es \u00a0lo \u00a0cierto que \u00a0acorde \u00a0con \u00a0la doctrina y la jurisprudencia de naturaleza civil, el mandamiento \u00a0de \u00a0pago \u00a0no \u00a0corresponde \u00a0al \u00a0fallo definitivo que \u00a0ponga \u00a0 \u00a0fin \u00a0 al \u00a0 litigio, \u00a0 pues \u00a0 dicho \u00a0 \u00a0 mandato \u00a0 \u00a0es \u00a0 susceptible \u00a0 de \u00a0los \u00a0recursos \u00a0ordinarios \u00a0encaminados \u00a0a \u00a0discutir \u00a0el \u00a0fundamento \u00a0de \u00a0la decisi\u00f3n. Adem\u00e1s, \u00a0podr\u00e1n \u00a0proponerse \u00a0las \u00a0excepciones consagradas en \u00a0el \u00a0numeral \u00a02 \u00a0del \u00a0art\u00edculo \u00a0509 \u00a0del \u00a0C\u00f3digo de \u00a0Procedimiento \u00a0 \u00a0Civil, \u00a0 \u00a0modificado \u00a0 por \u00a0 \u00a0el \u00a0art\u00edculo\u00a050 \u00a0de \u00a0la \u00a0Ley \u00a0794 de 2003, entre ellas \u00a0las \u00a0 de \u00a0 pago \u00a0 y \u00a0transacci\u00f3n, \u00a0que para el caso, eran perfectamente \u00a0viables, \u00a0puesto \u00a0que \u00a0como \u00a0queda \u00a0visto, \u00a0las \u00a0obligaciones que se pretend\u00edan \u00a0cobrar \u00a0 \u00a0 ya \u00a0 \u00a0 hab\u00edan \u00a0 \u00a0 sido \u00a0 \u00a0totalmente \u00a0pagadas. \u00a0\u00a0<\/p>\n<p>Sin \u00a0 \u00a0 embargo, \u00a0 \u00a0 nada \u00a0 de \u00a0 esto \u00a0 ocurri\u00f3 \u00a0en \u00a0los \u00a0aludidos \u00a0 procesos \u00a0ejecutivos \u00a0tramitados en el Tribunal Administrativo \u00a0de \u00a0 \u00a0Sucre. \u00a0 \u00a0A \u00a0 \u00a0este \u00a0 \u00a0respecto, \u00a0es preciso aclarar que si bien el \u00a0t\u00e9rmino \u00a0 \u00a0para \u00a0 \u00a0proponer \u00a0 \u00a0excepciones \u00a0 ya \u00a0 hab\u00eda \u00a0 expirado \u00a0cuando \u00a0el \u00a0Gobernador \u00a0ARANA SUS sumi\u00f3 la representaci\u00f3n del \u00a0municipio \u00a0en \u00a0cuanto \u00a0a \u00a0la ejecuci\u00f3n de las regal\u00edas se refiere, no as\u00ed las \u00a0dem\u00e1s \u00a0acciones \u00a0o \u00a0recursos judiciales procedentes \u00a0en \u00a0casos como \u00e9ste, en defensa de los intereses de \u00a0la \u00a0administraci\u00f3n \u00a0p\u00fablica, \u00a0como por ejemplo la \u00a0terminaci\u00f3n \u00a0 \u00a0por \u00a0 \u00a0pago, \u00a0 \u00a0o \u00a0 \u00a0la \u00a0 \u00a0transacci\u00f3n, \u00a0 \u00a0pero \u00a0 ninguna \u00a0 \u00a0 \u00a0 \u00a0acci\u00f3n \u00a0 \u00a0 \u00a0 se \u00a0 \u00a0 \u00a0 intent\u00f3, \u00a0 \u00a0 \u00a0 limit\u00e1ndose \u00a0 simple \u00a0y \u00a0llanamente, \u00a0seg\u00fan \u00a0lo \u00a0dicho \u00a0por \u00a0el \u00a0acusado, \u00a0a \u00a0cumplir \u00a0el \u00a0mandamiento \u00a0de \u00a0pago, sin \u00a0ninguna \u00a0 \u00a0 \u00a0otra \u00a0 \u00a0 \u00a0raz\u00f3n. \u00a0 \u00a0 Agr\u00e9guese, \u00a0que \u00a0sobre \u00a0los \u00a0recursos \u00a0provenientes de regal\u00edas \u00a0no \u00a0 \u00a0 exist\u00eda \u00a0medida \u00a0 \u00a0cautelar \u00a0alguna, \u00a0pues de acuerdo con\u00a0 lo dispuesto por \u00a0el \u00a0Tribunal Contencioso Administrativo de Sucre en providencias de 3 \u00a0de \u00a0junio \u00a0y 5 de agosto de 199829, \u00a0 \u00a0 los \u00a0 \u00a0 recursos \u00a0correspondientes \u00a0a \u00a0las \u00a0regal\u00edas \u00a0son inembargables y as\u00ed se lo hizo saber a \u00a0las partes. \u00a0\u00a0<\/p>\n<p>Pero \u00a0lo \u00a0m\u00e1s destacable es, \u00a0 \u00a0 \u00a0 \u00a0se \u00a0 \u00a0 \u00a0 repite, \u00a0 \u00a0 \u00a0que \u00a0 \u00a0 el \u00a0municipio \u00a0de \u00a0Santiago de Tol\u00fa hab\u00eda entrado en un proceso \u00a0de \u00a0reestructuraci\u00f3n \u00a0de \u00a0pasivos \u00a0desde \u00a0el \u00a08 de \u00a0febrero \u00a0 de \u00a0 2001y \u00a0 en \u00a0tal \u00a0virtud, \u00a0 dichas \u00a0acreencias \u00a0no \u00a0pod\u00edan \u00a0cancelarse \u00a0 \u00a0por \u00a0 \u00a0fuera \u00a0 \u00a0del \u00a0 \u00a0procedimiento \u00a0de \u00a0la Ley 550 de 1999 \u00a0y \u00a0los \u00a0procesos ejecutivos 6447 y 6820 ya \u00a0 hab\u00edan \u00a0 sido \u00a0 suspendidos \u00a0 desde \u00a0 el \u00a018 \u00a0de \u00a0abril \u00a0de \u00a02001, \u00a0de \u00a0lo \u00a0cual \u00a0se \u00a0hab\u00eda \u00a0 \u00a0 \u00a0notificado \u00a0 \u00a0 \u00a0al \u00a0 \u00a0 Gobernador, \u00a0 por \u00a0tanto,\u00a0 \u00a0 \u00a0 \u00a0 \u00a0 estaba \u00a0 \u00a0legalmente \u00a0 prohibido \u00a0 efectuar \u00a0 cualquier \u00a0pago \u00a0al \u00a0respecto, \u00a0y \u00a0por \u00a0el \u00a0contrario, \u00a0como \u00a0administrador de las regal\u00edas de \u00a0Tol\u00fa, \u00a0 \u00a0le \u00a0 \u00a0era \u00a0 \u00a0imperativo \u00a0 \u00a0al \u00a0mandatario \u00a0departamental ejercer \u00a0las \u00a0acciones \u00a0pertinentes \u00a0en \u00a0salvaguarda \u00a0de \u00a0los \u00a0recursos \u00a0p\u00fablicos, \u00a0m\u00e1s \u00a0a\u00fan \u00a0 \u00a0 en \u00a0 \u00a0casos \u00a0 \u00a0como \u00a0 \u00a0este, \u00a0 trat\u00e1ndose \u00a0 de \u00a0una \u00a0gesti\u00f3n \u00a0especialmente \u00a0 \u00a0confiada \u00a0 a \u00a0 \u00e9l \u00a0 directamente \u00a0por \u00a0 \u00a0 \u00a0la \u00a0 \u00a0 \u00a0Comisi\u00f3n \u00a0 \u00a0 \u00a0Nacional \u00a0 \u00a0 de \u00a0Regal\u00edas.\u00a0\u00a0 \u00a0\u00a0<\/p>\n<p>Por \u00a0 lo \u00a0 dem\u00e1s, \u00a0 los \u00a0procesos \u00a0ejecutivos \u00a0ya se\u00f1alados, \u00a0fueron \u00a0terminados \u00a0y \u00a0archivados \u00a0en \u00a0virtud \u00a0del \u00a0Acuerdo \u00a0de Reestructuraci\u00f3n de Pasivos, saneamiento y ajuste fiscal adelantado \u00a0por \u00a0 \u00a0 el \u00a0 \u00a0 municipio \u00a0 \u00a0 de \u00a0 \u00a0 Santiago \u00a0 \u00a0 de \u00a0 \u00a0 Tol\u00fa, \u00a0 \u00a0tr\u00e1mite \u00a0iniciado \u00a0el 8 de febrero de \u00a02001, \u00a0 \u00a0 \u00a0 se \u00a0 \u00a0 \u00a0reitera, \u00a0 \u00a0 \u00a0\u00e9poca \u00a0en \u00a0la \u00a0cual \u00a0el \u00a0acusado \u00a0ARANA SUS era el representante \u00a0legal \u00a0del municipio de \u00a0Tol\u00fa, \u00a0 en \u00a0 lo \u00a0 concerniente \u00a0 al \u00a0manejo \u00a0y \u00a0ejecuci\u00f3n \u00a0de \u00a0los \u00a0recursos de regal\u00edas, como ya ha \u00a0quedado \u00a0 \u00a0visto, \u00a0 por \u00a0 tanto \u00a0 las \u00a0 decisiones \u00a0del \u00a0 Tribunal \u00a0 en \u00a0estos \u00a0asuntos eran de \u00a0conocimiento \u00a0del \u00a0mandatario seccional \u00a0 \u00a0y \u00a0 adem\u00e1s, \u00a0 estaba \u00a0 en \u00a0 la \u00a0obligaci\u00f3n \u00a0permanecer \u00a0atento \u00a0 al \u00a0desenvolvimiento \u00a0de \u00a0dicho \u00a0tr\u00e1mite \u00a0judicial, \u00a0en \u00a0tanto \u00a0se \u00a0hallaban \u00a0comprometidos \u00a0los \u00a0recursos del presupuesto \u00a0conformado \u00a0 \u00a0 por \u00a0 \u00a0 las \u00a0 \u00a0 regal\u00edas \u00a0 \u00a0 petroleras \u00a0 \u00a0 cuya \u00a0 \u00a0ejecuci\u00f3n \u00a0se \u00a0le hab\u00eda delegado y \u00a0era \u00a0su \u00a0deber \u00a0custodiar y administrar acorde \u00a0 \u00a0con \u00a0 \u00a0los \u00a0 \u00a0postulados \u00a0del \u00a0 \u00a0 art\u00edculo \u00a0 \u00a0 305 \u00a0 \u00a0 de \u00a0 \u00a0 la \u00a0 \u00a0Carta \u00a0Pol\u00edtica. \u00a0\u00a0<\/p>\n<p>A \u00a0este \u00a0respecto resulta de importancia \u00a0resaltar \u00a0lo \u00a0manifestado \u00a0por el ex Alcalde del municipio de Santiago de Tol\u00fa, \u00a0se\u00f1or \u00a0Alfredo \u00a0Jos\u00e9 \u00a0Navas Patr\u00f3n, quien a la saz\u00f3n fuera condenado por sus \u00a0v\u00ednculos \u00a0con \u00a0los \u00a0grupos \u00a0armados \u00a0ilegales \u00a0de \u00a0las \u00a0AUC, \u00a0al expresar en su \u00a0testimonio30 \u00a0 rendido \u00a0 ante \u00a0 la \u00a0 Sala \u00a0 las \u00a0diferencias \u00a0existentes entre \u00e9l y el doctor SALVADOR ARANA SUS como Gobernador \u00a0de \u00a0Sucre \u00a0relativas \u00a0al \u00a0manejo de las regal\u00edas, \u00a0vi\u00e9ndose \u00a0precisado \u00a0a acudir a la acci\u00f3n de tutela \u00a0ante \u00a0la \u00a0negativa \u00a0de \u00a0la \u00a0administraci\u00f3n \u00a0departamental \u00a0a \u00a0suministrarle \u00a0la \u00a0informaci\u00f3n \u00a0requerida \u00a0para \u00a0adelantar \u00a0el \u00a0proceso \u00a0de \u00a0Reestructuraci\u00f3n \u00a0de \u00a0Pasivos, \u00a0por \u00a0tanto, \u00a0es \u00a0claro \u00a0que \u00a0el \u00a0 mandatario \u00a0 seccional \u00a0ten\u00eda \u00a0pleno \u00a0conocimiento \u00a0que \u00a0el \u00a0municipio \u00a0de Tol\u00fa se hab\u00eda acogido al sistema de saneamiento fiscal de la Ley \u00a0550 \u00a0de 1999, puesto que tal circunstancia, al decir \u00a0del \u00a0Alcalde \u00a0\u201cs\u00ed \u00a0le \u00a0coment\u00e9 \u00a0por \u00a0oficios \u00a0y \u00a0personalmente \u00a0en \u00a0las \u00a0dos \u00a0o tres conversaciones que no fueron m\u00e1s, de que el \u00a0municipio \u00a0entr\u00f3 \u00a0en \u00a0ley \u00a0de \u00a0reestructuraci\u00f3n \u00a0de pasivos y que la principal \u00a0iniciativa \u00a0 \u00a0de \u00a0 \u00a0mi \u00a0 \u00a0gobierno \u00a0 \u00a0era \u00a0 \u00a0depurar \u00a0 y \u00a0 sanear \u00a0 la \u00a0 entidad \u00a0territorial\u201d, \u00a0procedimiento \u00a0que \u00a0ten\u00eda \u00a0incidencia \u00a0directa en cualquier pago que judicial o \u00a0extrajudicial \u00a0se \u00a0pretendiera \u00a0realizar con cargo a los recursos pertenecientes \u00a0al citado municipio. \u00a0\u00a0<\/p>\n<p>Y m\u00e1s adelante agreg\u00f3: \u00a0<\/p>\n<p>\u201c\u2026cuando \u00a0el \u00a0municipio \u00a0entra en \u00a0reestructuraci\u00f3n \u00a0de \u00a0pasivos, proceso que tuvo algo cercano a unos ocho meses, \u00a0donde \u00a0acudimos \u00a0a \u00a0los \u00a0juzgados, \u00a0a \u00a0los tribunales, donde public\u00e1bamos en la \u00a0prensa \u00a0que \u00a0el municipio estaba haciendo una relaci\u00f3n de acreencias para poder \u00a0as\u00ed \u00a0cancelar las mismas, llegamos a tener una deuda que estaba por el orden de \u00a0unos \u00a0noventa \u00a0y \u00a0cinco \u00a0mil \u00a0millones de pesos y con los organismos de control, \u00a0Fiscal\u00eda, \u00a0Contralor\u00eda, \u00a0Tribunales, juzgados, se les comunic\u00f3 que nos dieran \u00a0dicha \u00a0informaci\u00f3n \u00a0para \u00a0as\u00ed depurar dichas obligaciones cuando los supuestos \u00a0acreedores \u00a0v\u00eda \u00a0prensa, \u00a0radio \u00a0se enteraban de que est\u00e1bamos haciendo dichas \u00a0depuraciones \u00a0algunas \u00a0personas \u00a0se \u00a0acercaban \u00a0a \u00a0manifestar que ya les hab\u00edan \u00a0cancelado, \u00a0otras \u00a0las \u00a0ofici\u00e1bamos \u00a0y todas las entidades en su momento fueron \u00a0informadas \u00a0de que el municipio estaba depurando estas obligaciones.\u201d \u00a0\u00a0<\/p>\n<p>Hace \u00a0 \u00a0claridad \u00a0 el \u00a0 mencionado \u00a0 testigo \u00a0 que \u00a0 jam\u00e1s \u00a0recibi\u00f3 \u00a0requerimiento \u00a0alguno \u00a0sobre \u00a0pretensiones \u00a0relacionadas \u00a0con pagos de \u00a0contratos \u00a0celebrados \u00a0por el municipio a\u00f1os atr\u00e1s, contrario a lo manifestado \u00a0por \u00a0 el \u00a0 procesado \u00a0y \u00a0el \u00a0abogado \u00a0An\u00edbal \u00a0Garc\u00eda, \u00a0funcionario \u00a0 \u00e9ste, \u00a0 encargado \u00a0por \u00a0el \u00a0acusado \u00a0del \u00a0manejo de las \u00a0regal\u00edas en la Gobernaci\u00f3n de Sucre. \u00a0\u00a0<\/p>\n<p>Otro aspecto que confluye a demeritar lo \u00a0aseverado \u00a0por \u00a0el \u00a0procesado \u00a0y \u00a0la \u00a0defensa, es el \u00a0relacionado \u00a0 con \u00a0 la \u00a0documentaci\u00f3n \u00a0presentada, \u00a0supuestamente, \u00a0por \u00a0la \u00a0se\u00f1ora \u00a0Mar\u00eda \u00a0Ang\u00e9lica \u00a0Esquivel \u00a0Lora, \u00a0a \u00a0la \u00a0gobernaci\u00f3n \u00a0del \u00a0Departamento de Sucre, con el fin \u00a0de \u00a0 \u00a0obtener \u00a0 \u00a0el \u00a0 nuevo \u00a0 pago \u00a0 de \u00a0los \u00a015 \u00a0contratos \u00a0mencionados. \u00a0\u00a0<\/p>\n<p>En efecto, de \u00a0acuerdo \u00a0con \u00a0la \u00a0diligencia de inspecci\u00f3n judicial practicada por la Fiscal\u00eda \u00a0en \u00a0 \u00a0las \u00a0 \u00a0oficinas \u00a0 \u00a0de \u00a0 \u00a0la \u00a0 Gobernaci\u00f3n31, \u00a0 \u00a0 \u00a0 se \u00a0tiene \u00a0que \u00a0de manera id\u00e9ntica y \u00a0uniforme \u00a0para cada uno de los contratos se alleg\u00f3: \u00a0(i) \u00a0 copia \u00a0del \u00a0contrato \u00a0respectivo, con su anexo del presupuesto de \u00a0obra \u00a0ejecutada; \u00a0(ii) \u00a0certificado \u00a0de \u00a0disponibilidad \u00a0presupuestal del municipio de Santiago de Tol\u00fa \u00a0de \u00a0fecha \u00a022 \u00a0de \u00a0enero \u00a0de 1997; (iii) \u00a0 p\u00f3liza \u00a0 de \u00a0 seguro \u00a0de \u00a0cumplimiento \u00a0de \u00a0las \u00a0obligaciones \u00a0contractuales \u00a0 adquiridas \u00a0por \u00a0el \u00a0contratista \u00a0con \u00a0el \u00a0municipio \u00a0de \u00a0Tol\u00fa; \u00a0(iv) \u00a0cuenta \u00a0de cobro \u00a0del \u00a0contratista \u00a0al \u00a0municipio de Santiago de Tol\u00fa, por concepto del valor del \u00a0correspondiente \u00a0 \u00a0 contrato; \u00a0 \u00a0 (v) \u00a0acta \u00a0de \u00a0inicio \u00a0y \u00a0de \u00a0recibo \u00a0final \u00a0de \u00a0obra; \u00a0(v) \u00a0 documento \u00a0 de \u00a0 cesi\u00f3n \u00a0 de \u00a0cr\u00e9ditos, \u00a0 suscrito \u00a0 entre \u00a0 los \u00a0 contratistas \u00a0y \u00a0el \u00a0abogado \u00a0Gabriel \u00a0Angulo \u00a0Hern\u00e1ndez, \u00a0entregado \u00a0en \u00a0la \u00a0tesorer\u00eda \u00a0 municipal \u00a0 de \u00a0 Tol\u00fa \u00a0el \u00a012 \u00a0de \u00a0agosto \u00a0de \u00a01997; \u00a0(vi) \u00a0certificado \u00a0de \u00a0existencia \u00a0y \u00a0representaci\u00f3n \u00a0 \u00a0 de \u00a0 \u00a0la \u00a0 \u00a0firma \u00a0 \u00a0INVERGOLFO \u00a0 \u00a0LIMITADA; \u00a0 \u00a0(vii) \u00a0 \u00a0 \u00a0 \u00a0 \u00a0constancia \u00a0expedida \u00a0por el tesorero \u00a0del \u00a0municipio \u00a0de \u00a0Tol\u00fa de fecha 20 de diciembre de 2000, en el sentido que el \u00a0contrato \u00a0a \u00a0la \u00a0citada \u00a0fecha no ha sido cancelado; \u00a0y \u00a0(viii) \u00a0certificaci\u00f3n del Tribunal Administrativo de Sucre \u00a0de \u00a0fecha \u00a030 \u00a0de \u00a0abril \u00a0de \u00a02001, \u00a0relativa \u00a0 a \u00a0que \u00a0el \u00a0\u201ccontrato \u00a0se \u00a0encuentra \u00a0incluido \u00a0o relacionado \u00a0como \u00a0una \u00a0de \u00a0las \u00a0obligaciones por el cual se libr\u00f3 mandamiento de pago, a la \u00a0fecha \u00a0el \u00a0proceso \u00a0se \u00a0encuentra \u00a0vigente \u00a0por \u00a0no \u00a0haber \u00a0sido \u00a0terminado \u00a0por \u00a0pago\u201d \u00a0 \u00a0(sic). \u00a0Esta constancia aparece \u00a0dentro \u00a0de \u00a0los documentos aparentemente allegados por la se\u00f1ora Esquivel Lora, \u00a0sin \u00a0embargo, \u00a0del \u00a0texto \u00a0del \u00a0citado \u00a0documento \u00a0se infiere que fue solicitada \u00a0directamente \u00a0 \u00a0por \u00a0 \u00a0la \u00a0 \u00a0gobernaci\u00f3n, \u00a0 \u00a0al \u00a0 decir \u00a0 que \u00a0 \u201cEL \u00a0 SUSCRITO \u00a0SECRETARIO \u00a0A \u00a0PETICI\u00d3N \u00a0DEL \u00a0DR. \u00a0ANIBAL \u00a0GARCIA \u00a0AMADOR\u201d32. \u00a0\u00a0<\/p>\n<p>En \u00a0la \u00a0misma \u00a0carpeta, \u00a0se encontr\u00f3 la \u00a0documentaci\u00f3n \u00a0 \u00a0 \u00a0 obtenida \u00a0 \u00a0 \u00a0directamente \u00a0 \u00a0 por \u00a0 \u00a0 la \u00a0 \u00a0Gobernaci\u00f3n \u00a0 \u00a0en \u00a0 \u00a0el \u00a0 \u00a0tr\u00e1mite \u00a0 interno \u00a0 de \u00a0 las \u00a0respectivas \u00a0 \u00a0 \u00a0 \u00a0 \u00a0 \u00a0cuentas \u00a0 \u00a0 \u00a0de \u00a0 \u00a0 \u00a0cobro, \u00a0 \u00a0 \u00a0entre \u00a0 \u00a0 \u00a0la \u00a0 \u00a0 \u00a0que \u00a0 \u00a0 \u00a0se \u00a0 \u00a0 halla: \u00a0 \u00a0 (i) \u00a0 \u00a0 \u00a0 \u00a0 \u00a0 copia \u00a0 del \u00a0 auto \u00a0 del \u00a0 9 \u00a0 de \u00a0 julio \u00a0de \u00a01997 \u00a0\u2013para \u00a0el \u00a0contrato \u00a0146 \u00a0de 1995, \u00a0proceso \u00a0 \u00a06447-, \u00a0 \u00a0y \u00a0 \u00a0del \u00a0 \u00a012 \u00a0 \u00a0de \u00a0 noviembre \u00a0 de \u00a0 1997 \u00a0 \u2013para \u00a0los restantes 14 contratos, \u00a0proceso \u00a06820-, \u00a0a \u00a0trav\u00e9s de los cuales el Tribunal Contencioso Administrativo \u00a0libr\u00f3 \u00a0 \u00a0mandamiento \u00a0 \u00a0de \u00a0 pago; \u00a0 (ii) \u00a0 \u00a0 \u00a0 \u00a0 \u00a0 certificados \u00a0 de \u00a0 disponibilidad \u00a0 y \u00a0 registro \u00a0 presupuestal; \u00a0(iii) \u00a0copia \u00a0auto del \u00a0Tribunal \u00a0Administrativo \u00a0de \u00a0Sucre \u00a0de \u00a0fecha \u00a012 de marzo de 1998 con \u00a0que \u00a0se \u00a0acepta la cesi\u00f3n total \u00a0de \u00a0los \u00a0derechos \u00a0del cr\u00e9dito y litigioso de Gabriel Angulo Hern\u00e1ndez a favor \u00a0de \u00a0 \u00a0INVERGOLFO \u00a0 \u00a0LIMITADA; \u00a0 \u00a0(iv) \u00a0 comprobante \u00a0 de \u00a0 pago \u00a0 de \u00a0la \u00a0Gobernaci\u00f3n \u00a0de \u00a0Sucre a Mar\u00eda Ang\u00e9lica Esquivel Lora, por concepto del valor \u00a0del \u00a0 respectivo \u00a0 contrato; \u00a0 y \u00a0 (v) \u00a0 resoluci\u00f3n \u00a0 expedida \u00a0 por \u00a0el \u00a0Gobernador \u00a0del Departamento de Sucre, con la cual reconoce y ordena el pago con \u00a0cargo \u00a0a \u00a0los recursos de regal\u00edas directas del municipio de Santiago de Tol\u00fa, \u00a0cuyo contenido es el siguiente: \u00a0\u00a0<\/p>\n<p>\u201cRESOLUCI\u00d3N No 0674 de 2001 \u00a0\u00a0<\/p>\n<p>(\u2026) \u00a0<\/p>\n<p>C \u00a0O \u00a0N \u00a0S \u00a0I \u00a0D E R A N D O: \u00a0\u00a0<\/p>\n<p>Que \u00a0la Comisi\u00f3n Nacional de Regal\u00edas, \u00a0mediante \u00a0resoluci\u00f3n \u00a0No \u00a01-010 del 29 de octubre de 1999, orden\u00f3 el cambio de \u00a0ejecutor \u00a0de \u00a0los recursos provenientes de regal\u00edas y compensaciones destinadas \u00a0al \u00a0municipio \u00a0de Santiago de Tol\u00fa y design\u00f3 al Gobernador del Departamento de \u00a0Sucre como administrador y ejecutor de las mismas. \u00a0\u00a0<\/p>\n<p>Que \u00a0el \u00a0municipio \u00a0de Santiago de Tol\u00fa \u00a0celebr\u00f3 \u00a0un \u00a0contrato cuyo objeto fue la construcci\u00f3n de un alcantarillado del \u00a0puerto \u00a0viejo \u00a013 \u00a0etapa \u00a0desde el manhol 15 a 40 en el municipio de Santiago de \u00a0Tol\u00fa \u00a0con \u00a0la \u00a0Doctora \u00a0ELIZABETH MENDOZA M\u00c1RQUEZ, identificado con el n\u00famero \u00a0153-OC-MST-11-95, \u00a0por \u00a0el \u00a0valor \u00a0de \u00a0$20.272.385,oo, \u00a0cumpliendo \u00a0este con los \u00a0requisitos \u00a0de \u00a0ley \u00a0tales \u00a0como firmas, p\u00f3lizas, certificado de disponibilidad \u00a0presupuestal, \u00a0acta de inicio y acta de recibo final del contrato de fecha 15 de \u00a0marzo \u00a0 de \u00a0 1996, \u00a0 en \u00a0 donde \u00a0 se \u00a0 recibi\u00f3 \u00a0el \u00a0contrato \u00a0por \u00a0la \u00a0suma \u00a0de \u00a0$20.272.385,oo. \u00a0\u00a0<\/p>\n<p>Que \u00a0la \u00a0presente \u00a0resoluci\u00f3n ordena el \u00a0pago \u00a0por \u00a0el \u00a0valor \u00a0neto \u00a0del \u00a0contrato, es decir, sin intereses corrientes ni \u00a0moratorios, as\u00ed como tampoco la indexaci\u00f3n. \u00a0\u00a0<\/p>\n<p>Que la se\u00f1ora ELIZABETH MENDOZA M\u00c1RQUEZ \u00a0cedi\u00f3 \u00a0el \u00a0presente \u00a0contrato \u00a0a \u00a0favor \u00a0del Doctor GABRIEL ANGULO HERN\u00c1NDEZ y \u00a0\u00e9ste a su vez a la firma INVERGOLFO LIMITADA. \u00a0\u00a0<\/p>\n<p>Que el municipio de Santiago de Tol\u00fa no \u00a0ha \u00a0satisfecho \u00a0la \u00a0anterior \u00a0obligaci\u00f3n, \u00a0incluyendo \u00a0esta \u00a0deuda \u00a0dentro \u00a0del \u00a0d\u00e9ficit fiscal. \u00a0\u00a0<\/p>\n<p>Que \u00a0 la \u00a0 cancelaci\u00f3n \u00a0del \u00a0contrato \u00a0precitado, \u00a0es \u00a0procedente \u00a0con \u00a0cargo \u00a0a los recursos de regal\u00edas directas del \u00a0municipio \u00a0de Santiago de Tol\u00fa ya que constituyen un gasto de inversi\u00f3n social \u00a0y afect\u00f3 presupuestalmente tales recursos. \u00a0\u00a0<\/p>\n<p>Que \u00a0la \u00a0tesorer\u00eda \u00a0del \u00a0municipio \u00a0de \u00a0Santiago \u00a0de \u00a0Tol\u00fa \u00a0certifica que la cuenta mencionada y no se le ha hecho pago \u00a0alguno. (sic) \u00a0\u00a0<\/p>\n<p>Que \u00a0la \u00a0divisi\u00f3n \u00a0de presupuesto de la \u00a0Gobernaci\u00f3n \u00a0 de \u00a0 Sucre \u00a0 ha \u00a0 certificado \u00a0la \u00a0existencia \u00a0de \u00a0disponibilidad \u00a0presupuestal para cubrir la obligaci\u00f3n No. &#8212; de &#8212; \u00a0\u00a0<\/p>\n<p>R E S U E L V E: \u00a0<\/p>\n<p>ART\u00cdCULO \u00a0 \u00a0 PRIMERO: \u00a0Recon\u00f3zcase \u00a0y ord\u00e9nase el pago a favor de la se\u00f1ora MAR\u00cdA \u00a0ANG\u00c9LICA \u00a0ESQUIVEL \u00a0LORA \u00a0representante \u00a0legal de la firma INVERGOLFO LIMITADA, \u00a0por \u00a0la suma de VEINTE MILLONES DOSCIENTOS SETENTA Y DOS MIL TRESCIENTOS OCHENTA \u00a0Y \u00a0 CINCO \u00a0 PESOS \u00a0 MCTE, \u00a0($20.272.385,oo) \u00a0seg\u00fan \u00a0la \u00a0parte \u00a0motiva \u00a0de \u00a0esta \u00a0resoluci\u00f3n. \u00a0\u00a0<\/p>\n<p>ART\u00cdCULO \u00a0 \u00a0 SEGUNDO: \u00a0El \u00a0pago \u00a0que \u00a0se \u00a0ordena \u00a0en \u00a0el \u00a0art\u00edculo anterior se har\u00e1 con cargo al presupuesto (\u2026). \u00a0\u00a0<\/p>\n<p>ART\u00cdCULO \u00a0 \u00a0 TERCERO: \u00a0La presente resoluci\u00f3n rige desde \u00a0la \u00a0 fecha \u00a0 de \u00a0su \u00a0expedici\u00f3n \u00a0(\u2026). \u00a0El beneficiario de estar conforme, suscribir\u00e1 Paz y Salvo por \u00a0el anterior concepto. \u00a0\u00a0<\/p>\n<p>COMUN\u00cdQUESE, \u00a0 \u00a0NOTIF\u00cdQUESE \u00a0 \u00a0Y \u00a0CUMPLASE. \u00a0\u00a0<\/p>\n<p>Dada \u00a0en \u00a0Sincelejo, \u00a0a \u00a0los 4 MAY 2001. \u00a0(sic) \u00a0\u00a0<\/p>\n<p>SALVADOR ARANA SUS \u00a0<\/p>\n<p>GOBERNADOR \u00a0 \u00a0DE \u00a0 SUCRE\u201d33 \u00a0\u00a0<\/p>\n<p>Valer la pena \u00a0destacar, \u00a0que de acuerdo con lo manifestado por Mar\u00eda Ang\u00e9lica Esquivel Lora, \u00a0ella \u00a0nunca \u00a0present\u00f3 \u00a0cuentas \u00a0de \u00a0cobro ni alleg\u00f3 documentaci\u00f3n alguna a la \u00a0Gobernaci\u00f3n \u00a0para \u00a0el \u00a0pago de acreencias; ella fue llevada por los miembros de \u00a0las \u00a0AUC \u00a0a \u00a0las \u00a0dependencias \u00a0de \u00a0la \u00a0administraci\u00f3n departamental y all\u00ed se \u00a0limit\u00f3 \u00a0a \u00a0firmar \u00a0algunos \u00a0documentos \u00a0donde \u00a0le indicaron que lo hiciera, sin \u00a0oponer objeci\u00f3n alguna. \u00a0\u00a0<\/p>\n<p>Del \u00a0mismo \u00a0modo, \u00a0la certificaci\u00f3n del \u00a0tesorero \u00a0de \u00a0Tol\u00fa \u00a0de fecha 20 de diciembre de 2000, result\u00f3 ser un documento \u00a0ideol\u00f3gicamente \u00a0 falso, \u00a0 por \u00a0lo \u00a0cual \u00a0dicho \u00a0funcionario \u00a0fue \u00a0procesado \u00a0y \u00a0condenado; \u00a0adem\u00e1s, \u00a0no \u00a0puede \u00a0perderse \u00a0de \u00a0vista \u00a0que el mismo documento fue \u00a0contemplado \u00a0como \u00a0uno \u00a0de \u00a0los \u00a0requisitos \u00a0establecidos \u00a0por \u00a0el acusado en la \u00a0circular \u00a0del \u00a05 \u00a0de \u00a0enero \u00a0de \u00a02001, \u00a0para \u00a0proceder \u00a0a la cancelaci\u00f3n de los \u00a0aludidos \u00a0 contratos, \u00a0 aspecto \u00a0 que \u00a0 acorde \u00a0con \u00a0lo \u00a0manifestado \u00a0por \u00a0alias \u00a0Diego \u00a0Vecino, pone de \u00a0manifiesto \u00a0el acuerdo entre el mandatario seccional y la organizaci\u00f3n marginal \u00a0para el pago de esos recursos con destino a las AUC. \u00a0\u00a0<\/p>\n<p>M\u00e1s \u00a0a\u00fan, \u00a0si como se afirma por parte \u00a0del \u00a0acusado \u00a0y \u00a0la \u00a0defensa \u00a0que \u00a0el \u00a0reconocimiento y pago de las obligaciones \u00a0correspondientes \u00a0a \u00a0los 15 contratos se hizo en cumplimiento del mandamiento de \u00a0pago \u00a0dispuesto \u00a0por \u00a0el \u00a0Tribunal, \u00a0entonces esa circunstancia constituir\u00eda el \u00a0fundamento \u00a0principal \u00a0o \u00a0central \u00a0de \u00a0la \u00a0resoluci\u00f3n \u00a0a \u00a0trav\u00e9s de la cual la \u00a0Gobernaci\u00f3n \u00a0reconoci\u00f3 \u00a0y \u00a0orden\u00f3 \u00a0la \u00a0cancelaci\u00f3n \u00a0de tales acreencias. Sin \u00a0embargo, \u00a0 \u00a0en \u00a0 este \u00a0 caso \u00a0 no \u00a0 sucedi\u00f3 \u00a0 tal \u00a0cosa; \u00a0ni \u00a0siquiera \u00a0se hizo menci\u00f3n alguna de los \u00a0procesos \u00a0 ejecutivos \u00a0 que \u00a0 se \u00a0 tramitaban \u00a0 en \u00a0 el \u00a0 Tribunal \u00a0 Contencioso \u00a0Administrativo, \u00a0mucho menos se aludi\u00f3 a que el reconocimiento y pago obedec\u00eda \u00a0a \u00a0lo \u00a0dispuesto \u00a0por el Tribunal en el mandamiento ejecutivo, y no lo mencion\u00f3 \u00a0porque \u00a0sencillamente dichos asuntos se hab\u00edan suspendido mediante providencias \u00a0del \u00a018 \u00a0de abril de 2001, en virtud del proceso de reestructuraci\u00f3n de pasivos \u00a0en \u00a0que \u00a0entr\u00f3 \u00a0el \u00a0municipio de Santiago de Tol\u00fa a partir del 8 de febrero de \u00a0aquel \u00a0a\u00f1o, \u00a0situaci\u00f3n \u00a0de \u00a0la cual estaba enterado el Gobernador dado que, se \u00a0reitera, \u00a0\u00e9l \u00a0era \u00a0el representante del municipio de Santiago de Tol\u00fa para los \u00a0asuntos \u00a0 relacionados \u00a0con \u00a0la \u00a0ejecuci\u00f3n \u00a0de \u00a0los \u00a0recursos \u00a0provenientes \u00a0de \u00a0regal\u00edas. \u00a0\u00a0<\/p>\n<p>Res\u00e1ltese \u00a0que \u00a0los procesos ejecutivos \u00a0hab\u00edan \u00a0 sido \u00a0 suspendidos \u00a0 el \u00a0 18 \u00a0de \u00a0abril \u00a0de \u00a02001, \u00a0en \u00a0virtud \u00a0de \u00a0la \u00a0reestructuraci\u00f3n \u00a0 de \u00a0pasivos \u00a0a \u00a0que \u00a0hab\u00eda \u00a0llegado \u00a0el \u00a0municipio \u00a0de \u00a0Tol\u00fa \u00a0con \u00a0sus acreedores, circunstancia que si hubiera \u00a0sido \u00a0tenida \u00a0en \u00a0cuenta \u00a0por \u00a0el \u00a0procesado, no habr\u00eda ordenado el pago de las \u00a0mencionadas cuentas.\u00a0\u00a0 \u00a0\u00a0<\/p>\n<p>Se \u00a0 \u00a0 \u00a0observa \u00a0 \u00a0 igualmente \u00a0que \u00a0la \u00a0Gobernaci\u00f3n \u00a0por manera alguna se preocup\u00f3 \u00a0por \u00a0establecer si los citados 15 contratos hab\u00edan sido legalmente finiquitados, \u00a0 es \u00a0 decir, \u00a0si \u00a0el \u00a0municipio \u00a0 de \u00a0 Santiago \u00a0de \u00a0Tol\u00fa \u00a0hab\u00eda \u00a0llevado \u00a0a \u00a0cabo \u00a0la \u00a0liquidaci\u00f3n \u00a0acorde \u00a0con \u00a0lo \u00a0dispuesto en el art\u00edculo 60 de la \u00a0Ley \u00a080 \u00a0de \u00a01993, \u00a0como \u00a0el \u00a0acto que formaliza la \u00a0terminaci\u00f3n \u00a0del \u00a0contrato.\u00a0 \u00a0En la \u00a0 \u00a0 \u00a0liquidaci\u00f3n \u00a0 se \u00a0 declara \u00a0 a \u00a0 paz \u00a0 y \u00a0 salvo \u00a0la \u00a0administraci\u00f3n \u00a0y \u00a0el \u00a0contratista, puesto que \u00a0en \u00a0ella se har\u00e1n constar los ajustes, revisiones y \u00a0reconocimientos \u00a0 a \u00a0 que \u00a0haya \u00a0lugar \u00a0 \u00a0en \u00a0 \u00a0virtud \u00a0 del \u00a0 equilibrio \u00a0 financiero \u00a0 de \u00a0 \u00a0 \u00a0 \u00a0 \u00a0 \u00a0 los \u00a0 \u00a0 \u00a0 contratos; \u00a0o \u00a0los acuerdos, conciliaciones o \u00a0transacciones \u00a0a \u00a0que \u00a0llegaren \u00a0las partes para poner fin a las divergencias si \u00a0llegaren \u00a0a presentarse. Nada de esto ocurri\u00f3 frente a los contratos se\u00f1alados \u00a0y \u00a0tampoco \u00a0le \u00a0interes\u00f3 al acusado establecer qu\u00e9 hab\u00eda ocurrido frente a la \u00a0liquidaci\u00f3n, \u00a0 \u00a0 \u00a0antes \u00a0 \u00a0 de \u00a0 \u00a0 proceder a su cancelaci\u00f3n. \u00a0\u00a0<\/p>\n<p>En \u00a0las circunstancias que se hallaba el \u00a0proceso \u00a0ejecutivo que se segu\u00eda contra el municipio de Tol\u00fa, era legalmente \u00a0 \u00a0imposible \u00a0 que \u00a0 el \u00a0Gobernador \u00a0de \u00a0Sucre \u00a0hubiese \u00a0ordenado \u00a0el \u00a0pago \u00a0de \u00a0las \u00a0obligaciones que se \u00a0intentaban \u00a0cobrar \u00a0a trav\u00e9s de la acci\u00f3n ejecutiva, porque de conformidad con \u00a0los \u00a0art\u00edculos \u00a014 \u00a0y \u00a034 \u00a0de \u00a0la \u00a0Ley \u00a0550 \u00a0de \u00a01999, \u00a0desde \u00a0el momento de la \u00a0negociaci\u00f3n \u00a0del \u00a0acuerdo \u00a0de reestructuraci\u00f3n de pasivos, no pod\u00eda iniciarse \u00a0ninguna \u00a0ejecuci\u00f3n \u00a0judicial \u00a0en \u00a0contra \u00a0del \u00a0ente territorial local y las que \u00a0estuvieren \u00a0en \u00a0curso \u00a0se \u00a0suspender\u00edan, \u00a0y \u00a0una \u00a0vez \u00a0logrado el acuerdo tales \u00a0procesos \u00a0quedar\u00edan \u00a0terminados, \u00a0como \u00a0en \u00a0efecto \u00a0ocurri\u00f3 \u00a0en \u00a0este caso. No \u00a0obstante, \u00a0el \u00a0acusado desconoci\u00f3 todo lo anterior, \u00a0y \u00a0 por \u00a0 el \u00a0 contrario, \u00a0 reconoci\u00f3 \u00a0 y \u00a0 pag\u00f3 \u00a0unas \u00a0 sumas \u00a0 de \u00a0 dinero \u00a0 por \u00a0 concepto \u00a0 de \u00a0 contratos \u00a0 que, \u00a0 no \u00a0 s\u00f3lo \u00a0ya \u00a0hab\u00edan \u00a0sido \u00a0cancelados \u00a0tiempo \u00a0 atr\u00e1s \u00a0 por \u00a0el \u00a0municipio \u00a0Santiago \u00a0 de \u00a0 Tol\u00fa, \u00a0 sino \u00a0 que \u00a0jur\u00eddicamente \u00a0le \u00a0 \u00a0 \u00a0estaba \u00a0 \u00a0 \u00a0prohibido \u00a0 \u00a0 \u00a0efectuar \u00a0 \u00a0cualquier \u00a0 \u00a0tipo \u00a0 de \u00a0erogaci\u00f3n \u00a0 \u00a0 al \u00a0respecto. \u00a0\u00a0<\/p>\n<p>Ahora \u00a0 \u00a0bien, \u00a0 \u00a0no \u00a0 \u00a0obstante \u00a0la \u00a0proclamada inocencia del procesado y en especial el \u00a0no \u00a0haber \u00a0tenido \u00a0ninguna \u00a0relaci\u00f3n \u00a0con los grupos de autodefensa \u00a0en \u00a0cuanto \u00a0al \u00a0pago de los referidos contratos por parte de la \u00a0Gobernaci\u00f3n \u00a0 \u00a0 \u00a0de \u00a0 \u00a0 Sucre, \u00a0 \u00a0 de \u00a0 \u00a0 particular \u00a0 \u00a0importancia \u00a0 \u00a0resulta \u00a0 \u00a0el \u00a0 \u00a0testimonio \u00a0 \u00a0rendido \u00a0 \u00a0por \u00a0 \u00a0la \u00a0 se\u00f1ora \u00a0 Mar\u00eda \u00a0 Ang\u00e9lica \u00a0Esquivel \u00a0Lora, \u00a0 representante \u00a0legal \u00a0de \u00a0la \u00a0firma \u00a0INVERGOLFO, quien al \u00a0 \u00a0pregunt\u00e1rsele \u00a0 sobre \u00a0 el \u00a0procedimiento \u00a0por \u00a0ella \u00a0adelantado referente al \u00a0cobro \u00a0de \u00a0los \u00a0aludidos 15 contratos, relat\u00f3 \u00a0de \u00a0manera \u00a0clara, \u00a0concreta \u00a0y \u00a0categ\u00f3rica, \u00a0la \u00a0forma \u00a0c\u00f3mo \u00a0 personas \u00a0 de \u00a0las \u00a0autodefensas \u00a0la \u00a0coaccionaron \u00a0 para \u00a0 llevar \u00a0a \u00a0cabo \u00a0dichas \u00a0 \u00a0 gestiones \u00a0 \u00a0ante \u00a0 \u00a0la \u00a0Gobernaci\u00f3n, respecto de las cuales, su actuaci\u00f3n \u00a0se \u00a0 limit\u00f3 \u00a0 a \u00a0 concurrir \u00a0 a \u00a0 la \u00a0 Tesorer\u00eda \u00a0Departamental \u00a0 en \u00a0 compa\u00f1\u00eda \u00a0 de \u00a0 miembros \u00a0 de \u00a0 las \u00a0 AUC, \u00a0 firmar \u00a0los \u00a0documentos, reclamar los \u00a0cheques, \u00a0cobrarlos \u00a0en \u00a0el respectivo banco y entregar el dinero a las \u00a0 \u00a0autodefensas. \u00a0 Al \u00a0 efecto, \u00a0manifest\u00f3: \u00a0\u00a0<\/p>\n<p>\u201cYo \u00a0supe \u00a0del pago de esos contratos \u00a0cuando \u00a0recib\u00ed \u00a0una \u00a0llamada \u00a0del \u00a0se\u00f1or \u00a0Carlos \u00a0Casta\u00f1o \u00a0el \u00a0comandante de las autodefensas, \u00e9l en esa ocasi\u00f3n me dijo que mi \u00a0esposo \u00a0lo \u00a0hab\u00edan asesinado porque esos dineros le pertenec\u00edan a ellos, lo de \u00a0los \u00a0contratos, \u00a0como \u00a0que \u00a0lo hab\u00edan presionado para que diera un dinero, pero \u00a0como \u00a0\u00e9l no lo dio por eso lo mataron, y entonces me dijo que m\u00e1s adelante iba \u00a0a \u00a0recibir \u00a0una \u00a0llamada \u00a0para \u00a0tener \u00a0una \u00a0cita personal con \u00e9l y as\u00ed fue, me \u00a0llamaron \u00a0me \u00a0recogieron en mi casa y me llevaron a una finca por Urab\u00e1 y all\u00ed \u00a0\u00e9l \u00a0me \u00a0dijo \u00a0me \u00a0volvi\u00f3 \u00a0a repetir lo mismo que no me preocupara por nada que \u00a0iban \u00a0a \u00a0organizar \u00a0para que esos dineros los cancelaran y que entonces ellos me \u00a0estar\u00edan \u00a0llamando \u00a0cuando \u00a0ten\u00eda \u00a0que \u00a0ir por los cheques y cuando ten\u00eda que \u00a0entreg\u00e1rselos \u00a0a \u00a0la \u00a0persona \u00a0que \u00a0\u00e9l iba a encargar, que no pod\u00eda salir del \u00a0pa\u00eds, \u00a0ni \u00a0pod\u00eda decir absolutamente nada porque atentaban contra m\u00ed y contra \u00a0mi \u00a0 \u00a0 \u00a0 \u00a0 \u00a0 \u00a0 \u00a0 familia\u201d.34 \u00a0\u00a0<\/p>\n<p>Se\u00f1ala la testigo que la entrevista con \u00a0Carlos \u00a0Casta\u00f1o fue muy breve, porque \u00e9l \u201cfue al \u00a0grano\u201d, \u00a0le reiter\u00f3 lo dicho por tel\u00e9fono y que \u00a0las \u00a0personas \u00a0designadas \u00a0la \u00a0llamar\u00edan, \u00a0como \u00a0en \u00a0efecto \u00a0lo \u00a0hicieron \u00a0posteriormente \u00a0un sujeto de \u00a0nombre \u00a0\u201cRicardo\u201d y \u00a0alias \u00a0\u201cHH\u201d, quienes \u00a0le \u00a0dieron \u00a0instrucciones para ir en tres ocasiones a la Gobernaci\u00f3n de Sucre a \u00a0cobrar \u00a0 \u00a0 \u00a0las \u00a0 \u00a0 \u00a0cuentas \u00a0 \u00a0 correspondientes \u00a0 \u00a0 a \u00a0 \u00a0 los \u00a0 \u00a0 mencionados \u00a0 contratos, \u00a0 \u00a0 \u00a0 as\u00ed \u00a0 \u00a0 \u00a0 fue \u00a0 \u00a0 \u00a0 \u00a0 \u00a0que,\u00a0\u00a0\u00a0 \u00a0\u00a0<\/p>\n<p>\u201cPas\u00f3 un \u00a0lapso \u00a0de \u00a0tiempo largo exactamente cuanto tiempo fue hasta que volv\u00ed a recibir \u00a0otra \u00a0 \u00a0llamada \u00a0 \u00a0del \u00a0 \u00a0mismo \u00a0 se\u00f1or \u00a0 Ricardo \u00a0(sic), \u00a0y me dijo que iban a pasar dos personas por \u00a0m\u00ed \u00a0para \u00a0dirigirme \u00a0a la Gobernaci\u00f3n de Sucre que \u00a0ya \u00a0 todo \u00a0 estaba \u00a0 organizado \u00a0para \u00a0que \u00a0recibiera \u00a0unos \u00a0pagos \u00a0que \u00a0iban \u00a0a \u00a0hacer, \u00a0me \u00a0dieron \u00a0una \u00a0fecha y precisamente\u00a0 \u00a0as\u00ed \u00a0fue \u00a0me \u00a0recogieron \u00a0en \u00a0mi casa, no siempre iban las mismas personas, nos \u00a0dirigimos \u00a0 hasta \u00a0 Sincelejo \u00a0 llegamos \u00a0 a \u00a0la \u00a0Gobernaci\u00f3n, \u00a0y \u00a0pues \u00a0ya \u00a0todo \u00a0estaba organizado las cuentas yo firm\u00e9 y recib\u00ed \u00a0los \u00a0cheques \u00a0como \u00a0ellos \u00a0me dijeron, fuimos la banco se cobraron los cheques y \u00a0ellos \u00a0me \u00a0dejaron \u00a0en \u00a0mi \u00a0casa \u00a0y \u00a0se \u00a0iban \u00a0con \u00a0todo \u00a0el \u00a0dinero\u201d \u00a0 \u00a0 (\u00e9nfasis \u00a0 \u00a0 fuera \u00a0 \u00a0de \u00a0texto). \u00a0\u00a0<\/p>\n<p>Del \u00a0 \u00a0mismo \u00a0 modo, \u00a0 refiere \u00a0 \u00a0 \u00a0la \u00a0 \u00a0 se\u00f1ora \u00a0 \u00a0 Esquivel \u00a0 \u00a0 Lora \u00a0 \u00a0 c\u00f3mo \u00a0entre \u00a0los miembros de las AUC \u00a0y \u00a0 \u00a0 los \u00a0 \u00a0 funcionarios \u00a0 \u00a0de \u00a0 \u00a0la \u00a0 \u00a0Gobernaci\u00f3n \u00a0 exist\u00eda \u00a0 una \u00a0relaci\u00f3n \u00a0 de \u00a0cordialidad, \u00a0puesto \u00a0que \u00a0as\u00ed \u00a0se \u00a0advert\u00eda \u00a0 del \u00a0trato \u00a0entre \u00a0unos \u00a0y \u00a0otros, \u00a0con el Secretario de Hacienda y la Tesorera a \u00a0 \u00a0quien \u00a0 se \u00a0 refer\u00edan \u00a0 \u00a0 como \u00a0 \u00a0 \u201cOlguita\u201d, \u00a0pues \u00a0su \u00a0nombre \u00a0es \u00a0Olga y all\u00ed \u00a0todo \u00a0 \u00a0 \u00a0estaba \u00a0 \u00a0 \u00a0listo, \u00a0 \u00a0 \u00a0\u201cellos \u00a0sab\u00edan \u00a0todo\u201d, \u00a0limit\u00e1ndose \u00a0ella \u00a0a \u00a0firmar \u00a0 los \u00a0 documentos \u00a0 y \u00a0 los \u00a0 comprobantes \u00a0 donde \u00a0le \u00a0indicaron, \u00a0recibir \u00a0los \u00a0 cheques \u00a0 y \u00a0seguidamente \u00a0ir \u00a0al \u00a0 banco \u00a0 a \u00a0 cobrarlos, \u00a0 circunstancia \u00a0\u00e9sta \u00a0de \u00a0 \u00a0 singular \u00a0 \u00a0 importancia, \u00a0 \u00a0en \u00a0cuanto que, seg\u00fan la testigo, Carlos Casta\u00f1o le dijo que no \u00a0se \u00a0 \u00a0\u201cpreocupara \u00a0 \u00a0por \u00a0 nada \u00a0 que \u00a0 \u00a0iban \u00a0 \u00a0a \u00a0 \u00a0organizar \u00a0 \u00a0para \u00a0 que \u00a0 esos \u00a0 dineros \u00a0 los \u00a0cancelaran\u201d, como en \u00a0efecto \u00a0 \u00a0 \u00a0 \u00a0 ocurri\u00f3, \u00a0 \u00a0 \u00a0 \u00a0aspecto \u00a0que \u00a0no \u00a0habr\u00eda sido posible si la organizaci\u00f3n armada \u00a0ilegal \u00a0 no \u00a0contara \u00a0con \u00a0el \u00a0concurso \u00a0y \u00a0estrecha \u00a0colaboraci\u00f3n \u00a0de \u00a0algunos \u00a0servidores \u00a0p\u00fablicos \u00a0de \u00a0la \u00a0administraci\u00f3n \u00a0departamental \u00a0empezando \u00a0por el \u00a0ordenador \u00a0del \u00a0gasto, \u00a0en \u00a0esta \u00a0caso el Gobernador ARANA SUS.\u00a0 \u00a0\u00a0<\/p>\n<p>De \u00a0 \u00a0 igual \u00a0 \u00a0manera, \u00a0destaca \u00a0la \u00a0declarante \u00a0que ella \u00a0nunca \u00a0tuvo \u00a0conocimiento acerca del proceso ejecutivo que se estaba adelantando \u00a0en \u00a0el \u00a0Tribunal \u00a0Administrativo \u00a0de \u00a0Sucre \u00a0para el \u00a0cobro \u00a0 de \u00a0los \u00a0mencionados \u00a0contratos, \u00a0lo \u00a0cual \u00a0revela a\u00fan m\u00e1s el plan criminal para defraudar las \u00a0finanzas \u00a0 p\u00fablicas, \u00a0del \u00a0cual \u00a0hac\u00eda \u00a0parte \u00a0el \u00a0acusado, \u00a0puesto que si la se\u00f1ora Esquivel Lora era \u00a0la \u00a0representante \u00a0legal \u00a0de la firma INVERGOLFO y \u00e9sta a su vez la demandante, \u00a0era \u00a0apenas \u00a0l\u00f3gico \u00a0que \u00a0estuviera \u00a0enterada \u00a0del \u00a0desenvolvimiento \u00a0de \u00a0dicho \u00a0tr\u00e1mite \u00a0 \u00a0judicial; \u00a0 \u00a0sin \u00a0 \u00a0embargo, \u00a0 \u00a0al \u00a0 \u00a0ignorar \u00a0 \u00a0ella \u00a0 dicha \u00a0 situaci\u00f3n, \u00a0 surge \u00a0 evidente \u00a0 la \u00a0 existencia \u00a0de \u00a0una \u00a0organizaci\u00f3n \u00a0 \u00a0conformada \u00a0 \u00a0por \u00a0 \u00a0particulares \u00a0 \u00a0y \u00a0 servidores \u00a0p\u00fablicos, \u00a0tal \u00a0como le \u00a0fuera \u00a0anunciada \u00a0por \u00a0el \u00a0jefe \u00a0de \u00a0las autodefensas, con el \u00a0prop\u00f3sito \u00a0de \u00a0cobrar \u00a0dichos \u00a0dineros, \u00a0en \u00a0claro \u00a0detrimento \u00a0 \u00a0 \u00a0 \u00a0 \u00a0del \u00a0 \u00a0 \u00a0 \u00a0 \u00a0presupuesto \u00a0 \u00a0 \u00a0 \u00a0 \u00a0departamental.\u00a0\u00a0\u00a0\u00a0\u00a0\u00a0 \u00a0\u00a0<\/p>\n<p>Lo afirmado por Mar\u00eda Ang\u00e9lica Esquivel \u00a0Lora \u00a0en \u00a0testimonio \u00a0vertido \u00a0ante \u00a0la \u00a0Corte, \u00a0coincide \u00a0integralmente \u00a0con lo \u00a0manifestado \u00a0inicialmente \u00a0en \u00a0su indagatoria, cuando por raz\u00f3n de estos hechos \u00a0fue \u00a0vinculada \u00a0por \u00a0la \u00a0Fiscal\u00eda \u00a0General de la Naci\u00f3n a un proceso penal, el \u00a0cual \u00a0 culmin\u00f3 \u00a0 con \u00a0 preclusi\u00f3n \u00a0a \u00a0su \u00a0favor, \u00a0manifestaciones \u00a0que \u00a0se hallan respaldadas por la prueba documental relativa al \u00a0tr\u00e1mite \u00a0 llevado \u00a0 a \u00a0 cabo \u00a0 por \u00a0 la \u00a0 Gobernaci\u00f3n \u00a0 para \u00a0 el \u00a0 reconocimiento \u00a0 y \u00a0pago \u00a0de \u00a0los \u00a0aludidos \u00a0 \u00a0 \u00a0 \u00a0 \u00a0 \u00a0 \u00a0 \u00a0contratos. \u00a0\u00a0<\/p>\n<p>Del \u00a0 mismo \u00a0 modo, \u00a0 en \u00a0apoyo \u00a0de \u00a0las manifestaciones de Mar\u00eda Ang\u00e9lica Esquivel Lora, \u00a0se cuenta el testimonio \u00a0del \u00a0 \u00a0abogado \u00a0 \u00a0Gabriel \u00a0 \u00a0Alberto \u00a0 \u00a0Angulo \u00a0 \u00a0Hern\u00e1ndez, \u00a0 \u00a0apoderado \u00a0 \u00a0de \u00a0INVERGOLFO \u00a0y \u00a0por \u00a0tanto \u00a0conocedor directo de las \u00a0circunstancias \u00a0que tuvo que afrontar la mencionada se\u00f1ora tras la muerte de su \u00a0esposo, \u00a0 entre \u00a0ellas \u00a0las \u00a0amenazas \u00a0de \u00a0los \u00a0grupos \u00a0paramilitares \u00a0para \u00a0que \u00a0concurriera \u00a0a \u00a0la Gobernaci\u00f3n de Sucre a reclamar los cheques correspondientes \u00a0a \u00a0los \u00a015 \u00a0contratos \u00a0se\u00f1alados, \u00a0quien de manera \u00a0concreta expres\u00f3: \u00a0\u00a0<\/p>\n<p>\u201cEs \u00a0un \u00a0hecho \u00a0notorio \u00a0en \u00a0la \u00a0ciudad \u00a0de \u00a0Sincelejo \u00a0que a la desaparici\u00f3n del se\u00f1or \u00a0RUDOLFO \u00a0 PAFFEN \u00a0 DURIER \u00a0la \u00a0se\u00f1ora \u00a0MAR\u00cdA \u00a0ANG\u00c9LICA \u00a0fue \u00a0coaccionada \u00a0por \u00a0integrantes \u00a0de un grupo al margen de la ley para que recibiera los pagos de las \u00a0acreencias \u00a0adeudadas \u00a0por \u00a0el Municipio de Santiago de Tol\u00fa y se los entregara \u00a0directamente \u00a0a \u00a0ellos. \u00a0Ellos \u00a0afirmaban \u00a0que \u00a0RUDOLF \u00a0les \u00a0adeudaba \u00a0una \u00a0suma \u00a0grand\u00edsima \u00a0de \u00a0dinero \u00a0por cuanto muchos de los contratos que se cobraban ante \u00a0Tol\u00fa \u00a0fueron \u00a0ejecutados \u00a0con maquinaria de ellos y que RUDOLF nunca les hab\u00eda \u00a0pagado. \u00a0Por \u00a0tal \u00a0raz\u00f3n a la se\u00f1ora MAR\u00cdA ANG\u00c9LICA (quien para ese entonces \u00a0resid\u00eda \u00a0en Monter\u00eda), la llegaban a buscar a su casa, la llevaban al banco de \u00a0Sincelejo \u00a0para \u00a0que \u00a0cobrara \u00a0los \u00a0cheques \u00a0cuyo \u00a0producto \u00a0lo \u00a0recib\u00edan ellos \u00a0\u00edntegramente, \u00a0igualmente \u00a0ella \u00a0era permanentemente amenazada por ese grupo al \u00a0margen \u00a0de la ley y no pod\u00eda ausentarse de la regi\u00f3n si no dejaba a su hija en \u00a0casa \u00a0de \u00a0su \u00a0madre\u201d35. \u00a0\u00a0<\/p>\n<p>En \u00a0la misma direcci\u00f3n, el testimonio \u00a0rendido \u00a0ante \u00a0la Sala por la se\u00f1ora Olga Mar\u00eda Hern\u00e1ndez Gonz\u00e1lez, Tesorera \u00a0Departamental, \u00a0 contribuye \u00a0 a \u00a0 robustecer \u00a0 las \u00a0manifestaciones \u00a0de \u00a0Mar\u00eda Ang\u00e9lica Esquivel Lora, \u00a0al \u00a0hacer \u00a0referencia no s\u00f3lo a la entrega efectiva de los cheques por concepto \u00a0de \u00a0los \u00a015 \u00a0contratos, sino a especiales circunstancias que rodearon el pago de \u00a0cuentas \u00a0a nombre de \u00e9sta, tales como los embargos que hab\u00eda decretado la DIAN \u00a0y \u00a0recordar \u00a0que \u00a0en dos ocasiones se present\u00f3 acompa\u00f1ada de dos se\u00f1ores, uno \u00a0mono \u00a0 \u00a0 \u00a0 \u00a0 y \u00a0 \u00a0 \u00a0 \u00a0 otro \u00a0 \u00a0 \u00a0 \u00a0 moreno36. \u00a0\u00a0<\/p>\n<p>De otra parte, contrario a lo manifestado \u00a0por \u00a0el \u00a0acusado, \u00a0la \u00a0testigo \u00a0Hern\u00e1ndez \u00a0Gonz\u00e1lez \u00a0pone \u00a0de \u00a0presente que el \u00a0Gobernador \u00a0ARANA \u00a0SUS \u00a0si \u00a0estaba \u00a0enterado de todo, puesto que cuando se iba a \u00a0generar \u00a0un \u00a0gasto, \u00a0el Gobernador lo autorizaba; el \u00a0encargado del servicio, \u00a0es \u00a0decir \u00a0la \u00a0secretar\u00eda correspondiente, iniciaba \u00a0el \u00a0proceso \u00a0en \u00a0el \u00a0que \u00a0participaban las dependencias respectivas, incluido el \u00a0despacho \u00a0del \u00a0mandatario \u00a0seccional, \u00a0\u201cporque era \u00a0\u00e9l \u00a0quien \u00a0los \u00a0pagaba, \u00a0sin la firma de \u00e9l no se pod\u00eda pagar, y \u00e9l defin\u00eda \u00a0los \u00a0 pagos\u201d, \u00a0pues \u00a0en \u00a0trat\u00e1ndose \u00a0de \u00a0cuentas \u00a0distintas \u00a0a las de n\u00f3mina las personas interesadas \u00a0ven\u00edan \u00a0 de \u00a0 lejos \u00a0 y \u00a0 hab\u00eda \u00a0 que \u00a0evitarles \u00a0traumatismos, \u00a0 \u00a0 incluso \u00a0 \u00a0llam\u00e1ndolas \u00a0 \u00a0por \u00a0 \u00a0tel\u00e9fono \u00a0 \u00a0\u201cpues \u00a0 uno \u00a0 aqu\u00ed \u00a0 conoce \u00a0 la \u00a0 gente \u00a0 porque \u00a0 esto \u00a0 es \u00a0un \u00a0pueblo\u201d. \u00a0\u00a0<\/p>\n<p>De \u00a0tales \u00a0manifestaciones \u00a0se \u00a0infiere \u00a0con \u00a0claridad \u00a0que el \u00a0Gobernador \u00a0ten\u00eda \u00a0cabal \u00a0control \u00a0funcional \u00a0de \u00a0todas \u00a0las \u00a0actividades de la \u00a0administraci\u00f3n, \u00a0al \u00a0punto que \u201ccualquier d\u00eda el \u00a0gobernador \u00a0me preguntaba si esto se pag\u00f3, siempre estaba informado de con qu\u00e9 \u00a0contaba\u201d, \u00a0 seg\u00fan \u00a0 lo \u00a0manifestado \u00a0por la tesorera, aspecto \u00e9ste que coincide con lo se\u00f1alado \u00a0por \u00a0el acusado en cuanto \u00a0que \u00a0para \u00a0el manejo de los recursos de regal\u00edas pertenecientes al municipio de \u00a0Santiago \u00a0de Tol\u00fa cre\u00f3 un comit\u00e9 especial integrado por los secretarios de la \u00a0Gobernaci\u00f3n \u00a0y \u00a0asesores \u00a0jur\u00eddicos, \u00a0con \u00a0el \u00a0cual se reun\u00eda con frecuencia, \u00a0\u201ccada \u00a0ratico\u201d \u00a0a \u00a0tratar \u00a0 los \u00a0 temas \u00a0 inherentes \u00a0 con \u00a0la \u00a0ejecuci\u00f3n \u00a0e \u00a0inversi\u00f3n \u00a0de \u00a0esos \u00a0dineros. \u00a0\u00a0<\/p>\n<p>S\u00famase \u00a0a \u00a0lo \u00a0anterior, \u00a0la \u00a0especial \u00a0circunstancia \u00a0de \u00a0orden \u00a0p\u00fablico \u00a0que \u00a0por la \u00e9poca vivi\u00f3 el departamento de \u00a0Sucre \u00a0y \u00a0en \u00a0particular \u00a0los \u00a0municipios del Golfo de Morrosquillo, entre ellos \u00a0Santiago \u00a0 de \u00a0 Tol\u00fa, \u00a0debido \u00a0 a \u00a0 la \u00a0 injerencia \u00a0 de \u00a0 los \u00a0 grupos \u00a0 armados \u00a0ilegales, \u00a0 \u00a0 \u00a0 \u00a0 \u00a0 \u00a0especialmente \u00a0 las \u00a0 autodefensas, \u00a0aspecto \u00a0que conllev\u00f3 \u00a0el \u00a0cambio de ejecutor \u00a0de \u00a0las \u00a0regal\u00edas por \u00a0parte \u00a0de \u00a0la Comisi\u00f3n Nacional de Regal\u00edas debido \u00a0a \u00a0los \u00a0manejos \u00a0irregulares \u00a0de dichos recursos, \u00a0 \u00a0 \u00a0 \u00a0lo \u00a0cual era de p\u00fablico conocimiento \u00a0y \u00a0por \u00a0lo mismo estaba \u00a0enterado \u00a0el \u00a0acusado \u00a0desde \u00a0antes \u00a0de \u00a0asumir \u00a0la \u00a0direcci\u00f3n \u00a0 \u00a0 \u00a0 \u00a0 \u00a0de \u00a0 \u00a0 \u00a0 \u00a0 \u00a0la \u00a0 \u00a0 \u00a0 \u00a0 \u00a0administraci\u00f3n \u00a0 \u00a0 \u00a0 \u00a0 departamental, \u00a0 \u00a0 como \u00a0 \u00a0bien \u00a0 \u00a0lo \u00a0 \u00a0 reconoci\u00f3 \u00a0 \u00a0en \u00a0 \u00a0 desarrollo \u00a0 \u00a0de \u00a0 \u00a0la \u00a0 \u00a0audiencia \u00a0 \u00a0p\u00fablica. \u00a0\u00a0<\/p>\n<p>Pero, lo que definitivamente contribuye \u00a0 a \u00a0 despejar \u00a0 cualquier \u00a0 duda \u00a0 acerca \u00a0 de \u00a0los \u00a0 \u00a0nexos \u00a0 \u00a0de \u00a0los \u00a0miembros \u00a0de \u00a0las \u00a0AUC \u00a0y algunos funcionarios \u00a0p\u00fablicos, entre ellos \u00a0el \u00a0 \u00a0 procesado \u00a0 \u00a0ARANA \u00a0 \u00a0SUS, \u00a0 \u00a0es \u00a0el \u00a0testimonio rendido ante la Sala por Edward Cobos T\u00e9llez, \u00a0alias \u00a0 \u00a0 \u00a0Diego \u00a0 \u00a0 \u00a0Vecino, \u00a0 \u00a0 \u00a0jefe \u00a0pol\u00edtico \u00a0de \u00a0las \u00a0autodefensas \u00a0que \u00a0operaban \u00a0en aquella \u00a0regi\u00f3n \u00a0del \u00a0pa\u00eds, \u00a0quien \u00a0de \u00a0manera \u00a0precisa \u00a0se\u00f1ala \u00a0la \u00a0forma \u00a0c\u00f3mo \u00a0esa \u00a0organizaci\u00f3n \u00a0ilegal \u00a0penetr\u00f3 \u00a0la administraci\u00f3n local y departamental en los \u00a0distintos \u00a0niveles, \u00a0en su empe\u00f1o de \u201crefundar la \u00a0patria\u201d \u00a0seg\u00fan \u00a0lo \u00a0expresado \u00a0 \u00a0 por \u00a0 \u00a0 los \u00a0 \u00a0grupos \u00a0 \u00a0paramilitares \u00a0 \u00a0en \u00a0 \u00a0el \u00a0 \u00a0denominado \u00a0 \u00a0 \u00a0 \u201cpacto \u00a0 \u00a0de \u00a0 ralito\u201d, \u00a0 un \u00a0 proyecto \u00a0criminal \u00a0al \u00a0que \u00a0se \u00a0concertaron \u00a0servidores \u00a0p\u00fablicos \u00a0que pusieron a su servicio el cargo que ostentaban y lo funcional del \u00a0mismo, \u00a0 en \u00a0 claro \u00a0 detrimento \u00a0 del \u00a0erario \u00a0p\u00fablico, \u00a0la \u00a0institucionalidad \u00a0democr\u00e1tica \u00a0 y \u00a0 la \u00a0consecuentemente \u00a0p\u00e9rdida \u00a0de \u00a0legitimidad \u00a0del \u00a0Estado. \u00a0\u00a0<\/p>\n<p>El \u00a0 \u00a0desmovilizado \u00a0 \u00a0Diego \u00a0Vecino \u00a0luego \u00a0de \u00a0referir su \u00a0vinculaci\u00f3n \u00a0a \u00a0las \u00a0AUC \u00a0al mando de los hermanos \u00a0Casta\u00f1o \u00a0Gil, la actividad y el puesto de mando que \u00a0ocupaba \u00a0dentro \u00a0de \u00a0la estructura organizada de las \u00a0autodefensas, \u00a0 \u00a0se\u00f1al\u00f3 \u00a0 \u00a0que \u00a0 \u00a0estuvo \u00a0encargado de la direcci\u00f3n pol\u00edtica del Bloque Montes de \u00a0Mar\u00eda; \u00a0en \u00a0cuanto a sus nexos o relaciones con el \u00a0ex \u00a0mandatario departamental, expres\u00f3 que tuvo su primer encuentro personal con \u00a0el \u00a0ex \u00a0Gobernador \u00a0SALVADOR \u00a0ARANA \u00a0SUS \u00a0en julio de 2001 en la reuni\u00f3n que se \u00a0denomin\u00f3 \u00a0 \u00a0 pacto \u00a0 \u00a0 de \u00a0 \u00a0ralito, \u00a0sin \u00a0embargo, con antelaci\u00f3n sab\u00eda quien era por tratarse de \u00a0un \u00a0 hombre \u00a0 p\u00fablico; \u00a0 posteriormente, \u00a0 a \u00a0ra\u00edz \u00a0de \u00a0las \u00a0negociaciones \u00a0de \u00a0Santaf\u00e9 \u00a0de \u00a0Ralito \u00a0volvi\u00f3 \u00a0a hablar personalmente con ex funcionario37. \u00a0\u00a0<\/p>\n<p>Precisa \u00a0 que \u00a0 en \u00a0 la \u00a0 reuni\u00f3n \u00a0de \u00a0Santaf\u00e9 \u00a0de \u00a0Ralito de \u00a0julio \u00a02001 \u00a0no \u00a0se trataron asuntos locales o particulares, puesto que el pacto \u00a0tuvo \u00a0como \u00a0fin \u00a0sumarle \u00a0m\u00e1s \u00a0voces \u00a0al proyecto pol\u00edtico de las autodefensas \u00a0interior \u00a0del congreso de la Rep\u00fablica y de las instancias m\u00e1s representativas \u00a0de \u00a0la \u00a0regi\u00f3n \u00a0como \u00a0respaldo \u00a0y \u00a0acompa\u00f1amiento \u00a0en \u00a0la \u00a0posibilidad \u00a0de \u00a0la \u00a0iniciaci\u00f3n \u00a0de \u00a0un proceso de negociaci\u00f3n y de desmovilizaci\u00f3n, por tanto era \u00a0importante \u00a0la \u00a0presencia \u00a0del \u00a0Gobernador \u00a0de \u00a0Sucre, \u00a0entre otros, pero en esa \u00a0reuni\u00f3n \u00a0no \u00a0se trataron temas relacionados con la destinaci\u00f3n de recursos del \u00a0departamento a las AUC. \u00a0\u00a0<\/p>\n<p>Respecto a la \u00a0injerencia \u00a0de \u00a0las \u00a0autodefensas \u00a0en \u00a0la \u00a0administraci\u00f3n de aquella regi\u00f3n de \u00a0influencia \u00a0del \u00a0Bloque \u00a0Montes de Mar\u00eda, refiere que en desarrollo de la terea \u00a0encomendada \u00a0 para \u00a0 la \u00a0realizaci\u00f3n \u00a0del \u00a0 proyecto \u00a0 pol\u00edtico \u00a0 y \u00a0 social \u00a0de \u00a0las \u00a0AUC, \u00a0era \u00a0inevitable los nexos con los \u00a0mandatarios \u00a0locales \u00a0y \u00a0seccionales, \u00a0para \u00a0lo \u00a0cual \u00a0tuvieron que generar unos \u00a0cambios \u00a0a \u00a0partir \u00a0de \u00a0la\u00a0 \u00a0identidad \u00a0y \u00a0confianza \u00a0de \u00a0los \u00a0alcaldes \u00a0y \u00a0gobernadores, as\u00ed como \u00a0las \u00a0 comunidades \u00a0 de \u00a0 base \u00a0afines \u00a0con \u00a0 \u00a0 \u00a0 \u00a0 el \u00a0 \u00a0 \u00a0 \u00a0proyecto \u00a0pol\u00edtico \u00a0 \u00a0de \u00a0 \u00a0la \u00a0 organizaci\u00f3n, \u00a0aspecto \u00a0que \u00a0se \u00a0volvi\u00f3 \u00a0determinante \u00a0en \u00a0las elecciones de \u00a0alcaldes, \u00a0concejales, \u00a0diputados, \u00a0congresistas \u00a0y \u00a0gobernadores \u00a0 \u00a0 \u00a0para \u00a0 \u00a0 los \u00a0 \u00a0 periodos \u00a0 2001-2003 \u00a0y \u00a02004-2007, \u00a0aclarando \u00a0que \u00a0si \u00a0bien \u00a0el \u00a0apoyo \u00a0al ex \u00a0Gobernador ARANA SUS no \u00a0 \u00a0 \u00a0 fue \u00a0 \u00a0 \u00a0 definitivo \u00a0 \u00a0para \u00a0 \u00a0su \u00a0elecci\u00f3n como tal, lo cierto es que a partir de acuerdos con \u00a0los \u00a0mandatarios \u00a0locales \u00a0de \u00a0San \u00a0Onofre, \u00a0Tol\u00fa, Tol\u00fa Viejo y San Antonio de \u00a0Palmito \u00a0 y \u00a0 el \u00a0 movimiento \u00a0 pol\u00edtico \u00a0 que \u00a0 respald\u00f3 \u00a0la \u00a0candidatura \u00a0de \u00a0SALVADOR \u00a0 ARANA, \u00a0se \u00a0lograron \u00a0acuerdos en la administraci\u00f3n municipal y \u00a0departamental, \u00a0 \u00a0 tanto \u00a0 \u00a0 de \u00a0 \u00a0 orden \u00a0 \u00a0 burocr\u00e1tico \u00a0como \u00a0de \u00a0otra \u00edndole \u00a0(no dice cual), incluso se\u00f1ala que \u00a0los \u00a0distintos \u00a0movimientos \u00a0pol\u00edticos del departamento fueron los que buscaron \u00a0alianzas con las AUC. \u00a0\u00a0<\/p>\n<p>En relaci\u00f3n \u00a0con \u00a0 la \u00a0 participaci\u00f3n \u00a0 de \u00a0 las \u00a0 AUC \u00a0en \u00a0la \u00a0contrataci\u00f3n \u00a0 del \u00a0departamento \u00a0de \u00a0Sucre, se\u00f1al\u00f3: \u00a0\u00a0<\/p>\n<p>\u201cEn \u00a0ese \u00a0sentido \u00a0s\u00ed debo hacer \u00a0la \u00a0claridad \u00a0que \u00a0hubo \u00a0un \u00a0manejo relacionado con los asuntos del pago de unas \u00a0regal\u00edas \u00a0que \u00a0le correspond\u00edan al municipio de Tol\u00fa, y que por razones de la \u00a0disposici\u00f3n \u00a0de las autoridades ante la suspensi\u00f3n del alcalde y algunos otros \u00a0problemas, \u00a0pasaron \u00a0esos \u00a0pagos \u00a0en \u00a0cabeza de la Gobernaci\u00f3n; lo que tambi\u00e9n \u00a0debo, \u00a0en aras de es misma claridad, es decir, que como ese tema no lo manejamos \u00a0desde \u00a0el \u00a0Bloque \u00a0Montes \u00a0de \u00a0Mar\u00eda, \u00a0sino \u00a0que \u00a0lo manej\u00f3 Vicente Casta\u00f1o a \u00a0trav\u00e9s \u00a0de \u00a0un \u00a0se\u00f1or \u00a0alias el Negro Ricardo, no sabemos a que nivel llegaron \u00a0esos \u00a0acuerdos, \u00a0pero s\u00ed en aras de la verdad, ten\u00edamos claro, ten\u00edamos\u00a0 \u00a0entendido \u00a0 que \u00a0 tanto \u00a0 el \u00a0 municipio \u00a0 de \u00a0 Tol\u00fa \u00a0 como \u00a0 la \u00a0 Gobernaci\u00f3n \u00a0de \u00a0Sucre \u00a0pag\u00f3 \u00a0esos \u00a0recursos \u00a0 por \u00a0 asuntos \u00a0 de \u00a0 regal\u00edas \u00a0 de \u00a0 Tol\u00fa \u00a0a \u00a0la \u00a0viuda \u00a0de \u00a0Rudolf \u00a0Paffen, \u00a0que \u00a0era \u00a0el \u00a0contratista \u00a0 \u00a0que \u00a0 le \u00a0 adeudaba \u00a0 el \u00a0municipio de Tol\u00fa esos recursos y que hab\u00eda sido secuestrado \u00a0y \u00a0posteriormente \u00a0desaparecido \u00a0por \u00a0las \u00a0autodefensas \u00a0por \u00a0orden \u00a0de \u00a0Vicente \u00a0Casta\u00f1o;\u00a0 \u00a0nunca \u00a0me \u00a0enter\u00e9 \u00a0que esa circunstancia haya tenido un manejo \u00a0directamente \u00a0con \u00a0el se\u00f1or ex Gobernador o con el Gobernador entonces, pero en \u00a0aras \u00a0de \u00a0la \u00a0verdad \u00a0y \u00a0la \u00a0claridad, \u00a0siempre \u00a0tuvimos claro que hab\u00eda alguna \u00a0relaci\u00f3n \u00a0con \u00a0la Gobernaci\u00f3n no se si a nivel de la pagadur\u00eda o tesorer\u00eda o \u00a0de \u00a0qu\u00e9 \u00a0para que esos recursos se terminaran de cancelar a la se\u00f1ora viuda de \u00a0Rudulf \u00a0Paffen, y ella a \u00a0su \u00a0vez \u00a0los \u00a0tuviera \u00a0que \u00a0endosar \u00a0a Vicente Casta\u00f1o por un cobro o ajuste de \u00a0cuentas \u00a0 que \u00a0 seg\u00fan \u00a0Vicente \u00a0le \u00a0deb\u00eda \u00a0el \u00a0desaparecido \u00a0ingeniero \u00a0Rudolf \u00a0Paffen(\u2026). \u00a0 \u00a0 \u00a0 \u00a0 \u00a0 \u00a0Insisto \u00a0el pago de esas regal\u00edas cuando son suspendidas y pasan \u00a0a \u00a0la \u00a0Gobernaci\u00f3n de Sucre contin\u00faan haci\u00e9ndose a la se\u00f1ora viuda de Rudolf \u00a0Paffen \u00a0y \u00a0ella a su vez los endosaba o entregaba a Vicente Casta\u00f1o\u201d. \u00a0\u00a0<\/p>\n<p>Se\u00f1ala \u00a0el \u00a0testigo \u00a0que \u00a0alias \u00a0el \u00a0Negro \u00a0Ricardo \u00a0era \u00a0un \u00a0hombre \u00a0de \u00a0confianza \u00a0de \u00a0Vicente Casta\u00f1o, fue quien \u00a0ejecut\u00f3 \u00a0el \u00a0secuestro y posterior asesinato del ingeniero Rudolf Paffen con el \u00a0respaldo \u00a0 \u00a0 \u00a0 \u00a0 \u00a0 y \u00a0 \u00a0 \u00a0 \u00a0 \u00a0acompa\u00f1amiento \u00a0 \u00a0 \u00a0 \u00a0 \u00a0 de \u00a0 \u00a0 \u00a0 \u00a0 \u00a0alias \u00a0 \u00a0 \u00a0 \u00a0 \u00a0Cadena \u00a0y \u00a0sus hombres, puesto \u00a0 \u00a0que \u00a0 \u00a0seg\u00fan \u00a0 le \u00a0 dijo \u00a0Vicente \u00a0Casta\u00f1o a \u00e9l personalmente, una \u00a0vez \u00a0fue \u00a0secuestrado el mencionado ingeniero fue obligado a \u00a0firmar \u00a0unos \u00a0pagar\u00e9s o documentos a trav\u00e9s de los \u00a0cuales \u00a0endosaba la deuda que ten\u00eda el municipio de \u00a0Tol\u00fa \u00a0con \u00a0el \u00a0ingeniero Rudolf Paffen, \u00a0y a partir de entonces, \u00a0 Vicente \u00a0 Casta\u00f1o \u00a0 le \u00a0 orden\u00f3 \u00a0 a \u00a0alias \u00a0el \u00a0Negro \u00a0 Ricardo \u00a0procediera \u00a0al \u00a0cobro \u00a0de \u00a0esos \u00a0recursos, \u00a0tarea \u00a0en la \u00a0cual \u00a0se \u00a0presentaron \u00a0algunas \u00a0dificultades por lo que se \u00a0lleg\u00f3 \u00a0a \u00a0producir la \u00a0muerte \u00a0de \u00a0varias \u00a0personas, \u00a0entre \u00a0ellas \u00a0la del \u00a0alcalde \u00a0 de \u00a0 Tol\u00fa. \u00a0\u00a0<\/p>\n<p>Agrega \u00a0 \u00a0 \u00a0el \u00a0 \u00a0 \u00a0declarante, \u00a0que \u00a0ante los \u00a0 \u00a0 problemas \u00a0 \u00a0 relacionados \u00a0 \u00a0 con \u00a0 \u00a0 el \u00a0 \u00a0 pago \u00a0de \u00a0los \u00a0dineros de regal\u00edas, \u00a0\u00e9l \u00a0 fue \u00a0encargado \u00a0por \u00a0Vicente \u00a0Casta\u00f1o \u00a0para \u00a0adelantar \u00a0 esas \u00a0 gestiones, \u00a0 las \u00a0 cuales \u00a0se \u00a0facilitaron debido a \u00a0la \u00a0 llegada \u00a0 como \u00a0alcalde \u00a0de \u00a0Tol\u00fa \u00a0del se\u00f1or Alfredo Navas Patr\u00f3n, persona que \u00a0 \u00a0se \u00a0 identificaba \u00a0 con \u00a0 la \u00a0ideolog\u00eda \u00a0de las autodefensas. Adicionalmente, \u00e9l \u00a0(Diego Vecino) design\u00f3 \u00a0al \u00a0m\u00e9dico Wiler Cobo, \u00a0quien \u00a0 \u00a0era \u00a0 el \u00a0 jefe \u00a0 pol\u00edtico \u00a0 regional \u00a0 de \u00a0 las \u00a0 AUC, \u00a0 para \u00a0que se ocupara del asunto y fue \u00a0as\u00ed \u00a0 \u00a0como \u00a0 \u00a0se \u00a0 \u00a0logr\u00f3 \u00a0 que \u00a0 la \u00a0 \u00a0administraci\u00f3n \u00a0 de \u00a0 Santiago \u00a0 de \u00a0 Tol\u00fa \u00a0 realizara \u00a0los primeros pagos. Luego, \u00a0cuando \u00a0la \u00a0Comisi\u00f3n \u00a0Nacional \u00a0de Regal\u00edas suspendi\u00f3 el giro de tales \u00a0recursos al municipio de Tol\u00fa \u00a0y \u00a0 \u00a0pas\u00f3 \u00a0su \u00a0ejecuci\u00f3n \u00a0a \u00a0la Gobernaci\u00f3n de Sucre, all\u00ed se \u00a0realizaron \u00a0 \u00a0las \u00a0 \u00a0gestiones \u00a0 \u00a0correspondientes, \u00a0 por \u00a0 tanto \u00a0 se \u00a0continu\u00f3 con dichas cancelaciones, \u00a0de \u00a0lo \u00a0cual el Negro \u00a0Ricardo \u00a0 \u00a0manten\u00eda \u00a0 \u00a0informado \u00a0 \u00a0a \u00a0 \u00a0Vicente \u00a0Casta\u00f1o. \u00a0\u00a0<\/p>\n<p>De la misma manera, el citado declarante, \u00a0es \u00a0 \u00a0enf\u00e1tico \u00a0 en \u00a0se\u00f1alar \u00a0c\u00f3mo \u00a0las \u00a0autodefensas \u00a0bajo \u00a0su \u00a0mando \u00a0y \u00a0el de alias Cadena \u00a0fueron \u00a0determinantes \u00a0en la \u00a0vida \u00a0 pol\u00edtica, \u00a0 social \u00a0 y \u00a0 econ\u00f3mica \u00a0de \u00a0los \u00a0municipios \u00a0del \u00a0Golfo \u00a0de \u00a0Morrosquillo, \u00a0puesto \u00a0que \u00a0la \u00a0administraci\u00f3n de los mismos estaba al servicio \u00a0pr\u00e1cticamente \u00a0de la causa de esos grupos al margen \u00a0de la ley. \u00a0\u00a0<\/p>\n<p>De la extensa y detallada narraci\u00f3n del \u00a0testigo \u00a0Edward \u00a0Cobos \u00a0T\u00e9llez \u00a0alias Diego \u00a0 \u00a0 Vecino, \u00a0 \u00a0emerge \u00a0con \u00a0nitidez la injerencia de \u00a0las \u00a0AUC \u00a0en \u00a0la \u00a0Gobernaci\u00f3n de Sucre para \u00a0 \u00a0la \u00a0 \u00a0exacci\u00f3n \u00a0 de \u00a0 los \u00a0recursos \u00a0 \u00a0 de \u00a0 \u00a0 regal\u00edas, \u00a0 \u00a0 en \u00a0 el \u00a0 caso \u00a0 particular \u00a0los \u00a015 \u00a0contratos \u00a0mencionados \u00a0en \u00a0este \u00a0asunto, lo cual se \u00a0hac\u00eda agotando todo el \u00a0procedimiento \u00a0 formal \u00a0 de \u00a0 manera \u00a0que \u00a0 apareciera \u00a0 como \u00a0 si \u00a0fuese \u00a0un \u00a0pago \u00a0acorde con la \u00a0ley.\u00a0 \u00a0\u00a0<\/p>\n<p>El \u00a0 \u00a0 \u00a0 \u00a0 \u00a0desmovilizado \u00a0 \u00a0Libardo \u00a0 \u00a0Duarte, \u00a0rindi\u00f3 \u00a0testimonio \u00a0en \u00a0desarrollo de la \u00a0 audiencia \u00a0 p\u00fablica \u00a0y \u00a0afirma \u00a0que \u00a0si bien no tuvo un \u00a0trato \u00a0personal \u00a0con el ex Gobernador SALVADOR ARANA \u00a0SUS, \u00a0si \u00a0refiere que tanto las autodefensas unidas de Colombia AUC, \u00a0como \u00a0 las \u00a0 Autodefensas \u00a0Campesinas \u00a0de \u00a0C\u00f3rdoba \u00a0y \u00a0Urab\u00e1 \u00a0ACCU, \u00a0a \u00a0las \u00a0cuales \u00a0\u00e9l \u00a0pertenec\u00eda, \u00a0ten\u00edan \u00a0injerencia \u00a0en \u00a0la \u00a0contrataci\u00f3n p\u00fablica de los municipios de aquella \u00a0regi\u00f3n \u00a0y \u00a0el departamento de Sucre, lo cual era de \u00a0p\u00fablico \u00a0 \u00a0conocimiento \u00a0 \u00a0y \u00a0 \u00a0ello \u00a0 les \u00a0 permiti\u00f3 \u00a0 obtener \u00a0 recursos \u00a0 \u00a0 \u00a0 para \u00a0 \u00a0 \u00a0la \u00a0 \u00a0 \u00a0organizaci\u00f3n \u00a0 \u00a0 \u00a0armada \u00a0 \u00a0 \u00a0 \u00a0 \u00a0 \u00a0 ilegal38, \u00a0 \u00a0 \u00a0 circunstancia \u00a0que \u00a0contribuy\u00f3 \u00a0al \u00a0crecimiento y desarrollo del \u00a0proyecto \u00a0 pol\u00edtico, \u00a0haciendo \u00a0 claridad \u00a0 que \u00a0 respecto \u00a0de \u00a0los \u00a0recursos \u00a0de \u00a0regal\u00edas \u00a0\u00e9l \u00a0no \u00a0tuvo \u00a0injerencia o \u00a0relaci\u00f3n \u00a0 alguna, \u00a0 puesto \u00a0 que \u00a0 dicho \u00a0asunto \u00a0fue \u00a0manejado \u00a0por \u00a0el \u00a0m\u00e9dico \u00a0 \u00a0 \u00a0Wilder \u00a0 \u00a0 Cobo.\u00a0 \u00a0\u00a0<\/p>\n<p>Si \u00a0lo anterior no fuese suficiente para \u00a0dar \u00a0 \u00a0 \u00a0 \u00a0 \u00a0por \u00a0 \u00a0 \u00a0 \u00a0 sentada, \u00a0 que \u00a0 lo \u00a0 es, \u00a0 la \u00a0connivencia \u00a0entre \u00a0el \u00a0mandatario \u00a0seccional \u00a0acusado, el ex \u00a0Gobernador \u00a0SALVADOR \u00a0ARANA \u00a0SUS y los grupos de las \u00a0Autodefensas Unidad \u00a0de \u00a0Colombia \u00a0para \u00a0defraudar \u00a0el erario p\u00fablico a \u00a0trav\u00e9s \u00a0de \u00a0una \u00a0sofisticada \u00a0y \u00a0bien \u00a0estructurada organizaci\u00f3n criminal para \u00a0apoderarse \u00a0de los recursos estatales, especialmente \u00a0los \u00a0 provenientes \u00a0de \u00a0las \u00a0regal\u00edas \u00a0petroleras, \u00a0resulta \u00a0pertinente \u00a0traer \u00a0a \u00a0colaci\u00f3n lo afirmado por esta Corporaci\u00f3n en la \u00a0sentencia \u00a0 \u00a0 \u00a0dictada \u00a0 \u00a0 \u00a0en \u00a0 \u00a0 contra \u00a0 \u00a0 \u00a0 \u00a0 \u00a0del \u00a0procesado, \u00a0precisamente por sus \u00a0nexos \u00a0con \u00a0las \u00a0AUC, \u00a0dentro \u00a0del \u00a0radicado \u00a032672: \u00a0\u00a0<\/p>\n<p>\u201cLa \u00a0elecci\u00f3n \u00a0 de \u00a0 Salvador \u00a0 Arana \u00a0Sus \u00a0como \u00a0Gobernador \u00a0de \u00a0Sucre \u00a0y el ejercicio de sus funciones se \u00a0encuentra \u00a0 inescindiblemente \u00a0 ligada \u00a0a \u00a0las \u00a0funciones \u00a0propias \u00a0de \u00a0la \u00a0alta \u00a0investidura \u00a0a \u00a0la \u00a0cual \u00a0accedi\u00f3, y ello irradia el delito a \u00e9l atribuido, en \u00a0cuanto \u00a0el \u00a0pacto que realiz\u00f3 con los grupos paramilitares, en su caso, no tuvo \u00a0apenas \u00a0 como \u00a0elemento \u00a0relevante \u00a0su \u00a0condici\u00f3n \u00a0de \u00a0candidato, \u00a0sino \u00a0 la \u00a0de \u00a0mandatario \u00a0seccional, \u00a0gracias \u00a0a \u00a0lo \u00a0cual \u00a0pudo \u00a0comprometer \u00a0la \u00a0gesti\u00f3n \u00a0con \u00a0los \u00a0dirigentes \u00a0de esos grupos y prometer hacia \u00a0futuro \u00a0 \u00a0 \u00a0seguir \u00a0 \u00a0 \u00a0actuando \u00a0 \u00a0 \u00a0a \u00a0 \u00a0 \u00a0favor \u00a0 \u00a0 de \u00a0 \u00a0 \u00e9stos. \u00a0\u00a0<\/p>\n<p>De \u00a0igual \u00a0manera, \u00a0para \u00a0lo \u00a0que \u00a0es de \u00a0inter\u00e9s, se\u00f1al\u00f3: \u00a0\u00a0<\/p>\n<p>Al \u00a0enmarcar \u00a0el \u00a0supuesto \u00a0legal \u00a0en la \u00a0situaci\u00f3n \u00a0f\u00e1ctica \u00a0sujeta a an\u00e1lisis emerge como hecho notorio la existencia \u00a0del \u00a0fen\u00f3meno \u00a0paramilitar \u00a0en varias zonas del pa\u00eds a partir de la d\u00e9cada de \u00a0los \u00a0noventa. \u00a0Tal como sucedi\u00f3 en otras regiones de la geograf\u00eda nacional, el \u00a0Departamento \u00a0de \u00a0Sucre no fue ajeno a esa influencia desde hace aproximadamente \u00a0dos \u00a0d\u00e9cadas; \u00a0all\u00ed surgieron las primeras manifestaciones de aquel flagelo en \u00a0los \u00a0Montes \u00a0de \u00a0Mar\u00eda y el Golfo de Morrosquillo, donde hacia 1994 empezaron a \u00a0ejecutarse \u00a0homicidios \u00a0selectivos \u00a0por \u00a0grupos \u00a0de \u00a0justicia \u00a0privada, \u00a0por \u00a0el \u00a0inter\u00e9s \u00a0de \u00a0grupos econ\u00f3micos -ganaderos principalmente- decididos a combatir \u00a0abiertamente el accionar de la guerrilla. \u00a0\u00a0<\/p>\n<p>Posteriormente, \u00a0bajo \u00a0el influjo de una \u00a0pol\u00edtica \u00a0econ\u00f3mica, \u00a0su \u00a0expansi\u00f3n \u00a0se \u00a0hizo \u00a0evidente a trav\u00e9s del dominio \u00a0territorial \u00a0y el fortalecimiento militar, que se tradujo en exacciones ilegales \u00a0cuyo \u00a0pago \u00a0era en la mayor\u00eda de casos obligatorio. As\u00ed, mediante la fuerza de \u00a0la \u00a0violencia, \u00a0el apoyo, colaboraci\u00f3n y consentimiento\u00a0 expreso o t\u00e1cito \u00a0de \u00a0quienes \u00a0se \u00a0beneficiaban \u00a0de la situaci\u00f3n, esas organizaciones marginales, \u00a0que \u00a0en un principio estaban atomizadas y respond\u00edan principalmente a intereses \u00a0de \u00a0 agentes \u00a0 econ\u00f3micos \u00a0 preponderantes \u00a0 que \u00a0 les \u00a0dieron \u00a0origen, \u00a0fueron \u00a0organiz\u00e1ndose \u00a0y \u00a0conformando \u00a0estructuras \u00a0que \u00a0segu\u00edan \u00a0los lineamientos del \u00a0estado \u00a0mayor \u00a0de las AUC, hasta lograr incidir en todos los espacios de la vida \u00a0cotidiana de la regi\u00f3n. \u00a0\u00a0<\/p>\n<p>(\u2026) \u00a0<\/p>\n<p>Para \u00a02001 \u00a0lograron \u00a0desplazar \u00a0a \u00a0la \u00a0guerrilla \u00a0en \u00a0algunas \u00a0provincias \u00a0del Departamento, Mojana, Montes de Mar\u00eda y \u00a0algunos \u00a0municipios \u00a0de \u00a0las \u00a0provincias \u00a0de \u00a0Sabanas \u00a0y San Jorge, iniciando la \u00a0expansi\u00f3n e intervenci\u00f3n pol\u00edtica. \u00a0\u00a0<\/p>\n<p>Desafortunadamente, \u00a0como \u00a0ocurri\u00f3 \u00a0en \u00a0muchas \u00a0otras \u00a0regiones \u00a0del \u00a0pa\u00eds, \u00a0en \u00a0Sucre \u00a0al \u00a0ejercicio \u00a0de esa violencia \u00a0indiscriminada\u00a0 \u00a0se \u00a0vincularon \u00a0dirigentes \u00a0pol\u00edticos \u00a0del \u00a0orden \u00a0local, \u00a0regional \u00a0y \u00a0nacional, \u00a0quienes con cabecillas de las autodefensas que ejerc\u00edan \u00a0control \u00a0en \u00a0diversas \u00a0\u00e1reas \u00a0del Departamento, organizaron movimientos armados \u00a0ilegales \u00a0que \u00a0pregonaron querer solucionar los problemas sociales. Inicialmente \u00a0 realizaron \u00a0 contribuciones \u00a0econ\u00f3micas \u00a0y \u00a0luego \u00a0conformaron \u00a0su \u00a0propio grupo armado ilegal, el mismo que acordaron subvencionar \u00a0con \u00a0 \u00a0el \u00a0 patrimonio \u00a0 p\u00fablico, \u00a0 en \u00a0 especial \u00a0 el \u00a0 departamental \u00a0 y \u00a0 el \u00a0local. \u00a0\u00a0<\/p>\n<p>(\u2026) \u00a0<\/p>\n<p>De \u00a0modo \u00a0que \u00a0apreciadas las pruebas en \u00a0conjunto, \u00a0como \u00a0una visi\u00f3n hol\u00edstica lo impone, se puede concluir con certeza \u00a0que \u00a0 el \u00a0 doctor \u00a0Salvador \u00a0Arana \u00a0Sus \u00a0se concert\u00f3 con el Bloque Norte de \u00a0las \u00a0autodefensas \u00a0en \u00a0un \u00a0escenario \u00a0en \u00a0donde, como ha quedado demostrado, esa \u00a0fuerza \u00a0ilegal \u00a0hab\u00eda irrumpido militarmente y requer\u00eda de espacios pol\u00edticos \u00a0para \u00a0garantizar \u00a0su \u00a0expansi\u00f3n. \u00a0De \u00a0no \u00a0ser \u00a0as\u00ed resultar\u00eda inexplicable la \u00a0intervenci\u00f3n \u00a0a \u00a0favor \u00a0de su gesti\u00f3n p\u00fablica, en sesiones en las que como se \u00a0ha \u00a0 dicho, \u00a0 el \u00a0 doctor \u00a0 Arana \u00a0Sus \u00a0no \u00a0solo asisti\u00f3 voluntariamente, \u00a0pudiendo \u00a0no \u00a0hacerlo, \u00a0y \u00a0frente \u00a0a \u00a0las cuales guard\u00f3 silencio, como evidente \u00a0se\u00f1al \u00a0de \u00a0la \u00a0clandestinidad \u00a0de actos que bien pudo dar a conocer a la fuerza \u00a0p\u00fablica. \u00a0\u00a0<\/p>\n<p>Se \u00a0trata, \u00a0pues, de hechos probados que \u00a0denotan \u00a0no \u00a0una \u00a0omisi\u00f3n de denuncia, sino un conjunto de actos indicativos de \u00a0un \u00a0acuerdo tendiente a garantizar la promoci\u00f3n del grupo ilegal, al participar \u00a0bilateralmente \u00a0en \u00a0el \u00a0tr\u00e1nsito \u00a0de \u00a0acciones \u00a0exclusivamente militares de esa \u00a0asociaci\u00f3n \u00a0irregular hacia otras formas m\u00e1s sutiles de violencia en \u00a0donde \u00a0lo \u00a0p\u00fablico \u00a0termina \u00a0al \u00a0servicio \u00a0de \u00a0sus objetivos \u00a0il\u00edcitos. \u00a0\u00a0<\/p>\n<p>A \u00a0la fuerza de esa expresi\u00f3n que fluye \u00a0en \u00a0la \u00a0realidad \u00a0y \u00a0que \u00a0adquiere \u00a0una \u00a0carga \u00a0simb\u00f3lica evidente, se pretende \u00a0oponerle, \u00a0a \u00a0t\u00edtulo \u00a0de \u00a0contra indicio, lo dicho por algunos declarantes que, \u00a0sujetos \u00a0a \u00a0situaciones \u00a0extra\u00f1as \u00a0de intimidaci\u00f3n, han procurado en lo formal \u00a0retractarse \u00a0de \u00a0lo \u00a0afirmado \u00a0en anterior oportunidad, aspecto sobre lo cual la \u00a0Sala \u00a0se \u00a0pronunciar\u00e1 m\u00e1s adelante en el cuerpo de este prove\u00eddo. \u00a0 \u00a0 \u00a0 \u00a0 \u00a0\u00a0<\/p>\n<p>Desde \u00a0luego, \u00a0el \u00a0enjuiciamiento del ex \u00a0gobernador \u00a0no \u00a0tuvo como fundamento aislado el haberse reunido con paramilitares, sino haber llegado en \u00a0ellas \u00a0a \u00a0unos \u00a0compromisos ilegales que se manifestaron desde un comienzo en el \u00a0apoyo \u00a0y log\u00edstica para la creaci\u00f3n de un grupo armado organizado al margen de \u00a0la \u00a0ley, quienes habr\u00edan de ejecutar actos delincuenciales cuya responsabilidad \u00a0le \u00a0es \u00a0extensiva \u00a0a \u00a0quienes \u00a0contribuyeron a su creaci\u00f3n y que adem\u00e1s pact\u00f3 \u00a0contraprestaciones \u00a0 a \u00a0 cambio \u00a0de \u00a0la \u00a0ejecuci\u00f3n \u00a0de \u00a0las \u00a0mismas\u201d39 \u00a0 \u00a0 \u00a0 \u00a0 (\u00e9nfasis \u00a0agregado). \u00a0\u00a0<\/p>\n<p>Consecuente con lo anterior, surge \u00a0evidente \u00a0la \u00a0materializaci\u00f3n de los pactos y compromisos \u00a0ilegales \u00a0adquiridos \u00a0por \u00a0el mandatario seccional con los grupos armados de las \u00a0autodefensas, \u00a0a \u00a0trav\u00e9s \u00a0de los cuales, en claro desv\u00edo de su conducta de las \u00a0normas \u00a0constitucionales \u00a0y \u00a0legales, \u00a0as\u00ed \u00a0como \u00a0de \u00a0los \u00a0principios \u00e9ticos y \u00a0morales, \u00a0ejecut\u00f3 \u00a0acciones de corrupci\u00f3n a gran escala en contra del inter\u00e9s \u00a0p\u00fablico \u00a0para \u00a0favorecer intereses privados y lo que es m\u00e1s grave a\u00fan, los de \u00a0un \u00a0 \u00a0 \u00a0 grupo \u00a0 \u00a0 \u00a0 armado \u00a0 \u00a0 \u00a0 organizado \u00a0al \u00a0margen \u00a0de \u00a0la \u00a0ley, \u00a0en \u00a0detrimento \u00a0del \u00a0erario \u00a0p\u00fablico \u00a0y \u00a0la \u00a0institucionalidad \u00a0democr\u00e1tica, \u00a0comprometiendo \u00a0seriamente la \u00a0asignaci\u00f3n \u00a0de \u00a0recursos \u00a0para \u00a0el \u00a0desarrollo \u00a0social, adem\u00e1s de erosionar la \u00a0\u00e9tica \u00a0 p\u00fablica, \u00a0 la \u00a0 moral \u00a0 social, \u00a0 la \u00a0justicia \u00a0y \u00a0el \u00a0imperio \u00a0de \u00a0la \u00a0ley. \u00a0\u00a0<\/p>\n<p>La actuaci\u00f3n del ex Gobernador ARANA SUS \u00a0frente \u00a0al \u00a0pago \u00a0il\u00edcito \u00a0de \u00a0los \u00a015 \u00a0contratos mencionados en este asunto, a \u00a0trav\u00e9s \u00a0del \u00a0cual \u00a0se favoreci\u00f3 patrimonialmente a las AUC, no surge de manera \u00a0aislada, \u00a0o \u00a0como \u00a0el \u00a0producto \u00a0de \u00a0un \u00a0enga\u00f1o \u00a0o \u00a0una \u00a0estafa al Departamento \u00a0soportada \u00a0en \u00a0un mandamiento de pago del Tribunal Contencioso Administrativo de \u00a0Sucre, \u00a0 como \u00a0pretende \u00a0hacerlo \u00a0ver \u00a0el \u00a0 acusado \u00a0 y \u00a0 lo \u00a0reitera \u00a0la \u00a0defensa \u00a0t\u00e9cnica, \u00a0sino \u00a0que \u00a0con \u00a0 \u00a0 independencia \u00a0 \u00a0 de \u00a0 \u00a0 su \u00a0 \u00a0 evidente \u00a0heterogeneidad \u00a0f\u00e1ctica \u00a0y \u00a0jur\u00eddica, \u00a0 \u00a0 comparte \u00a0 \u00a0 las \u00a0 \u00a0 mismas \u00a0caracter\u00edsticas \u00a0de \u00a0las \u00a0conductas \u00a0por las que ya fue juzgado y condenado, es \u00a0decir, \u00a0 ocurrieron \u00a0cuando \u00a0se \u00a0desempe\u00f1\u00f3 \u00a0como \u00a0Gobernador \u00a0del \u00a0Departamento, \u00a0siguiendo el hilo \u00a0conductor \u00a0de \u00a0los \u00a0eslabones \u00a0de una cadena causal \u00a0propia \u00a0 \u00a0 de \u00a0 \u00a0 estructuras \u00a0 \u00a0 criminales \u00a0 \u00a0 organizadas \u00a0 \u00a0y \u00a0 \u00a0previamente \u00a0concertadas, \u00a0 con \u00a0 el \u00a0prop\u00f3sito \u00a0de \u00a0apoyar \u00a0y \u00a0promover \u00a0la \u00a0permanencia \u00a0y \u00a0el \u00a0dominio \u00a0de \u00a0los \u00a0llamados \u00a0paramilitares \u00a0en \u00a0 su \u00a0 jurisdicci\u00f3n \u00a0territorial, \u00a0contexto \u00a0 \u00a0 en \u00a0 \u00a0 el \u00a0 que \u00a0 la \u00a0 ejecuci\u00f3n \u00a0de \u00a0las \u00a0distintas \u00a0acciones \u00a0t\u00edpicas se funden en el que se ha considerado un \u00e1nimo de \u00a0promoci\u00f3n \u00a0y \u00a0auspicio efectivo del acusado hacia aquella agrupaci\u00f3n al margen \u00a0de la ley. \u00a0\u00a0<\/p>\n<p>La apropiaci\u00f3n de los recursos p\u00fablicos \u00a0por \u00a0parte del ex mandatario seccional acusado a favor del grupo de Autodefensas \u00a0Unidas \u00a0de \u00a0Colombia \u00a0AUC., hace parte del accionar de la actividad paramilitar, \u00a0la \u00a0cual \u00a0no \u00a0se \u00a0redujo \u00a0al \u00a0aspecto estrictamente militar, sino, que desde sus \u00a0or\u00edgenes \u00a0busc\u00f3 ganar legitimidad social y ampliar su \u00f3rbita de influencia en \u00a0los \u00a0escenarios \u00a0administrativos \u00a0y \u00a0pol\u00edticos locales, tal como lo manifestara \u00a0Edward \u00a0Cobos T\u00e9llez alias Diego Vecino, \u00a0a \u00a0la \u00a0saz\u00f3n \u00a0jefe pol\u00edtico del Bloque Montes de Mar\u00eda, fue \u00a0posesion\u00e1ndose \u00a0en las esferas de la administraci\u00f3n p\u00fablica en los municipios \u00a0y \u00a0departamentos, \u00a0cooptando \u00a0la representaci\u00f3n pol\u00edtica de esas regiones para \u00a0los \u00a0intereses \u00a0del \u00a0proyecto \u00a0de \u00a0las \u00a0autodefensas, \u00a0de \u00a0tal \u00a0manera \u00a0que, \u00a0su \u00a0estrategia \u00a0integral de guerra, se fue estructurando con recursos que proven\u00edan \u00a0directamente \u00a0 del \u00a0presupuesto \u00a0del \u00a0Estado, \u00a0especialmente \u00a0de \u00a0las \u00a0regal\u00edas \u00a0petroleras, \u00a0las \u00a0cuales \u00a0estaban \u00a0destinadas \u00a0al funcionamiento y desarrollo de \u00a0sectores \u00a0prioritarios \u00a0y \u00a0de mayor impacto social en las distintas regiones del \u00a0pa\u00eds, \u00a0en \u00a0las que infortunadamente la presencia de los grupos violentos se fue \u00a0tornando hegem\u00f3nica. \u00a0\u00a0<\/p>\n<p>A \u00a0este respecto, analistas y estudiosos \u00a0del \u00a0paramilitarismo \u00a0en \u00a0Colombia \u00a0coinciden \u00a0en \u00a0se\u00f1alar, que es el fen\u00f3meno \u00a0militar, \u00a0social, \u00a0econ\u00f3mico \u00a0y \u00a0pol\u00edtico de mayor crecimiento en los \u00faltimos \u00a0a\u00f1os, \u00a0de mayor efectividad criminal en toda su extensi\u00f3n, en cuyo accionar ha \u00a0consolidado \u00a0una \u00a0econom\u00eda \u00a0de \u00a0guerra \u00a0sustentada \u00a0sobre \u00a0las \u00a0pr\u00e1cticas \u00a0del \u00a0narcotr\u00e1fico, \u00a0 el \u00a0 secuestro, \u00a0 la \u00a0 extorsi\u00f3n, \u00a0el \u00a0hurto \u00a0de \u00a0combustible, \u00a0la \u00a0 \u00a0apropiaci\u00f3n \u00a0 \u00a0de \u00a0 \u00a0recursos \u00a0 oficiales, \u00a0especialmente \u00a0 \u00a0 de \u00a0 \u00a0car\u00e1cter \u00a0 \u00a0municipal \u00a0 \u00a0y \u00a0 \u00a0departamental, \u00a0entre \u00a0otras, tal como lo puntualiza un estudio adelantado por \u00a0la Universidad Nacional: \u00a0\u00a0<\/p>\n<p>\u201cPor \u00a0esa \u00a0v\u00eda, \u00a0concejales \u00a0y \u00a0alcaldes, \u00a0posteriormente gobernadores y diputados, fueron \u00a0dirigiendo \u00a0 su \u00a0 gesti\u00f3n \u00a0 administrativa \u00a0y \u00a0la \u00a0ejecuci\u00f3n \u00a0de \u00a0los \u00a0presupuestos \u00a0en \u00a0consonancia \u00a0con \u00a0el \u00a0fortalecimiento del \u00a0proyecto \u00a0 paramilitar \u00a0 en \u00a0 sus \u00a0regiones \u00a0y \u00a0sacando \u00a0de \u00a0all\u00ed \u00a0los \u00a0recursos \u00a0demandados por los grupos para su funcionamiento a \u00a0trav\u00e9s \u00a0del \u00a0testaferrato \u00a0de \u00a0los \u00a0contratistas \u00a0o \u00a0de \u00a0los \u00a0aportes \u00a0directos \u00a0encubiertos. \u00a0\u00a0<\/p>\n<p>Parte \u00a0importante de los recursos de las \u00a0regal\u00edas \u00a0 petroleras \u00a0 encontraron \u00a0 un \u00a0 nuevo \u00a0 actor \u00a0demandante \u00a0de \u00a0estos \u00a0presupuestos, \u00a0que \u00a0se \u00a0sumaba a las contribuciones \u00a0que \u00a0las empresas transnacionales petroleras y de contratistas de esta industria \u00a0asum\u00edan \u00a0 \u00a0para \u00a0 \u00a0el \u00a0 \u00a0sostenimiento \u00a0 \u00a0de \u00a0 fen\u00f3meno \u00a0 y \u00a0 de \u00a0 su \u00a0 propia \u00a0seguridad\u201d40 \u00a0 \u00a0 \u00a0(subraya \u00a0 \u00a0 \u00a0la \u00a0Sala). \u00a0\u00a0<\/p>\n<p>En el presente caso, est\u00e1 demostrado que \u00a0el \u00a0entonces Gobernador del Departamento de Sucre, doctor SALVADOR ARANA SUS, de \u00a0manera \u00a0consciente \u00a0y \u00a0voluntaria \u00a0se concert\u00f3 con \u00a0los \u00a0 grupos \u00a0de \u00a0las \u00a0autodefensas \u00a0imperantes \u00a0en \u00a0aquella \u00a0regi\u00f3n \u00a0del \u00a0pa\u00eds, \u00a0en \u00a0un \u00a0escenario en donde, como ha quedado \u00a0acreditado, \u00a0esa fuerza \u00a0ilegal \u00a0 \u00a0hab\u00eda \u00a0 \u00a0irrumpido \u00a0 \u00a0militarmente \u00a0 \u00a0y \u00a0 \u00a0requer\u00eda \u00a0 \u00a0de \u00a0 espacios \u00a0pol\u00edticos \u00a0 \u00a0 \u00a0 para \u00a0 \u00a0 \u00a0 garantizar \u00a0 \u00a0 \u00a0su \u00a0expansi\u00f3n41, \u00a0y \u00a0en \u00a0ese \u00a0prop\u00f3sito, \u00a0desde \u00a0su \u00a0condici\u00f3n \u00a0de \u00a0mandatario \u00a0seccional \u00a0 dispuso \u00a0 de \u00a0 los \u00a0 recursos \u00a0 del \u00a0 erario \u00a0p\u00fablico \u00a0\u2013en particular los provenientes de \u00a0las \u00a0 regal\u00edas \u00a0 petroleras \u00a0los \u00a0cuales \u00a0estaban \u00a0destinados \u00a0 a \u00a0 las \u00a0necesidades \u00a0m\u00e1s \u00a0sentidas \u00a0de \u00a0la \u00a0comunidad- \u00a0para \u00a0favorecer \u00a0intereses privados y la pr\u00e1ctica de acciones \u00a0ilegales \u00a0del \u00a0mencionado \u00a0grupo marginal, lo cual deja sin validez jur\u00eddica la \u00a0tesis de la defensa. \u00a0\u00a0<\/p>\n<p>De lo anterior se sigue que al \u00a0 estar \u00a0acopiada \u00a0prueba \u00a0que \u00a0da \u00a0certeza \u00a0 \u00a0sobre \u00a0 \u00a0la \u00a0 \u00a0autor\u00eda \u00a0 y \u00a0 responsabilidad \u00a0 del \u00a0procesado \u00a0en \u00a0 el \u00a0 delito \u00a0de \u00a0peculado \u00a0 \u00a0por \u00a0 \u00a0apropiaci\u00f3n \u00a0 \u00a0a \u00a0 favor \u00a0 de \u00a0terceros, \u00a0 \u00a0 la \u00a0consecuencia \u00a0inmediata \u00a0para \u00a0el \u00a0orden \u00a0jur\u00eddico \u00a0interno \u00a0consiste \u00a0en \u00a0imponer \u00a0la \u00a0sanci\u00f3n que corresponda como se declarar\u00e1, \u00a0de \u00a0 \u00a0 \u00a0acuerdo \u00a0 \u00a0 con \u00a0 \u00a0 lo \u00a0 \u00a0 expuesto \u00a0 por \u00a0 los \u00a0delegados \u00a0del \u00a0Ministerio \u00a0 \u00a0P\u00fablico \u00a0 \u00a0y \u00a0 \u00a0de \u00a0 \u00a0la \u00a0 \u00a0Fiscal\u00eda, \u00a0 profiriendo \u00a0 en \u00a0consecuencia \u00a0 el \u00a0correspondiente \u00a0fallo \u00a0condenatorio \u00a0en \u00a0contra \u00a0del \u00a0doctor \u00a0SALVADOR \u00a0ARANA \u00a0SUS, \u00a0en los t\u00e9rminos de \u00a0 \u00a0los \u00a0 \u00a0cargos \u00a0 \u00a0formulados \u00a0 \u00a0en \u00a0 \u00a0la \u00a0 \u00a0resoluci\u00f3n \u00a0 de \u00a0acusaci\u00f3n. \u00a0\u00a0<\/p>\n<p>CONSECUENCIAS \u00a0JUR\u00cdDICAS DE LA CONDUCTA \u00a0PUNIBLE. \u00a0\u00a0<\/p>\n<p>En la norma penal, a diferencia de otras, \u00a0el \u00a0legislador \u00a0consagr\u00f3 \u00a0una consecuencia jur\u00eddica, la pena, tradicionalmente \u00a0concebida \u00a0como \u00a0la \u00a0sanci\u00f3n \u00a0del delito y que hoy, \u00a0frente \u00a0 al \u00a0 mismo, \u00a0 sigue \u00a0siendo \u00a0la \u00a0reacci\u00f3n \u00a0principal. \u00a0Es la forma \u00a0m\u00e1s \u00a0grave \u00a0de \u00a0respuesta \u00a0en \u00a0aquellos eventos en los cuales el comportamiento \u00a0prohibido \u00a0perjudica \u00a0de \u00a0manera \u00a0ostensible \u00a0la \u00a0convivencia \u00a0pac\u00edfica \u00a0de los \u00a0ciudadanos \u00a0 \u00a0y \u00a0 no \u00a0 resultan \u00a0 adecuadas \u00a0 para \u00a0impedirlo \u00a0otras medidas jur\u00eddico-criminales menos \u00a0radicales. \u00a0\u00a0<\/p>\n<p>La \u00a0pena es la manifestaci\u00f3n m\u00e1s clara \u00a0del \u00a0 poder \u00a0punitivo \u00a0del \u00a0Estado \u00a0\u2013ius \u00a0puniendi- a trav\u00e9s del cual se \u00a0impone \u00a0un castigo al infractor de la ley penal, que consiste en la privaci\u00f3n o \u00a0restricci\u00f3n \u00a0de \u00a0bienes jur\u00eddicos a la persona que a realizado un delito y por \u00a0cuyo \u00a0medio \u00a0se \u00a0satisfacen tanto los principios de \u00a0las \u00a0sanciones penales como de las funciones de la pena, siendo de la esencia de \u00a0los \u00a0primeros \u00a0la \u00a0necesidad, \u00a0proporcionalidad y razonabilidad, en tanto que en \u00a0los \u00a0segundos \u00a0se \u00a0ubica la prevenci\u00f3n general, retribuci\u00f3n justa, prevenci\u00f3n \u00a0especial, \u00a0 reinserci\u00f3n \u00a0 social \u00a0 y \u00a0 protecci\u00f3n \u00a0 al \u00a0 condenado. \u00a0\u00a0<\/p>\n<p>En el proceso de determinaci\u00f3n punitivo, \u00a0el \u00a0juez debe observar los principios y notas caracter\u00edsticas de la pena, entre \u00a0ellas \u00a0la \u00a0de \u00a0humanidad \u00a0y \u00a0legalidad, ha \u00a0de ser justo y desprovisto de cualquier tipo de arbitrariedad \u00a0judicial. \u00a0\u00a0<\/p>\n<p>Determinaci\u00f3n \u00a0 \u00a0 \u00a0de \u00a0 \u00a0 \u00a0la \u00a0punibilidad \u00a0\u00a0<\/p>\n<p>Reunidos los \u00a0presupuestos \u00a0sustanciales que el art\u00edculo 232 del estatuto procesal exige para \u00a0proferir \u00a0sentencia \u00a0condenatoria, \u00a0procede la Sala a se\u00f1alar las consecuencias \u00a0jur\u00eddicas \u00a0 que \u00a0a \u00a0dicha \u00a0conducta \u00a0corresponden, \u00a0teniendo \u00a0en \u00a0cuenta los criterios se\u00f1alados por el \u00a0legislador \u00a0en \u00a0los \u00a0art\u00edculos \u00a055 \u00a0y \u00a0siguientes \u00a0del C\u00f3digo Penal, as\u00ed como \u00a0los \u00a0derroteros \u00a0trazados para la imputaci\u00f3n en la \u00a0resoluci\u00f3n \u00a0 \u00a0 \u00a0 \u00a0 de \u00a0 \u00a0 \u00a0 \u00a0 acusaci\u00f3n.42 \u00a0\u00a0<\/p>\n<p>Del \u00a0 \u00a0delito \u00a0 \u00a0de \u00a0 peculado \u00a0 por \u00a0apropiaci\u00f3n. \u00a0\u00a0<\/p>\n<p>En \u00a0relaci\u00f3n \u00a0con \u00a0esta \u00a0ilicitud, \u00a0es \u00a0importante \u00a0 destacar \u00a0 que \u00a0el \u00a0mismo \u00a0se \u00a0integra \u00a0por \u00a0la \u00a0suma \u00a0il\u00edcitamente \u00a0cancelada \u00a0por \u00a0la \u00a0Tesorer\u00eda del Departamento de \u00a0Sucre, \u00a0concepto \u00a0de \u00a0los \u00a015 contratos celebrados y pagados por el municipio de \u00a0Santiago \u00a0de \u00a0Tol\u00fa \u00a0en los a\u00f1os 1995 y 1997, como ha quedado rese\u00f1ado en este \u00a0asunto, \u00a0 en \u00a0 detrimento \u00a0 del \u00a0 erario \u00a0p\u00fablico, \u00a0cuya \u00a0 \u00a0 suma \u00a0 \u00a0 ascendi\u00f3 \u00a0 \u00a0a \u00a0 \u00a0$478.669.719,oo\u00a0\u00a0\u00a0 \u00a0\u00a0<\/p>\n<p>El \u00a0art\u00edculo \u00a0397 de la ley 599 de 2000 \u00a0tiene \u00a0prevista pena de prisi\u00f3n de seis (6) a quince (15) a\u00f1os y multa \u00a0equivalente \u00a0al \u00a0valor \u00a0de \u00a0lo \u00a0apropiado \u00a0sin \u00a0que \u00a0supere el equivalente a 50.000 \u00a0salarios \u00a0m\u00ednimos \u00a0mensuales vigentes, e \u00a0inhabilitaci\u00f3n \u00a0para \u00a0el \u00a0ejercicio \u00a0de \u00a0derechos y funciones \u00a0p\u00fablicas por el mismo lapso. \u00a0\u00a0<\/p>\n<p>En \u00a0el \u00a0presente caso y dado que para el \u00a0a\u00f1o \u00a02001 \u00a0el salario \u00a0m\u00ednimo \u00a0mensual vigente era de $286.000.oo, \u00a0 las \u00a0 sanciones \u00a0 a \u00a0tener \u00a0en \u00a0cuenta\u00a0 \u00a0son \u00a0las \u00a0previstas \u00a0en el inciso 2\u00ba \u00a0del \u00a0 citado \u00a0precepto, \u00a0en \u00a0raz\u00f3n \u00a0a \u00a0que \u00a0lo \u00a0apropiado \u00a0supera \u00a0ampliamente \u00a0 \u00a0el \u00a0 equivalente \u00a0 a \u00a0200 \u00a0salarios m\u00ednimos \u00a0de \u00a0 \u00a0ese \u00a0 \u00a0a\u00f1o \u00a0 \u00a0que \u00a0 \u00a0eran \u00a0 $57\u2019200.000.oo, \u00a0 por \u00a0 lo \u00a0 que \u00a0 la \u00a0 pena \u00a0 ser\u00e1 \u00a0de \u00a0seis \u00a0 \u00a0 \u00a0 \u00a0 \u00a0 (6) \u00a0 a \u00a0veintid\u00f3s \u00a0 \u00a0a\u00f1os \u00a0 \u00a0y \u00a0 \u00a0medio \u00a0 \u00a0(22.5) \u00a0de \u00a0 \u00a0 prisi\u00f3n, \u00a0 \u00a0 y \u00a0 \u00a0 multa \u00a0 \u00a0equivalente \u00a0 \u00a0al \u00a0 \u00a0valor \u00a0 \u00a0de \u00a0 \u00a0lo \u00a0 apropiado \u00a0 e \u00a0inhabilitaci\u00f3n \u00a0para \u00a0el \u00a0ejercicio \u00a0de \u00a0derechos y funciones \u00a0p\u00fablicas por el mismo t\u00e9rmino. \u00a0\u00a0<\/p>\n<p>Lo \u00a0 \u00a0 \u00a0 anterior, teniendo en cuenta los par\u00e1metros \u00a0para \u00a0determinar los m\u00ednimos y los m\u00e1ximos aplicables en la individualizaci\u00f3n \u00a0de \u00a0la \u00a0pena, \u00a0seg\u00fan lo establecido en el inciso segundo del art\u00edculo 60 de la \u00a0Ley \u00a0 \u00a0599 \u00a0 \u00a0de \u00a0 \u00a02000, \u00a0 \u00a0cuando \u00a0 se\u00f1ala \u00a0que \u201csi la pena se aumenta \u00a0hasta \u00a0en \u00a0una \u00a0proporci\u00f3n, \u00a0\u00e9sta \u00a0se \u00a0aplicar\u00e1 \u00a0al m\u00e1ximo de la infracci\u00f3n \u00a0b\u00e1sica\u201d.\u00a0 \u00a0\u00a0<\/p>\n<p>Esta \u00a0circunstancia \u00a0modifica \u00a0los \u00a0l\u00edmites sancionatorios \u00a0 \u00a0 \u00a0 \u00a0 \u00a0 \u00a0de \u00a0 \u00a0 \u00a0 \u00a0 \u00a0 \u00a0la \u00a0 \u00a0 \u00a0 \u00a0 \u00a0 pena \u00a0 privativa \u00a0de \u00a0la \u00a0libertad, \u00a0cuyo \u00a0\u00e1mbito punitivo \u00a0de \u00a0 \u00a0 movilidad \u00a0 \u00a0 va \u00a0 \u00a0desde \u00a0 \u00a072 \u00a0 \u00a0 \u00a0 hasta \u00a0 \u00a0 \u00a0270 \u00a0 \u00a0 \u00a0 \u00a0 \u00a0 meses \u00a0de \u00a0prisi\u00f3n, \u00a0el cual \u00a0est\u00e1 conformado por un primer \u00a0cuarto \u00a0 \u00a0comprendido \u00a0 \u00a0entre \u00a0 72 \u00a0 y \u00a0 \u00a0 \u00a0 \u00a0 \u00a0 \u00a0121.5 \u00a0 \u00a0 \u00a0 \u00a0 \u00a0 meses; \u00a0dos \u00a0cuartos \u00a0medios \u00a0que van \u00a0de \u00a0 \u00a0121 meses \u00a0y \u00a016 \u00a0d\u00edas \u00a0 \u00a0 \u00a0 hasta \u00a0 \u00a0 \u00a0220.5 \u00a0meses, y el cuarto m\u00e1ximo entre \u00a0220 \u00a0 \u00a0meses \u00a0 \u00a0y \u00a0 \u00a016 \u00a0 d\u00edas a \u00a0270 meses. \u00a0\u00a0<\/p>\n<p>La \u00a0Sala debe puntualizar que si bien es \u00a0cierto, \u00a0el \u00a0procesado \u00a0SALVADOR \u00a0ARANA \u00a0SUS \u00a0fue \u00a0juzgado \u00a0y condenado por esta \u00a0Corporaci\u00f3n \u00a0el \u00a03 \u00a0de \u00a0diciembre \u00a0de \u00a02009, dentro del radicado 32672, por los \u00a0delitos \u00a0de concierto para delinquir agravado, desaparici\u00f3n forzada y homicidio \u00a0agravado, \u00a0sentencia \u00a0a la cual hizo expresa referencia la Fiscal\u00eda al proferir \u00a0la \u00a0resoluci\u00f3n \u00a0de acusaci\u00f3n, tambi\u00e9n lo es que el ente acusador no le dedujo \u00a0o \u00a0 \u00a0 \u00a0atribuy\u00f3 \u00a0circunstancias de mayor \u00a0punibilidad, \u00a0por \u00a0tanto, \u00a0para \u00a0determinar \u00a0la \u00a0pena \u00a0se \u00a0ubicar\u00e1 en el cuarto \u00a0m\u00ednimo, es decir entre \u00a072 \u00a0 y \u00a0 121.5 \u00a0meses. \u00a0\u00a0<\/p>\n<p>A partir de esos l\u00edmites de punibilidad, \u00a0corresponde \u00a0 \u00a0 evaluar \u00a0 \u00a0 en \u00a0 \u00a0 concreto \u00a0 \u00a0 los \u00a0 \u00a0criterios \u00a0 \u00a0previstos \u00a0en \u00a0el \u00a0art\u00edculo \u00a061 \u00a0del c\u00f3digo \u00a0represor, \u00a0para \u00a0determinar \u00a0la \u00a0pena \u00a0aplicable \u00a0al \u00a0procesado con ocasi\u00f3n del \u00a0delito \u00a0de \u00a0peculado \u00a0por apropiaci\u00f3n cuya comisi\u00f3n se le reprocha: la mayor o \u00a0menor \u00a0gravedad \u00a0de la conducta, el da\u00f1o potencial o real creado, la naturaleza \u00a0de \u00a0las \u00a0causales \u00a0de \u00a0agravaci\u00f3n \u00a0o \u00a0atenuaci\u00f3n, \u00a0la \u00a0intensidad del dolo, la \u00a0necesidad \u00a0de \u00a0la \u00a0pena \u00a0y \u00a0la \u00a0funci\u00f3n \u00a0que \u00a0ella \u00a0ha \u00a0de \u00a0cumplir \u00a0en el caso \u00a0concreto. \u00a0\u00a0<\/p>\n<p>As\u00ed \u00a0las \u00a0cosas, frente a los intereses \u00a0tutelados \u00a0en \u00a0la \u00a0disposici\u00f3n \u00a0penal \u00a0infringida por el procesado, su gravedad \u00a0resulta \u00a0indudable, \u00a0en \u00a0la \u00a0medida \u00a0que \u00a0el \u00a0ex \u00a0Gobernador \u00a0SALVADOR ARANA SUS \u00a0defraud\u00f3 \u00a0ostensiblemente \u00a0las \u00a0expectativas \u00a0y \u00a0la \u00a0confianza \u00a0que la sociedad \u00a0hab\u00eda \u00a0depositado en \u00e9l como hombre p\u00fablico y las que le eran enejas al cargo \u00a0que \u00a0desempe\u00f1\u00f3, \u00a0poniendo \u00a0a \u00a0su \u00a0servicio \u00a0y \u00a0al de los intereses de un grupo \u00a0armado \u00a0al \u00a0margen \u00a0de \u00a0la \u00a0ley \u00a0la \u00a0funci\u00f3n \u00a0p\u00fablica y desatendiendo m\u00ednimos \u00a0\u00e9ticos \u00a0en el ejercicio de su alta investidura, todo lo cual determina no s\u00f3lo \u00a0la \u00a0necesidad \u00a0de \u00a0una condigna sanci\u00f3n, sino adem\u00e1s, la de realizar funciones \u00a0de \u00a0prevenci\u00f3n general de la pena, se\u00f1alando que conductas relacionadas con la \u00a0corrupci\u00f3n \u00a0administrativa \u00a0como \u00a0la \u00a0ac\u00e1 juzgada merecen el mayor reproche, a \u00a0fin \u00a0de \u00a0prevenir \u00a0la \u00a0realizaci\u00f3n \u00a0de \u00a0iguales y futuros comportamientos. A su \u00a0turno, \u00a0 resulta \u00a0 igualmente \u00a0 notorio \u00a0el \u00a0da\u00f1o \u00a0causado \u00a0con \u00a0el \u00a0delito \u00a0al \u00a0Departamento \u00a0de \u00a0Sucre \u00a0y \u00a0en \u00a0especial \u00a0al \u00a0municipio \u00a0de \u00a0Santiago \u00a0de Tol\u00fa, \u00a0reflejado \u00a0en \u00a0la p\u00e9rdida efectiva de la cuantiosa suma de dinero perteneciente \u00a0al \u00a0 tesoro \u00a0 p\u00fablico, \u00a0 con \u00a0grave \u00a0deterioro \u00a0de \u00a0los \u00a0 proyectos \u00a0 destinados \u00a0 a \u00a0 solucionar \u00a0las \u00a0necesidades b\u00e1sicas de las comunidades menos favorecidas. \u00a0\u00a0<\/p>\n<p>Atendiendo \u00a0tales factores, la \u00a0 Sala \u00a0 encuentra \u00a0 razonable \u00a0 incrementar \u00a0el \u00a0l\u00edmite \u00a0 m\u00ednimo \u00a0en \u00a024 \u00a0meses, imponi\u00e9ndose al procesado \u00a0una \u00a0 \u00a0 \u00a0 \u00a0pena \u00a0 \u00a0 \u00a0 \u00a0de \u00a0 \u00a0 \u00a0 \u00a096 \u00a0meses de prisi\u00f3n o lo que es lo \u00a0mismo \u00a0 \u00a0 \u00a0 8 \u00a0a\u00f1os. \u00a0\u00a0<\/p>\n<p>La \u00a0 \u00a0 \u00a0 \u00a0multa, \u00a0 de \u00a0conformidad \u00a0 con \u00a0 la \u00a0 norma \u00a0 citada \u00a0 con \u00a0 antelaci\u00f3n, \u00a0 deber\u00e1 \u00a0 \u00a0 \u00a0 \u00a0fijarse \u00a0en \u00a0el \u00a0valor \u00a0de \u00a0lo il\u00edcitamente \u00a0apropiado \u00a0sin \u00a0que \u00a0supere \u00a0el \u00a0equivalente \u00a0a \u00a050.000 \u00a0salarios m\u00ednimos \u00a0mensuales \u00a0vigentes, y \u00a0dado \u00a0 \u00a0que \u00a0 \u00a0el \u00a0 \u00a0valor \u00a0 \u00a0de \u00a0 \u00a0lo \u00a0 \u00a0apropiado \u00a0 \u00a0fue \u00a0 \u00a0de \u00a0 \u00a0$478.669.719, \u00a0suma \u00a0que \u00a0no \u00a0excede \u00a0el monto fijado por la ley43, \u00a0por \u00a0tanto, \u00a0 la \u00a0sanci\u00f3n \u00a0pecuniaria \u00a0ser\u00e1 \u00a0de\u00a0 \u00a0$478.669.719. \u00a0\u00a0<\/p>\n<p>Se \u00a0 impondr\u00e1 \u00a0 al \u00a0 procesado \u00a0 la \u00a0inhabilitaci\u00f3n \u00a0para \u00a0el \u00a0ejercicio \u00a0de derechos y \u00a0funciones \u00a0p\u00fablicas, \u00a0por \u00a0el mismo t\u00e9rmino de la \u00a0pena \u00a0privativa \u00a0de \u00a0la \u00a0libertad. \u00a0Adicionalmente, \u00a0teniendo \u00a0en \u00a0cuenta que la \u00a0declaratoria \u00a0de \u00a0responsabilidad \u00a0penal \u00a0en contra de SALVADOR ARANA SUS, lo es \u00a0por \u00a0 el \u00a0 delito \u00a0 de \u00a0 peculado \u00a0 por \u00a0 apropiaci\u00f3n, \u00a0 el \u00a0cual \u00a0representa \u00a0detrimento \u00a0patrimonial \u00a0para \u00a0el \u00a0Estado, \u00a0corresponde \u00a0imponerle la sanci\u00f3n \u00a0constitucional \u00a0 establecida \u00a0 en \u00a0 el \u00a0inciso \u00a05\u00b0 \u00a0del \u00a0art\u00edculo \u00a0122 \u00a0de \u00a0la \u00a0Constituci\u00f3n \u00a0Pol\u00edtica \u00a0Colombiana, \u00a0es \u00a0decir, la \u00a0inhabilitaci\u00f3n \u00a0 para \u00a0 el \u00a0 ejercicio \u00a0 de \u00a0 derechos \u00a0y \u00a0funciones \u00a0p\u00fablicas \u00a0a \u00a0perpetuidad, en los t\u00e9rminos definidos por esta \u00a0Corporaci\u00f3n, \u00a0siguiendo los lineamientos de la Corte Constitucional44, o sea, \u00a0\u201cla \u00a0 prohibici\u00f3n \u00a0intemporal \u00a0para \u00a0inscribirse \u00a0como candidato a cargos de elecci\u00f3n popular, ser \u00a0elegido, \u00a0 ser \u00a0 designado \u00a0 servidor \u00a0 p\u00fablico \u00a0y \u00a0contratar \u00a0con \u00a0el \u00a0Estado, \u00a0directamente \u00a0o \u00a0por \u00a0interpuesta \u00a0persona. De los dem\u00e1s derechos pol\u00edticos no \u00a0incluidos \u00a0en la norma constitucional s\u00f3lo queda privado por el t\u00e9rmino fijado \u00a0en \u00a0 \u00a0 \u00a0 \u00a0 \u00a0el \u00a0 \u00a0 \u00a0 \u00a0 \u00a0fallo\u201d. \u00a0 45 \u00a0\u00a0<\/p>\n<p>Determinaci\u00f3n \u00a0de \u00a0la \u00a0responsabilidad \u00a0civil. \u00a0\u00a0<\/p>\n<p>De conformidad con el art\u00edculo 56 de la \u00a0Ley \u00a0600 \u00a0de 2000, en todo proceso penal en que se haya demostrado la existencia \u00a0de \u00a0perjuicios \u00a0provenientes \u00a0de \u00a0la conducta investigada, el juez condenar\u00e1 al \u00a0responsable al pago de los da\u00f1os ocasionados con el delito. \u00a0\u00a0<\/p>\n<p>As\u00ed \u00a0 mismo, \u00a0 se\u00f1ala \u00a0 la \u00a0 citada \u00a0disposici\u00f3n \u00a0que \u00a0no hay lugar a condena de tal naturaleza cuando se establezca \u00a0que \u00a0el \u00a0perjudicado \u00a0ha \u00a0promovido \u00a0en forma independiente del proceso penal la \u00a0respectiva \u00a0 \u00a0 \u00a0acci\u00f3n \u00a0 \u00a0 \u00a0civil. \u00a0 \u00a0 \u00a0Tambi\u00e9n \u00a0 \u00a0 se \u00a0 \u00a0 dispone, \u00a0 que \u00a0 el \u00a0fallo \u00a0debe \u00a0contener \u00a0pronunciamiento \u00a0sobre \u00a0las \u00a0expensas, \u00a0las \u00a0costas judiciales y las agencias en \u00a0derecho, si a ello hubiere lugar. \u00a0\u00a0<\/p>\n<p>Como \u00a0es \u00a0evidente \u00a0en \u00a0este \u00a0caso, \u00a0el \u00a0comportamiento \u00a0delictual \u00a0de \u00a0peculado \u00a0por \u00a0apropiaci\u00f3n \u00a0ocasion\u00f3 \u00a0menoscabo \u00a0econ\u00f3mico \u00a0a \u00a0la \u00a0administraci\u00f3n \u00a0departamental de \u00a0Sucre \u00a0 \u00a0\u2013cuenta \u00a0especial \u00a0 de \u00a0 regal\u00edas \u00a0 directas \u00a0municipio \u00a0Santiago \u00a0de \u00a0Tol\u00fa-, \u00a0la \u00a0Sala \u00a0 \u00a0 \u00a0 condenar\u00e1 \u00a0 \u00a0 \u00a0al \u00a0 \u00a0 \u00a0procesado \u00a0a \u00a0pagar \u00a0a \u00a0la \u00a0tesorer\u00eda \u00a0de la gobernaci\u00f3n del citado ente \u00a0territorial, \u00a0 \u00a0la \u00a0suma \u00a0 il\u00edcitamente \u00a0apropiada \u00a0 \u00a0y \u00a0 que \u00a0 no \u00a0 ha \u00a0 sido \u00a0 restituida, \u00a0 es \u00a0 decir, \u00a0 $478.669.719, \u00a0debidamente \u00a0indexada a la fecha \u00a0en que se efect\u00fae el pago correspondiente. \u00a0\u00a0<\/p>\n<p>4.6.- De los \u00a0mecanismos \u00a0 sustitutivos \u00a0de \u00a0la \u00a0pena \u00a0privativa \u00a0de \u00a0la \u00a0libertad. \u00a0\u00a0<\/p>\n<p>Como \u00a0quiera \u00a0que \u00a0la \u00a0pena \u00a0principal \u00a0a \u00a0 imponer \u00a0supera \u00a0los \u00a0tres (3) \u00a0a\u00f1os de prisi\u00f3n, el \u00a0procesado \u00a0ARANA \u00a0SUS \u00a0no \u00a0tiene \u00a0derecho \u00a0a \u00a0la \u00a0suspensi\u00f3n condicional de la ejecuci\u00f3n de la pena (art\u00edculo \u00a0 \u00a0 63 \u00a0 \u00a0de \u00a0 \u00a0 \u00a0 la \u00a0 \u00a0 \u00a0 Ley \u00a0599 \u00a0de \u00a02000), \u00a0habida \u00a0consideraci\u00f3n \u00a0que no se cumple con el presupuesto objetivo \u00a0que habilita a la concesi\u00f3n del subrogado. \u00a0\u00a0<\/p>\n<p>En \u00a0torno a la procedencia del sustituto \u00a0de \u00a0la \u00a0prisi\u00f3n \u00a0domiciliaria, \u00a0de \u00a0conformidad con el art\u00edculo 38 del C\u00f3digo \u00a0Penal, \u00a0 \u00e9sta \u00a0 se \u00a0 otorga \u00a0 cuando \u00a0concurren \u00a0los \u00a0siguientes \u00a0presupuestos: \u00a0(i) \u00a0 Que \u00a0la \u00a0sentencia \u00a0se \u00a0imponga \u00a0por \u00a0delitos \u00a0cuya \u00a0pena \u00a0m\u00ednima \u00a0prevista \u00a0en \u00a0la \u00a0ley \u00a0sea \u00a0de \u00a0cinco \u00a0a\u00f1os \u00a0de \u00a0prisi\u00f3n \u00a0o \u00a0menos; \u00a0 y \u00a0(ii) \u00a0Que \u00a0 el \u00a0 desempe\u00f1o \u00a0personal, \u00a0laboral, \u00a0familiar \u00a0o \u00a0social \u00a0del \u00a0sentenciado, \u00a0permita el pron\u00f3stico serio, fundado y motivado, en el sentido de \u00a0ausencia \u00a0de \u00a0peligro \u00a0para \u00a0la \u00a0comunidad \u00a0y de garant\u00eda de cumplimiento de la \u00a0pena. \u00a0\u00a0<\/p>\n<p>En \u00a0 el \u00a0presente \u00a0caso, \u00a0la \u00a0Sala considera que en el presente \u00a0caso \u00a0no \u00a0se \u00a0dan \u00a0los \u00a0presupuestos previstos en el \u00a0art\u00edculo \u00a038 \u00a0citado, toda vez que el delito \u00a0de peculado por apropiaci\u00f3n \u00a0supera \u00a0la \u00a0cuant\u00eda de doscientos salarios m\u00ednimos legales mensuales vigentes, \u00a0cuya \u00a0pena \u00a0de \u00a0prisi\u00f3n \u00a0parte \u00a0de \u00a0seis (6) a\u00f1os, circunstancia que, de paso, \u00a0torna \u00a0inane \u00a0cualquier \u00a0an\u00e1lisis \u00a0respecto de la concurrencia o no del aspecto \u00a0subjetivo \u00a0indispensable para la otorgar el sustituto de la prisi\u00f3n intramural. \u00a0\u00a0<\/p>\n<p>Finalmente, \u00a0 como \u00a0 la \u00a0 jurisprudencia \u00a0 \u00a0de \u00a0 \u00a0la \u00a0 Sala46 \u00a0tiene \u00a0establecido \u00a0que \u00a0la \u00a0 \u00a0 Ley \u00a0 \u00a0 906 \u00a0 \u00a0de \u00a0 \u00a02004 \u00a0 \u00a0asigna \u00a0a \u00a0los \u00a0jueces \u00a0de \u00a0ejecuci\u00f3n \u00a0de \u00a0penas \u00a0y \u00a0medidas \u00a0de \u00a0seguridad \u00a0la competencia para conocer de la fase de ejecuci\u00f3n del fallo cuando \u00a0se \u00a0trate \u00a0de condenados que gozan de fuero constitucional o legal, asignando la \u00a0segunda \u00a0 instancia \u00a0 al \u00a0 respectivo \u00a0juez \u00a0de \u00a0conocimiento, \u00a0se \u00a0dispondr\u00e1 \u00a0remitir \u00a0el \u00a0proceso \u00a0al \u00a0reparto \u00a0de los Juzgados de \u00a0Ejecuci\u00f3n \u00a0de \u00a0Penas y \u00a0Medidas \u00a0de \u00a0Seguridad \u00a0correspondiente. \u00a0\u00a0<\/p>\n<p>OTRAS DETERMINACIONES \u00a0<\/p>\n<p>Como \u00a0quiera \u00a0que \u00a0de \u00a0los \u00a0medios \u00a0de \u00a0convicci\u00f3n \u00a0allegados, \u00a0de manera especial en la etapa del juicio, se evidencia \u00a0la \u00a0posible participaci\u00f3n en estos hechos de contratistas, servidores p\u00fablicos \u00a0y \u00a0particulares \u00a0(el \u00a0abogado Gabriel Alberto Angulo \u00a0Hern\u00e1ndez), \u00a0respecto \u00a0de \u00a0los cuales no se tiene certeza que la Fiscal\u00eda haya \u00a0adelantado \u00a0la \u00a0correspondiente \u00a0investigaci\u00f3n, \u00a0as\u00ed \u00a0como \u00a0si \u00a0en \u00a0virtud del \u00a0proceso \u00a0de \u00a0reestructuraci\u00f3n \u00a0de \u00a0pasivos, \u00a0el \u00a0municipio de Santiago de Tol\u00fa \u00a0volvi\u00f3 \u00a0a pagar el valor de los 15 contratos mencionados en este asunto, raz\u00f3n \u00a0por \u00a0la \u00a0cual \u00a0se \u00a0dispondr\u00e1 \u00a0expedir \u00a0copia de esta decisi\u00f3n con destino a la \u00a0Fiscal\u00eda \u00a0General \u00a0de \u00a0la \u00a0Naci\u00f3n, Direcci\u00f3n Nacional de Fiscal\u00edas, a fin de \u00a0que \u00a0se \u00a0verifique lo pertinente y si es del caso se adelante la correspondiente \u00a0investigaci\u00f3n.\u00a0\u00a0\u00a0\u00a0\u00a0\u00a0\u00a0 \u00a0\u00a0<\/p>\n<p>En m\u00e9rito a lo expuesto, la CORTE \u00a0SUPREMA \u00a0DE \u00a0JUSTICIA, SALA DE CASACI\u00d3N PENAL, \u00a0administrando \u00a0justicia \u00a0en \u00a0nombre \u00a0de \u00a0la \u00a0Rep\u00fablica \u00a0y por \u00a0autoridad de la ley, \u00a0\u00a0<\/p>\n<p>RESUELVE: \u00a0<\/p>\n<p>PRIMERO: \u00a0 \u00a0 \u00a0 \u00a0 \u00a0 \u00a0DECLARAR \u00a0 penalmente \u00a0 responsable \u00a0a \u00a0SALVADOR ARANA SUS, \u00a0de \u00a0condiciones \u00a0civiles \u00a0y personales conocidas en \u00a0el \u00a0proceso, \u00a0a t\u00edtulo \u00a0de \u00a0coautor \u00a0del delito \u00a0de \u00a0 \u00a0peculado \u00a0 \u00a0por \u00a0 \u00a0apropiaci\u00f3n \u00a0 \u00a0 \u00a0 \u00a0 definido \u00a0en \u00a0el \u00a0art\u00edculo \u00a0397, \u00a0a favor de terceros \u2013las \u00a0 \u00a0 \u00a0Autodefensas \u00a0 \u00a0 \u00a0Unidas \u00a0 \u00a0 \u00a0de \u00a0 \u00a0 \u00a0Colombia \u00a0 \u00a0 AUC-, \u00a0comportamiento \u00a0 \u00a0 \u00a0realizado \u00a0 \u00a0 cuando \u00a0 \u00a0 se \u00a0desempe\u00f1\u00f3 \u00a0 como \u00a0Gobernador \u00a0 \u00a0 \u00a0del \u00a0 \u00a0 Departamento \u00a0 de \u00a0Sucre, \u00a0conforme \u00a0a las \u00a0circunstancias \u00a0 \u00a0de \u00a0 \u00a0tiempo, \u00a0 \u00a0modo \u00a0 \u00a0y \u00a0 \u00a0lugar \u00a0 \u00a0precisadas \u00a0 \u00a0en \u00a0 esta \u00a0decisi\u00f3n. \u00a0\u00a0<\/p>\n<p>SEGUNDO: \u00a0 \u00a0 CONDENAR, \u00a0 en \u00a0 consecuencia, \u00a0a \u00a0SALVADOR \u00a0ARANA SUS, a \u00a0 la \u00a0 pena \u00a0 principal \u00a0 de \u00a0 de \u00a0NOVENTA \u00a0 \u00a0 Y \u00a0 \u00a0 SEIS \u00a0 \u00a0 (96) \u00a0 \u00a0 MESES \u00a0 \u00a0de \u00a0 prisi\u00f3n, \u00a0 \u00a0inhabilitaci\u00f3n \u00a0 para \u00a0el \u00a0ejercicio \u00a0de \u00a0derechos \u00a0y \u00a0funciones \u00a0p\u00fablicas por \u00a0el \u00a0 \u00a0 mismo \u00a0 \u00a0 t\u00e9rmino, \u00a0 \u00a0 y \u00a0 \u00a0multa \u00a0por \u00a0valor \u00a0de \u00a0$478.669.719, \u00a0la \u00a0cual deber\u00e1 consignar a nombre del Consejo Superior de la \u00a0Judicatura \u00a0 seg\u00fan \u00a0 lo \u00a0 previsto \u00a0en \u00a0el \u00a0art\u00edculo \u00a042 \u00a0de \u00a0la \u00a0Ley \u00a0599 \u00a0de \u00a02000. \u00a0\u00a0<\/p>\n<p>La \u00a0sanci\u00f3n \u00a0de \u00a0 inhabilitaci\u00f3n \u00a0 de \u00a0 derechos \u00a0y \u00a0funciones \u00a0p\u00fablicas \u00a0opera \u00a0a \u00a0perpetuidad \u00a0en \u00a0relaci\u00f3n los \u00a0derechos \u00a0a \u00a0inscribirse como candidato a cargos de \u00a0elecci\u00f3n \u00a0popular, ser elegido, ser designado servidor p\u00fablico y contratar con \u00a0el \u00a0Estado, \u00a0directamente o por interpuesta persona, \u00a0de \u00a0conformidad \u00a0con lo \u00a0establecido \u00a0 en \u00a0 el \u00a0inciso \u00a05\u00ba \u00a0del \u00a0art\u00edculo \u00a0122 \u00a0de la Constituci\u00f3n Pol\u00edtica, de acuerdo \u00a0con \u00a0lo \u00a0puntualizado en la \u00a0parte considerativa de esta providencia. \u00a0\u00a0<\/p>\n<p>TERCERO: \u00a0 \u00a0 \u00a0 \u00a0DECLARAR \u00a0que \u00a0SALVADOR ARANA SUS \u00a0no \u00a0tiene derecho a la suspensi\u00f3n \u00a0condicional \u00a0 \u00a0de \u00a0 \u00a0la \u00a0 \u00a0ejecuci\u00f3n \u00a0 \u00a0de \u00a0 \u00a0la \u00a0pena, \u00a0ni al sustituto de la prisi\u00f3n domiciliaria, \u00a0acorde \u00a0con lo expuesto \u00a0en el cuerpo de esta sentencia. \u00a0\u00a0<\/p>\n<p>CUARTO: \u00a0 \u00a0 \u00a0 \u00a0 \u00a0 \u00a0CONDENAR \u00a0 \u00a0 \u00a0 \u00a0 al se\u00f1or \u00a0SALVADOR \u00a0 ARANA \u00a0SUS \u00a0a \u00a0pagar \u00a0a favor de la \u00a0Gobernaci\u00f3n \u00a0de Sucre, cuenta especial de regal\u00edas \u00a0directas \u00a0 municipio \u00a0de \u00a0Santiago \u00a0de \u00a0Tol\u00fa, \u00a0por \u00a0concepto \u00a0de \u00a0indemnizaci\u00f3n \u00a0de perjuicios materiales, la suma de $478.669.719, \u00a0debidamente \u00a0indexada a la fecha en que se efect\u00fae \u00a0el pago correspondiente. \u00a0\u00a0<\/p>\n<p>QUINTO: \u00a0 \u00a0 \u00a0 \u00a0 \u00a0 \u00a0EXPEDIR \u00a0 copias \u00a0 de \u00a0la \u00a0presente \u00a0decisi\u00f3n \u00a0con destino a la Fiscal\u00eda General de la Naci\u00f3n, Direcci\u00f3n Nacional \u00a0de \u00a0 Fiscal\u00edas, \u00a0para \u00a0los \u00a0fines \u00a0se\u00f1alados \u00a0en \u00a0la \u00a0motivaci\u00f3n \u00a0precedente. \u00a0\u00a0<\/p>\n<p>SEXTO: LIBRAR \u00a0por la Secretar\u00eda de la Sala las comunicaciones de \u00a0rigor \u00a0 a \u00a0 las \u00a0 autoridades \u00a0competentes, \u00a0seg\u00fan \u00a0lo \u00a0 normado \u00a0 por \u00a0el \u00a0art\u00edculo \u00a0472 de la Ley 600 de 2000. \u00a0\u00a0<\/p>\n<p>S\u00c9PTIMO: \u00a0 \u00a0 \u00a0 \u00a0 COMUNICAR \u00a0esta \u00a0decisi\u00f3n a la Sala \u00a0Administrativa \u00a0 \u00a0del \u00a0 \u00a0Consejo \u00a0 \u00a0Superior \u00a0 \u00a0de \u00a0 la \u00a0 Judicatura \u00a0 y \u00a0a \u00a0la \u00a0Tesorer\u00eda \u00a0del \u00a0Departamento \u00a0de \u00a0Sucre, \u00a0 para \u00a0 efecto \u00a0 del \u00a0 recaudo \u00a0 de \u00a0 la \u00a0 multa \u00a0y \u00a0 \u00a0 \u00a0 la \u00a0 \u00a0 \u00a0condena \u00a0 \u00a0 \u00a0de \u00a0 \u00a0 \u00a0perjuicios \u00a0 \u00a0 \u00a0impuesta. \u00a0\u00a0<\/p>\n<p>OCTAVO: \u00a0En \u00a0firme \u00a0esta \u00a0providencia, \u00a0rem\u00edtase \u00a0la \u00a0actuaci\u00f3n al Juzgado de Ejecuci\u00f3n de \u00a0Penas \u00a0y \u00a0Medidas de Seguridad que corresponda, para lo de su cargo. \u00a0\u00a0<\/p>\n<p>Contra \u00a0esta \u00a0providencia \u00a0no \u00a0procede \u00a0recurso alguno. \u00a0\u00a0<\/p>\n<p>Notif\u00edquese \u00a0y \u00a0c\u00famplase. \u00a0\u00a0<\/p>\n<p>JOS\u00c9 LEONIDAS BUSTOS MART\u00cdNEZ \u00a0<\/p>\n<p>JOS\u00c9 \u00a0 \u00a0 LUIS \u00a0 \u00a0 BARCEL\u00d3 \u00a0CAMACHO\u00a0\u00a0\u00a0\u00a0\u00a0\u00a0\u00a0\u00a0\u00a0\u00a0\u00a0\u00a0\u00a0\u00a0\u00a0 \u00a0FERNANDO \u00a0 \u00a0 ALBERTO \u00a0 \u00a0 CASTRO \u00a0 \u00a0 CABALLERO \u00a0\u00a0<\/p>\n<p>MARIA \u00a0 \u00a0DEL \u00a0 \u00a0ROSARIO \u00a0 \u00a0GONZ\u00c1LEZ \u00a0MU\u00d1\u00d3Z\u00a0\u00a0 \u00a0 \u00a0 \u00a0 \u00a0 \u00a0 \u00a0 \u00a0 \u00a0 \u00a0\u00a0\u00a0\u00a0\u00a0\u00a0\u00a0 \u00a0 \u00a0 GUSTAVO \u00a0ENRIQUE MALO FERN\u00c1NDEZ \u00a0\u00a0<\/p>\n<p>LUIS GUILLERMO SALAZAR OTERO \u00a0 \u00a0 \u00a0\u00a0 \u00a0 \u00a0 \u00a0 \u00a0\u00a0 \u00a0 \u00a0 \u00a0 \u00a0 \u00a0 \u00a0 \u00a0 \u00a0 \u00a0\u00a0 \u00a0\u00a0JAVIER ZAPATA ORTIZ \u00a0\u00a0<\/p>\n<p>NUBIA YOLANDA NOVA GARC\u00cdA \u00a0<\/p>\n<p>Secretaria \u00a0 \u00a0<\/p>\n<p>1 \u00a0Folios \u00a0 \u00a061 \u00a0 \u00a0 \u2013 \u00a064, \u00a0cuaderno anexo \u00a02. \u00a0La indagatoria fue recibida por la Fiscal\u00eda a solicitud \u00a0del \u00a0 procesado, \u00a0 el \u00a0 22 \u00a0 de \u00a0 enero \u00a0 de \u00a0 2009, \u00a0 folios \u00a0135 \u00a0\u2013 \u00a0 149 \u00a0 anexo \u00a03.\u00a0\u00a0\u00a0 \u00a0\u00a0<\/p>\n<p>2 \u00a0Folios \u00a0 75 \u00a0 y \u00a0 siguientes, \u00a0 cuaderno \u00a0 anexo \u00a02. \u00a0\u00a0<\/p>\n<p>3 \u00a0Folios \u00a0257 cuaderno anexo 3. \u00a0\u00a0<\/p>\n<p>4 \u00a0Folios \u00a0105 \u2013 \u00a0 \u00a0 \u00a0 \u00a0 \u00a0 \u00a0137 \u00a0 \u00a0 \u00a0cuaderno \u00a0 \u00a0 \u00a0anexo 4. \u00a0\u00a0<\/p>\n<p>5 \u00a0Folios \u00a0277 \u2013 \u00a0 \u00a0 \u00a0 303 \u00a0 \u00a0 \u00a0 cuaderno \u00a0 \u00a0 \u00a01.\u00a0 \u00a0\u00a0<\/p>\n<p>6 \u00a0Folios \u00a02 \u00a0\u2013 18 cuaderno \u00a02. \u00a0\u00a0<\/p>\n<p>7 \u00a0Folios \u00a0 \u00a0 \u00a0 \u00a0 \u00a0 134 \u00a0 \u00a0 \u00a0 \u00a0 \u00a0 \u2013 \u00a0 \u00a0252 \u00a0 \u00a0cuaderno \u00a0 1 \u00a0 de \u00a0 la \u00a0Corte. \u00a0\u00a0<\/p>\n<p>8 \u00a0Folio 46, cuaderno 3. \u00a0\u00a0<\/p>\n<p>9 \u00a0Folios \u00a0165 \u2013 \u00a0 \u00a0 \u00a0 \u00a0 \u00a0 178 \u00a0 \u00a0 \u00a0cuaderno \u00a0 \u00a0 \u00a02.\u00a0 \u00a0\u00a0<\/p>\n<p>10 \u00a0Folios \u00a0179 \u00a0\u2013 \u00a0195 \u00a0id. \u00a0\u00a0<\/p>\n<p>11 \u00a0Folios \u00a0271 \u2013 \u00a0 \u00a0 \u00a0 \u00a0 \u00a0 \u00a0279 id. \u00a0\u00a0<\/p>\n<p>12 \u00a0Folios \u00a01 \u00a0\u2013 \u00a010 \u00a0cuaderno 3.\u00a0 \u00a0\u00a0<\/p>\n<p>13 \u00a0Folios \u00a0 66 \u00a0 \u00a0\u2013 \u00a074 \u00a0 \u00a0 \u00a0 \u00a0 \u00a0cuaderno \u00a0 \u00a0 \u00a0 \u00a0 \u00a03. \u00a0\u00a0<\/p>\n<p>14 \u00a0Folios \u00a075 \u2013 80 cuaderno 3. \u00a0\u00a0<\/p>\n<p>15 \u00a0Record \u00a0 04\u201920\u2019\u2019 \u00a0 \u00a0 \u00a0 a \u00a0 \u00a0 \u00a0 59\u201900\u2019\u2019 CD \u00a03 \u00a0 \u00a0de \u00a0 \u00a0audiencia \u00a0p\u00fablica \u00a0\u00a0<\/p>\n<p>16 \u00a0Record \u00a0 \u00a0 \u00a0 \u00a0 \u00a0 \u00a0 \u00a0 \u00a01h01\u201920\u2019\u2019 \u00a0 \u00a0 \u00a0a \u00a0 \u00a0 1h33\u201910\u2019\u2019 \u00a0 \u00a0CD \u00a0 \u00a03 \u00a0 \u00a0de \u00a0 \u00a0audiencia \u00a0p\u00fablica \u00a0\u00a0<\/p>\n<p>17 \u00a0Record \u00a007\u201940\u2019\u2019 a \u00a057\u201920\u2019\u2019 CD \u00a04 \u00a0de \u00a0audiencia p\u00fablica. \u00a0\u00a0<\/p>\n<p>18 \u00a0Record \u00a0 \u00a0 \u00a0 \u00a0 \u00a0 \u00a0 \u00a0 01h01\u201910\u2019\u2019 \u00a0 \u00a0 a \u00a0 \u00a0 02h02\u201925\u2019\u2019 \u00a0 \u00a0CD \u00a0 \u00a04 \u00a0 \u00a0de \u00a0 \u00a0audiencia \u00a0p\u00fablica. \u00a0\u00a0<\/p>\n<p>19 \u00a0Ley 600 de 2000 \u00a0\u00a0<\/p>\n<p>20 \u00a0Folios \u00a0 \u00a0 \u00a0 \u00a0 \u00a0 234 \u00a0 \u00a0 \u00a0 \u00a0 \u00a0 \u2013 \u00a0 \u00a0236 \u00a0 \u00a0cuaderno \u00a0 anexos \u00a0 2. \u00a0\u00a0<\/p>\n<p>21 \u00a0Folio \u00a041 \u2013 43 cuaderno anexo 1. \u00a0\u00a0<\/p>\n<p>22 \u00a0Datos \u00a0 obtenidos \u00a0de \u00a0los \u00a0comprobantes \u00a0de \u00a0pago \u00a0elaborados \u00a0por la Tesorer\u00eda Departamental de Sucre, folios 21, 44, 61, 67, 74, \u00a082, 89, 96, 103, 110, 117, 124, 131, 138, y 145, anexo 1. \u00a0\u00a0<\/p>\n<p>23 \u00a0Cfr. \u00a0Cl\u00e1usulas \u00a0primera \u00a0y \u00a0quinta \u00a0de \u00a0todos los \u00a0contratos. \u00a0\u00a0<\/p>\n<p>24 \u00a0Folios 263 y 264 anexo 11. \u00a0\u00a0<\/p>\n<p>25 \u00a0Corte Constitucional C-1143 de 2001. \u00a0\u00a0<\/p>\n<p>26 \u00a0Folio 255 anexo 11 y 214 anexo 9, respectivamente. \u00a0\u00a0<\/p>\n<p>27 \u00a0Folios \u00a0 222 \u00a0\u2013 \u00a0224 \u00a0anexo \u00a09, \u00a0y \u00a065 \u00a0\u2013 67 \u00a0anexo 10. \u00a0\u00a0<\/p>\n<p>28 \u00a0El \u00a0 art\u00edculo \u00a0 34 \u00a0 de \u00a0 la \u00a0 Ley \u00a0 550 \u00a0 de \u00a0 1999, \u00a0prev\u00e9: \u00a0\u201cEFECTOS \u00a0 \u00a0DEL \u00a0 ACUERDO \u00a0 DE \u00a0 REESTRUCTURACI\u00d3N. \u00a0 Como \u00a0consecuencia \u00a0de \u00a0la \u00a0funci\u00f3n \u00a0social \u00a0de \u00a0la \u00a0empresa los \u00a0acuerdos \u00a0de \u00a0reestructuraci\u00f3n \u00a0celebrados \u00a0en \u00a0los \u00a0t\u00e9rminos \u00a0previstos en la \u00a0presente \u00a0 ley \u00a0 ser\u00e1n \u00a0 de \u00a0obligatorio \u00a0cumplimiento \u00a0para \u00a0el \u00a0empresario \u00a0o \u00a0empresarios \u00a0respectivos \u00a0y \u00a0para todos los acreedores internos y externos de la \u00a0empresa, \u00a0incluyendo \u00a0a \u00a0quienes \u00a0no \u00a0hayan \u00a0participado \u00a0en la negociaci\u00f3n del \u00a0acuerdo \u00a0o \u00a0que, \u00a0habi\u00e9ndolo \u00a0hecho, no hayan consentido en \u00e9l, y tendr\u00e1n los \u00a0siguientes \u00a0 efectos \u00a0 legales: \u00a0 \u2026 \u00a02. \u00a0El \u00a0levantamiento de las medidas \u00a0cautelares \u00a0 vigentes, \u00a0 con \u00a0 excepci\u00f3n \u00a0de \u00a0las \u00a0practicadas \u00a0por \u00a0la \u00a0DIAN, \u00a0salvo \u00a0que \u00a0\u00e9sta \u00a0consienta \u00a0en \u00a0su levantamiento, \u00a0y \u00a0la \u00a0terminaci\u00f3n \u00a0de \u00a0los procesos ejecutivos en \u00a0curso \u00a0 iniciados \u00a0 por \u00a0 los \u00a0 acreedores \u00a0 contra \u00a0 el \u00a0empresario. \u00a0Durante \u00a0la \u00a0vigencia \u00a0del acuerdo, el acreedor que cuente con \u00a0garant\u00edas \u00a0constituidas \u00a0por \u00a0terceros y haya optado por ser parte del acuerdo, \u00a0no \u00a0podr\u00e1 \u00a0iniciar \u00a0ni \u00a0continuar \u00a0procesos \u00a0de cobro contra los codeudores del \u00a0empresario, \u00a0a \u00a0menos que su exigibilidad sea prevista en el acuerdo sin el voto \u00a0del \u00a0acreedor \u00a0garantizado. \u00a0Esta \u00a0restricci\u00f3n \u00a0es \u00a0aplicable s\u00f3lo al cobro de \u00a0acreencias \u00a0que \u00a0est\u00e1n \u00a0contempladas \u00a0en \u00a0el acuerdo y que se relacionen con la \u00a0empresa\u201d. \u00a0\u00a0<\/p>\n<p>29 \u00a0Folios \u00a0 137 \u00a0anexo \u00a011 \u00a0y \u00a091 \u00a0a \u00a0104 \u00a0anexo \u00a014. \u00a0\u00a0<\/p>\n<p>30 \u00a0Folios \u00a0 \u00a0 \u00a0 \u00a0 \u00a0 66 \u00a0 \u00a0 \u00a0 \u00a0 \u00a0 \u2013 74 cuaderno 3. \u00a0\u00a0<\/p>\n<p>31 \u00a0Folios 1-3 cuaderno anexo 16. \u00a0\u00a0<\/p>\n<p>32 \u00a0Funcionario \u00a0adscrito \u00a0a \u00a0la \u00a0Secretar\u00eda Privada y \u00a0designado por el Gobernador para el manejo de las regal\u00edas.\u00a0 \u00a0\u00a0<\/p>\n<p>33 \u00a0Se \u00a0transcribe la resoluci\u00f3n No. 0674 de 4 de mayo \u00a0de \u00a02001, \u00a0correspondiente \u00a0al \u00a0contrato \u00a0No \u00a0153-OC-MST-11-95, \u00a0cuyo \u00a0texto \u00a0es \u00a0id\u00e9ntico \u00a0a \u00a0las \u00a0otras \u00a014 \u00a0resoluciones \u00a0expedidas \u00a0respecto \u00a0de \u00a0los \u00a0dem\u00e1s \u00a0contratos \u00a0se\u00f1alados \u00a0en este asunto, en las cuales cambia solamente el n\u00famero \u00a0de \u00a0resoluci\u00f3n, \u00a0del \u00a0contrato \u00a0respectivo, su valor, el nombre del contratista \u00a0inicial, \u00a0y \u00a0en \u00a0algunas \u00a0la \u00a0fecha \u00a0de \u00a0expedici\u00f3n. \u00a0Tales \u00a0resoluciones \u00a0y la \u00a0documentaci\u00f3n \u00a0allegada a la Gobernaci\u00f3n para el nuevo pago de los mencionados \u00a0contratos se halla contenida en el anexo 16.\u00a0 \u00a0\u00a0<\/p>\n<p>34 \u00a0Folios \u00a0 75 \u00a0 \u2013 \u00a080 \u00a0cuaderno 3. \u00a0\u00a0<\/p>\n<p>35 \u00a0Folio \u00a0 202 \u00a0\u2013 \u00a0203, \u00a0cuaderno de anexos 6. \u00a0\u00a0<\/p>\n<p>36 \u00a0Folio 170 cuaderno 2. \u00a0\u00a0<\/p>\n<p>37 \u00a0CD \u00a0 \u00a0 \u00a01 \u00a0 \u00a0 \u00a0de \u00a0 \u00a0 \u00a0audiencia \u00a0 \u00a0 \u00a0p\u00fablica, \u00a0 \u00a0 \u00a0record \u00a0 \u00a0 1.33\u201900 \u00a0\u00a0<\/p>\n<p>38 \u00a0CD \u00a0 \u00a0 2 \u00a0 \u00a0 de \u00a0 \u00a0 la \u00a0 \u00a0 audiencia \u00a0 \u00a0 p\u00fablica, \u00a0 \u00a0record \u00a0 \u00a01.03\u201900. \u00a0\u00a0<\/p>\n<p>39 \u00a0Sentencia de \u00fanica instancia del 3 de diciembre de \u00a02009, \u00a0radicado \u00a032672, \u00a0proferida \u00a0contra \u00a0el \u00a0ex Gobernador de Sucre, SALVADOR \u00a0ARANA \u00a0SUS, \u00a0por los delitos de concierto para delinquir agravado (para promover \u00a0grupos \u00a0armados al margen de la ley), desaparici\u00f3n forzada agravada y homicidio \u00a0agravado. \u00a0\u00a0<\/p>\n<p>40 \u00a0La \u00a0Econom\u00eda \u00a0de \u00a0Guerra \u00a0Paramilitar: \u00a0Una \u00a0Aproximaci\u00f3n \u00a0a \u00a0sus \u00a0Fuentes \u00a0de \u00a0Financiaci\u00f3n., \u00a0 por \u00a0 Carlos \u00a0 Medina \u00a0Gallego, \u00a0Docente \u00a0Investigador \u00a0de \u00a0la \u00a0Universidad \u00a0 \u00a0Nacional, \u00a0 en \u00a0 la \u00a0 p\u00e1gina \u00a0 web. \u00a0 www.scielo.unal.edu.co\/scielo.php?script=sci_arttext&amp;pid&#8230;es. \u00a0\u00a0<\/p>\n<p>En el mismo sentido GARAY Salamanca Luis \u00a0Jorge, \u00a0 Eduardo \u00a0Salcedo-Albar\u00e1n, \u00a0otros. \u00a0La \u00a0reconfiguraci\u00f3n \u00a0cooptada \u00a0del \u00a0Estado: \u00a0M\u00e1s \u00a0all\u00e1 \u00a0de \u00a0la \u00a0concepci\u00f3n \u00a0tradicional de captura econ\u00f3mica del \u00a0Estado. Versi\u00f3n electr\u00f3nica disponible en: \u00a0\u00a0<\/p>\n<p><a href=\"http:\/\/www.transpareciacolombia.otg.co\/Portals\/0\/Captura%20%del%20Estad.pdf.\u00a0\u00a0   \">http:\/\/www.transpareciacolombia.otg.co\/Portals\/0\/Captura%20%del%20Estad.pdf.\u00a0\u00a0   <\/a><\/p>\n<p>41 \u00a0Sentencia \u00a0del \u00a03 \u00a0de \u00a0diciembre \u00a0de 2009, radicado \u00a032672. \u00a0\u00a0<\/p>\n<p>42 \u00a0En \u00a0este \u00a0caso la acusaci\u00f3n se realiz\u00f3 sin tener en cuenta la Ley 890 de 2004, \u00a0por \u00a0cuanto, \u00a0como \u00a0es obvio, para la \u00e9poca de los \u00a0hechos \u00a0 dicha \u00a0 normatividad \u00a0 a\u00fan \u00a0 no \u00a0 hab\u00eda \u00a0sido \u00a0expedida.\u00a0 \u00a0\u00a0<\/p>\n<p>43 \u00a0$14.300.000.000, \u00a0resultantes \u00a0de \u00a0multiplicar $286.000, salario m\u00ednimo vigente \u00a0en el a\u00f1o 2001, por 50.000. \u00a0\u00a0<\/p>\n<p>44 \u00a0Sentencia C-652 de 2003. \u00a0\u00a0<\/p>\n<p>45 \u00a0Casaci\u00f3n del 19 de junio de 2013, radicaci\u00f3n 36511. \u00a0\u00a0<\/p>\n<p>46 \u00a0Auto \u00a0 \u00a0\u00danica \u00a0 \u00a0instancia \u00a0 \u00a0del \u00a0 31 \u00a0 de \u00a0 enero \u00a0de \u00a02006, \u00a0radicado \u00a06989. \u00a0 \u00a0\u00a0<\/p>\n<p><\/p>\n","protected":false},"excerpt":{"rendered":"<p>\u00a0 \u00a0 CORTE SUPREMA DE JUSTICIA \u00a0 SALA DE CASACI\u00d3N PENAL \u00a0 \u00a0 \u00a0\u00a0 \u00a0\u00a0 \u00a0\u00a0 \u00a0 \u00a0 \u00a0\u00a0 \u00a0\u00a0 \u00a0\u00a0 \u00a0\u00a0 \u00a0\u00a0 \u00a0 \u00a0 \u00a0\u00a0 Magistrado Ponente: \u00a0 JAVIER ZAPATA ORTIZ \u00a0 Aprobado \u00a0 \u00a0Acta \u00a0 \u00a0No. \u00a0 \u00a0302 \u00a0\u00a0 \u00a0 \u00a0\u00a0 \u00a0\u00a0 \u00a0\u00a0Bogot\u00e1 \u00a0D. \u00a0C., \u00a0septiembre once (11) de \u00a0dos trece (2013) \u00a0\u00a0 [&hellip;]<\/p>\n","protected":false},"author":1,"featured_media":0,"comment_status":"open","ping_status":"open","sticky":false,"template":"","format":"standard","meta":{"footnotes":""},"categories":[21],"tags":[],"class_list":["post-25483","post","type-post","status-publish","format-standard","hentry","category-21"],"_links":{"self":[{"href":"https:\/\/dmsjuridica.com\/buscador_20179478954\/salapenalcronologico20230723\/wp-json\/wp\/v2\/posts\/25483","targetHints":{"allow":["GET"]}}],"collection":[{"href":"https:\/\/dmsjuridica.com\/buscador_20179478954\/salapenalcronologico20230723\/wp-json\/wp\/v2\/posts"}],"about":[{"href":"https:\/\/dmsjuridica.com\/buscador_20179478954\/salapenalcronologico20230723\/wp-json\/wp\/v2\/types\/post"}],"author":[{"embeddable":true,"href":"https:\/\/dmsjuridica.com\/buscador_20179478954\/salapenalcronologico20230723\/wp-json\/wp\/v2\/users\/1"}],"replies":[{"embeddable":true,"href":"https:\/\/dmsjuridica.com\/buscador_20179478954\/salapenalcronologico20230723\/wp-json\/wp\/v2\/comments?post=25483"}],"version-history":[{"count":0,"href":"https:\/\/dmsjuridica.com\/buscador_20179478954\/salapenalcronologico20230723\/wp-json\/wp\/v2\/posts\/25483\/revisions"}],"wp:attachment":[{"href":"https:\/\/dmsjuridica.com\/buscador_20179478954\/salapenalcronologico20230723\/wp-json\/wp\/v2\/media?parent=25483"}],"wp:term":[{"taxonomy":"category","embeddable":true,"href":"https:\/\/dmsjuridica.com\/buscador_20179478954\/salapenalcronologico20230723\/wp-json\/wp\/v2\/categories?post=25483"},{"taxonomy":"post_tag","embeddable":true,"href":"https:\/\/dmsjuridica.com\/buscador_20179478954\/salapenalcronologico20230723\/wp-json\/wp\/v2\/tags?post=25483"}],"curies":[{"name":"wp","href":"https:\/\/api.w.org\/{rel}","templated":true}]}}