{"id":25478,"date":"2023-09-12T19:49:07","date_gmt":"2023-09-12T19:49:07","guid":{"rendered":"https:\/\/dmsjuridica.com\/buscador_20179478954\/salapenalcronologico20230723\/2023\/09\/12\/3584324-04-13\/"},"modified":"2023-09-12T19:49:07","modified_gmt":"2023-09-12T19:49:07","slug":"3584324-04-13","status":"publish","type":"post","link":"https:\/\/dmsjuridica.com\/buscador_20179478954\/salapenalcronologico20230723\/2023\/09\/12\/3584324-04-13\/","title":{"rendered":"35843(24-04-13)"},"content":{"rendered":"\n<p>\u00a0 \u00a0 \u00a0\u00a0<\/p>\n<p>CORTE SUPREMA DE JUSTICIA \u00a0<\/p>\n<p>SALA DE CASACION PENAL \u00a0<\/p>\n<p>\u00a0 \u00a0 \u00a0 \u00a0 \u00a0<\/p>\n<p>Aprobada acta n\u00famero 124 \u00a0<\/p>\n<p>Bogot\u00e1, \u00a0 D.C, \u00a0 abril \u00a0 24 \u00a0 de \u00a0dos \u00a0mil \u00a0trece. \u00a0\u00a0<\/p>\n<p>La Sala de Casaci\u00f3n Penal profiere sentencia \u00a0anticipada \u00a0 \u00a0 en \u00a0 \u00a0el \u00a0 \u00a0proceso \u00a0 \u00a0adelantado \u00a0 \u00a0contra \u00a0 \u00a0el \u00a0 \u00a0congresista JAIME \u00a0CERVANTES \u00a0VARELO, quien acept\u00f3 cargos como autor del \u00a0delito de concierto para delinquir agravado. \u00a0\u00a0<\/p>\n<p>Hechos \u00a0<\/p>\n<p>\u00a0 \u00a0\u00a0 \u00a0\u00a0 \u00a0\u00a0As\u00ed \u00a0se narraron en la providencia mediante la cual se resolvi\u00f3 la \u00a0situaci\u00f3n jur\u00eddica del procesado: \u00a0\u00a0<\/p>\n<p>\u00a0 \u00a0 \u00a0 \u00a0 \u00a0<\/p>\n<p>\u201cEs \u00a0motivo \u00a0de investigaci\u00f3n de la Corte \u00a0las \u00a0denuncias \u00a0sobre \u00a0presuntos \u00a0nexos \u00a0del \u00a0actual \u00a0Representante a la C\u00e1mara \u00a0JAIME\u00a0\u00a0\u00a0 \u00a0CERVANTES VARELO con \u00a0miembros \u00a0del \u00a0autodenominado\u00a0\u00a0 \u00a0Bloque \u00a0\u201cNorte\u201d, \u00a0Frente \u00a0 \u201cJos\u00e9 \u00a0Pablo \u00a0D\u00edaz\u201d \u00a0de \u00a0las \u00a0Autodefensas \u00a0Unidas \u00a0de \u00a0Colombia, \u00a0comandadas \u00a0por Edgar Ignacio Fierro Florez, alias Don Antonio; v\u00ednculos que al \u00a0parecer \u00a0 tuvieron \u00a0 como \u00a0 escenario \u00a0 los \u00a0 convenios \u00a0realizados \u00a0durante \u00a0la \u00a0administraci\u00f3n \u00a0de \u00a0la \u00a0alcaldesa de Soledad, Rosa Estela Ib\u00e1\u00f1ez y durante su \u00a0campa\u00f1a \u00a0a \u00a0la \u00a0C\u00e1mara \u00a0de \u00a0Representantes para el per\u00edodo 2006-2010, en cuyo \u00a0proceso \u00a0habr\u00eda \u00a0recibido \u00a0apoyo log\u00edstico y financiero de dicha organizaci\u00f3n \u00a0para la consecuci\u00f3n de los resultados electorales.\u201d \u00a0\u00a0<\/p>\n<p>Identificaci\u00f3n del Procesado \u00a0<\/p>\n<p>\u00a0 \u00a0\u00a0 \u00a0\u00a0 \u00a0\u00a0JAIME \u00a0CERVANTES \u00a0VARELO, identificado con \u00a0la \u00a0 \u00a0c\u00e9dula \u00a0 de \u00a0 ciudadan\u00eda \u00a0 n\u00famero \u00a0 8.758.294 \u00a0 expedida \u00a0 en \u00a0 Soledad \u00a0(Atl\u00e1ntico), \u00a0 abogado \u00a0de \u00a0profesi\u00f3n, \u00a0 \u00a0Representante \u00a0 \u00a0a \u00a0 la \u00a0 C\u00e1mara \u00a0 por \u00a0 el \u00a0 Departamento \u00a0 del \u00a0Atl\u00e1ntico. \u00a0\u00a0<\/p>\n<p>Actuaci\u00f3n Procesal \u00a0<\/p>\n<p>\u00a0 \u00a0 \u00a0 \u00a0 \u00a0<\/p>\n<p>El \u00a01\u00b0 \u00a0de \u00a0abril \u00a0de \u00a02011, con base en la \u00a0denuncia \u00a0formulada \u00a0por Jos\u00e9 Humberto Torres D\u00edaz, la Sala\u00a0 de Casaci\u00f3n \u00a0Penal \u00a0decidi\u00f3 \u00a0abrir indagaci\u00f3n preliminar contra el congresista JAIME \u00a0CERVANTES \u00a0VARELO (folio 14 cuaderno \u00a0uno). \u00a0\u00a0<\/p>\n<p>El \u00a06 \u00a0de febrero del presente a\u00f1o, la Sala \u00a0inici\u00f3 \u00a0 \u00a0 investigaci\u00f3n \u00a0 \u00a0 penal \u00a0 \u00a0 contra \u00a0 \u00a0 el \u00a0 \u00a0doctor \u00a0 \u00a0CERVANTES \u00a0VARELO (folio 218 cuaderno dos), \u00a0y \u00a0orden\u00f3 \u00a0su \u00a0captura, \u00a0acto que se materializ\u00f3 con la entrega voluntaria del \u00a0investigado el d\u00eda 13 de febrero hoga\u00f1o. \u00a0\u00a0<\/p>\n<p>\u00a0 \u00a0\u00a0 \u00a0\u00a0 \u00a0\u00a0El \u00a0 \u00a014 \u00a0 \u00a0de \u00a0 \u00a0febrero \u00a0 \u00a0siguiente, \u00a0 el \u00a0 doctor \u00a0 CERVANTES \u00a0 VARELO \u00a0 fue \u00a0 escuchado \u00a0 en \u00a0indagatoria; \u00a0y \u00a0el 20 de febrero de la cursante anualidad, la Sala le resolvi\u00f3 \u00a0la \u00a0situaci\u00f3n \u00a0jur\u00eddica, \u00a0imponi\u00e9ndole \u00a0medida de aseguramiento de detenci\u00f3n \u00a0preventiva \u00a0como \u00a0presunto autor del delito de concierto para delinquir agravado \u00a0(folio 17 cuaderno tres). \u00a0\u00a0<\/p>\n<p>\u00a0 \u00a0 \u00a0 \u00a0 \u00a0<\/p>\n<p>El 28 de febrero del mismo a\u00f1o, el procesado \u00a0manifest\u00f3 \u00a0su deseo de someterse al tr\u00e1mite de sentencia anticipada; solicitud \u00a0coadyuvada \u00a0 por \u00a0 su \u00a0 defensor \u00a0 (folio \u00a0 237 \u00a0 cuaderno \u00a0dos \u00a0y \u00a065 \u00a0cuaderno \u00a0tres). \u00a0\u00a0<\/p>\n<p>El \u00a014 de marzo de 2013, la Sala le formul\u00f3 \u00a0cargos \u00a0 al \u00a0 doctor \u00a0 CERVANTES \u00a0 VARELO \u00a0como \u00a0presunto \u00a0autor \u00a0del delito de concierto de delinquir con la \u00a0finalidad \u00a0de \u00a0promover grupos armados al margen de la ley, conducta descrita en \u00a0el \u00a0Libro \u00a0segundo, T\u00edtulo XII, cap\u00edtulo primero, aparte segundo del art\u00edculo \u00a0340 del C\u00f3digo Penal que dice: \u00a0\u00a0<\/p>\n<p>\u00a0 \u00a0\u00a0 \u00a0\u00a0 \u00a0\u00a0\u201cCuando \u00a0varias \u00a0personas \u00a0se \u00a0concierten \u00a0con \u00a0el \u00a0fin de cometer \u00a0delitos, \u00a0cada una de ellas ser\u00e1 penada, por esa sola conducta, con prisi\u00f3n de \u00a0tres (3) a seis (6) a\u00f1os. \u00a0\u00a0<\/p>\n<p>\u00a0 \u00a0\u00a0 \u00a0\u00a0 \u00a0\u00a0\u201cCuando \u00a0el \u00a0concierto \u00a0sea \u00a0para \u00a0cometer \u00a0delitos \u00a0de genocidio, \u00a0desaparici\u00f3n \u00a0forzada \u00a0de personas, tortura, desplazamiento forzado, homicidio, \u00a0terrorismo, \u00a0narcotr\u00e1fico, \u00a0secuestro \u00a0extorsivo, \u00a0extorsi\u00f3n o para organizar, \u00a0promover, \u00a0armar \u00a0o \u00a0financiar grupos armados al margen de la ley, la pena ser\u00e1 \u00a0de \u00a0prisi\u00f3n \u00a0de \u00a0seis \u00a0(6) \u00a0a \u00a0doce (12) a\u00f1os y multa de dos mil (2.000) hasta \u00a0veinte mil salarios m\u00ednimos legales vigentes.\u201d \u00a0\u00a0<\/p>\n<p>\u00a0 \u00a0 \u00a0 \u00a0 \u00a0<\/p>\n<p>El \u00a0doctor \u00a0JAIME \u00a0CERVANTES \u00a0VARELO, \u00a0como \u00a0qued\u00f3 consignado en el acta \u00a0respectiva, \u00a0 \u00a0 \u00a0 \u00a0 \u00a0 \u00a0 acept\u00f3, \u00a0 \u00a0libre, \u00a0voluntaria \u00a0e \u00a0incondicionalmente, \u00a0los \u00a0cargos \u00a0formulados \u00a0(folio \u00a093 cuaderno \u00a0tres). \u00a0\u00a0<\/p>\n<p>Consideraciones de la Corte \u00a0<\/p>\n<p>\u00a0 \u00a0\u00a0 \u00a0\u00a0 \u00a0\u00a0Primero. Competencia. \u00a0\u00a0<\/p>\n<p>\u00a0 \u00a0 \u00a0 \u00a0 \u00a0<\/p>\n<p>De \u00a0acuerdo \u00a0con \u00a0el \u00a0art\u00edculo \u00a0235 \u00a0de \u00a0la \u00a0Constituci\u00f3n \u00a0Pol\u00edtica \u00a0y el numeral 7 del art\u00edculo 75 de la ley 600 de 2000, \u00a0la \u00a0Corte \u00a0es \u00a0competente \u00a0para \u00a0investigar \u00a0y \u00a0juzgar \u00a0al \u00a0doctor \u00a0JAIME \u00a0CERVANTES VARELO por la comisi\u00f3n de \u00a0la \u00a0conducta \u00a0de \u00a0concierto \u00a0para delinquir agravado que se le imputa (art\u00edculo \u00a0340 \u00a0inciso \u00a02 \u00a0de \u00a0la \u00a0ley \u00a0599 de 2000), dada la condici\u00f3n de congresista que \u00a0ostenta \u00a0en \u00a0la \u00a0actualidad, conforme a la constancia signada por Jes\u00fas Alfonso \u00a0Rodr\u00edguez \u00a0Camargo, \u00a0Secretario General de la C\u00e1mara de Representantes (fl. 12 \u00a0c.1). \u00a0\u00a0<\/p>\n<p>Teniendo en cuenta que el doctor JAIME \u00a0 CERVANTES \u00a0 VARELO \u00a0 ejerce \u00a0como \u00a0Representante \u00a0del \u00a0Departamento \u00a0del \u00a0Atl\u00e1ntico \u00a0y que actualmente detenta esa \u00a0dignidad, \u00a0esa \u00a0sola condici\u00f3n autoriza a la Sala dictar la sentencia de fondo, \u00a0de \u00a0conformidad \u00a0con el art\u00edculo 235 de la Constituci\u00f3n Pol\u00edtica, que dispone \u00a0que \u00a0la Sala de Casaci\u00f3n Penal de la Corte es competente para acusar y juzgar a \u00a0congresistas \u00a0 \u00a0en \u00a0 ejercicio, \u00a0 sin \u00a0 importar \u00a0 la \u00a0 conducta \u00a0 que \u00a0 se \u00a0 le \u00a0imputa. \u00a0\u00a0<\/p>\n<p>Segundo. Acerca de \u00a0las \u00a0soluciones \u00a0abreviadas \u00a0que prev\u00e9 la ley 600 de 200, la Corte ha se\u00f1alado \u00a0lo siguiente: \u00a0\u00a0<\/p>\n<p>\u201cEn las reformas a los sistemas procesales \u00a0en \u00a0Colombia, \u00a0se\u00a0 \u00a0destacan\u00a0 la incorporaci\u00f3n al tradicional sistema \u00a0de \u00a0 \u00a0investigaci\u00f3n \u00a0 \u00a0y \u00a0 \u00a0juzgamiento \u00a0 \u00a0penal,1 \u00a0\u00a0<\/p>\n<p>de \u00a0dos\u00a0 \u00a0formas \u00a0de \u00a0terminaci\u00f3n \u00a0anticipada \u00a0del proceso, afines con sistemas procesales de justicia consensuada: \u00a0la sentencia \u00a0\u00a0<\/p>\n<p>anticipada \u00a0 y \u00a0 la \u00a0 audiencia \u00a0especial. \u00a02 \u00a0\u00a0<\/p>\n<p>\u00a0 \u00a0De \u00a0ellas,\u00a0 \u00a0en\u00a0 \u00a0la\u00a0 \u00a0ley\u00a0 \u00a0 600\u00a0 \u00a0 de\u00a0 \u00a0 2000, \u00a0 subsiste \u00a0 la \u00a0sentencia \u00a0anticipada, \u00a0instituci\u00f3n \u00a0a \u00a0la \u00a0cual \u00a0por \u00a0v\u00eda \u00a0jurisprudencial \u00a0se \u00a0le \u00a0han extendido los \u00a0beneficios \u00a0de reducci\u00f3n punitiva que trae la ley 906 de 2004, en el sentido de \u00a0que \u00a0la \u00a0pena \u00a0imponible \u00a0para la conducta imputada se puede reducir hasta en un \u00a050%, \u00a0cuando la aceptaci\u00f3n de cargos se produce antes de la ejecutoria del auto \u00a0por \u00a0medio \u00a0del \u00a0cual \u00a0se \u00a0cierra \u00a0la \u00a0instrucci\u00f3n, tal como ocurre con algunas \u00a0diferencias \u00a0 explicables \u00a0 por \u00a0 corresponder \u00a0 a \u00a0diferente \u00a0sistema, \u00a0con \u00a0la \u00a0instituci\u00f3n \u00a0del \u00a0allanamiento \u00a0a \u00a0cargos \u00a0del \u00a0proceso \u00a0acusatorio, \u00a0seg\u00fan el \u00a0criterio \u00a0 \u00a0 mayoritario \u00a0 \u00a0 de \u00a0 \u00a0 la \u00a0 \u00a0 Sala.3 \u00a0\u00a0<\/p>\n<p>\u00a0 \u00a0 \u00a0 \u00a0 \u00a0<\/p>\n<p>Asimismo, \u00a0en \u00a0cuanto \u00a0a \u00a0los beneficios que \u00a0comporta \u00a0este\u00a0 \u00a0tr\u00e1mite para el procesado y el sistema de administraci\u00f3n \u00a0de justicia, se\u00f1al\u00f3: \u00a0\u00a0<\/p>\n<p>\u201cAparte \u00a0de \u00a0los mutuos beneficios para la \u00a0Administraci\u00f3n \u00a0de \u00a0Justicia \u00a0y el procesado, que se justifican en la econom\u00eda \u00a0procesal \u00a0que \u00a0significa \u00a0la \u00a0renuncia del sindicado al tr\u00e1mite del proceso y a \u00a0discutir \u00a0las \u00a0pruebas \u00a0en \u00a0su contra, el principio de consenso permite subrayar \u00a0otros \u00a0efectos \u00a0simb\u00f3licos \u00a0no \u00a0precisamente \u00a0utilitaristas, \u00a0como el de que el \u00a0acuerdo \u00a0entre \u00a0la \u00a0administraci\u00f3n \u00a0de \u00a0justicia \u00a0y el procesado puede llevar a \u00a0fortalecer \u00a0la \u00a0norma \u00a0y \u00a0la \u00a0din\u00e1mica \u00a0de \u00a0la \u00a0resocializaci\u00f3n, \u00a0debido \u00a0a la \u00a0legitimidad \u00a0que \u00a0se \u00a0le \u00a0confiere al poder punitivo del Estado por raz\u00f3n o con \u00a0ocasi\u00f3n \u00a0del \u00a0consenso, \u00a0sobre todo desde el punto de vista de derechos penales \u00a0de \u00a0 \u00a0 marcada \u00a0 \u00a0orientaci\u00f3n \u00a0 \u00a0preventiva. \u00a0 \u00a04\u00a0 \u00a0\u00a0<\/p>\n<p>\u00a0 \u00a0\u00a0 \u00a0\u00a0 \u00a0 \u00a0 \u00a0 \u00a0 \u00a0 \u00a0\u00a0<\/p>\n<p>\u201cPor \u00faltimo, la \u00a0formulaci\u00f3n \u00a0de \u00a0cargos \u00a0y \u00a0su \u00a0aceptaci\u00f3n \u00a0se asimilan probatoriamente en sus \u00a0efectos \u00a0a \u00a0la \u00a0confesi\u00f3n \u00a0simple, \u00a0corroborando \u00a0la \u00a0prueba de cargo hasta ese \u00a0momento \u00a0recaudada \u00a0por \u00a0el \u00a0Estado.\u201d \u00a05 \u00a0\u00a0<\/p>\n<p>La \u00a0Sala, \u00a0entonces, de conformidad con esa \u00a0comprensi\u00f3n, \u00a0dictar\u00e1 la \u00a0sentencia \u00a0anticipada \u00a0de conformidad con los cargos que le fueron formulados al \u00a0procesado \u00a0 y \u00a0 que \u00a0 \u00e9l \u00a0 voluntaria, \u00a0libre e incondicionalmente acept\u00f3. \u00a0\u00a0<\/p>\n<p>\u00a0 \u00a0\u00a0 \u00a0\u00a0 \u00a0\u00a0Tercero. De acuerdo con el art\u00edculo 232 \u00a0de \u00a0la \u00a0ley \u00a0600 \u00a0de 2000, \u201cno se podr\u00e1 dictar sentencia condenatoria sin que \u00a0obre \u00a0en \u00a0el \u00a0proceso prueba que conduzca a la certeza del hecho punible y de la \u00a0responsabilidad del procesado.\u201d \u00a0\u00a0<\/p>\n<p>\u00a0 \u00a0\u00a0 \u00a0\u00a0 \u00a0\u00a0Pues bien: \u00a0\u00a0<\/p>\n<p>En \u00a0 \u00a0asuntos \u00a0 en \u00a0 los \u00a0 que \u00a0la \u00a0responsabilidad \u00a0y la respuesta \u00a0punitiva \u00a0 \u00a0es \u00a0 \u00a0consensuada,\u00a0 \u00a0 el \u00a0 \u00a0 \u00a0 procesado\u00a0 \u00a0 \u00a0 \u00a0 avala\u00a0 \u00a0 \u00a0 \u00a0o\u00a0 \u00a0 \u00a0 \u00a0 \u00a0 \u00a0 confirma\u00a0 \u00a0 \u00a0 \u00a0 \u00a0con\u00a0 \u00a0la \u00a0\u00a0<\/p>\n<p>aceptaci\u00f3n \u00a0de \u00a0cargos \u00a0la \u00a0prueba \u00a0que \u00a0ha \u00a0recaudado \u00a0 \u00a0el \u00a0 \u00a0Estado \u00a0 \u00a0para \u00a0 \u00a0demostrar \u00a0 \u00a0el \u00a0 \u00a0hecho \u00a0 punible \u00a0 y \u00a0 su \u00a0responsabilidad \u00a0 \u00a06 \u00a0\u00a0<\/p>\n<p>; \u00a0en este caso, la comisi\u00f3n del injusto de \u00a0concierto \u00a0para \u00a0delinquir para promover a un grupo armado ilegal descrito en el \u00a0numeral \u00a02\u00ba., \u00a0del \u00a0art\u00edculo \u00a0340 del c\u00f3digo penal, y su responsabilidad como \u00a0autor. \u00a0\u00a0<\/p>\n<p>\u00a0 \u00a0\u00a0 \u00a0\u00a0 \u00a0\u00a0En \u00a0ese \u00a0orden, \u00a0con \u00a0el \u00a0fin \u00a0de \u00a0apreciar \u00a0la \u00a0antijuridicidad \u00a0del \u00a0da\u00f1o y la lesividad de la \u00a0conducta, \u00a0se \u00a0debe \u00a0destacar lo que ha dicho la Sala \u00a0acerca \u00a0del \u00a0tipo penal de concierto para delinquir agravado, las alianzas entre \u00a0el \u00a0paramilitarismo \u00a0y \u00a0la \u00a0clase \u00a0pol\u00edtica \u00a0y \u00a0su \u00a0interferencia \u00a0con \u00a0el bien \u00a0jur\u00eddico de la seguridad p\u00fablica: \u00a0\u00a0<\/p>\n<p>\u201c\u2026 \u00a0se dise\u00f1aron en el c\u00f3digo penal de \u00a02000 \u00a0tres \u00a0propuestas dogm\u00e1ticas para enfrentar distintos tipos de riesgo para \u00a0el \u00a0bien \u00a0jur\u00eddico: \u00a0en \u00a0la \u00a0primera se mantuvo la f\u00f3rmula tradicional para el \u00a0concierto \u00a0simple, o para cometer delitos indeterminados, con la que se enfrenta \u00a0la \u00a0 llamada\u00a0\u00a0 \u00a0 delincuencia\u00a0\u00a0 \u00a0com\u00fan\u00a0 \u00a0o\u00a0\u00a0 \u00a0convencional.\u00a0\u00a0 En\u00a0 la \u00a0\u00a0<\/p>\n<p>segunda \u00a0se \u00a0deline\u00f3 \u00a0el \u00a0concierto \u00a0para \u00a0delinquir \u00a0agravado, \u00a0dise\u00f1ado \u00a0estrat\u00e9gicamente \u00a0para \u00a0sancionar, entre otras \u00a0conductas, \u00a0el \u00a0acuerdo \u00a0para \u00a0promover, \u00a0financiar, \u00a0armar \u00a0u \u00a0organizar grupos \u00a0armados \u00a0al \u00a0margen \u00a0de \u00a0la ley, y en la tercera un tipo especial que si bien no \u00a0conserva \u00a0la misma t\u00e9cnica penal, se refiere a la efectiva materializaci\u00f3n del \u00a0acuerdo. 7 \u00a0\u00a0<\/p>\n<p>\u00a0\u00a0 \u00a0<\/p>\n<p>\u201cDe ese modo se confirma la idea de que las \u00a0f\u00f3rmulas t\u00edpicas deben corresponder a la manera como \u00a0\u00a0<\/p>\n<p>se \u00a0manifiestan \u00a0relaciones \u00a0delincuenciales \u00a0esencialmente \u00a0din\u00e1micas, \u00a0las \u00a0cuales \u00a0dentro \u00a0de \u00a0una \u00a0nueva elaboraci\u00f3n del \u00a0sentido \u00a0del bien jur\u00eddico, permiten incluir novedosos \u00a0comportamientos \u00a0compatibles con la idea de promover grupos armados al margen de \u00a0la \u00a0ley, \u00a0como \u00a0corresponde \u00a0al \u00a0sentido \u00a0y teleolog\u00eda contempor\u00e1neas del tipo \u00a0penal.8\u00a0\u00a0\u00a0\u00a0 \u00a0\u00a0<\/p>\n<p>\u00a0 \u00a0\u00a0 \u00a0\u00a0 \u00a0\u00a0 \u00a0\u00a0 \u00a0\u00a0 \u00a0\u00a0 \u00a0\u00a0\u201cPor esa \u00a0raz\u00f3n, \u00a0estas \u00a0nuevas \u00a0modalidades \u00a0de \u00a0ilegalidad \u00a0que \u00a0colocan \u00a0en \u00a0riesgo la \u00a0seguridad \u00a0p\u00fablica, \u00a0le \u00a0han \u00a0permitido \u00a0a \u00a0la \u00a0Sala \u00a0en \u00a0la \u00a0hora \u00a0actual, \u00a0al \u00a0interpretar \u00a0 el \u00a0 concierto \u00a0 entre \u00a0grupos \u00a0armados \u00a0y \u00a0representantes \u00a0de \u00a0la \u00a0institucionalidad, sostener lo siguiente: \u00a0\u00a0<\/p>\n<p>\u201cTeniendo en cuenta lo anterior y lo que de \u00a0ordinario \u00a0 \u00a0sucede \u00a0 \u00a0en \u00a0 \u00a0aparatos \u00a0 \u00a0organizados \u00a0 de \u00a0 poder \u00a0 \u2013 \u00a0todo \u00a0para \u00a0no \u00a0desconocer \u00a0el \u00a0bien \u00a0jur\u00eddico, \u00a0el \u00a0sentido \u00a0del \u00a0tipo \u00a0penal, \u00a0o \u00a0los \u00a0contenidos \u00a0de \u00a0la \u00a0conducta \u00a0\u2013, el aporte del pol\u00edtico \u00a0a \u00a0la \u00a0causa \u00a0paramilitar \u00a0cuando coloca la funci\u00f3n p\u00fablica a su servicio debe \u00a0mirarse \u00a0no \u00a0tanto \u00a0en la creaci\u00f3n de disfunciones institucionales \u2013 que, claro, le agregan mayor gravedad \u00a0al \u00a0injusto \u00a0-, sino en la medida que con esa\u00a0 contribuci\u00f3n\u00a0 se\u00a0 \u00a0incrementa\u00a0 \u00a0el\u00a0 \u00a0riesgo\u00a0 contra\u00a0 la \u00a0\u00a0<\/p>\n<p>seguridad \u00a0p\u00fablica \u00a0al potenciar la acci\u00f3n \u00a0del \u00a0 grupo \u00a0ilegal, \u00a0como \u00a0puede \u00a0ocurrir \u00a0cuando \u00a0por \u00a0la \u00a0influencia \u00a0de \u00a0las \u00a0autodefensas \u00a0se \u00a0crean \u00a0condiciones \u00a0materiales \u00a0mediante inversi\u00f3n estatal en \u00a0lugares \u00a0donde \u00a0la \u00a0acci\u00f3n \u00a0del \u00a0paramilitarismo \u00a0es \u00a0evidente.\u201d 9 \u00a0\u00a0<\/p>\n<p>\u00a0 \u00a0\u00a0 \u00a0\u00a0 \u00a0\u00a0Sin \u00a0duda, \u00a0por \u00a0lo \u00a0que \u00a0se \u00a0habr\u00e1 de indicar, la cooptaci\u00f3n del \u00a0Estado \u00a0por \u00a0estructuras \u00a0ilegales \u00a0al \u00a0colocar las instituciones al servicio de \u00a0grupos \u00a0ileg\u00edtimos, es evidente en este proceso, pues la conducta del pol\u00edtico \u00a0se \u00a0incorpora \u00a0a estrategias il\u00edcitas destinadas a colocar la funci\u00f3n p\u00fablica \u00a0al \u00a0servicio \u00a0de \u00a0un \u00a0grupo \u00a0ilegal, incrementando el riesgo contra la seguridad \u00a0p\u00fablica \u00a0al propiciar acciones desde el Estado a favor de un grupo armado ilegal. \u00a0\u00a0<\/p>\n<p>\u00a0 \u00a0\u00a0 \u00a0\u00a0 \u00a0\u00a0V\u00e9ase: \u00a0\u00a0<\/p>\n<p>\u00a0 \u00a0 \u00a0 \u00a0 \u00a0<\/p>\n<p>En \u00a0 la \u00a0definici\u00f3n \u00a0de \u00a0la \u00a0situaci\u00f3n \u00a0jur\u00eddica \u00a0se \u00a0apreciaron \u00a0las \u00a0 \u00a0 \u00a0pruebas \u00a0 \u00a0 \u00a0que \u00a0 \u00a0 \u00a0con \u00a0 \u00a0 \u00a0mayor \u00a0 \u00a0 detalle \u00a0 \u00a0 permit\u00edan \u00a0 \u00a0aseverar \u00a0 \u00a0que \u00a0 \u00a0el\u00a0 \u00a0Frente \u00a0\u201cJos\u00e9 \u00a0Pablo \u00a0D\u00edaz\u201d \u00a0del \u00a0\u201cBloque \u00a0 Norte\u201d \u00a0 de \u00a0 las \u00a0autodefensas, \u00a0influy\u00f3 \u00a0en \u00a0el quehacer social y pol\u00edtico \u00a0de \u00a0 vastas \u00a0zonas \u00a0del \u00a0Departamento \u00a0del \u00a0Atl\u00e1ntico, \u00a0interfiriendo \u00a0incluso \u00a0procesos colectivos e\u00a0 institucionales \u00a0\u00a0<\/p>\n<p>bajo \u00f3rdenes de Edgar Ignacio Fierro Fl\u00f3rez, \u00a0alias \u00a0\u201cDon \u00a0Antonio\u201d, \u00a0Carlos Mario\u00a0 Garc\u00eda\u00a0 \u00c1vila, alias\u00a0 \u00a0\u201cel\u00a0 \u00a0m\u00e9dico\u00a0 o\u00a0 Gonzalo\u201d\u00a0 y\u00a0 Mario Marenco, \u201cel \u00a0gordo\u201d, \u00a0jefes \u00a0paramilitares \u00a0quienes \u00a0asumieron por su cuenta y\u00a0 riesgo \u00a0que \u00a0mediante \u00a0la \u00a0violencia y la corrupci\u00f3n pod\u00edan someter a una sociedad con \u00a0el \u00a0 fin \u00a0 de \u00a0 imponer \u00a0 sus \u00a0 particulares \u00a0 percepciones \u00a0 de \u00a0 la \u00a0 realidad \u00a0social. \u00a0\u00a0<\/p>\n<p>Tal \u00a0fue \u00a0el \u00a0dominio \u00a0paramilitar \u00a0y \u00a0la \u00a0cooptaci\u00f3n \u00a0de \u00a0las \u00a0instituciones \u00a0locales, \u00a0que \u00a0en cargos administrativos de \u00a0mayor \u00a0importancia \u00a0del \u00a0Hospital \u00a0Materno \u00a0Infantil \u00a0del \u00a0municipio de Soledad, \u00a0fueron \u00a0designados \u00a0familiares \u00a0de \u00a0Edgar \u00a0Ignacio \u00a0Fierro Fl\u00f3rez, e incluso el \u00a0padre \u00a0de \u00a0Carlos \u00a0Mario Garc\u00eda \u00c1vila, alias \u201cEl m\u00e9dico\u201d, jefe supremo de \u00a0la \u00a0pol\u00edtica del Frente Jos\u00e9 Pablo D\u00edaz, se desempe\u00f1\u00f3 como asesor jur\u00eddico \u00a0de \u00a0esa \u00a0entidad, instituci\u00f3n en la cual festinaron la contrataci\u00f3n p\u00fablica y \u00a0crearon \u00a0 una \u00a0 n\u00f3mina \u00a0de \u00a0empleados \u00a0con \u00a0la \u00a0cual \u00a0respaldaron \u00a0pol\u00edtica \u00a0y \u00a0electoralmente, \u00a0 entre \u00a0 otros, \u00a0 a \u00a0JAIME \u00a0CERVANTES \u00a0VARELO, seg\u00fan lo declar\u00f3 Manuel Pe\u00f1a Infante, quien \u00a0manifest\u00f3 \u00a0que \u00a0por \u00f3rdenes de los mandos paramilitares debi\u00f3 inscribir en el \u00a0Puesto \u00a0de \u00a0Salamanca \u00a0a \u00a0varias \u00a0personas \u00a0con \u00a0el fin de garantizar el apoyo a \u00a0candidatos \u00a0de \u00a0las \u00a0autodefensas, \u00a0y \u00a0retribuir \u00a0econ\u00f3micamente los beneficios \u00a0contractuales a los miembros de esa organizaci\u00f3n il\u00edcita. \u00a0\u00a0<\/p>\n<p>\u00a0 \u00a0 \u00a0 \u00a0 \u00a0<\/p>\n<p>Es m\u00e1s, Edgar Ignacio Fierro Fl\u00f3rez, alias \u00a0\u201cDon \u00a0Antonio\u201d, \u00a0reconoci\u00f3 que impuso a Rodrigo Romero Racedo en la c\u00fapula \u00a0del \u00a0Hospital \u00a0Materno \u00a0Infantil con el fin de asegurar el dominio en ese Centro \u00a0Hospitalario, \u00a0 el \u00a0 reparto \u00a0 de \u00a0 cuotas \u00a0pol\u00edticas \u00a0y \u00a0el \u00a0se\u00f1or\u00edo \u00a0de \u00a0la \u00a0contrataci\u00f3n, \u00a0asuntos \u00a0que \u00a0se \u00a0garantizaba, \u00a0como ha quedado expuesto, con el \u00a0nombramiento \u00a0de \u00a0familiares \u00a0en \u00a0puestos \u00a0vitales \u00a0de \u00a0la \u00a0cadena funcional que \u00a0interven\u00eda \u00a0en estos procesos administrativos, como incluso lo hab\u00eda advertido \u00a0Manuel \u00a0 \u00a0 \u00a0 \u00a0 pe\u00f1a \u00a0 \u00a0 \u00a0 \u00a0 Infante. \u00a0 \u00a0 \u00a0 \u00a010 \u00a0\u00a0<\/p>\n<p>\u00a0 \u00a0\u00a0 \u00a0\u00a0 \u00a0\u00a0De \u00a0manera \u00a0que \u00a0la \u00a0cooptaci\u00f3n \u00a0del \u00a0Estado \u00a0y su incidencia\u00a0 \u00a0en\u00a0 \u00a0los\u00a0 procesos\u00a0 pol\u00edticos\u00a0 locales por parte del Frente \u00a0\u201cJos\u00e9 \u00a0Pablo D\u00edaz\u201d de las autodefensas no est\u00e1 en discusi\u00f3n, entre otras \u00a0razones \u00a0porque \u00a0Mario \u00a0Marenco y Edgar Ignacio Fl\u00f3rez aceptan su incursi\u00f3n en \u00a0las \u00a0pol\u00edticas \u00a0p\u00fablicas del importante municipio Atlanticense. Es m\u00e1s,\u00a0 \u00a0Edgar\u00a0 \u00a0Fierro\u00a0 \u00a0Fl\u00f3rez\u00a0 \u00a0relat\u00f3 \u00a0como \u00a0el \u00a0grupo armado ilegal \u00a0lleg\u00f3 a posicionarse\u00a0 en\u00a0 el escenario local, contando \u00a0\u00a0<\/p>\n<p>con \u00a0 la \u00a0 siempre \u00a0 importante \u00a0y \u00a0crucial \u00a0coordinaci\u00f3n \u00a0de \u00a0Carlos \u00a0Mario \u00a0Garc\u00eda \u00a0\u00c1vila, supremo jefe pol\u00edtico de las \u00a0autodefensas \u00a0en \u00a0el \u00a0Departamento \u00a0del \u00a0Atl\u00e1ntico, \u00a0bajo \u00a0cuyo \u00a0liderazgo \u00a0las \u00a0autodefensas \u00a0establecieron \u00a0acuerdos \u00a0con la clase pol\u00edtica, y entre ellos con \u00a0Jaime \u00a0 Cervantes \u00a0 Varelo, \u00a0Representante a la C\u00e1mara por ese Departamento. \u00a0\u00a0<\/p>\n<p>\u00a0 \u00a0\u00a0 \u00a0\u00a0 \u00a0\u00a0No \u00a0se \u00a0requiere \u00a0ahondar \u00a0mucho \u00a0en \u00a0el \u00a0expediente \u00a0para encontrar \u00a0referencias \u00a0 \u00a0de \u00a0 \u00a0todo \u00a0 \u00a0orden \u00a0 a \u00a0 las \u00a0 relaciones \u00a0 entre \u00a0 Jaime \u00a0Cervantes \u00a0Varelo \u00a0y \u00a0los paramilitares. As\u00ed, la menci\u00f3n de los \u00a0principales \u00a0l\u00edderes \u00a0del \u00a0grupo ilegal respecto de ese tema, permiten entender \u00a0porque, \u00a0en \u00a0principio, Jhon Jairo Rodelo Neira, alias \u201cJhon 70\u201d, integrante \u00a0del \u00a0Frente \u00a0Jos\u00e9 \u00a0Pablo \u00a0D\u00edaz, acept\u00f3 ante fiscales de Justicia y Paz, haber \u00a0observado \u00a0 \u00a0a \u00a0 \u00a0Cervantes \u00a0 \u00a0Varelo \u00a0 en \u00a0la \u00a0Base \u00a0de Corea en la Sierra Nevada, principal cuartel de ese \u00a0grupo, \u00a0a\u00fan \u00a0cuando \u00a0luego \u00a0se \u00a0retract\u00f3 \u00a0sin \u00a0ninguna raz\u00f3n que justifique o \u00a0explique su nueva versi\u00f3n de los hechos. \u00a0\u00a0<\/p>\n<p>En \u00a0efecto, si bien Rodelo Neira pretendi\u00f3 \u00a0retractarse \u00a0 \u00a0con \u00a0 \u00a0explicaciones \u00a0 inaceptables11, \u00a0lo \u00a0cierto \u00a0es \u00a0que \u00a0Edgar \u00a0Ignacio \u00a0Fierro \u00a0Fl\u00f3rez da cuenta de ellas, al se\u00f1alar que si bien no pudo ser \u00a0en \u00a0la \u00a0base \u00a0de \u00a0Corea, \u00a0de \u00a0lo \u00a0que si est\u00e1 seguro es de la reuni\u00f3n a la que \u00a0asisti\u00f3 \u00a0Cervantes Varelo en \u00a0el \u00a0sitio denominado \u201cLa Mesa\u201d, una zona dominada por el grupo ilegal, sitio \u00a0al \u00a0cual \u00a0Cervantes Varelo fue \u00a0llevado \u00a0por \u00a0Carlos \u00a0Mario \u00a0Garc\u00eda \u00a0\u00c1vila \u00a0con \u00a0el \u00a0fin \u00a0de \u00a0demostrarle \u00a0sus \u00a0relaciones con las autodefensas. \u00a0\u00a0<\/p>\n<p>No \u00a0queda duda, entonces, que esta serie de \u00a0encuentros \u00a0con \u00a0ese \u00a0grupo \u00a0armado \u00a0al \u00a0margen de la ley, realizados en la m\u00e1s \u00a0absoluta \u00a0 clandestinidad, \u00a0confirman \u00a0los \u00a0acuerdos \u00a0ilegales \u00a0de \u00a0Cervantes \u00a0Varelo \u00a0y \u00a0la c\u00fapula del grupo \u00a0ilegal, \u00a0cuyos \u00a0mandos han aceptado que el pol\u00edtico fue un integrante funcional \u00a0que \u00a0coadyuv\u00f3 \u00a0a \u00a0la \u00a0cooptaci\u00f3n \u00a0del \u00a0Estado \u00a0y \u00a0que \u00a0propici\u00f3 el dominio de \u00a0instituciones \u00a0oficiales \u00a0por \u00a0parte \u00a0de \u00a0grupos \u00a0armados al margen de la ley, a \u00a0cambio por supuesto de apoyos electorales. \u00a0\u00a0<\/p>\n<p>Por \u00a0 lo \u00a0 tanto, \u00a0 la \u00a0Sala \u00a0de \u00a0esos \u00a0acontecimientos \u00a0puede confirmar la nefasta influencia de las autodefensas en la \u00a0vida \u00a0social \u00a0e \u00a0institucional del Departamento del Atl\u00e1ntico,\u00a0 as\u00ed\u00a0 \u00a0como\u00a0 la \u00a0\u00a0<\/p>\n<p>evidente \u00a0alianza \u00a0entre \u00a0pol\u00edticos \u00a0y \u00a0los \u00a0actores \u00a0ilegales \u00a0en \u00a0esa \u00a0regi\u00f3n espec\u00edfica del pa\u00eds, hechos que denotan la \u00a0seriedad \u00a0de \u00a0la \u00a0imputaci\u00f3n y la contundencia de los vestigios de una realidad \u00a0que \u00a0explica \u00a0la \u00a0gravedad, \u00a0el \u00a0sentido y la finalidad de la conducta que se le \u00a0atribuye \u00a0al procesado, consistente en incrementar el riesgo contra la seguridad \u00a0p\u00fablica \u00a0al \u00a0utilizar \u00a0los \u00a0espacios \u00a0institucionales \u00a0en favor no de cometidos \u00a0estatales, sino de los actores ilegales.\u00a0 \u00a0\u00a0<\/p>\n<p>\u00a0 \u00a0 \u00a0 \u00a0 \u00a0<\/p>\n<p>Por \u00a0 lo \u00a0dicho, \u00a0pero \u00a0tambi\u00e9n \u00a0por \u00a0la \u00a0aceptaci\u00f3n \u00a0 \u00a0de \u00a0 cargos\u00a0\u00a0 \u00a0 del\u00a0 \u00a0 procesado,\u00a0 \u00a0 la\u00a0 \u00a0declaraci\u00f3n\u00a0 \u00a0 de\u00a0 \u00a0Edgar\u00a0 \u00a0Ignacio\u00a0 \u00a0Fierro \u00a0Florez,\u00a0 \u00a0alias\u00a0 \u00a0 \u201cDon\u00a0 \u00a0 Antonio\u201d,\u00a0\u00a0 \u00a0 en\u00a0 \u00a0 el\u00a0\u00a0 \u00a0sentido\u00a0 \u00a0que\u00a0 \u00a0el\u00a0 \u00a0grupo\u00a0 \u00a0de \u00a0autodefensas \u00a0bajo su mando \u00a0particip\u00f3 \u00a0del \u00a0quehacer \u00a0social \u00a0en \u00a0el Departamento del Atl\u00e1ntico, no ofrece \u00a0dudas; \u00a0tampoco \u00a0sus \u00a0v\u00ednculos \u00a0con \u00a0el \u00a0pol\u00edtico \u00a0acusado, \u00a0m\u00e1s aun si en el \u00a0Computador \u00a0que \u00a0le \u00a0fue \u00a0incautado a Edgar Ignacio Fierro Fl\u00f3rez se encuentran \u00a0datos \u00a0que \u00a0corroboran \u00a0los acuerdos ilegales de todo orden entre el procesado y \u00a0los jefes de las autodefensas. \u00a0\u00a0<\/p>\n<p>\u00a0 \u00a0 \u00a0 \u00a0 \u00a0<\/p>\n<p>\u00a0 \u00a0\u00a0 \u00a0\u00a0 \u00a0\u00a0En \u00a0todo \u00a0ello cabe destacar que Edgar Ignacio Fierro Fl\u00f3rez, alias \u00a0\u201cDon \u00a0 \u00a0 Antonio\u201d, \u00a0 \u00a0 asocia \u00a0 \u00a0 a \u00a0 \u00a0CERVANTES \u00a0VARELO \u00a0con la c\u00fapula pol\u00edtica de las autodefensas y \u00a0especialmente\u00a0 \u00a0 \u00a0con\u00a0 \u00a0 \u00a0Carlos\u00a0 \u00a0 \u00a0Mario\u00a0 \u00a0 \u00a0Garc\u00eda\u00a0 \u00a0Avila,\u00a0 \u00a0\u201cel \u00a0m\u00e9dico\u201d,\u00a0\u00a0 \u00a0y\u00a0\u00a0 \u00a0Mario Marenco\u00a0 \u00a0Egea,\u00a0\u00a0 \u201cel gordo\u201d, \u00a0\u00a0<\/p>\n<p>personajes que lideraron los acuerdos y nexos \u00a0entre \u00a0la \u00a0clase \u00a0pol\u00edtica del Atl\u00e1ntico y el grupo ilegal.\u00a0 No cualquier \u00a0acuerdo, \u00a0sino \u00a0uno \u00a0destinado \u00a0a \u00a0favorecer \u00a0a \u00a0sus \u00a0aliados con el apoyo\u00a0 \u00a0financiero \u00a0y \u00a0log\u00edstico \u00a0que \u00a0una \u00a0elecci\u00f3n \u00a0al \u00a0congreso \u00a0demandaba. En este \u00a0sentido, \u00a0 por \u00a0 ejemplo, \u00a0 Edgar \u00a0Ignacio \u00a0Fierro\u00a0 \u00a0Fl\u00f3rez \u00a0acept\u00f3\u00a0 \u00a0que\u00a0 \u00a0 \u00a0cuando\u00a0 \u00a0 \u00a0se\u00a0 \u00a0 refer\u00edan\u00a0 \u00a0 a\u00a0 \u00a0 JAIME\u00a0 \u00a0en \u00a0el \u00a0di\u00e1logo \u00a0que \u00a0qued\u00f3 \u00a0guardado \u00a0en \u00a0el \u00a0computador \u00a0a \u00a0\u00e9l \u00a0decomisado, y a la falta de dinero para la \u00a0campa\u00f1a, \u00a0efectivamente \u00a0se refer\u00edan con alias Gonzalo, a la preocupaci\u00f3n por \u00a0conseguir \u00a0 \u00a0el \u00a0 \u00a0m\u00fasculo \u00a0 \u00a0financiero \u00a0 para \u00a0 acompa\u00f1ar \u00a0 a \u00a0 JAIME \u00a0 CERVANTES \u00a0en \u00a0su \u00a0prop\u00f3sito \u00a0de \u00a0alcanzar el Congreso de la Rep\u00fablica. \u00a0\u00a0<\/p>\n<p>\u00a0 \u00a0\u00a0 \u00a0\u00a0 \u00a0\u00a0Esos \u00a0elementos \u00a0de \u00a0juicio \u00a0que \u00a0se \u00a0reafirman \u00a0con la admisi\u00f3n de \u00a0responsabilidad \u00a0por \u00a0parte del procesado, y que fueron fundamentales en la hora \u00a0de \u00a0la definici\u00f3n de la situaci\u00f3n jur\u00eddica, confirman el acuerdo ilegal entre \u00a0el \u00a0 congresista \u00a0JAIME \u00a0CERVANTES \u00a0VARELO, \u00a0y \u00a0el Frente \u201cJos\u00e9 Pablo D\u00edaz\u201d, aparato organizado de poder \u00a0ilegal \u00a0cuyo \u00a0radio de acci\u00f3n borde\u00f3 importantes regiones del departamento del \u00a0Atl\u00e1ntico, \u00a0\u201ccapturando\u201d \u00a0a \u00a0trav\u00e9s \u00a0del \u00a0ejercicio \u00a0de \u00a0la \u00a0violencia \u00a0el \u00a0\u201cEstado \u00a0local\u201d, \u00a0y \u00a0propiciando a trav\u00e9s de ese o de otros medios, como la \u00a0infiltraci\u00f3n \u00a0de \u00a0movimientos sociales y pol\u00edticos, la elecci\u00f3n de aliados en \u00a0el \u00a0Congreso \u00a0de \u00a0la \u00a0Rep\u00fablica, \u00a0tal \u00a0cual \u00a0aconteci\u00f3 \u00a0en \u00a0el \u00a0a\u00f1o \u00a02006 con \u00a0JAIME \u00a0 \u00a0 \u00a0 \u00a0CERVANTES \u00a0 \u00a0 \u00a0 \u00a0VARELO. \u00a0\u00a0<\/p>\n<p>Precisamente \u00a0 por \u00a0esas \u00a0razones \u00a0en \u00a0la \u00a0definici\u00f3n \u00a0de \u00a0la \u00a0situaci\u00f3n \u00a0jur\u00eddica se resalt\u00f3, conforme a la prueba que \u00a0para \u00a0ese \u00a0momento \u00a0se \u00a0apreci\u00f3, \u00a0la \u00a0cual \u00a0se \u00a0corrobora con la manifestaci\u00f3n \u00a0voluntaria \u00a0del \u00a0procesado, \u00a0que: \u00a0 \u00a0 \u00a0 \u00a0\u00a0 \u00a0\u00a0<\/p>\n<p>\u00a0 \u00a0\u00a0 \u00a0\u00a0 \u00a0\u201c\u2026En \u00a0este \u00a0sentido, \u00a0aparte \u00a0de estar probada la influencia del \u00a0grupo \u00a0 ilegal, \u00a0su \u00a0presencia \u00a0en \u00a0el \u00a0municipio \u00a0de \u00a0Soledad, \u00a0y \u00a0la \u00a0toma \u00a0de \u00a0instituciones\u00a0\u00a0 \u00a0como\u00a0 \u00a0el\u00a0\u00a0 Hospital\u00a0\u00a0\u00a0 \u00a0materno\u00a0\u00a0 \u00a0 \u00a0 Infantil,\u00a0\u00a0 \u00a0 \u00a0 obs\u00e9rvese\u00a0\u00a0 \u00a0 \u00a0 que \u00a0testimonios \u00a0como \u00a0los \u00a0de \u00a0Manuel \u00a0Pe\u00f1a \u00a0Infante, \u00a0cierran \u00a0el \u00a0c\u00edrculo de la \u00a0imputaci\u00f3n \u00a0y \u00a0dan fe de que la incidencia de esa fuerza ilegal en los procesos \u00a0pol\u00edticos \u00a0de \u00a02002 es un asunto inocultable,\u00a0\u00a0 pues\u00a0 como\u00a0 \u00a0lo\u00a0 \u00a0anot\u00f3\u00a0 el\u00a0 testigo\u00a0 mencionado,\u00a0 las autodefensas \u00a0del \u00a0Frente \u00a0Jos\u00e9 \u00a0Pablo \u00a0D\u00edaz \u00a0controlaban \u00a0administrativamente \u00a0el \u00a0hospital \u00a0Materno \u00a0Infantil \u00a0de Soledad, en donde laboraban familiares de sus comandantes, \u00a0y \u00a0sus \u00a0empleados, \u00a0y previas \u00f3rdenes de la dirigencia de la agrupaci\u00f3n ilegal \u00a0apoyaron \u00a0 \u00a0 la \u00a0 \u00a0 candidatura \u00a0 \u00a0 de \u00a0 \u00a0 CERVANTES \u00a0VARELO \u00a0a la C\u00e1mara de Representantes, exigi\u00e9ndole a \u00a0\u00e9l \u00a0el \u00a0aporte \u00a0de \u00a0un \u00a0dinero \u00a0para \u00a0la campa\u00f1a de \u00e9ste, pues era uno de los \u00a0apoyados \u00a0por \u00a0las \u00a0AUC, como lo fueron otros a quienes se colabor\u00f3 mediante la \u00a0zonificaci\u00f3n \u00a0 del \u00a0 Puesto \u00a0 de \u00a0Salamanca,\u00a0\u00a0 \u00a0sitio\u00a0 \u00a0en\u00a0 \u00a0donde\u00a0 por\u00a0 orden\u00a0 de \u00a0\u00a0<\/p>\n<p>las \u00a0autodefensas \u00a0se inscribieron a varias \u00a0personas \u00a0con el fin de apoyar a los candidatos del grupo ilegal.\u201d12 \u00a0\u00a0<\/p>\n<p>\u00a0 \u00a0 \u00a0 \u00a0 \u00a0<\/p>\n<p>En \u00a0consecuencia, \u00a0la aceptaci\u00f3n de cargos \u00a0por \u00a0parte \u00a0del \u00a0procesado \u00a0revela \u00a0la \u00a0antijuridicidad \u00a0del \u00a0comportamiento que \u00a0se\u00a0 \u00a0 atribuye\u00a0 \u00a0al\u00a0 \u00a0doctor \u00a0CERVANTES \u00a0VARELO, justamente en los t\u00e9rminos en los que la Sala \u00a0se \u00a0 \u00a0refiri\u00f3 \u00a0 al \u00a0 resolver \u00a0 la \u00a0 situaci\u00f3n \u00a0 jur\u00eddica \u00a0 provisional \u00a0 del \u00a0procesado: \u00a0\u00a0<\/p>\n<p>\u00a0 \u00a0 \u00a0 \u00a0 \u00a0<\/p>\n<p>\u201cEn \u00a0ese \u00a0orden, la prueba indica que muy \u00a0probablemente \u00a0el \u00a0doctor \u00a0CERVANTES VARELO \u00a0se \u00a0concert\u00f3 \u00a0con el grupo armado al margen de la ley, interesado \u00a0en \u00a0llevar \u00a0al \u00a0Congreso\u00a0 \u00a0a \u00a0aliados \u00a0que \u00a0les \u00a0permitieran \u00a0respaldar los \u00a0prop\u00f3sitos \u00a0del paramilitarismo,\u00a0 lo\u00a0 cual\u00a0 amerita\u00a0 que se \u00a0le \u00a0imponga \u00a0medida de aseguramiento como \u201cautor\u201d, pues es tal quien pacta o \u00a0se \u00a0concierta \u00a0con \u00a0el \u00a0grupo \u00a0ilegal \u00a0para \u00a0promoverlo, \u00a0tal como se deduce del \u00a0contexto \u00a0de la prueba que se acaba de indicar, resultando grave ese actuar, sin \u00a0importarle \u00a0los \u00a0intereses \u00a0de \u00a0la \u00a0sociedad, \u00a0al contrario, el recibir el apoyo \u00a0paramilitar, \u00a0le \u00a0representaba \u00a0ponerse \u00a0al \u00a0servicio\u00a0 de\u00a0 dicho\u00a0 \u00a0grupo\u00a0 ilegal, y \u00a0\u00a0<\/p>\n<p>ese \u00a0proceder\u00a0 \u00a0no\u00a0 \u00a0puede\u00a0 \u00a0pasarse\u00a0 \u00a0por\u00a0 \u00a0alto,\u00a0 por\u00a0 lo\u00a0 que no se comparten los \u00a0planteamientos \u00a0expuestos por la defensa, en el sentido de minimizar la gravedad \u00a0del comportamiento.\u201d \u00a0\u00a0<\/p>\n<p>En \u00a0conclusi\u00f3n: no existe duda alguna y la \u00a0Sala, \u00a0por \u00a0el \u00a0valor \u00a0persuasivo \u00a0de \u00a0las \u00a0pruebas que se han indicado y por la \u00a0confirmaci\u00f3n \u00a0de \u00a0los \u00a0supuestos \u00a0f\u00e1cticos \u00a0mediante \u00a0la confesi\u00f3n simple del \u00a0procesado,\u00a0 \u00a0se \u00a0tiene \u00a0certeza\u00a0 del\u00a0 hecho\u00a0 punible y\u00a0 \u00a0de \u00a0la \u00a0responsabilidad \u00a0del \u00a0autor, \u00a0raz\u00f3n por la cual se condenar\u00e1 al doctor \u00a0JAIME \u00a0CERVANTES \u00a0VARELO como \u00a0autor \u00a0del delito de concierto para delinquir agravado de que trata el art\u00edculo \u00a0340, inciso 2\u00ba, del c\u00f3digo penal. \u00a0\u00a0<\/p>\n<p>Cuarto. \u00a0La \u00a0 \u00a0 \u00a0 dosificaci\u00f3n \u00a0 \u00a0 \u00a0 punitiva. \u00a0\u00a0<\/p>\n<p>Demostrada \u00a0la \u00a0existencia \u00a0de \u00a0la conducta \u00a0punible \u00a0 de \u00a0 Concierto \u00a0para \u00a0delinquir \u00a0Agravado, \u00a0y \u00a0la \u00a0responsabilidad \u00a0de \u00a0JAIME \u00a0 CERVANTES \u00a0 VARELO \u00a0mediante \u00a0pruebas legal y oportunamente allegadas al expediente, se impondr\u00e1 la \u00a0pena \u00a0conforme \u00a0a los criterios dispuestos para la determinaci\u00f3n\u00a0 de\u00a0 \u00a0la\u00a0 punibilidad en el \u00a0\u00a0<\/p>\n<p>Libro \u00a0I, T\u00edtulo IV, Cap\u00edtulo II, Art\u00edculo \u00a054 y siguientes del estatuto sustantivo. \u00a0\u00a0<\/p>\n<p>As\u00ed, como la conducta punible de concierto \u00a0para \u00a0delinquir agravado de acuerdo a lo prescrito en el Art. 340 inciso 2\u00b0 del \u00a0C. \u00a0P. \u00a0se sanciona con pena de prisi\u00f3n de seis (06) a doce (12) a\u00f1os, y multa \u00a0de \u00a0dos \u00a0mil \u00a0(2.000) \u00a0a veinte mil (20.000) salarios m\u00ednimos legales mensuales \u00a0vigentes, \u00a0el \u00a0\u00e1mbito punitivo de movilidad de la conducta punible investigada, \u00a0ser\u00e1 el siguiente: \u00a0\u00a0<\/p>\n<p>Cuarto M\u00ednimo de: 72 a 90 meses. \u00a0<\/p>\n<p>Primer Cuarto Medio de: 90 meses, 1 d\u00eda a 108 \u00a0meses. \u00a0\u00a0<\/p>\n<p>Segundo \u00a0Cuarto Medio de: 108 meses, 1 d\u00eda a \u00a0126 meses. \u00a0\u00a0<\/p>\n<p>Cuarto \u00a0M\u00e1ximo \u00a0de: \u00a0126 \u00a0meses 1 d\u00eda a 144 \u00a0meses. \u00a0\u00a0<\/p>\n<p>De acuerdo con ello y con lo dispuesto en el \u00a0inciso \u00a02 \u00a0del \u00a0Art. \u00a061 \u00a0del \u00a0C. \u00a0P., se aplicar\u00e1 en orden a individualizar la \u00a0sanci\u00f3n, \u00a0la \u00a0establecida \u00a0dentro \u00a0del \u00a0Cuarto M\u00ednimo, en virtud de no existir \u00a0atenuantes \u00a0ni \u00a0agravantes \u00a0diferentes \u00a0al ya tenido en cuenta en la imputaci\u00f3n \u00a0f\u00e1ctica, y la carencia de antecedentes penales (Art. 55 del C.P.). \u00a0\u00a0<\/p>\n<p>En cuanto a la mayor o menor gravedad de la \u00a0conducta, \u00a0el \u00a0da\u00f1o \u00a0real o potencial creado, la naturaleza de las causales que \u00a0agraven\u00a0\u00a0 \u00a0o\u00a0 \u00a0aten\u00faen\u00a0\u00a0 \u00a0la\u00a0 \u00a0punibilidad,\u00a0 \u00a0la\u00a0 \u00a0intensidad\u00a0 \u00a0del\u00a0 \u00a0dolo,\u00a0 \u00a0la \u00a0necesidad \u00a0de \u00a0pena y la \u00a0funci\u00f3n \u00a0que \u00a0ella ha de cumplir, la Sala hab\u00eda realizado una aproximaci\u00f3n al \u00a0tema en los siguientes t\u00e9rminos: \u00a0\u00a0<\/p>\n<p>\u00a0 \u00a0 \u00a0 \u00a0 \u00a0<\/p>\n<p>\u00a0\u00a0\u00a0\u00a0\u00a0\u00a0\u00a0 \u00a0\u201cEn \u00a0ese \u00a0orden, la creaci\u00f3n o incremento del riesgo contra el bien jur\u00eddico \u00a0de \u00a0la \u00a0seguridad p\u00fablica admite ponderaciones del aporte, pues no es lo mismo, \u00a0en \u00a0el \u00a0marco \u00a0del \u00a0juicio \u00a0de exigibilidad personal y social, el peligro que al \u00a0bien \u00a0 jur\u00eddico \u00a0le \u00a0crea \u00a0la \u00a0conducta \u00a0de \u00a0quien \u00a0ostenta \u00a0la \u00a0condici\u00f3n \u00a0de \u00a0Congresista \u00a0de \u00a0la \u00a0de \u00a0quien \u00a0aspira \u00a0a \u00a0hacerlo, o el comportamiento de\u00a0 \u00a0quien\u00a0 \u00a0por \u00a0su\u00a0 \u00a0fugaz\u00a0 \u00a0tr\u00e1nsito \u00a0o \u00a0su paso epis\u00f3dico por el \u00a0Congreso, \u00a0no\u00a0 \u00a0tuvo \u00a0oportunidad\u00a0 \u00a0de \u00a0incidir en temas puntuales que \u00a0beneficien \u00a0en \u00a0concreto \u00a0a \u00a0las autodefensas, a\u00fan cuando por la sola manera de \u00a0acceder \u00a0al \u00a0cargo \u00a0haya \u00a0estado \u00a0en \u00a0potencialidad \u00a0de \u00a0hacerlo, situaci\u00f3n que \u00a0explica \u00a0 ese \u00a0 m\u00ednimo \u00a0\u201cdesvalor \u00a0de \u00a0peligro\u201d, \u00a0indispensable \u00a0para\u00a0 \u00a0conferirle\u00a0 \u00a0contenido\u00a0 \u00a0a\u00a0 \u00a0la\u00a0 efectividad\u00a0 del\u00a0 \u00a0peligro \u00a0de \u00a0que trata la categor\u00eda dogm\u00e1tica de la antijuridicidad (art\u00edculo \u00a011 de la ley 599 de 2000), que es a su vez una medida de la pena, \u00a0\u00a0<\/p>\n<p>pues \u00a0 \u00a0la \u00a0 sanci\u00f3n\u00a0 \u00a0 se \u00a0 debe \u00a0individualizar \u00a0teniendo \u00a0en \u00a0cuenta \u00a0\u201cel \u00a0da\u00f1o \u00a0real \u00a0o \u00a0potencial creado\u201d \u00a0(art\u00edculo 61 de la ley 599 de 2000). \u00a0\u00a0<\/p>\n<p>\u00a0 \u00a0 \u00a0 \u00a0 \u00a0<\/p>\n<p>Eso \u00a0significa \u00a0que \u00a0la conducta del doctor \u00a0CERVANTES \u00a0VARELO corresponde \u00a0a \u00a0 una \u00a0 conducta \u00a0 que \u00a0elev\u00f3 \u00a0el \u00a0riesgo \u00a0interferencia\u00a0 \u00a0con \u00a0el \u00a0bien \u00a0jur\u00eddico,13 \u00a0\u00a0<\/p>\n<p>pues \u00a0existen, como se ha indicado, datos \u00a0objetivos \u00a0que \u00a0denotan \u00a0la \u00a0antijuridicidad\u00a0\u00a0 \u00a0del\u00a0 \u00a0da\u00f1o\u00a0 \u00a0y\u00a0 \u00a0que\u00a0 le confieren sentido al \u201cm\u00ednimo desvalor de peligro\u201d que \u00a0sustenta \u00a0la \u00a0antijuridicidad \u00a0material como desvalor de resultado, al punto que \u00a0desde \u00a0su \u00a0oficina \u00a0despachaba \u00a0CARLOS \u00a0MARIO \u00a0GARCIA \u00a0AVILA,\u00a0 \u00a0alias\u00a0 \u00a0\u201cEL\u00a0 \u00a0 MEDICO\u00a0 \u00a0 y\/o\u00a0 \u00a0 GONZALO\u201d,\u00a0 \u00a0lo\u00a0 \u00a0cual\u00a0 \u00a0amerita una \u00a0\u00a0<\/p>\n<p>sanci\u00f3n \u00a0que vaya m\u00e1s all\u00e1 del m\u00ednimo del \u00a0primer \u00a0cuarto, \u00a0como corresponde a la necesaria ecuaci\u00f3n entre conducta, da\u00f1o \u00a0y proporcionalidad de la respuesta. \u00a0\u00a0<\/p>\n<p>Adem\u00e1s, \u00a0 entend\u00eda \u00a0 por \u00a0su \u00a0posici\u00f3n \u00a0funcional \u00a0en \u00a0el \u00a0Estado la gravedad de la conducta, por lo que la pena m\u00ednima \u00a0merece \u00a0incrementarse \u00a0en \u00a0catorce meses, lo que significa que ser\u00e1 de 90 meses \u00a0de \u00a0prisi\u00f3n. \u00a0Pero, \u00a0por \u00a0la \u00a0contribuci\u00f3n \u00a0a la realizaci\u00f3n del principio de \u00a0econom\u00eda \u00a0procesal \u00a0y \u00a0por \u00a0los \u00a0efectos simb\u00f3licos de la misma en cuanto a la \u00a0legitimidad \u00a0que \u00a0la \u00a0\u201csentencia \u00a0anticipada\u201d \u00a0le \u00a0confiere \u00a0a \u00a0la respuesta \u00a0punitiva, \u00a0se rebajar\u00e1 la pena en 45 meses, que corresponden a una disminuci\u00f3n \u00a0del \u00a050% \u00a0de \u00a0la \u00a0sanci\u00f3n \u00a0impuesta, \u00a0conforme \u00a0a la opini\u00f3n mayoritaria de la \u00a0Sala. \u00a0\u00a0<\/p>\n<p>La \u00a0pena de multa correr\u00e1 la misma suerte, \u00a0es \u00a0decir, \u00a0que \u00a0la \u00a0que en principio ser\u00eda de 20.000 salarios m\u00ednimos legales \u00a0mensuales,\u00a0 \u00a0se\u00a0 \u00a0debe\u00a0 \u00a0disminuir\u00a0 en\u00a0 una proporci\u00f3n \u00a0del \u00a050%, \u00a0para \u00a0quedar \u00a0en \u00a0definitiva \u00a0en \u00a010.000 \u00a0salarios \u00a0m\u00ednimos \u00a0legales \u00a0mensuales. \u00a0\u00a0<\/p>\n<p>Por \u00faltimo, de conformidad con el art\u00edculo \u00a052 \u00a0del \u00a0C\u00f3digo \u00a0Penal, \u00a0la \u00a0Sala \u00a0condenar\u00e1 \u00a0a JAIME \u00a0CERVANTES \u00a0 \u00a0VARELO \u00a0 \u00a0a \u00a0 la \u00a0 pena \u00a0 accesoria \u00a0 de \u00a0inhabilitaci\u00f3n \u00a0para \u00a0el \u00a0ejercicio \u00a0de \u00a0derechos \u00a0y \u00a0funciones \u00a0p\u00fablicas \u00a0por \u00a0un \u00a0tiempo \u00a0igual \u00a0al \u00a0de la \u00a0pena principal. \u00a0\u00a0<\/p>\n<p>Es \u00a0igualmente \u00a0claro que de acuerdo con el \u00a0art\u00edculo \u00a056 \u00a0del C\u00f3digo de \u00a0Procedimiento \u00a0Penal, \u00a0al \u00a0no \u00a0haberse\u00a0 \u00a0probado\u00a0 \u00a0que \u00a0se\u00a0 \u00a0 \u00a0hubiesen \u00a0 causado \u00a0 perjuicios \u00a0materiales \u00a0y \u00a0morales, \u00a0no \u00a0procede \u00a0la \u00a0condena por ese aspecto. \u00a0\u00a0<\/p>\n<p>Sexto. \u00a0 Para \u00a0finalizar, \u00a0se advierte que no proceden ni la suspensi\u00f3n condicional de la pena \u00a0ni \u00a0la \u00a0sustituci\u00f3n \u00a0por la prisi\u00f3n domiciliaria. En ambos casos por impedirlo \u00a0un \u00a0requisito \u00a0objetivo: \u00a0en \u00a0el \u00a0primero, \u00a0porque \u00a0le ley autoriza el subrogado \u00a0frente \u00a0a \u00a0penas \u00a0que \u00a0no \u00a0excedan \u00a0de \u00a0tres a\u00f1os de prisi\u00f3n y en este caso la \u00a0impuesta \u00a0supera \u00a0ese \u00a0monto; y en el segundo,\u00a0 porque\u00a0 s\u00f3lo es\u00a0 \u00a0viable \u00a0la sustituci\u00f3n cuando la pena m\u00ednima prevista en la ley para el delito \u00a0sea 5 a\u00f1os de prisi\u00f3n o menos, presupuesto que no se satisface. \u00a0\u00a0<\/p>\n<p>\u00a0 \u00a0\u00a0 \u00a0\u00a0 \u00a0\u00a0Tampoco \u00a0 resulta \u00a0 procedente \u00a0 la \u00a0 concesi\u00f3n \u00a0 de \u00a0 la \u00a0prisi\u00f3n \u00a0domiciliaria\u00a0\u00a0\u00a0 \u00a0por\u00a0 \u00a0enfermedad,\u00a0 pues\u00a0 la\u00a0 \u00a0Profesional\u00a0 Universitario \u00a0\u00a0<\/p>\n<p>Forense \u00a0del \u00a0Instituto \u00a0Nacional de Medicina \u00a0Legal,\u00a0 \u00a0 mediante \u00a0informe \u00a0m\u00e9dico \u00a0No. \u00a0BOG-2013-004553 \u00a0de \u00a0febrero \u00a028 \u00a0hoga\u00f1o, concluye: \u00a0\u00a0<\/p>\n<p>\u201cCon los elementos de juicios (sic) hasta \u00a0el \u00a0momento \u00a0obtenidos, con base en el examen f\u00edsico del se\u00f1or JAIME CERVANTES \u00a0VARELO se puede determinar: \u00a0\u00a0<\/p>\n<p>\u00a0 \u00a0\u00a0<\/p>\n<p>1. Al \u00a0momento \u00a0del examen del se\u00f1or Cervantes Varelo no se encuentran \u00a0signos \u00a0cl\u00ednicos \u00a0de \u00a0enfermedad \u00a0que \u00a0permitan fundamentar un estado grave por \u00a0enfermedad. \u00a0 \u00a0\u00a0<\/p>\n<p>\u00a0 \u00a0\u00a0<\/p>\n<p>1. Las \u00a0patolog\u00edas \u00a0que \u00a0padece el se\u00f1or Cervantes Varelo no requiere \u00a0manejo \u00a0 \u00a0de \u00a0 \u00a0urgencias \u00a0 \u00a0ni \u00a0 \u00a0intrahospitalario, \u00a0 \u00a0puede \u00a0 \u00a0ser \u00a0 manejado \u00a0ambulatoriamente. \u00a0 \u00a0\u00a0<\/p>\n<p>\u00a0 \u00a0\u00a0<\/p>\n<p>1. Requiere \u00a0 valoraci\u00f3n \u00a0 por \u00a0proctolog\u00eda, \u00a0dicha \u00a0orden \u00a0debe \u00a0ser \u00a0expedida desde su despacho. \u00a0 \u00a0\u00a0<\/p>\n<p>\u00a0 \u00a0\u00a0<\/p>\n<p>1. Requiere \u00a0valoraci\u00f3n \u00a0por \u00a0especialista \u00a0en \u00a0Medina Interna con los \u00a0conceptos \u00a0de los especialistas (Medicina Interna y Proctolog\u00eda) ser\u00e1 valorado \u00a0nuevamente\u00a0\u00a0 \u00a0 \u00a0 \u00a0 en\u00a0\u00a0 \u00a0 \u00a0 \u00a0tres\u00a0 \u00a0 \u00a0 \u00a0(3)\u00a0\u00a0 \u00a0meses\u00a0\u00a0 o\u00a0\u00a0 antes\u00a0\u00a0 si las \u00a0 \u00a0\u00a0<\/p>\n<p>condiciones \u00a0cl\u00ednicas del paciente as\u00ed lo \u00a0amerita y\/o su despacho lo considera necesario.\u201d \u00a0\u00a0<\/p>\n<p>Teniendo \u00a0en \u00a0cuenta \u00a0que \u00a0de \u00a0acuerdo a la \u00a0profesional \u00a0de \u00a0la medicina adscrita al Instituto Colombiano de Medicina Legal, \u00a0la \u00a0situaci\u00f3n \u00a0m\u00e9dica \u00a0del \u00a0ac\u00e1 procesado no es compatible con el concepto de \u00a0grave \u00a0enfermedad, \u00a0no son admisibles los argumentos expuestos por la defensa en \u00a0orden \u00a0 \u00a0a \u00a0 \u00a0que \u00a0 \u00a0se \u00a0 \u00a0sustituya \u00a0 \u00a0la \u00a0 \u00a0prisi\u00f3n \u00a0 \u00a0intramural \u00a0 \u00a0por \u00a0 la \u00a0domiciliaria. \u00a0\u00a0<\/p>\n<p>\u00a0 \u00a0\u00a0 \u00a0\u00a0 \u00a0\u00a0S\u00e9ptimo. \u00a0Como \u00a0la \u00a0se\u00f1ora LOLYLUZ MARIA \u00a0QUIROZ \u00a0se refiri\u00f3 a la comisi\u00f3n del delito de Homicidio en CESAR PICON, en el \u00a0que \u00a0se \u00a0menciona \u00a0a\u00a0 \u00a0JAIME\u00a0 \u00a0CERVANTES\u00a0 \u00a0VARELO \u00a0como \u00a0presunto \u00a0part\u00edcipe \u00a0del \u00a0mismo, \u00a0se \u00a0compulsara \u00a0copias con\u00a0 destino a la Fiscal\u00eda \u00a0General \u00a0de \u00a0la \u00a0Naci\u00f3n \u00a0para que se realice la investigaci\u00f3n correspondiente. \u00a0\u00a0<\/p>\n<p>Por lo expuesto, La \u00a0Sala \u00a0 de \u00a0 Casaci\u00f3n \u00a0 penal \u00a0 de \u00a0la \u00a0Corte \u00a0Suprema \u00a0de \u00a0Justicia, \u00a0Administrando \u00a0Justicia en nombre de la \u00a0Rep\u00fablica \u00a0 \u00a0de \u00a0 \u00a0Colombia \u00a0 \u00a0y \u00a0 \u00a0por \u00a0 Autoridad \u00a0 de \u00a0 la \u00a0 ley, \u00a0\u00a0<\/p>\n<p>Resuelve \u00a0<\/p>\n<p>\u00a0 \u00a0 \u00a0 \u00a0 \u00a0<\/p>\n<p>Primero. \u00a0 \u00a0 Condenar \u00a0 \u00a0anticipadamente \u00a0al \u00a0doctor JAIME CERVANTES \u00a0VARELO \u00a0de notas civiles y personales indicadas en esta \u00a0providencia, \u00a0a \u00a0la \u00a0pena \u00a0principal \u00a0de \u00a045 meses de prisi\u00f3n, a la de multa en \u00a0cuant\u00eda \u00a0de \u00a010.000 \u00a0salarios\u00a0\u00a0 m\u00ednimos\u00a0 legales mensuales, y a \u00a0la \u00a0 accesoria \u00a0 de \u00a0inhabilitaci\u00f3n \u00a0para \u00a0el \u00a0ejercicio \u00a0de \u00a0derechos \u00a0y\u00a0 \u00a0funciones\u00a0 \u00a0p\u00fablicas\u00a0 \u00a0por\u00a0 \u00a0un \u00a0tiempo \u00a0igual \u00a0al \u00a0de \u00a0la \u00a0pena \u00a0privativa \u00a0de \u00a0la \u00a0libertad, \u00a0como \u00a0autor \u00a0responsable\u00a0 del delito de\u00a0 \u00a0concierto\u00a0 \u00a0para\u00a0 \u00a0promover\u00a0 \u00a0grupos \u00a0armados al margen de la ley \u00a0(art\u00edculo 340 inciso 2\u00ba de la Ley 599 de 2000). \u00a0\u00a0<\/p>\n<p>Segundo. \u00a0No \u00a0son \u00a0procedentes, \u00a0por las razones expuestas, la condena en perjuicios, la condena de \u00a0ejecuci\u00f3n condicional y la prisi\u00f3n domiciliaria. \u00a0\u00a0<\/p>\n<p>Tercero. \u00a0 \u00a0 Comp\u00falsense \u00a0las \u00a0copias \u00a0pertinentes \u00a0con destino a la Fiscal\u00eda General de la \u00a0Naci\u00f3n \u00a0para \u00a0que \u00a0se \u00a0investigue \u00a0la posible participaci\u00f3n de JAIME CERVANTES \u00a0VARELO en el delito de homicidio de CRISTOBAL PICON. \u00a0\u00a0<\/p>\n<p>Cuarto. Rem\u00edtase \u00a0el \u00a0 proceso \u00a0 al \u00a0Juzgado \u00a0de \u00a0Ejecuci\u00f3n \u00a0de \u00a0Penas \u00a0y \u00a0Medidas \u00a0de \u00a0Seguridad \u00a0\u2013Reparto\u2013 \u00a0 \u00a0 \u00a0para \u00a0 \u00a0 \u00a0lo \u00a0 \u00a0 \u00a0de \u00a0 \u00a0 \u00a0su \u00a0competencia. \u00a0\u00a0<\/p>\n<p>Notif\u00edquese y C\u00famplase \u00a0<\/p>\n<p>JOSE LEONIDAS BUSTOS MARTINEZ \u00a0<\/p>\n<p>JOS\u00c9 \u00a0LUIS \u00a0BARCEL\u00d3 CAMACHO\u00a0\u00a0 \u00a0FERNANDO \u00a0 \u00a0 \u00a0 \u00a0 \u00a0 \u00a0 \u00a0 \u00a0 \u00a0 \u00a0 \u00a0 \u00a0 \u00a0 \u00a0 \u00a0ALBERTO \u00a0 \u00a0 \u00a0 \u00a0 \u00a0 \u00a0 \u00a0 \u00a0 \u00a0 \u00a0 \u00a0 \u00a0 \u00a0 \u00a0 CASTRO \u00a0CABALLERO\u00a0\u00a0\u00a0\u00a0\u00a0\u00a0\u00a0\u00a0\u00a0\u00a0 \u00a0\u00a0<\/p>\n<p>MARIA \u00a0 \u00a0 DEL \u00a0 \u00a0 R. \u00a0 \u00a0 GONZALEZ \u00a0MU\u00d1OZ\u00a0\u00a0\u00a0 GUSTAVO ENRIQUE MALO FERNANDEZ \u00a0\u00a0<\/p>\n<p>LUIS \u00a0 \u00a0 GUILLERMO \u00a0 \u00a0 SALAZAR \u00a0OTERO\u00a0\u00a0\u00a0\u00a0\u00a0\u00a0\u00a0\u00a0\u00a0\u00a0\u00a0\u00a0\u00a0\u00a0\u00a0\u00a0\u00a0\u00a0\u00a0\u00a0\u00a0 \u00a0JAVIER ZAPATA ORTIZ \u00a0\u00a0<\/p>\n<p>NUBIA YOLANDA NOVA GARCIA \u00a0<\/p>\n<p>Secretaria \u00a0<\/p>\n<p>\u00a0 \u00a0\u00a0<\/p>\n<p>1 \u00a0Al \u00a0proceso \u00a0penal, \u00a0sobre \u00a0todo \u00a0al \u00a0modelo que participa de la categor\u00eda conocida \u00a0como \u00a0sistema \u00a0\u201csistema \u00a0continental \u00a0europeo\u201d, \u00a0se \u00a0le incorporaron figuras \u00a0propias del sistema anglo americano. \u00a0\u00a0<\/p>\n<p>2 \u00a0En \u00a0los \u00a0 \u00a0art\u00edculos \u00a0 \u00a037 \u00a0(modificado \u00a0 \u00a0por \u00a0 \u00a0la \u00a0 \u00a0ley \u00a0 \u00a0365 \u00a0 \u00a0de \u00a0 \u00a01997)\u00a0 \u00a0 \u00a0y \u00a0 \u00a037A \u00a0 del \u00a0 decreto \u00a0 2700 \u00a0 de \u00a0 1991 \u00a0(incorporado\u00a0 \u00a0por \u00a0la ley 81 de 1993), se incorporaron al sistema procesal \u00a0los \u00a0institutos \u00a0de \u00a0la \u00a0sentencia \u00a0anticipada y de la audiencia especial. En la \u00a0primera \u00a0se \u00a0part\u00eda \u00a0de la aceptaci\u00f3n simple y llana de los cargos formulados; \u00a0mientras \u00a0 que \u00a0en \u00a0la \u00a0Audiencia \u00a0especial, \u00a0el \u00a0acuerdo \u00a0versaba \u00a0\u201csobre \u00a0la \u00a0adecuaci\u00f3n \u00a0t\u00edpica, \u00a0el grado de participaci\u00f3n, la forma de culpabilidad, las \u00a0circunstancias \u00a0del \u00a0delito, \u00a0la pena y la condena de ejecuci\u00f3n condicional, la \u00a0preclusi\u00f3n \u00a0por \u00a0otros \u00a0comportamientos \u00a0sancionados \u00a0con pena menor, siempre y \u00a0cuando \u00a0exista \u00a0duda \u00a0probatoria \u00a0sobre \u00a0su \u00a0existencia.\u201d \u00a0Al sindicado que se \u00a0acog\u00eda \u00a0a la audiencia especial se le reconoc\u00eda un beneficio de rebaja de pena \u00a0de una sexta a una tercera parte. \u00a0\u00a0<\/p>\n<p>3 Cfr, \u00a0por \u00a0todos, \u00a0lo \u00a0dicho \u00a0en \u00a0la \u00a0Sentencia \u00a0del \u00a09 de diciembre de 2006, radicado \u00a029.202, en la cual se expres\u00f3: \u00a0\u00a0<\/p>\n<p>\u201cEsta \u00a0 Corporaci\u00f3n \u00a0 en \u00a0 decisiones \u00a0mayoritarias \u00a0ven\u00eda \u00a0negando \u00a0la \u00a0posibilidad \u00a0de \u00a0aplicar por favorabilidad la \u00a0rebaja \u00a0punitiva \u00a0contemplada \u00a0en el art\u00edculo 351 de la ley 906 de 2004 a casos \u00a0tramitados \u00a0en \u00a0vigencia \u00a0del \u00a0art\u00edculo 40 de la ley 600 de 2000, al considerar \u00a0que \u00a0la \u00a0sentencia \u00a0anticipada \u00a0es \u00a0una instituci\u00f3n diferente al allanamiento o \u00a0aceptaci\u00f3n \u00a0de \u00a0cargos \u00a0que \u00a0prev\u00e9 el sistema acusatorio imperante, lo cual no \u00a0permit\u00eda consecuencia favorable alguna. \u00a0\u00a0<\/p>\n<p>\u201cEsa tesis jurisprudencial fue variada en \u00a0providencia \u00a0del \u00a08 \u00a0abril \u00a0de \u00a02008, \u00a0radicado \u00a025306, \u00a0con \u00a0posterioridad a la \u00a0sentencia \u00a0dictada \u00a0en \u00a0este \u00a0asunto por el Tribunal (enero 17 de 2008), fecha a \u00a0partir \u00a0de \u00a0la \u00a0cual Sala en criterio igualmente mayoritario viene aceptando que \u00a0el \u00a0instituto \u00a0del \u00a0allanamiento \u00a0a \u00a0cargos \u00a0guarda \u00a0similitud \u00a0con \u00a0la \u00a0antigua \u00a0sentencia \u00a0anticipada \u00a0y, \u00a0por \u00a0tanto, \u00a0es \u00a0factible reconocer la rebaja de pena \u00a0consagrada \u00a0en \u00a0el art\u00edculo 351 de la ley 906 de 2004,\u00a0 respecto de hechos \u00a0cometidos en vigencia de la ley 600 de 2000.\u201d \u00a0\u00a0<\/p>\n<p>4 \u00a0Schuneman \u00a0Bernard, \u00a0Temas actuales y permanentes del Derecho penal despu\u00e9s del \u00a0milenio. Ed. Tecnos. Madrid. 2002. \u00a0\u00a0<\/p>\n<p>5 \u00a0Sentencia contra Robert Mendoza \u00a0\u00a0<\/p>\n<p>6 \u00a0 Cfr, \u00a0 por \u00a0 todos, \u00a0Sentencia \u00a0C \u00a01300 \u00a0de \u00a02001 \u00a0de \u00a0la \u00a0Corte \u00a0Constitucional, en la cual se expres\u00f3: \u00a0\u00a0<\/p>\n<p>\u201cLa aceptaci\u00f3n \u00a0de \u00a0los \u00a0hechos \u00a0obra como confesi\u00f3n simple. La Corte \u00a0Constitucional \u00a0ha \u00a0dicho \u00a0que adem\u00e1s de la aceptaci\u00f3n por parte del sindicado \u00a0de \u00a0los \u00a0hechos \u00a0materia \u00a0del \u00a0proceso, \u00a0\u00e9ste \u00a0acepta \u201cla existencia de plena \u00a0prueba \u00a0 que \u00a0 demuestra \u00a0 su \u00a0 responsabilidad \u00a0como \u00a0autor \u00a0o \u00a0part\u00edcipe \u00a0del \u00a0il\u00edcito\u201d. (resaltado fuera de texto) \u00a0\u00a0<\/p>\n<p>7 \u00a0Cfr., \u00a0 Corte \u00a0 Suprema \u00a0 de \u00a0 Justicia, \u00a0Sala de casaci\u00f3n Penal, radicado 26.942, auto del 14 de mayo de \u00a02007, \u00a0reiterada \u00a0en \u00a0la \u00a0sentencia \u00a0del \u00a025 de noviembre de 2008, en la cual se \u00a0indic\u00f3: \u00a0\u00a0<\/p>\n<p>\u201cEl \u00a0art\u00edculo \u00a0340 \u00a0del \u00a0C\u00f3digo Penal \u00a0define \u00a0diversas \u00a0formas \u00a0de \u00a0ataque \u00a0al \u00a0bien \u00a0jur\u00eddico \u00a0que denotan la manera \u00a0progresiva \u00a0como \u00a0se \u00a0atenta \u00a0contra \u00a0la \u00a0seguridad p\u00fablica. As\u00ed, en el inciso \u00a0segundo, \u00a0es \u00a0el \u00a0acuerdo de voluntades para promocionar, organizar, financiar o \u00a0armar \u00a0grupos armados al margen de la ley lo que le da sentido al injusto, en el \u00a0contexto \u00a0de \u00a0una modalidad muy propia de los tipos de peligro; y en el tercero, \u00a0desde \u00a0la \u00a0\u00f3ptica \u00a0de \u00a0la \u00a0efectiva \u00a0lesi\u00f3n, se sanciona la conducta de armar, \u00a0financiar \u00a0o \u00a0promocionar a tales grupos. Eso implica que se describen conductas \u00a0secuenciales \u00a0en \u00a0escala \u00a0de \u00a0menor \u00a0a \u00a0mayor gravedad cuya lesividad se refleja \u00a0precisamente \u00a0en \u00a0el \u00a0tratamiento \u00a0punitivo, \u00a0como \u00a0corresponde \u00a0al principio de \u00a0proporcionalidad.\u201d \u00a0\u00a0<\/p>\n<p>De igual manera, se\u00f1al\u00f3: \u00a0<\/p>\n<p>\u201cEn \u00a0la \u00a0escala progresiva de protecci\u00f3n \u00a0de\u00a0 \u00a0bienes \u00a0jur\u00eddicos, \u00a0el \u00a0acuerdo \u00a0que \u00a0da \u00a0origen \u00a0al \u00a0concierto \u00a0para \u00a0organizar, \u00a0promover, \u00a0armar \u00a0o \u00a0financiar \u00a0grupos \u00a0al \u00a0margen \u00a0de \u00a0la \u00a0ley, \u00a0se \u00a0diferencia \u00a0de \u00a0la \u00a0efectiva \u00a0organizaci\u00f3n, \u00a0fomento, \u00a0promoci\u00f3n, direcci\u00f3n y \u00a0financiaci\u00f3n \u00a0del \u00a0concierto, moldeando diferentes penas seg\u00fan la ponderaci\u00f3n \u00a0del \u00a0aporte que se traduce en un mayor desvalor de la conducta y en un juicio de \u00a0exigibilidad \u00a0personal \u00a0y \u00a0social \u00a0mucho m\u00e1s dr\u00e1stico para quien efectivamente \u00a0organiza, \u00a0fomenta, \u00a0promueve, \u00a0arma o financia el concierto para delinquir, que \u00a0para quien s\u00f3lo lo acuerda.\u201d 7 \u00a0\u00a0<\/p>\n<p>8 \u00a0\u201cDesde la perspectiva positivista, toda norma es un \u00a0momento \u00a0con \u00a0vocaci\u00f3n \u00a0de \u00a0eternidad \u00a0o \u00a0una eternidad provisional\u2026 Entre la \u00a0promulgaci\u00f3n\u00a0 \u00a0y \u00a0la \u00a0derogaci\u00f3n \u00a0de \u00a0la \u00a0ley \u00a0no \u00a0sucede \u00a0nada. \u00a0No \u00a0hay \u00a0tiempo\u2026Pero \u00a0el \u00a0tiempo hecho cultura impregna la aplicaci\u00f3n del derecho y lo \u00a0va \u00a0 transformando \u00a0 tanto \u00a0 desde \u00a0 fuera \u00a0 como \u00a0desde \u00a0dentro\u201d.\u00a0 \u00a0\u00a0<\/p>\n<p>9 \u00a0Sentencia \u00a0del \u00a021 \u00a0de \u00a0febrero \u00a0de \u00a02011, \u00a0radicado \u00a027.918 \u00a0\u00a0<\/p>\n<p>10 \u00a0Pe\u00f1a \u00a0Infante, \u00a0manifest\u00f3: \u00a0(9:10) \u00a0\u201cA \u00a0todas \u00a0estas, despu\u00e9s sale a la luz \u00a0p\u00fablica \u00a0la \u00a0captura de\u00a0 un se\u00f1or EDGAR IGNACIO FIERRO alias don Antonio, \u00a0persona \u00a0que \u00a0desconoc\u00eda, \u00a0no conoc\u00eda quien era, y manifiesta p\u00fablicamente de \u00a0que \u00a0\u00e9l \u00a0ten\u00eda \u00a0el \u00a0control \u00a0de \u00a0muchos \u00a0entes \u00a0del Estado y entre esos estaba \u00a0vinculado \u00a0el \u00a0Hospital \u00a0Materno \u00a0Infantil, \u00a0en \u00a0el \u00a0sentido \u00a0de \u00a0esta \u00a0noticia, \u00a0empezamos \u00a0a estudiar o a investigar, saber de que la hermana de este se\u00f1or era \u00a0en \u00a0el \u00a0fondo \u00a0la \u00a0Jefe \u00a0de \u00a0Control \u00a0Interno, muchos de esos familiares estaban \u00a0dentro \u00a0de \u00a0la \u00a0parte administrativa del Hospital como era su cu\u00f1ado, (\u2026), la \u00a0prima \u00a0hermana \u00a0JOHANA \u00a0CORTEZ \u00a0era la Jefe Jur\u00eddica, y otro tipo de familiares \u00a0(\u2026).\u201d \u00a0\u00a0<\/p>\n<p>11 En \u00a0su \u00a0versi\u00f3n se\u00f1al\u00f3 que d\u00edas depuse coincidencialmente observ\u00f3 en la c\u00e1rcel \u00a0en \u00a0un noticiero regional de televisi\u00f3n a Jaime Cervantes Varelo, y que por esa \u00a0raz\u00f3n \u00a0se \u00a0percat\u00f3 de que la persona a la cual se refer\u00eda era otra, a la cual \u00a0no est\u00e1 en capacidad de identificar. \u00a0\u00a0<\/p>\n<p>12 \u00a0Providencia del 20 de febrero de 2013. \u00a0\u00a0<\/p>\n<p>13 Al \u00a0interpretar \u00a0el \u00a0art\u00edculo \u00a061 \u00a0del c\u00f3digo penal de 1980, norma sustancialmente \u00a0id\u00e9ntica \u00a0a \u00a0la \u00a0del \u00a0actual \u00a0art\u00edculo \u00a061 \u00a0de \u00a0la ley 599 de 200l, la Sala en \u00a0Sentencia \u00a0de \u00a0Casaci\u00f3n \u00a0del 4 de agosto de 2004, radicado 20,.229, expres\u00f3 lo \u00a0siguiente: \u00a0\u00a0<\/p>\n<p>\u201cEn modo alguno, como se ve, el c\u00f3digo de \u00a01980 \u00a0dejaba \u00a0al arbitrio del juez la fijaci\u00f3n de la pena, pues se deb\u00eda tener \u00a0en \u00a0cuenta \u00a0la \u00a0naturaleza \u00a0y \u00a0gravedad de la conducta, es decir, el desvalor de \u00a0acci\u00f3n \u00a0y \u00a0de \u00a0resultado, \u00a0como \u00a0categor\u00edas \u00a0omnicomprensivas \u00a0de \u00a0la forma de \u00a0ejecuci\u00f3n \u00a0 del \u00a0 hecho \u00a0y \u00a0del \u00a0da\u00f1o \u00a0o \u00a0peligro \u00a0en \u00a0que \u00a0se \u00a0manifiesta \u00a0la \u00a0antijuridicidad \u00a0 del \u00a0 comportamiento, \u00a0 en \u00a0 orden \u00a0a \u00a0brindar \u00a0una \u00a0respuesta \u00a0proporcional a la agresi\u00f3n causada. \u00a0\u00a0<\/p>\n<p>Bien puede decirse con palabras de la Sala, \u00a0que \u00a0la \u00a0norma \u00a0corresponde \u00a0y se articula con &#8220;la libertad de configuraci\u00f3n de \u00a0que \u00a0dispone \u00a0el \u00a0legislador \u00a0para se\u00f1alarle a las diversas especies de delitos \u00a0diferentes \u00a0consecuencias \u00a0punitivas \u00a0de \u00a0acuerdo, \u00a0entre \u00a0otras razones, con la \u00a0naturaleza \u00a0 del \u00a0 bien \u00a0 jur\u00eddicamente \u00a0 protegido&#8221;, \u00a0 y \u00a0 con \u00a0la \u00a0&#8220;facultad \u00a0que \u00a0le \u00a0confiere \u00a0al \u00a0juzgador \u00a0para que en cada caso \u00a0valore \u00a0las circunstancias concretas que rodean el hecho espec\u00edfico, atendiendo \u00a0por \u00a0ejemplo \u00a0la \u00a0intensidad del injusto, que bien puede medirse por los efectos \u00a0nocivos \u00a0de \u00a0la conducta que se reprime.&#8221;*\u00a0\u00a0 \u00a0\u00a0<\/p>\n<p>Conducta, \u00a0lesividad y proporcionalidad, se \u00a0constituyen \u00a0as\u00ed \u00a0en \u00a0el primer presupuesto de la determinaci\u00f3n judicial de la \u00a0pena. \u00a0 \u00a0\u00a0<\/p>\n<p><\/p>\n","protected":false},"excerpt":{"rendered":"<p>\u00a0 \u00a0 \u00a0\u00a0 CORTE SUPREMA DE JUSTICIA \u00a0 SALA DE CASACION PENAL \u00a0 \u00a0 \u00a0 \u00a0 \u00a0 \u00a0 Aprobada acta n\u00famero 124 \u00a0 Bogot\u00e1, \u00a0 D.C, \u00a0 abril \u00a0 24 \u00a0 de \u00a0dos \u00a0mil \u00a0trece. \u00a0\u00a0 La Sala de Casaci\u00f3n Penal profiere sentencia \u00a0anticipada \u00a0 \u00a0 en \u00a0 \u00a0el \u00a0 \u00a0proceso \u00a0 \u00a0adelantado \u00a0 \u00a0contra [&hellip;]<\/p>\n","protected":false},"author":1,"featured_media":0,"comment_status":"open","ping_status":"open","sticky":false,"template":"","format":"standard","meta":{"footnotes":""},"categories":[21],"tags":[],"class_list":["post-25478","post","type-post","status-publish","format-standard","hentry","category-21"],"_links":{"self":[{"href":"https:\/\/dmsjuridica.com\/buscador_20179478954\/salapenalcronologico20230723\/wp-json\/wp\/v2\/posts\/25478","targetHints":{"allow":["GET"]}}],"collection":[{"href":"https:\/\/dmsjuridica.com\/buscador_20179478954\/salapenalcronologico20230723\/wp-json\/wp\/v2\/posts"}],"about":[{"href":"https:\/\/dmsjuridica.com\/buscador_20179478954\/salapenalcronologico20230723\/wp-json\/wp\/v2\/types\/post"}],"author":[{"embeddable":true,"href":"https:\/\/dmsjuridica.com\/buscador_20179478954\/salapenalcronologico20230723\/wp-json\/wp\/v2\/users\/1"}],"replies":[{"embeddable":true,"href":"https:\/\/dmsjuridica.com\/buscador_20179478954\/salapenalcronologico20230723\/wp-json\/wp\/v2\/comments?post=25478"}],"version-history":[{"count":0,"href":"https:\/\/dmsjuridica.com\/buscador_20179478954\/salapenalcronologico20230723\/wp-json\/wp\/v2\/posts\/25478\/revisions"}],"wp:attachment":[{"href":"https:\/\/dmsjuridica.com\/buscador_20179478954\/salapenalcronologico20230723\/wp-json\/wp\/v2\/media?parent=25478"}],"wp:term":[{"taxonomy":"category","embeddable":true,"href":"https:\/\/dmsjuridica.com\/buscador_20179478954\/salapenalcronologico20230723\/wp-json\/wp\/v2\/categories?post=25478"},{"taxonomy":"post_tag","embeddable":true,"href":"https:\/\/dmsjuridica.com\/buscador_20179478954\/salapenalcronologico20230723\/wp-json\/wp\/v2\/tags?post=25478"}],"curies":[{"name":"wp","href":"https:\/\/api.w.org\/{rel}","templated":true}]}}