{"id":25401,"date":"2023-09-12T19:49:03","date_gmt":"2023-09-12T19:49:03","guid":{"rendered":"https:\/\/dmsjuridica.com\/buscador_20179478954\/salapenalcronologico20230723\/2023\/09\/12\/2726724-07-13\/"},"modified":"2023-09-12T19:49:03","modified_gmt":"2023-09-12T19:49:03","slug":"2726724-07-13","status":"publish","type":"post","link":"https:\/\/dmsjuridica.com\/buscador_20179478954\/salapenalcronologico20230723\/2023\/09\/12\/2726724-07-13\/","title":{"rendered":"27267(24-07-13)"},"content":{"rendered":"\n<p>\u00a0 \u00a0 \u00a0\u00a0<\/p>\n<p>CORTE SUPREMA DE JUSTICIA \u00a0<\/p>\n<p>SALA DE CASACION PENAL \u00a0<\/p>\n<p>Acta n\u00famero. 236 \u00a0<\/p>\n<p>Bogot\u00e1 \u00a0D.C., \u00a0veinticuatro (24) de julio de \u00a0dos mil trece (2013). \u00a0\u00a0<\/p>\n<p>ASUNTO \u00a0<\/p>\n<p>La \u00a0Sala \u00a0de \u00a0Casaci\u00f3n Penal dicta sentencia \u00a0dentro \u00a0del juicio contra el\u00a0 ex Senador de la Rep\u00fablica, doctor \u00d3SCAR DE \u00a0JES\u00daS SU\u00c1REZ MIRA. \u00a0\u00a0<\/p>\n<p>HECHOS \u00a0<\/p>\n<p>Al \u00a0igual \u00a0que \u00a0en otras partes del pa\u00eds, el \u00a0departamento \u00a0de \u00a0Antioquia \u00a0no \u00a0fue \u00a0ajeno a la influencia de grupos armados al \u00a0margen \u00a0de la ley, que bajo el pretexto de luchar contra otros actores ilegales, \u00a0influyeron \u00a0en \u00a0el \u00a0quehacer \u00a0social y en la conformaci\u00f3n del poder local. Esta \u00a0situaci\u00f3n \u00a0se \u00a0vivi\u00f3 con mayor agudeza en el Urab\u00e1 Antioque\u00f1o, regi\u00f3n en la \u00a0cual \u00a0el \u00a0Bloque \u00a0\u201cElmer \u00a0C\u00e1rdenas\u201d \u00a0de las Autodefensas Unidas de Colombia \u00a0defini\u00f3 \u00a0las \u00a0reglas pol\u00edticas para las elecciones a Congreso de la Rep\u00fablica \u00a0en \u00a0el a\u00f1o 2002 y con la misma decisi\u00f3n mediante alianzas estrat\u00e9gicas en las \u00a0elecciones del a\u00f1o 2006. \u00a0\u00a0<\/p>\n<p>Tal \u00a0ser\u00eda \u00a0su \u00a0incidencia \u00a0que \u00a0antes de la \u00a0desmovilizaci\u00f3n, \u00a0Fredy Rend\u00f3n Herrera, alias \u201cEl Alem\u00e1n\u201d, comandante del \u00a0Bloque \u00a0\u201cElmer \u00a0C\u00e1rdenas\u201d, \u00a0defini\u00f3 \u00a0mediante \u00a0alianzas \u00a0estrat\u00e9gicas \u00a0el \u00a0porvenir \u00a0 pol\u00edtico \u00a0 de \u00a0 esa \u00a0regi\u00f3n, \u00a0realizando \u00a0consensos \u00a0il\u00edcitos \u00a0con \u00a0aspirantes \u00a0a \u00a0dignidades \u00a0nacionales y entre ellos con \u00d3scar de Jes\u00fas Su\u00e1rez \u00a0Mira, \u00a0quien \u00a0se benefici\u00f3 con una importante votaci\u00f3n para las elecciones del \u00a0\u00faltimo \u00a0a\u00f1o \u00a0citado, en una zona con la cual, salvo una espor\u00e1dica visita, no \u00a0ten\u00eda v\u00ednculos pol\u00edticos de importancia. \u00a0\u00a0<\/p>\n<p>Esos acuerdos, adem\u00e1s, construyen el ep\u00edlogo \u00a0de \u00a0otros \u00a0encuentros no autorizados por el Gobierno Nacional con otros l\u00edderes \u00a0ilegales, \u00a0en \u00a0los \u00a0cuales por fuera de los marcos institucionales se pretend\u00eda \u00a0trazar pautas acerca del proyecto de ley de justicia y paz. \u00a0\u00a0<\/p>\n<p>IDENTIDAD DEL PROCESADO \u00a0<\/p>\n<p>\u00d3SCAR \u00a0DE \u00a0JES\u00daS \u00a0SU\u00c1REZ \u00a0MIRA, \u00a0hijo \u00a0de \u00a0Emiliano \u00a0y Libia, natural de Bello, nacido el 19 de junio de 1959 y de 54 a\u00f1os \u00a0de \u00a0edad, \u00a0identificado \u00a0con \u00a0la \u00a0c\u00e9dula de ciudadan\u00eda n\u00famero 8.399.418 de la \u00a0misma \u00a0ciudad, casado, abogado de profesi\u00f3n, ex representante a la C\u00e1mara y ex \u00a0Senador de la Rep\u00fablica. \u00a0\u00a0<\/p>\n<p>ACTUACI\u00d3N PROCESAL \u00a0<\/p>\n<p>Mediante auto del 26 de enero de 2011, la Sala \u00a0de \u00a0Casaci\u00f3n Penal abri\u00f3 investigaci\u00f3n penal contra el entonces Senador de la \u00a0Rep\u00fablica, \u00a0doctor \u00a0\u00d3scar \u00a0de Jes\u00fas Su\u00e1rez Mira, por sus probables v\u00ednculos \u00a0con grupos armados al margen de la ley. \u00a0\u00a0<\/p>\n<p>Igualmente \u00a0orden\u00f3 \u00a0su \u00a0captura, \u00a0la cual se \u00a0materializ\u00f3 \u00a0en \u00a0la \u00a0misma \u00a0fecha. \u00a0El \u00a0d\u00eda \u00a0siguiente la Corte lo escuch\u00f3 en \u00a0diligencia \u00a0de \u00a0indagatoria, \u00a0y mediante decisi\u00f3n del 1\u00ba. de febrero del mismo \u00a0a\u00f1o \u00a0 le \u00a0 resolvi\u00f3 \u00a0 su \u00a0 situaci\u00f3n \u00a0 jur\u00eddica, \u00a0 imponi\u00e9ndole \u00a0medida \u00a0de \u00a0aseguramiento \u00a0de \u00a0detenci\u00f3n preventiva por la probable comisi\u00f3n del delito de \u00a0concierto \u00a0para \u00a0delinquir \u00a0agravado, \u00a0descrito en el numeral 2\u00ba, del art\u00edculo \u00a0340 del C\u00f3digo Penal. \u00a0\u00a0<\/p>\n<p>Luego de clausurar la investigaci\u00f3n penal, en \u00a0decisi\u00f3n \u00a0del \u00a04 \u00a0de \u00a0agosto de 2011, la Sala lo acus\u00f3 para que respondiera en \u00a0juicio \u00a0como \u00a0presunto autor del delito de concierto para delinquir agravado con \u00a0la \u00a0finalidad \u00a0de promover grupos armados al margen de la ley, contemplado en la \u00a0disposici\u00f3n \u00a0citada, \u00a0con \u00a0la \u00a0agravante \u00a0gen\u00e9rica de mayor punibilidad por su \u00a0posici\u00f3n distinguida en la sociedad. \u00a0\u00a0<\/p>\n<p>El \u00a0d\u00eda \u00a08 \u00a0de \u00a0noviembre \u00a0del mismo a\u00f1o se \u00a0llev\u00f3 \u00a0a \u00a0cabo \u00a0la \u00a0audiencia \u00a0preparatoria \u00a0y \u00a0el d\u00eda 26 de agosto de 2012 se \u00a0inici\u00f3 \u00a0el \u00a0debate p\u00fablico. Le corresponde ahora a la Sala dictar la sentencia \u00a0de m\u00e9rito. \u00a0\u00a0<\/p>\n<p>INTERVENCI\u00d3N DE LOS SUJETOS PROCESALES EN LA \u00a0AUDIENCIA P\u00daBLICA \u00a0\u00a0<\/p>\n<p>LA PROCURADUR\u00cdA \u00a0<\/p>\n<p>Luego \u00a0 de \u00a0efectuar \u00a0un \u00a0an\u00e1lisis \u00a0de \u00a0la \u00a0resoluci\u00f3n \u00a0de \u00a0acusaci\u00f3n \u00a0y \u00a0del \u00a0comportamiento \u00a0que \u00a0se le imputa al doctor \u00a0\u00d3scar \u00a0de \u00a0Jes\u00fas \u00a0Su\u00e1rez \u00a0Mira, el Ministerio P\u00fablico concluye que se cuenta \u00a0con \u00a0suficientes \u00a0elementos \u00a0de \u00a0convicci\u00f3n \u00a0para \u00a0solicitar la absoluci\u00f3n del \u00a0acusado, \u00a0por \u00a0cuanto \u00a0se \u00a0configura \u00a0una \u00a0duda \u00a0racional \u00a0que \u00a0impide \u00a0proferir \u00a0sentencia de condena en su contra. \u00a0\u00a0<\/p>\n<p>Sustenta \u00a0su petici\u00f3n a partir del an\u00e1lisis \u00a0de \u00a0diversos \u00a0medios \u00a0de \u00a0prueba \u00a0que \u00a0obran \u00a0en \u00a0el \u00a0proceso, comenzando con la \u00a0declaraci\u00f3n \u00a0de \u00a0Dagoberto \u00a0Tordecilla \u00a0Banquet, \u00a0que \u00a0en \u00a0su criterio no tiene \u00a0ning\u00fan \u00a0respaldo en el expediente, como igual ocurre con el testimonio de Fredy \u00a0Rend\u00f3n \u00a0Herrera, \u00a0alias \u00a0\u201cel \u00a0Alem\u00e1n\u201d, quien ofreci\u00f3 diferentes versiones \u00a0que \u00a0 impiden \u00a0atender \u00a0una \u00a0versi\u00f3n \u00a0absolutamente \u00a0contradictoria \u00a0acerca \u00a0de \u00a0improbables \u00a0encuentros, \u00a0acuerdos \u00a0o \u00a0relaciones \u00a0entre \u00a0su \u00a0grupo \u00a0ilegal y el \u00a0acusado. \u00a0\u00a0<\/p>\n<p>Expresa que las contradicciones inherentes al \u00a0testimonio \u00a0del \u00a0jefe \u00a0paramilitar \u00a0en relaci\u00f3n con un supuesto encuentro entre \u00a0\u00e9l \u00a0y \u00a0el \u00a0doctor \u00a0\u00d3scar \u00a0de Jes\u00fas Su\u00e1rez Mira son de una magnitud que no se \u00a0puede \u00a0ocultar y por lo evidentes obligan a desestimar ese testimonio como medio \u00a0de \u00a0prueba \u00a0id\u00f3neo \u00a0para \u00a0demostrar las relaciones pol\u00edticas en entredicho. En \u00a0esa \u00a0medida, \u00a0la \u00a0alusi\u00f3n a un encuentro furtivo en \u00e9poca de campa\u00f1a no tiene \u00a0ninguna \u00a0connotaci\u00f3n en relaci\u00f3n con la tipicidad del delito que se le imputa, \u00a0debido \u00a0a \u00a0la franca contradicci\u00f3n que subyace en sus diferentes intervenciones \u00a0procesales. \u00a0\u00a0<\/p>\n<p>Critica de igual manera el testimonio de Juan \u00a0Carlos \u00a0Sierra \u00a0Ram\u00edrez, \u00a0alias \u201cEl Tuso\u201d, en el sentido de que el supuesto \u00a0aporte \u00a0monetario \u00a0que asevera hizo a la campa\u00f1a del doctor Suarez Mira no pudo \u00a0ser \u00a0corroborado, bien por la negativa a declarar de alias \u201cRogelio\u201d ora por \u00a0la \u00a0muerte \u00a0de \u00a0alias \u201cDanielito\u201d, a quienes el testigo aludido dijo que les \u00a0entreg\u00f3 \u00a0el \u00a0dinero \u00a0para \u00a0financiar el proceso electoral del sindicado. Agrega \u00a0que \u00a0aqu\u00e9l \u00a0siempre \u00a0hizo \u00a0referencia a terceros para justificar una entrega de \u00a0dineros \u00a0nunca probada, de manera que su versi\u00f3n no ofrece ninguna credibilidad \u00a0ni m\u00e9rito alguno. \u00a0\u00a0<\/p>\n<p>Igual de inveros\u00edmil le parece la entrega de \u00a0una \u00a0cantidad de dinero no determinada en una reuni\u00f3n en el Hotel Chicamocha de \u00a0la \u00a0ciudad \u00a0de \u00a0Bucaramanga \u00a0por \u00a0parte \u00a0de \u00a0David \u00a0Hern\u00e1ndez a nombre de alias \u00a0\u201cJuli\u00e1n \u00a0Bol\u00edvar\u201d, \u00a0pues \u00a0no \u00a0existe \u00a0ninguna \u00a0prueba de que el acusado se \u00a0hubiese \u00a0desplazado \u00a0por \u00a0v\u00eda \u00a0a\u00e9rea \u00a0ni \u00a0terrestre \u00a0a \u00a0ese \u00a0lugar, y ante las \u00a0razonables \u00a0explicaciones ofrecidas en juicio por \u00e9ste, es forzoso concluir con \u00a0alto \u00a0grado \u00a0de \u00a0probabilidad, \u00a0que \u00a0\u00d3scar \u00a0de Jes\u00fas Su\u00e1rez Mira no estuvo en \u00a0Bucaramanga \u00a0el d\u00eda 3 de marzo de 2006 y en consecuencia no pudo haber asistido \u00a0a \u00a0la \u00a0reuni\u00f3n \u00a0del \u00a0Hotel Chicamocha y menos recibido los dineros a los que se \u00a0refiere el se\u00f1or Hern\u00e1ndez. \u00a0\u00a0<\/p>\n<p>En \u00a0cuanto a las supuestas amenazas a algunos \u00a0votantes \u00a0en \u00a0el \u00a0municipio \u00a0de \u00a0Bello, se\u00f1ala que en el juicio se desvirtuaron \u00a0y\u00a0 \u00a0las \u00a0contradicciones \u00a0e \u00a0incoherencias \u00a0en que incurrieron los testigos \u00a0respecto \u00a0del \u00a0tema \u00a0afectan \u00a0sustancialmente su credibilidad, luego no se tiene \u00a0una \u00a0 fuente \u00a0 seria \u00a0 que \u00a0hable \u00a0con \u00a0coherencia \u00a0y \u00a0univocidad \u00a0del \u00a0supuesto \u00a0\u201cconstre\u00f1imiento\u201d al elector. \u00a0\u00a0<\/p>\n<p>De otra parte, estima que con las constancias \u00a0expedidas \u00a0 por \u00a0la \u00a0Secretar\u00eda \u00a0del \u00a0Senado \u00a0de \u00a0la \u00a0Rep\u00fablica \u00a0se \u00a0demuestra \u00a0palmariamente \u00a0que \u00a0el imputado no fue gestor ni particip\u00f3 en la presentaci\u00f3n, \u00a0discusi\u00f3n \u00a0y \u00a0aprobaci\u00f3n \u00a0del proyecto de ley de Justicia y Paz, de manera que \u00a0la \u00a0reuni\u00f3n \u00a0realizada \u00a0en la finca de Hugo Albeiro Quintero en el municipio de \u00a0Bello \u00a0con algunos desmovilizados, no fue para discutir aspectos relativos a ese \u00a0proyecto legal. \u00a0\u00a0<\/p>\n<p>Por \u00a0\u00faltimo, no le confiere ning\u00fan cr\u00e9dito \u00a0al \u00a0testimonio \u00a0de \u00a0Jairo \u00a0Andr\u00e9s Ardila Murillo, quien se refiri\u00f3 a supuestos \u00a0nexos \u00a0del \u00a0procesado \u00a0con \u00a0grupos \u00a0de \u00a0delincuencia que actuaban en el Valle de \u00a0Aburr\u00e1, \u00a0pues \u00a0considera que obedece a un \u00e1nimo vindicativo en tanto atribuy\u00f3 \u00a0su \u00a0captura a la intervenci\u00f3n de la familia Su\u00e1rez Mira, y al af\u00e1n de obtener \u00a0beneficios \u00a0judiciales \u00a0no \u00a0siempre \u00a0bien \u00a0explicados. Como consecuencia de todo \u00a0ello, \u00a0 solicita \u00a0 a \u00a0 la \u00a0 Corte \u00a0que \u00a0absuelva \u00a0al \u00a0procesado \u00a0de \u00a0los \u00a0cargos \u00a0formulados. \u00a0\u00a0<\/p>\n<p>LA DEFENSA \u00a0<\/p>\n<p>Se\u00f1ala que la Sala fundament\u00f3 la acusaci\u00f3n \u00a0en varios supuestos, ninguno de ellos debidamente probado: \u00a0\u00a0<\/p>\n<p>El primero se relaciona con posibles alianzas \u00a0electorales \u00a0 con \u00a0grupos \u00a0armados \u00a0ilegales \u00a0en \u00a0el \u00a0Urab\u00e1 \u00a0Antioque\u00f1o \u00a0y \u00a0el \u00a0Departamento \u00a0del \u00a0Choc\u00f3. \u00a0En \u00a0cuanto \u00a0a \u00a0la \u00a0regi\u00f3n de Urab\u00e1, con base en la \u00a0siempre \u00a0contradictoria \u00a0declaraci\u00f3n \u00a0de \u00a0Fredy \u00a0Rend\u00f3n \u00a0Herrera, \u00a0alias \u201cel \u00a0Alem\u00e1n\u201d, \u00a0la \u00a0Sala pretende encontrar un indicio de improbables acuerdos o de \u00a0alianzas \u00a0inexistentes, \u00a0en \u00a0un \u00a0presunto \u00a0encuentro \u00a0entre el acusado y el jefe \u00a0paramilitar, \u00a0que \u00a0por \u00a0supuesto no fue querido ni buscado por el acusado, y por \u00a0eso, \u00a0como \u00a0lo \u00a0reconoce \u00a0aqu\u00e9l, \u00a0all\u00ed \u00a0no \u00a0se \u00a0sell\u00f3 ning\u00fan pacto o acuerdo \u00a0pol\u00edtico. \u00a0\u00a0<\/p>\n<p>Asegura \u00a0que \u00a0ese encuentro surgi\u00f3 de manera \u00a0casual \u00a0en \u00a0desarrollo \u00a0de \u00a0una \u00a0gira \u00a0pol\u00edtica, \u00a0y \u00a0que \u201cel Alem\u00e1n\u201d nunca \u00a0mencion\u00f3 \u00a0 haberse \u00a0 puesto \u00a0una \u00a0cita \u00a0con \u00a0el\u00a0 \u00a0Senador \u00a0o \u00a0que \u00a0hubiera \u00a0intermediado \u00a0alguna \u00a0persona para tal fin, raz\u00f3n por la cual de all\u00ed no puede \u00a0surgir \u00a0la \u00a0prueba \u00a0de \u00a0ning\u00fan pacto o convenio para promover o apoyar a grupos \u00a0amados \u00a0al \u00a0margen \u00a0de \u00a0la \u00a0ley, \u00a0pues los acuerdos il\u00edcitos por su esencia son \u00a0expresos \u00a0no \u00a0t\u00e1citos, \u00a0y no emergen de encuentros ocasionales que el procesado \u00a0no estaba en posibilidad de prever. \u00a0\u00a0<\/p>\n<p>De \u00a0 otra \u00a0 parte, \u00a0cuestiona \u00a0a \u00a0Dagoberto \u00a0Tordecilla \u00a0Banquet, \u00a0quien se empecin\u00f3 en sostener sin ning\u00fan fundamento, que \u00a0alias \u00a0 \u201cdon \u00a0 Germ\u00e1n\u201d, \u00a0 hermano \u00a0 de \u00a0 Fredy \u00a0 Rend\u00f3n \u00a0 Herrera, \u00a0apoy\u00f3 \u00a0pol\u00edticamente \u00a0al \u00a0doctor \u00a0\u00d3scar \u00a0de \u00a0Jes\u00fas \u00a0Su\u00e1rez \u00a0Mira \u00a0y que con ese fin \u00a0enviaba \u00a0dinero \u00a0con \u00a0algunas \u00a0personas \u00a0a la campa\u00f1a, afirmaci\u00f3n sin respaldo \u00a0probatorio, \u00a0pues no se estableci\u00f3 que entre\u00a0 alias \u201cdon Germ\u00e1n\u201d y el \u00a0doctor \u00a0Suarez \u00a0Mira \u00a0existiese alg\u00fan tipo de relaci\u00f3n pol\u00edtica o econ\u00f3mica, \u00a0cuesti\u00f3n \u00a0que \u00a0se \u00a0confirm\u00f3 \u00a0con \u00a0la \u00a0declaraci\u00f3n \u00a0de Manuel Morales Rengifo, \u00a0quedando \u00a0en la autarqu\u00eda y sin mayor comprobaci\u00f3n el testimonio de Tordecilla \u00a0Banquet. \u00a0\u00a0<\/p>\n<p>Tampoco se pudo probar la presunta alianza con \u00a0Alberto \u00a0Jim\u00e9nez \u00a0y \u00a0el apoyo de \u00e9ste como f\u00f3rmula pol\u00edtica del Senador para \u00a0la \u00a0C\u00e1mara \u00a0de \u00a0Representantes, \u00a0hecho \u00a0desvirtuado \u00a0en \u00a0el \u00a0juicio, al haberse \u00a0comprobado \u00a0que no compartieron sede pol\u00edtica, ni publicidad, o concentraciones \u00a0p\u00fablicas, \u00a0lo \u00a0cual permite concluir que no tuvieron las mismas aspiraciones, y \u00a0por \u00a0lo tanto no es viable afirmar que de esas improbables alianzas pueda surgir \u00a0un \u00a0elemento \u00a0de \u00a0juicio \u00a0que \u00a0permita \u00a0imputarle al acusado con alg\u00fan grado de \u00a0seriedad, convenios para promover grupos ilegales. \u00a0\u00a0<\/p>\n<p>De otra parte, cuestiona las reflexiones de la \u00a0Sala \u00a0en \u00a0relaci\u00f3n \u00a0con \u00a0el \u00a0an\u00e1lisis de los resultados electorales de algunos \u00a0municipios \u00a0del Urab\u00e1 Antioque\u00f1o, pues estima que de ese dato no surge ning\u00fan \u00a0indicio, \u00a0teniendo en cuenta que el incremento de la votaci\u00f3n en las elecciones \u00a0de \u00a02006 \u00a0en \u00a0relaci\u00f3n \u00a0con \u00a0las \u00a0del \u00a02002 no es significativo, m\u00e1s aun si se \u00a0analiza \u00a0en \u00a0relaci\u00f3n \u00a0con los guarismos que obtuvieron otros candidatos en los \u00a0mismos \u00a0periodos \u00a0electorales. \u00a0Por \u00a0lo \u00a0dem\u00e1s, \u00a0considera \u00a0que el respaldo que \u00a0recibi\u00f3 \u00a0en \u00a0esas \u00a0regiones \u00a0se \u00a0debi\u00f3 \u00a0al \u00a0trabajo \u00a0de l\u00edderes locales, y en \u00a0ning\u00fan \u00a0caso \u00a0a \u00a0la \u00a0interferencia \u00a0de \u00a0grupos \u00a0armados de autodefensa, con los \u00a0cuales \u00a0el \u00a0doctor \u00d3scar de Jes\u00fas Su\u00e1rez Mira no tuvo, como se pudo probar en \u00a0el proceso, acuerdos en ese y en ning\u00fan otro sentido. \u00a0\u00a0<\/p>\n<p>De igual manera considera que la votaci\u00f3n que \u00a0en \u00a0las \u00a0elecciones \u00a0de \u00a02006 \u00a0obtuvo \u00a0el \u00a0acusado \u00a0en \u00a0contados \u00a0municipios del \u00a0departamento \u00a0del Valle del Cauca, no se puede atribuir a la influencia de \u00c9ver \u00a0Veloza \u00a0Garc\u00eda, \u00a0alias \u00a0\u201cH.H.\u201d, \u00a0jefe \u00a0del Bloque Calima, sino a pactos con \u00a0grupos \u00a0legales \u00a0que \u00a0apoyaron la causa del pol\u00edtico. El hecho, a su juicio, de \u00a0que \u00a0algunos corteros de ca\u00f1a no hubieran reconocido ese respaldo al no conocer \u00a0del \u00a0tema \u00a0ni \u00a0pertenecer \u00a0a \u00a0asociaciones \u00a0sindicales, \u00a0no significa que grupos \u00a0ilegales hubiesen acompa\u00f1ado al candidato en sus aspiraciones. \u00a0\u00a0<\/p>\n<p>Igualmente cuestiona la interpretaci\u00f3n que la \u00a0Sala \u00a0hizo \u00a0de \u00a0la \u00a0reuni\u00f3n \u00a0acaecida \u00a0en \u00a0la \u00a0finca \u00a0de \u00a0Hugo Albeiro Quintero \u00a0con\u00a0 \u00a0asistencia \u00a0de \u00a0Pablo \u00a0Hern\u00e1n \u00a0Sierra \u00a0Garc\u00eda e Iv\u00e1n Roberto Duque \u00a0Gaviria, \u00a0y \u00a0asegura que all\u00ed no se realizaron pactos o acuerdos para conseguir \u00a0apoyos, \u00a0o \u00a0para \u00a0desplegar \u00a0acciones a favor de grupos armados con ocasi\u00f3n del \u00a0tr\u00e1mite \u00a0o \u00a0la \u00a0implementaci\u00f3n \u00a0de \u00a0la ley de justicia y paz, actuaci\u00f3n en la \u00a0cual \u00a0al \u00a0tenor de las constancias expedidas por el Senado se acredita que\u00a0 \u00a0el \u00a0doctor \u00a0Suarez \u00a0Mira \u00a0no \u00a0ofici\u00f3 \u00a0como \u00a0ponente, \u00a0ni \u00a0tuvo injerencia en el \u00a0referido proyecto de Ley. \u00a0\u00a0<\/p>\n<p>Adem\u00e1s, \u00a0 para \u00a0 ese \u00a0 momento \u00a0los \u00a0jefes \u00a0paramilitares \u00a0pod\u00edan \u00a0realizar \u00a0gestiones \u00a0con la sociedad civil o con actores \u00a0institucionales \u00a0sin \u00a0ninguna \u00a0restricci\u00f3n, debido a que ya se hab\u00eda instalado \u00a0la \u00a0mesa de negociaci\u00f3n con el Gobierno Nacional y por eso la reuni\u00f3n tuvo por \u00a0finalidad, \u00a0seg\u00fan \u00a0lo \u00a0reconoci\u00f3 \u00a0Iv\u00e1n Roberto Duque, socializar su posici\u00f3n \u00a0frente \u00a0 al \u00a0 proceso \u00a0 de \u00a0paz \u00a0y \u00a0no \u00a0imposibles \u00a0acuerdos \u00a0para \u00a0\u201cpromover grupos desmovilizados\u201d. \u00a0\u00a0<\/p>\n<p>En \u00a0cuanto \u00a0a la supuesta financiaci\u00f3n de la \u00a0campa\u00f1a \u00a0pol\u00edtica \u00a0por \u00a0parte \u00a0de \u00a0Juan \u00a0Carlos \u00a0Sierra, \u00a0estima \u00a0que \u00a0es \u00a0una \u00a0afirmaci\u00f3n \u00a0sin \u00a0fundamento, \u00a0pues lo que \u00e9ste dijo es que hab\u00eda entregado un \u00a0dinero \u00a0a \u00a0alias \u00a0\u201cDanielito\u201d con esa finalidad, pero ese supuesto no obtuvo \u00a0comprobaci\u00f3n, \u00a0debido \u00a0a que el testimonio de aqu\u00e9l no pudo ser verificado. En \u00a0este \u00a0sentido \u00a0no \u00a0se \u00a0ofrece admisible que la llamada \u201cOficina de Envigado\u201d \u00a0hubiese \u00a0apoyado a un candidato de otro municipio, en un lugar en donde con todo \u00a0y \u00a0la \u00a0influencia que se dice ten\u00eda esa banda criminal, s\u00f3lo obtuvo 900 votos. \u00a0\u00a0<\/p>\n<p>Tampoco \u00a0 se \u00a0 pudo \u00a0 probar \u00a0que \u00a0ante \u00a0la \u00a0Corporaci\u00f3n \u00a0Aut\u00f3noma \u00a0Regional, \u00a0el \u00a0doctor \u00a0\u00d3scar \u00a0de \u00a0Jes\u00fas \u00a0Su\u00e1rez Mira \u00a0hubiera \u00a0intercedido \u00a0a \u00a0trav\u00e9s \u00a0de su hermano a favor de desmovilizados de las \u00a0autodefensas, \u00a0 como \u00a0 lo \u00a0 sugiri\u00f3 \u00a0 Juan \u00a0Carlos \u00a0Sierra \u00a0en \u00a0su \u00a0cuestionada \u00a0declaraci\u00f3n, \u00a0raz\u00f3n \u00a0por la cual su dicho refleja una mendacidad que no admite \u00a0discusi\u00f3n. \u00a0\u00a0<\/p>\n<p>Por \u00a0\u00faltimo, \u00a0con \u00a0base \u00a0en el testimonio de \u00a0David \u00a0Hern\u00e1ndez, \u00a0se dice que en el Hotel Chicamocha de Bucaramanga, el doctor \u00a0Suarez \u00a0Mira \u00a0recibi\u00f3 \u00a0doscientos millones de pesos del Bloque Central Bol\u00edvar \u00a0para \u00a0costear \u00a0su \u00a0campa\u00f1a al Senado de la Rep\u00fablica, suceso de muy improbable \u00a0ocurrencia, \u00a0debido \u00a0a \u00a0que \u00a0no se estableci\u00f3 que para la fecha de una reuni\u00f3n \u00a0que \u00a0nunca \u00a0se \u00a0realiz\u00f3, el Senador se hubiese desplazado a Bucaramanga con ese \u00a0fin, \u00a0y \u00a0de \u00a0otra \u00a0parte, alias \u201cJuli\u00e1n Bol\u00edvar\u201d, jefe de una facci\u00f3n del \u00a0Bloque \u00a0Central \u00a0Bol\u00edvar \u00a0que \u00a0oper\u00f3 \u00a0en \u00a0Santander, \u00a0desminti\u00f3 \u00a0de \u00a0tajo las \u00a0apreciaciones de David Hern\u00e1ndez. \u00a0\u00a0<\/p>\n<p>En \u00a0esas \u00a0condiciones, \u00a0no \u00a0existe \u00a0ning\u00fan \u00a0fundamento, \u00a0por \u00a0precario \u00a0que \u00a0sea, \u00a0para sostener racionalmente que el doctor \u00a0Su\u00e1rez \u00a0Mira \u00a0incurri\u00f3 \u00a0en \u00a0el \u00a0delito \u00a0que \u00a0se \u00a0le imputa, y dudas razonables \u00a0conducen inexorablemente a su absoluci\u00f3n. \u00a0\u00a0<\/p>\n<p>CONSIDERACIONES DE LA CORTE \u00a0<\/p>\n<p>Por \u00a0m\u00e9todo, \u00a0la \u00a0Sala \u00a0analizar\u00e1 \u00a0(i) \u00a0la \u00a0competencia, \u00a0(ii) \u00a0los \u00a0requisitos para condenar y la estructura dogm\u00e1tica del \u00a0delito \u00a0 \u00a0de \u00a0 \u00a0concierto \u00a0 \u00a0para \u00a0 \u00a0delinquir, \u00a0 \u00a0y \u00a0 \u00a0(iii) \u00a0 la \u00a0 prueba \u00a0 de \u00a0responsabilidad. \u00a0\u00a0<\/p>\n<p>Primero. La Competencia. \u00a0<\/p>\n<p>Aunque \u00a0el tema se encuentra suficientemente \u00a0dilucidado, \u00a0se \u00a0reitera \u00a0que \u00a0con \u00a0fundamento \u00a0en \u00a0los \u00a0art\u00edculos \u00a0235 \u00a0de \u00a0la \u00a0Constituci\u00f3n \u00a0Pol\u00edtica y 75 numeral 7\u00ba, \u00a0de \u00a0la \u00a0Ley 600 de 2000, la Sala de Casaci\u00f3n Penal conoce de los \u00a0procesos \u00a0 \u00a0 \u00a0penales \u00a0 \u00a0 \u00a0que \u00a0 \u00a0 \u00a0se \u00a0 \u00a0 adelanten \u00a0 \u00a0 contra \u00a0 \u00a0 Congresistas. \u00a0\u00a0<\/p>\n<p>Incluso, mediante \u00a0decisi\u00f3n \u00a0 \u00a0del \u00a0 1 \u00a0 de \u00a0 septiembre \u00a0 de \u00a0 20091, \u00a0al \u00a0interpretar \u00a0el alcance \u00a0del \u00a0art\u00edculo \u00a0235 \u00a0de la Constituci\u00f3n Pol\u00edtica, la \u00a0Corte \u00a0 consider\u00f3 \u00a0 que \u00a0 cuando \u00a0 el \u00a0Congresista, \u00a0 por \u00a0la \u00a0raz\u00f3n \u00a0 que \u00a0fuera, \u00a0deja \u00a0de \u00a0serlo, \u00a0la \u00a0Sala \u00a0 \u00a0conserva \u00a0 \u00a0la \u00a0competencia \u00a0siempre \u00a0y cuando el delito que se le impute tenga relaci\u00f3n con la \u00a0funci\u00f3n congresional. \u00a0\u00a0<\/p>\n<p>En cuanto a esta afirmaci\u00f3n se ha sostenido \u00a0que \u00a0el delito de concierto para delinquir es un delito com\u00fan, pero \u00a0como \u00a0por \u00a0la \u00a0finalidad \u00a0del \u00a0acuerdo \u00a0ileg\u00edtimo \u00a0celebrado \u00a0entre \u00a0el pol\u00edtico \u00a0y \u00a0jefes de grupos armados al margen de \u00a0la \u00a0 \u00a0ley, \u00a0 \u00a0se \u00a0 \u00a0puede \u00a0 ocasionar \u00a0 disfunciones \u00a0institucionales \u00a0al crear o incrementar riesgos contra la seguridad p\u00fablica, la \u00a0conducta, \u00a0 \u00a0en \u00a0 \u00a0este \u00a0 \u00a0caso, \u00a0 \u00a0tiene \u00a0 nexo \u00a0 o \u00a0relaci\u00f3n con la funci\u00f3n congresional. \u00a0\u00a0<\/p>\n<p>La \u00a0Corte, \u00a0por \u00a0tanto, \u00a0examinar\u00e1 \u00a0si \u00a0el \u00a0mencionado \u00a0se \u00a0concert\u00f3 \u00a0con \u00a0grupos \u00a0ilegales \u00a0para \u00a0promoverlos, \u00a0creando \u00a0o \u00a0incrementando \u00a0un riesgo contra la seguridad p\u00fablica, \u00a0pese \u00a0 \u00a0a \u00a0 que \u00a0 actualmente \u00a0 no \u00a0 ostenta \u00a0 la \u00a0 dignidad \u00a0 de \u00a0 Senador \u00a0de \u00a0la \u00a0Rep\u00fablica. \u00a0\u00a0<\/p>\n<p>Segundo. Requisitos para condenar. \u00a0<\/p>\n<p>El art\u00edculo 232 de la ley 600 de 2000, en lo \u00a0relativo \u00a0 a \u00a0 los \u00a0 requisitos \u00a0 para \u00a0proferir \u00a0fallo \u00a0condenatorio, \u00a0dispone: \u00a0\u00a0<\/p>\n<p>\u201cNo se podr\u00e1 dictar sentencia condenatoria \u00a0sin \u00a0que \u00a0obre \u00a0en \u00a0el \u00a0proceso \u00a0prueba que conduzca a la certeza de la conducta \u00a0punible y de la responsabilidad del procesado.\u201d \u00a0\u00a0<\/p>\n<p>En \u00a0lo \u00a0atinente \u00a0a \u00a0la \u00a0demostraci\u00f3n \u00a0de la \u00a0conducta punible es necesario se\u00f1alar lo siguiente: \u00a0\u00a0<\/p>\n<p>En \u00a0una \u00a0uniforme \u00a0l\u00ednea jurisprudencial, la \u00a0Corte \u00a0ha \u00a0se\u00f1alado \u00a0que \u00a0el \u00a0sistema penal se ocupa de delitos, con la idea de \u00a0indicar \u00a0que \u00a0los \u00a0tipos \u00a0penales \u00a0no \u00a0se \u00a0refieren \u00a0a \u00a0estados \u00a0o cosas, sino a \u00a0conductas \u00a0que \u00a0en \u00a0la medida que afectan o ponen en riesgo un bien jur\u00eddico se \u00a0constituyen en un injusto. \u00a0\u00a0<\/p>\n<p>Esta \u00a0precisi\u00f3n es esencial, pues en ella se \u00a0reconoce \u00a0que el contenido del punible no reside en una postura moral o \u00e9tica o \u00a0en \u00a0el \u00a0simple \u00a0desacato \u00a0a \u00a0la \u00a0norma, \u00a0sino \u00a0en \u00a0la \u00a0puesta \u00a0en riesgo o en la \u00a0afectaci\u00f3n \u00a0de \u00a0un \u00a0bien \u00a0jur\u00eddico, \u00a0seg\u00fan \u00a0ha \u00a0tenido \u00a0ocasi\u00f3n \u00a0la \u00a0Sala de \u00a0se\u00f1alarlo en los siguientes t\u00e9rminos: \u00a0\u00a0<\/p>\n<p>\u201cAlrededor \u00a0de esa discusi\u00f3n existe alg\u00fan \u00a0grado \u00a0de \u00a0consenso en que por el grado de desarrollo de una cultura en torno al \u00a0respeto \u00a0a los derechos humanos, la idea de protecci\u00f3n de bienes jur\u00eddicos que \u00a0subyace \u00a0a \u00a0la \u00a0idea \u00a0de \u00a0intervenci\u00f3n \u00a0penal es la que mejor se aviene con una \u00a0teor\u00eda \u00a0liberal \u00a0de la cuesti\u00f3n penal, sobre todo si se asume, como lo se\u00f1ala \u00a0Roxin, \u00a0 que \u00a0 \u201cla \u00a0 penalizaci\u00f3n \u00a0de \u00a0una \u00a0conducta \u00a0tiene \u00a0que \u00a0poseer \u00a0una \u00a0legitimaci\u00f3n \u00a0distinta \u00a0de la que le otorga la mera voluntad del legislador.\u201d \u00a0Por \u00a0eso, \u00a0el \u00a0referente \u00a0material \u00a0de \u00a0las prohibiciones ser\u00e1n \u201crealidades o \u00a0fines \u00a0que \u00a0son necesarios para una vida social libre y segura que garantice los \u00a0derechos \u00a0humanos \u00a0y \u00a0fundamentales \u00a0del individuo, o para el funcionamiento del \u00a0sistema \u00a0estatal \u00a0erigido \u00a0para \u00a0la \u00a0conservaci\u00f3n \u00a0de \u00a0tal fin.\u201d 2 \u00a0\u00a0<\/p>\n<p>Precisamente \u00a0la referencia al bien jur\u00eddico \u00a0como \u00a0elemento \u00a0estructural del injusto le ha servido a la Sala para explicar el \u00a0sentido \u00a0en \u00a0que \u00a0debe \u00a0interpretarse \u00a0el concepto de seguridad p\u00fablica. Por lo \u00a0tanto, \u00a0 en \u00a0 ese \u00a0 giro \u00a0conceptual, \u00a0\u00e9sta \u00a0en \u00a0la \u00a0hora \u00a0actual \u00a0no \u00a0responde \u00a0exclusivamente \u00a0a \u00a0pol\u00edticas \u00a0de \u00a0mera \u00a0conservaci\u00f3n \u00a0del statu quo, seg\u00fan se \u00a0estilaba en el Estado demoliberal, pues, \u00a0\u00a0<\/p>\n<p>\u201cEl \u00a0problema \u00a0que toda cultura, sociedad o \u00a0Estado \u00a0debe \u00a0resolver \u00a0es \u00a0trazar \u00a0los \u00a0l\u00edmites, \u00a0dentro de los cu\u00e1les el ser \u00a0humano \u00a0puede \u00a0ejercer \u00a0esa libertad.\u00a0 Esta delimitaci\u00f3n de los m\u00e1rgenes, \u00a0dentro \u00a0de \u00a0los \u00a0cuales \u00a0se \u00a0permite el libre desarrollo de la personalidad y el \u00a0ejercicio \u00a0de \u00a0la \u00a0libertad \u00a0por \u00a0parte de los individuos, se llama \u2018seguridad\u2019. \u00a0Esta \u00a0no es m\u00e1s que la expectativa \u00a0que \u00a0podemos \u00a0razonablemente \u00a0tener de que no vamos a ser expuestos a peligros o \u00a0ataques \u00a0en \u00a0nuestros bienes jur\u00eddicos por parte de otras personas.\u2019 \u00a0 \u00a03 \u00a0\u00a0<\/p>\n<p>Es m\u00e1s, la seguridad como bien jur\u00eddico y su \u00a0relaci\u00f3n \u00a0 \u00a0 \u00a0 \u00a0con \u00a0 \u00a0 \u00a0 \u00a0la \u00a0 \u00a0 \u00a0 libertad,4 \u00a0 permite \u00a0 una \u00a0lectura \u00a0del \u00a0art\u00edculo \u00a0340 \u00a0del c\u00f3digo penal, con el fin de enfrentar nuevas modalidades de \u00a0delincuencia. \u00a0\u00a0<\/p>\n<p>En \u00a0ese \u00a0sentido, \u00a0v\u00e9ase \u00a0que \u00a0la \u00a0f\u00f3rmula \u00a0acu\u00f1ada \u00a0para \u00a0enfrentar \u00a0organizaciones \u00a0ilegales mediante la descripci\u00f3n del \u00a0delito \u00a0de concierto para delinquir como un \u201cacuerdo \u00a0para \u00a0cometer \u00a0delitos \u00a0indeterminados\u201d, fue superada \u00a0por \u00a0violentas \u00a0y din\u00e1micas acciones delincuenciales que rebasaron la respuesta \u00a0del \u00a0Estado, \u00a0que \u00a0llevaron \u00a0a \u00a0dise\u00f1ar \u00a0nuevos \u00a0tipos \u00a0de asociaci\u00f3n il\u00edcita \u00a0mediante \u00a0f\u00f3rmulas \u00a0que \u00a0recogieran \u00a0modelos \u00a0de \u00a0comportamiento impregnados de \u00a0acciones imputables a verdaderos aparatos organizados de poder. \u00a0\u00a0<\/p>\n<p>En \u00a0tal \u00a0escenario \u00a0la mayor preocupaci\u00f3n de \u00a0ahora \u00a0es \u00a0enfrentar \u00a0organizaciones \u00a0de \u00a0delincuencia \u00a0no \u00a0convencional, con el \u00a0objetivo \u00a0de \u00a0responder al desaf\u00edo que representan las alianzas il\u00edcitas entre \u00a0actores \u00a0del \u00a0m\u00e1s \u00a0diverso orden, y la magnitud del riesgo que generan aparatos \u00a0organizados \u00a0 de \u00a0 poder \u00a0 que \u00a0 pretenden \u00a0 cooptar \u00a0el \u00a0Estado, \u00a0luego \u00a0de \u00a0la \u00a0injustificable captura del poder local. \u00a0\u00a0<\/p>\n<p>Justamente \u00a0por \u00a0esa raz\u00f3n se explica que se \u00a0hubiesen \u00a0dise\u00f1ado tres propuestas dogm\u00e1ticas en el C\u00f3digo Penal de 2000 para \u00a0enfrentar distintos tipos de riesgo para el bien jur\u00eddico: \u00a0\u00a0<\/p>\n<p>En \u00a0 la \u00a0primera \u00a0se \u00a0mantuvo \u00a0la \u00a0f\u00f3rmula \u00a0tradicional \u00a0 \u00a0para \u00a0 \u00a0sancionar \u00a0 acuerdos \u00a0 orientados \u00a0 a \u00a0 cometer \u00a0 delitos \u00a0indeterminados, \u00a0 con \u00a0la \u00a0cual \u00a0se \u00a0suele \u00a0enfrentar \u00a0la \u00a0llamada \u00a0delincuencia \u00a0convencional. \u00a0En \u00a0la \u00a0segunda \u00a0la modalidad agravada, dispuesta para sancionar, \u00a0entre \u00a0otras \u00a0conductas, \u00a0el \u00a0pacto \u00a0para promover, financiar, armar u organizar \u00a0grupos \u00a0armados \u00a0al \u00a0margen de la ley; y en la tercera, no con la misma t\u00e9cnica \u00a0penal, \u00a0 la \u00a0 real \u00a0 y \u00a0 efectiva \u00a0materializaci\u00f3n \u00a0del \u00a0acuerdo. \u00a05 \u00a0\u00a0<\/p>\n<p>\u00a0\u00a0 \u00a0<\/p>\n<p>De ese modo, con este tipo de f\u00f3rmulas en las \u00a0cuales \u00a0los \u00a0modelos \u00a0t\u00edpicos \u00a0se \u00a0refieren \u00a0a \u00a0manifestaciones \u00a0o \u00a0v\u00ednculos o \u00a0relaciones \u00a0il\u00edcitas \u00a0esencialmente \u00a0din\u00e1micas, \u00a0es \u00a0posible incluir novedosos \u00a0comportamientos \u00a0compatibles con la\u00a0 finalidad de promover organizaciones o \u00a0grupos \u00a0armados ilegales, en el marco de la teleolog\u00eda del bien jur\u00eddico y del \u00a0tipo \u00a0 penal.6 \u00a0\u00a0<\/p>\n<p>Por esa raz\u00f3n, al apreciar nuevas modalidades \u00a0de \u00a0 acuerdos \u00a0 ilegales \u00a0 en \u00a0 las \u00a0que \u00a0convergen \u00a0grupos \u00a0armados \u00a0y \u00a0actores \u00a0institucionales, la Sala ha sostenido lo siguiente: \u00a0\u00a0<\/p>\n<p>\u201cTeniendo en cuenta lo anterior y lo que de \u00a0ordinario \u00a0 \u00a0sucede \u00a0 \u00a0en \u00a0 \u00a0aparatos \u00a0 \u00a0organizados \u00a0 de \u00a0 poder \u00a0 \u2013 \u00a0todo \u00a0para \u00a0no \u00a0desconocer \u00a0el \u00a0bien \u00a0jur\u00eddico, \u00a0el \u00a0sentido \u00a0del \u00a0tipo \u00a0penal, \u00a0o \u00a0los \u00a0contenidos \u00a0de \u00a0la \u00a0conducta \u00a0\u2013, el aporte del pol\u00edtico \u00a0a \u00a0la \u00a0causa \u00a0paramilitar \u00a0cuando coloca la funci\u00f3n p\u00fablica a su servicio debe \u00a0mirarse \u00a0no \u00a0tanto \u00a0en la creaci\u00f3n de disfunciones institucionales \u2013 que, claro, le agregan mayor gravedad \u00a0al \u00a0injusto \u00a0-, \u00a0sino \u00a0en \u00a0la \u00a0medida que con esa contribuci\u00f3n se incrementa el \u00a0riesgo \u00a0contra \u00a0la \u00a0seguridad \u00a0p\u00fablica \u00a0al \u00a0incentivar \u00a0la \u00a0acci\u00f3n \u00a0del \u00a0grupo \u00a0ilegal\u2026\u201d7 \u00a0\u00a0<\/p>\n<p>Con \u00a0base \u00a0en esa axiolog\u00eda se estudiar\u00e1 la \u00a0responsabilidad \u00a0que \u00a0le compete al doctor \u00d3scar de Jes\u00fas Su\u00e1rez Mira, con la \u00a0advertencia \u00a0de \u00a0que \u00a0en \u00a0el juicio de tipicidad se dejar\u00e1 de lado, tal como se \u00a0dispuso \u00a0 en \u00a0 la \u00a0 resoluci\u00f3n \u00a0de \u00a0acusaci\u00f3n, \u00a0las \u00a0alusiones \u00a0a \u00a0la \u00a0posible \u00a0financiaci\u00f3n \u00a0de \u00a0la \u00a0campa\u00f1a \u00a0del \u00a0a\u00f1o 2006, tema al cual se refirieron Juan \u00a0Carlos \u00a0\u201cel Tuso\u201d Sierra y David Hern\u00e1ndez, alias \u201cDiego Rivera\u201d, y que \u00a0la Sala consider\u00f3 deb\u00eda investigarse por separado. \u00a0\u00a0<\/p>\n<p>Tercero. \u00a0De acuerdo con lo expresado, cuando \u00a0se \u00a0trata \u00a0de \u00a0juzgar \u00a0acuerdos \u00a0ilegales \u00a0entre \u00a0altos \u00a0representantes \u00a0de \u00a0las \u00a0instituciones \u00a0y \u00a0grupos armados al margen de la ley, la Sala ha sintetizado esa \u00a0alianza \u00a0como \u00a0una manera muy particular de cooptaci\u00f3n del Estado que tiene por \u00a0finalidad \u00a0 el \u00a0 empleo \u00a0de \u00a0la \u00a0funci\u00f3n \u00a0p\u00fablica \u00a0al \u00a0servicio \u00a0de \u00a0la \u00a0causa \u00a0paramilitar, \u00a0una \u00a0muy \u00a0singular manera de promover la acci\u00f3n del grupo ilegal. \u00a0Precisamente \u00a0por \u00a0eso la Sala expres\u00f3 que hab\u00eda que reelaborar la tradicional \u00a0lectura \u00a0del \u00a0tipo penal para incluir conductas que instrumentalizan la funci\u00f3n \u00a0p\u00fablica \u00a0para \u00a0favorecer la causa ilegal y generar o incrementar riesgos contra \u00a0la seguridad p\u00fablica. \u00a0\u00a0<\/p>\n<p>En \u00a0ese \u00a0contexto, por lo general, un indicio \u00a0del \u00a0concierto \u00a0para \u00a0delinquir \u00a0lo \u00a0constituyen \u00a0los acuerdos electorales a los \u00a0cuales \u00a0se \u00a0han \u00a0referido \u00a0jefes \u00a0de los grupos paramilitares. En tal sentido no \u00a0existen \u00a0mayores \u00a0referencias \u00a0a \u00a0ese \u00a0tipo \u00a0de \u00a0pactos \u00a0en \u00a0el \u00a0Urab\u00e1 para las \u00a0elecciones \u00a0de 2002 con el doctor \u00d3scar de Jes\u00fas Su\u00e1rez Mira cuando aspir\u00f3 a \u00a0la \u00a0C\u00e1mara \u00a0de \u00a0Representantes, \u00a0pero \u00a0eso no significa que no haya ocurrido en \u00a0procesos \u00a0electorales \u00a0posteriores, \u00a0como \u00a0se \u00a0indicar\u00e1 \u00a0en \u00a0los \u00a0p\u00e1rrafos que \u00a0siguen. \u00a0\u00a0<\/p>\n<p>Pues bien: \u00a0<\/p>\n<p>Nadie \u00a0desconoce, \u00a0entre otras razones porque \u00a0as\u00ed \u00a0se \u00a0prob\u00f3 \u00a0en \u00a0el \u00a0proceso, \u00a0el \u00a0amplio dominio del autodenominado Bloque \u00a0\u201cElmer \u00a0C\u00e1rdenas\u201d \u00a0durante \u00a0los \u00a0a\u00f1os \u00a02002 \u00a0en vastas regiones del Urab\u00e1 \u00a0Chocoano \u00a0y \u00a0Antioque\u00f1o. \u00a0Tampoco est\u00e1 en duda que el paramilitarismo influy\u00f3 \u00a0en \u00a0ese \u00a0periodo \u00a0de \u00a0manera \u00a0determinante \u00a0en \u00a0la pol\u00edtica local a trav\u00e9s del \u00a0denominado \u00a0grupo \u201cPor una Urab\u00e1 grande, unida y en paz\u201d. No en vano fueron \u00a0elegidos\u00a0 \u00a0con el apoyo de ese grupo, C\u00e9sar Augusto Andrade Moreno, Manuel \u00a0Dar\u00edo \u00a0\u00c1vila \u00a0Peralta, \u00a0Jes\u00fas \u00a0Enrique \u00a0Doval \u00a0y \u00a0Etanislao \u00a0Ortiz \u00a0Lara, los \u00a0llamados \u00a0\u201ccuatrillizos\u201d, \u00a0todos \u00a0condenados \u00a0por \u00a0la \u00a0comisi\u00f3n \u00a0del \u00a0delito \u00a0de \u00a0concierto para delinquir \u00a0agravado \u00a0 por \u00a0 haber \u00a0 realizado \u00a0 acuerdos \u00a0 con \u00a0 grupos \u00a0al \u00a0margen \u00a0de \u00a0la \u00a0ley. \u00a0\u00a0<\/p>\n<p>En \u00a0ese \u00a0margen, \u00a0aunque \u00a0no \u00a0son improbables \u00a0acuerdos \u00a0con \u00a0el mismo prop\u00f3sito, se puede decir que \u00a0si \u00a0 el \u00a0 doctor \u00a0\u00d3scar \u00a0de \u00a0Jes\u00fas \u00a0Su\u00e1rez \u00a0Mira \u00a0aspir\u00f3 \u00a0a \u00a0la \u00a0C\u00e1mara \u00a0de \u00a0Representantes \u00a0para \u00a0el \u00a0periodo \u00a0constitucional \u00a0que \u00a0inici\u00f3 en el a\u00f1o 2002, \u00a0\u00e9poca \u00a0en la cual el paramilitarismo, seg\u00fan lo se\u00f1al\u00f3 Fredy Rend\u00f3n Herrera, \u00a0se \u00a0inclin\u00f3 \u00a0por \u00a0C\u00e9sar \u00a0Augusto Andrade Moreno, Manuel Dar\u00edo \u00c1vila Peralta, \u00a0Jes\u00fas \u00a0Enrique Doval y Etanislao Ortiz Lara, es posible que por esta raz\u00f3n las \u00a0autodefensas \u00a0no \u00a0lo \u00a0hubiesen \u00a0apoyado \u00a0en \u00a0 esa \u00a0regi\u00f3n, \u00a0pues \u00a0\u00e9l \u00a0y \u00a0los \u00a0candidatos \u00a0del \u00a0\u201cel \u00a0Alem\u00e1n\u201d \u00a0aspiraban \u00a0a \u00a0la misma \u00a0corporaci\u00f3n \u00a0en nombre del proyecto \u201cPor una Urab\u00e1 \u00a0grande, \u00a0 unida \u00a0 y \u00a0 en \u00a0 paz\u201d, \u00a0que \u00a0\u00e9l \u00a0cre\u00f3 \u00a0y \u00a0lider\u00f3. \u00a0\u00a0<\/p>\n<p>Probablemente \u00a0eso \u00a0explica porqu\u00e9 \u00d3scar de \u00a0Jes\u00fas \u00a0Su\u00e1rez \u00a0Mira \u00a0obtuvo en Turbo 32, Arboletes 8, Apartad\u00f3 35, Chirigod\u00f3 \u00a043, \u00a0y \u00a0Carepa \u00a04 \u00a0votos, \u00a0para \u00a0s\u00f3lo \u00a0citar \u00a0los \u00a0municipios de los m\u00e1s altos \u00a0guarismos, \u00a0mientras que en similares sitios y en el mismo orden, los candidatos \u00a0del \u00a0movimiento \u00a0\u201cPor una Urab\u00e1 grande, unida y en \u00a0paz\u201d, \u00a0encabezados \u00a0por Manuel Dar\u00edo \u00c1vila Peralta \u00a0alcanzaron \u00a0en Turbo 4.378, Arboletes, 4.176, Apartado 3.724, Chirigod\u00f3, 2.173, \u00a0y \u00a0 \u00a0 \u00a0 \u00a0 Carepa \u00a0 \u00a0 \u00a0 \u00a0 1.679 \u00a0 \u00a0 \u00a0 \u00a0 votos8, \u00a0cifras que desde el punto de \u00a0vista \u00a0cuantitativo \u00a0indican \u00a0que \u00a0el apoyo del grupo ilegal al cual se refiri\u00f3 \u00a0Fredy \u00a0Rend\u00f3n \u00a0Herrera, \u00a0incidi\u00f3 \u00a0en \u00a0los \u00a0resultados \u00a0electorales \u00a0de \u00a0manera \u00a0significativa a favor de sus aliados. \u00a0\u00a0<\/p>\n<p>En \u00a0ese marco es entendible que Fredy Rend\u00f3n \u00a0Herrera, \u00a0 \u00a0alias \u00a0 \u00a0\u201cel \u00a0 Alem\u00e1n\u201d \u00a0no \u00a0se hubiera referido a acuerdos entre las autodefensas y \u00d3scar \u00a0de \u00a0Jes\u00fas \u00a0Su\u00e1rez \u00a0Mira para el proceso electoral del a\u00f1o 2002, como s\u00ed dijo \u00a0que \u00a0los \u00a0hubo \u00a0en \u00a0otros, \u00a0sin \u00a0que ello signifique que existan contradicciones \u00a0insalvables \u00a0en \u00a0su \u00a0testimonio, \u00a0seg\u00fan \u00a0lo sugieren la defensa y el Ministerio \u00a0P\u00fablico \u00a0para \u00a0impugnar su credibilidad. Por lo tanto, bajo esas circunstancias \u00a0y \u00a0dado que para el a\u00f1o 2002, por las razones explicadas, los posibles acuerdos \u00a0tienen \u00a0 \u00a0una \u00a0 \u00a0dudosa \u00a0 factura, \u00a0 las \u00a0 alusiones \u00a0 de \u00a0 alias \u00a0 \u201cel \u00a0Alem\u00e1n\u201d \u00a0tienen \u00a0necesariamente \u00a0que \u00a0referirse a las elecciones de 2006 cuando el entonces Congresista \u00d3scar de \u00a0Jes\u00fas Su\u00e1rez Mira aspir\u00f3 al Senado de la Rep\u00fablica. \u00a0\u00a0<\/p>\n<p>Por eso la versi\u00f3n de Fredy Rend\u00f3n Herrera, \u00a0el \u00a021 \u00a0de \u00a0septiembre \u00a0de \u00a02009 \u00a0ante la Unidad de Justicia y Paz, no se ofrece \u00a0incongruente \u00a0en \u00a0cuanto \u00a0en \u00a0ella afirm\u00f3 que \u201ctuvo \u00a0relaci\u00f3n \u00a0con esas personas\u201d, refiri\u00e9ndose a Rub\u00e9n \u00a0Dar\u00edo \u00a0Quintero \u00a0y \u00a0\u00d3scar \u00a0de \u00a0Jes\u00fas Su\u00e1rez Mira9, pese a que antes hab\u00eda dicho \u00a0que \u00a0no, \u00a0pues \u00a0esa \u00a0manifestaci\u00f3n \u00a0debe \u00a0entenderse \u00a0en \u00a0el \u00a0sentido de que no \u00a0realiz\u00f3 \u00a0acuerdos \u00a0o pactos para las elecciones de 2002. Claro, porque el 14 de \u00a0abril \u00a0de \u00a02009 \u00a0se\u00f1al\u00f3 \u00a0que \u00a0\u00d3scar de Jes\u00fas Su\u00e1rez Mira se reuni\u00f3 con \u00e9l \u00a0buscando \u00a0apoyo, \u00a0afirmaci\u00f3n \u00a0que \u00a0interpretada \u00a0en \u00a0ese \u00a0contexto \u00a0y \u00a0con \u00a0las \u00a0aclaraciones \u00a0anteriores, \u00a0no puede sino indicar que fue para las elecciones del \u00a0a\u00f1o 2006 y as\u00ed se ver\u00e1 seguidamente. \u00a0\u00a0<\/p>\n<p>Al \u00a0referirse \u00a0a \u00a0las \u00a0relaciones \u00a0entre \u00a0las \u00a0autodefensas \u00a0y \u00a0los \u00a0pol\u00edticos \u00a0con \u00a0ocasi\u00f3n \u00a0del debate electoral en el a\u00f1o \u00a02006, \u00a0Fredy \u00a0Rend\u00f3n \u00a0Herrera \u00a0lo hace tras aceptar su condici\u00f3n de jefe de un \u00a0grupo \u00a0armado ilegal, pues es un hecho que el autodenominado Bloque \u201cElmer \u00a0C\u00e1rdenas\u201d se desmoviliz\u00f3 el \u00a012 \u00a0de \u00a0abril \u00a0de \u00a02006, \u00a0es \u00a0decir, \u00a0despu\u00e9s \u00a0de las elecciones para elegir el \u00a0Congreso \u00a0de \u00a0la \u00a0Rep\u00fablica \u00a0en \u00a0ese \u00a0a\u00f1o, lo cual significa que los acuerdos, \u00a0pactos \u00a0o \u00a0convenios \u00a0se realizaban no con alias \u201cel \u00a0Alem\u00e1n\u201d \u00a0a \u00a0t\u00edtulo \u00a0individual, \u00a0sino con un grupo \u00a0armado \u00a0 que \u00a0 incid\u00eda \u00a0 a\u00fan \u00a0 en \u00a0 las \u00a0 pol\u00edticas \u00a0p\u00fablicas, \u00a0pues \u00a0no \u00a0en \u00a0vano \u00a0 un \u00a0diario \u00a0de \u00a0esa \u00a0regi\u00f3n \u00a0registr\u00f3 \u00a0que \u00e9ste interfer\u00eda en el a\u00f1o 2006 en esos aspectos, como \u00a0lo \u00a0demuestra \u00a0la reuni\u00f3n en la finca del Cobre en pleno debate electoral, para \u00a0tratar \u00a0precisamente asuntos de mec\u00e1nica pol\u00edtica.10 \u00a0\u00a0<\/p>\n<p>Al respecto v\u00e9ase que acerca de este tipo de \u00a0alianzas \u00a0existen \u00a0rastros \u00a0inocultables. \u00a0As\u00ed, \u00a0Humberto \u00a0Atehort\u00faa \u00a0Salinas, \u00a0\u201cpromotor \u00a0 de \u00a0 desarrollo \u00a0social\u201d \u00a0del \u00a0grupo \u00a0de \u00a0alias \u00a0\u201cel \u00a0Alem\u00e1n\u201d \u00a0&#8211; \u00a0como denomina el jefe \u00a0paramilitar \u00a0a \u00a0los \u00a0miembros \u00a0del \u00a0Bloque \u00a0\u201cElmer C\u00e1rdenas\u201d que realizaban \u00a0\u201ctrabajos \u00a0sociales\u201d con la poblaci\u00f3n civil -, se\u00f1al\u00f3 que en el a\u00f1o 2006 \u00a0el\u00a0 \u00a0 grupo \u00a0aludido \u00a0decidi\u00f3 \u00a0apoyar \u00a0a \u00a0Guillermo \u00a0Cer\u00e9n \u00a0Villorina, \u00a0e \u00a0igualmente \u00a0a \u00a0Angela \u00a0Mar\u00eda \u00a0Machado \u00a0Arias, \u00a0\u00fanica \u00a0mujer \u00a0en \u00a0las \u00a0listas a \u00a0Corporaciones \u00a0P\u00fablicas \u00a0a \u00a0quien \u00a0Atehort\u00faa Salinas asegura haberle entregado \u00a0dinero \u00a0para \u00a0financiar su campa\u00f1a a nombre del grupo del cabecilla mencionado. \u00a011 \u00a0\u00a0<\/p>\n<p>De \u00a0modo \u00a0que del testimonio del \u00faltimamente \u00a0nombrado, \u00a0que \u00a0ya \u00a0se \u00a0dijo \u00a0era \u00a0un \u00a0personaje \u00a0encargado \u00a0de \u00a0las \u00a0relaciones \u00a0\u201cpol\u00edticas\u201d \u00a0y \u00a0\u201csociales\u201d \u00a0del \u00a0Bloque \u00a0Elmer \u00a0C\u00e1rdenas \u00a0&#8211; \u00a0seg\u00fan lo \u00a0confirm\u00f3 \u00a0Rend\u00f3n \u00a0Herrera \u00a0-, \u00a0se \u00a0infiere \u00a0que \u00a0los \u00a0nexos \u00a0il\u00edcitos \u00a0que se \u00a0iniciaron \u00a0con \u00a0la creaci\u00f3n del movimiento \u201cPor Una \u00a0Urab\u00e1 \u00a0grande, \u00a0unida y en paz\u201d persistieron incluso \u00a0para \u00a0las \u00a0elecciones \u00a0del \u00a0a\u00f1o \u00a02006, \u00a0y \u00a0que como consecuencia de esos pactos \u00a0respaldaron \u00a0a \u00a0Cer\u00e9n Villorina y Angela Mar\u00eda Machado Arias en su pretensi\u00f3n \u00a0de \u00a0llegar \u00a0a \u00a0la \u00a0C\u00e1mara \u00a0de Representantes, desde el plano de la ilegalidad y \u00a0como \u00a0grupo \u00a0armado, pese a encontrarse inmersos en un proceso de di\u00e1logo hacia \u00a0una \u00a0eventual \u00a0desmovilizaci\u00f3n, hecho que solamente ocurri\u00f3 meses despu\u00e9s del \u00a0proceso electoral. \u00a0\u00a0<\/p>\n<p>Este \u00a0dato \u00a0es \u00a0bastante \u00a0significativo, pues \u00a0igual \u00a0que \u00a0las \u00a0autodefensas \u00a0reivindicaron \u00a0el \u00a0apoyo brindado a Angela Mar\u00eda \u00a0Machado \u00a0Arias, \u00a0tambi\u00e9n \u00a0\u00d3scar \u00a0de \u00a0Jes\u00fas \u00a0Su\u00e1rez \u00a0Mira \u00a0acept\u00f3 que fue su \u00a0f\u00f3rmula \u00a0a \u00a0la \u00a0C\u00e1mara \u00a0de Representantes por la regi\u00f3n de Urab\u00e1, pese a que \u00a0ella \u00a0lo \u00a0hac\u00eda \u00a0en \u00a0nombre \u00a0del partido de la \u201cU\u201d y \u00e9l por \u201cAlas Equipo \u00a0Colombia\u201d, \u00a0lo \u00a0cual \u00a0significa \u00a0que \u00a0personas \u00a0aspirantes \u00a0al \u00a0Congreso de la \u00a0Rep\u00fablica \u00a0mencionadas \u00a0como \u00a0cuota \u00a0de \u00a0las \u00a0autodefensas, tambi\u00e9n eran parte \u00a0estrat\u00e9gica \u00a0del \u00a0equipo \u00a0de \u00a0Su\u00e1rez \u00a0Mira, \u00a0en \u00a0una \u00a0regi\u00f3n para ese momento \u00a0todav\u00eda \u00a0influenciada \u00a0por \u00a0las \u00a0autodefensas del Bloque \u201cElmer C\u00e1rdenas\u201d. \u00a0\u00a0<\/p>\n<p>Pero \u00a0desde \u00a0luego que los v\u00ednculos entre el \u00a0acusado \u00a0con \u00a0las \u00a0autodefensas \u00a0no \u00a0se \u00a0reducen \u00a0a ese dato, pues Fredy Rend\u00f3n \u00a0Herrera \u00a0admiti\u00f3 \u00a0haberlo \u00a0conocido \u00a0a \u00a0trav\u00e9s de Julio C\u00e9sar Duarte Espitia, \u00a0hijo \u00a0de \u00a0Edda \u00a0Espitia, \u00a0concejal \u00a0de \u00a0Necocl\u00ed, hecho al cual se ha pretendido \u00a0restarle \u00a0 importancia, \u00a0 aun \u00a0cuando \u00a0por \u00a0las \u00a0circunstancias \u00a0que \u00a0rodean \u00a0el \u00a0testimonio \u00a0de \u00a0Duarte \u00a0Espitia, \u00a0este episodio se constituye en un elemento que \u00a0permite \u00a0colegir \u00a0que \u00a0la \u00a0declaraci\u00f3n \u00a0de \u00a0Fredy \u00a0Rend\u00f3n \u00a0Herrera \u00a0no \u00a0es una \u00a0invenci\u00f3n del l\u00edder paramilitar. \u00a0\u00a0<\/p>\n<p>En \u00a0efecto, \u00a0si \u00a0Julio \u00a0C\u00e9sar Duarte Espitia \u00a0acept\u00f3 \u00a0que \u00a0fue \u00a0uno \u00a0de los art\u00edfices de la campa\u00f1a del enjuiciado; y alias \u00a0\u201cel \u00a0Alem\u00e1n\u201d manifest\u00f3 \u00a0que \u00a0lo \u00a0relacion\u00f3 \u00a0con \u00a0\u00e9l, esas afirmaciones convergen a demostrar un \u00fanico \u00a0hecho: \u00a0los \u00a0v\u00ednculos \u00a0entre \u00a0el \u00a0procesado y las autodefensas de la regi\u00f3n de \u00a0Urab\u00e1. \u00a0Claro, \u00a0porque \u00a0en \u00a0las \u00a0interceptaciones \u00a0telef\u00f3nicas \u00a0que orden\u00f3 la \u00a0Corte12 \u00a0\u00a0<\/p>\n<p>, \u00a0la \u00a0secretaria de \u00d3scar de Jes\u00fas Su\u00e1rez \u00a0Mira \u00a0le \u00a0solicit\u00f3 a Duarte que guardara silencio en relaci\u00f3n con esos temas y \u00a0de \u00a0las \u00a0que \u00a0denominan \u00a0\u201candanzas\u201d, \u00a0de manera que lo dicho por\u00a0\u00a0 \u00a0\u201cel \u00a0 Alem\u00e1n\u201d\u00a0 \u00a0acerca \u00a0de \u00a0los \u00a0convenios con\u00a0 el sindicado no es un asunto que se ofrezca \u00a0improbable, como opina la defensa. \u00a0\u00a0<\/p>\n<p>Por \u00a0lo \u00a0dem\u00e1s, \u00a0es muy significativo que se \u00a0hiciera \u00a0ese tipo de advertencia, si se consideraba que el incriminado no ten\u00eda \u00a0relaciones \u00a0 \u00a0 personales \u00a0 \u00a0 o \u00a0 \u00a0 pol\u00edticas \u00a0 \u00a0 con \u00a0 \u00a0 miembros \u00a0 \u00a0de \u00a0 \u00a0las \u00a0autodefensas. \u00a0\u00a0<\/p>\n<p>En \u00a0ese \u00a0contexto, \u00a0el di\u00e1logo en el cual se \u00a0sugiere ocultar las relaciones il\u00edcitas es contundente: \u00a0\u00a0<\/p>\n<p>Julio: Que hubo Bibi.\u00a0 \u00a0<\/p>\n<p>Bibiana: Mijo, tu mam\u00e1 a las cuatro y que no \u00a0sabe \u00a0nada, \u00a0que \u00a0sabe \u00a0qu\u00e9 \u00a0hac\u00eda pol\u00edtica usted con \u00d3scar Su\u00e1rez pero que \u00a0todo no s\u00e9, ni las andanzas ni nada, no s\u00e9, no s\u00e9 y no s\u00e9\u201d \u00a0\u00a0<\/p>\n<p>Julio: \u00a0Ah, \u00a0no, \u00a0si es que ella de verdad no \u00a0sabe, je, je. \u00a0\u00a0<\/p>\n<p>Bibiana:\u00a0 \u00a0Aja, \u00a0ella \u00a0no \u00a0nos \u00a0apoy\u00f3 a \u00a0nosotros cierto?&#8230; \u00a0\u00a0<\/p>\n<p>Julio:\u00a0 S\u00ed. \u00a0<\/p>\n<p>Bibiana: Si?. \u00a0<\/p>\n<p>Julio: Claaaro. \u00a0<\/p>\n<p>Bibiana: Ah bueno, pero que ella no sabe, que \u00a0sabe que el hijo hacia pol\u00edtica con \u00e9l y ya. \u00a0\u00a0<\/p>\n<p>Julio: \u00a0No, \u00a0no y sabe que lo apoy\u00f3 pero por \u00a0mi, o sea\u00a0 normal. \u00a0\u00a0<\/p>\n<p>Bibiana: \u00a0Si, \u00a0pero \u00a0que \u00a0nada de andanzas de \u00a0nada. \u00a0\u00a0<\/p>\n<p>Julio: Ella de lo que pas\u00f3 en el recorrido no \u00a0sabe nada porque no estuvo. \u00a0\u00a0<\/p>\n<p>Bibiana: \u00a0No \u00a0sabe \u00a0nada de su trabajo, nada, \u00a0sabe que trabaja con \u00e9l\u00a0 y no m\u00e1s. No s\u00e9 m\u00e1s.\u00a0 \u00a0\u00a0<\/p>\n<p>Julio: Ya, si, si, ya. \u00a0<\/p>\n<p>Bibiana: Listo, bueno, pilas pues. \u00a0<\/p>\n<p>Julio: \u00a0 \u00d3igame \u00a0 y \u00a0 que \u00a0 dijo \u00a0\u00e9l \u00a0del \u00a0encuentro \u00a0\u00a0<\/p>\n<p>Bibiana: No, ahorita ese man est\u00e1 enfocado en \u00a0esto \u00a0\u00a0<\/p>\n<p>Julio: \u00a0Me \u00a0imagino \u00a0Bibiana. \u00a0Bueno \u00a0pues, \u00a0chao\u2026\u201d \u00a0\u00a0<\/p>\n<p>Por \u00a0lo \u00a0tanto, \u00a0la versi\u00f3n de Fredy Rend\u00f3n \u00a0Herrera \u00a0en \u00a0el \u00a0sentido \u00a0de \u00a0que \u00a0fue \u00a0Julio \u00a0C\u00e9sar \u00a0Duarte \u00a0Espitia \u00a0quien lo \u00a0relacion\u00f3 \u00a0con \u00a0el \u00a0doctor \u00a0\u00d3scar de Jes\u00fas Su\u00e1rez Mira no es infundada, pues \u00a0las \u00a0muy \u00a0particulares \u00a0circunstancias que envuelven la declaraci\u00f3n del segundo \u00a0de \u00a0los \u00a0mencionados \u00a0y \u00a0las instrucciones para desfigurar la realidad, permiten \u00a0inferir \u00a0 que \u00a0 el \u00a0 testimonio \u00a0 de \u00a0 alias \u00a0 \u201cel \u00a0Alem\u00e1n\u201d \u00a0propicia \u00a0una \u00a0mejor \u00a0aproximaci\u00f3n \u00a0a \u00a0la \u00a0verdad \u00a0que \u00a0la \u00a0de \u00a0quienes \u00a0se \u00a0empecinan \u00a0en \u00a0negar \u00a0acuerdos o apoyos en esa \u00a0espec\u00edfica \u00a0 campa\u00f1a \u00a0 pol\u00edtica. \u00a0 En \u00a0 conclusi\u00f3n, \u00a0si \u00a0se \u00a0asume \u00a0que \u00a0las \u00a0afirmaciones \u00a0no \u00a0son \u00a0en \u00a0s\u00ed \u00a0mismas \u00a0verdaderas o falsas, sino si est\u00e1n o no \u00a0justificadas, \u00a0habr\u00eda \u00a0que \u00a0decir \u00a0entonces \u00a0que \u00a0la \u00a0versi\u00f3n \u00a0de \u201cel \u00a0 Alem\u00e1n\u201d, \u00a0por \u00a0lo \u00a0que \u00a0se \u00a0ha \u00a0explicado, lo est\u00e1. \u00a0\u00a0<\/p>\n<p>Con \u00a0todo, la defensa insiste que el respaldo \u00a0electoral \u00a0a \u00d3scar de Jes\u00fas Su\u00e1rez Mira fue producto del trabajo con l\u00edderes \u00a0pol\u00edticos \u00a0y \u00a0sociales \u00a0locales, \u00a0en \u00a0el \u00a0que \u00a0no \u00a0hubo intervenci\u00f3n de grupos \u00a0ilegales. \u00a0No \u00a0obstante, \u00a0si \u00a0bien \u00a0es posible que hayan incidido otras causas e \u00a0incluso \u00a0acuerdos \u00a0l\u00edcitos, \u00a0cuesti\u00f3n \u00a0que \u00a0la \u00a0defensa trata de resaltar para \u00a0desvirtuar \u00a0la \u00a0imputaci\u00f3n \u00a0contra \u00a0su \u00a0cliente; \u00a0el resultado electoral por lo \u00a0general \u00a0no \u00a0tiene \u00a0una \u00a0explicaci\u00f3n \u00a0\u00fanica, \u00a0tanto que de considerar una sola \u00a0variable \u00a0se \u00a0puede \u00a0llegar \u00a0al \u00a0equ\u00edvoco \u00a0de sostener, como lo ha se\u00f1alado la \u00a0Sala, \u00a0 que\u00a0 \u00a0\u201clos \u00a0resultados \u00a0 electorales \u00a0 por \u00a0 fuera \u00a0del \u00a0ambiente \u00a0hist\u00f3rico \u00a0en \u00a0donde \u00a0se \u00a0manifiestan \u00a0pueden \u00a0conducir \u00a0al equ\u00edvoco de sostener que son datos acr\u00edticos \u00a0sin \u00a0mayor \u00a0importancia o repercusi\u00f3n, pues solamente explicar\u00edan la din\u00e1mica \u00a0de \u00a0 procesos \u00a0 electorales \u00a0 con \u00a0 fuerte \u00a0acento \u00a0clientelista.\u201d \u00a0 \u00a0 \u00a0 \u00a0 \u00a0 \u00a0 \u00a0 \u00a0 \u00a0 \u00a013 \u00a0\u00a0<\/p>\n<p>En ese margen, incluso porque el procesado lo \u00a0acepta, \u00a0el \u00a0\u00fanico vestigio de v\u00ednculos con la regi\u00f3n se remonta a una \u00fanica \u00a0gira \u00a0de \u00a0no \u00a0m\u00e1s \u00a0de \u00a0un \u00a0d\u00eda \u00a0de \u00a0la \u00a0cual \u00a0habr\u00eda derivado, seg\u00fan afirma, \u00a0importantes \u00a0r\u00e9ditos \u00a0pol\u00edticos. De manera que si no \u00a0existieran \u00a0otras \u00a0causas, \u00a0con \u00a0todo y lo que se pudiera decir de una coyuntura \u00a0pol\u00edtica \u00a0con \u00a0fuerte \u00a0acento \u00a0clientelista, \u00a0esa \u00a0podr\u00eda ser una explicaci\u00f3n \u00a0aceptable. Sin embargo, all\u00ed donde inciden realidades \u00a0o \u00a0circunstancias que vinculan la pol\u00edtica con el paramilitarismo, como en este \u00a0proceso, esa explicaci\u00f3n es inadmisible. \u00a0\u00a0<\/p>\n<p>Al respecto, ya se indic\u00f3, la injerencia del \u00a0Bloque \u00a0 \u201cElmer \u00a0 C\u00e1rdenas\u201d \u00a0 persist\u00eda \u00a0 para \u00a0 el \u00a0 a\u00f1o \u00a0 2006 \u00a0 en \u00a0el \u00a0Urab\u00e114 \u00a0\u00a0<\/p>\n<p>, y por esa circunstancia pese al avance en el \u00a0proceso \u00a0 de \u00a0 desmovilizaci\u00f3n, \u00a0 Fredy \u00a0Rend\u00f3n \u00a0Herrera, \u00a0alias \u00a0\u201cel \u00a0Alem\u00e1n\u201d, continuaba al mando de \u00a0un \u00a0ej\u00e9rcito \u00a0ilegal \u00a0con \u00a0alta \u00a0capacidad \u00a0de perturbaci\u00f3n. Por lo mismo, las \u00a0referencias \u00a0expl\u00edcitas \u00a0a \u00a0convenios \u00a0con \u00a0\u00d3scar de Jes\u00fas Su\u00e1rez Mira en el \u00a0a\u00f1o \u00a02006, \u00a0a \u00a0las \u00a0cuales se refiri\u00f3 Rend\u00f3n Herrera, permiten afirmar que el \u00a0pacto \u00a0pol\u00edtico \u00a0con \u00a0el procesado no fue un acuerdo a t\u00edtulo individual, sino \u00a0con el jefe de un grupo armado ilegal. \u00a0\u00a0<\/p>\n<p>Veamos: \u00a0m\u00e1s \u00a0all\u00e1 \u00a0de \u00a0juicios \u00e9ticos, en \u00a0situaciones \u00a0de \u00a0relativa normalidad pol\u00edtica, puede ser explicable que un buen \u00a0n\u00famero \u00a0de \u00a0votos \u00a0sea \u00a0el \u00a0producto del ejercicio clientelista de la actividad \u00a0pol\u00edtica \u00a0con \u00a0l\u00edderes \u00a0locales, \u00a0raz\u00f3n \u00a0por \u00a0la \u00a0cual no es indispensable la \u00a0presencia \u00a0del \u00a0candidato \u00a0en \u00a0las regiones. Sin embargo, las alusiones de Fredy \u00a0Rend\u00f3n \u00a0Herrera \u00a0a \u00a0pactos \u00a0entre el acusado y \u00e9l como jefe de una facci\u00f3n de \u00a0las \u00a0autodefensas, \u00a0refrendadas \u00a0por \u00a0el intento de manipular las pruebas con el \u00a0fin \u00a0de \u00a0ocultar \u00a0la \u00a0realidad, \u00a0impiden \u00a0atender el argumento de la defensa que \u00a0pretende \u00a0 explicar \u00a0 el \u00a0apoyo \u00a0al \u00a0acusado \u00a0desde \u00a0una \u00a0perspectiva \u00a0meramente \u00a0pol\u00edtica. \u00a0\u00a0<\/p>\n<p>Es m\u00e1s, seg\u00fan quienes lo acompa\u00f1aron en la \u00a0causa \u00a0electoral, \u00a0el \u00a0doctor \u00a0\u00d3scar \u00a0de Jes\u00fas Su\u00e1rez Mira era pr\u00e1cticamente \u00a0desconocido \u00a0en \u00a0la regi\u00f3n de Urab\u00e1, tanto que Julio C\u00e9sar Duarte Espitia, el \u00a0mismo \u00a0a \u00a0quien se le sugiri\u00f3 ocultar los comprometedores detalles de campa\u00f1a, \u00a0acept\u00f3 \u00a0que \u00a0el \u00a0acusado \u00a0\u201cera \u00a0la primera vez que \u00a0entraba \u00a0en \u00a0la \u00a0zona\u201d,15 lo cual demuestra que no era \u00a0precisamente \u00a0un \u00a0pol\u00edtico \u00a0conocido \u00a0en \u00a0la regi\u00f3n, como tambi\u00e9n lo asegur\u00f3 \u00a0Fredy \u00a0Rend\u00f3n \u00a0Herrera. \u00a0Por consiguiente, la relaci\u00f3n con l\u00edderes locales no \u00a0puede, en ese escenario, ser la \u00fanica justificaci\u00f3n posible. \u00a0\u00a0<\/p>\n<p>En \u00a0tales \u00a0circunstancias, las votaciones que \u00a0obtuvo \u00a0en \u00a0el \u00a0Urab\u00e1 \u00a0Antioque\u00f1o son bastante significativas, pues s\u00f3lo para \u00a0citar \u00a0algunos ejemplos, en Turbo, donde recibi\u00f3 el respaldo de 32 electores en \u00a0el \u00a0a\u00f1o \u00a02002, \u00a0obtuvo \u00a0luego \u00a0881 votos, y en Apartad\u00f3 de 35 pas\u00f3 a 678, sin \u00a0mayores \u00a0acercamientos \u00a0pol\u00edticos \u00a0y \u00a0sociales; \u00a0de \u00a0manera \u00a0que \u00a0al \u00a0no \u00a0poder \u00a0justificar \u00a0ese \u00a0apoyo \u00a0con \u00a0razones de mera mec\u00e1nica pol\u00edtica, se refuerza la \u00a0tesis \u00a0de \u00a0Fredy Rend\u00f3n Herrera de que efectivamente apoy\u00f3 la causa del doctor \u00a0Su\u00e1rez Mira, y as\u00ed lo se\u00f1al\u00f3 en los siguientes t\u00e9rminos: \u00a0\u00a0<\/p>\n<p>\u201c.. \u00a0En \u00a0ese \u00a0proceso \u00a0llega este se\u00f1or de \u00a0Equipo \u00a0Colombia, \u00a0el de Bello, \u00d3scar Su\u00e1rez Mira. Se reuni\u00f3 conmigo buscando \u00a0apoyo \u00a0y con el se\u00f1or Dairo, otro comandante m\u00edo e igual creo que Dairo le dio \u00a0unos \u00a0recursos \u00a0para \u00a0la financiaci\u00f3n de la campa\u00f1a. De la misma manera estuvo \u00a0otro \u00a0de Equipo Colombia\u2026 pero representante a la C\u00e1mara por Equipo Colombia. \u00a0Incluso \u00a0ten\u00edamos \u00a0comunicaci\u00f3n \u00a0v\u00eda \u00a0correo, \u00a0con \u00a0algunos. \u00a0Otros de manera \u00a0presencial. \u00a0 Todos \u00a0 ven\u00edan \u00a0 a \u00a0 que \u00a0 les \u00a0 di\u00e9ramos \u00a0plata.\u201d.16\u00a0 \u00a0\u00a0<\/p>\n<p>En consecuencia, existen suficientes elementos \u00a0de \u00a0juicio \u00a0para \u00a0concluir \u00a0que \u00a0el \u00a0doctor \u00a0\u00d3scar \u00a0de \u00a0Jes\u00fas \u00a0Su\u00e1rez Mira se \u00a0concert\u00f3 \u00a0con \u00a0una \u00a0facci\u00f3n \u00a0de \u00a0las \u00a0autodefensas \u00a0y \u00a0en \u00a0particular \u00a0con \u00a0el \u00a0denominado \u00a0Bloque \u00a0\u201cElmer \u00a0C\u00e1rdenas\u201d, con ocasi\u00f3n del debate electoral de \u00a02006 cuando aspir\u00f3 al Senado de la Rep\u00fablica. \u00a0\u00a0<\/p>\n<p>Cuarto: El delito de concierto para delinquir, \u00a0seg\u00fan \u00a0la \u00a0m\u00e1s \u00a0autorizada dogm\u00e1tica es de conducta permanente. Por lo mismo, \u00a0persiste \u00a0mientras \u00a0el \u00a0acuerdo \u00a0se \u00a0mantiene. \u00a0Esta reflexi\u00f3n es esencial para \u00a0analizar \u00a0el \u00a0comportamiento \u00a0del \u00a0imputado, \u00a0en \u00a0el entendido de que como lo ha \u00a0dicho la Sala,\u00a0 \u00a0\u00a0<\/p>\n<p>\u201cEs \u00a0necesario \u00a0aclarar, \u00a0con \u00a0el \u00a0fin \u00a0de \u00a0despejar \u00a0cualquier \u00a0duda al respecto, que s\u00f3lo por \u00a0razones \u00a0 metodol\u00f3gicas \u00a0 la \u00a0 Sala \u00a0 estudi\u00f3 \u00a0 por \u00a0 separado \u00a0las \u00a0distintas \u00a0manifestaciones \u00a0del acuerdo ilegal, sin que eso signifique escindir la conducta \u00a0o \u00a0valorar \u00a0cada episodio para conferirle una tipicidad aut\u00f3noma. En efecto, en \u00a0la \u00a0 resoluci\u00f3n \u00a0 de \u00a0acusaci\u00f3n \u00a0se \u00a0expres\u00f3 \u00a0la \u00a0necesidad \u00a0de \u00a0\u2018conjurar \u00a0los \u00a0distintos \u00a0momentos que \u00a0como \u00a0expresi\u00f3n de la voluntad del acuerdo ilegal se revelan en el expediente y \u00a0no \u00a0cada \u00a0episodio \u00a0como estanco de la acci\u00f3n por fuera del contexto hist\u00f3rico \u00a0en \u00a0el \u00a0cual \u00a0la \u00a0conducta \u00a0se inscribe\u2019, \u00a0dando \u00a0origen a una imputaci\u00f3n \u00fanica por el delito de concierto \u00a0para \u00a0 delinquir\u2026\u201d \u00a017 \u00a0\u00a0<\/p>\n<p>. \u00a0<\/p>\n<p>Pues bien: \u00a0<\/p>\n<p>A \u00a0partir \u00a0de \u00a0esa noci\u00f3n, es imprescindible \u00a0verificar \u00a0si \u00a0existe \u00a0la indispensable conexidad f\u00e1ctica y valorativa entre lo \u00a0ocurrido \u00a0en \u00a0el Urab\u00e1 Antioque\u00f1o y reuniones que seg\u00fan se ha documentado, se \u00a0llevaron \u00a0 a \u00a0 cabo \u00a0en \u00a0el \u00a0municipio \u00a0de \u00a0Bello \u00a0entre \u00a0Congresistas \u00a0y \u00a0jefes \u00a0paramilitares. \u00a0\u00a0<\/p>\n<p>En \u00a0 ese \u00a0 sentido \u00a0y \u00a0de \u00a0acuerdo \u00a0con \u00a0lo \u00a0aducido,\u00a0 \u00a0es \u00a0necesario \u00a0puntualizar \u00a0que \u00a0al \u00a0apreciar \u00a0la \u00a0conducta debe \u00a0conjugarse \u00a0los \u00a0distintos \u00a0momentos del acuerdo y no cada episodio como estanco \u00a0individual,\u00a0 \u00a0esto \u00a0con el prop\u00f3sito de analizar el sentido y finalidad de \u00a0la \u00a0misma \u00a0y \u00a0su \u00a0interferencia con el bien jur\u00eddico, que es en \u00faltimas lo que \u00a0sustenta el injusto.\u00a0 \u00a0\u00a0<\/p>\n<p>Por lo tanto, lo ha se\u00f1alado la Corte, no es \u00a0una \u00a0reuni\u00f3n \u00a0en \u00a0s\u00ed \u00a0misma, por fuera de su finalidad, contexto y desvalor lo \u00a0que \u00a0le \u00a0confiere sentido al punible, en la medida que su apreciaci\u00f3n por fuera \u00a0de \u00a0 esas \u00a0 categor\u00edas \u00a0 puede \u00a0 propiciar \u00a0 conclusiones \u00a0ambiguas18 \u00a0\u00a0<\/p>\n<p>, \u00a0sobre \u00a0todo \u00a0si \u00a0se asume que \u201cla imputaci\u00f3n de un resultado al tipo \u00a0objetivo \u00a0depende \u00a0de \u00a0la \u00a0\u201crealizaci\u00f3n \u00a0de \u00a0un \u00a0peligro \u00a0dentro \u00a0del \u00a0fin de \u00a0protecci\u00f3n \u00a0 \u00a0 de \u00a0 \u00a0 la \u00a0 \u00a0 norma\u201d.19 \u00a0\u00a0<\/p>\n<p>Al \u00a0respecto, \u00a0si el delito de concierto para \u00a0delinquir \u00a0fue \u00a0dise\u00f1ado \u00a0para \u00a0enfrentar \u00a0diversas formas de criminalidad y en \u00a0particular \u00a0a quienes funcionalmente promueven esas organizaciones, en principio \u00a0no \u00a0parece \u00a0que \u00a0el \u00a0\u00e1mbito \u00a0de \u00a0la prohibici\u00f3n se refiera a quienes propician \u00a0acuerdos \u00a0para \u00a0\u201cdesmovilizar\u201d \u00a0al \u00a0grupo \u00a0armado ilegal; o de otro modo, no \u00a0interfiere \u00a0con \u00a0el \u00a0fin \u00a0de \u00a0protecci\u00f3n del delito de concierto para delinquir \u00a0quien \u00a0se \u00a0re\u00fane \u00a0para \u00a0discutir \u00a0condiciones \u00a0para desmovilizar grupos armados \u00a0ilegales, \u00a0 sino \u00a0 quien \u00a0 se \u00a0 concierta \u00a0con \u00a0el \u00a0fin \u00a0de \u00a0promover \u00a0al \u00a0grupo \u00a0ilegal.20 \u00a0\u00a0<\/p>\n<p>Sin \u00a0embargo, \u00a0en este caso, la reuni\u00f3n a la \u00a0cual \u00a0asisti\u00f3 \u00a0el \u00a0doctor \u00a0\u00d3scar de Jes\u00fas Su\u00e1rez Mira junto a otros miembros \u00a0del \u00a0 Congreso \u00a0 de \u00a0 la \u00a0Rep\u00fablica \u00a0en \u00a0el \u00a0municipio \u00a0de \u00a0Bello \u00a021 con algunos \u00a0l\u00edderes \u00a0de \u00a0las \u00a0autodefensas concentrados en Santafe de Ralito y otros que no \u00a0se \u00a0hab\u00edan incorporado a ning\u00fan proceso de desmovilizaci\u00f3n, para tratar temas \u00a0relacionados \u00a0con \u00a0el \u00a0avance \u00a0del \u00a0proyecto \u00a0de ley de justicia y paz, no puede \u00a0aislarse \u00a0del \u00a0contexto hist\u00f3rico en que se realiz\u00f3, ni menos como un episodio \u00a0aut\u00f3nomo \u00a0 \u00a0sin \u00a0 \u00a0relaci\u00f3n \u00a0 \u00a0con \u00a0 \u00a0lo \u00a0 \u00a0que \u00a0 \u00a0ocurri\u00f3 \u00a0 en \u00a0 el \u00a0 Urab\u00e1 \u00a0Antioque\u00f1o. \u00a0\u00a0<\/p>\n<p>Veamos: \u00a0<\/p>\n<p>No \u00a0 obstante \u00a0 que \u00a0seg\u00fan \u00a0Iv\u00e1n \u00a0Roberto \u00a0Duque22 \u00a0 o \u00a0 \u201cErnesto \u00a0B\u00e1ez\u201d, \u00a0 \u00a0 y \u00a0 \u00a0 Pablo \u00a0 \u00a0Hern\u00e1n \u00a0 \u00a0Sierra23 \u00a0\u00a0<\/p>\n<p>, \u00a0alias \u201cAlberto \u00a0Guerrero\u201d\u00a0 \u00a0, \u00a0la \u00a0reuni\u00f3n \u00a0de \u00a0Bello \u00a0no tuvo \u00a0finalidad \u00a0distinta \u00a0que \u00a0tratar \u00a0temas \u00a0relacionados \u00a0con el proyecto de ley de \u00a0justicia \u00a0y \u00a0paz, \u00a0en este caso la presencia del doctor \u00d3scar de Jes\u00fas Su\u00e1rez \u00a0Mira \u00a0no tiene ese don de relativa filantrop\u00eda pol\u00edtica, pues su asistencia se \u00a0constituye \u00a0en \u00a0un \u00a0hecho indicador de sus relaciones con grupos al margen de la \u00a0ley, \u00a0debido, \u00a0entre otras razones, a su coetaneidad con los acuerdos celebrados \u00a0con alias el \u201cel Alem\u00e1n\u201d. \u00a0\u00a0<\/p>\n<p>En otras palabras, ser\u00eda inexplicable que se \u00a0consideraran \u00a0ilegales \u00a0los \u00a0acuerdos \u00a0del \u00a0pol\u00edtico y el Jefe del Bloque Elmer \u00a0C\u00e1rdenas \u00a0y \u00a0que \u00a0en \u00a0el mismo contexto hist\u00f3rico por fuera de las directrices \u00a0gubernamentales, \u00a0 la \u00a0 reuni\u00f3n \u00a0de \u00a0Bello \u00a0no \u00a0fuera \u00a0representativa \u00a0de \u00a0esas \u00a0relaciones il\u00edcitas. \u00a0\u00a0<\/p>\n<p>En ese sentido, por plausible que haya sido la \u00a0finalidad \u00a0de la reuni\u00f3n, los di\u00e1logos con grupos armados por fuera de la ley, \u00a0seg\u00fan el art\u00edculo \u00a0 \u00a05 \u00a0 de \u00a0la \u00a0ley \u00a0782 \u00a0de \u00a02002,24 \u00a0\u00a0<\/p>\n<p>deben \u00a0efectuarse \u00a0con \u00a0autorizaci\u00f3n \u00a0del \u00a0Gobierno \u00a0Nacional. \u00a0Luego, \u00a0s\u00ed \u00a0seg\u00fan \u00a0la \u00a0ley \u00a0mencionada, \u00a0quienes lo hacen \u00a0pasando \u00a0por \u00a0alto \u00a0las \u00a0atribuciones \u00a0del \u00a0Gobierno Nacional pueden incurrir en \u00a0responsabilidad \u00a0penal, \u00a0no \u00a0se \u00a0puede justificar ese comportamiento ni siquiera \u00a0con \u00a0el \u00a0argumento \u00a0de \u00a0que \u00a0el \u00a0inter\u00e9s \u00a0por \u00a0la \u201cpaz\u201d est\u00e9 por encima de \u00a0consideraciones particulares. \u00a0\u00a0<\/p>\n<p>En efecto, si de acuerdo con el art\u00edculo 5 de \u00a0la \u00a0ley \u00a0782 de 2002, \u201clas personas que participen en \u00a0los \u00a0acercamientos, \u00a0di\u00e1logos \u00a0o negociaciones, as\u00ed como en la celebraci\u00f3n de \u00a0los \u00a0acuerdos \u00a0a \u00a0que \u00a0se \u00a0refiere \u00a0el \u00a0presente cap\u00edtulo con autorizaci\u00f3n del \u00a0Gobierno \u00a0Nacional, \u00a0no \u00a0incurrir\u00e1n \u00a0en \u00a0responsabilidad penal por raz\u00f3n de su \u00a0intervenci\u00f3n \u00a0en \u00a0los \u00a0mismos\u201d,\u00a0 eso \u00a0significa \u00a0que \u00a0quienes \u00a0act\u00faan \u00a0por fuera de esas condiciones \u00a0incurren \u00a0en \u00a0responsabilidad penal, lo cual le imprime un contenido de ilicitud \u00a0a \u00a0ese \u00a0tipo de actos. Por supuesto que la ley no dice en cu\u00e1l delito, pero por \u00a0fuera \u00a0de \u00a0esas \u00a0consideraciones, \u00a0es \u00a0evidente \u00a0que al haber concurrido en esas \u00a0circunstancias, \u00a0ese \u00a0contenido \u00a0de \u00a0ilicitud se integra en unidad de acci\u00f3n al \u00a0delito de concierto para delinquir que se le imput\u00f3 al acusado. \u00a0\u00a0<\/p>\n<p>Eso \u00a0explica que a la conocida reuni\u00f3n en la \u00a0finca \u00a0 \u00a0 de \u00a0 \u00a0 Bello \u00a0 \u00a0 de \u00a0 \u00a0 Hugo \u00a0 \u00a0 Albeiro \u00a0 \u00a0 Quintero \u00a0 \u00a0 \u2013 \u00a0un \u00a0ex convicto vinculado con grupos \u00a0ilegales25 \u00a0\u00a0<\/p>\n<p>-, asistieron no representantes o emisarios \u00a0del \u00a0Gobierno \u00a0Nacional, \u00a0sino \u00a0amigos \u00a0de \u00a0las autodefensas, seg\u00fan lo refiri\u00f3 \u00a0Pablo \u00a0 \u00a0 Hern\u00e1n \u00a0 \u00a0Sierra, \u00a0 \u00a0alias \u00a0 \u00a0\u201cAlberto \u00a0Guerrero\u201d, \u00a0o \u00a0\u201cAlberto \u00a0Guerrero\u201d\u00a0 \u00a0, \u00a0un \u00a0jefe \u00a0paramilitar \u00a0para \u00a0ese \u00a0momento \u00a0 \u00a0por \u00a0 \u00a0fuera \u00a0 \u00a0del \u00a0 \u00a0escenario \u00a0 \u00a0de \u00a0 \u00a0los \u00a0 di\u00e1logos \u00a0 con \u00a0 las \u00a0autodefensas: \u00a0\u00a0<\/p>\n<p>\u201cPues \u00a0es \u00a0que \u00a0como digo yo, siempre hemos \u00a0dicho \u00a0nosotros, \u00a0esto \u00a0siempre fue de amigos, las autodefensas siempre buscando \u00a0los \u00a0amigos, \u00a0de amigos referidos, el uno refer\u00eda a otro, el otro a otros, esto \u00a0fue \u00a0de \u00a0amistad \u00a0por \u00a0decirlo de alguna manera porque a nadie se oblig\u00f3 a ir a \u00a0esas \u00a0 reuniones\u2026\u201d \u00a026 \u00a0\u00a0<\/p>\n<p>De manera que las relaciones del doctor \u00d3scar \u00a0de \u00a0Jes\u00fas \u00a0Su\u00e1rez \u00a0Mira \u00a0con \u00a0grupos \u00a0al \u00a0margen \u00a0de \u00a0la \u00a0ley \u00a0no \u00a0se remontan \u00a0exclusivamente \u00a0a \u00a0los \u00a0convenios \u00a0referidos \u00a0por \u00a0Fredy \u00a0Rend\u00f3n Herrera, alias \u00a0\u201cel \u00a0Alem\u00e1n\u201d, \u00a0en \u00a0la \u00a0medida \u00a0que existe evidencia de sus nexos con las autodefensas de tiempo atr\u00e1s, \u00a0como \u00a0lo \u00a0demuestra \u00a0la \u00a0reuni\u00f3n indicada, que confirma que los acuerdos que se \u00a0llevaron \u00a0a \u00a0cabo en el Urab\u00e1 no son inveros\u00edmiles, ni tampoco otros v\u00ednculos \u00a0del m\u00e1s diverso orden con grupos de autodefensa. \u00a0\u00a0<\/p>\n<p>Por \u00a0consiguiente, \u00a0desde \u00a0el \u00a0punto de vista \u00a0valorativo \u00a0la \u00a0coetaneidad \u00a0hist\u00f3rica entre lo ocurrido en la finca de Bello y \u00a0el \u00a0proyecto de Urab\u00e1 es incuestionable, pues est\u00e1 suficientemente probado que \u00a0el \u00a0doctor \u00d3scar de Jes\u00fas Su\u00e1rez Mira concurri\u00f3 a esa cita como \u201camigo\u201d \u00a0de \u00a0las \u00a0autodefensas, en el \u00a0decir \u00a0de \u00a0Pablo \u00a0Hern\u00e1n \u00a0Sierra, \u00a0alias \u00a0\u201cAlberto \u00a0Guerrero\u201d\u00a0 \u00a0 , \u00a0y \u00a0a \u00a0la \u00a0vez \u00a0en \u00a0calidad \u00a0de \u00a0Congresista, \u00a0pero \u00a0sin \u00a0la \u00a0indispensable \u00a0autorizaci\u00f3n del Gobierno Nacional, \u00a0\u00fanica \u00a0autoridad \u00a0constitucionalmente \u00a0investida \u00a0para \u00a0adelantar \u00a0y \u00a0autorizar \u00a0di\u00e1logos \u00a0con \u00a0organizaciones il\u00edcitas. En ese orden, el posterior pacto en el \u00a0Urab\u00e1 \u00a0con el grupo ilegal de Fredy Rend\u00f3n Herrera, dirigido entre otros fines \u00a0a \u00a0consolidar \u00a0la \u00a0permanencia \u00a0del \u00a0doctor \u00a0Su\u00e1rez \u00a0Mira \u00a0en el Congreso de la \u00a0Rep\u00fablica, \u00a0demuestra \u00a0que \u00a0esos \u00a0dos \u00a0episodios \u00a0est\u00e1n \u00a0en la misma l\u00ednea de \u00a0compromisos con las autodefensas. \u00a0\u00a0<\/p>\n<p>En esa serie de vestigios con aquellos grupos \u00a0ilegales \u00a0de \u00a0autodefensa, \u00a0se \u00a0encuentra \u00a0el \u00a0episodio \u00a0de \u00a0Cornare \u00a0al cual se \u00a0refiri\u00f3 \u00a0 Juan \u00a0 Carlos \u00a0 \u201cel \u00a0 Tuso\u201d \u00a0 Sierra27, \u00a0en \u00a0el \u00a0sentido \u00a0de que se \u00a0habl\u00f3 \u00a0para que el hermano del inculpado les colaborara institucionalmente, por \u00a0la \u00a0amistad \u00a0con \u00a0el \u00a0pol\u00edtico, \u00a0en \u00a0algunos \u00a0proyectos \u00a0productivos durante su \u00a0retenci\u00f3n \u00a0en \u00a0el \u00a0municipio de La Ceja, segundo sitio de concentraci\u00f3n de las \u00a0autodefensas. \u00a0\u00a0<\/p>\n<p>Tal \u00a0como \u00a0se ha indicado, este tipo de actos \u00a0podr\u00edan \u00a0llevar \u00a0al \u00a0equ\u00edvoco \u00a0de \u00a0que \u00a0se \u00a0trata \u00a0de \u00a0asuntos institucionales \u00a0vinculados \u00a0con \u00a0el proceso de desmovilizaci\u00f3n, aspecto que en este espec\u00edfico \u00a0caso \u00a0no \u00a0es \u00a0necesario discutir. Lo que si es significativo es que se recurra a \u00a0la \u00a0intermediaci\u00f3n \u00a0de \u00d3scar de Jes\u00fas Su\u00e1rez Mira por las amistades de vieja \u00a0data, \u00a0lo \u00a0cual \u00a0refuerza \u00a0la opini\u00f3n de que los nexos entre el pol\u00edtico y las \u00a0autodefensas se confirman por diferentes fuentes. \u00a0\u00a0<\/p>\n<p>En lo que si hay que convenir es que no existe \u00a0certeza \u00a0 para \u00a0 afirmar \u00a0que \u00a0el \u00a0procesado \u00a0hubiese \u00a0sido \u00a0respaldado \u00a0en \u00a0los \u00a0departamentos \u00a0de \u00a0Cauca \u00a0y \u00a0Valle \u00a0del \u00a0Cauca \u00a0por \u00a0grupos \u00a0de \u00a0autodefensa. Al \u00a0respecto, \u00a0Ever \u00a0Veloza \u00a0Garc\u00eda, \u00a0alias \u00a0\u201cH.H.\u201d, \u00a0l\u00edder del llamado Bloque \u00a0\u201cCalima\u201d, \u00a0no \u00a0se \u00a0refiri\u00f3 a ese tipo de apoyos, entre otras razones porque \u00a0esa \u00a0 organizaci\u00f3n \u00a0 se \u00a0 desmoviliz\u00f3 \u00a0 en \u00a0 el \u00a0a\u00f1o \u00a02004. \u00a0Luego, \u00a0ante \u00a0la \u00a0desarticulaci\u00f3n \u00a0de \u00a0ese grupo ilegal, se ofrece improbable la interferencia de \u00a0tal \u00a0colectivo \u00a0il\u00edcito, \u00a0o \u00a0de \u00a0alianzas o de acuerdos en ese sentido o con la \u00a0finalidad de promover grupos ilegales en esa regi\u00f3n del pa\u00eds. \u00a0\u00a0<\/p>\n<p>Por \u00a0supuesto \u00a0que el doctor \u00d3scar de Jes\u00fas \u00a0Su\u00e1rez \u00a0Mira \u00a0no logr\u00f3 explicar satisfactoriamente c\u00f3mo logr\u00f3 obtener alg\u00fan \u00a0respaldo \u00a0electoral \u00a0en \u00a0esos departamentos, pues si acaso, gestiones a favor de \u00a0los \u00a0corteros \u00a0de \u00a0ca\u00f1a \u00a0de esa secci\u00f3n del pa\u00eds las llev\u00f3 a cabo en el a\u00f1o \u00a02008, \u00a0es \u00a0decir, \u00a0dos \u00a0a\u00f1os \u00a0despu\u00e9s de las elecciones y as\u00ed lo hizo saber a \u00a0Jos\u00e9 \u00a0Francisco \u00a0Valencia en la sesi\u00f3n plenaria del Senado del 7 de octubre de \u00a02008, \u00a0pese \u00a0a \u00a0que el procesado intent\u00f3 demostrar que esa fue la raz\u00f3n de ser \u00a0de \u00a0 su \u00a0 votaci\u00f3n \u00a0en \u00a0las \u00a0elecciones \u00a0de \u00a02006.28 \u00a0\u00a0<\/p>\n<p>Sin \u00a0embargo, \u00a0al \u00a0no contar con elementos de \u00a0prueba \u00a0que \u00a0permitan \u00a0afirmar \u00a0que \u00a0los \u00a0resultados \u00a0en ese departamento fueron \u00a0consecuencia \u00a0de \u00a0alianzas \u00a0turbias \u00a0con \u00a0grupos \u00a0al \u00a0margen \u00a0de la ley, el dato \u00a0electoral \u00a0no \u00a0se \u00a0puede \u00a0considerar \u00a0como \u00a0un presupuesto necesario de acuerdos \u00a0ilegales \u00a0que \u00a0no \u00a0se \u00a0lograron \u00a0demostrar \u00a0con certeza y que de haberse probado \u00a0incrementar\u00edan \u00a0 el \u00a0 grado \u00a0de \u00a0injusto \u00a0por \u00a0el \u00a0cual \u00a0se \u00a0juzga \u00a0al \u00a0Senador \u00a0Antioque\u00f1o. \u00a0\u00a0<\/p>\n<p>Quinto. \u00a0De \u00a0otra \u00a0parte, \u00a0seg\u00fan el criterio \u00a0jurisprudencial \u00a0de \u00a0la \u00a0Corte, \u00a0el \u00a0numeral \u00a02\u00ba, del art\u00edculo 340 del C\u00f3digo \u00a0Penal \u00a0 \u00a0que \u00a0 \u00a0describe \u00a0 como \u00a0 delictual \u00a0 el \u00a0 acuerdo \u00a0 para \u00a0 \u201cpromover\u201d\u00a0 \u00a0grupos \u00a0armados \u00a0al \u00a0margen \u00a0de \u00a0la \u00a0ley, permite sancionar los acuerdos entre pol\u00edticos y estos con \u00a0pretensiones \u00a0de \u00a0\u201ccooptar\u201d las instituciones p\u00fablicas para emplearlas a su \u00a0servicio, \u00a0una \u00a0caracter\u00edstica muy particular de un modelo de macrocriminalidad \u00a0que \u00a0 la \u00a0 diferencia \u00a0 de \u00a0otro \u00a0tipo \u00a0de \u00a0asociaciones \u00a0il\u00edcitas.29 \u00a0\u00a0<\/p>\n<p>En \u00a0ese \u00a0orden, \u00a0en \u00e9ste proceso no se puede \u00a0sostener \u00a0con certeza que las Bandas Criminales del Valle del Aburra y el Bloque \u00a0Elmer \u00a0C\u00e1rdenas \u00a0respondan \u00a0a \u00a0un \u00a0\u00fanico mando, o que exista unidad de acci\u00f3n \u00a0entre \u00a0el \u00a0comportamiento \u00a0de \u00a0esos \u00a0grupos \u00a0ilegales y los comandados por alias \u00a0\u201cel \u00a0 \u00a0 Alem\u00e1n\u201d. \u00a0\u00a0<\/p>\n<p>Si bien en el proceso existen referencias que \u00a0hablan \u00a0de \u00a0la \u00a0presi\u00f3n \u00a0a \u00a0los \u00a0electores \u00a0por parte de grupos de delincuencia \u00a0organizada \u00a0en \u00a0el municipio de Bello, no se puede sostener con certeza que sean \u00a0consecuencia \u00a0de los acuerdos o pactos con grupos de autodefensa ocurridos en el \u00a0Urab\u00e1 \u00a0y \u00a0que estructuran objetiva y subjetivamente el delito de concierto para \u00a0delinquir agravado. \u00a0\u00a0<\/p>\n<p>En \u00a0este \u00a0sentido, \u00a0en \u00a0las \u00a0denuncias \u00a0que \u00a0formularon \u00a0ante \u00a0las \u00a0Fiscal\u00edas \u00a0de \u00a0Medell\u00edn, Beatriz Elena Arboleda Metrio, \u00a0Jos\u00e9 \u00a0Rigoberto Garc\u00eda Guevara, Nicol\u00e1s de Jes\u00fas Rinc\u00f3n, Iv\u00e1n Arley Mar\u00edn \u00a0Vallejo, \u00a0Hilda \u00a0Nora \u00a0Suaza \u00a0Londo\u00f1o \u00a0y \u00a0Carlos Hern\u00e1n Soto Ortiz30, \u00a0 \u00a0se \u00a0refirieron \u00a0al \u00a0constre\u00f1imiento \u00a0del \u00a0cual fueron objeto algunos ciudadanos por \u00a0parte \u00a0de \u00a0bandas \u00a0criminales \u00a0con ocasi\u00f3n de las elecciones del a\u00f1o 2002 para \u00a0votar \u00a0por \u00a0el n\u00famero 9 del tarjet\u00f3n electoral, distintivo que correspond\u00eda a \u00a0\u00d3scar \u00a0 \u00a0 \u00a0de \u00a0 \u00a0 \u00a0Jes\u00fas \u00a0 \u00a0 \u00a0Su\u00e1rez \u00a0 \u00a0 Mira31, \u00a0hecho \u00a0que \u00a0sin embargo no \u00a0puede \u00a0relacionarse \u00a0con \u00a0acuerdos \u00a0con grupos armados al margen de la ley en el \u00a0a\u00f1o \u00a02006, \u00a0no \u00a0obstante que se denuncia presiones e injerencias en los debates \u00a0electorales. \u00a0\u00a0<\/p>\n<p>Algo \u00a0similar expres\u00f3 Carlos Enrique Areiza, \u00a0en \u00a0relaci\u00f3n \u00a0con \u00a0la \u00a0influencia de \u201cdesmovilizados\u201d en las elecciones del \u00a0a\u00f1o \u00a02006, \u00a0de \u00a0bandas \u00a0criminales \u00a0pertenecientes \u00a0a \u00a0la \u00a0llamada \u00a0Oficina \u00a0de \u00a0Envigado, \u00a0 \u00a0 \u00a0pues \u00a0 \u00a0 seg\u00fan \u00a0 \u00a0 el \u00a0 \u00a0 testigo \u00a0 \u00a0 indicado, \u00a0 \u00a0 \u201cla masiva votaci\u00f3n de \u00d3scar Su\u00e1rez, \u00a0de \u00a0Parodi, \u00a0de Olga Su\u00e1rez a lo \u00faltimo, de John Jairo Roldan ahora \u00faltimo de \u00a02010, \u00a0se \u00a0debe \u00a0a la injerencia de las bandas delincuenciales ya desmovilizadas \u00a0en Bello.\u201d\u00a0\u00a0 \u00a0\u00a0<\/p>\n<p>En \u00a0id\u00e9ntico \u00a0sentido declar\u00f3 Jairo Andr\u00e9s \u00a0Ardila \u00a0Murillo, \u00a0alias \u00a0\u201cguayabo\u201d, en relaci\u00f3n con la susodicha influencia \u00a0de \u00a0 bandas \u00a0 criminales \u00a0 en \u00a0poblaciones \u00a0del \u00a0Valle \u00a0de \u00a0Aburr\u00e1. \u00a0\u00a0<\/p>\n<p>Desde \u00a0luego que no es que estos supuestos no \u00a0tengan \u00a0relevancia desde el punto de vista penal, sino que tienen una autonom\u00eda \u00a0f\u00e1ctica \u00a0que \u00a0impide \u00a0asociar \u00a0valorativamente \u00a0lo \u00a0ocurrido \u00a0en el Urab\u00e1 y la \u00a0intervenci\u00f3n \u00a0ilegal \u00a0de \u00a0Bandas \u00a0Criminales \u00a0en Bello. Aun as\u00ed, pese a que la \u00a0incursi\u00f3n \u00a0de \u00a0Bandas Criminales no corresponde a la misma secuencia hist\u00f3rica \u00a0con \u00a0la \u00a0acci\u00f3n \u00a0de \u00a0las autodefensas en el Urab\u00e1, s\u00ed denota los v\u00ednculos de \u00a0todo \u00a0orden \u00a0del procesado con grupos ilegales del m\u00e1s variado acento, hasta el \u00a0punto \u00a0que \u00a0con \u00a0la \u00a0autonom\u00eda \u00a0inherente \u00a0a \u00a0cada \u00a0conducta, \u00a0las persistentes \u00a0referencias \u00a0a \u00a0\u00d3scar \u00a0de \u00a0Jes\u00fas Su\u00e1rez Mira son inocultables, por lo cual se \u00a0debe \u00a0investigar \u00a0por separado las alianzas o convenios entre el procesado y ese \u00a0tipo de organizaciones delictivas. \u00a0\u00a0<\/p>\n<p>A \u00a0ese \u00a0contexto \u00a0corresponde \u00a0tambi\u00e9n \u00a0la \u00a0declaraci\u00f3n \u00a0de Libardo Duarte, quien se refiri\u00f3 al apoyo que habr\u00eda recibido \u00a0el \u00a0 \u00a0 \u00a0 sindicado \u00a0 \u00a0 \u00a0de \u00a0 \u00a0 \u00a0\u201cbandas \u00a0 \u00a0 \u00a0de \u00a0desmovilizados\u201d, \u00a0y \u00a0que pese a las cr\u00edticas que se \u00a0pueden \u00a0ensayar \u00a0desde diferentes perspectivas contra su dicho, interceptaciones \u00a0telef\u00f3nicas \u00a0vuelven \u00a0a \u00a0denotar \u00a0el \u00a0inter\u00e9s, \u00a0a \u00a0trav\u00e9s \u00a0de \u00a0Luis Guillermo \u00a0Qui\u00f1\u00f3nez, \u00a0abogado \u00a0de \u00a0la \u00a0Unidad \u00a0de \u00a0Trabajo \u00a0legislativo del procesado, de \u00a0incidir \u00a0en \u00a0la \u00a0declaraci\u00f3n de Libardo Duarte, hecho que sin duda demuestra la \u00a0pretensi\u00f3n \u00a0de \u00a0distorsionar \u00a0realidades del proceso. \u00a0\u00a0<\/p>\n<p>Por \u00a0lo \u00a0tanto, \u00a0a \u00a0pesar \u00a0de \u00a0la \u00a0relativa \u00a0autonom\u00eda \u00a0de las conductas que se imputan al acusado &#8211; entre el concierto para \u00a0delinquir \u00a0con \u00a0grupos de autodefensa y el constre\u00f1imiento al elector por parte \u00a0de \u00a0organizaciones criminales en el Municipio de Bello -, es posible afirmar que \u00a0las \u00a0relaciones \u00a0con grupos armados al margen de la ley son una constante en las \u00a0actividades \u00a0del \u00a0doctor \u00a0Su\u00e1rez \u00a0Mira, \u00a0de \u00a0manera \u00a0que \u00a0en \u00a0ese escenario los \u00a0acuerdos \u00a0con \u00a0alias \u00a0el \u00a0\u201cel Alem\u00e1n\u201d \u00a0y \u00a0con \u00a0la \u00a0estructura \u00a0paramilitar \u00a0que \u00a0dirig\u00eda \u00a0en \u00a0el \u00a0Urab\u00e1 \u00a0Antioque\u00f1o \u00a0se confirman plenamente, por lo cual se le condenar\u00e1 por el delito \u00a0de \u00a0 concierto \u00a0 para \u00a0delinquir, \u00a0conducta \u00a0que \u00a0le \u00a0fue \u00a0imputada \u00a0f\u00e1ctica \u00a0y \u00a0jur\u00eddicamente en la resoluci\u00f3n de acusaci\u00f3n. \u00a0\u00a0<\/p>\n<p>Como \u00a0se indic\u00f3 al comienzo de este numeral, \u00a0el \u00a0delito \u00a0de \u00a0concierto \u00a0para \u00a0delinquir \u00a0agravado \u00a0ha \u00a0sido el escenario para \u00a0sancionar \u00a0alianzas, \u00a0acuerdos \u00a0o convenios tendientes a promover grupos armados \u00a0al \u00a0margen \u00a0de la ley, en los cuales subyace la pretensi\u00f3n de cooptar el Estado \u00a0y \u00a0de \u00a0instrumentalizarlo \u00a0al servicio ileg\u00edtimo de organizaciones por fuera de \u00a0la \u00a0ley. \u00a0En \u00a0contextos \u00a0parecidos, \u00a0pero \u00a0no \u00a0iguales, por la teleolog\u00eda de la \u00a0conducta \u00a0y \u00a0su \u00a0interferencia \u00a0con \u00a0el \u00a0bien \u00a0jur\u00eddico, \u00a0alianzas \u00a0con \u00a0bandas \u00a0criminales \u00a0en \u00a0las \u00a0cuales \u00a0no \u00a0se descartan pretensiones similares, pueden dar \u00a0origen \u00a0a \u00a0otro \u00a0tipo \u00a0de injusto, igualmente grave, como en este caso, en donde \u00a0por \u00a0 lo \u00a0 que \u00a0 han \u00a0dicho \u00a0algunos \u00a0testigos, \u00a0probablemente \u00a0se \u00a0afect\u00f3 \u00a0los \u00a0\u201cMecanismos de participaci\u00f3n democr\u00e1tica\u201d. \u00a0\u00a0<\/p>\n<p>Esta afirmaci\u00f3n, al menos en relaci\u00f3n con lo \u00a0que \u00a0pudo \u00a0ocurrir en ciertos municipios antioque\u00f1os en el a\u00f1o 2006, surge del \u00a0hecho \u00a0de \u00a0que \u00a0algunos testigos se han referido a Bandas de desmovilizados, o a \u00a0organizaciones \u00a0criminales \u00a0que \u00a0por esa raz\u00f3n no corresponden al mismo \u00e1mbito \u00a0hist\u00f3rico \u00a0de \u00a0alianzas \u00a0o \u00a0pactos \u00a0con \u00a0grupos \u00a0de autodefensa, conforme se ha \u00a0explicado, \u00a0y \u00a0que \u00a0impiden \u00a0tratar \u00a0como unidad distintos eventos con distintas \u00a0finalidades. \u00a0\u00a0<\/p>\n<p>Es \u00a0claro, \u00a0sin embargo, que no se le imput\u00f3 \u00a0jur\u00eddicamente \u00a0 la \u00a0 comisi\u00f3n \u00a0de \u00a0delito \u00a0alguno \u00a0contra \u00a0los \u00a0mecanismos \u00a0de \u00a0participaci\u00f3n \u00a0democr\u00e1tica, \u00a0pese \u00a0a \u00a0la \u00a0alusi\u00f3n de los testigos a ese tema, \u00a0situaci\u00f3n \u00a0que implica que se disponga lo pertinente en esta sentencia para que \u00a0se \u00a0investigue \u00a0dicha \u00a0conducta, ante la imposibilidad de considerar por v\u00eda de \u00a0la \u00a0unidad \u00a0de \u00a0acci\u00f3n, agregados al injusto principal, que se traduce, como se \u00a0ha explicado, en acuerdos con organizaciones de autodefensa. \u00a0\u00a0<\/p>\n<p>Por lo tanto se compulsar\u00e1 copias para que se \u00a0investigue \u00a0la \u00a0posible \u00a0comisi\u00f3n \u00a0del delito de constre\u00f1imiento al sufragante \u00a0(art\u00edculo 387 del c\u00f3digo penal). \u00a0\u00a0<\/p>\n<p>DOSIFICACI\u00d3N DE LA PENA \u00a0<\/p>\n<p>El \u00a0delito \u00a0de concierto para promover grupos \u00a0armados \u00a0ilegales, descrito en el segundo inciso del art\u00edculo 340 de la Ley 599 \u00a0de \u00a02000, \u00a0norma \u00a0aplicable \u00a0por el tiempo de ocurrencia de la conducta punible, \u00a0tiene \u00a0prevista \u00a0una pena de prisi\u00f3n entre setenta y dos (72) a ciento cuarenta \u00a0y \u00a0cuatro \u00a0(144) \u00a0meses de prisi\u00f3n, y multa de 2.000 a 20.000 salarios m\u00ednimos \u00a0legales mensuales. \u00a0\u00a0<\/p>\n<p>De \u00a0acuerdo \u00a0con \u00a0los \u00a0art\u00edculos 60 y 61 del \u00a0c\u00f3digo penal, los cuartos en los que se ha de tasar la pena son: \u00a0\u00a0<\/p>\n<p>M\u00ednimo: \u00a0entre \u00a072 \u00a0a 90 meses de prisi\u00f3n y \u00a0multa \u00a0 \u00a0de \u00a0 \u00a02.000 \u00a0 \u00a0a \u00a0 \u00a06.500 \u00a0 \u00a0salarios \u00a0 \u00a0m\u00ednimos \u00a0 mensuales \u00a0 legales \u00a0vigentes. \u00a0\u00a0<\/p>\n<p>Medios: \u00a0de \u00a090 \u00a0meses y 1 d\u00eda a 126 meses y \u00a0multa \u00a0 de \u00a0 10.751 \u00a0a \u00a015.000 \u00a0salarios \u00a0m\u00ednimos \u00a0mensuales \u00a0legales \u00a0vigentes \u00a0y; \u00a0\u00a0<\/p>\n<p>M\u00e1ximo: \u00a0de 126 meses y 1 d\u00eda a 144 meses y \u00a0multa \u00a0 \u00a0de \u00a0 \u00a015.001 \u00a0 \u00a0a \u00a0 \u00a020.000 \u00a0 salarios \u00a0 m\u00ednimos \u00a0 mensuales \u00a0 legales \u00a0vigentes. \u00a0\u00a0<\/p>\n<p>La \u00a0Sala \u00a0se \u00a0ubicar\u00e1 \u00a0en\u00a0 \u00a0los cuartos \u00a0medios\u00a0 \u00a0 porque \u00a0 en \u00a0 la \u00a0resoluci\u00f3n \u00a0de \u00a0acusaci\u00f3n \u00a0se \u00a0contempl\u00f3 \u00a0la \u00a0circunstancia \u00a0de \u00a0mayor \u00a0punibilidad \u00a0del \u00a0numeral \u00a0noveno del art\u00edculo 58 del \u00a0c\u00f3digo \u00a0 penal, \u00a0 relacionada \u00a0 con \u00a0\u201cLa \u00a0posici\u00f3n \u00a0distinguida \u00a0que \u00a0el \u00a0sentenciado \u00a0ocupe en la sociedad, por su cargo, posici\u00f3n \u00a0econ\u00f3mica, \u00a0 \u00a0ilustraci\u00f3n, \u00a0 \u00a0poder, \u00a0 \u00a0oficio \u00a0 o \u00a0 ministerio\u201d.32 \u00a0\u00a0<\/p>\n<p>Y bien: \u00a0<\/p>\n<p>La \u00a0gravedad del delito no admite discusi\u00f3n. \u00a0En \u00a0efecto, \u00a0el \u00a0riesgo \u00a0contra \u00a0la \u00a0seguridad \u00a0p\u00fablica, entendido seg\u00fan se ha \u00a0dicho, \u00a0como el conjunto de condiciones materiales m\u00ednimas para el ejercicio de \u00a0derechos \u00a0fundamentales, \u00a0se \u00a0acrecienta \u00a0cuando \u00a0se \u00a0promueve grupos armados al \u00a0margen \u00a0de \u00a0la ley y particularmente si se utiliza o pretende emplear escenarios \u00a0institucionales para ponerlos al servicio de una causa ilegal. \u00a0\u00a0<\/p>\n<p>De \u00a0manera \u00a0que \u00a0a pesar que el epicentro del \u00a0injusto \u00a0gravita \u00a0en \u00a0torno \u00a0de \u00a0la \u00a0seguridad \u00a0p\u00fablica, \u00a0no \u00a0hay \u00a0duda que las \u00a0disfunciones \u00a0institucionales \u00a0que \u00a0suponen \u00a0conductas \u00a0como \u00a0la \u00a0que \u00a0se juzga, \u00a0incrementan \u00a0el \u00a0riesgo \u00a0contra \u00a0ella, \u00a0hecho \u00a0que denota una mayor gravedad del \u00a0comportamiento, \u00a0lo \u00a0cual \u00a0en \u00a0el \u00a0marco de la ecuaci\u00f3n entre la intensidad del \u00a0mismo \u00a0y \u00a0la \u00a0respuesta \u00a0punitiva, \u00a0conlleva \u00a0a \u00a0que la pena no sea la menor del \u00a0cuarto \u00a0seleccionado, \u00a0sino \u00a0ciento ocho (108) meses de prisi\u00f3n y multa de doce \u00a0mil salarios m\u00ednimos legales mensuales vigentes. \u00a0\u00a0<\/p>\n<p>Esa conclusi\u00f3n es viable si se considera que \u00a0los \u00a0acuerdos \u00a0il\u00edcitos \u00a0por \u00a0su \u00a0esencia son producto del quehacer voluntario, \u00a0algo \u00a0que no pod\u00eda ignorar el doctor Su\u00e1rez Mira, a quien por su condici\u00f3n de \u00a0miembro \u00a0del \u00a0Congreso \u00a0de \u00a0la Rep\u00fablica se le impone un juicio de exigibilidad \u00a0mayor que al com\u00fan de los ciudadanos. \u00a0\u00a0<\/p>\n<p>En consecuencia, la pena ser\u00e1 de ciento ocho \u00a0meses \u00a0de \u00a0prisi\u00f3n \u00a0y \u00a0doce mil salarios m\u00ednimos legales mensuales vigentes de \u00a0multa. \u00a0\u00a0<\/p>\n<p>Asimismo, \u00a0de \u00a0conformidad con los art\u00edculos \u00a043, \u00a044 \u00a0y 52 del C\u00f3digo Penal, la Sala condenar\u00e1 al acusado a la accesoria de \u00a0inhabilitaci\u00f3n \u00a0para \u00a0el \u00a0ejercicio \u00a0de \u00a0derechos y funciones p\u00fablicas, por un \u00a0tiempo igual al de la pena privativa de la libertad impuesta. \u00a0\u00a0<\/p>\n<p>Al \u00a0margen, advi\u00e9rtase que no hay lugar a la \u00a0suspensi\u00f3n \u00a0condicional de la ejecuci\u00f3n de la pena ni a la sustituci\u00f3n por la \u00a0prisi\u00f3n \u00a0domiciliaria. \u00a0En \u00a0el \u00a0primer \u00a0caso porque el art\u00edculo 63 del c\u00f3digo \u00a0penal \u00a0s\u00f3lo \u00a0autoriza \u00a0el \u00a0subrogado frente a la imposici\u00f3n de una sanci\u00f3n de \u00a0prisi\u00f3n \u00a0no \u00a0superior \u00a0a 3 a\u00f1os y, en el segundo, porque \u00fanicamente es viable \u00a0considerar \u00a0la \u00a0sustituci\u00f3n cuando la m\u00ednima prevista en la ley para el delito \u00a0objeto \u00a0de \u00a0la \u00a0condena \u00a0sea de 5 a\u00f1os o menos, acorde con lo establecido en el \u00a0art\u00edculo 38 del mismo estatuto; condiciones que no se cumplen. \u00a0\u00a0<\/p>\n<p>INDEMNIZACI\u00d3N DE PERJUICIOS \u00a0<\/p>\n<p>No \u00a0hay \u00a0lugar \u00a0a \u00a0la \u00a0condena \u00a0por \u00a0da\u00f1os \u00a0materiales \u00a0y \u00a0morales \u00a0ocasionados \u00a0con \u00a0el \u00a0hecho punible, en la medida que no \u00a0existe fundamento probatorio para se\u00f1alar que se hubiesen causado. \u00a0\u00a0<\/p>\n<p>DETERMINACIONES FINALES \u00a0<\/p>\n<p>Teniendo \u00a0en \u00a0cuenta \u00a0las \u00a0conversaciones que \u00a0aparecen \u00a0en \u00a0las \u00a0interceptaciones \u00a0que adelant\u00f3 la Sala a diferentes abonados \u00a0telef\u00f3nicos, \u00a0se dispondr\u00e1 la compulsa de copias por la comisi\u00f3n del presunto \u00a0delito \u00a0de \u00a0Falso \u00a0Testimonio contra: Julio Cesar Duarte Espitia, Edda Espitia y \u00a0Viviana \u00a0Mar\u00eda \u00a0S\u00e1nchez \u00a0Calder\u00f3n, \u00a0con \u00a0fundamento \u00a0en \u00a0el \u00a0extracto \u00a0de \u00a0la \u00a0conversaci\u00f3n \u00a0entre \u00a0Julio \u00a0Duarte \u00a0Espitia \u00a0y Viviana S\u00e1nchez, que obra en el \u00a0informe \u00a0 617505 \u00a0 de \u00a0 julio \u00a0 25 \u00a0 de \u00a0 2011, \u00a0llamada \u00a02644729, \u00a033 \u00a0\u00a0<\/p>\n<p>y \u00a0 contra \u00a0el \u00a0procesado \u00a0Su\u00e1rez \u00a0Mira \u00a0supuestamente determinador de esa conducta. \u00a0\u00a0<\/p>\n<p>As\u00ed mismo, se dispone compulsar copias contra \u00a0el \u00a0procesado \u00a0para \u00a0que \u00a0si \u00a0es \u00a0del \u00a0caso \u00a0se investigue el supuesto delito de \u00a0constre\u00f1imiento \u00a0al \u00a0sufragante, \u00a0y \u00a0de \u00a0igual manera las posibles alianzas con \u00a0Bandas criminales, seg\u00fan se indic\u00f3 en p\u00e1rrafos precedentes. \u00a0\u00a0<\/p>\n<p>De \u00a0igual \u00a0manera, \u00a0para \u00a0que \u00a0se \u00a0investigue \u00a0disciplinaria \u00a0y \u00a0penalmente \u00a0a la se\u00f1ora Ligia Morales, al parecer funcionaria \u00a0de \u00a0la \u00a0Procuradur\u00eda \u00a0General \u00a0de la Naci\u00f3n, con base en las conversaciones de \u00a0que \u00a0trata \u00a0el \u00a0informe n\u00famero 047, dentro de la misi\u00f3n 170, del 23 de febrero \u00a0de \u00a0 2011, \u00a0 registradas \u00a0 con \u00a0 los \u00a0 n\u00fameros \u00a0 100220123902, \u00a0100220123902 \u00a0y \u00a0100520102912.34 \u00a0\u00a0<\/p>\n<p>Por \u00a0\u00faltimo, \u00a0se \u00a0compulsar\u00e1 \u00a0copia \u00a0de los \u00a0audios \u00a0de las interceptaciones referidas con destino al proceso que se adelanta \u00a0en \u00a0la \u00a0Fiscal\u00eda \u00a0General \u00a0de la Naci\u00f3n por la denuncia que instaurara en esta \u00a0Corporaci\u00f3n Libardo Duarte. \u00a0\u00a0<\/p>\n<p>* * * * * * \u00a0<\/p>\n<p>En m\u00e9rito de lo expuesto, la Corte Suprema de \u00a0Justicia,\u00a0 \u00a0Sala de Casaci\u00f3n Penal, administrando justicia en nombre de la \u00a0Rep\u00fablica y por autoridad de la Ley, \u00a0\u00a0<\/p>\n<p>RESUELVE \u00a0<\/p>\n<p>Primero: \u00a0Declarar \u00a0penalmente \u00a0responsable a \u00a0\u00d3SCAR \u00a0DE \u00a0JES\u00daS SU\u00c1REZ MIRA, de condiciones personales y civiles consignadas \u00a0en \u00a0 esta \u00a0providencia, \u00a0como \u00a0autor \u00a0del \u00a0delito \u00a0de \u00a0concierto \u00a0 \u00a0 \u00a0 para \u00a0 \u00a0 \u00a0delinquir \u00a0 \u00a0 \u00a0agravado \u00a0descrito \u00a0en el inciso 2\u00ba\u00a0 del art\u00edculo 340 de \u00a0la Ley 599 de 2000. \u00a0\u00a0<\/p>\n<p>En \u00a0consecuencia, \u00a0se le condena \u00a0 a \u00a0 la \u00a0 pena \u00a0 de \u00a0ciento \u00a0ocho\u00a0 \u00a0(108) \u00a0 meses \u00a0 de \u00a0 prisi\u00f3n \u00a0y \u00a0multa de doce \u00a0mil \u00a0 (12.000) \u00a0salarios m\u00ednimos legales mensuales vigentes para el momento de la \u00a0comisi\u00f3n \u00a0del \u00a0hecho, \u00a0a \u00a0favor \u00a0del \u00a0Tesoro \u00a0Nacional, \u00a0y \u00a0a \u00a0la \u00a0accesoria de \u00a0inhabilitaci\u00f3n \u00a0para \u00a0el \u00a0ejercicio \u00a0de \u00a0derechos y funciones p\u00fablicas durante \u00a0el\u00a0 t\u00e9rmino de la pena privativa de la libertad. \u00a0\u00a0<\/p>\n<p>Segundo: \u00a0No \u00a0conceder \u00a0al \u00a0sentenciado \u00a0la \u00a0suspensi\u00f3n \u00a0 condicional \u00a0 de \u00a0 la \u00a0 ejecuci\u00f3n \u00a0de \u00a0la \u00a0pena \u00a0ni \u00a0la \u00a0prisi\u00f3n \u00a0domiciliaria. \u00a0\u00a0<\/p>\n<p>Tercero: \u00a0 No \u00a0 condenar \u00a0 al \u00a0 acusado \u00a0al \u00a0resarcimiento \u00a0 de \u00a0 perjuicios, \u00a0 por \u00a0 no \u00a0 determinarse \u00a0 que \u00a0 se \u00a0 hubieran \u00a0causado. \u00a0\u00a0<\/p>\n<p>Cuarto: Compulsar las copias a que se ha hecho \u00a0alusi\u00f3n \u00a0en \u00a0el \u00a0ac\u00e1pite \u00a0de \u00a0otras determinaciones para que se investigue las \u00a0presuntas \u00a0conductas penales en que pudieron haber incurrido: Julio Cesar Duarte \u00a0Espitia, \u00a0Edda \u00a0Espitia, \u00a0Viviana \u00a0Mar\u00eda \u00a0S\u00e1nchez Calder\u00f3n y \u00d3scar de Jes\u00fas \u00a0Su\u00e1rez \u00a0Mira, \u00a0por \u00a0la \u00a0presunta \u00a0comisi\u00f3n \u00a0del \u00a0delito de falso testimonio, y \u00a0adem\u00e1s, \u00a0 contra \u00a0este \u00a0\u00faltimo, \u00a0por \u00a0la \u00a0probable \u00a0comisi\u00f3n \u00a0del \u00a0delito \u00a0de \u00a0constre\u00f1imiento \u00a0al sufragante y concierto para delinquir por acuerdos ilegales \u00a0con Bandas criminales. \u00a0\u00a0<\/p>\n<p>Asimismo, \u00a0se compulsar\u00e1n copias para que se \u00a0adelanten \u00a0las \u00a0investigaciones disciplinarias y penales a que haya lugar contra \u00a0la Se\u00f1ora Ligia Morales. \u00a0\u00a0<\/p>\n<p>Quinto. \u00a0En firme \u00a0esta \u00a0providencia, \u00a0rem\u00edtase \u00a0la actuaci\u00f3n al Juzgado de Ejecuci\u00f3n de Penas y \u00a0Medidas de Seguridad que corresponda, para lo de su cargo. \u00a0\u00a0<\/p>\n<p>Sexto: La Secretar\u00eda de la Sala enviar\u00e1 las \u00a0copias \u00a0 del \u00a0 fallo \u00a0 a \u00a0 las \u00a0 que \u00a0alude \u00a0el \u00a0art\u00edculo \u00a0472 \u00a0del \u00a0C. \u00a0de \u00a0P. \u00a0Penal. \u00a0\u00a0<\/p>\n<p>Contra \u00a0esta \u00a0sentencia \u00a0no \u00a0procede \u00a0recurso \u00a0alguno. \u00a0\u00a0<\/p>\n<p>C\u00d3PIESE, NOTIF\u00cdQUESE Y C\u00daMPLASE. \u00a0<\/p>\n<p>JOS\u00c9 LEONIDAS BUSTOS MART\u00cdNEZ \u00a0<\/p>\n<p>JOS\u00c9 \u00a0 \u00a0 \u00a0 \u00a0LUIS \u00a0 \u00a0 \u00a0 BARCEL\u00d3 \u00a0CAMACHO\u00a0\u00a0\u00a0\u00a0\u00a0\u00a0\u00a0\u00a0\u00a0\u00a0\u00a0\u00a0 \u00a0FERNANDO A. CASTRO CABALLERO \u00a0\u00a0<\/p>\n<p>MAR\u00cdA \u00a0 \u00a0 DEL \u00a0 \u00a0ROSARIO \u00a0 \u00a0GONZ\u00c1LEZ \u00a0M.\u00a0\u00a0\u00a0\u00a0\u00a0\u00a0\u00a0\u00a0\u00a0 \u00a0GUSTAVO \u00a0E.\u00a0 MALO \u00a0FERN\u00c1NDEZ \u00a0\u00a0<\/p>\n<p>LUIS \u00a0GUILLERMO \u00a0SALAZAR \u00a0OTERO \u00a0 \u00a0 \u00a0 \u00a0\u00a0 \u00a0 \u00a0 \u00a0 \u00a0\u00a0 \u00a0 \u00a0 \u00a0 \u00a0\u00a0 \u00a0 \u00a0 \u00a0 \u00a0\u00a0\u00a0\u00a0\u00a0\u00a0\u00a0\u00a0\u00a0\u00a0\u00a0\u00a0 \u00a0JAVIER DE JES\u00daS ZAPATA ORTIZ \u00a0\u00a0<\/p>\n<p>Nubia Yolanda Nova Garc\u00eda \u00a0<\/p>\n<p>Secretaria \u00a0<\/p>\n<p>\u00a0 \u00a0\u00a0<\/p>\n<p>1 Cfr., \u00a0decisi\u00f3n dentro del radicado 31.653. \u00a0\u00a0<\/p>\n<p>2 Corte \u00a0Suprema \u00a0de Justicia, Sala de Casaci\u00f3n Penal, sentencia de \u00fanica instancia del \u00a01\u00b0 de octubre de 2009, radicado 29110. \u00a0\u00a0<\/p>\n<p>3 \u00a0Mu\u00f1oz \u00a0Conde, \u00a0Francisco. El Nuevo derecho penal autoritario. En \u00a0el \u00a0derecho \u00a0penal \u00a0ante \u00a0la \u00a0globalizaci\u00f3n \u00a0y el terrorismo. Tirant lo Blanch, \u00a0p\u00e1gina 164. \u00a0\u00a0<\/p>\n<p>4 \u00a0En este punto, para establecer la necesidad de intervenci\u00f3n y la \u00a0prohibici\u00f3n \u00a0de exceso se debe considerar que: \u201cLa libertad fue una conquista \u00a0de \u00a0las \u00a0revoluciones \u00a0pol\u00edticas liberales, mientras la seguridad lo fue de las \u00a0revoluciones \u00a0sociales. \u00a0Ambas \u00a0se \u00a0han \u00a0convertido \u00a0en derechos fundamentales y \u00a0ambas \u00a0 han \u00a0 exigido \u00a0 la \u00a0 prestaci\u00f3n \u00a0 de \u00a0las \u00a0necesarias \u00a0garant\u00edas \u00a0para \u00a0afianzarlas.\u201d \u00a0 Bergalli \u00a0 Roberto, \u00a0 Libertad \u00a0 y \u00a0Seguridad, \u00a0un \u00a0equilibrio \u00a0extraviado. \u00a0En \u00a0el derecho ante la globalizaci\u00f3n y el terrorismo.\u201d Valencia, \u00a02004.\u00a0 \u00a0\u00a0<\/p>\n<p>5 \u00a0Cfr., \u00a0 Corte \u00a0 Suprema \u00a0 de \u00a0 Justicia, \u00a0Sala de casaci\u00f3n Penal, radicado 26.942, auto del 14 de mayo de \u00a02007, \u00a0reiterada \u00a0en \u00a0la \u00a0sentencia \u00a0del \u00a025 de noviembre de 2008, en la cual se \u00a0indic\u00f3: \u00a0\u00a0<\/p>\n<p>\u201cEl art\u00edculo 340 del C\u00f3digo Penal define \u00a0diversas \u00a0formas \u00a0de \u00a0ataque \u00a0al bien jur\u00eddico que denotan la manera progresiva \u00a0como \u00a0se \u00a0atenta contra la seguridad p\u00fablica. As\u00ed, en el inciso segundo, es el \u00a0acuerdo \u00a0de \u00a0voluntades \u00a0para \u00a0promocionar, \u00a0organizar, financiar o armar grupos \u00a0armados \u00a0al \u00a0margen de la ley lo que le da sentido al injusto, en el contexto de \u00a0una \u00a0modalidad \u00a0muy \u00a0propia \u00a0de \u00a0los tipos de peligro; y en el tercero, desde la \u00a0\u00f3ptica \u00a0de \u00a0la \u00a0efectiva lesi\u00f3n, se sanciona la conducta de armar, financiar o \u00a0promocionar \u00a0a tales grupos. Eso implica que se describen conductas secuenciales \u00a0en \u00a0escala \u00a0de \u00a0menor a mayor gravedad cuya lesividad se refleja precisamente en \u00a0el \u00a0 \u00a0 tratamiento \u00a0 \u00a0 punitivo, \u00a0 \u00a0como \u00a0 \u00a0corresponde \u00a0 \u00a0al \u00a0 \u00a0principio \u00a0 \u00a0de \u00a0proporcionalidad.\u201d \u00a0\u00a0<\/p>\n<p>De igual manera, se\u00f1al\u00f3: \u00a0<\/p>\n<p>\u201cEn \u00a0la \u00a0escala \u00a0progresiva de protecci\u00f3n \u00a0de\u00a0 \u00a0bienes \u00a0jur\u00eddicos, \u00a0el \u00a0acuerdo \u00a0que \u00a0da \u00a0origen \u00a0al \u00a0concierto \u00a0para \u00a0organizar, \u00a0promover, \u00a0armar \u00a0o \u00a0financiar \u00a0grupos \u00a0al \u00a0margen \u00a0de \u00a0la \u00a0ley, \u00a0se \u00a0diferencia \u00a0de \u00a0la \u00a0efectiva \u00a0organizaci\u00f3n, \u00a0fomento, \u00a0promoci\u00f3n, direcci\u00f3n y \u00a0financiaci\u00f3n \u00a0del \u00a0concierto, moldeando diferentes penas seg\u00fan la ponderaci\u00f3n \u00a0del \u00a0aporte que se traduce en un mayor desvalor de la conducta y en un juicio de \u00a0exigibilidad \u00a0personal \u00a0y \u00a0social \u00a0mucho m\u00e1s dr\u00e1stico para quien efectivamente \u00a0organiza, \u00a0fomenta, \u00a0promueve, \u00a0arma o financia el concierto para delinquir, que \u00a0para quien s\u00f3lo lo acuerda.\u201d 5 \u00a0\u00a0<\/p>\n<p>6 \u00a0\u201cDesde \u00a0la \u00a0perspectiva positivista, toda norma es un momento con vocaci\u00f3n de \u00a0eternidad \u00a0o \u00a0una \u00a0eternidad \u00a0provisional\u2026 \u00a0Entre \u00a0la promulgaci\u00f3n\u00a0 y la \u00a0derogaci\u00f3n \u00a0de \u00a0la \u00a0ley \u00a0no \u00a0sucede \u00a0nada. No hay tiempo\u2026Pero el tiempo hecho \u00a0cultura \u00a0impregna \u00a0la \u00a0aplicaci\u00f3n del derecho y lo va transformando tanto desde \u00a0fuera \u00a0como \u00a0desde \u00a0dentro\u201d.\u00a0 \u00a0Postmodernidad \u00a0y \u00a0derecho, \u00a0De Trazegnies \u00a0Granda. Ed. Temis. 1993. \u00a0\u00a0<\/p>\n<p>7 \u00a0Cfr. \u00a0Entre \u00a0otras, sentencia de \u00fanica instancia del \u00a021 de febrero de 2011, radicado 27918. \u00a0\u00a0<\/p>\n<p>8 \u00a0Fuente. Registradur\u00eda Nacional del Estado Civil. \u00a0\u00a0<\/p>\n<p>9 \u201cLa \u00a0Corte \u00a0o \u00a0la \u00a0Fiscal\u00eda \u00a0ante la Corte, me indagaron por unos personajes: Rub\u00e9n \u00a0Dar\u00edo \u00a0 \u00a0Quintero, \u00a0 \u00a0\u00d3scar \u00a0 Su\u00e1rez, \u00a0que es de Bello, de Equipo Colombia. Yo en ese momento ten\u00edamos \u00a0una \u00a0preocupaci\u00f3n porque no se nos tra\u00edan los muchachos, hab\u00eda mucha presi\u00f3n \u00a0y \u00a0cuando \u00a0me \u00a0preguntaron por ellos yo manifest\u00e9 que no ten\u00eda relaci\u00f3n, pero \u00a0hoy \u00a0quiero \u00a0decir que s\u00ed \u00a0tuve \u00a0 relaci\u00f3n \u00a0con \u00a0estas \u00a0personas \u00a0y \u00a0ponerla en conocimiento de la Corte Suprema\u2026\u201d Declaraci\u00f3n de \u00a0Fredy \u00a0Rend\u00f3n \u00a0Herrera, \u00a0folio \u00a0177.C.O. \u00a03, \u00a0en \u00a0Itag\u00fc\u00ed, \u00a0el \u00a014 de abril de \u00a02009. \u00a0\u00a0<\/p>\n<p>10 En \u00a0las \u00a0p\u00e1ginas \u00a0del \u00a0peri\u00f3dico \u00a0\u201cEL HERALDO DE URAB\u00c1\u201d, edici\u00f3n de enero de \u00a02006, \u00a0en \u00a0la \u00a0que se describe la reuni\u00f3n llevada a cabo el 1\u00b0 de noviembre de \u00a02005 \u00a0 en \u00a0la \u00a0hacienda \u00a0\u201cLa \u00a0Virgen \u00a0del \u00a0Cobre\u201d, \u00a0donde \u00a0fueron \u00a0recibidos \u00a0diferentes \u00a0miembros \u00a0de \u00a0la \u00a0pol\u00edtica \u00a0por \u00a0el comandante \u201cEl Alem\u00e1n\u201d con \u00a0miras a las elecciones del 2006, quien afirm\u00f3: \u00a0\u00a0<\/p>\n<p>\u201cMe preocupa mucho lo que se viene dando a \u00a0partir \u00a0de \u00a0esa \u00a0alianza que se dio. Ya hoy surgen 18 candidatos, todos hermanos \u00a0nuestros \u00a0urabaenses, urbanizados (como dice Hortensia) que consideran tienen la \u00a0opci\u00f3n \u00a0de \u00a0llegar \u00a0a \u00a0la \u00a0C\u00e1mara \u00a0de \u00a0Representantes \u00a0o \u00a0al \u00a0Congreso \u00a0de \u00a0la \u00a0Rep\u00fablica, \u00a0pero nuevamente veo que est\u00e1n defendiendo los intereses personales \u00a0y de alg\u00fan grupito peque\u00f1o mas no los intereses de Urab\u00e1\u201d \u00a0\u00a0<\/p>\n<p>11 En \u00a0la \u00a0resoluci\u00f3n \u00a0de \u00a0acusaci\u00f3n \u00a0se \u00a0hizo referencia al testimonio de Atehort\u00faa \u00a0Salinas, quien manifest\u00f3: \u00a0\u00a0<\/p>\n<p>\u201cA \u00a0ese \u00a0se\u00f1or \u00a0negrito \u00a0[se \u00a0refiere \u00a0a \u00a0GUILLERMO \u00a0CER\u00c9N \u00a0VILLORINA], m\u00e1s bien de contextura gruesa, que se que hoy es \u00a0notario \u00a0de \u00a0Turbo, \u00a0lo \u00a0conoc\u00ed \u00a0en la Comarca en una reuni\u00f3n sostenida con el \u00a0comandante \u00a0Alem\u00e1n, \u00a0donde \u00a0le \u00a0ped\u00eda apoyo para la \u00a0candidatura \u00a0a \u00a0la C\u00e1mara de Representantes (elecciones posteriores a la de los \u00a0llamados \u00a0cuatrillizos) \u00a0un \u00a0se\u00f1or \u00a0muy entr\u00f3n, muy \u00a0adulador, \u00a0el \u00a0comandante \u00a0alem\u00e1n \u00a0le dijo que le ayudar\u00eda con 100 millones de \u00a0pesos, \u00a0a \u00a0lo \u00a0que me dijo a m\u00ed que \u00e9l me los entregaba m\u00e1s tarde para que yo \u00a0mismo \u00a0se \u00a0los \u00a0diera, eso hice en la oficina que ten\u00eda el cte. Rogelio llamada \u00a0La \u00a0Papaya en la vereda San Isidro del corregimiento de La Comarca del municipio \u00a0de \u00a0Necocl\u00ed. \u00a0All\u00ed \u00a0a \u00a0ese \u00a0se\u00f1or \u00a0le entregu\u00e9 100 millones en efectivo, los \u00a0cuales \u00a0\u00e9l \u00a0recibi\u00f3 \u00a0y \u00a0se \u00a0los \u00a0llev\u00f3 \u00a0(\u2026) \u00a0ANGELA \u00a0MACHADO, una joven muy \u00a0atractiva, \u00a0viv\u00eda \u00a0en \u00a0el \u00a0municipio \u00a0de \u00a0Necocl\u00ed, creo que la familia de ella \u00a0tiene \u00a0un \u00a0hotel all\u00ed, esta se\u00f1ora \u00c1NGELA estuvo presente en varias reuniones \u00a0con \u00a0el Cte. Alem\u00e1n, se que se le permiti\u00f3 aspirar a \u00a0la \u00a0 C\u00e1mara \u00a0 de \u00a0Representantes \u00a0ya \u00a0que \u00a0era \u00a0la \u00a0\u00fanica \u00a0mujer \u00a0(\u2026), \u00a0en una ocasi\u00f3n en la que estuve presente en la oficina del \u00a0Cte. \u00a0Rogelio \u00a0llamada La Papaya en la vereda San Isidro del corregimiento de La \u00a0Comarca, \u00a0municipio \u00a0de \u00a0Necocl\u00ed, \u00a0all\u00ed yo mismo le \u00a0entregu\u00e9 \u00a010 \u00a0millones \u00a0de \u00a0pesos que el se\u00f1or FREDY REND\u00d3N me entreg\u00f3 a m\u00ed \u00a0para \u00a0entreg\u00e1rselos \u00a0a \u00a0\u00c1NGELA MACHADO para asuntos de su campa\u00f1a\u201d. \u00a0\u00a0<\/p>\n<p>12 \u00a0Comunicaci\u00f3n \u00a0interceptada \u00a0el \u00a0 1\u00ba, \u00a0de \u00a0diciembre \u00a0de \u00a02009 \u00a0a \u00a0las \u00a014:37.35 \u00a0interlocutores \u00a0 Julio \u00a0y \u00a0Bib\u00ed, que coincide con la \u00a0declaraci\u00f3n \u00a0 \u00a0a \u00a0 \u00a0la \u00a0 \u00a0Se\u00f1ora \u00a0 \u00a0Mar\u00eda \u00a0 Edda \u00a0Espitia, \u00a0madre \u00a0de \u00a0Julio \u00a0Duarte Esp\u00edtia. \u00a0\u00a0<\/p>\n<p>13 \u00a0Corte \u00a0Suprema de Justicia, Sala de Casaci\u00f3n Penal, sentencia del 21 de febrero \u00a0de 2011, radicado 27.918. \u00a0\u00a0<\/p>\n<p>14 Ver pie de p\u00e1gina 10 fl. 26 \u00a0\u00a0<\/p>\n<p>15 \u00a0Julio \u00a0C\u00e9sar \u00a0Duarte \u00a0Espitia, \u00a0en declaraci\u00f3n rendida el 30 de julio de 2009, \u00a0se\u00f1al\u00f3: \u00a0 \u201c\u2026las \u00a0reuniones \u00a0se \u00a0coordinaban \u00a0directamente \u00a0con \u00a0el \u00a0equipo \u00a0pol\u00edtico. \u00a0El \u00a0inter\u00e9s \u00a0inicial \u00a0era mas darse a conocer porque era la primera \u00a0vez \u00a0que \u00e9l entraba a la zona. Entonces no era una publicidad muy amplia sino a \u00a0trav\u00e9s de grupos de amigos que ten\u00eda, con mi mam\u00e1.\u201d \u00a0\u00a0<\/p>\n<p>16 \u00a0Declaraci\u00f3n \u00a0de \u00a0Fredy \u00a0Rend\u00f3n Herrera, folio 177.C.O. 3, recibida en Itag\u00fc\u00ed \u00a0el 14 de abril de 2009 \u00a0\u00a0<\/p>\n<p>17 \u00a0Corte \u00a0Suprema \u00a0de \u00a0Justicia. \u00a0Sala \u00a0de \u00a0Casaci\u00f3n \u00a0Penal, \u00a0sentencia \u00a0de \u00a025 de \u00a0noviembre de 2008. radicado 26.942. \u00a0\u00a0<\/p>\n<p>18 La \u00a0Corte, \u00a0en \u00a0m\u00faltiples oportunidades, incluso como se refiri\u00f3 en la resoluci\u00f3n \u00a0de \u00a0acusaci\u00f3n, \u00a0ha \u00a0se\u00f1alado \u00a0que \u00a0\u201calgunos \u00a0actos \u00a0aparentemente \u00a0neutrales \u00a0explican \u00a0otros \u00a0que \u00a0s\u00ed tienen relevancia t\u00edpica y por eso actos en principio \u00a0inocuos \u00a0terminan \u00a0perfilando \u00a0el \u00a0sentido \u00a0de \u00a0una \u00a0conducta \u00a0relevante para el \u00a0derecho \u00a0penal. \u00a0En \u00a0ese \u00a0sentido \u00a0se \u00a0debe \u00a0convenir \u00a0en \u00a0que \u00a0conversar con un \u00a0paramilitar \u00a0no \u00a0necesariamente \u00a0significa desde el punto de vista penal que ese \u00a0hecho \u00a0configure un delito, pero ese hecho, unido a otros elementos de juicio si \u00a0puede interpretarse como un indicio de un acto ilegal..\u201d \u00a0\u00a0<\/p>\n<p>19 \u00a0Roxin \u00a0ha \u00a0se\u00f1alado \u00a0que \u00a0\u201cel \u00a0punto \u00a0de \u00a0partida \u00a0teleol\u00f3gico \u00a0ha \u00a0hecho depender la imputaci\u00f3n de un \u00a0resultado \u00a0al \u00a0tipo \u00a0objetivo de la \u201crealizaci\u00f3n de \u00a0un \u00a0 peligro \u00a0 dentro \u00a0 del \u00a0 fin \u00a0de \u00a0protecci\u00f3n \u00a0de \u00a0la \u00a0norma\u201d.\u201d P\u00e1gina 204 \u00a0\u00a0<\/p>\n<p>20 La \u00a0expresi\u00f3n \u00a0no \u00a0interfiere \u00a0con el fin de protecci\u00f3n de la \u201cNorma Penal\u201d no \u00a0significa \u00a0que \u00a0las reuniones por fuera de las expresas directrices del Gobierno \u00a0nacional no sean il\u00edcitas. \u00a0\u00a0<\/p>\n<p>21 \u00a0Asistieron \u00a0por \u00a0las \u00a0autodefensas, \u00a0Rodrigo \u00a0P\u00e9rez \u00a0Alzate, \u00a0alias \u00a0\u201cJuli\u00e1n \u00a0Bol\u00edvar\u201d, \u00a0Iv\u00e1n \u00a0Roberto \u00a0Duque, \u00a0alias \u00a0\u201cErnesto \u00a0B\u00e1ez\u201d, Pablo Hern\u00e1n \u00a0Sierra, \u00a0alias \u00a0\u201cAlberto Guerrero\u201d\u00a0 , quien se encontraba por fuera del \u00a0proceso \u00a0de \u00a0paz, \u00a0y \u00a0los \u00a0miembros \u00a0del Congreso \u00d3SCAR de Jes\u00fas Su\u00e1rez Mira, \u00a0Iv\u00e1n Ramiro Vel\u00e1squez y Luis Alfredo Ramos.\u00a0 \u00a0\u00a0<\/p>\n<p>22 \u00a0Ivan Roberto Duque, manifest\u00f3: \u00a0\u00a0<\/p>\n<p>\u201c\u2026No \u00a0recuerdo \u00a0si ya conoc\u00eda al doctor \u00a0Su\u00e1rez, lo cierto es que a \u00a0petici\u00f3n \u00a0de ellos empec\u00e9 a hacerles un bosquejo muy breve sobre el proceso de \u00a0paz \u00a0 y \u00a0 las \u00a0 preocupaciones, \u00a0 inquietudes, \u00a0 interrogantes \u00a0y \u00a0conocer \u00a0como \u00a0evolucionaba \u00a0la \u00a0ley \u00a0de \u00a0Justicia \u00a0y Paz.\u00a0 No ten\u00edamos informaci\u00f3n, nos \u00a0explicaron \u00a0o \u00a0me \u00a0explicaron \u00a0en \u00a0detalle \u00a0la suerte de ese proyecto de ley, No \u00a0hab\u00eda \u00a0sido \u00a0aprobado. \u00a0Yo \u00a0les \u00a0expres\u00e9 de acuerdo con el conocimiento de mis \u00a0preocupaciones \u00a0por \u00a0vac\u00edos, \u00a0inconsistencias \u00a0y \u00a0luego de una larga charla nos \u00a0ofrecieron \u00a0todo \u00a0el \u00a0apoyo \u00a0para \u00a0que \u00a0se \u00a0convirtiera \u00a0en \u00a0un \u00a0instrumento \u00a0de \u00a0paz\u2026\u201d \u00a0\u00a0<\/p>\n<p>23 \u00a0 Pablo \u00a0 Hern\u00e1n \u00a0 Sierra, \u00a0 alias \u00a0cacique \u00a0Pipint\u00e1, \u00a0declar\u00f3: \u00a0\u00a0<\/p>\n<p>\u201cPreguntado: \u00a0Usted \u00a0nos \u00a0puede contar de \u00a0qu\u00e9 \u00a0fue \u00a0el \u00a0tema \u00a0de la reuni\u00f3n, qu\u00e9 se discuti\u00f3 all\u00e1, de qu\u00e9 se habl\u00f3? \u00a0Contest\u00f3: \u00a0Se \u00a0habl\u00f3 \u00a0de \u00a0pedir \u00a0el \u00a0acompa\u00f1amiento \u00a0de estos Congresistas a la ley de justicia y paz, al \u00a0proceso \u00a0que \u00a0est\u00e1bamos \u00a0llevando \u00a0nosotros \u00a0con las autodefensas, fue para que \u00a0como Congresistas acompa\u00f1en el proceso\u2026\u201d \u00a0\u00a0<\/p>\n<p>24 El \u00a0texto \u00a0de \u00a0la \u00a0ley \u00a0indicada \u00a0se\u00f1ala: \u00a0\u201c\u201cLas personas que participen en los \u00a0acercamientos, \u00a0di\u00e1logos \u00a0o \u00a0negociaciones, as\u00ed como en la celebraci\u00f3n de los \u00a0acuerdos \u00a0a \u00a0que se refiere el presente cap\u00edtulo con autorizaci\u00f3n del Gobierno \u00a0Nacional, \u00a0 no \u00a0 incurrir\u00e1n \u00a0 en \u00a0 responsabilidad \u00a0 penal \u00a0por \u00a0raz\u00f3n \u00a0de \u00a0su \u00a0intervenci\u00f3n en los mismos.\u201d \u00a0\u00a0<\/p>\n<p>25 De \u00a0acuerdo \u00a0con \u00a0Juan \u00a0Carlos Sierra, Hugo Albeiro Quintero manten\u00eda v\u00ednculos con \u00a0Rodrigo \u00a0P\u00e9rez \u00a0Alzate, \u00a0alias \u201cJuli\u00e1n Bol\u00edvar\u201d y Vicente Casta\u00f1o, alias \u00a0\u201cel profe\u201d. \u00a0\u00a0<\/p>\n<p>26 \u00a0Declaraci\u00f3n \u00a0de \u00a0Pablo Hern\u00e1n Sierra del 23 de marzo de 2011, folio 102, c.o., \u00a07,\u00a0 minuto 36:20. \u00a0\u00a0<\/p>\n<p>27 \u00a0Declaraci\u00f3n de Juan Carlos Sierra, junio 30 de 2010. \u00a0\u00a0<\/p>\n<p>28 \u00a0Acta de plenaria 15 del 07 de octubre de 2008,\u00a0 Senado. \u00a0\u00a0<\/p>\n<p>29 \u00a0Entre \u00a0otras \u00a0decisiones, \u00a0en la sentencia de \u00fanica instancia del 21 de febrero \u00a0de \u00a02001, radicado 27918, se sostuvo: \u201cTeniendo en cuenta lo anterior y lo que \u00a0de \u00a0 ordinario \u00a0 sucede \u00a0 en \u00a0 aparatos \u00a0 organizados \u00a0 de \u00a0 poder \u00a0\u2013 \u00a0todo \u00a0para \u00a0no \u00a0desconocer \u00a0el bien \u00a0jur\u00eddico, \u00a0 el \u00a0 sentido \u00a0 del \u00a0 tipo \u00a0 penal, \u00a0 o \u00a0 los \u00a0 contenidos \u00a0 de \u00a0 la \u00a0conducta\u2013, el aporte del \u00a0pol\u00edtico \u00a0a \u00a0la \u00a0causa \u00a0paramilitar \u00a0cuando \u00a0coloca \u00a0la \u00a0funci\u00f3n p\u00fablica a su \u00a0servicio \u00a0debe \u00a0mirarse no tanto en la creaci\u00f3n de disfunciones institucionales \u00a0\u2013 que, claro, le agregan \u00a0mayor \u00a0gravedad \u00a0al \u00a0injusto \u00a0-, \u00a0sino en la medida que con esa contribuci\u00f3n se \u00a0incrementa el riesgo contra \u00a0la \u00a0 \u00a0seguridad \u00a0 \u00a0p\u00fablica \u00a0 \u00a0al \u00a0 \u00a0incentivar \u00a0 \u00a0la \u00a0 \u00a0acci\u00f3n \u00a0 \u00a0del \u00a0 \u00a0grupo \u00a0ilegal\u2026\u201d \u00a0\u00a0<\/p>\n<p>30 \u00a0Cfr, cuaderno uno, folios 12 y ss. \u00a0\u00a0<\/p>\n<p>31 \u00a0Cfr, \u00a0folio \u00a027, \u00a0cuaderno \u00a0uno, \u00a0denuncia \u00a0que \u00a0formula \u00a0Teresa Omaira Restrepo \u00a0Moreno. \u00a0\u00a0<\/p>\n<p>32 El \u00a0concierto \u00a0para \u00a0delinquir \u00a0agravado, cuando la conducta es para promover grupos \u00a0al \u00a0margen \u00a0de \u00a0la ley (como ya lo ha expuesto la Sala al imponer las condenas a \u00a0quienes \u00a0fueron \u00a0mandatarios departamentales y miembros del\u00a0 Congreso de la \u00a0Rep\u00fablica), \u00a0es \u00a0de \u00a0una \u00a0alta \u00a0gravedad, si se tiene en cuenta que la realidad \u00a0social \u00a0y \u00a0pol\u00edtica \u00a0del \u00a0departamento \u00a0de \u00a0Antioquia no pod\u00eda ser ajena al ex \u00a0Senador \u00a0SUAREZ \u00a0MIRA quien antes de ser Senador fue Representante a la C\u00e1mara, \u00a0Alcalde \u00a0de \u00a0Bello \u00a0y \u00a0funcionario de la Gobernaci\u00f3n, entre los cargos de mayor \u00a0importancia. \u00a0\u00a0<\/p>\n<p>Este \u00a0es tambi\u00e9n el fundamento para deducir \u00a0en \u00a0el \u00a0auto \u00a0acusatorio \u00a0la circunstancia de mayor punibilidad consagrada en el \u00a0numeral \u00a0noveno \u00a0del \u00a0art\u00edculo \u00a058 \u00a0de \u00a0la \u00a0ley 599 de 2000\u2026\u201d Acusaci\u00f3n de \u00a004\/08\/2011. \u00a0\u00a0<\/p>\n<p>33 Ver \u00a0folios 34 y 35. \u00a0\u00a0<\/p>\n<p>34 \u00a0\u201c..LUIS: \u00a0Al\u00f3. \u00a0SANDRA: \u00a0Luis \u00a0hola \u00a0con \u00a0Sandra \u00a0como estas la asistente del \u00a0doctor \u00a0\u00d3SCAR\u00a0 \u00a0SU\u00c1REZ? \u00a0LUIS: \u00a0Quihubo Sandra como estas? SANDRA: Bien y \u00a0usted? \u00a0LUIS: \u00a0Ah\u00ed \u00a0d\u00e1ndole, \u00a0d\u00e1ndole. \u00a0SANDRA. \u00a0Esp\u00e9reme \u00a0un segundo. LUIS. \u00a0Listo. \u00a0\u00d3SCAR SU\u00c1REZ Al\u00f3. LUIS: Quihubo jefe \u00d3SCAR SU\u00c1REZ: Quihubo hermano. \u00a0LUIS: \u00a0Bien, \u00a0bien d\u00e1ndole. \u00d3SCAR SU\u00c1REZ :Aahh aqu\u00ed tambi\u00e9n \u00d3SCAR SU\u00c1REZ: \u00a0Y \u00a0por \u00a0ah\u00ed que recib\u00ed una raz\u00f3n que yo le estuve contestando la llamada pero \u00a0no \u00a0me \u00a0pude \u00a0comu.., que , que la Doctora LIGIA. LUIS: Si. \u00d3SCAR SU\u00c1REZ Si me \u00a0hab\u00eda \u00a0dicho algo. LUIS: Si, si lo que pasa es que estuve all\u00e1 en la Corte con \u00a0los \u00a0alcaldes \u00a0el \u00a0Jueves \u00a0y ah\u00ed nos encontramos con ella y dijo que le pusiera \u00a0mucho \u00a0cuidado \u00a0a la, a esta se\u00f1ora que nombraron ahora, a la que reemplaz\u00f3 al \u00a0Doctor, \u00a0al amigo,\u00a0 porque estaba jodiendo mucho, estaba con ganas de joder \u00a0otra \u00a0vez \u00a0oy\u00f3; \u00a0que \u00a0ella \u00a0estaba \u00a0pendiente que cuando usted viniera hablaban \u00a0personalmente. \u00a0Yo le di el n\u00famero, el fijo de.., el suyo el que usted me dio y \u00a0me \u00a0dijo \u00a0yo \u00a0lo \u00a0llam\u00f3 \u00a0o \u00a0si no esperamos que \u00e9l venga porque yo le dije que \u00a0usted \u00a0ven\u00eda \u00a0la \u00a0pr\u00f3xima semana si, que quer\u00eda decirle algunas cositas ah\u00ed, \u00a0pero \u00a0que \u00a0ella \u00a0es \u00a0la que esta jodiendo con este se\u00f1or listo? \u00d3SCAR SU\u00c1REZ: \u00a0Hummm, \u00a0ah \u00a0bueno \u00a0pero es que ah\u00ed no tiene por donde joder. LUIS: Noo, pero es \u00a0que \u00a0dijo \u00a0que \u00a0no nos descuid\u00e1ramos, sino que era que ella quer\u00eda saludarlo y \u00a0contarle \u00a0 mas \u00a0 o \u00a0 menos \u00a0 eso, \u00a0 listo. \u00a0 \u00d3SCAR \u00a0 SU\u00c1REZ: \u00a0 Ah \u00a0bueno \u00a0pues \u00a0chao\u2026\u2026\u2026.\u00d3SCAR \u00a0 SU\u00c1REZ: \u00a0 Ni\u00f1a \u00a0 me \u00a0llam\u00f3? \u00a0ASISTENTE: \u00a0Si, \u00a0si \u00a0Jefe \u00a0entonces\u00a0 \u00a0confirmado \u00a0siete \u00a0de \u00a0la \u00a0noche \u00a0en \u00a0el\u00a0 Tequendama con la \u00a0doctora \u00a0LIGIA \u00a0MORALES. \u00d3SCAR SU\u00c1REZ: Listo y habl\u00f3 con FEDERICO. ASISTENTE: \u00a0Habl\u00e9 \u00a0 con \u00a0 FEDERICO\u00a0 \u00a0a \u00a0las\u00a0 \u00a0siete \u00a0y \u00a0media \u00a0ah\u00ed\u00a0 \u00a0en \u00a0el \u00a0Tequendama. \u00a0\u00d3SCAR \u00a0SU\u00c1REZ: Listo. ASISTENTE: Me falta hablar con el esposo de \u00a0la \u00a0Magistrada pero ya lo contacto. \u00d3SCAR SU\u00c1REZ: No pero ya ALBEIRO tiene eso \u00a0coordinado \u00a0lo \u00a0de \u00a0ahora \u00a0\u2026.LIGIA \u00a0MORALES: \u00a0Diana? \u00a0VIVIANA. \u00a0Viviana. LIGIA \u00a0MORALES: \u00a0Aaah \u00a0Viviana como le va, el doctor \u00d3SCAR por favor. VIVIANA: Eeh, si \u00a0con \u00a0quien \u00a0hablo \u00a0Piedad? LIGIA MORALES: Eeh LIGIA MORALES. VIVIANA: Perm\u00edtame \u00a0un \u00a0segundo \u00a0por \u00a0favor. LIGIA MORALES: Gracias. VIVIANA: Usted me puede regalar \u00a0un \u00a0tel\u00e9fono \u00a0donde \u00a0yo le pueda devolver ya, si de pronto un fijo mejor. LIGIA \u00a0MORALES: \u00a0Si \u00a0se\u00f1ora, \u00a0un fijo? VIVIANA: Si. LIGIA MORALES: Eeeh no pero es que \u00a0estoy \u00a0por \u00a0fuera, \u00a0no \u00a0estoy en la ofi\u2026si si, un celular 3133102059. VIVIANA: \u00a0Perfecto. \u00a0LIGIA \u00a0MORALES: \u00a0Bueno \u00a0muchas \u00a0gracias, ta luego buen d\u00eda. VIVIANA: \u00a0Hasta luego&#8230;\u201d \u00a0 \u00a0\u00a0<\/p>\n<p><\/p>\n","protected":false},"excerpt":{"rendered":"<p>\u00a0 \u00a0 \u00a0\u00a0 CORTE SUPREMA DE JUSTICIA \u00a0 SALA DE CASACION PENAL \u00a0 Acta n\u00famero. 236 \u00a0 Bogot\u00e1 \u00a0D.C., \u00a0veinticuatro (24) de julio de \u00a0dos mil trece (2013). \u00a0\u00a0 ASUNTO \u00a0 La \u00a0Sala \u00a0de \u00a0Casaci\u00f3n Penal dicta sentencia \u00a0dentro \u00a0del juicio contra el\u00a0 ex Senador de la Rep\u00fablica, doctor \u00d3SCAR DE \u00a0JES\u00daS SU\u00c1REZ MIRA. \u00a0\u00a0 [&hellip;]<\/p>\n","protected":false},"author":1,"featured_media":0,"comment_status":"open","ping_status":"open","sticky":false,"template":"","format":"standard","meta":{"footnotes":""},"categories":[21],"tags":[],"class_list":["post-25401","post","type-post","status-publish","format-standard","hentry","category-21"],"_links":{"self":[{"href":"https:\/\/dmsjuridica.com\/buscador_20179478954\/salapenalcronologico20230723\/wp-json\/wp\/v2\/posts\/25401","targetHints":{"allow":["GET"]}}],"collection":[{"href":"https:\/\/dmsjuridica.com\/buscador_20179478954\/salapenalcronologico20230723\/wp-json\/wp\/v2\/posts"}],"about":[{"href":"https:\/\/dmsjuridica.com\/buscador_20179478954\/salapenalcronologico20230723\/wp-json\/wp\/v2\/types\/post"}],"author":[{"embeddable":true,"href":"https:\/\/dmsjuridica.com\/buscador_20179478954\/salapenalcronologico20230723\/wp-json\/wp\/v2\/users\/1"}],"replies":[{"embeddable":true,"href":"https:\/\/dmsjuridica.com\/buscador_20179478954\/salapenalcronologico20230723\/wp-json\/wp\/v2\/comments?post=25401"}],"version-history":[{"count":0,"href":"https:\/\/dmsjuridica.com\/buscador_20179478954\/salapenalcronologico20230723\/wp-json\/wp\/v2\/posts\/25401\/revisions"}],"wp:attachment":[{"href":"https:\/\/dmsjuridica.com\/buscador_20179478954\/salapenalcronologico20230723\/wp-json\/wp\/v2\/media?parent=25401"}],"wp:term":[{"taxonomy":"category","embeddable":true,"href":"https:\/\/dmsjuridica.com\/buscador_20179478954\/salapenalcronologico20230723\/wp-json\/wp\/v2\/categories?post=25401"},{"taxonomy":"post_tag","embeddable":true,"href":"https:\/\/dmsjuridica.com\/buscador_20179478954\/salapenalcronologico20230723\/wp-json\/wp\/v2\/tags?post=25401"}],"curies":[{"name":"wp","href":"https:\/\/api.w.org\/{rel}","templated":true}]}}