{"id":25298,"date":"2023-09-12T17:23:42","date_gmt":"2023-09-12T17:23:42","guid":{"rendered":"https:\/\/dmsjuridica.com\/buscador_20179478954\/salapenalcronologico20230723\/2023\/09\/12\/4016124-10-12\/"},"modified":"2023-09-12T17:23:42","modified_gmt":"2023-09-12T17:23:42","slug":"4016124-10-12","status":"publish","type":"post","link":"https:\/\/dmsjuridica.com\/buscador_20179478954\/salapenalcronologico20230723\/2023\/09\/12\/4016124-10-12\/","title":{"rendered":"40161(24-10-12)"},"content":{"rendered":"\n<p>\u00a0 \u00a0 \u00a0\u00a0<\/p>\n<p>CORTE \u00a0SUPREMA \u00a0DE \u00a0JUSTICIASALA DE CASACI\u00d3N \u00a0PENAL \u00a0\u00a0<\/p>\n<p>Magistrado \u00a0 \u00a0 \u00a0PonenteJOS\u00c9 LUIS BARCEL\u00d3 CAMACHO \u00a0\u00a0<\/p>\n<p>Aprobado acta N\u00b0 395 \u00a0<\/p>\n<p>Bogot\u00e1, \u00a0D. C., veinticuatro (24) de octubre \u00a0de dos mil doce (2012)\u00a0\u00a0 \u00a0\u00a0<\/p>\n<p>V I S T O S \u00a0<\/p>\n<p>La \u00a0 Sala \u00a0 resuelve \u00a0 la \u00a0definici\u00f3n \u00a0de \u00a0competencia \u00a0para \u00a0conocer \u00a0de \u00a0la audiencia de preclusi\u00f3n del tr\u00e1mite seguido \u00a0contra \u00a0 las \u00a0 doctoras \u00a0 Lucy \u00a0Villasmil \u00a0Ca\u00f1izares \u00a0y \u00a0 Cira \u00a0Elizaberth \u00a0Vila \u00a0Casado, \u00a0por \u00a0la \u00a0conducta \u00a0punible de asesoramiento y \u00a0otras \u00a0actuaciones \u00a0ilegales que remite el Juzgado Primero Penal del Circuito de \u00a0Descongesti\u00f3n con Funci\u00f3n de Conocimiento de C\u00facuta. \u00a0\u00a0<\/p>\n<p>A N T E C E D E N T E S \u00a0<\/p>\n<p>1.\u00a0 \u00a0El \u00a026 \u00a0de marzo de 2010 se llev\u00f3 \u00a0cabo \u00a0la \u00a0captura de dos patrulleros de la Sijin de la Polic\u00eda Metropolitana de \u00a0C\u00facuta, \u00a0en \u00a0el \u00a0ret\u00e9n \u00a0de \u00a0la Polic\u00eda de Carreteras ubicado en el sitio Agua \u00a0Zulia, \u00a0cuando fueron sorprendidos transportando m\u00e1s de 63 kilos de coca\u00edna en \u00a0un veh\u00edculo de placa venezolana. \u00a0\u00a0<\/p>\n<p>Seg\u00fan \u00a0lo \u00a0dicho \u00a0por \u00a0el \u00a0doctor \u00a0Javier \u00a0Rodr\u00edguez \u00a0 \u00a0Rosales, \u00a0 \u00a0Fiscal \u00a0 \u00a0Especializado, \u00a0 la \u00a0 doctora \u00a0 Cira \u00a0Vila \u00a0Casado \u00a0hizo \u00a0presencia \u00a0en su \u00a0oficina \u00a0 para \u00a0abogar \u00a0por \u00a0el \u00a0capturado \u00a0Elkin \u00a0de \u00a0Jes\u00fas \u00a0Cervantes \u00a0Rueda. \u00a0\u00a0<\/p>\n<p>Igualmente anota que al cumplirse el tr\u00e1mite \u00a0de \u00a0las \u00a0audiencias \u00a0de \u00a0legalizaci\u00f3n de captura, formulaci\u00f3n de imputaci\u00f3n y \u00a0solicitud \u00a0de \u00a0medida de aseguramiento, hicieron presencia las fiscales doctoras \u00a0Vila \u00a0Casado \u00a0y Lucy \u00a0 \u00a0 Villasmil \u00a0 \u00a0 Ca\u00f1izales \u00a0 \u00a0 y \u00a0\u201ca voces del se\u00f1or Fiscal Especializado conformaron \u00a0un \u00a0comit\u00e9 \u00a0asesor \u00a0junto con la defensa, incluso suministr\u00e1ndole al apoderado \u00a0del \u00a0imputado \u00a0un \u00a0documento \u00a0de \u00a0informaci\u00f3n confidencial y privilegiada donde \u00a0aparecen \u00a0los \u00a0antecedentes \u00a0de \u00a0uno de los policiales sometidos al principio de \u00a0oportunidad, \u00a0documento \u00a0este \u00a0que seg\u00fan el fiscal no lo ten\u00eda porque tener el \u00a0se\u00f1or \u00a0defensor, \u00a0en \u00a0tanto, este hace parte del sistema operativo interno y de \u00a0uso \u00a0 exclusivo \u00a0 de \u00a0 la \u00a0 Fiscal\u00eda \u00a0General \u00a0de \u00a0la \u00a0Naci\u00f3n \u00a0\u2026\u201d. \u00a0\u00a0<\/p>\n<p>2. \u00a0 Despu\u00e9s \u00a0 de \u00a0 la \u00a0 correspondiente \u00a0investigaci\u00f3n, \u00a0la \u00a0Fiscal\u00eda \u00a0General \u00a0de la Naci\u00f3n, el 23 de agosto de 2012, \u00a0solicit\u00f3 \u00a0la \u00a0preclusi\u00f3n \u00a0a \u00a0favor \u00a0de \u00a0las \u00a0Fiscales \u00a0Delegadas \u00a0Lucy \u00a0Villasmil \u00a0Ca\u00f1izares \u00a0y Cira \u00a0 \u00a0Elizabeth \u00a0 \u00a0Vila \u00a0 \u00a0Casado \u00a0 por \u00a0inexistencia del hecho investigado. \u00a0\u00a0<\/p>\n<p>3. \u00a0Enviado \u00a0el \u00a0tr\u00e1mite al Juzgado Primero \u00a0Penal \u00a0del \u00a0Circuito \u00a0de Descongesti\u00f3n con Funci\u00f3n de Conocimiento de C\u00facuta, \u00a0el \u00a08 de octubre de 2012, dicho despacho consider\u00f3 que no es el competente para \u00a0adelantar \u00a0 el \u00a0 citado \u00a0 tr\u00e1mite, \u00a0 en \u00a0raz\u00f3n \u00a0del \u00a0fuero \u00a0que \u00a0ostentan \u00a0las \u00a0investigadas, \u00a0seg\u00fan lo establecido en el art\u00edculo 34.2 de la Ley 906 de 2004, \u00a0toda \u00a0vez \u00a0que \u00a0la \u00a0misma radica en el Tribunal Superior de C\u00facuta.\u00a0\u00a0 \u00a0\u00a0<\/p>\n<p>Por lo expuesto, remite el expediente a esta \u00a0Corporaci\u00f3n para que se pronuncie de plano. \u00a0\u00a0<\/p>\n<p>CONSIDERACIONES\u00a0 \u00a0 DE\u00a0 \u00a0LA\u00a0 \u00a0CORTE \u00a0\u00a0<\/p>\n<p>1. \u00a0La \u00a0Sala \u00a0es competente para resolver la \u00a0definici\u00f3n \u00a0de \u00a0competencia promovida por el Juzgado Primero Penal del Circuito \u00a0de \u00a0Descongesti\u00f3n \u00a0con \u00a0Funci\u00f3n \u00a0de Conocimiento de C\u00facuta, de acuerdo con lo \u00a0se\u00f1alado \u00a0en \u00a0los \u00a0art\u00edculos \u00a032, \u00a0numeral \u00a04\u00ba, \u00a0y \u00a0341 \u00a0de \u00a0la \u00a0Ley \u00a0906 \u00a0de \u00a02004. \u00a0\u00a0<\/p>\n<p>2. La definici\u00f3n \u00a0de \u00a0competencia \u00a0es \u00a0el mecanismo previsto por la Ley 906 de 2004 para precisar, \u00a0en \u00a0caso \u00a0de \u00a0duda, \u00a0cu\u00e1l \u00a0de \u00a0los \u00a0distintos \u00a0jueces\u00a0 o magistrados es el \u00a0llamado \u00a0a \u00a0presidir \u00a0el juzgamiento de determinados asuntos, de acuerdo con los \u00a0factores \u00a0 de \u00a0 competencia, \u00a0 adem\u00e1s \u00a0 de \u00a0que \u00a0su \u00a0procedimiento \u00a0est\u00e1 \u00a0previsto en los art\u00edculos 54 y \u00a055 de dicha normatividad.\u00a0 \u00a0\u00a0<\/p>\n<p>3. \u00a0El \u00a0art\u00edculo \u00a0421 de la Ley 599 de 2000 \u00a0contempla el siguiente delito: \u00a0\u00a0<\/p>\n<p>\u201cASESORAMIENTO \u00a0 Y \u00a0 OTRAS \u00a0ACTUACIONES \u00a0ILEGALES. \u00a0El \u00a0servidor p\u00fablico que ilegalmente represente, litigue, gestione o \u00a0asesore \u00a0en \u00a0asunto \u00a0judicial, \u00a0administrativo o policivo, incurrir\u00e1 en multa y \u00a0p\u00e9rdida del empleo o cargo p\u00fablico. \u00a0\u00a0<\/p>\n<p>\u201cSi \u00a0 el \u00a0responsable \u00a0fuere \u00a0servidor de la rama judicial o del \u00a0Ministerio \u00a0P\u00fablico \u00a0la pena ser\u00e1 de prisi\u00f3n de diecis\u00e9is (16) a cincuenta y \u00a0cuatro \u00a0(54) \u00a0meses, e inhabilitaci\u00f3n para el ejercicio de derechos y funciones \u00a0p\u00fablicas \u00a0por \u00a0ochenta \u00a0(80) meses. (Subraya fuera de \u00a0texto). \u00a0\u00a0<\/p>\n<p>Por su parte, el art\u00edculo 34, numeral 2, de \u00a0la Ley 906 de 2004, se\u00f1ala: \u00a0\u00a0<\/p>\n<p>DE \u00a0LOS TRIBUNALES SUPERIORES DE DISTRITO. Las salas penales \u00a0de los tribunales superiores de distrito judicial conocen: \u00a0\u00a0<\/p>\n<p>(\u2026) \u00a0<\/p>\n<p>2. En primera instancia, de las actuaciones \u00a0que \u00a0se \u00a0sigan \u00a0a \u00a0los \u00a0jueces del circuito, de ejecuci\u00f3n de penas y medidas de \u00a0seguridad, \u00a0municipales, de menores, de familia, penales militares, procuradores \u00a0provinciales, \u00a0procuradores grado I, personeros distritales y municipales cuando \u00a0act\u00faan \u00a0como \u00a0agentes \u00a0del \u00a0Ministerio \u00a0P\u00fablico \u00a0en \u00a0la \u00a0actuaci\u00f3n \u00a0penal, \u00a0y \u00a0a \u00a0los fiscales delegados ante los jueces penales del \u00a0circuito, \u00a0municipales o promiscuos, por los delitos que cometan en ejercicio de \u00a0sus \u00a0funciones o por raz\u00f3n de ellas. (Subrayado fuera \u00a0de texto). \u00a0\u00a0<\/p>\n<p>En la medida en que para cometer este delito \u00a0se \u00a0 necesita \u00a0 ostentar \u00a0 la \u00a0calidad \u00a0de \u00a0servidor \u00a0p\u00fablico \u00a0y \u00a0las \u00a0doctoras \u00a0Lucy \u00a0Villasmil \u00a0Ca\u00f1izares y \u00a0Cira \u00a0 \u00a0Elizabeth \u00a0 \u00a0Vila \u00a0 \u00a0Casado \u00a0 \u00a0presuntamente \u00a0 incurrieron \u00a0 en \u00a0 la \u00a0anterior \u00a0conducta, \u00a0dada \u00a0su \u00a0condici\u00f3n \u00a0 de \u00a0 Fiscales \u00a0Delegadas \u00a0de \u00a0C\u00facuta, \u00a0surge \u00a0evidente \u00a0que \u00a0el \u00a0juez \u00a0natural \u00a0es el Tribunal \u00a0Superior de la citada ciudad. \u00a0\u00a0<\/p>\n<p>En \u00a0tales \u00a0condiciones, \u00a0la competencia para \u00a0conocer \u00a0de \u00a0este \u00a0asunto \u00a0radica \u00a0en \u00a0el Tribunal Superior de C\u00facuta, despacho \u00a0judicial \u00a0 a \u00a0 donde \u00a0 se \u00a0remitir\u00e1n \u00a0las \u00a0diligencias.\u00a0\u00a0\u00a0\u00a0 \u00a0\u00a0<\/p>\n<p>En \u00a0m\u00e9rito \u00a0de lo expuesto, la CORTE \u00a0SUPREMA \u00a0DE \u00a0JUSTICIA, \u00a0SALA \u00a0DE \u00a0CASACI\u00d3N PENAL, \u00a0\u00a0<\/p>\n<p>RESUELVE \u00a0<\/p>\n<p>1. \u00a0 DEFINIR \u00a0la \u00a0competencia \u00a0para \u00a0conocer \u00a0de \u00a0la \u00a0audiencia \u00a0de \u00a0preclusi\u00f3n \u00a0del tr\u00e1mite seguido contra Lucy Villasmil \u00a0Ca\u00f1izares \u00a0y \u00a0Cira Elizabeth \u00a0Vila \u00a0Casado, por la conducta punible de asesoramiento \u00a0y \u00a0otras \u00a0actuaciones \u00a0ilegales, \u00a0en el Tribunal Superior de C\u00facuta, a donde se \u00a0remitir\u00e1n las diligencias. \u00a0\u00a0<\/p>\n<p>2. \u00a0Por \u00a0Secretar\u00eda \u00a0de \u00a0la \u00a0Sala env\u00edense \u00a0copias \u00a0 de \u00a0 esta \u00a0 decisi\u00f3n \u00a0 al \u00a0 Juzgado \u00a0Primero \u00a0Penal \u00a0del \u00a0Circuito \u00a0de \u00a0Descongesti\u00f3n con Funci\u00f3n de Conocimiento de C\u00facuta. \u00a0\u00a0<\/p>\n<p>Contra \u00a0esta \u00a0providencia no procede recurso \u00a0alguno. \u00a0\u00a0<\/p>\n<p>Comun\u00edquese y c\u00famplase. \u00a0<\/p>\n<p>JOS\u00c9 LEONIDAS BUSTOS MART\u00cdNEZ \u00a0<\/p>\n<p>JOS\u00c9 \u00a0LUIS \u00a0BARCEL\u00d3 \u00a0CAMACHO \u00a0 \u00a0 \u00a0 \u00a0 \u00a0 \u00a0 \u00a0 \u00a0 \u00a0\u00a0 \u00a0 \u00a0 \u00a0 \u00a0\u00a0 \u00a0 \u00a0 \u00a0 \u00a0\u00a0\u00a0\u00a0\u00a0\u00a0\u00a0\u00a0\u00a0\u00a0 FERNANDO \u00a0ALBERTO CASTRO CABALLERO \u00a0\u00a0<\/p>\n<p>MAR\u00cdA \u00a0 \u00a0DEL \u00a0 \u00a0ROSARIO \u00a0 \u00a0GONZ\u00c1LEZ \u00a0MU\u00d1OZ\u00a0\u00a0 GUSTAVO ENRIQUE MALO FERN\u00c1NDEZ \u00a0\u00a0<\/p>\n<p>LUIS \u00a0 \u00a0 \u00a0 GUILLERMO \u00a0 \u00a0 \u00a0SALAZAR \u00a0OTERO\u00a0\u00a0\u00a0\u00a0\u00a0\u00a0\u00a0\u00a0\u00a0\u00a0\u00a0\u00a0\u00a0\u00a0\u00a0\u00a0\u00a0 \u00a0JULIO \u00a0ENRIQUE \u00a0SOCHA \u00a0SALAMANCA \u00a0 \u00a0 \u00a0 \u00a0\u00a0 \u00a0\u00a0<\/p>\n<p>JAVIER\u00a0 ZAPATA ORTIZ \u00a0<\/p>\n<p>NUBIA YOLANDA NOVA GARC\u00cdA \u00a0<\/p>\n<p>Secretaria \u00a0<\/p>\n<p>\u00a0 \u00a0\u00a0<\/p>\n<p><\/p>\n","protected":false},"excerpt":{"rendered":"<p>\u00a0 \u00a0 \u00a0\u00a0 CORTE \u00a0SUPREMA \u00a0DE \u00a0JUSTICIASALA DE CASACI\u00d3N \u00a0PENAL \u00a0\u00a0 Magistrado \u00a0 \u00a0 \u00a0PonenteJOS\u00c9 LUIS BARCEL\u00d3 CAMACHO \u00a0\u00a0 Aprobado acta N\u00b0 395 \u00a0 Bogot\u00e1, \u00a0D. C., veinticuatro (24) de octubre \u00a0de dos mil doce (2012)\u00a0\u00a0 \u00a0\u00a0 V I S T O S \u00a0 La \u00a0 Sala \u00a0 resuelve \u00a0 la \u00a0definici\u00f3n \u00a0de \u00a0competencia \u00a0para [&hellip;]<\/p>\n","protected":false},"author":1,"featured_media":0,"comment_status":"open","ping_status":"open","sticky":false,"template":"","format":"standard","meta":{"footnotes":""},"categories":[20],"tags":[],"class_list":["post-25298","post","type-post","status-publish","format-standard","hentry","category-20"],"_links":{"self":[{"href":"https:\/\/dmsjuridica.com\/buscador_20179478954\/salapenalcronologico20230723\/wp-json\/wp\/v2\/posts\/25298","targetHints":{"allow":["GET"]}}],"collection":[{"href":"https:\/\/dmsjuridica.com\/buscador_20179478954\/salapenalcronologico20230723\/wp-json\/wp\/v2\/posts"}],"about":[{"href":"https:\/\/dmsjuridica.com\/buscador_20179478954\/salapenalcronologico20230723\/wp-json\/wp\/v2\/types\/post"}],"author":[{"embeddable":true,"href":"https:\/\/dmsjuridica.com\/buscador_20179478954\/salapenalcronologico20230723\/wp-json\/wp\/v2\/users\/1"}],"replies":[{"embeddable":true,"href":"https:\/\/dmsjuridica.com\/buscador_20179478954\/salapenalcronologico20230723\/wp-json\/wp\/v2\/comments?post=25298"}],"version-history":[{"count":0,"href":"https:\/\/dmsjuridica.com\/buscador_20179478954\/salapenalcronologico20230723\/wp-json\/wp\/v2\/posts\/25298\/revisions"}],"wp:attachment":[{"href":"https:\/\/dmsjuridica.com\/buscador_20179478954\/salapenalcronologico20230723\/wp-json\/wp\/v2\/media?parent=25298"}],"wp:term":[{"taxonomy":"category","embeddable":true,"href":"https:\/\/dmsjuridica.com\/buscador_20179478954\/salapenalcronologico20230723\/wp-json\/wp\/v2\/categories?post=25298"},{"taxonomy":"post_tag","embeddable":true,"href":"https:\/\/dmsjuridica.com\/buscador_20179478954\/salapenalcronologico20230723\/wp-json\/wp\/v2\/tags?post=25298"}],"curies":[{"name":"wp","href":"https:\/\/api.w.org\/{rel}","templated":true}]}}