{"id":25281,"date":"2023-09-12T17:23:41","date_gmt":"2023-09-12T17:23:41","guid":{"rendered":"https:\/\/dmsjuridica.com\/buscador_20179478954\/salapenalcronologico20230723\/2023\/09\/12\/4011818-10-12\/"},"modified":"2023-09-12T17:23:41","modified_gmt":"2023-09-12T17:23:41","slug":"4011818-10-12","status":"publish","type":"post","link":"https:\/\/dmsjuridica.com\/buscador_20179478954\/salapenalcronologico20230723\/2023\/09\/12\/4011818-10-12\/","title":{"rendered":"40118(18-10-12)"},"content":{"rendered":"\n<p>\u00a0 \u00a0 CORTE SUPREMA DE JUSTICIA \u00a0<\/p>\n<p>SALA DE CASACI\u00d3N PENAL \u00a0<\/p>\n<p>MAGISTRADO PONENTE \u00a0<\/p>\n<p>FERNANDO ALBERTO CASTRO CABALLERO \u00a0<\/p>\n<p>Aprobado: Acta No. 392- \u00a0<\/p>\n<p>Bogot\u00e1. \u00a0D.C., \u00a0dieciocho (18) de octubre de \u00a0dos mil doce (2012) \u00a0\u00a0<\/p>\n<p>MOTIVO DE LA DECISI\u00d3N \u00a0<\/p>\n<p>La \u00a0Sala se pronuncia sobre la definici\u00f3n de \u00a0competencia \u00a0que \u00a0invoca \u00a0el \u00a0Juez \u00a0Penal \u00a0del \u00a0Circuito Especializado de Puerto \u00a0As\u00eds, \u00a0Putumayo, al declararse incompetente para conocer de la etapa del juicio \u00a0dentro \u00a0del \u00a0proceso que se adelanta en contra de Jair \u00a0Eli\u00e9cer \u00a0Narv\u00e1ez \u00a0Salazar, \u00a0por \u00a0el concurso de delitos de secuestro simple, hurto \u00a0calificado \u00a0y \u00a0agravado, \u00a0fabricaci\u00f3n, \u00a0tr\u00e1fico \u00a0o \u00a0porte \u00a0de armas de fuego o \u00a0municiones \u00a0y \u00a0fabricaci\u00f3n, \u00a0tr\u00e1fico \u00a0y porte de armas de uso privativo de las \u00a0fuerzas armadas, agravado. \u00a0\u00a0<\/p>\n<p>ANTECEDENTES \u00a0<\/p>\n<p>1. El escrito de acusaci\u00f3n anuncia que el 27 \u00a0de \u00a0febrero \u00a0de \u00a02011, siendo aproximadamente las ocho y treinta de la noche, en \u00a0inmediaciones \u00a0de la Vereda Villa Mosquera, jurisdicci\u00f3n del municipio de Santa \u00a0Rosa, \u00a0seis \u00a0sujetos \u00a0ingresaron \u00a0a \u00a0la \u00a0residencia \u00a0de \u00a0la se\u00f1ora Martha Oliva \u00a0Jansasoy \u00a0 \u00a0 \u00a0 \u00a0 \u00a0 \u00a0 \u00a0 \u00a0 \u00a0 Guamanga1, \u00a0 en \u00a0donde \u00a0derribaron \u00a0las \u00a0puertas \u00a0y \u00a0amenazaron \u00a0con \u00a0colgarla \u00a0de \u00a0una \u00a0viga \u00a0si no entregaba su dinero, \u00a0asimismo, \u00a0procedieron \u00a0a \u00a0quitarle 2 celulares, 2 escopetas de fisto, 2 cadenas \u00a0de plata, 1 m\u00e1quina de peluquear y $100.000 en efectivo. \u00a0\u00a0<\/p>\n<p>Se \u00a0informa, \u00a0adem\u00e1s, que luego de destrozar \u00a0algunos \u00a0enseres \u00a0y ante la imposibilidad de conseguir m\u00e1s dinero, la amarraron \u00a0y \u00a0se la llevaron por un camino carreteado; sin embargo, ante el tropiezo de uno \u00a0de \u00a0sus \u00a0captores, \u00a0aquella aprovech\u00f3 para huir del lugar y arribar a un puesto \u00a0de \u00a0control \u00a0del \u00a0Ej\u00e9rcito, \u00a0en \u00a0donde \u00a0solicit\u00f3 \u00a0protecci\u00f3n \u00a0para \u00a0ella y su \u00a0familia. \u00a0\u00a0<\/p>\n<p>2. \u00a0El 14 de marzo del mismo a\u00f1o, la se\u00f1ora \u00a0Martha \u00a0Oliva \u00a0Jansasoy \u00a0Guamanga \u00a0formula \u00a0denuncia \u00a0penal, por lo que luego de \u00a0diversas \u00a0 labores \u00a0 investigativas \u00a0realizadas \u00a0por \u00a0miembros \u00a0de \u00a0la \u00a0Polic\u00eda \u00a0Judicial, \u00a0se \u00a0logr\u00f3 \u00a0identificar \u00a0a \u00a0Campo \u00a0El\u00edas \u00a0Narv\u00e1ez \u00a0y a su hijo Jair \u00a0Eliecer \u00a0 Narv\u00e1ez \u00a0 Salazar, \u00a0 como \u00a0 presuntos \u00a0 coautores \u00a0de \u00a0las \u00a0conductas \u00a0investigadas, \u00a0por \u00a0lo que el 31 de mayo de 2011 se expiden las correspondientes \u00a0ordenes de captura. \u00a0\u00a0<\/p>\n<p>3. \u00a0El \u00a025 de octubre de 2011, es aprehendido \u00a0Jair \u00a0 \u00a0Eliecer \u00a0 \u00a0Narv\u00e1ez \u00a0 \u00a0Salazar \u00a0y \u00a0el \u00a026 de octubre siguiente fue presentado ante el Juez Segundo \u00a0Penal \u00a0Municipal \u00a0con \u00a0Funci\u00f3n \u00a0de \u00a0Control de Garant\u00edas de Mocoa, (Putumayo), \u00a0autoridad \u00a0ante quien se realizaron las audiencias preliminares de legalizaci\u00f3n \u00a0de \u00a0 captura, \u00a0 formulaci\u00f3n \u00a0 de \u00a0 imputaci\u00f3n \u00a0 e \u00a0imposici\u00f3n \u00a0de \u00a0medida \u00a0de \u00a0aseguramiento \u00a0de \u00a0detenci\u00f3n \u00a0preventiva, como presunto coautor responsable del \u00a0concurso \u00a0 de \u00a0 delitos \u00a0de \u00a0secuestro \u00a0simple, \u00a0hurto \u00a0calificado \u00a0y \u00a0agravado, \u00a0fabricaci\u00f3n, \u00a0tr\u00e1fico \u00a0o \u00a0porte de armas de fuego o municiones y fabricaci\u00f3n, \u00a0tr\u00e1fico \u00a0 y \u00a0 porte \u00a0 de \u00a0armas \u00a0de \u00a0uso \u00a0privativo \u00a0de \u00a0las \u00a0fuerzas \u00a0armadas, \u00a0agravado. \u00a0\u00a0<\/p>\n<p>3. \u00a0El 19 de septiembre de 2012, al inicio de \u00a0la \u00a0audiencia \u00a0de \u00a0acusaci\u00f3n, \u00a0el \u00a0titular \u00a0del \u00a0despacho \u00a0judicial se declar\u00f3 \u00a0incompetente \u00a0para \u00a0conocer \u00a0del juicio. Su argumento: carece de competencia por \u00a0el \u00a0 factor \u00a0 territorial \u00a0 dado \u00a0que \u00a0los \u00a0hechos \u00a0ocurrieron \u00a0en \u00a0la \u00a0Vereda \u00a0Villa \u00a0Mosquera, \u00a0municipio \u00a0de \u00a0Santa \u00a0Rosa, \u00a0Circuito \u00a0Judicial \u00a0de \u00a0Bol\u00edvar, luego los funcionarios llamados \u00a0a \u00a0 conocer \u00a0 del \u00a0 asunto \u00a0 son \u00a0 \u201clos \u00a0 juzgados \u00a0especializados \u00a0 de \u00a0 Popay\u00e1n\u201d, \u00a0 quienes \u00a0 tienen \u00a0jurisdicci\u00f3n \u00a0en \u00a0esa \u00a0comprensi\u00f3n \u00a0municipal. \u00a0Por \u00a0tal \u00a0raz\u00f3n, \u00a0orden\u00f3 \u00a0la \u00a0remisi\u00f3n \u00a0de \u00a0las diligencias a esta Corporaci\u00f3n, pues la situaci\u00f3n planteada \u00a0versa \u00a0 sobre \u00a0 la \u00a0 eventual \u00a0competencia \u00a0de \u00a0jueces \u00a0adscritos \u00a0a \u00a0diferentes \u00a0distritos. \u00a0\u00a0<\/p>\n<p>CONSIDERACIONES \u00a0<\/p>\n<p>1. La Competencia \u00a0<\/p>\n<p>1.1. \u00a0De \u00a0conformidad \u00a0con \u00a0el \u00a0art\u00edculo \u00a032 \u00a0ordinal \u00a04\u00ba \u00a0de \u00a0la \u00a0Ley \u00a0906 \u00a0de \u00a02004, \u00a0a \u00a0la \u00a0Corte \u00a0Suprema \u00a0de Justicia le \u00a0corresponde definir la competencia, en los siguientes eventos: \u00a0\u00a0<\/p>\n<p>1.- \u00a0Cuando la declaratoria de incompetencia \u00a0se \u00a0 produzca \u00a0 dentro \u00a0 de \u00a0 actuaci\u00f3n \u00a0en \u00a0la \u00a0que \u00a0el \u00a0acusado \u00a0tenga \u00a0fuero \u00a0constitucional o fuero legal. \u00a0\u00a0<\/p>\n<p>2.- Cuando la declaratoria de incompetencia \u00a0proviene \u00a0de \u00a0un \u00a0tribunal superior o la autoridad que as\u00ed lo hace, es decir un \u00a0juzgado cualquiera, se\u00f1ala que el competente es un Tribunal. \u00a0\u00a0<\/p>\n<p>3.- Cuando la declaratoria de incompetencia \u00a0provenga \u00a0de \u00a0un \u00a0juzgado penal del circuito especializado, penal del circuito o \u00a0penal \u00a0municipal, que manifiesta que el competente es un juzgado que pertenece a \u00a0otro \u00a0 \u00a0 \u00a0 \u00a0 \u00a0 distrito \u00a0 \u00a0 \u00a0 \u00a0 \u00a0 judicial2. \u00a0\u00a0<\/p>\n<p>1.2. \u00a0En este caso se consolida la situaci\u00f3n \u00a0prevista \u00a0en el numeral 3\u00ba, por cuanto el Juez Penal del Circuito Especializado \u00a0de \u00a0Puerto As\u00eds, Putumayo, considera que sus hom\u00f3logos de Popay\u00e1n3, \u00a0 son \u00a0los \u00a0funcionarios llamados por la ley para adelantar el juicio. \u00a0\u00a0<\/p>\n<p>2. La definici\u00f3n de competencia. \u00a0<\/p>\n<p>2.1. El art\u00edculo 54 de la normativa en cita, \u00a0precisa \u00a0que \u00a0este \u00a0es \u00a0un \u00a0mecanismo \u00a0orientado \u00a0a \u00a0determinar de manera \u00e1gil, \u00a0perentoria \u00a0y \u00a0definitiva, \u00a0el \u00a0funcionario \u00a0competente \u00a0para conocer de la fase \u00a0procesal \u00a0del \u00a0juzgamiento. \u00a0Cuando \u00a0el \u00a0juez \u00a0ante \u00a0quien se haya presentado la \u00a0acusaci\u00f3n \u00a0o \u00a0solicitado la preclusi\u00f3n as\u00ed lo considere, lo har\u00e1 saber a las \u00a0partes y lo remitir\u00e1 al funcionario que deba definirla. \u00a0\u00a0<\/p>\n<p>2.2. La Sala entra a determinar el funcionario \u00a0competente \u00a0para \u00a0adelantar \u00a0el \u00a0juicio \u00a0contra \u00a0Jair \u00a0Eli\u00e9cer \u00a0Narv\u00e1ez \u00a0Salazar, por las conductas punibles \u00a0de \u00a0secuestro \u00a0simple, \u00a0hurto \u00a0calificado \u00a0y \u00a0agravado, fabricaci\u00f3n, tr\u00e1fico o \u00a0porte \u00a0de \u00a0armas de fuego o municiones y fabricaci\u00f3n, tr\u00e1fico y porte de armas \u00a0de uso privativo de las fuerzas armadas, agravado. \u00a0\u00a0<\/p>\n<p>3. \u00a0 La \u00a0 competencia \u00a0 por \u00a0 el \u00a0 factor \u00a0territorial. \u00a0\u00a0<\/p>\n<p>3.1. \u00a0El art\u00edculo \u00a042 \u00a0de \u00a0la \u00a0Ley \u00a0906 de 2004 se\u00f1ala que el territorio \u00a0nacional \u00a0se \u00a0divide \u00a0para \u00a0efectos \u00a0de \u00a0juzgamiento \u00a0en \u00a0distritos, circuitos y \u00a0municipios, \u00a0por \u00a0lo \u00a0que los jueces penales del circuito conocen de los delitos \u00a0cometidos en el correspondiente circuito judicial. \u00a0\u00a0<\/p>\n<p>A \u00a0su \u00a0turno, \u00a0el \u00a0art\u00edculo \u00a043 \u00a0de la misma \u00a0normatividad, dispone: \u00a0\u00a0<\/p>\n<p>\u201cEs competente \u00a0para \u00a0 conocer \u00a0 del \u00a0 juzgamiento \u00a0 el \u00a0 juez \u00a0 del \u00a0lugar \u00a0donde \u00a0ocurri\u00f3 \u00a0el \u00a0delito. \u00a0\u00a0<\/p>\n<p>Cuando no fuere posible determinar el lugar \u00a0de \u00a0ocurrencia \u00a0del hecho, este se hubiere realizado en varios lugares, o en uno \u00a0incierto \u00a0o \u00a0en \u00a0el \u00a0extranjero, la competencia del juez de conocimiento se fija \u00a0por \u00a0el \u00a0lugar \u00a0donde se formule acusaci\u00f3n por parte de la Fiscal\u00eda General de \u00a0la \u00a0Naci\u00f3n, lo cual har\u00e1 donde se encuentren los elementos fundamentales de la \u00a0acusaci\u00f3n. \u00a0\u00a0<\/p>\n<p>Las \u00a0 partes \u00a0 podr\u00e1n \u00a0 controvertir \u00a0la \u00a0competencia \u00a0 del \u00a0 juez \u00a0 \u00fanicamente \u00a0 en \u00a0 audiencia \u00a0 de \u00a0 formulaci\u00f3n \u00a0 de \u00a0acusaci\u00f3n. \u00a0\u00a0<\/p>\n<p>Para \u00a0 escoger \u00a0el \u00a0juez \u00a0de \u00a0control \u00a0de \u00a0garant\u00edas \u00a0en \u00a0estos \u00a0casos \u00a0se \u00a0atender\u00e1 lo se\u00f1alado anteriormente.\u00a0 Su \u00a0escogencia \u00a0no \u00a0determinar\u00e1 \u00a0la \u00a0del \u00a0juez de conocimiento.\u201d(Subraya fuera de \u00a0texto). \u00a0\u00a0<\/p>\n<p>3.2. \u00a0De \u00a0acuerdo \u00a0con \u00a0el \u00a0primer inciso del \u00a0art\u00edculo \u00a0en \u00a0cita, \u00a0si el delito que se imputa al indiciado tuvo ocurrencia en \u00a0la \u00a0vereda \u00a0Villa Mosquera, ubicada dentro de la comprensi\u00f3n municipal de Santa \u00a0Rosa, \u00a0 \u00a0 Circuito \u00a0 \u00a0 Judicial \u00a0 \u00a0de \u00a0 \u00a0Bol\u00edvar4, \u00a0 \u00a0Distrito \u00a0 Judicial \u00a0 de \u00a0Popay\u00e1n, \u00a0son \u00a0los \u00a0Jueces \u00a0Especializados con jurisdicci\u00f3n en tal territorio, \u00a0los \u00a0 \u00a0 llamados \u00a0 \u00a0a \u00a0 \u00a0conocer \u00a0 \u00a0del \u00a0 \u00a0asunto5. \u00a0\u00a0<\/p>\n<p>3.3. \u00a0Por \u00a0consiguiente, \u00a0le asiste raz\u00f3n al \u00a0Juez \u00a0Penal \u00a0del \u00a0Circuito \u00a0Especializado \u00a0de \u00a0Puerto As\u00eds, para sustraerse del \u00a0conocimiento del tr\u00e1mite. \u00a0\u00a0<\/p>\n<p>3.4. \u00a0Son \u00a0estos los motivos que llevan a la \u00a0Sala \u00a0a \u00a0concluir \u00a0que \u00a0la \u00a0competencia \u00a0para conocer de la presente actuaci\u00f3n, \u00a0corresponde \u00a0a \u00a0los \u00a0Juzgados \u00a0Penales \u00a0del Circuito Especializados de Popay\u00e1n, \u00a0reparto, \u00a0a \u00a0donde se remitir\u00e1n las diligencias para que asuman el conocimiento \u00a0del \u00a0 proceso \u00a0adelantado \u00a0en \u00a0contra \u00a0Jair \u00a0Eli\u00e9cer \u00a0Narv\u00e1ez Salazar. \u00a0\u00a0<\/p>\n<p>En \u00a0m\u00e9rito \u00a0de \u00a0lo \u00a0expuesto, \u00a0la \u00a0Sala \u00a0de \u00a0Casaci\u00f3n Penal de la Corte Suprema de Justicia, \u00a0\u00a0<\/p>\n<p>RESUELVE \u00a0<\/p>\n<p>Primero. \u00a0DECLARAR que la competencia \u00a0para \u00a0 seguir \u00a0conociendo \u00a0del \u00a0juzgamiento \u00a0de \u00a0Jair \u00a0Eli\u00e9cer \u00a0Narv\u00e1ez \u00a0Salazar, corresponde a los Juzgados \u00a0Penales \u00a0del \u00a0Circuito Especializados de Popay\u00e1n, reparto, a donde se remitir\u00e1 \u00a0el asunto. \u00a0\u00a0<\/p>\n<p>Inf\u00f3rmese \u00a0esta decisi\u00f3n, al Juzgado Penal \u00a0del \u00a0 Circuito \u00a0 Especializado \u00a0 de \u00a0Puerto \u00a0As\u00eds, \u00a0Putumayo, \u00a0y \u00a0a \u00a0todos \u00a0los \u00a0intervinientes en este tr\u00e1mite procesal. \u00a0\u00a0<\/p>\n<p>Segundo. \u00a0Contra \u00a0esta providencia no procede recurso alguno. \u00a0\u00a0<\/p>\n<p>Comun\u00edquese y c\u00famplase. \u00a0<\/p>\n<p>JOS\u00c9 LEONIDAS BUSTOS MART\u00cdNEZ \u00a0<\/p>\n<p>JOS\u00c9 \u00a0LUIS BARCEL\u00d3 CAMACHO \u00a0\u00a0<\/p>\n<p>\u00a0\u00a0 \u00a0 \u00a0 \u00a0 \u00a0 \u00a0<\/p>\n<p>FERNANDO \u00a0ALBERTO CASTRO CABALLERO \u00a0<\/p>\n<p>MAR\u00cdA \u00a0 \u00a0 DEL \u00a0 \u00a0ROSARIO \u00a0 \u00a0GONZ\u00c1LEZ \u00a0MU\u00d1OZ \u00a0\u00a0<\/p>\n<p>\u00a0\u00a0 \u00a0 \u00a0 \u00a0 \u00a0 \u00a0<\/p>\n<p>\u00a0 \u00a0<\/p>\n<p>GUSTAVO ENRIQUE MALO FERN\u00c1NDEZ \u00a0<\/p>\n<p>LUIS GUILLERMO SALAZAR OTERO \u00a0<\/p>\n<p>\u00a0\u00a0 \u00a0 \u00a0 \u00a0 \u00a0 \u00a0<\/p>\n<p>\u00a0 \u00a0<\/p>\n<p>JULIO ENRIQUE SOCHA SALAMANCA \u00a0<\/p>\n<p>JAVIER DE JES\u00daS ZAPATA ORTIZ \u00a0<\/p>\n<p>NUBIA YOLANDA NOVA GARC\u00cdA \u00a0<\/p>\n<p>Secretaria \u00a0<\/p>\n<p>\u00a0 \u00a0\u00a0<\/p>\n<p>1 Quien \u00a0viv\u00eda con sus dos hijas, su sobrino y su suegro. \u00a0\u00a0<\/p>\n<p>2 Auto \u00a0del 10 de octubre de 2006, radicado 26201. \u00a0\u00a0<\/p>\n<p>3 \u00a0La \u00a0vereda \u00a0queda \u00a0ubicada \u00a0en \u00a0el \u00a0municipio \u00a0de \u00a0Santa \u00a0Rosa, Circuito Judicial de \u00a0Bol\u00edvar, Distrito Judicial de Popay\u00e1n. \u00a0\u00a0<\/p>\n<p>4 \u00a0Departamento del Cauca. \u00a0\u00a0<\/p>\n<p>5 \u00a0Consultada \u00a0 \u00a0 \u00a0 \u00a0 \u00a0 la \u00a0 \u00a0 \u00a0 \u00a0 \u00a0pagina \u00a0 \u00a0 \u00a0 \u00a0 \u00a0http:\/\/www.ramajudicial.gov.co\/csj\/, \u00a0se \u00a0pudo \u00a0establecer que en el Circuito Judicial de Bol\u00edvar, no \u00a0se \u00a0encuentran \u00a0Juzgados \u00a0Penales del Circuito Especializados, pero en Popay\u00e1n, \u00a0existen \u00a0dos \u00a0Juzgados \u00a0Penales \u00a0del \u00a0Circuito Especializados con competencia en \u00a0aqu\u00e9l Circuito Judicial. \u00a0 \u00a0\u00a0<\/p>\n<p><\/p>\n","protected":false},"excerpt":{"rendered":"<p>\u00a0 \u00a0 CORTE SUPREMA DE JUSTICIA \u00a0 SALA DE CASACI\u00d3N PENAL \u00a0 MAGISTRADO PONENTE \u00a0 FERNANDO ALBERTO CASTRO CABALLERO \u00a0 Aprobado: Acta No. 392- \u00a0 Bogot\u00e1. \u00a0D.C., \u00a0dieciocho (18) de octubre de \u00a0dos mil doce (2012) \u00a0\u00a0 MOTIVO DE LA DECISI\u00d3N \u00a0 La \u00a0Sala se pronuncia sobre la definici\u00f3n de \u00a0competencia \u00a0que \u00a0invoca \u00a0el \u00a0Juez [&hellip;]<\/p>\n","protected":false},"author":1,"featured_media":0,"comment_status":"open","ping_status":"open","sticky":false,"template":"","format":"standard","meta":{"footnotes":""},"categories":[20],"tags":[],"class_list":["post-25281","post","type-post","status-publish","format-standard","hentry","category-20"],"_links":{"self":[{"href":"https:\/\/dmsjuridica.com\/buscador_20179478954\/salapenalcronologico20230723\/wp-json\/wp\/v2\/posts\/25281","targetHints":{"allow":["GET"]}}],"collection":[{"href":"https:\/\/dmsjuridica.com\/buscador_20179478954\/salapenalcronologico20230723\/wp-json\/wp\/v2\/posts"}],"about":[{"href":"https:\/\/dmsjuridica.com\/buscador_20179478954\/salapenalcronologico20230723\/wp-json\/wp\/v2\/types\/post"}],"author":[{"embeddable":true,"href":"https:\/\/dmsjuridica.com\/buscador_20179478954\/salapenalcronologico20230723\/wp-json\/wp\/v2\/users\/1"}],"replies":[{"embeddable":true,"href":"https:\/\/dmsjuridica.com\/buscador_20179478954\/salapenalcronologico20230723\/wp-json\/wp\/v2\/comments?post=25281"}],"version-history":[{"count":0,"href":"https:\/\/dmsjuridica.com\/buscador_20179478954\/salapenalcronologico20230723\/wp-json\/wp\/v2\/posts\/25281\/revisions"}],"wp:attachment":[{"href":"https:\/\/dmsjuridica.com\/buscador_20179478954\/salapenalcronologico20230723\/wp-json\/wp\/v2\/media?parent=25281"}],"wp:term":[{"taxonomy":"category","embeddable":true,"href":"https:\/\/dmsjuridica.com\/buscador_20179478954\/salapenalcronologico20230723\/wp-json\/wp\/v2\/categories?post=25281"},{"taxonomy":"post_tag","embeddable":true,"href":"https:\/\/dmsjuridica.com\/buscador_20179478954\/salapenalcronologico20230723\/wp-json\/wp\/v2\/tags?post=25281"}],"curies":[{"name":"wp","href":"https:\/\/api.w.org\/{rel}","templated":true}]}}