{"id":25215,"date":"2023-09-12T17:23:36","date_gmt":"2023-09-12T17:23:36","guid":{"rendered":"https:\/\/dmsjuridica.com\/buscador_20179478954\/salapenalcronologico20230723\/2023\/09\/12\/4000008-10-12\/"},"modified":"2023-09-12T17:23:36","modified_gmt":"2023-09-12T17:23:36","slug":"4000008-10-12","status":"publish","type":"post","link":"https:\/\/dmsjuridica.com\/buscador_20179478954\/salapenalcronologico20230723\/2023\/09\/12\/4000008-10-12\/","title":{"rendered":"40000(08-10-12)"},"content":{"rendered":"\n<p>\u00a0 \u00a0 CORTE SUPREMA DE JUSTICIA \u00a0<\/p>\n<p>SALA DE CASACI\u00d3N PENAL \u00a0<\/p>\n<p>\u00a0 \u00a0\u00a0 \u00a0\u00a0 \u00a0\u00a0 \u00a0\u00a0 \u00a0 \u00a0 \u00a0 \u00a0 \u00a0 \u00a0\u00a0 \u00a0\u00a0 \u00a0 \u00a0 \u00a0 \u00a0Magistrado Ponente: \u00a0\u00a0<\/p>\n<p>\u00a0 \u00a0\u00a0 \u00a0\u00a0 \u00a0\u00a0 \u00a0\u00a0 \u00a0 \u00a0 \u00a0\u00a0JAVIER \u00a0 \u00a0ZAPATA \u00a0ORTIZ \u00a0\u00a0<\/p>\n<p>\u00a0 \u00a0\u00a0 \u00a0\u00a0 \u00a0\u00a0 \u00a0\u00a0 \u00a0 \u00a0 \u00a0 \u00a0 \u00a0 \u00a0\u00a0 \u00a0\u00a0 \u00a0 \u00a0 \u00a0 \u00a0Aprobado Acta\u00a0 374 \u00a0\u00a0<\/p>\n<p>Bogot\u00e1 \u00a0D.C., ocho (8) de octubre de dos mil \u00a0doce \u00a0\u00a0<\/p>\n<p>VISTOS: \u00a0<\/p>\n<p>Encontr\u00e1ndose \u00a0el \u00a0proceso al despacho para \u00a0proveer \u00a0sobre \u00a0la \u00a0admisi\u00f3n \u00a0de la demanda de casaci\u00f3n presentada a nombre de \u00a0los \u00a0procesados, \u00a0su \u00a0defensor \u00a0le \u00a0solicit\u00f3 \u00a0a \u00a0la \u00a0Sala declarar prescrita la \u00a0acci\u00f3n \u00a0penal \u00a0por \u00a0la \u00a0conducta \u00a0punible \u00a0objeto \u00a0de \u00a0la \u00a0sentencia \u00a0impugnada \u00a0extraordinariamente \u00a0y \u00a0decretar \u00a0la \u00a0libertad \u00a0inmediata \u00a0de \u00a0MISAEL \u00a0LOPERA \u00a0y \u00a0DUVERNEY RIVERA OSPITIA. \u00a0\u00a0<\/p>\n<p>ANTECEDENTES Y CONSIDERACIONES: \u00a0<\/p>\n<p>1. \u00a0La \u00a0Fiscal\u00eda, \u00a0mediante \u00a0providencia \u00a0del \u00a030 \u00a0de \u00a0enero \u00a0de \u00a02007, \u00a0profiri\u00f3 \u00a0resoluci\u00f3n \u00a0de \u00a0acusaci\u00f3n \u00a0por \u00a0la \u00a0conducta \u00a0punible de rebeli\u00f3n prevista en el C\u00f3digo Penal \u00a0con \u00a0pena de 6 a 9 a\u00f1os de prisi\u00f3n, a las siguientes personas: DUVERNEY RIVERA \u00a0OSPITIA, \u00a0JAIRO \u00a0QUITI\u00c1N \u00a0RODR\u00cdGUEZ, \u00a0WILLIAM \u00a0GALINDO MANCERA, MISAEL LOPERA, \u00a0CARLOS \u00a0ALBERTO \u00a0FRANCO \u00a0CARDONA, \u00a0ARLEY \u00a0HERN\u00c1NDEZ \u00a0ROJAS, \u00a0ORLANDO \u00a0BENAVIDES \u00a0ARTUNDUAGA, \u00a0ORLANDO PARRA QUINTERO, C\u00c9SAR AUGUSTO CHAVEZ ERAZO, JOS\u00c9 SALVADOR \u00a0GONZ\u00c1LEZ \u00a0 SALAZAR, \u00a0 \u00c1LVARO \u00a0 RUBIANO \u00a0MEDINA, \u00a0HERMINSON \u00a0HERN\u00c1NDEZ \u00a0ROJAS, \u00a0LEOVICELDO QUITI\u00c1N RODR\u00cdGUEZ y MARIO ALEX\u00c1NDER GIRALDO RESTREPO. \u00a0\u00a0<\/p>\n<p>Esta \u00a0decisi\u00f3n fue confirmada integralmente \u00a0en segunda instancia el 11 de julio de 2007. \u00a0\u00a0<\/p>\n<p>2. \u00a0Tramitado \u00a0el \u00a0juicio, \u00a0el 22 de octubre de 2008 el\u00a0 Juzgado Penal del Circuito de Granada \u00a0(Meta) \u00a0conden\u00f3 \u00a0a \u00a0los \u00a0acusados \u00a0a \u00a072 \u00a0meses de prisi\u00f3n, inhabilitaci\u00f3n de \u00a0derechos \u00a0y \u00a0funciones \u00a0p\u00fablicas \u00a0por el mismo t\u00e9rmino y multa de 100 salarios \u00a0m\u00ednimos \u00a0legales \u00a0mensuales \u00a0vigentes. \u00a0No \u00a0se \u00a0les \u00a0otorg\u00f3 \u00a0ning\u00fan subrogado \u00a0penal. \u00a0\u00a0<\/p>\n<p>3. La defensa apel\u00f3 \u00a0ese \u00a0pronunciamiento \u00a0y la Sala Penal de Descongesti\u00f3n del Tribunal Superior de \u00a0Villavicencio, \u00a0a \u00a0trav\u00e9s \u00a0del \u00a0fallo recurrido en casaci\u00f3n, expedido el 27 de \u00a0marzo \u00a0 de \u00a0 2012,\u00a0 \u00a0 le \u00a0imparti\u00f3 \u00a0confirmaci\u00f3n. \u00a0Previamente \u00a0la \u00a0misma \u00a0Corporaci\u00f3n, \u00a0 en \u00a0 decisi\u00f3n \u00a0 del \u00a02 \u00a0de \u00a0diciembre \u00a0de \u00a02009, \u00a0le \u00a0ces\u00f3 \u00a0el \u00a0procedimiento a MARIO ALEX\u00c1NDER GIRALDO RESTREPO. \u00a0\u00a0<\/p>\n<p>4. \u00a0El expediente, \u00a0tras \u00a0el \u00a0tr\u00e1mite \u00a0del \u00a0recurso \u00a0extraordinario de casaci\u00f3n, se recibi\u00f3 en la \u00a0Secretar\u00eda \u00a0de \u00a0la \u00a0Corte \u00a0el \u00a024 \u00a0de \u00a0septiembre \u00a0de \u00a02012, \u00a0ya encontr\u00e1ndose \u00a0prescrita \u00a0la \u00a0acci\u00f3n \u00a0penal, \u00a0como \u00a0lo asegura en su solicitud de cesaci\u00f3n de \u00a0procedimiento y libertad el abogado\u00a0 defensor. \u00a0\u00a0<\/p>\n<p>5. \u00a0La \u00a0conducta \u00a0punible \u00a0de \u00a0rebeli\u00f3n se encontraba sancionada en la Ley 599 de 2000, antes del \u00a0aumento \u00a0de \u00a0penas \u00a0dispuesto en el art\u00edculo 14 de la Ley 890 de 2004, con pena \u00a0m\u00e1xima \u00a0de \u00a09 a\u00f1os de prisi\u00f3n, siendo 5 a\u00f1os su t\u00e9rmino de prescripci\u00f3n en \u00a0el \u00a0juicio, en concordancia con los art\u00edculos 80 y 84 de la misma normatividad. \u00a0Y \u00a0se \u00a0cumpli\u00f3 \u00a0en el presente caso, en el cual no aplica ninguna circunstancia \u00a0legal \u00a0de \u00a0aumento \u00a0del \u00a0lapso prescriptivo, el 11 de julio de 2012, es decir, 5 \u00a0a\u00f1os \u00a0despu\u00e9s \u00a0del d\u00eda de la ejecutoria del pliego de cargos, justo cuando se \u00a0surt\u00eda \u00a0el \u00a0tr\u00e1mite asociado a la interposici\u00f3n del recurso extraordinario de \u00a0casaci\u00f3n. \u00a0\u00a0<\/p>\n<p>As\u00ed, \u00a0pues, \u00a0se \u00a0declarar\u00e1 \u00a0extinguida \u00a0la \u00a0acci\u00f3n \u00a0y, \u00a0consiguientemente, \u00a0se \u00a0cesar\u00e1 \u00a0el procedimiento a los procesados. \u00a0Adicionalmente, \u00a0como \u00a0lo demanda el abogado defensor, se dispondr\u00e1 la libertad \u00a0inmediata \u00a0 \u00a0e \u00a0 \u00a0incondicional \u00a0 \u00a0de \u00a0 \u00a0MISAEL \u00a0 LOPERA \u00a0 y \u00a0 DUBERNEY \u00a0 RIVERA \u00a0OSPITIA. \u00a0\u00a0<\/p>\n<p>En \u00a0virtud \u00a0de \u00a0lo \u00a0expuesto, \u00a0la \u00a0Sala \u00a0de \u00a0Casaci\u00f3n Penal de la Corte Suprema de Justicia, \u00a0\u00a0<\/p>\n<p>RESUELVE: \u00a0<\/p>\n<p>1. \u00a0 DECLARAR \u00a0prescrita \u00a0la \u00a0acci\u00f3n \u00a0penal en relaci\u00f3n con la conducta punible de rebeli\u00f3n, \u00a0por \u00a0la \u00a0cual \u00a0se \u00a0acus\u00f3 \u00a0y \u00a0se \u00a0dict\u00f3 sentencia condenatoria a los procesados \u00a0DUVERNEY \u00a0RIVERA \u00a0OSPITIA, \u00a0JAIRO \u00a0QUITI\u00c1N RODR\u00cdGUEZ, WILLIAM GALINDO MANCERA, \u00a0MISAEL \u00a0LOPERA, \u00a0CARLOS \u00a0ALBERTO FRANCO CARDONA, ARLEY HERN\u00c1NDEZ ROJAS, ORLANDO \u00a0BENAVIDES \u00a0ARTUNDUAGA, \u00a0ORLANDO \u00a0PARRA \u00a0QUINTERO, \u00a0C\u00c9SAR \u00a0AUGUSTO CHAVEZ ERAZO, \u00a0JOS\u00c9 \u00a0SALVADOR \u00a0GONZ\u00c1LEZ SALAZAR, \u00c1LVARO RUBIANO MEDINA, HERMINSON HERN\u00c1NDEZ \u00a0ROJAS \u00a0y \u00a0LEOVICELDO \u00a0QUITI\u00c1N \u00a0RODR\u00cdGUEZ. \u00a0En \u00a0consecuencia, \u00a0se \u00a0les \u00a0cesa el \u00a0procedimiento. \u00a0\u00a0<\/p>\n<p>2. DEJAR en libertad \u00a0inmediata \u00a0e \u00a0incondicional a MISAEL LOPERA y a DUBERNEY RIVERA OSPITIA, siempre \u00a0y cuando no los requiera otra autoridad. \u00a0\u00a0<\/p>\n<p>En \u00a0contra \u00a0de \u00a0\u00e9sta \u00a0decisi\u00f3n \u00a0procede el \u00a0recurso de reposici\u00f3n. \u00a0\u00a0<\/p>\n<p>NOTIF\u00cdQUESE Y C\u00daMPLASE. \u00a0<\/p>\n<p>JOS\u00c9 \u00a0 \u00a0 \u00a0 LEONIDAS \u00a0 \u00a0 \u00a0 BUSTOS \u00a0MART\u00cdNEZ\u00a0\u00a0\u00a0\u00a0\u00a0\u00a0\u00a0\u00a0\u00a0\u00a0\u00a0\u00a0 \u00a0\u00a0<\/p>\n<p>JOS\u00c9 \u00a0 \u00a0 \u00a0 \u00a0LUIS \u00a0 \u00a0 \u00a0 BARCEL\u00d3 \u00a0CAMACHO\u00a0\u00a0\u00a0\u00a0\u00a0\u00a0\u00a0\u00a0\u00a0\u00a0\u00a0\u00a0\u00a0\u00a0\u00a0\u00a0\u00a0\u00a0\u00a0\u00a0 \u00a0FERNANDO CASTRO \u00a0CABALLERO\u00a0\u00a0\u00a0\u00a0\u00a0\u00a0\u00a0\u00a0\u00a0\u00a0\u00a0\u00a0\u00a0\u00a0\u00a0\u00a0\u00a0\u00a0\u00a0\u00a0\u00a0\u00a0\u00a0\u00a0\u00a0 \u00a0\u00a0<\/p>\n<p>MAR\u00cdA \u00a0 \u00a0 DEL \u00a0 \u00a0ROSARIO \u00a0 \u00a0GONZ\u00c1LEZ \u00a0MU\u00d1OZ\u00a0\u00a0\u00a0\u00a0\u00a0\u00a0\u00a0 \u00a0 \u00a0LUIS \u00a0 \u00a0GUILLERMO \u00a0 \u00a0SALAZAR \u00a0OTERO\u00a0\u00a0\u00a0\u00a0\u00a0\u00a0\u00a0\u00a0\u00a0\u00a0\u00a0 \u00a0\u00a0<\/p>\n<p>JULIO \u00a0 \u00a0 \u00a0 \u00a0ENRIQUE \u00a0 \u00a0 \u00a0 SOCHA \u00a0SALAMANCA\u00a0\u00a0\u00a0\u00a0\u00a0\u00a0\u00a0\u00a0\u00a0\u00a0\u00a0\u00a0\u00a0\u00a0\u00a0\u00a0\u00a0\u00a0\u00a0\u00a0\u00a0\u00a0\u00a0\u00a0\u00a0\u00a0\u00a0\u00a0\u00a0\u00a0\u00a0 \u00a0JAVIER ZAPATA \u00a0ORTIZ\u00a0\u00a0\u00a0\u00a0\u00a0\u00a0\u00a0\u00a0\u00a0\u00a0\u00a0\u00a0\u00a0\u00a0\u00a0\u00a0\u00a0\u00a0\u00a0 \u00a0\u00a0<\/p>\n<p>NUBIA YOLANDA NOVA GARC\u00cdA \u00a0<\/p>\n<p>Secretaria \u00a0 \u00a0<\/p>\n<p><\/p>\n","protected":false},"excerpt":{"rendered":"<p>\u00a0 \u00a0 CORTE SUPREMA DE JUSTICIA \u00a0 SALA DE CASACI\u00d3N PENAL \u00a0 \u00a0 \u00a0\u00a0 \u00a0\u00a0 \u00a0\u00a0 \u00a0\u00a0 \u00a0 \u00a0 \u00a0 \u00a0 \u00a0 \u00a0\u00a0 \u00a0\u00a0 \u00a0 \u00a0 \u00a0 \u00a0Magistrado Ponente: \u00a0\u00a0 \u00a0 \u00a0\u00a0 \u00a0\u00a0 \u00a0\u00a0 \u00a0\u00a0 \u00a0 \u00a0 \u00a0\u00a0JAVIER \u00a0 \u00a0ZAPATA \u00a0ORTIZ \u00a0\u00a0 \u00a0 \u00a0\u00a0 \u00a0\u00a0 \u00a0\u00a0 \u00a0\u00a0 \u00a0 \u00a0 \u00a0 \u00a0 \u00a0 \u00a0\u00a0 \u00a0\u00a0 \u00a0 [&hellip;]<\/p>\n","protected":false},"author":1,"featured_media":0,"comment_status":"open","ping_status":"open","sticky":false,"template":"","format":"standard","meta":{"footnotes":""},"categories":[20],"tags":[],"class_list":["post-25215","post","type-post","status-publish","format-standard","hentry","category-20"],"_links":{"self":[{"href":"https:\/\/dmsjuridica.com\/buscador_20179478954\/salapenalcronologico20230723\/wp-json\/wp\/v2\/posts\/25215","targetHints":{"allow":["GET"]}}],"collection":[{"href":"https:\/\/dmsjuridica.com\/buscador_20179478954\/salapenalcronologico20230723\/wp-json\/wp\/v2\/posts"}],"about":[{"href":"https:\/\/dmsjuridica.com\/buscador_20179478954\/salapenalcronologico20230723\/wp-json\/wp\/v2\/types\/post"}],"author":[{"embeddable":true,"href":"https:\/\/dmsjuridica.com\/buscador_20179478954\/salapenalcronologico20230723\/wp-json\/wp\/v2\/users\/1"}],"replies":[{"embeddable":true,"href":"https:\/\/dmsjuridica.com\/buscador_20179478954\/salapenalcronologico20230723\/wp-json\/wp\/v2\/comments?post=25215"}],"version-history":[{"count":0,"href":"https:\/\/dmsjuridica.com\/buscador_20179478954\/salapenalcronologico20230723\/wp-json\/wp\/v2\/posts\/25215\/revisions"}],"wp:attachment":[{"href":"https:\/\/dmsjuridica.com\/buscador_20179478954\/salapenalcronologico20230723\/wp-json\/wp\/v2\/media?parent=25215"}],"wp:term":[{"taxonomy":"category","embeddable":true,"href":"https:\/\/dmsjuridica.com\/buscador_20179478954\/salapenalcronologico20230723\/wp-json\/wp\/v2\/categories?post=25215"},{"taxonomy":"post_tag","embeddable":true,"href":"https:\/\/dmsjuridica.com\/buscador_20179478954\/salapenalcronologico20230723\/wp-json\/wp\/v2\/tags?post=25215"}],"curies":[{"name":"wp","href":"https:\/\/api.w.org\/{rel}","templated":true}]}}