{"id":25107,"date":"2023-09-12T17:23:26","date_gmt":"2023-09-12T17:23:26","guid":{"rendered":"https:\/\/dmsjuridica.com\/buscador_20179478954\/salapenalcronologico20230723\/2023\/09\/12\/3980005-09-12\/"},"modified":"2023-09-12T17:23:26","modified_gmt":"2023-09-12T17:23:26","slug":"3980005-09-12","status":"publish","type":"post","link":"https:\/\/dmsjuridica.com\/buscador_20179478954\/salapenalcronologico20230723\/2023\/09\/12\/3980005-09-12\/","title":{"rendered":"39800(05-09-12)"},"content":{"rendered":"\n<p>\u00a0 \u00a0 CORTE SUPREMA DE JUSTICIA \u00a0<\/p>\n<p>SALA DE CASACION PENAL \u00a0<\/p>\n<p>Magistrado Ponente \u00a0<\/p>\n<p>Luis Guillermo Salazar Otero \u00a0<\/p>\n<p>Aprobado Acta No. 331 \u00a0<\/p>\n<p>Bogot\u00e1, D.C., cinco (5) de septiembre de dos \u00a0mil doce (2012). \u00a0\u00a0<\/p>\n<p>ASUNTO: \u00a0\u00a0<\/p>\n<p>Procede la Sala a definir la competencia para \u00a0conocer \u00a0del \u00a0proceso \u00a0adelantado \u00a0en \u00a0contra de DUBER ANTONIO JARABA CORONADO y \u00a0otro, \u00a0por \u00a0el \u00a0delito \u00a0de \u00a0concierto \u00a0para \u00a0delinquir \u00a0agravado \u00a0con \u00a0fines \u00a0de \u00a0homicidio, \u00a0de \u00a0conformidad \u00a0con lo previsto en el art\u00edculo 32 de la Ley 906 de \u00a02004. \u00a0\u00a0<\/p>\n<p>HECHOS Y ANTECEDENTES \u00a0<\/p>\n<p>Se \u00a0 pueden \u00a0sintetizar \u00a0de \u00a0la \u00a0narraci\u00f3n \u00a0efectuada \u00a0por \u00a0la \u00a0Fiscal\u00eda \u00a0en \u00a0el \u00a0escrito \u00a0de \u00a0acusaci\u00f3n \u00a0de \u00a0la siguiente \u00a0manera: \u00a0\u00a0<\/p>\n<p>1. \u00a0La \u00a0Fiscal\u00eda \u00a0General \u00a0de \u00a0la \u00a0Naci\u00f3n \u00a0adelant\u00f3 \u00a0una \u00a0investigaci\u00f3n \u00a0para \u00a0la identificaci\u00f3n e individualizaci\u00f3n de \u00a0integrantes \u00a0de \u00a0la \u00a0organizaci\u00f3n \u00a0armada ilegal los Paisas\u00a0 rastrojos, la \u00a0cual \u00a0presuntamente \u00a0infringe \u00a0la \u00a0ley \u00a0en \u00a0diversas \u00a0poblaciones del bajo Cauca \u00a0antioque\u00f1o \u00a0y \u00a0la \u00a0ciudad \u00a0de \u00a0Medell\u00edn, \u00a0concretamente \u00a0en \u00a0los municipios de \u00a0Caucasia, \u00a0Piamonte, C\u00e1ceres, El Bagre, Nech\u00ed, Montel\u00edbano, La Apartada y los \u00a0corregimientos \u00a0de \u00a0Piamonte \u00a0y \u00a0Jard\u00edn, \u00a0entre otros; mediante la comisi\u00f3n de \u00a0delitos \u00a0como el concierto para delinquir agravado, Homicidio, Tr\u00e1fico de Armas \u00a0y \u00a0Municiones, \u00a0Tr\u00e1fico \u00a0de \u00a0Estupefacientes \u00a0y \u00a0Extorsi\u00f3n, \u00a0entre otros. As\u00ed \u00a0mismo, \u00a0se estableci\u00f3 que existe una lucha entre esta banda y la denominada Los \u00a0Urabe\u00f1os \u00a0por el control de dicha zona, en atenci\u00f3n a que se trata de un punto \u00a0estrat\u00e9gico \u00a0 para \u00a0el \u00a0transporte \u00a0de \u00a0estupefacientes, \u00a0armas, \u00a0municiones \u00a0y \u00a0explosivos. \u00a0\u00a0<\/p>\n<p>2. \u00a0Dentro de la misma, se determin\u00f3 adem\u00e1s \u00a0que \u00a0algunos \u00a0miembros de la fuerza p\u00fablica colaboraban con los grupos ilegales \u00a0para \u00a0tales \u00a0fines, \u00a0siendo \u00a0as\u00ed como desde el a\u00f1o 2011, se pudo establecer la \u00a0comunicaci\u00f3n \u00a0constante \u00a0y principalmente a trav\u00e9s de mensajes de texto, entre \u00a0alias \u00a0Andr\u00e9s \u00a0o Llanos, Coordinador de los Paisas rastrojos, con DUBER ANTONIO \u00a0JARABA \u00a0CORONADO, \u00a0residente en la Apartada pero quien se encontraba adscrito al \u00a0Gaula \u00a0de \u00a0la ciudad de Monter\u00eda, en virtud de la cual el militar proporcionaba \u00a0informaci\u00f3n \u00a0relacionada con las operaciones de la Fuerza P\u00fablica en contra de \u00a0la \u00a0banda \u00a0criminal \u00a0y efectuaba la venta de munici\u00f3n, explosivos y material de \u00a0intendencia \u00a0extra\u00eddos de la Brigada 11 del Ej\u00e9rcito en dicha ciudad para esta \u00a0\u00faltima, \u00a0a cambio de una remuneraci\u00f3n oscilante entre $1.000.000 y $1.500.000. \u00a0Para \u00a0la entrega del material b\u00e9lico y la informaci\u00f3n aludida, JARABA CORONADO \u00a0viajaba \u00a0permanentemente \u00a0a \u00a0su \u00a0ciudad \u00a0de \u00a0residencia, en donde se reun\u00eda con \u00a0alias Andr\u00e9s o Llanos. \u00a0\u00a0<\/p>\n<p>3. Dentro de las actividades desplegadas para \u00a0la \u00a0identificaci\u00f3n \u00a0del \u00a0militar, \u00a0se \u00a0cont\u00f3 \u00a0adem\u00e1s \u00a0con \u00a0interceptaci\u00f3n de \u00a0comunicaciones \u00a0e \u00a0informaci\u00f3n \u00a0de fuentes no formales, a trav\u00e9s de las cuales \u00a0se \u00a0determin\u00f3 que su colaboraci\u00f3n con el grupo ilegal ven\u00eda de tiempo atr\u00e1s, \u00a0concretamente, \u00a0en \u00a0virtud \u00a0de un hecho sucedido en el municipio de Caucasia, en \u00a0el \u00a0cual \u00a0se \u00a0atent\u00f3 contra la vida de una persona y en el cual JARABA CORONADO \u00a0habr\u00eda \u00a0prestado \u00a0su \u00a0concurso \u00a0al \u00a0facilitar \u00a0una motocicleta. No obstante, en \u00a0dicha ocasi\u00f3n, la investigaci\u00f3n fue precluida a su favor. \u00a0\u00a0<\/p>\n<p>4. En virtud de lo anterior, los d\u00edas 10, 11 \u00a0y \u00a012 \u00a0de \u00a0febrero del a\u00f1o en curso ante el Juzgado Primero Penal Municipal con \u00a0Funciones \u00a0de \u00a0Control \u00a0de Garant\u00edas Ambulante de Antioquia Bacrim en la ciudad \u00a0de \u00a0Medell\u00edn, \u00a0se \u00a0adelantaron las audiencias de legalizaci\u00f3n de allanamiento, \u00a0captura, \u00a0interceptaci\u00f3n \u00a0de comunicaciones, formulaci\u00f3n de imputaci\u00f3n por el \u00a0delito \u00a0 de \u00a0 concierto \u00a0para \u00a0delinquir \u00a0agravado \u00a0con \u00a0fines \u00a0de \u00a0homicidio \u00a0e \u00a0imposici\u00f3n \u00a0de \u00a0medida \u00a0de \u00a0aseguramiento \u00a0en \u00a0contra \u00a0del \u00a0citado, quien no se \u00a0allan\u00f3 a los cargos. \u00a0\u00a0<\/p>\n<p>5. Mediante escrito radicado el 5 de junio de \u00a02012, \u00a0el \u00a0delegado \u00a0de \u00a0la \u00a0fiscal\u00eda \u00a0present\u00f3 \u00a0acusaci\u00f3n en contra de DUBER \u00a0ANTONIO \u00a0JARABA \u00a0CORONADO \u00a0y \u00a0otro, \u00a0por \u00a0el \u00a0delito \u00a0aludido, actuaci\u00f3n que se \u00a0asign\u00f3 \u00a0al \u00a0Juzgado \u00a0Segundo \u00a0Penal del Circuito Especializado de Antioquia, el \u00a0cual \u00a0fij\u00f3 \u00a0para \u00a0el \u00a022 \u00a0de \u00a0agosto siguiente la realizaci\u00f3n de la respectiva \u00a0audiencia de formulaci\u00f3n de acusaci\u00f3n. \u00a0\u00a0<\/p>\n<p>Una vez instalada la diligencia y otorgada la \u00a0palabra \u00a0a \u00a0las \u00a0partes \u00a0para efectos de recusaciones, impedimentos, nulidades o \u00a0incompetencia, \u00a0el \u00a0defensor \u00a0de \u00a0confianza \u00a0de \u00a0JARABA \u00a0CORONADO \u00a0cuestion\u00f3 la \u00a0competencia \u00a0de ese despacho judicial para conocer de la acusaci\u00f3n elevada, por \u00a0cuanto \u00a0y \u00a0de \u00a0forma equivocada, la fiscal\u00eda fundamentaba el presunto delito de \u00a0concierto \u00a0para \u00a0delinquir \u00a0agravado con fines de homicidio en el hecho acaecido \u00a0en \u00a0el \u00a0municipio \u00a0de \u00a0Caucasia, cuya investigaci\u00f3n a la postre fue precluida a \u00a0favor \u00a0de \u00a0aquel, \u00a0haciendo \u00a0tr\u00e1nsito \u00a0a cosa juzgada. As\u00ed, se romp\u00eda el nexo \u00a0entre \u00a0su representado con las actividades delictivas de los Paisas-rastrojos en \u00a0lo \u00a0que \u00a0ten\u00eda \u00a0que \u00a0ver \u00a0con \u00a0aquel \u00a0suceso, de modo que la conducta delictiva \u00a0atribuida \u00a0a \u00a0su \u00a0asistido \u00a0se \u00a0concreta \u00a0\u00fanicamente \u00a0a la comercializaci\u00f3n de \u00a0implementos \u00a0b\u00e9licos \u00a0extra\u00eddos del Batall\u00f3n en Monter\u00eda, raz\u00f3n por la cual \u00a0a \u00a0su \u00a0juicio \u00a0la actuaci\u00f3n se debe adelantar ante los jueces especializados de \u00a0dicha ciudad.1 \u00a0\u00a0<\/p>\n<p>Por \u00a0su \u00a0parte, \u00a0el \u00a0delegado de la fiscal\u00eda \u00a0adujo2 \u00a0que el Juez Penal Especializado de Antioquia si es competente para \u00a0conocer \u00a0de \u00a0la \u00a0acusaci\u00f3n \u00a0al \u00a0tenor \u00a0de \u00a0lo \u00a0dispuesto en el art\u00edculo 43 del \u00a0C.P.P., \u00a0como \u00a0quiera que el accionar delictivo del grupo armado ilegal se\u00a0 \u00a0circunscribe \u00a0a \u00a0la \u00a0regi\u00f3n \u00a0del \u00a0bajo \u00a0cauca \u00a0antioque\u00f1o, \u00a0y \u00a0el \u00a0escrito \u00a0de \u00a0acusaci\u00f3n \u00a0es \u00a0claro al indicar que lo que se endilga es el concierto de JARABA \u00a0CORONADO \u00a0para \u00a0cometer \u00a0delitos, \u00a0particularmente el de homicidio, finalidad de \u00a0los \u00a0Paisas \u00a0rastrojos, \u00a0en \u00a0los \u00a0municipios de Caucasia, Piamonte, C\u00e1ceres, El \u00a0Bagre, \u00a0Nech\u00ed, \u00a0Montel\u00edbano, \u00a0La Apartada y Jard\u00edn. Aclar\u00f3 que el suceso del \u00a0municipio \u00a0de \u00a0Caucasia \u00a0en el que habr\u00eda participado aquel pero frente al cual \u00a0efectivamente \u00a0fue \u00a0precluida la investigaci\u00f3n en su favor, solo fue mencionado \u00a0en \u00a0el \u00a0escrito \u00a0de acusaci\u00f3n como parte de las actividades adelantadas para su \u00a0individualizaci\u00f3n \u00a0y \u00a0que \u00a0dieron cuenta que la colaboraci\u00f3n para con la banda \u00a0criminal era anterior. \u00a0\u00a0<\/p>\n<p>El \u00a0 Juez \u00a0 Segundo \u00a0 Penal \u00a0 del \u00a0Circuito \u00a0Especializado \u00a0 \u00a0 de \u00a0 \u00a0 Antioquia \u00a0 \u00a0 manifest\u00f33 \u00a0 \u00a0que \u00a0 \u00a0no \u00a0 aceptaba \u00a0 el \u00a0planeamiento \u00a0acerca \u00a0de \u00a0su \u00a0incompetencia, \u00a0como quiera que el\u00a0 delito de \u00a0concierto \u00a0para \u00a0delinquir \u00a0con \u00a0fines \u00a0de \u00a0homicidio contenido en el escrito de \u00a0acusaci\u00f3n \u00a0no se refiere la hecho acaecido en Caucasia, sino a la finalidad que \u00a0tiene \u00a0 el \u00a0 grupo \u00a0 de \u00a0los \u00a0Paisas \u00a0\u2013 \u00a0 rastrojos, \u00a0 cual \u00a0 es, \u00a0 dar \u00a0muerte \u00a0a \u00a0las \u00a0personas \u00a0y \u00a0otras \u00a0organizaciones \u00a0que \u00a0le \u00a0hagan \u00a0oposici\u00f3n. Pese a que el defensor esgrimi\u00f3 que \u00a0solo \u00a0persist\u00eda \u00a0la \u00a0presunta comercializaci\u00f3n de material de guerra por parte \u00a0del \u00a0imputado \u00a0en Monter\u00eda, lo cierto es que la agrupaci\u00f3n delincuencial tiene \u00a0asiento \u00a0es \u00a0en \u00a0el \u00a0departamento \u00a0de \u00a0Antioquia y sus delitos se cometen en los \u00a0municipios \u00a0referidos, por lo cual considera que la competencia permanece en los \u00a0jueces \u00a0penales \u00a0del \u00a0circuito \u00a0especializados \u00a0de Antioquia. No obstante y como \u00a0quiera \u00a0que \u00a0la causal de incompetencia la propuso la defensa y entrat\u00e1ndose de \u00a0dos \u00a0distritos \u00a0judiciales \u00a0diferentes, \u00a0en \u00a0cumplimiento \u00a0al \u00a0art\u00edculo \u00a054 del \u00a0C.P.P., \u00a0dispuso \u00a0la \u00a0remisi\u00f3n \u00a0de \u00a0las diligencias a esta Corporaci\u00f3n para lo \u00a0pertinente.\u00a0\u00a0 \u00a0\u00a0<\/p>\n<p>CONSIDERACIONES \u00a0<\/p>\n<p>1. \u00a0El \u00a0art\u00edculo 32, numeral 4 de la Ley 906 \u00a0del \u00a02004, \u00a0dispone \u00a0que \u00a0la \u00a0Corte \u00a0conoce \u00a0de \u00a0\u201cla \u00a0definici\u00f3n \u00a0de \u00a0competencia \u00a0cuando \u00a0se \u00a0trate \u00a0de \u00a0aforados constitucionales y \u00a0legales, \u00a0o \u00a0de tribunales, o de juzgados de diferentes distritos\u201d; \u00a0hip\u00f3tesis \u00a0a \u00a0la \u00a0cual \u00a0se \u00a0ajusta la situaci\u00f3n planteada en el \u00a0presente \u00a0asunto, \u00a0como \u00a0quiera \u00a0que el abogado defensor de DUBER ANTONIO JARABA \u00a0CORONADO \u00a0impugn\u00f3 \u00a0la \u00a0competencia \u00a0del \u00a0Juzgado \u00a0Segundo \u00a0Penal \u00a0del \u00a0Circuito \u00a0Especializado \u00a0de \u00a0Antioquia, para adelantar el proceso que se le sigue a aquel, \u00a0al considerar que la misma radica en sus hom\u00f3logos de Monter\u00eda. \u00a0\u00a0<\/p>\n<p>2. El art\u00edculo 42 de la Ley 906 de 2004 hace \u00a0referencia \u00a0 a \u00a0 la \u00a0 competencia \u00a0territorial \u00a0y \u00a0se\u00f1ala \u00a0que \u00a0\u201cel \u00a0territorio \u00a0nacional \u00a0se \u00a0divide \u00a0para efectos de juzgamiento en \u00a0distritos, \u00a0 circuitos \u00a0 y \u00a0municipios.\u201d \u00a0Por su parte el art\u00edculo 43 de la misma \u00a0normatividad procesal, indica: \u00a0\u00a0<\/p>\n<p>\u201cEs competente para \u00a0conocer del juzgamiento el juez del lugar donde ocurri\u00f3 el delito. \u00a0\u00a0<\/p>\n<p>Cuando no fuere posible determinar el lugar de \u00a0ocurrencia \u00a0del \u00a0hecho, \u00a0este se hubiere realizado en \u00a0varios \u00a0lugares, \u00a0o \u00a0en uno incierto o en el extranjero, la competencia del juez \u00a0de \u00a0conocimiento \u00a0se \u00a0fija por el lugar donde se formule acusaci\u00f3n por parte de \u00a0la \u00a0Fiscal\u00eda \u00a0General \u00a0de \u00a0la \u00a0Naci\u00f3n, \u00a0lo \u00a0cual har\u00e1 donde se encuentren los \u00a0elementos \u00a0fundamentales de la acusaci\u00f3n\u201d (Resaltado \u00a0a\u00f1adido). \u00a0\u00a0<\/p>\n<p>3. \u00a0 \u00a0 Examinado \u00a0 \u00a0el \u00a0 \u00a0escrito \u00a0 \u00a0de \u00a0acusaci\u00f3n4 \u00a0radicado \u00a0por \u00a0la \u00a0Fiscal\u00eda \u00a0Tercera \u00a0Especializada \u00a0de la Unidad \u00a0Nacional \u00a0contra Bandas Emergentes BACRIM, se desprende que los hechos imputados \u00a0tuvieron \u00a0ocurrencia \u00a0en \u00a0los \u00a0municipios \u00a0de \u00a0Caucasia, \u00a0Piamonte, C\u00e1ceres, El \u00a0Bagre, \u00a0Nech\u00ed, \u00a0Montel\u00edbano, \u00a0La \u00a0Apartada \u00a0y los corregimientos de Piamonte y \u00a0Jard\u00edn, \u00a0entre \u00a0otros; \u00a0es decir, se encuentran comprendidas localidades de los \u00a0Departamentos \u00a0de \u00a0Antioquia \u00a0y \u00a0C\u00f3rdoba, \u00a0las \u00a0cuales \u00a0constituyen \u00a0la zona de \u00a0influencia \u00a0y \u00a0donde \u00a0opera \u00a0el \u00a0grupo \u00a0armado \u00a0ilegal \u00a0conocido como los Paisas \u00a0rastrojos. \u00a0\u00a0<\/p>\n<p>3.1. \u00a0Conforme \u00a0con \u00a0lo \u00a0expuesto por el ente \u00a0acusador, \u00a0dicha \u00a0agrupaci\u00f3n \u00a0delincuencial \u00a0se \u00a0dedica \u00a0al Tr\u00e1fico de Armas y \u00a0Municiones, \u00a0Tr\u00e1fico \u00a0de \u00a0Estupefacientes \u00a0y Extorsi\u00f3n, entre otros delitos, a \u00a0fin \u00a0de \u00a0imponerse \u00a0en la regi\u00f3n del bajo cauca antioque\u00f1o, y dicha prop\u00f3sito \u00a0se \u00a0concreta, \u00a0entre \u00a0otros, \u00a0a \u00a0trav\u00e9s \u00a0del \u00a0homicidio de las personas y otras \u00a0agrupaciones \u00a0que se opongan a dicho cometido. Para ello, la organizaci\u00f3n se ha \u00a0concertado \u00a0incluso \u00a0con \u00a0miembros \u00a0de \u00a0la \u00a0fuerzas \u00a0armadas, quienes le prestan \u00a0colaboraci\u00f3n \u00a0mediante \u00a0el \u00a0suministro de informaci\u00f3n sensible relacionada con \u00a0los \u00a0movimientos \u00a0y \u00a0operativos \u00a0de la fuerza p\u00fablica y la venta de material de \u00a0intendencia en aras de su fortalecimiento militar. \u00a0\u00a0<\/p>\n<p>3.2. A DUBER ANTONIO JARABA CORONADO, miembro \u00a0del \u00a0Ej\u00e9rcito Nacional, se le imput\u00f3 el delito de concierto para delinquir con \u00a0fines \u00a0de \u00a0homicidio, \u00a0punible \u00a0de \u00a0ejecuci\u00f3n \u00a0permanente, \u00a0en \u00a0atenci\u00f3n a las \u00a0actividades \u00a0il\u00edcitas \u00a0desplegadas \u00a0por la agrupaci\u00f3n delincuencial mencionada \u00a0en \u00a0los \u00a0distintos \u00a0municipios antes indicados, las cuales fueron realizadas con \u00a0el \u00a0 concurso \u00a0 de \u00a0 aquel \u00a0 a \u00a0 trav\u00e9s \u00a0 de \u00a0 las \u00a0 actividades \u00a0 de \u00a0 auxilio \u00a0rese\u00f1adas.\u00a0\u00a0 \u00a0\u00a0<\/p>\n<p>4. \u00a0En \u00a0virtud \u00a0de \u00a0lo anterior, se impone la \u00a0aplicaci\u00f3n \u00a0de \u00a0la \u00a0norma \u00a0citada, como quiera que los hechos por los que se le \u00a0esta \u00a0convocando \u00a0a juicio se habr\u00edan cometido en varios lugares pertenecientes \u00a0a \u00a0diferentes \u00a0distritos \u00a0judiciales, \u00a0y \u00a0por tanto, la competencia se habr\u00e1 de \u00a0fijar \u00a0por el lugar donde se radique la acusaci\u00f3n, siempre que all\u00ed se ubiquen \u00a0los \u00a0elementos fundamentales para el juicio oral. No sobra reiterar la posici\u00f3n \u00a0de \u00a0la \u00a0Sala, \u00a0en \u00a0el \u00a0sentido \u00a0que \u00a0la \u00a0fiscal\u00eda no puede ser arbitraria en la \u00a0escogencia \u00a0del \u00a0circuito \u00a0donde \u00a0presenta \u00a0la \u00a0acusaci\u00f3n, \u00a0y \u00a0por el contrario \u00a0deber\u00e1 \u00a0sustentarse \u00a0en \u00a0los \u00a0elementos que resulten cruciales para afrontar el \u00a0juicio oral. \u00a0\u00a0<\/p>\n<p>5. En el asunto sub examine, deviene claro que \u00a0la \u00a0radicaci\u00f3n \u00a0del \u00a0escrito de acusaci\u00f3n ante los jueces penales del circuito \u00a0especializado \u00a0de Antioquia por parte de la Fiscal\u00eda fue adecuada, por cuanto y \u00a0como \u00a0ya \u00a0se vio, los hechos por lo que se acusa a DUBER ANTONIO JARABA CORONADO \u00a0al \u00a0 haberse \u00a0 concertado \u00a0 para \u00a0 ello, \u00a0 tuvieron \u00a0 ocurrencia \u00a0 en \u00a0 diversas \u00a0municipalidades \u00a0pertenecientes \u00a0a ambos departamentos, de donde surge as\u00ed como \u00a0l\u00f3gica \u00a0consecuencia, que la mayor\u00eda de elementos materiales probatorios en lo \u00a0que \u00a0se \u00a0encuentra \u00a0soportada \u00a0la \u00a0acusaci\u00f3n \u00a0fueron \u00a0obtenidos \u00a0en \u00a0Antioquia, \u00a0mediante diversas actividades de polic\u00eda judicial. \u00a0\u00a0<\/p>\n<p>6. \u00a0De \u00a0otro \u00a0lado, \u00a0no persuade el argumento \u00a0esgrimido \u00a0por \u00a0el defensor de JARABA CORONADO. En primer lugar, valga decir que \u00a0en \u00a0modo \u00a0alguno \u00a0la \u00a0acusaci\u00f3n \u00a0en \u00a0contra \u00a0de \u00a0su defendido, por el delito de \u00a0concierto \u00a0para \u00a0delinquir \u00a0con \u00a0fines \u00a0de \u00a0homicidio, versa sobre la situaci\u00f3n \u00a0f\u00e1ctica \u00a0ocurrida \u00a0en \u00a0el \u00a0municipio \u00a0de Caucasia y por la cual la Fiscal\u00eda 44 \u00a0Seccional \u00a0de la misma ciudad deprec\u00f3 la preclusi\u00f3n de la investigaci\u00f3n\u00a0 \u00a0a \u00a0su \u00a0favor, pues como bien lo rese\u00f1\u00f3 el fiscal del caso, dicha menci\u00f3n solo \u00a0se \u00a0hizo a modo de ilustraci\u00f3n para indicar como los v\u00ednculos de aquel con los \u00a0Paisas \u00a0\u2013 rastrojos ven\u00edan \u00a0de \u00a0tiempo atr\u00e1s. De la simple lectura del escrito, se deduce que la acusaci\u00f3n \u00a0se \u00a0contrae \u00a0al \u00a0hecho que aquel se concert\u00f3, junto a esa agrupaci\u00f3n criminal, \u00a0para \u00a0el \u00a0desarrollo de las actividades propias de esta \u00faltima, entre ellas, la \u00a0comisi\u00f3n \u00a0de \u00a0homicidios \u00a0tanto \u00a0de civiles como de otros delincuentes; de modo \u00a0que la tesis del togado deviene totalmente errada. \u00a0\u00a0<\/p>\n<p>7. \u00a0 As\u00ed \u00a0 mismo, \u00a0 no \u00a0es \u00a0de \u00a0recibo \u00a0la \u00a0consideraci\u00f3n \u00a0de la defensa en el sentido que, en la medida que el imputado se \u00a0encuentra \u00a0adscrito \u00a0a \u00a0la \u00a0Brigada \u00a011 \u00a0de \u00a0Monter\u00eda, \u00a0y de all\u00ed extra\u00eda los \u00a0insumos \u00a0b\u00e9licos \u00a0que se le atribuye vend\u00eda a los delincuentes, la competencia \u00a0radica \u00a0por \u00a0tanto \u00a0en \u00a0esa ciudad. Como ya se vio, de lo que se le acusa es del \u00a0concierto \u00a0con \u00a0la \u00a0banda \u00a0criminal para la ejecuci\u00f3n de actividades il\u00edcitas, \u00a0las \u00a0cuales \u00a0como \u00a0qued\u00f3 \u00a0suficientemente claro, ten\u00edan ocurrencia en diversos \u00a0municipios de Antioquia y C\u00f3rdoba. \u00a0\u00a0<\/p>\n<p>Con \u00a0todo, ha de decirse que la colaboraci\u00f3n \u00a0por \u00a0parte \u00a0del \u00a0imputado \u00a0en \u00a0este sentido se hacia mediante la transacci\u00f3n de \u00a0material \u00a0de \u00a0guerra \u00a0a \u00a0los \u00a0Paisas \u00a0rastrojos, \u00a0de \u00a0la \u00a0cual \u00a0hacia entrega al \u00a0Coordinador \u00a0para \u00a0tal \u00a0efecto de la organizaci\u00f3n, alias Andr\u00e9s o Llanos, o en \u00a0su \u00a0defecto al mando medio alias Alfonso, siendo indistinto el lugar de donde lo \u00a0obten\u00eda \u00a0o \u00a0aquel convenido para la entrega, ya que lo que se le atribuye es el \u00a0haberse \u00a0concertado \u00a0para \u00a0un \u00a0prop\u00f3sito \u00a0criminal, \u00a0que \u00a0era \u00a0ejecutado en los \u00a0municipios del bajo cauca antioque\u00f1o se\u00f1alados por la Fiscal\u00eda. \u00a0\u00a0<\/p>\n<p>En \u00a0consecuencia, \u00a0siendo \u00a0evidente \u00a0que \u00a0los \u00a0hechos \u00a0objeto de acusaci\u00f3n se circunscriben a municipalidades pertenecientes a \u00a0los \u00a0Departamentos \u00a0de \u00a0Antioquia \u00a0y C\u00f3rdoba, la competencia radica en el lugar \u00a0donde \u00a0la \u00a0Fiscal\u00eda \u00a0haya \u00a0presentado \u00a0la \u00a0acusaci\u00f3n, \u00a0por lo cual es ante los \u00a0jueces \u00a0penales \u00a0del \u00a0circuito \u00a0especializado \u00a0del \u00a0primero \u00a0de ellos donde debe \u00a0realizarse \u00a0la \u00a0respectiva \u00a0audiencia \u00a0de \u00a0formulaci\u00f3n y adelantarse la fase de \u00a0juzgamiento, \u00a0 \u00a0 \u00a0 \u00a0 \u00a0 \u00a0 seg\u00fan \u00a0 \u00a0 \u00a0 \u00a0 \u00a0 \u00a0 lo \u00a0 \u00a0 \u00a0 \u00a0 \u00a0 \u00a0expuesto \u00a0 \u00a0 \u00a0 \u00a0 \u00a0 \u00a0en \u00a0precedencia.\u00a0\u00a0\u00a0\u00a0\u00a0\u00a0\u00a0\u00a0\u00a0 \u00a0\u00a0<\/p>\n<p>8. Por las anteriores consideraciones, la Sala \u00a0dispondr\u00e1 \u00a0que \u00a0la \u00a0competencia \u00a0para \u00a0conocer \u00a0el \u00a0proceso \u00a0en contra de DUBER \u00a0ANTONIO \u00a0JARABA \u00a0CORONADO \u00a0y \u00a0otro, \u00a0es \u00a0del \u00a0Juzgado Segundo Penal del Circuito \u00a0Especializado \u00a0del \u00a0Circuito \u00a0de \u00a0Antioquia, \u00a0el \u00a0cual \u00a0deber\u00e1 \u00a0en consecuencia \u00a0continuar \u00a0con \u00a0la \u00a0celebraci\u00f3n \u00a0de \u00a0la audiencia de formulaci\u00f3n de acusaci\u00f3n \u00a0solicitada por la Fiscal\u00eda. \u00a0\u00a0<\/p>\n<p>En m\u00e9rito a lo expuesto, la CORTE SUPREMA DE \u00a0JUSTICIA, Sala de Casaci\u00f3n Penal, \u00a0\u00a0<\/p>\n<p>RESUELVE \u00a0<\/p>\n<p>1- \u00a0 \u00a0ASIGNAR \u00a0la competencia para conocer de la acusaci\u00f3n en contra \u00a0de \u00a0DUBER \u00a0ANTONIO \u00a0JARABA \u00a0CORONADO \u00a0y otro por el presunto delito de concierto \u00a0para \u00a0delinquir \u00a0agravado \u00a0con \u00a0fines de homicidio, al Juzgado Segundo Penal del \u00a0Circuito \u00a0Especializado de Antioquia, conforme con las consideraciones expuestas \u00a0en esta decisi\u00f3n, a donde ser\u00e1 devuelto el expediente. \u00a0\u00a0<\/p>\n<p>Contra esta decisi\u00f3n no \u00a0procede recurso alguno. \u00a0\u00a0<\/p>\n<p>Comun\u00edquese y c\u00famplase, \u00a0<\/p>\n<p>JOS\u00c9 \u00a0 LEONIDAS \u00a0 BUSTOS \u00a0MART\u00cdNEZ\u00a0 \u00a0\u00a0<\/p>\n<p>JOS\u00c9 \u00a0LUIS \u00a0BARCEL\u00d3 \u00a0CAMACHO \u00a0 \u00a0 \u00a0 \u00a0\u00a0 \u00a0 \u00a0 \u00a0 \u00a0\u00a0 \u00a0 \u00a0 \u00a0 \u00a0\u00a0 \u00a0 \u00a0 \u00a0 \u00a0\u00a0\u00a0\u00a0\u00a0\u00a0\u00a0\u00a0\u00a0\u00a0\u00a0\u00a0\u00a0\u00a0\u00a0\u00a0\u00a0\u00a0\u00a0\u00a0\u00a0\u00a0\u00a0\u00a0\u00a0\u00a0\u00a0\u00a0\u00a0\u00a0\u00a0\u00a0\u00a0\u00a0\u00a0\u00a0\u00a0\u00a0\u00a0\u00a0\u00a0\u00a0\u00a0 \u00a0FERNANDO \u00a0A. \u00a0 \u00a0 \u00a0 \u00a0 \u00a0 \u00a0 \u00a0 \u00a0 \u00a0 \u00a0 \u00a0 \u00a0 \u00a0 CASTRO \u00a0 \u00a0 \u00a0 \u00a0 \u00a0 \u00a0 \u00a0 \u00a0 \u00a0 \u00a0 \u00a0 \u00a0 \u00a0CABALLERO\u00a0\u00a0\u00a0\u00a0\u00a0\u00a0\u00a0\u00a0\u00a0\u00a0\u00a0\u00a0\u00a0\u00a0\u00a0\u00a0\u00a0\u00a0\u00a0\u00a0\u00a0\u00a0\u00a0\u00a0\u00a0\u00a0 \u00a0\u00a0<\/p>\n<p>MAR\u00cdA DEL ROSARIO \u00a0GONZ\u00c1LEZ \u00a0MU\u00d1O\u00a0\u00a0\u00a0\u00a0\u00a0\u00a0\u00a0\u00a0\u00a0\u00a0\u00a0\u00a0\u00a0\u00a0\u00a0\u00a0\u00a0\u00a0\u00a0\u00a0\u00a0\u00a0\u00a0\u00a0\u00a0\u00a0\u00a0\u00a0\u00a0\u00a0\u00a0 \u00a0 \u00a0 \u00a0LUIS \u00a0 \u00a0 \u00a0GUILLERMO \u00a0 \u00a0 SALAZAR \u00a0OTERO \u00a0\u00a0<\/p>\n<p>\u00a0\u00a0\u00a0\u00a0\u00a0\u00a0\u00a0\u00a0\u00a0\u00a0 \u00a0\u00a0<\/p>\n<p>JULIO \u00a0 \u00a0 \u00a0 \u00a0ENRIQUE \u00a0 \u00a0 \u00a0 SOCHA \u00a0SALAMANCA\u00a0\u00a0\u00a0\u00a0\u00a0\u00a0\u00a0\u00a0\u00a0\u00a0\u00a0\u00a0\u00a0\u00a0\u00a0\u00a0\u00a0\u00a0\u00a0\u00a0\u00a0\u00a0\u00a0\u00a0\u00a0\u00a0\u00a0\u00a0\u00a0\u00a0\u00a0\u00a0\u00a0\u00a0\u00a0\u00a0\u00a0\u00a0\u00a0\u00a0\u00a0\u00a0 JAVIER DE JES\u00daS ZAPATA ORTIZ \u00a0\u00a0<\/p>\n<p>Nubia Yolanda Nova Garc\u00eda \u00a0<\/p>\n<p>Secretaria \u00a0<\/p>\n<p>\u00a0 \u00a0\u00a0<\/p>\n<p>1 \u00a0Record 52:00 Audiencia de Formulaci\u00f3n de Acusaci\u00f3n. \u00a0\u00a0<\/p>\n<p>2 \u00a0Record 59: 40 y 1:10:30 ib\u00eddem \u00a0\u00a0<\/p>\n<p>3 \u00a0Record 2:01:34 Ib\u00eddem \u00a0\u00a0<\/p>\n<p>4 \u00a0Folios \u00a04 \u00a0\u2013 \u00a053 Carpeta \u00a0Original. \u00a0 \u00a0\u00a0<\/p>\n<p><\/p>\n","protected":false},"excerpt":{"rendered":"<p>\u00a0 \u00a0 CORTE SUPREMA DE JUSTICIA \u00a0 SALA DE CASACION PENAL \u00a0 Magistrado Ponente \u00a0 Luis Guillermo Salazar Otero \u00a0 Aprobado Acta No. 331 \u00a0 Bogot\u00e1, D.C., cinco (5) de septiembre de dos \u00a0mil doce (2012). \u00a0\u00a0 ASUNTO: \u00a0\u00a0 Procede la Sala a definir la competencia para \u00a0conocer \u00a0del \u00a0proceso \u00a0adelantado \u00a0en \u00a0contra de DUBER [&hellip;]<\/p>\n","protected":false},"author":1,"featured_media":0,"comment_status":"open","ping_status":"open","sticky":false,"template":"","format":"standard","meta":{"footnotes":""},"categories":[20],"tags":[],"class_list":["post-25107","post","type-post","status-publish","format-standard","hentry","category-20"],"_links":{"self":[{"href":"https:\/\/dmsjuridica.com\/buscador_20179478954\/salapenalcronologico20230723\/wp-json\/wp\/v2\/posts\/25107","targetHints":{"allow":["GET"]}}],"collection":[{"href":"https:\/\/dmsjuridica.com\/buscador_20179478954\/salapenalcronologico20230723\/wp-json\/wp\/v2\/posts"}],"about":[{"href":"https:\/\/dmsjuridica.com\/buscador_20179478954\/salapenalcronologico20230723\/wp-json\/wp\/v2\/types\/post"}],"author":[{"embeddable":true,"href":"https:\/\/dmsjuridica.com\/buscador_20179478954\/salapenalcronologico20230723\/wp-json\/wp\/v2\/users\/1"}],"replies":[{"embeddable":true,"href":"https:\/\/dmsjuridica.com\/buscador_20179478954\/salapenalcronologico20230723\/wp-json\/wp\/v2\/comments?post=25107"}],"version-history":[{"count":0,"href":"https:\/\/dmsjuridica.com\/buscador_20179478954\/salapenalcronologico20230723\/wp-json\/wp\/v2\/posts\/25107\/revisions"}],"wp:attachment":[{"href":"https:\/\/dmsjuridica.com\/buscador_20179478954\/salapenalcronologico20230723\/wp-json\/wp\/v2\/media?parent=25107"}],"wp:term":[{"taxonomy":"category","embeddable":true,"href":"https:\/\/dmsjuridica.com\/buscador_20179478954\/salapenalcronologico20230723\/wp-json\/wp\/v2\/categories?post=25107"},{"taxonomy":"post_tag","embeddable":true,"href":"https:\/\/dmsjuridica.com\/buscador_20179478954\/salapenalcronologico20230723\/wp-json\/wp\/v2\/tags?post=25107"}],"curies":[{"name":"wp","href":"https:\/\/api.w.org\/{rel}","templated":true}]}}