{"id":25006,"date":"2023-09-12T17:23:07","date_gmt":"2023-09-12T17:23:07","guid":{"rendered":"https:\/\/dmsjuridica.com\/buscador_20179478954\/salapenalcronologico20230723\/2023\/09\/12\/3963113-08-12\/"},"modified":"2023-09-12T17:23:07","modified_gmt":"2023-09-12T17:23:07","slug":"3963113-08-12","status":"publish","type":"post","link":"https:\/\/dmsjuridica.com\/buscador_20179478954\/salapenalcronologico20230723\/2023\/09\/12\/3963113-08-12\/","title":{"rendered":"39631(13-08-12)"},"content":{"rendered":"\n<p>\u00a0 \u00a0 CORTE SUPREMA DE JUSTICIA \u00a0<\/p>\n<p>SALA DE CASACION PENAL \u00a0<\/p>\n<p>Magistrado Ponente: \u00a0<\/p>\n<p>Dr. JOS\u00c9 LUIS BARCEL\u00d3 CAMACHO \u00a0<\/p>\n<p>Aprobado Acta No. 299. \u00a0<\/p>\n<p>Bogot\u00e1, \u00a0D.C., \u00a0trece \u00a0de \u00a0agosto de dos mil \u00a0doce. \u00a0\u00a0<\/p>\n<p>V I S T O S \u00a0<\/p>\n<p>Conforme \u00a0a lo reglado en el numeral 4\u00b0 del \u00a0art\u00edculo \u00a032 \u00a0de la Ley 906 de 2004, define la Corte la competencia para llevar \u00a0a \u00a0cabo \u00a0el \u00a0tr\u00e1mite \u00a0del \u00a0juicio \u00a0dentro \u00a0del presente diligenciamiento que se \u00a0adelanta \u00a0respecto de JOS\u00c9 LEONIDAS YEPES, en contra del cual present\u00f3 escrito \u00a0de \u00a0acusaci\u00f3n \u00a0con \u00a0preacuerdo la Fiscal\u00eda 4\u00aa Especializada de Medell\u00edn, por \u00a0el \u00a0 concurso \u00a0de \u00a0delitos \u00a0de \u00a0empleo, \u00a0producci\u00f3n, \u00a0comercializaci\u00f3n \u00a0 \u00a0y \u00a0 \u00a0almacenamiento \u00a0 de \u00a0 minas \u00a0 antipersonal \u00a0 \u00a0 \u00a0 y \u00a0 \u00a0 \u00a0 rebeli\u00f3n. \u00a0\u00a0<\/p>\n<p>H E C H O S \u00a0<\/p>\n<p>En el escrito de acusaci\u00f3n presentado por el \u00a0ente instructor, se narraron del siguiente tenor: \u00a0\u00a0<\/p>\n<p>\u201cEl d\u00eda 22 de Mayo de 2012 en zona rural \u00a0del \u00a0Municipio \u00a0de \u00a0Sabanalarga, \u00a0vereda \u00a0el \u00a0Rosario, \u00a0coordenadas 06-58-35.8 y \u00a075-46-67.02 \u00a0fue capturado el ciudadano JOS\u00c9 LEONIDAS TABORDA (sic), integrante \u00a0del \u00a0frente \u00a036 \u00a0de las FARC luego de presentarse un enfrentamiento con miembros \u00a0del \u00a0Ej\u00e9rcito \u00a0Nacional, \u00a0donde resulto (sic) muerto otra persona (sic) y \u00e9ste \u00a0result\u00f3 \u00a0herido, \u00a0raz\u00f3n \u00a0por la cual se vencieron los t\u00e9rminos para legalizar \u00a0su \u00a0captura, \u00a0pues \u00a0fue \u00a0necesario \u00a0trasladarlo al Hospital General de Medell\u00edn \u00a0para \u00a0asistencia \u00a0m\u00e9dica. \u00a0Con \u00a0posterioridad \u00a0se solicito (sic) la captura del \u00a0indiciado \u00a0la \u00a0cual se hizo efectiva el d\u00eda 26 de mayo de 2012, realizado (sic) \u00a0las \u00a0audiencias \u00a0preliminares \u00a0ante \u00a0el Juez 27 Penal Municipal con funciones de \u00a0control \u00a0de garant\u00edas el d\u00eda 27 de Mayo de 2012. Como elementos probatorios se \u00a0hallaron \u00a0 dos \u00a0pistolas, \u00a022 \u00a0cartuchos \u00a0calibre \u00a09 \u00a0mm, \u00a0un \u00a0radio \u00a0vertex \u00a0de \u00a0comunicaciones, \u00a0un \u00a0celular \u00a0Alcatel, \u00a0una memoria microsid de 2 GB, un celular \u00a0Nokia, \u00a012 detonadores inelectricos (sic), 7 contenedores para minas antipersona \u00a0artesanales, 4 contenedores de minas y una granada\u201d. \u00a0\u00a0<\/p>\n<p>DECURSO PROCESAL \u00a0<\/p>\n<p>1. El 26 de mayo de 2012 fue capturado JOS\u00c9 \u00a0LEONIDAS \u00a0YEPES \u00a0en \u00a0el \u00a0Hospital \u00a0General \u00a0de \u00a0Medell\u00edn, \u00a0con base en la orden \u00a0expedida \u00a0el \u00a0d\u00eda \u00a0anterior \u00a0por el Juzgado 9\u00b0 Penal Municipal con funci\u00f3n de \u00a0control de garant\u00edas de esa ciudad. \u00a0\u00a0<\/p>\n<p>2. En audiencias preliminares llevadas a cabo \u00a0el \u00a027 de mayo siguiente ante el Juzgado 27 de esa especialidad, se legaliz\u00f3 la \u00a0captura \u00a0del \u00a0indiciado, se le formul\u00f3 imputaci\u00f3n por el concurso de conductas \u00a0punibles \u00a0 \u00a0 \u00a0constitutivas \u00a0 \u00a0 de \u00a0 \u00a0 terrorismo, \u00a0rebeli\u00f3n, \u00a0 fabricaci\u00f3n, \u00a0tr\u00e1fico, \u00a0porte \u00a0o \u00a0tenencia \u00a0de armas de fuego de defensa personal \u00a0 \u00a0 \u00a0 \u00a0 \u00a0y \u00a0 \u00a0 \u00a0 \u00a0 \u00a0fabricaci\u00f3n, \u00a0 tr\u00e1fico \u00a0y \u00a0porte \u00a0de \u00a0armas, \u00a0municiones \u00a0de \u00a0uso \u00a0restringido, \u00a0de uso privativo de las Fuerzas Armadas o explosivos, y \u00a0se le aplic\u00f3 medida de aseguramiento de detenci\u00f3n preventiva en \u00a0sitio de reclusi\u00f3n. \u00a0\u00a0<\/p>\n<p>3. \u00a0Aunque \u00a0el \u00a0imputado no se allan\u00f3 a los \u00a0cargos, \u00a0el 18 de julio posterior y con la aquiescencia de su defensor, celebr\u00f3 \u00a0preacuerdo \u00a0con \u00a0el \u00a0representante de la Fiscal\u00eda, en el que finalmente acept\u00f3 \u00a0la \u00a0acusaci\u00f3n por el concurso de il\u00edcitos de empleo, \u00a0producci\u00f3n, \u00a0 \u00a0 \u00a0comercializaci\u00f3n \u00a0 \u00a0 \u00a0y \u00a0 \u00a0 \u00a0almacenamiento \u00a0 \u00a0 \u00a0de \u00a0 \u00a0 minas \u00a0antipersonal \u00a0y \u00a0rebeli\u00f3n, \u00a0tipificados \u00a0en \u00a0los art\u00edculos 367A y 467 del C\u00f3digo \u00a0Penal, respectivamente. \u00a0\u00a0<\/p>\n<p>4. \u00a0 Presentado \u00a0 el \u00a0 respectivo \u00a0escrito \u00a0acusatorio \u00a0y \u00a0efectuado \u00a0el reparto, el conocimiento del juicio fue asignado al \u00a0Juzgado \u00a02\u00b0 \u00a0Penal \u00a0del Circuito Especializado con funciones de conocimiento de \u00a0Medell\u00edn, \u00a0despacho \u00a0que \u00a0profiri\u00f3 auto el 1\u00b0 de agosto pasado, declar\u00e1ndose \u00a0incompetente para conocer del mismo. \u00a0\u00a0<\/p>\n<p>Se\u00f1al\u00f3 \u00a0la jueza especializada, apoyada en \u00a0el \u00a0art\u00edculo \u00a052 \u00a0de la Ley 906 de 2004 y precedente de la Sala, que si bien en \u00a0este \u00a0evento \u00a0se \u00a0procede \u00a0por \u00a0delitos \u00a0conexos \u00a0cuya competencia corresponde a \u00a0jueces \u00a0de \u00a0la \u00a0misma \u00a0jerarqu\u00eda, \u00a0es \u00a0el \u00a0territorio \u00a0el \u00a0factor que de manera \u00a0excluyente y preferente determina la competencia. \u00a0\u00a0<\/p>\n<p>En ese orden de ideas, habi\u00e9ndose perpetrado \u00a0la \u00a0conducta \u00a0punible \u00a0m\u00e1s grave en el municipio antioque\u00f1o de Sabanalarga, la \u00a0actuaci\u00f3n \u00a0procesal \u00a0debe \u00a0ser \u00a0asumida \u00a0por \u00a0un \u00a0Juzgado \u00a0Penal \u00a0del \u00a0Circuito \u00a0Especializado del Distrito Judicial de Antioquia \u00a0\u00a0<\/p>\n<p>Orden\u00f3, \u00a0 por \u00a0consiguiente, \u00a0remitir \u00a0la \u00a0actuaci\u00f3n \u00a0a \u00a0esta \u00a0Corporaci\u00f3n \u00a0para \u00a0la \u00a0definici\u00f3n \u00a0del \u00a0asunto, omitiendo \u00a0realizar \u00a0 la \u00a0 audiencia \u00a0 respectiva, \u00a0 para \u00a0 propender \u00a0 as\u00ed \u00a0 \u201cpor \u00a0 \u00a0la \u00a0 \u00a0soluci\u00f3n \u00a0 \u00a0de \u00a0 \u00a0manera \u00a0 \u00a0\u00e1gil, \u00a0 \u00a0r\u00e1pida \u00a0 \u00a0y \u00a0expedita\u201d. \u00a0\u00a0<\/p>\n<p>CONSIDERACIONES DE LA CORTE \u00a0<\/p>\n<p>Conforme con lo regulado en el art\u00edculo 32-4 \u00a0de \u00a0la \u00a0Ley \u00a0906 \u00a0de \u00a02004, \u00a0a \u00a0la Corte le asiste atribuci\u00f3n para pronunciarse \u00a0respecto \u00a0de \u00a0la definici\u00f3n de competencia que con ocasi\u00f3n del presente asunto \u00a0promueve \u00a0la titular (e) del Juzgado Segundo Penal del Circuito Especializado de \u00a0Medell\u00edn, \u00a0quien \u00a0considera \u00a0que \u00a0del \u00a0mismo \u00a0debe \u00a0conocer \u00a0un \u00a0Juez Penal del \u00a0Circuito \u00a0 Especializado \u00a0de \u00a0Antioquia, \u00a0adscrito \u00a0a \u00a0otro \u00a0Distrito \u00a0Judicial, \u00a0concretamente al del departamento con el mismo nombre. \u00a0\u00a0<\/p>\n<p>Ahora \u00a0bien, \u00a0es evidente que la competencia \u00a0para \u00a0fallar \u00a0el \u00a0presente asunto radica en cabeza de un Juez Penal del Circuito \u00a0Especializado \u00a0de \u00a0Antioquia, \u00a0pues, si bien se trata de dos hechos conexos, uno \u00a0de \u00a0los cuales tiene repercusi\u00f3n a nivel nacional\u00a0\u00a0\u00a0\u00a0\u00a0 \u00a0\u2013rebeli\u00f3n-, \u00a0 \u00a0el \u00a0 \u00a0m\u00e1s \u00a0 \u00a0grave \u00a0 \u00a0de \u00a0 \u00a0los \u00a0 \u00a0atribuidos \u00a0 -empleo, \u00a0producci\u00f3n, \u00a0comercializaci\u00f3n \u00a0y almacenamiento de minas \u00a0antipersonal- se perpetr\u00f3 en la vereda El Rosario del \u00a0municipio de Sabanalarga, Antioquia. \u00a0\u00a0<\/p>\n<p>Ello \u00a0 porque \u00a0 aunque \u00a0 Fiscal\u00eda \u00a0Cuarta \u00a0Especializada \u00a0de \u00a0Medell\u00edn, equivocadamente present\u00f3 el escrito de acusaci\u00f3n \u00a0ante \u00a0los \u00a0Juzgados \u00a0Penales \u00a0del Circuito Especializado de esa ciudad, no puede \u00a0desconocerse \u00a0que \u00a0el \u00a0art\u00edculo \u00a043 \u00a0de \u00a0la \u00a0Ley \u00a0906 \u00a0de \u00a02004 \u00a0dispone que la \u00a0competencia \u00a0para \u00a0conocer \u00a0del \u00a0juzgamiento \u00a0radica \u00a0en el juez del lugar donde \u00a0ocurri\u00f3 el delito. \u00a0\u00a0<\/p>\n<p>Y en el evento de hechos conexos, dispone el \u00a0art\u00edculo \u00a052 \u00a0Ibidem que si los jueces tienen la misma jerarqu\u00eda, \u201cser\u00e1 \u00a0factor \u00a0de competencia el territorio, en forma excluyente \u00a0y \u00a0preferente, \u00a0en \u00a0el \u00a0siguiente \u00a0orden: \u00a0donde se haya cometido el delito m\u00e1s \u00a0grave\u2026\u201d. \u00a0\u00a0<\/p>\n<p>A \u00a0su turno, el citado Acuerdo 527 del 28 de \u00a0junio \u00a0de \u00a01999, \u00a0emanado \u00a0de \u00a0la Sala Administrativa del Consejo Superior de la \u00a0Judicatura, \u00a0\u201cpor \u00a0el cual se crean y organizan los \u00a0circuitos \u00a0penales \u00a0especializados en todo el territorio Nacional\u201d, \u00a0en \u00a0su \u00a0art\u00edculo primero lo dividi\u00f3 en Circuitos, para fijar la \u00a0competencia \u00a0territorial \u00a0de \u00a0los \u00a0jueces \u00a0penales \u00a0del circuito especializados, \u00a0as\u00ed: \u00a0\u00a0<\/p>\n<p>Con \u00a0relaci\u00f3n \u00a0al \u00a0Distrito \u00a0Judicial \u00a0de \u00a0Antioquia, \u00a0 \u00a0 se\u00f1al\u00f3 \u00a0 \u00a0que \u00a0 \u00a0comprend\u00eda \u00a0 \u00a0el \u00a0\u201cCircuito \u00a0 \u00a0 \u00a0Penal \u00a0 \u00a0 \u00a0Especializado \u00a0 \u00a0 \u00a0de \u00a0Antioquia, \u00a0cuya \u00a0cabecera es la ciudad de Medell\u00edn, con competencia sobre los \u00a0municipios \u00a0que \u00a0conforman \u00a0el \u00a0Distrito \u00a0Judicial \u00a0de \u00a0Antioquia\u201d. \u00a0\u00a0<\/p>\n<p>Y, en lo concerniente al Distrito Judicial de \u00a0Medell\u00edn, \u00a0indic\u00f3 que comprend\u00eda el \u201cCircuito \u00a0 \u00a0 Penal \u00a0 \u00a0 Especializado \u00a0 \u00a0de \u00a0 \u00a0Medell\u00edn, \u00a0 \u00a0cuya \u00a0cabecera \u00a0es \u00a0la \u00a0ciudad \u00a0del mismo nombre, con competencia sobre los municipios \u00a0que conforman el Distrito Judicial de Medell\u00edn\u201d. \u00a0\u00a0<\/p>\n<p>De \u00a0otro \u00a0lado, \u00a0seg\u00fan \u00a0lo \u00a0se\u00f1alado en el \u00a0art\u00edculo \u00a0 44 \u00a0\u00eddem, \u00a0las \u00a0\u00fanicas \u00a0excepciones \u00a0a \u00a0la \u00a0competencia \u00a0territorial se presentan &#8220;cuando \u00a0en \u00a0el \u00a0lugar \u00a0en \u00a0que debiera adelantarse la actuaci\u00f3n no \u00a0haya \u00a0juez, \u00a0o \u00a0el \u00a0juez \u00a0\u00fanico \u00a0o \u00a0todos \u00a0los \u00a0jueces \u00a0disponibles se hallaren \u00a0impedidos&#8221;, \u00a0pues \u00a0en tales casos le corresponde a las \u00a0Salas \u00a0Administrativas \u00a0del \u00a0Consejo \u00a0Superior \u00a0de la Judicatura, o los Consejos \u00a0Seccionales, \u00a0seg\u00fan \u00a0su \u00a0competencia, \u00a0ordenar \u00a0el \u00a0traslado \u00a0de \u00a0un \u00a0juez \u00a0que \u00a0razonablemente \u00a0se considere m\u00e1s pr\u00f3ximo para que atienda las diligencias o el \u00a0desarrollo \u00a0del \u00a0proceso, \u00a0siempre \u00a0y \u00a0cuando \u00a0se \u00a0respeten \u00a0los \u00a0principios \u00a0de \u00a0concentraci\u00f3n, \u00a0 eficacia, \u00a0 menor \u00a0 costo \u00a0 del \u00a0servicio \u00a0de \u00a0la \u00a0justicia \u00a0e \u00a0inmediaci\u00f3n; \u00a0y \u00a0la \u00a0designaci\u00f3n \u00a0recaiga \u00a0en funcionario de igual categor\u00eda; \u00a0todo \u00a0lo \u00a0cual \u00a0deber\u00e1 \u00a0informarse de inmediato a la Sala Penal de la Corte y a \u00a0los dem\u00e1s funcionarios interesados en el asunto. \u00a0\u00a0<\/p>\n<p>Como no es ese el caso, el conocimiento para \u00a0fallar \u00a0este \u00a0asunto, \u00a0como \u00a0ya \u00a0se \u00a0anunci\u00f3, \u00a0corresponde \u00a0a un Juez Penal del \u00a0Circuito \u00a0Especializado \u00a0de \u00a0Antioquia, \u00a0adscrito al Distrito Judicial del mismo \u00a0nombre, a cuyo reparto se remitir\u00e1 el expediente. \u00a0\u00a0<\/p>\n<p>No \u00a0sobra \u00a0acotar, \u00a0para \u00a0finalizar, \u00a0que si \u00a0factores \u00a0como \u00a0el \u00a0de \u00a0la definici\u00f3n competencia, dependen de aspectos vitales \u00a0tales \u00a0 como \u00a0 el \u00a0 de \u00a0 saber \u00a0 d\u00f3nde \u00a0 ocurrieron \u00a0 los \u00a0hechos \u00a0\u2013lo \u00a0que \u00a0en este caso asoma evidente-, \u00a0lo \u00a0m\u00ednimo \u00a0que puede pedirse de la Fiscal\u00eda al momento de elaborar el escrito \u00a0de \u00a0acusaci\u00f3n, \u00a0es \u00a0definir \u00a0adecuadamente este y otros t\u00f3picos trascendentes, \u00a0para \u00a0 que \u00a0 as\u00ed \u00a0 se \u00a0 pueda \u00a0 adelantar \u00a0 sin \u00a0 sobresaltos \u00a0 la \u00a0 etapa \u00a0del \u00a0juicio. \u00a0\u00a0<\/p>\n<p>En \u00a0m\u00e9rito \u00a0a \u00a0lo expuesto, la CORTE \u00a0SUPREMA \u00a0DE \u00a0JUSTICIA, \u00a0Sala \u00a0de \u00a0Casaci\u00f3n Penal, \u00a0\u00a0<\/p>\n<p>R E S U E L V E \u00a0<\/p>\n<p>ASIGNAR \u00a0 \u00a0el \u00a0conocimiento \u00a0 para \u00a0 impulsar \u00a0 este \u00a0 juicio, \u00a0 al \u00a0Juez \u00a0Penal \u00a0del \u00a0Circuito \u00a0Especializado \u00a0de \u00a0Antioquia, \u00a0a \u00a0cuyo reparto se ordena remitir inmediatamente, \u00a0conforme \u00a0 con \u00a0 las \u00a0 motivaciones \u00a0 plasmadas \u00a0 en \u00a0 el \u00a0cuerpo \u00a0del \u00a0presente \u00a0prove\u00eddo. \u00a0\u00a0<\/p>\n<p>De \u00a0esta \u00a0determinaci\u00f3n \u00a0se \u00a0dar\u00e1 aviso al \u00a0Juzgado 2\u00b0 Penal del Circuito Especializado de Medell\u00edn. \u00a0\u00a0<\/p>\n<p>Contra \u00a0esta \u00a0decisi\u00f3n \u00a0no \u00a0procede recurso \u00a0alguno. \u00a0\u00a0<\/p>\n<p>C\u00famplase. \u00a0<\/p>\n<p>JOS\u00c9 LEONIDAS BUSTOS MART\u00cdNEZ \u00a0<\/p>\n<p>JOS\u00c9 \u00a0LUIS \u00a0BARCEL\u00d3 \u00a0CAMACHO \u00a0\u00a0 \u00a0\u00a0 \u00a0\u00a0 \u00a0\u00a0 \u00a0\u00a0 \u00a0\u00a0 \u00a0 \u00a0\u00a0 \u00a0 \u00a0FERNANDO \u00a0 ALBERTO \u00a0 CASTRO \u00a0CABALLERO \u00a0\u00a0<\/p>\n<p>MARIA \u00a0 \u00a0 DEL \u00a0 \u00a0ROSARIO \u00a0 \u00a0GONZ\u00c1LEZ \u00a0MU\u00d1OZ \u00a0 \u00a0 \u00a0 \u00a0 \u00a0\u00a0 \u00a0\u00a0LUIS GUILLERMO SALAZAR OTERO \u00a0\u00a0<\/p>\n<p>JULIO \u00a0ENRIQUE \u00a0SOCHA SALAMANCA \u00a0\u00a0 \u00a0\u00a0 \u00a0\u00a0 \u00a0\u00a0 \u00a0\u00a0 \u00a0\u00a0 \u00a0 \u00a0 \u00a0 \u00a0JAVIER \u00a0 DE \u00a0 JES\u00daS \u00a0ZAPATA \u00a0ORTIZ \u00a0\u00a0<\/p>\n<p>Nubia Yolanda Nova Garc\u00eda \u00a0<\/p>\n<p>Secretaria \u00a0 \u00a0<\/p>\n<p><\/p>\n","protected":false},"excerpt":{"rendered":"<p>\u00a0 \u00a0 CORTE SUPREMA DE JUSTICIA \u00a0 SALA DE CASACION PENAL \u00a0 Magistrado Ponente: \u00a0 Dr. JOS\u00c9 LUIS BARCEL\u00d3 CAMACHO \u00a0 Aprobado Acta No. 299. \u00a0 Bogot\u00e1, \u00a0D.C., \u00a0trece \u00a0de \u00a0agosto de dos mil \u00a0doce. \u00a0\u00a0 V I S T O S \u00a0 Conforme \u00a0a lo reglado en el numeral 4\u00b0 del \u00a0art\u00edculo \u00a032 \u00a0de [&hellip;]<\/p>\n","protected":false},"author":1,"featured_media":0,"comment_status":"open","ping_status":"open","sticky":false,"template":"","format":"standard","meta":{"footnotes":""},"categories":[20],"tags":[],"class_list":["post-25006","post","type-post","status-publish","format-standard","hentry","category-20"],"_links":{"self":[{"href":"https:\/\/dmsjuridica.com\/buscador_20179478954\/salapenalcronologico20230723\/wp-json\/wp\/v2\/posts\/25006","targetHints":{"allow":["GET"]}}],"collection":[{"href":"https:\/\/dmsjuridica.com\/buscador_20179478954\/salapenalcronologico20230723\/wp-json\/wp\/v2\/posts"}],"about":[{"href":"https:\/\/dmsjuridica.com\/buscador_20179478954\/salapenalcronologico20230723\/wp-json\/wp\/v2\/types\/post"}],"author":[{"embeddable":true,"href":"https:\/\/dmsjuridica.com\/buscador_20179478954\/salapenalcronologico20230723\/wp-json\/wp\/v2\/users\/1"}],"replies":[{"embeddable":true,"href":"https:\/\/dmsjuridica.com\/buscador_20179478954\/salapenalcronologico20230723\/wp-json\/wp\/v2\/comments?post=25006"}],"version-history":[{"count":0,"href":"https:\/\/dmsjuridica.com\/buscador_20179478954\/salapenalcronologico20230723\/wp-json\/wp\/v2\/posts\/25006\/revisions"}],"wp:attachment":[{"href":"https:\/\/dmsjuridica.com\/buscador_20179478954\/salapenalcronologico20230723\/wp-json\/wp\/v2\/media?parent=25006"}],"wp:term":[{"taxonomy":"category","embeddable":true,"href":"https:\/\/dmsjuridica.com\/buscador_20179478954\/salapenalcronologico20230723\/wp-json\/wp\/v2\/categories?post=25006"},{"taxonomy":"post_tag","embeddable":true,"href":"https:\/\/dmsjuridica.com\/buscador_20179478954\/salapenalcronologico20230723\/wp-json\/wp\/v2\/tags?post=25006"}],"curies":[{"name":"wp","href":"https:\/\/api.w.org\/{rel}","templated":true}]}}