{"id":24647,"date":"2023-09-12T17:22:26","date_gmt":"2023-09-12T17:22:26","guid":{"rendered":"https:\/\/dmsjuridica.com\/buscador_20179478954\/salapenalcronologico20230723\/2023\/09\/12\/3908212-09-12\/"},"modified":"2023-09-12T17:22:26","modified_gmt":"2023-09-12T17:22:26","slug":"3908212-09-12","status":"publish","type":"post","link":"https:\/\/dmsjuridica.com\/buscador_20179478954\/salapenalcronologico20230723\/2023\/09\/12\/3908212-09-12\/","title":{"rendered":"39082(12-09-12)"},"content":{"rendered":"\n<p>\u00a0 \u00a0 CORTE SUPREMA DE JUSTICIA \u00a0<\/p>\n<p>SALA DE CASACI\u00d3N PENAL \u00a0<\/p>\n<p>Magistrado \u00a0 \u00a0 \u00a0Ponente: \u00a0\u00a0<\/p>\n<p>FERNANDO ALBERTO CASTRO CABALLERO \u00a0<\/p>\n<p>Aprobado Acta No.343 \u00a0<\/p>\n<p>Bogot\u00e1, D. C., doce (12) de septiembre de dos \u00a0mil doce (2012). \u00a0\u00a0<\/p>\n<p>VISTOS: \u00a0<\/p>\n<p>Procede \u00a0la \u00a0Corte a emitir concepto sobre la \u00a0petici\u00f3n \u00a0de extradici\u00f3n del ciudadano colombiano Jos\u00e9 Samir Renter\u00eda Cuero, \u00a0elevada \u00a0 por \u00a0 el \u00a0 Gobierno \u00a0 de \u00a0 los \u00a0 Estados \u00a0 Unidos \u00a0 a \u00a0trav\u00e9s \u00a0de \u00a0su \u00a0Embajada. \u00a0\u00a0<\/p>\n<p>ANTECEDENTES: \u00a0\u00a0<\/p>\n<p>1.\u00a0 \u00a0Con \u00a0Nota \u00a0Verbal \u00a0No. \u00a00003 \u00a0del \u00a04 \u00a0de enero de 2012, la representaci\u00f3n diplom\u00e1tica del \u00a0Estado \u00a0requirente \u00a0dio \u00a0a conocer que Jos\u00e9 Samir Renter\u00eda Cuero es solicitado \u00a0para \u00a0comparecer en juicio \u201cpor delitos federales de \u00a0narc\u00f3ticos\u201d \u00a0ante la Corte Distrital de los Estados \u00a0Unidos \u00a0para \u00a0el Distrito Judicial Central de Florida, donde el 1\u00b0 de diciembre \u00a0de \u00a0 \u00a0 2011 \u00a0 \u00a0 le \u00a0 \u00a0 fue \u00a0 \u00a0dictada \u00a0 \u00a0la \u00a0 \u00a0acusaci\u00f3n \u00a0 \u00a0No. \u00a0 \u00a08:11-CR-604-T-24TBM, por cuyo medio se le \u00a0atribuyen los siguientes cargos: \u00a0\u00a0<\/p>\n<p>\u201c\u2014 \u00a0Cargo \u00a0Uno: Concierto para poseer con la intenci\u00f3n de distribuir \u00a0cinco \u00a0kilogramos \u00a0o \u00a0m\u00e1s \u00a0de \u00a0coca\u00edna a bordo de una embarcaci\u00f3n sujeta a la \u00a0jurisdicci\u00f3n \u00a0de \u00a0los Estados Unidos, lo cual es en contra de las disposiciones \u00a0del \u00a0T\u00edtulo \u00a046, Secci\u00f3n 70503 (a) (1) del C\u00f3digo de los Estados Unidos, todo \u00a0en \u00a0violaci\u00f3n \u00a0del \u00a0T\u00edtulo \u00a046, \u00a0Secciones \u00a070506 (a) y (b) del C\u00f3digo de los \u00a0Estados \u00a0Unidos; \u00a0del \u00a0T\u00edtulo \u00a021, Secci\u00f3n 960 (b) (1) (B) (ii) del C\u00f3digo de \u00a0los \u00a0Estados \u00a0Unidos \u00a0y del T\u00edtulo 18, Secci\u00f3n 3238 del C\u00f3digo de los Estados \u00a0Unidos. \u00a0\u00a0<\/p>\n<p>\u2014 \u00a0Cargos Dos: \u00a0Concierto \u00a0para \u00a0operar \u00a0y \u00a0embarcar \u00a0por \u00a0cualquier \u00a0medio \u00a0en una embarcaci\u00f3n \u00a0semi-sumergible, \u00a0sin \u00a0nacionalidad y con la intenci\u00f3n de evadir ser detectada, \u00a0todo \u00a0en \u00a0violaci\u00f3n del T\u00edtulo 18, Secciones 2285 (a) y (b) del C\u00f3digo de los \u00a0Estados Unidos. \u00a0\u00a0<\/p>\n<p>\u2014 Cargos Tres: \u00a0Concierto \u00a0para \u00a0distribuir \u00a0cinco \u00a0kilogramos o m\u00e1s de coca\u00edna, a sabiendas y \u00a0con \u00a0la \u00a0intenci\u00f3n \u00a0de que dicha sustancia ser\u00eda importada il\u00edcitamente hacia \u00a0los \u00a0Estados \u00a0Unidos, \u00a0lo cual es en contra de las disposiciones del T\u00edtulo 21, \u00a0Secci\u00f3n \u00a0959 \u00a0del C\u00f3digo de los Estados Unidos, todo en violaci\u00f3n del T\u00edtulo \u00a021, \u00a0Secciones \u00a0963 \u00a0y \u00a0960 (b) (1) (B) (ii) del C\u00f3digo de los Estados Unidos y \u00a0del T\u00edtulo 18, Secci\u00f3n 3238 del C\u00f3digo de los Estados Unidos\u201d. \u00a0\u00a0<\/p>\n<p>2.\u00a0 En orden a \u00a0formalizar \u00a0el \u00a0tr\u00e1mite de extradici\u00f3n, se aportaron los siguientes documentos \u00a0con \u00a0 su \u00a0 correspondiente \u00a0 autenticaci\u00f3n \u00a0 por \u00a0el \u00a0Gobierno \u00a0requirente, \u00a0la \u00a0traducci\u00f3n \u00a0necesaria \u00a0y \u00a0su \u00a0legalizaci\u00f3n \u00a0ante \u00a0el \u00a0Ministerio de Relaciones \u00a0Exteriores, seg\u00fan el caso: \u00a0\u00a0<\/p>\n<p>2.1.\u00a0 Las Notas \u00a0Verbales \u00a0n\u00fameros \u00a00003 \u00a0y \u00a01030 \u00a0del \u00a04 \u00a0de \u00a0enero \u00a0y \u00a0del \u00a09 de mayo de 2012, \u00a0respectivamente, \u00a0a trav\u00e9s de las cuales la Embajada de los Estados Unidos hizo \u00a0conocer la petici\u00f3n de extradici\u00f3n. \u00a0\u00a0<\/p>\n<p>En la primera de ellas, esa embajada inform\u00f3 \u00a0al \u00a0 Ministerio \u00a0de \u00a0Relaciones \u00a0Exteriores \u00a0que \u00a0Jos\u00e9 \u00a0Samir \u00a0Renter\u00eda \u00a0Cuero \u00a0\u201ces ciudadano de Colombia, nacido el 8 de noviembre \u00a0de \u00a01962, \u00a0en Colombia.\u00a0\u00a0\u00a0\u00a0 Es\u00a0\u00a0\u00a0\u00a0\u00a0 \u00a0portador\u00a0\u00a0\u00a0\u00a0\u00a0 de\u00a0\u00a0\u00a0\u00a0\u00a0 \u00a0la\u00a0\u00a0\u00a0\u00a0\u00a0 c\u00e9dula\u00a0\u00a0\u00a0\u00a0\u00a0 \u00a0colombiana No. 14.490.126\u201d. \u00a0\u00a0<\/p>\n<p>2.2.\u00a0 Copia de \u00a0la \u00a0acusaci\u00f3n No. 8:11-CR-604-T-24TBM, proferida el 1\u00b0 de diciembre de 2011 en \u00a0la \u00a0Corte \u00a0Distrital \u00a0de los Estados Unidos para el Distrito Judicial Central de \u00a0Florida contra el reclamado. \u00a0\u00a0<\/p>\n<p>2.3.\u00a0 \u00a0Reproducci\u00f3n \u00a0de \u00a0las \u00a0disposiciones penales del C\u00f3digo Federal de los Estados \u00a0Unidos, relevantes frente el presente caso. \u00a0\u00a0<\/p>\n<p>2.4.\u00a0 \u00a0Declaraciones \u00a0juradas de Christopher F. Murray, Fiscal Auxiliar de la Fiscal\u00eda \u00a0Federal \u00a0de \u00a0los \u00a0Estados Unidos para el Distrito Judicial Central de Florida, y \u00a0de \u00a0Douglas \u00a0F. \u00a0Liss, \u00a0Agente Especial de la Oficina Federal de Investigaciones \u00a0del mismo pa\u00eds, en apoyo de la solicitud de extradici\u00f3n. \u00a0\u00a0<\/p>\n<p>2.5.\u00a0\u00a0 \u00a0Duplicado \u00a0de \u00a0la \u00a0orden \u00a0de \u00a0arresto \u00a0proferida \u00a0por \u00a0la Corte Distrital de los \u00a0Estados \u00a0 Unidos \u00a0para \u00a0el \u00a0Distrito \u00a0Judicial \u00a0Central \u00a0de \u00a0Florida \u00a0contra \u00a0el \u00a0requerido. \u00a0\u00a0<\/p>\n<p>2.6.\u00a0 Informe de \u00a0la \u00a0consulta realizada a la Registradur\u00eda Nacional del Estado Civil de Colombia \u00a0respecto del solicitado. \u00a0\u00a0<\/p>\n<p>3.\u00a0\u00a0 \u00a0En \u00a0Colombia se realiz\u00f3 el siguiente tr\u00e1mite: \u00a0\u00a0<\/p>\n<p>3.1.\u00a0\u00a0 Con \u00a0oficio \u00a0DIAJI \u00a0\/GCE No. 0008 del 4 de enero de 2012, el Ministerio de Relaciones \u00a0Exteriores \u00a0remiti\u00f3 \u00a0a \u00a0la Fiscal\u00eda General de la Naci\u00f3n la Nota Diplom\u00e1tica \u00a0No. \u00a00003 \u00a0de \u00a0la \u00a0misma \u00a0fecha procedente de la Embajada de los Estados Unidos, \u00a0mediante \u00a0la \u00a0cual se pidi\u00f3 la captura con fines de extradici\u00f3n de Jos\u00e9 Samir \u00a0Renter\u00eda \u00a0Cuero \u00a0y, \u00a0el \u00a0ente \u00a0acusador, \u00a0mediante \u00a0Resoluci\u00f3n \u00a0del 2 de marzo \u00a0siguiente, emiti\u00f3 la orden respectiva. \u00a0\u00a0<\/p>\n<p>3.2.\u00a0 El 13 de \u00a0marzo \u00a0de \u00a02012, \u00a0fue aprehendido el requerido en la ciudad de Cali por miembros \u00a0de \u00a0la Polic\u00eda Nacional, quien se identific\u00f3 con la c\u00e9dula de ciudadan\u00eda No. \u00a014.490.126 expedida en el municipio de Buenaventura (Valle). \u00a0\u00a0<\/p>\n<p>3.3.\u00a0 \u00a0 El \u00a0Ministerio \u00a0de \u00a0Relaciones Exteriores, mediante oficio DIAJI\/GCE No. 1335 del 14 \u00a0de \u00a0mayo de 2012, env\u00edo las diligencias y la Nota Verbal No. 1030 del d\u00eda 9 de \u00a0igual \u00a0 mes \u00a0 y \u00a0 a\u00f1o \u00a0al \u00a0Viceministerio \u00a0de \u00a0Pol\u00edtica \u00a0Criminal \u00a0y \u00a0Justicia \u00a0Restaurativa \u00a0del \u00a0Ministerio de Justicia y del Derecho, a trav\u00e9s de la cual el \u00a0Gobierno \u00a0de los Estados Unidos formaliz\u00f3 la petici\u00f3n de extradici\u00f3n de Jos\u00e9 \u00a0Samir \u00a0Renter\u00eda Cuero. Adem\u00e1s, conceptu\u00f3 que \u201cpor \u00a0no \u00a0existir \u00a0tratado \u00a0aplicable \u00a0al \u00a0caso \u00a0en \u00a0menci\u00f3n, \u00a0es procedente obrar de \u00a0conformidad \u00a0 con \u00a0 el \u00a0ordenamiento \u00a0procesal \u00a0penal \u00a0colombiano\u201d. \u00a0\u00a0<\/p>\n<p>3.4.\u00a0 \u00a0En \u00a0el \u00a0citado \u00a0viceministerio \u00a0se determin\u00f3 que la documentaci\u00f3n allegada reun\u00eda los \u00a0requisitos \u00a0formales \u00a0exigidos en la normatividad procesal penal del pa\u00eds y por \u00a0ende \u00a0fue \u00a0remitida \u00a0a \u00a0la Corte con oficio No. OFI12-0007190-DVC-3000 del 18 de \u00a0mayo de 2012. \u00a0\u00a0<\/p>\n<p>3.5.\u00a0 Recibido \u00a0el \u00a0expediente \u00a0en \u00a0esta \u00a0Corporaci\u00f3n, \u00a0con \u00a0auto \u00a0del \u00a05 \u00a0de \u00a0julio de 2012 se \u00a0reconoci\u00f3 \u00a0personer\u00eda \u00a0adjetiva \u00a0a los abogados principal y suplente nombrados \u00a0por \u00a0el \u00a0requerido \u00a0Jos\u00e9 \u00a0Samir Renter\u00eda Cuero y se dispuso agotar el t\u00e9rmino \u00a0para \u00a0 pedir \u00a0 pruebas, \u00a0 sin \u00a0 que \u00a0 los \u00a0 intervinientes \u00a0 hicieran \u00a0 uso \u00a0del \u00a0mismo. \u00a0\u00a0<\/p>\n<p>3.6.\u00a0 \u00a0 Con \u00a0providencia \u00a0del \u00a015 \u00a0de \u00a0agosto de 2012, se orden\u00f3 correr el traslado previsto \u00a0para \u00a0alegar, \u00a0durante \u00a0el cual la representante del Ministerio P\u00fablico alleg\u00f3 \u00a0escrito en los siguientes t\u00e9rminos: \u00a0\u00a0<\/p>\n<p>Inicialmente \u00a0precisa \u00a0el \u00a0alcance \u00a0del \u00a0Acto \u00a0Legislativo \u00a0No. \u00a001 \u00a0de \u00a01997 \u00a0y \u00a0despu\u00e9s \u00a0recuerda \u00a0los \u00a0requisitos \u00a0para \u00a0la \u00a0procedencia \u00a0de \u00a0la \u00a0extradici\u00f3n, \u00a0tras \u00a0lo \u00a0cual expresa que la documentaci\u00f3n \u00a0allegada \u00a0por \u00a0el \u00a0pa\u00eds \u00a0requirente cuenta con su correspondiente traducci\u00f3n y \u00a0autenticaci\u00f3n \u00a0por \u00a0v\u00eda \u00a0diplom\u00e1tica, \u00a0por \u00a0lo \u00a0que estima que es formalmente \u00a0v\u00e1lida. \u00a0\u00a0<\/p>\n<p>En lo que tiene que ver con la demostraci\u00f3n \u00a0plena \u00a0de \u00a0la \u00a0identidad del solicitado, sostiene que la documentaci\u00f3n acopiada \u00a0indica \u00a0que el requerido es el ciudadano colombiano Jos\u00e9 Samir Renter\u00eda Cuero, \u00a0el \u00a0cual \u00a0coincide \u00a0con \u00a0la persona que fue capturada con fines de extradici\u00f3n, \u00a0circunstancia \u00a0 \u00a0que \u00a0 \u00a0incluso \u00a0 \u00a0no \u00a0 \u00a0ha \u00a0 \u00a0sido \u00a0 \u00a0cuestionada \u00a0 \u00a0por \u00a0 \u00a0los \u00a0intervinientes. \u00a0\u00a0<\/p>\n<p>Frente \u00a0 al \u00a0 requisito \u00a0 de \u00a0 la \u00a0 doble \u00a0incriminaci\u00f3n, \u00a0considera \u00a0que \u00e9ste tambi\u00e9n se satisface, por cuanto hecha la \u00a0confrontaci\u00f3n \u00a0entre \u00a0las \u00a0conductas que motivan la petici\u00f3n de extradici\u00f3n y \u00a0nuestra \u00a0legislaci\u00f3n, \u00a0se \u00a0puede concluir que tales comportamientos constituyen \u00a0delito, \u00a0pues \u00a0encuentran \u00a0adecuaci\u00f3n \u00a0t\u00edpica \u00a0en los art\u00edculos 340 y 376 del \u00a0C\u00f3digo \u00a0Penal, \u00a0los \u00a0cuales est\u00e1n sancionados con una pena m\u00ednima de prisi\u00f3n \u00a0superior a cuatro a a\u00f1os. \u00a0\u00a0<\/p>\n<p>En \u00a0relaci\u00f3n \u00a0con \u00a0la \u00a0equivalencia \u00a0de \u00a0la \u00a0providencia \u00a0proferida \u00a0en \u00a0el extranjero, estima que este requisito tambi\u00e9n se \u00a0cumple, \u00a0 \u00a0en \u00a0 \u00a0consideraci\u00f3n \u00a0 a \u00a0 que \u00a0 la \u00a0 acusaci\u00f3n \u00a0 No. \u00a0 8:11-CR-604-T-24TBM \u00a0emitida \u00a0en el pa\u00eds \u00a0requirente \u00a0por \u00a0la \u00a0Corte \u00a0Distrital \u00a0de \u00a0los \u00a0Estados \u00a0Unidos para el Distrito \u00a0Judicial \u00a0 \u00a0 Central \u00a0 \u00a0 de \u00a0 \u00a0 Florida, \u00a0 \u00a0 responde \u00a0 \u00a0a \u00a0 \u00a0la \u00a0 \u00a0\u201cresoluci\u00f3n \u00a0 de \u00a0 acusaci\u00f3n\u201d \u00a0del \u00a0ordenamiento \u00a0 jur\u00eddico \u00a0 colombiano, \u00a0 por \u00a0 cuanto \u00a0all\u00ed \u00a0se \u00a0consignan \u00a0los \u00a0comportamientos \u00a0 constitutivos \u00a0de \u00a0los \u00a0delitos \u00a0imputados, \u00a0la \u00a0fecha \u00a0de \u00a0su \u00a0ejecuci\u00f3n, \u00a0 la \u00a0 calidad \u00a0en \u00a0que \u00a0intervino \u00a0el \u00a0solicitado, \u00a0as\u00ed \u00a0como \u00a0las \u00a0disposiciones penales infringidas. \u00a0\u00a0<\/p>\n<p>Para terminar, reclama que el concepto de la \u00a0Sala \u00a0sea \u00a0favorable \u00a0a \u00a0la \u00a0solicitud \u00a0de extradici\u00f3n de Jos\u00e9 Samir Renter\u00eda \u00a0Cuero \u00a0y \u00a0que \u00a0se exhorte al Gobierno Nacional para que la entrega del requerido \u00a0est\u00e9 \u00a0condicionada a que solamente se le juzgue por las conductas que motivaron \u00a0la \u00a0extradici\u00f3n, y que de acuerdo con la Constituci\u00f3n Pol\u00edtica y los tratados \u00a0internaciones \u00a0sobre \u00a0derechos humanos ratificados por Colombia, no sea sometido \u00a0a \u00a0pena \u00a0de \u00a0muerte, \u00a0desaparici\u00f3n \u00a0forzada, \u00a0torturas, tratos o penas crueles, \u00a0inhumanas \u00a0o \u00a0degradantes, \u00a0como \u00a0tampoco \u00a0a \u00a0las \u00a0penas \u00a0de destierro, prisi\u00f3n \u00a0perpetua y confiscaci\u00f3n. \u00a0\u00a0<\/p>\n<p>Tambi\u00e9n solicita que la entrega de Renter\u00eda \u00a0Cuero \u00a0est\u00e9 \u00a0supeditada \u00a0a \u00a0que \u00a0se \u00a0le \u00a0respeten sus garant\u00edas procesales, se \u00a0asegure \u00a0su \u00a0retorno \u00a0al \u00a0pa\u00eds en condiciones dignas luego de serle resuelta la \u00a0situaci\u00f3n \u00a0jur\u00eddica y que se le permita tener contacto con sus familiares m\u00e1s \u00a0cercanos. \u00a0\u00a0<\/p>\n<p>CONCEPTO\u00a0\u00a0 \u00a0 \u00a0 DE\u00a0\u00a0 \u00a0LA\u00a0\u00a0 CORTE: \u00a0\u00a0<\/p>\n<p>1.\u00a0\u00a0 \u00a0 \u00a0 \u00a0 Aspectos\u00a0 \u00a0previos: \u00a0\u00a0<\/p>\n<p>1.1.\u00a0 Como de la \u00a0petici\u00f3n \u00a0de \u00a0extradici\u00f3n \u00a0formulada \u00a0por \u00a0el Gobierno de los Estados Unidos a \u00a0trav\u00e9s \u00a0de \u00a0su Embajada en Colombia y de los documentos aportados, se tiene que \u00a0los \u00a0comportamientos \u00a0atribuidos a Jos\u00e9 Samir Renter\u00eda Cuero habr\u00edan ocurrido \u00a0\u201cComenzando desde una fecha desconocida, la cual no \u00a0fue \u00a0despu\u00e9s \u00a0de \u00a02002, \u00a0hasta \u00a0la fecha de la Acusaci\u00f3n Formal\u201d1 No. \u00a08:11-CR-604-T-24TBM \u00a0del \u00a01\u00b0 de diciembre de 2011 y, a su vez, \u00a0en \u00a0la \u00a0Nota Verbal No. 1030 del 9 de mayo de 2012, por cuyo medio se formaliz\u00f3 \u00a0la \u00a0solicitud \u00a0de entrega, se indica la misma \u00e9poca y se a\u00f1ade que \u00a0\u201ctodas \u00a0las \u00a0acciones \u00a0adelantadas \u00a0por el acusado en este caso \u00a0fueron \u00a0realizadas \u00a0con \u00a0posterioridad al 17 de diciembre de 1997\u201d2, pero adem\u00e1s, \u00a0se \u00a0 \u00a0observa \u00a0 \u00a0que \u00a0 \u00a0Christopher \u00a0 \u00a0F. \u00a0 Murray3, \u00a0 Fiscal \u00a0 Auxiliar \u00a0 de \u00a0la \u00a0Fiscal\u00eda \u00a0Federal \u00a0de \u00a0los \u00a0Estados Unidos para el Distrito Judicial Central de \u00a0Florida, \u00a0 \u00a0 \u00a0 y \u00a0 \u00a0 \u00a0Douglas \u00a0 \u00a0 \u00a0F. \u00a0 \u00a0 \u00a0Liss4, Agente Especial de la Oficina \u00a0Federal \u00a0de \u00a0Investigaciones \u00a0de ese pa\u00eds, se pronunciaron en el mismo sentido; \u00a0de \u00a0all\u00ed \u00a0se sigue que las conductas por cuya ejecuci\u00f3n se acus\u00f3 al requerido \u00a0fueron \u00a0 cometidas \u00a0 con \u00a0posterioridad \u00a0a \u00a0la \u00a0entrada \u00a0en \u00a0vigencia \u00a0del \u00a0Acto \u00a0Legislativo \u00a0No. \u00a001 de 1997, modificatorio del art\u00edculo 35 de la Constituci\u00f3n \u00a0Pol\u00edtica, \u00a0 por \u00a0 tanto, \u00a0 no \u00a0 resulta \u00a0necesario \u00a0hacer \u00a0salvedad \u00a0alguna \u00a0al \u00a0respecto. \u00a0\u00a0<\/p>\n<p>1.2.\u00a0 \u00a0En \u00a0los \u00a0cargos \u00a0contenidos \u00a0en \u00a0la acusaci\u00f3n No. 8:11-CR-604-T-24TBM predicados a Jos\u00e9 \u00a0Samir \u00a0Renter\u00eda \u00a0Cuero, \u00a0se \u00a0indica \u00a0que \u00a0los actos a \u00e9l imputados se habr\u00edan \u00a0concretado \u00a0a \u00a0que \u00a0intencionalmente se concert\u00f3 con otras personas para operar \u00a0una \u00a0embarcaci\u00f3n \u00a0semisumergible con el prop\u00f3sito de evadir su detecci\u00f3n m\u00e1s \u00a0all\u00e1 \u00a0del \u00a0mar \u00a0territorial \u00a0de \u00a0un \u00a0solo \u00a0pa\u00eds, entrar a bordo de ese tipo de \u00a0embarcaci\u00f3n \u00a0a \u00a0la \u00a0jurisdicci\u00f3n \u00a0de los Estados Unidos a fin de poseer con la \u00a0intenci\u00f3n \u00a0de \u00a0distribuir \u00a0coca\u00edna, \u00a0as\u00ed como para distribuir dicha sustancia \u00a0conociendo que ser\u00eda importada il\u00edcitamente a la naci\u00f3n en cita. \u00a0\u00a0<\/p>\n<p>En esa medida, en cualquiera de las hip\u00f3tesis \u00a0establecidas \u00a0por la jurisprudencia y la doctrina como criterios para determinar \u00a0el \u00a0lugar \u00a0de \u00a0ocurrencia del hecho, tales como: (i) el sitio de realizaci\u00f3n de \u00a0la \u00a0acci\u00f3n, seg\u00fan el cual el hecho se entiende cometido donde se llev\u00f3 a cabo \u00a0total \u00a0o parcialmente la exteriorizaci\u00f3n de la voluntad; (ii) la del resultado, \u00a0que \u00a0estima \u00a0realizado \u00a0el \u00a0hecho \u00a0donde \u00a0se produjo el efecto de la conducta y; \u00a0(iii) \u00a0la teor\u00eda mixta o de la ubicuidad, que considera cometido el hecho donde \u00a0se \u00a0efectu\u00f3 \u00a0la \u00a0acci\u00f3n \u00a0de \u00a0manera total o parcial, como tambi\u00e9n en el sitio \u00a0donde \u00a0se \u00a0produjo \u00a0o \u00a0debi\u00f3 materializarse el resultado; la Sala encuentra que \u00a0las \u00a0conductas \u00a0atribuidas ante la Corte Distrital de los Estados Unidos para el \u00a0Distrito \u00a0Judicial \u00a0Central de Florida a Jos\u00e9 Samir Renter\u00eda Cuero traspasaron \u00a0las \u00a0 fronteras \u00a0 colombianas, \u00a0 por \u00a0lo \u00a0cual \u00a0se \u00a0satisface \u00a0la \u00a0condicionante \u00a0constitucional \u00a0de \u00a0que \u00a0el hecho se haya cometido en el exterior del territorio \u00a0nacional. \u00a0\u00a0<\/p>\n<p>1.3.\u00a0 \u00a0Es \u00a0del \u00a0caso \u00a0advertir \u00a0que \u00a0los \u00a0delitos \u00a0que \u00a0sirven \u00a0de \u00a0fundamento a la solicitud de \u00a0extradici\u00f3n \u00a0no \u00a0revisten \u00a0el car\u00e1cter de pol\u00edticos o de opini\u00f3n, por cuanto \u00a0aluden \u00a0a \u00a0que \u00a0el \u00a0requerido \u00a0se \u00a0habr\u00eda \u00a0concertado \u00a0il\u00edcitamente \u00a0con otras \u00a0personas \u00a0con \u00a0el \u00a0\u00e1nimo \u00a0de cometer conductas punibles en busca de un provecho \u00a0particular \u00a0y \u00a0en \u00a0contra \u00a0de la salud p\u00fablica, por ende, tambi\u00e9n se cumple la \u00a0exigencia que en tal sentido contempla el art\u00edculo 35 Superior. \u00a0\u00a0<\/p>\n<p>2.\u00a0\u00a0 \u00a0 Cuesti\u00f3n\u00a0 \u00a0 de\u00a0 \u00a0fondo: \u00a0\u00a0<\/p>\n<p>Aspectos\u00a0 Generales: \u00a0<\/p>\n<p>Dentro \u00a0del \u00a0tr\u00e1mite \u00a0de \u00a0extradici\u00f3n \u00a0la \u00a0competencia \u00a0de \u00a0la \u00a0Corte \u00a0se \u00a0contrae a emitir concepto sobre la viabilidad de \u00a0entregar \u00a0o \u00a0no \u00a0a la persona solicitada por un Gobierno extranjero, despu\u00e9s de \u00a0examinar \u00a0los aspectos a que aluden los art\u00edculos 493, 495 y 502 del C\u00f3digo de \u00a0Procedimiento \u00a0 \u00a0 \u00a0 \u00a0 \u00a0 \u00a0 \u00a0 \u00a0 \u00a0Penal5. \u00a0\u00a0<\/p>\n<p>De \u00a0otra \u00a0parte, \u00a0debido \u00a0a \u00a0que \u00a0seg\u00fan \u00a0lo \u00a0expresado \u00a0por \u00a0el \u00a0Ministerio de Relaciones Exteriores frente a este asunto, no \u00a0existe \u00a0tratado \u00a0de \u00a0extradici\u00f3n \u00a0aplicable \u00a0entre \u00a0los \u00a0Estados \u00a0Unidos \u00a0y \u00a0la \u00a0Rep\u00fablica \u00a0de \u00a0Colombia, \u00a0el \u00a0concepto \u00a0ha \u00a0de fundamentarse en lo dispuesto en \u00a0nuestro \u00a0C\u00f3digo \u00a0de \u00a0Procedimiento \u00a0Penal \u00a0y, \u00a0por ello, corresponde a la Sala, \u00a0acorde \u00a0con \u00a0lo \u00a0preceptuado en el art\u00edculo 502 del referido estatuto, realizar \u00a0el \u00a0an\u00e1lisis \u00a0sobre: (i) la validez formal de la documentaci\u00f3n allegada por el \u00a0pa\u00eds \u00a0requirente; \u00a0(ii) \u00a0la \u00a0demostraci\u00f3n \u00a0plena de la identidad de la persona \u00a0solicitada; \u00a0(iii) \u00a0la \u00a0concurrencia de la doble incriminaci\u00f3n, esto es, que el \u00a0hecho \u00a0que \u00a0motiva \u00a0la \u00a0solicitud \u00a0de extradici\u00f3n tanto en el Estado reclamante \u00a0como \u00a0en \u00a0Colombia sea delito y adem\u00e1s que la legislaci\u00f3n nacional lo sancione \u00a0con \u00a0pena \u00a0privativa \u00a0de la libertad cuyo m\u00ednimo no sea inferior a cuatro a\u00f1os \u00a0y; \u00a0(iv) \u00a0respecto \u00a0de \u00a0la \u00a0equivalencia \u00a0que \u00a0debe existir entre la providencia \u00a0proferida \u00a0 en \u00a0 el \u00a0 extranjero \u00a0 y \u00a0\u2014por \u00a0lo \u00a0menos\u2014 \u00a0la acusaci\u00f3n del sistema procesal interno. \u00a0\u00a0<\/p>\n<p>En \u00a0relaci\u00f3n con cada uno de tales aspectos, \u00a0se tiene: \u00a0\u00a0<\/p>\n<p>2.1.\u00a0 \u00a0Validez\u00a0 \u00a0 \u00a0formal\u00a0 \u00a0 \u00a0de\u00a0 \u00a0 la\u00a0 \u00a0documentaci\u00f3n\u00a0 presentada: \u00a0\u00a0<\/p>\n<p>De \u00a0acuerdo con lo consagrado en el art\u00edculo \u00a0495 \u00a0de \u00a0la Ley 906 de 2004, la solicitud de extradici\u00f3n debe efectuarse por la \u00a0v\u00eda \u00a0diplom\u00e1tica \u00a0y, \u00a0de \u00a0manera \u00a0excepcional, por la consular o de gobierno a \u00a0gobierno, \u00a0adjuntando copia aut\u00e9ntica del fallo o de la acusaci\u00f3n proferida en \u00a0el \u00a0extranjero, \u00a0con \u00a0indicaci\u00f3n de los actos que determinan la petici\u00f3n, as\u00ed \u00a0como \u00a0del \u00a0lugar \u00a0y \u00a0fecha \u00a0en \u00a0que \u00a0fueron \u00a0ejecutados, \u00a0los datos que permitan \u00a0establecer \u00a0la \u00a0plena \u00a0identidad \u00a0del \u00a0reclamado \u00a0y \u00a0la \u00a0copia aut\u00e9ntica de las \u00a0disposiciones \u00a0penales aplicables al caso, documentos que deben ser expedidos en \u00a0la \u00a0forma \u00a0prevista \u00a0en \u00a0la \u00a0legislaci\u00f3n \u00a0del \u00a0pa\u00eds requirente y traducidos al \u00a0castellano, de ser necesario. \u00a0\u00a0<\/p>\n<p>Por \u00a0tanto, \u00a0la \u00a0revisi\u00f3n \u00a0sobre \u00a0la validez \u00a0formal \u00a0de \u00a0la \u00a0documentaci\u00f3n, apunta a verificar que los soportes con apoyo en \u00a0los \u00a0cuales \u00a0el \u00a0Estado \u00a0reclamante \u00a0solicita \u00a0la \u00a0entrega \u00a0de \u00a0una \u00a0persona \u00a0en \u00a0extradici\u00f3n, se sujeten a las referidas exigencias formales. \u00a0\u00a0<\/p>\n<p>En \u00a0este sentido, encuentra la Sala que dicho \u00a0presupuesto \u00a0fue \u00a0observado por el Gobierno de los Estados Unidos al demandar la \u00a0extradici\u00f3n \u00a0del \u00a0ciudadano colombiano Jos\u00e9 Samir Renter\u00eda Cuero por conducto \u00a0de su embajada. \u00a0\u00a0<\/p>\n<p>En \u00a0efecto, \u00a0la solicitud se hizo por la v\u00eda \u00a0diplom\u00e1tica \u00a0 y \u00a0 a \u00a0 ella \u00a0 se \u00a0 acompa\u00f1\u00f3 \u00a0 copia \u00a0 de \u00a0 la \u00a0acusaci\u00f3n \u00a0No. \u00a08:11-CR-604-T-24TBM \u00a0dictada \u00a0el \u00a01\u00b0 de diciembre de 2011 en la Corte Distrital \u00a0de \u00a0los \u00a0Estados \u00a0Unidos para el Distrito Judicial Central de Florida, decisi\u00f3n \u00a0donde \u00a0se \u00a0indican \u00a0los \u00a0actos que sustentan la petici\u00f3n de entrega, el lugar y \u00a0las \u00a0fechas \u00a0de \u00a0su \u00a0ejecuci\u00f3n, \u00a0mientras \u00a0que \u00a0en los restantes documentos son \u00a0precisados \u00a0tales datos y se ofrece la informaci\u00f3n necesaria para establecer la \u00a0plena identidad de la persona requerida. \u00a0\u00a0<\/p>\n<p>Esto \u00a0se corrobora al confrontar el contenido \u00a0de \u00a0las \u00a0declaraciones \u00a0juradas \u00a0de Christopher F. Murray, Fiscal Auxiliar de la \u00a0Fiscal\u00eda \u00a0Federal \u00a0de \u00a0los \u00a0Estados Unidos para el Distrito Judicial Central de \u00a0Florida, \u00a0y \u00a0de \u00a0Douglas \u00a0F. \u00a0Liss, \u00a0Agente \u00a0Especial \u00a0de \u00a0la Oficina Federal de \u00a0Investigaciones, \u00a0 quienes \u00a0rese\u00f1an \u00a0los \u00a0pormenores \u00a0de \u00a0la \u00a0investigaci\u00f3n \u00a0y \u00a0posterior \u00a0acusaci\u00f3n, la relaci\u00f3n de los cargos y la normatividad aplicable al \u00a0caso, la cual est\u00e1 contenida en el C\u00f3digo Federal de dicho pa\u00eds. \u00a0\u00a0<\/p>\n<p>Los \u00a0anteriores \u00a0documentos \u00a0a su vez obran certificados y autenticados \u00a0por \u00a0las \u00a0autoridades \u00a0del \u00a0Estado requirente y est\u00e1n traducidos al castellano. \u00a0Adem\u00e1s, \u00a0aparece \u00a0la \u00a0refrendaci\u00f3n efectuada por la Vicec\u00f3nsul de Colombia en \u00a0Washington, \u00a0D.C., \u00a0cuya \u00a0firma fue abonada por la Oficina de Legalizaciones del \u00a0Ministerio \u00a0de \u00a0Relaciones \u00a0Exteriores, \u00a0lo que, de conformidad con el art\u00edculo \u00a0259 \u00a0del \u00a0C\u00f3digo \u00a0de \u00a0Procedimiento \u00a0Civil, permite suponer que se otorgaron de \u00a0acuerdo con las leyes del pa\u00eds solicitante. \u00a0\u00a0<\/p>\n<p>Este \u00a0 \u00a0requisito, \u00a0 \u00a0por \u00a0 \u00a0tanto, \u00a0 se \u00a0satisface. \u00a0\u00a0<\/p>\n<p>2.2.\u00a0 \u00a0Plena\u00a0 \u00a0 identidad\u00a0 \u00a0entre\u00a0 \u00a0el\u00a0 \u00a0reclamado\u00a0 \u00a0 en \u00a0extradici\u00f3n \u00a0y\u00a0 \u00a0el\u00a0 \u00a0aprehendido\u00a0 con\u00a0 tal\u00a0 finalidad: \u00a0\u00a0<\/p>\n<p>Esta \u00a0exigencia \u00a0se \u00a0contrae \u00a0a constatar la \u00a0coincidencia \u00a0que \u00a0debe \u00a0existir \u00a0entre \u00a0la \u00a0persona \u00a0solicitada \u00a0por \u00a0el Estado \u00a0requirente \u00a0y la aprehendida con fines de extradici\u00f3n, por lo cual es bajo este \u00a0contexto \u00a0que \u00a0corresponde \u00a0analizar \u00a0a \u00a0la \u00a0Corte \u00a0la \u201cidentificaci\u00f3n\u201d del \u00a0ciudadano reclamado. \u00a0\u00a0<\/p>\n<p>Al \u00a0 efecto \u00a0 se \u00a0tiene \u00a0que \u00a0en \u00a0la \u00a0Nota \u00a0Diplom\u00e1tica \u00a0No. \u00a00003 \u00a0del \u00a04 \u00a0de \u00a0enero de 2012 de la Embajada de los Estados \u00a0Unidos, \u00a0por \u00a0cuyo medio se solicit\u00f3 la detenci\u00f3n con fines de extradici\u00f3n de \u00a0Jos\u00e9 \u00a0Samir Renter\u00eda Cuero, se inform\u00f3 al Ministerio de Relaciones Exteriores \u00a0que \u00a0la \u00a0persona \u00a0requerida naci\u00f3 el 8 de noviembre de 1962 en Colombia y es la \u00a0titular de la c\u00e9dula de ciudadan\u00eda No. 14.490.126. \u00a0\u00a0<\/p>\n<p>Ahora, \u00a0de \u00a0la \u00a0documentaci\u00f3n \u00a0reunida \u00a0en \u00a0Colombia \u00a0se \u00a0infiere \u00a0que \u00a0se \u00a0trata \u00a0de \u00a0la \u00a0misma persona a que alude aquella \u00a0petici\u00f3n, \u00a0pues \u00a0incluso \u00a0el \u00a013 de marzo de 2012, d\u00eda en el que el solicitado \u00a0fue \u00a0 capturado, \u00a0 se \u00a0 le \u00a0 practic\u00f3 \u00a0cotejo \u00a0decadactilar \u00a0confirm\u00e1ndose \u00a0la \u00a0coincidencia \u00a0con \u00a0la \u00a0identificaci\u00f3n \u00a0del \u00a0individuo \u00a0reclamado \u00a0por \u00a0el pa\u00eds \u00a0extranjero. \u00a0\u00a0<\/p>\n<p>En \u00a0esa medida, este requisito, al igual que \u00a0el anterior, tambi\u00e9n se cumple. \u00a0\u00a0<\/p>\n<p>2.3.\u00a0\u00a0 \u00a0Principio\u00a0 \u00a0 \u00a0de\u00a0 \u00a0 la\u00a0 \u00a0 doble\u00a0 \u00a0incriminaci\u00f3n: \u00a0\u00a0<\/p>\n<p>De acuerdo con lo estipulado en el art\u00edculo \u00a0493 \u00a0de \u00a0la \u00a0Ley 906 de 2004, para conceder la extradici\u00f3n es indispensable que \u00a0el \u00a0hecho que la motiva est\u00e9 previsto en Colombia como delito y que el mismo se \u00a0encuentre \u00a0reprimido \u00a0con \u00a0una sanci\u00f3n privativa de la libertad cuyo m\u00ednimo no \u00a0sea inferior a cuatro a\u00f1os. \u00a0\u00a0<\/p>\n<p>En \u00a0este \u00a0sentido, se tiene que el ciudadano \u00a0colombiano \u00a0Jos\u00e9 \u00a0Samir \u00a0Renter\u00eda \u00a0Cuero \u00a0es \u00a0requerido para que comparezca en \u00a0juicio \u00a0ante \u00a0la Corte Distrital de los Estados Unidos para el Distrito Judicial \u00a0Central \u00a0de \u00a0Florida,\u00a0 \u00a0donde\u00a0 es\u00a0 objeto\u00a0 de\u00a0 la\u00a0 \u00a0acusaci\u00f3n \u00a0No. \u00a08:11-CR-604-T-24TBM \u00a0dictada \u00a0el \u00a01\u00b0 \u00a0de \u00a0diciembre \u00a0de \u00a02011, \u00a0mediante la cual se le imputa: \u00a0\u00a0<\/p>\n<p>\u201cCARGO \u00a0UNO \u00a0\u00a0<\/p>\n<p>Comenzando en una fecha desconocida, la cual \u00a0no \u00a0fue \u00a0despu\u00e9s \u00a0de \u00a0diciembre de 2002, hasta la fecha de la acusaci\u00f3n formal \u00a0presente, \u00a0o \u00a0alrededor \u00a0de \u00a0esa \u00a0fecha, con el Distrito Central de Florida como \u00a0lugar en el cual el acusado entr\u00f3 a los Estados Unidos, \u00a0\u00a0<\/p>\n<p>Jos\u00e9 Samir Renter\u00eda Cuero\u2026 \u00a0<\/p>\n<p>el \u00a0acusado \u00a0en \u00a0el presente documento, con \u00a0conocimiento \u00a0e \u00a0intencionalmente \u00a0se combin\u00f3, confabul\u00f3, confeder\u00f3 y acord\u00f3 \u00a0con \u00a0otras \u00a0personas, \u00a0conocidas \u00a0y desconocidas por el Gran Jurado, incluso con \u00a0personas \u00a0que \u00a0estuvieron \u00a0a bordo de una embarcaci\u00f3n sujeta a la jurisdicci\u00f3n \u00a0de \u00a0los \u00a0Estados \u00a0Unidos, \u00a0y \u00a0quien \u00a0entr\u00f3 a los Estados Unidos en un punto del \u00a0Distrito \u00a0Central \u00a0de Florida, para poseer con la intenci\u00f3n de distribuir cinco \u00a0(5) \u00a0kilogramos \u00a0o \u00a0m\u00e1s \u00a0de \u00a0una \u00a0mezcla y sustancia que conten\u00eda una cantidad \u00a0detectable \u00a0de coca\u00edna, una sustancia controlada de la Lista II, a bordo de una \u00a0embarcaci\u00f3n \u00a0sujeta a la jurisdicci\u00f3n de los Estados Unidos, en contravenci\u00f3n \u00a0de \u00a0las disposiciones de la Secci\u00f3n 70503 (a) (1) del T\u00edtulo 46 del C\u00f3digo de \u00a0los Estados Unidos. \u00a0\u00a0<\/p>\n<p>Todo en contravenci\u00f3n de la Secci\u00f3n 70506 \u00a0(a) \u00a0y \u00a0(b) \u00a0del T\u00edtulo 46 del C\u00f3digo de los Estados Unidos; y la Secci\u00f3n 960 \u00a0(b) \u00a0(1) \u00a0(B) \u00a0(ii) \u00a0del \u00a0T\u00edtulo \u00a021 \u00a0del \u00a0C\u00f3digo \u00a0de los Estados Unidos, y la \u00a0Secci\u00f3n 3238 del T\u00edtulo 18 del C\u00f3digo de los Estados Unidos. \u00a0\u00a0<\/p>\n<p>CARGO DOS \u00a0<\/p>\n<p>Comenzando en una fecha desconocida, la cual \u00a0no \u00a0fue despu\u00e9s del 13 de octubre de 2008, y continuando hasta la fecha de esta \u00a0acusaci\u00f3n \u00a0formal, o alrededor de esa fecha, con el Distrito Central de Florida \u00a0siendo el lugar en el cual el acusado entr\u00f3 a los Estados Unidos, \u00a0\u00a0<\/p>\n<p>Jos\u00e9 Samir Renter\u00eda Cuero\u2026 \u00a0<\/p>\n<p>el \u00a0acusado \u00a0en \u00a0el presente documento, con \u00a0conocimiento \u00a0e \u00a0intencionalmente \u00a0se \u00a0combin\u00f3, \u00a0confabul\u00f3 y acord\u00f3 con otras \u00a0personas, \u00a0conocidas y desconocidas por el Gran Jurado, para operar y embarcarse \u00a0por \u00a0cualquier \u00a0medio \u00a0en una embarcaci\u00f3n semisumergible sin nacionalidad y con \u00a0la \u00a0intenci\u00f3n \u00a0de \u00a0evadir \u00a0la \u00a0detecci\u00f3n, \u00a0en aguas m\u00e1s all\u00e1 de los l\u00edmites \u00a0externos \u00a0del \u00a0mar \u00a0territorial \u00a0de \u00a0un \u00a0solo pa\u00eds o un l\u00edmite lateral del mar \u00a0territorial de dicho pa\u00eds con un pa\u00eds adyacente. \u00a0\u00a0<\/p>\n<p>Todo en contravenci\u00f3n de las Secciones 2285 \u00a0(a) y (b) del T\u00edtulo 18 del C\u00f3digo de los Estados Unidos. \u00a0\u00a0<\/p>\n<p>CARGO TRES \u00a0<\/p>\n<p>Comenzando en una fecha desconocida, la cual \u00a0no \u00a0fue \u00a0despu\u00e9s \u00a0de \u00a0diciembre \u00a0de \u00a02002, y continuando hasta la fecha de esta \u00a0acusaci\u00f3n, \u00a0o \u00a0alrededor de esa fecha, en el Distrito Central de Florida siendo \u00a0el lugar por el cual el acusado entr\u00f3 a los Estados Unidos, \u00a0\u00a0<\/p>\n<p>Jos\u00e9 Samir Renter\u00eda Cuero\u2026 \u00a0<\/p>\n<p>el \u00a0acusado \u00a0en \u00a0el presente documento, con \u00a0conocimiento \u00a0e \u00a0intencionalmente \u00a0se \u00a0combin\u00f3, \u00a0confabul\u00f3 y acord\u00f3 con otras \u00a0personas, \u00a0conocidas \u00a0y \u00a0desconocidas \u00a0por el Gran Jurado, para distribuir cinco \u00a0(5) \u00a0kilogramos \u00a0o \u00a0m\u00e1s \u00a0de \u00a0una \u00a0mezcla y sustancia que conten\u00eda una cantidad \u00a0detectable \u00a0 de \u00a0 coca\u00edna, \u00a0una \u00a0sustancia \u00a0controlada \u00a0de \u00a0la \u00a0Lista \u00a0II, \u00a0con \u00a0conocimiento \u00a0e intenci\u00f3n de que dicha sustancia se importar\u00eda il\u00edcitamente a \u00a0los \u00a0Estados \u00a0Unidos, \u00a0en contravenci\u00f3n de las disposiciones de la Secci\u00f3n 959 \u00a0del T\u00edtulo 21 del C\u00f3digo de los Estados Unidos. \u00a0\u00a0<\/p>\n<p>Todo en contravenci\u00f3n de las Secciones 963 \u00a0y \u00a0960 \u00a0(b) \u00a0(1) (B) (ii) del T\u00edtulo 21 del C\u00f3digo de los Estados Unidos, y la \u00a0Secci\u00f3n 3238 del T\u00edtulo 18 del C\u00f3digo de los Estados Unidos\u201d. \u00a0\u00a0<\/p>\n<p>Entonces, las conductas de haberse concertado \u00a0el \u00a0requerido \u00a0con \u00a0otras \u00a0personas \u00a0para \u00a0operar \u00a0una \u00a0embarcaci\u00f3n \u00a0semisumergible \u00a0con \u00a0el \u00a0prop\u00f3sito \u00a0de \u00a0evadir su detecci\u00f3n m\u00e1s \u00a0all\u00e1 \u00a0del \u00a0mar \u00a0territorial \u00a0de \u00a0un \u00a0solo \u00a0pa\u00eds, entrar a bordo de ese tipo de \u00a0embarcaci\u00f3n \u00a0a \u00a0la \u00a0jurisdicci\u00f3n de los Estados Unidos por el Distrito Central \u00a0de \u00a0Florida \u00a0a fin de poseer con la intenci\u00f3n de distribuir coca\u00edna, as\u00ed como \u00a0para \u00a0distribuir dicha sustancia conociendo que ser\u00eda importada il\u00edcitamente a \u00a0la \u00a0 naci\u00f3n \u00a0en \u00a0cita; \u00a0guardan \u00a0identidad \u00a0con \u00a0las \u00a0descripciones \u00a0contenidas en los art\u00edculos 340 (modificado por los art\u00edculos 8 \u00a0de \u00a0la \u00a0Ley \u00a0733 \u00a0de \u00a02002, \u00a014 \u00a0de \u00a0la \u00a0Ley \u00a0890 \u00a0de \u00a02004 \u00a0y 19 de la Ley 1121 \u00a0de \u00a0 \u00a0 \u00a0 \u00a020066), \u00a0 376 \u00a0(reformado \u00a0por \u00a0los \u00a0art\u00edculos \u00a014 \u00a0de \u00a0la \u00a0Ley \u00a0890 de 2004 y 11 de la Ley 1453 de 20117), \u00a0 \u00a0377A \u00a0(adicionado \u00a0 por \u00a0 el \u00a0 art\u00edculo \u00a02\u00ba \u00a0de \u00a0la \u00a0Ley \u00a01311 \u00a0de \u00a020098) \u00a0 y \u00a0 377B \u00a0(tambi\u00e9n \u00a0agregado \u00a0por \u00a0el \u00a0art\u00edculo \u00a02\u00ba \u00a0de \u00a0la Ley 1311 de 2009 y a su vez \u00a0modificado \u00a0 por \u00a0 el \u00a0 art\u00edculo \u00a0 22 \u00a0 de \u00a0la \u00a0Ley \u00a01453 \u00a0de \u00a020119), \u00a0por cuanto \u00a0en su orden tales normas consagran: \u00a0\u00a0<\/p>\n<p>\u201cConcierto para \u00a0delinquir. \u00a0Cuando \u00a0varias personas se concierten con \u00a0el \u00a0fin \u00a0de \u00a0cometer \u00a0delitos, \u00a0cada \u00a0una \u00a0de \u00a0ellas \u00a0ser\u00e1 penada, por esa sola \u00a0conducta, con prisi\u00f3n de cuatro (4) a nueve (9) a\u00f1os. \u00a0\u00a0<\/p>\n<p>Cuando el concierto sea para cometer delitos \u00a0de\u2026\u00a0 \u00a0 \u00a0tr\u00e1fico \u00a0 \u00a0de \u00a0 \u00a0drogas \u00a0 t\u00f3xicas, \u00a0estupefacientes \u00a0 \u00a0 o \u00a0 \u00a0 sustancias \u00a0 \u00a0 sicotr\u00f3picas\u2026\u00a0 \u00a0 \u00a0la \u00a0pena \u00a0ser\u00e1 \u00a0de \u00a0prisi\u00f3n \u00a0de \u00a0ocho (8) a dieciocho (18) a\u00f1os y \u00a0multa \u00a0de \u00a0dos \u00a0mil \u00a0setecientos \u00a0(2.700) \u00a0hasta \u00a0treinta \u00a0mil (30.000) salarios \u00a0m\u00ednimos legales mensuales. \u00a0\u00a0<\/p>\n<p>La \u00a0pena \u00a0privativa \u00a0de \u00a0la \u00a0libertad \u00a0se \u00a0aumentar\u00e1 \u00a0en \u00a0la \u00a0mitad \u00a0para quienes organicen, fomenten, promuevan, dirijan, \u00a0encabecen, \u00a0 constituyan \u00a0 o \u00a0financien \u00a0el \u00a0concierto \u00a0o \u00a0la \u00a0asociaci\u00f3n \u00a0para \u00a0delinquir\u201d. \u00a0\u00a0<\/p>\n<p>\u201cTr\u00e1fico, \u00a0fabricaci\u00f3n \u00a0o \u00a0porte \u00a0de estupefacientes. El que sin \u00a0permiso \u00a0de \u00a0autoridad \u00a0competente, introduzca al pa\u00eds, as\u00ed sea en tr\u00e1nsito o \u00a0saque \u00a0de \u00a0\u00e9l, \u00a0transporte, \u00a0lleve consigo, almacene, conserve, elabore, venda, \u00a0ofrezca, \u00a0 adquiera, \u00a0 financie \u00a0o \u00a0suministre \u00a0a \u00a0cualquier \u00a0t\u00edtulo \u00a0sustancia \u00a0estupefaciente, \u00a0 sicotr\u00f3pica \u00a0 o \u00a0 drogas \u00a0 sint\u00e9ticas \u00a0 que \u00a0 se \u00a0encuentren \u00a0contempladas \u00a0en los cuadros uno, dos, tres y cuatro del Convenio de la Naciones \u00a0Unidas \u00a0 sobre \u00a0sustancias \u00a0sicotr\u00f3picas, \u00a0incurrir\u00e1 \u00a0en \u00a0prisi\u00f3n \u00a0de \u00a0ciento \u00a0veintiocho \u00a0(128) \u00a0a \u00a0trescientos sesenta (360) meses y multa de mil trescientos \u00a0treinta \u00a0y \u00a0cuatro \u00a0(1.334) \u00a0a \u00a0cincuenta mil (50.000) salarios m\u00ednimos legales \u00a0mensuales vigentes\u201d \u00a0\u00a0<\/p>\n<p>\u201cUso, \u00a0construcci\u00f3n, \u00a0 \u00a0comercializaci\u00f3n \u00a0 \u00a0y\/o \u00a0 tenencia \u00a0 de \u00a0 semisumergibles \u00a0 o \u00a0sumergibles. \u00a0El \u00a0que \u00a0sin \u00a0permiso \u00a0de \u00a0la autoridad \u00a0competente \u00a0financie, \u00a0construya, almacene, comercialice, transporte, adquiera o \u00a0utilice \u00a0semisumergible \u00a0o sumergible, incurrir\u00e1 en prisi\u00f3n de seis (6) a doce \u00a0(12) \u00a0a\u00f1os \u00a0y \u00a0multa \u00a0de mil (1.000) a cincuenta mil (50.000) salarios m\u00ednimos \u00a0legales mensuales vigentes. \u00a0\u00a0<\/p>\n<p>Par\u00e1grafo. \u00a0Para \u00a0la \u00a0aplicaci\u00f3n \u00a0de \u00a0la \u00a0presente \u00a0 ley, \u00a0 se \u00a0 entender\u00e1 \u00a0por \u00a0semisumergible \u00a0o \u00a0sumergible, \u00a0la \u00a0nave \u00a0susceptible \u00a0de \u00a0moverse \u00a0en el agua con o sin propulsi\u00f3n propia, inclusive las \u00a0plataformas, \u00a0cuyas \u00a0caracter\u00edsticas permiten la inmersi\u00f3n total o parcial. Se \u00a0except\u00faan \u00a0 \u00a0los \u00a0 \u00a0elementos \u00a0 \u00a0y \u00a0 herramientas \u00a0 destinados \u00a0 a \u00a0 la \u00a0 pesca \u00a0artesanal\u201d. \u00a0\u00a0<\/p>\n<p>\u201cCircunstancias \u00a0de \u00a0agravaci\u00f3n punitiva. Si la nave semisumergibles o \u00a0sumergible \u00a0 es \u00a0utilizada \u00a0para \u00a0almacenar, \u00a0transportar \u00a0o \u00a0vender, \u00a0sustancia \u00a0estupefaciente, \u00a0insumos \u00a0necesarios \u00a0para su fabricaci\u00f3n o es usado como medio \u00a0para \u00a0la \u00a0comisi\u00f3n \u00a0de \u00a0actos delictivos la pena ser\u00e1 de quince (15) a treinta \u00a0(30) \u00a0a\u00f1os \u00a0y multa de setenta mil (70.000) salarios m\u00ednimos legales mensuales \u00a0vigentes\u201d. \u00a0\u00a0<\/p>\n<p>En esa medida, queda demostrado que los cargos \u00a0atribuidos \u00a0 al \u00a0 reclamado \u00a0y \u00a0que \u00a0est\u00e1n \u00a0contenidos \u00a0en \u00a0la \u00a0acusaci\u00f3n \u00a0No. \u00a08:11-CR-604-T-24TBM \u00a0dictada \u00a0el \u00a01\u00b0 de diciembre de 2011 en la Corte Distrital \u00a0de \u00a0los Estados Unidos para el Distrito Judicial Central de Florida, cumplen con \u00a0el \u00a0 requisito \u00a0 establecido \u00a0en \u00a0los \u00a0art\u00edculos \u00a0493 \u00a0y \u00a0502 \u00a0del \u00a0C\u00f3digo \u00a0de \u00a0Procedimiento \u00a0Penal, \u00a0relativo \u00a0a la doble incriminaci\u00f3n, por cuanto describen \u00a0conductas \u00a0que \u00a0son \u00a0delictivas \u00a0en \u00a0Colombia, \u00a0las \u00a0cuales \u00a0tienen una sanci\u00f3n \u00a0privativa \u00a0 de \u00a0 la \u00a0 libertad \u00a0 cuyo \u00a0 m\u00ednimo \u00a0 no \u00a0 es \u00a0 inferior \u00a0 a \u00a0cuatro \u00a0a\u00f1os. \u00a0\u00a0<\/p>\n<p>Por \u00a0tanto, \u00a0este requisito, al igual que los \u00a0analizados en precedencia, tambi\u00e9n se satisface. \u00a0\u00a0<\/p>\n<p>2.4.\u00a0 \u00a0Equivalencia\u00a0 de\u00a0 la\u00a0 providencia\u00a0 \u00a0proferida\u00a0 \u00a0en\u00a0 \u00a0el \u00a0extranjero con la acusaci\u00f3n del sistema procesal \u00a0colombiano: \u00a0\u00a0<\/p>\n<p>Esta \u00a0exigencia \u00a0igualmente se constata en el \u00a0caso \u00a0particular, \u00a0por \u00a0cuanto la decisi\u00f3n proferida por el Gran Jurado ante la \u00a0Corte \u00a0Distrital \u00a0de \u00a0los \u00a0Estados \u00a0Unidos \u00a0para el Distrito Judicial Central de \u00a0Florida \u00a0es \u00a0equivalente, \u00a0en \u00a0su \u00a0contenido, \u00a0a \u00a0la \u00a0acusaci\u00f3n \u00a0prevista en el \u00a0art\u00edculo \u00a0337 \u00a0del \u00a0C\u00f3digo \u00a0de \u00a0Procedimiento \u00a0Penal \u00a0colombiano \u00a0(Ley \u00a0906 de \u00a02004). \u00a0\u00a0<\/p>\n<p>En \u00a0efecto, revisada el acta de la acusaci\u00f3n \u00a0No. \u00a08:11-CR-604-T-24TBM \u00a0del \u00a01\u00b0 de diciembre de 2011, se observa que all\u00ed se \u00a0concreta \u00a0la \u00a0formulaci\u00f3n \u00a0del cargo, los hechos con sus fechas de ocurrencia y \u00a0las \u00a0disposiciones \u00a0transgredidas \u00a0(conforme \u00a0qued\u00f3 \u00a0rese\u00f1ado en precedencia), \u00a0as\u00ed \u00a0 \u00a0como \u00a0 \u00a0el \u00a0 \u00a0nombre \u00a0 \u00a0del \u00a0 \u00a0acusado \u00a0 y \u00a0 las \u00a0 conductas \u00a0 por \u00a0 \u00e9l \u00a0desarrolladas. \u00a0\u00a0<\/p>\n<p>En\u00a0 \u00a0relaci\u00f3n\u00a0 con\u00a0 las\u00a0 \u00a0pruebas\u00a0 \u00a0 \u00a0 que\u00a0 \u00a0 \u00a0 soportan\u00a0 \u00a0 \u00a0 la\u00a0 \u00a0 \u00a0acusaci\u00f3n \u00a0 \u00a0No. \u00a08:11-CR-604-T-24TBM, \u00a0Christopher \u00a0F. \u00a0Murray, \u00a0Fiscal \u00a0Auxiliar de la Fiscal\u00eda \u00a0Federal \u00a0de \u00a0los Estados Unidos para el Distrito Judicial Central de Florida, al \u00a0rendir \u00a0declaraci\u00f3n \u00a0en \u00a0apoyo \u00a0de la solicitud de extradici\u00f3n, manifest\u00f3 que \u00a0los \u00a0Estados \u00a0Unidos \u00a0demostrar\u00e1 \u00a0su \u00a0caso \u00a0a trav\u00e9s de testigos cooperadores, \u00a0documentos \u00a0 \u00a0 y \u00a0 \u00a0 embarcaciones \u00a0 \u00a0 incautadas10. \u00a0\u00a0<\/p>\n<p>Por \u00a0tanto, \u00a0ninguna \u00a0duda \u00a0cabe \u00a0acerca \u00a0del \u00a0paralelismo \u00a0existente \u00a0entre \u00a0el \u00a0procedimiento \u00a0for\u00e1neo \u00a0y \u00a0la acusaci\u00f3n del \u00a0sistema \u00a0colombiano, \u00a0en \u00a0el \u00a0entendido \u00a0de \u00a0que \u00a0se \u00a0trata \u00a0de una equivalencia \u00a0conceptual \u00a0 de \u00a0 decisiones \u00a0 y \u00a0no \u00a0de \u00a0identidad \u00a0de \u00a0formas, \u00a0que \u00a0en \u00a0ambas \u00a0legislaciones \u00a0dan \u00a0comienzo \u00a0a \u00a0la \u00a0etapa \u00a0del \u00a0juicio, \u00a0donde \u00a0la \u00a0defensa del \u00a0requerido \u00a0 Jos\u00e9 \u00a0Samir \u00a0Renter\u00eda \u00a0Cuero \u00a0puede \u00a0controvertir \u00a0los \u00a0medios \u00a0de \u00a0conocimiento \u00a0y \u00a0la \u00a0acusaci\u00f3n formulada ante la Corte Distrital de los Estados \u00a0Unidos para el Distrito Judicial Central de Florida. \u00a0\u00a0<\/p>\n<p>As\u00ed \u00a0las \u00a0cosas, \u00a0este requisito tambi\u00e9n se \u00a0cumple. \u00a0\u00a0<\/p>\n<p>3.\u00a0\u00a0 \u00a0Otros\u00a0 aspectos: \u00a0\u00a0<\/p>\n<p>3.1. \u00a0El \u00a0Gobierno \u00a0Nacional \u00a0est\u00e1 \u00a0en \u00a0la \u00a0obligaci\u00f3n \u00a0de \u00a0condicionar \u00a0la \u00a0entrega de la persona \u00a0solicitada, \u00a0en \u00a0el evento de acceder a ella, a que no pueda ser en ning\u00fan caso \u00a0juzgada \u00a0por hechos anteriores ni distintos a los que la motivan, a que se tenga \u00a0como \u00a0parte \u00a0de \u00a0la pena que pueda llegar a impon\u00e9rsele en el pa\u00eds requirente, \u00a0el \u00a0tiempo que ha permanecido en detenci\u00f3n con motivo del presente tr\u00e1mite y a \u00a0que \u00a0se \u00a0le \u00a0conmute \u00a0la \u00a0pena \u00a0de muerte, como tambi\u00e9n a que no sea sometida a \u00a0desaparici\u00f3n \u00a0 forzada, \u00a0 torturas, \u00a0 tratos \u00a0 o \u00a0penas \u00a0crueles, \u00a0inhumanos \u00a0o \u00a0degradantes, destierro, prisi\u00f3n perpetua o confiscaci\u00f3n. \u00a0\u00a0<\/p>\n<p>3.2.\u00a0 Del mismo \u00a0modo, \u00a0le corresponde condicionar la entrega del solicitado a que se le respeten \u00a0todas \u00a0 las \u00a0 garant\u00edas \u00a0 debidas \u00a0en \u00a0raz\u00f3n \u00a0de \u00a0su \u00a0condici\u00f3n \u00a0de \u00a0nacional \u00a0colombiano11, \u00a0en \u00a0concreto a: tener acceso a un proceso p\u00fablico sin dilaciones \u00a0injustificadas, \u00a0se \u00a0presuma \u00a0su \u00a0inocencia, \u00a0est\u00e9 asistido por un int\u00e9rprete, \u00a0cuente \u00a0con \u00a0un \u00a0defensor \u00a0designado \u00a0por \u00a0\u00e9l o por el Estado, se le conceda el \u00a0tiempo \u00a0y los medios adecuados para preparar la defensa, pueda presentar pruebas \u00a0y \u00a0controvertir las que se alleguen en su contra, su situaci\u00f3n de privaci\u00f3n de \u00a0la \u00a0libertad \u00a0se \u00a0desarrolle en condiciones dignas, la pena que eventualmente se \u00a0le \u00a0imponga no trascienda de su persona y tenga la finalidad esencial de reforma \u00a0y adaptaci\u00f3n social. \u00a0\u00a0<\/p>\n<p>3.3.\u00a0 \u00a0 El \u00a0Gobierno \u00a0Nacional \u00a0tambi\u00e9n \u00a0deber\u00e1 \u00a0imponer \u00a0al Estado requirente, en orden a \u00a0salvaguardar \u00a0los \u00a0derechos \u00a0fundamentales \u00a0del \u00a0reclamado, \u00a0la \u00a0obligaci\u00f3n \u00a0de \u00a0facilitar \u00a0los medios necesarios para garantizar su repatriaci\u00f3n en condiciones \u00a0de \u00a0dignidad, \u00a0en \u00a0caso \u00a0de llegar a ser sobrese\u00eddo, declarado no culpable o su \u00a0situaci\u00f3n \u00a0jur\u00eddica \u00a0resuelta \u00a0definitivamente de manera semejante en el pa\u00eds \u00a0solicitante, \u00a0incluso, con posterioridad a su liberaci\u00f3n una vez cumpla la pena \u00a0all\u00ed \u00a0impuesta \u00a0por \u00a0sentencia \u00a0condenatoria \u00a0originada \u00a0en \u00a0los cargos por los \u00a0cuales procede la presente extradici\u00f3n. \u00a0\u00a0<\/p>\n<p>3.4.\u00a0 \u00a0As\u00ed \u00a0mismo, \u00a0deber\u00e1 condicionar la entrega a que el pa\u00eds requirente, de acuerdo con \u00a0sus \u00a0pol\u00edticas \u00a0internas \u00a0sobre \u00a0la materia, ofrezca posibilidades racionales y \u00a0reales \u00a0para \u00a0que \u00a0el solicitado pueda tener contacto regular con sus familiares \u00a0m\u00e1s \u00a0cercanos, \u00a0considerando \u00a0que el art\u00edculo 42 de la Constituci\u00f3n Pol\u00edtica \u00a0de \u00a01991 \u00a0califica \u00a0a la familia como n\u00facleo esencial de la sociedad, garantiza \u00a0su \u00a0protecci\u00f3n \u00a0y \u00a0reconoce su honra, dignidad e intimidad, la cual tambi\u00e9n es \u00a0protegida \u00a0 por \u00a0la \u00a0Convenci\u00f3n \u00a0Americana \u00a0de \u00a0Derechos \u00a0Humanos \u00a0y \u00a0el \u00a0Pacto \u00a0Internacional \u00a0de \u00a0Derechos \u00a0Civiles \u00a0y \u00a0Pol\u00edticos \u00a0en \u00a0sus art\u00edculos 17 y 23, \u00a0respectivamente. \u00a0\u00a0<\/p>\n<p>3.5.\u00a0 \u00a0 Se \u00a0advierte, \u00a0adem\u00e1s, \u00a0que \u00a0en \u00a0raz\u00f3n \u00a0de \u00a0lo \u00a0dispuesto \u00a0en \u00a0el \u00a0numeral 2\u00b0 del \u00a0art\u00edculo \u00a0189 \u00a0de \u00a0la Constituci\u00f3n Pol\u00edtica, es del resorte del Presidente de \u00a0la \u00a0Rep\u00fablica, \u00a0en \u00a0su \u00a0condici\u00f3n \u00a0de \u00a0jefe de Estado y supremo director de la \u00a0pol\u00edtica \u00a0exterior \u00a0y de las relaciones internacionales, realizar el respectivo \u00a0seguimiento \u00a0a \u00a0los \u00a0condicionamientos \u00a0que \u00a0se \u00a0impongan \u00a0a la concesi\u00f3n de la \u00a0extradici\u00f3n, \u00a0quien \u00a0a \u00a0su vez debe determinar las consecuencias que se deriven \u00a0de su eventual incumplimiento. \u00a0\u00a0<\/p>\n<p>4.\u00a0\u00a0 \u00a0 \u00a0 \u00a0Cuesti\u00f3n\u00a0 \u00a0final: \u00a0\u00a0<\/p>\n<p>De \u00a0 conformidad \u00a0 con \u00a0 lo \u00a0 expuesto \u00a0en \u00a0precedencia, \u00a0la \u00a0Sala es del criterio que el Gobierno Nacional puede extraditar \u00a0al \u00a0ciudadano \u00a0colombiano Jos\u00e9 Samir Renter\u00eda Cuero bajo los condicionamientos \u00a0anotados, \u00a0pues \u00a0como \u00a0viene de constatarse, a falta de tratado aplicable est\u00e1n \u00a0satisfechos \u00a0los \u00a0requisitos establecidos en nuestra legislaci\u00f3n procesal penal \u00a0para que proceda su entrega. \u00a0\u00a0<\/p>\n<p>En \u00a0m\u00e9rito \u00a0de lo expuesto, la CORTE \u00a0SUPREMA \u00a0DE \u00a0JUSTICIA, \u00a0SALA \u00a0DE CASACI\u00d3N PENAL, \u00a0 emite \u00a0CONCEPTO \u00a0FAVORABLE \u00a0 a \u00a0la \u00a0solicitud \u00a0de \u00a0extradici\u00f3n \u00a0del \u00a0ciudadano \u00a0colombiano \u00a0Jos\u00e9 \u00a0Samir \u00a0Renter\u00eda \u00a0Cuero, \u00a0formulada \u00a0por \u00a0la \u00a0v\u00eda \u00a0diplom\u00e1tica \u00a0por \u00a0el \u00a0Gobierno \u00a0de \u00a0los \u00a0Estados Unidos, en relaci\u00f3n con\u00a0 \u00a0los\u00a0 \u00a0Cargos\u00a0 Uno,\u00a0 Dos\u00a0 y\u00a0 Tres\u00a0 se\u00f1alados\u00a0 \u00a0en\u00a0 \u00a0 la\u00a0 \u00a0acusaci\u00f3n \u00a0No. \u00a08:11-CR-604-T-24TBM, \u00a0dictada \u00a0el \u00a01\u00b0 \u00a0de \u00a0diciembre \u00a0de \u00a02011 en la Corte Distrital de los Estados Unidos para el Distrito \u00a0Judicial \u00a0 \u00a0Central \u00a0 de \u00a0 Florida, \u00a0 conforme \u00a0 lo \u00a0 solicita \u00a0 el \u00a0 pa\u00eds \u00a0 en \u00a0menci\u00f3n. \u00a0\u00a0<\/p>\n<p>Por la Secretar\u00eda de la Sala se comunicar\u00e1 \u00a0esta \u00a0determinaci\u00f3n al requerido Jos\u00e9 Samir Renter\u00eda Cuero, a su defensor y a \u00a0la \u00a0representante \u00a0del Ministerio P\u00fablico, al igual que al Fiscal General de la \u00a0Naci\u00f3n \u00a0para \u00a0lo \u00a0de \u00a0su cargo en relaci\u00f3n con el detenido preventivamente con \u00a0fines de extradici\u00f3n. \u00a0\u00a0<\/p>\n<p>Finalmente, \u00a0se \u00a0devolver\u00e1 la actuaci\u00f3n al \u00a0Ministerio \u00a0 de \u00a0 Justicia \u00a0 y \u00a0 del \u00a0 Derecho \u00a0 para \u00a0 los \u00a0 tr\u00e1mites \u00a0legales \u00a0subsiguientes. \u00a0\u00a0<\/p>\n<p>C\u00famplase. \u00a0<\/p>\n<p>JOS\u00c9 LEONIDAS BUSTOS MART\u00cdNEZ \u00a0<\/p>\n<p>JOS\u00c9 \u00a0LUIS \u00a0BARCEL\u00d3 \u00a0CAMACHO\u00a0\u00a0\u00a0\u00a0\u00a0\u00a0\u00a0\u00a0\u00a0\u00a0\u00a0\u00a0\u00a0\u00a0\u00a0\u00a0 \u00a0FERNANDO ALBERTO CASTRO CABALLERO \u00a0\u00a0<\/p>\n<p>MAR\u00cdA \u00a0 \u00a0DEL \u00a0 \u00a0ROSARIO \u00a0 \u00a0GONZ\u00c1LEZ \u00a0MU\u00d1OZ\u00a0\u00a0\u00a0\u00a0\u00a0\u00a0\u00a0\u00a0\u00a0\u00a0\u00a0 \u00a0LUIS GUILLERMO SALAZAR OTERO \u00a0\u00a0<\/p>\n<p>JULIO \u00a0 \u00a0 \u00a0 ENRIQUE \u00a0 \u00a0 \u00a0 SOCHA \u00a0SALAMANCA\u00a0\u00a0\u00a0\u00a0\u00a0\u00a0\u00a0\u00a0\u00a0\u00a0\u00a0\u00a0\u00a0 \u00a0JAVIER ZAPATA ORTIZ \u00a0\u00a0<\/p>\n<p>\u00a0\u00a0\u00a0\u00a0\u00a0\u00a0\u00a0\u00a0\u00a0\u00a0\u00a0\u00a0\u00a0\u00a0\u00a0\u00a0\u00a0\u00a0\u00a0\u00a0\u00a0\u00a0\u00a0\u00a0\u00a0\u00a0\u00a0\u00a0\u00a0\u00a0\u00a0\u00a0\u00a0\u00a0\u00a0\u00a0\u00a0\u00a0\u00a0\u00a0\u00a0\u00a0\u00a0\u00a0\u00a0\u00a0\u00a0\u00a0 \u00a0NUBIA YOLANDA NOVA GARC\u00cdA \u00a0\u00a0<\/p>\n<p>Secretaria \u00a0 \u00a0<\/p>\n<p>1 \u00a0Folio 124 de la carpeta de anexos. \u00a0\u00a0<\/p>\n<p>2 \u00a0Folio \u00a040 \u00eddem. \u00a0\u00a0<\/p>\n<p>3 \u00a0Folio \u00a0102 ib\u00eddem. \u00a0\u00a0<\/p>\n<p>4 \u00a0Folios \u00a0 \u00a0 \u00a0135 \u00a0 \u00a0 \u00a0a \u00a0 \u00a0 \u00a0140 \u00a0 \u00a0 \u00a0ejusdem. \u00a0\u00a0<\/p>\n<p>5 En el \u00a0presente \u00a0 \u00a0 caso \u00a0 \u00a0 se \u00a0 \u00a0aplica \u00a0 \u00a0la \u00a0 \u00a0Ley \u00a0 \u00a0906 \u00a0 \u00a0de \u00a0 \u00a02004, por cuanto los hechos que sustentan la \u00a0petici\u00f3n \u00a0 de \u00a0 extradici\u00f3n \u00a0se \u00a0habr\u00edan \u00a0cometido \u00a0incluso \u00a0despu\u00e9s \u00a0del \u00a01\u00ba \u00a0de enero de 2005, fecha en la cual entr\u00f3 en vigencia \u00a0el \u00a0nuevo \u00a0C\u00f3digo \u00a0de \u00a0Procedimiento \u00a0Penal. \u00a0En \u00a0este sentido, ver \u00a0Corte \u00a0Suprema de Justicia, \u00a0Sala \u00a0de Casaci\u00f3n Penal, autos \u00a0del \u00a04 de abril y 3 de octubre de \u00a02006, \u00a0 \u00a0 radicaciones \u00a0n\u00fameros \u00a024187 \u00a0y \u00a025080, \u00a0respectivamente, entre otros. \u00a0\u00a0<\/p>\n<p>6 \u00a0La confrontaci\u00f3n en punto \u00a0del \u00a0requisito de la doble incriminaci\u00f3n, \u00a0 \u00a0 \u00a0se \u00a0 \u00a0 realiza \u00a0 \u00a0 con \u00a0base en las normas vigentes al momento de emitir el respectivo \u00a0concepto, \u00a0sin que haya lugar a predicar el principio de favorabilidad, pues los \u00a0preceptos \u00a0del pa\u00eds requerido no son objeto de aplicaci\u00f3n por parte del Estado \u00a0extranjero. \u00a0En \u00a0este \u00a0sentido, \u00a0Corte \u00a0Suprema de \u00a0Justicia, \u00a0Sala \u00a0de \u00a0Casaci\u00f3n \u00a0Penal, \u00a0conceptos \u00a0 \u00a0 \u00a0 del \u00a0 \u00a0 \u00a019 \u00a0de \u00a0agosto \u00a0de \u00a02004, 17 de enero de 2006, 21 de marzo de 2007, 16 \u00a0de \u00a0diciembre de 2008, 9 de diciembre de 2009 y 8 de junio de 2011, radicaciones \u00a0n\u00fameros \u00a0 \u00a0 \u00a0 \u00a022396, \u00a0 \u00a0 \u00a0 \u00a024070, \u00a0 \u00a0 \u00a0 \u00a0 \u00a0 \u00a0 \u00a010014, 30626, \u00a032321 \u00a0 \u00a0 y \u00a0 \u00a0 34798, \u00a0 \u00a0respectivamente, \u00a0 \u00a0entre \u00a0otros. \u00a0\u00a0<\/p>\n<p>7 \u00a0\u00cddem. \u00a0\u00a0<\/p>\n<p>8 \u00a0Ib\u00eddem. \u00a0\u00a0<\/p>\n<p>9 \u00a0Ejusdem. \u00a0\u00a0<\/p>\n<p>10 \u00a0Folio 104 de la carpeta de anexos. \u00a0\u00a0<\/p>\n<p>11 \u00a0Seg\u00fan \u00a0 el \u00a0 criterio \u00a0 de \u00a0 la \u00a0Corte \u00a0Suprema \u00a0de \u00a0Justicia, \u00a0Sala \u00a0de \u00a0Casaci\u00f3n \u00a0Penal, concepto \u00a0del \u00a05 de septiembre de 2006, \u00a0radicaci\u00f3n \u00a0No. \u00a025625, \u00a0a \u00a0pesar \u00a0de \u00a0que se produzca la entrega del ciudadano \u00a0colombiano, \u00a0 \u00e9ste \u00a0 conserva \u00a0 los \u00a0 derechos \u00a0inherentes \u00a0a \u00a0su \u00a0nacionalidad \u00a0consagrados \u00a0en \u00a0la \u00a0Constituci\u00f3n \u00a0Pol\u00edtica \u00a0y \u00a0en los tratados sobre derechos \u00a0humanos suscritos por el pa\u00eds. \u00a0 \u00a0\u00a0<\/p>\n<p><\/p>\n","protected":false},"excerpt":{"rendered":"<p>\u00a0 \u00a0 CORTE SUPREMA DE JUSTICIA \u00a0 SALA DE CASACI\u00d3N PENAL \u00a0 Magistrado \u00a0 \u00a0 \u00a0Ponente: \u00a0\u00a0 FERNANDO ALBERTO CASTRO CABALLERO \u00a0 Aprobado Acta No.343 \u00a0 Bogot\u00e1, D. C., doce (12) de septiembre de dos \u00a0mil doce (2012). \u00a0\u00a0 VISTOS: \u00a0 Procede \u00a0la \u00a0Corte a emitir concepto sobre la \u00a0petici\u00f3n \u00a0de extradici\u00f3n del ciudadano colombiano [&hellip;]<\/p>\n","protected":false},"author":1,"featured_media":0,"comment_status":"open","ping_status":"open","sticky":false,"template":"","format":"standard","meta":{"footnotes":""},"categories":[20],"tags":[],"class_list":["post-24647","post","type-post","status-publish","format-standard","hentry","category-20"],"_links":{"self":[{"href":"https:\/\/dmsjuridica.com\/buscador_20179478954\/salapenalcronologico20230723\/wp-json\/wp\/v2\/posts\/24647","targetHints":{"allow":["GET"]}}],"collection":[{"href":"https:\/\/dmsjuridica.com\/buscador_20179478954\/salapenalcronologico20230723\/wp-json\/wp\/v2\/posts"}],"about":[{"href":"https:\/\/dmsjuridica.com\/buscador_20179478954\/salapenalcronologico20230723\/wp-json\/wp\/v2\/types\/post"}],"author":[{"embeddable":true,"href":"https:\/\/dmsjuridica.com\/buscador_20179478954\/salapenalcronologico20230723\/wp-json\/wp\/v2\/users\/1"}],"replies":[{"embeddable":true,"href":"https:\/\/dmsjuridica.com\/buscador_20179478954\/salapenalcronologico20230723\/wp-json\/wp\/v2\/comments?post=24647"}],"version-history":[{"count":0,"href":"https:\/\/dmsjuridica.com\/buscador_20179478954\/salapenalcronologico20230723\/wp-json\/wp\/v2\/posts\/24647\/revisions"}],"wp:attachment":[{"href":"https:\/\/dmsjuridica.com\/buscador_20179478954\/salapenalcronologico20230723\/wp-json\/wp\/v2\/media?parent=24647"}],"wp:term":[{"taxonomy":"category","embeddable":true,"href":"https:\/\/dmsjuridica.com\/buscador_20179478954\/salapenalcronologico20230723\/wp-json\/wp\/v2\/categories?post=24647"},{"taxonomy":"post_tag","embeddable":true,"href":"https:\/\/dmsjuridica.com\/buscador_20179478954\/salapenalcronologico20230723\/wp-json\/wp\/v2\/tags?post=24647"}],"curies":[{"name":"wp","href":"https:\/\/api.w.org\/{rel}","templated":true}]}}