{"id":24613,"date":"2023-09-12T17:22:23","date_gmt":"2023-09-12T17:22:23","guid":{"rendered":"https:\/\/dmsjuridica.com\/buscador_20179478954\/salapenalcronologico20230723\/2023\/09\/12\/3903206-06-12\/"},"modified":"2023-09-12T17:22:23","modified_gmt":"2023-09-12T17:22:23","slug":"3903206-06-12","status":"publish","type":"post","link":"https:\/\/dmsjuridica.com\/buscador_20179478954\/salapenalcronologico20230723\/2023\/09\/12\/3903206-06-12\/","title":{"rendered":"39032(06-06-12)"},"content":{"rendered":"\n<p>\u00a0 \u00a0 Proceso n\u00ba 39032 \u00a0<\/p>\n<p>CORTE SUPREMA DE JUSTICIA \u00a0<\/p>\n<p>SALA DE CASACI\u00d3N PENAL \u00a0<\/p>\n<p>Magistrado Ponente: \u00a0<\/p>\n<p>Dr. SIGIFREDO ESPINOSA P\u00c9REZ \u00a0<\/p>\n<p>Aprobado Acta N\u00b0 218. \u00a0<\/p>\n<p>Bogot\u00e1, \u00a0D.C., \u00a0seis \u00a0de \u00a0junio \u00a0de \u00a0dos mil \u00a0doce. \u00a0\u00a0<\/p>\n<p>V I S T O S \u00a0<\/p>\n<p>De \u00a0conformidad \u00a0con \u00a0lo \u00a0preceptuado \u00a0en el \u00a0art\u00edculo \u00a070 \u00a0de \u00a0la \u00a0Ley \u00a01453 \u00a0de 2011, le \u00a0corresponde \u00a0a \u00a0la \u00a0Corte \u00a0emitir concepto sobre la solicitud de \u00a0extradici\u00f3n \u00a0formulada \u00a0por \u00a0el \u00a0gobierno \u00a0de \u00a0los \u00a0Estados \u00a0Unidos de Am\u00e9rica \u00a0respecto \u00a0del \u00a0ciudadano \u00a0colombiano \u00a0TOM\u00c1S \u00a0ENRIQUE \u00a0CARCASSES ESTRADA, quien, \u00a0coadyuvado \u00a0 \u00a0 por \u00a0 \u00a0 su \u00a0 \u00a0 defensor, \u00a0 \u00a0elev\u00f3 \u00a0 \u00a0petici\u00f3n \u00a0 \u00a0de \u00a0 \u00a0tr\u00e1mite \u00a0simplificado. \u00a0\u00a0<\/p>\n<p>A N T E C E D E N T E S \u00a0<\/p>\n<p>1. \u00a0Mediante \u00a0nota verbal No. 0424 del 24 de \u00a0febrero \u00a0de \u00a02012, el Gobierno de Estados Unidos de Am\u00e9rica, por conducto de su \u00a0Embajada \u00a0en \u00a0Colombia, \u00a0solicit\u00f3 \u00a0al \u00a0Ministerio \u00a0de \u00a0Relaciones la detenci\u00f3n \u00a0provisional \u00a0con \u00a0fines \u00a0de extradici\u00f3n del ciudadano colombiano TOM\u00c1S ENRIQUE \u00a0CARCASSES \u00a0ESTRADA, \u00a0pues \u00a0la \u00a0Corte \u00a0Distrital \u00a0de \u00a0los \u00a0Estados Unidos para el \u00a0Distrito \u00a0Sur \u00a0de \u00a0Florida \u00a0lo \u00a0requiere para comparecer en juicio, toda vez que \u00a0all\u00ed \u00a0 se \u00a0 emiti\u00f3 \u00a0 en \u00a0 su \u00a0 contra \u00a0 la \u00a0 resoluci\u00f3n \u00a0 de \u00a0acusaci\u00f3n \u00a0No. \u00a010-20640-CR-COOKE(s), \u00a0dictada el 19 de enero de 2012, en la cual se le formulan \u00a0cargos \u00a0relacionados \u00a0con \u00a0la \u00a0violaci\u00f3n \u00a0de \u00a0las \u00a0leyes de narc\u00f3ticos, en los \u00a0siguientes t\u00e9rminos: \u00a0\u00a0<\/p>\n<p>\u201cCargo \u00a0uno: \u00a0Concierto \u00a0para \u00a0fabricar \u00a0y \u00a0distribuir \u00a0una \u00a0sustancia \u00a0controlada (un kilogramos o m\u00e1s de hero\u00edna) con el \u00a0conocimiento \u00a0de \u00a0que \u00a0dicha sustancia controlada ser\u00eda ilegalmente importada a \u00a0los \u00a0Estados \u00a0Unidos, \u00a0lo \u00a0cual es en contra del T\u00edtulo 21, Secci\u00f3n 959(a) (2) \u00a0del \u00a0C\u00f3digo \u00a0de los Estados Unidos, en violaci\u00f3n del T\u00edtulo 21, secciones 963 \u00a0y\u00a0 960 (b) (1) (A) del C\u00f3digo de los Estados Unidos; y \u00a0\u00a0<\/p>\n<p>\u201cCargos \u00a0dos: \u00a0Concierto \u00a0para \u00a0poseer una \u00a0sustancia \u00a0controlada \u00a0(un \u00a0kilogramo \u00a0o \u00a0m\u00e1s de hero\u00edna) con la intenci\u00f3n de \u00a0distribuirla, \u00a0lo \u00a0cual \u00a0es \u00a0en \u00a0contra del T\u00edtulo 21, Secci\u00f3n 841 (a) (1) del \u00a0C\u00f3digo \u00a0de \u00a0los \u00a0Estados \u00a0Unidos, en violaci\u00f3n del T\u00edtulo 21, Secciones 846 y \u00a0841 (b) (1) (A) (i) del C\u00f3digo de los Estados Unidos.\u201d\u00a0 \u00a0\u00a0<\/p>\n<p>2. Con resoluci\u00f3n del 2 de marzo de 2012, la \u00a0entonces \u00a0se\u00f1ora \u00a0Fiscal \u00a0General de la Naci\u00f3n orden\u00f3 la captura de CARCASSES \u00a0ESTRADA \u00a0para \u00a0los \u00a0fines \u00a0mencionados, \u00a0decisi\u00f3n \u00a0que se hizo efectiva el 7 de \u00a0marzo de 2012 por miembros de la Polic\u00eda Nacional de Colombia. \u00a0\u00a0<\/p>\n<p>\u00a0 \u00a0\u00a0 \u00a0\u00a0 \u00a0\u00a03. \u00a0Con la nota verbal No. 0966 del 3 de \u00a0mayo \u00a0 de \u00a0 2012, \u00a0la \u00a0mencionada \u00a0representaci\u00f3n \u00a0diplom\u00e1tica \u00a0formaliz\u00f3 \u00a0la \u00a0petici\u00f3n \u00a0de \u00a0extradici\u00f3n de TOM\u00c1S ENRIQUE CARCASSES \u00a0ESTRADA. \u00a0\u00a0<\/p>\n<p>4. \u00a0El \u00a0Ministerio de Relaciones Exteriores, \u00a0anotando \u00a0que \u00a0\u201cpor no existir tratado aplicable al \u00a0caso \u00a0en \u00a0menci\u00f3n, \u00a0es \u00a0procedente \u00a0obrar \u00a0de \u00a0conformidad \u00a0con el ordenamiento \u00a0procesal \u00a0 \u00a0 \u00a0penal \u00a0 \u00a0 \u00a0colombiano\u201d,\u00a0 remiti\u00f3 la mencionada nota verbal \u00a0y \u00a0los \u00a0documentos \u00a0anexos \u00a0al \u00a0de \u00a0Justicia \u00a0y de Derecho, entidad que a su vez \u00a0envi\u00f3 \u00a0tal \u00a0documentaci\u00f3n \u00a0a esta Corte, donde el requerido, coadyuvado por su \u00a0defensor \u00a0de confianza, allega memorial en el que invocando la Ley 1453 de 2011, \u00a0manifiesta \u00a0su voluntad de acogerse al tr\u00e1mite de la extradici\u00f3n simplificada, \u00a0de \u00a0acuerdo \u00a0con \u00a0el \u00a0art\u00edculo \u00a070 \u00a0de \u00a0dicha \u00a0normatividad, \u00a0aclarando \u00a0que la \u00a0petici\u00f3n \u00a0se \u00a0hace en forma libre, voluntaria y debidamente instruido sobre los \u00a0efectos legales de la petici\u00f3n.\u00a0 \u00a0\u00a0<\/p>\n<p>5. \u00a0Mediante auto del 24 de mayo del a\u00f1o en \u00a0curso, \u00a0la \u00a0Corte \u00a0orden\u00f3 \u00a0correr \u00a0traslado \u00a0de \u00a0la \u00a0petici\u00f3n \u00a0de extradici\u00f3n \u00a0simplificada \u00a0a \u00a0la \u00a0Procuradur\u00eda \u00a0General de la Naci\u00f3n, cuyo Delegado Segundo \u00a0ante \u00a0la \u00a0misma \u00a0coadyuv\u00f3 \u00a0la \u00a0petici\u00f3n y encontr\u00f3 satisfechos los requisitos \u00a0para conceptuar favorablemente al pedido de extradici\u00f3n. \u00a0\u00a0<\/p>\n<p>CONCEPTO DE LA CORTE \u00a0<\/p>\n<p>1. \u00a0 \u00a0Aspectos \u00a0 \u00a0generales \u00a0\u00a0<\/p>\n<p>A \u00a0pesar \u00a0de \u00a0que \u00a0en \u00a0este evento se elev\u00f3 \u00a0petici\u00f3n \u00a0de \u00a0extradici\u00f3n \u00a0simplificada, la competencia de la Corte dentro del \u00a0tr\u00e1mite \u00a0permanece \u00a0inc\u00f3lume, \u00a0es decir, est\u00e1 enfocada a expresar un concepto \u00a0sobre \u00a0la \u00a0procedencia \u00a0de \u00a0entregar \u00a0o \u00a0no a la persona solicitada por un pa\u00eds \u00a0extranjero, \u00a0despu\u00e9s \u00a0de \u00a0examinar los puntos a que se refiere el art\u00edculo 502 \u00a0de \u00a0la \u00a0Ley \u00a0906 \u00a0de \u00a02004, \u00a0sin \u00a0dejar \u00a0de considerar que el art\u00edculo 35 de la \u00a0Constituci\u00f3n \u00a0Pol\u00edtica en su inciso 2\u00ba, reformado por el Acto Legislativo N\u00b0 \u00a01 \u00a0de \u00a01997, \u00a0autoriza \u00a0la extradici\u00f3n de colombianos por nacimiento cuando son \u00a0reclamados \u00a0por \u00a0delitos \u00a0cometidos \u00a0en \u00a0el \u00a0exterior \u00a0y \u00a0las \u00a0conductas que los \u00a0originan \u00a0 \u00a0as\u00ed \u00a0 \u00a0tambi\u00e9n \u00a0 \u00a0se \u00a0 consideren \u00a0 en \u00a0 la \u00a0 legislaci\u00f3n \u00a0 penal \u00a0colombiana. \u00a0\u00a0<\/p>\n<p>Sobre \u00a0este \u00faltimo aspecto, debe observarse \u00a0que \u00a0de \u00a0acuerdo \u00a0con \u00a0la \u00a0resoluci\u00f3n \u00a0de \u00a0acusaci\u00f3n No. 10-20640-CR-COOKE(s), \u00a0dictada \u00a0el 19 de enero de 2012 en la Corte Distrital de los Estados Unidos para \u00a0el \u00a0Distrito \u00a0Sur de Florida, la imputaci\u00f3n que se le formul\u00f3 a TOM\u00c1S ENRIQUE \u00a0CARCASSES \u00a0ESTRADA \u00a0corresponde \u00a0a \u00a0delitos \u00a0relacionados \u00a0con \u00a0el \u00a0tr\u00e1fico \u00a0de \u00a0estupefacientes \u00a0para \u00a0su \u00a0distribuci\u00f3n \u00a0en los Estados Unidos, llevadas a cabo \u00a0entre enero de 2008 y el 6 de agosto de 2010. \u00a0\u00a0<\/p>\n<p>Significa \u00a0lo anterior que no aparece motivo \u00a0constitucional impediente de la extradici\u00f3n. \u00a0\u00a0<\/p>\n<p>2. \u00a0Validez \u00a0formal \u00a0de \u00a0la \u00a0documentaci\u00f3n \u00a0presentada \u00a0\u00a0<\/p>\n<p>La \u00a0Viceconsul \u00a0de \u00a0Colombia en Washington \u00a0autentic\u00f3 \u00a0los \u00a0documentos \u00a0aportados \u00a0en apoyo de la solicitud de extradici\u00f3n \u00a0del \u00a0ciudadano \u00a0colombiano \u00a0TOM\u00c1S \u00a0ENRIQUE \u00a0CARCASSES \u00a0ESTRADA, \u00a0de \u00a0conformidad \u00a0con \u00a0el \u00a0art\u00edculo \u00a0259 del \u00a0C\u00f3digo \u00a0de \u00a0Procedimiento \u00a0Civil, \u00a0expedida \u00a0por \u00a0el \u00a0Ministerio \u00a0de Relaciones \u00a0Exteriores (folio 57carpeta). \u00a0\u00a0<\/p>\n<p>En \u00a0tal \u00a0forma, \u00a0la \u00a0mencionada \u00a0funcionaria \u00a0certifica \u00a0la firma de la Auxiliar de Autenticaciones del Departamento de Estado \u00a0de \u00a0los \u00a0Estados Unidos de Am\u00e9rica, quien a su vez avala la de la Secretaria de \u00a0Estado, \u00a0Hillary \u00a0Rodham \u00a0Clinton, \u00a0y \u00a0est\u00e1 la r\u00fabrica de Eric H. Holder, Jr., \u00a0Fiscal \u00a0General, \u00a0quien certifica la de Thomas C. Black, Director Asociado de la \u00a0Oficina \u00a0de \u00a0Asuntos Internacionales, Divisi\u00f3n de lo Penal, del Departamento de \u00a0Justicia \u00a0de \u00a0los \u00a0Estados Unidos, encargado de dar cuenta de la autenticidad de \u00a0las \u00a0declaraciones \u00a0juradas de Dwayne Edward Williams, fiscal auxiliar, y Steven \u00a0M. Romain, agente de la DEA (folios 54 a 61, carpeta). \u00a0\u00a0<\/p>\n<p>Como documento anexo y debidamente traducido, \u00a0aparece \u00a0la \u00a0acusaci\u00f3n No. 10-20640-CR-COOKE(s), dictada el 19 de enero de 2012 \u00a0en \u00a0la \u00a0Corte \u00a0Distrital \u00a0de los Estados Unidos para el Distrito Sur de Florida, \u00a0contra \u00a0TOM\u00c1S \u00a0ENRIQUE CARCASSES ESTRADA, as\u00ed como la orden de arresto librada \u00a0por esa Corte. \u00a0\u00a0<\/p>\n<p>Del \u00a0 mismo \u00a0 modo, \u00a0figuran \u00a0las \u00a0copias, \u00a0traducidas \u00a0en \u00a0debida \u00a0forma, \u00a0de \u00a0las disposiciones penales del C\u00f3digo de los \u00a0Estados Unidos aplicables al caso. \u00a0\u00a0<\/p>\n<p>De acuerdo con lo anterior, la documentaci\u00f3n \u00a0presentada \u00a0en \u00a0respaldo \u00a0del pedido de extradici\u00f3n de TOM\u00c1S ENRIQUE CARCASSES \u00a0ESTRADA, es formalmente v\u00e1lida. \u00a0\u00a0<\/p>\n<p>3. \u00a0 Identidad \u00a0plena \u00a0del \u00a0solicitado \u00a0en \u00a0extradici\u00f3n \u00a0TOM\u00c1S ENRIQUE \u00a0CARCASSES ESTRADA. \u00a0\u00a0<\/p>\n<p>De \u00a0acuerdo con las notas diplom\u00e1ticas Nos. \u00a00424 \u00a0y \u00a00966, \u00a0CARCASSES \u00a0ESTRADA, \u00a0tambi\u00e9n \u00a0conocido \u00a0como \u00a0\u201cMisael Enrique \u00a0Carcasses\u201d, \u00a0\u201cKike\u201d o \u201cBrujo\u201d, es ciudadano colombiano, nacido el 2 de \u00a0marzo \u00a0 de \u00a0 1970 \u00a0 y \u00a0 es \u00a0 titular \u00a0 de \u00a0 la \u00a0 c\u00e9dula \u00a0 de \u00a0 ciudadan\u00eda \u00a0N\u00b0 \u00a01.037.236.009. \u00a0\u00a0<\/p>\n<p>Al \u00a0momento \u00a0de \u00a0ser \u00a0aprehendido, CARCASSES \u00a0ESTRADA \u00a0se \u00a0identific\u00f3 \u00a0con ese documento, cuyo n\u00famero qued\u00f3 estampado en la \u00a0diligencia \u00a0de \u00a0notificaci\u00f3n \u00a0de \u00a0la \u00a0resoluci\u00f3n que orden\u00f3 su captura, en el \u00a0acta \u00a0de derechos del capturado y la constancia de buen trato, y en el poder que \u00a0confiri\u00f3 \u00a0a \u00a0abogado titulado para que lo representara en el presente tr\u00e1mite; \u00a0adem\u00e1s, \u00a0se \u00a0realiz\u00f3 \u00a0cotejo \u00a0dactilosc\u00f3pico \u00a0y \u00a0en este asunto no se puso en \u00a0cuesti\u00f3n \u00a0la \u00a0identidad \u00a0del requerido, por manera que el requisito de su plena \u00a0identidad se encuentra satisfecho. \u00a0\u00a0<\/p>\n<p>4. \u00a0Equivalencia de la providencia proferida \u00a0en el extranjero \u00a0\u00a0<\/p>\n<p>Como \u00a0 lo \u00a0 ha \u00a0 reiterado \u00a0 en \u00a0 diversas \u00a0oportunidades \u00a0la \u00a0Sala \u00a0de \u00a0Casaci\u00f3n Penal de la Corte Suprema de Justicia, se \u00a0cumple \u00a0con \u00a0el requisito en menci\u00f3n acatando lo previsto en el art\u00edculo 493-1 \u00a0de \u00a0la \u00a0Ley \u00a0906 \u00a0de \u00a02004: \u00a0que \u00a0por \u00a0lo \u00a0menos \u00a0se haya dictado en el exterior \u00a0resoluci\u00f3n de acusaci\u00f3n o su equivalente. \u00a0\u00a0<\/p>\n<p>En \u00a0el \u00a0presente \u00a0evento, \u00a0el 19 de enero de \u00a02012, \u00a0el \u00a0Gran \u00a0Jurado \u00a0del \u00a0Tribunal de Distrito de los Estados Unidos para el \u00a0Distrito \u00a0Sur \u00a0de \u00a0Florida \u00a0profiri\u00f3 la acusaci\u00f3n N\u00b010-20640-CR-COOKE(s), con \u00a0base \u00a0en \u00a0el \u00a0delito \u00a0se\u00f1alado \u00a0anteriormente, \u00a0acto procesal que equivale a la \u00a0resoluci\u00f3n \u00a0de \u00a0acusaci\u00f3n \u00a0prevista \u00a0en \u00a0el \u00a0sistema procesal penal colombiano \u00a0-tanto \u00a0la \u00a0regulada \u00a0en el art\u00edculo 398 de la Ley 600 de 2000, como el escrito \u00a0acusatorio \u00a0del \u00a0art\u00edculo \u00a0337 \u00a0de \u00a0la Ley 906 de 2004-. Tales providencias, si \u00a0bien \u00a0no \u00a0son id\u00e9nticas guardan similitudes que las tornan equivalentes, con lo \u00a0cual el requisito legal en estudio se estima acreditado. \u00a0\u00a0<\/p>\n<p>En \u00a0efecto, \u00a0dichas \u00a0decisiones \u00a0judiciales \u00a0contienen \u00a0un \u00a0pliego \u00a0de \u00a0cargos, \u00a0de los cuales se debe defender el acusado en \u00a0juicio. \u00a0A \u00a0su \u00a0vez, \u00a0constituyen presupuesto procesal para la iniciaci\u00f3n de la \u00a0etapa \u00a0de \u00a0juzgamiento, que culmina con el respectivo fallo de m\u00e9rito. En ellas \u00a0se \u00a0consigna \u00a0una \u00a0relaci\u00f3n \u00a0detallada de los hechos con especificaci\u00f3n de las \u00a0circunstancias \u00a0de \u00a0tiempo, \u00a0modo \u00a0y \u00a0lugar en que ocurrieron y la calificaci\u00f3n \u00a0jur\u00eddica \u00a0de \u00a0la \u00a0conducta, \u00a0con \u00a0indicaci\u00f3n de las disposiciones sustanciales \u00a0aplicables. \u00a0\u00a0<\/p>\n<p>Por lo anterior, este requerimiento tambi\u00e9n \u00a0se cumple a cabalidad. \u00a0\u00a0<\/p>\n<p>5. \u00a0 \u00a0El \u00a0 \u00a0principio \u00a0 \u00a0de \u00a0 la \u00a0 doble \u00a0incriminaci\u00f3n \u00a0\u00a0<\/p>\n<p>De \u00a0acuerdo con el numeral 1 del art\u00edculo \u00a0493 \u00a0del \u00a0C\u00f3digo \u00a0de \u00a0Procedimiento \u00a0Penal, la doble incriminaci\u00f3n se presenta \u00a0cuando \u00a0 el \u00a0 hecho \u00a0 que \u00a0 es \u00a0 motivo \u00a0de \u00a0la \u00a0extradici\u00f3n \u00a0est\u00e1 \u00a0\u201cprevisto \u00a0como delito en Colombia y reprimido con una sanci\u00f3n \u00a0privativa \u00a0 de \u00a0 la \u00a0 libertad \u00a0cuyo \u00a0m\u00ednimo \u00a0no \u00a0sea \u00a0inferior \u00a0a \u00a0cuatro \u00a0(4) \u00a0a\u00f1os\u201d. \u00a0\u00a0<\/p>\n<p>La \u00a0Corte tiene dicho que para establecer si \u00a0la \u00a0conducta \u00a0que \u00a0se \u00a0le \u00a0imputa \u00a0al \u00a0requerido \u00a0en \u00a0el \u00a0pa\u00eds \u00a0solicitante \u00a0es \u00a0considerada \u00a0como \u00a0delito \u00a0en \u00a0Colombia, debe hacerse una comparaci\u00f3n entre las \u00a0normas \u00a0que \u00a0all\u00ed \u00a0sustentan \u00a0la \u00a0sindicaci\u00f3n, \u00a0con \u00a0las de orden interno para \u00a0establecer \u00a0si \u00a0\u00e9stas \u00a0tambi\u00e9n \u00a0recogen los comportamientos contenidos en cada \u00a0uno de los cargos. \u00a0\u00a0<\/p>\n<p>Tal \u00a0 confrontaci\u00f3n \u00a0 se \u00a0 hace \u00a0 con \u00a0la \u00a0normatividad \u00a0que est\u00e1 en vigor al momento de rendir el concepto, puesto que lo \u00a0emite \u00a0dentro del tr\u00e1mite de un mecanismo de cooperaci\u00f3n internacional, raz\u00f3n \u00a0por \u00a0la cual la aplicaci\u00f3n del principio de favorabilidad que podr\u00eda arg\u00fcirse \u00a0como \u00a0producto \u00a0natural \u00a0de \u00a0la \u00a0sucesi\u00f3n \u00a0de \u00a0leyes no entrar\u00eda en juego, por \u00a0cuanto \u00a0las dom\u00e9sticas no son las que operar\u00e1n en el extranjero. Lo que a este \u00a0prop\u00f3sito \u00a0 determina \u00a0el \u00a0concepto \u00a0es \u00a0que, \u00a0sin \u00a0importar \u00a0la \u00a0denominaci\u00f3n \u00a0jur\u00eddica, \u00a0el \u00a0acto \u00a0desarrollado por el ciudadano cuya extradici\u00f3n se demanda \u00a0sea igualmente considerado como delictuoso en el territorio patrio. \u00a0\u00a0<\/p>\n<p>5.1. \u00a0De acuerdo con las notas verbales y la \u00a0copia \u00a0de la acusaci\u00f3n10-20640-CR-COOKE(s), los cargos formulados contra TOM\u00c1S \u00a0ENRIQUE CARCASSES ESTRADA, se resumen de la siguiente manera: \u00a0\u00a0<\/p>\n<p>\u201cCargo \u00a0uno: \u00a0Concierto \u00a0para \u00a0fabricar \u00a0y \u00a0distribuir \u00a0una \u00a0sustancia \u00a0controlada (un kilogramos o m\u00e1s de hero\u00edna) con el \u00a0conocimiento \u00a0de \u00a0que \u00a0dicha sustancia controlada ser\u00eda ilegalmente importada a \u00a0los \u00a0Estados \u00a0Unidos, \u00a0lo \u00a0cual es en contra del T\u00edtulo 21, Secci\u00f3n 959(a) (2) \u00a0del \u00a0C\u00f3digo \u00a0de los Estados Unidos, en violaci\u00f3n del T\u00edtulo 21, secciones 963 \u00a0y\u00a0 960 (b) (1) (A) del C\u00f3digo de los Estados Unidos; y \u00a0\u00a0<\/p>\n<p>\u201cCargos \u00a0dos: \u00a0Concierto \u00a0para \u00a0poseer una \u00a0sustancia \u00a0controlada \u00a0(un \u00a0kilogramo \u00a0o \u00a0m\u00e1s de hero\u00edna) con la intenci\u00f3n de \u00a0distribuirla, \u00a0lo \u00a0cual \u00a0es \u00a0en \u00a0contra del T\u00edtulo 21, Secci\u00f3n 841 (a) (1) del \u00a0C\u00f3digo \u00a0de \u00a0los \u00a0Estados \u00a0Unidos, en violaci\u00f3n del T\u00edtulo 21, Secciones 846 y \u00a0841 (b) (1) (A) (i) del C\u00f3digo de los Estados Unidos.\u201d\u00a0 \u00a0\u00a0<\/p>\n<p>5.2. \u00a0La \u00a0Secci\u00f3n \u00a0959 \u00a0del \u00a0T\u00edtulo 21 del \u00a0C\u00f3digo de los Estados Unidos prescribe: \u00a0\u00a0<\/p>\n<p>\u201c(a) Fabricaci\u00f3n \u00a0o \u00a0distribuci\u00f3n \u00a0con fines de importaci\u00f3n il\u00edcita. Ser\u00e1 ilegal que cualquier \u00a0persona \u00a0fabrique \u00a0o \u00a0distribuya \u00a0una \u00a0sustancia controlada de la Tabla I o II o \u00a0flunitrazepam \u00a0o qu\u00edmico listado\u2026 (2) Con conocimiento de que esa sustancia o \u00a0ese \u00a0qu\u00edmico \u00a0ser\u00e1 \u00a0importado il\u00edcitamente a los Estados Unidos o a las aguas \u00a0dentro de las 12 millas de la costa de los Estados Unidos\u201d. \u00a0\u00a0<\/p>\n<p>A \u00a0su \u00a0turno, \u00a0la \u00a0Secci\u00f3n \u00a0960 \u00a0del citado \u00a0T\u00edtulo 21, consagra: \u00a0\u00a0<\/p>\n<p>\u201c(b) \u00a0Las \u00a0Penas \u00a0(1) \u00a0En \u00a0caso \u00a0de \u00a0una \u00a0violaci\u00f3n \u00a0a \u00a0la \u00a0subsecci\u00f3n (a) de esta secci\u00f3n, que trata de\u2026\u00a0 (A) 1 \u00a0kilogramo \u00a0 o \u00a0m\u00e1s \u00a0de \u00a0una \u00a0mezcla \u00a0o \u00a0sustancia \u00a0que \u00a0contenga \u00a0una \u00a0cantidad \u00a0perceptible \u00a0de \u00a0hero\u00edna; \u00a0\u2026El \u00a0que \u00a0cometa \u00a0tal \u00a0violaci\u00f3n \u00a0de la ley ser\u00e1 \u00a0castigado \u00a0con la pena de prisi\u00f3n por un t\u00e9rmino de cuando menos 10 a\u00f1os y no \u00a0mayor que la cadena perpetua\u2026\u201d. \u00a0\u00a0<\/p>\n<p>Igualmente, \u00a0el art\u00edculo 841 del T\u00edtulo 21 \u00a0del C\u00f3digo de los Estados Unidos, establece: \u00a0\u00a0<\/p>\n<p>\u201cActos \u00a0prohibidos A \u00a0 \u00a0 \u00a0<\/p>\n<p>a. Salvo \u00a0lo \u00a0que se autorice en este \u00a0subcap\u00edtulo, \u00a0ser\u00e1 \u00a0ilegal \u00a0que \u00a0cualquier persona con conocimiento de causa o \u00a0intencionalmente \u00a0 \u00a0 \u00a0\u00a0<\/p>\n<p>1. Fabrique, \u00a0distribuya, \u00a0o \u00a0dispense, \u00a0o \u00a0posea \u00a0con intenciones de \u00a0fabricar, \u00a0 \u00a0distribuir \u00a0 \u00a0o \u00a0 dispensar, \u00a0 una \u00a0 substancia \u00a0 controlada;\u2026\u201d \u00a0 \u00a0\u00a0<\/p>\n<p>5.3. Los anteriores cargos, concretados en la \u00a0conspiraci\u00f3n \u00a0entre varias personas para cometer delitos (importar a territorio \u00a0de \u00a0los \u00a0Estados Unidos cantidades perceptibles de hero\u00edna, para distribuirla), \u00a0tienen \u00a0su \u00a0correspondencia \u00a0en el C\u00f3digo Penal colombiano, espec\u00edficamente en \u00a0el \u00a0art\u00edculo \u00a0340, \u00a0inciso 2\u00ba, modificado por los art\u00edculos 8\u00ba de la Ley 733 \u00a0de \u00a02002, \u00a014 \u00a0de la Ley 890 de 2004 y 19 de la Ley 1121 de 2006, preceptiva que \u00a0establece \u00a0una \u00a0pena que hoy va de 8 a 18 a\u00f1os de prisi\u00f3n y multa que de 2.700 \u00a0a \u00a030.000 \u00a0smlmv., para quien se concierte para cometer, entre otros, delitos de \u00a0tr\u00e1fico \u00a0 \u00a0 de \u00a0 \u00a0 drogas \u00a0 \u00a0 t\u00f3xicas, \u00a0 \u00a0 estupefacientes \u00a0 \u00a0 o \u00a0 \u00a0sustancias \u00a0psicotr\u00f3picas. \u00a0\u00a0<\/p>\n<p>Del \u00a0 mismo \u00a0modo, \u00a0tanto \u00a0conspirar \u00a0como \u00a0concertar \u00a0envuelven \u00a0la \u00a0idea \u00a0de \u00a0acordar \u00a0voluntades \u00a0para adelantar precisas \u00a0actividades \u00a0y \u00a0obtener \u00a0un \u00a0fin, \u00a0el \u00a0cual \u00a0ser\u00eda, en este caso, el de cometer \u00a0delitos de narcotr\u00e1fico. \u00a0\u00a0<\/p>\n<p>Adem\u00e1s, \u00a0los \u00a0cargos \u00a0relacionados \u00a0con \u00a0la \u00a0concreta \u00a0importaci\u00f3n \u00a0de \u00a0la \u00a0sustancia \u00a0vedada \u00a0al \u00a0territorio de los Estados \u00a0Unidos \u00a0y \u00a0su \u00a0distribuci\u00f3n, tienen correspondencia en la legislaci\u00f3n punitiva \u00a0patria, \u00a0toda \u00a0vez \u00a0que \u00a0el \u00a0art\u00edculo \u00a0376 \u00a0tipifica \u00a0el \u00a0delito \u00a0de \u00a0tr\u00e1fico, \u00a0fabricaci\u00f3n o porte de estupefacientes, de la siguiente manera: \u00a0\u00a0<\/p>\n<p>\u201cEl \u00a0que \u00a0sin \u00a0permiso \u00a0de \u00a0autoridad \u00a0competente, \u00a0salvo \u00a0lo \u00a0dispuesto \u00a0sobre \u00a0dosis para uso \u00a0personal, \u00a0 introduzca \u00a0al \u00a0pa\u00eds, \u00a0as\u00ed \u00a0sea \u00a0en \u00a0tr\u00e1nsito \u00a0o \u00a0saque \u00a0de \u00a0\u00e9l, \u00a0transporte, \u00a0 lleve \u00a0 consigo, \u00a0almacene, \u00a0conserve, \u00a0elabore, \u00a0venda, \u00a0ofrezca, \u00a0financie \u00a0o \u00a0suministre \u00a0a \u00a0cualquier \u00a0t\u00edtulo \u00a0droga \u00a0que produzca dependencia, \u00a0incurrir\u00e1 \u00a0en prisi\u00f3n de ocho (8) a veinte (20) a\u00f1os y multa de mil (1.000) a \u00a0cincuenta \u00a0mil (50.000) salarios m\u00ednimos legales mensuales vigentes\u201d. \u00a0\u00a0<\/p>\n<p>6. \u00a0 Habi\u00e9ndose \u00a0verificado \u00a0el \u00a0cumplimiento de todos los requisitos se\u00f1alados en el C\u00f3digo de \u00a0Procedimiento \u00a0 \u00a0Penal, \u00a0 \u00a0la \u00a0 \u00a0Corte \u00a0 \u00a0CONCEPT\u00daA \u00a0FAVORABLEMENTE \u00a0 a \u00a0 la \u00a0extradici\u00f3n \u00a0del \u00a0ciudadano \u00a0colombiano \u00a0TOM\u00c1S \u00a0ENRIQUE CARCASSES ESTRADA, cuyas notas civiles y condiciones \u00a0personales \u00a0fueron \u00a0constatadas \u00a0en \u00a0el cuerpo de este pronunciamiento, conforme \u00a0con \u00a0la \u00a0notas \u00a0verbales Nos.0424 y 0966, del 24 de febrero y 3 de mayo de 2012, \u00a0respectivamente, \u00a0suscritas \u00a0por \u00a0la Embajada de los Estados Unidos de Am\u00e9rica, \u00a0por \u00a0el cargo imputado en la resoluci\u00f3n de acusaci\u00f3n No. 10-20640-CR-COOKE(s), \u00a0dictada \u00a0el 19 de enero de 2012 en la Corte Distrital de los Estados Unidos para \u00a0el Distrito Sur de Florida. \u00a0\u00a0<\/p>\n<p>6.1. \u00a0En \u00a0todo \u00a0caso, \u00a0habida \u00a0cuenta que de \u00a0acuerdo \u00a0con las normas punitivas de los Estados Unidos aplicables a los delitos \u00a0por \u00a0los \u00a0que \u00a0solicit\u00f3 \u00a0la \u00a0extradici\u00f3n \u00a0prev\u00e9n \u00a0como \u00a0sanci\u00f3n hasta cadena \u00a0perpetua, \u00a0la cual est\u00e1 prohibida en Colombia (art\u00edculo 34 de la Constituci\u00f3n \u00a0Pol\u00edtica), \u00a0le \u00a0corresponde \u00a0al \u00a0Gobierno \u00a0Nacional, \u00a0en caso de que conceda la \u00a0entrega \u00a0requerida, \u00a0condicionar \u00a0la extradici\u00f3n a la conmutaci\u00f3n de la misma, \u00a0as\u00ed \u00a0como \u00a0imponer \u00a0las \u00a0exigencias que considere oportunas para que se observe \u00a0ese \u00a0precepto \u00a0constitucional, y a fin de que no vaya a ser juzgado por un hecho \u00a0anterior \u00a0 al \u00a0 que \u00a0motiva \u00a0la \u00a0extradici\u00f3n \u00a0(art\u00edculo \u00a0494 \u00a0del \u00a0C\u00f3digo \u00a0de \u00a0Procedimiento \u00a0Penal), \u00a0ni \u00a0sometido \u00a0a tratos crueles, inhumanos o degradantes. \u00a0Del \u00a0mismo \u00a0modo, \u00a0para \u00a0que \u00a0a TOM\u00c1S ENRIQUE CARCASSES ESTRADA se le reconozca \u00a0como \u00a0parte \u00a0cumplida \u00a0de \u00a0la \u00a0pena \u00a0que \u00a0se \u00a0le \u00a0llegare \u00a0a imponer en el pa\u00eds \u00a0requirente, \u00a0el \u00a0tiempo \u00a0que ha permanecido privado de la libertad por raz\u00f3n de \u00a0este tr\u00e1mite. \u00a0\u00a0<\/p>\n<p>6.2. Tambi\u00e9n es preciso advertir que como el \u00a0instrumento \u00a0de \u00a0la \u00a0extradici\u00f3n entre Estados Unidos de Am\u00e9rica y Colombia se \u00a0rige, \u00a0en \u00a0ausencia \u00a0de \u00a0un \u00a0instrumento internacional que regule los motivos de \u00a0procedencia, \u00a0requisitos, \u00a0tr\u00e1mite \u00a0y condiciones, por las normas contenidas en \u00a0la \u00a0Constituci\u00f3n \u00a0Pol\u00edtica \u00a0(art\u00edculo \u00a035) \u00a0y \u00a0en el C\u00f3digo de Procedimiento \u00a0Penal \u00a0(art\u00edculos \u00a0490 \u00a0a \u00a0514 \u00a0de \u00a0la \u00a0Ley \u00a0906 \u00a0de \u00a02004), cuando recae sobre \u00a0ciudadanos \u00a0colombianos por nacimiento \u2013si \u00a0es \u00a0pasiva-, \u00a0es \u00a0imperioso \u00a0que \u00a0el \u00a0Gobierno Nacional haga las \u00a0exigencias \u00a0que \u00a0estime \u00a0convenientes en aras a que en el pa\u00eds reclamante se le \u00a0reconozcan \u00a0 todos \u00a0los \u00a0derechos \u00a0y \u00a0garant\u00edas \u00a0inherentes \u00a0a \u00a0su \u00a0calidad \u00a0de \u00a0colombiano \u00a0y \u00a0de procesado, en especial las contenidas en la Carta Fundamental, \u00a0entre \u00a0ellas \u00a0la \u00a0prevista \u00a0en el art\u00edculo 42, seg\u00fan la cual, la familia es el \u00a0n\u00facleo \u00a0central \u00a0de \u00a0la \u00a0sociedad, \u00a0motivo por el cual deber\u00e1 permitirse a sus \u00a0parientes mantener un contacto permanente. \u00a0\u00a0<\/p>\n<p>Asimismo, \u00a0se deber\u00e1n acatar los derechos y \u00a0garant\u00edas \u00a0consagrados en el denominado bloque de constitucionalidad, es decir, \u00a0en \u00a0aquellos \u00a0convenios internacionales ratificados por Colombia que consagran y \u00a0desarrollan \u00a0derechos \u00a0humanos \u00a0(art\u00edculo \u00a093 de la Constituci\u00f3n, Declaraci\u00f3n \u00a0Universal \u00a0de Derechos Humanos, Convenci\u00f3n Americana de Derechos Humanos, Pacto \u00a0Internacional \u00a0de \u00a0Derechos \u00a0Civiles \u00a0y \u00a0Pol\u00edticos), \u00a0en \u00a0virtud \u00a0del \u00a0deber de \u00a0protecci\u00f3n \u00a0a \u00a0esos derechos que para todas las autoridades p\u00fablicas emana del \u00a0art\u00edculo 2\u00ba ib\u00eddem. \u00a0\u00a0<\/p>\n<p>Tales \u00a0condicionamientos \u00a0tienen \u00a0car\u00e1cter \u00a0imperioso, \u00a0porque \u00a0la \u00a0extradici\u00f3n \u00a0de un ciudadano colombiano por nacimiento, \u00a0cualquiera \u00a0sea \u00a0el \u00a0delito que dio lugar a su entrega a un pa\u00eds extranjero, no \u00a0implica \u00a0que \u00a0pierda \u00a0su \u00a0nacionalidad \u00a0ni \u00a0los derechos que le son anejos a tal \u00a0calidad. \u00a0Por \u00a0tanto, \u00a0el deber de protecci\u00f3n de las autoridades colombianas se \u00a0extiende \u00a0a \u00a0tal \u00a0punto, \u00a0que \u00a0han \u00a0de \u00a0vigilar que en el pa\u00eds reclamante se le \u00a0respete \u00a0los \u00a0derechos \u00a0y garant\u00edas tal como si fuese juzgado en Colombia. A lo \u00a0que \u00a0renuncia \u00a0el \u00a0Estado que accede a la entrega de un connacional es a ejercer \u00a0su \u00a0soberan\u00eda \u00a0jurisdiccional, de modo que en tanto aqu\u00e9l siga siendo s\u00fabdito \u00a0de \u00a0Colombia, conserva a su favor todas las prerrogativas, garant\u00edas y derechos \u00a0que \u00a0emanan \u00a0de \u00a0la \u00a0Constituci\u00f3n \u00a0y \u00a0la \u00a0ley, \u00a0en \u00a0particular, aquellos que se \u00a0relacionan \u00a0con \u00a0su \u00a0calidad \u00a0de \u00a0procesado y que tienen que ver con la dignidad \u00a0humana. \u00a0\u00a0<\/p>\n<p>P\u00e1gina contiene firma \u00a0del Presidente de la Sala \u00a0\u00a0<\/p>\n<p>Extradici\u00f3n \u00a0 N\u00b0 \u00a0 39.032 \u00a0\u2013concepto favorable- \u00a0<\/p>\n<p>Por \u00a0esa \u00a0raz\u00f3n, \u00a0de \u00a0conformidad \u00a0con \u00a0lo \u00a0establecido \u00a0por \u00a0el \u00a0art\u00edculo 189-2 de la Constituci\u00f3n Pol\u00edtica, al Gobierno \u00a0Nacional, \u00a0en \u00a0cabeza \u00a0del \u00a0se\u00f1or \u00a0Presidente \u00a0de \u00a0la \u00a0Rep\u00fablica \u00a0como supremo \u00a0director \u00a0de \u00a0la \u00a0pol\u00edtica \u00a0exterior \u00a0y \u00a0de \u00a0las relaciones internacionales, le \u00a0corresponde \u00a0hacer \u00a0estricto \u00a0seguimiento \u00a0del \u00a0cumplimiento por parte del pa\u00eds \u00a0requirente \u00a0de \u00a0los \u00a0condicionamientos \u00a0atr\u00e1s \u00a0referenciados y establecer, as\u00ed \u00a0mismo, las consecuencias de su inobservancia. \u00a0\u00a0<\/p>\n<p>La \u00a0Secretar\u00eda \u00a0de la Sala comunicar\u00e1 este \u00a0concepto \u00a0 al \u00a0 solicitado \u00a0TOM\u00c1S \u00a0ENRIQUE \u00a0CARCASSES \u00a0ESTRADA, \u00a0y \u00a0dem\u00e1s \u00a0intervinientes \u00a0en el tr\u00e1mite de \u00a0extradici\u00f3n. \u00a0\u00a0<\/p>\n<p>Devu\u00e9lvase \u00a0el \u00a0expediente al Ministerio de \u00a0Justicia y del Derecho para lo de su competencia. \u00a0\u00a0<\/p>\n<p>Comun\u00edquese y c\u00famplase. \u00a0<\/p>\n<p>JOS\u00c9 LEONIDAS BUSTOS MART\u00cdNEZ \u00a0<\/p>\n<p>P\u00e1gina contiene firma \u00a0de 8 Magistrados \u00a0\u00a0<\/p>\n<p>Extradici\u00f3n \u00a0 N\u00b0 \u00a0 39.032 \u00a0\u2013concepto favorable- \u00a0<\/p>\n<p>JOS\u00c9 \u00a0 \u00a0 \u00a0 LUIS \u00a0 \u00a0 \u00a0 BARCEL\u00d3 \u00a0CAMACHO\u00a0\u00a0\u00a0\u00a0\u00a0\u00a0\u00a0\u00a0\u00a0\u00a0\u00a0 \u00a0FERNANDO A. CASTRO CABALLERO \u00a0\u00a0<\/p>\n<p>SIGIFREDO \u00a0 \u00a0 \u00a0 \u00a0 \u00a0ESPINOSA \u00a0P\u00c9REZ\u00a0\u00a0\u00a0\u00a0\u00a0\u00a0\u00a0\u00a0\u00a0 \u00a0MAR\u00cdA DEL ROSARIO \u00a0GONZ\u00c1LEZ MU\u00d1OZ \u00a0\u00a0<\/p>\n<p>LUIS \u00a0GUILLERMO \u00a0SALAZAR \u00a0OTERO \u00a0 \u00a0 \u00a0 \u00a0\u00a0 \u00a0 \u00a0 \u00a0 \u00a0\u00a0 \u00a0 \u00a0 \u00a0 \u00a0\u00a0 \u00a0 \u00a0 \u00a0 \u00a0\u00a0\u00a0\u00a0\u00a0\u00a0 \u00a0 \u00a0 \u00a0 JULIO \u00a0 \u00a0 \u00a0 ENRIQUE \u00a0 \u00a0 \u00a0SOCHA \u00a0SALAMANCA \u00a0\u00a0<\/p>\n<p>JAVIER DE JES\u00daS ZAPATA ORTIZ \u00a0<\/p>\n<p>Nubia Yolanda Nova Garc\u00eda \u00a0<\/p>\n<p>Secretaria \u00a0 \u00a0<\/p>\n<p><\/p>\n","protected":false},"excerpt":{"rendered":"<p>\u00a0 \u00a0 Proceso n\u00ba 39032 \u00a0 CORTE SUPREMA DE JUSTICIA \u00a0 SALA DE CASACI\u00d3N PENAL \u00a0 Magistrado Ponente: \u00a0 Dr. SIGIFREDO ESPINOSA P\u00c9REZ \u00a0 Aprobado Acta N\u00b0 218. \u00a0 Bogot\u00e1, \u00a0D.C., \u00a0seis \u00a0de \u00a0junio \u00a0de \u00a0dos mil \u00a0doce. \u00a0\u00a0 V I S T O S \u00a0 De \u00a0conformidad \u00a0con \u00a0lo \u00a0preceptuado \u00a0en el \u00a0art\u00edculo \u00a070 [&hellip;]<\/p>\n","protected":false},"author":1,"featured_media":0,"comment_status":"open","ping_status":"open","sticky":false,"template":"","format":"standard","meta":{"footnotes":""},"categories":[20],"tags":[],"class_list":["post-24613","post","type-post","status-publish","format-standard","hentry","category-20"],"_links":{"self":[{"href":"https:\/\/dmsjuridica.com\/buscador_20179478954\/salapenalcronologico20230723\/wp-json\/wp\/v2\/posts\/24613","targetHints":{"allow":["GET"]}}],"collection":[{"href":"https:\/\/dmsjuridica.com\/buscador_20179478954\/salapenalcronologico20230723\/wp-json\/wp\/v2\/posts"}],"about":[{"href":"https:\/\/dmsjuridica.com\/buscador_20179478954\/salapenalcronologico20230723\/wp-json\/wp\/v2\/types\/post"}],"author":[{"embeddable":true,"href":"https:\/\/dmsjuridica.com\/buscador_20179478954\/salapenalcronologico20230723\/wp-json\/wp\/v2\/users\/1"}],"replies":[{"embeddable":true,"href":"https:\/\/dmsjuridica.com\/buscador_20179478954\/salapenalcronologico20230723\/wp-json\/wp\/v2\/comments?post=24613"}],"version-history":[{"count":0,"href":"https:\/\/dmsjuridica.com\/buscador_20179478954\/salapenalcronologico20230723\/wp-json\/wp\/v2\/posts\/24613\/revisions"}],"wp:attachment":[{"href":"https:\/\/dmsjuridica.com\/buscador_20179478954\/salapenalcronologico20230723\/wp-json\/wp\/v2\/media?parent=24613"}],"wp:term":[{"taxonomy":"category","embeddable":true,"href":"https:\/\/dmsjuridica.com\/buscador_20179478954\/salapenalcronologico20230723\/wp-json\/wp\/v2\/categories?post=24613"},{"taxonomy":"post_tag","embeddable":true,"href":"https:\/\/dmsjuridica.com\/buscador_20179478954\/salapenalcronologico20230723\/wp-json\/wp\/v2\/tags?post=24613"}],"curies":[{"name":"wp","href":"https:\/\/api.w.org\/{rel}","templated":true}]}}