{"id":24570,"date":"2023-09-12T17:22:20","date_gmt":"2023-09-12T17:22:20","guid":{"rendered":"https:\/\/dmsjuridica.com\/buscador_20179478954\/salapenalcronologico20230723\/2023\/09\/12\/3896913-06-12\/"},"modified":"2023-09-12T17:22:20","modified_gmt":"2023-09-12T17:22:20","slug":"3896913-06-12","status":"publish","type":"post","link":"https:\/\/dmsjuridica.com\/buscador_20179478954\/salapenalcronologico20230723\/2023\/09\/12\/3896913-06-12\/","title":{"rendered":"38969(13-06-12)"},"content":{"rendered":"\n<p>\u00a0 \u00a0 CORTE SUPREMA DE JUSTICIA \u00a0<\/p>\n<p>SALA DE CASACI\u00d3N PENAL \u00a0<\/p>\n<p>Magistrado Ponente: \u00a0<\/p>\n<p>Dr. SIGIFREDO ESPINOSA P\u00c9REZ \u00a0<\/p>\n<p>Aprobado Acta No. 227. \u00a0<\/p>\n<p>Bogot\u00e1, \u00a0D.C., \u00a0trece \u00a0de \u00a0junio \u00a0de dos mil \u00a0doce. \u00a0\u00a0<\/p>\n<p>V I S T O S \u00a0<\/p>\n<p>Vencido \u00a0 el \u00a0t\u00e9rmino \u00a0para \u00a0promover \u00a0el \u00a0mecanismo \u00a0de \u00a0insistencia \u00a0sin \u00a0que se haya deprecado el mismo, se pronuncia la \u00a0Corte \u00a0oficiosamente \u00a0sobre \u00a0la \u00a0sentencia de segunda instancia proferida por la \u00a0Sala \u00a0Penal \u00a0del \u00a0Tribunal \u00a0Superior \u00a0del \u00a0Distrito \u00a0Judicial de Cali (Valle del \u00a0Cauca), \u00a0el \u00a020 \u00a0de febrero de 2012, confirmatoria de la emitida el 17 de agosto \u00a0de \u00a02011 \u00a0por \u00a0el Juzgado 14 Penal del Circuito con funciones de conocimiento de \u00a0esa \u00a0ciudad, \u00a0en \u00a0la \u00a0cual \u00a0se \u00a0conden\u00f3 \u00a0a CRISTI\u00c1N EDUARDO TRUJILLO VILLOTA y \u00a0JHONNY \u00a0ALEX\u00c1NDER \u00a0GAMBOA \u00a0LONDO\u00d1O, \u00a0como \u00a0coautores del concurso de conductas \u00a0punibles \u00a0 constitutivas \u00a0 de \u00a0 homicidio \u00a0y fabricaci\u00f3n, tr\u00e1fico y porte de armas \u00a0de \u00a0fuego o municiones agravado, a la pena principal de \u00a0270 \u00a0meses \u00a0de prisi\u00f3n, y a las sanciones accesorias de inhabilitaci\u00f3n para el \u00a0ejercicio \u00a0de \u00a0derechos \u00a0y funciones p\u00fablicas y prohibici\u00f3n para la tenencia y \u00a0porte de armas, por 240 meses. \u00a0\u00a0<\/p>\n<p>H E C H O S \u00a0<\/p>\n<p>En \u00a0el \u00a0auto \u00a0inadmisorio \u00a0de \u00a0la demanda de \u00a0casaci\u00f3n, \u00a0la \u00a0Corte \u00a0prohij\u00f3 \u00a0el \u00a0siguiente \u00a0resumen \u00a0de los acontecimientos, \u00a0ocurridos en la ciudad de Cali (Valle del Cauca): \u00a0\u00a0<\/p>\n<p>\u201cSiendo aproximadamente las 22:30 horas del \u00a0d\u00eda \u00a026 \u00a0de \u00a0enero \u00a0de \u00a02010 \u00a0se encontraban patrullando agentes de la Polic\u00eda \u00a0Nacional \u00a0por \u00a0la \u00a0Avenida Sim\u00f3n Bol\u00edvar con carrera 68 del barrio La Alborada \u00a0cuando \u00a0la \u00a0central \u00a0de \u00a0comunicaciones \u00a0de \u00a0la \u00a0Polic\u00eda les inform\u00f3 que otras \u00a0unidades \u00a0de \u00a0ese \u00a0cuerpo \u00a0de \u00a0seguridad de la Estaci\u00f3n El Diamante, ven\u00edan en \u00a0persecuci\u00f3n \u00a0por \u00a0la \u00a0carrera 50 con Avenida Sim\u00f3n Bol\u00edvar de una motocicleta \u00a0KMX \u00a0de \u00a0color \u00a0verde, \u00a0que \u00a0llevaba un parrillero hombre quienes momentos antes \u00a0hab\u00edan \u00a0dado \u00a0muerte \u00a0a \u00a0una persona en la carrera 29 con calle 72 U del barrio \u00a0Poblado \u00a0II, \u00a0dirigi\u00e9ndose \u00a0a apoyar ese procedimiento, realizando un cierre en \u00a0la \u00a0 carrera \u00a0 50 \u00a0con \u00a0dicha \u00a0avenida, \u00a0observando \u00a0una \u00a0motocicleta \u00a0con \u00a0esas \u00a0caracter\u00edsticas \u00a0y \u00a0detr\u00e1s de \u00e9sta ven\u00edan unas patrullas motorizadas, por lo \u00a0que \u00a0 procedieron \u00a0 a \u00a0 obstruirle \u00a0 el \u00a0paso, \u00a0deteni\u00e9ndose \u00a0el \u00a0motociclista, \u00a0descendiendo \u00a0de \u00a0ella \u00a0el \u00a0parrillero \u00a0JHONNY \u00a0ALEX\u00c1NDER GAMBOA LONDO\u00d1O quien \u00a0emprende \u00a0la \u00a0hu\u00edda \u00a0saltando \u00a0la \u00a0malla \u00a0del parque recreacional Mar\u00eda Isabel \u00a0Urrutia, \u00a0saliendo \u00a0en su persecuci\u00f3n el subintendente AGUDELO TAMAYO JHON y el \u00a0patrullero \u00a0RODR\u00cdGUEZ \u00a0NARV\u00c1EZ \u00a0WILMER \u00a0captur\u00e1ndolo \u00a0dentro \u00a0del \u00a0parque, no \u00a0hall\u00e1ndole \u00a0ning\u00fan objeto il\u00edcito en su poder. El conductor de la motocicleta \u00a0se \u00a0apeo \u00a0(sic) \u00a0de \u00a0la \u00a0misma \u00a0y se identific\u00f3 como CRISTI\u00c1N EDUARDO TRUJILLO \u00a0VILLOTA \u00a0quien \u00a0al \u00a0practicarle \u00a0una \u00a0requisa \u00a0se le encontr\u00f3 en la pretina del \u00a0pantal\u00f3n \u00a0un \u00a0arma de fuego, tipo rev\u00f3lver y dentro de un malet\u00edn que llevaba \u00a0terciado \u00a0a \u00a0la \u00a0espalda \u00a0otra arma de fuego, tipo pistola y dos celulares marca \u00a0Nokia \u00a0y \u00a0Motorola \u00a0L6, \u00a0ley\u00e9ndosele \u00a0los \u00a0derechos \u00a0del \u00a0capturado y puestos a \u00a0disposici\u00f3n del Juez de Control de Garant\u00edas. \u00a0\u00a0<\/p>\n<p>La \u00a0patrulla \u00a0de \u00a0polic\u00eda \u00a0Diamante \u00a0C13-2 \u00a0conformada \u00a0por \u00a0ROMERO \u00a0HUGO y D\u00cdAZ ANDR\u00c9S quienes ven\u00edan en persecuci\u00f3n de \u00a0la \u00a0motocicleta, \u00a0informaron \u00a0que esos sujetos hab\u00edan ultimado a una persona en \u00a0la \u00a0carrera \u00a029 con calle 72 U, siendo observado uno de ellos cuando con un arma \u00a0de \u00a0fuego \u00a0en la mano le disparaba a otra persona que yac\u00eda en el suelo, sujeto \u00a0que \u00a0al \u00a0notar \u00a0la \u00a0presencia \u00a0de \u00a0la polic\u00eda dirige el arma contra ellos y les \u00a0dispara \u00a0a la vez que huye hac\u00eda una motocicleta KMX de color verde, se apea de \u00a0ella y huyen. \u00a0\u00a0<\/p>\n<p>Se \u00a0 indic\u00f3 \u00a0 que \u00a0 la \u00a0persona \u00a0ultimada \u00a0corresponde \u00a0a \u00a0FRANKLIN \u00a0HENRY \u00a0ASTAIZA \u00a0TABARES \u00a0quien fue llevado al Hospital \u00a0Carlos \u00a0Holmes \u00a0Trujillo, \u00a0por presentar una herida en la regi\u00f3n occipital lado \u00a0derecho, \u00a0otra \u00a0en \u00a0el \u00a0cuello \u00a0del \u00a0mismo \u00a0lado \u00a0y \u00a0una tercera en el antebrazo \u00a0derecho, \u00a0todas \u00a0ellas \u00a0producidas \u00a0con arma de fuego, lugar donde fallece. As\u00ed \u00a0mismo \u00a0se inform\u00f3 que a dicho centro asistencial fue llevado tambi\u00e9n CRISTI\u00c1N \u00a0EDUARDO \u00a0TRUJILLO \u00a0VILLOTA \u00a0por \u00a0presentar \u00a0una \u00a0herida \u00a0en el antebrazo derecho \u00a0producida \u00a0 en \u00a0el \u00a0intercambio \u00a0de \u00a0disparos \u00a0con \u00a0la \u00a0patrulla \u00a0de \u00a0la \u00a0comuna \u00a013. \u00a0\u00a0<\/p>\n<p>Dentro \u00a0 de \u00a0la \u00a0investigaci\u00f3n \u00a0se \u00a0logra \u00a0establecer \u00a0 que \u00a0la \u00a0motocicleta \u00a0en \u00a0la \u00a0que \u00a0se \u00a0movilizaban \u00a0los \u00a0procesados \u00a0corresponde \u00a0a una motocicleta, marca Kawasaki KMX 125, de color verde y morada, \u00a0con \u00a0tapas \u00a0blancas, \u00a0Placa AFD 09B, chasis n\u00famero MX125F4A91367, motor n\u00famero \u00a0MX125AE091367\u201d. \u00a0\u00a0<\/p>\n<p>DECURSO PROCESAL \u00a0<\/p>\n<p>En audiencias preliminares llevadas a cabo el \u00a027 \u00a0de \u00a0enero de 2010 ante el Juzgado 31 Penal Municipal con funci\u00f3n de control \u00a0de \u00a0garant\u00edas \u00a0de \u00a0Cali, \u00a0se \u00a0legalizaron \u00a0las \u00a0capturas \u00a0de \u00a0CRISTI\u00c1N EDUARDO \u00a0TRUJILLO \u00a0 VILLOTA \u00a0 y \u00a0JHONNY \u00a0ALEX\u00c1NDER \u00a0GAMBOA \u00a0LONDO\u00d1O, \u00a0se \u00a0les \u00a0formul\u00f3 \u00a0imputaci\u00f3n \u00a0 por \u00a0 el \u00a0 concurso \u00a0 de \u00a0 conductas \u00a0 punibles \u00a0 de \u00a0homicidio \u00a0 y \u00a0fabricaci\u00f3n, \u00a0tr\u00e1fico \u00a0y \u00a0porte \u00a0de \u00a0armas \u00a0de \u00a0fuego o municiones, \u00a0y se les aplic\u00f3 medida de aseguramiento de detenci\u00f3n preventiva \u00a0en establecimiento carcelario. \u00a0\u00a0<\/p>\n<p>Como \u00a0los \u00a0procesados \u00a0no se allanaron a los \u00a0cargos \u00a0formulados, \u00a0el ente instructor present\u00f3 escrito de acusaci\u00f3n el 26 de \u00a0febrero \u00a0de \u00a0la \u00a0referida anualidad, en el cual reiter\u00f3 que se proced\u00eda por el \u00a0concurso \u00a0delictual ya citado, si bien agreg\u00f3 una causal de agravaci\u00f3n para el \u00a0il\u00edcito contra la seguridad p\u00fablica. \u00a0\u00a0<\/p>\n<p>El \u00a0conocimiento \u00a0de la etapa del juicio fue \u00a0asumido \u00a0por \u00a0el \u00a0Juzgado 14 Penal del Circuito con funciones de conocimiento de \u00a0esa \u00a0ciudad, \u00a0despacho \u00a0que \u00a0luego de realizar las audiencias de formulaci\u00f3n de \u00a0acusaci\u00f3n \u00a0\u2013el 7 de abril \u00a0del \u00a0 mismo \u00a0 a\u00f1o-, \u00a0 preparatoria \u00a0 \u2013el \u00a0 \u00a028 \u00a0 de \u00a0 mayo \u00a0 siguiente- \u00a0 y \u00a0 juicio \u00a0 oral \u00a0 \u2013en \u00a0sesiones \u00a0del \u00a024 de junio y 30 de \u00a0septiembre \u00a0de 2010, y 28 de abril y 25 de mayo de 2011-, dict\u00f3 sentencia el 17 \u00a0de \u00a0agosto \u00a0posterior, declarando la responsabilidad penal de ambos incriminados \u00a0en los delitos contenidos en el pliego acusatorio. \u00a0\u00a0<\/p>\n<p>Consecuente \u00a0 con \u00a0su \u00a0determinaci\u00f3n, \u00a0el \u00a0A \u00a0 quo \u00a0 les \u00a0impuso \u00a0las \u00a0sanciones \u00a0rese\u00f1adas \u00a0en \u00a0la \u00a0parte \u00a0inicial \u00a0de \u00a0este \u00a0prove\u00eddo, \u00a0esto es, la \u00a0principal \u00a0 de \u00a0270 \u00a0meses \u00a0de \u00a0prisi\u00f3n \u00a0y \u00a0las \u00a0accesorias \u00a0de \u00a0240 \u00a0meses \u00a0de \u00a0inhabilitaci\u00f3n \u00a0 para \u00a0 el \u00a0ejercicio \u00a0de \u00a0derechos \u00a0y \u00a0funciones \u00a0p\u00fablicas \u00a0y \u00a0prohibici\u00f3n \u00a0para la tenencia y porte de armas. Asimismo, orden\u00f3 el comiso del \u00a0veh\u00edculo \u00a0y las armas de fuego incautadas, y les neg\u00f3 el beneficio sustitutivo \u00a0de la suspensi\u00f3n condicional de la ejecuci\u00f3n de la pena. \u00a0\u00a0<\/p>\n<p>Apelada dicha providencia, la Sala Penal del \u00a0Tribunal \u00a0Superior \u00a0de Cali la confirm\u00f3 \u00edntegramente, mediante fallo del 20 de \u00a0febrero \u00a0del a\u00f1o en curso, el cual fue oportunamente recurrido en casaci\u00f3n por \u00a0el defensor del acusado CRISTI\u00c1N EDUARDO TRUJILLO VILLOTA. \u00a0\u00a0<\/p>\n<p>Con providencia del 23 de mayo del corriente \u00a0a\u00f1o, \u00a0la \u00a0Sala inadmiti\u00f3 la demanda de casaci\u00f3n, pero al detectar una posible \u00a0irregularidad \u00a0sustancial \u00a0en \u00a0el \u00a0proceso \u00a0de dosificaci\u00f3n de una de las penas \u00a0accesorias, \u00a0presuntamente \u00a0violatoria \u00a0del \u00a0principio de legalidad, dispuso que \u00a0una \u00a0vez \u00a0tal \u00a0decisi\u00f3n \u00a0cobrara ejecutoria, el asunto regresara a estudio para \u00a0hacer el debido pronunciamiento. \u00a0\u00a0<\/p>\n<p>CONSIDERACIONES DE LA CORTE \u00a0<\/p>\n<p>En \u00a0la \u00a0referida decisi\u00f3n del 23 de mayo de \u00a02012, \u00a0la \u00a0Corte \u00a0encontr\u00f3 \u00a0necesario \u00a0verificar si hubo menoscabo a las formas \u00a0propias \u00a0del \u00a0juicio \u00a0y las garant\u00edas que le asisten a los procesados CRISTI\u00c1N \u00a0EDUARDO \u00a0TRUJILLO \u00a0VILLOTA \u00a0y \u00a0JHONNY \u00a0ALEX\u00c1NDER \u00a0GAMBOA LONDO\u00d1O, porque en el \u00a0proceso \u00a0 de \u00a0 dosificaci\u00f3n \u00a0 punitiva, \u00a0 se \u00a0 desconoci\u00f3 \u00a0 el \u00a0 principio \u00a0de \u00a0legalidad. \u00a0\u00a0<\/p>\n<p>En \u00a0efecto, \u00a0del \u00a0recuento \u00a0objetivo \u00a0de \u00a0la \u00a0actuaci\u00f3n \u00a0 procesal \u00a0 advierte \u00a0 la \u00a0Sala \u00a0la \u00a0concurrencia \u00a0de \u00a0irregularidad \u00a0generadora \u00a0de \u00a0clara \u00a0violaci\u00f3n \u00a0a garant\u00edas fundamentales de ambos acusados, \u00a0cual \u00a0es \u00a0la \u00a0legalidad \u00a0de \u00a0la pena accesoria de la privaci\u00f3n del derecho a la \u00a0tenencia \u00a0y \u00a0porte \u00a0de \u00a0arma, \u00a0que \u00a0activa la facultad oficiosa de la Corte para \u00a0controlar la legalidad y constitucionalidad de la sentencia. \u00a0\u00a0<\/p>\n<p>Ello \u00a0porque \u00a0en \u00a0la \u00a0sentencia condenatoria \u00a0proferida \u00a0por el Juzgado 14 Penal del Circuito con funciones de conocimiento de \u00a0Cali, \u00a0confirmada \u00a0por \u00a0la \u00a0Sala \u00a0de \u00a0Decisi\u00f3n \u00a0Penal del Tribunal Superior del \u00a0Distrito \u00a0Judicial \u00a0de \u00a0esa \u00a0ciudad, \u00a0se \u00a0impuso \u00a0a \u00a0los \u00a0mencionados dicha pena \u00a0accesoria \u00a0por \u00a0un lapso de 240 meses, equivalentes a 20 a\u00f1os, lo cual desborda \u00a0el l\u00edmite m\u00e1ximo previsto en la ley para esta sanci\u00f3n. \u00a0\u00a0<\/p>\n<p>La \u00a0 \u00a0norma \u00a0 \u00a0aplicable \u00a0 \u00a0en \u00a0 \u00a0este \u00a0evento \u00a0es el art\u00edculo 51 \u00a0de \u00a0la \u00a0Ley \u00a0599 \u00a0de \u00a02000, \u00a0alusivo a la \u201cduraci\u00f3n \u00a0 \u00a0 de \u00a0 \u00a0 las \u00a0 \u00a0 penas \u00a0 \u00a0 privativas \u00a0 \u00a0de \u00a0 \u00a0otros \u00a0derechos\u201d, \u00a0cuyo \u00a0 \u00a0inciso \u00a0 \u00a06\u00b0 \u00a0se\u00f1ala que: \u00a0\u00a0<\/p>\n<p>\u201cLa \u00a0privaci\u00f3n \u00a0del \u00a0derecho \u00a0a \u00a0la \u00a0tenencia \u00a0y \u00a0porte de arma de uno \u00a0(1) a quince (15) a\u00f1os\u201d. \u00a0\u00a0<\/p>\n<p>Lo \u00a0 \u00a0 \u00a0anterior \u00a0 \u00a0 \u00a0permite \u00a0concluir \u00a0que, por disposici\u00f3n \u00a0del \u00a0legislador, \u00a0la pena m\u00e1xima para la \u00a0pena \u00a0accesoria \u00a0de \u00a0la privaci\u00f3n del \u00a0derecho a la tenencia y porte de armas, es de 15 a\u00f1os \u00a0\u00a0<\/p>\n<p>Bajo \u00a0 este \u00a0entendimiento, \u00a0es \u00a0 claro \u00a0 que \u00a0 los \u00a0 falladores \u00a0 se \u00a0equivocaron \u00a0al \u00a0condenar \u00a0a \u00a0los \u00a0procesados TRUJILLO \u00a0VILLOTA \u00a0y GAMBOA LONDO\u00d1O a \u00a0dicha \u00a0 \u00a0sanci\u00f3n \u00a0 \u00a0por \u00a0 \u00a0el \u00a0 t\u00e9rmino \u00a0 de \u00a0 20 \u00a0a\u00f1os, \u00a0pues, \u00a0este \u00a0tiempo \u00a0supera \u00a0el \u00a0tope m\u00e1ximo \u00a0fijado \u00a0 para \u00a0 la \u00a0 pena \u00a0en \u00a0comento en el \u00a0ya \u00a0citado \u00a0inciso \u00a0 6\u00ba \u00a0 \u00a0 del \u00a0 \u00a0 art\u00edculo \u00a0 \u00a051 \u00a0 \u00a0del \u00a0 \u00a0C\u00f3digo \u00a0 \u00a0Penal. \u00a0\u00a0<\/p>\n<p>En \u00a0 ese \u00a0contexto, \u00a0cuando \u00a0el \u00a0superior \u00a0jer\u00e1rquico \u00a0advierte \u00a0que \u00a0se \u00a0impuso \u00a0una \u00a0pena \u00a0inexistente, \u00a0o \u00a0una \u00a0de \u00a0las \u00a0prohibidas \u00a0constitucionalmente, o se dej\u00f3 de aplicar la legalmente prevista, o \u00a0se \u00a0tas\u00f3 \u00a0por \u00a0fuera \u00a0de \u00a0los \u00a0l\u00edmites previstos en la ley, se encuentra en la \u00a0obligaci\u00f3n \u00a0constitucional \u00a0de \u00a0adecuar \u00a0el \u00a0fallo a la normatividad existente; \u00a0deber \u00a0que \u00a0ha \u00a0de \u00a0cumplir \u00a0el juez de segunda instancia y con mayor celo el de \u00a0casaci\u00f3n, \u00a0por \u00a0cuanto \u00a0una \u00a0de \u00a0sus finalidades fundamentales es garantizar la \u00a0legalidad del proceso. \u00a0\u00a0<\/p>\n<p>La \u00a0competencia \u00a0que \u00a0la \u00a0Constituci\u00f3n \u00a0le \u00a0otorga \u00a0a \u00a0los \u00a0jueces \u00a0de \u00a0la \u00a0Rep\u00fablica, insiste la \u00a0Sala1, \u00a0s\u00f3lo les permite obrar dentro del marco del derecho, y no puede \u00a0sustituirlo \u00a0arbitrariamente \u00a0por \u00a0sus \u00a0propias \u00a0concepciones. La igualdad en la \u00a0aplicaci\u00f3n \u00a0de \u00a0la \u00a0ley \u00a0est\u00e1 \u00edntimamente ligada a la seguridad jur\u00eddica que \u00a0descansa \u00a0en \u00a0la \u00a0existencia \u00a0de \u00a0un \u00a0ordenamiento universal y objetivo, que con \u00a0id\u00e9ntica intensidad obliga a todos, autoridades y ciudadanos. \u00a0\u00a0<\/p>\n<p>El \u00a0principio de legalidad obliga al juez a \u00a0aferrarse \u00a0estrictamente \u00a0a la norma legal (sea constituci\u00f3n o ley), so pena de \u00a0que \u00a0si \u00a0lo \u00a0desconoce, \u00a0su conducta sea una clara rebeld\u00eda contra el Estado de \u00a0Derecho. \u00a0\u00a0<\/p>\n<p>Cuando el juez impone una pena que no est\u00e1 \u00a0establecida \u00a0 en \u00a0la \u00a0ley \u00a0(en \u00a0cuanto \u00a0a \u00a0sus \u00a0l\u00edmites \u00a0m\u00ednimos \u00a0y \u00a0m\u00e1ximos, \u00a0naturaleza, \u00a0etc.), \u00a0desconoce \u00a0de \u00a0entrada \u00a0el \u00a0Estado de Derecho y la esencial \u00a0funci\u00f3n \u00a0del \u00a0legislador, \u00a0entrando \u00a0a \u00a0suplirlo \u00a0con \u00a0la \u00a0sentencia, generando \u00a0anarqu\u00eda \u00a0y causando la quiebra del orden establecido. Ese juez que as\u00ed act\u00faa \u00a0se \u00a0 aparta \u00a0 del \u00a0Estado \u00a0de \u00a0Derecho, \u00a0se \u00a0convierte \u00a0en \u00a0legislador \u00a0y \u00a0juez, \u00a0y \u00a0 \u00a0emite \u00a0 decisiones \u00a0que \u00a0jam\u00e1s \u00a0podr\u00e1n estar \u00a0ajustadas al principio de legalidad. \u00a0\u00a0<\/p>\n<p>En \u00a0un \u00a0escenario \u00a0semejante \u00a0se vendr\u00eda a \u00a0legitimar \u00a0toda \u00a0decisi\u00f3n producto de una conducta ilegal del juez de instancia \u00a0y \u00a0 si \u00a0 ello \u00a0fuese \u00a0posible, \u00a0se \u00a0avasallar\u00eda \u00a0el \u00a0Estado \u00a0de \u00a0Derecho \u00a0y \u00a0el \u00a0reconocimiento \u00a0de \u00a0la \u00a0legitimidad establecida en los tratados internacionales, \u00a0especialmente \u00a0 \u00a0 de \u00a0 \u00a0aquellos \u00a0 \u00a0que \u00a0 \u00a0hacen \u00a0 \u00a0parte \u00a0 \u00a0del \u00a0 \u00a0bloque \u00a0 \u00a0de \u00a0constitucionalidad. \u00a0\u00a0<\/p>\n<p>Por \u00a0lo \u00a0tanto, \u00a0la \u00a0Sala casar\u00e1 oficiosa y \u00a0parcialmente \u00a0el fallo de segundo grado y, en consecuencia, disminuir\u00e1 a quince \u00a0(15) \u00a0a\u00f1os la pena accesoria de la privaci\u00f3n del derecho a la tenencia y porte \u00a0de arma, impuesta a los aqu\u00ed acusados. \u00a0\u00a0<\/p>\n<p>En \u00a0m\u00e9rito \u00a0de lo expuesto, la CORTE \u00a0SUPREMA \u00a0DE \u00a0JUSTICIA, \u00a0SALA \u00a0DE \u00a0CASACI\u00d3N PENAL, \u00a0administrando justicia en nombre de la Rep\u00fablica y por autoridad \u00a0de la ley, \u00a0\u00a0<\/p>\n<p>R E S U E L V E \u00a0<\/p>\n<p>1. CASAR de oficio y \u00a0parcialmente \u00a0la \u00a0sentencia \u00a0de \u00a0segunda \u00a0instancia \u00a0proferida \u00a0por \u00a0el Tribunal \u00a0Superior \u00a0de \u00a0Cali \u00a0(Valle del Cauca) el 20 de febrero de 2012, confirmatoria de \u00a0la \u00a0emitida \u00a0por \u00a0el Juzgado 14 Penal del Circuito con funciones de conocimiento \u00a0de \u00a0esa \u00a0ciudad, \u00a0el 17 de agosto de 2011, en el sentido de fijar en quince (15) \u00a0a\u00f1os \u00a0la pena accesoria de privaci\u00f3n del derecho a la tenencia y porte de arma \u00a0impuesta \u00a0 a \u00a0 los \u00a0procesados \u00a0CRISTI\u00c1N \u00a0EDUARDO \u00a0TRUJILLO \u00a0VILLOTA \u00a0y \u00a0JHONNY \u00a0ALEX\u00c1NDER \u00a0GAMBOA \u00a0LONDO\u00d1O, \u00a0condenados como coautores del concurso de delitos \u00a0de \u00a0homicidio y fabricaci\u00f3n, tr\u00e1fico y porte de armas \u00a0de fuego o municiones agravado. \u00a0\u00a0<\/p>\n<p>P\u00e1gina continuaci\u00f3n \u00a0parte resolutiva y firma de los 8 Magistrados \u00a0\u00a0<\/p>\n<p>Casaci\u00f3n \u00a0 \u00a0sistema \u00a0 acusatorio \u00a0 N\u00b0 \u00a038.969\u00a0 -Casa parcialmente de oficio- \u00a0<\/p>\n<p>2. \u00a0En lo dem\u00e1s se \u00a0mantiene el fallo inc\u00f3lume. \u00a0\u00a0<\/p>\n<p>Contra \u00a0esta \u00a0decisi\u00f3n \u00a0no \u00a0procede recurso \u00a0alguno. \u00a0\u00a0<\/p>\n<p>C\u00f3piese, \u00a0 notif\u00edquese, \u00a0 c\u00famplase \u00a0 y \u00a0devu\u00e9lvase al Tribunal de origen. \u00a0\u00a0<\/p>\n<p>JOS\u00c9 LEONIDAS BUSTOS MART\u00cdNEZ \u00a0<\/p>\n<p>JOSE \u00a0LUIS \u00a0BARCEL\u00d3 \u00a0CAMACHO \u00a0\u00a0 \u00a0\u00a0 \u00a0\u00a0 \u00a0\u00a0 \u00a0\u00a0 \u00a0\u00a0 \u00a0 \u00a0 \u00a0 \u00a0 \u00a0\u00a0FERNANDO \u00a0 \u00a0A. \u00a0 \u00a0CASTRO \u00a0CABALLERO \u00a0\u00a0<\/p>\n<p>SIGIFREDO \u00a0 ESPINOSA \u00a0 P\u00c9REZ \u00a0\u00a0 \u00a0\u00a0 \u00a0\u00a0 \u00a0\u00a0 \u00a0\u00a0 \u00a0\u00a0 \u00a0\u00a0 \u00a0\u00a0MAR\u00cdA \u00a0DEL \u00a0ROSARIO \u00a0GONZ\u00c1LEZ \u00a0MU\u00d1OZ \u00a0\u00a0<\/p>\n<p>LUIS \u00a0GUILLERMO \u00a0SALAZAR \u00a0OTERO \u00a0 \u00a0 \u00a0 \u00a0 \u00a0 \u00a0 \u00a0\u00a0JULIO \u00a0ENRIQUE SOCHA SALAMANCA \u00a0\u00a0<\/p>\n<p>JAVIER DE JES\u00daS ZAPATA ORTIZ \u00a0<\/p>\n<p>NUBIA YOLANDA NOVA GARC\u00cdA \u00a0<\/p>\n<p>Secretaria \u00a0 \u00a0<\/p>\n<p>1 \u00a0Sentencia del 3 de diciembre de 2009, Radicado N\u00b0 30.446. \u00a0 \u00a0\u00a0<\/p>\n<p><\/p>\n","protected":false},"excerpt":{"rendered":"<p>\u00a0 \u00a0 CORTE SUPREMA DE JUSTICIA \u00a0 SALA DE CASACI\u00d3N PENAL \u00a0 Magistrado Ponente: \u00a0 Dr. SIGIFREDO ESPINOSA P\u00c9REZ \u00a0 Aprobado Acta No. 227. \u00a0 Bogot\u00e1, \u00a0D.C., \u00a0trece \u00a0de \u00a0junio \u00a0de dos mil \u00a0doce. \u00a0\u00a0 V I S T O S \u00a0 Vencido \u00a0 el \u00a0t\u00e9rmino \u00a0para \u00a0promover \u00a0el \u00a0mecanismo \u00a0de \u00a0insistencia \u00a0sin \u00a0que se [&hellip;]<\/p>\n","protected":false},"author":1,"featured_media":0,"comment_status":"open","ping_status":"open","sticky":false,"template":"","format":"standard","meta":{"footnotes":""},"categories":[20],"tags":[],"class_list":["post-24570","post","type-post","status-publish","format-standard","hentry","category-20"],"_links":{"self":[{"href":"https:\/\/dmsjuridica.com\/buscador_20179478954\/salapenalcronologico20230723\/wp-json\/wp\/v2\/posts\/24570","targetHints":{"allow":["GET"]}}],"collection":[{"href":"https:\/\/dmsjuridica.com\/buscador_20179478954\/salapenalcronologico20230723\/wp-json\/wp\/v2\/posts"}],"about":[{"href":"https:\/\/dmsjuridica.com\/buscador_20179478954\/salapenalcronologico20230723\/wp-json\/wp\/v2\/types\/post"}],"author":[{"embeddable":true,"href":"https:\/\/dmsjuridica.com\/buscador_20179478954\/salapenalcronologico20230723\/wp-json\/wp\/v2\/users\/1"}],"replies":[{"embeddable":true,"href":"https:\/\/dmsjuridica.com\/buscador_20179478954\/salapenalcronologico20230723\/wp-json\/wp\/v2\/comments?post=24570"}],"version-history":[{"count":0,"href":"https:\/\/dmsjuridica.com\/buscador_20179478954\/salapenalcronologico20230723\/wp-json\/wp\/v2\/posts\/24570\/revisions"}],"wp:attachment":[{"href":"https:\/\/dmsjuridica.com\/buscador_20179478954\/salapenalcronologico20230723\/wp-json\/wp\/v2\/media?parent=24570"}],"wp:term":[{"taxonomy":"category","embeddable":true,"href":"https:\/\/dmsjuridica.com\/buscador_20179478954\/salapenalcronologico20230723\/wp-json\/wp\/v2\/categories?post=24570"},{"taxonomy":"post_tag","embeddable":true,"href":"https:\/\/dmsjuridica.com\/buscador_20179478954\/salapenalcronologico20230723\/wp-json\/wp\/v2\/tags?post=24570"}],"curies":[{"name":"wp","href":"https:\/\/api.w.org\/{rel}","templated":true}]}}