{"id":24548,"date":"2023-09-12T17:22:18","date_gmt":"2023-09-12T17:22:18","guid":{"rendered":"https:\/\/dmsjuridica.com\/buscador_20179478954\/salapenalcronologico20230723\/2023\/09\/12\/3894218-07-12\/"},"modified":"2023-09-12T17:22:18","modified_gmt":"2023-09-12T17:22:18","slug":"3894218-07-12","status":"publish","type":"post","link":"https:\/\/dmsjuridica.com\/buscador_20179478954\/salapenalcronologico20230723\/2023\/09\/12\/3894218-07-12\/","title":{"rendered":"38942(18-07-12)"},"content":{"rendered":"\n<p>\u00a0 \u00a0 CORTE SUPREMA DE JUSTICIA \u00a0<\/p>\n<p>SALA DE CASACI\u00d3N PENAL \u00a0<\/p>\n<p>Magistrado Ponente: \u00a0<\/p>\n<p>Dr. LUIS GUILLERMO SALAZAR OTERO \u00a0<\/p>\n<p>Aprobado Acta N\u00b0 261. \u00a0<\/p>\n<p>Bogot\u00e1, \u00a0D.C., dieciocho de julio de dos mil \u00a0doce. \u00a0\u00a0<\/p>\n<p>V I S T O S \u00a0<\/p>\n<p>Dentro del presente tr\u00e1mite de extradici\u00f3n \u00a0que \u00a0se \u00a0adelanta \u00a0respecto del ciudadano colombiano BELISARIO GUTI\u00c9RREZ ROJAS, \u00a0requerido \u00a0por \u00a0el \u00a0gobierno de los Estados Unidos de Am\u00e9rica, le corresponde a \u00a0la \u00a0Corte emitir concepto, de conformidad con lo establecido en el art\u00edculo 501 \u00a0de \u00a0la \u00a0Ley \u00a0906 \u00a0de \u00a02004, \u00a0toda \u00a0vez que venci\u00f3 el t\u00e9rmino de traslado a los \u00a0intervinientes \u00a0para \u00a0alegar, \u00a0en \u00a0desarrollo \u00a0del \u00a0cual \u00a0s\u00f3lo se pronunci\u00f3 el \u00a0delegado del Ministerio P\u00fablico. \u00a0\u00a0<\/p>\n<p>A N T E C E D E N T E S \u00a0<\/p>\n<p>1. Mediante la nota verbal N\u00b0 0326 del 16 de \u00a0febrero \u00a0de \u00a02012, \u00a0la \u00a0Embajada \u00a0de \u00a0Estados \u00a0Unidos \u00a0en \u00a0Colombia solicit\u00f3 la \u00a0detenci\u00f3n \u00a0provisional \u00a0con \u00a0fines \u00a0de \u00a0extradici\u00f3n \u00a0del \u00a0ciudadano colombiano \u00a0BELISARIO \u00a0GUTI\u00c9RREZ \u00a0ROJAS, \u00a0toda \u00a0vez \u00a0que \u00a0en \u00a0ese \u00a0pa\u00eds \u00a0fue \u00a0formulada la \u00a0acusaci\u00f3n \u00a0N\u00b0 \u00a011-20853-CR-Cooke, \u00a0proferida \u00a0el 15 de diciembre de 2011 en la \u00a0Corte \u00a0Distrital \u00a0de \u00a0los \u00a0Estados \u00a0Unidos \u00a0para el Distrito Sur de Florida, por \u00a0delitos \u00a0federales de narc\u00f3ticos cometidos entre los meses de marzo y diciembre \u00a0de 2011 (folios 3 y 17, carpeta). \u00a0\u00a0<\/p>\n<p>2. \u00a0Con \u00a0resoluci\u00f3n del 24 de febrero de la \u00a0anualidad \u00a0que \u00a0avanza, \u00a0la \u00a0se\u00f1ora \u00a0Fiscal \u00a0General \u00a0de \u00a0la Naci\u00f3n orden\u00f3 la \u00a0captura \u00a0de \u00a0GUTI\u00c9RREZ \u00a0ROJAS \u00a0para los fines mencionados, la cual se obtuvo el \u00a0mismo d\u00eda (folios 27 a 54, carpeta). \u00a0\u00a0<\/p>\n<p>3. \u00a0Con \u00a0la \u00a0nota \u00a0verbal N\u00b0 0841 del 20 de \u00a02012, \u00a0la \u00a0referida \u00a0representaci\u00f3n \u00a0diplom\u00e1tica \u00a0formaliza \u00a0la \u00a0petici\u00f3n \u00a0de \u00a0extradici\u00f3n \u00a0de \u00a0BELISARIO \u00a0GUTI\u00c9RREZ \u00a0ROJAS, \u00a0en \u00a0la \u00a0cual \u00a0reitera \u00a0que este \u00a0ciudadano \u00a0es \u00a0objeto \u00a0de \u00a0la acusaci\u00f3n N\u00b0 11-20853-CR-Cooke, emitida el 15 de \u00a0diciembre \u00a0del a\u00f1o anterior en la Corte Distrital de los Estados Unidos para el \u00a0Distrito \u00a0 Sur \u00a0 de \u00a0 Florida, \u00a0 acto \u00a0 en \u00a0 que \u00a0se \u00a0le \u00a0formula \u00a0el \u00a0siguiente \u00a0cargo: \u00a0\u00a0<\/p>\n<p>\u201cCargo \u00a0Uno: \u00a0Concierto \u00a0para \u00a0fabricar \u00a0y \u00a0distribuir \u00a0una \u00a0sustancia \u00a0controlada \u00a0(cinco \u00a0kilogramos o m\u00e1s de coca\u00edna) a \u00a0sabiendas \u00a0de \u00a0que dicha sustancia controlada ser\u00eda ilegalmente importada a los \u00a0Estados \u00a0Unidos, \u00a0lo \u00a0cual es en contra del T\u00edtulo 21, Secci\u00f3n 959 (a)(2), del \u00a0C\u00f3digo \u00a0de los Estados Unidos, todo en violaci\u00f3n del T\u00edtulo 21, Secciones 963 \u00a0y \u00a0 960 \u00a0 (b)(1)(B), \u00a0 del \u00a0 C\u00f3digo \u00a0 de \u00a0los \u00a0Estados \u00a0Unidos\u201d \u00a0(folios 57 y 72, carpeta). \u00a0\u00a0<\/p>\n<p>4. \u00a0El \u00a0Ministerio de Relaciones Exteriores, \u00a0anotando \u00a0que \u00a0\u201cpor \u00a0no existir tratado aplicable al \u00a0caso \u00a0en \u00a0menci\u00f3n, \u00a0es \u00a0procedente \u00a0obrar \u00a0de \u00a0conformidad \u00a0con el ordenamiento \u00a0procesal \u00a0penal \u00a0colombiano\u201d, remiti\u00f3 la mencionada \u00a0nota \u00a0 verbal \u00a0 y \u00a0 los \u00a0 documentos \u00a0anexos \u00a0al \u00a0de \u00a0Justicia \u00a0y \u00a0del \u00a0Derecho, \u00a0Viceministerio \u00a0de \u00a0Pol\u00edtica Criminal y Justicia Restaurativa, entidad que a su \u00a0vez \u00a0envi\u00f3 \u00a0tal documentaci\u00f3n a esta Corte, donde luego de proveerse porque el \u00a0requerido \u00a0contara \u00a0con \u00a0defensa \u00a0adecuada, \u00a0se \u00a0orden\u00f3 correr el traslado para \u00a0pedir pruebas (folios 55, carpeta, y 5 y 8, c.o.). \u00a0\u00a0<\/p>\n<p>5. Mediante auto del 13 de junio del a\u00f1o en \u00a0curso, \u00a0la \u00a0Corte \u00a0neg\u00f3 \u00a0las solicitudes probatorias elevadas por el Ministerio \u00a0P\u00fablico \u00a0y el requerido, y orden\u00f3 correr traslado a los intervinientes, por el \u00a0t\u00e9rmino \u00a0de \u00a0cinco (5) d\u00edas, de conformidad con lo establecido en el art\u00edculo \u00a0500 \u00a0de \u00a0la \u00a0Ley 906 de 2004. La atribuci\u00f3n de alegar s\u00f3lo fue ejercida por el \u00a0delegado del Ministerio P\u00fablico (folios 20 y 39, c.o.). \u00a0\u00a0<\/p>\n<p>ALEGATO DEL MINISTERIO P\u00daBLICO \u00a0<\/p>\n<p>1. \u00a0El \u00a0Procurador \u00a0Segundo Delegado para la \u00a0Casaci\u00f3n \u00a0Penal, despu\u00e9s de sintetizar la actuaci\u00f3n, \u00a0precisar \u00a0cu\u00e1les \u00a0son \u00a0los fundamentos del concepto a \u00a0cargo \u00a0de \u00a0la \u00a0Corte, citar la normatividad aplicable, y enunciar los documentos \u00a0aportados \u00a0en \u00a0la \u00a0solicitud \u00a0de extradici\u00f3n y la forma como fueron expedidos y \u00a0autenticados \u00a0en \u00a0el \u00a0pa\u00eds \u00a0de origen, concluye que est\u00e1 acreditada la validez \u00a0formal de tal documentaci\u00f3n. \u00a0\u00a0<\/p>\n<p>2. \u00a0 En \u00a0lo \u00a0que \u00a0tiene \u00a0que \u00a0ver \u00a0con \u00a0la \u00a0identificaci\u00f3n \u00a0plena \u00a0del \u00a0solicitado \u00a0en \u00a0extradici\u00f3n, manifiesta que en las \u00a0notas \u00a0diplom\u00e1ticas \u00a0que \u00a0se \u00a0adjuntaron \u00a0a \u00a0la documentaci\u00f3n, el requerido es \u00a0distinguido \u00a0con \u00a0el \u00a0nombre de BELISARIO GUTI\u00c9RREZ ROJAS, quien naci\u00f3 el 5 de \u00a0noviembre \u00a0de \u00a01965 y es titular de la c\u00e9dula de ciudadan\u00eda N\u00b0 11\u2019408.546. \u00a0\u00a0<\/p>\n<p>La \u00a0 anterior \u00a0informaci\u00f3n, \u00a0agrega, \u00a0fue \u00a0corroborada \u00a0por \u00a0la \u00a0Fiscal\u00eda \u00a0General de la Naci\u00f3n al momento de su captura, \u00a0pues, \u00a0se \u00a0identific\u00f3 \u00a0con \u00a0ese \u00a0documento. \u00a0Por \u00a0ello, \u00a0concluye, \u00a0tambi\u00e9n se \u00a0satisface este requisito. \u00a0\u00a0<\/p>\n<p>3. \u00a0Como el hecho que motiva la extradici\u00f3n \u00a0debe \u00a0estar \u00a0previsto \u00a0en \u00a0la \u00a0legislaci\u00f3n \u00a0colombiana \u00a0como \u00a0delito, \u00a0con pena \u00a0privativa \u00a0de \u00a0la \u00a0libertad \u00a0cuyo \u00a0m\u00ednimo \u00a0no \u00a0sea inferior a cuatro (4) a\u00f1os, \u00a0transcribe \u00a0el \u00a0cargo se\u00f1alado en la acusaci\u00f3n for\u00e1nea para determinar que la \u00a0conducta \u00a0descrita, tiene en nuestra normatividad su equivalente jur\u00eddico en el \u00a0tipo \u00a0penal \u00a0de \u00a0concierto para delinquir, previsto y sancionado en el art\u00edculo \u00a0340 \u00a0del \u00a0C\u00f3digo \u00a0Penal, \u00a0con \u00a0pena \u00a0de \u00a0ocho \u00a0(8) \u00a0a \u00a0dieciocho \u00a0(18) a\u00f1os de \u00a0prisi\u00f3n. \u00a0\u00a0<\/p>\n<p>Evidenciando, \u00a0entonces, \u00a0la identidad entre \u00a0las \u00a0descripciones \u00a0conductuales \u00a0de \u00a0ambas legislaciones, considera el delegada \u00a0que se cumple con el requisito de doble incriminaci\u00f3n. \u00a0\u00a0<\/p>\n<p>4. \u00a0En \u00a0cuanto \u00a0a \u00a0la \u00a0equivalencia \u00a0de \u00a0la \u00a0providencia \u00a0proferida \u00a0en el extranjero con la resoluci\u00f3n acusatoria nacional, \u00a0asevera \u00a0el \u00a0Procurador \u00a0que \u00a0la \u00a0acusaci\u00f3n \u00a0proferida \u00a0contra GUTI\u00c9RREZ ROJAS \u00a0guarda \u00a0consonancia \u00a0con los elementos propios de la ley procesal colombiana, ya \u00a0que \u00a0en \u00a0dicha providencia se especifican los supuestos de hecho que fundamentan \u00a0la \u00a0decisi\u00f3n, \u00a0informa al requerido los comportamientos constitutivos de delito \u00a0y \u00a0las \u00a0disposiciones \u00a0penales \u00a0infringidas, todo lo cual le sirve de referencia \u00a0para ejercer su defensa durante el juicio. \u00a0\u00a0<\/p>\n<p>De \u00a0all\u00ed \u00a0entonces que se cumple igualmente \u00a0con este requerimiento. \u00a0\u00a0<\/p>\n<p>5. \u00a0Por \u00a0esas \u00a0razones, el representante del \u00a0Ministerio \u00a0P\u00fablico \u00a0sugiere \u00a0a \u00a0la \u00a0Corte \u00a0que \u00a0emita \u00a0concepto favorable a la \u00a0extradici\u00f3n \u00a0 del \u00a0 ciudadano \u00a0 colombiano \u00a0BELISARIO \u00a0GUTI\u00c9RREZ \u00a0ROJAS, \u00a0pero \u00a0exhortando \u00a0al \u00a0Gobierno \u00a0Nacional \u00a0para \u00a0que \u00a0advierta al pa\u00eds reclamante, que \u00a0adem\u00e1s \u00a0de respetarle sus derechos y garantizarle el cumplimiento de las normas \u00a0pertinentes \u00a0del \u00a0bloque \u00a0de \u00a0constitucionalidad, \u00a0no \u00a0se \u00a0le \u00a0juzgue por hechos \u00a0diferentes \u00a0a \u00a0los \u00a0que \u00a0motivaron \u00a0su \u00a0pedido, \u00a0ni \u00a0sometido \u00a0a pena de muerte, \u00a0desaparici\u00f3n \u00a0 forzada, \u00a0 torturas, \u00a0 tratos \u00a0 o \u00a0penas \u00a0crueles, \u00a0inhumanos \u00a0o \u00a0degradantes, \u00a0 \u00a0ni \u00a0 a \u00a0 las \u00a0 penas \u00a0 de \u00a0 destierro, \u00a0 prisi\u00f3n \u00a0 perpetua \u00a0 y \u00a0confiscaci\u00f3n. \u00a0\u00a0<\/p>\n<p>CONCEPTO DE LA CORTE \u00a0<\/p>\n<p>1. \u00a0 \u00a0Aspectos \u00a0 \u00a0generales. \u00a0La \u00a0competencia \u00a0de \u00a0la \u00a0Corte dentro del tr\u00e1mite de extradici\u00f3n \u00a0est\u00e1 \u00a0enfocada \u00a0a \u00a0expresar un concepto sobre la procedencia de entregar o no a \u00a0la \u00a0persona \u00a0solicitada por un pa\u00eds extranjero, despu\u00e9s de examinar los puntos \u00a0a \u00a0que \u00a0se \u00a0refiere \u00a0el \u00a0art\u00edculo \u00a0502 \u00a0de \u00a0la \u00a0Ley \u00a0906 \u00a0de 2004, sin dejar de \u00a0considerar \u00a0que \u00a0el art\u00edculo 35 de la Constituci\u00f3n Pol\u00edtica en su inciso 2\u00ba, \u00a0reformado \u00a0por \u00a0el \u00a0Acto \u00a0Legislativo N\u00b0 1 de 1997, autoriza la extradici\u00f3n de \u00a0colombianos \u00a0por \u00a0nacimiento \u00a0cuando \u00a0son reclamados por delitos cometidos en el \u00a0exterior \u00a0y \u00a0las \u00a0conductas \u00a0que \u00a0los originan as\u00ed tambi\u00e9n se consideren en la \u00a0legislaci\u00f3n penal colombiana. \u00a0\u00a0<\/p>\n<p>Sobre \u00a0este \u00faltimo aspecto, debe observarse \u00a0que \u00a0 de \u00a0acuerdo \u00a0con \u00a0la \u00a0resoluci\u00f3n \u00a0de \u00a0acusaci\u00f3n \u00a0N\u00b0 \u00a011-20853-CR-Cooke, \u00a0proferida \u00a0en \u00a0la \u00a0Corte Distrital de los Estados Unidos para el Distrito Sur de \u00a0Florida \u00a0el \u00a015 \u00a0de \u00a0diciembre \u00a0de \u00a02011, \u00a0la \u00a0imputaci\u00f3n \u00a0que se le formul\u00f3 a \u00a0BELISARIO \u00a0GUTI\u00c9RREZ \u00a0ROJAS \u00a0corresponde a delitos relacionados con el tr\u00e1fico \u00a0de \u00a0estupefacientes \u00a0llevados a cabo entre los meses de marzo y diciembre de ese \u00a0a\u00f1o, \u00a0en \u00a0los \u00a0Estados \u00a0Unidos, donde las conductas que se le endilgan tuvieron \u00a0incidencia \u00a0material, \u00a0a \u00a0pesar \u00a0de \u00a0fraguarse \u00a0la conspiraci\u00f3n para exportar y \u00a0distribuir coca\u00edna en este pa\u00eds. \u00a0\u00a0<\/p>\n<p>Significa \u00a0lo anterior que no aparece motivo \u00a0constitucional impediente de la extradici\u00f3n. \u00a0\u00a0<\/p>\n<p>2. \u00a0Validez \u00a0formal \u00a0de \u00a0la \u00a0documentaci\u00f3n \u00a0presentada. \u00a0La \u00a0C\u00f3nsul \u00a0de \u00a0Colombia \u00a0en \u00a0Washington \u00a0autentic\u00f3 \u00a0los \u00a0documentos \u00a0aportados \u00a0en apoyo de la solicitud de extradici\u00f3n \u00a0del \u00a0ciudadano \u00a0colombiano \u00a0BELISARIO \u00a0GUTI\u00c9RREZ \u00a0ROJAS, \u00a0de conformidad con el \u00a0art\u00edculo \u00a0259 \u00a0del C\u00f3digo de Procedimiento Civil, as\u00ed como con los art\u00edculos \u00a04 \u00a0y 5 de la Resoluci\u00f3n 2.201 de 1997, expedida por el Ministerio de Relaciones \u00a0Exteriores (folio 89, carpeta). \u00a0\u00a0<\/p>\n<p>En \u00a0tal \u00a0forma, \u00a0el \u00a0mencionado \u00a0funcionario \u00a0certifica \u00a0la firma de la Auxiliar de Autenticaciones del Departamento de Estado \u00a0de \u00a0los \u00a0Estados Unidos de Am\u00e9rica, quien a su vez avala la de la Secretaria de \u00a0Estado, \u00a0Hillary \u00a0Rodham \u00a0Clinton, \u00a0y \u00a0est\u00e1 la r\u00fabrica de Eric H. Holder, Jr., \u00a0Fiscal \u00a0General, \u00a0quien certifica la de Magdalena A. Boynton, Directora Asociada \u00a0de \u00a0 la \u00a0 Oficina \u00a0de \u00a0Asuntos \u00a0Internacionales, \u00a0Divisi\u00f3n \u00a0de \u00a0lo \u00a0Penal, \u00a0del \u00a0Departamento \u00a0de \u00a0Justicia \u00a0de los Estados Unidos, encargada de dar cuenta de la \u00a0autenticidad \u00a0 de \u00a0las \u00a0declaraciones \u00a0juradas \u00a0de \u00a0Andrea \u00a0G. \u00a0Hoffman, \u00a0fiscal \u00a0auxiliar, \u00a0y \u00a0Peter \u00a0J. \u00a0Maynard, \u00a0agente \u00a0de la DEA (folios 89 a 93, 240 y 241, \u00a0carpeta). \u00a0\u00a0<\/p>\n<p>Adicionalmente, el Jefe de Legalizaciones del \u00a0Ministerio \u00a0de \u00a0Relaciones Exteriores abon\u00f3 la firma del agente consular, el 27 \u00a0de \u00a0abril \u00a0de \u00a02012, \u00a0como \u00a0consta en el documento suscrito por \u00e9ste (folio 88, \u00a0carpeta). \u00a0\u00a0<\/p>\n<p>Como documento anexo y debidamente traducido, \u00a0aparece \u00a0la \u00a0acusaci\u00f3n \u00a0N\u00b0 11-20853-CR-Cooke, presentada el 15 de diciembre de \u00a02011 \u00a0en \u00a0la \u00a0Corte \u00a0Distrital \u00a0de los Estados Unidos para el Distrito de Sur de \u00a0Florida \u00a0contra \u00a0BELISARIO \u00a0GUTI\u00c9RREZ \u00a0ROJAS \u00a0y \u00a0otros, \u00a0as\u00ed \u00a0como la orden de \u00a0arresto \u00a0 \u00a0librada \u00a0 \u00a0por \u00a0 esa \u00a0 Corte \u00a0 (folios \u00a0 124, \u00a0 150, \u00a0 322 \u00a0 y \u00a0 348, \u00a0carpeta). \u00a0\u00a0<\/p>\n<p>Del \u00a0 mismo \u00a0 modo, \u00a0figuran \u00a0las \u00a0copias, \u00a0traducidas \u00a0en \u00a0debida \u00a0forma, \u00a0de \u00a0las disposiciones penales del C\u00f3digo de los \u00a0Estados \u00a0 Unidos \u00a0 aplicables \u00a0 al \u00a0 caso \u00a0(folios \u00a0110 \u00a0a \u00a0122 \u00a0y \u00a0308 \u00a0a \u00a0320, \u00a0carpeta). \u00a0\u00a0<\/p>\n<p>De acuerdo con lo anterior, la documentaci\u00f3n \u00a0presentada \u00a0en \u00a0respaldo \u00a0del \u00a0pedido \u00a0de \u00a0extradici\u00f3n \u00a0de BELISARIO GUTI\u00c9RREZ \u00a0ROJAS \u00a0 \u00a0es \u00a0 formalmente \u00a0v\u00e1lida. \u00a0\u00a0<\/p>\n<p>3. \u00a0 Identidad \u00a0plena \u00a0del \u00a0solicitado \u00a0en \u00a0extradici\u00f3n \u00a0 \u00a0BELISARIO \u00a0GUTI\u00c9RREZ \u00a0 ROJAS. \u00a0 De \u00a0 acuerdo \u00a0 con \u00a0 las \u00a0notas \u00a0diplom\u00e1ticas \u00a0Nos. \u00a00326 \u00a0y \u00a00841, \u00a0GUTI\u00c9RREZ \u00a0ROJAS, conocido con el apodo de \u00a0\u201cMono\u201d, \u00a0es \u00a0ciudadano \u00a0colombiano, \u00a0naci\u00f3 \u00a0el \u00a05 \u00a0de \u00a0noviembre \u00a0de 1965 y es titular de la c\u00e9dula de \u00a0ciudadan\u00eda \u00a0 \u00a0 \u00a0 \u00a0N\u00b0 \u00a0 \u00a0 \u00a0 \u00a011\u2019408.546. \u00a0\u00a0<\/p>\n<p>Al \u00a0momento \u00a0de \u00a0ser aprehendido, GUTI\u00c9RREZ \u00a0ROJAS \u00a0se \u00a0identific\u00f3 \u00a0con \u00a0ese \u00a0documento, cuyo n\u00famero qued\u00f3 estampado en la \u00a0diligencia \u00a0de \u00a0notificaci\u00f3n \u00a0de la resoluci\u00f3n que orden\u00f3 su captura, el acta \u00a0de \u00a0derechos del capturado, la constancia de buen trato y el poder que confiri\u00f3 \u00a0a \u00a0abogado \u00a0titulado \u00a0para que lo representara en el presente tr\u00e1mite; adem\u00e1s, \u00a0en \u00a0este \u00a0asunto \u00a0no se puso en cuesti\u00f3n la identidad del requerido, por manera \u00a0que el requisito de su plena identidad se encuentra satisfecho. \u00a0\u00a0<\/p>\n<p>4. \u00a0Equivalencia de la providencia proferida \u00a0en \u00a0el \u00a0extranjero. \u00a0Como \u00a0lo ha reiterado en diversas \u00a0oportunidades \u00a0la \u00a0Sala \u00a0de \u00a0Casaci\u00f3n Penal de la Corte Suprema de Justicia, se \u00a0cumple \u00a0con \u00a0el requisito en menci\u00f3n acatando lo previsto en el art\u00edculo 493-1 \u00a0de \u00a0la \u00a0Ley \u00a0906 \u00a0de \u00a02004: \u00a0que \u00a0por \u00a0lo \u00a0menos \u00a0se haya dictado en el exterior \u00a0resoluci\u00f3n de acusaci\u00f3n o su equivalente. \u00a0\u00a0<\/p>\n<p>En el presente evento, el 15 de diciembre de \u00a02011, \u00a0el \u00a0Jurado \u00a0de \u00a0Acusaci\u00f3n del Tribunal de Distrito de los Estados Unidos \u00a0para \u00a0el \u00a0Distrito \u00a0Sur de Florida profiri\u00f3 la acusaci\u00f3n formal o \u201cindictment\u201d \u00a0No. \u00a011-20853-CR-Cooke, \u00a0con \u00a0base \u00a0en el delito se\u00f1alado anteriormente, acto procesal que equivale a la \u00a0resoluci\u00f3n \u00a0de \u00a0acusaci\u00f3n \u00a0prevista \u00a0en \u00a0el \u00a0sistema procesal penal colombiano \u00a0-tanto \u00a0la \u00a0regulada \u00a0en el art\u00edculo 398 de la Ley 600 de 2000, como el escrito \u00a0acusatorio \u00a0del \u00a0art\u00edculo \u00a0337 \u00a0de \u00a0la Ley 906 de 2004-. Tales providencias, si \u00a0bien \u00a0no \u00a0son id\u00e9nticas guardan similitudes que las tornan equivalentes, con lo \u00a0cual el requisito legal en estudio se estima acreditado. \u00a0\u00a0<\/p>\n<p>En \u00a0efecto, \u00a0dichas \u00a0decisiones \u00a0judiciales \u00a0contienen \u00a0un \u00a0pliego \u00a0de \u00a0cargos, \u00a0de los cuales se debe defender el acusado en \u00a0juicio. \u00a0A \u00a0su \u00a0vez, \u00a0constituyen presupuesto procesal para la iniciaci\u00f3n de la \u00a0etapa \u00a0de \u00a0juzgamiento, que culmina con el respectivo fallo de m\u00e9rito. En ellas \u00a0se \u00a0consigna \u00a0una \u00a0relaci\u00f3n \u00a0detallada de los hechos con especificaci\u00f3n de las \u00a0circunstancias \u00a0de \u00a0tiempo, \u00a0modo \u00a0y \u00a0lugar en que ocurrieron y la calificaci\u00f3n \u00a0jur\u00eddica \u00a0de \u00a0la \u00a0conducta, \u00a0con \u00a0indicaci\u00f3n de las disposiciones sustanciales \u00a0aplicables. \u00a0\u00a0<\/p>\n<p>Por lo anterior, este requerimiento tambi\u00e9n \u00a0se cumple a cabalidad. \u00a0\u00a0<\/p>\n<p>5. \u00a0 \u00a0El \u00a0 \u00a0principio \u00a0 \u00a0de \u00a0 la \u00a0 doble \u00a0incriminaci\u00f3n. \u00a0De \u00a0acuerdo \u00a0con \u00a0el \u00a0numeral \u00a01 \u00a0del \u00a0art\u00edculo \u00a0493 \u00a0del \u00a0C\u00f3digo \u00a0de Procedimiento Penal, la doble incriminaci\u00f3n se \u00a0presenta \u00a0cuando \u00a0el \u00a0hecho \u00a0que \u00a0es motivo de la extradici\u00f3n est\u00e1 \u00a0\u201cprevisto \u00a0como \u00a0delito en Colombia y reprimido con una sanci\u00f3n \u00a0privativa \u00a0 de \u00a0 la \u00a0 libertad \u00a0cuyo \u00a0m\u00ednimo \u00a0no \u00a0sea \u00a0inferior \u00a0a \u00a0cuatro \u00a0(4) \u00a0a\u00f1os\u201d. \u00a0\u00a0<\/p>\n<p>La \u00a0Corte tiene dicho que para establecer si \u00a0la \u00a0conducta \u00a0que \u00a0se \u00a0le \u00a0imputa \u00a0al \u00a0requerido \u00a0en \u00a0el \u00a0pa\u00eds \u00a0solicitante \u00a0es \u00a0considerada \u00a0como \u00a0delito \u00a0en \u00a0Colombia, debe hacerse una comparaci\u00f3n entre las \u00a0normas \u00a0que \u00a0all\u00ed \u00a0sustentan \u00a0la \u00a0sindicaci\u00f3n, \u00a0con \u00a0las de orden interno para \u00a0establecer \u00a0si \u00a0\u00e9stas \u00a0tambi\u00e9n \u00a0recogen los comportamientos contenidos en cada \u00a0uno de los cargos. \u00a0\u00a0<\/p>\n<p>Tal \u00a0 confrontaci\u00f3n \u00a0 se \u00a0 hace \u00a0 con \u00a0la \u00a0normatividad \u00a0que est\u00e1 en vigor al momento de rendir el concepto, puesto que lo \u00a0emite \u00a0dentro del tr\u00e1mite de un mecanismo de cooperaci\u00f3n internacional, raz\u00f3n \u00a0por \u00a0la cual la aplicaci\u00f3n del principio de favorabilidad que podr\u00eda arg\u00fcirse \u00a0como \u00a0producto \u00a0natural \u00a0de \u00a0la \u00a0sucesi\u00f3n \u00a0de \u00a0leyes no entrar\u00eda en juego, por \u00a0cuanto \u00a0las dom\u00e9sticas no son las que operar\u00e1n en el extranjero. Lo que a este \u00a0prop\u00f3sito \u00a0 determina \u00a0el \u00a0concepto \u00a0es \u00a0que, \u00a0sin \u00a0importar \u00a0la \u00a0denominaci\u00f3n \u00a0jur\u00eddica, \u00a0el \u00a0acto \u00a0desarrollado por el ciudadano cuya extradici\u00f3n se demanda \u00a0sea igualmente considerado como delictuoso en el territorio patrio. \u00a0\u00a0<\/p>\n<p>5.1. \u00a0En la acusaci\u00f3n N\u00b0 11-20853-CR-Cooke \u00a0proferida \u00a0en \u00a0la \u00a0Corte Distrital de los Estados Unidos para el Distrito Sur de \u00a0Florida, \u00a0aparece \u00a0el \u00a0cargo \u00a0formulado \u00a0contra \u00a0el \u00a0requerido, \u00a0de la siguiente \u00a0manera: \u00a0\u00a0<\/p>\n<p>\u201cEl \u00a0 Jurado \u00a0 de \u00a0 Acusaci\u00f3n \u00a0 acusa \u00a0que: \u00a0\u00a0<\/p>\n<p>CARGO 1 \u00a0<\/p>\n<p>Comenzando \u00a0por \u00a0lo menos en marzo de 2011 o \u00a0alrededor \u00a0de \u00a0ese entonces, siendo la fecha exacta desconocida por el Jurado de \u00a0Acusaci\u00f3n, \u00a0y \u00a0siguiendo realizando lo aducido hasta la fecha de la emisi\u00f3n de \u00a0la \u00a0 Acusaci\u00f3n \u00a0Formal, \u00a0en \u00a0los \u00a0pa\u00edses \u00a0de \u00a0Colombia, \u00a0Venezuela, \u00a0Honduras, \u00a0\u00a0<\/p>\n<p>\u2026BELISARIO \u00a0 GUTI\u00c9RREZ \u00a0 ROJAS, \u00a0alias \u00a0\u201cMono\u201d,\u2026 \u00a0\u00a0<\/p>\n<p>a sabiendas e intencionalmente se unieron, se \u00a0concertaron, \u00a0se \u00a0confederaron y acordaron entre s\u00ed y con otras personas, tanto \u00a0conocidas \u00a0como \u00a0desconocidas \u00a0por \u00a0el Jurado de Acusaci\u00f3n, para distribuir una \u00a0sustancia \u00a0controlada \u00a0enumerada \u00a0en \u00a0la \u00a0Lista \u00a0II, \u00a0a \u00a0sabiendas \u00a0de que dicha \u00a0sustancia \u00a0se \u00a0importar\u00eda \u00a0il\u00edcitamente a los Estados Unidos en violaci\u00f3n del \u00a0art\u00edculo \u00a0959 \u00a0(a)(2) \u00a0del \u00a0C\u00f3digo Federal de ese pa\u00eds; todo lo cual est\u00e1 en \u00a0violaci\u00f3n del art\u00edculo 963 del mismo T\u00edtulo y C\u00f3digo. \u00a0\u00a0<\/p>\n<p>De acuerdo con el art\u00edculo 960 (b)(1)(B) del \u00a0T\u00edtulo \u00a021 del C\u00f3digo Federal de los Estados Unidos, se aduce adem\u00e1s que esta \u00a0violaci\u00f3n \u00a0de \u00a0la \u00a0ley \u00a0se trata de cinco (5) kilogramos o m\u00e1s de una mezcla y \u00a0sustancia que contiene una cantidad detectable de coca\u00edna\u201d. \u00a0\u00a0<\/p>\n<p>5.2. \u00a0La \u00a0Secci\u00f3n \u00a0959 \u00a0del \u00a0T\u00edtulo 21 del \u00a0C\u00f3digo \u00a0 de \u00a0los \u00a0Estados \u00a0Unidos \u00a0prescribe: \u00a0\u201c(a) \u00a0Fabricaci\u00f3n \u00a0o \u00a0distribuci\u00f3n \u00a0con fines de importaci\u00f3n il\u00edcita. Ser\u00e1 ilegal \u00a0que \u00a0cualquier \u00a0persona \u00a0fabrique \u00a0o \u00a0distribuya \u00a0una sustancia controlada de la \u00a0Tabla \u00a0I \u00a0o II o flunitrazepam o qu\u00edmico listado\u2026 (2) Con conocimiento de que \u00a0esa \u00a0sustancia o ese qu\u00edmico ser\u00e1 importado il\u00edcitamente a los Estados Unidos \u00a0o \u00a0 a \u00a0 las \u00a0aguas \u00a0dentro \u00a0de \u00a0las \u00a012 \u00a0millas \u00a0de \u00a0la \u00a0costa \u00a0de \u00a0los \u00a0Estados \u00a0Unidos\u201d. \u00a0\u00a0<\/p>\n<p>En el mismo T\u00edtulo se encuentra la secci\u00f3n \u00a0963 \u00a0que \u00a0prev\u00e9: \u00a0\u201cTentativa \u00a0y \u00a0concierto. \u00a0El que \u00a0intente \u00a0 o \u00a0 concierte \u00a0 para \u00a0perpetrar \u00a0cualquier \u00a0delito \u00a0definido \u00a0en \u00a0este \u00a0subcap\u00edtulo \u00a0ser\u00e1 castigado con las mismas penas que se prev\u00e9n para el delito \u00a0cuya comisi\u00f3n era el objetivo de la tentativa o el concierto\u201d. \u00a0\u00a0<\/p>\n<p>Por \u00faltimo, la tambi\u00e9n citada Secci\u00f3n 960 \u00a0del \u00a0T\u00edtulo 21 de los Estados Unidos se\u00f1ala: \u201cActos \u00a0prohibidos \u00a0 A. \u00a0 (a) \u00a0Actos \u00a0il\u00edcitos. \u00a0El \u00a0que \u00a0\u2013 (1) \u00a0en \u00a0violaci\u00f3n de las Secciones 952, 953 o 957 de este \u00a0t\u00edtulo, \u00a0con \u00a0conocimiento \u00a0de \u00a0causa o intencionadamente importe o exporte una \u00a0substancia \u00a0controlada, \u00a0(2) \u00a0en \u00a0violaci\u00f3n de la Secci\u00f3n 955 de este t\u00edtulo, \u00a0con \u00a0conocimiento \u00a0de \u00a0causa \u00a0o \u00a0intencionadamente \u00a0trae \u00a0o posea a bordo de una \u00a0embarcaci\u00f3n, \u00a0aeronave \u00a0o \u00a0veh\u00edculo \u00a0una sustancia controlada, (3) \u00a0en violaci\u00f3n de la Secci\u00f3n 959 de este \u00a0t\u00edtulo, \u00a0fabrique, \u00a0posea \u00a0con intenci\u00f3n de distribuir, o distribuya sustancia \u00a0controlada, \u00a0\u2026ser\u00e1 castigado de acuerdo con lo previsto en la subsecci\u00f3n (b) \u00a0de \u00a0esta \u00a0secci\u00f3n. \u00a0(b) \u00a0Las \u00a0penas \u00a0(1) \u00a0En \u00a0caso \u00a0de \u00a0una \u00a0violaci\u00f3n \u00a0de \u00a0la \u00a0sub-secci\u00f3n \u00a0(a) \u00a0de esta secci\u00f3n, que trata de (B) 5 kilogramos o m\u00e1s de una \u00a0mezcla \u00a0o \u00a0sustancia que contenga una cantidad perceptible de (i) hojas de coca, \u00a0salvo \u00a0las \u00a0hojas \u00a0de \u00a0coca \u00a0y \u00a0extractos \u00a0de hojas de coca de los cuales se han \u00a0quitado \u00a0la coca\u00edna, la ecgonina y los derivados de ecgonina, o sus sales; (ii) \u00a0coca\u00edna, \u00a0sus \u00a0sales, sus is\u00f3meros \u00f3pticos y geom\u00e9tricos, y las sales de los \u00a0is\u00f3meros; \u00a0(iii) \u00a0ecgonina, \u00a0sus \u00a0derivados \u00a0y \u00a0las sales, is\u00f3meros y sales de \u00a0is\u00f3meros \u00a0de \u00a0los \u00a0derivados; (iv) Cualquier compuesto, mezcla, o preparado que \u00a0contenga \u00a0alguna \u00a0cantidad \u00a0de \u00a0cualquiera \u00a0de \u00a0las \u00a0sustancias referidas en los \u00a0incisos \u00a0(i) a (iii). El que cometa tal violaci\u00f3n de la ley ser\u00e1 castigado con \u00a0la \u00a0pena \u00a0de prisi\u00f3n por un t\u00e9rmino de cuando menos 10 a\u00f1os y no mayor que la \u00a0cadena \u00a0perpetua,\u2026 con una multa que no deber\u00e1 exceder de lo autorizado en el \u00a0T\u00edtulo \u00a0 \u00a0 \u00a018, \u00a0 \u00a0 \u00a0o \u00a0 \u00a0 \u00a0US$10\u2019000.000 \u00a0si \u00a0el \u00a0reo \u00a0es individuo\u2026 o con ambas penas\u2026 cualquier \u00a0sentencia \u00a0impuesta \u00a0bajo \u00a0este \u00a0p\u00e1rrafo\u2026 \u00a0incluir\u00e1 \u00a0un t\u00e9rmino de libertad \u00a0supervisada \u00a0 \u00a0de \u00a0 por \u00a0 lo \u00a0 menos \u00a0 5 \u00a0 a\u00f1os \u00a0 adem\u00e1s \u00a0 del \u00a0 t\u00e9rmino \u00a0 de \u00a0prisi\u00f3n\u201d. \u00a0\u00a0<\/p>\n<p>5.3. Los anteriores cargos, concretados en la \u00a0conspiraci\u00f3n \u00a0entre varias personas para cometer delitos (importar a territorio \u00a0de \u00a0los \u00a0Estados Unidos cantidades perceptibles de coca\u00edna, para distribuirla), \u00a0tienen \u00a0su \u00a0correspondencia \u00a0en el C\u00f3digo Penal colombiano, espec\u00edficamente en \u00a0el \u00a0art\u00edculo \u00a0340, \u00a0inciso 2\u00ba, modificado por los art\u00edculos 8\u00ba de la Ley 733 \u00a0de \u00a02002, \u00a014 \u00a0de la Ley 890 de 2004 y 19 de la Ley 1121 de 2006, preceptiva que \u00a0establece \u00a0una \u00a0pena que hoy va de 8 a 18 a\u00f1os de prisi\u00f3n y multa que de 2.700 \u00a0a \u00a030.000 \u00a0smlmv., para quien se concierte para cometer, entre otros, delitos de \u00a0tr\u00e1fico \u00a0 \u00a0 de \u00a0 \u00a0 drogas \u00a0 \u00a0 t\u00f3xicas, \u00a0 \u00a0 estupefacientes \u00a0 \u00a0 o \u00a0 \u00a0sustancias \u00a0psicotr\u00f3picas. \u00a0\u00a0<\/p>\n<p>Del \u00a0 mismo \u00a0modo, \u00a0tanto \u00a0conspirar \u00a0como \u00a0concertar \u00a0envuelven \u00a0la \u00a0idea \u00a0de \u00a0acordar \u00a0voluntades \u00a0para adelantar precisas \u00a0actividades \u00a0y \u00a0obtener \u00a0un \u00a0fin, \u00a0el \u00a0cual \u00a0ser\u00eda, en este caso, el de cometer \u00a0delitos de narcotr\u00e1fico. \u00a0\u00a0<\/p>\n<p>Adem\u00e1s, \u00a0los \u00a0cargos \u00a0relacionados \u00a0con \u00a0la \u00a0concreta \u00a0importaci\u00f3n \u00a0de \u00a0la \u00a0sustancia \u00a0vedada \u00a0al \u00a0territorio de los Estados \u00a0Unidos \u00a0y \u00a0su \u00a0distribuci\u00f3n, tienen correspondencia en la legislaci\u00f3n punitiva \u00a0patria, \u00a0toda \u00a0vez \u00a0que \u00a0el \u00a0art\u00edculo \u00a0376 \u00a0tipifica \u00a0el \u00a0delito \u00a0de \u00a0tr\u00e1fico, \u00a0fabricaci\u00f3n \u00a0 o \u00a0 porte \u00a0 de \u00a0 estupefacientes, \u00a0 de \u00a0 la \u00a0 siguiente \u00a0 manera: \u00a0\u201cEl \u00a0que \u00a0sin permiso de autoridad competente, salvo \u00a0lo \u00a0dispuesto \u00a0sobre \u00a0dosis \u00a0para uso personal, introduzca al pa\u00eds, as\u00ed sea en \u00a0tr\u00e1nsito \u00a0o \u00a0saque \u00a0de \u00a0\u00e9l, \u00a0transporte, \u00a0lleve \u00a0consigo, \u00a0almacene, conserve, \u00a0elabore, \u00a0venda, \u00a0ofrezca, \u00a0financie \u00a0o suministre a cualquier t\u00edtulo droga que \u00a0produzca \u00a0dependencia, \u00a0incurrir\u00e1 en prisi\u00f3n de ocho (8) a veinte (20) a\u00f1os y \u00a0multa \u00a0de \u00a0mil \u00a0(1.000) \u00a0a \u00a0cincuenta \u00a0mil \u00a0(50.000) \u00a0salarios \u00a0m\u00ednimos legales \u00a0mensuales vigentes\u201d. \u00a0\u00a0<\/p>\n<p>6. \u00a0 Habi\u00e9ndose \u00a0verificado \u00a0el \u00a0cumplimiento de todos los requisitos se\u00f1alados en el C\u00f3digo de \u00a0Procedimiento \u00a0 \u00a0Penal, \u00a0 \u00a0la \u00a0 \u00a0Corte \u00a0 \u00a0CONCEPT\u00daA \u00a0FAVORABLEMENTE \u00a0 a \u00a0 la \u00a0extradici\u00f3n \u00a0del \u00a0ciudadano \u00a0colombiano \u00a0 BELISARIO \u00a0GUTI\u00c9RREZ \u00a0ROJAS, \u00a0cuyas \u00a0notas \u00a0civiles y condiciones personales fueron constatadas \u00a0en \u00a0el \u00a0cuerpo de este pronunciamiento, conforme con la notas verbales Nos. 0326 \u00a0y \u00a00841 \u00a0del \u00a016 \u00a0de \u00a0febrero \u00a0y 20 de abril del cursante a\u00f1o, respectivamente, \u00a0suscritas \u00a0por \u00a0la \u00a0Embajada \u00a0de \u00a0los \u00a0Estados \u00a0Unidos de Am\u00e9rica, por el cargo \u00a0imputado \u00a0en \u00a0la \u00a0resoluci\u00f3n de acusaci\u00f3n N\u00b0 11-20853-CR-Cooke, dictada el 15 \u00a0de \u00a0diciembre \u00a0de \u00a02011 \u00a0ante \u00a0la \u00a0Corte Distrital de los Estados Unidos para el \u00a0Distrito Sur de Florida. \u00a0\u00a0<\/p>\n<p>6.1. \u00a0En \u00a0todo \u00a0caso, \u00a0habida \u00a0cuenta que de \u00a0acuerdo \u00a0con las normas punitivas de los Estados Unidos aplicables a los delitos \u00a0por \u00a0los \u00a0que \u00a0solicit\u00f3 \u00a0la \u00a0extradici\u00f3n \u00a0prev\u00e9n \u00a0como \u00a0sanci\u00f3n hasta cadena \u00a0perpetua, \u00a0la cual est\u00e1 prohibida en Colombia (art\u00edculo 34 de la Constituci\u00f3n \u00a0Pol\u00edtica), \u00a0le \u00a0corresponde \u00a0al \u00a0Gobierno \u00a0Nacional, \u00a0en caso de que conceda la \u00a0entrega \u00a0requerida, \u00a0condicionar \u00a0la extradici\u00f3n a la conmutaci\u00f3n de la misma, \u00a0as\u00ed \u00a0como \u00a0imponer \u00a0las \u00a0exigencias que considere oportunas para que se observe \u00a0ese \u00a0precepto \u00a0constitucional, \u00a0y \u00a0a \u00a0fin \u00a0de que GUTI\u00c9RREZ ROJAS no vaya a ser \u00a0juzgado \u00a0por \u00a0un hecho anterior al que motiva la extradici\u00f3n (art\u00edculo 494 del \u00a0C\u00f3digo \u00a0de \u00a0Procedimiento \u00a0Penal), \u00a0ni \u00a0sometido \u00a0a tratos crueles, inhumanos o \u00a0degradantes. \u00a0Del \u00a0mismo \u00a0modo, para que a GUTI\u00c9RREZ ROJAS se le reconozca como \u00a0parte \u00a0cumplida \u00a0de \u00a0la pena que se le llegare a imponer en el pa\u00eds requirente, \u00a0el \u00a0tiempo \u00a0que \u00a0ha \u00a0permanecido \u00a0privado \u00a0de \u00a0la \u00a0libertad \u00a0por \u00a0raz\u00f3n de este \u00a0tr\u00e1mite. \u00a0\u00a0<\/p>\n<p>6.2. Tambi\u00e9n es preciso advertir que como el \u00a0instrumento \u00a0de \u00a0la \u00a0extradici\u00f3n entre Estados Unidos de Am\u00e9rica y Colombia se \u00a0rige, \u00a0en \u00a0ausencia \u00a0de \u00a0un \u00a0instrumento internacional que regule los motivos de \u00a0procedencia, \u00a0requisitos, \u00a0tr\u00e1mite \u00a0y condiciones, por las normas contenidas en \u00a0la \u00a0Constituci\u00f3n \u00a0Pol\u00edtica \u00a0(art\u00edculo \u00a035) \u00a0y \u00a0en el C\u00f3digo de Procedimiento \u00a0Penal \u00a0(art\u00edculos \u00a0490 \u00a0a \u00a0514 \u00a0de \u00a0la \u00a0Ley \u00a0906 \u00a0de \u00a02004), cuando recae sobre \u00a0ciudadanos \u00a0colombianos por nacimiento \u2013si \u00a0es \u00a0pasiva-, \u00a0es \u00a0imperioso \u00a0que \u00a0el \u00a0Gobierno Nacional haga las \u00a0exigencias \u00a0que \u00a0estime \u00a0convenientes en aras a que en el pa\u00eds reclamante se le \u00a0reconozcan \u00a0 todos \u00a0los \u00a0derechos \u00a0y \u00a0garant\u00edas \u00a0inherentes \u00a0a \u00a0su \u00a0calidad \u00a0de \u00a0colombiano \u00a0y \u00a0de procesado, en especial las contenidas en la Carta Fundamental, \u00a0entre \u00a0ellas \u00a0la \u00a0contenida en el art\u00edculo 42, seg\u00fan la cual, la familia es el \u00a0n\u00facleo \u00a0central \u00a0de \u00a0la \u00a0sociedad, \u00a0motivo por el cual deber\u00e1 permitirse a sus \u00a0parientes mantener un contacto permanente. \u00a0\u00a0<\/p>\n<p>Asimismo, \u00a0se deber\u00e1n acatar los derechos y \u00a0garant\u00edas \u00a0consagrados en el denominado bloque de constitucionalidad, es decir, \u00a0en \u00a0aquellos \u00a0convenios internacionales ratificados por Colombia que consagran y \u00a0desarrollan \u00a0derechos \u00a0humanos \u00a0(art\u00edculo \u00a093 de la Constituci\u00f3n, Declaraci\u00f3n \u00a0Universal \u00a0de Derechos Humanos, Convenci\u00f3n Americana de Derechos Humanos, Pacto \u00a0Internacional \u00a0de \u00a0Derechos \u00a0Civiles \u00a0y \u00a0Pol\u00edticos), \u00a0en \u00a0virtud \u00a0del \u00a0deber de \u00a0protecci\u00f3n \u00a0a \u00a0esos derechos que para todas las autoridades p\u00fablicas emana del \u00a0art\u00edculo 2\u00ba ib\u00eddem. \u00a0\u00a0<\/p>\n<p>Tales \u00a0condicionamientos \u00a0tienen \u00a0car\u00e1cter \u00a0imperioso, \u00a0porque \u00a0la \u00a0extradici\u00f3n \u00a0de un ciudadano colombiano por nacimiento, \u00a0cualquiera \u00a0sea \u00a0el \u00a0delito que dio lugar a su entrega a un pa\u00eds extranjero, no \u00a0implica \u00a0que \u00a0pierda \u00a0su \u00a0nacionalidad \u00a0ni \u00a0los derechos que le son anejos a tal \u00a0calidad. \u00a0Por \u00a0tanto, \u00a0el deber de protecci\u00f3n de las autoridades colombianas se \u00a0extiende \u00a0a \u00a0tal \u00a0punto, \u00a0que \u00a0han \u00a0de \u00a0vigilar que en el pa\u00eds reclamante se le \u00a0respete \u00a0los \u00a0derechos \u00a0y garant\u00edas tal como si fuese juzgado en Colombia. A lo \u00a0que \u00a0renuncia \u00a0el \u00a0Estado que accede a la entrega de un connacional es a ejercer \u00a0su soberan\u00eda jurisdiccional, de modo que en tanto aqu\u00e9l \u00a0\u00a0<\/p>\n<p>siga siendo s\u00fabdito de Colombia, conserva a \u00a0su \u00a0favor \u00a0todas \u00a0las \u00a0prerrogativas, \u00a0garant\u00edas \u00a0y \u00a0derechos \u00a0que emanan de la \u00a0Constituci\u00f3n \u00a0y \u00a0la \u00a0ley, \u00a0en \u00a0particular, \u00a0aquellos \u00a0que \u00a0se relacionan con su \u00a0calidad de procesado y que tienen que ver con la dignidad humana. \u00a0\u00a0<\/p>\n<p>Por \u00a0esa \u00a0raz\u00f3n, \u00a0de \u00a0conformidad \u00a0con \u00a0lo \u00a0establecido \u00a0por \u00a0el \u00a0art\u00edculo 189-2 de la Constituci\u00f3n Pol\u00edtica, al Gobierno \u00a0Nacional, \u00a0en \u00a0cabeza \u00a0del \u00a0se\u00f1or \u00a0Presidente \u00a0de \u00a0la \u00a0Rep\u00fablica \u00a0como supremo \u00a0director \u00a0de \u00a0la \u00a0pol\u00edtica \u00a0exterior \u00a0y \u00a0de \u00a0las relaciones internacionales, le \u00a0corresponde \u00a0hacer \u00a0estricto \u00a0seguimiento \u00a0del \u00a0cumplimiento por parte del pa\u00eds \u00a0requirente \u00a0de \u00a0los \u00a0condicionamientos \u00a0atr\u00e1s \u00a0referenciados y establecer, as\u00ed \u00a0mismo, \u00a0las \u00a0consecuencias \u00a0de su inobservancia (Cfr. concepto del 23 de febrero \u00a0de 2005, radicaci\u00f3n N\u00b0 22.375, entre otros). \u00a0\u00a0<\/p>\n<p>La \u00a0Secretar\u00eda \u00a0de la Sala comunicar\u00e1 este \u00a0concepto \u00a0al solicitado BELISARIO GUTI\u00c9RREZ ROJAS y dem\u00e1s intervinientes en el \u00a0tr\u00e1mite de extradici\u00f3n. \u00a0\u00a0<\/p>\n<p>Devu\u00e9lvase \u00a0el \u00a0expediente al Ministerio de \u00a0Justicia y del Derecho para lo de su competencia. \u00a0\u00a0<\/p>\n<p>Comun\u00edquese y c\u00famplase. \u00a0<\/p>\n<p>JOS\u00c9 LEONIDAS BUSTOS MART\u00cdNEZ \u00a0<\/p>\n<p>P\u00e1gina contiene firma \u00a0del Presidente de la Sala \u00a0\u00a0<\/p>\n<p>Extradici\u00f3n\u00a0 \u00a0N\u00b0 38.942 \u2013Concepto- \u00a0<\/p>\n<p>P\u00e1gina contiene firma \u00a0de 6 Magistrados \u00a0\u00a0<\/p>\n<p>Extradici\u00f3n\u00a0 \u00a0N\u00b0 38.942 \u2013Concepto- \u00a0<\/p>\n<p>JOS\u00c9 \u00a0LUIS \u00a0BARCEL\u00d3 \u00a0CAMACHO \u00a0\u00a0 \u00a0\u00a0 \u00a0\u00a0 \u00a0\u00a0 \u00a0\u00a0 \u00a0\u00a0 \u00a0 \u00a0\u00a0 \u00a0 \u00a0 \u00a0 \u00a0 \u00a0 \u00a0 \u00a0 \u00a0 \u00a0\u00a0FERNANDO A. CASTRO CABALLERO \u00a0\u00a0<\/p>\n<p>MAR\u00cdA \u00a0 \u00a0DEL \u00a0 \u00a0ROSARIO \u00a0 \u00a0GONZ\u00c1LEZ \u00a0MU\u00d1OZ \u00a0 \u00a0 \u00a0 \u00a0 \u00a0\u00a0 \u00a0\u00a0LUIS GUILLERMO SALAZAR OTERO \u00a0\u00a0<\/p>\n<p>JULIO \u00a0ENRIQUE \u00a0SOCHA SALAMANCA \u00a0\u00a0 \u00a0\u00a0 \u00a0\u00a0 \u00a0\u00a0 \u00a0\u00a0 \u00a0\u00a0 \u00a0 \u00a0 \u00a0 \u00a0JAVIER \u00a0 DE \u00a0 JES\u00daS \u00a0ZAPATA \u00a0ORTIZ \u00a0\u00a0<\/p>\n<p>Nubia Yolanda Nova Garc\u00eda \u00a0<\/p>\n<p>Secretaria \u00a0 \u00a0<\/p>\n<p><\/p>\n","protected":false},"excerpt":{"rendered":"<p>\u00a0 \u00a0 CORTE SUPREMA DE JUSTICIA \u00a0 SALA DE CASACI\u00d3N PENAL \u00a0 Magistrado Ponente: \u00a0 Dr. LUIS GUILLERMO SALAZAR OTERO \u00a0 Aprobado Acta N\u00b0 261. \u00a0 Bogot\u00e1, \u00a0D.C., dieciocho de julio de dos mil \u00a0doce. \u00a0\u00a0 V I S T O S \u00a0 Dentro del presente tr\u00e1mite de extradici\u00f3n \u00a0que \u00a0se \u00a0adelanta \u00a0respecto del ciudadano [&hellip;]<\/p>\n","protected":false},"author":1,"featured_media":0,"comment_status":"open","ping_status":"open","sticky":false,"template":"","format":"standard","meta":{"footnotes":""},"categories":[20],"tags":[],"class_list":["post-24548","post","type-post","status-publish","format-standard","hentry","category-20"],"_links":{"self":[{"href":"https:\/\/dmsjuridica.com\/buscador_20179478954\/salapenalcronologico20230723\/wp-json\/wp\/v2\/posts\/24548","targetHints":{"allow":["GET"]}}],"collection":[{"href":"https:\/\/dmsjuridica.com\/buscador_20179478954\/salapenalcronologico20230723\/wp-json\/wp\/v2\/posts"}],"about":[{"href":"https:\/\/dmsjuridica.com\/buscador_20179478954\/salapenalcronologico20230723\/wp-json\/wp\/v2\/types\/post"}],"author":[{"embeddable":true,"href":"https:\/\/dmsjuridica.com\/buscador_20179478954\/salapenalcronologico20230723\/wp-json\/wp\/v2\/users\/1"}],"replies":[{"embeddable":true,"href":"https:\/\/dmsjuridica.com\/buscador_20179478954\/salapenalcronologico20230723\/wp-json\/wp\/v2\/comments?post=24548"}],"version-history":[{"count":0,"href":"https:\/\/dmsjuridica.com\/buscador_20179478954\/salapenalcronologico20230723\/wp-json\/wp\/v2\/posts\/24548\/revisions"}],"wp:attachment":[{"href":"https:\/\/dmsjuridica.com\/buscador_20179478954\/salapenalcronologico20230723\/wp-json\/wp\/v2\/media?parent=24548"}],"wp:term":[{"taxonomy":"category","embeddable":true,"href":"https:\/\/dmsjuridica.com\/buscador_20179478954\/salapenalcronologico20230723\/wp-json\/wp\/v2\/categories?post=24548"},{"taxonomy":"post_tag","embeddable":true,"href":"https:\/\/dmsjuridica.com\/buscador_20179478954\/salapenalcronologico20230723\/wp-json\/wp\/v2\/tags?post=24548"}],"curies":[{"name":"wp","href":"https:\/\/api.w.org\/{rel}","templated":true}]}}