{"id":24530,"date":"2023-09-12T17:22:17","date_gmt":"2023-09-12T17:22:17","guid":{"rendered":"https:\/\/dmsjuridica.com\/buscador_20179478954\/salapenalcronologico20230723\/2023\/09\/12\/3892327-06-12\/"},"modified":"2023-09-12T17:22:17","modified_gmt":"2023-09-12T17:22:17","slug":"3892327-06-12","status":"publish","type":"post","link":"https:\/\/dmsjuridica.com\/buscador_20179478954\/salapenalcronologico20230723\/2023\/09\/12\/3892327-06-12\/","title":{"rendered":"38923(27-06-12)"},"content":{"rendered":"\n<p>\u00a0 \u00a0 \u00a0\u00a0<\/p>\n<p>CORTE \u00a0SUPREMA \u00a0DE \u00a0JUSTICIA \u00a0\u00a0<\/p>\n<p>SALA DE CASACI\u00d3N PENAL \u00a0<\/p>\n<p>Magistrado Ponente \u00a0JAVIER \u00a0 \u00a0ZAPATA \u00a0ORTIZ \u00a0\u00a0<\/p>\n<p>Aprobado \u00a0 \u00a0acta \u00a0 \u00a0N\u00b0 \u00a0 \u00a0239 \u00a0\u00a0<\/p>\n<p>Bogot\u00e1 \u00a0D. \u00a0C., \u00a0junio veintisiete de dos mil doce (2012) \u00a0\u00a0<\/p>\n<p>VISTOS \u00a0<\/p>\n<p>\u00a0 \u00a0\u00a0 \u00a0\u00a0 \u00a0Resuelve \u00a0 \u00a0 la \u00a0 \u00a0 Corte \u00a0la solicitud presentada por el apoderado de YIDIS MEDINA PADILLA, \u00a0encaminada \u00a0a \u00a0desistir del \u00a0recurso \u00a0 \u00a0de \u00a0 apelaci\u00f3n \u00a0 interpuesto \u00a0 contra \u00a0 la \u00a0 providencia \u00a0del 8 de noviembre de 2011 emitida \u00a0 \u00a0 por \u00a0 \u00a0 el \u00a0 \u00a0Juzgado \u00a0Primero de Ejecuci\u00f3n de Penas y \u00a0Medidas \u00a0 \u00a0de \u00a0 Seguridad \u00a0 de \u00a0 Descongesti\u00f3n \u00a0 de \u00a0Bogot\u00e1, donde le \u00a0 \u00a0 \u00a0 \u00a0niega \u00a0 \u00a0 \u00a0 el\u00a0 \u00a0permiso \u00a0para salir del centro \u00a0de \u00a0 \u00a0reclusi\u00f3n \u00a0 a \u00a0 la \u00a0 sentenciada. \u00a0\u00a0<\/p>\n<p>CONSIDERACIONES \u00a0<\/p>\n<p>\u00a0 \u00a0\u00a0 \u00a0\u00a0 \u00a0Los \u00a0 recursos \u00a0 son \u00a0medios \u00a0legales \u00a0otorgados \u00a0a \u00a0los \u00a0sujetos \u00a0procesales \u00a0para \u00a0obtener \u00a0la correcci\u00f3n de los efectos \u00a0en \u00a0que a su juicio incurri\u00f3 el funcionario que adopt\u00f3 la decisi\u00f3n con la que \u00a0esta \u00a0inconforme, \u00a0de manera que tal facultad, tanto la de interponerlos como la \u00a0de \u00a0abandonarlos \u00a0son \u00a0determinaciones que el ordenamiento jur\u00eddico ha dejado a \u00a0la prudencia de los interesados. \u00a0\u00a0<\/p>\n<p>\u00a0 \u00a0\u00a0 \u00a0\u00a0 \u00a0El \u00a0art\u00edculo \u00a0199 \u00a0del C\u00f3digo de Procedimiento Penal establece la \u00a0posibilidad \u00a0de \u00a0desistir \u00a0de los recursos antes que el funcionario judicial los \u00a0decida. \u00a0\u00a0<\/p>\n<p>\u00a0 \u00a0\u00a0 \u00a0\u00a0 \u00a0Como \u00a0quiera \u00a0que el mandatario judicial \u00a0de \u00a0YIDIS \u00a0MEDINA \u00a0PADILLA \u00a0present\u00f3 \u00a0desistimiento \u00a0del recurso y la \u00a0 Sala \u00a0 no \u00a0 ha \u00a0 emitido \u00a0 pronunciamiento \u00a0 alguno \u00a0sobre \u00a0el \u00a0tema, \u00a0 no \u00a0 queda \u00a0otra \u00a0alternativa \u00a0que \u00a0proceder a su aceptaci\u00f3n seg\u00fan los \u00a0argumentos mencionados. \u00a0\u00a0<\/p>\n<p>En \u00a0m\u00e9rito de lo expuesto, la SALA \u00a0 \u00a0DE \u00a0 \u00a0CASACI\u00d3N \u00a0 \u00a0PENAL \u00a0 \u00a0DE \u00a0 \u00a0LA \u00a0 CORTE \u00a0 SUPREMA \u00a0 DE \u00a0JUSTICIA, \u00a0administrando \u00a0justicia \u00a0en \u00a0nombre \u00a0de la \u00a0Rep\u00fablica y por autoridad de la ley, \u00a0\u00a0<\/p>\n<p>RESUELVE \u00a0<\/p>\n<p>ACEPTAR\u00a0 el \u00a0desistimiento \u00a0 presentado \u00a0 por \u00a0 el \u00a0 apoderado \u00a0 judicial \u00a0 de \u00a0YIDIS \u00a0MEDINA \u00a0PADILLA. \u00a0\u00a0<\/p>\n<p>\u00a0 \u00a0\u00a0 \u00a0\u00a0 \u00a0C\u00f3piese, notif\u00edquese y c\u00famplase. \u00a0\u00a0<\/p>\n<p>JOS\u00c9 LEONIDAS BUSTOS MART\u00cdNEZ \u00a0<\/p>\n<p>JOS\u00c9 \u00a0 \u00a0 \u00a0LUIS \u00a0 \u00a0 \u00a0BARCEL\u00d3 \u00a0CAMACHO\u00a0\u00a0\u00a0\u00a0\u00a0\u00a0\u00a0\u00a0\u00a0\u00a0\u00a0\u00a0\u00a0\u00a0\u00a0 \u00a0FERNANDO \u00a0 \u00a0 \u00a0ALBERTO \u00a0 \u00a0 CASTRO \u00a0 \u00a0 CABALLERO \u00a0\u00a0<\/p>\n<p>SIGIFREDO \u00a0 ESPINOSA \u00a0 P\u00c9REZ \u00a0 \u00a0 \u00a0 \u00a0\u00a0 \u00a0 \u00a0 \u00a0 \u00a0\u00a0 \u00a0 \u00a0 \u00a0 \u00a0 \u00a0 \u00a0 \u00a0 \u00a0\u00a0\u00a0\u00a0\u00a0\u00a0\u00a0\u00a0 \u00a0 \u00a0 \u00a0 \u00a0 \u00a0 MARIA DEL \u00a0ROSARIO GONZ\u00c1LEZ MU\u00d1\u00d3Z\u00a0\u00a0 \u00a0\u00a0<\/p>\n<p>LUIS \u00a0GUILLERMO SALAZAR OTERO \u00a0 \u00a0 \u00a0\u00a0 \u00a0\u00a0 \u00a0\u00a0 \u00a0 \u00a0\u00a0 \u00a0 \u00a0\u00a0 \u00a0 \u00a0\u00a0JULIO \u00a0 \u00a0ENRIQUE \u00a0 SOCHA \u00a0SALAMANCA\u00a0 \u00a0\u00a0<\/p>\n<p>JAVIER ZAPATA ORTIZ \u00a0<\/p>\n<p>NUBIA YOLANDA NOVA GARC\u00cdA \u00a0<\/p>\n<p>Secretaria \u00a0 \u00a0<\/p>\n<p><\/p>\n","protected":false},"excerpt":{"rendered":"<p>\u00a0 \u00a0 \u00a0\u00a0 CORTE \u00a0SUPREMA \u00a0DE \u00a0JUSTICIA \u00a0\u00a0 SALA DE CASACI\u00d3N PENAL \u00a0 Magistrado Ponente \u00a0JAVIER \u00a0 \u00a0ZAPATA \u00a0ORTIZ \u00a0\u00a0 Aprobado \u00a0 \u00a0acta \u00a0 \u00a0N\u00b0 \u00a0 \u00a0239 \u00a0\u00a0 Bogot\u00e1 \u00a0D. \u00a0C., \u00a0junio veintisiete de dos mil doce (2012) \u00a0\u00a0 VISTOS \u00a0 \u00a0 \u00a0\u00a0 \u00a0\u00a0 \u00a0Resuelve \u00a0 \u00a0 la \u00a0 \u00a0 Corte \u00a0la solicitud presentada por [&hellip;]<\/p>\n","protected":false},"author":1,"featured_media":0,"comment_status":"open","ping_status":"open","sticky":false,"template":"","format":"standard","meta":{"footnotes":""},"categories":[20],"tags":[],"class_list":["post-24530","post","type-post","status-publish","format-standard","hentry","category-20"],"_links":{"self":[{"href":"https:\/\/dmsjuridica.com\/buscador_20179478954\/salapenalcronologico20230723\/wp-json\/wp\/v2\/posts\/24530","targetHints":{"allow":["GET"]}}],"collection":[{"href":"https:\/\/dmsjuridica.com\/buscador_20179478954\/salapenalcronologico20230723\/wp-json\/wp\/v2\/posts"}],"about":[{"href":"https:\/\/dmsjuridica.com\/buscador_20179478954\/salapenalcronologico20230723\/wp-json\/wp\/v2\/types\/post"}],"author":[{"embeddable":true,"href":"https:\/\/dmsjuridica.com\/buscador_20179478954\/salapenalcronologico20230723\/wp-json\/wp\/v2\/users\/1"}],"replies":[{"embeddable":true,"href":"https:\/\/dmsjuridica.com\/buscador_20179478954\/salapenalcronologico20230723\/wp-json\/wp\/v2\/comments?post=24530"}],"version-history":[{"count":0,"href":"https:\/\/dmsjuridica.com\/buscador_20179478954\/salapenalcronologico20230723\/wp-json\/wp\/v2\/posts\/24530\/revisions"}],"wp:attachment":[{"href":"https:\/\/dmsjuridica.com\/buscador_20179478954\/salapenalcronologico20230723\/wp-json\/wp\/v2\/media?parent=24530"}],"wp:term":[{"taxonomy":"category","embeddable":true,"href":"https:\/\/dmsjuridica.com\/buscador_20179478954\/salapenalcronologico20230723\/wp-json\/wp\/v2\/categories?post=24530"},{"taxonomy":"post_tag","embeddable":true,"href":"https:\/\/dmsjuridica.com\/buscador_20179478954\/salapenalcronologico20230723\/wp-json\/wp\/v2\/tags?post=24530"}],"curies":[{"name":"wp","href":"https:\/\/api.w.org\/{rel}","templated":true}]}}