{"id":24504,"date":"2023-09-12T17:22:15","date_gmt":"2023-09-12T17:22:15","guid":{"rendered":"https:\/\/dmsjuridica.com\/buscador_20179478954\/salapenalcronologico20230723\/2023\/09\/12\/3889004-07-12\/"},"modified":"2023-09-12T17:22:15","modified_gmt":"2023-09-12T17:22:15","slug":"3889004-07-12","status":"publish","type":"post","link":"https:\/\/dmsjuridica.com\/buscador_20179478954\/salapenalcronologico20230723\/2023\/09\/12\/3889004-07-12\/","title":{"rendered":"38890(04-07-12)"},"content":{"rendered":"\n<p>\u00a0 \u00a0 CORTE SUPREMA DE JUSTICIA \u00a0<\/p>\n<p>SALA DE CASACI\u00d3N PENAL \u00a0<\/p>\n<p>MAGISTRADO PONENTE \u00a0<\/p>\n<p>Dr. JOS\u00c9 LUIS BARCEL\u00d3 CAMACHO \u00a0<\/p>\n<p>Aprobado: \u00a0 \u00a0 Acta \u00a0 \u00a0 No.\u2013247 \u00a0\u00a0<\/p>\n<p>Bogot\u00e1, \u00a0D. C., cuatro (4) de julio de dos \u00a0mil doce (2012). \u00a0\u00a0<\/p>\n<p>\u00a0 \u00a0\u00a0 \u00a0\u00a0 \u00a0\u00a0 \u00a0 \u00a0 \u00a0 \u00a0\u00a0 \u00a0 \u00a0 \u00a0 \u00a0\u00a0 \u00a0 \u00a0 \u00a0 \u00a0\u00a0 \u00a0 \u00a0 \u00a0 \u00a0\u00a0ASUNTO \u00a0\u00a0<\/p>\n<p>La \u00a0Corte \u00a0Suprema \u00a0de Justicia de Colombia \u00a0emite \u00a0concepto \u00a0sobre la solicitud de extradici\u00f3n formulada por el Gobierno de \u00a0los \u00a0Estados \u00a0Unidos \u00a0de \u00a0Am\u00e9rica, \u00a0a \u00a0trav\u00e9s de su Embajada en nuestro pa\u00eds, \u00a0respecto \u00a0 del \u00a0ciudadano \u00a0colombiano \u00a0UR\u00cdAS \u00a0AUGUSTO \u00a0CORREDOR C\u00c1RDENAS. \u00a0\u00a0<\/p>\n<p>ACTUACI\u00d3N JUDICIAL RELEVANTE \u00a0<\/p>\n<p>\u00a0 \u00a0\u00a0<\/p>\n<p>1. Mediante \u00a0 Nota \u00a0 Verbal \u00a0 No. \u00a0 0325 \u00a0 del \u00a0 16 \u00a0 de \u00a0 febrero \u00a0de \u00a020121, \u00a0la \u00a0Embajada \u00a0de \u00a0los \u00a0Estados \u00a0Unidos \u00a0de Am\u00e9rica solicit\u00f3 la \u00a0detenci\u00f3n \u00a0 \u00a0provisional \u00a0 \u00a0con \u00a0 \u00a0fines \u00a0 \u00a0de \u00a0 extradici\u00f3n \u00a0 del \u00a0 ciudadano \u00a0colombiano \u00a0 \u00a0 \u00a0UR\u00cdAS \u00a0 \u00a0 \u00a0AUGUSTO \u00a0 \u00a0 \u00a0CORREDOR \u00a0C\u00c1RDENAS, \u00a0petici\u00f3n \u00a0que \u00a0formaliz\u00f3 \u00a0con \u00a0la \u00a0Nota \u00a0Verbal \u00a0 No. \u00a0 0840 \u00a0 del \u00a0 20 \u00a0de \u00a0abril \u00a0de \u00a020122. \u00a0 \u00a0\u00a0<\/p>\n<p>2. El Ministerio de Justicia y del Derecho, \u00a0previo \u00a0concepto \u00a0de su hom\u00f3logo de Relaciones Exteriores sobre la inexistencia \u00a0de \u00a0convenio \u00a0aplicable \u00a0al \u00a0caso, remiti\u00f3 a la Corte la documentaci\u00f3n enviada \u00a0por \u00a0 \u00a0la \u00a0 \u00a0Embajada \u00a0 \u00a0del \u00a0 pa\u00eds \u00a0 requirente, \u00a0 debidamente \u00a0 traducida \u00a0 y \u00a0autenticada. \u00a0\u00a0<\/p>\n<p>3. \u00a0La \u00a0Fiscal\u00eda \u00a0General \u00a0de \u00a0la Naci\u00f3n, \u00a0mediante \u00a0resoluci\u00f3n \u00a0del \u00a024 \u00a0de \u00a0febrero \u00a0de 20123, \u00a0decret\u00f3 \u00a0la \u00a0captura \u00a0con \u00a0fines \u00a0 de \u00a0 extradici\u00f3n \u00a0 del \u00a0 ciudadano \u00a0 CORREDOR \u00a0C\u00c1RDENAS \u00a0la \u00a0cual \u00a0se efect\u00fao ese mismo d\u00eda a las \u00a021:00 \u00a0 en \u00a0 la \u00a0ciudad \u00a0de \u00a0Villavicencio, \u00a0(Meta)4. \u00a0\u00a0<\/p>\n<p>4. \u00a0El 2 de mayo del 2012, la Corte Suprema \u00a0de \u00a0Justicia, \u00a0Sala \u00a0de \u00a0Casaci\u00f3n Penal, dispuso informar al se\u00f1or \u00a0UR\u00cdAS \u00a0AUGUSTO CORREDOR C\u00c1RDENAS sobre \u00a0su \u00a0derecho \u00a0a \u00a0nombrar \u00a0un \u00a0defensor \u00a0que lo asistiera en el tr\u00e1mite ante esta \u00a0Corporaci\u00f3n,5 \u00a0sin \u00a0embargo, \u00a0como el requerido no se pronunci\u00f3 al respecto, se \u00a0orden\u00f3 \u00a0oficiar \u00a0a \u00a0la \u00a0Defensor\u00eda \u00a0del \u00a0Pueblo \u00a0con el fin de que asignara un \u00a0profesional \u00a0del \u00a0derecho \u00a0que obrara como representante judicial del mismo. Por \u00a0tal \u00a0raz\u00f3n, \u00a0el \u00a022 \u00a0de \u00a0mayo \u00a0de 2012 un defensor p\u00fablico tom\u00f3 posesi\u00f3n del \u00a0cargo6. \u00a0\u00a0<\/p>\n<p>Posteriormente, encontr\u00e1ndose el proceso al \u00a0despacho \u00a0para \u00a0resolver pruebas, el requerido, en coadyuvancia de su apoderada, \u00a0expres\u00f3 \u00a0a \u00a0la \u00a0Corte \u00a0su voluntad de acogerse al procedimiento de extradici\u00f3n \u00a0simplificada7. \u00a0La \u00a0Sala \u00a0mediante \u00a0auto \u00a0del \u00a013 de junio siguiente8 \u00a0 dispuso \u00a0oficiar \u00a0al \u00a0Ministerio \u00a0P\u00fablico \u00a0para \u00a0que \u00a0manifestara si coadyuvaba en dicha \u00a0actuaci\u00f3n, \u00a0de \u00a0acuerdo \u00a0con \u00a0lo \u00a0previsto en el art\u00edculo 70 de la Ley 1453 de \u00a02011. \u00a0\u00a0<\/p>\n<p>El \u00a0se\u00f1or Procurador Segundo Delegado para \u00a0la \u00a0Casaci\u00f3n \u00a0Penal \u00a0indic\u00f3 que dicha solicitud es procedente por cuanto de la \u00a0documentaci\u00f3n \u00a0obrante \u00a0en \u00a0el \u00a0expediente \u00a0se \u00a0establece \u00a0que \u00a0el requerido se \u00a0acogi\u00f3 \u00a0al \u00a0procedimiento \u00a0de \u00a0manera \u00a0libre y espont\u00e1nea, sin apremio o vicio \u00a0alguno \u00a0 del \u00a0 consentimiento \u00a0 y \u00a0 fue \u00a0debidamente \u00a0asesorado \u00a0acerca \u00a0de \u00a0las \u00a0consecuencias \u00a0 que \u00a0 se \u00a0derivan \u00a0de \u00a0la \u00a0renuncia \u00a0al \u00a0tr\u00e1mite \u00a0ordinario \u00a0de \u00a0extradici\u00f3n. \u00a0\u00a0<\/p>\n<p>Adicionalmente, propuso conceptuar de manera \u00a0favorable \u00a0la \u00a0petici\u00f3n \u00a0de \u00a0extradici\u00f3n \u00a0presentada \u00a0por \u00a0el \u00a0Gobierno de los \u00a0Estados \u00a0Unidos \u00a0en \u00a0contra \u00a0del ciudadano colombiano de nacimiento, \u00a0UR\u00cdAS \u00a0AUGUSTO \u00a0CORREDOR C\u00c1RDENAS, por \u00a0los \u00a0 \u00a0cargos \u00a0 \u00a0atribuidos, \u00a0 \u00a0al \u00a0 considerar \u00a0 satisfechas \u00a0 las \u00a0 exigencias \u00a0constitucionales y legales para proceder en esa direcci\u00f3n. \u00a0\u00a0<\/p>\n<p>DOCUMENTOS ALLEGADOS \u00a0<\/p>\n<p>Con la Nota Verbal No. 0840 del 20 de abril \u00a0de \u00a0 \u00a020129 \u00a0la \u00a0Embajada \u00a0de \u00a0los \u00a0Estados Unidos de Am\u00e9rica aport\u00f3, con su \u00a0respectiva traducci\u00f3n, los siguientes documentos: \u00a0\u00a0<\/p>\n<p>1. Nota Verbal No. \u00a00325 \u00a0 \u00a0 del \u00a0 \u00a016 \u00a0 \u00a0de \u00a0 \u00a0febrero \u00a0 \u00a0de \u00a0 \u00a0201210, \u00a0por \u00a0medio \u00a0de \u00a0la cual la \u00a0Embajada \u00a0del \u00a0Estado peticionario solicit\u00f3 la detenci\u00f3n provisional con fines \u00a0de \u00a0extradici\u00f3n \u00a0del \u00a0se\u00f1or \u00a0UR\u00cdAS AUGUSTO CORREDOR \u00a0C\u00c1RDENAS. \u00a0\u00a0<\/p>\n<p>2. Declaraciones en \u00a0apoyo \u00a0de \u00a0las solicitudes rendidas bajo juramento el 6 de abril de 2012 ante un \u00a0Juez \u00a0 Federal \u00a0 de \u00a0 Instrucci\u00f3n \u00a0 de \u00a0 los \u00a0Estados \u00a0Unidos, \u00a0por \u00a0Andrea \u00a0G. \u00a0Hoffman11, \u00a0Fiscal Federal Auxiliar del Distrito Norte de Tejas; y por Peter \u00a0J. \u00a0 Maynard12, Agente Especial de la DEA. \u00a0\u00a0<\/p>\n<p>3. \u00a0 Acusaci\u00f3n \u00a0Formal \u00a0 \u00a0 \u00a0 \u00a0 No. \u00a0 \u00a0 \u00a0 \u00a0 11-20853-CR-Cooke13 \u00a0dictada el 15 de diciembre \u00a0de \u00a02011 \u00a0por \u00a0el Tribunal de Distrito de los Estados Unidos, Distrito Sur de la \u00a0Florida, \u00a0 en \u00a0 la \u00a0 que \u00a0 se \u00a0 le \u00a0 formulan \u00a0 cargos \u00a0al \u00a0se\u00f1or \u00a0UR\u00cdAS \u00a0AUGUSTO \u00a0CORREDOR \u00a0C\u00c1RDENAS \u00a0por \u00a0delitos federales de narc\u00f3ticos. \u00a0\u00a0<\/p>\n<p>4. Orden de arresto \u00a0de \u00a0fecha \u00a019 \u00a0de enero de 2012 contra el se\u00f1or UR\u00cdAS \u00a0AUGUSTO \u00a0 \u00a0 CORREDOR \u00a0 \u00a0 C\u00c1RDENAS \u00a0 \u00a014. \u00a0\u00a0<\/p>\n<p>5. Trascripci\u00f3n de \u00a0las disposiciones legales aplicables. \u00a0\u00a0<\/p>\n<p>6. Certificaci\u00f3n \u00a0de \u00a0la \u00a0C\u00f3nsul \u00a0de \u00a0Colombia \u00a0en \u00a0Washington \u00a0D.C., \u00a0Estados \u00a0Unidos, \u00a0sobre la \u00a0autenticidad \u00a0de \u00a0la \u00a0firma \u00a0de \u00a0Fernesia \u00a0T. \u00a0Crawford quien se desempe\u00f1a como \u00a0Auxiliar \u00a0 de \u00a0 Autenticaciones \u00a0del \u00a0Departamento \u00a0de \u00a0Estado \u00a0de \u00a0los \u00a0Estados \u00a0Unidos15. \u00a0\u00a0<\/p>\n<p>CONSIDERACIONES \u00a0<\/p>\n<p>La Sala emitir\u00e1 concepto favorable para la \u00a0extradici\u00f3n \u00a0del \u00a0ciudadano \u00a0colombiano UR\u00cdAS AUGUSTO \u00a0CORREDOR \u00a0 C\u00c1RDENAS, \u00a0toda \u00a0vez \u00a0que, \u00a0observado \u00a0el \u00a0tr\u00e1mite, \u00a0 se \u00a0establece \u00a0que \u00a0el \u00a0mismo \u00a0re\u00fane \u00a0los \u00a0requisitos \u00a0 \u00a0 legales \u00a0exigidos. \u00a0\u00a0<\/p>\n<p>\u00a0 \u00a0\u00a0<\/p>\n<p>1. Validez formal de la documentaci\u00f3n presentada. \u00a0 \u00a0\u00a0<\/p>\n<p>Seg\u00fan \u00a0 las \u00a0 normas \u00a0 procedimentales \u00a0colombianas, \u00a0se \u00a0exige \u00a0que \u00a0la \u00a0solicitud \u00a0de \u00a0extradici\u00f3n \u00a0se \u00a0haga por v\u00eda \u00a0diplom\u00e1tica, \u00a0o de manera excepcional por la consular o de gobierno a gobierno, \u00a0acompa\u00f1ada \u00a0de \u00a0los \u00a0siguientes \u00a0documentos, \u00a0en \u00a0la \u00a0forma \u00a0establecida \u00a0en la \u00a0legislaci\u00f3n \u00a0del \u00a0Estado requirente: (i) copia o trascripci\u00f3n aut\u00e9ntica de la \u00a0acusaci\u00f3n \u00a0o \u00a0del \u00a0fallo dictado en el pa\u00eds extranjero, o su equivalente; (ii) \u00a0indicaci\u00f3n \u00a0exacta de los actos que determinaron la solicitud de extradici\u00f3n y \u00a0del \u00a0lugar \u00a0y \u00a0la \u00a0fecha \u00a0en que fueron ejecutados; (iii) todos los datos que se \u00a0posean \u00a0y que sirvan para establecer la plena identidad de la persona reclamada; \u00a0y \u00a0(iv) \u00a0copia \u00a0aut\u00e9ntica \u00a0de \u00a0las \u00a0disposiciones \u00a0penales \u00a0aplicables \u00a0para el \u00a0caso16. \u00a0\u00a0<\/p>\n<p>El \u00a0 art\u00edculo \u00a0 259 \u00a0 del \u00a0 C\u00f3digo \u00a0 de \u00a0Procedimiento \u00a0Civil, \u00a0modificado por el art\u00edculo 1\u00b0, numeral 118, del Decreto \u00a02282 \u00a0de \u00a01989, \u00a0establece, \u00a0a su vez, que los documentos p\u00fablicos otorgados en \u00a0pa\u00eds \u00a0extranjero \u00a0por \u00a0sus \u00a0funcionarios, \u00a0o \u00a0con su intervenci\u00f3n, se deber\u00e1n \u00a0presentar \u00a0debidamente \u00a0autenticados \u00a0por el c\u00f3nsul o agente diplom\u00e1tico de la \u00a0Rep\u00fablica, \u00a0o \u00a0en \u00a0su defecto por el de una naci\u00f3n amiga. As\u00ed mismo, la firma \u00a0del \u00a0c\u00f3nsul \u00a0o \u00a0agente \u00a0diplom\u00e1tico \u00a0debe \u00a0ser \u00a0abonada \u00a0por \u00a0el Ministerio de \u00a0Relaciones \u00a0Exteriores \u00a0de \u00a0Colombia, y, si se trata de agentes consulares de un \u00a0pa\u00eds \u00a0amigo, \u00a0se \u00a0autenticar\u00e1n \u00a0previamente \u00a0por el funcionario competente del \u00a0mismo \u00a0y \u00a0los \u00a0de \u00a0\u00e9ste \u00a0por \u00a0el c\u00f3nsul colombiano17. \u00a0\u00a0<\/p>\n<p>Estas \u00a0exigencias \u00a0de \u00a0car\u00e1cter \u00a0formal se \u00a0hallan \u00a0debidamente \u00a0reunidas \u00a0en \u00a0el \u00a0caso analizado, toda vez que Magdalena A. \u00a0Boynton, \u00a0Directora Asociada de la Oficina de Asuntos Internacionales, Divisi\u00f3n \u00a0de \u00a0lo Penal, Departamento de Justicia de los EE.UU. Washington D.C., certific\u00f3 \u00a0las \u00a0firmas \u00a0de \u00a0quienes suministraron las declaraciones de apoyo a la solicitud \u00a0de \u00a0 \u00a0 \u00a0 \u00a0 \u00a0 \u00a0 \u00a0 \u00a0 \u00a0 \u00a0extradici\u00f3n18; \u00a0 el \u00a0Procurador \u00a0de \u00a0los \u00a0Estados \u00a0Unidos, \u00a0Eric \u00a0H. \u00a0Holder \u00a0Jr., hizo lo propio con aqu\u00e9lla19 \u00a0 y \u00a0 el \u00a0Director \u00a0Adjunto \u00a0de \u00a0la \u00a0Oficina \u00a0de \u00a0Asuntos Internacionales autentic\u00f3 la de \u00a0\u00e9ste20, \u00a0todo \u00a0lo \u00a0cual \u00a0fue \u00a0certificado \u00a0por \u00a0Hillary \u00a0Rodham \u00a0Clinton, \u00a0Secretaria \u00a0de \u00a0Estado, \u00a0y \u00a0por Fernesia T. Crawford21, \u00a0funcionaria \u00a0Auxiliar \u00a0de \u00a0Autenticaciones del Departamento de Estado. \u00a0\u00a0<\/p>\n<p>De \u00a0igual manera, la C\u00f3nsul de Colombia en \u00a0Washington \u00a0D.C., \u00a0cuya \u00a0firma \u00a0es \u00a0refrendada \u00a0por \u00a0el Ministerio de Relaciones \u00a0Exteriores \u00a0de \u00a0Colombia, \u00a0dio fe de que, en efecto, quien suscribe el documento \u00a0es \u00a0 el \u00a0 funcionario \u00a0 auxiliar \u00a0 de \u00a0 autenticaciones \u00a0 del \u00a0 Departamento \u00a0de \u00a0Estado22. \u00a0\u00a0<\/p>\n<p>En las anotadas condiciones, se concluye que \u00a0los \u00a0requerimientos formales de legalizaci\u00f3n de la documentaci\u00f3n que sirven de \u00a0sustento \u00a0a \u00a0la \u00a0solicitud \u00a0de \u00a0extradici\u00f3n, exigidos por las normas del Estado \u00a0requirente \u00a0y \u00a0el Estado Colombiano, se cumplieron a cabalidad, y que desde esta \u00a0perspectiva \u00a0los \u00a0documentos \u00a0aportados \u00a0con \u00a0tal \u00a0fin \u00a0se tornan aptos para ser \u00a0considerados \u00a0 por \u00a0 la \u00a0 Corte \u00a0 en \u00a0 el \u00a0 estudio \u00a0 que \u00a0 debe \u00a0 preceder \u00a0 el \u00a0concepto. \u00a0\u00a0<\/p>\n<p>\u00a0 \u00a0\u00a0<\/p>\n<p>1. Plena \u00a0 \u00a0identidad \u00a0 \u00a0de \u00a0 \u00a0la \u00a0 persona \u00a0reclamada en extradici\u00f3n. \u00a0 \u00a0\u00a0<\/p>\n<p>El \u00a0Gobierno de los Estados Unidos inform\u00f3 \u00a0en \u00a0su \u00a0petici\u00f3n \u00a0que \u00a0el \u00a0requerido \u00a0se \u00a0llama UR\u00cdAS \u00a0AUGUSTO \u00a0CORREDOR \u00a0C\u00c1RDENAS, \u00a0tambi\u00e9n conocido como \u00a0\u201cCorre\u201d, \u00a0es \u00a0ciudadano colombiano, nacido el nueve (9) de diciembre de 1973 \u00a0en \u00a0Colombia, \u00a0portador \u00a0de \u00a0la \u00a0c\u00e9dula \u00a0colombiana \u00a0No. \u00a080.462.819, datos que \u00a0corresponden \u00a0a \u00a0quien \u00a0permanece privado de la libertad desde el 24 de enero de \u00a02012, \u00a0con \u00a0fundamento \u00a0en \u00a0Nota \u00a0Verbal \u00a0No. \u00a00325 \u00a0del \u00a016 de febrero de 2012, \u00a0procedente \u00a0de \u00a0la \u00a0Embajada \u00a0de \u00a0los \u00a0Estados \u00a0Unidos \u00a0de \u00a0Am\u00e9rica23, \u00a0informaci\u00f3n \u00a0que \u00a0tambi\u00e9n \u00a0se \u00a0consigna \u00a0en la orden de captura de fecha 24 de \u00a0febrero \u00a0 de \u00a0 2012 \u00a0 proferida \u00a0 por \u00a0 la \u00a0 entonces \u00a0 Fiscal \u00a0 General \u00a0de \u00a0la \u00a0Naci\u00f3n24. \u00a0\u00a0<\/p>\n<p>Confrontados estos registros con el acta de \u00a0derechos \u00a0 \u00a0 \u00a0 \u00a0 \u00a0 del \u00a0 \u00a0 \u00a0 \u00a0 \u00a0 capturado25, el informe de investigador \u00a0de \u00a0 \u00a0laboratorio \u00a0 \u00a0FPJ-13 \u00a0 elaborado \u00a0 por \u00a0 un \u00a0 t\u00e9cnico \u00a0 profesional \u00a0 en \u00a0dactiloscopia26 \u00a0 y \u00a0 el \u00a0 reporte \u00a0 del \u00a0 sistema \u00a0 del \u00a0 archivo \u00a0 nacional \u00a0 de \u00a0identificaci\u00f3n27 \u00a0a \u00a0nombre \u00a0 \u00a0 \u00a0de \u00a0 \u00a0 \u00a0UR\u00cdAS \u00a0 \u00a0 AUGUSTO \u00a0 \u00a0 CORREDOR \u00a0C\u00c1RDENAS, \u00a0 dan \u00a0cuenta \u00a0que \u00a0se \u00a0trata de la persona requerida en extradici\u00f3n \u00a0por el Gobierno de los Estados Unidos. \u00a0\u00a0<\/p>\n<p>Por \u00a0tanto, \u00a0queda satisfecho el segundo de \u00a0los \u00a0presupuestos \u00a0a \u00a0los que alude el art\u00edculo 495 de la Ley 906 de 2004, para \u00a0que \u00a0 \u00a0la \u00a0 \u00a0extradici\u00f3n \u00a0 solicitada \u00a0 se \u00a0 \u00a0pueda \u00a0otorgar. \u00a0\u00a0<\/p>\n<p>3. \u00a0 \u00a0 Principio \u00a0 \u00a0 de \u00a0 \u00a0la \u00a0 \u00a0doble \u00a0incriminaci\u00f3n. \u00a0\u00a0<\/p>\n<p>Este \u00a0postulado \u00a0implica \u00a0verificar que los \u00a0comportamientos \u00a0delictivos \u00a0imputados \u00a0a \u00a0la \u00a0persona \u00a0reclamada \u00a0en \u00a0el \u00a0pa\u00eds \u00a0solicitante \u00a0est\u00e9n \u00a0previstos como delito en Colombia, y que tengan establecida \u00a0una \u00a0sanci\u00f3n privativa de la libertad cuyo m\u00ednimo no sea inferior a cuatro (4) \u00a0a\u00f1os. Se analizar\u00e1n, por tanto, estos condicionamientos. \u00a0\u00a0<\/p>\n<p>UR\u00cdAS AUGUSTO CORREDOR C\u00c1RDENAS \u00a0es \u00a0requerido \u00a0en \u00a0extradici\u00f3n \u00a0por \u00a0el \u00a0Gobierno de los Estados \u00a0Unidos \u00a0de \u00a0Am\u00e9rica \u00a0para \u00a0que comparezca a responder en juicio por los delitos \u00a0de\u00a0 \u00a0concierto \u00a0para \u00a0delinquir, \u00a0tr\u00e1fico \u00a0de \u00a0estupefacientes y lavado de \u00a0activos, \u00a0 seg\u00fan \u00a0lo \u00a0establece \u00a0el \u00a0contenido \u00a0de \u00a0la \u00a0Acusaci\u00f3n \u00a0Formal \u00a0No. \u00a011-20853-CR-Cooke. \u00a0Los \u00a0cargos \u00a0formulados \u00a0en \u00a0su \u00a0contra \u00a0son \u00a0del \u00a0siguiente \u00a0tenor28: \u00a0\u00a0<\/p>\n<p>ACUSACI\u00d3N FORMAL \u00a0<\/p>\n<p>El \u00a0 \u00a0Jurado \u00a0 \u00a0de \u00a0 Acusaci\u00f3n \u00a0 acusa \u00a0que: \u00a0\u00a0<\/p>\n<p>CARGO 1 \u00a0<\/p>\n<p>El \u00a0 Gran \u00a0Jurado \u00a0emite \u00a0los \u00a0siguientes \u00a0cargos: \u00a0\u00a0<\/p>\n<p>Comenzando \u00a0por lo menos en marzo de 2011 o \u00a0alrededor \u00a0de \u00a0ese entonces, siendo la fecha exacta desconocida por el Jurado de \u00a0Acusaci\u00f3n, \u00a0y \u00a0siguiendo realizando lo aducido hasta la fecha de emisi\u00f3n de la \u00a0Acusaci\u00f3n \u00a0Formal, \u00a0en los pa\u00edses de Colombia, Venezuela, Honduras, Rep\u00fablica \u00a0Dominicana \u00a0 y \u00a0en \u00a0otras \u00a0partes, \u00a0los \u00a0acusados, \u00a0\u2026UR\u00cdAS \u00a0AUGUSTO \u00a0CORREDOR \u00a0C\u00c1RDENAS, \u00a0alias \u00a0\u201cCorre\u201d \u00a0y \u00a0otros, \u00a0a \u00a0sabiendas \u00a0e \u00a0intencionalmente \u00a0se \u00a0unieron, \u00a0se \u00a0concertaron, \u00a0se \u00a0confederaron \u00a0y \u00a0acordaron entre s\u00ed y con otras \u00a0personas, \u00a0tanto \u00a0conocidas \u00a0como desconocidas por el Jurado de Acusaci\u00f3n, para \u00a0distribuir \u00a0una \u00a0sustancia \u00a0controlada \u00a0enumerada en la Lista II, a sabiendas de \u00a0que \u00a0dicha \u00a0sustancia \u00a0se \u00a0importar\u00eda \u00a0il\u00edcitamente \u00a0a \u00a0los \u00a0Estados Unidos en \u00a0violaci\u00f3n \u00a0del \u00a0art\u00edculo \u00a0959(a)(2) \u00a0del T\u00edtulo 21 del C\u00f3digo Federal de ese \u00a0pa\u00eds; \u00a0todo \u00a0lo \u00a0cual est\u00e1 en violaci\u00f3n del art\u00edculo 963 del mismo T\u00edtulo y \u00a0C\u00f3digo. \u00a0\u00a0<\/p>\n<p>CARGO 2 \u00a0<\/p>\n<p>Comenzando por lo menos incluso en marzo de \u00a02011 \u00a0o \u00a0alrededor \u00a0de \u00a0ese \u00a0entonces, siendo la fecha exacta desconocida por el \u00a0jurado \u00a0de \u00a0Acusaci\u00f3n, \u00a0y \u00a0siguiendo \u00a0realizando \u00a0lo \u00a0aducido hasta la fecha de \u00a0emisi\u00f3n \u00a0de \u00a0la \u00a0Acusaci\u00f3n Formal, en el condado de Miami-Dade en el Sur de la \u00a0Florida \u00a0y \u00a0en \u00a0otras \u00a0partes, \u00a0los acusados: UR\u00cdAS AUGUSTO CORREDOR C\u00c1RDENAS, \u00a0alias \u00a0\u201cCorre\u201d \u00a0y \u00a0otros, \u00a0a \u00a0sabiendas \u00a0e \u00a0intencionalmente \u00a0se unieron, se \u00a0concertaron, \u00a0se \u00a0confederaron y acordaron entre s\u00ed y con otras personas, tanto \u00a0conocidas \u00a0como \u00a0desconocidas \u00a0por el Jurado de Acusaci\u00f3n, para cometer ciertos \u00a0delitos \u00a0contra \u00a0los Estados Unidos, en violaci\u00f3n de los art\u00edculos 1956 y 1957 \u00a0del T\u00edtulo 18 del C\u00f3digo Federal de los Estados Unidos, o sea: \u00a0\u00a0<\/p>\n<p>(a) \u00a0realizar \u00a0a \u00a0sabiendas \u00a0una operaci\u00f3n \u00a0financiera \u00a0que afecte el comercio interestatal y exterior, la cual representaba \u00a0ingresos \u00a0provenientes \u00a0de \u00a0una \u00a0actividad il\u00edcita especificada, a sabiendas de \u00a0que \u00a0dicha \u00a0operaci\u00f3n \u00a0ten\u00eda por prop\u00f3sito ocultar y disfrazar la naturaleza, \u00a0ubicaci\u00f3n, \u00a0fuente, \u00a0titularidad y control de dichos ingresos; y a sabiendas de \u00a0que \u00a0la \u00a0propiedad \u00a0o \u00a0propiedades \u00a0involucradas \u00a0en \u00a0la \u00a0operaci\u00f3n \u00a0financiera \u00a0representaban \u00a0los ingresos de alguna forma de actividad il\u00edcita, en violaci\u00f3n \u00a0del \u00a0art\u00edculo \u00a01956(a)(1)(B)(i) \u00a0del \u00a0T\u00edtulo \u00a018 \u00a0del \u00a0C\u00f3digo \u00a0Federal de los \u00a0Estados Unidos; \u00a0\u00a0<\/p>\n<p>(b) participar a sabiendas en una operaci\u00f3n \u00a0monetaria \u00a0que afecte el comercio interestatal y exterior, correspondiente a una \u00a0propiedad \u00a0o \u00a0propiedades \u00a0de origen delictivo con un valor superior a 10,000,00 \u00a0USD \u00a0y \u00a0que \u00a0se derive de una actividad il\u00edcita especificada, en violaci\u00f3n del \u00a0art\u00edculo \u00a0 1957 \u00a0 del \u00a0 T\u00edtulo \u00a0 18 \u00a0 del \u00a0 C\u00f3digo \u00a0Federal \u00a0de \u00a0los \u00a0Estados \u00a0Unidos. \u00a0\u00a0<\/p>\n<p>Adem\u00e1s \u00a0se aduce que la actividad il\u00edcita \u00a0especificada \u00a0constituye, \u00a0con \u00a0el \u00a0grado \u00a0de \u00a0delito \u00a0mayor, \u00a0la \u00a0importaci\u00f3n, \u00a0exportaci\u00f3n, \u00a0 recepci\u00f3n, \u00a0ocultaci\u00f3n, \u00a0compra, \u00a0venta \u00a0y \u00a0dem\u00e1s \u00a0formas \u00a0de \u00a0comercio \u00a0con una sustancia controlada, todo lo cual es punible seg\u00fan las leyes \u00a0de los Estados Unidos, de Colombia y de Venezuela. \u00a0\u00a0<\/p>\n<p>Todo \u00a0lo \u00a0cual \u00a0viola \u00a0lo \u00a0dispuesto \u00a0en el \u00a0art\u00edculo \u00a0 1956(h) \u00a0 del \u00a0 t\u00edtulo \u00a018 \u00a0del \u00a0C\u00f3digo \u00a0Federal \u00a0de \u00a0los \u00a0Estados \u00a0Unidos. \u00a0\u00a0<\/p>\n<p>EXTINCI\u00d3N \u00a0 DE \u00a0 DOMINIO \u00a0 DE \u00a0CAR\u00c1CTER \u00a0PENAL \u00a0\u00a0<\/p>\n<p>1. \u00a0Las pretensiones de los Cargos 1 y 2 de \u00a0la \u00a0presente \u00a0Acusaci\u00f3n \u00a0Formal \u00a0se \u00a0vuelven \u00a0a \u00a0aducir \u00a0y \u00a0por \u00a0referencia \u00a0se \u00a0incorporan \u00a0plenamente \u00a0a \u00a0la \u00a0misma \u00a0para \u00a0pretender la extinci\u00f3n de dominio a \u00a0favor \u00a0de \u00a0los \u00a0Estados \u00a0Unidos de Am\u00e9rica de la propiedad o propiedades en que \u00a0los acusados tengan participaci\u00f3n. \u00a0\u00a0<\/p>\n<p>2. \u00a0Al \u00a0declar\u00e1rseles \u00a0culpables \u00a0de \u00a0las \u00a0violaciones \u00a0de \u00a0la \u00a0ley \u00a0que \u00a0se \u00a0aducen \u00a0en \u00a0los \u00a0Cargos \u00a01 y 2 de la presente \u00a0Acusaci\u00f3n \u00a0Formal, \u00a0a \u00a0los acusados se le (sic) extinguir\u00e1 el dominio, el cual \u00a0pasar\u00e1 \u00a0a \u00a0los Estados Unidos, de toda propiedad que constituya o se derive del \u00a0producto \u00a0obtenido, \u00a0directa o indirectamente, de tal violaci\u00f3n, y de todas las \u00a0propiedades \u00a0que \u00a0se \u00a0hayan \u00a0usado \u00a0o \u00a0propuesto \u00a0usar \u00a0de \u00a0cualquier manera o a \u00a0cualquier \u00a0extremo para cometer o facilitar la comisi\u00f3n de dicha violaci\u00f3n, en \u00a0virtud \u00a0del \u00a0art\u00edculo \u00a0853 \u00a0del \u00a0T\u00edtulo \u00a021 del C\u00f3digo Federal de los Estados \u00a0Unidos, \u00a0que \u00a0incluyen, \u00a0de manera enunciativa pero no taxativa, las siguientes: \u00a0La \u00a0suma \u00a0de cuatro mil millones de d\u00f3lares (4.000.000.000,00 USD) en moneda de \u00a0los Estados Unidos. \u00a0\u00a0<\/p>\n<p>3. \u00a0Si \u00a0cualesquiera \u00a0de \u00a0las \u00a0propiedades \u00a0confiscables, \u00a0o \u00a0cualquier \u00a0parte \u00a0de \u00a0las \u00a0mismas, como resultado de un acto u \u00a0omisi\u00f3n de los acusados: \u00a0\u00a0<\/p>\n<p>(a). no se puede ubicar tras realizarse los \u00a0tr\u00e1mites de debida diligencia; \u00a0\u00a0<\/p>\n<p>(b). \u00a0se \u00a0han \u00a0transferido \u00a0o vendido a una \u00a0tercera parte o dejado en dep\u00f3sito con \u00e9sta; \u00a0\u00a0<\/p>\n<p>(c). se han colocado fuera del alcance de la \u00a0jurisdicci\u00f3n del Tribunal; \u00a0\u00a0<\/p>\n<p>(d). \u00a0su \u00a0valor \u00a0al \u00a0presente ha disminuido \u00a0sustancialmente; o \u00a0\u00a0<\/p>\n<p>(e). \u00a0se han combinado con otra propiedad o \u00a0propiedades que no se podr\u00edan dividir sin dificultad; \u00a0\u00a0<\/p>\n<p>es \u00a0la intenci\u00f3n de los Estados Unidos, en \u00a0virtud \u00a0del \u00a0art\u00edculo \u00a0853(p) del T\u00edtulo 21 del C\u00f3digo Federal de los Estados \u00a0Unidos, \u00a0procurar la extinci\u00f3n de dominio de las dem\u00e1s propiedades de dicho(s) \u00a0acusado(s) hasta llegar al valor de las propiedades confiscables. \u00a0\u00a0<\/p>\n<p>Todo \u00a0lo \u00a0cual \u00a0de acuerdo con el art\u00edculo \u00a02461(c) \u00a0del \u00a0T\u00edtulo \u00a028 \u00a0del \u00a0C\u00f3digo \u00a0Federal \u00a0de \u00a0los Estados Unidos, de los \u00a0art\u00edculos \u00a0981(a)(1)(c), \u00a0982(a)(1) y 982(b) del T\u00edtulo 18 de dicho C\u00f3digo, y \u00a0del art\u00edculo 853 del T\u00edtulo 21 del mismo. \u00a0\u00a0<\/p>\n<p>Se \u00a0advierte que, como el decomiso penal no \u00a0comporta \u00a0imputaci\u00f3n alguna, sino el anuncio de la consecuencia patrimonial que \u00a0la \u00a0eventual \u00a0declaratoria \u00a0de \u00a0responsabilidad \u00a0acarrea \u00a0respecto de los bienes \u00a0involucrados \u00a0en el delito, por cuya comisi\u00f3n se acusa al requerido, el tema es \u00a0ajeno \u00a0a \u00a0la \u00a0solicitud \u00a0de \u00a0extradici\u00f3n, \u00a0raz\u00f3n \u00a0por \u00a0la cual no se encuentra \u00a0comprendido \u00a0dentro \u00a0de \u00a0los \u00a0aspectos a analizar en el concepto a emitir por la \u00a0Sala. \u00a0\u00a0<\/p>\n<p>Las \u00a0conductas atribuidas por el Tribunal de \u00a0Distrito \u00a0de \u00a0los \u00a0Estados Unidos para el Distrito Sur de Florida, se recogen en \u00a0la legislaci\u00f3n penal colombiana, as\u00ed: \u00a0\u00a0<\/p>\n<p>Las \u00a0conductas \u00a0descritas \u00a0en la acusaci\u00f3n \u00a0emitida \u00a0por \u00a0la \u00a0Corte \u00a0Distrital de los Estados Unidos para el Distrito Sur de \u00a0Florida, \u00a0 se \u00a0 encuentran \u00a0 contenidas \u00a0 en \u00a0 lo \u00a0dispuesto \u00a0en \u00a0el \u00a0 \u00a0 art\u00edculo \u00a0 \u00a0 340 \u00a0 \u00a0(modificado \u00a0por \u00a0el \u00a0art\u00edculo \u00a08\u00ba \u00a0de \u00a0la Ley 733 de enero 29 de \u00a02002, \u00a0y \u00a0por \u00a0el art\u00edculo 19 de la Ley 1121 de 2006) \u00a0bajo \u00a0 la \u00a0 denominaci\u00f3n \u00a0 de \u00a0 concierto \u00a0 para \u00a0 delinquir, \u00a0el \u00a0art\u00edculo \u00a0 \u00a0 \u00a0 376 \u00a0 \u00a0 \u00a0(modificado \u00a0 por \u00a0 el \u00a0 art\u00edculo \u00a0 11 \u00a0 de \u00a0 la \u00a0 Ley \u00a0 1453 \u00a0 de \u00a02011) bajo la denominaci\u00f3n de tr\u00e1fico, fabricaci\u00f3n \u00a0o \u00a0 porte \u00a0 de \u00a0estupefacientes \u00a0y \u00a0el \u00a0art\u00edculo \u00a0323 \u00a0(modificado \u00a0por \u00a0el \u00a0art\u00edculo \u00a011 de la Ley 1453 de \u00a02011) bajo la denominaci\u00f3n de lavado de activos, del \u00a0C\u00f3digo \u00a0 Penal \u00a0 expedido \u00a0mediante \u00a0la \u00a0Ley \u00a0599 \u00a0de \u00a02000. \u00a0\u00a0<\/p>\n<p>Art\u00edculo \u00a0 \u00a0 340. \u00a0 \u00a0 (modificado \u00a0por \u00a0la \u00a0Ley \u00a0733 \u00a0de 2002, art\u00edculo 8\u00ba). \u00a0Concierto \u00a0para \u00a0delinquir. \u00a0Cuando varias personas se concierten \u00a0con \u00a0el \u00a0fin \u00a0de \u00a0cometer \u00a0delitos, cada una de ellas ser\u00e1 penada, por esa sola \u00a0conducta, \u00a0 con \u00a0 prisi\u00f3n \u00a0 de \u00a0cuarenta \u00a0y \u00a0ocho \u00a0(48) \u00a0a \u00a0ciento \u00a0ocho \u00a0(108) \u00a0meses. \u00a0\u00a0<\/p>\n<p>(Inciso \u00a02\u00ba \u00a0modificado por la Ley 1121 de \u00a02006, \u00a0art\u00edculo \u00a019). \u00a0Cuando \u00a0el concierto sea para \u00a0cometer \u00a0delitos \u00a0de \u00a0genocidio, \u00a0desaparici\u00f3n \u00a0forzada \u00a0de \u00a0personas, tortura, \u00a0desplazamiento \u00a0forzado, \u00a0homicidio, \u00a0terrorismo, \u00a0tr\u00e1fico \u00a0de drogas t\u00f3xicas, \u00a0estupefacientes \u00a0o \u00a0sustancias \u00a0sicotr\u00f3picas, \u00a0secuestro, \u00a0secuestro extorsivo, \u00a0extorsi\u00f3n, \u00a0enriquecimiento \u00a0il\u00edcito, \u00a0lavado \u00a0de \u00a0activos \u00a0o \u00a0testaferrato \u00a0y \u00a0conexos, \u00a0 o \u00a0 Financiamiento \u00a0del \u00a0Terrorismo \u00a0y \u00a0administraci\u00f3n \u00a0de \u00a0recursos \u00a0relacionados \u00a0con actividades terroristas, la pena ser\u00e1 de prisi\u00f3n de ocho (8) \u00a0a \u00a0dieciocho \u00a0(18) a\u00f1os y multa de dos mil setecientos (2700) hasta treinta mil \u00a0(30000) salarios m\u00ednimos legales mensuales vigentes. \u00a0\u00a0<\/p>\n<p>La \u00a0pena \u00a0privativa \u00a0de \u00a0la \u00a0libertad \u00a0se \u00a0aumentar\u00e1 \u00a0en \u00a0la \u00a0mitad \u00a0para quienes organicen, fomenten, promuevan, dirijan, \u00a0encabecen, \u00a0constituyan \u00a0o \u00a0financien \u00a0el \u00a0concierto \u00a0para delinquir. \u00a0\u00a0<\/p>\n<p>Art\u00edculo \u00a0 \u00a0 376. \u00a0 \u00a0 (modificado \u00a0por \u00a0la \u00a0Ley \u00a01453 \u00a0de 2011, art\u00edculo 11). \u00a0Tr\u00e1fico, \u00a0fabricaci\u00f3n \u00a0o \u00a0porte \u00a0de estupefacientes. El que sin \u00a0permiso \u00a0de \u00a0autoridad \u00a0competente, introduzca al pa\u00eds, as\u00ed sea en tr\u00e1nsito o \u00a0saque \u00a0de \u00a0\u00e9l, \u00a0transporte, \u00a0lleve consigo, almacene, conserve, elabore, venda, \u00a0ofrezca, \u00a0 adquiera, \u00a0 financie \u00a0o \u00a0suministre \u00a0a \u00a0cualquier \u00a0t\u00edtulo \u00a0sustancia \u00a0estupefaciente, \u00a0 sicotr\u00f3pica \u00a0 o \u00a0 drogas \u00a0 sint\u00e9ticas \u00a0 que \u00a0 se \u00a0encuentren \u00a0contempladas \u00a0en \u00a0los \u00a0cuadros \u00a0uno, \u00a0dos, \u00a0tres \u00a0y \u00a0cuatro \u00a0del Convenio de las \u00a0Naciones \u00a0Unidas \u00a0sobre \u00a0Sustancias \u00a0Sicotr\u00f3picas, \u00a0incurrir\u00e1 \u00a0en \u00a0prisi\u00f3n de \u00a0ciento \u00a0veintiocho \u00a0(128) \u00a0a \u00a0trescientos \u00a0sesenta \u00a0(360) \u00a0meses \u00a0y multa de mil \u00a0trescientos \u00a0treinta y cuatro (1.334) a cincuenta mil (50.000) salarios m\u00ednimos \u00a0legales mensuales vigentes. \u00a0\u00a0<\/p>\n<p>Si \u00a0la \u00a0cantidad \u00a0de droga no excede de mil \u00a0(1.000) \u00a0gramos \u00a0de \u00a0marihuana, \u00a0doscientos \u00a0(200) gramos de hach\u00eds, cien (100) \u00a0gramos \u00a0de \u00a0coca\u00edna \u00a0o \u00a0de sustancia estupefaciente a base de coca\u00edna o veinte \u00a0(20) \u00a0gramos \u00a0de \u00a0derivados \u00a0de \u00a0la \u00a0amapola, \u00a0doscientos \u00a0(200) gramos de droga \u00a0sint\u00e9tica, \u00a0sesenta \u00a0(60) \u00a0gramos \u00a0de \u00a0nitrato de amilo, sesenta (60) gramos de \u00a0ketamina \u00a0y \u00a0GHB, \u00a0la \u00a0pena \u00a0ser\u00e1 \u00a0de sesenta y cuatro (64) a ciento ocho (108) \u00a0meses \u00a0de prisi\u00f3n y multa de dos (2) a ciento cincuenta (150) salarios m\u00ednimos \u00a0legales mensuales vigentes. \u00a0\u00a0<\/p>\n<p>Si la cantidad de droga excede los l\u00edmites \u00a0m\u00e1ximos \u00a0previstos \u00a0en el inciso anterior sin pasar de diez mil (10.000) gramos \u00a0de \u00a0marihuana, \u00a0tres \u00a0mil \u00a0(3.000) \u00a0gramos de hach\u00eds, dos mil (2.000) gramos de \u00a0coca\u00edna \u00a0o de sustancia estupefaciente a base de coca\u00edna o sesenta (60) gramos \u00a0de \u00a0derivados \u00a0de \u00a0la \u00a0amapola, \u00a0cuatro \u00a0mil (4.000) gramos de droga sint\u00e9tica, \u00a0quinientos \u00a0(500) \u00a0gramos \u00a0de \u00a0nitrato \u00a0de \u00a0amilo, \u00a0quinientos \u00a0(500) \u00a0gramos de \u00a0ketamina \u00a0y GHB, la pena ser\u00e1 de noventa y seis (96) a ciento cuarenta y cuatro \u00a0(144) \u00a0meses \u00a0de \u00a0prisi\u00f3n \u00a0y \u00a0multa \u00a0de \u00a0ciento \u00a0veinte \u00a0y \u00a0cuatro \u00a0(124) a mil \u00a0quinientos (1.500) salarios m\u00ednimos legales mensuales vigentes. \u00a0\u00a0<\/p>\n<p>Art\u00edculo \u00a0 323. \u00a0 LAVADO \u00a0 \u00a0DE \u00a0 \u00a0ACTIVOS. \u00a0 (modificado \u00a0por \u00a0la \u00a0Ley \u00a01453 de 2011, \u00a0art\u00edculo \u00a042). El que adquiera, resguarde, invierta, \u00a0transporte, \u00a0transforme, \u00a0almacene, \u00a0conserve, \u00a0custodie o administre bienes que \u00a0tengan \u00a0su \u00a0origen \u00a0mediato o inmediato en actividades de tr\u00e1fico de migrantes, \u00a0trata \u00a0de \u00a0personas, \u00a0extorsi\u00f3n, enriquecimiento il\u00edcito, secuestro extorsivo, \u00a0rebeli\u00f3n, \u00a0tr\u00e1fico \u00a0de \u00a0armas, \u00a0tr\u00e1fico de menores de edad, financiaci\u00f3n del \u00a0terrorismo \u00a0 y \u00a0 administraci\u00f3n \u00a0 de \u00a0 recursos \u00a0relacionados \u00a0con \u00a0actividades \u00a0terroristas, \u00a0 tr\u00e1fico \u00a0 de \u00a0 drogas \u00a0t\u00f3xicas, \u00a0estupefacientes \u00a0o \u00a0sustancias \u00a0sicotr\u00f3picas, \u00a0 delitos \u00a0 contra \u00a0el \u00a0sistema \u00a0financiero, \u00a0delitos \u00a0contra \u00a0la \u00a0administraci\u00f3n \u00a0p\u00fablica, \u00a0o \u00a0vinculados \u00a0con el producto de delitos ejecutados \u00a0bajo \u00a0concierto \u00a0para \u00a0delinquir, \u00a0o les d\u00e9 a los bienes provenientes de dichas \u00a0actividades \u00a0apariencia \u00a0de \u00a0legalidad \u00a0o \u00a0los \u00a0legalice, \u00a0oculte \u00a0o \u00a0encubra la \u00a0verdadera \u00a0naturaleza, \u00a0origen, \u00a0ubicaci\u00f3n, destino, movimiento o derecho sobre \u00a0tales \u00a0bienes \u00a0o \u00a0realice \u00a0cualquier otro acto para ocultar o encubrir su origen \u00a0il\u00edcito, \u00a0incurrir\u00e1 \u00a0por esa sola conducta, en prisi\u00f3n de diez (10) a treinta \u00a0(30) \u00a0a\u00f1os \u00a0y \u00a0multa \u00a0de \u00a0seiscientos \u00a0cincuenta (650) a cincuenta mil (50.000) \u00a0salarios m\u00ednimos legales vigentes. \u00a0\u00a0<\/p>\n<p>La \u00a0misma \u00a0pena \u00a0se \u00a0aplicar\u00e1 \u00a0cuando \u00a0las \u00a0conductas \u00a0descritas \u00a0en \u00a0el \u00a0inciso \u00a0anterior \u00a0se \u00a0realicen \u00a0sobre \u00a0bienes cuya \u00a0extinci\u00f3n de dominio haya sido declarada. \u00a0\u00a0<\/p>\n<p>El \u00a0lavado \u00a0de \u00a0activos \u00a0ser\u00e1 \u00a0punible aun \u00a0cuando \u00a0las \u00a0actividades \u00a0de \u00a0que provinieren los bienes, o los actos penados en \u00a0los \u00a0apartados \u00a0anteriores, \u00a0se \u00a0hubiesen realizado, total o parcialmente, en el \u00a0extranjero. \u00a0\u00a0<\/p>\n<p>Las \u00a0 penas \u00a0privativas \u00a0de \u00a0la \u00a0libertad \u00a0previstas \u00a0en \u00a0el \u00a0presente \u00a0art\u00edculo \u00a0se aumentar\u00e1n de una tercera parte a la \u00a0mitad \u00a0cuando para la realizaci\u00f3n de las conductas se efectuaren operaciones de \u00a0cambio \u00a0o \u00a0de \u00a0comercio \u00a0exterior, \u00a0o \u00a0se introdujeren mercanc\u00edas al territorio \u00a0nacional. \u00a0\u00a0<\/p>\n<p>El \u00a0aumento \u00a0de \u00a0pena previsto en el inciso \u00a0anterior, \u00a0 tambi\u00e9n \u00a0 se \u00a0 aplicar\u00e1 \u00a0cuando \u00a0se \u00a0introdujeren \u00a0mercanc\u00edas \u00a0de \u00a0contrabando al territorio nacional. \u00a0\u00a0<\/p>\n<p>Justamente, \u00a0las \u00a0penas nacionales para los \u00a0comportamientos \u00a0descritos \u00a0en \u00a0la \u00a0Acusaci\u00f3n \u00a0por \u00a0Estados \u00a0Unidos, superan el \u00a0m\u00ednimo \u00a0de \u00a04 \u00a0a\u00f1os \u00a0de sanci\u00f3n privativa de la libertad que exige el numeral \u00a0primero \u00a0del \u00a0art\u00edculo \u00a0493 de la Ley 906 de 2004, raz\u00f3n por la cual se cumple \u00a0con este presupuesto. \u00a0\u00a0<\/p>\n<p>4. Equivalencia de las decisiones \u00a0<\/p>\n<p>Este \u00a0 requisito \u00a0hace \u00a0referencia \u00a0a \u00a0la \u00a0correspondencia \u00a0formal \u00a0y \u00a0sustancial \u00a0que \u00a0se \u00a0debe dar entre la decisi\u00f3n que \u00a0contiene \u00a0los \u00a0cargos \u00a0por \u00a0los \u00a0cuales \u00a0se \u00a0pide \u00a0la \u00a0extradici\u00f3n \u00a0del \u00a0sujeto \u00a0reclamado, \u00a0y \u00a0el \u00a0acto \u00a0procesal \u00a0conocido \u00a0en \u00a0la legislaci\u00f3n colombiana como \u00a0resoluci\u00f3n \u00a0de acusaci\u00f3n y\/o escrito de acusaci\u00f3n, \u00a0es decir, a la decisi\u00f3n que sirve de introducci\u00f3n a \u00a0la \u00a0fase \u00a0del \u00a0juicio, \u00a0a \u00a0trav\u00e9s \u00a0de \u00a0la \u00a0cual \u00a0el \u00a0Estado acusa a una persona \u00a0determinada \u00a0de \u00a0violar \u00a0la \u00a0ley \u00a0penal, \u00a0discrimina \u00a0los \u00a0cargos que le imputa, \u00a0consigna \u00a0los \u00a0hechos \u00a0que \u00a0le \u00a0sirven \u00a0de fundamento y determina la \u00e9poca y el \u00a0lugar \u00a0de \u00a0comisi\u00f3n \u00a0del \u00a0il\u00edcito o il\u00edcitos, para que el solicitado tenga la \u00a0posibilidad de conocerlos y enfrentarlos.\u00a0 \u00a0\u00a0<\/p>\n<p>La \u00a0Acusaci\u00f3n \u00a0emitida \u00a0por \u00a0el \u00a0\u00f3rgano \u00a0judicial \u00a0 de \u00a0los \u00a0Estados \u00a0Unidos \u00a0contiene \u00a0los \u00a0requisitos \u00a0formales \u00a0de \u00a0la \u00a0formulaci\u00f3n \u00a0 de \u00a0 acusaci\u00f3n \u00a0 prevista \u00a0 en \u00a0 los \u00a0 art\u00edculos \u00a0 336 \u00a0y \u00a0337 \u00a0de \u00a0la \u00a0Ley 906 de 2004, pues \u00a0consigna \u00a0las \u00a0circunstancias \u00a0de \u00a0tiempo, \u00a0modo \u00a0y \u00a0lugar en que se realiz\u00f3 la \u00a0conducta \u00a0punible, \u00a0su \u00a0descripci\u00f3n \u00a0t\u00edpica, \u00a0las pruebas en que se apoya, las \u00a0normas \u00a0sustanciales \u00a0aplicables \u00a0al \u00a0caso \u00a0y permite que se inicie el debate al \u00a0interior del juicio. \u00a0\u00a0<\/p>\n<p>La \u00a0providencia dictada en el exterior y la \u00a0regulada \u00a0en la legislaci\u00f3n nacional son equivalentes, cumpliendo as\u00ed con este \u00a0requisito. \u00a0\u00a0<\/p>\n<p>5. Condiciones que debe imponer el Gobierno \u00a0si autoriza la extradici\u00f3n. \u00a0\u00a0<\/p>\n<p>Ante \u00a0la \u00a0eventual determinaci\u00f3n positiva \u00a0del \u00a0Gobierno \u00a0Nacional, \u00a0en \u00a0todo caso, respetando la \u00f3rbita de su competencia \u00a0como \u00a0Supremo \u00a0Director \u00a0de \u00a0las \u00a0relaciones internacionales, la Corte considera \u00a0pertinente \u00a0 recordar \u00a0 que \u00a0debe \u00a0someter \u00a0la \u00a0extradici\u00f3n \u00a0a \u00a0los \u00a0siguientes \u00a0condicionamientos al pa\u00eds requirente: \u00a0\u00a0<\/p>\n<p>5.1. Excluir las \u00a0penas \u00a0 de \u00a0 muerte, \u00a0 la \u00a0 condena \u00a0a \u00a0prisi\u00f3n \u00a0perpetua, \u00a0el \u00a0sometimiento \u00a0a \u00a0desaparici\u00f3n \u00a0 forzada, \u00a0 torturas, \u00a0 tratos \u00a0 o \u00a0penas \u00a0crueles, \u00a0inhumanos \u00a0o \u00a0degradantes, \u00a0la \u00a0sanci\u00f3n \u00a0de \u00a0destierro, \u00a0o \u00a0confiscaci\u00f3n \u00a0para \u00a0los \u00a0delitos \u00a0autorizados, \u00a0pues \u00a0esas \u00a0condenas \u00a0est\u00e1n \u00a0excluidas del ordenamiento jur\u00eddico \u00a0colombiano \u00a0de \u00a0conformidad \u00a0con \u00a0los \u00a0fundamentos de la Constituci\u00f3n Pol\u00edtica \u00a0(art\u00edculos 11, 12 y 34). \u00a0\u00a0<\/p>\n<p>5.2. \u00a0Recordar al \u00a0pa\u00eds \u00a0 solicitante \u00a0la \u00a0prohibici\u00f3n \u00a0constitucional \u00a0de \u00a0juzgar \u00a0al \u00a0ciudadano \u00a0solicitado \u00a0por \u00a0conductas \u00a0anteriores \u00a0al 17 de diciembre de 1997 y diversas de \u00a0las que originaron la solicitud de extradici\u00f3n. \u00a0\u00a0<\/p>\n<p>5.3. Con el fin de \u00a0preservar \u00a0los \u00a0derechos \u00a0fundamentales \u00a0del \u00a0requerido, \u00a0el \u00a0Gobierno \u00a0Nacional \u00a0condicionar\u00e1 \u00a0su entrega a que el Estado requirente le garantice su permanencia \u00a0en \u00a0ese \u00a0pa\u00eds \u00a0y el retorno a Colombia en condiciones de dignidad y respeto por \u00a0la \u00a0persona \u00a0humana, \u00a0en \u00a0el eventual caso de ser sobrese\u00eddo, absuelto, hallado \u00a0inocente \u00a0o \u00a0de \u00a0situaciones \u00a0similares \u00a0que \u00a0conduzcan \u00a0a \u00a0su libertad, incluso \u00a0despu\u00e9s \u00a0de \u00a0su liberaci\u00f3n por haber cumplido la pena que le fuere impuesta en \u00a0la \u00a0sentencia de condena, en raz\u00f3n de los delitos por los cuales se autoriza su \u00a0extradici\u00f3n. \u00a0\u00a0<\/p>\n<p>5.4.\u00a0 \u00a0A \u00a0partir \u00a0de \u00a0los \u00a0postulados \u00a0axiol\u00f3gicos \u00a0de \u00a0la \u00a0Constituci\u00f3n \u00a0Pol\u00edtica, \u00a0el \u00a0Gobierno \u00a0Nacional \u00a0est\u00e1 \u00a0en \u00a0el \u00a0deber \u00a0de \u00a0disponer \u00a0lo necesario para que el \u00a0servicio \u00a0exterior \u00a0de \u00a0la \u00a0Rep\u00fablica \u00a0realice \u00a0un \u00a0detallado seguimiento a los \u00a0condicionamientos \u00a0 \u00a0 \u00a0 \u00a0 \u00a0 \u00a0 \u00a0referidos29 \u00a0\u00a0<\/p>\n<p>. \u00a0<\/p>\n<p>5.5. \u00a0El Gobierno \u00a0Nacional, \u00a0adem\u00e1s, \u00a0condicionar\u00e1 la entrega de UR\u00cdAS \u00a0AUGUSTO \u00a0CORREDOR C\u00c1RDENAS a que se le respeten -como \u00a0a \u00a0cualquier \u00a0otro \u00a0nacional \u00a0en \u00a0la \u00a0misma \u00a0circunstancia- todas las garant\u00edas \u00a0debidas \u00a0a \u00a0su \u00a0calidad \u00a0de \u00a0procesado, \u00a0en \u00a0particular, \u00a0a que su situaci\u00f3n de \u00a0privaci\u00f3n \u00a0de \u00a0la \u00a0libertad \u00a0se \u00a0desarrolle \u00a0de \u00a0manera \u00a0digna, \u00a0a \u00a0que la pena \u00a0privativa \u00a0de la libertad tenga la finalidad esencial de reforma y readaptaci\u00f3n \u00a0social \u00a0(art\u00edculos \u00a029 \u00a0de \u00a0la \u00a0Carta; \u00a09 \u00a0y 10 de la Declaraci\u00f3n Universal de \u00a0Derechos \u00a0Humanos; \u00a05-3.6, \u00a07-2.5,8-1.2(a)(b)(c)(d)(e)(f)(g)(h).3.4.5, \u00a09 \u00a0de la \u00a0Convenci\u00f3n \u00a0Americana \u00a0de \u00a0Derechos \u00a0Humanos; 9-2.3, 10-1.2.3, 14-1.2.3,5, y 15 \u00a0del Pacto Internacional de Derechos Civiles y Pol\u00edticos). \u00a0\u00a0<\/p>\n<p>Igualmente, el Gobierno debe condicionar la \u00a0entrega \u00a0a \u00a0que el pa\u00eds reclamante, conforme a sus pol\u00edticas internas sobre la \u00a0materia, \u00a0le \u00a0ofrezca \u00a0posibilidades \u00a0racionales \u00a0y \u00a0reales para que el eventual \u00a0extraditado \u00a0pueda \u00a0tener \u00a0contacto \u00a0regular \u00a0con \u00a0sus familiares m\u00e1s cercanos, \u00a0habida \u00a0cuenta \u00a0que \u00a0la Constituci\u00f3n de 1991, en su art\u00edculo 42, reconoce a la \u00a0familia \u00a0como \u00a0n\u00facleo \u00a0esencial \u00a0de \u00a0la \u00a0sociedad, \u00a0garantiza \u00a0su protecci\u00f3n y \u00a0reconoce \u00a0su honra, dignidad e intimidad, lo cual se refuerza con la protecci\u00f3n \u00a0adicional \u00a0que \u00a0a \u00a0la \u00a0misma \u00a0le otorgan la Convenci\u00f3n Americana sobre Derechos \u00a0Humanos \u00a0 (art\u00edculo \u00a017) \u00a0y \u00a0el \u00a0Pacto \u00a0Internacional \u00a0de \u00a0Derechos \u00a0Civiles \u00a0y \u00a0Pol\u00edticos (art\u00edculo 23). \u00a0\u00a0<\/p>\n<p>5.5. Finalmente, \u00a0se \u00a0recordar\u00e1 \u00a0al \u00a0pa\u00eds \u00a0extranjero la obligaci\u00f3n de sus autoridades de tener \u00a0como \u00a0parte \u00a0cumplida \u00a0de la pena, en caso de condena, el tiempo que \u00a0UR\u00cdAS \u00a0AUGUSTO \u00a0CORREDOR C\u00c1RDENAS haya \u00a0permanecido privado de su libertad en raz\u00f3n de este tr\u00e1mite. \u00a0\u00a0<\/p>\n<p>CAUSALES DE IMPROCEDENCIA. \u00a0<\/p>\n<p>El \u00a0 art\u00edculo \u00a035 \u00a0de \u00a0la \u00a0Constituci\u00f3n \u00a0Pol\u00edtica, \u00a0 modificado \u00a0por \u00a0el \u00a0primero \u00a0del \u00a0Acto \u00a0Legislativo \u00a001 \u00a0de \u00a01997, \u00a0ordena: \u00a0\u00a0<\/p>\n<p>\u201cLa \u00a0extradici\u00f3n \u00a0se \u00a0podr\u00e1 solicitar, \u00a0conceder \u00a0u \u00a0ofrecer \u00a0de acuerdo con los tratados p\u00fablicos y, en su defecto con \u00a0la ley. \u00a0\u00a0<\/p>\n<p>\u201cAdem\u00e1s, \u00a0 la \u00a0 extradici\u00f3n \u00a0de \u00a0los \u00a0colombianos \u00a0por \u00a0nacimiento se conceder\u00e1 por delitos cometidos en el exterior, \u00a0considerados como tales en la legislaci\u00f3n penal colombiana. \u00a0\u00a0<\/p>\n<p>\u201cLa \u00a0extradici\u00f3n \u00a0no \u00a0proceder\u00e1 \u00a0por \u00a0delitos pol\u00edticos. \u00a0\u00a0<\/p>\n<p>\u201cNo proceder\u00e1 la extradici\u00f3n cuando se \u00a0trate \u00a0de \u00a0hechos \u00a0cometidos \u00a0con anterioridad a la promulgaci\u00f3n de la presente \u00a0norma\u201d. \u00a0\u00a0<\/p>\n<p>De \u00a0acuerdo \u00a0con \u00a0esta \u00a0disposici\u00f3n, \u00a0son \u00a0causales \u00a0de \u00a0improcedencia de la extradici\u00f3n las siguientes, (i) que el delito \u00a0por \u00a0el cual se procede sea de naturaleza pol\u00edtica, (ii) que se trate de hechos \u00a0cometidos \u00a0con \u00a0anterioridad \u00a0al 17 de diciembre de 1997, fecha de promulgaci\u00f3n \u00a0de \u00a0la \u00a0referida \u00a0norma, \u00a0y (iii) que el delito haya sido cometido en territorio \u00a0colombiano. \u00a0\u00a0<\/p>\n<p>Ninguna de estas prohibiciones se presenta \u00a0en \u00a0el \u00a0caso \u00a0analizado. \u00a0Los \u00a0delitos \u00a0de concierto para delinquir, tr\u00e1fico de \u00a0estupefacientes \u00a0y lavado de activos imputados a UR\u00cdAS \u00a0AUGUSTO \u00a0CORREDOR \u00a0C\u00c1RDENAS \u00a0en la acusaci\u00f3n, son de \u00a0naturaleza \u00a0com\u00fan, \u00a0no \u00a0pol\u00edtica, \u00a0y los hechos en los cuales se sustentan las \u00a0imputaciones \u00a0ocurrieron \u00a0aproximadamente entre los a\u00f1os 2009 y 2010, es decir, \u00a0despu\u00e9s de la promulgaci\u00f3n del acto legislativo. \u00a0\u00a0<\/p>\n<p>El lugar de comisi\u00f3n de los hechos tampoco \u00a0se \u00a0erige \u00a0en \u00a0causal \u00a0de \u00a0improcedencia. \u00a0Del estudio de la acusaci\u00f3n y de las \u00a0declaraciones \u00a0de apoyo se establece que el solicitado en extradici\u00f3n, desde el \u00a0a\u00f1o \u00a02009, \u00a0era \u00a0miembro de una organizaci\u00f3n de narcotr\u00e1fico que transportaba \u00a0coca\u00edna desde Colombia hacia Estados Unidos. \u00a0\u00a0<\/p>\n<p>Seg\u00fan las investigaciones realizadas por el \u00a0Agente \u00a0Especial \u00a0de \u00a0la \u00a0Administraci\u00f3n \u00a0de \u00a0Control \u00a0de Drogas de los Estados \u00a0Unidos \u00a0(DEA), \u00a0Peter J. Maynard, el solicitado en extradici\u00f3n fue identificado \u00a0como \u00a0miembro \u00a0de \u00a0una \u00a0organizaci\u00f3n \u00a0narcotraficante \u00a0que \u00a0ha \u00a0conspirado para \u00a0importar \u00a0una \u00a0gran cantidad de estupefacientes a los Estados Unidos y lavar los \u00a0ingresos provenientes de ese tr\u00e1fico de estupefacientes. \u00a0\u00a0<\/p>\n<p>Durante \u00a0la \u00a0\u00e9poca \u00a0de \u00a0investigaci\u00f3n que \u00a0llev\u00f3 \u00a0 a \u00a0la \u00a0acusaci\u00f3n, \u00a0UR\u00cdAS \u00a0AUGUSTO \u00a0CORREDOR \u00a0C\u00c1RDENAS, \u00a0 de \u00a0 forma \u00a0 voluntaria, \u00a0incurri\u00f3 \u00a0en \u00a0conductas \u00a0tipificadas \u00a0en el ordenamiento jur\u00eddico interno como concierto para \u00a0delinquir, tr\u00e1fico de estupefacientes y lavado de activos. \u00a0\u00a0<\/p>\n<p>(\u2026) \u00a0<\/p>\n<p>I. Antecedentes \u00a0<\/p>\n<p>6. \u00a0Esta \u00a0investigaci\u00f3n \u00a0ha revelado que: \u00a0UR\u00cdAS \u00a0 AUGUSTO \u00a0 CORREDOR \u00a0 C\u00c1RDENAS, \u00a0alias \u201cCorre\u201d (en los sucesivo \u201cCORREDOR\u201d) y otros, eran \u00a0miembros \u00a0 de \u00a0 una \u00a0 organizaci\u00f3n \u00a0 narcotraficante \u00a0y \u00a0de \u00a0lavado \u00a0de \u00a0dinero \u00a0(\u201cONT-OLD\u201d) \u00a0que \u00a0desde \u00a0marzo \u00a0de \u00a02011 \u00a0conspir\u00f3 para importar cantidades \u00a0consistentes \u00a0en \u00a0m\u00faltiples \u00a0toneladas de coca\u00edna de Suram\u00e9rica a los Estados \u00a0Unidos \u00a0 y \u00a0 para \u00a0 lavar \u00a0 los \u00a0ingresos \u00a0provenientes \u00a0de \u00a0la \u00a0venta \u00a0de \u00a0este \u00a0estupefaciente \u00a0 repatri\u00e1ndolos \u00a0 a \u00a0Colombia. \u00a0Adem\u00e1s \u00a0de \u00a0estos \u00a0individuos, \u00a0numerosas \u00a0 personas \u00a0numerosas \u00a0personas \u00a0(sic) \u00a0ayudaban \u00a0en \u00a0las \u00a0operaciones \u00a0cotidianas \u00a0de \u00a0la \u00a0ONT-OLD, \u00a0entre \u00a0las \u00a0que \u00a0se encuentran los coacusados: (1) \u00a0CRIST\u00d3BAL \u00a0GALEANO \u00a0MURCIA, \u00a0alias \u00a0\u201cCristo\u201d, alias \u201cDon Cristo\u201d, alias \u00a0\u201cDon \u00a0 Crist\u00f3bal\u201d, \u00a0 alias \u00a0 \u201cMi \u00a0 Se\u00f1or\u201d, \u00a0alias \u00a0\u201cEl \u00a0Se\u00f1or\u201d \u00a0y \u00a0otros\u2026 \u00a0\u00a0<\/p>\n<p>7. \u00a0En el transcurso de la investigaci\u00f3n, \u00a0m\u00e1s \u00a0de \u00a0100.000 \u00a0llamadas \u00a0telef\u00f3nicas \u00a0que \u00a0involucraban \u00a0a miembros de esta \u00a0ONT\/OLD \u00a0se \u00a0intervinieron \u00a0y \u00a0grabaron \u00a0l\u00edcitamente. Se incautaron en Colombia \u00a0m\u00e1s \u00a0 de \u00a010 \u00a0toneladas \u00a0de \u00a0precursores \u00a0qu\u00edmicos \u00a0que \u00a0pertenec\u00edan \u00a0a \u00a0esta \u00a0organizaci\u00f3n. \u00a0Esta cantidad de precursores qu\u00edmicos pudo haber producido m\u00e1s \u00a0de \u00a0 1500 \u00a0 kilogramos \u00a0de \u00a0coca\u00edna. \u00a0Las \u00a0llamadas \u00a0intervenidas \u00a0l\u00edcitamente \u00a0confirmaron \u00a0que, \u00a0desde \u00a0marzo \u00a0de \u00a02011, \u00a0esta \u00a0ONT-OLD produjo, transport\u00f3 y \u00a0distribuy\u00f3 \u00a0con \u00a0\u00e9xito \u00a0m\u00e1s \u00a0de \u00a06000 \u00a0kilogramos \u00a0de \u00a0coca\u00edna \u00a0y \u00a0repatri\u00f3 \u00a0aproximadamente \u00a0 4 \u00a0 millones \u00a0 de \u00a0 d\u00f3lares \u00a0del \u00a0producto \u00a0de \u00a0la \u00a0venta \u00a0de \u00a0estupefacientes \u00a0a \u00a0Colombia\u2026 \u00a0con gran parte de este dinero procedente de los \u00a0Estados \u00a0Unidos. \u00a0Testigos \u00a0que \u00a0observaron \u00a0o participaron en estas actividades \u00a0il\u00edcitas \u00a0suministraron \u00a0pruebas \u00a0adicionales, \u00a0entre \u00a0las \u00a0que se encuentra el \u00a0testimonio \u00a0 \u00a0de \u00a0 \u00a0funcionarios \u00a0 \u00a0del \u00a0 orden \u00a0 p\u00fablico \u00a0 estadounidenses \u00a0 y \u00a0colombianos. \u00a0\u00a0<\/p>\n<p>II. Pruebas \u00a0<\/p>\n<p>8. Esta investigaci\u00f3n comenz\u00f3 en marzo de \u00a02011 \u00a0con \u00a0agentes de la Divisi\u00f3n de Campa\u00f1a de Miami de la DEA, trabajando en \u00a0conjunto \u00a0con \u00a0la \u00a0Oficina \u00a0de \u00a0Pa\u00eds \u00a0que \u00a0tiene \u00a0\u00e9sta en Bogot\u00e1, la Polic\u00eda \u00a0Nacional \u00a0de \u00a0Colombia (\u201cPNC\u201d), la Divisi\u00f3n de Operaciones Especiales de la \u00a0DEA \u00a0y \u00a0la \u00a0Fiscal\u00eda \u00a0Federal \u00a0de los Estados Unidos para el Distrito Sur de la \u00a0Florida. \u00a0El \u00a0objetivo \u00a0de \u00a0esta investigaci\u00f3n era una \u201cONT\/OLD\u201d ubicada en \u00a0Colombia \u00a0que \u00a0traficaba \u00a0cantidades consistentes en toneladas de coca\u00edna a los \u00a0Estados \u00a0Unidos \u00a0y \u00a0a \u00a0otros \u00a0lugares, \u00a0y que repatriaba a Colombia los ingresos \u00a0provenientes \u00a0de \u00a0esos \u00a0env\u00edos de coca\u00edna. La ONT\/OLD participaba en todas las \u00a0facetas \u00a0del \u00a0narcotr\u00e1fico, \u00a0lo que inclu\u00eda la fabricaci\u00f3n y el transporte de \u00a0la \u00a0coca\u00edna \u00a0y \u00a0el \u00a0lavado \u00a0de \u00a0los \u00a0ingresos \u00a0provenientes \u00a0de esos env\u00edos de \u00a0droga. \u00a0\u00a0<\/p>\n<p>9. Junto con los l\u00edderes de la ONT\/OLD, se \u00a0identificaron \u00a0miembros \u00a0de \u00a0la \u00a0organizaci\u00f3n que realizaban diversas funciones \u00a0dentro \u00a0de \u00a0la \u00a0misma, \u00a0tales \u00a0como: \u00a0suministrar \u00a0precursores qu\u00edmicos, operar \u00a0laboratorios \u00a0en \u00a0los \u00a0que \u00a0la \u00a0pasta \u00a0de \u00a0coca\u00edna \u00a0se \u00a0convert\u00eda en coca\u00edna, \u00a0transportar \u00a0los \u00a0estupefacientes \u00a0de \u00a0Colombia \u00a0a \u00a0Venezuela, \u00a0transportar \u00a0los \u00a0estupefacientes \u00a0a \u00a0Honduras, Guatemala y a la Rep\u00fablica Dominicana por aire, y \u00a0transportar \u00a0fondos \u00a0remitidos \u00a0y lavados a Colombia. Las pruebas recopiladas en \u00a0este \u00a0caso adem\u00e1s han identificado a numerosos corredores de dinero, operadores \u00a0de \u00a0casas \u00a0de cambio y transportadores de dinero en grandes cantidades empleados \u00a0por \u00a0C. \u00a0GALEANO. \u00a0Esta \u00a0ONT-OLD \u00a0opera \u00a0en \u00a0las \u00a0regiones \u00a0de \u00a0Bogot\u00e1, Arauca, \u00a0Villavicencio y Vichada en Colombia. \u00a0\u00a0<\/p>\n<p>(\u2026) \u00a0<\/p>\n<p>12. La compra de precursores qu\u00edmicos que \u00a0utilizaba \u00a0la \u00a0ONT-OLD \u00a0era \u00a0coordinada \u00a0por \u00a0BENITO, \u00a0CORREDOR \u00a0 \u00a0 \u00a0 \u00a0 \u00a0 Y \u00a0 \u00a0 \u00a0 \u00a0 \u00a0 GUTI\u00c9RREZ. Cuando la ONT-OLD necesitaba \u00a0estos \u00a0precursores, \u00a0se \u00a0le \u00a0enviaba un pedido de estas sustancia a MEDINA, quien era la principal fuente de \u00a0suministros \u00a0 de \u00a0 la \u00a0ONT-OLD. \u00a0MEDINA \u00a0suministraba \u00a0las sustancias qu\u00edmicas, las que se transportaban en \u00a0camiones \u00a0 \u00a0 \u00a0 \u00a0 comerciales \u00a0 \u00a0 \u00a0 \u00a0suministrados \u00a0 \u00a0 \u00a0 \u00a0por \u00a0 \u00a0 \u00a0 \u00a0PALENCIA. \u00a0En \u00a0un intento por eludir las \u00a0fuerzas \u00a0del \u00a0orden \u00a0p\u00fablico, miembros de la c\u00e9lula de precursores escondieron \u00a0las \u00a0sustancias \u00a0qu\u00edmicas \u00a0en \u00a0los \u00a0camiones. \u00a0Cuando \u00a0se \u00a0transportaban \u00a0estas \u00a0sustancias, \u00a0 miembros \u00a0 de \u00a0 la \u00a0 c\u00e9lula \u00a0de \u00a0precursores \u00a0a \u00a0menudo \u00a0viajaban \u00a0desempe\u00f1\u00e1ndose \u00a0como \u00a0vig\u00edas \u00a0en \u00a0veh\u00edculos \u00a0por \u00a0separado. \u00a0Las \u00a0sustancias \u00a0qu\u00edmicas \u00a0se \u00a0transportaban \u00a0a \u00a0laboratorios \u00a0donde se utilizaban para fabricar \u00a0pasta de coca\u00edna y clorhidrato de coca\u00edna. \u00a0\u00a0<\/p>\n<p>(\u2026) \u00a0<\/p>\n<p>15. \u00a0CORREDOR \u00a0trabajaba \u00a0 \u00a0 \u00a0 \u00a0 \u00a0con \u00a0 \u00a0 \u00a0 \u00a0 \u00a0BENITO \u00a0y \u00a0ayudaba \u00a0con \u00a0la \u00a0compra y el \u00a0transporte \u00a0de \u00a0las sustancias qu\u00edmicas para las personas que administraban los \u00a0laboratorios de la ONT\/OLD. \u00a0\u00a0<\/p>\n<p>(\u2026) \u00a0<\/p>\n<p>Primera \u00a0 incautaci\u00f3n \u00a0 de \u00a0precursores \u00a0qu\u00edmicos \u00a0\u00a0<\/p>\n<p>24. \u00a0En \u00a0marzo \u00a0de 2011, agentes de la PNC \u00a0recibieron \u00a0informaci\u00f3n \u00a0de una fuente confidencial con respecto a un env\u00edo de \u00a0precursores \u00a0qu\u00edmicos \u00a0que iba a ocurrir. Basada en esta informaci\u00f3n, el 10 de \u00a0marzo \u00a0 de \u00a02011, \u00a0la \u00a0PNC \u00a0comenz\u00f3 \u00a0a \u00a0intervenir \u00a0l\u00edcitamente \u00a0los \u00a0n\u00fameros \u00a0telef\u00f3nicos \u00a0de los miembros de la organizaci\u00f3n. La informaci\u00f3n que se obtuvo \u00a0von \u00a0esta \u00a0(sic) \u00a0intervenciones \u00a0l\u00edcitamente \u00a0realizadas le permiti\u00f3 a la PNC \u00a0determinar \u00a0qui\u00e9n \u00a0estaba \u00a0involucrado, sus respectivos papeles en la ONT-OLD y \u00a0llevar \u00a0 \u00a0a \u00a0 \u00a0cabo \u00a0 \u00a0con \u00a0 \u00a0\u00e9xito \u00a0 la \u00a0 incautaci\u00f3n \u00a0 de \u00a0 las \u00a0 sustancias \u00a0qu\u00edmicas. \u00a0\u00a0<\/p>\n<p>25. \u00a0Sobre \u00a0la base de la vigilancia y las \u00a0intervenciones \u00a0 \u00a0telef\u00f3nicas \u00a0 \u00a0l\u00edcitamente \u00a0 \u00a0realizadas, \u00a0 a \u00a0 MEDINA, \u00a0BENITO, \u00a0CORREDOR, \u00a0GUTI\u00c9RREZ y \u00a0a \u00a0PALENCIA se les escuch\u00f3 \u00a0u \u00a0observ\u00f3 \u00a0tramitando la obtenci\u00f3n de los precursores qu\u00edmicos que precisaba \u00a0CLAVIJO \u00a0 para \u00a0 producir \u00a0 la \u00a0coca\u00edna \u00a0que \u00a0necesitaba \u00a0la \u00a0ONT-OLD. \u00a0En \u00a0las \u00a0conversaciones \u00a0 telef\u00f3nicas \u00a0 l\u00edcitamente \u00a0 intervenidas, \u00a0 se \u00a0 escuch\u00f3 \u00a0 a \u00a0MEDINA, \u00a0BENITO, \u00a0CORREDOR, \u00a0GUTI\u00c9RREZ \u00a0y \u00a0 \u00a0 \u00a0 PALENCIA \u00a0 \u00a0 \u00a0 hablar \u00a0sobre \u00a0el \u00a0costo de las sustancias qu\u00edmicas, los tr\u00e1mites \u00a0para \u00a0los camiones que iban a transportarlas y los env\u00edos falsos que ten\u00edan el \u00a0prop\u00f3sito \u00a0 de \u00a0 darles \u00a0 una \u00a0 apariencia \u00a0 leg\u00edtima \u00a0al \u00a0transporte \u00a0de \u00a0los \u00a0narc\u00f3ticos. \u00a0\u00a0<\/p>\n<p>26. \u00a0El \u00a0d\u00eda \u00a0en que se iba a entregar el \u00a0entregar \u00a0el \u00a0env\u00edo, las fuerzas del orden p\u00fablico establecieron la vigilancia \u00a0del \u00a0 lugar \u00a0 donde \u00a0 se \u00a0 iban \u00a0 a \u00a0 cargar. \u00a0 Se \u00a0 observaron \u00a0a \u00a0MEDINA, \u00a0 \u00a0 \u00a0BENITO, \u00a0 \u00a0 \u00a0CORREDOR, \u00a0 \u00a0 GUTI\u00c9RREZ \u00a0 \u00a0 y \u00a0PALENCIA en \u00a0el \u00a0sitio \u00a0de \u00a0carga, \u00a0ayudando \u00a0a \u00a0cargas (sic) las sustancias qu\u00edmicas en los \u00a0camiones. \u00a0Varios \u00a0de \u00a0ellos \u00a0tambi\u00e9n \u00a0viajaron \u00a0para servir de vig\u00edas con los \u00a0camiones \u00a0mientras \u00a0se transportaban las sustancias qu\u00edmicas al laboratorio que \u00a0operaba \u00a0 \u00a0CLAVIJO. \u00a0 Los \u00a0 camiones \u00a0 eran \u00a0 suministrados \u00a0 por \u00a0 PALENCIA. \u00a0La PNC detuvo los camiones en \u00a0Antioquia, Colombia y se incautaron los precursores qu\u00edmicos. \u00a0\u00a0<\/p>\n<p>(\u2026) \u00a0<\/p>\n<p>Segunda \u00a0 incautaci\u00f3n \u00a0 de \u00a0precursores \u00a0qu\u00edmicos \u00a0\u00a0<\/p>\n<p>28. \u00a0El 3 de septiembre de 2011, la PNC se \u00a0incaut\u00f3 \u00a0con \u00a0\u00e9xito \u00a0de otro env\u00edo de precursores qu\u00edmicos que pertenec\u00eda a \u00a0esta \u00a0ONT-OLD. Esta serie de sucesos que culmin\u00f3 con esta incautaci\u00f3n comenz\u00f3 \u00a0cuando \u00a0se \u00a0intervino \u00a0l\u00edcitamente \u00a0la \u00a0llamada \u00a0de \u00a0J. \u00a0GALEANO a CLAVIJO para \u00a0obtener \u00a0m\u00e1s \u00a0coca\u00edna. \u00a0Posteriormente \u00a0se \u00a0intervino \u00a0la llamada de CLAVIJO a \u00a0BENITO con el prop\u00f3sito de \u00a0obtener \u00a0las \u00a0sustancias \u00a0qu\u00edmicas \u00a0necesarias \u00a0para \u00a0fabricar \u00a0la coca\u00edna que \u00a0hab\u00eda \u00a0pedido \u00a0J. \u00a0GALEANO. Finalmente, se intervino l\u00edcitamente la llamada de \u00a0BENITO \u00a0 a \u00a0GUTI\u00c9RREZ, \u00a0 CORREDOR \u00a0 y \u00a0PALENCIA \u00a0en la que les ped\u00eda ayuda para \u00a0obtener los precursores qu\u00edmicos que hac\u00edan falta. \u00a0\u00a0<\/p>\n<p>29. \u00a0Se \u00a0intervinieron \u00a0l\u00edcitamente \u00a0las \u00a0conversaciones \u00a0 entre \u00a0 MEDINA, \u00a0BENITO, \u00a0CORREDOR, \u00a0GUTI\u00c9RREZ \u00a0 \u00a0 \u00a0 y \u00a0PALENCIA \u00a0sobre \u00a0los tr\u00e1mites que estaban llevando a \u00a0cabo \u00a0para \u00a0obtener \u00a0los \u00a0precursores \u00a0qu\u00edmicos \u00a0que CLAVIJO necesitaba. En las \u00a0conversaciones \u00a0 telef\u00f3nicas \u00a0 l\u00edcitamente \u00a0 intervenidas, \u00a0 se \u00a0 escuch\u00f3 \u00a0 a \u00a0MEDINA, \u00a0BENITO, \u00a0CORREDOR, \u00a0GUTI\u00c9RREZ \u00a0y \u00a0 \u00a0 \u00a0 PALENCIA \u00a0 \u00a0 \u00a0 hablar \u00a0sobre \u00a0el \u00a0costo de las sustancias qu\u00edmicas, los tr\u00e1mites \u00a0para \u00a0los \u00a0camiones que iban a transportarlas y la necesidad de preparar env\u00edos \u00a0falsos \u00a0 que \u00a0les \u00a0dieran \u00a0una \u00a0apariencia \u00a0leg\u00edtima \u00a0al \u00a0transporte \u00a0de \u00a0estas \u00a0sustancias\u2026 \u00a0\u00a0<\/p>\n<p>30. \u00a0El \u00a0d\u00eda \u00a0en que se iba a entregar el \u00a0env\u00edo \u00a0 de \u00a0 los \u00a0 precursores \u00a0 qu\u00edmicos, \u00a0las \u00a0fuerzas \u00a0del \u00a0orden \u00a0p\u00fablico \u00a0establecieron \u00a0la \u00a0vigilancia \u00a0del lugar donde se iban a cargar. Se observaron a \u00a0todos \u00a0ellos, \u00a0o \u00a0sea \u00a0a \u00a0MEDINA, \u00a0BENITO, \u00a0CORREDOR, \u00a0GUTI\u00c9RREZ \u00a0 y \u00a0PALENCIA \u00a0en \u00a0el \u00a0sitio \u00a0de \u00a0carga, \u00a0cargando \u00a0los \u00a0precursores \u00a0qu\u00edmicos \u00a0en \u00a0los \u00a0camiones. \u00a0Varios \u00a0de ellos tambi\u00e9n viajaron para servir de \u00a0vig\u00edas \u00a0con \u00a0los \u00a0camiones \u00a0mientras \u00a0se \u00a0transportaba \u00a0el env\u00edo de sustancias \u00a0qu\u00edmicas \u00a0al \u00a0laboratorio \u00a0que operaba CLAVIJO. Los camiones eran suministrados \u00a0por PALENCIA. \u00a0\u00a0<\/p>\n<p>31. Mientras los agentes del orden p\u00fablico \u00a0manten\u00edan \u00a0la \u00a0vigilancia \u00a0de \u00a0los \u00a0camiones, \u00a0\u00e9stos \u00a0fueron \u00a0detenidos por la \u00a0polic\u00eda \u00a0en \u00a0una \u00a0parada \u00a0de \u00a0tr\u00e1fico \u00a0en \u00a0Villavicencio, Colombia. Durante el \u00a0registro \u00a0que \u00a0sigui\u00f3 \u00a0a la parada de tr\u00e1fico, se encontraron e incautaron los \u00a0precursores \u00a0 qu\u00edmicos. \u00a0Mientras \u00a0ten\u00eda \u00a0lugar \u00a0la \u00a0parada \u00a0de \u00a0tr\u00e1fico, \u00a0se \u00a0interven\u00edan \u00a0 l\u00edcitamente \u00a0 las \u00a0 llamadas \u00a0 telef\u00f3nicas \u00a0entre \u00a0J. \u00a0GALEANO, \u00a0GUTI\u00c9REZ, \u00a0 CORREDOR \u00a0 y \u00a0VLAVIJO, \u00a0las \u00a0que \u00a0confirmaron \u00a0que \u00a0este \u00a0cargamento \u00a0de precursores qu\u00edmicos \u00a0pertenec\u00eda \u00a0 a \u00a0 esta \u00a0 ONT-OLD. \u00a0 Estas \u00a0 llamadas \u00a0telef\u00f3nicas \u00a0l\u00edcitamente \u00a0intervenidas \u00a0tambi\u00e9n \u00a0demostraron \u00a0que \u00a0los \u00a0miembros de la ONT-OLD intentaron \u00a0infructuosamente \u00a0 sobornar \u00a0 a \u00a0la \u00a0polic\u00eda \u00a0confidencial \u00a0que \u00a0liberaran \u00a0los \u00a0precursores \u00a0qu\u00edmicos. \u00a0La \u00a0cantidad de precursores qu\u00edmicos que se incautaron \u00a0el \u00a03 \u00a0de \u00a0septiembre \u00a0de \u00a02011 bastaba para producir al menos 100 kilogramos de \u00a0base \u00a0de \u00a0coca\u00edna. \u00a0Llamadas telef\u00f3nicas l\u00edcitamente intervenidas confirmaron \u00a0que \u00a0estos \u00a0precursores qu\u00edmicos iban dirigidos al laboratorio de CLAVIJO. Como \u00a0CLAVIJO \u00a0ten\u00eda \u00a0la \u00a0obligaci\u00f3n \u00a0de \u00a0producirle 800 kilogramos de coca\u00edna a la \u00a0ONT-OLD \u00a0pero \u00a0solo \u00a0hab\u00eda \u00a0podido \u00a0producir \u00a0600 \u00a0kilogramos, \u00a0le \u00a0compr\u00f3 200 \u00a0kilogramos \u00a0a \u00a0otra fuente y los envi\u00f3 a Venezuela.30 \u00a0\u00a0<\/p>\n<p>(\u2026) \u00a0<\/p>\n<p>Esta \u00a0rese\u00f1a de la actividad il\u00edcita deja \u00a0en \u00a0claro \u00a0que \u00a0los \u00a0hechos \u00a0por \u00a0los cuales se acusa a \u00a0UR\u00cdAS \u00a0AUGUSTO \u00a0CORREDOR C\u00c1RDENAS, tuvieron como fin \u00a0el \u00a0env\u00edo \u00a0de \u00a0estupefacientes \u00a0hacia \u00a0los \u00a0Estados \u00a0Unidos \u00a0a \u00a0trav\u00e9s \u00a0de una \u00a0organizaci\u00f3n \u00a0ilegal \u00a0de tr\u00e1fico de drogas y el lavado de dineros provenientes \u00a0de esta actividad il\u00edcita. \u00a0\u00a0<\/p>\n<p>Por \u00a0 \u00a0tal \u00a0 raz\u00f3n, \u00a0 se \u00a0 cumple \u00a0 el \u00a0condicionamiento \u00a0constitucional \u00a0de \u00a0que \u00a0la conducta haya sido realizada en el \u00a0extranjero, \u00a0cualquiera \u00a0sea \u00a0la teor\u00eda que se aplique para determinar el lugar \u00a0de \u00a0 comisi\u00f3n \u00a0 del \u00a0 il\u00edcito \u00a0 (de \u00a0 la \u00a0 acci\u00f3n, \u00a0del \u00a0resultado \u00a0o \u00a0de \u00a0la \u00a0ubicuidad). \u00a0\u00a0<\/p>\n<p>Ahora \u00a0bien, \u00a0ante \u00a0la \u00a0ausencia de tratado \u00a0vigente \u00a0con \u00a0los \u00a0Estados Unidos, la extradici\u00f3n es tramitada de acuerdo a los \u00a0lineamientos \u00a0y \u00a0exigencias \u00a0establecidas \u00a0por \u00a0la \u00a0Ley \u00a0Penal \u00a0Colombiana, cuyo \u00a0cumplimiento la Corporaci\u00f3n examin\u00f3 en detalle. \u00a0\u00a0<\/p>\n<p>Por \u00a0lo \u00a0expuesto, \u00a0la \u00a0Corte \u00a0Suprema \u00a0de \u00a0Justicia, \u00a0 Sala \u00a0 de \u00a0 Casaci\u00f3n \u00a0 Penal, \u00a0CONCEPT\u00daA \u00a0FAVORABLEMENTE \u00a0ante la solicitud de extradici\u00f3n del \u00a0ciudadano \u00a0 \u00a0colombiano \u00a0 UR\u00cdAS \u00a0 AUGUSTO \u00a0 CORREDOR \u00a0C\u00c1RDENAS, \u00a0hecha \u00a0por \u00a0el \u00a0Gobierno \u00a0de \u00a0los Estados \u00a0Unidos \u00a0de \u00a0Am\u00e9rica \u00a0mediante Nota Verbal No. 0840 del 20 de abril de 2012, por \u00a0los \u00a0cargos imputados en la Acusaci\u00f3n Formal No. 11-20853-CR-Cooke, emitida por \u00a0el \u00a0 Tribunal \u00a0 de \u00a0 Distrito \u00a0 de \u00a0los \u00a0Estados \u00a0Unidos, \u00a0Distrito \u00a0Sur \u00a0de \u00a0la \u00a0Florida. \u00a0\u00a0<\/p>\n<p>Por \u00a0 la \u00a0 Secretar\u00eda \u00a0 de \u00a0 la \u00a0 Sala \u00a0ent\u00e9rese \u00a0de esta decisi\u00f3n \u00a0a \u00a0los \u00a0interesados \u00a0e \u00a0intervinientes, as\u00ed como al se\u00f1or Fiscal General de la \u00a0Naci\u00f3n, para lo de su cargo. \u00a0\u00a0<\/p>\n<p>Rem\u00edtase \u00a0el \u00a0expediente \u00a0al Ministerio de \u00a0Justicia \u00a0y del Derecho, para lo que concierne en adelante al Gobierno Nacional. \u00a0\u00a0<\/p>\n<p>Comun\u00edquese y c\u00famplase \u00a0<\/p>\n<p>JOS\u00c9 LEONIDAS BUSTOS MART\u00cdNEZ \u00a0<\/p>\n<p>JOS\u00c9 \u00a0 \u00a0 \u00a0 LUIS \u00a0 \u00a0 \u00a0 BARCEL\u00d3 \u00a0CAMACHO\u00a0\u00a0\u00a0\u00a0 FERNANDO ALBERTO CASTRO CABALLERO \u00a0\u00a0<\/p>\n<p>MAR\u00cdA \u00a0 \u00a0DEL \u00a0 \u00a0ROSARIO \u00a0 \u00a0GONZ\u00c1LEZ \u00a0MU\u00d1OZ\u00a0\u00a0 LUIS GUILLERMO\u00a0 SALAZAR OTERO \u00a0\u00a0<\/p>\n<p>JULIO \u00a0ENRIQUE \u00a0SOCHA SALAMANCA\u00a0\u00a0\u00a0\u00a0\u00a0\u00a0\u00a0\u00a0\u00a0\u00a0\u00a0\u00a0\u00a0\u00a0\u00a0\u00a0\u00a0\u00a0\u00a0\u00a0\u00a0\u00a0\u00a0\u00a0\u00a0\u00a0\u00a0\u00a0\u00a0\u00a0\u00a0 \u00a0JAVIER \u00a0 DE \u00a0JES\u00daS\u00a0 \u00a0ZAPATA ORTIZ \u00a0\u00a0<\/p>\n<p>\u00a0\u00a0\u00a0\u00a0\u00a0\u00a0\u00a0\u00a0\u00a0\u00a0\u00a0\u00a0\u00a0\u00a0\u00a0\u00a0\u00a0\u00a0\u00a0\u00a0\u00a0\u00a0\u00a0\u00a0\u00a0 \u00a0\u00a0<\/p>\n<p>Nubia Yolanda Nova Garc\u00eda \u00a0<\/p>\n<p>Secretaria \u00a0 \u00a0<\/p>\n<p>1 \u00a0Folios \u00a0 3 \u00a0 al \u00a0 16, \u00a0 folios \u00a0 17 \u00a0al \u00a031 \u00a0(traducci\u00f3n \u00a0no \u00a0oficial) \u00a0Carpeta \u00a0Anexa. \u00a0\u00a0<\/p>\n<p>2 \u00a0Folios \u00a0 52 \u00a0 al \u00a0 66, \u00a0 folios \u00a067 \u00a0al \u00a082 \u00a0(traducci\u00f3n \u00a0no \u00a0oficial) \u00a0Carpeta \u00a0Anexa. \u00a0\u00a0<\/p>\n<p>3 Folio \u00a040 a 42 Carpeta Anexa. \u00a0\u00a0<\/p>\n<p>4 Folio \u00a034 Carpeta Anexa. \u00a0\u00a0<\/p>\n<p>5 Folio \u00a06 Cuaderno original \u00a0\u00a0<\/p>\n<p>6 Folio \u00a013 Cuaderno original. \u00a0\u00a0<\/p>\n<p>7 \u00a0Folio 19 Ib\u00eddem. \u00a0\u00a0<\/p>\n<p>8 Folio \u00a021 Ib\u00eddem. \u00a0\u00a0<\/p>\n<p>9 \u00a0Folios \u00a0 52 \u00a0 al \u00a0 66, \u00a0 folios \u00a067 \u00a0al \u00a082 \u00a0(traducci\u00f3n \u00a0no \u00a0oficial) \u00a0Carpeta \u00a0Anexa. \u00a0\u00a0<\/p>\n<p>10 \u00a0Folios 3 al 16, folios 17 al 31 Ib\u00eddem. \u00a0\u00a0<\/p>\n<p>11 \u00a0Folios 89 al 102; Folios 287 al 300 Ib\u00eddem. \u00a0\u00a0<\/p>\n<p>12 \u00a0Folios 199 al 214; Folios 397 al 412 Ib\u00eddem. \u00a0\u00a0<\/p>\n<p>13 \u00a0Folios 119 al 127; Folios 317 al 325 Ib\u00eddem. \u00a0\u00a0<\/p>\n<p>14 \u00a0Folio 143; Folio 341 Ib\u00eddem. \u00a0\u00a0<\/p>\n<p>15 \u00a0Folio 84 Carpeta Anexa. \u00a0\u00a0<\/p>\n<p>16 \u00a0Art\u00edculo 495 de la Ley 906 de 2004. \u00a0\u00a0<\/p>\n<p>17 La \u00a0aplicaci\u00f3n \u00a0de esta norma del C\u00f3digo de Procedimiento Civil para efectos de la \u00a0extradici\u00f3n \u00a0 tiene \u00a0 como \u00a0 fuente \u00a0el \u00a0principio \u00a0de \u00a0integraci\u00f3n \u00a0normativa \u00a0consagrado en el art\u00edculo 25 del estatuto procesal penal. \u00a0\u00a0<\/p>\n<p>18 \u00a0Folio \u00a088; \u00a0folio \u00a0286 traducci\u00f3n no oficial carpeta \u00a0anexa. \u00a0\u00a0<\/p>\n<p>19 \u00a0Folio 87; folio 285 ib\u00eddem. \u00a0\u00a0<\/p>\n<p>20 \u00a0Ib\u00eddem. \u00a0\u00a0<\/p>\n<p>21 \u00a0Folios 85 y 86 ib\u00eddem. \u00a0\u00a0<\/p>\n<p>22 \u00a0Folio 84 Carpeta Anexa. \u00a0\u00a0<\/p>\n<p>23 \u00a0Folios \u00a0 3 \u00a0 al \u00a0 16, \u00a0 folios \u00a0 17 \u00a0al \u00a031 \u00a0(traducci\u00f3n \u00a0no \u00a0oficial) \u00a0Carpeta \u00a0Anexa. \u00a0\u00a0<\/p>\n<p>24 \u00a0Folios 40 al 42 Carpeta Anexa. \u00a0\u00a0<\/p>\n<p>25 \u00a0Folio 35 Ib\u00eddem. \u00a0\u00a0<\/p>\n<p>26 \u00a0Folios 37 al 39 Ib\u00eddem. \u00a0\u00a0<\/p>\n<p>27 \u00a0Folio 230 Ib\u00eddem. \u00a0\u00a0<\/p>\n<p>28 \u00a0Folios \u00a0119 \u00a0al \u00a0127; \u00a0Folios \u00a0317 \u00a0al \u00a0325 \u00a0(Traducci\u00f3n \u00a0no \u00a0oficial). Carpeta \u00a0Anexa. \u00a0\u00a0<\/p>\n<p>29 \u00a0\u201c&#8230;es \u00a0preciso advertir que como el instrumento de \u00a0la \u00a0extradici\u00f3n \u00a0entre \u00a0Estados \u00a0Unidos \u00a0de \u00a0Am\u00e9rica \u00a0y \u00a0Colombia \u00a0se rige, en \u00a0ausencia \u00a0de un instrumento internacional que regule los motivos de procedencia, \u00a0requisitos, \u00a0 tr\u00e1mite \u00a0 y \u00a0 condiciones, \u00a0 por \u00a0las \u00a0normas \u00a0contenidas \u00a0en \u00a0la \u00a0Constituci\u00f3n \u00a0Pol\u00edtica \u00a0(art\u00edculo \u00a035) y en el C\u00f3digo de Procedimiento Penal \u00a0(art\u00edculos \u00a0508 \u00a0a \u00a0533 \u00a0de \u00a0la Ley 600 de 2000), cuando recae sobre ciudadanos \u00a0colombianos \u00a0por \u00a0nacimiento \u00a0-si \u00a0es \u00a0pasiva-, \u00a0es \u00a0imperioso \u00a0que \u00a0el Gobierno \u00a0Nacional \u00a0haga \u00a0las exigencias que estime convenientes en aras a que en el pa\u00eds \u00a0reclamante \u00a0se \u00a0le \u00a0reconozcan \u00a0todos \u00a0los derechos y garant\u00edas inherentes a su \u00a0calidad \u00a0de \u00a0colombiano \u00a0y \u00a0de procesado, en especial las contenidas en la Carta \u00a0Fundamental \u00a0y \u00a0en \u00a0el \u00a0denominado \u00a0bloque \u00a0de \u00a0constitucionalidad, es decir, en \u00a0aquellos \u00a0convenios \u00a0internacionales \u00a0ratificados \u00a0por \u00a0Colombia que consagran y \u00a0desarrollan \u00a0derechos \u00a0humanos \u00a0(art\u00edculo \u00a093 de la Constituci\u00f3n, Declaraci\u00f3n \u00a0Universal \u00a0de Derechos Humanos, Convenci\u00f3n Americana de Derechos Humanos, Pacto \u00a0Internacional \u00a0de \u00a0Derechos \u00a0Civiles \u00a0y \u00a0Pol\u00edticos), \u00a0en \u00a0virtud \u00a0del \u00a0deber de \u00a0protecci\u00f3n \u00a0a \u00a0esos derechos que para todas las autoridades p\u00fablicas emana del \u00a0art\u00edculo 2\u00ba ib\u00eddem. \u00a0\u00a0<\/p>\n<p>Los \u00a0condicionamientos en cuesti\u00f3n tienen \u00a0car\u00e1cter \u00a0imperioso, \u00a0porque \u00a0la \u00a0extradici\u00f3n \u00a0de \u00a0un ciudadano colombiano por \u00a0nacimiento, \u00a0cualquiera \u00a0sea \u00a0el \u00a0delito \u00a0que \u00a0dio lugar a su entrega a un pa\u00eds \u00a0extranjero, \u00a0no \u00a0implica \u00a0que \u00a0pierda su nacionalidad ni los derechos que le son \u00a0anejos \u00a0a \u00a0tal \u00a0calidad. \u00a0Por \u00a0tanto, el deber de protecci\u00f3n de las autoridades \u00a0colombianas \u00a0se \u00a0extiende \u00a0a \u00a0tal \u00a0punto, \u00a0que \u00a0han \u00a0de \u00a0vigilar que en el pa\u00eds \u00a0reclamante \u00a0se le respete los derechos y garant\u00edas tal como si fuese juzgado en \u00a0Colombia. \u00a0A lo que renuncia el Estado que accede a la entrega de un connacional \u00a0es \u00a0a \u00a0ejercer \u00a0su \u00a0soberan\u00eda \u00a0jurisdiccional, de modo que en tanto aqu\u00e9l siga \u00a0siendo \u00a0s\u00fabdito \u00a0de \u00a0Colombia, \u00a0conserva \u00a0a \u00a0su \u00a0favor todas las prerrogativas, \u00a0garant\u00edas \u00a0y \u00a0derechos \u00a0que emanan de la Constituci\u00f3n y la ley, en particular, \u00a0aquellos \u00a0que se relacionan con su calidad de procesado y que tienen que ver con \u00a0la dignidad humana\u201d. \u00a0\u00a0<\/p>\n<p>(Concepto \u00a0de \u00a0Extradici\u00f3n \u00a0 \u00a0del \u00a0 \u00a005\/09\/2006, \u00a0 \u00a0rad. \u00a0 \u00a0n\u00fam. \u00a025625) \u00a0\u00a0<\/p>\n<p>30 \u00a0Folios \u00a0199 \u00a0a \u00a0214; \u00a0Folios 397 a 412 Traducci\u00f3n no \u00a0oficial Carpeta Anexa. \u00a0 \u00a0\u00a0<\/p>\n<p><\/p>\n","protected":false},"excerpt":{"rendered":"<p>\u00a0 \u00a0 CORTE SUPREMA DE JUSTICIA \u00a0 SALA DE CASACI\u00d3N PENAL \u00a0 MAGISTRADO PONENTE \u00a0 Dr. JOS\u00c9 LUIS BARCEL\u00d3 CAMACHO \u00a0 Aprobado: \u00a0 \u00a0 Acta \u00a0 \u00a0 No.\u2013247 \u00a0\u00a0 Bogot\u00e1, \u00a0D. C., cuatro (4) de julio de dos \u00a0mil doce (2012). \u00a0\u00a0 \u00a0 \u00a0\u00a0 \u00a0\u00a0 \u00a0\u00a0 \u00a0 \u00a0 \u00a0 \u00a0\u00a0 \u00a0 \u00a0 \u00a0 \u00a0\u00a0 \u00a0 [&hellip;]<\/p>\n","protected":false},"author":1,"featured_media":0,"comment_status":"open","ping_status":"open","sticky":false,"template":"","format":"standard","meta":{"footnotes":""},"categories":[20],"tags":[],"class_list":["post-24504","post","type-post","status-publish","format-standard","hentry","category-20"],"_links":{"self":[{"href":"https:\/\/dmsjuridica.com\/buscador_20179478954\/salapenalcronologico20230723\/wp-json\/wp\/v2\/posts\/24504","targetHints":{"allow":["GET"]}}],"collection":[{"href":"https:\/\/dmsjuridica.com\/buscador_20179478954\/salapenalcronologico20230723\/wp-json\/wp\/v2\/posts"}],"about":[{"href":"https:\/\/dmsjuridica.com\/buscador_20179478954\/salapenalcronologico20230723\/wp-json\/wp\/v2\/types\/post"}],"author":[{"embeddable":true,"href":"https:\/\/dmsjuridica.com\/buscador_20179478954\/salapenalcronologico20230723\/wp-json\/wp\/v2\/users\/1"}],"replies":[{"embeddable":true,"href":"https:\/\/dmsjuridica.com\/buscador_20179478954\/salapenalcronologico20230723\/wp-json\/wp\/v2\/comments?post=24504"}],"version-history":[{"count":0,"href":"https:\/\/dmsjuridica.com\/buscador_20179478954\/salapenalcronologico20230723\/wp-json\/wp\/v2\/posts\/24504\/revisions"}],"wp:attachment":[{"href":"https:\/\/dmsjuridica.com\/buscador_20179478954\/salapenalcronologico20230723\/wp-json\/wp\/v2\/media?parent=24504"}],"wp:term":[{"taxonomy":"category","embeddable":true,"href":"https:\/\/dmsjuridica.com\/buscador_20179478954\/salapenalcronologico20230723\/wp-json\/wp\/v2\/categories?post=24504"},{"taxonomy":"post_tag","embeddable":true,"href":"https:\/\/dmsjuridica.com\/buscador_20179478954\/salapenalcronologico20230723\/wp-json\/wp\/v2\/tags?post=24504"}],"curies":[{"name":"wp","href":"https:\/\/api.w.org\/{rel}","templated":true}]}}