{"id":24499,"date":"2023-09-12T17:22:15","date_gmt":"2023-09-12T17:22:15","guid":{"rendered":"https:\/\/dmsjuridica.com\/buscador_20179478954\/salapenalcronologico20230723\/2023\/09\/12\/3888512-09-12\/"},"modified":"2023-09-12T17:22:15","modified_gmt":"2023-09-12T17:22:15","slug":"3888512-09-12","status":"publish","type":"post","link":"https:\/\/dmsjuridica.com\/buscador_20179478954\/salapenalcronologico20230723\/2023\/09\/12\/3888512-09-12\/","title":{"rendered":"38885(12-09-12)"},"content":{"rendered":"\n<p>\u00a0 \u00a0 \u00a0\u00a0<\/p>\n<p>CORTE SUPREMA DE JUSTICIA \u00a0<\/p>\n<p>SALA \u00a0DE \u00a0CASACI\u00d3N \u00a0PENAL \u00a0\u00a0<\/p>\n<p>\u00a0\u00a0 Magistrado Ponente \u00a0<\/p>\n<p>\u00a0 \u00a0\u00a0 \u00a0\u00a0 \u00a0\u00a0\u00a0\u00a0\u00a0\u00a0\u00a0\u00a0\u00a0\u00a0\u00a0\u00a0\u00a0\u00a0\u00a0\u00a0\u00a0\u00a0\u00a0\u00a0\u00a0\u00a0\u00a0\u00a0\u00a0\u00a0\u00a0\u00a0\u00a0\u00a0\u00a0 \u00a0JULIO ENRIQUE SOCHA SALAMANCA \u00a0\u00a0<\/p>\n<p>Aprobado acta No.343 \u00a0<\/p>\n<p>Bogot\u00e1, \u00a0D. \u00a0C., \u00a0doce (12) de septiembre de dos mil doce (2012). \u00a0\u00a0<\/p>\n<p>VISTOS \u00a0<\/p>\n<p>Atendiendo \u00a0 \u00a0lo \u00a0 \u00a0dispuesto \u00a0 \u00a0en \u00a0 el \u00a0 art\u00edculo \u00a0 500 \u00a0de \u00a0la \u00a0Ley \u00a0906 \u00a0de 2004, modificado por el par\u00e1grafo \u00a0 \u00a01\u00ba \u00a0 del \u00a0 art\u00edculo \u00a070 \u00a0de \u00a0la \u00a0Ley \u00a01453 \u00a0de \u00a02011, \u00a0procede la Sala a rendir el \u00a0concepto \u00a0que \u00a0en derecho corresponda en relaci\u00f3n con \u00a0la \u00a0solicitud de extradici\u00f3n del ciudadano colombiano \u00a0JOHN \u00a0JAIRO BENITO GARZ\u00d3N, \u00a0solicitada \u00a0 por \u00a0 el \u00a0 Gobierno \u00a0de \u00a0los \u00a0Estados \u00a0Unidos \u00a0de \u00a0Am\u00e9rica. \u00a0\u00a0<\/p>\n<p>ANTECEDENTES \u00a0<\/p>\n<p>1. \u00a0El Gobierno de \u00a0los \u00a0Estados \u00a0Unidos \u00a0de \u00a0Am\u00e9rica, por conducto de su \u00a0Embajada \u00a0en \u00a0Colombia, \u00a0mediante Nota Verbal No. 0324 de 16 de febrero de 2012, \u00a0dirigida \u00a0al \u00a0Ministerio \u00a0de \u00a0Relaciones \u00a0Exteriores, \u00a0solicit\u00f3 \u00a0la \u00a0detenci\u00f3n \u00a0provisional \u00a0 \u00a0con \u00a0 fines \u00a0 de \u00a0 extradici\u00f3n \u00a0 del \u00a0se\u00f1or \u00a0JOHN \u00a0JAIRO BENITO \u00a0GARZ\u00d3N, \u00a0tambi\u00e9n \u00a0 \u00a0 conocido \u00a0 \u00a0 como \u00a0 \u00a0 \u201cEl \u00a0 Doctor\u201d, \u00a0 como \u00a0\u201cMi \u00a0Doctor\u201d, \u00a0de \u00a0quien informa que es \u00a0ciudadano \u00a0 de \u00a0 Colombia \u00a0 nacido \u00a0 el \u00a0 27 \u00a0 de \u00a0 mayo\u00a0 \u00a0de \u00a01981 \u00a0 e \u00a0identificado \u00a0con \u00a0la \u00a0c\u00e9dula \u00a0colombiana n\u00famero 11.412.935. \u00a0\u00a0<\/p>\n<p>El \u00a0Ministerio de Relaciones Exteriores dio \u00a0traslado \u00a0de \u00a0esa \u00a0solicitud a su\u00a0 hom\u00f3logo del Interior y de Justicia y a \u00a0la \u00a0Fiscal\u00eda\u00a0 General de la Naci\u00f3n, autoridad que mediante Resoluci\u00f3n de \u00a024 \u00a0de \u00a0Febrero \u00a0de \u00a02012, \u00a0libr\u00f3 \u00a0orden \u00a0de \u00a0captura \u00a0contra JOHN JAIRO BENITO \u00a0GARZ\u00d3N, \u00a0la \u00a0cual \u00a0se hizo efectiva el 25 del mismo mes y a\u00f1o en v\u00eda p\u00fablica \u00a0frente \u00a0al \u00a0inmueble \u00a0de \u00a0nomenclatura \u00a0calle \u00a022 No.3-24 Barrio Los Alpes de la \u00a0ciudad de Florencia (Caquet\u00e1). \u00a0\u00a0<\/p>\n<p>2. Con Nota \u00a0Verbal \u00a0No. 0839 del 20 de abril del presente a\u00f1o, \u00a0 la \u00a0 Embajada \u00a0 de \u00a0los \u00a0Estados \u00a0Unidos \u00a0de \u00a0Am\u00e9rica \u00a0formaliz\u00f3 \u00a0ante \u00a0el Ministerio de \u00a0Relaciones \u00a0Exteriores \u00a0la \u00a0solicitud \u00a0de extradici\u00f3n \u00a0del \u00a0referido \u00a0ciudadano, \u00a0informando \u00a0que \u00a0JOHN JAIRO BENITO GARZ\u00d3N \u00a0es requerido \u00a0para \u00a0 comparecer \u00a0 a \u00a0 juicio \u00a0 por \u00a0delitos \u00a0federales \u00a0de \u00a0narc\u00f3ticos, \u00a0siendo \u00a0sujeto \u00a0de \u00a0la Acusaci\u00f3n \u00a0Formal \u00a0No.11-20853-CR-Cooke, \u00a0dictada \u00a0el \u00a015 \u00a0de diciembre de 2011 en la Corte \u00a0Distrital \u00a0de los Estados Unidos para el Distrito Sur de la Florida, mediante la \u00a0cual \u00a0 se \u00a0 le \u00a0 imputa \u00a0\u00fanicamente lo siguiente: \u00a0\u00a0<\/p>\n<p>\u201cCargo \u00a0Uno: \u00a0Concierto \u00a0para fabricar y distribuir una sustancia controlada (cinco kilogramos \u00a0o \u00a0 m\u00e1s \u00a0de \u00a0coca\u00edna) \u00a0a \u00a0sabiendas \u00a0de \u00a0que \u00a0dicha \u00a0sustancia controlada ser\u00eda \u00a0ilegalmente \u00a0 importada \u00a0 a \u00a0 los \u00a0 Estados \u00a0Unidos, \u00a0lo \u00a0cual \u00a0es \u00a0en \u00a0 \u00a0 contra \u00a0 \u00a0del \u00a0 \u00a0T\u00edtulo \u00a0 \u00a021, \u00a0Secciones\u00a0 \u00a0959(a)(2) \u00a0del C\u00f3digo de los Estados \u00a0Unidos, \u00a0 todo \u00a0 en \u00a0 violaci\u00f3n \u00a0de \u00a0T\u00edtulo \u00a0 21, \u00a0 Secciones \u00a0 963 \u00a0y \u00a0960(b)(1)(B) \u00a0del \u00a0C\u00f3digo de los Estados Unidos. \u00a0\u00a0<\/p>\n<p>\u201cLa \u00a0acusaci\u00f3n tambi\u00e9n incluye \u00a0la \u00a0pena \u00a0de \u00a0decomiso \u00a0de \u00a0conformidad con el T\u00edtulo \u00a021, \u00a0 Secciones \u00a0 853\u00a0 \u00a0 del \u00a0 C\u00f3digo \u00a0de \u00a0los \u00a0Estados Unidos, el T\u00edtulo \u00a028, \u00a0 \u00a0Secci\u00f3n \u00a0 \u00a02461(c) \u00a0 \u00a0del \u00a0 C\u00f3digo \u00a0 \u00a0de \u00a0 \u00a0los \u00a0 \u00a0Estados \u00a0 \u00a0Unidos, \u00a0 \u00a0y \u00a0 el \u00a0 T\u00edtulo \u00a0 18, \u00a0 Secciones \u00a0 981(a)(1)(c), \u00a0 982(a)(1), \u00a0 982(b) \u00a0 del \u00a0C\u00f3digo \u00a0de \u00a0los Estados Unidos,\u00a0 la cual busca \u00a0el \u00a0 decomiso \u00a0de \u00a0todos \u00a0los \u00a0bienes \u00a0que \u00a0se \u00a0hayan \u00a0derivado de ingresos obtenidos como resultado de la \u00a0comisi\u00f3n \u00a0de \u00a0los \u00a0anteriores \u00a0delitos. \u00a0Si \u00a0dichos \u00a0bienes \u00a0no \u00a0estuvieren \u00a0disponibles, \u00a0las \u00a0normas \u00a0anteriores permiten que otros \u00a0bienes del acusado sean decomisados\u201d. \u00a0\u00a0<\/p>\n<p>Es \u00a0 de \u00a0 precisar, \u00a0 que \u00a0 si \u00a0 bien \u00a0la \u00a0\u201cacusaci\u00f3n \u00a0formal\u201d \u00a0 incluye \u00a0 dos \u00a0 cargos, \u00a0 el \u00a0 segundo \u00a0tambi\u00e9n \u00a0 de \u00a0 concierto \u00a0 para \u00a0 delinquir, \u00a0 que \u00a0est\u00e1 \u00a0 \u00a0 referido \u00a0 \u00a0 a \u00a0 \u00a0operaci\u00f3n \u00a0 financiera \u00a0 proveniente \u00a0de \u00a0una \u00a0actividad \u00a0il\u00edcita \u00a0y \u00a0participar \u00a0en \u00a0una operaci\u00f3n \u00a0monetaria \u00a0 que \u00a0 afecta \u00a0 el \u00a0 comercio \u00a0 interestatal, \u00a0 a \u00a0 aqu\u00e9l \u00a0 \u00a0 \u00a0no\u00a0 \u00a0 \u00a0 est\u00e1 \u00a0 \u00a0 \u00a0 \u00a0 vinculado \u00a0 \u00a0 \u00a0 \u00a0 el \u00a0solicitado. \u00a0\u00a0<\/p>\n<p>Se\u00f1ala que el 15 \u00a0de \u00a0diciembre \u00a0de 2011 la Corte Distrital de los Estados Unidos para el Distrito \u00a0Sur \u00a0 \u00a0de \u00a0 \u00a0la \u00a0 \u00a0Florida, \u00a0 \u00a0dict\u00f3 \u00a0 \u00a0auto \u00a0 de \u00a0detenci\u00f3n \u00a0 \u00a0 contra \u00a0 \u00a0 JHON \u00a0 \u00a0JAIRO \u00a0 \u00a0BENITO \u00a0GARZ\u00d3N \u00a0 con \u00a0 base \u00a0en \u00a0la \u00a0acusaci\u00f3n \u00a0proferida \u00a0en \u00a0este \u00a0caso, \u00a0el \u00a0cual \u00a0permanece v\u00e1lido y ejecutable. \u00a0\u00a0<\/p>\n<p>3. Para sustentar \u00a0la \u00a0 reclamaci\u00f3n \u00a0 se \u00a0 aportaron \u00a0los \u00a0siguientes \u00a0documentos \u00a0autenticados \u00a0y \u00a0traducidos al espa\u00f1ol: \u00a0\u00a0<\/p>\n<p>3.1. \u00a0Acusaci\u00f3n \u00a0Formal \u00a0No.11-20853-CR-Cooke, \u00a0dictada \u00a0el \u00a015 \u00a0de diciembre de 2011 en la Corte \u00a0Distrital \u00a0de los Estados Unidos para el Distrito Sur de la Florida (folios 322 a 330 carpeta anexa). \u00a0\u00a0<\/p>\n<p>3.2. \u00a0Orden \u00a0de \u00a0arresto \u00a0expedida el 15 de diciembre de 2011, por el Tribunal de Distrito de los \u00a0Estados \u00a0 Unidos \u00a0 para \u00a0 el \u00a0 Distrito \u00a0 Sur \u00a0 de \u00a0 La \u00a0 Florida \u00a0 (folio 344 carpeta anexa). \u00a0\u00a0<\/p>\n<p>3.3. \u00a0Declaraci\u00f3n \u00a0jurada \u00a0rendida \u00a0el \u00a06 \u00a0de \u00a0abril de 2012, por Andrea G. Hoffman, Fiscal Federal \u00a0Auxiliar \u00a0de \u00a0los \u00a0Estados \u00a0Unidos \u00a0para el Distrito Sur de la Florida, quien se \u00a0refiere \u00a0al \u00a0procedimiento \u00a0del Gran Jurado para dictar acusaci\u00f3n, describe los \u00a0hechos \u00a0que \u00a0dieron \u00a0lugar \u00a0a \u00a0la petici\u00f3n de extradici\u00f3n, concreta los cargos \u00a0formulados \u00a0en \u00a0contra \u00a0de \u00a0JHON \u00a0JAIRO \u00a0BENITO \u00a0GARZ\u00d3N, \u00a0precisa los elementos \u00a0integrantes \u00a0de \u00a0cada \u00a0delito, \u00a0y \u00a0la \u00a0acusaci\u00f3n \u00a0formal \u00a0en la cual se imputan \u00a0infracciones \u00a0penales \u00a0al \u00a0solicitado, se\u00f1alando que fue formalmente presentada \u00a0dentro \u00a0del \u00a0t\u00e9rmino \u00a0establecido, por hechos que tuvieron lugar desde marzo de \u00a02011 \u00a0al \u00a015 \u00a0de \u00a0diciembre \u00a0de \u00a02011, \u00a0concluyendo \u00a0que el acusado fue imputado \u00a0formalmente \u00a0dentro del periodo requerido de cinco a\u00f1os; por lo tanto, no est\u00e1 \u00a0prohibido \u00a0 por \u00a0 la \u00a0ley \u00a0que \u00a0rige \u00a0el \u00a0plazo \u00a0de \u00a0prescripci\u00f3n \u00a0(folios \u00a0 \u00a0 \u00a0292 \u00a0 \u00a0 \u00a0a \u00a0 \u00a0 305 \u00a0 \u00a0 carpeta \u00a0 \u00a0 anexa). \u00a0\u00a0<\/p>\n<p>3.4. \u00a0Transcripci\u00f3n \u00a0 de \u00a0 las \u00a0 disposiciones \u00a0 penales \u00a0 sustantivas \u00a0supuestamente \u00a0transgredidas \u00a0por \u00a0el \u00a0requerido \u00a0en extradici\u00f3n, con las conductas punibles a \u00a0\u00e9l \u00a0 atribuidas \u00a0 (folios \u00a0 308 \u00a0 a \u00a0 321 \u00a0carpeta \u00a0anexa). \u00a0\u00a0<\/p>\n<p>Adem\u00e1s allegaron a la solicitud fotocopia de \u00a0la \u00a0tarjeta \u00a0de \u00a0preparaci\u00f3n \u00a0de \u00a0la c\u00e9dula de ciudadan\u00eda expedida JOHN JAIRO \u00a0BENITO \u00a0GARZ\u00d3N (folio 431 carpeta anexa); \u00a0copia \u00a0de \u00a0la \u00a0orden \u00a0de \u00a0captura con fines de extradici\u00f3n y el \u00a0informe \u00a0dando \u00a0cuenta \u00a0de \u00a0las \u00a0circunstancias en que se hizo efectiva la misma \u00a0(folios \u00a0344 \u00a0y \u00a034 \u00a0a 40 carpeta anexa). \u00a0\u00a0<\/p>\n<p>4. El \u00a0Ministerio \u00a0de \u00a0Justicia \u00a0y del Derecho consider\u00f3 \u00a0completo \u00a0el expediente y lo remiti\u00f3 \u00a0a \u00a0esta \u00a0Sala \u00a0mediante \u00a0comunicaci\u00f3n de 26 de abril \u00a0del \u00a0 a\u00f1o \u00a0en \u00a0curso, \u00a0adjuntando \u00a0 \u00a0copia \u00a0 \u00a0del \u00a0 \u00a0concepto \u00a0 \u00a0emitido \u00a0 por \u00a0 su \u00a0 hom\u00f3logo \u00a0 \u00a0 de \u00a0 \u00a0Relaciones \u00a0 \u00a0Exteriores \u00a0 \u00a0a \u00a0 \u00a0trav\u00e9s \u00a0 \u00a0de \u00a0 \u00a0oficio \u00a0 \u00a0No. \u00a0 \u00a0DIAJI\/GCE \u00a0No.1132, \u00a0 \u00a0 en \u00a0 \u00a0el \u00a0 \u00a0cual \u00a0 \u00a0se\u00f1al\u00f3, \u00a0 \u00a0 \u00a0 \u00a0 \u00a0\u201cpuesto \u00a0 \u00a0que \u00a0 no \u00a0 existe \u00a0 tratado \u00a0 aplicable \u00a0 al \u00a0 caso \u00a0 en \u00a0menci\u00f3n \u00a0es \u00a0procedente obrar de conformidad con el \u00a0ordenamiento \u00a0procesal \u00a0penal colombiano\u2026\u201d \u00a0\u00a0<\/p>\n<p>SOLICITUD \u00a0 \u00a0 \u00a0 DE \u00a0 \u00a0 \u00a0 TR\u00c1MITE \u00a0SIMPLIFICADO \u00a0\u00a0<\/p>\n<p>El \u00a0requerido \u00a0en extradici\u00f3n manifest\u00f3 su \u00a0voluntad \u00a0de \u00a0acogerse \u00a0al tr\u00e1mite de la extradici\u00f3n simplificada de que trata \u00a0el \u00a0 art\u00edculo \u00a070 \u00a0de \u00a0la \u00a0Ley \u00a01453 \u00a0de \u00a02011, \u00a0coadyuvado \u00a0por \u00a0su \u00a0apoderado \u00a0(folio 14 y 19, cuaderno Corte). \u00a0\u00a0<\/p>\n<p>El \u00a0Procurador \u00a0Segundo \u00a0Delegado \u00a0para \u00a0la \u00a0Casaci\u00f3n \u00a0Penal se\u00f1al\u00f3 que coadyuva la solicitud de extradici\u00f3n simplificada \u00a0elevada \u00a0por \u00a0el \u00a0requerido \u00a0y afianzada por su defensa t\u00e9cnica, en atenci\u00f3n a \u00a0que \u00a0el \u00a0documento \u00a0en \u00a0el \u00a0que \u00a0consta \u00a0la solicitud, goza de la presunci\u00f3n de \u00a0autenticidad \u00a0contenida en el art\u00edculo 252 del C\u00f3digo de Procedimiento Civil y \u00a0son \u00a0suficientes \u00a0para \u00a0que \u00a0ese \u00a0Ministerio \u00a0P\u00fablico concluya que el requerido \u00a0manifest\u00f3 \u00a0su \u00a0voluntad \u00a0de manera libre y espont\u00e1nea, sin apremio o vicio del \u00a0consentimiento \u00a0alguno \u00a0y \u00a0se \u00a0encuentra suficientemente informado acerca de las \u00a0consecuencias \u00a0de \u00a0la renuncia al tr\u00e1mite ordinario previsto en el art. 500 del \u00a0C.P.P. \u00a0\u00a0<\/p>\n<p>Adicionalmente \u00a0indic\u00f3 \u00a0que \u00a0en el presente \u00a0caso \u00a0 se \u00a0cumplen \u00a0los \u00a0requisitos \u00a0contemplados \u00a0en \u00a0el \u00a0art\u00edculo \u00a035 \u00a0de \u00a0la \u00a0Constituci\u00f3n \u00a0Pol\u00edtica, \u00a0toda \u00a0vez \u00a0que \u00a0de \u00a0acuerdo \u00a0con \u00a0los hechos a que se \u00a0contrae \u00a0el \u00a0indictment, \u00a0el \u00a0se\u00f1or JOHN JAIRO BENITO GARZ\u00d3N es requerido para \u00a0que \u00a0 \u00a0responda \u00a0 \u00a0por \u00a0 \u00a0conductas \u00a0 punibles \u00a0 ocurridas: \u00a0 \u201c\u2026Comenzando \u00a0por \u00a0lo \u00a0menos \u00a0en \u00a0marzo \u00a0de \u00a02011 o alrededor de ese \u00a0entonces, \u00a0siendo \u00a0la \u00a0fecha \u00a0exacta desconocida por el Jurado de Acusaci\u00f3n , y \u00a0siguiendo \u00a0realizando \u00a0lo \u00a0aducido \u00a0hasta \u00a0la fecha de emisi\u00f3n de la Acusaci\u00f3n \u00a0Formal\u2026\u201d, \u00a0es \u00a0decir, \u00a0con \u00a0posterioridad \u00a0a \u00a0la \u00a0expedici\u00f3n \u00a0del Acto Legislativo N\u00famero 1 de 1997, que contempl\u00f3 la figura de \u00a0la extradici\u00f3n. \u00a0\u00a0<\/p>\n<p>Agrega \u00a0que \u00a0la \u00a0conducta \u00a0por \u00a0la \u00a0cual \u00a0es \u00a0requerido \u00a0JOHN \u00a0JAIRO \u00a0BENITO \u00a0GARZ\u00d3N, \u00a0no \u00a0tiene \u00a0la \u00a0connotaci\u00f3n \u00a0de delito \u00a0pol\u00edtico, \u00a0pues se le imputa el cargo por el punible de concierto para tr\u00e1fico \u00a0de \u00a0 estupefacientes, \u00a0 que \u00a0 tambi\u00e9n \u00a0est\u00e1 \u00a0contemplado \u00a0en \u00a0la \u00a0legislaci\u00f3n \u00a0colombiana, en el art\u00edculo 340 de la Ley 599 de 2000. \u00a0\u00a0<\/p>\n<p>Afirma, adem\u00e1s, que no existe duda en cuanto \u00a0a \u00a0la \u00a0plena \u00a0identificaci\u00f3n \u00a0del \u00a0requerido, \u00a0pues se aport\u00f3 el resultado del \u00a0informe \u00a0de laboratorio con el fin de establecer su plena identidad, con base en \u00a0las \u00a0tarjetas \u00a0de \u00a0preparaci\u00f3n \u00a0y decadactilar, expedidas por la Registradur\u00eda \u00a0Nacional \u00a0del \u00a0Estado \u00a0Civil, \u00a0como \u00a0tambi\u00e9n \u00a0obra \u00a0el \u00a0acta \u00a0de \u00a0derechos \u00a0del \u00a0capturado, \u00a0 documentos \u00a0 que \u00a0permiten \u00a0se\u00f1alar \u00a0que \u00a0se \u00a0trata \u00a0de \u00a0la \u00a0misma \u00a0persona. \u00a0\u00a0<\/p>\n<p>Por lo anterior, al encontrar que se cumplen \u00a0los \u00a0requisitos \u00a0constitucionales \u00a0y \u00a0legales \u00a0en \u00a0el \u00a0tr\u00e1mite \u00a0de extradici\u00f3n \u00a0simplificada \u00a0 \u00a0previsto \u00a0 \u00a0en \u00a0 \u00a0par\u00e1grafo \u00a0 \u00a0 1\u00ba \u00a0 \u00a0 art\u00edculo \u00a0 70 \u00a0de \u00a0la \u00a0Ley \u00a01453 \u00a0de \u00a02011 \u00a0que \u00a0adicion\u00f3 \u00a0el \u00a0art\u00edculo \u00a0500 \u00a0de la Ley 906 de \u00a02004,\u00a0 el Procurador \u00a0Delegado \u00a0manifiesta \u00a0que \u00a0coadyuva la correspondiente petici\u00f3n, en orden a que \u00a0la \u00a0Corte \u00a0emita \u00a0el \u00a0respectivo \u00a0concepto \u00a0de \u00a0plano, \u00a0en \u00a0la forma y t\u00e9rminos \u00a0se\u00f1alados \u00a0en \u00a0la \u00a0citada \u00a0disposici\u00f3n \u00a0(folio 26 y \u00a0s.s. cuaderno Corte). \u00a0\u00a0<\/p>\n<p>CONSIDERACIONES \u00a0<\/p>\n<p>1. De conformidad \u00a0con \u00a0el \u00a0art\u00edculo 35 de la Constituci\u00f3n \u00a0Pol\u00edtica \u00a0(modificado \u00a0por el Acto \u00a0Legislativo \u00a0No. \u00a001 de 1997), y el art\u00edculo 490 del \u00a0C\u00f3digo de Procedimiento Penal (Ley 906 de 2004), la \u00a0extradici\u00f3n \u00a0 \u00a0 \u00a0se \u00a0 \u00a0 \u00a0conceder\u00e1, \u00a0solicitar\u00e1 u ofrecer\u00e1 \u00a0 de \u00a0 acuerdo \u00a0 con \u00a0 los \u00a0tratados \u00a0p\u00fablicos \u00a0 \u00a0y, \u00a0 \u00a0a \u00a0 falta \u00a0 de \u00a0 \u00e9stos, conforme las disposiciones legales.\u00a0 \u00a0\u00a0<\/p>\n<p>2. La Ley 1453 de \u00a02011 \u00a0art\u00edculo \u00a070, \u00a0dispuso \u00a0que el art\u00edculo 500 del C\u00f3digo de Procedimiento \u00a0Penal \u00a0ib\u00eddem, tendr\u00eda un quinto inciso cuyo contenido es del siguiente tenor: \u00a0\u00a0<\/p>\n<p>\u201cPar\u00e1grafo \u00a0 \u00a01\u00ba. \u00a0 \u00a0Extradici\u00f3n \u00a0Simplificada. \u00a0La \u00a0persona \u00a0requerida en extradici\u00f3n, con la coadyuvancia de su \u00a0defensor \u00a0 y \u00a0 del \u00a0 Ministerio \u00a0 P\u00fablico \u00a0podr\u00e1 \u00a0renunciar \u00a0al \u00a0procedimiento \u00a0previsto\u00a0\u00a0 \u00a0en este art\u00edculo y solicitar a la Sala de Casaci\u00f3n Penal \u00a0de \u00a0la Corte Suprema de Justicia de plano el correspondiente concepto, a lo cual \u00a0proceder\u00e1 \u00a0dentro \u00a0de \u00a0los \u00a0veinte \u00a0(20) \u00a0d\u00edas \u00a0siguientes \u00a0si \u00a0se cumplen los \u00a0presupuestos para hacerlo. \u00a0\u00a0<\/p>\n<p>\u201cPar\u00e1grafo \u00a02\u00ba. \u00a0Esta \u00a0misma \u00a0facultad \u00a0opera \u00a0 respecto \u00a0al \u00a0tr\u00e1mite \u00a0de \u00a0extradici\u00f3n \u00a0previsto \u00a0en \u00a0la \u00a0Ley \u00a0600 \u00a0de \u00a02000\u201d. \u00a0\u00a0<\/p>\n<p>En uso de dicha facultad, JOHN JAIRO BENITO \u00a0GARZ\u00d3N, \u00a0solicit\u00f3 \u00a0a \u00a0esta \u00a0Corporaci\u00f3n \u00a0que \u00a0se procediera a la extradici\u00f3n \u00a0simplificada, \u00a0petici\u00f3n \u00a0que \u00a0por \u00a0reunir los presupuestos all\u00ed exigidos, hace \u00a0viable\u00a0 su an\u00e1lisis. \u00a0\u00a0<\/p>\n<p>Seg\u00fan \u00a0lo manifestado por el Ministerio de \u00a0Relaciones \u00a0Exteriores, \u00a0es \u00a0procedente \u00a0obrar \u00a0de conformidad con la Ley 906 de \u00a02004 \u00a0(C\u00f3digo \u00a0Procesal \u00a0Penal), \u00a0en \u00a0virtud \u00a0a que no existe\u00a0 convenio de \u00a0extradici\u00f3n \u00a0 \u00a0aplicable \u00a0 \u00a0entre \u00a0 \u00a0los \u00a0 Estados \u00a0 Unidos \u00a0 de \u00a0 Am\u00e9rica \u00a0 y \u00a0Colombia. \u00a0\u00a0<\/p>\n<p>3. \u00a0El art\u00edculo \u00a0502 \u00a0ib\u00eddem dispone que \u00a0la \u00a0Corte \u00a0Suprema de Justicia fundamentar\u00e1 su concepto en la validez formal de \u00a0la \u00a0documentaci\u00f3n \u00a0presentada, \u00a0en \u00a0la \u00a0demostraci\u00f3n plena de la identidad del \u00a0solicitado, \u00a0en \u00a0el \u00a0principio de la doble incriminaci\u00f3n, en la equivalencia de \u00a0la \u00a0providencia \u00a0proferida \u00a0en \u00a0el \u00a0exterior \u00a0y, \u00a0cuando \u00a0fuere \u00a0el \u00a0caso, en el \u00a0cumplimiento de lo previsto en los tratados p\u00fablicos. \u00a0\u00a0<\/p>\n<p>Todos \u00a0estos \u00a0elementos \u00a0convergen \u00a0en \u00a0el \u00a0expediente, como se se\u00f1ala a continuaci\u00f3n: \u00a0\u00a0<\/p>\n<p>1. \u00a0Validez \u00a0formal \u00a0de \u00a0la documentaci\u00f3n \u00a0presentada \u00a0\u00a0<\/p>\n<p>De acuerdo con lo previsto por el art\u00edculo \u00a0495 \u00a0de \u00a0la \u00a0Ley \u00a0906 \u00a0de 2004 (C\u00f3digo de Procedimiento Penal), la solicitud de \u00a0extradici\u00f3n \u00a0debe \u00a0efectuarse por v\u00eda diplom\u00e1tica y de manera excepcional por \u00a0la \u00a0consular \u00a0o \u00a0de gobierno a gobierno, adjuntando copia aut\u00e9ntica del fallo o \u00a0de \u00a0la \u00a0acusaci\u00f3n \u00a0proferida en el extranjero, con indicaci\u00f3n de los actos que \u00a0determinan \u00a0la \u00a0petici\u00f3n, \u00a0as\u00ed como el lugar y fecha en que fueron ejecutados, \u00a0los \u00a0datos \u00a0que \u00a0permitan identificar plenamente al reclamado y copia aut\u00e9ntica \u00a0de \u00a0las disposiciones penales aplicables al caso, las cuales deben ser expedidas \u00a0en \u00a0la \u00a0forma establecida por la legislaci\u00f3n del Estado reclamante y traducidas \u00a0al castellano, si a ello hubiere lugar. \u00a0\u00a0<\/p>\n<p>El \u00a0 art\u00edculo \u00a0 259 \u00a0 del \u00a0 C\u00f3digo \u00a0de \u00a0Procedimiento \u00a0Civil, \u00a0modificado por el art\u00edculo 1\u00ba, numeral 118, del Decreto \u00a02282 \u00a0de \u00a01989, \u00a0prescribe \u00a0que \u00a0los \u00a0documentos \u00a0p\u00fablicos \u00a0otorgados \u00a0en pa\u00eds \u00a0extranjero \u00a0por \u00a0funcionarios \u00a0de \u00a0\u00e9ste \u00a0o \u00a0con \u00a0su \u00a0intervenci\u00f3n, \u00a0deben \u00a0ser \u00a0presentados \u00a0 y \u00a0autenticados \u00a0por \u00a0el \u00a0c\u00f3nsul \u00a0o \u00a0agente \u00a0diplom\u00e1tico \u00a0de \u00a0la \u00a0Rep\u00fablica \u00a0o \u00a0en \u00a0su defecto por el de una naci\u00f3n amiga, lo cual hace presumir \u00a0que \u00a0se expidieron conforme a la ley del respectivo pa\u00eds. La firma de aqu\u00e9l se \u00a0abonar\u00e1 \u00a0por \u00a0el Ministerio de Relaciones Exteriores de Colombia, y si se trata \u00a0de \u00a0servidores \u00a0consulares de un pa\u00eds amigo, se autenticar\u00e1 previamente por el \u00a0empleado \u00a0 \u00a0competente \u00a0 del \u00a0 mismo \u00a0 y \u00a0 los \u00a0 de \u00a0 \u00e9ste \u00a0 con \u00a0 el \u00a0 c\u00f3nsul \u00a0colombiano. \u00a0\u00a0<\/p>\n<p>En \u00a0este \u00a0caso, \u00a0fueron \u00a0observadas \u00a0tales \u00a0exigencias \u00a0 por \u00a0el \u00a0Gobierno \u00a0norteamericano \u00a0al \u00a0presentar \u00a0la \u00a0petici\u00f3n \u00a0de \u00a0extradici\u00f3n \u00a0por \u00a0v\u00eda \u00a0diplom\u00e1tica, \u00a0esto \u00a0es, \u00a0por \u00a0medio \u00a0de su Embajada en \u00a0nuestro \u00a0pa\u00eds, acompa\u00f1ando copia de la Acusaci\u00f3n Formal No.11-20853-CR-Cooke, \u00a0dictada \u00a0el \u00a015 \u00a0de \u00a0diciembre \u00a0de \u00a02011 \u00a0en \u00a0JOHN JAIRO BENITO GARZ\u00d3N, por los \u00a0delitos \u00a0 \u00a0 federales \u00a0 \u00a0 de \u00a0 \u00a0 concierto \u00a0 \u00a0para \u00a0delinquir. \u00a0\u00a0<\/p>\n<p>Con las notas diplom\u00e1ticas a trav\u00e9s de las \u00a0cuales \u00a0se solicit\u00f3 la detenci\u00f3n provisional, se formaliz\u00f3 el requerimiento y \u00a0las \u00a0declaraciones \u00a0de \u00a0apoyo \u00a0rendidas por Andrea G. \u00a0Hoffman, \u00a0Fiscal \u00a0Federal Auxiliar de los Estados Unidos para el Distrito Sur de \u00a0la \u00a0Florida \u00a0y por\u00a0 Peter J. Maynard, Agente Especial de la Administraci\u00f3n \u00a0para \u00a0el \u00a0Control \u00a0de \u00a0Drogas de los Estados Unidos, denominada DEA, \u00a0se \u00a0determinan \u00a0las \u00a0conductas \u00a0que fundamentan la reclamaci\u00f3n, \u00a0especificando \u00a0las \u00a0circunstancias \u00a0de \u00a0tiempo \u00a0y \u00a0modo \u00a0en \u00a0que \u00a0pudieron haber \u00a0sucedido \u00a0los \u00a0diversos \u00a0actos \u00a0que \u00a0integran \u00a0la \u00a0ejecuci\u00f3n de cada uno de los \u00a0delitos. \u00a0\u00a0<\/p>\n<p>Con la referida informaci\u00f3n no s\u00f3lo ponen \u00a0en \u00a0evidencia la exactitud de las conductas imputadas, el lugar y la fecha de su \u00a0presunta \u00a0ejecuci\u00f3n, \u00a0sino \u00a0adem\u00e1s, demuestran que los hechos sucedieron en el \u00a0pa\u00eds \u00a0requirente, cumpliendo de esta manera la exigencia del art\u00edculo 35 de la \u00a0Constituci\u00f3n \u00a0Pol\u00edtica, \u00a0consistente en que la extradici\u00f3n de colombianos por \u00a0nacimiento se conceder\u00e1 por delitos cometidos en el exterior. \u00a0\u00a0<\/p>\n<p>Todos \u00a0los \u00a0documentos fueron autenticados \u00a0acorde \u00a0con \u00a0las \u00a0previsiones \u00a0del \u00a0art\u00edculo \u00a0259 \u00a0del C\u00f3digo de Procedimiento \u00a0Civil, \u00a0por lo cual deben ser considerados otorgados con arreglo al ordenamiento \u00a0jur\u00eddico del pa\u00eds requirente. \u00a0\u00a0<\/p>\n<p>En efecto, Magdalena A. Boynton, Directora \u00a0Asociada \u00a0de \u00a0la Oficina de Asuntos Internacionales, de la Divisi\u00f3n de lo Penal \u00a0del \u00a0Departamento de Justicia de los Estados Unidos de Norteam\u00e9rica, certific\u00f3 \u00a0que \u00a0copias \u00a0fieles \u00a0de \u00a0los \u00a0testimonios rendidos por Andrea G. Hoffman, Fiscal \u00a0Auxiliar \u00a0para \u00a0el \u00a0Distrito \u00a0Sur \u00a0de \u00a0la \u00a0Florida; as\u00ed\u00a0 como por Peter J. \u00a0Maynard, \u00a0de \u00a0la \u00a0Administraci\u00f3n \u00a0para \u00a0el \u00a0Control \u00a0de Drogas, se mantienen en \u00a0los\u00a0 \u00a0archivos\u00a0 \u00a0oficiales\u00a0 del\u00a0 Departamento de Justicia de \u00a0los \u00a0 Estados \u00a0 Unidos \u00a0 de \u00a0 Am\u00e9rica \u00a0 en \u00a0 Washington \u00a0 D. \u00a0 C. \u00a0(folio 291 carpeta anexa). \u00a0\u00a0<\/p>\n<p>A su turno Erick H. Holder Jr., Procurador \u00a0de \u00a0los \u00a0Estados \u00a0Unidos, \u00a0hizo \u00a0constar \u00a0que \u00a0para \u00a0ese \u00a0entonces, Magdalena A. \u00a0Boynton, \u00a0desempe\u00f1aba \u00a0el \u00a0cargo de Directora Asociada de la Oficina de Asuntos \u00a0Internacionales \u00a0de \u00a0la \u00a0Divisi\u00f3n \u00a0de \u00a0lo \u00a0Penal, del Departamento de Justicia, \u00a0quien \u00a0con \u00a0ese fin orden\u00f3 estampar el sello y solicit\u00f3 al Director Adjunto de \u00a0la \u00a0Oficina \u00a0de \u00a0Asuntos \u00a0Internacionales \u00a0dar \u00a0fe \u00a0de \u00a0su \u00a0firma, (folio 291carpeta anexa). \u00a0\u00a0<\/p>\n<p>El \u00a012 \u00a0de \u00a0abril \u00a0de 2012, Libia Mosquera \u00a0Viveros, \u00a0C\u00f3nsul\u00a0 \u00a0de \u00a0Colombia en Washington D.C., autentic\u00f3 la firma de \u00a0Fernesia \u00a0T. \u00a0Crawford, a su vez \u00e9sta fue abonada por el Jefe de Legalizaciones \u00a0del \u00a0Ministerio \u00a0de Relaciones Exteriores el 25 de abril siguiente (folios \u00a0 \u00a0 \u00a0 88 \u00a0 \u00a0 \u00a0y \u00a0 \u00a0 \u00a089 \u00a0 \u00a0 \u00a0carpeta \u00a0 \u00a0 \u00a0anexa). \u00a0\u00a0<\/p>\n<p>La \u00a0Secretaria \u00a0de \u00a0Estado, \u00a0Hillary \u00a0R. \u00a0Clinton, \u00a0acredit\u00f3 que al documento anexo se le fij\u00f3 sello del Departamento de \u00a0Justicia \u00a0de \u00a0los \u00a0Estados Unidos cuya impresi\u00f3n merece plena fe y cr\u00e9dito, su \u00a0firma \u00a0igualmente \u00a0es autenticada por Fernesia T. Crawford, funcionaria auxiliar \u00a0de \u00a0autenticaciones del Departamento de Estado (folio \u00a090 y 91 carpeta anexa). \u00a0\u00a0<\/p>\n<p>En \u00a0las \u00a0citadas condiciones, se concluye, \u00a0los \u00a0requerimientos \u00a0formales \u00a0de \u00a0legalizaci\u00f3n de la documentaci\u00f3n anexa a la \u00a0solicitud \u00a0de \u00a0extradici\u00f3n, \u00a0exigidos por las normas del Estado requirente y el \u00a0colombiano, \u00a0se \u00a0cumplieron \u00a0a \u00a0cabalidad \u00a0en \u00a0el \u00a0presente \u00a0caso, \u00a0y desde esta \u00a0perspectiva \u00a0los \u00a0aportados \u00a0con \u00a0ese fin, se tornan aptos para ser considerados \u00a0por \u00a0la \u00a0Corte \u00a0en \u00a0el \u00a0estudio \u00a0que \u00a0debe \u00a0preceder \u00a0al \u00a0concepto, \u00a0seg\u00fan \u00a0las \u00a0previsiones del art\u00edculo 495 de la Ley 906 de 2004. \u00a0\u00a0<\/p>\n<p>2. Plena identidad del requerido \u00a0<\/p>\n<p>La valoraci\u00f3n conjunta de la informaci\u00f3n \u00a0suministrada \u00a0por el pa\u00eds reclamante en las notas diplom\u00e1ticas allegadas y los \u00a0testimonios \u00a0rendidos en apoyo de la solicitud, as\u00ed como los datos conocidos en \u00a0la \u00a0captura, \u00a0permiten a la Sala concluir que JHON JAIRO BENITO GARZ\u00d3N, privado \u00a0de \u00a0la \u00a0libertad con fines de extradici\u00f3n, es la misma persona requerida por el \u00a0Gobierno de los Estados Unidos de Am\u00e9rica. \u00a0\u00a0<\/p>\n<p>Igualmente en la\u00a0 Nota Verbal No. 0829 \u00a0del \u00a020 \u00a0de abril del presente a\u00f1o, con la cual se formaliz\u00f3 el requerimiento, \u00a0en \u00a0las \u00a0declaraciones \u00a0rendidas en apoyo, en la resoluci\u00f3n de orden de captura \u00a0emitida \u00a0por \u00a0el \u00a0Despacho \u00a0de \u00a0la \u00a0Fiscal \u00a0General de la Naci\u00f3n, se reiter\u00f3 y \u00a0ratific\u00f3 \u00a0la \u00a0informaci\u00f3n \u00a0relativa \u00a0a \u00a0la \u00a0identidad del requerido, datos que \u00a0fueron \u00a0corroborados \u00a0al \u00a0momento de notificarle los motivos de su aprehensi\u00f3n, \u00a0donde \u00a0en las respectivas actas, hizo saber que su nombre corresponde al de JHON \u00a0JAIRO \u00a0BENITO \u00a0GARZ\u00d3N, \u00a0ciudadano \u00a0colombiano, \u00a0nacido el 27 de mayo de 1981 en \u00a0C\u00e1queza \u00a0(Cundinamarca), identificado con c\u00e9dula de ciudadan\u00eda No.11.412.935, \u00a0datos \u00a0 \u00a0que \u00a0 \u00a0no \u00a0 \u00a0tuvieron \u00a0 cuestionamiento \u00a0 alguno \u00a0 a \u00a0 lo \u00a0 largo \u00a0 del \u00a0tr\u00e1mite. \u00a0\u00a0<\/p>\n<p>As\u00ed, se advierte que BENITO GARZ\u00d3N, quien \u00a0en \u00a0la \u00a0actualidad \u00a0permanece \u00a0recluido \u00a0con \u00a0fines de extradici\u00f3n, es la misma \u00a0persona reclamada por el Gobierno norteamericano. \u00a0\u00a0<\/p>\n<p>3. \u00a0 \u00a0Principio \u00a0 \u00a0de \u00a0 \u00a0la \u00a0 \u00a0doble \u00a0incriminaci\u00f3n \u00a0\u00a0<\/p>\n<p>De acuerdo al numeral 1\u00ba del art\u00edculo 493 \u00a0de \u00a0la \u00a0Ley \u00a0906 \u00a0de \u00a02004, \u00a0para \u00a0poder \u00a0ofrecer \u00a0o conceder la extradici\u00f3n es \u00a0necesario \u00a0demostrar \u00a0que el hecho motivo de la misma est\u00e9 previsto como delito \u00a0en \u00a0Colombia \u00a0y sea reprimido con sanci\u00f3n privativa de la libertad cuyo m\u00ednimo \u00a0no sea inferior a cuatro a\u00f1os. \u00a0\u00a0<\/p>\n<p>Los comportamientos con base en los cuales, \u00a0las \u00a0autoridades \u00a0judiciales \u00a0de los Estados Unidos llamaron a JHON JAIRO BENITO \u00a0GARZ\u00d3N, \u00a0 a \u00a0 responder \u00a0en \u00a0juicio \u00a0son \u00a0relatados \u00a0en \u00a0la \u00a0Acusaci\u00f3n \u00a0Formal \u00a0No.11-20853-CR-Cooke, \u00a0dictada \u00a0el 15 de diciembre de 2011 en la Corte Distrital \u00a0de \u00a0 los \u00a0 Estados \u00a0Unidos \u00a0para \u00a0el \u00a0Distrito \u00a0Sur \u00a0de \u00a0la \u00a0Florida, de la siguiente manera: \u00a0\u00a0<\/p>\n<p>\u201cCARGO \u00a0UNO \u00a0\u00a0<\/p>\n<p>\u201cComenzando \u00a0por \u00a0lo menos en marzo de \u00a02011 \u00a0o \u00a0alrededor \u00a0de \u00a0ese \u00a0entonces, siendo la fecha exacta desconocida por el \u00a0Jurado \u00a0de \u00a0Acusaci\u00f3n, \u00a0y \u00a0siguiendo \u00a0realizando \u00a0lo \u00a0aducido hasta la fecha de \u00a0emisi\u00f3n \u00a0de \u00a0la \u00a0Acusaci\u00f3n \u00a0Formal, \u00a0en \u00a0los \u00a0pa\u00edses \u00a0de Colombia, Venezuela, \u00a0Honduras, Rep\u00fablica Dominicana y en otras partes, los acusados \u00a0\u00a0<\/p>\n<p>CRIST\u00d3BAL GALEANO MURCIA, \u00a0<\/p>\n<p>alias \u201cCristo\u201d, \u00a0<\/p>\n<p>alias \u201cDon Cristo\u201d, \u00a0<\/p>\n<p>alias \u201cDon Cristobal \u00a0<\/p>\n<p>alias \u201cMi Se\u00f1or\u201d, \u00a0<\/p>\n<p>alias \u201cEl Se\u00f1or\u201d \u00a0<\/p>\n<p>JHON JAIRO GALEANO RAM\u00cdREZ, \u00a0<\/p>\n<p>alias \u201cCalifa\u201d \u00a0<\/p>\n<p>alias \u201cFlaco\u201d \u00a0<\/p>\n<p>alias \u201cMi Se\u00f1o\u201d, \u00a0<\/p>\n<p>alias \u201cFabian\u201d, \u00a0<\/p>\n<p>alias \u201cValeria\u201d \u00a0<\/p>\n<p>alias \u201cJuliana\u201d, \u00a0<\/p>\n<p>alias \u201cJhonga\u201d, \u00a0<\/p>\n<p>MELESIO GALEANO MURCIA \u00a0<\/p>\n<p>a\/k\/a (sic) \u201cDon Mele\u201d \u00a0<\/p>\n<p>Alias \u201cHermano Bolivariano\u201d, \u00a0<\/p>\n<p>alias \u201cBolivariano\u201d, \u00a0<\/p>\n<p>LUIS ALFREDO GALEANO MURCIA \u00a0<\/p>\n<p>alias \u201cAlfredo\u201d, \u00a0<\/p>\n<p>FAUSTO CRISTOBAL GALEANO P\u00c1EZ \u00a0<\/p>\n<p>alias \u201cFaustino\u201d, \u00a0<\/p>\n<p>alias \u201cFas\u201d, \u00a0<\/p>\n<p>DELIO FRANCISCO MEDINA BUITRAGO, \u00a0<\/p>\n<p>alias \u201cPapo\u201d, \u00a0<\/p>\n<p>JHON JAIRO BENITO GARZ\u00d3N, \u00a0<\/p>\n<p>alias \u201cEl doctor\u201d, \u00a0<\/p>\n<p>alias \u201cMi doctor\u201d, \u00a0<\/p>\n<p>UR\u00cdAS \u00a0 \u00a0 \u00a0AUGUSTO \u00a0 \u00a0 \u00a0CORREDOR \u00a0C\u00c1RDENAS, \u00a0\u00a0<\/p>\n<p>alias \u201cCorre\u201d, \u00a0<\/p>\n<p>BELISARIO GUTI\u00c9RREZ ROJAS, \u00a0<\/p>\n<p>alias \u201cMono\u201d, \u00a0<\/p>\n<p>JOS\u00c9 ALVARO PALENCIA ORT\u00cdZ, \u00a0<\/p>\n<p>alias \u201cTrejos\u201d \u00a0<\/p>\n<p>F\u00c9LIX ANTONIO BELTR\u00c1N PINZ\u00d3N, \u00a0<\/p>\n<p>MAGDA PATRICIA LE\u00d3N LADINO, \u00a0<\/p>\n<p>alias \u201cDo\u00f1a Pato\u201d \u00a0<\/p>\n<p>alias \u201cDo\u00f1a Patricia\u201d, \u00a0<\/p>\n<p>alias \u201cLa Se\u00f1ora\u201d, \u00a0<\/p>\n<p>F\u00c9LIX ANDR\u00c9S MART\u00cdNEZ MORENO, \u00a0<\/p>\n<p>alias \u201cF\u00e9lix Junior\u201d, \u00a0<\/p>\n<p>alias \u201cFelix Jr.\u201d, \u00a0<\/p>\n<p>alias \u201cJr.\u201d, \u00a0<\/p>\n<p>JOS\u00c9 NOLBERTO MEJ\u00cdA CORT\u00c9S, \u00a0<\/p>\n<p>alias \u201cSancocho\u201d \u00a0<\/p>\n<p>LUIS ALFONSO RUBIANO RAMOS, \u00a0<\/p>\n<p>alias \u201cAlfonso\u201d \u00a0<\/p>\n<p>FREDY ALEXANDER CLAVIJO CLAVIJO, \u00a0<\/p>\n<p>alias \u201cFredy Gil\u201d, \u00a0<\/p>\n<p>alias \u201cChino\u201d \u00a0<\/p>\n<p>CRISTIAN \u00a0 \u00a0 JAINOVER \u00a0 \u00a0 SALCEDO \u00a0SU\u00c1REZ \u00a0\u00a0<\/p>\n<p>alias \u201cPaisano\u201d, \u00a0<\/p>\n<p>alias \u201cOji Verde\u201d \u00a0<\/p>\n<p>OSCAR JULI\u00c1N PARRADO L\u00d3PEZ, \u00a0<\/p>\n<p>\u201calias \u201cPanita\u201d, \u00a0<\/p>\n<p>ALONSO BUITRAGO PRIETO, \u00a0<\/p>\n<p>alias \u201cEl Flaco\u201d, \u00a0<\/p>\n<p>BETUEL \u00a0 \u00a0 \u00a0FERNANDO \u00a0 \u00a0 QUINTERO \u00a0PUERTO, \u00a0\u00a0<\/p>\n<p>alias \u201cFlaco\u201d, \u00a0<\/p>\n<p>OSCAR GARC\u00cdA, \u00a0<\/p>\n<p>alias \u201cPrimo\u201d, \u00a0<\/p>\n<p>JUAN CARLOS L\u00d3PEZ MAC\u00cdAS, \u00a0<\/p>\n<p>alias \u201cEl Grande\u201d, \u00a0<\/p>\n<p>alias \u201cV\u00edctor\u201d, \u00a0<\/p>\n<p>ALEXANDER TRUJILLO TRUJILLO, \u00a0<\/p>\n<p>alias \u201cGugu\u201d, \u00a0<\/p>\n<p>POLICARPO HERRERA RODR\u00cdGUEZ, \u00a0<\/p>\n<p>alias \u201cPolito\u201d, \u00a0<\/p>\n<p>alias \u201cPolo\u201d, \u00a0<\/p>\n<p>ARLES S\u00c1NCHEZ PAZ, \u00a0<\/p>\n<p>alias \u201cLa Muchacha\u201d, \u00a0<\/p>\n<p>alias \u201cPeladito\u201d, \u00a0<\/p>\n<p>alias \u201cEmpanada\u201d, \u00a0<\/p>\n<p>alias \u201cEl Borrachito\u201d, \u00a0<\/p>\n<p>JORGE C\u00c9SPEDES MELO, \u00a0<\/p>\n<p>alias \u201cJorgito\u201d, \u00a0<\/p>\n<p>JAVIER BOSSA BUENO, \u00a0<\/p>\n<p>alias \u201cBossa\u201d, \u00a0<\/p>\n<p>alias \u201cMecs\u201d \u00a0<\/p>\n<p>alias \u201cMex\u201d, \u00a0<\/p>\n<p>DAVID FERNANDO CARDONA RAMOS, \u00a0<\/p>\n<p>JOS\u00c9 EDUADO CASTRO LE\u00d3N \u00a0<\/p>\n<p>alias \u201cFlaco\u201d, \u00a0<\/p>\n<p>y \u00a0<\/p>\n<p>DIANA \u00a0 \u00a0 \u00a0CAROLINA \u00a0 \u00a0 BENAVIDES \u00a0ATEHORTUA, \u00a0\u00a0<\/p>\n<p>alias \u201cCarolina\u201d, \u00a0<\/p>\n<p>\u201cA \u00a0sabiendas \u00a0e \u00a0intencionalmente \u00a0se \u00a0unieron, \u00a0se \u00a0concertaron, \u00a0se \u00a0confederaron \u00a0y \u00a0acordaron entre s\u00ed y con otras \u00a0personas, \u00a0tanto \u00a0conocidas \u00a0como desconocidas por el Jurado de Acusaci\u00f3n, para \u00a0distribuir \u00a0una \u00a0sustancia \u00a0controlada \u00a0enumerada en la Lista II, a sabiendas de \u00a0que \u00a0dicha \u00a0sustancia \u00a0se \u00a0importar\u00eda \u00a0il\u00edcitamente \u00a0a \u00a0los \u00a0Estados Unidos en \u00a0violaci\u00f3n \u00a0del \u00a0art\u00edculo \u00a0959(a)(2) \u00a0del T\u00edtulo 21 del C\u00f3digo Federal de ese \u00a0pa\u00eds; \u00a0todo \u00a0lo \u00a0cual est\u00e1 en violaci\u00f3n del art\u00edculo 963 del mismo T\u00edtulo y \u00a0C\u00f3digo. \u00a0\u00a0<\/p>\n<p>Este cargo, considera que: \u00a0<\/p>\n<p>\u201cDe \u00a0 acuerdo \u00a0 con \u00a0 el \u00a0 art\u00edculo \u00a0960(b)(1)(B) \u00a0del T\u00edtulo 21 del C\u00f3digo Federal de los Estados Unidos, se aduce \u00a0adem\u00e1s \u00a0que \u00a0esta \u00a0violaci\u00f3n de la ley se trata de cinco (5) kilogramos o m\u00e1s \u00a0de \u00a0 una \u00a0 mezcla \u00a0 y \u00a0 sustancia \u00a0 que \u00a0contiene \u00a0una \u00a0cantidad \u00a0detectable \u00a0de \u00a0coca\u00edna\u201d. \u00a0\u00a0<\/p>\n<p>\u201cEXTINCI\u00d3N \u00a0DE \u00a0DOMINIO DE CAR\u00c1CTER \u00a0PENAL \u00a0\u00a0<\/p>\n<p>\u201cAl \u00a0declar\u00e1rseles \u00a0culpables \u00a0de \u00a0las \u00a0violaciones \u00a0de \u00a0la \u00a0ley \u00a0que \u00a0se \u00a0aducen \u00a0en \u00a0los \u00a0Cargos \u00a01 y 2 de la presente \u00a0acusaci\u00f3n \u00a0formal, a los acusados se le extinguir\u00e1 el dominio, el cual pasar\u00e1 \u00a0a \u00a0los Estados Unidos, de toda propiedad que constituya o se derive del producto \u00a0obtenido, \u00a0 directa \u00a0 o \u00a0indirectamente, \u00a0de \u00a0tal \u00a0violaci\u00f3n \u00a0y \u00a0de \u00a0todas \u00a0las \u00a0propiedades \u00a0que \u00a0se \u00a0hayan \u00a0usado \u00a0o \u00a0propuesto \u00a0usar \u00a0de \u00a0cualquier manera o a \u00a0cualquier \u00a0 extremo \u00a0para \u00a0cometer\u00a0 \u00a0o \u00a0facilitar \u00a0la \u00a0comisi\u00f3n \u00a0de \u00a0dicha \u00a0violaci\u00f3n, \u00a0en \u00a0virtud \u00a0del art\u00edculo 853 del T\u00edtulo 21 del C\u00f3digo Federal de \u00a0los Estados Unidos\u2026\u201d \u00a0\u00a0<\/p>\n<p>Al \u00a0confrontar las normas invocadas por el \u00a0pa\u00eds \u00a0requirente \u00a0con \u00a0la \u00a0legislaci\u00f3n \u00a0 \u00a0 colombiana, \u00a0 \u00a0se \u00a0 \u00a0advierte \u00a0 \u00a0que \u00a0 \u00a0la \u00a0 \u00a0\u00fanica \u00a0 \u00a0 \u00a0conducta \u00a0 \u00a0 \u00a0atribuida \u00a0 \u00a0 \u00a0en \u00a0 \u00a0 \u00a0el \u00a0 \u00a0 \u201cCARGO \u00a0 \u00a0 \u00a0 UNO\u201d \u00a0corresponde \u00a0al \u00a0delito \u00a0conocido en \u00a0nuestra \u00a0legislaci\u00f3n como concierto para delinquir, \u00a0agravado \u00a0 por \u00a0 la \u00a0 naturaleza \u00a0 de \u00a0 los \u00a0 actos, \u00a0 en \u00a0 cuanto \u00a0est\u00e1 \u00a0 \u00a0 \u00a0relacionado \u00a0con \u00a0tr\u00e1fico \u00a0de narc\u00f3ticos, \u00a0comportamiento \u00a0que \u00a0se encuentra penalizado en uno y otro \u00a0Estado. \u00a0\u00a0<\/p>\n<p>En \u00a0 Colombia, \u00a0la \u00a0mencionada \u00a0conducta \u00a0se \u00a0encuentra \u00a0tipificada \u00a0en \u00a0el \u00a0art\u00edculo \u00a0 \u00a0340 \u00a0 \u00a0de \u00a0 \u00a0la \u00a0 \u00a0Ley \u00a0 \u00a0599 \u00a0 \u00a0de \u00a0 2000 \u00a0 (modificado \u00a0 \u00a0por \u00a0 \u00a0el \u00a0 \u00a0art\u00edculo \u00a08\u00ba \u00a0de \u00a0la \u00a0Ley \u00a0733 \u00a0de \u00a02002 \u00a0y 19 de Ley 1121 de \u00a02006), entendido como el acuerdo de voluntades entre \u00a0varias \u00a0personas \u00a0con el fin de cometer delitos, y cuando la especie \u00a0de \u00a0\u00e9stos \u00a0se concreta al delito de \u00a0narcotr\u00e1fico, \u00a0la pena es de 8 a 18 a\u00f1os \u00a0 y \u00a0multa \u00a0de \u00a02.700 \u00a0hasta \u00a030.000 \u00a0salarios \u00a0m\u00ednimos legales mensuales vigentes. \u00a0\u00a0<\/p>\n<p>Como la pena nacional para el comportamiento \u00a0descrito \u00a0en \u00a0la acusaci\u00f3n hecha por los Estados Unidos, supera el m\u00ednimo de 4 \u00a0a\u00f1os \u00a0de \u00a0sanci\u00f3n \u00a0privativa \u00a0de \u00a0la libertad que exige el numeral primero del \u00a0art\u00edculo \u00a0 \u00a0493 \u00a0 \u00a0de \u00a0 \u00a0la \u00a0 Ley \u00a0 906 \u00a0 de \u00a0 2004, \u00a0 se \u00a0 cumple \u00a0 con \u00a0 este \u00a0presupuesto. \u00a0\u00a0<\/p>\n<p>Ahora, \u00a0 como \u00a0 la \u00a0 Acusaci\u00f3n \u00a0 Formal \u00a0No.11-20853-CR-Cooke, \u00a0dictada \u00a0el 15 de diciembre de 2011 en la Corte Distrital \u00a0de \u00a0los \u00a0Estados \u00a0Unidos para el Distrito Sur de la Florida, tambi\u00e9n incluye el \u00a0decomiso, \u00a0es \u00a0preciso \u00a0se\u00f1alar \u00a0que \u00a0tal afirmaci\u00f3n no puede ser entendida en \u00a0estricto sentido como un cargo. \u00a0\u00a0<\/p>\n<p>Por \u00a0lo \u00a0anterior, se precisa que, como el \u00a0decomiso \u00a0 penal \u00a0 no \u00a0comporta \u00a0imputaci\u00f3n \u00a0alguna, \u00a0sino \u00a0el \u00a0anuncio \u00a0de \u00a0la \u00a0consecuencia \u00a0 patrimonial \u00a0 que \u00a0la \u00a0declaratoria \u00a0de \u00a0responsabilidad \u00a0acarrea \u00a0respecto \u00a0de \u00a0los \u00a0bienes involucrados en el delito, por cuya comisi\u00f3n se acusa \u00a0al \u00a0requerido, \u00a0el \u00a0tema \u00a0es ajeno a la solicitud de extradici\u00f3n, raz\u00f3n por la \u00a0cual, \u00a0no \u00a0se \u00a0encuentra \u00a0comprendido \u00a0dentro \u00a0de \u00a0los aspectos a analizar en el \u00a0concepto a emitir por parte de la Sala. \u00a0\u00a0<\/p>\n<p>4. Equivalencia de la providencia dictada \u00a0en el exterior \u00a0\u00a0<\/p>\n<p>Con arreglo a lo estipulado en el art\u00edculo \u00a0493 \u00a0de \u00a0la \u00a0Ley \u00a0906 \u00a0de \u00a02004, \u00a0es \u00a0preciso \u00a0haberse \u00a0proferido resoluci\u00f3n de \u00a0acusaci\u00f3n \u00a0o \u00a0su \u00a0equivalente \u00a0por \u00a0parte \u00a0del \u00a0pa\u00eds \u00a0requirente en contra del \u00a0solicitado. \u00a0\u00a0<\/p>\n<p>Este \u00a0presupuesto \u00a0fue \u00a0cumplido \u00a0por \u00a0el \u00a0Gobierno \u00a0 \u00a0 \u00a0 \u00a0 \u00a0norteamericano, \u00a0 \u00a0 \u00a0 \u00a0 \u00a0pues \u00a0 \u00a0 \u00a0 \u00a0 \u00a0la \u00a0 \u00a0 \u00a0 \u00a0 Acusaci\u00f3n \u00a0 \u00a0Formal \u00a0 \u00a0No.11-20853-CR-Cooke, \u00a0dictada el 15 de \u00a0diciembre \u00a0de \u00a02011 en la Corte Distrital de los Estados Unidos para el Distrito \u00a0Sur \u00a0de \u00a0la \u00a0Florida, \u00a0es \u00a0equivalente \u00a0al \u00a0escrito acusatorio presentado por el \u00a0fiscal \u00a0ante \u00a0el \u00a0juez \u00a0competente \u00a0para \u00a0adelantar \u00a0el \u00a0juicio \u00a0estatuido en el \u00a0art\u00edculo \u00a0340 \u00a0de la Ley \u00a0906 \u00a0 \u00a0 de \u00a0 \u00a0 2004, \u00a0 \u00a0 por \u00a0 \u00a0 contener \u00a0 \u00a0 la \u00a0individualizaci\u00f3n \u00a0 de \u00a0la \u00a0persona \u00a0acusada, \u00a0una \u00a0relaci\u00f3n \u00a0 circunstanciada \u00a0 de \u00a0 las \u00a0 conductas \u00a0endilgadas \u00a0 \u00a0 junto \u00a0 \u00a0con \u00a0 \u00a0su \u00a0 \u00a0calificaci\u00f3n \u00a0jur\u00eddica \u00a0 \u00a0y \u00a0 \u00a0la \u00a0 \u00a0transcripci\u00f3n \u00a0de \u00a0las \u00a0normas \u00a0penales \u00a0sustantivas \u00a0supuestamente \u00a0violadas; \u00a0adem\u00e1s \u00a0 \u00a0 \u00a0 \u00a0constituye \u00a0 \u00a0 \u00a0 \u00a0el \u00a0inicio \u00a0de \u00a0la \u00a0fase \u00a0en \u00a0donde \u00a0el \u00a0enjuiciado \u00a0tiene \u00a0la \u00a0oportunidad \u00a0de defenderse de los cargos a \u00e9l \u00a0 imputados \u00a0 y \u00a0culmina \u00a0con \u00a0la \u00a0sentencia \u00a0que \u00a0pone \u00a0fin \u00a0al \u00a0proceso. \u00a0\u00a0<\/p>\n<p>As\u00ed, \u00a0reunidos \u00a0como \u00a0se \u00a0encuentran \u00a0los \u00a0requisitos \u00a0exigidos por el C\u00f3digo de Procedimiento Penal de 2004, y acorde con \u00a0lo \u00a0solicitado \u00a0por \u00a0la \u00a0Representante \u00a0del \u00a0Ministerio \u00a0P\u00fablico\u00a0 \u00a0para la \u00a0Casaci\u00f3n \u00a0Penal, la Corte proceder\u00e1 a emitir concepto favorable a la solicitud \u00a0de \u00a0 extradici\u00f3n, \u00a0 exigiendo \u00a0al \u00a0Ejecutivo, \u00a0que \u00a0de \u00a0acoger \u00a0esta \u00a0opini\u00f3n, \u00a0convenga la entrega a que \u00a0al \u00a0solicitado \u00a0no \u00a0le \u00a0sean \u00a0impuestas \u00a0penas de destierro, prisi\u00f3n perpetua o \u00a0confiscaci\u00f3n, \u00a0 ni \u00a0 desaparici\u00f3n \u00a0 forzada \u00a0 por \u00a0el \u00a0pa\u00eds \u00a0solicitante, \u00a0de \u00a0conformidad \u00a0 con \u00a0lo \u00a0dispuesto \u00a0por \u00a0los \u00a0art\u00edculos \u00a012 \u00a0y \u00a034 \u00a0de \u00a0la \u00a0Carta \u00a0Pol\u00edtica. \u00a0\u00a0<\/p>\n<p>El \u00a0Gobierno \u00a0Nacional \u00a0debe condicionar la \u00a0entrega \u00a0de \u00a0JHON \u00a0JAIRO \u00a0BENITO GARZ\u00d3N, a que se le respeten -como a cualquier \u00a0otro \u00a0nacional \u00a0en \u00a0las mismas circunstancias- todas las garant\u00edas debidas a su \u00a0estado \u00a0de \u00a0justiciable, \u00a0en \u00a0particular \u00a0a \u00a0que: \u00a01) \u00a0tenga acceso a un proceso \u00a0p\u00fablico \u00a0sin \u00a0dilaciones \u00a0injustificadas, 2) se presuma su inocencia, 3) cuente \u00a0con \u00a0un int\u00e9rprete, 4) sea representado por un defensor designado por \u00e9l o por \u00a0el \u00a0Estado, \u00a05) \u00a0se le conceda el tiempo y los medios adecuados para preparar la \u00a0defensa, \u00a06) \u00a0pueda \u00a0presentar pruebas y controvertir las aducidas en su contra, \u00a07) \u00a0su \u00a0situaci\u00f3n \u00a0de \u00a0privaci\u00f3n \u00a0de \u00a0la libertad se desarrolle en condiciones \u00a0dignas, \u00a08) \u00a0la \u00a0eventual \u00a0pena \u00a0a \u00a0imponer \u00a0no \u00a0trascienda de su persona, 9) la \u00a0sanci\u00f3n \u00a0pueda \u00a0ser apelada ante un tribunal superior, 10) la pena privativa de \u00a0la \u00a0libertad \u00a0tenga \u00a0la \u00a0finalidad \u00a0esencial \u00a0de \u00a0reforma y readaptaci\u00f3n social \u00a0(art\u00edculos \u00a029 \u00a0de \u00a0la \u00a0Constituci\u00f3n \u00a0Pol\u00edtica; \u00a09 \u00a0y \u00a010 \u00a0de la Declaraci\u00f3n \u00a0Universal \u00a0 \u00a0 \u00a0 \u00a0 \u00a0 \u00a0de \u00a0 \u00a0 \u00a0 \u00a0 \u00a0 \u00a0Derechos \u00a0 \u00a0 \u00a0 \u00a0 \u00a0 \u00a0Humanos; \u00a0 \u00a0 \u00a0 \u00a0 \u00a0 5-3.6, \u00a07-2.5,8-1.2(a)(b)(c)(d)(e)(f)(g)(h).3.4.5, \u00a09 \u00a0de \u00a0la \u00a0Convenci\u00f3n \u00a0Americana de \u00a0Derechos \u00a0Humanos; \u00a09-2.3, 10-1.2.3, 14-1.2.3,5, y 15 del Pacto Internacional de \u00a0Derechos Civiles y Pol\u00edticos). \u00a0\u00a0<\/p>\n<p>Igualmente, \u00a0el \u00a0Gobierno \u00a0debe \u00a0limitar la \u00a0entrega \u00a0a \u00a0que el pa\u00eds reclamante, conforme a sus pol\u00edticas internas sobre la \u00a0materia, \u00a0le \u00a0ofrezca \u00a0posibilidades racionales y reales para que el extraditado \u00a0pueda \u00a0tener \u00a0contacto regular con sus familiares m\u00e1s cercanos, \u00e9sto en cuanto \u00a0la \u00a0Constituci\u00f3n \u00a0Pol\u00edtica \u00a0en \u00a0su \u00a0art\u00edculo \u00a042 \u00a0reconoce \u00a0a la familia como \u00a0n\u00facleo \u00a0esencial \u00a0de la sociedad, garantiza su protecci\u00f3n y reconoce su honra, \u00a0dignidad \u00a0e intimidad, lo cual se refuerza con la protecci\u00f3n adicional otorgada \u00a0a \u00a0\u00e9ste por la Convenci\u00f3n Americana sobre Derechos Humanos (art\u00edculo 17) y el \u00a0Pacto \u00a0 \u00a0Internacional \u00a0 \u00a0de \u00a0 \u00a0Derechos \u00a0 Civiles \u00a0 y \u00a0 Pol\u00edticos \u00a0 (art\u00edculo \u00a023). \u00a0\u00a0<\/p>\n<p>Adem\u00e1s, \u00a0el \u00a0Gobierno Nacional debe hacer \u00a0las \u00a0exigencias \u00a0que \u00a0estime convenientes en orden a que en el Estado reclamante \u00a0se \u00a0le \u00a0reconozcan \u00a0todos \u00a0los derechos y garant\u00edas inherentes a la persona del \u00a0solicitado, \u00a0en \u00a0especial \u00a0las \u00a0contenidas \u00a0en \u00a0la \u00a0Carta \u00a0Fundamental \u00a0y \u00a0en el \u00a0denominado \u00a0bloque \u00a0de \u00a0constitucionalidad, \u00a0es \u00a0decir, \u00a0en \u00a0aquellos \u00a0convenios \u00a0internacionales \u00a0ratificados \u00a0por \u00a0Colombia que consagran y desarrollan derechos \u00a0humanos \u00a0 (art\u00edculo \u00a0 93 \u00a0 de \u00a0 la \u00a0Constituci\u00f3n, \u00a0Declaraci\u00f3n \u00a0Universal \u00a0de \u00a0Derechos Humanos, Convenci\u00f3n Americana de Derechos \u00a0Humanos, \u00a0Pacto \u00a0Internacional \u00a0de \u00a0Derechos \u00a0Civiles \u00a0y Pol\u00edticos), \u00a0en \u00a0virtud \u00a0del \u00a0deber \u00a0de \u00a0protecci\u00f3n a esos derechos que para \u00a0todas \u00a0las \u00a0autoridades \u00a0p\u00fablicas \u00a0emana del art\u00edculo 2\u00ba ib\u00eddem.1 \u00a0\u00a0<\/p>\n<p>As\u00ed mismo, es \u00a0del \u00a0 \u00a0resorte \u00a0 \u00a0del \u00a0 Gobierno \u00a0 Nacional \u00a0 advertir \u00a0 a \u00a0 su \u00a0 hom\u00f3logo \u00a0del Estado requirente, que en \u00a0el \u00a0 presente \u00a0evento \u00a0JHON \u00a0JAIRO \u00a0BENITO \u00a0GARZ\u00d3N, \u00a0solicitado \u00a0en extradici\u00f3n ha permanecido privado de \u00a0la \u00a0libertad \u00a0por \u00a0raz\u00f3n de este asunto, por lo que \u00a0adicionalmente \u00a0 \u00a0habr\u00e1 \u00a0 de \u00a0 exigir \u00a0al \u00a0pa\u00eds \u00a0reclamante \u00a0que, se tenga en cuenta el tiempo cumplido \u00a0por el reclamado con ocasi\u00f3n de este tr\u00e1mite. \u00a0\u00a0<\/p>\n<p>Igualmente, \u00a0si \u00a0lo \u00a0considera pertinente, \u00a0deber\u00e1 \u00a0 solicitar \u00a0al \u00a0Estado \u00a0requirente \u00a0que \u00a0responda \u00a0por \u00a0la \u00a0permanencia \u00a0del\u00a0 \u00a0extraditado \u00a0en \u00a0el \u00a0pa\u00eds \u00a0extranjero \u00a0y el retorno al de origen, en \u00a0condiciones \u00a0de \u00a0dignidad y respeto por la persona humana, cuando aqu\u00e9l llegare \u00a0a \u00a0ser sobrese\u00eddo, absuelto, declarado no culpable o eventos similares, incluso \u00a0despu\u00e9s \u00a0de \u00a0su liberaci\u00f3n por haber cumplido la pena que le fuere impuesta en \u00a0la \u00a0sentencia \u00a0de condena, en raz\u00f3n de los cargos que motivaron la solicitud de \u00a0extradici\u00f3n y por los cuales \u00e9sta hubiese sido concedida. \u00a0\u00a0<\/p>\n<p>Por\u00a0 \u00a0 lo\u00a0 \u00a0 expuesto,\u00a0 \u00a0la\u00a0 \u00a0Corte\u00a0 \u00a0Suprema\u00a0 \u00a0de \u00a0Justicia, Sala de Casaci\u00f3n \u00a0 \u00a0Penal, \u00a0 \u00a0CONCEPT\u00daA \u00a0 \u00a0 \u00a0FAVORABLEMENTE \u00a0 \u00a0 a \u00a0 \u00a0 la \u00a0extradici\u00f3n \u00a0 de \u00a0JOHN \u00a0JAIRO \u00a0BENITO \u00a0GARZ\u00d3N, de \u00a0condiciones \u00a0civiles \u00a0y \u00a0personales \u00a0conocidas en el \u00a0expediente, \u00a0identificado \u00a0con \u00a0 \u00a0la \u00a0 \u00a0c\u00e9dula \u00a0 \u00a0colombiana \u00a0 \u00a0No.11.412.935, \u00a0 \u00a0 \u00a0 por \u00a0los \u00a0cargos atribuidos en la\u00a0 \u00a0\u00a0<\/p>\n<p>Resoluci\u00f3n de \u00a0Acusaci\u00f3n\u00a0 \u00a0 \u00a0 \u00a0 \u00a0 \u00a0 \u00a0 No.11-20853-CR-Cooke, \u00a0dictada \u00a0el \u00a015 \u00a0de diciembre de 2011 en la \u00a0Corte \u00a0Distrital \u00a0de \u00a0los \u00a0Estados \u00a0Unidos \u00a0para \u00a0el \u00a0Distrito Sur de la Florida. \u00a0\u00a0<\/p>\n<p>Comun\u00edquese por la Secretar\u00eda de la Sala \u00a0esta \u00a0 determinaci\u00f3n \u00a0al\u00a0 \u00a0requerido \u00a0JOHN \u00a0JAIRO \u00a0BENITO \u00a0GARZ\u00d3N, \u00a0a \u00a0su \u00a0defensor, \u00a0al \u00a0Procurador \u00a0Segundo \u00a0Delegado para la Casaci\u00f3n Penal y al Fiscal \u00a0General de la Naci\u00f3n, para lo de su cargo. \u00a0\u00a0<\/p>\n<p>Devu\u00e9lvase el expediente al Ministerio de \u00a0Justicia y del Derecho para lo correspondiente. \u00a0\u00a0<\/p>\n<p>Comun\u00edquese \u00a0y \u00a0c\u00famplase \u00a0\u00a0<\/p>\n<p>JOS\u00c9 LEONIDAS \u00a0BUSTOS MART\u00cdNEZ \u00a0\u00a0<\/p>\n<p>JOS\u00c9 \u00a0LUIS \u00a0BARCEL\u00d3 \u00a0CAMACHO \u00a0 \u00a0\u00a0 \u00a0 \u00a0 \u00a0 \u00a0 \u00a0 \u00a0 \u00a0 \u00a0 \u00a0 \u00a0 \u00a0 \u00a0 \u00a0 \u00a0 \u00a0 \u00a0 \u00a0 \u00a0 \u00a0 \u00a0 \u00a0 \u00a0 \u00a0 \u00a0 \u00a0 \u00a0\u00a0\u00a0\u00a0\u00a0\u00a0\u00a0\u00a0\u00a0\u00a0\u00a0\u00a0 \u00a0FERNANDO \u00a0 ALBERTO \u00a0 CASTRO \u00a0 CABALLERO \u00a0 \u00a0 \u00a0 \u00a0\u00a0 \u00a0 \u00a0 \u00a0 \u00a0\u00a0 \u00a0 \u00a0 \u00a0 \u00a0 \u00a0 \u00a0 \u00a0 \u00a0\u00a0\u00a0\u00a0 \u00a0\u00a0<\/p>\n<p>MAR\u00cdA \u00a0DEL \u00a0ROSARIO \u00a0 \u00a0 \u00a0 \u00a0GONZ\u00c1LEZ \u00a0 \u00a0 \u00a0 MU\u00d1OZ \u00a0 \u00a0 \u00a0 \u00a0 \u00a0 \u00a0 \u00a0 \u00a0 \u00a0 \u00a0\u00a0 \u00a0LUIS \u00a0GUILLERMO \u00a0SALAZAR \u00a0 \u00a0 OTERO \u00a0 \u00a0 \u00a0 \u00a0 \u00a0 \u00a0 \u00a0 \u00a0\u00a0 \u00a0\u00a0 \u00a0 \u00a0 \u00a0\u00a0 \u00a0\u00a0 \u00a0\u00a0\u00a0\u00a0\u00a0\u00a0\u00a0\u00a0\u00a0 \u00a0\u00a0<\/p>\n<p>JULIO ENRIQUE SOCHA SALAMANCA \u00a0\u00a0 \u00a0\u00a0 \u00a0\u00a0 \u00a0\u00a0 \u00a0 \u00a0\u00a0 \u00a0 \u00a0\u00a0 \u00a0 \u00a0\u00a0\u00a0 \u00a0 JAVIER \u00a0 ZAPATA \u00a0ORTIZ \u00a0\u00a0<\/p>\n<p>NUBIA YOLANDA NOVA GARC\u00cdA \u00a0<\/p>\n<p>Secretaria \u00a0<\/p>\n<p>\u00a0 \u00a0\u00a0<\/p>\n<p>1 \u00a0As\u00ed, \u00a0con \u00a0arreglo \u00a0al \u00a0art\u00edculo 29 de la Carta; a los art\u00edculos 9 y 10 de la \u00a0Declaraci\u00f3n \u00a0 \u00a0 Universal \u00a0 \u00a0 de \u00a0 \u00a0 Derechos \u00a0 \u00a0 Humanos, \u00a0 \u00a0 5-3.6, \u00a0 \u00a07-2.5, \u00a08-1.2(a)(b)(c)(d)(e)(f)(g)(h).3.4.5, \u00a09 \u00a0de la Convenci\u00f3n Americana de Derechos \u00a0Humanos, \u00a09-2.3, \u00a010-1.2.3, 14-1.2.3,5, y 15 del Pacto Internacional de Derechos \u00a0Civiles \u00a0y \u00a0Pol\u00edticos, \u00a0el \u00a0Gobierno Nacional debe condicionar la entrega de un \u00a0compatriota, \u00a0si \u00a0concede \u00a0la \u00a0extradici\u00f3n, a que se le respeten al extraditado \u00a0\u2013como a cualquier otro \u00a0nacional \u00a0 en \u00a0las \u00a0mismas \u00a0condiciones- \u00a0todas \u00a0las \u00a0garant\u00edas \u00a0debidas \u00a0a \u00a0su \u00a0condici\u00f3n \u00a0de \u00a0justiciable, \u00a0en \u00a0particular, \u00a0a \u00a0que \u00a0tenga acceso a un proceso \u00a0p\u00fablico \u00a0sin \u00a0dilaciones \u00a0injustificadas, \u00a0a que se presuma su inocencia, a que \u00a0cuente \u00a0con \u00a0un \u00a0int\u00e9rprete, a que tenga un defensor designado por \u00e9l o por el \u00a0Estado, \u00a0a \u00a0que \u00a0se le conceda el tiempo y los medios adecuados para que prepare \u00a0la \u00a0defensa, \u00a0a presentar pruebas y controvertir las que se aduzcan en contra, a \u00a0que \u00a0su \u00a0situaci\u00f3n \u00a0de \u00a0privaci\u00f3n \u00a0de la libertad se desarrolle en condiciones \u00a0dignas, \u00a0a que la eventual pena que se le imponga no trascienda de su persona, a \u00a0que \u00a0la \u00a0sanci\u00f3n \u00a0pueda \u00a0ser \u00a0apelada \u00a0ante un tribunal superior, a que la pena \u00a0privativa \u00a0de la libertad tenga la finalidad esencial de reforma y readaptaci\u00f3n \u00a0social. \u00a0 \u00a0\u00a0<\/p>\n<p><\/p>\n","protected":false},"excerpt":{"rendered":"<p>\u00a0 \u00a0 \u00a0\u00a0 CORTE SUPREMA DE JUSTICIA \u00a0 SALA \u00a0DE \u00a0CASACI\u00d3N \u00a0PENAL \u00a0\u00a0 \u00a0\u00a0 Magistrado Ponente \u00a0 \u00a0 \u00a0\u00a0 \u00a0\u00a0 \u00a0\u00a0\u00a0\u00a0\u00a0\u00a0\u00a0\u00a0\u00a0\u00a0\u00a0\u00a0\u00a0\u00a0\u00a0\u00a0\u00a0\u00a0\u00a0\u00a0\u00a0\u00a0\u00a0\u00a0\u00a0\u00a0\u00a0\u00a0\u00a0\u00a0\u00a0 \u00a0JULIO ENRIQUE SOCHA SALAMANCA \u00a0\u00a0 Aprobado acta No.343 \u00a0 Bogot\u00e1, \u00a0D. \u00a0C., \u00a0doce (12) de septiembre de dos mil doce (2012). \u00a0\u00a0 VISTOS \u00a0 Atendiendo \u00a0 \u00a0lo \u00a0 \u00a0dispuesto \u00a0 \u00a0en \u00a0 el \u00a0 [&hellip;]<\/p>\n","protected":false},"author":1,"featured_media":0,"comment_status":"open","ping_status":"open","sticky":false,"template":"","format":"standard","meta":{"footnotes":""},"categories":[20],"tags":[],"class_list":["post-24499","post","type-post","status-publish","format-standard","hentry","category-20"],"_links":{"self":[{"href":"https:\/\/dmsjuridica.com\/buscador_20179478954\/salapenalcronologico20230723\/wp-json\/wp\/v2\/posts\/24499","targetHints":{"allow":["GET"]}}],"collection":[{"href":"https:\/\/dmsjuridica.com\/buscador_20179478954\/salapenalcronologico20230723\/wp-json\/wp\/v2\/posts"}],"about":[{"href":"https:\/\/dmsjuridica.com\/buscador_20179478954\/salapenalcronologico20230723\/wp-json\/wp\/v2\/types\/post"}],"author":[{"embeddable":true,"href":"https:\/\/dmsjuridica.com\/buscador_20179478954\/salapenalcronologico20230723\/wp-json\/wp\/v2\/users\/1"}],"replies":[{"embeddable":true,"href":"https:\/\/dmsjuridica.com\/buscador_20179478954\/salapenalcronologico20230723\/wp-json\/wp\/v2\/comments?post=24499"}],"version-history":[{"count":0,"href":"https:\/\/dmsjuridica.com\/buscador_20179478954\/salapenalcronologico20230723\/wp-json\/wp\/v2\/posts\/24499\/revisions"}],"wp:attachment":[{"href":"https:\/\/dmsjuridica.com\/buscador_20179478954\/salapenalcronologico20230723\/wp-json\/wp\/v2\/media?parent=24499"}],"wp:term":[{"taxonomy":"category","embeddable":true,"href":"https:\/\/dmsjuridica.com\/buscador_20179478954\/salapenalcronologico20230723\/wp-json\/wp\/v2\/categories?post=24499"},{"taxonomy":"post_tag","embeddable":true,"href":"https:\/\/dmsjuridica.com\/buscador_20179478954\/salapenalcronologico20230723\/wp-json\/wp\/v2\/tags?post=24499"}],"curies":[{"name":"wp","href":"https:\/\/api.w.org\/{rel}","templated":true}]}}