{"id":24416,"date":"2023-09-12T17:21:54","date_gmt":"2023-09-12T17:21:54","guid":{"rendered":"https:\/\/dmsjuridica.com\/buscador_20179478954\/salapenalcronologico20230723\/2023\/09\/12\/3822212-12-12\/"},"modified":"2023-09-12T17:21:54","modified_gmt":"2023-09-12T17:21:54","slug":"3822212-12-12","status":"publish","type":"post","link":"https:\/\/dmsjuridica.com\/buscador_20179478954\/salapenalcronologico20230723\/2023\/09\/12\/3822212-12-12\/","title":{"rendered":"38222(12-12-12)"},"content":{"rendered":"\n<p>\u00a0 \u00a0 \u00a0\u00a0<\/p>\n<p>CORTE SUPREMA DE JUSTICIA \u00a0<\/p>\n<p>SALA DE CASACI\u00d3N PENAL \u00a0<\/p>\n<p>Magistrado Ponente \u00a0<\/p>\n<p>JOS\u00c9 LEONIDAS BUSTOS MART\u00cdNEZ \u00a0<\/p>\n<p>Aprobado acta N\u00ba 458 \u00a0<\/p>\n<p>Bogot\u00e1 \u00a0D.C., \u00a0doce \u00a0de diciembre de dos mil \u00a0doce \u00a0\u00a0<\/p>\n<p>VISTOS \u00a0<\/p>\n<p>La \u00a0Sala \u00a0resuelve \u00a0el \u00a0recurso de apelaci\u00f3n \u00a0interpuesto \u00a0contra \u00a0la \u00a0sentencia \u00a0proferida \u00a0por \u00a0una \u00a0Sala de Conocimiento de \u00a0Justicia \u00a0y \u00a0Paz \u00a0del Tribunal Superior de Bogot\u00e1, mediante la cual conden\u00f3 al \u00a0desmovilizado \u00a0 FREDY \u00a0REND\u00d3N \u00a0HERRERA, \u00a0por \u00a0los \u00a0delitos \u00a0de \u00a0concierto \u00a0para \u00a0delinquir \u00a0agravado \u00a0en \u00a0concurso \u00a0con tr\u00e1fico, fabricaci\u00f3n y porte de armas y \u00a0municiones \u00a0de \u00a0uso \u00a0privativo \u00a0de \u00a0las \u00a0fuerzas armadas, utilizaci\u00f3n ilegal de \u00a0uniformes \u00a0e \u00a0insignias de la fuerza p\u00fablica, reclutamiento il\u00edcito de menores \u00a0en \u00a0concurso \u00a0homog\u00e9neo \u00a0y \u00a0sucesivo \u00a0(309 \u00a0en \u00a0total), y el secuestro simple y \u00a0posterior \u00a0homicidio \u00a0agravado \u00a0del \u00a0se\u00f1or \u00a0Rigoberto \u00a0de \u00a0Jes\u00fas \u00a0Castro \u00a0Mora \u00a0\u2013alcalde \u00a0 de \u00a0 Ungu\u00eda \u00a0Choc\u00f3-; \u00a0impugnaci\u00f3n \u00a0formulada \u00a0por \u00a04 \u00a0apoderados \u00a0de \u00a0v\u00edctimas, \u00a0as\u00ed como \u00a0tambi\u00e9n \u00a0por la Representante del Ministerio P\u00fablico. \u00a0\u00a0<\/p>\n<p>ANTECEDENTES \u00a0<\/p>\n<p>El 15 de agosto de 2006 se desmoviliz\u00f3 FREDY \u00a0REND\u00d3N \u00a0HERRERA \u00a0con el Frente Norte Medio Salaqui del Bloque \u00c9lmer C\u00e1rdenas, \u00a0present\u00e1ndose \u00a0voluntariamente ante el Comando de Polic\u00eda de Necocl\u00ed el 21 de \u00a0agosto \u00a0 \u00a0del \u00a0 \u00a0mismo \u00a0 \u00a0a\u00f1o;\u00a0 \u00a0 \u00a0luego \u00a0 \u00a0de \u00a0 \u00a0lo \u00a0 cual \u00a0 \u2013el \u00a031 de agosto- ratific\u00f3 su voluntad \u00a0de \u00a0sometimiento \u00a0a \u00a0la justicia, por lo que fue incluido en el listado que para \u00a0efectos \u00a0de \u00a0ser \u00a0candidato a que se le conceda la pena alternativa, remiti\u00f3 el \u00a0Alto Comisionado para la Paz al Fiscal General de la Naci\u00f3n. \u00a0\u00a0<\/p>\n<p>Por \u00a0tanto, \u00a0se \u00a0dio \u00a0inicio \u00a0al \u00a0itinerario \u00a0procesal \u00a0previsto \u00a0en la Ley 975 de 2005, en desarrollo del cual se le escuch\u00f3 \u00a0en \u00a0versi\u00f3n libre individual, y con fundamento en lo actuado se le realiz\u00f3 una \u00a0imputaci\u00f3n \u00a0parcial, \u00a0se \u00a0le \u00a0impuso \u00a0medida \u00a0de \u00a0aseguramiento \u00a0consistente en \u00a0detenci\u00f3n \u00a0preventiva, \u00a0viniendo \u00a0luego \u00a0la formulaci\u00f3n\u00a0 de cargos, y ya, \u00a0ante \u00a0la Sala de Conocimiento de Justicia y Paz, la de control formal y material \u00a0de \u00a0los mismos, la cual -se desarroll\u00f3 en 45 sesiones- culmin\u00f3 el 17 de agosto \u00a0de \u00a02011, \u00a0pasando \u00a0luego \u00a0al incidente de reparaci\u00f3n integral, para finalmente \u00a0proferirse \u00a0 \u00a0la \u00a0 \u00a0sentencia \u00a0 \u00a0cuya \u00a0 \u00a0apelaci\u00f3n \u00a0 \u00a0se \u00a0 \u00a0analiza \u00a0 en \u00a0 este \u00a0prove\u00eddo. \u00a0\u00a0<\/p>\n<p>EL FALLO DE PRIMERA INSTANCIA \u00a0<\/p>\n<p>En la sentencia se inicia con el an\u00e1lisis de \u00a0cada \u00a0 uno \u00a0 de \u00a0los \u00a0cargos \u00a0imputados, \u00a0formulados \u00a0y \u00a0legalizados \u00a0contra \u00a0el \u00a0desmovilizado \u00a0FREDY \u00a0REND\u00d3N \u00a0HERRERA, \u00a0vale \u00a0decir, \u00a0concierto \u00a0para delinquir \u00a0agravado \u00a0en \u00a0concurso \u00a0material \u00a0con \u00a0fabricaci\u00f3n, tr\u00e1fico y porte de armas y \u00a0municiones \u00a0de \u00a0uso \u00a0privativo \u00a0de \u00a0las \u00a0fuerzas armadas, utilizaci\u00f3n ilegal de \u00a0uniformes \u00a0e \u00a0insignias \u00a0de \u00a0uso \u00a0privativo de la fuerza p\u00fablica, reclutamiento \u00a0il\u00edcito \u00a0de \u00a0menores \u00a0\u2013a su \u00a0vez \u00a0en \u00a0concurso\u00a0 \u00a0homog\u00e9neo \u00a0y \u00a0sucesivo-, \u00a0secuestro simple y homicidio \u00a0agravado1; \u00a0ocup\u00e1ndose \u00a0luego \u00a0de la identidad del postulado, el recuento de \u00a0la \u00a0actuaci\u00f3n \u00a0procesal, \u00a0del \u00a0resumen \u00a0de \u00a0las intervenciones realizadas en la \u00a0audiencia \u00a0de \u00a0control \u00a0formal \u00a0y material de cargos2, \u00a0y \u00a0posteriormente \u00a0las \u00a0del \u00a0incidente \u00a0 \u00a0 \u00a0de \u00a0 \u00a0 \u00a0reparaci\u00f3n \u00a0 \u00a0 \u00a0integral3. \u00a0 Seguidamente \u00a0se \u00a0hace \u00a0un \u00a0recuento \u00a0 \u00a0de \u00a0 \u00a0los \u00a0 \u00a0antecedentes \u00a0 \u00a0hist\u00f3ricos \u00a0 del \u00a0 conflicto \u00a0 y \u00a0 sus \u00a0actores4 \u00a0para \u00a0posteriormente revisar el marco jur\u00eddico aplicable respecto \u00a0de \u00a0 \u00a0cada \u00a0 \u00a0uno \u00a0 de \u00a0 los \u00a0 delitos \u00a0 imputados5, \u00a0 para \u00a0 concluir \u00a0 en \u00a0 la \u00a0responsabilidad del postulado. \u00a0\u00a0<\/p>\n<p>La \u00a0individualizaci\u00f3n de la pena6 \u00a0condujo \u00a0a \u00a0que\u00a0 \u00a0REND\u00d3N \u00a0HERRERA \u00a0fuera \u00a0condenado \u00a0a 645 meses de prisi\u00f3n, multa en \u00a0cuant\u00eda \u00a0de \u00a011.000 \u00a0salarios m\u00ednimos legales mensuales vigentes, junto con la \u00a0inhabilitaci\u00f3n \u00a0para \u00a0el ejercicio de derechos y funciones p\u00fablicas por veinte \u00a0a\u00f1os; \u00a0adem\u00e1s \u00a0de reconoc\u00e9rsele la suspensi\u00f3n de la pena por una alternativa \u00a0por el t\u00e9rmino de ocho a\u00f1os. \u00a0\u00a0<\/p>\n<p>Posteriormente \u00a0se decret\u00f3 la extinci\u00f3n del \u00a0dominio \u00a0de algunos de los bienes entregados por FREDY REND\u00d3N HERRERA\u00a0 con \u00a0fines \u00a0de \u00a0reparaci\u00f3n, \u00a0de acuerdo con solicitud elevada por\u00a0 la Fiscal\u00eda \u00a025 de Justicia y Paz. \u00a0\u00a0<\/p>\n<p>Finalmente, \u00a0en \u00a0la \u00a0sentencia se resolvieron \u00a0distintas \u00a0peticiones relacionadas con las medidas de reparaci\u00f3n de acuerdo con \u00a0el \u00a0 \u00a0 \u00a0 \u00a0 \u00a0tipo \u00a0 \u00a0 \u00a0 \u00a0 \u00a0de \u00a0 \u00a0 \u00a0 \u00a0 \u00a0delito7.\u00a0 \u00a0\u00a0<\/p>\n<p>As\u00ed, \u00a0 para \u00a0el \u00a0reclutamiento \u00a0 il\u00edcito \u00a0 de \u00a0menores \u00a0se \u00a0neg\u00f3 \u00a0el \u00a0reconocimiento \u00a0de \u00a0perjuicios \u00a0materiales \u00a0aduciendo \u00a0que \u00a0no \u00a0se \u00a0prob\u00f3 \u00a0que \u00a0alguno \u00a0de ellos trabajara al \u00a0momento \u00a0de \u00a0su \u00a0ingreso \u00a0a \u00a0la \u00a0organizaci\u00f3n ilegal, y en consecuencia solo se \u00a0orden\u00f3 \u00a0 \u00a0el \u00a0 pago, \u00a0 a \u00a0 t\u00edtulo \u00a0 de \u00a0 perjuicios \u00a0morales, \u00a0de \u00a0una \u00a0indemnizaci\u00f3n en salarios m\u00ednimos \u00a0legales \u00a0mensuales que var\u00eda seg\u00fan la edad de ingreso del joven a dicho grupo. \u00a0Fue \u00a0as\u00ed \u00a0como \u00a0a \u00a0quienes \u00a0lo \u00a0hicieron \u00a0antes \u00a0de \u00a0cumplir \u00a0doce a\u00f1os se les \u00a0reconoci\u00f3 \u00a025 \u00a0SMLMV, \u00a0a quienes iniciaron su vida en las AUC entre los 12 y 14 \u00a0a\u00f1os \u00a0se \u00a0les \u00a0reconoci\u00f3 \u00a0una indemnizaci\u00f3n equivalente a 20 SMLMV, a los que \u00a0entraron \u00a0entre \u00a015 \u00a0y \u00a016 a\u00f1os, se les adjudic\u00f3 una reparaci\u00f3n de perjuicios \u00a0morales \u00a0por \u00a015 \u00a0salarios; \u00a0y, \u00a0finalmente, \u00a0de \u00a05 \u00a0salarios \u00a0a \u00a0quienes fueron \u00a0reclutados \u00a0 \u00a0teniendo \u00a0 \u00a0m\u00e1s \u00a0 \u00a0de \u00a0 \u00a017 \u00a0 a\u00f1os8. \u00a0\u00a0<\/p>\n<p>A \u00a0su \u00a0turno, \u00a0se \u00a0asign\u00f3 \u00a0a \u00a0las ni\u00f1as una \u00a0reparaci\u00f3n \u00a0general \u00a0de \u00a020 \u00a0salarios m\u00ednimos habida consideraci\u00f3n de que sus \u00a0sufrimientos \u00a0fueron \u00a0mayores \u00a0dada su fragilidad y feminidad, lo que las hac\u00eda \u00a0propensas \u00a0a \u00a0convertirse en objetos sexuales, con indiferencia de la edad de su \u00a0ingreso9. \u00a0\u00a0<\/p>\n<p>As\u00ed \u00a0mismo, la sentencia advierte que si las \u00a0v\u00edctimas \u00a0cuya \u00a0indemnizaci\u00f3n se decret\u00f3 en ella,\u00a0 ya han sido reparadas \u00a0por \u00a0v\u00eda \u00a0judicial o administrativa, tendr\u00e1n la opci\u00f3n de elegir \u2013de \u00a0entre \u00a0las dos reparaciones- la que \u00a0le \u00a0sea \u00a0m\u00e1s \u00a0favorable; \u00a0sin que pueda accederse a doble indemnizaci\u00f3n por el \u00a0mismo \u00a0 hecho10.\u00a0 \u00a0Tambi\u00e9n \u00a0se \u00a0consider\u00f3 \u00a0en el fallo apelado que el pago a \u00a0los \u00a0j\u00f3venes \u00a0que \u00a0fueron \u00a0v\u00edctimas \u00a0directas \u00a0del reclutamiento no se haga de \u00a0inmediato \u00a0para \u00a0evitar \u00a0la \u00a0confusi\u00f3n que se pueda originar en la sociedad, al \u00a0concebirse \u00a0el \u00a0desembolso \u00a0de \u00a0tales sumas como un\u00a0 premio, incentivando a \u00a0otros \u00a0a \u00a0ingresar \u00a0a \u00a0las filas de las organizaciones ilegales, lo cual se hace \u00a0atendiendo recomendaciones de orden internacional. \u00a0\u00a0<\/p>\n<p>En \u00a0relaci\u00f3n \u00a0con \u00a0la \u00a0reparaci\u00f3n del da\u00f1o \u00a0moral \u00a0que \u00a0se \u00a0ordena \u00a0a \u00a0favor \u00a0de los parientes de los j\u00f3venes reclutados se \u00a0dispuso \u00a0que, \u00a0en \u00a0caso \u00a0de \u00a0que \u00a0la \u00a0presunci\u00f3n de dicho da\u00f1o no hubiese sido \u00a0desvirtuada,\u00a0 \u00a0 \u00a0se \u00a0 \u00a0le \u00a0 \u00a0pagar\u00eda \u00a0 \u00a0a \u00a0 los \u00a0padres \u00a0de \u00a0los \u00a0j\u00f3venes \u00a0que \u00a0ingresaron a las filas \u00a0cuando \u00a0a\u00fan \u00a0ten\u00edan menos de 12 a\u00f1os de edad, 25 salarios m\u00ednimos mensuales; \u00a0a \u00a0los progenitores de los que se enlistaron en la organizaci\u00f3n al margen de la \u00a0ley \u00a0entre \u00a0los \u00a012 \u00a0y \u00a014 a\u00f1os cumplidos, 20 salarios; a los de los ni\u00f1os que \u00a0fueron \u00a0incorporados \u00a0cuando \u00a0su \u00a0edad \u00a0oscilaba entre 15 y 16 a\u00f1os de edad, 15 \u00a0salarios; \u00a0y para los padres de j\u00f3venes que fueron reclutados siendo mayores de \u00a017 \u00a0 \u00a0 \u00a0 \u00a0 a\u00f1os, \u00a0 \u00a0 \u00a0 \u00a0 5 \u00a0 \u00a0 \u00a0 \u00a0 salarios11; \u00a0a \u00a0los \u00a0hermanos de las v\u00edctimas directas la mitad de lo \u00a0que \u00a0 \u00a0 se \u00a0 \u00a0 reconoce \u00a0 \u00a0 a \u00a0 \u00a0 los \u00a0 \u00a0 padres12. \u00a0\u00a0<\/p>\n<p>A \u00a0su \u00a0turno, \u00a0el a \u00a0quo \u00a0neg\u00f3 \u00a0cualquier \u00a0reparaci\u00f3n por el da\u00f1o \u00a0al \u00a0proyecto \u00a0de \u00a0vida por no haber \u00a0sido \u00a0probado, \u00a0dado \u00a0que \u00a0de \u00a0acuerdo con la doctrina del Consejo de Estado, no \u00a0pueden \u00a0ser \u00a0hipot\u00e9ticos, ni gen\u00e9ricos, sino espec\u00edficos y ciertos los da\u00f1os \u00a0relacionados \u00a0 \u00a0 \u00a0 con \u00a0 \u00a0 \u00a0 este \u00a0 \u00a0 \u00a0 t\u00f3pico13. \u00a0\u00a0<\/p>\n<p>En el contexto de la \u00a0rehabilitaci\u00f3n \u00a0de los j\u00f3venes v\u00edctimas del delito, \u00a0y \u00a0de \u00a0acuerdo con las dificultades que para ello fueron puestas en evidencia en \u00a0la \u00a0audiencia, \u00a0la \u00a0Sala \u00a0orden\u00f3, \u00a0que se implementara un programa de atenci\u00f3n \u00a0psicol\u00f3gica \u00a0individualizada para atender el estr\u00e9s postraum\u00e1tico de batalla, \u00a0seg\u00fan \u00a0el \u00a0tipo \u00a0de \u00a0diagn\u00f3stico \u00a0y \u00a0tratamientos \u00a0aconsejados, \u00a0y \u00a0para \u00a0ello \u00a0requiri\u00f3 \u00a0a \u00a0las \u00a0instituciones \u00a0vinculadas \u00a0con \u00a0el \u00a0sistema \u00a0de \u00a0salud, \u00a0a la \u00a0preparaci\u00f3n \u00a0de los profesionales en las distintas especialidades psicol\u00f3gicas \u00a0y \u00a0psicosociales \u00a0necesarias para atender las patolog\u00edas surgidas del conflicto \u00a0armado, \u00a0as\u00ed \u00a0como \u00a0la \u00a0atenci\u00f3n de las lesiones f\u00edsicas y psiqui\u00e1tricas que \u00a0padecen \u00a0 \u00a0 \u00a0 los \u00a0 \u00a0 \u00a0 ni\u00f1os \u00a0 \u00a0 \u00a0 v\u00edctimas14. \u00a0\u00a0<\/p>\n<p>Atendiendo \u00a0la \u00a0solicitud \u00a0de reparaci\u00f3n del \u00a0da\u00f1o \u00a0colectivo, se exhort\u00f3 \u00a0al \u00a0ICBF \u00a0y \u00a0\u201ca \u00a0las \u00a0secretar\u00edas \u00a0de Salud de los \u00a0departamentos \u00a0 de \u00a0Antioquia, \u00a0Choc\u00f3 \u00a0y \u00a0C\u00f3rdoba, \u00a0coordinados \u00a0por \u00a0la \u00a0Mesa \u00a0Intersectorial \u00a0para \u00a0prevenir el reclutamiento infantil, para que se implemente \u00a0un \u00a0programa \u00a0de \u00a0atenci\u00f3n \u00a0psicosocial, \u00a0individual \u00a0y \u00a0grupal, dirigido a los \u00a0miembros \u00a0de \u00a0los \u00a0n\u00facleos \u00a0familiares \u00a0de \u00a0los \u00a0menores \u00a0reconocidos \u00a0en \u00a0esta \u00a0sentencia, \u00a0con \u00a0el \u00a0fin de sensibilizar y re significar el paso de los ni\u00f1os y \u00a0ni\u00f1as \u00a0 por \u00a0el \u00a0grupo \u00a0armado \u00a0ilegal \u00a0y \u00a0atacar \u00a0las \u00a0\u00e9ticas \u00a0y \u00a0modelos \u00a0de \u00a0socializaci\u00f3n \u00a0 \u00a0 \u00a0 \u00a0 \u00a0 \u00a0 \u00a0ilegales.\u201d15 \u00a0\u00a0<\/p>\n<p>Como garant\u00edas de no \u00a0repetici\u00f3n \u00a0el \u00a0Tribunal \u00a0exhort\u00f3 \u00a0a las autoridades \u00a0p\u00fablicas \u00a0para \u00a0que \u00a0desarrollen \u00a0pol\u00edticas \u00a0p\u00fablicas \u00a0orientadas a llevar el \u00a0Estado \u00a0a \u00a0las \u00a0regiones \u00a0m\u00e1s \u00a0vulnerables \u00a0para \u00a0la \u00a0comisi\u00f3n \u00a0del \u00a0delito en \u00a0cuesti\u00f3n, \u00a0las \u00a0cuales \u00a0se \u00a0precisan \u00a0al \u00a0ICBF, SENA, a las universidades de la \u00a0regi\u00f3n, \u00a0al \u00a0Ministerio de Educaci\u00f3n, a la Unidad Administrativa Especial para \u00a0la \u00a0Consolidaci\u00f3n \u00a0Social \u00a0del \u00a0Territorio, \u00a0al \u00a0Ministerio \u00a0del Interior, a la \u00a0Agencia \u00a0Colombiana \u00a0para \u00a0la \u00a0Reintegraci\u00f3n, \u00a0a \u00a0la Agencia Colombiana para la \u00a0Reinserci\u00f3n, \u00a0a \u00a0las \u00a0gobernaciones de Antioquia, Choc\u00f3 y C\u00f3rdoba,\u00a0 para \u00a0que \u00a0extiendan \u00a0sus \u00a0pol\u00edticas \u00a0y \u00a0presencias \u00a0a \u00a0las regiones afectadas por el \u00a0Bloque \u00a0 Elmer \u00a0 C\u00e1rdenas \u00a0a \u00a0fin \u00a0de \u00a0que \u00a0se \u00a0atienda \u00a0a \u00a0las \u00a0v\u00edctimas \u00a0del \u00a0reclutamiento \u00a0y \u00a0se \u00a0evite \u00a0que nuevos j\u00f3venes sean atra\u00eddos o reclutados por \u00a0las organizaciones criminales. \u00a0\u00a0<\/p>\n<p>Como \u00a0medidas \u00a0de \u00a0satisfacci\u00f3n \u00a0se \u00a0identific\u00f3 \u00a0la necesidad de romper \u00a0los \u00a0v\u00ednculos \u00a0jer\u00e1rquicos \u00a0existentes entre el desmovilizado y sus v\u00edctimas, \u00a0muchas \u00a0de \u00a0los \u00a0cuales \u00a0a\u00fan lo perciben como un benefactor y ejemplo a seguir, \u00a0con \u00a0la \u00a0colaboraci\u00f3n \u00a0de \u00a0REND\u00d3N \u00a0HERRERA, \u00a0as\u00ed como el ofrecimiento suyo de \u00a0disculpas \u00a0p\u00fablicas \u00a0a \u00a0los \u00a0menores agredidos, proceso dirigido por el Estado; \u00a0adem\u00e1s \u00a0de \u00a0exhortar a la Secretar\u00eda de Educci\u00f3n de Necocl\u00ed a instalar en el \u00a0lugar \u00a0en \u00a0que \u00a0se \u00a0encontraba \u00a0la \u00a0base \u00a0de \u00a0entrenamiento militar el Roble, un \u00a0escenario \u00a0de \u00a0reuni\u00f3n \u00a0comunal, seg\u00fan acuerdo con v\u00edctimas y habitantes, que \u00a0puede \u00a0ser \u00a0una escuela p\u00fablica o un espacio cultural; tambi\u00e9n la instalaci\u00f3n \u00a0de \u00a0una placa en la que \u2013sin \u00a0incluir \u00a0los \u00a0nombres \u00a0de \u00a0los \u00a0j\u00f3venes- \u00a0se \u00a0invite \u00a0a \u00a0reflexionar acerca del \u00a0reclutamiento \u00a0forzado; \u00a0adicionalmente a la Comisi\u00f3n Nacional de Reparaci\u00f3n y \u00a0Reconciliaci\u00f3n \u00a0la \u00a0instalaci\u00f3n \u00a0de \u00a0una \u00a0placa \u00a0en \u00a0cada plaza central de los \u00a0municipios \u00a0del \u00a0Urab\u00e1 antioque\u00f1o, chocoano y cordob\u00e9s, con relatos an\u00f3nimos \u00a0que invoquen la crueldad del reclutamiento. \u00a0\u00a0<\/p>\n<p>De la misma manera, se exhorta a la oficina de \u00a0la \u00a0Vicepresidencia \u00a0de \u00a0la \u00a0Rep\u00fablica a fin de que en la celebraci\u00f3n del d\u00eda \u00a0del \u00a0ni\u00f1o \u00a0soldado \u00a0-12 \u00a0de \u00a0febrero- \u00a0se realicen campa\u00f1as de prevenci\u00f3n del \u00a0reclutamiento; \u00a0a \u00a0los \u00a0j\u00f3venes que lo deseen y consideren que su vida no corre \u00a0riesgo, \u00a0a \u00a0ofrecer excusas\u00a0 por las violaciones a los derechos humanos que \u00a0cometieron \u00a0en \u00a0su \u00a0calidad \u00a0de \u00a0menores \u00a0de \u00a0edad; a los j\u00f3venes v\u00edctimas del \u00a0reclutamiento \u00a0que no tengan resuelta su situaci\u00f3n militar, declararlos exentos \u00a0de \u00a0tal \u00a0obligaci\u00f3n \u00a0y \u00a0ordena \u00a0en \u00a0consecuencia \u00a0al \u00a0Ministerio \u00a0de Defensa la \u00a0expedici\u00f3n \u00a0de \u00a0sus libretas militares; se exhorta a la Fiscal\u00eda General de la \u00a0Naci\u00f3n \u00a0para \u00a0que investigue y persiga los bienes en Colombia de las filiales y \u00a0sucursales \u00a0de Chiquita Brands, con fines de reparaci\u00f3n de las v\u00edctimas de los \u00a0bloques \u00a0con \u00a0presencia \u00a0en \u00a0el \u00a0Urab\u00e1 \u00a0antioque\u00f1o \u00a0y \u00a0chocoano; \u00a0entre \u00a0otras \u00a0determinaciones. \u00a0\u00a0<\/p>\n<p>Como medida de reparaci\u00f3n del da\u00f1o a sujeto \u00a0colectivo \u00a0se \u00a0orden\u00f3 \u00a0la promoci\u00f3n de un ambicioso programa de apropiaci\u00f3n y \u00a0ejercicio \u00a0de \u00a0los \u00a0derechos \u00a0por \u00a0parte \u00a0de \u00a0los entes territoriales donde hizo \u00a0presencia \u00a0el bloque \u00c9lmer C\u00e1rdenas, as\u00ed como programas de auto sostenimiento \u00a0de \u00a0la \u00a0regi\u00f3n y psicosociales de apoyo a las v\u00edctimas, lo mismo que campa\u00f1as \u00a0de prevenci\u00f3n del delito de reclutamiento forzado. \u00a0\u00a0<\/p>\n<p>Finalmente \u00a0se ordenan medidas de reparaci\u00f3n \u00a0del \u00a0 \u00a0da\u00f1o \u00a0 \u00a0originado \u00a0 \u00a0con \u00a0 el \u00a0 secuestro \u00a0 y \u00a0homicidio de Rigoberto Castro. \u00a0\u00a0<\/p>\n<p>LOS RECURSOS \u00a0<\/p>\n<p>La sentencia en cuesti\u00f3n fue apelada por los \u00a0siguientes sujetos procesales: \u00a0\u00a0<\/p>\n<p>\u00a0 \u00a0\u00a0<\/p>\n<p>1. La \u00a0 doctora \u00a0 Claudia \u00a0 Liliana \u00a0 Guzm\u00e1n \u00a0 S\u00e1nchez, \u00a0representante \u00a0de v\u00edctimas, quien as\u00ed orient\u00f3 el planteamiento de \u00a0su inconformidad: \u00a0 \u00a0\u00a0<\/p>\n<p>En \u00a0 \u00a0primer \u00a0 \u00a0t\u00e9rmino \u00a0 \u00a0cuestion\u00f3 \u00a0 el \u00a0fallo \u00a0por \u00a0no \u00a0haber \u00a0concluido \u00a0que \u00a0los \u00a0menores \u00a0reclutados \u00a0 devengaban \u00a0 el \u00a0salario \u00a0m\u00ednimo,\u00a0 \u00a0por \u00a0cuanto \u00a0el \u00a0Tribunal \u00a0consider\u00f3 \u00a0que \u00a0por su edad no se pod\u00eda presumir que los reclutados ganaran el \u00a0salario \u00a0m\u00ednimo \u00a0legal \u00a0mensual \u00a0vigente, \u00a0lo \u00a0cual \u00a0encuentra \u00a0contrario \u00a0a la \u00a0obligaci\u00f3n \u00a0de \u00a0protecci\u00f3n \u00a0de \u00a0la \u00a0ni\u00f1ez \u00a0trabajadora, \u00a0y en consecuencia la \u00a0exigencia \u00a0de \u00a0la \u00a0acreditaci\u00f3n \u00a0de \u00a0las \u00a0horas \u00a0laboradas, \u00a0resulta \u00a0altamente \u00a0discriminatoria \u00a0e \u00a0inequitativa, \u00a0cuando \u00a0en \u00a0realidad \u00a0se \u00a0debi\u00f3 \u00a0aplicar \u00a0la \u00a0presunci\u00f3n \u00a0contenida \u00a0en \u00a0el \u00a0art\u00edculo \u00a0115 \u00a0del \u00a0C\u00f3digo de la Infancia y la \u00a0Adolescencia, \u00a0en \u00a0relaci\u00f3n \u00a0con \u00a0lo \u00a0que \u00a0debe \u00a0recibir \u00a0como salario un menor \u00a0trabajador. \u00a0\u00a0<\/p>\n<p>As\u00ed, solicit\u00f3 que se reconociera como da\u00f1o \u00a0material el salario m\u00ednimo a los menores reclutados. \u00a0\u00a0<\/p>\n<p>Indic\u00f3 \u00a0tambi\u00e9n \u00a0dicha \u00a0representante \u00a0de \u00a0v\u00edctimas \u00a0que como consecuencia del error planteado en relaci\u00f3n con el salario \u00a0m\u00ednimo \u00a0a \u00a0t\u00edtulo \u00a0de \u00a0da\u00f1o \u00a0material, tambi\u00e9n se alter\u00f3 la forma en que se \u00a0cuantificaron \u00a0 los \u00a0perjuicios \u00a0morales \u00a0originados \u00a0tambi\u00e9n \u00a0en \u00a0el \u00a0reclutamiento \u00a0il\u00edcito \u00a0de menores de \u00a0edad, \u00a0al \u00a0fijar \u00a0un \u00a0tope \u201cque no se compadece con el dolor y p\u00e9rdida de los \u00a0menores \u00a0reclutados\u201d; \u00a0y se perdi\u00f3 el norte de la reparaci\u00f3n moral que tiene \u00a0objetivos \u00a0m\u00e1s amplios de los entendidos por el Tribunal, lo cual se evidenci\u00f3 \u00a0en \u00a0la \u00a0fijaci\u00f3n \u00a0de \u00a0un \u00a0monto injustamente bajo, y por tanto desproporcionado \u00a0frente \u00a0a \u00a0los \u00a0da\u00f1os originados por el reclutamiento de aqu\u00e9llos que, por ese \u00a0hecho, perdieron su infancia. \u00a0\u00a0<\/p>\n<p>En \u00a0apoyo \u00a0de \u00a0su \u00a0argumento, \u00a0calific\u00f3 como \u00a0parad\u00f3jico \u00a0que \u00a0en \u00a0reparaci\u00f3n administrativa, consuetudinariamente m\u00e1s baja \u00a0que \u00a0la \u00a0judicial, \u00a0se \u00a0le \u00a0haya \u00a0reconocido \u00a0a \u00a0una \u00a0ni\u00f1a reclutada la suma de \u00a0diecis\u00e9is \u00a0millones \u00a0de \u00a0pesos, cuando en la sentencia apelada, el monto por el \u00a0mismo \u00a0concepto,\u00a0 \u00a0ni \u00a0siquiera \u00a0ascendi\u00f3 a los diez millones, cuando, con \u00a0los \u00a0testimonios \u00a0recepcionados \u00a0en \u00a0la audiencia, se puso de manifiesto el gran \u00a0impacto \u00a0psicol\u00f3gico \u00a0de los ni\u00f1os soldados y su dificultad de integrarse a la \u00a0sociedad, \u00a0 am\u00e9n \u00a0 de \u00a0 la \u00a0 desintegraci\u00f3n \u00a0 de \u00a0sus \u00a0familias \u00a0a \u00a0causa \u00a0del \u00a0reclutamiento, \u00a0lo que trajo marginaci\u00f3n y discriminaci\u00f3n social a la regi\u00f3n. \u00a0\u00a0<\/p>\n<p>En segundo lugar, la \u00a0apelante \u00a0 cuestion\u00f3 \u00a0 la \u00a0 consideraci\u00f3n \u00a0 del \u00a0 a \u00a0quo, seg\u00fan la cual las indemnizaciones administrativa \u00a0y \u00a0judicial \u00a0no \u00a0pueden concurrir, quedando a discreci\u00f3n de la v\u00edctima escoger \u00a0cu\u00e1l \u00a0de las dos persigue; aduciendo que de acuerdo con el Decreto 1290 de 2008 \u00a0la \u00a0reparaci\u00f3n \u00a0administrativa \u00a0es \u00a0complementaria \u00a0de \u00a0la \u00a0judicial, \u00a0y que en \u00a0consecuencia, \u00a0resulta \u00a0desatinado \u00a0afirmar \u00a0que \u00a0la v\u00edctima no puede acceder a \u00a0doble \u00a0indemnizaci\u00f3n \u00a0invocando \u00a0el \u00a0mismo \u00a0origen de da\u00f1o, como se hace en la \u00a0sentencia apelada. \u00a0\u00a0<\/p>\n<p>Como \u00a0tercer \u00a0punto \u00a0de \u00a0disenso \u00a0cuestion\u00f3 \u00a0el \u00a0condicionamiento que el Tribunal impuso al pago de \u00a0los \u00a0da\u00f1os \u00a0tasados \u00a0relacionados \u00a0con \u00a0el \u00a0delito \u00a0de \u00a0reclutamiento il\u00edcito, \u00a0referido \u00a0a \u00a0que \u00a0s\u00f3lo ser\u00eda procedente cuando \u201cla \u00a0Agencia \u00a0Colombiana \u00a0para \u00a0la \u00a0Reintegraci\u00f3n o quien haga sus veces, certifique \u00a0que \u00a0las \u00a0v\u00edctimas \u00a0directas han cumplido todo el plan de reinserci\u00f3n previsto \u00a0en \u00a0su \u00a0normatividad\u201d; en sustento de lo cual arguye \u00a0que \u00a0los \u00a0reclutados \u00a0fueron \u00a0precisamente las v\u00edctimas y no los victimarios, y \u00a0por \u00a0tanto deben disfrutar de inmediato de su condici\u00f3n de ni\u00f1os y j\u00f3venes, y \u00a0menos \u00a0a\u00fan \u00a0pueden \u00a0ser \u00a0tratados como delincuentes a los que se les otorga una \u00a0generosa \u00a0gracia; \u00a0y \u00a0por \u00a0lo tanto, no resulta coherente que mientras el sujeto \u00a0activo \u00a0 de \u00a0 cr\u00edmenes \u00a0 internacionales \u00a0 ingrese \u00a0 desde \u00a0 el \u00a0principio \u00a0sin \u00a0condicionamiento \u00a0alguno \u00a0a \u00a0programas \u00a0de \u00a0reinserci\u00f3n, \u00a0a \u00a0la v\u00edctima de los \u00a0mismos \u00a0 se \u00a0 le \u00a0 someta \u00a0al \u00a0mismo \u00a0tratamiento, \u00a0el \u00a0cual \u00a0dura \u00a0cinco \u00a0a\u00f1os \u00a0aproximadamente, \u00a0como \u00a0prerrequisito \u00a0del \u00a0pago \u00a0de \u00a0la indemnizaci\u00f3n a la que \u00a0tienen \u00a0derecho; \u00a0lo \u00a0cual, \u00a0a \u00a0juicio de la apelante, se aprecia inequitativo y \u00a0violador \u00a0 de \u00a0 los \u00a0derechos \u00a0preferentes \u00a0de \u00a0ni\u00f1as, \u00a0ni\u00f1os \u00a0y \u00a0adolescentes \u00a0incorporados en el conflicto armado en condici\u00f3n de combatientes. \u00a0\u00a0<\/p>\n<p>Otro \u00a0punto \u00a0de \u00a0su inconformidad \u00a0se \u00a0origina \u00a0en \u00a0que, \u00a0seg\u00fan \u00a0refiere \u00a0la \u00a0apelante, \u00a0el Tribunal \u00a0omiti\u00f3\u00a0 \u00a0la \u00a0indemnizaci\u00f3n \u00a0de \u00a0algunas v\u00edctimas que seg\u00fan la libelista \u00a0fueron \u00a0descartadas \u00a0no \u00a0obstante \u00a0haber sido acreditada su situaci\u00f3n como tal: \u00a0\u00a0<\/p>\n<p>-Respecto \u00a0 del \u00a0 reclutamiento \u00a0del \u00a0joven \u00a0Eduard \u00a0Murillo Moreno, no se \u00a0reconoci\u00f3 \u00a0como \u00a0v\u00edctima \u00a0indirecta \u00a0al joven Geifer Rivas Palacio, hermano de \u00a0crianza \u00a0de \u00a0aqu\u00e9l, \u00a0a \u00a0quien \u00a0el \u00a0tribunal \u00a0le \u00a0neg\u00f3 \u00a0la reparaci\u00f3n de da\u00f1o \u00a0moral. \u00a0\u00a0<\/p>\n<p>-Frente \u00a0 a \u00a0 la \u00a0 v\u00edctima \u00a0 directa \u00a0 del \u00a0reclutamiento, \u00a0 \u00a0joven \u00a0 \u00a0Ludis \u00a0 \u00a0Esther \u00a0 Atencio \u00a0Montoya, no se orden\u00f3 reparaci\u00f3n a favor de la madre \u00a0de crianza, se\u00f1ora Celis Villalobos Ayala. \u00a0\u00a0<\/p>\n<p>En conclusi\u00f3n la libelista solicita, respecto \u00a0de \u00a0este \u00a0t\u00f3pico, \u00a0que \u00a0a \u00a0tales \u00a0personas \u00a0se \u00a0les \u00a0incluya en la liquidaci\u00f3n \u00a0correspondiente y se les cuantifique el da\u00f1o moral. \u00a0\u00a0<\/p>\n<p>Finalmente, \u00a0la \u00a0censora \u00a0solicita \u00a0que se le \u00a0contesten \u00a0algunas \u00a0peticiones \u00a0hechas en el momento procesal oportuno pero cuya \u00a0definici\u00f3n \u00a0fue \u00a0omitida \u00a0en \u00a0la \u00a0sentencia \u00a0de \u00a0fondo, \u00a0por lo cual predica la \u00a0deficiente motivaci\u00f3n del fallo: \u00a0\u00a0<\/p>\n<p>-Que \u00a0en la sentencia se reivindicara el buen \u00a0nombre \u00a0 de \u00a0los \u00a0j\u00f3venes \u00a0reclutados, \u00a0en \u00a0el \u00a0sentido \u00a0de \u00a0que \u00a0se \u00a0declarara \u00a0formalmente \u00a0 \u2013en \u00a0dicha \u00a0providencia \u00a0y \u00a0de \u00a0forma \u00a0p\u00fablica- \u00a0que \u00a0ellos\u00a0 \u00a0fueron \u00a0v\u00edctimas \u00a0de la \u00a0guerra. \u00a0\u00a0<\/p>\n<p>-La reivindicaci\u00f3n solemne de la reputaci\u00f3n \u00a0de las v\u00edctimas, dada la estigmatizaci\u00f3n de que son objeto. \u00a0\u00a0<\/p>\n<p>2. \u00a0La \u00a0doctora \u00a0Luz \u00a0Elizabeth \u00a0D\u00edas S\u00e1enz \u00a0(tambi\u00e9n \u00a0representante \u00a0de \u00a0v\u00edctimas): \u00a0\u00a0<\/p>\n<p>Se \u00a0ocup\u00f3 de varios aspectos de la sentencia \u00a0con los que expres\u00f3 su inconformidad: \u00a0\u00a0<\/p>\n<p>Uno \u00a0 primero, \u00a0relacionado \u00a0con los da\u00f1os materiales originados en que, los j\u00f3venes prestaron \u00a0sus \u00a0servicios \u00a0en \u00a0meses \u00a0y \u00a0a\u00f1os, \u00a0en \u00a0condiciones \u00a0extremas \u00a0de inseguridad, \u00a0seguramente \u00a0 sin \u00a0 horario \u00a0 laboral, \u00a0 y \u00a0como \u00a0trabajaron \u00a0\u201cen \u00a0condiciones \u00a0infralegales \u00a0e \u00a0infralaborales\u201d \u00a0se merecen el reconocimiento de por lo menos \u00a0el \u00a0salario \u00a0m\u00ednimo \u00a0en su favor; y que al no serles pagado en su condici\u00f3n de \u00a0combatientes, \u00a0se les gener\u00f3 un da\u00f1o real y concreto que debe ser indemnizado, \u00a0a \u00a0lo \u00a0cual \u00a0se \u00a0neg\u00f3 \u00a0la \u00a0sentencia apelada; no obstante que est\u00e1 probado que \u00a0fueron reclutados y puestos a trabajar en condiciones ilegales. \u00a0\u00a0<\/p>\n<p>Una \u00a0 \u00a0segunda \u00a0inconformidad \u00a0est\u00e1 \u00a0dirigida \u00a0a \u00a0cuestionar \u00a0la forma en que se calcularon los \u00a0perjuicios morales de sus representados: \u00a0\u00a0<\/p>\n<p>-De \u00a0una \u00a0parte \u00a0considerando \u00a0muy \u00a0bajos los \u00a0montos \u00a0que fueron reconocidos a las v\u00edctimas, frente a un tope m\u00e1ximo de 1000 \u00a0salarios \u00a0m\u00ednimos \u00a0legales \u00a0mensuales \u00a0vigentes, seg\u00fan lo dispuesto por la ley \u00a0penal; \u00a0siendo claro que ning\u00fan dinero es suficiente para reparar tales da\u00f1os; \u00a0por lo cual solicita elevar dichos montos. \u00a0\u00a0<\/p>\n<p>-Sobre \u00a0 \u00a0 \u00a0 todo \u00a0 \u00a0 \u00a0\u2013los \u00a0perjuicios \u00a0morales- \u00a0en relaci\u00f3n \u00a0con \u00a0dos \u00a0personas \u00a0que \u00a0vieron \u00a0afectada \u00a0su \u00a0funci\u00f3n \u00a0locomotora \u2013uno por p\u00e9rdida de m\u00e1s del 60 % de su \u00a0pierna \u00a0derecha \u00a0(Jair \u00a0Mosquera de Le\u00f3n), y el otro por p\u00e9rdida permanente de \u00a0movilidad en su pierna izquierda (Benito Cardona Renter\u00eda-). \u00a0\u00a0<\/p>\n<p>Frente \u00a0a \u00a0los \u00a0mismos \u00a0perjuicios \u00a0morales \u00a0considera \u00a0la \u00a0censora \u00a0inequitativo \u00a0y \u00a0una \u00a0expresi\u00f3n \u00a0de \u00a0discriminaci\u00f3n de \u00a0g\u00e9nero, \u00a0el \u00a0que \u00a0a \u00a0las \u00a0ni\u00f1as perjudicadas se les otorgue una indemnizaci\u00f3n \u00a0mayor \u00a0que \u00a0a \u00a0los \u00a0varones, \u00a0siendo en todo caso m\u00ednima e insuficiente; por lo \u00a0que, \u00a0si \u00a0bien \u00a0reconoce, \u00a0como \u00a0lo \u00a0dice \u00a0el \u00a0Tribunal, que las ni\u00f1as son m\u00e1s \u00a0vulnerables \u00a0al \u00a0abuso \u00a0y \u00a0violencia \u00a0sexual, tal situaci\u00f3n no debe generar una \u00a0diferencia \u00a0tan \u00a0notoria \u00a0frente \u00a0a \u00a0los \u00a0ni\u00f1os, quienes tambi\u00e9n padecieron el \u00a0mismo \u00a0dolor \u00a0que \u00a0aqu\u00e9llas, y vieron afectada su emocionalidad por la falta de \u00a0libertad \u00a0 que \u00a0 presid\u00eda \u00a0su \u00a0autodeterminaci\u00f3n, \u00a0subordinada \u00a0a \u00a0los \u00a0mandos \u00a0paramilitares. \u00a0\u00a0<\/p>\n<p>\u00a0 \u00a0<\/p>\n<p>Una \u00a0tercera censura \u00a0con \u00a0el \u00a0fallo \u00a0objeto \u00a0de la alzada, la defensora p\u00fablica la dirige a se\u00f1alar \u00a0que \u00a0 varios \u00a0 familiares, \u00a0 v\u00edctimas \u00a0 indirectas, \u00a0 fueron \u00a0excluidos \u00a0de \u00a0la \u00a0reparaci\u00f3n, \u00a0por \u00a0lo \u00a0que \u00a0solicita \u00a0que \u00a0se \u00a0incluyan como beneficiarios a las \u00a0siguientes personas, a quienes presenta como v\u00edctimas indirectas: \u00a0\u00a0<\/p>\n<p>V\u00edctima indirecta \u00a0 \u00a0 \u00a0 \u00a0 \u00a0 \u00a0<\/p>\n<p>\u00a0 \u00a0<\/p>\n<p>Nivel de parentesco \u00a0 \u00a0 \u00a0 \u00a0 \u00a0 \u00a0<\/p>\n<p>\u00a0 \u00a0<\/p>\n<p>V\u00edctima \u00a0 directa \u00a0 del \u00a0 reclutamiento \u00a0il\u00edcito \u00a0<\/p>\n<p>Mar\u00eda Diela \u00a0Cardona \u00a0\u00a0 \u00a0 \u00a0 \u00a0 \u00a0 \u00a0<\/p>\n<p>Madre \u00a0\u00a0 \u00a0 \u00a0 \u00a0 \u00a0 \u00a0<\/p>\n<p>\u00a0 \u00a0<\/p>\n<p>Jhonatan Carmona \u00a0<\/p>\n<p>Edier Smith \u00a0Carmona \u00a0\u00a0 \u00a0 \u00a0 \u00a0 \u00a0 \u00a0<\/p>\n<p>Hermano \u00a0<\/p>\n<p>Gloria \u00a0Ben\u00edtez Carmona \u00a0\u00a0 \u00a0 \u00a0 \u00a0 \u00a0 \u00a0<\/p>\n<p>Hermana \u00a0<\/p>\n<p>Regina \u00a0de \u00a0Le\u00f3n C\u00f3rdoba \u00a0\u00a0 \u00a0 \u00a0 \u00a0 \u00a0 \u00a0<\/p>\n<p>Madre \u00a0\u00a0 \u00a0 \u00a0 \u00a0 \u00a0 \u00a0<\/p>\n<p>\u00a0 \u00a0<\/p>\n<p>\u00c1ngel Jair Mosquera \u00a0<\/p>\n<p>De Le\u00f3n \u00a0<\/p>\n<p>Tania Tamayo \u00a0C\u00f3rdoba \u00a0\u00a0 \u00a0 \u00a0 \u00a0 \u00a0 \u00a0<\/p>\n<p>T\u00eda \u00a0<\/p>\n<p>Norys \u00a0C\u00f3rdoba \u00a0\u00a0 \u00a0 \u00a0 \u00a0 \u00a0 \u00a0<\/p>\n<p>Abuela \u00a0<\/p>\n<p>Luis Olier \u00a0P\u00e9rez \u00a0\u00a0 \u00a0 \u00a0 \u00a0 \u00a0 \u00a0<\/p>\n<p>Padre \u00a0\u00a0 \u00a0 \u00a0 \u00a0 \u00a0 \u00a0<\/p>\n<p>\u00a0 \u00a0<\/p>\n<p>\u00d3scar Manuel P\u00e9rez \u00a0<\/p>\n<p>\u00c1lvarez \u00a0<\/p>\n<p>Diana Milena \u00a0P\u00e9rez \u00c1lvarez \u00a0\u00a0 \u00a0 \u00a0 \u00a0 \u00a0 \u00a0<\/p>\n<p>Hermana \u00a0<\/p>\n<p>Ana \u00a0Luisa \u00a0\u00c1lvarez \u00a0\u00a0 \u00a0 \u00a0 \u00a0 \u00a0 \u00a0<\/p>\n<p>Madre \u00a0<\/p>\n<p>Luis P\u00e9rez \u00a0\u00c1lvarez \u00a0\u00a0 \u00a0 \u00a0 \u00a0 \u00a0 \u00a0<\/p>\n<p>Hermano \u00a0<\/p>\n<p>Rosicler \u00a0P\u00e9rez \u00c1lvarez \u00a0\u00a0 \u00a0 \u00a0 \u00a0 \u00a0 \u00a0<\/p>\n<p>Hermana \u00a0<\/p>\n<p>Jos\u00e9 Luis M. \u00a0P\u00e9rez \u00c1lvarez \u00a0\u00a0 \u00a0 \u00a0 \u00a0 \u00a0 \u00a0<\/p>\n<p>Hermano \u00a0<\/p>\n<p>Jes\u00fas Manuel \u00a0P\u00e9rez \u00c1. \u00a0\u00a0 \u00a0 \u00a0 \u00a0 \u00a0 \u00a0<\/p>\n<p>Hermano \u00a0<\/p>\n<p>Jos\u00e9 Luis \u00a0P\u00e9rez \u00c1lvarez \u00a0\u00a0 \u00a0 \u00a0 \u00a0 \u00a0 \u00a0<\/p>\n<p>Hermano \u00a0<\/p>\n<p>Celia Rosa \u00a0Su\u00e1rez \u00a0\u00a0 \u00a0 \u00a0 \u00a0 \u00a0 \u00a0<\/p>\n<p>Abuela \u00a0de \u00a0crianza \u00a0\u00a0 \u00a0 \u00a0 \u00a0 \u00a0 \u00a0<\/p>\n<p>Rub\u00e9n Feria \u00a0Bravo \u00a0<\/p>\n<p>Benito \u00a0Cardona Beltr\u00e1n \u00a0\u00a0 \u00a0 \u00a0 \u00a0 \u00a0 \u00a0<\/p>\n<p>Padre \u00a0\u00a0 \u00a0 \u00a0 \u00a0 \u00a0 \u00a0<\/p>\n<p>Benito Cardona \u00a0Renter\u00eda \u00a0<\/p>\n<p>Un \u00a0cuarto \u00a0reproche \u00a0realizado \u00a0por la apelante se centra en la reparaci\u00f3n por el da\u00f1o a la vida de \u00a0relaci\u00f3n, \u00a0la \u00a0que \u00a0fue negada, especialmente de \u00c1ngel Jair Mosquera de Le\u00f3n, \u00a0quien \u00a0perdi\u00f3 \u00a0m\u00e1s \u00a0del 60 % de su pierna derecha, y Benito Cardona Renter\u00eda, \u00a0persona \u00a0que sufri\u00f3 p\u00e9rdida permanente de la movilidad de su pierna izquierda, \u00a0y que padecen el perjuicio por tal situaci\u00f3n. \u00a0\u00a0<\/p>\n<p>As\u00ed \u00a0 mismo, \u00a0 el \u00a0reclutamiento \u00a0il\u00edcito \u00a0dificulta \u00a0la reconstrucci\u00f3n de lazos de amistad entre las v\u00edctimas directas y \u00a0sus \u00a0comunidades, \u00a0toda \u00a0vez \u00a0que \u00a0aumenta \u00a0el temor con el que se les observa y \u00a0reduce \u00a0la \u00a0confianza \u00a0a \u00a0niveles \u00a0tales \u00a0que impiden o dificultan gravemente su \u00a0reincorporaci\u00f3n \u00a0 al \u00a0seno \u00a0de \u00a0su \u00a0sociedad; \u00a0por \u00a0lo \u00a0que \u00a0solicita \u00a0que \u00a0sus \u00a0representados sean indemnizados por dicho concepto. \u00a0\u00a0<\/p>\n<p>3. La defensora p\u00fablica de v\u00edctimas, doctora \u00a0Yudy \u00a0 \u00a0Marinella \u00a0 \u00a0Castillo \u00a0 Africano, \u00a0inicia \u00a0su sustentaci\u00f3n reiterando sus solicitudes realizadas en \u00a0el \u00a0incidente \u00a0de \u00a0reparaci\u00f3n \u00a0integral \u00a0y \u00a0no \u00a0respondidas \u00a0en \u00a0la \u00a0sentencia, \u00a0espec\u00edficamente \u00a0con relaci\u00f3n a atenci\u00f3n y apoyo psicol\u00f3gico, ordenado a una \u00a0de \u00a0las \u00a0hijas de uno de los il\u00edcitamente reclutados, el que debe ser extensivo \u00a0a sus dem\u00e1s hijos. \u00a0\u00a0<\/p>\n<p>En \u00a0segundo lugar se \u00a0ocup\u00f3 \u00a0de \u00a0solicitar \u00a0que \u00a0a los reclutados il\u00edcitamente se les indemnizara su \u00a0lucro \u00a0cesante \u00a0a \u00a0raz\u00f3n \u00a0del \u00a0salario \u00a0m\u00ednimo que devengaban al momento de su \u00a0ingreso \u00a0a la organizaci\u00f3n armada ilegal, en cumplimiento de la presunci\u00f3n del \u00a0art\u00edculo 115 del C\u00f3digo de la Infancia y la Adolescencia. \u00a0\u00a0<\/p>\n<p>En \u00a0tercer \u00a0lugar se \u00a0opone \u00a0 a \u00a0la \u00a0conclusi\u00f3n \u00a0del \u00a0Tribunal, \u00a0seg\u00fan \u00a0la \u00a0cual, \u00a0aplicando \u00a0normas \u00a0internacionales, \u00a0no conviene que el menor reciba dinero de indemnizaci\u00f3n, para \u00a0que \u00a0la \u00a0sociedad \u00a0no\u00a0 \u00a0vea \u00a0como \u00a0un premio que se les otorga a quienes le \u00a0hicieron \u00a0da\u00f1o, por cuanto los Principios de Par\u00eds y las opiniones de expertos \u00a0se \u00a0aplican \u00a0cuando \u00a0los menores siguen si\u00e9ndolo, no as\u00ed cuando tienen calidad \u00a0de \u00a0mayores \u00a0de \u00a0edad \u00a0como \u00a0sucede \u00a0en \u00a0estos \u00a0casos, algunos de los cuales han \u00a0conformado \u00a0ya \u00a0hogares, por lo que el temor del destino que los menores dar\u00edan \u00a0a \u00a0dichos \u00a0dineros, \u00a0estar\u00eda \u00a0disipado con su mayor\u00eda de edad; adem\u00e1s que los \u00a0hechos \u00a0victimizantes \u00a0tuvieron \u00a0ocurrencia entre el 96 y el 2004, por lo que la \u00a0reparaci\u00f3n \u00a0que \u00a0se \u00a0les \u00a0pagar\u00eda \u00a0ahora \u00a0no \u00a0ser\u00eda \u00a0inmediata, \u00a0y \u00a0en cambio \u00a0servir\u00eda \u00a0para \u00a0mitigar \u00a0las penurias y necesidades que han debido soportar con \u00a0origen \u00a0en \u00a0el \u00a0rechazo \u00a0social \u00a0propio \u00a0de la visi\u00f3n de ex combatientes que de \u00a0ellos se tiene \u00a0\u00a0<\/p>\n<p>Tambi\u00e9n cuestiona la forma en que se tas\u00f3 el \u00a0da\u00f1o \u00a0moral \u00a0de \u00a0las \u00a0v\u00edctimas directas, siendo claro que para ellas no pod\u00eda \u00a0aplicarse \u00a0la \u00a0misma \u00a0medida \u00a0que \u00a0para las indirectas, toda vez que adem\u00e1s del \u00a0desprendimiento \u00a0y \u00a0separaci\u00f3n \u00a0temporal de sus familias, tambi\u00e9n tuvieron que \u00a0padecer \u00a0situaciones \u00a0dif\u00edciles \u00a0en \u00a0las \u00a0filas de sus reclutadores, por lo que \u00a0debe revisarse dicha tasaci\u00f3n. \u00a0\u00a0<\/p>\n<p>La \u00a0 apelante \u00a0 solicita \u00a0que \u00a0adem\u00e1s \u00a0del \u00a0reconocimiento \u00a0de \u00a0la \u00a0reparaci\u00f3n \u00a0a \u00a0trav\u00e9s \u00a0de \u00a0las \u00a0medidas denominadas de \u00a0\u201crehabilitaci\u00f3n \u00a0por \u00a0la \u00a0afectaci\u00f3n \u00a0al proyecto de vida, la p\u00e9rdida de la \u00a0ni\u00f1ez \u00a0 \u00a0 y \u00a0 \u00a0 las \u00a0 \u00a0 secuelas \u00a0 \u00a0\u2013estr\u00e9s \u00a0postraum\u00e1tico \u00a0e \u00a0hiper \u00a0excitaci\u00f3n-;\u00a0 \u00a0sea a su vez \u00a0reconocida \u00a0la \u00a0suma \u00a0adicional \u00a0de \u00a0250 salarios m\u00ednimos legales vigentes como \u00a0medida \u00a0compensatoria \u00a0por \u00a0la p\u00e9rdida de la ni\u00f1ez. Para\u00a0 ello arguye que \u00a0debe \u00a0ser \u00a0revocado el numeral 5\u00ba de la sentencia y en su lugar ordenar el pago \u00a0aludido. \u00a0\u00a0<\/p>\n<p>Otro t\u00f3pico que fue \u00a0materia \u00a0de \u00a0cuestionamiento \u00a0por \u00a0parte \u00a0de la apelante, fue el relacionado con \u00a0aquellas \u00a0peticiones \u00a0reparatorias \u00a0mencionadas \u00a0en \u00a0el incidente de reparaci\u00f3n \u00a0integral, \u00a0pero \u00a0que califica la censora como ignoradas en la sentencia: a) como \u00a0que \u00a0se \u00a0ordene \u00a0el \u00a0pago \u00a0a las v\u00edctimas que a\u00fan no se han hecho presentes al \u00a0proceso, \u00a0con \u00a0fundamento \u00a0en \u00a0varios \u00a0precedentes \u00a0del \u00a0sistema interamericano, \u00a0petici\u00f3n \u00a0justificada \u00a0en \u00a0la imposibilidad de ubicar a varios de los parientes \u00a0de \u00a0los \u00a0reclutados \u00a0il\u00edcitamente, \u00a0as\u00ed como de compilaci\u00f3n de los documentos \u00a0necesarios \u00a0para \u00a0el \u00a0ejercicio \u00a0de \u00a0la acci\u00f3n, y en consecuencia se conceda un \u00a0plazo \u00a0de \u00a024 \u00a0meses \u00a0para \u00a0recoger \u00a0la \u00a0indemnizaci\u00f3n concedida tambi\u00e9n a sus \u00a0pares; \u00a0b) la vigilancia y control a los procesos adelantados contra los menores \u00a0reclutados \u00a0\u2013Lorenzo Y\u00e1\u00f1ez \u00a0Julio-, \u00a0o \u00a0contra \u00a0los \u00a0responsables \u00a0de la muerte de menores que cayeron en su \u00a0actividad \u00a0militar \u00a0(Sergio \u00a0Andr\u00e9s \u00a0Pulgar\u00edn \u00a0Restrepo, Jeison Alexander Ruiz \u00a0Calle, \u00a0Juan \u00a0Camilo \u00a0Lemos \u00a0Bardricho, \u00a0Leonel \u00a0Vargas \u00a0Florez); para evitar su \u00a0impunidad; \u00a0c) \u00a0subsidio \u00a0en \u00a0proyectos \u00a0agr\u00edcolas, \u00a0t\u00e9cnicos \u00a0y tecnol\u00f3gicos \u00a0dirigidos \u00a0 por \u00a0 el \u00a0 Ministerio \u00a0 de \u00a0 Agricultura \u00a0 y \u00a0Desarrollo \u00a0Rural; \u00a0d) \u00a0incorporaci\u00f3n \u00a0de \u00a0cada \u00a0uno \u00a0de \u00a0los reclutados a los programas de protecci\u00f3n \u00a0integral \u00a0de \u00a0asistencia \u00a0y \u00a0atenci\u00f3n \u00a0a \u00a0v\u00edctimas, \u00a0subsidios de vivienda, de \u00a0retorno \u00a0y reubicac\u00f3n, y todos los programas que se desarrollen en cumplimiento \u00a0de la Ley 1448 de 2011. \u00a0\u00a0<\/p>\n<p>Plantea tambi\u00e9n como \u00a0parte \u00a0de \u00a0su \u00a0inconformidad, \u00a0que se revoque el condicionamiento impuesto en la \u00a0sentencia \u00a0al \u00a0pago \u00a0de \u00a0los \u00a0perjuicios \u00a0morales, \u00a0pues al tratarse de personas \u00a0mayores \u00a0de \u00a0edad, \u00a0muchas \u00a0de \u00a0ellas \u00a0con proyectos de vida en marcha, no puede \u00a0condicionarse \u00a0dicha \u00a0erogaci\u00f3n \u00a0por \u00a0cuanto rompe con la igualdad de las otras \u00a0v\u00edctimas \u00a0y \u00a0adem\u00e1s \u00a0s\u00f3lo ser\u00eda merecedora de tal reparaci\u00f3n una vez cumpla \u00a0ciertos \u00a0 requisitos, \u00a0 como \u00a0 si \u00a0 su \u00a0 calidad \u00a0 de \u00a0v\u00edctima \u00a0no \u00a0la \u00a0tuviera \u00a0ya. \u00a0\u00a0<\/p>\n<p>Un aspecto adicional \u00a0de \u00a0la \u00a0apelaci\u00f3n \u00a0est\u00e1 \u00a0vinculado \u00a0con el punto 26 de la parte resolutiva del \u00a0fallo \u00a0impugnado, \u00a0en tanto all\u00ed se impone que \u201clos \u00a0j\u00f3venes \u00a0que \u00a0quieran, \u00a0y consideren que su vida e integridad no corre peligro, \u00a0deber\u00e1n, \u00a0igualmente \u00a0solicitar \u00a0perd\u00f3n \u00a0por \u00a0las \u00a0violaciones \u00a0a los derechos \u00a0humanos \u00a0 \u00a0 que \u00a0 \u00a0perpetraron \u00a0 \u00a0siendo \u00a0 \u00a0menores \u00a0 \u00a0de \u00a0 \u00a0edad\u201d, toda vez que dicha medida muestra a las \u00a0v\u00edctimas como victimarios. \u00a0\u00a0<\/p>\n<p>Por \u00a0\u00faltimo, \u00a0la \u00a0abogada \u00a0en cita, solicita \u00a0adicionar \u00a0algunos nombres de parientes de los reclutados, a los que se neg\u00f3 el \u00a0derecho a ser reparados: \u00a0\u00a0<\/p>\n<p>-Jaime \u00a0Mena \u00a0(padre del reclutado Jhon Jamer \u00a0Mena) \u00a0\u00a0<\/p>\n<p>-Luz Amparo Calle, hermana de Jeison Alexander \u00a0Ruiz. \u00a0\u00a0<\/p>\n<p>-Anna Felicia Primera, Livis Primera, Yesenis \u00a0Zabala, \u00a0Yorley \u00a0Zabala, \u00a0Cl\u00edmaco \u00a0Gamboa, \u00a0Alejandro \u00a0Zabala, \u00a0Cl\u00edmaco \u00a0Jos\u00e9 \u00a0Zabala, \u00a0padres \u00a0y \u00a0hermanos \u00a0de \u00a0Waiser \u00a0Zabala \u00a0Vargas, lo mismo que los otros \u00a0hermanos \u00c1ngel Humberto Y Mar\u00eda Alejandra Gamboa. \u00a0\u00a0<\/p>\n<p>-Dariluz \u00a0Murray, Dulfarys Murray y Jefferson \u00a0Rivas, hermanos de Daniel Murray Rivas. \u00a0\u00a0<\/p>\n<p>-Daniel \u00a0 \u00a0Murray \u00a0 Rivas, \u00a0 hermano \u00a0 de \u00a0Jefferson\u00a0 Rivas L\u00f3pez. \u00a0\u00a0<\/p>\n<p>A favor de quienes solicita el reconocimiento \u00a0de dichos perjuicios. \u00a0\u00a0<\/p>\n<p>4. \u00a0El \u00a0doctor \u00a0H\u00e9ctor \u00a0Enrique \u00a0Rodr\u00edguez \u00a0Sarmiento \u00a0(representante \u00a0de \u00a0v\u00edctimas) \u00a0tambi\u00e9n se \u00a0ocup\u00f3 \u00a0de \u00a0cuestionar \u00a0los \u00a0montos \u00a0de \u00a0la \u00a0reparaci\u00f3n, \u00a0aduciendo, \u00a0en primer \u00a0t\u00e9rmino \u00a0que \u00a0debi\u00f3 \u00a0reconocerse el salario m\u00ednimo como presunci\u00f3n de lo que \u00a0devengaban \u00a0los \u00a0j\u00f3venes al momento de ser integrados a las filas de las AUC, y \u00a0tambi\u00e9n \u00a0se \u00a0opone \u00a0a que la orden de pago de las reparaciones concedidas a las \u00a0v\u00edctimas \u00a0directas \u00a0est\u00e9 \u00a0sometida \u00a0a \u00a0condici\u00f3n \u00a0alguna, pues no son en este \u00a0momento \u00a0menores \u00a0de \u00a0edad \u00a0y \u00a0por \u00a0tanto \u00a0la \u00a0recomendaci\u00f3n \u00a0contenida \u00a0en los \u00a0Principios de Par\u00eds en tal sentido no opera para ellos. \u00a0\u00a0<\/p>\n<p>Cuestion\u00f3 \u00a0tambi\u00e9n \u00a0el \u00a0monto de los da\u00f1os \u00a0morales \u00a0reconocidos \u00a0a \u00a0las v\u00edctimas, el que calific\u00f3 de desproporcionado con \u00a0el \u00a0sufrimiento \u00a0de \u00a0que \u00a0fueron \u00a0presa \u00a0en \u00a0su \u00a0paso \u00a0por \u00a0las \u00a0filas \u00a0de dicha \u00a0organizaci\u00f3n \u00a0armada al margen de la ley, soportado en los distintos informes e \u00a0investigaciones \u00a0que \u00a0se \u00a0presentaron \u00a0en \u00a0el curso del incidente de reparaci\u00f3n \u00a0integral; \u00a0adem\u00e1s \u00a0de \u00a0destacar \u00a0la \u00a0diferencia entre el monto reconocido en la \u00a0sentencia \u00a0atacada \u00a0y el que ha consignado la Corte Interamericana en sentencias \u00a0contra \u00a0nuestro \u00a0Estado, \u00a0como \u00a0las de Ituango y Puerto Bello, de acuerdo con el \u00a0cual \u00a0 debe \u00a0 proceder \u00a0 nuestro \u00a0 Estado \u00a0 a \u00a0 reconocer \u00a0 la \u00a0 correspondiente \u00a0indemnizaci\u00f3n, \u00a0toda vez que la suma fijada no resulta proporcionada, razonable \u00a0y ponderada, para compensar el sufrimiento causado. \u00a0\u00a0<\/p>\n<p>Insisti\u00f3 tambi\u00e9n en la reparaci\u00f3n al da\u00f1o \u00a0a \u00a0la \u00a0vida \u00a0de \u00a0relaci\u00f3n \u00a0a \u00a0la \u00a0que \u00a0tendr\u00edan derecho sus representados, sin \u00a0enfrentar \u00a0la \u00a0motivaci\u00f3n \u00a0de \u00a0su desconocimiento en la sentencia apelada, esto \u00a0es, \u00a0la \u00a0falta \u00a0espec\u00edfica de su prueba, limit\u00e1ndose a se\u00f1alar gen\u00e9ricamente \u00a0\u201cla \u00a0prueba \u00a0de \u00a0este \u00a0tipo \u00a0de da\u00f1o est\u00e1 en los documentos, intervenciones, \u00a0estudios, \u00a0presentaciones, declaraciones, obrantes al proceso, seg\u00fan los cuales \u00a0el \u00a0menor \u00a0reclutado \u00a0sufre consecuencias por esta nefasta experiencia temprana, \u00a0de \u00a0la \u00a0cual \u00a0no \u00a0podr\u00e1 recuperar su vida normal, y por tanto las secuelas y la \u00a0estigmatizaci\u00f3n \u00a0lo acompa\u00f1ar\u00e1n en su vida cotidiana; y concluye confundiendo \u00a0los da\u00f1os psicol\u00f3gicos con el de da\u00f1o a la vida de relaci\u00f3n. \u00a0\u00a0<\/p>\n<p>En \u00a0consecuencia, solicita que se revisen los \u00a0montos \u00a0por \u00a0reparaci\u00f3n \u00a0inmaterial \u00a0de \u00a0car\u00e1cter \u00a0moral, as\u00ed como los da\u00f1os \u00a0materiales, \u00a0y \u00a0adem\u00e1s \u00a0que \u00a0se \u00a0reconozca reparaci\u00f3n por da\u00f1o al proyecto de \u00a0vida. \u00a0\u00a0<\/p>\n<p>4. \u00a0La \u00a0impugnaci\u00f3n \u00a0de la representante del \u00a0Ministerio P\u00fablico. \u00a0\u00a0<\/p>\n<p>La \u00a0doctora \u00a0Diana \u00a0Mar\u00eda \u00a0 \u00a0 \u00a0 Cadena \u00a0 \u00a0 \u00a0 Lozano \u00a0 \u00a0 \u00a0\u2013Procuradora \u00a0 43 \u00a0Judicial \u00a0II \u00a0Penal- \u00a0interpuso \u00a0recurso \u00a0de \u00a0apelaci\u00f3n \u00a0contra \u00a0la \u00a0sentencia, con fundamento en que \u00a0all\u00ed \u00a0no \u00a0qued\u00f3 \u00a0claro \u00a0el \u00a0concepto \u00a0de \u00a0reparaci\u00f3n \u00a0colectiva, \u00a0ni el de la \u00a0representaci\u00f3n \u00a0de \u00a0v\u00edctimas \u00a0indeterminadas \u00a0-temas \u00a0que \u00a0le \u00a0son \u00a0propios al \u00a0Ministerio \u00a0P\u00fablico-; \u00a0pero \u00a0sin \u00a0concretar \u00a0en \u00a0estricto sentido inconformidad \u00a0directamente \u00a0orientada \u00a0a la modificaci\u00f3n de alguna parte del fallo impugnado; \u00a0aunque \u00a0s\u00ed precisando la estrategia probatoria y operativa adelantada por dicha \u00a0agencia \u00a0oficial, a partir de lo cual critica la parcialidad envuelta en el solo \u00a0delito \u00a0macro \u00a0de \u00a0reclutamiento il\u00edcito al que se contrae la sentencia, cuando \u00a0alrededor \u00a0de \u00a0dicha \u00a0conducta \u00a0se \u00a0vinculaban \u00a0un \u00a0sinn\u00famero \u00a0de pr\u00e1cticas de \u00a0victimizaci\u00f3n \u00a0asociadas con el accionar armado; y por ende la comprensi\u00f3n del \u00a0da\u00f1o \u00a0colectivo \u00a0tambi\u00e9n se aprecia de manera incompleta o parcial, en lo cual \u00a0concreta \u00a0su \u00a0recriminaci\u00f3n; \u00a0la \u00a0que \u00a0se \u00a0alza \u00a0por \u00a0la\u00a0 \u00a0\u201cimprecisi\u00f3n \u00a0conceptual\u201d del Tribunal. \u00a0\u00a0<\/p>\n<p>Los no recurrentes: \u00a0<\/p>\n<p>El defensor de FREDY REND\u00d3N HERRERA llam\u00f3 la \u00a0atenci\u00f3n \u00a0sobre \u00a0la posible vulneraci\u00f3n del principio de legalidad de la pena, \u00a0en \u00a0tanto \u00a0los \u00a0reclutamientos \u00a0se produjeron en vigencia del Decreto Ley 100 de \u00a01980 \u00a0y \u00a0por \u00a0tanto \u00a0se \u00a0vulnera el principio de legalidad y de favorabilidad al \u00a0sancionarse \u00a0 con \u00a0fundamento \u00a0en \u00a0legislaci\u00f3n \u00a0posterior \u00a0desfavorable \u00a0a \u00a0los \u00a0intereses de su asistido. \u00a0\u00a0<\/p>\n<p>Cuesti\u00f3n adicional: \u00a0<\/p>\n<p>Luego \u00a0 de \u00a0radicado \u00a0el \u00a0recurso \u00a0en \u00a0esta \u00a0Corporaci\u00f3n, \u00a0se \u00a0recibi\u00f3 \u00a0un \u00a0documento \u00a0suscrito \u00a0por \u00a0los \u00a0Directores de la \u00a0Agencia \u00a0Colombiana \u00a0para \u00a0la \u00a0Reintegraci\u00f3n \u00a0de \u00a0Personas \u00a0y Grupos Alzados en \u00a0Armas, \u00a0y \u00a0del \u00a0Instituto \u00a0Colombiano \u00a0de \u00a0Bienestar \u00a0Familiar, \u00a0en el que dicen \u00a0aclarar \u00a0algunas \u00a0situaciones relacionadas con varios puntos de la sentencia, la \u00a0cual \u00a0no \u00a0obstante \u00a0no haberles sido notificada, contiene varias exhortaciones y \u00a0\u00f3rdenes \u00a0relacionadas \u00a0con una serie de actividades orientadas al desarrollo de \u00a0pol\u00edticas \u00a0 p\u00fablicas \u00a0 de \u00a0 atenci\u00f3n \u00a0 a \u00a0 las \u00a0v\u00edctimas \u00a0del \u00a0reclutamiento \u00a0il\u00edcito. \u00a0\u00a0<\/p>\n<p>En \u00a0dicho \u00a0documento, \u00a0luego \u00a0de \u00a0hacerse \u00a0un \u00a0recuento \u00a0de \u00a0la \u00a0legislaci\u00f3n \u00a0existente \u00a0sobre \u00a0desmovilizaci\u00f3n, se relata el \u00a0procedimiento \u00a0que \u00a0se sigue con quienes siendo\u00a0 menores de edad, dejan las \u00a0armas, \u00a0para finalmente realizar algunas consideraciones en orden a precisar las \u00a0competencias \u00a0de \u00a0las medidas que se ordenan en la sentencia a las instituciones \u00a0equivocadas. \u00a0\u00a0<\/p>\n<p>CONSIDERACIONES \u00a0<\/p>\n<p>La \u00a0Corte \u00a0es competente para conocer de esta \u00a0apelaci\u00f3n \u00a0 en \u00a0 virtud \u00a0 de \u00a0 lo \u00a0 dispuesto \u00a0 en \u00a0el \u00a0art\u00edculo \u00a026 de la Ley 975 de 2005. \u00a0\u00a0<\/p>\n<p>En \u00a0orden \u00a0a resolver los aspectos materia de \u00a0impugnaci\u00f3n \u00a0la \u00a0Sala \u00a0iniciar\u00e1 \u00a0con \u00a0algunas \u00a0reflexiones relacionadas con el \u00a0reclutamiento \u00a0il\u00edcito para abordar luego las inconformidades vinculadas con el \u00a0condicionamiento \u00a0al \u00a0pago \u00a0de \u00a0los perjuicios originados en dicho punible, para \u00a0posteriormente \u00a0enfrentar los cuestionamientos relacionados con los contenidos y \u00a0montos \u00a0 de \u00a0las \u00a0indemnizaciones, \u00a0pasando \u00a0luego \u00a0a \u00a0la \u00a0concurrencia \u00a0de \u00a0las \u00a0reparaciones \u00a0judicial y administrativa, y seguidamente abordar\u00a0 el tema de \u00a0las pretensiones desatendidas por el Tribunal. \u00a0\u00a0<\/p>\n<p>La Sala aprovecha la oportunidad para saludar \u00a0como \u00a0buenas \u00a0pr\u00e1cticas \u00a0judiciales \u00a0estos esfuerzos de sentencias concentradas \u00a0por \u00a0delitos \u00a0y \u00a0exhorta \u00a0a que se sigan atendiendo de esta manera los procesos, \u00a0como \u00a0una \u00a0perspectiva \u00a0integral\u00a0 \u00a0sistem\u00e1tica y coherente de abordaje por \u00a0v\u00eda \u00a0judicial \u00a0del acontecer delictual que se somete a su consideraci\u00f3n;\u00a0 \u00a0lo \u00a0cual \u00a0va \u00a0haciendo \u00a0m\u00e1s \u00a0\u00e1gil \u00a0el procedimiento en la medida en que se van \u00a0profiriendo \u00a0 sentencias, \u00a0 como \u00a0 la \u00a0 apelada, \u00a0 en \u00a0las \u00a0que \u00a0se \u00a0realiza \u00a0la \u00a0contextualizaci\u00f3n \u00a0por \u00a0bloques, &#8211; el \u201c\u00c9lmer C\u00e1rdenas\u201d en el asunto de la \u00a0referencia-, \u00a0la \u00a0cual \u00a0ya no es necesario que se\u00a0 repita en otros fallos o \u00a0procesos, \u00a0 convirti\u00e9ndose \u00a0 en \u00a0 referentes \u00a0obligados \u00a0de \u00a0todas \u00a0las \u00a0dem\u00e1s \u00a0providencias \u00a0en \u00a0que \u00a0se \u00a0juzgan \u00a0los \u00a0punibles \u00a0cometidos \u00a0por \u00a0dicho \u00a0frente, \u00a0providencias \u00a0que \u00a0habr\u00e1n \u00a0de \u00a0ser \u00a0m\u00e1s \u00a0expeditas \u00a0en tanto ya no se requiere \u00a0repetir \u00a0la \u00a0mencionada exposici\u00f3n del contexto, siendo suficiente solo una por \u00a0bloque \u00a0 y \u00a0 por \u00a0frente, \u00a0para \u00a0no \u00a0incurrir \u00a0en \u00a0repeticiones \u00a0innecesarias \u00a0y \u00a0superfluas, \u00a0que en todo caso, retrasan el avance del conocimiento de los hechos \u00a0delictivos y la imposici\u00f3n de su condigna pena. \u00a0\u00a0<\/p>\n<p>\u00a0 \u00a0\u00a0<\/p>\n<p>1. Sobre el reclutamiento il\u00edcito. \u00a0 \u00a0\u00a0<\/p>\n<p>Comienza \u00a0la \u00a0Sala \u00a0por \u00a0reafirmar \u00a0que \u00a0esta \u00a0conducta \u00a0punible \u00a0es \u00a0una \u00a0de \u00a0las \u00a0formas \u00a0de \u00a0explotaci\u00f3n m\u00e1s detestables y \u00a0crueles, \u00a0cuya \u00a0gravedad \u00a0deviene \u00a0del \u00a0hecho \u00a0de tratarse de un delito cometido \u00a0contra \u00a0un \u00a0grupo \u00a0de personas que se encuentra entre los m\u00e1s vulnerables y que \u00a0merece \u00a0 \u00a0 \u00a0 \u00a0 \u00a0especial \u00a0 \u00a0 \u00a0 \u00a0 protecci\u00f3n16 \u00a0e igualmente por la calidad \u00a0de los da\u00f1os causados a los mismos. \u00a0\u00a0<\/p>\n<p>Los \u00a0menores \u00a0de \u00a0edad \u00a0que son reclutados de \u00a0manera \u00a0ilegal \u00a0y que son obligados a participar directa o indirectamente en las \u00a0hostilidades, \u00a0adem\u00e1s \u00a0de \u00a0ser \u00a0expuestos \u00a0a \u00a0una \u00a0gran \u00a0cantidad \u00a0de \u00a0riesgos, \u00a0generados \u00a0no solamente por las circunstancias que rodean un conflicto armado no \u00a0internacional, \u00a0sino \u00a0por \u00a0el \u00a0cruel \u00a0tratamiento \u00a0que \u00a0reciben por parte de los \u00a0miembros \u00a0de \u00a0estos \u00a0grupos, al dejar de ser considerados personas y pasar a ser \u00a0\u201cobjetos \u00a0 de \u00a0 guerra\u201d \u00a0 fungibles, \u00a0 sufren \u00a0 da\u00f1os \u00a0 irremediables \u00a0 con \u00a0consecuencias \u00a0en \u00a0el \u00a0resto \u00a0de \u00a0sus \u00a0vidas \u00a0y \u00a0no \u00a0solamente \u00a0durante el lapso \u00a0transcurrido en los campos de combate. \u00a0\u00a0<\/p>\n<p>La \u00a0convivencia \u00a0pac\u00edfica \u00a0es un presupuesto \u00a0emp\u00edrico \u00a0del \u00a0Estado \u00a0de \u00a0derecho \u00a0y por tanto el monopolio de las armas en su \u00a0poder \u00a0tiene \u00a0como \u00a0objetivo \u00a0el \u00a0mantenimiento del orden y la concordia social. \u00a0\u00a0<\/p>\n<p>La \u00a0paz \u00a0es presentada por el art\u00edculo 22 de \u00a0nuestro \u00a0texto \u00a0constitucional, \u00a0como \u00a0un \u00a0derecho \u00a0y \u00a0a la vez como un deber de \u00a0obligatorio \u00a0cumplimiento \u00a0en \u00a0raz\u00f3n \u00a0de \u00a0la \u00a0importancia \u00a0que \u00a0tiene \u00a0para \u00a0el \u00a0cumplimiento \u00a0de \u00a0los cometidos estatales; y en tanto expresi\u00f3n de la raz\u00f3n su \u00a0reinado depende de la evitaci\u00f3n de la guerra. \u00a0\u00a0<\/p>\n<p>Pero no obstante ser la confrontaci\u00f3n b\u00e9lica \u00a0una \u00a0traici\u00f3n al mandato de la paz, la raz\u00f3n ha logrado que tambi\u00e9n la guerra \u00a0tenga \u00a0unos \u00a0lineamientos \u00a0normativos \u00a0que \u00a0limitan \u00a0sus \u00a0efectos \u00a0devastadores, \u00a0contenidos en el Derecho Internacional Humanitario. \u00a0\u00a0<\/p>\n<p>Precisamente, \u00a0como \u00a0la \u00a0guerra \u00a0la \u00a0realizan \u00a0combatientes \u00a0o \u00a0guerreros, \u00a0el DIH se encarga, entre otras cosas, de precaver y \u00a0regular \u00a0la \u00a0calidad de las personas que a ella se dedican, advirtiendo como una \u00a0infracci\u00f3n en su contra que se involucre a menores de edad. \u00a0\u00a0<\/p>\n<p>Ya \u00a0 esta \u00a0 Sala \u00a0ha \u00a0advertido \u00a0frente \u00a0al \u00a0reclutamiento \u00a0 \u00a0 \u00a0 \u00a0 \u00a0 ilegal \u00a0 \u00a0 \u00a0 \u00a0 \u00a0que17: \u00a0\u00a0<\/p>\n<p>\u201cLa \u00a0participaci\u00f3n de menores de edad en \u00a0los \u00a0conflictos \u00a0armados \u00a0es \u00a0una \u00a0de las mayores verg\u00fcenzas de la humanidad en \u00a0tanto \u00a0en \u00a0ella \u00a0se aprecia la trasgresi\u00f3n del principio \u00e9tico del hombre como \u00a0auto \u00a0fin \u00a0en \u00a0s\u00ed \u00a0mismo, \u00a0y \u00a0se \u00a0proyecta \u00a0como en ning\u00fan otro caso con tanta \u00a0intensidad, \u00a0la \u00a0utilizaci\u00f3n del hombre como medio al servicio de los intereses \u00a0de \u00a0otros; con la gravedad de que se usa a personas que a\u00fan no han alcanzado el \u00a0desarrollo \u00a0necesario \u00a0para \u00a0poder \u00a0decidir \u00a0con \u00a0la \u00a0madurez y juicio reflexivo \u00a0aconsejables en la determinaci\u00f3n de vincularse a un grupo armado. \u00a0\u00a0<\/p>\n<p>El \u00a0derecho \u00a0internacional humanitario, esa \u00a0rama \u00a0del \u00a0derecho \u00a0surgida \u00a0del \u00a0horror, \u00a0construida \u00a0sobre las\u00a0 humeantes \u00a0ruinas \u00a0europeas \u00a0de \u00a0la \u00a0segunda guerra mundial, escrito con la sangre\u00a0 de \u00a0las \u00a0v\u00edctimas \u00a0y \u00a0animado \u00a0por \u00a0los \u00a0gritos de horror salidos de sus moribundas \u00a0entra\u00f1as \u00a0 que \u00a0 aturden \u00a0la \u00a0racionalidad \u00a0fracasada, \u00a0para \u00a0quienes \u00a0no \u00a0hubo \u00a0explicaci\u00f3n \u00a0sobre \u00a0lo \u00a0inevitable \u00a0de \u00a0las \u00a0guerras, \u00a0las \u00a0que \u00a0esconden en su \u00a0justificaci\u00f3n \u00a0nada \u00a0m\u00e1s que la vanidad, la avaricia y el orgullo de aqu\u00e9llos \u00a0a quienes nada importa los derechos de los dem\u00e1s.\u00a0 \u00a0\u00a0<\/p>\n<p>La justificaci\u00f3n de la guerra entra\u00f1a por \u00a0tanto \u00a0el fracaso del discurso filos\u00f3fico de la modernidad, ese que exaltaba al \u00a0hombre \u00a0como \u00a0eje del conocimiento y raz\u00f3n de ser del mundo, de ese meta-relato \u00a0que \u00a0condujo \u00a0a \u00a0la \u00a0ciencia a convertirse en usufructuaria de las vanidades y a \u00a0que \u00a0subordinara \u00a0al \u00a0hombre \u00a0bajo \u00a0la \u00a0t\u00e9cnica, a su vez puesta al servicio de \u00a0intereses \u00a0ego\u00edstas \u00a0que esconden la acumulaci\u00f3n de poder, siendo la guerra el \u00a0mejor \u00a0medio \u00a0para realizar las aspiraciones de los que traicionaron la doctrina \u00a0del protagonismo del hombre. \u00a0\u00a0<\/p>\n<p>Pues \u00a0bien, \u00a0el \u00a0DIH \u00a0se \u00a0fue gestando como \u00a0paliativo \u00a0frente \u00a0a \u00a0la aparente inevitabilidad de la guerra, provocada por los \u00a0intereses \u00a0 mezquinos, \u00a0 presentada \u00a0 descarnadamente \u00a0como \u00a0la \u00a0partera \u00a0de \u00a0la \u00a0historia.\u00a0 \u00a0Con \u00a0verg\u00fcenza el mundo civilizado tiene que seguir apelando a \u00a0la \u00a0normatividad \u00a0del \u00a0DIH, \u00a0originada \u00a0en \u00a0la \u00a0incapacidad \u00a0de \u00a0la pol\u00edtica de \u00a0encontrar \u00a0caminos \u00a0diferentes para el logro de la convivencia pac\u00edfica, de esa \u00a0paz \u00a0perpetua con la que so\u00f1aron Kant y los ut\u00f3picos, fundada, en todo caso en \u00a0la justicia social.\u00a0 \u00a0\u00a0<\/p>\n<p>De manera en\u00e9rgica se debe declarar que en \u00a0nuestro\u00a0 \u00a0territorio \u00a0se respeta el derecho de la guerra, ya que la Ley 5\u00aa \u00a0de \u00a01960 \u00a0aval\u00f3 \u00a0la \u00a0aplicaci\u00f3n \u00a0de \u00a0los \u00a0Cuatro Convenios de Ginebra de 1949, \u00a0mediante \u00a0la \u00a0Ley 11 de 1992 se aprob\u00f3 la aplicaci\u00f3n del Protocolo Adicional I \u00a0de 1977 y la Ley 171 de 1994\u00a0 la del Protocolo Adicional II. \u00a0\u00a0<\/p>\n<p>Permitir \u00a0que \u00a0los \u00a0menores hagan parte del \u00a0conflicto \u00a0armado, \u00a0como \u00a0combatientes, \u00a0mensajeros, informantes, utileros, o de \u00a0cualquier \u00a0manera, \u00a0constituye \u00a0una \u00a0afrenta \u00a0contra \u00a0el \u00a0Derecho \u00a0Internacional \u00a0Humanitario. \u00a0\u00a0<\/p>\n<p>Se \u00a0ordena \u00a0en el T\u00edtulo II art\u00edculo 4\u00ba, \u00a0numeral 2\u00ba del Protocolo II, que: \u00a0\u00a0<\/p>\n<p>\u201cc) \u00a0Los \u00a0ni\u00f1os \u00a0menores \u00a0de 15 a\u00f1os no \u00a0ser\u00e1n \u00a0reclutados \u00a0en \u00a0las \u00a0fuerzas \u00a0o \u00a0grupos \u00a0armados \u00a0y no se permitir\u00e1 que \u00a0participen en las hostilidades; \u00a0\u00a0<\/p>\n<p>d) La protecci\u00f3n especial prevista en este \u00a0art\u00edculo \u00a0para los ni\u00f1os menores de 15 a\u00f1os seguir\u00e1 aplic\u00e1ndose a ellos si, \u00a0no \u00a0obstante \u00a0las disposiciones del apartado c), han participado directamente en \u00a0las hostilidades y han sido capturados;\u201d \u00a0\u00a0<\/p>\n<p>Por tal raz\u00f3n el reclutamiento de menores, \u00a0en \u00a0principio \u00a0con edad inferior a quince a\u00f1os,\u00a0 se convierte en un crimen \u00a0de \u00a0guerra, \u00a0y \u00a0de manera espec\u00edfica nuestro C\u00f3digo Penal en su art\u00edculo 162, \u00a0inserto \u00a0en \u00a0el T\u00edtulo II dedicado a penalizar los \u201cDelitos contra personas y \u00a0bienes \u00a0protegidos \u00a0por \u00a0el Derecho Internacional Humanitario\u201d, extiende dicha \u00a0protecci\u00f3n \u00a0a \u00a0los 18 a\u00f1os, intentando evitar que\u00a0 a los infantes les sea \u00a0arrebatado su derecho a ser ni\u00f1os, advierte: \u00a0\u00a0<\/p>\n<p>\u201cReclutamiento \u00a0il\u00edcito. \u00a0El \u00a0que, \u00a0con \u00a0ocasi\u00f3n y en desarrollo de \u00a0conflicto \u00a0armado, reclute menores de dieciocho (18) a\u00f1os o los obligue\u00a0 a \u00a0participar \u00a0directa \u00a0o indirectamente en las hostilidades o en acciones armadas, \u00a0incurrir\u00e1 \u00a0en \u00a0prisi\u00f3n \u00a0de \u00a0seis \u00a0(6) a diez (10) a\u00f1os y multa de seiscientos \u00a0(600) \u00a0 \u00a0 a \u00a0 \u00a0 mil \u00a0 \u00a0 (1.000) \u00a0 \u00a0 salarios \u00a0 \u00a0m\u00ednimos \u00a0 \u00a0legales \u00a0 \u00a0mensuales \u00a0vigentes.\u201d \u00a0\u00a0<\/p>\n<p>Tambi\u00e9n en cumplimiento de dicho postulado \u00a0del \u00a0DIH, \u00a0la \u00a0Ley \u00a0418 de 1997 modificada por el art\u00edculo 2\u00ba de la Ley 548 de \u00a01999, sentencia: \u00a0\u00a0<\/p>\n<p>\u201cLos \u00a0menores \u00a0de dieciocho (18) a\u00f1os de \u00a0edad \u00a0 no \u00a0 ser\u00e1n \u00a0incorporados \u00a0a \u00a0filas \u00a0para \u00a0la \u00a0prestaci\u00f3n \u00a0del \u00a0servicio \u00a0militar.\u00a0 \u00a0A \u00a0los \u00a0estudiantes \u00a0de \u00a0und\u00e9cimo \u00a0grado, \u00a0menores de edad que, \u00a0conforme \u00a0a \u00a0la Ley 48 de 1993, resultaren elegidos para prestar dicho servicio, \u00a0se \u00a0les \u00a0aplazar\u00e1 \u00a0su \u00a0incorporaci\u00f3n \u00a0a \u00a0las filas hasta el cumplimiento de la \u00a0referida edad.\u201d \u00a0\u00a0<\/p>\n<p>Los \u00a0menores de dieciocho a\u00f1os ciertamente \u00a0no \u00a0pueden \u00a0hacer parte del conflicto armado porque tal situaci\u00f3n constituye un \u00a0atentado \u00a0contra \u00a0el \u00a0menor, \u00a0contra \u00a0la \u00a0instituci\u00f3n \u00a0de la familia, contra la \u00a0cultura, \u00a0contra \u00a0la \u00a0sociedad, \u00a0por \u00a0no \u00a0mencionar \u00a0lo m\u00e1s evidente, contra la \u00a0libertad y la vida. \u00a0\u00a0<\/p>\n<p>Su reclutamiento conduce a la desaparici\u00f3n \u00a0de \u00a0los \u00a0futuros \u00a0agricultores y al nacimiento de guerreros baratos, apasionados \u00a0y\u00a0 \u00a0no \u00a0deliberantes, \u00a0para quienes la \u00fanica normalidad es la obediencia y \u00a0la \u00a0guerra; \u00a0pero \u00a0adem\u00e1s,\u00a0 interrumpe la evoluci\u00f3n cultural y econ\u00f3mica \u00a0del \u00a0entorno \u00a0social, \u00a0sustituye \u00a0la esperanza del bienestar colectivo\u00a0 por \u00a0la\u00a0 \u00a0convicci\u00f3n \u00a0de que la intervenci\u00f3n violenta facilita el cumplimiento \u00a0de \u00a0objetivos \u00a0estrat\u00e9gicos \u00a0de la m\u00e1quina de muerte a la que sirven, tambi\u00e9n \u00a0alienta \u00a0la \u00a0opci\u00f3n \u00a0de \u00a0la \u00a0guerra como alternativa laboral posible para otros \u00a0ni\u00f1os \u00a0que\u00a0 \u00a0enfrentan \u00a0su \u00a0evoluci\u00f3n \u00a0psicol\u00f3gica \u00a0a la rebeld\u00eda de su \u00a0orden, \u00a0sustituye \u00a0la \u00a0inocencia \u00a0por \u00a0la \u00a0sed \u00a0de muerte, les roba sus sue\u00f1os, \u00a0acalla \u00a0al \u00a0campo, \u00a0a la familia y a la sociedad en un mismo silencio, ya que la \u00a0alegr\u00eda y la felicidad huyen del tableteo de metralla.\u201d \u00a0\u00a0<\/p>\n<p>Por tanto, la tipificaci\u00f3n del reclutamiento \u00a0il\u00edcito \u00a0como \u00a0delito \u00a0contra el derecho internacional humanitario involucra la \u00a0expectativa \u00a0que \u00a0tiene \u00a0el \u00a0mundo \u00a0civilizado \u00a0en relaci\u00f3n con que su ni\u00f1ez y \u00a0juventud se formen en la escuela y en la familia, no en la guerra. \u00a0\u00a0<\/p>\n<p>Esto \u00a0porque \u00a0cuando \u00a0los menores ingresan al \u00a0grupo \u00a0armado \u00a0ilegal \u00a0sufren una afectaci\u00f3n a su derecho a la identidad ya que \u00a0dejan \u00a0de \u00a0ser \u00a0individualizados por su nombre y apellido, siendo inmediatamente \u00a0privados \u00a0de \u00a0su \u00a0derecho \u00a0a \u00a0la \u00a0educaci\u00f3n, a tener un hogar y a crecer en las \u00a0condiciones \u00a0que \u00a0esto \u00a0implica, \u00a0a \u00a0ser separados adem\u00e1s de su entorno y\u00a0 \u00a0principalmente \u00a0privados \u00a0de \u00a0su \u00a0ni\u00f1ez \u00a0y su adolescencia, etapa crucial en el \u00a0desarrollo \u00a0y \u00a0un momento de vida culminante para forjar su personalidad futura. \u00a0\u00a0<\/p>\n<p>La \u00a0Corte \u00a0Penal \u00a0Internacional \u00a0en su primer \u00a0fallo, \u00a0precisamente por reclutamiento il\u00edcito, ha concluido que en el contexto \u00a0de \u00a0la \u00a0guerra \u00a0los \u00a0j\u00f3venes \u00a0se \u00a0encuentran expuestos a un ambiente de miedo y \u00a0violencia18 \u00a0 \u00a0y \u00a0 \u00a0a \u00a0 \u00a0tratamientos \u00a0 \u00a0incompatibles \u00a0 \u00a0con \u00a0 \u00a0sus \u00a0 derechos \u00a0fundamentales19. \u00a0\u00a0<\/p>\n<p>Aunado \u00a0a \u00a0lo \u00a0anterior, las dificultades que \u00a0enfrentan \u00a0no \u00a0terminan con su liberaci\u00f3n, no pudi\u00e9ndose reflejar con palabras \u00a0las \u00a0dimensiones \u00a0del \u00a0da\u00f1o \u00a0f\u00edsico y psicol\u00f3gico causado por la guerra, pues \u00a0perdieron \u00a0el \u00a0rol que ten\u00edan dentro de su comunidad, son estigmatizados al ser \u00a0considerados \u00a0perpetradores \u00a0de \u00a0delitos por la misma comunidad e incluso dentro \u00a0de \u00a0sus \u00a0propias \u00a0familias, \u00a0sin \u00a0dejar de mencionar los problemas de salubridad \u00a0b\u00e1sica \u00a0que \u00a0presentan \u00a0algunos, \u00a0de \u00a0una \u00a0gravedad \u00a0tal \u00a0que \u00a0se \u00a0califica \u00a0de \u00a0irremediable; \u00a0puesto \u00a0que \u00a0no \u00a0podr\u00e1n olvidar lo que han visto y sufrido, pero \u00a0sobre todo, lo que han hecho. \u00a0\u00a0<\/p>\n<p>Reitera esta Sala que los ni\u00f1os no pertenecen \u00a0a \u00a0la \u00a0guerra, \u00a0su lugar se encuentra junto a sus familias, en sus colegios y en \u00a0un \u00a0entorno \u00a0que permita su crecimiento y desarrollo y no en actividades que les \u00a0causan \u00a0 tal \u00a0 nivel \u00a0 de \u00a0perjuicios \u00a0que \u00a0les \u00a0dejan \u00a0marcas \u00a0permanentes. \u00a0El \u00a0reclutamiento \u00a0il\u00edcito \u00a0de \u00a0menores es totalmente inaceptable, deja huellas que \u00a0nunca \u00a0ser\u00e1n \u00a0borradas \u00a0en \u00a0personas vulnerables e inocentes y adem\u00e1s afecta a \u00a0toda \u00a0 la \u00a0 naci\u00f3n \u00a0pues \u00a0el \u00a0futuro \u00a0de \u00a0estos \u00a0menores \u00a0est\u00e1 \u00a0vinculado \u00a0con \u00a0generaciones \u00a0enteras \u00a0perdidas para un destino com\u00fan de armon\u00eda y convivencia \u00a0pac\u00edfica, o por lo menos comprometidas.\u00a0 \u00a0\u00a0<\/p>\n<p>Ha \u00a0indicado \u00a0en \u00a0su \u00a0fallo \u00a0la \u00a0Corte \u00a0Penal \u00a0Internacional \u00a0que \u00a0es \u00a0necesario que el delito de reclutamiento de menores haya \u00a0sido \u00a0cometido \u00a0en el contexto de o asociado con un conflicto armado20, \u00a0toda \u00a0vez \u00a0que \u00a0el \u00a0objetivo \u00a0principal \u00a0de \u00a0las prohibiciones contenidas en el DIH en este \u00a0sentido \u00a0se dirige a proteger a los menores de 15 a\u00f1os de los riesgos asociados \u00a0con \u00a0 \u00e9l \u00a0 y \u00a0 a \u00a0asegurar \u00a0su \u00a0bienestar \u00a0f\u00edsico \u00a0y \u00a0psicol\u00f3gico21. Esto porque \u00a0hay \u00a0ciertos \u00a0traumas serios que acompa\u00f1an el reclutamiento (separaci\u00f3n de sus \u00a0familias, \u00a0interrupci\u00f3n \u00a0de \u00a0su \u00a0educaci\u00f3n \u00a0y \u00a0exposici\u00f3n \u00a0a \u00a0un \u00a0ambiente de \u00a0violencia y miedo). \u00a0\u00a0<\/p>\n<p>Lo \u00a0determinante, \u00a0seg\u00fan \u00a0la \u00a0Corte \u00a0Penal \u00a0Internacional, \u00a0para \u00a0afirmar \u00a0que \u00a0un \u00a0menor \u00a0ha participado activamente en las \u00a0hostilidades \u00a0es el hecho de que su actividad haya estado relacionada claramente \u00a0con \u00a0ellas, \u00a0esto es, que haya tenido un impacto a nivel de log\u00edstica y\/o en la \u00a0organizaci\u00f3n \u00a0 \u00a0 \u00a0de \u00a0 \u00a0 \u00a0las \u00a0 \u00a0 \u00a0operaciones22. En otras palabras, el joven \u00a0al \u00a0desarrollar \u00a0estas \u00a0actividades \u00a0se \u00a0tuvo \u00a0que haber convertido en un blanco \u00a0potencial23, \u00a0 haber \u00a0 sido \u00a0 puesto \u00a0 en \u00a0peligro24, \u00a0as\u00ed \u00a0no \u00a0haya participado \u00a0directamente \u00a0en las hostilidades, sin perjuicio de la conexi\u00f3n que se requiere \u00a0entre \u00a0 el \u00a0 combate \u00a0 y \u00a0 la \u00a0 actividad \u00a0 desarrollada \u00a0 por \u00a0 \u00e9l25, \u00a0a efectos \u00a0de \u00a0poder \u00a0considerar \u00a0la \u00a0presencia \u00a0del \u00a0delito en cuesti\u00f3n contra el Derecho \u00a0Internacional Humanitario. \u00a0\u00a0<\/p>\n<p>As\u00ed mismo, de conformidad con la sentencia de \u00a0segunda \u00a0instancia emitida por el Tribunal Especial para Sierra Leona en el caso \u00a0en \u00a0contra de Fofana y Kondewa, el reclutamiento incluye todas las conductas que \u00a0impliquen \u00a0la \u00a0aceptaci\u00f3n \u00a0del \u00a0menor \u00a0como \u00a0parte \u00a0de \u00a0la \u00a0milicia26.\u00a0 \u00a0\u00a0<\/p>\n<p>En conclusi\u00f3n, en ning\u00fan bando de la guerra \u00a0debe \u00a0haber menores de edad, y su inclusi\u00f3n, a cualquier t\u00edtulo, representa un \u00a0grave \u00a0atentado \u00a0contra \u00a0el DIH, lo cual se convierte en un postulado imperativo \u00a0cuya prevalencia compromete nuestro Estado de Derecho. \u00a0\u00a0<\/p>\n<p>A \u00a0FREDY \u00a0REND\u00d3N \u00a0HERRERA \u00a0se le condena por \u00a0realizar \u00a0309 \u00a0reclutamientos \u00a0il\u00edcitos, \u00a0esto \u00a0es, por haber incorporado a las \u00a0filas \u00a0de la organizaci\u00f3n al margen de la ley que dirig\u00eda, a personas que a\u00fan \u00a0no \u00a0hab\u00edan \u00a0cumplido \u00a0la \u00a0mayor\u00eda de edad, muchos de los cuales continuaron al \u00a0interior \u00a0de \u00a0la organizaci\u00f3n armada ilegal una vez superaron la barrera de los \u00a018 a\u00f1os. \u00a0\u00a0<\/p>\n<p>Esto \u00a0significa que debe quedar claro que las \u00a0309 \u00a0personas \u00a0relacionadas \u00a0en \u00a0la sentencia, fueron v\u00edctimas de reclutamiento \u00a0il\u00edcito \u00a0y \u00a0FREDY \u00a0REND\u00d3N HERRERA\u00a0 el responsable de tales punibles; y en \u00a0condici\u00f3n \u00a0de \u00a0v\u00edctimas \u00a0es \u00a0que \u00a0vienen \u00a0mencionados \u00a0tales \u00a0j\u00f3venes \u00a0en \u00a0la \u00a0sentencia. \u00a0\u00a0<\/p>\n<p>Ya la Sala se hab\u00eda ocupado de la posibilidad \u00a0de \u00a0que \u00a0las \u00a0v\u00edctimas \u00a0de \u00a0este delito pudieran tener la doble connotaci\u00f3n de \u00a0v\u00edctimas, \u00a0pero \u00a0tambi\u00e9n \u00a0de victimarios, esto en raz\u00f3n de los delitos graves \u00a0que \u00a0hubiesen \u00a0podido \u00a0cometer siendo ya mayores de edad.\u00a0 As\u00ed reflexion\u00f3 \u00a0esta \u00a0 \u00a0 \u00a0 Corporaci\u00f3n \u00a0 \u00a0 \u00a0 al \u00a0 \u00a0 \u00a0 afirmar27: \u00a0\u00a0<\/p>\n<p>\u201cPor \u00a0 tal \u00a0raz\u00f3n, \u00a0se \u00a0hab\u00eda \u00a0venido \u00a0considerando \u00a0al \u00a0menor \u00a0combatiente, ante todo, como v\u00edctima del reclutamiento \u00a0ilegal.\u00a0 \u00a0Sin \u00a0embargo, al sopesar dicha situaci\u00f3n con los derechos de las \u00a0v\u00edctimas, \u00a0la Corte Constitucional, al declarar la exequibilidad del Par\u00e1grafo \u00a0Segundo \u00a0del \u00a0art\u00edculo 50 de la Ley 418 de 1997, modificado por el art\u00edculo 19 \u00a0de \u00a0la \u00a0Ley \u00a0782 \u00a0de \u00a02002, \u00a0que \u00a0admite la posibilidad de indulto a los menores \u00a0participantes \u00a0en \u00a0actividades militares y responsables de delitos graves, en la \u00a0sentencia \u00a0C-203 \u00a0de \u00a02005 \u00a0modific\u00f3 \u00a0tal \u00a0forma \u00a0de razonar, desde el supuesto \u00a0seg\u00fan \u00a0 el \u00a0cual \u00a0los \u00a0menores \u00a0tienen \u00a0la \u00a0doble \u00a0condici\u00f3n \u00a0de \u00a0v\u00edctimas \u00a0y \u00a0victimarios, \u00a0 y \u00a0en \u00a0tanto \u00a0pueden \u00a0ser \u00a0responsables \u00a0de \u00a0delitos \u00a0graves, \u00a0su \u00a0juzgamiento \u00a0solo \u00a0puede \u00a0adelantarse \u00a0a partir del cumplimiento del conjunto de \u00a0derechos \u00a0que \u00a0acompa\u00f1an \u00a0su trasegar por el proceso sancionatorio, reconocido, \u00a0tanto \u00a0en \u00a0el \u00a0bloque de constitucionalidad como en la ley patria.\u00a0 As\u00ed lo \u00a0explic\u00f3: \u00a0\u00a0<\/p>\n<p>\u201c\u00bfes constitucional que a los menores de \u00a0edad \u00a0que han formado parte de grupos armados al margen de la ley se les procese \u00a0judicialmente \u00a0por motivo de los delitos que hubiesen podido cometer en el curso \u00a0del conflicto armado? \u00a0\u00a0<\/p>\n<p>6.4. La respuesta a este interrogante es la \u00a0siguiente: \u00a0no \u00a0se \u00a0desconoce \u00a0ni \u00a0la \u00a0Constituci\u00f3n \u00a0Pol\u00edtica \u00a0ni \u00a0el \u00a0derecho \u00a0internacional \u00a0por \u00a0la \u00a0vinculaci\u00f3n \u00a0de \u00a0los \u00a0menores desmovilizados a procesos \u00a0judiciales \u00a0destinados \u00a0a \u00a0establecer \u00a0su \u00a0responsabilidad penal, pero siempre y \u00a0cuando \u00a0se de cumplimiento a las garant\u00edas sustanciales y procesales b\u00e1sicas a \u00a0las \u00a0que \u00a0tienen derecho en su triple calidad de\u00a0 (i) menores de edad, (ii) \u00a0v\u00edctimas \u00a0 del \u00a0 conflicto \u00a0armado \u00a0especialmente \u00a0protegidos \u00a0por \u00a0el \u00a0Derecho \u00a0Internacional, \u00a0y \u00a0(iii) \u00a0menores \u00a0infractores de la ley penal. Estas garant\u00edas \u00a0m\u00ednimas, \u00a0que \u00a0ya \u00a0fueron \u00a0rese\u00f1adas \u00a0en \u00a0los \u00a0ac\u00e1pites \u00a0precedentes, \u00a0ser\u00e1n \u00a0sintetizadas \u00a0en \u00a0el \u00a0cap\u00edtulo \u00a0final \u00a0de \u00a0esta \u00a0sentencia, \u00a0y \u00a0constituyen \u00a0un \u00a0cat\u00e1logo \u00a0de \u00a0salvaguardas \u00a0que \u00a0deben \u00a0garantizarse \u00a0en \u00a0todos \u00a0los \u00a0casos \u00a0de \u00a0procesamiento penal de menores combatientes. \u00a0\u00a0<\/p>\n<p>Las \u00a0razones \u00a0por \u00a0las \u00a0cuales \u00a0la \u00a0Corte \u00a0considera \u00a0que \u00a0el \u00a0procesamiento \u00a0jur\u00eddico-penal de estos menores no desconoce \u00a0las \u00a0obligaciones \u00a0constitucionales \u00a0e internacionales del Estado colombiano, ni \u00a0es \u00a0incompatible \u00a0con \u00a0la \u00a0protecci\u00f3n \u00a0especial que merecen por sus condiciones \u00a0personales, \u00a0siempre \u00a0y \u00a0cuando \u00a0se respeten plenamente las garant\u00edas aludidas, \u00a0son las siguientes: \u00a0\u00a0<\/p>\n<p>6.4.1. Es incuestionable que por el hecho de \u00a0haber \u00a0sido \u00a0reclutados \u00a0a las filas de los grupos armados ilegales \u2013muchos \u00a0de \u00a0ellos de manera forzosa o \u00a0de \u00a0 forma \u00a0 aparentemente \u00a0 \u201cvoluntaria\u201d-, \u00a0 los \u00a0 ni\u00f1os \u00a0 y \u00a0adolescentes \u00a0combatientes \u00a0son \u00a0v\u00edctimas \u00a0del delito de reclutamiento il\u00edcito de menores, y \u00a0en \u00a0tal calidad tienen derecho a una asistencia y protecci\u00f3n especial por parte \u00a0del \u00a0Estado, \u00a0as\u00ed \u00a0como \u00a0a \u00a0que \u00a0se \u00a0haga \u00a0efectiva la responsabilidad penal de \u00a0quienes \u00a0les \u00a0llevaron \u00a0a \u00a0ingresar \u00a0al \u00a0conflicto armado. Pero al mismo tiempo, \u00a0resulta \u00a0igualmente incuestionable que en el curso de las confrontaciones, estos \u00a0menores \u00a0pueden \u00a0llegar \u00a0a \u00a0cometer \u00a0hechos \u00a0il\u00edcitos de la mayor gravedad, los \u00a0cuales \u00a0a \u00a0su \u00a0vez \u00a0generan \u00a0v\u00edctimas \u2013 \u00a0y \u00a0estas \u00a0v\u00edctimas, \u00a0en \u00a0la \u00a0medida en que sobrevivan o bien sus \u00a0familiares, \u00a0 tambi\u00e9n \u00a0 tienen \u00a0 derechos \u00a0 de \u00a0 raigambre \u00a0 constitucional \u00a0 e \u00a0internacional \u00a0que han de ser necesariamente respetados (a saber, los derechos a \u00a0la \u00a0verdad, \u00a0a la justicia y a la reparaci\u00f3n respecto de las infracciones a las \u00a0leyes \u00a0penales28). \u00a0\u00a0<\/p>\n<p>6.4.2. \u00a0 La \u00a0existencia \u00a0y \u00a0el \u00a0grado \u00a0de \u00a0responsabilidad \u00a0penal \u00a0de \u00a0cada \u00a0menor \u00a0implicado \u00a0en la comisi\u00f3n de un delito \u00a0durante \u00a0el \u00a0conflicto tiene que ser evaluado en forma individual, con la debida \u00a0atenci\u00f3n \u00a0no \u00a0s\u00f3lo a su corta edad y su nivel de desarrollo psicol\u00f3gico, sino \u00a0tambi\u00e9n \u00a0 a \u00a0 una \u00a0serie \u00a0de \u00a0factores \u00a0que \u00a0incluyen \u00a0(a) \u00a0las \u00a0circunstancias \u00a0espec\u00edficas \u00a0de \u00a0la \u00a0comisi\u00f3n \u00a0del hecho y (b) las circunstancias personales y \u00a0sociales \u00a0del ni\u00f1o o adolescente implicado, entre ellas si ha sido, a su turno, \u00a0v\u00edctima \u00a0de \u00a0un crimen de guerra de la mayor seriedad; as\u00ed mismo, en cada caso \u00a0concreto \u00a0deber\u00e1 establecerse (c) el grado de responsabilidad que cabe atribuir \u00a0a \u00a0los \u00a0culpables \u00a0del reclutamiento del menor que impartieron las \u00f3rdenes, (d) \u00a0la \u00a0responsabilidad \u00a0de \u00a0quienes, \u00a0adem\u00e1s \u00a0de los reclutadores, han obrado como \u00a0determinadores \u00a0 de \u00a0 su \u00a0 conducta \u00a0 \u2013entre \u00a0otras, \u00a0bajo la amenaza de ejecuci\u00f3n o de castigos f\u00edsicos \u00a0extremos, \u00a0como \u00a0se \u00a0mencion\u00f3 en ac\u00e1pites precedentes-, y (e) la incidencia de \u00a0estas \u00a0circunstancias \u00a0sobre \u00a0la \u00a0configuraci\u00f3n \u00a0de los elementos de tipicidad, \u00a0antijuridicidad \u00a0y \u00a0culpabilidad \u00a0necesarios \u00a0para \u00a0la \u00a0existencia de un delito. \u00a0Tambi\u00e9n \u00a0habr\u00e1 \u00a0de determinarse en cada caso individual (f) si es posible, por \u00a0las \u00a0 conductas \u00a0 espec\u00edficas \u00a0 y \u00a0concretas \u00a0del \u00a0menor \u00a0involucrado, \u00a0que \u00a0su \u00a0comportamiento \u00a0configure \u00a0un determinado delito pol\u00edtico a pesar de haber sido \u00a0reclutado, \u00a0si fuere el caso, en forma contraria a su voluntad, as\u00ed como (g) la \u00a0relaci\u00f3n \u00a0entre \u00a0la \u00a0configuraci\u00f3n \u00a0de \u00a0estos \u00a0delitos pol\u00edticos y la posible \u00a0responsabilidad \u00a0penal que proceda por los delitos conexos, al igual que (h) las \u00a0conductas \u00a0que \u00a0quedar\u00edan \u00a0excluidas \u00a0de \u00a0su \u00a0\u00f3rbita, tales como la ferocidad, \u00a0barbarie, \u00a0terrorismo, \u00a0etc. Estos son factores a los que el juzgador individual \u00a0habr\u00e1 \u00a0 de \u00a0 conferir \u00a0 la \u00a0mayor \u00a0trascendencia \u00a0dentro \u00a0de \u00a0su \u00a0an\u00e1lisis \u00a0de \u00a0responsabilidad. \u00a0En \u00a0esta \u00a0medida, \u00a0los procesos judiciales que se adelanten en \u00a0relaci\u00f3n \u00a0con \u00a0los \u00a0menores \u00a0combatientes, \u00a0si bien deben ser respetuosos de la \u00a0totalidad \u00a0de \u00a0las \u00a0garant\u00edas que rodean el juzgamiento de menores infractores, \u00a0deben \u00a0adem\u00e1s \u00a0tener \u00a0un \u00a0car\u00e1cter \u00a0especialmente \u00a0tutelar y protectivo de los \u00a0ni\u00f1os \u00a0o \u00a0adolescentes \u00a0implicados, \u00a0por \u00a0su \u00a0condici\u00f3n \u00a0de \u00a0v\u00edctimas \u00a0de \u00a0la \u00a0violencia \u00a0pol\u00edtica y por el status de protecci\u00f3n especial y reforzada que les \u00a0confiere \u00a0el \u00a0Derecho \u00a0Internacional \u00a0en tanto menores combatientes \u2013 \u00a0 car\u00e1cter \u00a0 tutelar \u00a0 que \u00a0 hace \u00a0imperativa \u00a0la \u00a0inclusi\u00f3n \u00a0de \u00a0este \u00a0tipo \u00a0de \u00a0consideraciones en el proceso de \u00a0determinaci\u00f3n \u00a0de \u00a0la \u00a0responsabilidad \u00a0penal \u00a0que \u00a0les quepa, as\u00ed como de las \u00a0medidas \u00a0a \u00a0adoptar. \u00a0Todo \u00a0ello \u00a0sin \u00a0perjuicio \u00a0de \u00a0la coordinaci\u00f3n entre las \u00a0autoridades \u00a0judiciales \u00a0competentes \u00a0y \u00a0el \u00a0Instituto \u00a0Colombiano \u00a0de Bienestar \u00a0Familiar, \u00a0encargados \u00a0de \u00a0desarrollar \u00a0el proceso de protecci\u00f3n y reinserci\u00f3n \u00a0social que ordena la ley. \u00a0\u00a0<\/p>\n<p>6.4.3. Lo que es claro para la Corte, es que \u00a0la \u00a0exclusi\u00f3n \u00a0ab \u00a0initio \u00a0y general de cualquier tipo de responsabilidad penal \u00a0para \u00a0los \u00a0menores \u00a0combatientes, \u00a0con \u00a0base en el argumento de su condici\u00f3n de \u00a0sujetos \u00a0pasivos \u00a0del \u00a0delito de reclutamiento forzoso, desconoce la realidad de \u00a0la \u00a0conducta \u00a0de \u00a0cada \u00a0uno \u00a0de \u00a0estos \u00a0ni\u00f1os \u00a0o \u00a0adolescentes en particular, y \u00a0presupone \u00a0que \u00a0los \u00a0menores \u00a0combatientes no cometen hechos punibles durante el \u00a0conflicto \u00a0distintos \u00a0al de formar parte de las filas de grupos armados ilegales \u00a0y \u00a0que \u00a0a \u00a0lo \u00a0largo \u00a0del \u00a0conflicto no pueden llegar a decidir participar en la \u00a0comisi\u00f3n \u00a0de \u00a0delitos, \u00a0lo cual tambi\u00e9n descartar\u00eda su responsabilidad por la \u00a0eventual \u00a0comisi\u00f3n \u00a0de delitos atroces. Su condici\u00f3n de v\u00edctimas de un crimen \u00a0de \u00a0guerra tan execrable como el del reclutamiento forzoso amerita una respuesta \u00a0en\u00e9rgica \u00a0y decidida por parte de las autoridades, orientada a su protecci\u00f3n y \u00a0tutela \u00a0y \u00a0a \u00a0la \u00a0sanci\u00f3n \u00a0de \u00a0los \u00a0responsables; \u00a0pero \u00a0al mismo tiempo, deben \u00a0considerarse \u00a0con \u00a0el \u00a0cuidado \u00a0y detenimiento requeridos las diversas conductas \u00a0punibles \u00a0 desarrolladas \u00a0 por \u00a0 cada \u00a0 uno \u00a0 de \u00a0los \u00a0menores, \u00a0individualmente \u00a0considerados, \u00a0durante su militancia en las filas de los grupos armados ilegales \u00a0y \u00a0los \u00a0efectos \u00a0de \u00a0tales \u00a0conductas punibles sobre los derechos ajenos, ya que \u00a0existen \u00a0otros \u00a0derechos \u00a0implicados \u00a0\u2013los \u00a0derechos \u00a0de \u00a0las \u00a0v\u00edctimas- que no pueden ser desestimados o \u00a0ignorados por las autoridades.\u201d \u00a0\u00a0<\/p>\n<p>Se \u00a0dice \u00a0que \u00a0un \u00a0alto \u00a0porcentaje \u00a0de los \u00a0combatientes \u00a0en \u00a0el \u00a0conflicto \u00a0colombiano \u00a0no superan la minoridad29, \u00a0lo \u00a0cual \u00a0adquiere \u00a0dimensiones \u00a0tr\u00e1gicas \u00a0frente al futuro pr\u00f3ximo de la superaci\u00f3n de \u00a0las \u00a0hostilidades.\u00a0 Por tal raz\u00f3n la\u00a0 Ley 975 de 2005 en su art\u00edculo \u00a064, \u00a0para \u00a0alentar \u00a0a \u00a0los \u00a0miembros de los grupos armados al margen de la ley a \u00a0entregar \u00a0a \u00a0sus \u00a0integrantes menores de edad, dispuso que el haberlos tenido en \u00a0sus \u00a0filas, no constituye causal para perder los beneficios concedidos, tanto en \u00a0la Ley de Justicia y Paz como en la 782 de 2002. \u00a0\u00a0<\/p>\n<p>Lo que debe quedar claro es que los menores \u00a0deben \u00a0estar por fuera del conflicto armado.\u00a0 En desarrollo de lo dispuesto \u00a0en \u00a0la \u00a0Convenci\u00f3n de los Derechos del Ni\u00f1o (art\u00edculos 38 y 39), el art\u00edculo \u00a020.6 \u00a0de \u00a0la \u00a0Ley \u00a01098 \u00a0dispone \u00a0que \u00a0los ni\u00f1os, ni\u00f1as y adolescentes, ser\u00e1n \u00a0protegidos contra las guerras y los conflictos armados internos.\u201d \u00a0\u00a0<\/p>\n<p>Y, \u00a0es \u00a0claro \u00a0que \u00a0las \u00a0v\u00edctimas \u00a0tienen un \u00a0tratamiento \u00a0y \u00a0los \u00a0causantes \u00a0de \u00a0su \u00a0dolor, \u00a0otro \u00a0diferente. Por tanto piden \u00a0perd\u00f3n \u00a0 los \u00a0 desmovilizados, \u00a0 y \u00a0son \u00a0ellos \u00a0los \u00a0que \u00a0se \u00a0vinculan \u00a0con \u00a0la \u00a0reintegraci\u00f3n\u00a0 a la vida civil. No las v\u00edctimas. \u00a0\u00a0<\/p>\n<p>Para \u00a0la Sala, de acuerdo con la informaci\u00f3n \u00a0obrante \u00a0en \u00a0el \u00a0proceso, es di\u00e1fano que de los 309 j\u00f3venes, 230 ingresaron al \u00a0grupo \u00a0armado \u00a0ilegal \u00a0siendo menores de edad y se desmovilizaron el 30 de abril \u00a0de \u00a02006 \u00a0habiendo superado dicha barrera etaria, por varios a\u00f1os gran parte de \u00a0ellos;\u00a0 \u00a0y \u00a0del \u00a0total \u00a079 \u00a0lo \u00a0hicieron \u00a0en septiembre de 2005 siendo a\u00fan \u00a0menores de edad, la mayor\u00eda de ellos de 17 a\u00f1os. \u00a0\u00a0<\/p>\n<p>As\u00ed, \u00a0puede \u00a0concluirse \u00a0que \u00a0los 309 fueron \u00a0v\u00edctimas, \u00a0y \u00a0todos \u00a0ellos, en la actualidad no s\u00f3lo son mayores de edad, sino \u00a0que \u00a0 tienen \u00a0sus \u00a0propios \u00a0proyectos \u00a0de \u00a0vida, \u00a0como \u00a0indican \u00a0varios \u00a0de \u00a0los \u00a0impugnantes. \u00a0\u00a0<\/p>\n<p>Por tanto no tiene ning\u00fan sentido exigir para \u00a0la \u00a0 concreci\u00f3n \u00a0 del \u00a0desembolso \u00a0del \u00a0pago \u00a0de \u00a0la \u00a0reparaci\u00f3n \u00a0\u2013del que son titulares las v\u00edctimas- el \u00a0cumplimiento \u00a0 de \u00a0 una \u00a0 obligaci\u00f3n \u00a0 condicional \u00a0como \u00a0la \u00a0contenida \u00a0en \u00a0la \u00a0sentencia,\u00a0 \u00a0m\u00e1s a\u00fan cuando la misma est\u00e1 relacionada con aquello que es \u00a0exigible a los desmovilizados, no a las v\u00edctimas. \u00a0\u00a0<\/p>\n<p>En \u00a0consecuencia, \u00a0resulta \u00a0imperioso revocar \u00a0el\u00a0 \u00a0condicionamiento \u00a0que \u00a0se impuso a las v\u00edctimas para poder recibir el \u00a0pago \u00a0en \u00a0menci\u00f3n; \u00a0y \u00a0as\u00ed \u00a0se \u00a0dispondr\u00e1 \u00a0en \u00a0la \u00a0parte \u00a0resolutiva \u00a0de este \u00a0prove\u00eddo; \u00a0 \u00a0y \u00a0 por \u00a0 tanto \u00a0 la \u00a0 expresi\u00f3n\u00a0 \u00a0\u201csolamente \u00a0 cuando \u00a0la \u00a0Agencia \u00a0Colombiana \u00a0para \u00a0la \u00a0Reintegraci\u00f3n o quien haga sus veces, certifique \u00a0que \u00a0las \u00a0v\u00edctimas \u00a0directas han cumplido todo el plan de reinserci\u00f3n previsto \u00a0en \u00a0su \u00a0normatividad. Esto con el fin de garantizar que las v\u00edctimas comprendan \u00a0que \u00a0la \u00a0\u00fanica \u00a0forma \u00a0de \u00a0acceder \u00a0a \u00a0la \u00a0riqueza \u00a0es \u00a0el \u00a0trabajo \u00a0y esfuerzo \u00a0individual.\u00a0 \u00a0En \u00a0el \u00a0caso \u00a0de las personas que ya cumplieron el proceso de \u00a0reinserci\u00f3n\u00a0 \u00a0la \u00a0Sala \u00a0ordena \u00a0entregar las sumas de dinero reconocidas a \u00a0t\u00edtulo \u00a0 \u00a0 \u00a0de \u00a0 \u00a0 \u00a0da\u00f1o \u00a0 \u00a0 moral \u00a0 \u00a0 de \u00a0 \u00a0 manera \u00a0 \u00a0 inmediata\u201d, \u00a0 \u00a0ser\u00e1 \u00a0retirada \u00a0 \u00a0del \u00a0 \u00a0numeral \u00a0 \u00a0sexto \u00a0 de \u00a0 la \u00a0 parte \u00a0 resolutiva \u00a0 del \u00a0 fallo \u00a0apelado. \u00a0\u00a0<\/p>\n<p>Con dicha determinaci\u00f3n se atienden no s\u00f3lo \u00a0motivos \u00a0de \u00a0inconformidad \u00a0de varios impugnantes, sino que adem\u00e1s se responden \u00a0los \u00a0 \u00a0 planteamientos \u00a0 \u00a0 expresados \u00a0 \u00a0por \u00a0 \u00a0las \u00a0 \u00a0agencias \u00a0 \u00a0del \u00a0 \u00a0Estado \u00a0mencionadas. \u00a0\u00a0<\/p>\n<p>En \u00a0ese \u00a0contexto \u00a0la parte pertinente de los \u00a0Principios \u00a0de \u00a0Par\u00eds \u00a0carecen \u00a0de \u00a0aplicabilidad \u00a0toda vez que ya no siendo ni \u00a0cercanamente \u00a0menores de edad, no se estar\u00eda estimulando en manera alguna a sus \u00a0contempor\u00e1neos \u00a0a \u00a0que \u00a0vieran \u00a0la \u00a0guerra \u00a0como \u00a0un proyecto de vida a seguir. \u00a0\u00a0<\/p>\n<p>\u00a0 \u00a0\u00a0<\/p>\n<p>1. Contenido y monto de los perjuicios. \u00a0 \u00a0\u00a0<\/p>\n<p>Siendo \u00a0el \u00a0delito \u00a0una de las fuentes de las \u00a0obligaciones \u00a0seg\u00fan lo se\u00f1alado por el art\u00edculo 1494 del C\u00f3digo Civil, quien \u00a0al \u00a0cometerlo \u00a0infiere \u00a0da\u00f1o \u00a0a \u00a0otro, \u00a0est\u00e1 \u00a0obligado \u00a0a \u00a0indemnizarlo \u00a0(art. \u00a02341),\u00a0 \u00a0constituy\u00e9ndose \u00a0tal \u00a0axioma \u00a0en \u00a0un \u00a0principio \u00a0del \u00a0derecho que \u00a0produce \u00a0consecuencias \u00a0para ambas partes, de suerte que contiene una carga para \u00a0quien da\u00f1a y un derecho para el afectado con la conducta punible. \u00a0\u00a0<\/p>\n<p>En \u00a0 efecto, \u00a0 en \u00a0desarrollo \u00a0del \u00a0proceso \u00a0transicional \u00a0se \u00a0actualiza este principio, con fundamento en el cual acuden las \u00a0v\u00edctimas \u00a0a \u00a0pedir \u00a0verdad, justicia y reparaci\u00f3n, en un contexto generado por \u00a0un \u00a0esfuerzo \u00a0realizado \u00a0por \u00a0el \u00a0Estado, \u00a0en \u00a0cuya virtud se renuncia a algo de \u00a0justicia \u00a0a \u00a0cambio \u00a0de \u00a0verdad \u00a0y \u00a0reparaci\u00f3n para las v\u00edctimas del conflicto \u00a0armado \u00a0que \u00a0ha \u00a0ba\u00f1ado \u00a0de \u00a0sangre \u00a0durante \u00a0varias d\u00e9cadas nuestros campos y \u00a0ciudades. \u00a0\u00a0<\/p>\n<p>\u00a0 \u00a0 \u00a0<\/p>\n<p>1. El obligado a la reparaci\u00f3n individual. \u00a0 \u00a0\u00a0<\/p>\n<p>En \u00a0esa \u00a0l\u00f3gica \u00a0ha \u00a0de \u00a0quedar claro que el \u00a0llamado \u00a0a \u00a0realizar \u00a0la \u00a0reparaci\u00f3n \u00a0es aquel quien con su acci\u00f3n u o misi\u00f3n \u00a0caus\u00f3 \u00a0el \u00a0da\u00f1o; \u00a0siendo \u00a0en particular el escenario del proceso de justicia y \u00a0paz, \u00a0aqu\u00e9l \u00a0en \u00a0el \u00a0que \u00a0los victimarios confiesan sus delitos y reparan a sus \u00a0v\u00edctimas, \u00a0contexto \u00a0en \u00a0el \u00a0cual, \u00a0tambi\u00e9n \u00a0en \u00a0virtud \u00a0de otro principio del \u00a0derecho,\u00a0 \u00a0no \u00a0puede existir enriquecimiento sin causa, lo que\u00a0 supone \u00a0que \u00a0s\u00f3lo \u00a0puede \u00a0ser reparado por una sola vez el titular del derecho da\u00f1ado, \u00a0de \u00a0manera \u00a0tal \u00a0que \u00a0con dicho pago se equilibre la relaci\u00f3n de igualdad\u00a0 \u00a0alterada con el delito. \u00a0\u00a0<\/p>\n<p>Por tanto, s\u00f3lo pueden concurrir a perseguir \u00a0su \u00a0reparaci\u00f3n \u00a0las v\u00edctimas a quienes a\u00fan no se les han resarcido sus da\u00f1os \u00a0a \u00a0efectos \u00a0de \u00a0que \u00a0primero \u00a0se \u00a0les reconozca y luego se les pague; ya que, de \u00a0acuerdo \u00a0con \u00a0el \u00a0inciso \u00a0segundo del art\u00edculo\u00a0 45 de la Ley de Justicia y \u00a0Paz \u00a0\u2013que no hace m\u00e1s que \u00a0actualizar \u00a0 y \u00a0 ratificar \u00a0 la \u00a0 prohibici\u00f3n \u00a0 del\u00a0 \u00a0enriquecimiento \u00a0sin \u00a0causa-, \u201cNadie podr\u00e1 recibir dos veces reparaci\u00f3n \u00a0por \u00a0 \u00a0 \u00a0 \u00a0el \u00a0 \u00a0 \u00a0 \u00a0mismo \u00a0 \u00a0 \u00a0 \u00a0concepto.\u201d30 \u00a0\u00a0<\/p>\n<p>En \u00a0desarrollo \u00a0de \u00a0la \u00a0reparaci\u00f3n \u00a0integral \u00a0contenida \u00a0en \u00a0la \u00a0Ley \u00a0975 \u00a0de \u00a02005 \u00a0el Legislador, en aras de la claridad, ha \u00a0reiterado \u00a0el \u00a0deber \u00a0general \u00a0de reparaci\u00f3n en su art\u00edculo 42 al advertir que \u00a0los \u00a0desmovilizados \u00a0que resulten beneficiados con la pena alternativa tienen la \u00a0obligaci\u00f3n \u00a0de reparar, lo que no supone que los dem\u00e1s, esto es, los que no se \u00a0acojan \u00a0a \u00a0la \u00a0Ley de Justicia y Paz, est\u00e9n exentos de dicha carga; sino que lo \u00a0que \u00a0busca \u00a0la \u00a0norma \u00a0transicional \u00a0es acentuar dicha obligaci\u00f3n en quienes se \u00a0beneficien \u00a0 de \u00a0 un \u00a0tratamiento \u00a0punitivo \u00a0benigno \u00a0como \u00a0consecuencia \u00a0de \u00a0su \u00a0aplicaci\u00f3n. \u00a0\u00a0<\/p>\n<p>La reparaci\u00f3n de la que hablan los art\u00edculos \u00a042 \u00a0al \u00a048 \u00a0de la Ley 975 es sin duda de tipo individual, y se encuentra a cargo \u00a0del \u00a0 perpetrador \u00a0de \u00a0los \u00a0delitos, \u00a0y, \u00a0en \u00a0su \u00a0defecto, \u00a0del \u00a0bloque \u00a0al \u00a0que \u00a0perteneci\u00f3, \u00a0en \u00a0el \u00a0evento \u00a0previsto en el inciso final del art\u00edculo 42; y se \u00a0compone \u00a0de \u00a0los \u00a0deberes \u00a0de \u00a0restituci\u00f3n, \u00a0indemnizaci\u00f3n, \u00a0rehabilitaci\u00f3n y \u00a0satisfacci\u00f3n, se insiste, a cargo del procesado judicialmente. \u00a0\u00a0<\/p>\n<p>Es \u00a0tan \u00a0clara \u00a0esa obligaci\u00f3n en cabeza del \u00a0postulado, \u00a0que \u00a0la Corte ha se\u00f1alado que en caso que medie pronunciamiento por \u00a0parte \u00a0de \u00a0la \u00a0justicia \u00a0ordinaria \u00a0en \u00a0relaci\u00f3n \u00a0con \u00a0la condena en perjuicios \u00a0\u2013a \u00a0partir \u00a0de \u00a0sentencias \u00a0anticipadas, \u00a0por \u00a0ejemplo-, aqu\u00e9lla prevalece sobre la tasaci\u00f3n realizada por \u00a0el \u00a0mismo \u00a0concepto \u00a0por \u00a0el \u00a0juez \u00a0de \u00a0Justicia \u00a0y \u00a0Paz, \u00a0en cuanto se trata de \u00a0cosa juzgada: \u00a0\u00a0<\/p>\n<p>\u201cse \u00a0impone \u00a0acatar \u00a0lo \u00a0all\u00ed \u00a0resuelto \u00a0con \u00a0fuerza \u00a0de \u00a0cosa \u00a0juzgada en relaci\u00f3n con los \u00a0perjuicios \u00a0morales \u00a0ocasionados, de tal forma que si el juez com\u00fan, vencido el \u00a0debido \u00a0proceso, \u00a0los \u00a0tas\u00f3 en suma equivalente a mil salarios m\u00ednimos legales \u00a0mensuales, \u00a0a \u00a0ello debe estarse el fallo censurado, raz\u00f3n por la cual la Corte \u00a0modificar\u00e1 \u00a0lo pertinente, dejando tales perjuicios morales en este tope, no en \u00a0los \u00a0500 \u00a0sueldos \u00a0mencionados \u00a0por \u00a0el \u00a0Tribunal\u201d31 \u00a0\u00a0<\/p>\n<p>. \u00a0<\/p>\n<p>Por tanto, si dentro del proceso transicional \u00a0se \u00a0juzga \u00a0y \u00a0condena \u00a0al \u00a0desmovilizado \u00a0con \u00a0ocasi\u00f3n \u00a0de \u00a0los delitos por \u00e9l \u00a0perpetrados, \u00a0s\u00f3lo \u00a0es \u00e9l quien puede ser destinatario de la condena originada \u00a0en \u00a0su \u00a0confesi\u00f3n \u00a0y \u00a0en \u00a0consecuencia, \u00a0de \u00a0los perjuicios causados con dichos \u00a0punibles \u00a0cometidos \u00a0en el contexto del conflicto armado, m\u00e1xime que la Ley 975 \u00a0de \u00a02005, \u00a0en \u00a0el \u00a0inciso \u00a0cuarto \u00a0de \u00a0su \u00a0art\u00edculo\u00a0 \u00a023\u00a0 \u00a0le \u00a0da \u00a0la \u00a0posibilidad \u00a0de conciliar\u00a0 su valor; no siendo posible que lo aceptado como \u00a0perjuicios \u00a0por \u00a0el \u00a0condenado \u00a0termine \u00a0comprometiendo \u00a0a \u00a0un \u00a0tercero \u00a0que \u00a0no \u00a0particip\u00f3 de dicho acuerdo. \u00a0\u00a0<\/p>\n<p>As\u00ed,\u00a0 \u00a0se puede afirmar que el monto de \u00a0la \u00a0reparaci\u00f3n \u00a0individual \u00a0puede surgir, de la conciliaci\u00f3n o de la tasaci\u00f3n \u00a0judicial, \u00a0y \u00a0el obligado a cancelarla es, en todo caso, el desmovilizado,\u00a0 \u00a0con \u00a0cargo \u00a0al \u00a0Fondo de Reparaci\u00f3n, que se crea como bolsa com\u00fan a la que van \u00a0los \u00a0dineros \u00a0producto \u00a0de \u00a0la \u00a0monetizaci\u00f3n \u00a0de \u00a0los bienes entregados por los \u00a0candidatos \u00a0 \u00a0 a \u00a0 \u00a0 la \u00a0 \u00a0 indulgencia \u00a0 \u00a0 punitiva\u00a0 \u00a0 \u00a0con \u00a0 \u00a0fines \u00a0 \u00a0de \u00a0reparaci\u00f3n. \u00a0\u00a0<\/p>\n<p>\u00a0 \u00a0 \u00a0<\/p>\n<p>1. La reparaci\u00f3n colectiva. \u00a0 \u00a0\u00a0<\/p>\n<p>Es \u00a0el \u00a0reconocimiento \u00a0que \u00a0surge \u00a0de \u00a0las \u00a0necesidades \u00a0originadas \u00a0en \u00a0torno \u00a0del \u00a0perjuicio \u00a0sufrido por una colectividad \u00a0identificada \u00a0 o \u00a0 identificable, \u00a0o \u00a0de \u00a0un \u00a0colectivo \u00a0como \u00a0ni\u00f1os, \u00a0mujeres, \u00a0campesinos, \u00a0v\u00edctimas \u00a0de \u00a0la masacre, desaparecidos o expulsados. Este tipo de \u00a0reparaci\u00f3n \u00a0est\u00e1 \u00a0estrechamente vinculado con la garant\u00eda de no repetici\u00f3n y \u00a0la \u00a0rehabilitaci\u00f3n, \u00a0dado \u00a0que \u00a0en \u00a0el \u00a0horizonte de intervenci\u00f3n se encuentra \u00a0precisamente la comunidad. \u00a0\u00a0<\/p>\n<p>De \u00a0la \u00a0misma \u00a0manera \u00a0que \u00a0la \u00a0reparaci\u00f3n \u00a0individual, \u00a0el \u00a0sujeto \u00a0llamado \u00a0a \u00a0realizar \u00a0la\u00a0 colectiva no es otro que \u00a0quien \u00a0ocasion\u00f3 \u00a0perjuicios \u00a0a \u00a0la \u00a0comunidad, \u00a0esto \u00a0es, el desmovilizado o el \u00a0grupo, \u00a0quienes \u00a0tendr\u00edan \u00a0cargas \u00a0econ\u00f3micas \u00a0y obligaciones relacionadas con \u00a0reparaciones tanto econ\u00f3micas como simb\u00f3licas. \u00a0\u00a0<\/p>\n<p>A su turno, la reparaci\u00f3n a que se obliga al \u00a0Estado \u00a0hace \u00a0parte \u00a0de \u00a0las pol\u00edticas p\u00fablicas y supone, de un lado, que haya \u00a0coherencia \u00a0con \u00a0un \u00a0plan \u00a0de desarrollo, y de otro, que exista el programa y la \u00a0capacidad del Estado de entregarlo a las comunidades. \u00a0\u00a0<\/p>\n<p>Precisamente, \u00a0 de \u00a0 acuerdo \u00a0 con \u00a0la \u00a0ley \u00a0transicional, \u00a0la \u00a0mec\u00e1nica de la reparaci\u00f3n colectiva surge del contenido del \u00a0art\u00edculo 49 de la Ley 975 de 2005 que indica:\u00a0\u00a0 \u00a0\u00a0<\/p>\n<p>\u201cPROGRAMAS \u00a0DE \u00a0REPARACI\u00d3N COLECTIVA. El \u00a0Gobierno, \u00a0 siguiendo \u00a0 las \u00a0 recomendaciones \u00a0 de \u00a0 la \u00a0Comisi\u00f3n \u00a0Nacional \u00a0de \u00a0Reconciliaci\u00f3n \u00a0y \u00a0Reparaciones, \u00a0deber\u00e1 implementar un programa institucional \u00a0de \u00a0reparaci\u00f3n \u00a0colectiva \u00a0que \u00a0comprenda \u00a0acciones \u00a0directamente \u00a0orientadas a \u00a0recuperar \u00a0 la \u00a0 institucionalidad \u00a0 propia \u00a0 del \u00a0 Estado \u00a0 Social \u00a0de \u00a0Derecho \u00a0particularmente \u00a0en \u00a0las \u00a0zonas \u00a0m\u00e1s \u00a0afectadas por la violencia; a recuperar y \u00a0promover \u00a0los \u00a0derechos de los ciudadanos afectados por hechos de violencia, y a \u00a0reconocer y dignificar a las v\u00edctimas de la violencia.\u201d \u00a0\u00a0<\/p>\n<p>De acuerdo con esta norma queda claro que las \u00a0recomendaciones \u00a0de \u00a0la \u00a0Comisi\u00f3n \u00a0Nacional \u00a0de \u00a0Reconciliaci\u00f3n y Reparaciones \u00a0sirven \u00a0de \u00a0insumo \u00a0con el cual el gobierno implementa un programa institucional \u00a0de \u00a0reparaci\u00f3n \u00a0colectiva, orientado a la recuperaci\u00f3n de la institucionalidad \u00a0en \u00a0las \u00a0zonas m\u00e1s afectadas con planes de asistencia social, y a reivindicar a \u00a0las v\u00edctimas.\u00a0 \u00a0\u00a0<\/p>\n<p>Tambi\u00e9n \u00a0que \u00a0el \u00a0Estado Social, en tanto su \u00a0objetivo \u00a0se \u00a0funde \u00a0con \u00a0la \u00a0satisfacci\u00f3n \u00a0de \u00a0los derechos de prestaci\u00f3n, se \u00a0expresa \u00a0con \u00a0los servicios sociales que les presta a las v\u00edctimas, mucho antes \u00a0de \u00a0que fueran beneficiarias de cualquier decisi\u00f3n judicial mediante la cual se \u00a0ordenara \u00a0 la \u00a0 reparaci\u00f3n \u00a0 en \u00a0 su \u00a0favor, \u00a0en \u00a0forma \u00a0de \u00a0reparaci\u00f3n \u00a0y \u00a0de \u00a0rehabilitaci\u00f3n, \u00a0seg\u00fan lo determina el inciso final del art\u00edculo 47 de la Ley \u00a0975 \u00a0de \u00a02005.\u00a0 \u00a0Esto \u00a0es, \u00a0que \u00a0no \u00a0obstante no estar obligado el Estado a \u00a0reparar, \u00a0en tanto no fue el perpetrador de los delitos por los cuales se impone \u00a0la \u00a0condena, \u00a0se vincula con la reparaci\u00f3n y la rehabilitaci\u00f3n a trav\u00e9s de la \u00a0prestaci\u00f3n \u00a0de \u00a0los \u00a0servicios \u00a0sociales que brinda a las v\u00edctimas; lo cual no \u00a0hace \u00a0parte \u00a0de \u00a0la \u00a0sentencia condenatoria, precisamente porque el Estado no es \u00a0sujeto pasivo de la acci\u00f3n penal en el proceso transicional. \u00a0\u00a0<\/p>\n<p>As\u00ed \u00a0las \u00a0cosas \u00a0ha \u00a0de \u00a0quedar claro que el \u00a0llamado \u00a0a \u00a0reparar, \u00a0tanto individual como colectivamente a sus v\u00edctimas es el \u00a0perpetrador \u00a0de \u00a0los \u00a0delitos \u00a0que las ultrajaron y redujeron,\u00a0 tal como lo \u00a0reconoce \u00a0el art\u00edculo 42 y lo impone el 37.3 de la Ley 975 de 2005, que enlista \u00a0como \u00a0uno \u00a0de \u00a0los \u00a0derechos \u00a0de \u00a0las \u00a0v\u00edctimas, el que les asiste \u201cA \u00a0una \u00a0pronta \u00a0e integral reparaci\u00f3n de los da\u00f1os sufridos, a \u00a0cargo del autor o part\u00edcipe del delito.\u201d \u00a0\u00a0<\/p>\n<p>\u00a0 \u00a0<\/p>\n<p>Con \u00a0fundamento \u00a0en \u00a0estos \u00a0presupuestos cabe \u00a0peguntarse, \u00a0 si \u00a0 podr\u00eda \u00a0 condenarse \u00a0al \u00a0pago \u00a0de \u00a0los \u00a0da\u00f1os \u00a0\u2013tanto \u00a0individuales \u00a0como colectivos- a \u00a0quien \u00a0no \u00a0fue \u00a0su causante, y a quien no haya sido declarado judicialmente como \u00a0responsable solidario de los mismos. \u00a0\u00a0<\/p>\n<p>La respuesta a dicho interrogante s\u00f3lo puede \u00a0ser \u00a0de naturaleza negativa. No obstante ello, el Estado, en tanto garante de la \u00a0pol\u00edtica \u00a0p\u00fablica \u00a0orientada \u00a0a la reconciliaci\u00f3n nacional, en desarrollo del \u00a0principio \u00a0de \u00a0solidaridad \u00a0social \u00a0caracter\u00edstico del Estado social, asume una \u00a0parte \u00a0 de \u00a0la \u00a0carga \u00a0impuesta \u00a0al \u00a0desmovilizado, \u00a0a \u00a0la \u00a0espera \u00a0de \u00a0que \u00a0\u00e9l \u00a0directamente \u00a0 la \u00a0pague \u00a0con \u00a0sus \u00a0bienes, \u00a0surgiendo \u00a0la \u00a0relaci\u00f3n \u00a0entre \u00a0la \u00a0reparaci\u00f3n judicial y la administrativa. \u00a0\u00a0<\/p>\n<p>As\u00ed \u00a0lo \u00a0entendi\u00f3 \u00a0la \u00a0Corte Constitucional \u00a0cuando \u00a0 al \u00a0 analizar \u00a0 la \u00a0exequibilidad \u00a0del \u00a0art\u00edculo \u00a054 \u00a0de \u00a0la \u00a0Ley \u00a0975 \u00a0advirti\u00f332 \u00a0\u00a0<\/p>\n<p>\u201cEl \u00a0art\u00edculo \u00a054, bajo examen establece \u00a0que \u00a0el \u00a0fondo \u00a0para la reparaci\u00f3n de las v\u00edctimas estar\u00e1 integrado por todos \u00a0los \u00a0bienes \u00a0o \u00a0recursos que a cualquier t\u00edtulo se entreguen por las personas o \u00a0grupos \u00a0armados \u00a0organizados \u00a0ilegales \u00a0a \u00a0que \u00a0se \u00a0refiere la ley, por recursos \u00a0provenientes \u00a0del \u00a0presupuesto \u00a0nacional \u00a0y \u00a0por donaciones en dinero o especie, \u00a0nacionales \u00a0o \u00a0extranjeras. \u00a0La satisfacci\u00f3n del principio de reparaci\u00f3n exige \u00a0la \u00a0observancia \u00a0de \u00a0un \u00a0orden en la afectaci\u00f3n de los recursos que integran el \u00a0fondo. As\u00ed, los primeros obligados a reparar son los \u00a0perpetradores \u00a0de \u00a0los \u00a0delitos,\u00a0 \u00a0en \u00a0subsidio \u00a0y \u00a0en \u00a0virtud del principio de \u00a0solidaridad, \u00a0el \u00a0grupo \u00a0espec\u00edfico al que pertenezcan los perpetradores. Antes \u00a0de \u00a0acudir \u00a0a \u00a0recursos \u00a0del \u00a0Estado \u00a0para la reparaci\u00f3n de las v\u00edctimas, debe \u00a0exigirse \u00a0a \u00a0los \u00a0perpetradores \u00a0de \u00a0los \u00a0delitos, \u00a0o \u00a0al bloque o frente al que \u00a0pertenecieron, \u00a0 que \u00a0 respondan \u00a0 con \u00a0su \u00a0propio \u00a0patrimonio \u00a0por \u00a0los \u00a0da\u00f1os \u00a0ocasionados \u00a0a las v\u00edctimas de los delitos. El Estado ingresa en esta secuencia \u00a0s\u00f3lo \u00a0en \u00a0un \u00a0papel \u00a0residual \u00a0para \u00a0dar \u00a0una \u00a0cobertura \u00a0a los derechos de las \u00a0v\u00edctimas, \u00a0en especial a aquellas que no cuentan con una decisi\u00f3n judicial que \u00a0fije \u00a0el \u00a0monto \u00a0de \u00a0la indemnizaci\u00f3n al que tienen derecho (inciso segundo del \u00a0art\u00edculo \u00a042 \u00a0de la Ley 975 de 2005) y ante la eventualidad de que los recursos \u00a0de \u00a0 \u00a0los \u00a0 perpetradores \u00a0 sean \u00a0 insuficientes.\u201d \u00a0(Destacado no original) \u00a0\u00a0<\/p>\n<p>Es \u00a0ese \u00a0el \u00a0contexto \u00a0en \u00a0el \u00a0que \u00a0surge \u00a0el \u00a0art\u00edculo 10 de la Ley 1448 de 2011, seg\u00fan el cual: \u00a0\u00a0<\/p>\n<p>\u201cLas \u00a0condenas \u00a0judiciales que ordenen al \u00a0Estado \u00a0reparar \u00a0econ\u00f3micamente \u00a0y de forma subsidiaria a una v\u00edctima debido a \u00a0la \u00a0insolvencia, \u00a0imposibilidad \u00a0de \u00a0pago \u00a0o \u00a0falta \u00a0de \u00a0recursos \u00a0o \u00a0bienes del \u00a0victimario \u00a0condenado \u00a0o del grupo armado organizado al margen de la ley al cual \u00a0este \u00a0 perteneci\u00f3, \u00a0 no \u00a0 implican \u00a0 reconocimiento \u00a0ni \u00a0podr\u00e1n \u00a0presumirse \u00a0o \u00a0interpretarse \u00a0como \u00a0reconocimiento \u00a0de \u00a0la \u00a0responsabilidad del Estado o de sus \u00a0agentes. \u00a0\u00a0<\/p>\n<p>En \u00a0los \u00a0procesos \u00a0penales \u00a0en \u00a0los que sea \u00a0condenado \u00a0el \u00a0victimario, \u00a0si \u00a0el \u00a0Estado \u00a0debe \u00a0concurrir \u00a0subsidiariamente \u00a0a \u00a0indemnizar \u00a0a \u00a0la \u00a0v\u00edctima, \u00a0el pago que este deber\u00e1 reconocer se limitar\u00e1 al \u00a0monto \u00a0establecido \u00a0en \u00a0el \u00a0reglamento \u00a0correspondiente \u00a0para \u00a0la indemnizaci\u00f3n \u00a0individual \u00a0por v\u00eda administrativa de que trata la presente ley en el art\u00edculo \u00a0132, \u00a0sin \u00a0perjuicio \u00a0de la obligaci\u00f3n en cabeza del victimario de reconocer la \u00a0totalidad \u00a0de \u00a0la \u00a0indemnizaci\u00f3n \u00a0o \u00a0reparaci\u00f3n \u00a0decretada \u00a0dentro del proceso \u00a0judicial.\u201d \u00a0\u00a0<\/p>\n<p>Tambi\u00e9n el contenido del Decreto 1290 de 2008 \u00a0y \u00a0 \u00a0del \u00a0 \u00a04800 \u00a0 \u00a0de \u00a0 \u00a02011 \u00a0 que \u00a0 lo \u00a0 deroga33 \u00a0\u00a0<\/p>\n<p>, se originan en el mismo marco justificativo \u00a0de \u00a0la \u00a0presencia \u00a0del \u00a0Estado \u00a0social \u00a0en \u00a0su expresi\u00f3n de solidaridad con las \u00a0v\u00edctimas \u00a0del conflicto armado; siendo precisamente una de las motivaciones del \u00a0\u00faltimo de los decretos mencionados la siguiente: \u00a0\u00a0<\/p>\n<p>\u201cQue \u00a0adem\u00e1s \u00a0de la reparaci\u00f3n judicial \u00a0establecida \u00a0en \u00a0la Ley 975 del 25 de julio de 2005 de Justicia y Paz, es viable \u00a0que \u00a0el Estado, dentro del principio de solidaridad y la obligaci\u00f3n residual de \u00a0reparar \u00a0pueda establecer un procedimiento administrativo para reparar de manera \u00a0anticipada \u00a0a \u00a0las \u00a0v\u00edctimas \u00a0de los grupos armados organizados al margen de la \u00a0ley, \u00a0sin perjuicio de la obligaci\u00f3n de hacerlo que tienen los victimarios y el \u00a0derecho de repetici\u00f3n del Estado contra estos;\u201d \u00a0\u00a0<\/p>\n<p>As\u00ed, \u00a0mientras \u00a0que \u00a0la \u00a0naturaleza \u00a0de \u00a0la \u00a0reparaci\u00f3n \u00a0judicial se corresponde con el reconocimiento a partir de la prueba \u00a0del \u00a0nexo \u00a0entre \u00a0da\u00f1o \u00a0causado \u00a0con \u00a0el \u00a0delito y el perjuicio ocasionado a la \u00a0v\u00edctima; \u00a0la \u00a0reparaci\u00f3n \u00a0administrativa \u00a0es una expresi\u00f3n de solidaridad del \u00a0Estado \u00a0social \u00a0que tiene como prop\u00f3sito solventar los m\u00ednimos humanitarios de \u00a0las \u00a0v\u00edctimas \u00a0que \u00a0cobija, \u00a0de manera que no es un regalo sino una obligaci\u00f3n \u00a0que \u00a0 \u00a0tiene \u00a0 \u00a0en \u00a0 \u00a0desarrollo \u00a0 del \u00a0 enfoque \u00a0 diferencial \u00a0 a \u00a0 que \u00a0 est\u00e1 \u00a0obligado. \u00a0\u00a0<\/p>\n<p>La \u00a0 reparaci\u00f3n \u00a0 judicial \u00a0 es, \u00a0en\u00a0 \u00a0consecuencia,\u00a0 \u00a0una \u00a0declaraci\u00f3n \u00a0judicial \u00a0de \u00a0los \u00a0perjuicios probados o \u00a0consensuados, \u00a0siendo \u00a0el \u00a0incidente el escenario para ello;\u00a0 estando claro \u00a0que \u00a0la \u00a0conciliaci\u00f3n \u00a0tiene \u00a0como presupuesto la voluntad del desmovilizado de \u00a0pagar el monto de los perjuicios acordado con sus v\u00edctimas. \u00a0\u00a0<\/p>\n<p>El fondo creado con los bienes entregados por \u00a0los \u00a0desmovilizados \u00a0con fines de reparaci\u00f3n, constituye la masa que si bien no \u00a0es \u00a0de \u00a0propiedad \u00a0del Estado, \u00e9ste asume, por virtud de la ley, la obligaci\u00f3n \u00a0de \u00a0administrar, proteger y monetizar; que de ser suficientes para reparar a las \u00a0v\u00edctimas, \u00a0el \u00a0Estado \u00a0no \u00a0tendr\u00eda que concurrir a pagar la indemnizaci\u00f3n por \u00a0v\u00eda administrativa. \u00a0\u00a0<\/p>\n<p>En \u00a0caso \u00a0contrario, \u00a0de \u00a0no \u00a0alcanzar \u00a0dicho \u00a0contenido \u00a0patrimonial \u00a0para \u00a0pagar \u00a0los \u00a0montos reconocidos en las sentencias a \u00a0cargo \u00a0de los desmovilizados, aparece el Estado con su expresi\u00f3n de solidaridad \u00a0con \u00a0las \u00a0v\u00edctimas, \u00a0a \u00a0entregar unos valores, que no son los mismos declarados \u00a0judicialmente, \u00a0sino \u00a0que \u00a0son \u00a0unos \u00a0topes \u00a0m\u00ednimos que tienen que ver con las \u00a0necesidades \u00a0que \u00a0se \u00a0pueden \u00a0graduar \u00a0por \u00a0v\u00eda administrativa; que es a lo que \u00a0est\u00e1 destinado, precisamente el mencionado Decreto 4800 de 2011. \u00a0\u00a0<\/p>\n<p>Las \u00a0condenas que se producen en el escenario \u00a0de \u00a0justicia \u00a0y \u00a0paz, \u00a0deben, \u00a0por \u00a0tanto, incluir la obligaci\u00f3n subsidiaria de \u00a0reparaci\u00f3n \u00a0impuesta \u00a0al \u00a0Estado, \u00a0en \u00a0el \u00a0evento \u00a0que \u00a0las \u00a0personas naturales \u00a0condenadas \u00a0no \u00a0cumplan \u00a0directamente con su obligaci\u00f3n reparadora o cuando los \u00a0bienes \u00a0 \u00a0 entregados \u00a0 \u00a0 por \u00a0 \u00a0 ellos \u00a0 \u00a0 para \u00a0 \u00a0dicho \u00a0 \u00a0efecto, \u00a0 \u00a0resulten \u00a0insuficientes. \u00a0\u00a0<\/p>\n<p>Dicha \u00a0condena en subsidiariedad \u2013o \u00a0mejor, \u00a0con car\u00e1cter residual, como \u00a0la \u00a0califica la Corte Constitucional- al Estado, no implica, como lo advierte la \u00a0norma \u00a0transcrita, \u00a0reconocimiento alguno de su responsabilidad en las conductas \u00a0punibles \u00a0por \u00a0las \u00a0que \u00a0se \u00a0procede; \u00a0raz\u00f3n \u00a0por \u00a0la \u00a0cual \u00a0el \u00a0monto de dicha \u00a0indemnizaci\u00f3n \u00a0no ha de realizarse con fundamento en los valores reconocidos en \u00a0la \u00a0 \u00a0sentencia \u00a0 \u00a0\u2013cuyo \u00a0destinatario \u00a0 directo \u00a0es \u00a0el \u00a0desmovilizado \u00a0condenado- \u00a0sino \u00a0en \u00a0los \u00a0montos \u00a0determinados \u00a0en \u00a0el reglamento seg\u00fan se menciona en el art\u00edculo 132 de la Ley \u00a0de V\u00edctimas y\u00a0 desarrolla el Decreto 4800 de 2011. \u00a0\u00a0<\/p>\n<p>As\u00ed las cosas, la reparaci\u00f3n subsidiaria que \u00a0realiza \u00a0el \u00a0Estado, \u00a0esto es, la indemnizaci\u00f3n por v\u00eda administrativa, es una \u00a0parte \u00a0 del \u00a0valor \u00a0asignado \u00a0como \u00a0el \u00a0monto \u00a0que \u00a0el \u00a0condenado \u00a0en \u00a0sentencia \u00a0transicional \u00a0 est\u00e1 \u00a0obligado \u00a0a \u00a0cancelar \u00a0por \u00a0efecto \u00a0del \u00a0fallo34; la cual, en \u00a0el \u00a0evento \u00a0que el desmovilizado cancelare la totalidad de tal valor, se deber\u00e1 \u00a0descontar \u00a0la \u00a0porci\u00f3n \u00a0ya pagada por el Estado por la v\u00eda administrativa para \u00a0no \u00a0 \u00a0generar \u00a0 un \u00a0 enriquecimiento \u00a0 sin \u00a0 causa35 \u00a0\u00a0<\/p>\n<p>; \u00a0teniendo \u00a0en \u00a0todo \u00a0caso \u00a0el \u00a0Estado \u00a0la \u00a0posibilidad \u00a0de \u00a0repetir contra el condenado que no cancel\u00f3 los perjuicios cuyo \u00a0pago le fuera impuesto mediante la sentencia. \u00a0\u00a0<\/p>\n<p>De \u00a0 manera \u00a0 que \u00a0 no \u00a0puede \u00a0hablarse \u00a0de \u00a0concurrencia \u00a0de \u00a0indemnizaciones, \u00a0cuando \u00a0en \u00a0realidad la administrativa es la \u00a0porci\u00f3n \u00a0con que concurre el Estado a cumplir su solidaridad con las v\u00edctimas, \u00a0frente \u00a0 a \u00a0la \u00a0insolvencia, \u00a0incapacidad \u00a0o \u00a0falta \u00a0de \u00a0voluntad \u00a0de \u00a0pago \u00a0del \u00a0desmovilizado \u00a0 condenado, \u00a0quien \u00a0s\u00ed \u00a0tiene \u00a0la \u00a0obligaci\u00f3n \u00a0de \u00a0cancelar \u00a0la \u00a0totalidad de los perjuicios probados en el proceso judicial. \u00a0\u00a0<\/p>\n<p>Por \u00a0tanto, \u00a0en \u00a0tal sentido se corregir\u00e1 la \u00a0sentencia \u00a0apelada, \u00a0lo \u00a0mismo que se modificar\u00e1n las \u00f3rdenes relacionadas con \u00a0la \u00a0reparaci\u00f3n \u00a0colectiva \u00a0a \u00a0la \u00a0que \u00a0finalmente \u00a0se \u00a0condena al Estado, en el \u00a0entendido\u00a0 \u00a0que, \u00a0como \u00a0se advirti\u00f3 anteriormente, la forma en que aparece \u00a0el \u00a0Estado \u00a0es \u00a0por \u00a0la \u00a0v\u00eda \u00a0de \u00a0las \u00a0pol\u00edticas \u00a0p\u00fablicas en cuyo dise\u00f1o no \u00a0intervienen \u00a0los \u00a0jueces; \u00a0y \u00a0por \u00a0tanto \u00a0las \u00a0\u00f3rdenes \u00a0ser\u00e1n \u00a0modificadas por \u00a0exhortaciones. \u00a0\u00a0<\/p>\n<p>\u00a0 \u00a0 \u00a0<\/p>\n<p>1. Del lucro cesante \u00a0 \u00a0\u00a0<\/p>\n<p>Corresponde ahora enfrentar el cargo propuesto \u00a0contra \u00a0la \u00a0sentencia \u00a0apelada por varios de los impugnantes, seg\u00fan el cual, ha \u00a0de \u00a0 presumirse \u00a0 que \u00a0 los \u00a0 menores \u00a0 reclutados \u00a0 il\u00edcitamente \u00a0devengaban \u00a0un \u00a0salario m\u00ednimo mensual al momento en que ingresaron \u00a0al \u00a0grupo \u00a0armado al margen de la ley, y por tanto debe \u00a0reconocerse en su favor el lucro cesante. \u00a0\u00a0<\/p>\n<p>La \u00a0Sala \u00a0encuentra \u00a0necesario \u00a0precisar, \u00a0en \u00a0principio, \u00a0que \u00a0lo que est\u00e1 en discusi\u00f3n es si\u00a0 puede presumirse que los \u00a0entonces \u00a0menores \u00a0de \u00a0edad, \u00a0al \u00a0momento \u00a0de \u00a0ingresar \u00a0al grupo armado ilegal, \u00a0devengaban \u00a0un \u00a0salario \u00a0m\u00ednimo \u00a0legal \u00a0mensual, \u00a0el cual no pudo seguir siendo \u00a0percibido \u00a0como \u00a0consecuencia de su incorporaci\u00f3n a las AUC. Esto por cuanto en \u00a0manera \u00a0alguna \u00a0se puede analizar la posibilidad de que el \u201csalario\u201d que los \u00a0j\u00f3venes \u00a0reclutados debieron recibir, como consecuencia del cumplimiento de una \u00a0\u201clabor\u201d \u00a0al \u00a0interior \u00a0de \u00a0los \u00a0grupos \u00a0paramilitares pudiera ser materia de \u00a0reconocimiento \u00a0en \u00a0esta sentencia; por ser una actividad abiertamente il\u00edcita, \u00a0al \u00a0punto \u00a0que \u00a0dicho reclutamiento es considerado como un crimen internacional, \u00a0por \u00a0ser atentatorio del Derecho Internacional Humanitario, y por tanto no puede \u00a0ser \u00a0 \u00a0fuente \u00a0 \u00a0l\u00edcita \u00a0 de \u00a0 ingresos, \u00a0 y \u00a0 mucho \u00a0 menos \u00a0 trat\u00e1ndose \u00a0 de \u00a0ni\u00f1os. \u00a0\u00a0<\/p>\n<p>En \u00a0el \u00a0mismo sentido esta Corte ha sostenido \u00a0que:\u00a0 \u00a0\u00a0<\/p>\n<p>\u201cel \u00a0 lucro \u00a0cesante \u00a0como \u00a0derecho \u00a0leg\u00edtimo \u00a0debe \u00a0partir \u00a0de \u00a0un beneficio l\u00edcito, en el \u00a0entendido \u00a0de \u00a0que habr\u00e1 lugar a disfrutar de \u00e9l porque se trata de un bien no \u00a0prohibido \u00a0por \u00a0la \u00a0ley, \u00a0lo cual, por el contrario, le brinda protecci\u00f3n, y la \u00a0legislaci\u00f3n \u00a0mal \u00a0puede \u00a0amparar recursos logrados a trav\u00e9s de las actividades \u00a0realizadas \u00a0(\u2026) \u00a0en \u00a0su \u00a0condici\u00f3n \u00a0de integrantes de las AUC\u201d.36 \u00a0\u00a0<\/p>\n<p>Para \u00a0fundamentar \u00a0la \u00a0tesis \u00a0tra\u00edda por los \u00a0apelantes \u00a0en \u00a0este sentido, seg\u00fan la cual habr\u00eda de presumirse que al momento \u00a0de \u00a0ingresar \u00a0al \u00a0grupo \u00a0armado \u00a0los j\u00f3venes en cuesti\u00f3n devengaban un salario \u00a0m\u00ednimo, \u00a0se \u00a0acude \u00a0a \u00a0la aplicaci\u00f3n del art\u00edculo 115 de la Ley 1098 de 2006, \u00a0para \u00a0afirmar \u00a0que \u00a0la \u00a0remuneraci\u00f3n \u00a0que \u00a0recibe \u00a0un \u00a0adolescente \u00a0trabajador, \u00a0en\u00a0 ning\u00fan caso ser\u00e1 inferior a un salario m\u00ednimo. \u00a0\u00a0<\/p>\n<p>Para \u00a0empezar, \u00a0resulta oportuno recordar que \u00a0los \u00a0309 j\u00f3venes salieron de las autodefensas en distintas fechas, los \u00faltimos \u00a0haci\u00e9ndolo \u00a0en \u00a0el \u00a0mes \u00a0de agosto del 2006, seg\u00fan se observa en la foliatura, \u00a0siendo \u00a0la \u00a0gran \u00a0mayor\u00eda \u00a0de ellos ya mayores de edad para dicho tiempo;\u00a0 \u00a0por \u00a0lo \u00a0que \u00a0no \u00a0resulta \u00a0aplicable \u00a0la norma contenida en el art\u00edculo 115 del \u00a0llamado \u00a0C\u00f3digo \u00a0de \u00a0la \u00a0Infancia y la Adolescencia37, \u00a0por \u00a0cuanto dicho estatuto \u00a0normativo \u00a0entr\u00f3 \u00a0en \u00a0vigencia \u00a0el 8 de mayo de 2007, seis meses despu\u00e9s de su \u00a0promulgaci\u00f3n, seg\u00fan lo advertido por su art\u00edculo 216. \u00a0\u00a0<\/p>\n<p>En \u00a0segundo t\u00e9rmino, es conveniente recordar \u00a0que \u00a0el \u00a0mundo \u00a0civilizado \u00a0aboga \u00a0por \u00a0la \u00a0erradicaci\u00f3n del trabajo infantil y \u00a0juvenil, \u00a0como \u00a0mecanismo \u00a0orientado \u00a0a \u00a0que dicha poblaci\u00f3n complete de manera \u00a0\u00f3ptima \u00a0 \u00a0su \u00a0 \u00a0ciclo \u00a0 \u00a0de \u00a0 \u00a0formaci\u00f3n, \u00a0 \u00a0tanto\u00a0 \u00a0 \u00a0acad\u00e9mica \u00a0 \u00a0como \u00a0afectiva. \u00a0\u00a0<\/p>\n<p>El \u00a0mundo \u00a0espera que su ni\u00f1ez y juventud se \u00a0forme \u00a0en \u00a0la \u00a0escuela \u00a0y \u00a0en \u00a0la \u00a0familia.\u00a0 \u00a0Esta perspectiva \u00e9tica de la \u00a0civilizaci\u00f3n \u00a0se afianza en el derecho que limita y cuestiona dicha posibilidad \u00a0del \u00a0trabajo \u00a0infantil \u00a0y juvenil, al punto que controla el n\u00famero de horas que \u00a0podr\u00eda \u00a0laborar alguien que no ha llegado a su mayor\u00eda de edad, adem\u00e1s que se \u00a0le \u00a0exige \u00a0permiso \u00a0de \u00a0la \u00a0autoridad administrativa encargada de su vigilancia, \u00a0todo con el prop\u00f3sito de desestimular dicha labor. \u00a0\u00a0<\/p>\n<p>La \u00a0presunci\u00f3n \u00a0de derecho es la tarifaci\u00f3n \u00a0legal \u00a0de un hecho con la pretensi\u00f3n de su valoraci\u00f3n judicial, pero ha de ser \u00a0de \u00a0un \u00a0hecho \u00a0aceptado por la comunidad, al punto que la raz\u00f3n aconseje que se \u00a0presuma \u00a0su \u00a0existencia y se facilite su prueba. Pues bien, eso no sucede con el \u00a0trabajo \u00a0infantil, \u00a0precisamente \u00a0porque \u00a0la \u00a0Convenci\u00f3n \u00a0para los Derechos del \u00a0Ni\u00f1o, \u00a0 \u00a0 el \u00a0 \u00a0 Convenio \u00a0 \u00a0162 \u00a0 \u00a0\u2013entre \u00a0otros- de la OIT buscan la erradicaci\u00f3n del trabajo infantil \u00a0y \u00a0juvenil; y en ese contexto la comunidad internacional fij\u00f3 el 12 de junio de \u00a0cada \u00a0a\u00f1o \u00a0como \u00a0el \u00a0d\u00eda \u00a0mundial contra el trabajo infantil y la legislaci\u00f3n \u00a0colombiana \u00a0lo \u00a0hizo \u00a0con el 12 del mismo mes. Esos d\u00edas se reflexiona sobre el \u00a0imperativo \u00e9tico de erradicar el trabajo infantil. \u00a0\u00a0<\/p>\n<p>Por \u00a0tal raz\u00f3n no queda opci\u00f3n distinta que \u00a0denegar las pretensiones relacionadas con el lucro cesante. \u00a0\u00a0<\/p>\n<p>\u00a0 \u00a0 \u00a0<\/p>\n<p>1. Frente al monto de los perjuicios. \u00a0 \u00a0\u00a0<\/p>\n<p>La \u00a0Sala \u00a0recuerda a los censores que corre a \u00a0cargo \u00a0del \u00a0impugnante \u00a0indicar \u00a0en \u00a0su recurso cu\u00e1les son los argumentos de su \u00a0disenso \u00a0 y \u00a0 las \u00a0 razones \u00a0 de \u00a0 orden \u00a0jur\u00eddico \u00a0y \u00a0probatorio \u00a0en \u00a0que \u00a0los \u00a0soporta. \u00a0\u00a0<\/p>\n<p>Frente \u00a0 al \u00a0 monto \u00a0 de \u00a0 los \u00a0 perjuicios \u00a0morales, \u00a0 el \u00a0 argumento \u00a0 en \u00a0 que \u00a0se \u00a0soporta \u00a0su \u00a0inconformidad \u00a0se limita a cuestionar el valor de lo asignado por el \u00a0a \u00a0quo \u00a0por \u00a0cuanto \u00a0se califica de muy \u00a0reducido \u00a0y \u00a0tal \u00a0vez \u00a0menor \u00a0del que el Consejo de Estado reconocer\u00eda; sin dar \u00a0argumentos con fundamento en los cuales deber\u00edan ampliarse. \u00a0\u00a0<\/p>\n<p>En lo referente a los perjuicios originados en \u00a0el \u00a0da\u00f1o a la vida de relaci\u00f3n, el Tribunal los niega \u00a0por \u00a0considerar \u00a0que \u00a0no \u00a0se \u00a0prob\u00f3 \u00a0en \u00a0detalle \u00a0y con precisi\u00f3n cu\u00e1l era el \u00a0proyecto \u00a0de \u00a0vida \u00a0que \u00a0por el reclutamiento il\u00edcito se vio truncado y en qu\u00e9 \u00a0condiciones \u00a0y \u00a0con \u00a0cu\u00e1les \u00a0consecuencias; lo cual fue impugnado pero tambi\u00e9n \u00a0con \u00a0un \u00a0discurso \u00a0gen\u00e9rico, \u00a0sin \u00a0vencer los argumentos contenidos en el fallo \u00a0apelado. \u00a0\u00a0<\/p>\n<p>Por \u00a0la \u00a0carencia \u00a0de argumentos orientados a \u00a0enfrentar \u00a0las \u00a0razones \u00a0contenidas en la sentencia impugnada, se denegar\u00e1n las \u00a0pretensiones de los apelantes en estos aspectos. \u00a0\u00a0<\/p>\n<p>La \u00a0misma \u00a0suerte \u00a0correr\u00e1 \u00a0la inconformidad \u00a0relacionada \u00a0con \u00a0la \u00a0diferencia entre el monto de los perjuicios morales de las \u00a0ni\u00f1as \u00a0y \u00a0los \u00a0ni\u00f1os, \u00a0de \u00a0la cual se dice que es inequitativa y generadora de \u00a0discriminaci\u00f3n \u00a0de \u00a0g\u00e9nero, \u00a0sin \u00a0indicar \u00a0con \u00a0precisi\u00f3n \u00a0ni suficiencia las \u00a0razones \u00a0por \u00a0las \u00a0cuales \u00a0deber\u00edan ser iguales unas y otras, y sin enfrentar y \u00a0vencer \u00a0el \u00a0argumento \u00a0del \u00a0Tribunal, \u00a0seg\u00fan \u00a0el cual, las ni\u00f1as reclutadas se \u00a0encuentran en mayor condici\u00f3n de vulnerabilidad que los ni\u00f1os. \u00a0\u00a0<\/p>\n<p>\u00a0 \u00a0\u00a0<\/p>\n<p>1. Frente a las omisiones de la sentencia. \u00a0 \u00a0\u00a0<\/p>\n<p>Varios de los impugnantes relacionan una serie \u00a0de \u00a0peticiones \u00a0hechas \u00a0en \u00a0el \u00a0incidente \u00a0de \u00a0reparaci\u00f3n integral, las cuales, \u00a0afirman, \u00a0se \u00a0quedaron \u00a0sin \u00a0respuesta \u00a0en \u00a0la \u00a0sentencia \u00a0objeto de apelaci\u00f3n. \u00a0\u00a0<\/p>\n<p>Ellas fueron las siguientes: \u00a0<\/p>\n<p>\u00a0 \u00a0\u00a0<\/p>\n<p>1. De \u00a0la \u00a0primera apelaci\u00f3n relacionada en esta providencia, quedaron \u00a0sin respuesta los siguientes aspectos, seg\u00fan dice la impugnante: \u00a0 \u00a0\u00a0<\/p>\n<p>-Respecto \u00a0 del \u00a0 reclutamiento \u00a0del \u00a0joven \u00a0Eduard \u00a0Murillo \u00a0Moreno, dice \u00a0la \u00a0censora \u00a0que \u00a0nada \u00a0se \u00a0dijo \u00a0de \u00a0la calidad de v\u00edctima indirecta del joven \u00a0Geifer \u00a0Rivas \u00a0Palacio, \u00a0ni de su eventual reparaci\u00f3n; lo mismo que frente a la \u00a0v\u00edctima \u00a0directa del reclutamiento, joven Ludis Esther \u00a0Atencio \u00a0Montoya, la sentencia guard\u00f3 silencio respeto \u00a0de \u00a0la \u00a0reparaci\u00f3n \u00a0a \u00a0favor \u00a0de \u00a0la madre de crianza, se\u00f1ora Celis Villalobos \u00a0Ayala. \u00a0\u00a0<\/p>\n<p>En relaci\u00f3n con estos cuestionamientos de la \u00a0sentencia \u00a0apelada, \u00a0hay \u00a0que \u00a0decir \u00a0que \u00a0en el p\u00e1rrafo 819 se menciona que en \u00a0varias \u00a0ocasiones \u00a0se \u00a0reconocieron derechos a acudientes de los menores a pesar \u00a0de \u00a0la \u00a0ausencia del v\u00ednculo consangu\u00edneo con \u00e9stos, pero que en los casos en \u00a0que \u00a0se \u00a0neg\u00f3, como en los mencionados, tal decisi\u00f3n se motiv\u00f3 en la ausencia \u00a0de \u00a0las \u00a0formalidades \u00a0en \u00a0los \u00a0poderes \u00a0con \u00a0fundamento \u00a0en \u00a0los \u00a0cuales se les \u00a0representaba. \u00a0 \u00a0As\u00ed \u00a0 \u00a0sucedi\u00f3 \u00a0 \u00a0con \u00a0 Geifer \u00a0 Rivas \u00a0 Palacios38 y la se\u00f1ora \u00a0Celis \u00a0 \u00a0 \u00a0 \u00a0 \u00a0 Villalobos \u00a0 \u00a0 \u00a0 \u00a0 \u00a0 Ayala39. \u00a0\u00a0<\/p>\n<p>Sin embargo, tal argumento no fue rebatido por \u00a0la \u00a0 apelante, \u00a0 por \u00a0 lo \u00a0 cual \u00a0la \u00a0decisi\u00f3n \u00a0no \u00a0ser\u00e1 \u00a0modificada \u00a0en \u00a0este \u00a0aspecto. \u00a0\u00a0<\/p>\n<p>La \u00a0sentencia \u00a0tambi\u00e9n \u00a0dej\u00f3 \u00a0de \u00a0resolver \u00a0algunas \u00a0 peticiones \u00a0hechas \u00a0en \u00a0el \u00a0momento \u00a0procesal \u00a0oportuno, \u00a0advierte \u00a0la \u00a0apelante, \u00a0relacionadas \u00a0con la reivindicaci\u00f3n solemne de la reputaci\u00f3n de las \u00a0v\u00edctimas, \u00a0dada \u00a0la \u00a0estigmatizaci\u00f3n \u00a0de \u00a0que \u00a0son \u00a0objeto; \u00a0censura que queda \u00a0superada \u00a0con \u00a0las consideraciones contenidas en este prove\u00eddo, seg\u00fan el cual, \u00a0se \u00a0reconoce \u00a0claramente \u00a0la \u00a0condici\u00f3n \u00a0de \u00a0v\u00edctimas de todos los menores que \u00a0padecieron el reclutamiento forzado. \u00a0\u00a0<\/p>\n<p>\u00a0 \u00a0\u00a0<\/p>\n<p>1. En \u00a0la segunda apelaci\u00f3n se afirma que quedaron sin respuesta en la \u00a0sentencia los siguientes aspectos: \u00a0 \u00a0 \u00a0\u00a0<\/p>\n<p>* Que \u00a0las siguientes v\u00edctimas no fueron reparadas: \u00a0 \u00a0\u00a0<\/p>\n<p>V\u00edctima indirecta \u00a0 \u00a0 \u00a0 \u00a0 \u00a0 \u00a0<\/p>\n<p>\u00a0 \u00a0<\/p>\n<p>Nivel de parentesco \u00a0 \u00a0 \u00a0 \u00a0 \u00a0 \u00a0<\/p>\n<p>\u00a0 \u00a0<\/p>\n<p>V\u00edctima \u00a0 directa \u00a0 del \u00a0 reclutamiento \u00a0il\u00edcito \u00a0<\/p>\n<p>Mar\u00eda Diela \u00a0Cardona \u00a0\u00a0 \u00a0 \u00a0 \u00a0 \u00a0 \u00a0<\/p>\n<p>Madre \u00a0\u00a0 \u00a0 \u00a0 \u00a0 \u00a0 \u00a0<\/p>\n<p>\u00a0 \u00a0<\/p>\n<p>Jhonatan Carmona \u00a0<\/p>\n<p>Edier Smith \u00a0Carmona \u00a0\u00a0 \u00a0 \u00a0 \u00a0 \u00a0 \u00a0<\/p>\n<p>Hermano \u00a0<\/p>\n<p>Gloria \u00a0Ben\u00edtez Carmona \u00a0\u00a0 \u00a0 \u00a0 \u00a0 \u00a0 \u00a0<\/p>\n<p>Hermana \u00a0<\/p>\n<p>Regina \u00a0de \u00a0Le\u00f3n C\u00f3rdoba \u00a0\u00a0 \u00a0 \u00a0 \u00a0 \u00a0 \u00a0<\/p>\n<p>Madre \u00a0\u00a0 \u00a0 \u00a0 \u00a0 \u00a0 \u00a0<\/p>\n<p>\u00a0 \u00a0<\/p>\n<p>\u00c1ngel Jair Mosquera \u00a0<\/p>\n<p>De Le\u00f3n \u00a0<\/p>\n<p>Tania Tamayo \u00a0C\u00f3rdoba \u00a0\u00a0 \u00a0 \u00a0 \u00a0 \u00a0 \u00a0<\/p>\n<p>T\u00eda \u00a0<\/p>\n<p>Norys \u00a0C\u00f3rdoba \u00a0\u00a0 \u00a0 \u00a0 \u00a0 \u00a0 \u00a0<\/p>\n<p>Abuela \u00a0<\/p>\n<p>Luis Olier \u00a0P\u00e9rez \u00a0\u00a0 \u00a0 \u00a0 \u00a0 \u00a0 \u00a0<\/p>\n<p>Padre \u00a0\u00a0 \u00a0 \u00a0 \u00a0 \u00a0 \u00a0<\/p>\n<p>\u00a0 \u00a0<\/p>\n<p>\u00d3scar Manuel P\u00e9rez \u00a0<\/p>\n<p>\u00c1lvarez \u00a0<\/p>\n<p>Diana Milena \u00a0P\u00e9rez \u00c1lvarez \u00a0\u00a0 \u00a0 \u00a0 \u00a0 \u00a0 \u00a0<\/p>\n<p>Hermana \u00a0<\/p>\n<p>Ana \u00a0Luisa \u00a0\u00c1lvarez \u00a0\u00a0 \u00a0 \u00a0 \u00a0 \u00a0 \u00a0<\/p>\n<p>Madre \u00a0<\/p>\n<p>Luis P\u00e9rez \u00a0\u00c1lvarez \u00a0\u00a0 \u00a0 \u00a0 \u00a0 \u00a0 \u00a0<\/p>\n<p>Hermano \u00a0<\/p>\n<p>Rosicler \u00a0P\u00e9rez \u00c1lvarez \u00a0\u00a0 \u00a0 \u00a0 \u00a0 \u00a0 \u00a0<\/p>\n<p>Hermana \u00a0<\/p>\n<p>Jos\u00e9 Luis M. \u00a0P\u00e9rez \u00c1lvarez \u00a0\u00a0 \u00a0 \u00a0 \u00a0 \u00a0 \u00a0<\/p>\n<p>Hermano \u00a0<\/p>\n<p>Jes\u00fas Manuel \u00a0P\u00e9rez \u00c1. \u00a0\u00a0 \u00a0 \u00a0 \u00a0 \u00a0 \u00a0<\/p>\n<p>Hermano \u00a0<\/p>\n<p>Jos\u00e9 Luis \u00a0P\u00e9rez \u00c1lvarez \u00a0\u00a0 \u00a0 \u00a0 \u00a0 \u00a0 \u00a0<\/p>\n<p>Hermano \u00a0<\/p>\n<p>Celia Rosa \u00a0Su\u00e1rez \u00a0\u00a0 \u00a0 \u00a0 \u00a0 \u00a0 \u00a0<\/p>\n<p>Abuela \u00a0de \u00a0crianza \u00a0\u00a0 \u00a0 \u00a0 \u00a0 \u00a0 \u00a0<\/p>\n<p>Rub\u00e9n Feria \u00a0Bravo \u00a0<\/p>\n<p>Benito \u00a0Cardona Beltr\u00e1n \u00a0\u00a0 \u00a0 \u00a0 \u00a0 \u00a0 \u00a0<\/p>\n<p>Padre \u00a0\u00a0 \u00a0 \u00a0 \u00a0 \u00a0 \u00a0<\/p>\n<p>Benito Cardona \u00a0Renter\u00eda \u00a0<\/p>\n<p>\u00a0 \u00a0\u00a0<\/p>\n<p>* As\u00ed \u00a0mismo, \u00a0que \u00a0no \u00a0fueron \u00a0reconocidos \u00a0tanto \u00a0los \u00a0perjuicios \u00a0morales \u00a0como \u00a0los \u00a0originados \u00a0en el da\u00f1o a la vida de relaci\u00f3n de \u00c1ngel Jair Mosquera de Le\u00f3n, \u00a0quien \u00a0perdi\u00f3 \u00a0m\u00e1s \u00a0del 60 % de su pierna derecha, y Benito Cardona Renter\u00eda, \u00a0quien \u00a0 sufri\u00f3 \u00a0 p\u00e9rdida \u00a0 permanente \u00a0 de \u00a0 la \u00a0 movilidad \u00a0 de \u00a0 su \u00a0 pierna \u00a0izquierda. \u00a0 \u00a0\u00a0<\/p>\n<p>La Sala pudo constatar que es cierto que en el \u00a0caso \u00a0 \u00a0del \u00a0 menor \u00a0 Jonathan \u00a0 Carmona, \u00a0hubo \u00a0pronunciamiento sobre las pretensiones a favor de la victima \u00a0directa \u00a0(Sesi\u00f3n \u00a0de \u00a011 \u00a0de \u00a0noviembre \u00a0de \u00a02011 \u00a0-00:08:06) pero no sobre las \u00a0solicitadas \u00a0por \u00a0las \u00a0victimas \u00a0indirectas; motivo por el cual se declarar\u00e1 la \u00a0nulidad \u00a0del \u00a0fallo \u00a0para \u00a0que \u00a0se \u00a0revise \u00a0este aspecto en particular. Esto por \u00a0cuanto, \u00a0 como \u00a0 se \u00a0 ha \u00a0 sostenido \u00a0en \u00a0ocasiones \u00a0anteriores, \u00a0reconocer \u00a0las \u00a0pretensiones \u00a0 desconocidas \u00a0 en \u00a0 primera \u00a0instancia \u00a0\u201cvulnerar\u00eda \u00a0el \u00a0principio \u00a0y \u00a0derecho fundamental \u00a0constitucional \u00a0de \u00a0la \u00a0doble instancia, porque lo censurado no es una decisi\u00f3n \u00a0en \u00a0 \u00a0uno \u00a0 \u00a0u \u00a0 \u00a0otro \u00a0 \u00a0sentido, \u00a0 \u00a0sino \u00a0 \u00a0precisamente \u00a0 \u00a0la \u00a0 ausencia \u00a0 de \u00a0pronunciamiento\u201d40; \u00a0 \u00a0 \u00a0 \u00a0por \u00a0eso \u00a0en dicha oportunidad la Corte aclar\u00f3 que \u201cel \u00a0Tribunal \u00a0estaba, \u00a0y est\u00e1, obligado a valorar las pretensiones \u00a0de \u00a0los intervinientes y pronunciarse negativa o positivamente sobre ellas, para \u00a0garantizar \u00a0 el \u00a0 derecho \u00a0 al \u00a0 debido \u00a0proceso\u201d41. \u00a0\u00a0<\/p>\n<p>En relaci\u00f3n con las dem\u00e1s censuras la Sala \u00a0pudo comprobar lo siguiente: \u00a0\u00a0<\/p>\n<p>\u00a0 \u00a0\u00a0<\/p>\n<p>* En \u00a0el \u00a0caso \u00a0de \u00a0\u00c1ngel Jair Mosquera de Le\u00f3n42, durante el \u00a0desarrollo \u00a0del incidente de reparaci\u00f3n, se afirma que\u00a0 se allegan poderes \u00a0y \u00a0registros civiles de parte del n\u00facleo familiar de la victima directa pero no \u00a0se hace ninguna petici\u00f3n o pretensi\u00f3n indemnizatoria. \u00a0 \u00a0\u00a0<\/p>\n<p>\u00a0 \u00a0\u00a0<\/p>\n<p>* En \u00a0el \u00a0 \u00a0caso \u00a0 \u00a0del \u00a0 \u00a0menor \u00a0 \u00a0Oscar \u00a0 Manuel \u00a0 P\u00e9rez \u00a0\u00c1lvarez43 \u00a0nos \u00a0encontramos en la misma situaci\u00f3n: \u00a0durante \u00a0 el \u00a0desarrollo \u00a0del \u00a0incidente \u00a0de \u00a0reparaci\u00f3n \u00a0la \u00a0representante \u00a0de \u00a0v\u00edctimas \u00a0no \u00a0hizo menci\u00f3n a ninguna pretensi\u00f3n indemnizatoria a favor de las \u00a0v\u00edctimas indirectas. \u00a0 \u00a0\u00a0<\/p>\n<p>\u00a0 \u00a0\u00a0<\/p>\n<p>* En \u00a0el \u00a0 \u00a0caso \u00a0 \u00a0de \u00a0 Rub\u00e9n \u00a0 Feria \u00a0 Bravo44\u00a0 \u00a0la \u00a0Sala \u00a0pudo comprobar que no se hizo solicitud cierta, clara y precisa a favor de \u00a0las \u00a0 v\u00edctimas \u00a0indirectas. \u00a0Igual \u00a0situaci\u00f3n \u00a0se \u00a0predica \u00a0para \u00a0Benito \u00a0Cardona \u00a0Renter\u00eda \u00a0en \u00a0la \u00a0que en \u00a0ning\u00fan \u00a0 momento \u00a0durante \u00a0el \u00a0desarrollo \u00a0de \u00a0la \u00a0audiencia \u00a0de \u00a0incidente \u00a0de \u00a0reparaci\u00f3n \u00a0se \u00a0afirma \u00a0o mencionan pretensiones indemnizatorias a favor de las \u00a0v\u00edctimas \u00a0 \u00a0 \u00a0 \u00a0 \u00a0 \u00a0 \u00a0 \u00a0 indirectas45. \u00a0 \u00a0\u00a0<\/p>\n<p>Conforme \u00a0a \u00a0ello \u00a0la \u00a0Sala \u00a0no \u00a0ve \u00a0como una \u00a0omisi\u00f3n \u00a0del \u00a0Tribunal \u00a0el \u00a0no \u00a0reconocimiento de los perjuicios causados a las \u00a0v\u00edctimas \u00a0indirectas \u00a0descritas \u00a0con \u00a0anterioridad, pues si bien acreditaron su \u00a0parentesco \u00a0con \u00a0las \u00a0v\u00edctimas \u00a0directas, \u00a0no manifestaron en la etapa procesal \u00a0pertinente para ello sus pretensiones indemnizatorias. \u00a0\u00a0<\/p>\n<p>Al respecto, en ocasiones anteriores la Corte \u00a0ha sido clara al establecer que \u00a0\u00a0<\/p>\n<p>\u201cno obstante la \u00a0prevalencia \u00a0que debe darse a los derechos de las v\u00edctimas en el tr\u00e1mite de la \u00a0Ley \u00a0975 del 2005 y el procedimiento especial que la ley y la jurisprudencia han \u00a0habilitado, \u00a0no \u00a0puede \u00a0dejarse \u00a0de \u00a0lado que, igual, \u00a0existen \u00a0instancias \u00a0preclusivas \u00a0para que partes e intervinientes accedan a ser \u00a0reconocidas, \u00a0 formulen \u00a0 sus \u00a0pretensiones \u00a0y \u00a0alleguen \u00a0las \u00a0pruebas \u00a0que \u00a0las \u00a0demuestren. \u00a0En \u00a0esas condiciones, no resulta de buen \u00a0recibo \u00a0que \u00a0vencidas \u00a0las fases respectivas se admita la intervenci\u00f3n de quien \u00a0no \u00a0acudi\u00f3 oportunamente, como que ello equivaldr\u00eda a que de manera indefinida \u00a0podr\u00eda \u00a0 acudirse \u00a0 a \u00a0 retrotraer \u00a0 el \u00a0 tr\u00e1mite \u00a0 para \u00a0 revivir \u00a0 fases \u00a0ya \u00a0superadas\u201d46.(Destacado \u00a0fuera \u00a0del texto \u00a0original). \u00a0\u00a0<\/p>\n<p>\u00a0 \u00a0\u00a0<\/p>\n<p>1. En \u00a0la \u00a0tercera \u00a0apelaci\u00f3n, la apoderada de v\u00edctimas, doctora YUDY \u00a0MARINELLA \u00a0CASTILLO \u00a0AFRICANO,\u00a0 \u00a0advierte \u00a0que \u00a0el \u00a0a quo, no resolvi\u00f3 las \u00a0siguientes solicitudes: \u00a0 \u00a0\u00a0<\/p>\n<p>Que se ordene el pago a las v\u00edctimas que a\u00fan \u00a0no \u00a0se \u00a0han \u00a0hecho \u00a0presentes \u00a0al \u00a0proceso, \u00a0as\u00ed \u00a0como \u00a0la \u00a0compilaci\u00f3n de los \u00a0documentos \u00a0necesarios \u00a0para \u00a0el \u00a0ejercicio \u00a0de la acci\u00f3n, y en consecuencia se \u00a0conceda \u00a0un \u00a0plazo de 24 meses para recoger la indemnizaci\u00f3n concedida tambi\u00e9n \u00a0a sus pares no demandantes. \u00a0\u00a0<\/p>\n<p>Frente \u00a0a \u00a0esta solicitud, en principio al no \u00a0haber \u00a0 sido \u00a0 atendida \u00a0 la \u00a0 petici\u00f3n \u00a0 por \u00a0el \u00a0a \u00a0quo, \u00a0 \u00a0habr\u00e1 \u00a0 \u00a0de \u00a0 \u00a0remitirse \u00a0 a \u00a0 la \u00a0 primera \u00a0instancia. \u00a0\u00a0<\/p>\n<p>Solicitan tambi\u00e9n que se ordene la vigilancia \u00a0y \u00a0control a los procesos adelantados contra los menores reclutados \u2013Lorenzo \u00a0Y\u00e1\u00f1ez \u00a0Julio-, \u00a0o contra los \u00a0responsables \u00a0de \u00a0la \u00a0muerte \u00a0de \u00a0menores \u00a0que \u00a0cayeron \u00a0en su actividad militar \u00a0(Sergio \u00a0Andr\u00e9s \u00a0Pulgar\u00edn \u00a0Restrepo, \u00a0Jeison Alexander Ruiz Calle, Juan Camilo \u00a0Lemos \u00a0Bardricho, \u00a0Leonel Vargas Fl\u00f3rez; para evitar su impunidad; lo cual hace \u00a0parte \u00a0del \u00a0quehacer \u00a0de \u00a0distintas \u00a0instancias \u00a0estatales, \u00a0por \u00a0lo \u00a0cual, \u00a0los \u00a0directamente interesados podr\u00e1n acudir a precisar dicha petici\u00f3n. \u00a0\u00a0<\/p>\n<p>Tambi\u00e9n \u00a0que \u00a0se \u00a0ordene \u00a0la \u00a0asignaci\u00f3n de \u00a0subsidios \u00a0en \u00a0proyectos \u00a0agr\u00edcolas, t\u00e9cnicos y tecnol\u00f3gicos dirigidos por el \u00a0Ministerio \u00a0de \u00a0Agricultura \u00a0y \u00a0Desarrollo Rural; as\u00ed como la incorporaci\u00f3n de \u00a0cada \u00a0uno \u00a0de \u00a0los \u00a0reclutados \u00a0a \u00a0los \u00a0programas \u00a0de \u00a0protecci\u00f3n \u00a0integral \u00a0de \u00a0asistencia \u00a0y \u00a0atenci\u00f3n \u00a0a \u00a0v\u00edctimas, \u00a0subsidios \u00a0de \u00a0vivienda, \u00a0de \u00a0retorno y \u00a0reubicaci\u00f3n, \u00a0y \u00a0todos \u00a0los \u00a0programas que se desarrollen en cumplimiento de la \u00a0Ley 1448 de 2011. \u00a0\u00a0<\/p>\n<p>Respecto de la solicitud del reconocimiento de \u00a0la \u00a0reparaci\u00f3n a algunos parientes de ciertos reclutados il\u00edcitamente, la Sala \u00a0encontr\u00f3 que: \u00a0\u00a0<\/p>\n<p>En \u00a0el \u00a0caso \u00a0de \u00a0la \u00a0v\u00edctima \u00a0John \u00a0Jamer \u00a0Mena \u00a0a \u00a0pesar que se hizo la \u00a0solicitud \u00a0indemnizatoria, \u00a0a folio 371 se constata que no se accede a ella toda \u00a0vez \u00a0que no obra dentro del expediente el poder para actuar dado por Jaime Mena, \u00a0padre del joven reclutado. \u00a0\u00a0<\/p>\n<p>Igual situaci\u00f3n se presenta con el caso de la \u00a0victima \u00a0 \u00a0Jeison \u00a0 Alexander \u00a0 Ruiz, \u00a0 ya \u00a0que \u00a0a \u00a0pesar \u00a0que \u00a0se hizo solicitud indemnizatoria esta no fue \u00a0respaldada con el poder para actuar, tal como consta a folio 370 \u00a0\u00a0<\/p>\n<p>Waiser \u00a0 \u00a0Zabala \u00a0 \u00a0Vargas \u00a0 fue \u00a0igualmente representado por la Dra. Yudi Marinella Castillo. La \u00a0mencionada \u00a0profesional \u00a0en \u00a0sesi\u00f3n \u00a0de \u00a010 \u00a0de \u00a0noviembre \u00a0de \u00a02011, present\u00f3 \u00a0solicitudes \u00a0a \u00a0favor \u00a0del \u00a0n\u00facleo familiar de la v\u00edctima directa, pero sin el \u00a0acompa\u00f1amiento \u00a0de \u00a0los \u00a0mandatos \u00a0judiciales respectivos. Es as\u00ed como a folio \u00a0373 \u00a0y \u00a0374 \u00a0se condensan las pretensiones que si se mencionaron expl\u00edcitamente \u00a0\u2013 \u00a0hubo eventos en los que \u00a0no \u00a0se solicit\u00f3 indemnizaci\u00f3n-; y hubo otros casos de familiares en los que no \u00a0se \u00a0alleg\u00f3 \u00a0poder \u00a0para actuar. En los casos de Daniel \u00a0Murrai \u00a0Rivas \u00a0y \u00a0Jefferosn Rivas L\u00f3pez (ambos menores \u00a0reclutados \u00a0 \u00a0 \u00a0que \u00a0 \u00a0 \u00a0son \u00a0 \u00a0 \u00a0a \u00a0 \u00a0 \u00a0su \u00a0 \u00a0 \u00a0vez \u00a0 \u00a0 familiares)\u00a0 \u00a0a folio 374 se deja constancia que \u00a0a \u00a0criterio \u00a0del \u00a0Tribunal \u00a0de \u00a0Justicia y Paz, no se present\u00f3\u00a0 poder para \u00a0actuar.\u00a0 \u00a0\u00a0<\/p>\n<p>Frente \u00a0a \u00a0esta \u00a0solicitud la Sala considera, \u00a0como \u00a0lo \u00a0ha venido diciendo, que las etapas para que los interesados puedan ser \u00a0reconocidos \u00a0como \u00a0v\u00edctimas (directas o indirectas) y con las formalidades para \u00a0ello \u00a0se \u00a0encuentran \u00a0establecidas \u00a0en la ley y deben ser respetadas. En el caso \u00a0concreto, \u00a0dado \u00a0que \u00a0los \u00a0familiares \u00a0no reparados no otorgaron poder en debida \u00a0forma \u00a0a \u00a0la \u00a0abogada \u00a0Yudy \u00a0Marinella \u00a0Castillo Africano, esta no se encontraba \u00a0legitimada \u00a0para actuar en su nombre; y por tanto no se modificar\u00e1 la sentencia \u00a0en \u00a0este \u00a0sentido. \u00a0Precisamente frente a la necesidad de la existencia de poder \u00a0para \u00a0representar \u00a0a \u00a0las \u00a0v\u00edctimas, \u00a0la \u00a0Corte \u00a0Constitucional ha afirmado que \u00a0\u201ctienen \u00a0capacidad \u00a0para \u00a0comparecer \u00a0por \u00a0s\u00ed \u00a0al \u00a0proceso, \u00a0las \u00a0personas que pueden disponer de sus derechos. Igualmente, que las \u00a0dem\u00e1s \u00a0personas deber\u00e1n comparecer por intermedio de \u00a0sus \u00a0representantes, \u00a0o \u00a0debidamente \u00a0autorizadas por \u00e9stos con sujeci\u00f3n a las \u00a0normas \u00a0 sustanciales\u201d47 \u00a0\u00a0<\/p>\n<p>. \u00a0<\/p>\n<p>Como \u00a0quiera \u00a0que \u00a0la \u00a0defensa \u00a0no \u00a0interpuso \u00a0ning\u00fan \u00a0recurso \u00a0la \u00a0Sala se abstiene de realizar cualquier consideraci\u00f3n a su \u00a0escrito, \u00a0por \u00a0no \u00a0contener posici\u00f3n procesal expresa respecto de alguna de las \u00a0apelaciones, \u00a0toda \u00a0vez \u00a0que \u00a0dicho \u00a0libelo \u00a0fue \u00a0presentado \u00a0precisamente en la \u00a0oportunidad del traslado a los no recurrentes. \u00a0\u00a0<\/p>\n<p>Si \u00a0bien es cierto el recurso interpuesto por \u00a0la \u00a0representante \u00a0del Ministerio P\u00fablico no ten\u00eda un cuestionamiento de fondo \u00a0al \u00a0fallo \u00a0apelado \u00a0orientado \u00a0a \u00a0su \u00a0revocatoria \u00a0o \u00a0modificaci\u00f3n, \u00a0la Sala se \u00a0abstiene \u00a0 de \u00a0 realizar \u00a0 consideraciones \u00a0 adicionales \u00a0en \u00a0relaci\u00f3n \u00a0con \u00a0la \u00a0reparaci\u00f3n \u00a0colectiva \u2013tema \u00a0al que se concentr\u00f3 su escrito-. \u00a0\u00a0<\/p>\n<p>En \u00a0m\u00e9rito \u00a0de \u00a0lo \u00a0expuesto, \u00a0la \u00a0Sala \u00a0de \u00a0Casaci\u00f3n \u00a0Penal \u00a0de \u00a0la \u00a0Corte \u00a0Suprema \u00a0de Justicia, administrando judicial en \u00a0nombre de la Rep\u00fablica y por autoridad de la Ley, \u00a0\u00a0<\/p>\n<p>RESUELVE: \u00a0<\/p>\n<p>Primero: \u00a0revocar \u00a0parcialmente \u00a0el \u00a0numeral \u00a0sexto de la parte resolutiva del fallo apelado, en lo \u00a0relacionado \u00a0con el condicionamiento impuesto por el a \u00a0quo \u00a0para \u00a0el \u00a0pago \u00a0de \u00a0perjuicios \u00a0a \u00a0las \u00a0v\u00edctimas \u00a0directas \u00a0del \u00a0reclutamiento \u00a0il\u00edcito, \u00a0en \u00a0los t\u00e9rminos indicados en la parte \u00a0motiva de este prove\u00eddo. \u00a0\u00a0<\/p>\n<p>Segundo: Revocar el \u00a0numeral s\u00e9ptimo de la sentencia. \u00a0\u00a0<\/p>\n<p>Tercero: Revocar el \u00a0numeral octavo de la sentencia. \u00a0\u00a0<\/p>\n<p>Cuarto: reemplazar \u00a0el \u00a0t\u00e9rmino \u00a0ORDENA, \u00a0por \u00a0EXHORTA, \u00a0contenido \u00a0en \u00a0el \u00a0numeral \u00a0D\u00c9CIMO \u00a0de la \u00a0sentencia. \u00a0\u00a0<\/p>\n<p>Quinto: Decretar la \u00a0nulidad \u00a0parcial \u00a0de \u00a0la sentencia a efectos exclusivos de que el a quo se ocupe \u00a0de \u00a0resolver \u00a0las \u00a0peticiones \u00a0no \u00a0atendidas \u00a0en \u00a0relaci\u00f3n \u00a0con \u00a0las \u00a0v\u00edctimas \u00a0indirectas \u00a0del \u00a0delito de reclutamiento que sufri\u00f3 Jonathan Carmona; as\u00ed como \u00a0lo \u00a0relacionado \u00a0con \u00a0el \u00a0pago de los perjuicios de las v\u00edctimas que a\u00fan no se \u00a0han \u00a0hecho \u00a0presentes \u00a0en \u00a0el proceso y la eventual concesi\u00f3n de un plazo de 24 \u00a0meses para recoger la indemnizaci\u00f3n a los no demandantes. \u00a0\u00a0<\/p>\n<p>Sexto: Confirmar en \u00a0todo lo dem\u00e1s la sentencia apelada. \u00a0\u00a0<\/p>\n<p>Contra \u00a0esta \u00a0decisi\u00f3n \u00a0no \u00a0procede \u00a0recurso \u00a0alguno. \u00a0\u00a0<\/p>\n<p>Comun\u00edquese y c\u00famplase. \u00a0<\/p>\n<p>JOS\u00c9 LEONIDAS BUSTOS MART\u00cdNEZ \u00a0<\/p>\n<p>JOS\u00c9 \u00a0 \u00a0 \u00a0 LUIS \u00a0 \u00a0 \u00a0 BARCEL\u00d3 \u00a0CAMACHO\u00a0\u00a0\u00a0\u00a0\u00a0\u00a0\u00a0\u00a0\u00a0 \u00a0FERNANDO \u00a0ALBERTO \u00a0CASTRO CABALLERO\u00a0\u00a0\u00a0 \u00a0\u00a0<\/p>\n<p>MAR\u00cdA DEL ROSARIO GONZ\u00c1LEZ MU\u00d1OZ\u00a0\u00a0\u00a0\u00a0\u00a0\u00a0\u00a0\u00a0\u00a0\u00a0\u00a0\u00a0\u00a0\u00a0\u00a0\u00a0 \u00a0GUSTAVO \u00a0 \u00a0 \u00a0 \u00a0 \u00a0 \u00a0 \u00a0ENRIQUE \u00a0 \u00a0 \u00a0 \u00a0 \u00a0 \u00a0 MALO \u00a0 \u00a0 \u00a0 \u00a0 \u00a0 \u00a0 FERN\u00c1NDEZ\u00a0\u00a0\u00a0\u00a0\u00a0\u00a0 \u00a0\u00a0<\/p>\n<p>\u00a0\u00a0\u00a0 \u00a0LUIS \u00a0 \u00a0 \u00a0 \u00a0 \u00a0 \u00a0 \u00a0 \u00a0 \u00a0 \u00a0 \u00a0 \u00a0 \u00a0 \u00a0 \u00a0GUILLERMO \u00a0 \u00a0 \u00a0 \u00a0 \u00a0 \u00a0 \u00a0 \u00a0 \u00a0 \u00a0 \u00a0 \u00a0 \u00a0 \u00a0 \u00a0SALAZAR \u00a0OTERO\u00a0\u00a0\u00a0\u00a0\u00a0\u00a0\u00a0\u00a0\u00a0\u00a0\u00a0\u00a0\u00a0\u00a0\u00a0\u00a0\u00a0\u00a0\u00a0\u00a0\u00a0\u00a0\u00a0\u00a0\u00a0 \u00a0JULIO \u00a0 \u00a0 \u00a0 \u00a0 \u00a0 \u00a0 \u00a0ENRIQUE \u00a0 \u00a0 \u00a0 \u00a0 \u00a0 \u00a0 \u00a0SOCHA \u00a0 \u00a0 \u00a0 \u00a0 \u00a0 \u00a0 \u00a0SALAMANCA\u00a0\u00a0\u00a0\u00a0\u00a0\u00a0\u00a0\u00a0\u00a0\u00a0\u00a0\u00a0\u00a0\u00a0\u00a0\u00a0\u00a0\u00a0 \u00a0\u00a0<\/p>\n<p>JAVIER DE JES\u00daS ZAPATA ORTIZ \u00a0<\/p>\n<p>NUBIA YOLANDA NOVA GARC\u00cdA \u00a0<\/p>\n<p>Secretaria \u00a0<\/p>\n<p>\u00a0 \u00a0\u00a0<\/p>\n<p>1 \u00a0Folios 5 a 47 del fallo de primera instancia. \u00a0\u00a0<\/p>\n<p>2 \u00a0Folios 50 a 77 del fallo de primera instancia. \u00a0\u00a0<\/p>\n<p>3 \u00a0Folios 77 a 103 del fallo de primera instancia. \u00a0\u00a0<\/p>\n<p>4 \u00a0Folios 105 a 232 del fallo de primera instancia. \u00a0\u00a0<\/p>\n<p>5 \u00a0Folios 232 a 305 del fallo de primera instancia. \u00a0\u00a0<\/p>\n<p>6 \u00a0Folios 308 a 314 del fallo de primera instancia. \u00a0\u00a0<\/p>\n<p>7 \u00a0Folios 320 a 412 del fallo de primera instancia. \u00a0\u00a0<\/p>\n<p>8 \u00a0P\u00e1rrafo 801 del fallo apelado, folios 340 y 341. \u00a0\u00a0<\/p>\n<p>9 \u00a0P\u00e1rrafo 811 de la sentencia impugnada, folios 343 y 344. \u00a0\u00a0<\/p>\n<p>10 \u00a0T\u00f3pico 795 del fallo de primera instancia, folio 339. \u00a0\u00a0<\/p>\n<p>11 \u00a0P\u00e1rrafo 817 del fallo apelado, folios 345 y 346. \u00a0\u00a0<\/p>\n<p>12 \u00a0P\u00e1rrafo 818 de la sentencia, folio 346 . \u00a0\u00a0<\/p>\n<p>13 \u00a0P\u00e1rrafos 821 a 826, folios 369 a 371 del fallo apelado. \u00a0\u00a0<\/p>\n<p>14 \u00a0P\u00e1rrafos 827 a 834, folios 371 a 375. \u00a0\u00a0<\/p>\n<p>15 \u00a0P\u00e1rrafo 832 numeral 1\u00ba p\u00e1ginas 374 y 375 del fallo apelado. \u00a0\u00a0<\/p>\n<p>16 Al \u00a0respecto \u00a0ver: \u00a0Convenci\u00f3n \u00a0sobre \u00a0los \u00a0Derechos \u00a0del \u00a0Ni\u00f1o. \u00a0Art. 3. Inter\u00e9s \u00a0superior del menor. \u00a0\u00a0<\/p>\n<p>17 \u00a0Auto de justicia y paz de febrero de 24 de 2010, radicado 32889. \u00a0\u00a0<\/p>\n<p>18Corte \u00a0Penal \u00a0Internacional. \u00a0Sentencia \u00a0de \u00a0primera \u00a0instancia \u00a0en \u00a0contra \u00a0de \u00a0Thomas \u00a0Lubanga \u00a0Dyilo \u00a0. ICC-01\/04-01\/06. 14 de marzo de 2012. Par. \u00a0605.\u00a0 \u00a0\u00a0<\/p>\n<p>19Ib\u00edd. Par. 608.\u00a0\u00a0 \u00a0\u00a0<\/p>\n<p>20Corte \u00a0Penal \u00a0Internacional. \u00a0Sentencia \u00a0de \u00a0primera \u00a0instancia \u00a0en \u00a0contra \u00a0de \u00a0Thomas \u00a0Lubanga \u00a0Dyilo \u00a0. ICC-01\/04-01\/06. 14 de marzo de 2012. Par. \u00a0531.\u00a0 \u00a0\u00a0<\/p>\n<p>21Corte \u00a0Penal \u00a0Internacional. \u00a0Sentencia \u00a0de \u00a0primera \u00a0instancia \u00a0en \u00a0contra \u00a0de \u00a0Thomas \u00a0Lubanga \u00a0Dyilo \u00a0. ICC-01\/04-01\/06. 14 de marzo de 2012. Par. \u00a0605.\u00a0 \u00a0\u00a0<\/p>\n<p>22Corte \u00a0Penal \u00a0Internacional. \u00a0Sentencia \u00a0de \u00a0primera \u00a0instancia \u00a0en \u00a0contra \u00a0de \u00a0Thomas \u00a0Lubanga \u00a0Dyilo \u00a0. ICC-01\/04-01\/06. 14 de marzo de 2012. Par. \u00a0622.\u00a0 \u00a0\u00a0<\/p>\n<p>23Corte \u00a0Penal \u00a0Internacional. \u00a0Sentencia \u00a0de \u00a0primera \u00a0instancia \u00a0en \u00a0contra \u00a0de \u00a0Thomas \u00a0Lubanga \u00a0Dyilo \u00a0. ICC-01\/04-01\/06. 14 de marzo de 2012. Par. \u00a0628.\u00a0 \u00a0\u00a0<\/p>\n<p>24 En \u00a0igual \u00a0sentido \u00a0se \u00a0pronunci\u00f3 \u00a0el \u00a0Tribunal \u00a0Especial \u00a0para Sierra Leona, en su \u00a0sentencia \u00a0de \u00a0primera \u00a0instancia \u00a0en \u00a0el \u00a0caso desarrollado en contra de Brima, \u00a0Kamara y Kanu. Judgement, par. 736 y 737. AFRC case \u00a0\u00a0<\/p>\n<p>25Corte \u00a0Penal \u00a0Internacional. \u00a0Sentencia \u00a0de \u00a0primera \u00a0instancia \u00a0en \u00a0contra \u00a0de \u00a0Thomas \u00a0Lubanga \u00a0Dyilo \u00a0. ICC-01\/04-01\/06. 14 de marzo de 2012. Par. \u00a0621.\u00a0 \u00a0\u00a0<\/p>\n<p>26 \u00a0Tribunal \u00a0Especial para Sierra Leona,\u00a0 Caso Fofana y Kondewa. SCSL-04-14-A. \u00a0decisi\u00f3n de segunda instancia, mayo 28 2008. Par. 144 \u00a0\u00a0<\/p>\n<p>27 \u00a0Auto de justicia y paz de febrero de 24 de 2010, radicado 32889. \u00a0\u00a0<\/p>\n<p>28 \u00a0Sobre \u00a0el \u00a0tema de los derechos de las v\u00edctimas de delitos, se pueden consultar \u00a0las \u00a0 sentencias \u00a0C-228\/02 \u00a0(MM.PP. \u00a0Manuel \u00a0Jos\u00e9 \u00a0Cepeda \u00a0Espinosa \u00a0y \u00a0Eduardo \u00a0Montealegre \u00a0Lynett; \u00a0aclaraci\u00f3n \u00a0de \u00a0voto de Jaime Araujo Renter\u00eda), C-916\/02 \u00a0(M.P. \u00a0Manuel \u00a0Jos\u00e9 Cepeda Espinosa, adoptada por unanimidad), y C-004\/03 (M.P. \u00a0Eduardo Montealegre Lynett; adoptada por unanimidad), entre otras. \u00a0\u00a0<\/p>\n<p>29 \u00a0Human \u00a0Right \u00a0Watch \u00a0en \u00a0su \u00a0informe titulado \u201cAprender\u00e1s a no llorar: ni\u00f1os \u00a0combatientes \u00a0en \u00a0Colombia\u201d, \u00a0asegura \u00a0que \u00a0para 2003 el n\u00famero de menores de \u00a0edad \u00a0involucrados \u00a0en \u00a0el \u00a0conflicto armado colombiano superaba los ONCE MIL, y \u00a0que \u00a0 por \u00a0lo \u00a0menos \u00a0el \u00a030 \u00a0% \u00a0de \u00a0los \u00a0integrantes \u00a0de \u00a0las \u00a0Fuerzas \u00a0Armadas \u00a0Revolucionarias de Colombia, son tambi\u00e9n menores de edad. \u00a0\u00a0<\/p>\n<p>30 El \u00a0cual \u00a0se encuentra reiterado tambi\u00e9n el art\u00edculo\u00a0\u00a0 de la Ley 1448 de \u00a02011. \u00a0\u00a0<\/p>\n<p>31\u00a0 \u00a0Corte \u00a0Suprema \u00a0de Justicia radicado No 35508\u00a0 de 6 de \u00a0junio de 2012. \u00a0\u00a0<\/p>\n<p>32 \u00a0Sentencia \u00a0 C-370 \u00a0 de \u00a0 2006, \u00a0apartes \u00a06.2.4.4.11. \u00a0\u00a0<\/p>\n<p>33 \u00a0Por \u00a0el \u00a0cual \u00a0se \u00a0crea \u00a0el \u00a0Programa \u00a0de Reparaci\u00f3n \u00a0Individual \u00a0por \u00a0v\u00eda \u00a0Administrativa \u00a0para \u00a0las V\u00edctimas de los Grupos Armados \u00a0Organizados al Margen de la ley. \u00a0\u00a0<\/p>\n<p>34 Tal \u00a0como lo indicaba\u00a0 el Decreto 1290 de 2008, que advert\u00eda: \u00a0\u00a0<\/p>\n<p>Que \u00a0adem\u00e1s \u00a0de \u00a0la \u00a0reparaci\u00f3n \u00a0judicial \u00a0establecida \u00a0en \u00a0la Ley 975 del 25 de julio de 2005 de Justicia y Paz, es viable \u00a0que \u00a0el Estado, dentro del principio de solidaridad y la obligaci\u00f3n residual de \u00a0reparar \u00a0pueda establecer un procedimiento administrativo para reparar de manera \u00a0anticipada \u00a0a \u00a0las \u00a0v\u00edctimas \u00a0de los grupos armados organizados al margen de la \u00a0ley, \u00a0sin perjuicio de la obligaci\u00f3n de hacerlo que tienen los victimarios y el \u00a0derecho de repetici\u00f3n del Estado contra estos \u00a0\u00a0<\/p>\n<p>Que el presente programa no pretende agotar \u00a0por \u00a0completo \u00a0las posibilidades de reparaci\u00f3n por otros conceptos en beneficio \u00a0de \u00a0 las \u00a0 v\u00edctimas \u00a0 de \u00a0los \u00a0grupos \u00a0armados \u00a0organizados \u00a0al \u00a0margen \u00a0de \u00a0la \u00a0ley \u00a0\u00a0<\/p>\n<p>35 \u00a0As\u00ed \u00a0 \u00a0lo \u00a0 ha \u00a0 entendido \u00a0 la \u00a0 Corte \u00a0 Constitucional \u00a0 que \u00a0 en \u00a0 Sentencia \u00a0T-458\/10, \u00a0 \u00a0 \u00a0al \u00a0se\u00f1alar: \u00a0\u00a0<\/p>\n<p>\u201cPara \u00a0que \u00a0las \u00a0v\u00edctimas individuales y \u00a0colectivas \u00a0puedan \u00a0obtener el derecho a la reparaci\u00f3n integral el ordenamiento \u00a0jur\u00eddico \u00a0ha \u00a0previsto \u00a0hasta \u00a0ahora dos v\u00edas institucionales a trav\u00e9s de las \u00a0cuales. \u00a0De \u00a0un \u00a0lado, la Ley 975 de 2005 estableci\u00f3 que dentro de los procesos \u00a0penales \u00a0llevados \u00a0dentro \u00a0de \u00a0la \u00a0jurisdicci\u00f3n \u00a0especial \u00a0de Justicia y Paz es \u00a0posible \u00a0iniciar un incidente de reparaci\u00f3n integral de los da\u00f1os causados con \u00a0la \u00a0conducta \u00a0criminal, \u00a0\u201cel cual debe abrirse en la \u00a0misma \u00a0audiencia en la que la Sala del Tribunal Superior de Distrito judicial se \u00a0declare \u00a0la \u00a0legalidad \u00a0de la aceptaci\u00f3n de cargos, previa solicitud expresa de \u00a0la \u00a0v\u00edctima, \u00a0o \u00a0del \u00a0fiscal del caso, o del Ministerio P\u00fablico a instancia de \u00a0ella\u201d \u00a0 [10]. \u00a0En \u00a0este \u00a0incidente, \u00a0los \u00a0primeros \u00a0obligados a reparar son los \u00a0perpetradores \u00a0de \u00a0los \u00a0delitos; luego, en subsidio y en virtud del principio de \u00a0solidaridad, \u00a0el \u00a0grupo \u00a0espec\u00edfico \u00a0al \u00a0que \u00a0pertenezcan los perpetradores; y, \u00a0residualmente, el Estado \u00a0 [11]. \u00a0\u00a0<\/p>\n<p>De otro lado, a trav\u00e9s del Decreto 1290 de \u00a02008, \u00a0el \u00a0gobierno dispuso crear un programa de reparaci\u00f3n individual por v\u00eda \u00a0administrativa \u00a0para \u00a0las \u00a0v\u00edctimas \u00a0de \u00a0violaciones \u00a0del derecho a la vida, la \u00a0integridad \u00a0f\u00edsica, \u00a0la salud f\u00edsica y mental, la libertad individual y sexual \u00a0por \u00a0parte \u00a0de \u00a0grupos \u00a0armados \u00a0organizados al margen de la ley. Este mecanismo \u00a0pretende \u00a0que \u00a0el \u00a0Estado \u00a0repare \u00a0de \u00a0manera \u00a0anticipada a las v\u00edctimas de los \u00a0grupos \u00a0armados \u00a0organizados \u00a0al margen de la ley, en ejercicio del principio de \u00a0solidaridad \u00a0y \u00a0obligaci\u00f3n \u00a0residual, y en atenci\u00f3n a los par\u00e1metros de orden \u00a0internacional \u00a0que \u00a0se\u00f1alan \u00a0que \u00a0la reparaci\u00f3n debe ser suficiente, efectiva, \u00a0r\u00e1pida \u00a0y \u00a0proporcional \u00a0a \u00a0la \u00a0gravedad \u00a0de las violaciones y a la entidad del \u00a0da\u00f1o sufrido \u00a0 [12]. \u00a0El \u00a0reconocimiento \u00a0de \u00a0las \u00a0medidas de reparaci\u00f3n a las que se \u00a0refiere \u00a0el presente programa no exige a la v\u00edctima haber acudido previamente a \u00a0la \u00a0v\u00eda judicial, as\u00ed como tampoco agota las posibilidades de ser beneficiario \u00a0de \u00a0otros \u00a0programas \u00a0que \u00a0completen \u00a0el \u00a0proceso \u00a0de reparaci\u00f3n integral a las \u00a0v\u00edctimas. \u00a0\u00a0<\/p>\n<p>El Estado tiene la obligaci\u00f3n de facilitar \u00a0el \u00a0acceso \u00a0de los accionantes a la reparaci\u00f3n tanto por v\u00eda judicial como por \u00a0v\u00eda \u00a0administrativa. \u00a0En \u00a0virtud \u00a0de \u00a0ello, \u00a0las entidades encargadas no pueden \u00a0imponer \u00a0requisitos que impliquen para las v\u00edctimas una carga desproporcionada, \u00a0porque no puedan cumplirlos \u00a0 [13], \u00a0 porque \u00a0su \u00a0realizaci\u00f3n \u00a0desconozca \u00a0la \u00a0especial \u00a0protecci\u00f3n \u00a0constitucional \u00a0 a \u00a0 la \u00a0 que \u00a0 tienen \u00a0 derecho, \u00a0 o \u00a0 porque \u00a0 se \u00a0vulnere \u00a0su \u00a0dignidad \u00a0 [14]. \u00a0No \u00a0obstante, \u00a0las v\u00edctimas conservan la obligaci\u00f3n m\u00ednima de \u00a0presentarse \u00a0ante \u00a0la \u00a0entidad \u00a0correspondiente \u00a0y \u00a0solicitar \u00a0el \u00a0acceso \u00a0a los \u00a0programas. \u00a0\u00a0<\/p>\n<p>36 \u00a0Sentencia de 6 de junio de 2012 radicado\u00a0 35508. \u00a0\u00a0<\/p>\n<p>37 Ley \u00a01098 \u00a0de \u00a02006, \u00a0promulgada \u00a0en \u00a0el \u00a0Diario \u00a0Oficial \u00a046.446 \u00a0de \u00a0noviembre 8 de \u00a02006. \u00a0\u00a0<\/p>\n<p>38 \u00a0Folio 358 de la sentencia apelada. \u00a0\u00a0<\/p>\n<p>39 \u00a0Folio 357 de la sentencia apelada. \u00a0\u00a0<\/p>\n<p>40 \u00a0Corte \u00a0Suprema \u00a0de \u00a0Justicia radicado No 35508\u00a0 de 6 de junio de 2012, M.P. \u00a0Dr. Jose Luis Barcel\u00f3 Camacho. \u00a0\u00a0<\/p>\n<p>41 \u00a0Corte \u00a0Suprema \u00a0de \u00a0Justicia radicado No 35508\u00a0 de 6 de junio de 2012, M.P. \u00a0Dr. Jose Luis Barcel\u00f3 Camacho. \u00a0\u00a0<\/p>\n<p>42 \u00a0Ibid\u00a0 (00:30:10) \u00a0\u00a0<\/p>\n<p>43 \u00a0Ibid (00:32:00) \u00a0\u00a0<\/p>\n<p>44 \u00a0Ibid\u00a0 (00:11:01) \u00a0\u00a0<\/p>\n<p>45 \u00a0Ibd. (00: 25:05) \u00a0\u00a0<\/p>\n<p>46 \u00a0Corte \u00a0Suprema \u00a0de \u00a0Justicia radicado No 35508\u00a0 de 6 de junio de 2012, M.P. \u00a0Dr. Jose Luis Barcel\u00f3 Camacho. \u00a0\u00a0<\/p>\n<p>47 \u00a0Auto No. 025\/94 Corte Constitucional. \u00a0 \u00a0\u00a0<\/p>\n<p><\/p>\n","protected":false},"excerpt":{"rendered":"<p>\u00a0 \u00a0 \u00a0\u00a0 CORTE SUPREMA DE JUSTICIA \u00a0 SALA DE CASACI\u00d3N PENAL \u00a0 Magistrado Ponente \u00a0 JOS\u00c9 LEONIDAS BUSTOS MART\u00cdNEZ \u00a0 Aprobado acta N\u00ba 458 \u00a0 Bogot\u00e1 \u00a0D.C., \u00a0doce \u00a0de diciembre de dos mil \u00a0doce \u00a0\u00a0 VISTOS \u00a0 La \u00a0Sala \u00a0resuelve \u00a0el \u00a0recurso de apelaci\u00f3n \u00a0interpuesto \u00a0contra \u00a0la \u00a0sentencia \u00a0proferida \u00a0por \u00a0una \u00a0Sala de Conocimiento [&hellip;]<\/p>\n","protected":false},"author":1,"featured_media":0,"comment_status":"open","ping_status":"open","sticky":false,"template":"","format":"standard","meta":{"footnotes":""},"categories":[20],"tags":[],"class_list":["post-24416","post","type-post","status-publish","format-standard","hentry","category-20"],"_links":{"self":[{"href":"https:\/\/dmsjuridica.com\/buscador_20179478954\/salapenalcronologico20230723\/wp-json\/wp\/v2\/posts\/24416","targetHints":{"allow":["GET"]}}],"collection":[{"href":"https:\/\/dmsjuridica.com\/buscador_20179478954\/salapenalcronologico20230723\/wp-json\/wp\/v2\/posts"}],"about":[{"href":"https:\/\/dmsjuridica.com\/buscador_20179478954\/salapenalcronologico20230723\/wp-json\/wp\/v2\/types\/post"}],"author":[{"embeddable":true,"href":"https:\/\/dmsjuridica.com\/buscador_20179478954\/salapenalcronologico20230723\/wp-json\/wp\/v2\/users\/1"}],"replies":[{"embeddable":true,"href":"https:\/\/dmsjuridica.com\/buscador_20179478954\/salapenalcronologico20230723\/wp-json\/wp\/v2\/comments?post=24416"}],"version-history":[{"count":0,"href":"https:\/\/dmsjuridica.com\/buscador_20179478954\/salapenalcronologico20230723\/wp-json\/wp\/v2\/posts\/24416\/revisions"}],"wp:attachment":[{"href":"https:\/\/dmsjuridica.com\/buscador_20179478954\/salapenalcronologico20230723\/wp-json\/wp\/v2\/media?parent=24416"}],"wp:term":[{"taxonomy":"category","embeddable":true,"href":"https:\/\/dmsjuridica.com\/buscador_20179478954\/salapenalcronologico20230723\/wp-json\/wp\/v2\/categories?post=24416"},{"taxonomy":"post_tag","embeddable":true,"href":"https:\/\/dmsjuridica.com\/buscador_20179478954\/salapenalcronologico20230723\/wp-json\/wp\/v2\/tags?post=24416"}],"curies":[{"name":"wp","href":"https:\/\/api.w.org\/{rel}","templated":true}]}}