{"id":24256,"date":"2023-09-12T17:21:42","date_gmt":"2023-09-12T17:21:42","guid":{"rendered":"https:\/\/dmsjuridica.com\/buscador_20179478954\/salapenalcronologico20230723\/2023\/09\/12\/3800715-02-12\/"},"modified":"2023-09-12T17:21:42","modified_gmt":"2023-09-12T17:21:42","slug":"3800715-02-12","status":"publish","type":"post","link":"https:\/\/dmsjuridica.com\/buscador_20179478954\/salapenalcronologico20230723\/2023\/09\/12\/3800715-02-12\/","title":{"rendered":"38007(15-02-12)"},"content":{"rendered":"\n<p>\u00a0 \u00a0 Proceso \u00a0 \u00a0 n\u00ba \u00a038007 \u00a0\u00a0<\/p>\n<p>CORTE \u00a0 SUPREMA \u00a0 DE \u00a0JUSTICIA \u00a0\u00a0<\/p>\n<p>SALA \u00a0 DE \u00a0 CASACI\u00d3N \u00a0PENAL \u00a0\u00a0<\/p>\n<p>Magistrada Ponente: \u00a0<\/p>\n<p>MAR\u00cdA \u00a0DEL \u00a0ROSARIO \u00a0GONZ\u00c1LEZ \u00a0MU\u00d1OZ \u00a0\u00a0<\/p>\n<p>Aprobado Acta No. 040. \u00a0<\/p>\n<p>\u00a0 \u00a0\u00a0 \u00a0\u00a0 \u00a0\u00a0Bogot\u00e1 \u00a0 D.C., \u00a0 quince \u00a0 (15) \u00a0 de \u00a0 febrero \u00a0 de \u00a0 dos \u00a0mil \u00a0doce \u00a0(2012). \u00a0\u00a0<\/p>\n<p>\u00a0 VISTOS \u00a0<\/p>\n<p>Se pronuncia la Sala en torno a la demanda de \u00a0revisi\u00f3n \u00a0presentada \u00a0por \u00a0el abogado Alfredo Toro Urrea, quien se anuncia como \u00a0defensor \u00a0 \u00a0del \u00a0 \u00a0sentenciado \u00a0 \u00a0\u00d3SCAR \u00a0 \u00a0PEL\u00c1EZ \u00a0CARDONA, contra el fallo de segundo grado proferido el \u00a027 \u00a0de \u00a0octubre \u00a0de \u00a02011 \u00a0por \u00a0el \u00a0Tribunal Superior de Cali, confirmatorio del \u00a0dictado \u00a0el \u00a07 \u00a0de agosto del mismo a\u00f1o por el Juzgado Trece Penal del Circuito \u00a0de \u00a0la \u00a0misma ciudad, que conden\u00f3 al mencionado ciudadano como autor penalmente \u00a0responsable \u00a0 \u00a0del \u00a0 \u00a0delito \u00a0 \u00a0de \u00a0 \u00a0tr\u00e1fico, \u00a0 \u00a0fabricaci\u00f3n \u00a0 o \u00a0 porte \u00a0 de \u00a0estupefacientes. \u00a0\u00a0<\/p>\n<p>ANTECEDENTES RELEVANTES \u00a0<\/p>\n<p>El \u00a0citado profesional del derecho alleg\u00f3 a \u00a0esta \u00a0Corporaci\u00f3n \u00a0demanda \u00a0de \u00a0revisi\u00f3n, aduciendo para ello su condici\u00f3n de \u00a0defensor \u00a0 \u00a0 del \u00a0 \u00a0 condenado \u00a0 \u00a0\u00d3SCAR \u00a0 \u00a0PEL\u00c1EZ \u00a0CARDONA. \u00a0Junto \u00a0con \u00a0el \u00a0libelo \u00a0aport\u00f3 copia de una \u00a0declaraci\u00f3n \u00a0extrajuicio \u00a0y \u00a0de \u00a0las \u00a0actas \u00a0de \u00a0audiencia \u00a0relacionadas con el \u00a0proferimiento \u00a0de \u00a0las \u00a0sentencias condenatorias de primera y segunda instancia. \u00a0\u00a0<\/p>\n<p>CONSIDERACIONES DE LA SALA \u00a0<\/p>\n<p>Conforme \u00a0lo \u00a0ha expuesto la Corte de manera \u00a0reiterada, \u00a0la \u00a0acci\u00f3n \u00a0de \u00a0revisi\u00f3n \u00a0constituye \u00a0un \u00a0mecanismo \u00a0encaminado \u00a0a \u00a0conseguir \u00a0la invalidaci\u00f3n de una providencia judicial que ha hecho tr\u00e1nsito a \u00a0cosa \u00a0juzgada, \u00a0como es el caso de las sentencias condenatorias o absolutorias o \u00a0las \u00a0decisiones \u00a0a trav\u00e9s de las cuales se ordena la cesaci\u00f3n de procedimiento \u00a0o \u00a0se \u00a0precluye la investigaci\u00f3n, en cuanto comporte un contenido de injusticia \u00a0material, \u00a0dado \u00a0que \u00a0la \u00a0verdad \u00a0procesal \u00a0declarada \u00a0resulta \u00a0ser abiertamente \u00a0diferente \u00a0 de \u00a0 la \u00a0 verdad \u00a0hist\u00f3rica, \u00a0esto \u00a0es, \u00a0del \u00a0acontecer \u00a0objeto \u00a0de \u00a0juzgamiento, \u00a0motivo \u00a0por \u00a0el \u00a0cual \u00a0se \u00a0impone \u00a0para \u00a0su \u00a0enmienda acudir a las \u00a0causales \u00a0de \u00a0revisi\u00f3n \u00a0establecidas en el art\u00edculo 192 de la Ley 906 de 2004, \u00a0siempre que cumplan sus espec\u00edficos requisitos. \u00a0\u00a0<\/p>\n<p>En \u00a0ese sentido, se observa que el art\u00edculo \u00a0193 \u00a0 de \u00a0 la \u00a0 referida \u00a0 legislaci\u00f3n \u00a0 procesal \u00a0 dispone \u00a0que \u00a0esta \u00a0acci\u00f3n \u00a0\u201cpodr\u00e1 \u00a0ser promovida por el fiscal, el Ministerio \u00a0P\u00fablico, \u00a0el \u00a0defensor \u00a0y \u00a0dem\u00e1s intervinientes, siempre que ostenten inter\u00e9s \u00a0jur\u00eddico \u00a0y \u00a0hayan \u00a0sido legalmente reconocidos dentro de la actuaci\u00f3n materia \u00a0de \u00a0revisi\u00f3n. Estos \u00faltimos podr\u00e1n hacerlo directamente si fueren abogados en \u00a0ejercicio. \u00a0En \u00a0los dem\u00e1s casos se requerir\u00e1 poder especial para el efecto\u201d. \u00a0\u00a0<\/p>\n<p>\u00a0 \u00a0\u00a0 \u00a0\u00a0 \u00a0\u00a0El \u00a0correcto \u00a0entendimiento \u00a0de \u00a0la \u00a0mencionada disposici\u00f3n implica \u00a0entonces \u00a0que \u00a0solamente \u00a0en el caso de los intervinientes se podr\u00e1 promover la \u00a0revisi\u00f3n \u00a0de manera directa, siempre y cuando se tenga la condici\u00f3n de abogado \u00a0en \u00a0ejercicio, \u00a0porque \u00a0en \u00a0los dem\u00e1s eventos, entre los cuales se encuentra la \u00a0defensa, se requiere poder especial para actuar. \u00a0\u00a0<\/p>\n<p>En el asunto objeto de examen, sin dificultad \u00a0se \u00a0constata \u00a0que \u00a0si \u00a0bien \u00a0el \u00a0sentenciado \u00a0PEL\u00c1EZ \u00a0CARDONA \u00a0cuenta con inter\u00e9s para instaurar la acci\u00f3n \u00a0de \u00a0revisi\u00f3n, \u00a0lo \u00a0cierto \u00a0es que quien la interpone carece de legitimidad para \u00a0ello, \u00a0 pues \u00a0 aun \u00a0cuando \u00a0fungi\u00f3 \u00a0como \u00a0defensor \u00a0del \u00a0condenado \u00a0dentro \u00a0del \u00a0diligenciamiento \u00a0adelantado en su contra, no aport\u00f3 el respectivo poder que lo \u00a0habilite para representarlo dentro de la presente actuaci\u00f3n. \u00a0\u00a0<\/p>\n<p>\u00a0 \u00a0 \u00a0 \u00a0 \u00a0<\/p>\n<p>Reitera \u00a0la \u00a0Sala \u00a0que \u00a0el abogado requer\u00eda \u00a0allegar \u00a0mandato \u00a0conferido por el sentenciado, dada la autonom\u00eda de la acci\u00f3n \u00a0de \u00a0revisi\u00f3n, en tanto su proposici\u00f3n y desarrollo se realizan por fuera de un \u00a0proceso penal ya culminado. \u00a0\u00a0<\/p>\n<p>El \u00a0 poder \u00a0 otorgado \u00a0 por \u00a0 \u00d3SCAR \u00a0 PEL\u00c1EZ \u00a0 CARDONA \u00a0 al \u00a0 doctor \u00a0Toro \u00a0Urrea \u00a0para ejercer su \u00a0defensa \u00a0dentro \u00a0del \u00a0proceso \u00a0penal que se adelant\u00f3 en su contra, carece de la \u00a0aptitud \u00a0y \u00a0suficiencia \u00a0requeridas \u00a0para \u00a0satisfacer \u00a0la \u00a0legitimaci\u00f3n \u00a0en \u00a0el \u00a0ejercicio \u00a0de \u00a0la \u00a0acci\u00f3n \u00a0de \u00a0revisi\u00f3n, \u00a0pues \u00a0era \u00a0preciso, \u00a0como ya ha sido \u00a0expuesto \u00a0reiterada \u00a0y \u00a0pac\u00edficamente por esta Sala1 \u00a0\u00a0<\/p>\n<p>, \u00a0otorgar \u00a0un \u00a0poder \u00a0especial \u00a0en punto de \u00a0instaurar \u00a0tal \u00a0mecanismo \u00a0independiente \u00a0del \u00a0proceso penal que culmin\u00f3 con la \u00a0ejecutoria \u00a0del \u00a0fallo \u00a0condenatorio, esto es, se trata de una acci\u00f3n diferente \u00a0de \u00a0la \u00a0que motiv\u00f3 el otorgamiento del poder para actuar en el diligenciamiento \u00a0adelantado en contra del condenado. \u00a0\u00a0<\/p>\n<p>La precedente conclusi\u00f3n se corresponde con \u00a0lo \u00a0dispuesto \u00a0en \u00a0el \u00a0art\u00edculo 229 de la Carta Pol\u00edtica. Acorde con esa norma \u00a0superior, \u00a0toda persona tiene derecho a acceder a la administraci\u00f3n de justicia \u00a0y \u00a0la \u00a0ley se\u00f1alar\u00e1 los casos en los que podr\u00e1 hacerlo sin la representaci\u00f3n \u00a0de \u00a0abogado, \u00a0estableciendo as\u00ed de manera general que la representaci\u00f3n en las \u00a0acciones \u00a0judiciales, \u00a0incluida \u00a0la \u00a0acci\u00f3n \u00a0de \u00a0revisi\u00f3n, \u00a0requieren de dicho \u00a0t\u00edtulo, \u00a0en \u00a0este \u00a0caso \u00a0dada \u00a0su \u00a0precisa \u00a0reglamentaci\u00f3n \u00a0y \u00a0su \u00a0complejidad \u00a0jur\u00eddica. \u00a0\u00a0<\/p>\n<p>Como \u00a0viene \u00a0de \u00a0verse, la ausencia de poder \u00a0especial \u00a0para \u00a0actuar en esta acci\u00f3n se erige en obst\u00e1culo para proseguir con \u00a0el \u00a0tr\u00e1mite, \u00a0motivo \u00a0suficiente para rechazar y ordenar devolver la demanda de \u00a0revisi\u00f3n, como en efecto se proceder\u00e1. \u00a0\u00a0<\/p>\n<p>En \u00a0m\u00e9rito de lo expuesto, la CORTE SUPREMA \u00a0DE JUSTICIA,\u00a0 SALA DE CASACION PENAL, \u00a0\u00a0<\/p>\n<p>RESUELVE \u00a0<\/p>\n<p>INADMITIR la demanda \u00a0de \u00a0revisi\u00f3n \u00a0presentada \u00a0a \u00a0nombre \u00a0del \u00a0sentenciado \u00a0\u00d3SCAR PEL\u00c1EZ CARDONA. \u00a0\u00a0<\/p>\n<p>Contra \u00a0esta \u00a0decisi\u00f3n \u00a0procede \u00a0recurso de \u00a0reposici\u00f3n. \u00a0\u00a0<\/p>\n<p>C\u00f3piese, \u00a0 \u00a0 \u00a0notif\u00edquese \u00a0 \u00a0 \u00a0y \u00a0c\u00famplase. \u00a0\u00a0<\/p>\n<p>JOS\u00c9 LEONIDAS BUSTOS MART\u00cdNEZ \u00a0<\/p>\n<p>JOS\u00c9 \u00a0 \u00a0 \u00a0 LUIS \u00a0 \u00a0 \u00a0 BARCEL\u00d3 \u00a0CAMACHO\u00a0\u00a0\u00a0\u00a0\u00a0\u00a0\u00a0\u00a0 FERNANDO \u00a0 \u00a0 \u00a0 \u00a0 ALBERTO \u00a0 \u00a0 \u00a0 \u00a0CASTRO \u00a0 \u00a0 \u00a0 \u00a0CABALLERO\u00a0\u00a0\u00a0\u00a0\u00a0\u00a0\u00a0\u00a0\u00a0 \u00a0\u00a0<\/p>\n<p>SIGIFREDO \u00a0 \u00a0 \u00a0 \u00a0 \u00a0ESPINOSA \u00a0P\u00c9REZ\u00a0\u00a0\u00a0\u00a0\u00a0\u00a0\u00a0\u00a0\u00a0 MAR\u00cdA \u00a0 \u00a0 \u00a0 \u00a0 \u00a0 \u00a0 \u00a0DEL \u00a0 \u00a0 \u00a0 \u00a0 \u00a0 \u00a0 \u00a0ROSARIO \u00a0 \u00a0 \u00a0 \u00a0 \u00a0 \u00a0 \u00a0GONZ\u00c1LEZ \u00a0MU\u00d1OZ\u00a0\u00a0\u00a0\u00a0\u00a0\u00a0\u00a0\u00a0\u00a0\u00a0\u00a0\u00a0\u00a0\u00a0\u00a0\u00a0\u00a0\u00a0\u00a0 \u00a0\u00a0<\/p>\n<p>AUGUSTO \u00a0J. \u00a0IB\u00c1\u00d1EZ \u00a0GUZM\u00c1N\u00a0\u00a0\u00a0\u00a0\u00a0\u00a0\u00a0\u00a0\u00a0\u00a0\u00a0\u00a0\u00a0\u00a0\u00a0\u00a0\u00a0\u00a0\u00a0\u00a0 \u00a0LUIS \u00a0 \u00a0 GUILLERMO \u00a0 \u00a0SALAZAR \u00a0 \u00a0OTERO\u00a0\u00a0\u00a0\u00a0\u00a0\u00a0\u00a0\u00a0\u00a0\u00a0\u00a0\u00a0 \u00a0\u00a0<\/p>\n<p>JULIO \u00a0 \u00a0 \u00a0 ENRIQUE \u00a0 \u00a0 \u00a0 SOCHA \u00a0SALAMANCA\u00a0\u00a0\u00a0\u00a0\u00a0\u00a0\u00a0\u00a0\u00a0\u00a0\u00a0\u00a0\u00a0\u00a0\u00a0\u00a0\u00a0 \u00a0 JAVIER \u00a0ZAPATA ORT\u00cdZ \u00a0\u00a0<\/p>\n<p>NUBIA YOLANDA NOVA GARC\u00cdA \u00a0<\/p>\n<p>Secretaria \u00a0 \u00a0<\/p>\n<p>1 Autos \u00a0del \u00a023 \u00a0de \u00a0febrero \u00a0y \u00a0del \u00a019 \u00a0de \u00a0enero de 2006, radicaciones 24960 y 24615, \u00a0respectivamente; \u00a0del \u00a02 \u00a0de \u00a0septiembre \u00a0de \u00a02008, radicaci\u00f3n 30285; del 23 de \u00a0septiembre \u00a0de \u00a02009, radicaci\u00f3n 31153; y del 14 de abril de 20110, radicaci\u00f3n \u00a033560. \u00a0 \u00a0\u00a0<\/p>\n<p><\/p>\n","protected":false},"excerpt":{"rendered":"<p>\u00a0 \u00a0 Proceso \u00a0 \u00a0 n\u00ba \u00a038007 \u00a0\u00a0 CORTE \u00a0 SUPREMA \u00a0 DE \u00a0JUSTICIA \u00a0\u00a0 SALA \u00a0 DE \u00a0 CASACI\u00d3N \u00a0PENAL \u00a0\u00a0 Magistrada Ponente: \u00a0 MAR\u00cdA \u00a0DEL \u00a0ROSARIO \u00a0GONZ\u00c1LEZ \u00a0MU\u00d1OZ \u00a0\u00a0 Aprobado Acta No. 040. \u00a0 \u00a0 \u00a0\u00a0 \u00a0\u00a0 \u00a0\u00a0Bogot\u00e1 \u00a0 D.C., \u00a0 quince \u00a0 (15) \u00a0 de \u00a0 febrero \u00a0 de \u00a0 dos \u00a0mil [&hellip;]<\/p>\n","protected":false},"author":1,"featured_media":0,"comment_status":"open","ping_status":"open","sticky":false,"template":"","format":"standard","meta":{"footnotes":""},"categories":[20],"tags":[],"class_list":["post-24256","post","type-post","status-publish","format-standard","hentry","category-20"],"_links":{"self":[{"href":"https:\/\/dmsjuridica.com\/buscador_20179478954\/salapenalcronologico20230723\/wp-json\/wp\/v2\/posts\/24256","targetHints":{"allow":["GET"]}}],"collection":[{"href":"https:\/\/dmsjuridica.com\/buscador_20179478954\/salapenalcronologico20230723\/wp-json\/wp\/v2\/posts"}],"about":[{"href":"https:\/\/dmsjuridica.com\/buscador_20179478954\/salapenalcronologico20230723\/wp-json\/wp\/v2\/types\/post"}],"author":[{"embeddable":true,"href":"https:\/\/dmsjuridica.com\/buscador_20179478954\/salapenalcronologico20230723\/wp-json\/wp\/v2\/users\/1"}],"replies":[{"embeddable":true,"href":"https:\/\/dmsjuridica.com\/buscador_20179478954\/salapenalcronologico20230723\/wp-json\/wp\/v2\/comments?post=24256"}],"version-history":[{"count":0,"href":"https:\/\/dmsjuridica.com\/buscador_20179478954\/salapenalcronologico20230723\/wp-json\/wp\/v2\/posts\/24256\/revisions"}],"wp:attachment":[{"href":"https:\/\/dmsjuridica.com\/buscador_20179478954\/salapenalcronologico20230723\/wp-json\/wp\/v2\/media?parent=24256"}],"wp:term":[{"taxonomy":"category","embeddable":true,"href":"https:\/\/dmsjuridica.com\/buscador_20179478954\/salapenalcronologico20230723\/wp-json\/wp\/v2\/categories?post=24256"},{"taxonomy":"post_tag","embeddable":true,"href":"https:\/\/dmsjuridica.com\/buscador_20179478954\/salapenalcronologico20230723\/wp-json\/wp\/v2\/tags?post=24256"}],"curies":[{"name":"wp","href":"https:\/\/api.w.org\/{rel}","templated":true}]}}