{"id":24253,"date":"2023-09-12T17:21:41","date_gmt":"2023-09-12T17:21:41","guid":{"rendered":"https:\/\/dmsjuridica.com\/buscador_20179478954\/salapenalcronologico20230723\/2023\/09\/12\/3800218-04-12\/"},"modified":"2023-09-12T17:21:41","modified_gmt":"2023-09-12T17:21:41","slug":"3800218-04-12","status":"publish","type":"post","link":"https:\/\/dmsjuridica.com\/buscador_20179478954\/salapenalcronologico20230723\/2023\/09\/12\/3800218-04-12\/","title":{"rendered":"38002(18-04-12)"},"content":{"rendered":"\n<p>\u00a0 \u00a0 Proceso \u00a0 \u00a0 n\u00ba \u00a038002 \u00a0\u00a0<\/p>\n<p>CORTE \u00a0 SUPREMA \u00a0 DE \u00a0JUSTICIA \u00a0\u00a0<\/p>\n<p>SALA DE CASACI\u00d3N PENAL \u00a0<\/p>\n<p>MAGISTRADO \u00a0PONENTE \u00a0\u00a0<\/p>\n<p>AUGUSTO J. IB\u00c1\u00d1EZ GUZM\u00c1N \u00a0<\/p>\n<p>APROBADO ACTA N\u00ba. 139- \u00a0<\/p>\n<p>Bogot\u00e1, D.C., dieciocho (18) de abril de dos \u00a0mil doce (2012). \u00a0\u00a0<\/p>\n<p>MOTIVO DE LA DECISI\u00d3N \u00a0<\/p>\n<p>Mediante \u00a0sentencia del 4 de marzo de 2011 el \u00a0Juzgado \u00a0Octavo \u00a0Penal \u00a0del \u00a0Circuito \u00a0con \u00a0funciones \u00a0de \u00a0conocimiento \u00a0de Cali \u00a0conden\u00f3 \u00a0a \u00a0Elvin \u00a0Rolando Rivera Arenas a \u00a0la \u00a0pena \u00a0principal \u00a0de \u00a016 a\u00f1os de prisi\u00f3n y a la accesoria de \u00a0inhabilitaci\u00f3n \u00a0para \u00a0el \u00a0ejercicio de derechos y funciones p\u00fablicas por igual \u00a0t\u00e9rmino, \u00a0tras \u00a0hallarlo \u00a0penalmente \u00a0responsable \u00a0de \u00a0acceso \u00a0carnal \u00a0violento \u00a0agravado. \u00a0\u00a0<\/p>\n<p>Apelado \u00a0el \u00a0fallo \u00a0por \u00a0la defensa, el 23 de \u00a0septiembre \u00a0de \u00a02011 \u00a0el Tribunal Superior de Cali lo modific\u00f3 en el sentido de \u00a0condenarlo \u00a0por \u00a0acceso carnal abusivo con menor de 14 a\u00f1os y, en consecuencia, \u00a0le impuso 12 a\u00f1os de prisi\u00f3n. Confirm\u00f3 en lo dem\u00e1s. \u00a0\u00a0<\/p>\n<p>El defensor de Rivera \u00a0Arenas \u00a0 present\u00f3 \u00a0demanda \u00a0de \u00a0casaci\u00f3n, \u00a0que \u00a0fue \u00a0inadmitida \u00a0por \u00a0esta \u00a0Sala \u00a0en \u00a0auto del pasado 14 de marzo. Sin embargo, en la \u00a0misma \u00a0providencia \u00a0se \u00a0habilit\u00f3 \u00a0el \u00a0recurso \u00a0para examinar la pena accesoria. \u00a0\u00a0<\/p>\n<p>SITUACI\u00d3N \u00a0 \u00a0F\u00c1CTICA \u00a0 \u00a0Y \u00a0 \u00a0ACTUACI\u00d3N \u00a0PROCESAL \u00a0\u00a0<\/p>\n<p>1. \u00a0Los \u00a0hechos \u00a0fueron \u00a0narrados as\u00ed por el \u00a0Tribunal Superior de Cali: \u00a0\u00a0<\/p>\n<p>\u201cEl \u00a08 de agosto de 2009, en la Avenida 56 \u00a0con \u00a01\u00aa \u00a0Oeste de esta ciudad [Cali], a eso de la 1:30 horas de la tarde, cerca \u00a0al \u00a0CAI \u00a0de los Cerros, concretamente en un puesto ambulante de venta de flores, \u00a0se \u00a0encontraba \u00a0la menor en referencia \u2013con \u00a012 \u00a0a\u00f1os \u00a0de \u00a0edad para esa fecha- en compa\u00f1\u00eda de su se\u00f1ora \u00a0madre, \u00a0cuando \u00a0en \u00a0esas, se dispon\u00eda a ir a una tienda y observ\u00f3 cuando pas\u00f3 \u00a0el \u00a0sr. \u00a0Elvin \u00a0Rolando Rivera Arenas, a bordo de una motocicleta de color azul, \u00a0la \u00a0llam\u00f3, \u00a0luego \u00a0le \u00a0pidi\u00f3 \u00a0que \u00a0hablaran pero no en ese sitio, aceptando la \u00a0menor \u00a0pero con la condici\u00f3n de que no se demoraran porque deb\u00eda colaborarle a \u00a0su \u00a0progenitora \u00a0en \u00a0el \u00a0arreglo \u00a0de \u00a0las flores. As\u00ed las cosas, la peque\u00f1a le \u00a0expres\u00f3 \u00a0a \u00a0su \u00a0progenitora \u00a0que iba a hablar con \u00e9l, quien era el conocido de \u00a0Gisela \u00a0Velasco \u00a0\u2013su amiga- \u00a0y \u00a0una \u00a0vez sobre el rodante, el sr. Elvin Rolando Rivera Arenas la condujo a un \u00a0sitio \u00a0donde \u00a0hab\u00eda \u00a0monte \u00a0y \u00a0en \u00a0ese lugar, la comenz\u00f3 a besar en la boca, a \u00a0pesar \u00a0de \u00a0que \u00a0ella se opon\u00eda, le toc\u00f3 los senos, la tir\u00f3 al pasto, le baj\u00f3 \u00a0el \u00a0blue \u00a0jean ya pesar de que ella le indicaba que ten\u00eda la menstruaci\u00f3n, \u00e9l \u00a0hizo \u00a0caso \u00a0omiso, \u00a0la \u00a0puso en 4, la penetr\u00f3 con su pene por detr\u00e1s, luego la \u00a0voltio \u00a0(sic) \u00a0y \u00a0le meti\u00f3 el pena en la boca para finalmente eyacular en ella; \u00a0todo \u00a0 ello \u00a0 lo \u00a0 hizo \u00a0 sosteniendo \u00a0 en \u00a0 su \u00a0 mano \u00a0izquierda, \u00a0un \u00a0arma \u00a0de \u00a0fuego.\u201d \u00a0\u00a0<\/p>\n<p>2. \u00a0En \u00a0audiencia \u00a0del \u00a014 de agosto de 2009, \u00a0presidida \u00a0por el Juez 17 Penal Municipal con funciones de control de garant\u00edas \u00a0de \u00a0Cali, \u00a0se \u00a0legaliz\u00f3 \u00a0la \u00a0captura de Rivera Arenas, \u00a0as\u00ed como la imputaci\u00f3n que le formulara la fiscal\u00eda \u00a0por \u00a0el \u00a0delito \u00a0de \u00a0acceso \u00a0carnal violento agravado. Acto seguido se le impuso \u00a0medida \u00a0 de \u00a0 aseguramiento \u00a0 de \u00a0 detenci\u00f3n \u00a0 preventiva \u00a0 en \u00a0establecimiento \u00a0carcelario1. \u00a0\u00a0<\/p>\n<p>Radicado \u00a0 el \u00a0escrito \u00a0de \u00a0acusaci\u00f3n, \u00a0la \u00a0audiencia \u00a0se \u00a0celebr\u00f3 \u00a0el 30 de octubre siguiente ante el Juzgado Octavo Penal \u00a0del \u00a0Circuito \u00a0con funciones de conocimiento de Cali2. \u00a0\u00a0<\/p>\n<p>Agotado \u00a0el \u00a0juicio \u00a0oral, se profirieron las \u00a0sentencias ya mencionadas. \u00a0\u00a0<\/p>\n<p>CONSIDERACIONES \u00a0<\/p>\n<p>1. \u00a0Inadmitida \u00a0la \u00a0demanda promovida y al no \u00a0presentarse \u00a0insistencia, \u00a0la \u00a0Corte \u00a0se \u00a0centrar\u00e1 \u00a0exclusivamente \u00a0en \u00a0el tema \u00a0enunciado \u00a0en \u00a0el \u00a0auto \u00a0del \u00a014 de marzo de 2012, esto es, en verificar la pena \u00a0accesoria de Rivera Arenas. \u00a0\u00a0<\/p>\n<p>2. Del examen de las sentencias proferidas se \u00a0tiene \u00a0 que \u00a0 el \u00a0 fallador \u00a0de \u00a0primera \u00a0instancia \u00a0le \u00a0impuso \u00a0a \u00a0Rivera \u00a0Arenas 16 a\u00f1os de prisi\u00f3n e igual \u00a0t\u00e9rmino \u00a0para \u00a0la \u00a0accesoria de inhabilitaci\u00f3n para el ejercicio de derechos y \u00a0funciones \u00a0p\u00fablicas. \u00a0Por \u00a0su \u00a0parte, \u00a0el \u00a0Tribunal Superior, tras modificar la \u00a0conducta \u00a0punible, \u00a0readecu\u00f3 \u00a0la \u00a0pena privativa de libertad para dejarla en 12 \u00a0a\u00f1os \u00a0de \u00a0prisi\u00f3n. Sin embargo, confirm\u00f3 en lo dem\u00e1s, lo que implic\u00f3 que la \u00a0accesoria no sufriera modificaci\u00f3n alguna y quedara en 16 a\u00f1os. \u00a0\u00a0<\/p>\n<p>Sin \u00a0duda, \u00a0lo \u00a0deseado \u00a0por \u00a0el a \u00a0quo \u00a0era \u00a0dejar \u00a0el mismo quantum \u00a0 punitivo \u00a0tanto \u00a0para \u00a0la \u00a0pena \u00a0principal \u00a0como \u00a0para \u00a0la \u00a0accesoria, lo que como se evidencia, no fue observado \u00a0por el ad quem. \u00a0\u00a0<\/p>\n<p>Por consiguiente, con el fin de garantizar los \u00a0derechos \u00a0de Rivera Arenas, la \u00a0Corte \u00a0casar\u00e1 \u00a0de \u00a0oficio y parcialmente la sentencia de segunda instancia para \u00a0determinar \u00a0que \u00a0la \u00a0pena \u00a0accesoria \u00a0de \u00a0inhabilitaci\u00f3n \u00a0para \u00a0el ejercicio de \u00a0derechos \u00a0y \u00a0funciones \u00a0p\u00fablicas \u00a0es \u00a0igual al t\u00e9rmino de la pena privativa de \u00a0libertad, esto es, 12 a\u00f1os. \u00a0\u00a0<\/p>\n<p>En \u00a0lo \u00a0dem\u00e1s, \u00a0el fallo de segundo grado se \u00a0mantiene. \u00a0\u00a0<\/p>\n<p>En \u00a0m\u00e9rito \u00a0de \u00a0lo \u00a0expuesto, \u00a0la \u00a0Sala \u00a0de \u00a0Casaci\u00f3n \u00a0Penal \u00a0de \u00a0la \u00a0Corte \u00a0Suprema \u00a0de Justicia, administrando justicia en \u00a0nombre de la Rep\u00fablica y por autoridad de la ley, \u00a0\u00a0<\/p>\n<p>RESUELVE \u00a0<\/p>\n<p>Primero. \u00a0 Casar \u00a0oficiosa \u00a0y \u00a0parcialmente \u00a0la \u00a0sentencia \u00a0proferida \u00a0por \u00a0el Tribunal Superior de \u00a0Cali \u00a0el \u00a023 \u00a0de \u00a0septiembre \u00a0de \u00a02011 \u00a0para \u00a0fijar \u00a0en \u00a0doce (12) a\u00f1os la pena \u00a0accesoria \u00a0 de \u00a0inhabilitaci\u00f3n \u00a0para \u00a0el \u00a0ejercicio \u00a0de \u00a0derechos \u00a0y \u00a0funciones \u00a0p\u00fablicas. En lo dem\u00e1s, se mantiene inc\u00f3lume. \u00a0\u00a0<\/p>\n<p>Segunda. Contra esta \u00a0decisi\u00f3n no cabe recurso alguno. \u00a0\u00a0<\/p>\n<p>NOTIF\u00cdQUESE Y C\u00daMPLASE \u00a0<\/p>\n<p>JOS\u00c9 LEONIDAS BUSTOS MART\u00cdNEZ \u00a0<\/p>\n<p>JOS\u00c9 LUIS BARCEL\u00d3 \u00a0CAMACHO \u00a0\u00a0<\/p>\n<p>\u00a0\u00a0 \u00a0 \u00a0 \u00a0 \u00a0 \u00a0<\/p>\n<p>FERNANDO \u00a0ALBERTO \u00a0CASTRO CABALLERO \u00a0<\/p>\n<p>SIGIFREDO ESPINOSA \u00a0P\u00c9REZ \u00a0\u00a0 \u00a0 \u00a0 \u00a0 \u00a0 \u00a0<\/p>\n<p>MAR\u00cdA DEL ROSARIO \u00a0GONZ\u00c1LEZ MU\u00d1OZ \u00a0<\/p>\n<p>AUGUSTO J. IB\u00c1\u00d1EZ GUZM\u00c1N \u00a0<\/p>\n<p>\u00a0\u00a0 \u00a0 \u00a0 \u00a0 \u00a0 \u00a0<\/p>\n<p>LUIS GUILLERMO SALAZAR OTERO \u00a0<\/p>\n<p>JULIO ENRIQUE SOCHA \u00a0SALAMANCA \u00a0\u00a0 \u00a0 \u00a0 \u00a0 \u00a0 \u00a0<\/p>\n<p>JAVIER \u00a0ZAPATA \u00a0ORTIZ \u00a0<\/p>\n<p>NUBIA \u00a0YOLANDA NOVA GARC\u00cdA \u00a0\u00a0<\/p>\n<p>Secretaria \u00a0<\/p>\n<p>\u00a0 \u00a0\u00a0<\/p>\n<p>1 Acta \u00a0obrante a folios 1 y 2 de la carpeta n\u00famero 1. \u00a0\u00a0<\/p>\n<p>2 Acta \u00a0obrante a folios 25 a 27 Id. \u00a0 \u00a0\u00a0<\/p>\n<p><\/p>\n","protected":false},"excerpt":{"rendered":"<p>\u00a0 \u00a0 Proceso \u00a0 \u00a0 n\u00ba \u00a038002 \u00a0\u00a0 CORTE \u00a0 SUPREMA \u00a0 DE \u00a0JUSTICIA \u00a0\u00a0 SALA DE CASACI\u00d3N PENAL \u00a0 MAGISTRADO \u00a0PONENTE \u00a0\u00a0 AUGUSTO J. IB\u00c1\u00d1EZ GUZM\u00c1N \u00a0 APROBADO ACTA N\u00ba. 139- \u00a0 Bogot\u00e1, D.C., dieciocho (18) de abril de dos \u00a0mil doce (2012). \u00a0\u00a0 MOTIVO DE LA DECISI\u00d3N \u00a0 Mediante \u00a0sentencia del 4 de [&hellip;]<\/p>\n","protected":false},"author":1,"featured_media":0,"comment_status":"open","ping_status":"open","sticky":false,"template":"","format":"standard","meta":{"footnotes":""},"categories":[20],"tags":[],"class_list":["post-24253","post","type-post","status-publish","format-standard","hentry","category-20"],"_links":{"self":[{"href":"https:\/\/dmsjuridica.com\/buscador_20179478954\/salapenalcronologico20230723\/wp-json\/wp\/v2\/posts\/24253","targetHints":{"allow":["GET"]}}],"collection":[{"href":"https:\/\/dmsjuridica.com\/buscador_20179478954\/salapenalcronologico20230723\/wp-json\/wp\/v2\/posts"}],"about":[{"href":"https:\/\/dmsjuridica.com\/buscador_20179478954\/salapenalcronologico20230723\/wp-json\/wp\/v2\/types\/post"}],"author":[{"embeddable":true,"href":"https:\/\/dmsjuridica.com\/buscador_20179478954\/salapenalcronologico20230723\/wp-json\/wp\/v2\/users\/1"}],"replies":[{"embeddable":true,"href":"https:\/\/dmsjuridica.com\/buscador_20179478954\/salapenalcronologico20230723\/wp-json\/wp\/v2\/comments?post=24253"}],"version-history":[{"count":0,"href":"https:\/\/dmsjuridica.com\/buscador_20179478954\/salapenalcronologico20230723\/wp-json\/wp\/v2\/posts\/24253\/revisions"}],"wp:attachment":[{"href":"https:\/\/dmsjuridica.com\/buscador_20179478954\/salapenalcronologico20230723\/wp-json\/wp\/v2\/media?parent=24253"}],"wp:term":[{"taxonomy":"category","embeddable":true,"href":"https:\/\/dmsjuridica.com\/buscador_20179478954\/salapenalcronologico20230723\/wp-json\/wp\/v2\/categories?post=24253"},{"taxonomy":"post_tag","embeddable":true,"href":"https:\/\/dmsjuridica.com\/buscador_20179478954\/salapenalcronologico20230723\/wp-json\/wp\/v2\/tags?post=24253"}],"curies":[{"name":"wp","href":"https:\/\/api.w.org\/{rel}","templated":true}]}}