{"id":24203,"date":"2023-09-12T17:21:38","date_gmt":"2023-09-12T17:21:38","guid":{"rendered":"https:\/\/dmsjuridica.com\/buscador_20179478954\/salapenalcronologico20230723\/2023\/09\/12\/3792127-06-12\/"},"modified":"2023-09-12T17:21:38","modified_gmt":"2023-09-12T17:21:38","slug":"3792127-06-12","status":"publish","type":"post","link":"https:\/\/dmsjuridica.com\/buscador_20179478954\/salapenalcronologico20230723\/2023\/09\/12\/3792127-06-12\/","title":{"rendered":"37921(27-06-12)"},"content":{"rendered":"\n<p>\u00a0 \u00a0 CORTE SUPREMA DE JUSTICIA \u00a0<\/p>\n<p>SALA \u00a0DE \u00a0CASACI\u00d3N \u00a0PENAL \u00a0\u00a0<\/p>\n<p>Magistrado Ponente: \u00a0<\/p>\n<p>JOS\u00c9 \u00a0LEONIDAS \u00a0BUSTOS \u00a0MART\u00cdNEZ \u00a0\u00a0<\/p>\n<p>Aprobado \u00a0 \u00a0acta \u00a0 \u00a0No. \u00a0 \u00a0239 \u00a0\u00a0<\/p>\n<p>Bogot\u00e1, \u00a0 \u00a0 D. \u00a0 \u00a0C., \u00a0 \u00a0veintisiete \u00a0 de \u00a0 junio \u00a0 de \u00a0 \u00a0 \u00a0dos \u00a0 \u00a0 mil \u00a0 \u00a0 doce. \u00a0\u00a0<\/p>\n<p>Se pronuncia la Corte sobre la pertinencia de \u00a0adicionar \u00a0la \u00a0sentencia de casaci\u00f3n proferida en el presente asunto, seg\u00fan es \u00a0solicitado por el defensor del procesado ARMANDO NEIRA SEP\u00daLVEDA. \u00a0\u00a0<\/p>\n<p>ANTECEDENTES \u00a0<\/p>\n<p>1.- \u00a0 Mediante \u00a0sentencia \u00a0de \u00a0primera instancia proferida el 16 de junio de 2008 por el Juzgado \u00a0Cuarto \u00a0 \u00a0 \u00a0 Penal \u00a0 \u00a0 \u00a0del \u00a0 \u00a0 \u00a0Circuito \u00a0 \u00a0 \u00a0de \u00a0 \u00a0 \u00a0Villavicencio, se adoptaron \u00a0entre \u00a0 \u00a0 \u00a0 \u00a0otras, \u00a0 \u00a0 \u00a0 \u00a0las \u00a0 \u00a0 \u00a0 siguientes \u00a0determinaciones1: \u00a0\u00a0<\/p>\n<p>1.1.- \u00a0 \u00a0Condenar \u00a0 \u00a0a \u00a0 \u00a0MARLENE \u00a0 ALVARADO \u00a0DE \u00a0ODA, \u00a0a \u00a0las \u00a0penas principales de nueve (9) a\u00f1os de prisi\u00f3n y multa \u00a0en \u00a0 \u00a0 \u00a0cuant\u00eda \u00a0 \u00a0 \u00a0de \u00a0 \u00a0 \u00a0$241\u2019004.140.00 \u00a0e interdicci\u00f3n permanente \u00a0 de \u00a0derechos \u00a0y \u00a0funciones \u00a0p\u00fablicas, \u00a0conforme \u00a0al \u00a0inciso \u00a05\u00ba \u201ccomo coautora \u00a0responsable \u00a0del \u00a0delito \u00a0de \u00a0peculado por apropiaci\u00f3n en concurso homog\u00e9neo y \u00a0sucesivo\u201d. \u00a0\u00a0<\/p>\n<p>1.2.- \u00a0Condenar \u00a0al \u00a0procesado \u00a0ARMANDO \u00a0NEIRA \u00a0SEP\u00daLVEDA, \u00a0a las penas \u00a0principales \u00a0 de \u00a0 tres \u00a0 (3) \u00a0 a\u00f1os \u00a0 y \u00a0seis \u00a0(6) \u00a0meses \u00a0 de \u00a0 prisi\u00f3n, \u00a0 y \u00a0 multa \u00a0en \u00a0cuant\u00eda \u00a0de \u00a0$241\u2019004.140.00 \u00a0 e \u00a0interdicci\u00f3n \u00a0de \u00a0derechos \u00a0y \u00a0funciones \u00a0p\u00fablicas \u00a0de car\u00e1cter permanente, \u201ccomo \u00a0coautor \u00a0 responsable \u00a0del \u00a0reato \u00a0de \u00a0peculado \u00a0por \u00a0apropiaci\u00f3n \u00a0en \u00a0concurso \u00a0homog\u00e9neo y sucesivo\u201d. \u00a0\u00a0<\/p>\n<p>1.3.- \u00a0 \u00a0Condenar \u00a0 \u00a0a \u00a0 \u00a0V\u00cdCTOR \u00a0RAM\u00d3N \u00a0BAQUERO \u00a0RAM\u00cdREZ, a las \u00a0penas \u00a0principales \u00a0de \u00a09 \u00a0a\u00f1os \u00a0y \u00a0seis meses de prisi\u00f3n, multa equivalente a \u00a0$241.004.140.00 \u00a0 \u00a0e \u00a0interdicci\u00f3n \u00a0permanente de \u00a0derechos \u00a0 y \u00a0funciones \u00a0p\u00fablicas, \u00a0\u201ccomo \u00a0coautor \u00a0responsable \u00a0del \u00a0delito \u00a0de \u00a0peculado por apropiaci\u00f3n en concurso homog\u00e9neo y \u00a0sucesivo, \u00a0y \u00a0por la autor\u00eda del injusto de abuso de \u00a0funci\u00f3n \u00a0 \u00a0 \u00a0 \u00a0 \u00a0 \u00a0p\u00fablica\u201d. \u00a0\u00a0<\/p>\n<p>1.4.- \u00a0Condenar a \u00a0EDGAR \u00a0 \u00a0ANTONIO \u00a0 \u00a0VEL\u00c1SQUEZ \u00a0 CASTRO, \u00a0a \u00a0las \u00a0penas \u00a0principales \u00a0de \u00a09 \u00a0a\u00f1os \u00a0de prisi\u00f3n y multa en \u00a0cuant\u00eda \u00a0 \u00a0 \u00a0 \u00a0 de \u00a0 \u00a0 \u00a0 \u00a0 $241\u2019004.140.00 \u00a0e \u00a0interdicci\u00f3n \u00a0 permanente \u00a0 de \u00a0derechos \u00a0y \u00a0funciones \u00a0p\u00fablicas \u00a0\u201ccomo \u00a0 coautor \u00a0 responsable \u00a0 del \u00a0 delito \u00a0 de \u00a0 peculado \u00a0por \u00a0apropiaci\u00f3n en concurso homog\u00e9neo\u201d. \u00a0\u00a0<\/p>\n<p>1.5.- \u00a0 \u00a0Condenar \u00a0 \u00a0a \u00a0 \u00a0JES\u00daS \u00a0ANTONIO \u00a0LONDO\u00d1O \u00a0ZAPATA, \u00a0a la \u00a0pena \u00a0de \u00a03 a\u00f1os y 6 meses \u00a0de \u00a0 \u00a0 prisi\u00f3n, \u00a0 \u00a0 multa \u00a0 \u00a0 en \u00a0 \u00a0 cuant\u00eda \u00a0 \u00a0de \u00a0 \u00a0$241.004.140.00 \u00a0 e \u00a0 interdicci\u00f3n \u00a0permanente \u00a0de \u00a0derechos \u00a0 y \u00a0funciones \u00a0p\u00fablicas, \u00a0\u201ccomo \u00a0coautor \u00a0responsable \u00a0 \u00a0del \u00a0 delito \u00a0 de \u00a0 peculado \u00a0 por \u00a0 apropiaci\u00f3n \u00a0 en \u00a0 concurso \u00a0homog\u00e9neo\u201d. \u00a0\u00a0<\/p>\n<p>1.6.- \u00a0 \u00a0Condenar \u00a0 \u00a0a \u00a0 \u00a0F\u00c9LIX \u00a0MARIO \u00a0D\u00cdAZ \u00a0HERRERA, \u00a0a \u00a0las \u00a0penas \u00a0principales \u00a0de \u00a03 a\u00f1os y 6 meses \u00a0de \u00a0prisi\u00f3n, \u00a0multa \u00a0en \u00a0cuant\u00eda \u00a0de $241.004.140.00 \u00a0e \u00a0interdicci\u00f3n \u00a0permanente \u00a0de \u00a0derechos \u00a0y \u00a0funciones \u00a0p\u00fablicas, \u00a0\u201ccomo \u00a0coautor \u00a0responsable \u00a0 \u00a0del \u00a0 delito \u00a0 de \u00a0 peculado \u00a0 por \u00a0 apropiaci\u00f3n \u00a0 en \u00a0 concurso \u00a0homog\u00e9neo\u201d. \u00a0\u00a0<\/p>\n<p>1.7.- Condenar a \u00a0CARLOS \u00a0BERNAL \u00a0\u00c1VILA, a \u00a0las \u00a0 \u00a0penas \u00a0 \u00a0principales \u00a0 \u00a0de \u00a0 31 \u00a0 meses \u00a0 de \u00a0prisi\u00f3n \u00a0e \u00a0interdicci\u00f3n \u00a0permanente de derechos y \u00a0funciones \u00a0 \u00a0 \u00a0 p\u00fablicas, \u00a0 \u00a0 \u00a0 \u201ccomo \u00a0c\u00f3mplice responsable del delito \u00a0de \u00a0peculado \u00a0por \u00a0apropiaci\u00f3n en concurso homog\u00e9neo y sucesivo\u201d, \u00a0al \u00a0tiempo \u00a0que \u00a0le \u00a0concedi\u00f3 \u00a0la \u00a0prisi\u00f3n \u00a0domiciliaria como \u00a0sustitutiva de la pena de prisi\u00f3n.\u00a0\u00a0 \u00a0\u00a0<\/p>\n<p>1.8.- \u00a0 Decidi\u00f3 \u00a0no \u00a0concederles \u00a0a \u00a0los \u00a0procesados \u00a0 \u00a0MARLENE \u00a0ALVARADO \u00a0DE \u00a0ODA, \u00a0ARMANDO \u00a0NEIRA \u00a0SEP\u00daLVEDA, V\u00cdCTOR RAM\u00d3N BAQUERO RAM\u00cdREZ, \u00a0EDGAR \u00a0ANTONIO \u00a0VEL\u00c1SQUEZ \u00a0CASTRO, JES\u00daS ANTONIO LONDO\u00d1O y F\u00c9LIX MARIO D\u00cdAZ \u00a0HERRERA \u00a0la \u00a0suspensi\u00f3n \u00a0condicional de la ejecuci\u00f3n de la pena ni la prisi\u00f3n \u00a0domiciliaria. \u00a0\u00a0<\/p>\n<p>\u00a0\u00a0 \u00a0<\/p>\n<p>2.- \u00a0Recurrida \u00a0esta \u00a0 \u00a0 decisi\u00f3n \u00a0 \u00a0 por \u00a0 \u00a0 la \u00a0 \u00a0defensa \u00a0 \u00a0de \u00a0 \u00a0MARLENE \u00a0 \u00a0 \u00a0 ALVARADO \u00a0 \u00a0 \u00a0DE \u00a0 \u00a0 \u00a0ODA2, \u00a0 \u00a0F\u00c9LIX \u00a0 MARIO \u00a0 D\u00cdAZ \u00a0HERRERA3, \u00a0ARMANDO NEIRA SEP\u00daLVEDA4,\u00a0 \u00a0 V\u00cdCTOR \u00a0 RAM\u00d3N \u00a0 BAQUERO \u00a0RAM\u00cdREZ5, \u00a0 EDGAR \u00a0ANTONIO \u00a0 \u00a0 \u00a0 \u00a0 \u00a0VEL\u00c1SQUEZ \u00a0 \u00a0 \u00a0 \u00a0 \u00a0CASTRO6 y \u00a0JES\u00daS \u00a0 \u00a0 \u00a0 ANTONIO \u00a0 \u00a0 \u00a0LONDO\u00d1O \u00a0 \u00a0 \u00a0ZAPATA7, \u00a0el \u00a0Tribunal \u00a0Superior \u00a0del \u00a0Distrito \u00a0Judicial \u00a0de \u00a0Villavicencio, por medio \u00a0del \u00a0fallo proferido el 16 \u00a0de \u00a0diciembre \u00a0 \u00a0 \u00a0 \u00a0de \u00a0 \u00a0 \u00a0 \u00a02009, \u00a0adopt\u00f3, \u00a0 \u00a0 entre \u00a0 \u00a0otras, \u00a0 \u00a0las \u00a0 \u00a0siguientes \u00a0determinaciones8: \u00a0\u00a0<\/p>\n<p>2.1.- \u00a0\u201cMODIFICAR \u00a0la \u00a0sentencia \u00a0en \u00a0el \u00a0sentido \u00a0que la \u00a0condena \u00a0por \u00a0el peculado por apropiaci\u00f3n respecto de todos los sentenciados lo \u00a0es \u00a0a \u00a0t\u00edtulo \u00a0de \u00a0delito continuado y cada uno como coautor con la pagadora en \u00a0cuant\u00eda \u00a0 \u00a0 superior \u00a0 \u00a0a \u00a0 \u00a050 \u00a0 \u00a0salarios \u00a0 \u00a0m\u00ednimos \u00a0 \u00a0legales \u00a0 \u00a0mensuales \u00a0vigentes\u201d. \u00a0\u00a0<\/p>\n<p>2.2.- \u00a0\u201cREFORMAR \u00a0 el \u00a0 aspecto \u00a0 correspondiente \u00a0a \u00a0la \u00a0dosificaci\u00f3n \u00a0punitiva y multa impuesta a los condenados conforme se indic\u00f3 en \u00a0precedencia, \u00a0en \u00a0la \u00a0siguiente \u00a0forma: \u00a0La \u00a0pena \u00a0a \u00a0imponer \u00a0 \u00a0a \u00a0 MARLENE \u00a0ALVARADO \u00a0DE \u00a0ODA es de 84 meses de prisi\u00f3n y multa \u00a0de \u00a0$217\u2019414.920,oo; a \u00a0V\u00cdCTOR \u00a0RAM\u00d3N \u00a0BAQUERO \u00a0RAM\u00cdREZ \u00a0 \u00a0es \u00a0 \u00a0de \u00a0 86 \u00a0 meses \u00a0 de \u00a0 \u00a0 \u00a0 \u00a0 \u00a0 \u00a0 prisi\u00f3n \u00a0y \u00a0multa \u00a0de \u00a0$116\u2019694.080,oo; \u00a0 \u00a0a \u00a0 \u00a0EDGAR \u00a0ANTONIO \u00a0VEL\u00c1SQUEZ CASTRO es de \u00a084 \u00a0meses \u00a0de prisi\u00f3n y multa de $106\u2019797.280,oo; \u00a0 \u00a0a \u00a0 \u00a0ARMANDO \u00a0 \u00a0NEIRA \u00a0SEP\u00daLVEDA \u00a0es \u00a0de \u00a03 \u00a0a\u00f1os y 6 meses de prisi\u00f3n y \u00a0multa \u00a0 \u00a0 \u00a0 \u00a0 \u00a0de \u00a0 \u00a0 \u00a0 \u00a0 \u00a0$18\u2019085.320,oo; \u00a0a \u00a0JES\u00daS ANTONIO LONDO\u00d1O \u00a0ZAPATA \u00a0a \u00a03 \u00a0a\u00f1os y 6 meses de prisi\u00f3n y multa de \u00a0$16\u2019192.000,oo, \u00a0conforme \u00a0 y \u00a0en \u00a0los \u00a0t\u00e9rminos \u00a0expuestos \u00a0en \u00a0la \u00a0motivaci\u00f3n \u00a0de \u00a0 \u00a0esta \u00a0 \u00a0decisi\u00f3n\u201d.\u00a0\u00a0\u00a0\u00a0\u00a0\u00a0 \u00a0\u00a0<\/p>\n<p>2.3.- \u00a0\u201cMODIFICAR \u00a0la \u00a0pena accesoria de inhabilidad para \u00a0el \u00a0ejercicio \u00a0de derechos y funciones p\u00fablicas impuesta a los condenados en el \u00a0entendido \u00a0que \u00a0la \u00a0intemporalidad \u00a0de \u00a0la \u00a0pena \u00a0est\u00e1 referida al ejercicio de \u00a0funciones \u00a0p\u00fablicas \u00a0y no a la inhabilidad para ejercer derechos pol\u00edticos que \u00a0se \u00a0impone por el t\u00e9rmino equivalente a la pena privativa de la libertad que se \u00a0impuso a cada uno de los procesados\u201d. \u00a0\u00a0<\/p>\n<p>2.4.- \u00a0\u201cDeclarar, \u00a0 \u00a0por \u00a0prescripci\u00f3n, \u00a0 extinguida \u00a0 la \u00a0 acci\u00f3n \u00a0 penal \u00a0adelantada \u00a0en \u00a0contra \u00a0del se\u00f1or F\u00c9LIX MARIO D\u00cdAZ \u00a0HERRERA \u00a0por el delito de peculado por apropiaci\u00f3n, \u00a0y \u00a0como \u00a0consecuencia \u00a0de \u00a0ello \u00a0decretar \u00a0a \u00a0su \u00a0favor la cesaci\u00f3n \u00a0 de \u00a0 procedimiento\u201d.\u00a0\u00a0\u00a0\u00a0 \u00a0\u00a0<\/p>\n<p>2.5.- \u00a0\u201cCONFIRMAR \u00a0 en \u00a0 todo \u00a0lo \u00a0dem\u00e1s \u00a0la \u00a0sentencia \u00a0recurrida\u201d. \u00a0\u00a0<\/p>\n<p>3.- \u00a0Mediante \u00a0prove\u00eddo \u00a0de \u00a0veintiocho \u00a0de \u00a0abril \u00a0de \u00a0dos \u00a0mil diez, el Tribunal Superior, a \u00a0iniciativa \u00a0 \u00a0de \u00a0 la \u00a0 defensa, \u00a0 resolvi\u00f3 \u00a0 \u00a0 \u00a0 \u00a0 \u00a0\u201cdeclarar \u00a0prescrita \u00a0la acci\u00f3n penal y \u00a0disponer \u00a0 la \u00a0 cesaci\u00f3n \u00a0 del \u00a0 procedimiento \u00a0 adelantado \u00a0 a \u00a0 V\u00cdCTOR RAM\u00d3N BAQUERO RAM\u00cdREZ, por el \u00a0delito \u00a0 de \u00a0 abuso \u00a0 de \u00a0 funci\u00f3n \u00a0p\u00fablica\u201d \u00a0y, \u00a0\u201cen consecuencia, reformar por el monto de ochenta \u00a0(80) \u00a0 \u00a0meses \u00a0 \u00a0de \u00a0 prisi\u00f3n \u00a0 la \u00a0 pena \u00a0 principal \u00a0 impuesta \u00a0 V\u00cdCTOR \u00a0RAM\u00d3N \u00a0BAQUERO \u00a0RAM\u00cdREZ, \u00a0por el delito de Peculado por \u00a0apropiaci\u00f3n\u201d9 (se destaca). \u00a0\u00a0<\/p>\n<p>4.- \u00a0 Contra \u00a0el \u00a0fallo \u00a0del \u00a0Tribunal, \u00a0los \u00a0defensores \u00a0de los \u00a0procesados \u00a0 \u00a0 \u00a0EDGAR \u00a0 \u00a0 ANTONIO \u00a0 \u00a0 VEL\u00c1SQUEZ \u00a0CASTRO \u00a0y \u00a0JES\u00daS ANTONIO \u00a0LONDO\u00d1O \u00a0 \u00a0 \u00a0 \u00a0 \u00a0 \u00a0 \u00a0 \u00a0 \u00a0 ZAPATA10, \u00a0 \u00a0 \u00a0 \u00a0ARMANDO \u00a0 \u00a0 \u00a0NEIRA \u00a0 \u00a0 SEP\u00daLVEDA11, \u00a0 \u00a0 \u00a0 \u00a0MARLENE \u00a0ALVARADO \u00a0DE \u00a0ODA12 y V\u00cdCTOR \u00a0RAM\u00d3N \u00a0 \u00a0 \u00a0 \u00a0 \u00a0 BAQUERO \u00a0 \u00a0 \u00a0 \u00a0 \u00a0RAM\u00cdREZ13, \u00a0as\u00ed como los procesados \u00a0JES\u00daS \u00a0 \u00a0ANTONIO \u00a0 \u00a0LONDO\u00d1O \u00a0 ZAPATA14, \u00a0EDGAR \u00a0 \u00a0ANTONIO \u00a0 VEL\u00c1SQUEZ \u00a0 CASTRO15, \u00a0MARLENE \u00a0 ALVARADO \u00a0DE \u00a0ODA16, \u00a0 \u00a0 CARLOS \u00a0 \u00a0 BERNAL \u00a0 \u00a0 \u00c1VILA17 \u00a0y \u00a0V\u00cdCTOR RAM\u00d3N BAQUERO \u00a0RAM\u00cdREZ18, \u00a0 \u00a0 \u00a0 \u00a0 \u00a0 \u00a0 interpusieron \u00a0 \u00a0 oportunamente \u00a0 \u00a0 recurso \u00a0 \u00a0 \u00a0extraordinario \u00a0 \u00a0 \u00a0de \u00a0 \u00a0 casaci\u00f3n \u00a0 \u00a0 siendo \u00a0 \u00a0concedido \u00a0 \u00a0por \u00a0 el \u00a0 ad \u00a0quem19, \u00a0y \u00a0los \u00a0respectivos \u00a0 profesionales \u00a0 del \u00a0 derecho \u00a0 presentaron \u00a0las \u00a0correspondientes \u00a0demandas20, \u00a0 sobre \u00a0 cuya \u00a0 admisibilidad \u00a0 se \u00a0pronunci\u00f3 \u00a0 \u00a0 la \u00a0Corte \u00a0mediante \u00a0providencia \u00a0de \u00a0dieciocho de\u00a0 \u00a0abril \u00a0de dos mil doce, en el sentido de INADMITIR \u00a0 \u00a0 \u00a0 \u00a0las \u00a0 \u00a0 \u00a0 \u00a0 \u00a0demandas \u00a0de casaci\u00f3n presentadas \u00a0por \u00a0la \u00a0procesada \u00a0 MARLENE \u00a0 ALVARADO \u00a0DE \u00a0ODA \u00a0 y \u00a0 los\u00a0 \u00a0defensores \u00a0de los \u00a0procesados \u00a0ARMANDO \u00a0NEIRA SEP\u00daLVEDA y \u00a0 V\u00cdCTOR \u00a0 RAM\u00d3N \u00a0BAQUERO \u00a0RAM\u00cdREZ, \u00a0as\u00ed \u00a0 como \u00a0los \u00a0cargos \u00a0primero \u00a0y \u00a0tercero de la formulada a nombre de EDGAR \u00a0ANTONIO \u00a0V\u00c1SQUEZ \u00a0CASTRO; \u00a0el \u00a0segundo \u00a0cargo \u00a0de la \u00a0formulada \u00a0por el defensor de JES\u00daS ANTONIO LONDO\u00d1O \u00a0ZAPATA y; los cargos primero, segundo y cuarto, de la \u00a0postulada \u00a0 a \u00a0 nombre \u00a0 de \u00a0 MARLENE \u00a0ALVARADO \u00a0DE \u00a0ODA, \u00a0por lo anotado en la \u00a0motivaci\u00f3n de este prove\u00eddo. \u00a0\u00a0<\/p>\n<p>Se \u00a0dispuso \u00a0asimismo, ADMITIR para \u00a0su \u00a0estudio \u00a0de \u00a0fondo el segundo \u00a0cargo \u00a0de \u00a0la \u00a0demanda \u00a0de casaci\u00f3n presentada por el defensor de EDGAR ANTONIO \u00a0VEL\u00c1SQUEZ \u00a0CASTRO; \u00a0el \u00a0primer cargo de la postulada a nombre de JES\u00daS ANTONIO \u00a0LONDO\u00d1O \u00a0ZAPATA \u00a0y, los cargos tercero y quinto de la demanda presentada por el \u00a0defensor \u00a0 de \u00a0 MARLENE \u00a0ALVARADO \u00a0DE \u00a0ODA. No sucedi\u00f3 igual en relaci\u00f3n con \u00a0CARLOS \u00a0BERNAL \u00a0\u00c1VILA21 \u00a0cuyo recurso fue \u00a0 \u00a0 \u00a0 \u00a0 \u00a0declarado \u00a0 \u00a0 \u00a0 \u00a0desierto22. \u00a0\u00a0<\/p>\n<p>5.- Al resolver el recurso extraordinario de \u00a0casaci\u00f3n, \u00a0la \u00a0Corte, \u00a0mediante \u00a0sentencia \u00a0proferida \u00a0el veinte junio \u00faltimo, \u00a0adopt\u00f3, \u00a0 \u00a0 entre \u00a0 \u00a0otras, \u00a0 \u00a0las \u00a0 \u00a0siguientes \u00a0determinaciones: \u00a0\u00a0<\/p>\n<p>5.1.- \u00a0CASAR \u00a0parcialmente \u00a0la \u00a0sentencia impugnada. \u00a0\u00a0<\/p>\n<p>5.2.- \u00a0 Declarar \u00a0 prescrita \u00a0la \u00a0acci\u00f3n \u00a0penal \u00a0respecto \u00a0de \u00a0cada \u00a0uno \u00a0de \u00a0los \u00a0delitos \u00a0de \u00a0peculado \u00a0 por \u00a0 apropiaci\u00f3n \u00a0 en \u00a0cuant\u00edas\u00a0 \u00a0inferiores \u00a0a \u00a050 salarios m\u00ednimos legales mensuales vigentes para los a\u00f1os de \u00a01999 \u00a0y \u00a02000, imputados en el pliego enjuiciatorio a \u00a0los \u00a0 \u00a0procesados \u00a0 \u00a0MARLENE \u00a0 ALVARADO \u00a0 DE \u00a0 ODA, \u00a0 V\u00cdCTOR \u00a0 RAM\u00d3N \u00a0 BAQUERO \u00a0RAM\u00cdREZ, \u00a0EDGAR ANTONIO \u00a0VEL\u00c1SQUEZ \u00a0 \u00a0 CASTRO, \u00a0 \u00a0JES\u00daS \u00a0 \u00a0ANTONIO \u00a0 \u00a0LONDO\u00d1O \u00a0 \u00a0y \u00a0 \u00a0ARMANDO \u00a0 \u00a0NEIRA \u00a0SEP\u00daLVEDA, \u00a0as\u00ed \u00a0como \u00a0respecto \u00a0de CARLOS ALBERTO \u00a0BERNAL \u00a0 \u00c1VILA, \u00a0 quien \u00a0fue \u00a0acusado \u00a0como \u00a0c\u00f3mplice del concurso de delitos \u00a0de \u00a0 \u00a0peculado \u00a0 por \u00a0 apropiaci\u00f3n, \u00a0 seg\u00fan \u00a0se \u00a0indic\u00f3 en la parte motiva. \u00a0Ordenar, \u00a0en consecuencia, la cesaci\u00f3n de procedimiento en relaci\u00f3n con dichos \u00a0conceptos. \u00a0\u00a0<\/p>\n<p>5.3.- \u00a0Fijar \u00a0en \u00a076 \u00a0meses \u00a0y 8 d\u00edas de prisi\u00f3n, multa \u00a0en \u00a0 cuant\u00eda \u00a0 $157.180.158,00 \u00a0 e \u00a0 interdicci\u00f3n \u00a0 de \u00a0derechos \u00a0y \u00a0funciones \u00a0p\u00fablicas \u00a0 por \u00a0 el \u00a0mismo \u00a0 t\u00e9rmino \u00a0 de \u00a0 la \u00a0pena \u00a0privativa \u00a0de \u00a0la \u00a0libertad, que por el concurso de delitos de peculado \u00a0por \u00a0apropiaci\u00f3n \u00a0en cuant\u00eda superior a 50 salarios m\u00ednimos legales mensuales \u00a0debe \u00a0 purgar \u00a0 la \u00a0procesada \u00a0MARLENE \u00a0ALVARADO \u00a0DE \u00a0ODA. \u00a0\u00a0<\/p>\n<p>\u00a0\u00a0 \u00a0<\/p>\n<p>5.4.- \u00a0Fijar \u00a0en \u00a0$109.353.440,00 \u00a0 el \u00a0 monto \u00a0 de \u00a0los \u00a0perjuicios \u00a0 \u00a0materiales \u00a0 \u00a0que \u00a0 \u00a0debe \u00a0 \u00a0pagar \u00a0 la \u00a0 procesada \u00a0 MARLENE \u00a0ALVARADO \u00a0DE \u00a0ODA a \u00a0favor \u00a0del \u00a0Departamento \u00a0del \u00a0Meta con ocasi\u00f3n de los delitos \u00a0cometidos. \u00a0\u00a0<\/p>\n<p>5.5.- \u00a0Fijar \u00a0en \u00a065 \u00a0meses \u00a0y \u00a012 \u00a0 \u00a0 d\u00edas \u00a0 \u00a0de \u00a0prisi\u00f3n, \u00a0 \u00a0multa \u00a0 \u00a0en \u00a0 cuant\u00eda \u00a0 de \u00a0 \u00a0 \u00a0 \u00a0 \u00a0 \u00a0 $27.998.210\u00a0 \u00a0e \u00a0interdicci\u00f3n \u00a0de \u00a0derechos \u00a0 \u00a0 y \u00a0 \u00a0funciones \u00a0 \u00a0p\u00fablicas \u00a0por \u00a0el \u00a0mismo t\u00e9rmino de la pena \u00a0privativa \u00a0de la libertad, \u00a0que \u00a0por \u00a0el \u00a0concurso \u00a0de \u00a0delitos \u00a0de peculado por \u00a0apropiaci\u00f3n \u00a0en cuant\u00eda superior a 50 salarios m\u00ednimos legales mensuales debe \u00a0purgar \u00a0 \u00a0 \u00a0 el \u00a0 \u00a0 \u00a0procesado \u00a0 \u00a0 \u00a0V\u00cdCTOR RAM\u00d3N BAQUERO RAM\u00cdREZ. \u00a0\u00a0<\/p>\n<p>5.6.- \u00a0 \u00a0 \u00a0 \u00a0 \u00a0Fijar \u00a0 \u00a0 en\u00a0 \u00a0 \u00a0 $9.248.280,00, \u00a0 el \u00a0monto \u00a0de \u00a0los \u00a0perjuicios \u00a0materiales \u00a0que debe pagar el procesado V\u00cdCTOR \u00a0 RAM\u00d3N \u00a0BAQUERO \u00a0RAM\u00cdREZ \u00a0a \u00a0favor \u00a0 \u00a0del \u00a0 \u00a0Departamento \u00a0 \u00a0del \u00a0 Meta \u00a0 con \u00a0 ocasi\u00f3n \u00a0 de \u00a0 los \u00a0 delitos \u00a0cometidos. \u00a0\u00a0<\/p>\n<p>5.7.- \u00a0Dispuso \u00a0igualmente \u00a0 \u00a0 \u00a0 \u00a0 \u00a0 \u00a0 \u00a0 \u00a0\u201cdevolver \u00a0la \u00a0actuaci\u00f3n al Tribunal de origen, el cual proceder\u00e1 a cancelar las \u00f3rdenes \u00a0de \u00a0 captura \u00a0 y \u00a0 las \u00a0 cauciones \u00a0 que \u00a0 hubieren \u00a0 sido \u00a0 prestadas \u00a0por \u00a0los \u00a0acusados \u00a0EDGAR \u00a0ANTONIO \u00a0VEL\u00c1SQUEZ \u00a0 \u00a0 CASTRO, \u00a0 \u00a0JES\u00daS \u00a0 \u00a0ANTONIO \u00a0LONDO\u00d1O, \u00a0ARMANDO NEIRA SEP\u00daLVEDA y CARLOS ALBERTO BERNAL \u00a0\u00c1VILA, \u00a0 as\u00ed \u00a0como \u00a0a \u00a0levantar \u00a0la \u00a0prohibici\u00f3n \u00a0de \u00a0salir \u00a0del \u00a0pa\u00eds y las medidas cautelares sobre \u00a0bienes \u00a0que \u00a0se \u00a0encuentren vigentes. Adem\u00e1s, de ser \u00a0el \u00a0caso \u00a0comunicar\u00e1 lo \u00a0aqu\u00ed \u00a0resuelto \u00a0a las mismas autoridades a las que se les inform\u00f3 la medida de \u00a0aseguramiento, \u00a0el \u00a0calificatorio \u00a0del \u00a0sumario \u00a0y \u00a0las \u00a0sentencias de primera y \u00a0segunda \u00a0instancia\u201d (se \u00a0destaca). \u00a0\u00a0<\/p>\n<p>5.8.- \u00a0Orden\u00f3 \u00a0\u201cCOMPULSAR las copias ordenadas en la parte motiva \u00a0de \u00a0esta \u00a0providencia, \u00a0a \u00a0lo \u00a0cual \u00a0se \u00a0proceder\u00e1 \u00a0por \u00a0la \u00a0Secretar\u00eda \u00a0de la \u00a0Sala\u201d.\u00a0 \u00a0\u00a0<\/p>\n<p>5.9.- \u00a0Dispuso, \u00a0finalmente, \u00a0 que \u00a0\u201cen \u00a0lo \u00a0dem\u00e1s, \u00a0el \u00a0fallo \u00a0se \u00a0mantiene \u00a0 \u00a0 \u00a0 \u00a0 inmodificable\u201d. \u00a0\u00a0<\/p>\n<p>La solicitud. \u00a0<\/p>\n<p>En \u00a0 escrito \u00a0 que \u00a0 antecede23, \u00a0 el \u00a0defensor \u00a0del \u00a0procesado \u00a0ARMANDO \u00a0NEIRA \u00a0SEP\u00daLVEDA, \u00a0le \u00a0solicita \u00a0a \u00a0la Corte \u00a0adicionar el fallo de casaci\u00f3n proferido por esta Corporaci\u00f3n. \u00a0\u00a0<\/p>\n<p>Solicita \u00a0un \u00a0pronunciamiento \u00a0\u201cacerca \u00a0 del \u00a0reintegro \u00a0de \u00a0los \u00a0dineros \u00a0consignados \u00a0por \u00a0mi \u00a0cliente\u201d, \u00a0tras considerar que, en su criterio, la \u00a0cesaci\u00f3n \u00a0 de \u00a0procedimiento \u00a0dispuesta \u00a0en \u00a0sede \u00a0extraordinaria \u00a0\u201cno \u00a0la afecta, encontr\u00e1ndonos que su destino hoy en d\u00eda no se \u00a0encuentra definido\u201d. \u00a0\u00a0<\/p>\n<p>Menciona \u00a0 \u00a0 \u00a0que \u00a0 \u00a0 \u00a0\u201cse \u00a0trata \u00a0de \u00a0la \u00a0consignaci\u00f3n de dep\u00f3sito judicial a nombre \u00a0del \u00a0Juzgado \u00a0Cuarto Penal del Circuito de Villavicencio, por cuenta del caso de \u00a0la \u00a0referencia, \u00a0por \u00a0la \u00a0suma \u00a0de $24.300.000 (\u2026) efectuada el 21 de julio de \u00a02008\u201d. \u00a0\u00a0<\/p>\n<p>\u00a0 \u00a0<\/p>\n<p>SE CONSIDERA: \u00a0<\/p>\n<p>La \u00a0Corte \u00a0no \u00a0acceder\u00e1 \u00a0a \u00a0la \u00a0petici\u00f3n \u00a0presentada \u00a0por \u00a0el defensor del procesado ARMANDO NEIRA SEP\u00daLVEDA, orientado a \u00a0que \u00a0adicione la sentencia de casaci\u00f3n proferida en el presente asunto, por los \u00a0siguientes motivos: \u00a0\u00a0<\/p>\n<p>1.- \u00a0La \u00a0demanda \u00a0de \u00a0casaci\u00f3n presentada a \u00a0nombre \u00a0de su representado, fue inadmitida por auto de dieciocho de abril de dos \u00a0mil doce, en donde, entre otras cosas, se indic\u00f3 lo siguiente: \u00a0\u00a0<\/p>\n<p>\u201cPero si lo que se persigue acreditar es \u00a0que \u00a0para \u00a0cuando \u00a0se \u00a0profiri\u00f3 \u00a0la \u00a0sentencia \u00a0de \u00a0segunda instancia ya hab\u00eda \u00a0prescrito \u00a0la \u00a0acci\u00f3n \u00a0penal, \u00a0el \u00a0demandante \u00a0no tiene alternativa distinta de \u00a0acudir \u00a0a \u00a0la \u00a0causal \u00a0tercera \u00a0para \u00a0denunciar que el fallo se dict\u00f3 en juicio \u00a0viciado \u00a0de \u00a0nulidad \u00a0por \u00a0violaci\u00f3n del debido proceso, precisamente por haber \u00a0perdido \u00a0 \u00a0el \u00a0 \u00a0Estado \u00a0 \u00a0toda \u00a0 oficiosidad \u00a0 para \u00a0 seguir \u00a0 adelantando \u00a0 su \u00a0tr\u00e1mite. \u00a0\u00a0<\/p>\n<p>\u201cSucede \u00a0adem\u00e1s, que el demandante deja \u00a0de \u00a0tomar \u00a0en \u00a0cuenta \u00a0que la reducci\u00f3n de la pena por reintegro en los delitos \u00a0contra \u00a0la \u00a0administraci\u00f3n \u00a0p\u00fablica no genera la modificaci\u00f3n de los extremos \u00a0punitivos \u00a0establecidos \u00a0en \u00a0el correspondiente tipo penal, pues por tratarse de \u00a0un \u00a0fen\u00f3meno \u00a0postdelictual, \u00a0es \u00a0decir no vinculado a la facticidad materia de \u00a0investigaci\u00f3n \u00a0y \u00a0juzgamiento, \u00a0se \u00a0aplica solamente una vez individualizada la \u00a0sanci\u00f3n, \u00a0 \u00a0 sin \u00a0 \u00a0 repercusi\u00f3n \u00a0 \u00a0 ninguna \u00a0 \u00a0 en \u00a0 \u00a0 los \u00a0 \u00a0t\u00e9rminos \u00a0 \u00a0de \u00a0prescripci\u00f3n. \u00a0\u00a0<\/p>\n<p>\u201cCabe se\u00f1alar, con todo, que, de ser el \u00a0caso, \u00a0llegado \u00a0el momento de proferir el fallo de fondo en sede extraordinaria, \u00a0oficiosamente \u00a0la \u00a0Corte \u00a0aborde \u00a0el \u00a0tema \u00a0de \u00a0la \u00a0eventual prescripci\u00f3n de la \u00a0acci\u00f3n \u00a0penal, \u00a0sea con respecto a \u00e9ste o en relaci\u00f3n con uno o varios de los \u00a0dem\u00e1s \u00a0procesados, \u00a0pero \u00a0no \u00a0por \u00a0raz\u00f3n \u00a0del \u00a0reintegro total o parcial de lo \u00a0il\u00edcitamente \u00a0 apropiado, \u00a0 pues \u00a0 ello \u00a0 resulta \u00a0improcedente\u201d.\u00a0\u00a0 \u00a0\u00a0<\/p>\n<p>Lo \u00a0 anterior \u00a0significa, \u00a0que \u00a0el \u00a0cargo \u00a0planteado \u00a0por \u00a0el \u00a0ahora \u00a0peticionario, \u00a0no fue objeto de consideraci\u00f3n por la \u00a0Corte \u00a0en \u00a0el \u00a0fallo \u00a0de \u00a0fondo, \u00a0precisamente \u00a0por no cumplir los requisitos de \u00a0admisibilidad legalmente establecidos. \u00a0\u00a0<\/p>\n<p>2.- \u00a0En \u00a0los \u00a0fallos \u00a0de instancia, ninguna \u00a0alusi\u00f3n \u00a0se \u00a0hizo al presunto reintegro de lo apropiado, realizado a nombre del \u00a0procesado \u00a0ARMANDO \u00a0NEIRA SEP\u00daLVEDA, situaci\u00f3n que, \u00a0aunada \u00a0a \u00a0la inadmisi\u00f3n de la demanda de casaci\u00f3n, \u00a0relev\u00f3 \u00a0a \u00a0la Corte de estudiar el tema que de manera extempor\u00e1nea el defensor \u00a0propone. \u00a0\u00a0<\/p>\n<p>3.- El \u00a0 art\u00edculo \u00a0 412 \u00a0 de \u00a0 la \u00a0 Ley \u00a0 600 \u00a0de \u00a02000, \u00a0prev\u00e9 \u00a0 la \u00a0 irreformabilidad \u00a0 de \u00a0la \u00a0sentencia \u00a0por \u00a0el \u00a0mismo \u00a0funcionario \u00a0o \u00a0corporaci\u00f3n \u00a0que\u00a0 la \u00a0profiri\u00f3, \u00a0y \u00a0s\u00f3lo \u00a0establece de manera\u00a0 excepcional su \u00a0aclaraci\u00f3n \u00a0o \u00a0adici\u00f3n \u00a0\u201cen \u00a0caso \u00a0de \u00a0error \u00a0aritm\u00e9tico, \u00a0en el nombre del \u00a0procesado \u00a0o de omisi\u00f3n sustancial en la parte resolutiva\u201d, circunstancias en \u00a0las \u00a0cuales \u00a0se \u00a0proceder\u00e1 \u00a0de \u00a0inmediato \u00a0a \u00a0realizar \u00a0el \u00a0pronunciamiento que \u00a0corresponda. \u00a0\u00a0<\/p>\n<p>Como \u00a0en \u00a0el presente evento, la situaci\u00f3n \u00a0que \u00a0 \u00a0el \u00a0 \u00a0defensor \u00a0 \u00a0del \u00a0 \u00a0procesado \u00a0 \u00a0NEIRA \u00a0 \u00a0SEP\u00daLVEDA \u00a0 \u00a0propone, \u00a0no \u00a0corresponde a ninguno de \u00a0los \u00a0citados eventos, pues no se refiere a la presencia de un error aritm\u00e9tico, \u00a0de \u00a0una \u00a0omisi\u00f3n \u00a0sustancial en la parte resolutiva o de equivocaci\u00f3n\u00a0 en \u00a0cuanto \u00a0al \u00a0nombre \u00a0de \u00a0su \u00a0representado, \u00a0es claro que la solicitud de adici\u00f3n \u00a0resulta improcedente. \u00a0\u00a0<\/p>\n<p>4.- \u00a0Cabe anotar, no obstante, que lo\u00a0 \u00a0aqu\u00ed \u00a0expuesto \u00a0no significa en manera alguna que mediante este pronunciamiento \u00a0la \u00a0Corte \u00a0deniegue \u00a0la \u00a0solicitud \u00a0de \u00a0devoluci\u00f3n de los recursos de contenido \u00a0econ\u00f3mico \u00a0que \u00a0reclama, \u00a0menos \u00a0si \u00a0en el fallo de casaci\u00f3n se dispuso que el \u00a0Tribunal \u00a0de \u00a0origen \u00a0proceder\u00eda \u00a0a \u00a0cancelar \u00a0las \u00a0\u00f3rdenes \u00a0de \u00a0captura y las \u00a0cauciones \u00a0que \u00a0hubieren \u00a0prestado \u00a0los \u00a0acusados \u00a0en \u00a0cuyo favor se declar\u00f3 la \u00a0prescripci\u00f3n \u00a0de \u00a0la \u00a0acci\u00f3n \u00a0penal, \u00a0as\u00ed \u00a0como a levantar la prohibici\u00f3n de \u00a0salir \u00a0del \u00a0pa\u00eds \u00a0y \u00a0las \u00a0medidas \u00a0cautelares sobre \u00a0bienes \u00a0que \u00a0se encuentren vigentes, siendo todas ellas cuestiones accesorias al \u00a0fallo \u00a0de casaci\u00f3n y derivadas de \u00e9ste, siendo, por ende, consecuencia natural \u00a0del \u00a0sentido \u00a0de \u00a0\u00e9ste, \u00a0dentro de lo cual, obviamente cabr\u00eda la petici\u00f3n que \u00a0ahora se le formula a la Corte. \u00a0\u00a0<\/p>\n<p>Entonces, \u00a0al \u00a0resultar \u00a0improcedente \u00a0la \u00a0solicitud \u00a0de \u00a0adici\u00f3n del fallo de casaci\u00f3n, y subsistiendo la posibilidad de \u00a0elevar \u00a0 la \u00a0solicitud \u00a0de \u00a0devoluci\u00f3n \u00a0de \u00a0recursos \u00a0al \u00a0Tribunal \u00a0de \u00a0segunda \u00a0instancia, la Corte se pronunciar\u00e1 en consecuencia. \u00a0\u00a0<\/p>\n<p>En \u00a0m\u00e9rito \u00a0de \u00a0lo \u00a0expuesto, LA \u00a0CORTE SUPREMA DE JUSTICIA, SALA DE CASACI\u00d3N PENAL, \u00a0\u00a0<\/p>\n<p>RESUELVE: \u00a0\u00a0<\/p>\n<p>NO ACCEDER a la solicitud de adici\u00f3n de la \u00a0sentencia \u00a0 de \u00a0 casaci\u00f3n, \u00a0 por \u00a0 lo \u00a0anotado \u00a0en \u00a0la \u00a0parte \u00a0motiva \u00a0de \u00a0este \u00a0prove\u00eddo. \u00a0\u00a0<\/p>\n<p>Contra esta decisi\u00f3n no proceden recursos. \u00a0\u00a0<\/p>\n<p>COMUN\u00cdQUESE Y C\u00daMPLASE. \u00a0\u00a0<\/p>\n<p>JOS\u00c9 LEONIDAS BUSTOS MART\u00cdNEZ \u00a0<\/p>\n<p>JOS\u00c9 \u00a0 \u00a0 \u00a0 LUIS \u00a0 \u00a0 \u00a0 BARCEL\u00d3 \u00a0CAMACHO\u00a0\u00a0\u00a0\u00a0\u00a0\u00a0\u00a0\u00a0\u00a0\u00a0\u00a0\u00a0\u00a0\u00a0\u00a0\u00a0\u00a0\u00a0\u00a0\u00a0\u00a0\u00a0 \u00a0FERNANDO ALBERTO CASTRO CABALLERO \u00a0\u00a0<\/p>\n<p>SIGIFREDO \u00a0 \u00a0 \u00a0 \u00a0 ESPINOSA \u00a0P\u00c9REZ\u00a0\u00a0\u00a0\u00a0\u00a0\u00a0\u00a0\u00a0\u00a0\u00a0\u00a0\u00a0\u00a0\u00a0\u00a0\u00a0\u00a0\u00a0\u00a0\u00a0\u00a0\u00a0\u00a0\u00a0\u00a0\u00a0\u00a0\u00a0\u00a0 \u00a0MAR\u00cdA DEL ROSARIO GONZ\u00c1LEZ MU\u00d1OZ \u00a0\u00a0<\/p>\n<p>LUIS \u00a0 \u00a0 \u00a0GUILLERMO \u00a0 \u00a0 \u00a0SALAZAR \u00a0OTERO\u00a0\u00a0\u00a0\u00a0\u00a0\u00a0\u00a0\u00a0\u00a0\u00a0\u00a0\u00a0\u00a0\u00a0\u00a0\u00a0\u00a0\u00a0\u00a0\u00a0\u00a0\u00a0\u00a0\u00a0\u00a0\u00a0\u00a0 \u00a0JULIO ENRIQUE SOCHA SALAMANCA \u00a0\u00a0<\/p>\n<p>JAVIER DE JES\u00daS ZAPATA ORTIZ \u00a0<\/p>\n<p>NUBIA YOLANDA NOVA GARC\u00cdA \u00a0<\/p>\n<p>Secretaria \u00a0<\/p>\n<p>\u00a0 \u00a0\u00a0<\/p>\n<p>1 Fls. \u00a089 y ss. cno. 14 \u00a0\u00a0<\/p>\n<p>2 Fls. \u00a058 y ss. cno. 15 \u00a0\u00a0<\/p>\n<p>3 Fls. \u00a072 y ss. cno. 15 \u00a0\u00a0<\/p>\n<p>4 Fls. \u00a0105 y ss. cno. 15 \u00a0\u00a0<\/p>\n<p>5 Fls. \u00a0138 y ss. cno. 15 \u00a0\u00a0<\/p>\n<p>6 Fls. \u00a0162 y ss. cno. 15 \u00a0\u00a0<\/p>\n<p>7 Fls. \u00a0194 y ss. cno. 15 \u00a0\u00a0<\/p>\n<p>8 Fls. \u00a0103 y ss. cno. 1 Trib. \u00a0\u00a0<\/p>\n<p>9 \u00a0Fls.\u00a0 226 y ss. cno. 1 Trib. \u00a0\u00a0<\/p>\n<p>10 \u00a0Fls.\u00a0 202 y ss. cno. 1 Trib. \u00a0\u00a0<\/p>\n<p>11 \u00a0Fls. 210 cno. 1 Trib. \u00a0\u00a0<\/p>\n<p>12 \u00a0Fls. 208 cno. 1 Trib. \u00a0\u00a0<\/p>\n<p>13 \u00a0Fls. 223 cno. 1 Trib. \u00a0\u00a0<\/p>\n<p>14 \u00a0Fls. 214 cno. 1 Trib. \u00a0\u00a0<\/p>\n<p>15 \u00a0Fls. 220 cno. 1 Trib. \u00a0\u00a0<\/p>\n<p>16 \u00a0Fls. 221 cno. 1 Trib. \u00a0\u00a0<\/p>\n<p>17 \u00a0Fls. 222 cno. 1 Trib. \u00a0\u00a0<\/p>\n<p>18 \u00a0Fls. 224 cno. 1 Trib. \u00a0\u00a0<\/p>\n<p>19 \u00a0Fls. 259 cno. 1 Trib. \u00a0\u00a0<\/p>\n<p>20 \u00a0Fls. 262 y ss. cno. 1 Trib. \u00a0\u00a0<\/p>\n<p>21 \u00a0Fls. 109 cno. 2 Trib. \u00a0\u00a0<\/p>\n<p>22 \u00a0Fls. 5 y ss. cno. Corte. \u00a0\u00a0<\/p>\n<p>23 \u00a0Fls. 86 y ss. cno. Corte.\u00a0 \u00a0 \u00a0\u00a0<\/p>\n<p><\/p>\n","protected":false},"excerpt":{"rendered":"<p>\u00a0 \u00a0 CORTE SUPREMA DE JUSTICIA \u00a0 SALA \u00a0DE \u00a0CASACI\u00d3N \u00a0PENAL \u00a0\u00a0 Magistrado Ponente: \u00a0 JOS\u00c9 \u00a0LEONIDAS \u00a0BUSTOS \u00a0MART\u00cdNEZ \u00a0\u00a0 Aprobado \u00a0 \u00a0acta \u00a0 \u00a0No. \u00a0 \u00a0239 \u00a0\u00a0 Bogot\u00e1, \u00a0 \u00a0 D. \u00a0 \u00a0C., \u00a0 \u00a0veintisiete \u00a0 de \u00a0 junio \u00a0 de \u00a0 \u00a0 \u00a0dos \u00a0 \u00a0 mil \u00a0 \u00a0 doce. \u00a0\u00a0 Se pronuncia la [&hellip;]<\/p>\n","protected":false},"author":1,"featured_media":0,"comment_status":"open","ping_status":"open","sticky":false,"template":"","format":"standard","meta":{"footnotes":""},"categories":[20],"tags":[],"class_list":["post-24203","post","type-post","status-publish","format-standard","hentry","category-20"],"_links":{"self":[{"href":"https:\/\/dmsjuridica.com\/buscador_20179478954\/salapenalcronologico20230723\/wp-json\/wp\/v2\/posts\/24203","targetHints":{"allow":["GET"]}}],"collection":[{"href":"https:\/\/dmsjuridica.com\/buscador_20179478954\/salapenalcronologico20230723\/wp-json\/wp\/v2\/posts"}],"about":[{"href":"https:\/\/dmsjuridica.com\/buscador_20179478954\/salapenalcronologico20230723\/wp-json\/wp\/v2\/types\/post"}],"author":[{"embeddable":true,"href":"https:\/\/dmsjuridica.com\/buscador_20179478954\/salapenalcronologico20230723\/wp-json\/wp\/v2\/users\/1"}],"replies":[{"embeddable":true,"href":"https:\/\/dmsjuridica.com\/buscador_20179478954\/salapenalcronologico20230723\/wp-json\/wp\/v2\/comments?post=24203"}],"version-history":[{"count":0,"href":"https:\/\/dmsjuridica.com\/buscador_20179478954\/salapenalcronologico20230723\/wp-json\/wp\/v2\/posts\/24203\/revisions"}],"wp:attachment":[{"href":"https:\/\/dmsjuridica.com\/buscador_20179478954\/salapenalcronologico20230723\/wp-json\/wp\/v2\/media?parent=24203"}],"wp:term":[{"taxonomy":"category","embeddable":true,"href":"https:\/\/dmsjuridica.com\/buscador_20179478954\/salapenalcronologico20230723\/wp-json\/wp\/v2\/categories?post=24203"},{"taxonomy":"post_tag","embeddable":true,"href":"https:\/\/dmsjuridica.com\/buscador_20179478954\/salapenalcronologico20230723\/wp-json\/wp\/v2\/tags?post=24203"}],"curies":[{"name":"wp","href":"https:\/\/api.w.org\/{rel}","templated":true}]}}