{"id":24175,"date":"2023-09-12T17:21:36","date_gmt":"2023-09-12T17:21:36","guid":{"rendered":"https:\/\/dmsjuridica.com\/buscador_20179478954\/salapenalcronologico20230723\/2023\/09\/12\/3787925-01-12\/"},"modified":"2023-09-12T17:21:36","modified_gmt":"2023-09-12T17:21:36","slug":"3787925-01-12","status":"publish","type":"post","link":"https:\/\/dmsjuridica.com\/buscador_20179478954\/salapenalcronologico20230723\/2023\/09\/12\/3787925-01-12\/","title":{"rendered":"37879(25-01-12)"},"content":{"rendered":"\n<p>\u00a0 \u00a0 Proceso n.\u00ba 37879 \u00a0<\/p>\n<p>CORTE SUPREMA DE JUSTICIA \u00a0<\/p>\n<p>SALA \u00a0DE CASACI\u00d3N \u00a0PENAL \u00a0\u00a0<\/p>\n<p>Magistrado Ponente: \u00a0<\/p>\n<p>JOS\u00c9 \u00a0LEONIDAS \u00a0BUSTOS \u00a0MART\u00cdNEZ \u00a0\u00a0<\/p>\n<p>Aprobado \u00a0acta No. \u00a013\u00a0\u00a0 \u00a0\u00a0<\/p>\n<p>Bogot\u00e1, \u00a0 \u00a0 \u00a0D. \u00a0 \u00a0 C.,\u00a0 \u00a0 \u00a0 \u00a0 \u00a0 \u00a0 \u00a0veinticinco \u00a0 \u00a0 de \u00a0 \u00a0enero \u00a0 \u00a0de \u00a0 \u00a0dos \u00a0 \u00a0mil \u00a0 \u00a0doce. \u00a0\u00a0<\/p>\n<p>Se pronuncia la Corte sobre el desistimiento \u00a0del \u00a0recurso \u00a0de \u00a0casaci\u00f3n expresado por el defensor de la acusada ALBA CHAUX CRUZ. \u00a0\u00a0<\/p>\n<p>SE CONSIDERA: \u00a0<\/p>\n<p>1.- \u00a0El \u00a0defensor de la acusada ALBA \u00a0CHAUX \u00a0CRUZ \u00a0present\u00f3 \u00a0demanda de \u00a0casaci\u00f3n \u00a0contra \u00a0la \u00a0sentencia \u00a0de segunda instancia proferida por el Tribunal \u00a0Superior \u00a0del \u00a0Distrito \u00a0Judicial de Neiva el 2 de septiembre de 2011, a trav\u00e9s \u00a0de \u00a0la \u00a0cual \u00a0confirm\u00f3 \u00a0la \u00a0dictada \u00a0por \u00a0el Juzgado Tercero Penal del Circuito \u00a0Especializado \u00a0de \u00a0esa misma ciudad, por cuyo medio la conden\u00f3 por el delito de \u00a0fabricaci\u00f3n, \u00a0tr\u00e1fico \u00a0y \u00a0porte \u00a0de armas y municiones de uso privativo de las \u00a0fuerzas armadas. \u00a0\u00a0<\/p>\n<p>2.- \u00a0Hall\u00e1ndose \u00a0el \u00a0asunto \u00a0en \u00a0turno para \u00a0calificar \u00a0la \u00a0idoneidad \u00a0formal \u00a0y sustancial del libelo, el citado profesional \u00a0del \u00a0derecho \u00a0hizo \u00a0llegar \u00a0un \u00a0memorial, \u00a0mediante \u00a0el cual desiste del recurso \u00a0extraordinario.\u00a0 \u00a0\u00a0<\/p>\n<p>3.- \u00a0El art\u00edculo 199 de la Ley 906 de 2004, \u00a0establece \u00a0que quien haya interpuesto recurso de casaci\u00f3n puede desistir de \u00e9l \u00a0hasta antes de que la Sala se pronuncie al respecto. \u00a0\u00a0<\/p>\n<p>4.- \u00a0Como \u00a0quiera \u00a0que \u00a0en \u00a0forma \u00a0expresa y \u00a0motivada \u00a0el \u00a0defensor \u00a0t\u00e9cnico ha hecho conocer su decisi\u00f3n de\u00a0 desistir \u00a0del \u00a0recurso \u00a0de \u00a0casaci\u00f3n interpuesto, goza de legitimidad para renunciar a su \u00a0pretensi\u00f3n \u00a0impugnatoria \u00a0y \u00a0se \u00a0cumple \u00a0el \u00a0requerimiento \u00a0relacionado \u00a0con la \u00a0oportunidad \u00a0para \u00a0hacerlo, \u00a0la \u00a0Corte \u00a0acceder\u00e1 \u00a0a \u00a0su pretensi\u00f3n y ordenar\u00e1 \u00a0devolver \u00a0 \u00a0el \u00a0 \u00a0proceso \u00a0 \u00a0a \u00a0 la \u00a0 oficina \u00a0 de \u00a0 origen \u00a0 para \u00a0 los \u00a0 fines \u00a0pertinentes. \u00a0\u00a0<\/p>\n<p>En \u00a0m\u00e9rito de lo expuesto, LA CORTE SUPREMA \u00a0DE JUSTICIA, SALA DE CASACI\u00d3N PENAL, \u00a0\u00a0<\/p>\n<p>\u00a0 \u00a0\u00a0 \u00a0\u00a0 \u00a0\u00a0R E S U E L V E: \u00a0\u00a0<\/p>\n<p>ACEPTAR \u00a0 el \u00a0 desistimiento \u00a0del \u00a0recurso \u00a0de \u00a0casaci\u00f3n\u00a0 \u00a0 expresado \u00a0 por \u00a0 el \u00a0defensor \u00a0de la \u00a0acusada \u00a0 ALBA \u00a0 \u00a0CHAUX \u00a0 \u00a0CRUZ, \u00a0 \u00a0por lo anotado en la motivaci\u00f3n de este prove\u00eddo. \u00a0\u00a0<\/p>\n<p>Devu\u00e9lvase \u00a0la \u00a0actuaci\u00f3n \u00a0al \u00a0Tribunal de \u00a0origen. \u00a0\u00a0<\/p>\n<p>Notif\u00edquese \u00a0 \u00a0 \u00a0y \u00a0 \u00a0 c\u00famplase. \u00a0\u00a0<\/p>\n<p>JAVIER DE JES\u00daS ZAPATA ORTIZ \u00a0<\/p>\n<p>JOS\u00c9 \u00a0 \u00a0 \u00a0 LUIS \u00a0 \u00a0 \u00a0 BARCEL\u00d3 \u00a0CAMACHO\u00a0\u00a0\u00a0\u00a0\u00a0\u00a0\u00a0\u00a0\u00a0\u00a0\u00a0\u00a0\u00a0\u00a0\u00a0\u00a0\u00a0\u00a0 \u00a0JOS\u00c9 LEONIDAS BUSTOS MART\u00cdNEZ \u00a0\u00a0<\/p>\n<p>FERNANDO \u00a0 \u00a0 \u00a0ALBERTO \u00a0 \u00a0 \u00a0CASTRO \u00a0CABALLERO\u00a0\u00a0\u00a0\u00a0\u00a0\u00a0\u00a0\u00a0\u00a0\u00a0\u00a0\u00a0 \u00a0SIGIFREDO ESPINOSA P\u00c9REZ \u00a0\u00a0<\/p>\n<p>MAR\u00cdA \u00a0 \u00a0DEL \u00a0 \u00a0ROSARIO \u00a0 \u00a0GONZ\u00c1LEZ \u00a0MU\u00d1OZ\u00a0\u00a0\u00a0\u00a0\u00a0\u00a0\u00a0\u00a0\u00a0\u00a0\u00a0\u00a0\u00a0\u00a0 \u00a0AUGUSTO J. IB\u00c1\u00d1EZ GUZM\u00c1N \u00a0\u00a0<\/p>\n<p>LUIS \u00a0 \u00a0 \u00a0 GUILLERMO \u00a0 \u00a0 \u00a0SALAZAR \u00a0OTERO\u00a0\u00a0\u00a0\u00a0\u00a0\u00a0\u00a0\u00a0\u00a0\u00a0\u00a0\u00a0\u00a0 \u00a0JULIO ENRIQUE SOCHA SALAMANCA \u00a0\u00a0<\/p>\n<p>NUBIA YOLANDA NOVA GARC\u00cdA \u00a0<\/p>\n<p>Secretaria \u00a0 \u00a0<\/p>\n<p><\/p>\n","protected":false},"excerpt":{"rendered":"<p>\u00a0 \u00a0 Proceso n.\u00ba 37879 \u00a0 CORTE SUPREMA DE JUSTICIA \u00a0 SALA \u00a0DE CASACI\u00d3N \u00a0PENAL \u00a0\u00a0 Magistrado Ponente: \u00a0 JOS\u00c9 \u00a0LEONIDAS \u00a0BUSTOS \u00a0MART\u00cdNEZ \u00a0\u00a0 Aprobado \u00a0acta No. \u00a013\u00a0\u00a0 \u00a0\u00a0 Bogot\u00e1, \u00a0 \u00a0 \u00a0D. \u00a0 \u00a0 C.,\u00a0 \u00a0 \u00a0 \u00a0 \u00a0 \u00a0 \u00a0veinticinco \u00a0 \u00a0 de \u00a0 \u00a0enero \u00a0 \u00a0de \u00a0 \u00a0dos \u00a0 \u00a0mil \u00a0 \u00a0doce. [&hellip;]<\/p>\n","protected":false},"author":1,"featured_media":0,"comment_status":"open","ping_status":"open","sticky":false,"template":"","format":"standard","meta":{"footnotes":""},"categories":[20],"tags":[],"class_list":["post-24175","post","type-post","status-publish","format-standard","hentry","category-20"],"_links":{"self":[{"href":"https:\/\/dmsjuridica.com\/buscador_20179478954\/salapenalcronologico20230723\/wp-json\/wp\/v2\/posts\/24175","targetHints":{"allow":["GET"]}}],"collection":[{"href":"https:\/\/dmsjuridica.com\/buscador_20179478954\/salapenalcronologico20230723\/wp-json\/wp\/v2\/posts"}],"about":[{"href":"https:\/\/dmsjuridica.com\/buscador_20179478954\/salapenalcronologico20230723\/wp-json\/wp\/v2\/types\/post"}],"author":[{"embeddable":true,"href":"https:\/\/dmsjuridica.com\/buscador_20179478954\/salapenalcronologico20230723\/wp-json\/wp\/v2\/users\/1"}],"replies":[{"embeddable":true,"href":"https:\/\/dmsjuridica.com\/buscador_20179478954\/salapenalcronologico20230723\/wp-json\/wp\/v2\/comments?post=24175"}],"version-history":[{"count":0,"href":"https:\/\/dmsjuridica.com\/buscador_20179478954\/salapenalcronologico20230723\/wp-json\/wp\/v2\/posts\/24175\/revisions"}],"wp:attachment":[{"href":"https:\/\/dmsjuridica.com\/buscador_20179478954\/salapenalcronologico20230723\/wp-json\/wp\/v2\/media?parent=24175"}],"wp:term":[{"taxonomy":"category","embeddable":true,"href":"https:\/\/dmsjuridica.com\/buscador_20179478954\/salapenalcronologico20230723\/wp-json\/wp\/v2\/categories?post=24175"},{"taxonomy":"post_tag","embeddable":true,"href":"https:\/\/dmsjuridica.com\/buscador_20179478954\/salapenalcronologico20230723\/wp-json\/wp\/v2\/tags?post=24175"}],"curies":[{"name":"wp","href":"https:\/\/api.w.org\/{rel}","templated":true}]}}